{"id":97807,"date":"2026-03-16T10:03:23","date_gmt":"2026-03-16T09:03:23","guid":{"rendered":"https:\/\/ru.law\/?p=97807"},"modified":"2026-03-16T10:03:24","modified_gmt":"2026-03-16T09:03:24","slug":"bgh-urteil-zu-vaxzevria","status":"publish","type":"post","link":"https:\/\/ru.law\/nl\/bgh-urteil-zu-vaxzevria\/","title":{"rendered":"Uitspraak van het Federale Hof van Justitie in de Vaxzevria-zaak \u2013 Wat vaccinatieslachtoffers nu moeten weten"},"content":{"rendered":"<p><strong>Op 9 maart 2026 heeft het Federale Hof van Justitie de juridische positie versterkt van mensen die gezondheidsschade hebben opgelopen na een Vaxzevria-vaccinatie.<\/strong><\/p>\n\n\n\n<p>Op 9 maart 2026 heeft het Duitse Federale Hof van Justitie (Bundesgerichtshof) een baanbrekende uitspraak gedaan over farmaceutische aansprakelijkheid na vaccinaties met Vaxzevria (zaaknummer VI ZR 335\/24). De uitspraak betreft de vereisten voor het recht op informatie op grond van artikel 84a van de Duitse Geneesmiddelenwet (AMG) en de vordering tot schadevergoeding op grond van artikel 84 AMG. Rogert &amp; Ulbrich vertegenwoordigt cli\u00ebnten in heel Duitsland in zaken betreffende vaccinatieschade en volgt deze ontwikkelingen in de jurisprudentie op de voet.<\/p>\n\n\n\n<h2 class=\"wp-block-heading\" id=\"h-der-sachverhalt-horsturz-drei-tage-nach-der-impfung\">De feiten: Plotseling gehoorverlies drie dagen na vaccinatie<\/h2>\n\n\n\n<p>Een 40-jarige tandarts werd op 5 maart 2021 gevaccineerd met het COVID-19-vaccin Vaxzevria. Direct na de vaccinatie voelde ze een tintelend gevoel in haar linkerhand. Drie dagen later verloor ze haar gehoor volledig aan haar rechteroor, gepaard met tinnitus, loopstoornissen en gevoelloosheid. Het universitair ziekenhuis stelde de diagnose idiopathisch plotseling gehoorverlies. Herstel van haar gehoor wordt niet verwacht.<\/p>\n\n\n\n<p>De eiseres eiste informatie en schadevergoeding van farmaceutisch bedrijf AstraZeneca. De rechtbank van Mainz en het gerechtshof van Koblenz verwierpen de vordering. Het federale hof van justitie vernietigde het vonnis in hoger beroep en verwees de zaak terug.<\/p>\n\n\n\n<p>Heeft u gezondheidsproblemen ondervonden na een Vaxzevria-vaccinatie? Laat uw geval beoordelen voordat de termijnen verstrijken.<\/p>\n\n\n\n<h2 class=\"wp-block-heading\" id=\"h-was-das-gericht-entschieden-hat\">Wat de rechtbank heeft besloten<\/h2>\n\n\n\n<p>De rechtbank heeft een aantal belangrijke punten verduidelijkt die van toepassing zijn op alle betrokkenen.<\/p>\n\n\n\n<p>Ten eerste: u hoeft niet te bewijzen dat het vaccin uw letsel heeft veroorzaakt. Het is voldoende als het aannemelijk is \u2013 dat wil zeggen, begrijpelijk. De rechtbank heeft expliciet gesteld dat u, zelfs als er momenteel meer bewijs is dat het vaccin niet de oorzaak is dan dat het ervoor pleit, nog steeds informatie kunt opvragen.<\/p>\n\n\n\n<p>Ten tweede, als er een nauw tijdsverband bestaat tussen vaccinatie en ziekte en er geen andere oorzaak kan worden aangetoond, gaat de wet ervan uit dat het vaccin de schuldige is. De fabrikant moet dan bewijzen dat er iets anders aan de hand was \u2013 iets concreets.<\/p>\n\n\n\n<p>Ten derde: de artsen stelden bij de eiser de diagnose &quot;idiopathisch plotseling gehoorverlies&quot;. Dit betekent alleen dat de oorzaak medisch niet definitief is vastgesteld. De rechtbank verduidelijkt: dit is geen bewijs dat het vaccin niet de schuldige was. Het betekent slechts dat dit niet met zekerheid kan worden vastgesteld.<\/p>\n\n\n\n<p>Dit is goed nieuws voor alle betrokkenen. Neem contact met ons op \u2013 we bekijken uw individuele situatie.<\/p>\n\n\n\n<h2 class=\"wp-block-heading\" id=\"h-welche-informationen-konnen-sie-vom-hersteller-verlangen\">Welke informatie kunt u bij de fabrikant opvragen?<\/h2>\n\n\n\n<p>Voordat men een schadevergoeding eist, heeft men het recht om informatie op te vragen bij het farmaceutisch bedrijf: Wat wist het bedrijf over de risico&#039;s van het vaccin? Welke bijwerkingen werden gemeld?<\/p>\n\n\n\n<p>Eerdere rechtbanken hebben dit recht vaak beperkt door te oordelen dat informatie alleen beschikbaar is over bijwerkingen die precies overeenkomen met iemands eigen medische toestand. Het Bundesgerichtshof heeft nu duidelijk gesteld: dit is onjuist. U kunt uitgebreide informatie eisen \u2013 over alle bekende risico&#039;s van het vaccin, inclusief die welke andere pati\u00ebnten treffen. Alleen wie het grotere geheel begrijpt, kan beoordelen of een geneesmiddel over het algemeen meer kwaad dan goed doet.<\/p>\n\n\n\n<p>Onderteken geen schikkingen en accepteer geen afwijzingen voordat u uw recht op informatie hebt uitgeoefend.<\/p>\n\n\n\n<h2 class=\"wp-block-heading\" id=\"h-was-ist-mit-der-offiziellen-zulassung-des-impfstoffs\">En hoe zit het met de offici\u00eble goedkeuring van het vaccin?<\/h2>\n\n\n\n<p>Vaxzevria is officieel goedgekeurd door de Europese Unie. Veel rechtbanken hebben dit als argument gebruikt: offici\u00eble goedkeuring betekent dat het vaccin veilig is \u2013 en dat er daarom geen schadevergoeding ge\u00ebist kan worden.<\/p>\n\n\n\n<p>Het Federale Hof van Justitie ziet de zaken anders. Toelating is een beslissing gebaseerd op de stand van de kennis op het moment zelf. Voor een schadeclaim is wat telt wat de wetenschap vandaag de dag weet. En een rechter moet deze actuele stand van de kennis vaststellen door middel van een onafhankelijke deskundige \u2013 niet door te verwijzen naar oude offici\u00eble beoordelingen.<\/p>\n\n\n\n<p>Het hogere regionale gerechtshof van Koblenz had dat juist nagelaten \u2013 en daarom werd zijn vonnis vernietigd.<\/p>\n\n\n\n<p>Als u van mening bent dat uw procedure gebaseerd is op verouderde principes, laat de beslissing dan herzien.<\/p>\n\n\n\n<h2 class=\"wp-block-heading\" id=\"h-was-bedeutet-das-fur-sie-personlich\">Wat betekent dat persoonlijk voor jou?<\/h2>\n\n\n\n<p>Als u ziek bent geworden na een vaccinatie tegen zebliothecaris en eerder dacht dat u geen juridische mogelijkheden had, is het raadzaam uw situatie opnieuw te laten beoordelen. Dit is vooral belangrijk als uw arts de ziekte heeft geclassificeerd als &quot;zonder aantoonbare oorzaak&quot;, als een rechtszaak al is afgewezen of als u nog geen juridisch advies hebt ingewonnen.<\/p>\n\n\n\n<p>Belangrijk: Er gelden termijnen voor het indienen van schadeclaims. Iedereen die in 2021 is gevaccineerd en al vroeg op de hoogte is gesteld van de schade, moet niet langer wachten.<\/p>\n\n\n\n<p>Lezen <a href=\"https:\/\/ru.law\/wp-content\/uploads\/2026\/03\/VI_ZR_335-24.pdf\">hier <\/a>het volledige vonnis.<\/p>\n\n\n\n<h2 class=\"wp-block-heading\" id=\"h-rogert-amp-ulbrich-ihre-anwalte-bei-impfschadenssachen\"><strong>Rogert &amp; Ulbrich \u2013 Uw advocaten voor gevallen van vaccinatieschade<\/strong><\/h2>\n\n\n\n<p>Dr. Marco Rogert en Tobias Ulbrich zijn gespecialiseerd in schadeclaims op grond van de Duitse Geneesmiddelenwet. Sinds 2021 vertegenwoordigt advocatenkantoor Rogert &amp; Ulbrich personen in heel Duitsland die gezondheidsproblemen hebben ondervonden na een Vaxzevria-vaccinatie en volgt het de jurisprudentie op dit gebied continu.<\/p>\n\n\n\n<p>Rogert &amp; Ulbrich onderzoekt of en hoe een vordering tot informatie of schadevergoeding namens u kan worden afgedwongen \u2013 zowel buiten als binnen de rechtbank. Daarbij werken we samen met medische deskundigen die de individuele omstandigheden van uw zaak beoordelen.<\/p>\n\n\n\n<p>Wilt u weten of u recht heeft op een uitkering? Neem contact met ons op en dien uw aanvraag in.<\/p>","protected":false},"excerpt":{"rendered":"<p>Der Bundesgerichtshof hat am 9. M\u00e4rz 2026 die Rechtsposition von Personen gest\u00e4rkt, die nach einer Vaxzevria-Impfung gesundheitliche Sch\u00e4den erlitten haben. Am 9. M\u00e4rz 2026 hat [&hellip;]<\/p>\n","protected":false},"author":2,"featured_media":97809,"comment_status":"closed","ping_status":"open","sticky":false,"template":"","format":"standard","meta":{"_uag_custom_page_level_css":"","site-sidebar-layout":"default","site-content-layout":"","ast-site-content-layout":"default","site-content-style":"default","site-sidebar-style":"default","ast-global-header-display":"","ast-banner-title-visibility":"","ast-main-header-display":"","ast-hfb-above-header-display":"","ast-hfb-below-header-display":"","ast-hfb-mobile-header-display":"","site-post-title":"","ast-breadcrumbs-content":"","ast-featured-img":"","footer-sml-layout":"","ast-disable-related-posts":"","theme-transparent-header-meta":"","adv-header-id-meta":"","stick-header-meta":"","header-above-stick-meta":"","header-main-stick-meta":"","header-below-stick-meta":"","astra-migrate-meta-layouts":"set","ast-page-background-enabled":"default","ast-page-background-meta":{"desktop":{"background-color":"","background-image":"","background-repeat":"repeat","background-position":"center center","background-size":"auto","background-attachment":"scroll","background-type":"","background-media":"","overlay-type":"","overlay-color":"","overlay-opacity":"","overlay-gradient":""},"tablet":{"background-color":"","background-image":"","background-repeat":"repeat","background-position":"center center","background-size":"auto","background-attachment":"scroll","background-type":"","background-media":"","overlay-type":"","overlay-color":"","overlay-opacity":"","overlay-gradient":""},"mobile":{"background-color":"","background-image":"","background-repeat":"repeat","background-position":"center center","background-size":"auto","background-attachment":"scroll","background-type":"","background-media":"","overlay-type":"","overlay-color":"","overlay-opacity":"","overlay-gradient":""}},"ast-content-background-meta":{"desktop":{"background-color":"var(--ast-global-color-5)","background-image":"","background-repeat":"repeat","background-position":"center center","background-size":"auto","background-attachment":"scroll","background-type":"","background-media":"","overlay-type":"","overlay-color":"","overlay-opacity":"","overlay-gradient":""},"tablet":{"background-color":"var(--ast-global-color-5)","background-image":"","background-repeat":"repeat","background-position":"center center","background-size":"auto","background-attachment":"scroll","background-type":"","background-media":"","overlay-type":"","overlay-color":"","overlay-opacity":"","overlay-gradient":""},"mobile":{"background-color":"var(--ast-global-color-5)","background-image":"","background-repeat":"repeat","background-position":"center center","background-size":"auto","background-attachment":"scroll","background-type":"","background-media":"","overlay-type":"","overlay-color":"","overlay-opacity":"","overlay-gradient":""}},"footnotes":""},"categories":[1455],"tags":[1458,1457,37,1456],"class_list":["post-97807","post","type-post","status-publish","format-standard","has-post-thumbnail","hentry","category-impfschaeden","tag-corona-impfung","tag-impfschaden","tag-schadensersatz","tag-vaxzevria"],"yoast_head":"<!-- This site is optimized with the Yoast SEO Premium plugin v27.4 (Yoast SEO v27.4) - https:\/\/yoast.com\/product\/yoast-seo-premium-wordpress\/ -->\n<title>Vaxzevria-Impfschaden: BGH st\u00e4rkt Rechte Betroffener<\/title>\n<meta name=\"description\" content=\"Nach Vaxzevria krank geworden? Der BGH hat im M\u00e4rz 2026 die Rechte Betroffener deutlich gest\u00e4rkt. Wir erkl\u00e4ren, was das f\u00fcr Sie bedeutet.\" \/>\n<meta name=\"robots\" content=\"index, follow, max-snippet:-1, max-image-preview:large, max-video-preview:-1\" \/>\n<link rel=\"canonical\" href=\"https:\/\/ru.law\/nl\/bgh-urteil-zu-vaxzevria\/\" \/>\n<meta property=\"og:locale\" content=\"nl_NL\" \/>\n<meta property=\"og:type\" content=\"article\" \/>\n<meta property=\"og:title\" content=\"BGH-Urteil zu Vaxzevria \u2013 Was Impfgesch\u00e4digte jetzt wissen m\u00fcssen\" \/>\n<meta property=\"og:description\" content=\"Nach Vaxzevria krank geworden? Der BGH hat im M\u00e4rz 2026 die Rechte Betroffener deutlich gest\u00e4rkt. Wir erkl\u00e4ren, was das f\u00fcr Sie bedeutet.\" \/>\n<meta property=\"og:url\" content=\"https:\/\/ru.law\/nl\/bgh-urteil-zu-vaxzevria\/\" \/>\n<meta property=\"og:site_name\" content=\"R&amp;U\" \/>\n<meta property=\"article:publisher\" content=\"https:\/\/www.facebook.com\/RogertUlbrich\/\" \/>\n<meta property=\"article:published_time\" content=\"2026-03-16T09:03:23+00:00\" \/>\n<meta property=\"article:modified_time\" content=\"2026-03-16T09:03:24+00:00\" \/>\n<meta property=\"og:image\" content=\"https:\/\/ru.law\/wp-content\/uploads\/2026\/03\/AdobeStock_372197442-scaled.jpeg\" \/>\n\t<meta property=\"og:image:width\" content=\"2560\" \/>\n\t<meta property=\"og:image:height\" content=\"1440\" \/>\n\t<meta property=\"og:image:type\" content=\"image\/jpeg\" \/>\n<meta name=\"author\" content=\"Stefan Selge\" \/>\n<meta name=\"twitter:card\" content=\"summary_large_image\" \/>\n<meta name=\"twitter:creator\" content=\"@RogertUlbrich\" \/>\n<meta name=\"twitter:site\" content=\"@RogertUlbrich\" \/>\n<script type=\"application\/ld+json\" class=\"yoast-schema-graph\">{\"@context\":\"https:\\\/\\\/schema.org\",\"@graph\":[{\"@type\":\"Article\",\"@id\":\"https:\\\/\\\/ru.law\\\/bgh-urteil-zu-vaxzevria\\\/#article\",\"isPartOf\":{\"@id\":\"https:\\\/\\\/ru.law\\\/bgh-urteil-zu-vaxzevria\\\/\"},\"author\":{\"name\":\"Stefan Selge\",\"@id\":\"https:\\\/\\\/ru.law\\\/#\\\/schema\\\/person\\\/10e5b85e615f8a9d0bb96174432e1e1a\"},\"headline\":\"BGH-Urteil zu Vaxzevria \u2013 Was Impfgesch\u00e4digte jetzt wissen m\u00fcssen\",\"datePublished\":\"2026-03-16T09:03:23+00:00\",\"dateModified\":\"2026-03-16T09:03:24+00:00\",\"mainEntityOfPage\":{\"@id\":\"https:\\\/\\\/ru.law\\\/bgh-urteil-zu-vaxzevria\\\/\"},\"wordCount\":811,\"publisher\":{\"@id\":\"https:\\\/\\\/ru.law\\\/#organization\"},\"image\":{\"@id\":\"https:\\\/\\\/ru.law\\\/bgh-urteil-zu-vaxzevria\\\/#primaryimage\"},\"thumbnailUrl\":\"https:\\\/\\\/ru.law\\\/wp-content\\\/uploads\\\/2026\\\/03\\\/AdobeStock_372197442-scaled.jpeg\",\"keywords\":[\"Corona-Impfung\",\"Impfschaden\",\"Schadensersatz\",\"Vaxzevria\"],\"articleSection\":[\"Impfsch\u00e4den\"],\"inLanguage\":\"nl-NL\"},{\"@type\":\"WebPage\",\"@id\":\"https:\\\/\\\/ru.law\\\/bgh-urteil-zu-vaxzevria\\\/\",\"url\":\"https:\\\/\\\/ru.law\\\/bgh-urteil-zu-vaxzevria\\\/\",\"name\":\"Vaxzevria-Impfschaden: BGH st\u00e4rkt Rechte Betroffener\",\"isPartOf\":{\"@id\":\"https:\\\/\\\/ru.law\\\/#website\"},\"primaryImageOfPage\":{\"@id\":\"https:\\\/\\\/ru.law\\\/bgh-urteil-zu-vaxzevria\\\/#primaryimage\"},\"image\":{\"@id\":\"https:\\\/\\\/ru.law\\\/bgh-urteil-zu-vaxzevria\\\/#primaryimage\"},\"thumbnailUrl\":\"https:\\\/\\\/ru.law\\\/wp-content\\\/uploads\\\/2026\\\/03\\\/AdobeStock_372197442-scaled.jpeg\",\"datePublished\":\"2026-03-16T09:03:23+00:00\",\"dateModified\":\"2026-03-16T09:03:24+00:00\",\"description\":\"Nach Vaxzevria krank geworden? Der BGH hat im M\u00e4rz 2026 die Rechte Betroffener deutlich gest\u00e4rkt. Wir erkl\u00e4ren, was das f\u00fcr Sie bedeutet.\",\"breadcrumb\":{\"@id\":\"https:\\\/\\\/ru.law\\\/bgh-urteil-zu-vaxzevria\\\/#breadcrumb\"},\"inLanguage\":\"nl-NL\",\"potentialAction\":[{\"@type\":\"ReadAction\",\"target\":[\"https:\\\/\\\/ru.law\\\/bgh-urteil-zu-vaxzevria\\\/\"]}]},{\"@type\":\"ImageObject\",\"inLanguage\":\"nl-NL\",\"@id\":\"https:\\\/\\\/ru.law\\\/bgh-urteil-zu-vaxzevria\\\/#primaryimage\",\"url\":\"https:\\\/\\\/ru.law\\\/wp-content\\\/uploads\\\/2026\\\/03\\\/AdobeStock_372197442-scaled.jpeg\",\"contentUrl\":\"https:\\\/\\\/ru.law\\\/wp-content\\\/uploads\\\/2026\\\/03\\\/AdobeStock_372197442-scaled.jpeg\",\"width\":2560,\"height\":1440,\"caption\":\"The syringe with the vaccination bottle against the coronavirus. 3d illustration.\"},{\"@type\":\"BreadcrumbList\",\"@id\":\"https:\\\/\\\/ru.law\\\/bgh-urteil-zu-vaxzevria\\\/#breadcrumb\",\"itemListElement\":[{\"@type\":\"ListItem\",\"position\":1,\"name\":\"Startseite\",\"item\":\"https:\\\/\\\/ru.law\\\/\"},{\"@type\":\"ListItem\",\"position\":2,\"name\":\"BGH-Urteil zu Vaxzevria \u2013 Was Impfgesch\u00e4digte jetzt wissen m\u00fcssen\"}]},{\"@type\":\"WebSite\",\"@id\":\"https:\\\/\\\/ru.law\\\/#website\",\"url\":\"https:\\\/\\\/ru.law\\\/\",\"name\":\"R&U\",\"description\":\"Verbraucheranw\u00e4lte\",\"publisher\":{\"@id\":\"https:\\\/\\\/ru.law\\\/#organization\"},\"alternateName\":\"Rogert & Ulbrich\",\"potentialAction\":[{\"@type\":\"SearchAction\",\"target\":{\"@type\":\"EntryPoint\",\"urlTemplate\":\"https:\\\/\\\/ru.law\\\/?s={search_term_string}\"},\"query-input\":{\"@type\":\"PropertyValueSpecification\",\"valueRequired\":true,\"valueName\":\"search_term_string\"}}],\"inLanguage\":\"nl-NL\"},{\"@type\":\"Organization\",\"@id\":\"https:\\\/\\\/ru.law\\\/#organization\",\"name\":\"Kanzlei Rogert & Ulbrich\",\"url\":\"https:\\\/\\\/ru.law\\\/\",\"logo\":{\"@type\":\"ImageObject\",\"inLanguage\":\"nl-NL\",\"@id\":\"https:\\\/\\\/ru.law\\\/#\\\/schema\\\/logo\\\/image\\\/\",\"url\":\"https:\\\/\\\/ru.law\\\/wp-content\\\/uploads\\\/2020\\\/12\\\/logo-ru-law.svg\",\"contentUrl\":\"https:\\\/\\\/ru.law\\\/wp-content\\\/uploads\\\/2020\\\/12\\\/logo-ru-law.svg\",\"width\":992,\"height\":259,\"caption\":\"Kanzlei Rogert & Ulbrich\"},\"image\":{\"@id\":\"https:\\\/\\\/ru.law\\\/#\\\/schema\\\/logo\\\/image\\\/\"},\"sameAs\":[\"https:\\\/\\\/www.facebook.com\\\/RogertUlbrich\\\/\",\"https:\\\/\\\/x.com\\\/RogertUlbrich\",\"https:\\\/\\\/www.instagram.com\\\/rogertulbrich\\\/\",\"https:\\\/\\\/www.linkedin.com\\\/company\\\/rogert-ulbrich\\\/\",\"https:\\\/\\\/www.youtube.com\\\/channel\\\/UCganCgpvwpPFqMFf1vVmG2A\"]},{\"@type\":\"Person\",\"@id\":\"https:\\\/\\\/ru.law\\\/#\\\/schema\\\/person\\\/10e5b85e615f8a9d0bb96174432e1e1a\",\"name\":\"Stefan Selge\",\"url\":\"https:\\\/\\\/ru.law\\\/nl\\\/author\\\/selge\\\/\"}]}<\/script>\n<!-- \/ Yoast SEO Premium plugin. -->","yoast_head_json":{"title":"Schade door het Vaxzevria-vaccin: Federale rechtbank versterkt de rechten van de getroffenen","description":"Bent u ziek geworden na vaccinatie met Vaxzevria? In maart 2026 heeft het Duitse Federale Hof van Justitie (BGH) de rechten van de getroffenen aanzienlijk versterkt. Wij leggen uit wat dit voor u betekent.","robots":{"index":"index","follow":"follow","max-snippet":"max-snippet:-1","max-image-preview":"max-image-preview:large","max-video-preview":"max-video-preview:-1"},"canonical":"https:\/\/ru.law\/nl\/bgh-urteil-zu-vaxzevria\/","og_locale":"nl_NL","og_type":"article","og_title":"BGH-Urteil zu Vaxzevria \u2013 Was Impfgesch\u00e4digte jetzt wissen m\u00fcssen","og_description":"Nach Vaxzevria krank geworden? Der BGH hat im M\u00e4rz 2026 die Rechte Betroffener deutlich gest\u00e4rkt. Wir erkl\u00e4ren, was das f\u00fcr Sie bedeutet.","og_url":"https:\/\/ru.law\/nl\/bgh-urteil-zu-vaxzevria\/","og_site_name":"R&amp;U","article_publisher":"https:\/\/www.facebook.com\/RogertUlbrich\/","article_published_time":"2026-03-16T09:03:23+00:00","article_modified_time":"2026-03-16T09:03:24+00:00","og_image":[{"width":2560,"height":1440,"url":"https:\/\/ru.law\/wp-content\/uploads\/2026\/03\/AdobeStock_372197442-scaled.jpeg","type":"image\/jpeg"}],"author":"Stefan Selge","twitter_card":"summary_large_image","twitter_creator":"@RogertUlbrich","twitter_site":"@RogertUlbrich","schema":{"@context":"https:\/\/schema.org","@graph":[{"@type":"Article","@id":"https:\/\/ru.law\/bgh-urteil-zu-vaxzevria\/#article","isPartOf":{"@id":"https:\/\/ru.law\/bgh-urteil-zu-vaxzevria\/"},"author":{"name":"Stefan Selge","@id":"https:\/\/ru.law\/#\/schema\/person\/10e5b85e615f8a9d0bb96174432e1e1a"},"headline":"BGH-Urteil zu Vaxzevria \u2013 Was Impfgesch\u00e4digte jetzt wissen m\u00fcssen","datePublished":"2026-03-16T09:03:23+00:00","dateModified":"2026-03-16T09:03:24+00:00","mainEntityOfPage":{"@id":"https:\/\/ru.law\/bgh-urteil-zu-vaxzevria\/"},"wordCount":811,"publisher":{"@id":"https:\/\/ru.law\/#organization"},"image":{"@id":"https:\/\/ru.law\/bgh-urteil-zu-vaxzevria\/#primaryimage"},"thumbnailUrl":"https:\/\/ru.law\/wp-content\/uploads\/2026\/03\/AdobeStock_372197442-scaled.jpeg","keywords":["Corona-Impfung","Impfschaden","Schadensersatz","Vaxzevria"],"articleSection":["Impfsch\u00e4den"],"inLanguage":"nl-NL"},{"@type":"WebPage","@id":"https:\/\/ru.law\/bgh-urteil-zu-vaxzevria\/","url":"https:\/\/ru.law\/bgh-urteil-zu-vaxzevria\/","name":"Schade door het Vaxzevria-vaccin: Federale rechtbank versterkt de rechten van de getroffenen","isPartOf":{"@id":"https:\/\/ru.law\/#website"},"primaryImageOfPage":{"@id":"https:\/\/ru.law\/bgh-urteil-zu-vaxzevria\/#primaryimage"},"image":{"@id":"https:\/\/ru.law\/bgh-urteil-zu-vaxzevria\/#primaryimage"},"thumbnailUrl":"https:\/\/ru.law\/wp-content\/uploads\/2026\/03\/AdobeStock_372197442-scaled.jpeg","datePublished":"2026-03-16T09:03:23+00:00","dateModified":"2026-03-16T09:03:24+00:00","description":"Bent u ziek geworden na vaccinatie met Vaxzevria? In maart 2026 heeft het Duitse Federale Hof van Justitie (BGH) de rechten van de getroffenen aanzienlijk versterkt. Wij leggen uit wat dit voor u betekent.","breadcrumb":{"@id":"https:\/\/ru.law\/bgh-urteil-zu-vaxzevria\/#breadcrumb"},"inLanguage":"nl-NL","potentialAction":[{"@type":"ReadAction","target":["https:\/\/ru.law\/bgh-urteil-zu-vaxzevria\/"]}]},{"@type":"ImageObject","inLanguage":"nl-NL","@id":"https:\/\/ru.law\/bgh-urteil-zu-vaxzevria\/#primaryimage","url":"https:\/\/ru.law\/wp-content\/uploads\/2026\/03\/AdobeStock_372197442-scaled.jpeg","contentUrl":"https:\/\/ru.law\/wp-content\/uploads\/2026\/03\/AdobeStock_372197442-scaled.jpeg","width":2560,"height":1440,"caption":"The syringe with the vaccination bottle against the coronavirus. 3d illustration."},{"@type":"BreadcrumbList","@id":"https:\/\/ru.law\/bgh-urteil-zu-vaxzevria\/#breadcrumb","itemListElement":[{"@type":"ListItem","position":1,"name":"Startseite","item":"https:\/\/ru.law\/"},{"@type":"ListItem","position":2,"name":"BGH-Urteil zu Vaxzevria \u2013 Was Impfgesch\u00e4digte jetzt wissen m\u00fcssen"}]},{"@type":"WebSite","@id":"https:\/\/ru.law\/#website","url":"https:\/\/ru.law\/","name":"R&amp;U","description":"Consumentenadvocaten","publisher":{"@id":"https:\/\/ru.law\/#organization"},"alternateName":"Rogert & Ulbrich","potentialAction":[{"@type":"SearchAction","target":{"@type":"EntryPoint","urlTemplate":"https:\/\/ru.law\/?s={search_term_string}"},"query-input":{"@type":"PropertyValueSpecification","valueRequired":true,"valueName":"search_term_string"}}],"inLanguage":"nl-NL"},{"@type":"Organization","@id":"https:\/\/ru.law\/#organization","name":"Advocatenkantoor Rogert &amp; Ulbrich","url":"https:\/\/ru.law\/","logo":{"@type":"ImageObject","inLanguage":"nl-NL","@id":"https:\/\/ru.law\/#\/schema\/logo\/image\/","url":"https:\/\/ru.law\/wp-content\/uploads\/2020\/12\/logo-ru-law.svg","contentUrl":"https:\/\/ru.law\/wp-content\/uploads\/2020\/12\/logo-ru-law.svg","width":992,"height":259,"caption":"Kanzlei Rogert & Ulbrich"},"image":{"@id":"https:\/\/ru.law\/#\/schema\/logo\/image\/"},"sameAs":["https:\/\/www.facebook.com\/RogertUlbrich\/","https:\/\/x.com\/RogertUlbrich","https:\/\/www.instagram.com\/rogertulbrich\/","https:\/\/www.linkedin.com\/company\/rogert-ulbrich\/","https:\/\/www.youtube.com\/channel\/UCganCgpvwpPFqMFf1vVmG2A"]},{"@type":"Person","@id":"https:\/\/ru.law\/#\/schema\/person\/10e5b85e615f8a9d0bb96174432e1e1a","name":"Stefan Selge","url":"https:\/\/ru.law\/nl\/author\/selge\/"}]}},"uagb_featured_image_src":{"full":["https:\/\/ru.law\/wp-content\/uploads\/2026\/03\/AdobeStock_372197442-scaled.jpeg",2560,1440,false],"thumbnail":["https:\/\/ru.law\/wp-content\/uploads\/2026\/03\/AdobeStock_372197442-scaled.jpeg",128,72,false],"medium":["https:\/\/ru.law\/wp-content\/uploads\/2026\/03\/AdobeStock_372197442-scaled.jpeg",2560,1440,false],"medium_large":["https:\/\/ru.law\/wp-content\/uploads\/2026\/03\/AdobeStock_372197442-768x432.jpeg",768,432,true],"large":["https:\/\/ru.law\/wp-content\/uploads\/2026\/03\/AdobeStock_372197442-scaled.jpeg",2560,1440,false],"1536x1536":["https:\/\/ru.law\/wp-content\/uploads\/2026\/03\/AdobeStock_372197442-1536x864.jpeg",1536,864,true],"2048x2048":["https:\/\/ru.law\/wp-content\/uploads\/2026\/03\/AdobeStock_372197442-2048x1152.jpeg",2048,1152,true],"trp-custom-language-flag":["https:\/\/ru.law\/wp-content\/uploads\/2026\/03\/AdobeStock_372197442-18x10.jpeg",18,10,true]},"uagb_author_info":{"display_name":"Stefan Selge","author_link":"https:\/\/ru.law\/nl\/author\/selge\/"},"uagb_comment_info":0,"uagb_excerpt":"Der Bundesgerichtshof hat am 9. M\u00e4rz 2026 die Rechtsposition von Personen gest\u00e4rkt, die nach einer Vaxzevria-Impfung gesundheitliche Sch\u00e4den erlitten haben. Am 9. M\u00e4rz 2026 hat [&hellip;]","_links":{"self":[{"href":"https:\/\/ru.law\/nl\/wp-json\/wp\/v2\/posts\/97807","targetHints":{"allow":["GET"]}}],"collection":[{"href":"https:\/\/ru.law\/nl\/wp-json\/wp\/v2\/posts"}],"about":[{"href":"https:\/\/ru.law\/nl\/wp-json\/wp\/v2\/types\/post"}],"author":[{"embeddable":true,"href":"https:\/\/ru.law\/nl\/wp-json\/wp\/v2\/users\/2"}],"replies":[{"embeddable":true,"href":"https:\/\/ru.law\/nl\/wp-json\/wp\/v2\/comments?post=97807"}],"version-history":[{"count":0,"href":"https:\/\/ru.law\/nl\/wp-json\/wp\/v2\/posts\/97807\/revisions"}],"wp:featuredmedia":[{"embeddable":true,"href":"https:\/\/ru.law\/nl\/wp-json\/wp\/v2\/media\/97809"}],"wp:attachment":[{"href":"https:\/\/ru.law\/nl\/wp-json\/wp\/v2\/media?parent=97807"}],"wp:term":[{"taxonomy":"category","embeddable":true,"href":"https:\/\/ru.law\/nl\/wp-json\/wp\/v2\/categories?post=97807"},{"taxonomy":"post_tag","embeddable":true,"href":"https:\/\/ru.law\/nl\/wp-json\/wp\/v2\/tags?post=97807"}],"curies":[{"name":"wp","href":"https:\/\/api.w.org\/{rel}","templated":true}]}}