{"id":93778,"date":"2025-10-07T09:51:07","date_gmt":"2025-10-07T07:51:07","guid":{"rendered":"https:\/\/ru.law\/?p=93778"},"modified":"2025-10-07T09:57:48","modified_gmt":"2025-10-07T07:57:48","slug":"einbuergerung-nach-3-jahren","status":"publish","type":"post","link":"https:\/\/ru.law\/nl\/einbuergerung-nach-3-jahren\/","title":{"rendered":"Naturalisatie na 3 jaar: Geplande afschaffing in 2025 \u2013 Wat de betrokkenen moeten weten"},"content":{"rendered":"<p>Volgens het huidige regeerakkoord tussen CDU, CSU en SPD zal de regeling die naturalisatie na slechts drie jaar verblijf in Duitsland mogelijk maakt, in 2025 worden afgeschaft. Voor veel migranten die tot nu toe van de verkorte termijn hebben geprofiteerd, zal dit merkbare veranderingen met zich meebrengen.<\/p>\n\n\n\n<p>Wij staan voor u klaar om u te helpen met al uw vragen over naturalisatie, verblijfsrechten en de juridische gevolgen van de geplande wetswijziging. Iedereen die van plan is om na drie jaar genaturaliseerd te worden, doet er goed aan tijdig advies in te winnen om deadlines te halen en mogelijke nadelen te voorkomen.<\/p>\n\n\n\n<h3 class=\"wp-block-heading\" id=\"h-was-andert-sich-konkret-bei-der-einburgerung\">Wat verandert er precies met betrekking tot naturalisatie?<\/h3>\n\n\n\n<p>De in 2024 ingevoerde &quot;versnelde naturalisatie&quot;, die naturalisatie na slechts drie jaar verblijf mogelijk maakte, wordt binnenkort afgeschaft. Deze regeling was bedoeld voor bijzonder goed ge\u00efntegreerde personen met Duitse taalvaardigheid op C1-niveau en een actieve maatschappelijke betrokkenheid. Het regeerakkoord tussen de CDU, CSU en SPD kondigt expliciet de afschaffing van de &quot;versnelde naturalisatie&quot; voor 2025 aan.<\/p>\n\n\n\n<p>Onze immigratieadvocaten beoordelen of versnelde naturalisatie nog steeds mogelijk is en geven uitgebreid advies over uw mogelijkheden. Plan nu een persoonlijk juridisch consult!<\/p>\n\n\n\n<h3 class=\"wp-block-heading\" id=\"h-was-bleibt-beim-einburgerungsrecht-bestehen\">Wat blijft er over in de naturalisatiewet?<\/h3>\n\n\n\n<p>De verkorting van de standaard minimale verblijfsduur voor naturalisatie van acht naar vijf jaar, die al in 2024 werd ingevoerd, blijft ongewijzigd. Ook een dubbele nationaliteit blijft mogelijk en blijft de norm. Volgens het regeerakkoord blijven ook andere belangrijke onderdelen van de hervorming van het burgerschapsrecht behouden.<\/p>\n\n\n\n<h3 class=\"wp-block-heading\" id=\"h-wann-tritt-die-abschaffung-der-turbo-einburgerung-in-kraft\">Wanneer wordt de turbo-naturalisatie afgeschaft?<\/h3>\n\n\n\n<p>Het coalitieakkoord tussen CDU, CSU en SPD is in eerste instantie een politieke intentieverklaring en heeft geen directe rechtskracht. De geplande afschaffing van de naturalisatie na drie jaar moet nog via een wetgevingsproces in de Bondsdag worden doorgevoerd. Tot die tijd blijft de huidige regeling van kracht. Naar verwachting zal de nieuwe regering echter binnenkort een wetsvoorstel tot wijziging van de burgerschapswet indienen.<\/p>\n\n\n\n<h3 class=\"wp-block-heading\" id=\"h-jetzt-handeln-einburgerung-nach-3-jahren-soll-bald-entfallen\">Doe nu mee: naturalisatie na 3 jaar wordt binnenkort afgeschaft<\/h3>\n\n\n\n<p>Iedereen die momenteel aan alle voorwaarden voor naturalisatie voldoet na drie jaar, moet overwegen of een tijdige aanvraag zinvol is. Vanwege de komende veranderingen is het raadzaam om vroegtijdig advies in te winnen bij ervaren immigratieadvocaten om deadlines te halen en uw kansen op naturalisatie te vergroten.<\/p>\n\n\n\n<p>Onze advocaten beoordelen uw persoonlijke situatie en laten u zien hoe u alsnog kunt profiteren van een versnelde naturalisatie. Maak nu een afspraak!<\/p>","protected":false},"excerpt":{"rendered":"<p>Die Regelung, die eine Einb\u00fcrgerung bereits nach drei Jahren Aufenthalt in Deutschland erm\u00f6glicht, soll laut dem aktuellen Koalitionsvertrag von CDU, CSU und SPD im Jahr [&hellip;]<\/p>\n","protected":false},"author":54,"featured_media":93779,"comment_status":"closed","ping_status":"open","sticky":false,"template":"","format":"standard","meta":{"_uag_custom_page_level_css":"","site-sidebar-layout":"default","site-content-layout":"","ast-site-content-layout":"default","site-content-style":"default","site-sidebar-style":"default","ast-global-header-display":"","ast-banner-title-visibility":"","ast-main-header-display":"","ast-hfb-above-header-display":"","ast-hfb-below-header-display":"","ast-hfb-mobile-header-display":"","site-post-title":"","ast-breadcrumbs-content":"","ast-featured-img":"","footer-sml-layout":"","ast-disable-related-posts":"","theme-transparent-header-meta":"","adv-header-id-meta":"","stick-header-meta":"","header-above-stick-meta":"","header-main-stick-meta":"","header-below-stick-meta":"","astra-migrate-meta-layouts":"set","ast-page-background-enabled":"default","ast-page-background-meta":{"desktop":{"background-color":"","background-image":"","background-repeat":"repeat","background-position":"center center","background-size":"auto","background-attachment":"scroll","background-type":"","background-media":"","overlay-type":"","overlay-color":"","overlay-opacity":"","overlay-gradient":""},"tablet":{"background-color":"","background-image":"","background-repeat":"repeat","background-position":"center center","background-size":"auto","background-attachment":"scroll","background-type":"","background-media":"","overlay-type":"","overlay-color":"","overlay-opacity":"","overlay-gradient":""},"mobile":{"background-color":"","background-image":"","background-repeat":"repeat","background-position":"center center","background-size":"auto","background-attachment":"scroll","background-type":"","background-media":"","overlay-type":"","overlay-color":"","overlay-opacity":"","overlay-gradient":""}},"ast-content-background-meta":{"desktop":{"background-color":"var(--ast-global-color-5)","background-image":"","background-repeat":"repeat","background-position":"center center","background-size":"auto","background-attachment":"scroll","background-type":"","background-media":"","overlay-type":"","overlay-color":"","overlay-opacity":"","overlay-gradient":""},"tablet":{"background-color":"var(--ast-global-color-5)","background-image":"","background-repeat":"repeat","background-position":"center center","background-size":"auto","background-attachment":"scroll","background-type":"","background-media":"","overlay-type":"","overlay-color":"","overlay-opacity":"","overlay-gradient":""},"mobile":{"background-color":"var(--ast-global-color-5)","background-image":"","background-repeat":"repeat","background-position":"center center","background-size":"auto","background-attachment":"scroll","background-type":"","background-media":"","overlay-type":"","overlay-color":"","overlay-opacity":"","overlay-gradient":""}},"footnotes":""},"categories":[1220],"tags":[1376,1378,1379,1375,1377],"class_list":["post-93778","post","type-post","status-publish","format-standard","has-post-thumbnail","hentry","category-bank-und-kapitalmarktrecht","tag-investor","tag-krypto","tag-krypto-anleger","tag-krypto-transaktionen","tag-kryptoplattform"],"yoast_head":"<!-- This site is optimized with the Yoast SEO Premium plugin v27.4 (Yoast SEO v27.4) - https:\/\/yoast.com\/product\/yoast-seo-premium-wordpress\/ -->\n<title>Einb\u00fcrgerung nach 3 Jahren: Geplante Abschaffung 2025 \u2013 Das sollten Betroffene wissen - R&amp;U<\/title>\n<meta name=\"description\" content=\"F\u00fcr zahlreiche Migrantinnen und Migranten bringt dies sp\u00fcrbare Ver\u00e4nderungen mit sich. Wir stehen Ihnen zur Seite.\" \/>\n<meta name=\"robots\" content=\"index, follow, max-snippet:-1, max-image-preview:large, max-video-preview:-1\" \/>\n<link rel=\"canonical\" href=\"https:\/\/ru.law\/nl\/einbuergerung-nach-3-jahren\/\" \/>\n<meta property=\"og:locale\" content=\"nl_NL\" \/>\n<meta property=\"og:type\" content=\"article\" \/>\n<meta property=\"og:title\" content=\"Einb\u00fcrgerung nach 3 Jahren: Geplante Abschaffung 2025 \u2013 Das sollten Betroffene wissen\" \/>\n<meta property=\"og:description\" content=\"F\u00fcr zahlreiche Migrantinnen und Migranten bringt dies sp\u00fcrbare Ver\u00e4nderungen mit sich. Wir stehen Ihnen zur Seite.\" \/>\n<meta property=\"og:url\" content=\"https:\/\/ru.law\/nl\/einbuergerung-nach-3-jahren\/\" \/>\n<meta property=\"og:site_name\" content=\"R&amp;U\" \/>\n<meta property=\"article:publisher\" content=\"https:\/\/www.facebook.com\/RogertUlbrich\/\" \/>\n<meta property=\"article:published_time\" content=\"2025-10-07T07:51:07+00:00\" \/>\n<meta property=\"article:modified_time\" content=\"2025-10-07T07:57:48+00:00\" \/>\n<meta property=\"og:image\" content=\"https:\/\/ru.law\/wp-content\/uploads\/2025\/10\/AdobeStock_806505003-scaled.jpeg\" \/>\n\t<meta property=\"og:image:width\" content=\"2560\" \/>\n\t<meta property=\"og:image:height\" content=\"1709\" \/>\n\t<meta property=\"og:image:type\" content=\"image\/jpeg\" \/>\n<meta name=\"author\" content=\"ommatic\" \/>\n<meta name=\"twitter:card\" content=\"summary_large_image\" \/>\n<meta name=\"twitter:creator\" content=\"@RogertUlbrich\" \/>\n<meta name=\"twitter:site\" content=\"@RogertUlbrich\" \/>\n<script type=\"application\/ld+json\" class=\"yoast-schema-graph\">{\"@context\":\"https:\\\/\\\/schema.org\",\"@graph\":[{\"@type\":\"Article\",\"@id\":\"https:\\\/\\\/ru.law\\\/einbuergerung-nach-3-jahren\\\/#article\",\"isPartOf\":{\"@id\":\"https:\\\/\\\/ru.law\\\/einbuergerung-nach-3-jahren\\\/\"},\"author\":{\"name\":\"ommatic\",\"@id\":\"https:\\\/\\\/ru.law\\\/#\\\/schema\\\/person\\\/c89a1a1d9667e53bc3eea7493e437f13\"},\"headline\":\"Einb\u00fcrgerung nach 3 Jahren: Geplante Abschaffung 2025 \u2013 Das sollten Betroffene wissen\",\"datePublished\":\"2025-10-07T07:51:07+00:00\",\"dateModified\":\"2025-10-07T07:57:48+00:00\",\"mainEntityOfPage\":{\"@id\":\"https:\\\/\\\/ru.law\\\/einbuergerung-nach-3-jahren\\\/\"},\"wordCount\":425,\"publisher\":{\"@id\":\"https:\\\/\\\/ru.law\\\/#organization\"},\"image\":{\"@id\":\"https:\\\/\\\/ru.law\\\/einbuergerung-nach-3-jahren\\\/#primaryimage\"},\"thumbnailUrl\":\"https:\\\/\\\/ru.law\\\/wp-content\\\/uploads\\\/2025\\\/10\\\/AdobeStock_806505003-scaled.jpeg\",\"keywords\":[\"Investor\",\"Krypto\",\"Krypto-Anleger\",\"Krypto-Transaktionen\",\"Kryptoplattform\"],\"articleSection\":[\"Bank- und Kapitalmarktrecht\"],\"inLanguage\":\"nl-NL\"},{\"@type\":\"WebPage\",\"@id\":\"https:\\\/\\\/ru.law\\\/einbuergerung-nach-3-jahren\\\/\",\"url\":\"https:\\\/\\\/ru.law\\\/einbuergerung-nach-3-jahren\\\/\",\"name\":\"Einb\u00fcrgerung nach 3 Jahren: Geplante Abschaffung 2025 \u2013 Das sollten Betroffene wissen - R&amp;U\",\"isPartOf\":{\"@id\":\"https:\\\/\\\/ru.law\\\/#website\"},\"primaryImageOfPage\":{\"@id\":\"https:\\\/\\\/ru.law\\\/einbuergerung-nach-3-jahren\\\/#primaryimage\"},\"image\":{\"@id\":\"https:\\\/\\\/ru.law\\\/einbuergerung-nach-3-jahren\\\/#primaryimage\"},\"thumbnailUrl\":\"https:\\\/\\\/ru.law\\\/wp-content\\\/uploads\\\/2025\\\/10\\\/AdobeStock_806505003-scaled.jpeg\",\"datePublished\":\"2025-10-07T07:51:07+00:00\",\"dateModified\":\"2025-10-07T07:57:48+00:00\",\"description\":\"F\u00fcr zahlreiche Migrantinnen und Migranten bringt dies sp\u00fcrbare Ver\u00e4nderungen mit sich. Wir stehen Ihnen zur Seite.\",\"breadcrumb\":{\"@id\":\"https:\\\/\\\/ru.law\\\/einbuergerung-nach-3-jahren\\\/#breadcrumb\"},\"inLanguage\":\"nl-NL\",\"potentialAction\":[{\"@type\":\"ReadAction\",\"target\":[\"https:\\\/\\\/ru.law\\\/einbuergerung-nach-3-jahren\\\/\"]}]},{\"@type\":\"ImageObject\",\"inLanguage\":\"nl-NL\",\"@id\":\"https:\\\/\\\/ru.law\\\/einbuergerung-nach-3-jahren\\\/#primaryimage\",\"url\":\"https:\\\/\\\/ru.law\\\/wp-content\\\/uploads\\\/2025\\\/10\\\/AdobeStock_806505003-scaled.jpeg\",\"contentUrl\":\"https:\\\/\\\/ru.law\\\/wp-content\\\/uploads\\\/2025\\\/10\\\/AdobeStock_806505003-scaled.jpeg\",\"width\":2560,\"height\":1709},{\"@type\":\"BreadcrumbList\",\"@id\":\"https:\\\/\\\/ru.law\\\/einbuergerung-nach-3-jahren\\\/#breadcrumb\",\"itemListElement\":[{\"@type\":\"ListItem\",\"position\":1,\"name\":\"Startseite\",\"item\":\"https:\\\/\\\/ru.law\\\/\"},{\"@type\":\"ListItem\",\"position\":2,\"name\":\"Einb\u00fcrgerung nach 3 Jahren: Geplante Abschaffung 2025 \u2013 Das sollten Betroffene wissen\"}]},{\"@type\":\"WebSite\",\"@id\":\"https:\\\/\\\/ru.law\\\/#website\",\"url\":\"https:\\\/\\\/ru.law\\\/\",\"name\":\"R&U\",\"description\":\"Verbraucheranw\u00e4lte\",\"publisher\":{\"@id\":\"https:\\\/\\\/ru.law\\\/#organization\"},\"alternateName\":\"Rogert & Ulbrich\",\"potentialAction\":[{\"@type\":\"SearchAction\",\"target\":{\"@type\":\"EntryPoint\",\"urlTemplate\":\"https:\\\/\\\/ru.law\\\/?s={search_term_string}\"},\"query-input\":{\"@type\":\"PropertyValueSpecification\",\"valueRequired\":true,\"valueName\":\"search_term_string\"}}],\"inLanguage\":\"nl-NL\"},{\"@type\":\"Organization\",\"@id\":\"https:\\\/\\\/ru.law\\\/#organization\",\"name\":\"Kanzlei Rogert & Ulbrich\",\"url\":\"https:\\\/\\\/ru.law\\\/\",\"logo\":{\"@type\":\"ImageObject\",\"inLanguage\":\"nl-NL\",\"@id\":\"https:\\\/\\\/ru.law\\\/#\\\/schema\\\/logo\\\/image\\\/\",\"url\":\"https:\\\/\\\/ru.law\\\/wp-content\\\/uploads\\\/2020\\\/12\\\/logo-ru-law.svg\",\"contentUrl\":\"https:\\\/\\\/ru.law\\\/wp-content\\\/uploads\\\/2020\\\/12\\\/logo-ru-law.svg\",\"width\":992,\"height\":259,\"caption\":\"Kanzlei Rogert & Ulbrich\"},\"image\":{\"@id\":\"https:\\\/\\\/ru.law\\\/#\\\/schema\\\/logo\\\/image\\\/\"},\"sameAs\":[\"https:\\\/\\\/www.facebook.com\\\/RogertUlbrich\\\/\",\"https:\\\/\\\/x.com\\\/RogertUlbrich\",\"https:\\\/\\\/www.instagram.com\\\/rogertulbrich\\\/\",\"https:\\\/\\\/www.linkedin.com\\\/company\\\/rogert-ulbrich\\\/\",\"https:\\\/\\\/www.youtube.com\\\/channel\\\/UCganCgpvwpPFqMFf1vVmG2A\"]},{\"@type\":\"Person\",\"@id\":\"https:\\\/\\\/ru.law\\\/#\\\/schema\\\/person\\\/c89a1a1d9667e53bc3eea7493e437f13\",\"name\":\"ommatic\",\"url\":\"https:\\\/\\\/ru.law\\\/nl\\\/author\\\/ommatic\\\/\"}]}<\/script>\n<!-- \/ Yoast SEO Premium plugin. -->","yoast_head_json":{"title":"Naturalisatie na 3 jaar: Geplande afschaffing in 2025 \u2013 Wat de betrokkenen moeten weten - R&amp;U","description":"Dit brengt voor veel migranten merkbare veranderingen met zich mee. Wij zijn er om u te ondersteunen.","robots":{"index":"index","follow":"follow","max-snippet":"max-snippet:-1","max-image-preview":"max-image-preview:large","max-video-preview":"max-video-preview:-1"},"canonical":"https:\/\/ru.law\/nl\/einbuergerung-nach-3-jahren\/","og_locale":"nl_NL","og_type":"article","og_title":"Einb\u00fcrgerung nach 3 Jahren: Geplante Abschaffung 2025 \u2013 Das sollten Betroffene wissen","og_description":"F\u00fcr zahlreiche Migrantinnen und Migranten bringt dies sp\u00fcrbare Ver\u00e4nderungen mit sich. Wir stehen Ihnen zur Seite.","og_url":"https:\/\/ru.law\/nl\/einbuergerung-nach-3-jahren\/","og_site_name":"R&amp;U","article_publisher":"https:\/\/www.facebook.com\/RogertUlbrich\/","article_published_time":"2025-10-07T07:51:07+00:00","article_modified_time":"2025-10-07T07:57:48+00:00","og_image":[{"width":2560,"height":1709,"url":"https:\/\/ru.law\/wp-content\/uploads\/2025\/10\/AdobeStock_806505003-scaled.jpeg","type":"image\/jpeg"}],"author":"ommatic","twitter_card":"summary_large_image","twitter_creator":"@RogertUlbrich","twitter_site":"@RogertUlbrich","schema":{"@context":"https:\/\/schema.org","@graph":[{"@type":"Article","@id":"https:\/\/ru.law\/einbuergerung-nach-3-jahren\/#article","isPartOf":{"@id":"https:\/\/ru.law\/einbuergerung-nach-3-jahren\/"},"author":{"name":"ommatic","@id":"https:\/\/ru.law\/#\/schema\/person\/c89a1a1d9667e53bc3eea7493e437f13"},"headline":"Einb\u00fcrgerung nach 3 Jahren: Geplante Abschaffung 2025 \u2013 Das sollten Betroffene wissen","datePublished":"2025-10-07T07:51:07+00:00","dateModified":"2025-10-07T07:57:48+00:00","mainEntityOfPage":{"@id":"https:\/\/ru.law\/einbuergerung-nach-3-jahren\/"},"wordCount":425,"publisher":{"@id":"https:\/\/ru.law\/#organization"},"image":{"@id":"https:\/\/ru.law\/einbuergerung-nach-3-jahren\/#primaryimage"},"thumbnailUrl":"https:\/\/ru.law\/wp-content\/uploads\/2025\/10\/AdobeStock_806505003-scaled.jpeg","keywords":["Investor","Krypto","Krypto-Anleger","Krypto-Transaktionen","Kryptoplattform"],"articleSection":["Bank- und Kapitalmarktrecht"],"inLanguage":"nl-NL"},{"@type":"WebPage","@id":"https:\/\/ru.law\/einbuergerung-nach-3-jahren\/","url":"https:\/\/ru.law\/einbuergerung-nach-3-jahren\/","name":"Naturalisatie na 3 jaar: Geplande afschaffing in 2025 \u2013 Wat de betrokkenen moeten weten - R&amp;U","isPartOf":{"@id":"https:\/\/ru.law\/#website"},"primaryImageOfPage":{"@id":"https:\/\/ru.law\/einbuergerung-nach-3-jahren\/#primaryimage"},"image":{"@id":"https:\/\/ru.law\/einbuergerung-nach-3-jahren\/#primaryimage"},"thumbnailUrl":"https:\/\/ru.law\/wp-content\/uploads\/2025\/10\/AdobeStock_806505003-scaled.jpeg","datePublished":"2025-10-07T07:51:07+00:00","dateModified":"2025-10-07T07:57:48+00:00","description":"Dit brengt voor veel migranten merkbare veranderingen met zich mee. Wij zijn er om u te ondersteunen.","breadcrumb":{"@id":"https:\/\/ru.law\/einbuergerung-nach-3-jahren\/#breadcrumb"},"inLanguage":"nl-NL","potentialAction":[{"@type":"ReadAction","target":["https:\/\/ru.law\/einbuergerung-nach-3-jahren\/"]}]},{"@type":"ImageObject","inLanguage":"nl-NL","@id":"https:\/\/ru.law\/einbuergerung-nach-3-jahren\/#primaryimage","url":"https:\/\/ru.law\/wp-content\/uploads\/2025\/10\/AdobeStock_806505003-scaled.jpeg","contentUrl":"https:\/\/ru.law\/wp-content\/uploads\/2025\/10\/AdobeStock_806505003-scaled.jpeg","width":2560,"height":1709},{"@type":"BreadcrumbList","@id":"https:\/\/ru.law\/einbuergerung-nach-3-jahren\/#breadcrumb","itemListElement":[{"@type":"ListItem","position":1,"name":"Startseite","item":"https:\/\/ru.law\/"},{"@type":"ListItem","position":2,"name":"Einb\u00fcrgerung nach 3 Jahren: Geplante Abschaffung 2025 \u2013 Das sollten Betroffene wissen"}]},{"@type":"WebSite","@id":"https:\/\/ru.law\/#website","url":"https:\/\/ru.law\/","name":"R&amp;U","description":"Consumentenadvocaten","publisher":{"@id":"https:\/\/ru.law\/#organization"},"alternateName":"Rogert & Ulbrich","potentialAction":[{"@type":"SearchAction","target":{"@type":"EntryPoint","urlTemplate":"https:\/\/ru.law\/?s={search_term_string}"},"query-input":{"@type":"PropertyValueSpecification","valueRequired":true,"valueName":"search_term_string"}}],"inLanguage":"nl-NL"},{"@type":"Organization","@id":"https:\/\/ru.law\/#organization","name":"Advocatenkantoor Rogert &amp; Ulbrich","url":"https:\/\/ru.law\/","logo":{"@type":"ImageObject","inLanguage":"nl-NL","@id":"https:\/\/ru.law\/#\/schema\/logo\/image\/","url":"https:\/\/ru.law\/wp-content\/uploads\/2020\/12\/logo-ru-law.svg","contentUrl":"https:\/\/ru.law\/wp-content\/uploads\/2020\/12\/logo-ru-law.svg","width":992,"height":259,"caption":"Kanzlei Rogert & Ulbrich"},"image":{"@id":"https:\/\/ru.law\/#\/schema\/logo\/image\/"},"sameAs":["https:\/\/www.facebook.com\/RogertUlbrich\/","https:\/\/x.com\/RogertUlbrich","https:\/\/www.instagram.com\/rogertulbrich\/","https:\/\/www.linkedin.com\/company\/rogert-ulbrich\/","https:\/\/www.youtube.com\/channel\/UCganCgpvwpPFqMFf1vVmG2A"]},{"@type":"Person","@id":"https:\/\/ru.law\/#\/schema\/person\/c89a1a1d9667e53bc3eea7493e437f13","name":"ommatisch","url":"https:\/\/ru.law\/nl\/author\/ommatic\/"}]}},"uagb_featured_image_src":{"full":["https:\/\/ru.law\/wp-content\/uploads\/2025\/10\/AdobeStock_806505003-scaled.jpeg",2560,1709,false],"thumbnail":["https:\/\/ru.law\/wp-content\/uploads\/2025\/10\/AdobeStock_806505003-scaled.jpeg",128,85,false],"medium":["https:\/\/ru.law\/wp-content\/uploads\/2025\/10\/AdobeStock_806505003-scaled.jpeg",2560,1709,false],"medium_large":["https:\/\/ru.law\/wp-content\/uploads\/2025\/10\/AdobeStock_806505003-768x513.jpeg",768,513,true],"large":["https:\/\/ru.law\/wp-content\/uploads\/2025\/10\/AdobeStock_806505003-scaled.jpeg",2560,1709,false],"1536x1536":["https:\/\/ru.law\/wp-content\/uploads\/2025\/10\/AdobeStock_806505003-1536x1025.jpeg",1536,1025,true],"2048x2048":["https:\/\/ru.law\/wp-content\/uploads\/2025\/10\/AdobeStock_806505003-2048x1367.jpeg",2048,1367,true],"trp-custom-language-flag":["https:\/\/ru.law\/wp-content\/uploads\/2025\/10\/AdobeStock_806505003-18x12.jpeg",18,12,true]},"uagb_author_info":{"display_name":"ommatic","author_link":"https:\/\/ru.law\/nl\/author\/ommatic\/"},"uagb_comment_info":0,"uagb_excerpt":"Die Regelung, die eine Einb\u00fcrgerung bereits nach drei Jahren Aufenthalt in Deutschland erm\u00f6glicht, soll laut dem aktuellen Koalitionsvertrag von CDU, CSU und SPD im Jahr [&hellip;]","_links":{"self":[{"href":"https:\/\/ru.law\/nl\/wp-json\/wp\/v2\/posts\/93778","targetHints":{"allow":["GET"]}}],"collection":[{"href":"https:\/\/ru.law\/nl\/wp-json\/wp\/v2\/posts"}],"about":[{"href":"https:\/\/ru.law\/nl\/wp-json\/wp\/v2\/types\/post"}],"author":[{"embeddable":true,"href":"https:\/\/ru.law\/nl\/wp-json\/wp\/v2\/users\/54"}],"replies":[{"embeddable":true,"href":"https:\/\/ru.law\/nl\/wp-json\/wp\/v2\/comments?post=93778"}],"version-history":[{"count":0,"href":"https:\/\/ru.law\/nl\/wp-json\/wp\/v2\/posts\/93778\/revisions"}],"wp:featuredmedia":[{"embeddable":true,"href":"https:\/\/ru.law\/nl\/wp-json\/wp\/v2\/media\/93779"}],"wp:attachment":[{"href":"https:\/\/ru.law\/nl\/wp-json\/wp\/v2\/media?parent=93778"}],"wp:term":[{"taxonomy":"category","embeddable":true,"href":"https:\/\/ru.law\/nl\/wp-json\/wp\/v2\/categories?post=93778"},{"taxonomy":"post_tag","embeddable":true,"href":"https:\/\/ru.law\/nl\/wp-json\/wp\/v2\/tags?post=93778"}],"curies":[{"name":"wp","href":"https:\/\/api.w.org\/{rel}","templated":true}]}}