{"id":9056,"date":"2020-10-17T12:00:00","date_gmt":"2020-10-17T10:00:00","guid":{"rendered":"https:\/\/ru.law\/?p=9056"},"modified":"2024-07-08T13:12:47","modified_gmt":"2024-07-08T11:12:47","slug":"abgasskandal-prozessbetrug-bgh-urteil-zur-vw-ad-hoc-mitteilung","status":"publish","type":"post","link":"https:\/\/ru.law\/nl\/abgasskandal-prozessbetrug-bgh-urteil-zur-vw-ad-hoc-mitteilung\/","title":{"rendered":"Het schandaal in het emissieschandaal - heeft VW de uitspraak van het BGH over de aankoop na een ad-hocmelding via procesfraude gewonnen?"},"content":{"rendered":"<h2 class=\"wp-block-heading\" id=\"neue-hoffnung-fur-diesel-kaufer-die-ihr-fahrzeug-nach-dem-22-09-2015-erworben-haben\"><strong>Nieuwe hoop voor dieselkopers die hun voertuig na 22 september 2015 hebben gekocht<\/strong>.<\/h2>\n\n\n\n<p>In zijn arrest van 30 juli 2020 heeft het Bundesgerichtshof uitspraak gedaan in de zaak van een eiser die zijn dieselvoertuig in augustus 2016 kocht, bijna 11 maanden na de publicatie van de \u201cad hoc-aankondiging\u201d door Volkswagen AG.<\/p>\n\n\n\n<p>In tegenstelling tot de fundamentele uitspraak in <a href=\"https:\/\/ru.law\/nl\/expertise\/abgasskandal\/\">dieselemissieschandaal<\/a> van 05.05.2020, waar de Senaat de claims tegen de Volkswagen Groep voor opzettelijke immorele schade had bevestigd, <a href=\"https:\/\/ru.law\/nl\/bgh-urteil-vw-hat-seine-kunden-vorsaetzlich-und-sittenwidrig-getaeuscht\/\">BGH<\/a>, hier de vordering tot schadevergoeding. Volgens de Senaat is \u201c<em>De mededeling van VW van 22 september 2015 zal naar verwachting het vertrouwen van potenti\u00eble kopers van tweedehandsauto&#039;s met VW-dieselmotoren in de juiste uitlaatgasemissietechnologie ondermijnen en de onschuld op dit gebied tenietdoen.&quot;<\/em><\/p>\n\n\n\n<p><strong>In gewoon Nederlands: Vanaf dat moment konden kopers van gebruikte VW-voertuigen met dieselmotoren geen conform voertuig meer verwachten van de VW-groep<em>.<\/em><\/strong><\/p>\n\n\n\n<p>Een zin die je op verschillende manieren op je tong moet laten rollen.<\/p>\n\n\n\n<p>Verrassend genoeg is deze stelling volgens het BGH in de onderhavige zaak niet door de eiseres betwist.<\/p>\n\n\n\n<h3 class=\"wp-block-heading\" id=\"in-der-ad-hoc-mitteilung-von-vw-steckt-kein-funkchen-wahrheit\"><strong>Er zit geen greintje waarheid in de ad hoc aankondiging van VW<\/strong><\/h3>\n\n\n\n<p>O-Ton Partner Dr. Marco Rogert<em>: Maar dat had zeker moeten gebeuren, met andere woorden, afgewezen \u2013 zoals wij juristen dat noemen!<\/em> <em>Bij R&amp;U hebben we de doorslaggevende redenen voor de uitspraak van het Federale Hof van Justitie gedetailleerd geanalyseerd en zijn we tot de conclusie gekomen dat de uitspraak van juli over &#039;ad-hocaankopen&#039; gebaseerd is op de veronderstelling dat Volkswagen AG met zijn kennisgeving van 22 september 2015 &#039;schoon schip had gemaakt&#039;. Maar VW heeft dat niet \u2013 integendeel!<\/em><\/p>\n\n\n\n<p><strong>Al in de derde zin van de ad hoc-mededeling staat een greintje waarheid. Dit is \u201c<em>De betreffende software heeft geen invloed op het rijgedrag, het verbruik of de uitstoot.\u201d<\/em><\/strong><\/p>\n\n\n\n<p>O-Ton Partner Dr. Marco Rogert: <em>In het geval van de EA 189, de schandaalmotor waarmee het emissieschandaal bekend werd, heeft geen enkele rechtbank sindsdien ontkend dat de \u2018geklaagde software\u2019 inderdaad invloed heeft op de uitlaatemissies van de voertuigen. Het enige doel hiervan was om de emissies op de testbank te verminderen en zo de illusie te wekken dat aan de wettelijke normen werd voldaan.<\/em><\/p>\n\n\n\n<h3 class=\"wp-block-heading\" id=\"der-inhalt-der-ad-hoc-mitteilung-wurde-falsch-formuliert-um-den-skandal-herunterzuspielen\"><strong>De inhoud van de ad hoc-communicatie was onjuist geformuleerd om het schandaal te bagatelliseren<\/strong><\/h3>\n\n\n\n<p>De bereidheid van de verantwoordelijken in Wolfsburg om opheldering te geven, kan destijds dus niet zo groot zijn geweest.<\/p>\n\n\n\n<p>O-Ton Partner Dr. Marco Rogert: <em>Er kan veeleer worden aangenomen dat juist deze inhoud opzettelijk onjuist en onvolledig is geformuleerd om potenti\u00eble kopers en met name dieselrijders te misleiden en zo het schandaal te bagatelliseren. Het ging er dus niet om de consument voor te lichten, maar om de schade voor het bedrijf te beperken.<\/em><\/p>\n\n\n\n<h3 class=\"wp-block-heading\" id=\"strafanzeige-gegen-die-verantwortlichen-des-vw-konzerns-abgewiesene-klagen-konnten-erneut-aufgerollt-werden\"><strong>Strafrechtelijke aanklachten ingediend tegen verantwoordelijken bij de VW Groep \u2013 afgewezen rechtszaken kunnen heropend worden<\/strong><\/h3>\n\n\n\n<p>Advocatenkantoor R&amp;U ziet zichzelf als vertegenwoordiger van de belangen van haar cli\u00ebnten \u2013 duizenden slachtoffers uit Duitsland en het buitenland \u2013 en als orgaan van de rechtsorde dat verplicht is dit feit openbaar te maken.<\/p>\n\n\n\n<div class=\"wp-block-columns header__gradient_blog ghostkit-custom-xNr4Y is-layout-flex wp-container-core-columns-is-layout-28f84493 wp-block-columns-is-layout-flex\">\n<div class=\"wp-block-column is-vertically-aligned-top is-layout-flow wp-block-column-is-layout-flow\" style=\"flex-basis:20%\">\n<figure class=\"wp-block-image size-large zitat\"><img loading=\"lazy\" decoding=\"async\" width=\"800\" height=\"800\" src=\"https:\/\/ru.law\/wp-content\/uploads\/2020\/09\/marco_rogert.jpg\" alt=\"\" class=\"wp-image-7473\" srcset=\"https:\/\/ru.law\/wp-content\/uploads\/2020\/09\/marco_rogert.jpg 800w, https:\/\/ru.law\/wp-content\/uploads\/2020\/09\/marco_rogert-300x300.jpg 300w, https:\/\/ru.law\/wp-content\/uploads\/2020\/09\/marco_rogert-150x150.jpg 150w, https:\/\/ru.law\/wp-content\/uploads\/2020\/09\/marco_rogert-768x768.jpg 768w, https:\/\/ru.law\/wp-content\/uploads\/2020\/09\/marco_rogert-500x500.jpg 500w\" sizes=\"auto, (max-width: 800px) 100vw, 800px\" \/><\/figure>\n<\/div>\n\n\n\n<div class=\"wp-block-column is-vertically-aligned-center ghostkit-custom-1SOwj2 is-layout-flow wp-block-column-is-layout-flow\" style=\"flex-basis:80%\">\n<p>\u201cWij hebben strafrechtelijke aanklachten ingediend tegen de verantwoordelijken binnen de VW Groep. Belangrijk bewijs voor de valse en onvolledige ad-hocmelding komt ook voort uit nieuwe bevindingen van het Openbaar Ministerie van M\u00fcnchen en de Federale Autoriteit voor Motorvoertuigen (KBA).\u201d<\/p>\n\n\n\n<p>Meer informatie in de <a href=\"https:\/\/www.focus.de\/auto\/experten\/rogert\/ea288-motoren-vw-will-neue-diesel-klagewelle-verhindern-mit-erfolg_id_12534790.html\"><span class=\"has-inline-color has-cyan-bluish-gray-color\">Handelsblad<\/span><\/a>!<\/p>\n\n\n\n<p class=\"has-text-align-left\">Partner Dr. Marco Rogert <\/p>\n<\/div>\n<\/div>\n\n\n\n<p><em>Wij zullen ons verdedigen tegen alle beslissingen die op deze BGH-uitspraak (ad hoc-uitspraak) van juli zijn gebaseerd. Zelfs rechtszaken die al door een definitieve en bindende rechterlijke uitspraak zijn afgewezen, kunnen opnieuw worden geopend in het geval dat VW wordt veroordeeld voor fraude.<\/em><\/p>\n\n\n\n<h3 class=\"wp-block-heading\" id=\"fast-alle-euro-6-diesel-fahrzeugmodelle-von-vw-audi-und-porsche-zuruckgerufen-fahrzeuge-mit-dem-ea288-motor-ebenfalls-betroffen\"><strong>Vrijwel alle Euro 6-dieselmodellen van VW, Audi en Porsche worden teruggeroepen. Voertuigen met de EA288-motor worden ook getroffen<\/strong><\/h3>\n\n\n\n<p>Ook de tweede zin van de ad hoc aankondiging, \u201cDe nieuwe EU 6 dieselauto\u2019s van de Volkswagen Groep die momenteel in de Europese Unie worden aangeboden, voldoen aan de wettelijke eisen en milieunormen,\u201d lijkt vandaag de dag minder geloofwaardig.<\/p>\n\n\n\n<p>In feite zijn bijna alle 3,0 liter dieselvoertuigmodellen van de merken <a href=\"https:\/\/ru.law\/nl\/expertise\/abgasskandal\/vw-diesel\/\">VW<\/a>, <a href=\"https:\/\/ru.law\/nl\/expertise\/abgasskandal\/audi-diesel\/\">Audi<\/a> En <a href=\"https:\/\/ru.law\/nl\/expertise\/abgasskandal\/porsche-diesel\/\">Porsche<\/a>, de Euro 6-emissieklasse, zijn door de KBA al teruggeroepen vanwege illegale uitschakelvoorzieningen. Er worden momenteel nog meer terugroepacties afgekondigd voor de 3,0-litermodellen van de Euro 5-emissieklasse.<\/p>\n\n\n\n<p>O-Ton Partner Dr. Marco Rogert: <em>En zelfs daar zijn we nog lang niet aan het eind van de rit. Er zijn ook terechte twijfels of de opvolger van de schandalige EA189-motor - de EA 288 - van de 2,0-liter dieselmodellen van de groep wel schoon is. Ook hier hebben we al 8 regionale rechtbanken die VW in eerste aanleg tot schadevergoeding hebben veroordeeld.<\/em><\/p>\n\n\n\n<p>Uit een intern document blijkt dat er een schriftelijke instructie was om de manipulatiesoftware die in de schandaalmotor EA 189 werd gebruikt, ook te gebruiken in de EA 288-voertuigen - in ieder geval tot week 22 van 2016.<\/p>\n\n\n\n<p>Achteraf gezien lijkt de gedachte dat met de ad hoc aankondiging in het najaar van 2015 de basis werd gelegd voor de transformatie van VW AG van Saul naar Paul in het emissieschandaal, meer dan weerlegd en zeker ook strafrechtelijk relevant.<\/p>\n\n\n\n<p>Het einde van het emissieschandaal is nog lang niet in zicht.<\/p>\n\n\n\n<h4 class=\"wp-block-heading\" id=\"hier-noch-einmal-die-ad-hoc-mitteilung-der-volkswagen-ag-vom-22-09-2015\"><strong>Hierbij nogmaals de ad hoc aankondiging van Volkswagen AG van 22 september 2015:<\/strong><\/h4>\n\n\n\n<h5 class=\"wp-block-heading\" id=\"volkswagen-ag-informiert\">Volkswagen AG informeert:<\/h5>\n\n\n\n<p>Volkswagen gaat door met het onderzoek naar onregelmatigheden in de software van dieselmotoren. De nieuwe EU 6-dieselauto&#039;s van de Volkswagen Groep die momenteel in de Europese Unie worden aangeboden, voldoen aan de wettelijke eisen en milieunormen. De betreffende software heeft geen invloed op het rijgedrag, het verbruik of de uitstoot. Dit biedt duidelijkheid voor klanten en retailers.<\/p>\n\n\n\n<p>Uit verdere interne tests is inmiddels gebleken dat de betreffende besturingssoftware ook in andere dieselvoertuigen van de Volkswagen Groep aanwezig is. Bij de meeste van deze engines heeft de software totaal geen effect.<\/p>\n\n\n\n<p>Bijzonder opvallend zijn de voertuigen met EA 189-motoren, waarvan er wereldwijd in totaal zo&#039;n elf miljoen zijn geproduceerd. Alleen bij dit motortype werd een merkbare afwijking tussen de testbankwaarden en de werkelijke rijomstandigheden waargenomen. Volkswagen werkt er hard aan om deze afwijkingen met technische maatregelen weg te werken. Het bedrijf staat momenteel in contact met de verantwoordelijke autoriteiten en de Duitse Federale Motortransportautoriteit.<\/p>\n\n\n\n<p>Om de noodzakelijke servicemaatregelen en verdere inspanningen om het vertrouwen van onze klanten terug te winnen te dekken, <a href=\"https:\/\/ru.law\/nl\/expertise\/abgasskandal\/vw-diesel\/\">Volkswagen<\/a>, om in het derde kwartaal van het lopende boekjaar circa 6,5 miljard euro opzij te zetten. Vanwege lopend onderzoek is het veronderstelde bedrag onderhevig aan schattingsrisico&#039;s. De winstdoelstellingen van de Groep voor 2015 zullen dienovereenkomstig worden aangepast.<\/p>\n\n\n\n<p>Volkswagen tolereert geen enkele overtreding van de wet. Het hoofddoel van de Raad van Bestuur blijft het terugwinnen van het verloren vertrouwen en het voorkomen van schade aan onze klanten. De Groep zal het publiek voortdurend en transparant informeren over de verdere voortgang van het onderzoek.<\/p>\n\n\n\n<section class=\"wp-block-uagb-columns uagb-columns__wrap uagb-columns__background-undefined uagb-columns__stack-mobile uagb-columns__valign-undefined uagb-columns__gap-10 alignundefined uagb-block-a63b8d4d contrast blog_beitraege\"><div class=\"uagb-columns__overlay\"><\/div><div class=\"uagb-columns__inner-wrap uagb-columns__columns-1\">\n<div class=\"wp-block-uagb-column uagb-column__wrap uagb-column__background-undefined uagb-block-6e00ddba\"><div class=\"uagb-column__overlay\"><\/div><div class=\"uagb-column__inner-wrap\">\n<h3 class=\"wp-block-heading\" id=\"das-konnte-sie-auch-interessieren\">Misschien bent u ook ge\u00efnteresseerd in:<\/h3>\n\n\n\n\t\t\t<div class=\"wp-block-uagb-post-grid uagb-post-grid  uagb-post__image-position-top uagb-post__image-enabled uagb-block-ff875f2e     uagb-post__items uagb-post__columns-3 is-grid uagb-post__columns-tablet-2 uagb-post__columns-mobile-1 uagb-post__equal-height\" data-total=\"2\" style=\"\">\n\n\t\t\t\t\t\t\t\t\t\t\t\t<article class=\"uagb-post__inner-wrap\">\t\t\t\t\t\t\t\t<div class='uagb-post__image'>\n\t\t\t\t\t\t\t\t\t<a href=\"https:\/\/ru.law\/nl\/diesel-ueberholt-benzinpreis-jetzt-erst-recht\/\" target=\"_self\" rel=\"bookmark noopener noreferrer\" class='uagb-image-ratio-inherit'><img loading=\"lazy\" decoding=\"async\" width=\"1024\" height=\"576\" src=\"https:\/\/ru.law\/wp-content\/uploads\/2022\/03\/2021-News-Header-1200x675-2972-1024x576.jpg\" class=\"attachment-large size-large\" alt=\"Rogert-Ulbrich-Rechtsanwaelte-Kanzlei-Diesel-Benzin-Preise\" srcset=\"https:\/\/ru.law\/wp-content\/uploads\/2022\/03\/2021-News-Header-1200x675-2972-1024x576.jpg 1024w, https:\/\/ru.law\/wp-content\/uploads\/2022\/03\/2021-News-Header-1200x675-2972-300x169.jpg 300w, https:\/\/ru.law\/wp-content\/uploads\/2022\/03\/2021-News-Header-1200x675-2972-768x432.jpg 768w, https:\/\/ru.law\/wp-content\/uploads\/2022\/03\/2021-News-Header-1200x675-2972.jpg 1200w\" sizes=\"auto, (max-width: 1024px) 100vw, 1024px\" \/>\t\t\t\t\t<\/a>\n\t\t\t\t\t\t\t<\/div>\n\t\t\t\t\t\t<h4 class=\"uagb-post__title uagb-post__text\">\n\t\t\t\t<a href=\"https:\/\/ru.law\/nl\/diesel-ueberholt-benzinpreis-jetzt-erst-recht\/\" target=\"_self\" rel=\"bookmark noopener noreferrer\">Recordprijzen voor diesel - Nu is het moment om uw auto terug te draaien<\/a>\n\t\t\t<\/h4>\n\t\t\t\t\t\t<div class='uagb-post__text uagb-post-grid-byline'>\n\t\t\t\t\t\t\t<\/div>\n\t\t\t\t\t\t\t<div class='uagb-post__text uagb-post__excerpt'>\n\t\t\t\t\t<p>Diesel staat in Duitsland op recordhoogte en ook benzine nadert een\u2026\t\t\t\t<\/div>\n\t\t\t\t\t\t<div class=\"uagb-post__text uagb-post__cta wp-block-button\">\n\t\t\t\t<a class=\"wp-block-button__link uagb-text-link\" style=\"\" href=\"https:\/\/ru.law\/nl\/diesel-ueberholt-benzinpreis-jetzt-erst-recht\/\" target=\"_self\" rel=\"bookmark noopener noreferrer\">Lees meer<\/a>\n\t\t\t<\/div>\n\t\t\t\n\t\t\t\t\t\t\t\t<a class=\"uagb-post__link-complete-box\" href=\"https:\/\/ru.law\/nl\/diesel-ueberholt-benzinpreis-jetzt-erst-recht\/\" target=\"_self\" rel=\"bookmark noopener noreferrer\"><\/a>\n\t\t\t\t\t\t\t<\/article>\n\t\t\t\t\t\t\t\t\t\t\t\t\t\t\t\t<article class=\"uagb-post__inner-wrap\">\t\t\t\t\t\t\t\t<div class='uagb-post__image'>\n\t\t\t\t\t\t\t\t\t<a href=\"https:\/\/ru.law\/nl\/vtdi-abgasskandal-rund-um-vw-audi-und-porsche\/\" target=\"_self\" rel=\"bookmark noopener noreferrer\" class='uagb-image-ratio-inherit'><img loading=\"lazy\" decoding=\"async\" width=\"1024\" height=\"576\" src=\"https:\/\/ru.law\/wp-content\/uploads\/2022\/01\/Rogert-Ulbrich-Rechtsanwaelte-Kanzlei-Abgasskandal-Audi-Verjaehrung-2022-1024x576.jpg\" class=\"attachment-large size-large\" alt=\"\" srcset=\"https:\/\/ru.law\/wp-content\/uploads\/2022\/01\/Rogert-Ulbrich-Rechtsanwaelte-Kanzlei-Abgasskandal-Audi-Verjaehrung-2022-1024x576.jpg 1024w, https:\/\/ru.law\/wp-content\/uploads\/2022\/01\/Rogert-Ulbrich-Rechtsanwaelte-Kanzlei-Abgasskandal-Audi-Verjaehrung-2022-300x169.jpg 300w, https:\/\/ru.law\/wp-content\/uploads\/2022\/01\/Rogert-Ulbrich-Rechtsanwaelte-Kanzlei-Abgasskandal-Audi-Verjaehrung-2022-768x432.jpg 768w, https:\/\/ru.law\/wp-content\/uploads\/2022\/01\/Rogert-Ulbrich-Rechtsanwaelte-Kanzlei-Abgasskandal-Audi-Verjaehrung-2022.jpg 1200w\" sizes=\"auto, (max-width: 1024px) 100vw, 1024px\" \/>\t\t\t\t\t<\/a>\n\t\t\t\t\t\t\t<\/div>\n\t\t\t\t\t\t<h4 class=\"uagb-post__title uagb-post__text\">\n\t\t\t\t<a href=\"https:\/\/ru.law\/nl\/vtdi-abgasskandal-rund-um-vw-audi-und-porsche\/\" target=\"_self\" rel=\"bookmark noopener noreferrer\">VTDI-emissieschandaal waarbij VW, Audi en Porsche betrokken zijn<\/a>\n\t\t\t<\/h4>\n\t\t\t\t\t\t<div class='uagb-post__text uagb-post-grid-byline'>\n\t\t\t\t\t\t\t<\/div>\n\t\t\t\t\t\t\t<div class='uagb-post__text uagb-post__excerpt'>\n\t\t\t\t\t<p>Voor veel Duitse autofabrikanten is het dieselemissieschandaal nog steeds alomtegenwoordig, ook voor de VW Groep\u2026\t\t\t\t<\/div>\n\t\t\t\t\t\t<div class=\"uagb-post__text uagb-post__cta wp-block-button\">\n\t\t\t\t<a class=\"wp-block-button__link uagb-text-link\" style=\"\" href=\"https:\/\/ru.law\/nl\/vtdi-abgasskandal-rund-um-vw-audi-und-porsche\/\" target=\"_self\" rel=\"bookmark noopener noreferrer\">Lees meer<\/a>\n\t\t\t<\/div>\n\t\t\t\n\t\t\t\t\t\t\t\t<a class=\"uagb-post__link-complete-box\" href=\"https:\/\/ru.law\/nl\/vtdi-abgasskandal-rund-um-vw-audi-und-porsche\/\" target=\"_self\" rel=\"bookmark noopener noreferrer\"><\/a>\n\t\t\t\t\t\t\t<\/article>\n\t\t\t\t\t\t\t\t\t\t\t\t\t\t\t\t<article class=\"uagb-post__inner-wrap\">\t\t\t\t\t\t\t\t<div class='uagb-post__image'>\n\t\t\t\t\t\t\t\t\t<a href=\"https:\/\/ru.law\/nl\/olg-koeln-verurteilt-audi-ag\/\" target=\"_self\" rel=\"bookmark noopener noreferrer\" class='uagb-image-ratio-inherit'><img loading=\"lazy\" decoding=\"async\" width=\"1024\" height=\"576\" src=\"https:\/\/ru.law\/wp-content\/uploads\/2021\/09\/rogert-ulbrich-rechtsanwalt-kanzlei-abgasskandal-premium-modelle-porsche-42l-1024x576.jpg\" class=\"attachment-large size-large\" alt=\"\" srcset=\"https:\/\/ru.law\/wp-content\/uploads\/2021\/09\/rogert-ulbrich-rechtsanwalt-kanzlei-abgasskandal-premium-modelle-porsche-42l-1024x576.jpg 1024w, https:\/\/ru.law\/wp-content\/uploads\/2021\/09\/rogert-ulbrich-rechtsanwalt-kanzlei-abgasskandal-premium-modelle-porsche-42l-300x169.jpg 300w, https:\/\/ru.law\/wp-content\/uploads\/2021\/09\/rogert-ulbrich-rechtsanwalt-kanzlei-abgasskandal-premium-modelle-porsche-42l-768x432.jpg 768w, https:\/\/ru.law\/wp-content\/uploads\/2021\/09\/rogert-ulbrich-rechtsanwalt-kanzlei-abgasskandal-premium-modelle-porsche-42l.jpg 1200w\" sizes=\"auto, (max-width: 1024px) 100vw, 1024px\" \/>\t\t\t\t\t<\/a>\n\t\t\t\t\t\t\t<\/div>\n\t\t\t\t\t\t<h4 class=\"uagb-post__title uagb-post__text\">\n\t\t\t\t<a href=\"https:\/\/ru.law\/nl\/olg-koeln-verurteilt-audi-ag\/\" target=\"_self\" rel=\"bookmark noopener noreferrer\">Audi AG moet Porsche Cayenne S terugnemen<\/a>\n\t\t\t<\/h4>\n\t\t\t\t\t\t<div class='uagb-post__text uagb-post-grid-byline'>\n\t\t\t\t\t\t\t<\/div>\n\t\t\t\t\t\t\t<div class='uagb-post__text uagb-post__excerpt'>\n\t\t\t\t\t<p>Audi AG kreeg van het Oberlandesgericht Keulen de opdracht een Porsche Cayenne S 4.2l terug te nemen\u2026.\t\t\t\t<\/div>\n\t\t\t\t\t\t<div class=\"uagb-post__text uagb-post__cta wp-block-button\">\n\t\t\t\t<a class=\"wp-block-button__link uagb-text-link\" style=\"\" href=\"https:\/\/ru.law\/nl\/olg-koeln-verurteilt-audi-ag\/\" target=\"_self\" rel=\"bookmark noopener noreferrer\">Lees meer<\/a>\n\t\t\t<\/div>\n\t\t\t\n\t\t\t\t\t\t\t\t<a class=\"uagb-post__link-complete-box\" href=\"https:\/\/ru.law\/nl\/olg-koeln-verurteilt-audi-ag\/\" target=\"_self\" rel=\"bookmark noopener noreferrer\"><\/a>\n\t\t\t\t\t\t\t<\/article>\n\t\t\t\t\t\t\t\t\t\t\t<\/div>\n\t\t\t\n\n\n<p><\/p>\n<\/div><\/div>\n<\/div><\/section>\n\n\n\n<p><\/p>","protected":false},"excerpt":{"rendered":"<p>Neue Hoffnung f\u00fcr Diesel-K\u00e4ufer, die ihr Fahrzeug nach dem 22.09.2015 erworben haben. Mit Urteil vom 30.07.2020 hat der BGH \u00fcber den Fall eines Kl\u00e4gers entschieden, [&hellip;]<\/p>\n","protected":false},"author":21,"featured_media":8652,"comment_status":"closed","ping_status":"open","sticky":false,"template":"","format":"standard","meta":{"_uag_custom_page_level_css":"","site-sidebar-layout":"default","site-content-layout":"default","ast-site-content-layout":"default","site-content-style":"default","site-sidebar-style":"default","ast-global-header-display":"","ast-banner-title-visibility":"","ast-main-header-display":"","ast-hfb-above-header-display":"","ast-hfb-below-header-display":"","ast-hfb-mobile-header-display":"","site-post-title":"","ast-breadcrumbs-content":"","ast-featured-img":"","footer-sml-layout":"","ast-disable-related-posts":"","theme-transparent-header-meta":"default","adv-header-id-meta":"","stick-header-meta":"","header-above-stick-meta":"","header-main-stick-meta":"","header-below-stick-meta":"","astra-migrate-meta-layouts":"default","ast-page-background-enabled":"default","ast-page-background-meta":{"desktop":{"background-color":"","background-image":"","background-repeat":"repeat","background-position":"center center","background-size":"auto","background-attachment":"scroll","background-type":"","background-media":"","overlay-type":"","overlay-color":"","overlay-opacity":"","overlay-gradient":""},"tablet":{"background-color":"","background-image":"","background-repeat":"repeat","background-position":"center center","background-size":"auto","background-attachment":"scroll","background-type":"","background-media":"","overlay-type":"","overlay-color":"","overlay-opacity":"","overlay-gradient":""},"mobile":{"background-color":"","background-image":"","background-repeat":"repeat","background-position":"center center","background-size":"auto","background-attachment":"scroll","background-type":"","background-media":"","overlay-type":"","overlay-color":"","overlay-opacity":"","overlay-gradient":""}},"ast-content-background-meta":{"desktop":{"background-color":"var(--ast-global-color-5)","background-image":"","background-repeat":"repeat","background-position":"center center","background-size":"auto","background-attachment":"scroll","background-type":"","background-media":"","overlay-type":"","overlay-color":"","overlay-opacity":"","overlay-gradient":""},"tablet":{"background-color":"var(--ast-global-color-5)","background-image":"","background-repeat":"repeat","background-position":"center center","background-size":"auto","background-attachment":"scroll","background-type":"","background-media":"","overlay-type":"","overlay-color":"","overlay-opacity":"","overlay-gradient":""},"mobile":{"background-color":"var(--ast-global-color-5)","background-image":"","background-repeat":"repeat","background-position":"center center","background-size":"auto","background-attachment":"scroll","background-type":"","background-media":"","overlay-type":"","overlay-color":"","overlay-opacity":"","overlay-gradient":""}},"footnotes":""},"categories":[2,507],"tags":[9,14,20,31,45],"class_list":["post-9056","post","type-post","status-publish","format-standard","has-post-thumbnail","hentry","category-abgasskandal","category-urteile","tag-audi","tag-bgh","tag-ea288","tag-porsche","tag-vw"],"yoast_head":"<!-- This site is optimized with the Yoast SEO Premium plugin v27.4 (Yoast SEO v27.4) - https:\/\/yoast.com\/product\/yoast-seo-premium-wordpress\/ -->\n<title>VW Abgassakandal - BGH Urteil durch Prozessbetrug - R&amp;U<\/title>\n<meta name=\"description\" content=\"Neue Hoffnung f\u00fcr Diesel-K\u00e4ufer im VW Abgasskandal! BGH Urteil zur VW ad-hoc Mitteilung durch Prozessbetrug erstritten? Jetzt informieren!\" \/>\n<meta name=\"robots\" content=\"index, follow, max-snippet:-1, max-image-preview:large, max-video-preview:-1\" \/>\n<link rel=\"canonical\" href=\"https:\/\/ru.law\/nl\/abgasskandal-prozessbetrug-bgh-urteil-zur-vw-ad-hoc-mitteilung\/\" \/>\n<meta property=\"og:locale\" content=\"nl_NL\" \/>\n<meta property=\"og:type\" content=\"article\" \/>\n<meta property=\"og:title\" content=\"Der Skandal im Abgasskandal- hat VW das BGH Urteil zum Kauf nach ad-hoc Mitteilung durch Prozessbetrug erstritten?\" \/>\n<meta property=\"og:description\" content=\"Neue Hoffnung f\u00fcr Diesel-K\u00e4ufer im VW Abgasskandal! BGH Urteil zur VW ad-hoc Mitteilung durch Prozessbetrug erstritten? Jetzt informieren!\" \/>\n<meta property=\"og:url\" content=\"https:\/\/ru.law\/nl\/abgasskandal-prozessbetrug-bgh-urteil-zur-vw-ad-hoc-mitteilung\/\" \/>\n<meta property=\"og:site_name\" content=\"R&amp;U\" \/>\n<meta property=\"article:publisher\" content=\"https:\/\/www.facebook.com\/RogertUlbrich\/\" \/>\n<meta property=\"article:published_time\" content=\"2020-10-17T10:00:00+00:00\" \/>\n<meta property=\"article:modified_time\" content=\"2024-07-08T11:12:47+00:00\" \/>\n<meta property=\"og:image\" content=\"https:\/\/ru.law\/wp-content\/uploads\/2020\/10\/abgasskandal-fahrzeuge.jpg\" \/>\n\t<meta property=\"og:image:width\" content=\"1400\" \/>\n\t<meta property=\"og:image:height\" content=\"800\" \/>\n\t<meta property=\"og:image:type\" content=\"image\/jpeg\" \/>\n<meta name=\"author\" content=\"Marco Rogert\" \/>\n<meta name=\"twitter:card\" content=\"summary_large_image\" \/>\n<meta name=\"twitter:creator\" content=\"@RogertUlbrich\" \/>\n<meta name=\"twitter:site\" content=\"@RogertUlbrich\" \/>\n<script type=\"application\/ld+json\" class=\"yoast-schema-graph\">{\"@context\":\"https:\\\/\\\/schema.org\",\"@graph\":[{\"@type\":\"Article\",\"@id\":\"https:\\\/\\\/ru.law\\\/abgasskandal-prozessbetrug-bgh-urteil-zur-vw-ad-hoc-mitteilung\\\/#article\",\"isPartOf\":{\"@id\":\"https:\\\/\\\/ru.law\\\/abgasskandal-prozessbetrug-bgh-urteil-zur-vw-ad-hoc-mitteilung\\\/\"},\"author\":{\"name\":\"Marco Rogert\",\"@id\":\"https:\\\/\\\/ru.law\\\/#\\\/schema\\\/person\\\/b020d506e6bbc471b4565d3a98173b87\"},\"headline\":\"Der Skandal im Abgasskandal- hat VW das BGH Urteil zum Kauf nach ad-hoc Mitteilung durch Prozessbetrug erstritten?\",\"datePublished\":\"2020-10-17T10:00:00+00:00\",\"dateModified\":\"2024-07-08T11:12:47+00:00\",\"mainEntityOfPage\":{\"@id\":\"https:\\\/\\\/ru.law\\\/abgasskandal-prozessbetrug-bgh-urteil-zur-vw-ad-hoc-mitteilung\\\/\"},\"wordCount\":1054,\"publisher\":{\"@id\":\"https:\\\/\\\/ru.law\\\/#organization\"},\"image\":{\"@id\":\"https:\\\/\\\/ru.law\\\/abgasskandal-prozessbetrug-bgh-urteil-zur-vw-ad-hoc-mitteilung\\\/#primaryimage\"},\"thumbnailUrl\":\"https:\\\/\\\/ru.law\\\/wp-content\\\/uploads\\\/2020\\\/10\\\/abgasskandal-fahrzeuge.jpg\",\"keywords\":[\"Audi\",\"BGH\",\"EA288\",\"Porsche\",\"VW\"],\"articleSection\":[\"Abgasskandal\",\"Urteile\"],\"inLanguage\":\"nl-NL\"},{\"@type\":\"WebPage\",\"@id\":\"https:\\\/\\\/ru.law\\\/abgasskandal-prozessbetrug-bgh-urteil-zur-vw-ad-hoc-mitteilung\\\/\",\"url\":\"https:\\\/\\\/ru.law\\\/abgasskandal-prozessbetrug-bgh-urteil-zur-vw-ad-hoc-mitteilung\\\/\",\"name\":\"VW Abgassakandal - BGH Urteil durch Prozessbetrug - R&amp;U\",\"isPartOf\":{\"@id\":\"https:\\\/\\\/ru.law\\\/#website\"},\"primaryImageOfPage\":{\"@id\":\"https:\\\/\\\/ru.law\\\/abgasskandal-prozessbetrug-bgh-urteil-zur-vw-ad-hoc-mitteilung\\\/#primaryimage\"},\"image\":{\"@id\":\"https:\\\/\\\/ru.law\\\/abgasskandal-prozessbetrug-bgh-urteil-zur-vw-ad-hoc-mitteilung\\\/#primaryimage\"},\"thumbnailUrl\":\"https:\\\/\\\/ru.law\\\/wp-content\\\/uploads\\\/2020\\\/10\\\/abgasskandal-fahrzeuge.jpg\",\"datePublished\":\"2020-10-17T10:00:00+00:00\",\"dateModified\":\"2024-07-08T11:12:47+00:00\",\"description\":\"Neue Hoffnung f\u00fcr Diesel-K\u00e4ufer im VW Abgasskandal! BGH Urteil zur VW ad-hoc Mitteilung durch Prozessbetrug erstritten? Jetzt informieren!\",\"breadcrumb\":{\"@id\":\"https:\\\/\\\/ru.law\\\/abgasskandal-prozessbetrug-bgh-urteil-zur-vw-ad-hoc-mitteilung\\\/#breadcrumb\"},\"inLanguage\":\"nl-NL\",\"potentialAction\":[{\"@type\":\"ReadAction\",\"target\":[\"https:\\\/\\\/ru.law\\\/abgasskandal-prozessbetrug-bgh-urteil-zur-vw-ad-hoc-mitteilung\\\/\"]}]},{\"@type\":\"ImageObject\",\"inLanguage\":\"nl-NL\",\"@id\":\"https:\\\/\\\/ru.law\\\/abgasskandal-prozessbetrug-bgh-urteil-zur-vw-ad-hoc-mitteilung\\\/#primaryimage\",\"url\":\"https:\\\/\\\/ru.law\\\/wp-content\\\/uploads\\\/2020\\\/10\\\/abgasskandal-fahrzeuge.jpg\",\"contentUrl\":\"https:\\\/\\\/ru.law\\\/wp-content\\\/uploads\\\/2020\\\/10\\\/abgasskandal-fahrzeuge.jpg\",\"width\":1400,\"height\":800,\"caption\":\"Abgasskandal Fahrzeuge\"},{\"@type\":\"BreadcrumbList\",\"@id\":\"https:\\\/\\\/ru.law\\\/abgasskandal-prozessbetrug-bgh-urteil-zur-vw-ad-hoc-mitteilung\\\/#breadcrumb\",\"itemListElement\":[{\"@type\":\"ListItem\",\"position\":1,\"name\":\"Startseite\",\"item\":\"https:\\\/\\\/ru.law\\\/\"},{\"@type\":\"ListItem\",\"position\":2,\"name\":\"Der Skandal im Abgasskandal- hat VW das BGH Urteil zum Kauf nach ad-hoc Mitteilung durch Prozessbetrug erstritten?\"}]},{\"@type\":\"WebSite\",\"@id\":\"https:\\\/\\\/ru.law\\\/#website\",\"url\":\"https:\\\/\\\/ru.law\\\/\",\"name\":\"R&U\",\"description\":\"Verbraucheranw\u00e4lte\",\"publisher\":{\"@id\":\"https:\\\/\\\/ru.law\\\/#organization\"},\"alternateName\":\"Rogert & Ulbrich\",\"potentialAction\":[{\"@type\":\"SearchAction\",\"target\":{\"@type\":\"EntryPoint\",\"urlTemplate\":\"https:\\\/\\\/ru.law\\\/?s={search_term_string}\"},\"query-input\":{\"@type\":\"PropertyValueSpecification\",\"valueRequired\":true,\"valueName\":\"search_term_string\"}}],\"inLanguage\":\"nl-NL\"},{\"@type\":\"Organization\",\"@id\":\"https:\\\/\\\/ru.law\\\/#organization\",\"name\":\"Kanzlei Rogert & Ulbrich\",\"url\":\"https:\\\/\\\/ru.law\\\/\",\"logo\":{\"@type\":\"ImageObject\",\"inLanguage\":\"nl-NL\",\"@id\":\"https:\\\/\\\/ru.law\\\/#\\\/schema\\\/logo\\\/image\\\/\",\"url\":\"https:\\\/\\\/ru.law\\\/wp-content\\\/uploads\\\/2020\\\/12\\\/logo-ru-law.svg\",\"contentUrl\":\"https:\\\/\\\/ru.law\\\/wp-content\\\/uploads\\\/2020\\\/12\\\/logo-ru-law.svg\",\"width\":992,\"height\":259,\"caption\":\"Kanzlei Rogert & Ulbrich\"},\"image\":{\"@id\":\"https:\\\/\\\/ru.law\\\/#\\\/schema\\\/logo\\\/image\\\/\"},\"sameAs\":[\"https:\\\/\\\/www.facebook.com\\\/RogertUlbrich\\\/\",\"https:\\\/\\\/x.com\\\/RogertUlbrich\",\"https:\\\/\\\/www.instagram.com\\\/rogertulbrich\\\/\",\"https:\\\/\\\/www.linkedin.com\\\/company\\\/rogert-ulbrich\\\/\",\"https:\\\/\\\/www.youtube.com\\\/channel\\\/UCganCgpvwpPFqMFf1vVmG2A\"]},{\"@type\":\"Person\",\"@id\":\"https:\\\/\\\/ru.law\\\/#\\\/schema\\\/person\\\/b020d506e6bbc471b4565d3a98173b87\",\"name\":\"Marco Rogert\",\"url\":\"https:\\\/\\\/ru.law\\\/nl\\\/author\\\/rogertru-law\\\/\"}]}<\/script>\n<!-- \/ Yoast SEO Premium plugin. -->","yoast_head_json":{"title":"VW-emissieschandaal - uitspraak van het Federale Hof van Justitie gebaseerd op procedurele fraude - R&amp;U","description":"Nieuwe hoop voor dieselkopers in het emissieschandaal van VW! Is de uitspraak van het Bundesgerichtshof (BGH) over de ad-hocaankondiging van VW verkregen door middel van procedurele fraude? Ontdek nu meer!","robots":{"index":"index","follow":"follow","max-snippet":"max-snippet:-1","max-image-preview":"max-image-preview:large","max-video-preview":"max-video-preview:-1"},"canonical":"https:\/\/ru.law\/nl\/abgasskandal-prozessbetrug-bgh-urteil-zur-vw-ad-hoc-mitteilung\/","og_locale":"nl_NL","og_type":"article","og_title":"Der Skandal im Abgasskandal- hat VW das BGH Urteil zum Kauf nach ad-hoc Mitteilung durch Prozessbetrug erstritten?","og_description":"Neue Hoffnung f\u00fcr Diesel-K\u00e4ufer im VW Abgasskandal! BGH Urteil zur VW ad-hoc Mitteilung durch Prozessbetrug erstritten? Jetzt informieren!","og_url":"https:\/\/ru.law\/nl\/abgasskandal-prozessbetrug-bgh-urteil-zur-vw-ad-hoc-mitteilung\/","og_site_name":"R&amp;U","article_publisher":"https:\/\/www.facebook.com\/RogertUlbrich\/","article_published_time":"2020-10-17T10:00:00+00:00","article_modified_time":"2024-07-08T11:12:47+00:00","og_image":[{"width":1400,"height":800,"url":"https:\/\/ru.law\/wp-content\/uploads\/2020\/10\/abgasskandal-fahrzeuge.jpg","type":"image\/jpeg"}],"author":"Marco Rogert","twitter_card":"summary_large_image","twitter_creator":"@RogertUlbrich","twitter_site":"@RogertUlbrich","schema":{"@context":"https:\/\/schema.org","@graph":[{"@type":"Article","@id":"https:\/\/ru.law\/abgasskandal-prozessbetrug-bgh-urteil-zur-vw-ad-hoc-mitteilung\/#article","isPartOf":{"@id":"https:\/\/ru.law\/abgasskandal-prozessbetrug-bgh-urteil-zur-vw-ad-hoc-mitteilung\/"},"author":{"name":"Marco Rogert","@id":"https:\/\/ru.law\/#\/schema\/person\/b020d506e6bbc471b4565d3a98173b87"},"headline":"Der Skandal im Abgasskandal- hat VW das BGH Urteil zum Kauf nach ad-hoc Mitteilung durch Prozessbetrug erstritten?","datePublished":"2020-10-17T10:00:00+00:00","dateModified":"2024-07-08T11:12:47+00:00","mainEntityOfPage":{"@id":"https:\/\/ru.law\/abgasskandal-prozessbetrug-bgh-urteil-zur-vw-ad-hoc-mitteilung\/"},"wordCount":1054,"publisher":{"@id":"https:\/\/ru.law\/#organization"},"image":{"@id":"https:\/\/ru.law\/abgasskandal-prozessbetrug-bgh-urteil-zur-vw-ad-hoc-mitteilung\/#primaryimage"},"thumbnailUrl":"https:\/\/ru.law\/wp-content\/uploads\/2020\/10\/abgasskandal-fahrzeuge.jpg","keywords":["Audi","BGH","EA288","Porsche","VW"],"articleSection":["Abgasskandal","Urteile"],"inLanguage":"nl-NL"},{"@type":"WebPage","@id":"https:\/\/ru.law\/abgasskandal-prozessbetrug-bgh-urteil-zur-vw-ad-hoc-mitteilung\/","url":"https:\/\/ru.law\/abgasskandal-prozessbetrug-bgh-urteil-zur-vw-ad-hoc-mitteilung\/","name":"VW-emissieschandaal - uitspraak van het Federale Hof van Justitie gebaseerd op procedurele fraude - R&amp;U","isPartOf":{"@id":"https:\/\/ru.law\/#website"},"primaryImageOfPage":{"@id":"https:\/\/ru.law\/abgasskandal-prozessbetrug-bgh-urteil-zur-vw-ad-hoc-mitteilung\/#primaryimage"},"image":{"@id":"https:\/\/ru.law\/abgasskandal-prozessbetrug-bgh-urteil-zur-vw-ad-hoc-mitteilung\/#primaryimage"},"thumbnailUrl":"https:\/\/ru.law\/wp-content\/uploads\/2020\/10\/abgasskandal-fahrzeuge.jpg","datePublished":"2020-10-17T10:00:00+00:00","dateModified":"2024-07-08T11:12:47+00:00","description":"Nieuwe hoop voor dieselkopers in het emissieschandaal van VW! Is de uitspraak van het Bundesgerichtshof (BGH) over de ad-hocaankondiging van VW verkregen door middel van procedurele fraude? Ontdek nu meer!","breadcrumb":{"@id":"https:\/\/ru.law\/abgasskandal-prozessbetrug-bgh-urteil-zur-vw-ad-hoc-mitteilung\/#breadcrumb"},"inLanguage":"nl-NL","potentialAction":[{"@type":"ReadAction","target":["https:\/\/ru.law\/abgasskandal-prozessbetrug-bgh-urteil-zur-vw-ad-hoc-mitteilung\/"]}]},{"@type":"ImageObject","inLanguage":"nl-NL","@id":"https:\/\/ru.law\/abgasskandal-prozessbetrug-bgh-urteil-zur-vw-ad-hoc-mitteilung\/#primaryimage","url":"https:\/\/ru.law\/wp-content\/uploads\/2020\/10\/abgasskandal-fahrzeuge.jpg","contentUrl":"https:\/\/ru.law\/wp-content\/uploads\/2020\/10\/abgasskandal-fahrzeuge.jpg","width":1400,"height":800,"caption":"Abgasskandal Fahrzeuge"},{"@type":"BreadcrumbList","@id":"https:\/\/ru.law\/abgasskandal-prozessbetrug-bgh-urteil-zur-vw-ad-hoc-mitteilung\/#breadcrumb","itemListElement":[{"@type":"ListItem","position":1,"name":"Startseite","item":"https:\/\/ru.law\/"},{"@type":"ListItem","position":2,"name":"Der Skandal im Abgasskandal- hat VW das BGH Urteil zum Kauf nach ad-hoc Mitteilung durch Prozessbetrug erstritten?"}]},{"@type":"WebSite","@id":"https:\/\/ru.law\/#website","url":"https:\/\/ru.law\/","name":"R&amp;U","description":"Consumentenadvocaten","publisher":{"@id":"https:\/\/ru.law\/#organization"},"alternateName":"Rogert & Ulbrich","potentialAction":[{"@type":"SearchAction","target":{"@type":"EntryPoint","urlTemplate":"https:\/\/ru.law\/?s={search_term_string}"},"query-input":{"@type":"PropertyValueSpecification","valueRequired":true,"valueName":"search_term_string"}}],"inLanguage":"nl-NL"},{"@type":"Organization","@id":"https:\/\/ru.law\/#organization","name":"Advocatenkantoor Rogert &amp; Ulbrich","url":"https:\/\/ru.law\/","logo":{"@type":"ImageObject","inLanguage":"nl-NL","@id":"https:\/\/ru.law\/#\/schema\/logo\/image\/","url":"https:\/\/ru.law\/wp-content\/uploads\/2020\/12\/logo-ru-law.svg","contentUrl":"https:\/\/ru.law\/wp-content\/uploads\/2020\/12\/logo-ru-law.svg","width":992,"height":259,"caption":"Kanzlei Rogert & Ulbrich"},"image":{"@id":"https:\/\/ru.law\/#\/schema\/logo\/image\/"},"sameAs":["https:\/\/www.facebook.com\/RogertUlbrich\/","https:\/\/x.com\/RogertUlbrich","https:\/\/www.instagram.com\/rogertulbrich\/","https:\/\/www.linkedin.com\/company\/rogert-ulbrich\/","https:\/\/www.youtube.com\/channel\/UCganCgpvwpPFqMFf1vVmG2A"]},{"@type":"Person","@id":"https:\/\/ru.law\/#\/schema\/person\/b020d506e6bbc471b4565d3a98173b87","name":"Marco Rogert","url":"https:\/\/ru.law\/nl\/author\/rogertru-law\/"}]}},"uagb_featured_image_src":{"full":["https:\/\/ru.law\/wp-content\/uploads\/2020\/10\/abgasskandal-fahrzeuge.jpg",1400,800,false],"thumbnail":["https:\/\/ru.law\/wp-content\/uploads\/2020\/10\/abgasskandal-fahrzeuge-150x150.jpg",96,96,true],"medium":["https:\/\/ru.law\/wp-content\/uploads\/2020\/10\/abgasskandal-fahrzeuge-300x171.jpg",300,171,true],"medium_large":["https:\/\/ru.law\/wp-content\/uploads\/2020\/10\/abgasskandal-fahrzeuge-768x439.jpg",768,439,true],"large":["https:\/\/ru.law\/wp-content\/uploads\/2020\/10\/abgasskandal-fahrzeuge-1024x585.jpg",1024,585,true],"1536x1536":["https:\/\/ru.law\/wp-content\/uploads\/2020\/10\/abgasskandal-fahrzeuge.jpg",1400,800,false],"2048x2048":["https:\/\/ru.law\/wp-content\/uploads\/2020\/10\/abgasskandal-fahrzeuge.jpg",1400,800,false],"trp-custom-language-flag":["https:\/\/ru.law\/wp-content\/uploads\/2020\/10\/abgasskandal-fahrzeuge.jpg",18,10,false]},"uagb_author_info":{"display_name":"Marco Rogert","author_link":"https:\/\/ru.law\/nl\/author\/rogertru-law\/"},"uagb_comment_info":0,"uagb_excerpt":"Neue Hoffnung f\u00fcr Diesel-K\u00e4ufer, die ihr Fahrzeug nach dem 22.09.2015 erworben haben. Mit Urteil vom 30.07.2020 hat der BGH \u00fcber den Fall eines Kl\u00e4gers entschieden, [&hellip;]","_links":{"self":[{"href":"https:\/\/ru.law\/nl\/wp-json\/wp\/v2\/posts\/9056","targetHints":{"allow":["GET"]}}],"collection":[{"href":"https:\/\/ru.law\/nl\/wp-json\/wp\/v2\/posts"}],"about":[{"href":"https:\/\/ru.law\/nl\/wp-json\/wp\/v2\/types\/post"}],"author":[{"embeddable":true,"href":"https:\/\/ru.law\/nl\/wp-json\/wp\/v2\/users\/21"}],"replies":[{"embeddable":true,"href":"https:\/\/ru.law\/nl\/wp-json\/wp\/v2\/comments?post=9056"}],"version-history":[{"count":0,"href":"https:\/\/ru.law\/nl\/wp-json\/wp\/v2\/posts\/9056\/revisions"}],"wp:featuredmedia":[{"embeddable":true,"href":"https:\/\/ru.law\/nl\/wp-json\/wp\/v2\/media\/8652"}],"wp:attachment":[{"href":"https:\/\/ru.law\/nl\/wp-json\/wp\/v2\/media?parent=9056"}],"wp:term":[{"taxonomy":"category","embeddable":true,"href":"https:\/\/ru.law\/nl\/wp-json\/wp\/v2\/categories?post=9056"},{"taxonomy":"post_tag","embeddable":true,"href":"https:\/\/ru.law\/nl\/wp-json\/wp\/v2\/tags?post=9056"}],"curies":[{"name":"wp","href":"https:\/\/api.w.org\/{rel}","templated":true}]}}