{"id":90114,"date":"2025-06-02T13:55:22","date_gmt":"2025-06-02T11:55:22","guid":{"rendered":"https:\/\/ru.law\/?p=90114"},"modified":"2026-04-08T10:07:28","modified_gmt":"2026-04-08T08:07:28","slug":"tesla-waechtermodus","status":"publish","type":"post","link":"https:\/\/ru.law\/nl\/tesla-waechtermodus\/","title":{"rendered":"Tesla Guardian-modus: schending van de AVG \u2013 uitspraak van de Oostenrijkse federale bestuursrechter"},"content":{"rendered":"<p>In haar uitspraak van 9 mei 2024 deed de Oostenrijkse federale bestuursrechter (BVwG) een baanbrekende uitspraak over de zogenoemde Tesla \u201cguard mode\u201d. De beslissing richt zich op de beoordeling van de gegevensbescherming van permanente video-opnamen door Tesla-voertuigen in de openbare ruimte.<\/p>\n\n\n\n<p>De rechtbank verduidelijkt: Het gebruik van de bewakingsmodus is in strijd met belangrijke voorschriften van de <a href=\"https:\/\/ru.law\/nl\/datenschutzrecht-b2c-haupt\/\">Algemene Verordening Gegevensbescherming (AVG)<\/a> (AVG), met name wat betreft de informatieverplichtingen onder artikel 13 van de AVG. Voertuigeigenaren die deze functie gebruiken, riskeren daarom niet alleen een datalek, maar ook offici\u00eble sancties.<\/p>\n\n\n\n<h2 class=\"wp-block-heading\" id=\"h-tesla-wachtermodus-datenschutzrechtlich-erklart-fur-mandanten-und-unternehmen\"><strong>Tesla Guardian-modus: Gegevensbescherming uitgelegd voor klanten en bedrijven<\/strong><\/h2>\n\n\n\n<p>De Sentry-modus in Tesla-voertuigen is een automatische bewakingsfunctie die gebruikmaakt van een camera om het gebied rond het voertuig vast te leggen zodra mensen naderen, zelfs zonder het voertuig aan te raken.<\/p>\n\n\n\n<p>Sinds een software-update eind 2022 worden opnames alleen nog opgeslagen als extra sensoren trillingen registreren. Ook de opslagduur is teruggebracht van tien naar maximaal twee minuten.<\/p>\n\n\n\n<p>Vanuit het oogpunt van gegevensbescherming is dit bijzonder kritisch: de opnamen worden lokaal opgeslagen op een USB-stick, waartoe alleen de eigenaar van het voertuig toegang heeft \u2013 zonder enige controlemogelijkheden voor de betrokken derden. Voor juristen op het gebied van gegevensbescherming rijst daarom de vraag of het gebruik van de voogdijmodus verenigbaar is met de AVG, in het bijzonder met het oog op de informatieverplichtingen van art. 13 AVG en het recht op gegevenswissing (art. 17 AVG).<\/p>\n\n\n\n<p>Weet u niet zeker of de beelden van uw Tesla of dashcam voldoen aan de AVG? Vermijd juridische risico&#039;s en bescherm uzelf tegen schendingen van de gegevensbescherming. Laat nu uw voertuigbewaking wettelijk controleren \u2013 deskundig, begrijpelijk en individueel.<\/p>\n\n\n\n<h2 class=\"wp-block-heading\" id=\"h-hintergrund-zur-entscheidung-datenschutzbeschwerde-gegen-tesla-wachtermodus\"><strong>Achtergrond van de beslissing: Klacht over gegevensbescherming tegen Tesla Guard-modus<\/strong><\/h2>\n\n\n\n<p>De beoordeling van de gegevensbescherming werd in gang gezet naar aanleiding van een incident waarbij een Tesla met zijn lichten knipperde terwijl deze in de bewakingsmodus stond, terwijl er een onverschillige persoon langs het voertuig liep. Uit de reactie van het voertuig bleek dat er video-opnamen werden gemaakt, zonder waarschuwing of kennelijke toestemming.<\/p>\n\n\n\n<p>De betrokkene was van mening dat zijn of haar persoonlijke rechten waren geschonden en diende een klacht in bij de Oostenrijkse gegevensbeschermingsautoriteit. De zaak leidde tot een rechterlijke toetsing van de vraag of het gebruik van de voogdijmodus verenigbaar is met de beginselen van de AVG, in het bijzonder de gegevensminimalisatie en de verplichting tot transparantie overeenkomstig art. 13 AVG.<\/p>\n\n\n\n<p>Gebruikt u de Sentry-modus in uw Tesla of een ander voertuig met camerabewaking? Wij controleren voor u of uw gebruik voldoet aan de regelgeving inzake gegevensbescherming \u2013 en hoe u boetes kunt voorkomen. Vraag nu juridisch advies aan \u2013 voor meer duidelijkheid bij het gebruik van voertuigcamera\u2019s.<\/p>\n\n\n\n<h2 class=\"wp-block-heading\" id=\"h-rechtliche-bewertung-tesla-wachtermodus-und-verantwortlichkeit-nach-dsgvo\"><strong>Juridische beoordeling: Tesla Sentinel-modus en aansprakelijkheid onder AVG<\/strong><\/h2>\n\n\n\n<p>De Oostenrijkse federale bestuursrechter (BVwG) heeft in zijn uitspraak het volgende verduidelijkt: Voertuigeigenaren die de Tesla Sentinel-modus activeren, worden beschouwd als verantwoordelijk in de zin van de AVG. Dit betekent dat zij onderworpen zijn aan alle verplichtingen die voortvloeien uit deze rol op het gebied van gegevensbescherming \u2013 in het bijzonder de informatieplicht conform art. 13 AVG.<\/p>\n\n\n\n<p>Opmerkelijk is dat voor de classificatie als verwerkingsverantwoordelijke de mogelijkheid van gegevensverzameling voldoende is \u2013 ongeacht of er daadwerkelijk een video-opname plaatsvindt. Alleen al het activeren van de bewakingsmodus en de reactie van het voertuig daarop (bijvoorbeeld knipperen) leiden tot wettelijke verplichtingen.<\/p>\n\n\n\n<p>Voertuigeigenaren zijn daarom verplicht om op het voertuig duidelijk zichtbare privacyverklaringen aan te brengen die voldoen aan de eisen van art. 13 AVG. Deze instructies moeten onder meer het volgende bevatten:<\/p>\n\n\n\n<ul class=\"wp-block-list\">\n<li>Naam en contactgegevens van de verantwoordelijke persoon<\/li>\n\n\n\n<li>Doel en wettelijke basis van de gegevensverwerking<\/li>\n\n\n\n<li>indien van toepassing, gerechtvaardigde belangen overeenkomstig art. 6 (1) (f) AVG<\/li>\n\n\n\n<li>Ontvangers of categorie\u00ebn ontvangers van de gegevens<\/li>\n\n\n\n<li>indien van toepassing, informatie over overdrachten naar derde landen, inclusief het adequaatheidsbesluit of passende waarborgen<\/li>\n<\/ul>\n\n\n\n<p>Conclusie: Iedereen die de voogdijmodus gebruikt zonder aan deze informatieverplichtingen te voldoen, loopt het risico op schendingen van de AVG \u2013 inclusief boetes en gerechtelijke bevelen.<\/p>\n\n\n\n<p>Gebruikt u de Tesla Sentinel-modus of een dashcam? Wij controleren voor u of uw voertuigbewakingssysteem voldoet aan de eisen van de AVG en helpen u bij het opstellen van wettelijk conforme privacyverklaringen. Vraag nu advies en voorkom risico&#039;s op het gebied van gegevensbescherming.<\/p>\n\n\n\n<h2 class=\"wp-block-heading\" id=\"h-tesla-wachtermodus-datenschutzrechtliche-risiken-durch-fernzugriff-per-app\"><strong>Tesla Sentinel-modus: Risico&#039;s voor gegevensbescherming bij externe toegang via app<\/strong><\/h2>\n\n\n\n<p>Tesla heeft de functionaliteit van de Sentinel-modus uitgebreid: voertuigeigenaren kunnen nu via een smartphone-app in realtime toegang krijgen tot de exterieure camera&#039;s van hun voertuig en de camerabeelden op afstand streamen. Hoewel deze technologische verbetering de beveiliging van bewakingssystemen vergroot, brengt het ook aanzienlijke zorgen met zich mee over de gegevensbescherming.<\/p>\n\n\n\n<p>Dankzij toegang op afstand is continue observatie van openbare ruimtes mogelijk, inclusief de mogelijkheid om niet-betrokken voorbijgangers te registreren. Hierdoor wordt het risico op onrechtmatige verwerking van persoonsgegevens aanzienlijk vergroot.<\/p>\n\n\n\n<p>Daarnaast kan ervan worden uitgegaan dat bij gebruik van de app persoonsgegevens via clouddiensten naar de Verenigde Staten worden overgedragen. Er is sprake van een doorgifte aan een derde land in de zin van art. 44 en verder. AVG \u2013 gaat gepaard met aanvullende eisen voor gegevensbeveiliging en transparantie. Zonder passende waarborgen of een geldige rechtsgrondslag kan dit aanzienlijke juridische gevolgen hebben.<\/p>\n\n\n\n<p>Gebruikt u de Tesla-app om uw voertuig op afstand te bewaken? Wij controleren voor u of uw gebruik voldoet aan de regelgeving inzake gegevensbescherming \u2013 en helpen u boetes en klachten te voorkomen. Vraag nu juridisch advies aan \u2013 deskundig, individueel en AVG-conform.<\/p>\n\n\n\n<h2 class=\"wp-block-heading\" id=\"h-auswirkungen-der-entscheidung-dsgvo-pflichten-fur-private-fahrzeuguberwachung\"><strong>Impact van het besluit: AVG-verplichtingen voor het toezicht op priv\u00e9voertuigen<\/strong><\/h2>\n\n\n\n<p>De uitspraak van de Oostenrijkse federale bestuursrechter maakt het onmiskenbaar duidelijk: het activeren van de Tesla Sentinel-modus brengt specifieke verplichtingen op het gebied van gegevensbescherming met zich mee \u2013 ongeacht of er daadwerkelijk video-opnamen worden opgeslagen.<\/p>\n\n\n\n<p>Voertuigeigenaren zijn in de zin van de AVG verantwoordelijke partijen en moeten ervoor zorgen dat personen die zich in de omgeving van het voertuig bevinden, actief en transparant worden ge\u00efnformeerd over de gegevensverwerking. Dit betekent dat de loutere mogelijkheid tot vastlegging de naleving van de informatieverplichtingen uit art. 13 AVG.<\/p>\n\n\n\n<p>De uitspraak reikt verder dan het individuele geval: ze kan dienen als leidraad voor de beoordeling van particuliere bewakingstechnologie\u00ebn in voertuigen in de hele EU. Bovenal groeit de behoefte aan heldere, publieke communicatie over maatregelen inzake gegevensbescherming.<\/p>\n\n\n\n<p>Gebruikt u camera- of bewakingssystemen op uw voertuig? Wij laten u zien hoe u aan de regelgeving inzake gegevensbescherming kunt voldoen en juridische risico&#039;s kunt vermijden. Neem nu contact met ons op voor een wettelijk conforme oplossing voor AVG- en voertuigbewaking.<\/p>","protected":false},"excerpt":{"rendered":"<p>Das Bundesverwaltungsgericht \u00d6sterreich (BVwG) hat mit Beschluss vom 9. Mai 2024 ein wegweisendes Urteil zum sogenannten Tesla &#8222;W\u00e4chtermodus&#8220; gef\u00e4llt. Im Zentrum der Entscheidung steht die [&hellip;]<\/p>\n","protected":false},"author":21,"featured_media":90115,"comment_status":"closed","ping_status":"open","sticky":false,"template":"","format":"standard","meta":{"_uag_custom_page_level_css":"","site-sidebar-layout":"default","site-content-layout":"","ast-site-content-layout":"default","site-content-style":"default","site-sidebar-style":"default","ast-global-header-display":"","ast-banner-title-visibility":"","ast-main-header-display":"","ast-hfb-above-header-display":"","ast-hfb-below-header-display":"","ast-hfb-mobile-header-display":"","site-post-title":"","ast-breadcrumbs-content":"","ast-featured-img":"","footer-sml-layout":"","ast-disable-related-posts":"","theme-transparent-header-meta":"","adv-header-id-meta":"","stick-header-meta":"","header-above-stick-meta":"","header-main-stick-meta":"","header-below-stick-meta":"","astra-migrate-meta-layouts":"set","ast-page-background-enabled":"default","ast-page-background-meta":{"desktop":{"background-color":"","background-image":"","background-repeat":"repeat","background-position":"center center","background-size":"auto","background-attachment":"scroll","background-type":"","background-media":"","overlay-type":"","overlay-color":"","overlay-opacity":"","overlay-gradient":""},"tablet":{"background-color":"","background-image":"","background-repeat":"repeat","background-position":"center center","background-size":"auto","background-attachment":"scroll","background-type":"","background-media":"","overlay-type":"","overlay-color":"","overlay-opacity":"","overlay-gradient":""},"mobile":{"background-color":"","background-image":"","background-repeat":"repeat","background-position":"center center","background-size":"auto","background-attachment":"scroll","background-type":"","background-media":"","overlay-type":"","overlay-color":"","overlay-opacity":"","overlay-gradient":""}},"ast-content-background-meta":{"desktop":{"background-color":"var(--ast-global-color-5)","background-image":"","background-repeat":"repeat","background-position":"center center","background-size":"auto","background-attachment":"scroll","background-type":"","background-media":"","overlay-type":"","overlay-color":"","overlay-opacity":"","overlay-gradient":""},"tablet":{"background-color":"var(--ast-global-color-5)","background-image":"","background-repeat":"repeat","background-position":"center center","background-size":"auto","background-attachment":"scroll","background-type":"","background-media":"","overlay-type":"","overlay-color":"","overlay-opacity":"","overlay-gradient":""},"mobile":{"background-color":"var(--ast-global-color-5)","background-image":"","background-repeat":"repeat","background-position":"center center","background-size":"auto","background-attachment":"scroll","background-type":"","background-media":"","overlay-type":"","overlay-color":"","overlay-opacity":"","overlay-gradient":""}},"footnotes":""},"categories":[1320,1172],"tags":[1169,1298,1318,1319],"class_list":["post-90114","post","type-post","status-publish","format-standard","has-post-thumbnail","hentry","category-automotive","category-datenschutzrecht","tag-datenschutz","tag-dsgvo","tag-tesla","tag-waechtermodus"],"yoast_head":"<!-- This site is optimized with the Yoast SEO Premium plugin v27.4 (Yoast SEO v27.4) - https:\/\/yoast.com\/product\/yoast-seo-premium-wordpress\/ -->\n<title>Tesla W\u00e4chtermodus: Versto\u00df gegen DSGVO \u2013 Urteil des Bundesverwaltungsgerichts \u00d6sterreich - R&amp;U<\/title>\n<meta name=\"description\" content=\"Tesla W\u00e4chtermodus: Versto\u00df gegen DSGVO \u2013 Urteil des Bundesverwaltungsgerichts \u00d6sterreich\" \/>\n<meta name=\"robots\" content=\"index, follow, max-snippet:-1, max-image-preview:large, max-video-preview:-1\" \/>\n<link rel=\"canonical\" href=\"https:\/\/ru.law\/nl\/tesla-waechtermodus\/\" \/>\n<meta property=\"og:locale\" content=\"nl_NL\" \/>\n<meta property=\"og:type\" content=\"article\" \/>\n<meta property=\"og:title\" content=\"Tesla W\u00e4chtermodus: Versto\u00df gegen DSGVO \u2013 Urteil des Bundesverwaltungsgerichts \u00d6sterreich\" \/>\n<meta property=\"og:description\" content=\"Tesla W\u00e4chtermodus: Versto\u00df gegen DSGVO \u2013 Urteil des Bundesverwaltungsgerichts \u00d6sterreich\" \/>\n<meta property=\"og:url\" content=\"https:\/\/ru.law\/nl\/tesla-waechtermodus\/\" \/>\n<meta property=\"og:site_name\" content=\"R&amp;U\" \/>\n<meta property=\"article:publisher\" content=\"https:\/\/www.facebook.com\/RogertUlbrich\/\" \/>\n<meta property=\"article:published_time\" content=\"2025-06-02T11:55:22+00:00\" \/>\n<meta property=\"article:modified_time\" content=\"2026-04-08T08:07:28+00:00\" \/>\n<meta property=\"og:image\" content=\"https:\/\/ru.law\/wp-content\/uploads\/2025\/06\/AdobeStock_984182915-scaled.jpeg\" \/>\n\t<meta property=\"og:image:width\" content=\"2560\" \/>\n\t<meta property=\"og:image:height\" content=\"1707\" \/>\n\t<meta property=\"og:image:type\" content=\"image\/jpeg\" \/>\n<meta name=\"author\" content=\"Marco Rogert\" \/>\n<meta name=\"twitter:card\" content=\"summary_large_image\" \/>\n<meta name=\"twitter:creator\" content=\"@RogertUlbrich\" \/>\n<meta name=\"twitter:site\" content=\"@RogertUlbrich\" \/>\n<script type=\"application\/ld+json\" class=\"yoast-schema-graph\">{\"@context\":\"https:\\\/\\\/schema.org\",\"@graph\":[{\"@type\":\"Article\",\"@id\":\"https:\\\/\\\/ru.law\\\/tesla-waechtermodus\\\/#article\",\"isPartOf\":{\"@id\":\"https:\\\/\\\/ru.law\\\/tesla-waechtermodus\\\/\"},\"author\":{\"name\":\"Marco Rogert\",\"@id\":\"https:\\\/\\\/ru.law\\\/#\\\/schema\\\/person\\\/b020d506e6bbc471b4565d3a98173b87\"},\"headline\":\"Tesla W\u00e4chtermodus: Versto\u00df gegen DSGVO \u2013 Urteil des Bundesverwaltungsgerichts \u00d6sterreich\",\"datePublished\":\"2025-06-02T11:55:22+00:00\",\"dateModified\":\"2026-04-08T08:07:28+00:00\",\"mainEntityOfPage\":{\"@id\":\"https:\\\/\\\/ru.law\\\/tesla-waechtermodus\\\/\"},\"wordCount\":947,\"publisher\":{\"@id\":\"https:\\\/\\\/ru.law\\\/#organization\"},\"image\":{\"@id\":\"https:\\\/\\\/ru.law\\\/tesla-waechtermodus\\\/#primaryimage\"},\"thumbnailUrl\":\"https:\\\/\\\/ru.law\\\/wp-content\\\/uploads\\\/2025\\\/06\\\/AdobeStock_984182915-scaled.jpeg\",\"keywords\":[\"Datenschutz\",\"DSGVO\",\"Tesla\",\"W\u00e4chtermodus\"],\"articleSection\":[\"Automotive\",\"Datenschutzrecht\"],\"inLanguage\":\"nl-NL\"},{\"@type\":\"WebPage\",\"@id\":\"https:\\\/\\\/ru.law\\\/tesla-waechtermodus\\\/\",\"url\":\"https:\\\/\\\/ru.law\\\/tesla-waechtermodus\\\/\",\"name\":\"Tesla W\u00e4chtermodus: Versto\u00df gegen DSGVO \u2013 Urteil des Bundesverwaltungsgerichts \u00d6sterreich - R&amp;U\",\"isPartOf\":{\"@id\":\"https:\\\/\\\/ru.law\\\/#website\"},\"primaryImageOfPage\":{\"@id\":\"https:\\\/\\\/ru.law\\\/tesla-waechtermodus\\\/#primaryimage\"},\"image\":{\"@id\":\"https:\\\/\\\/ru.law\\\/tesla-waechtermodus\\\/#primaryimage\"},\"thumbnailUrl\":\"https:\\\/\\\/ru.law\\\/wp-content\\\/uploads\\\/2025\\\/06\\\/AdobeStock_984182915-scaled.jpeg\",\"datePublished\":\"2025-06-02T11:55:22+00:00\",\"dateModified\":\"2026-04-08T08:07:28+00:00\",\"description\":\"Tesla W\u00e4chtermodus: Versto\u00df gegen DSGVO \u2013 Urteil des Bundesverwaltungsgerichts \u00d6sterreich\",\"breadcrumb\":{\"@id\":\"https:\\\/\\\/ru.law\\\/tesla-waechtermodus\\\/#breadcrumb\"},\"inLanguage\":\"nl-NL\",\"potentialAction\":[{\"@type\":\"ReadAction\",\"target\":[\"https:\\\/\\\/ru.law\\\/tesla-waechtermodus\\\/\"]}]},{\"@type\":\"ImageObject\",\"inLanguage\":\"nl-NL\",\"@id\":\"https:\\\/\\\/ru.law\\\/tesla-waechtermodus\\\/#primaryimage\",\"url\":\"https:\\\/\\\/ru.law\\\/wp-content\\\/uploads\\\/2025\\\/06\\\/AdobeStock_984182915-scaled.jpeg\",\"contentUrl\":\"https:\\\/\\\/ru.law\\\/wp-content\\\/uploads\\\/2025\\\/06\\\/AdobeStock_984182915-scaled.jpeg\",\"width\":2560,\"height\":1707},{\"@type\":\"BreadcrumbList\",\"@id\":\"https:\\\/\\\/ru.law\\\/tesla-waechtermodus\\\/#breadcrumb\",\"itemListElement\":[{\"@type\":\"ListItem\",\"position\":1,\"name\":\"Startseite\",\"item\":\"https:\\\/\\\/ru.law\\\/\"},{\"@type\":\"ListItem\",\"position\":2,\"name\":\"Tesla W\u00e4chtermodus: Versto\u00df gegen DSGVO \u2013 Urteil des Bundesverwaltungsgerichts \u00d6sterreich\"}]},{\"@type\":\"WebSite\",\"@id\":\"https:\\\/\\\/ru.law\\\/#website\",\"url\":\"https:\\\/\\\/ru.law\\\/\",\"name\":\"R&U\",\"description\":\"Verbraucheranw\u00e4lte\",\"publisher\":{\"@id\":\"https:\\\/\\\/ru.law\\\/#organization\"},\"alternateName\":\"Rogert & Ulbrich\",\"potentialAction\":[{\"@type\":\"SearchAction\",\"target\":{\"@type\":\"EntryPoint\",\"urlTemplate\":\"https:\\\/\\\/ru.law\\\/?s={search_term_string}\"},\"query-input\":{\"@type\":\"PropertyValueSpecification\",\"valueRequired\":true,\"valueName\":\"search_term_string\"}}],\"inLanguage\":\"nl-NL\"},{\"@type\":\"Organization\",\"@id\":\"https:\\\/\\\/ru.law\\\/#organization\",\"name\":\"Kanzlei Rogert & Ulbrich\",\"url\":\"https:\\\/\\\/ru.law\\\/\",\"logo\":{\"@type\":\"ImageObject\",\"inLanguage\":\"nl-NL\",\"@id\":\"https:\\\/\\\/ru.law\\\/#\\\/schema\\\/logo\\\/image\\\/\",\"url\":\"https:\\\/\\\/ru.law\\\/wp-content\\\/uploads\\\/2020\\\/12\\\/logo-ru-law.svg\",\"contentUrl\":\"https:\\\/\\\/ru.law\\\/wp-content\\\/uploads\\\/2020\\\/12\\\/logo-ru-law.svg\",\"width\":992,\"height\":259,\"caption\":\"Kanzlei Rogert & Ulbrich\"},\"image\":{\"@id\":\"https:\\\/\\\/ru.law\\\/#\\\/schema\\\/logo\\\/image\\\/\"},\"sameAs\":[\"https:\\\/\\\/www.facebook.com\\\/RogertUlbrich\\\/\",\"https:\\\/\\\/x.com\\\/RogertUlbrich\",\"https:\\\/\\\/www.instagram.com\\\/rogertulbrich\\\/\",\"https:\\\/\\\/www.linkedin.com\\\/company\\\/rogert-ulbrich\\\/\",\"https:\\\/\\\/www.youtube.com\\\/channel\\\/UCganCgpvwpPFqMFf1vVmG2A\"]},{\"@type\":\"Person\",\"@id\":\"https:\\\/\\\/ru.law\\\/#\\\/schema\\\/person\\\/b020d506e6bbc471b4565d3a98173b87\",\"name\":\"Marco Rogert\",\"url\":\"https:\\\/\\\/ru.law\\\/nl\\\/author\\\/rogertru-law\\\/\"}]}<\/script>\n<!-- \/ Yoast SEO Premium plugin. -->","yoast_head_json":{"title":"Tesla W\u00e4chtermodus: Versto\u00df gegen DSGVO \u2013 Urteil des Bundesverwaltungsgerichts \u00d6sterreich - R&amp;U","description":"Tesla Guardian-modus: schending van de AVG \u2013 uitspraak van de Oostenrijkse federale bestuursrechter","robots":{"index":"index","follow":"follow","max-snippet":"max-snippet:-1","max-image-preview":"max-image-preview:large","max-video-preview":"max-video-preview:-1"},"canonical":"https:\/\/ru.law\/nl\/tesla-waechtermodus\/","og_locale":"nl_NL","og_type":"article","og_title":"Tesla W\u00e4chtermodus: Versto\u00df gegen DSGVO \u2013 Urteil des Bundesverwaltungsgerichts \u00d6sterreich","og_description":"Tesla W\u00e4chtermodus: Versto\u00df gegen DSGVO \u2013 Urteil des Bundesverwaltungsgerichts \u00d6sterreich","og_url":"https:\/\/ru.law\/nl\/tesla-waechtermodus\/","og_site_name":"R&amp;U","article_publisher":"https:\/\/www.facebook.com\/RogertUlbrich\/","article_published_time":"2025-06-02T11:55:22+00:00","article_modified_time":"2026-04-08T08:07:28+00:00","og_image":[{"width":2560,"height":1707,"url":"https:\/\/ru.law\/wp-content\/uploads\/2025\/06\/AdobeStock_984182915-scaled.jpeg","type":"image\/jpeg"}],"author":"Marco Rogert","twitter_card":"summary_large_image","twitter_creator":"@RogertUlbrich","twitter_site":"@RogertUlbrich","schema":{"@context":"https:\/\/schema.org","@graph":[{"@type":"Article","@id":"https:\/\/ru.law\/tesla-waechtermodus\/#article","isPartOf":{"@id":"https:\/\/ru.law\/tesla-waechtermodus\/"},"author":{"name":"Marco Rogert","@id":"https:\/\/ru.law\/#\/schema\/person\/b020d506e6bbc471b4565d3a98173b87"},"headline":"Tesla W\u00e4chtermodus: Versto\u00df gegen DSGVO \u2013 Urteil des Bundesverwaltungsgerichts \u00d6sterreich","datePublished":"2025-06-02T11:55:22+00:00","dateModified":"2026-04-08T08:07:28+00:00","mainEntityOfPage":{"@id":"https:\/\/ru.law\/tesla-waechtermodus\/"},"wordCount":947,"publisher":{"@id":"https:\/\/ru.law\/#organization"},"image":{"@id":"https:\/\/ru.law\/tesla-waechtermodus\/#primaryimage"},"thumbnailUrl":"https:\/\/ru.law\/wp-content\/uploads\/2025\/06\/AdobeStock_984182915-scaled.jpeg","keywords":["Datenschutz","DSGVO","Tesla","W\u00e4chtermodus"],"articleSection":["Automotive","Datenschutzrecht"],"inLanguage":"nl-NL"},{"@type":"WebPage","@id":"https:\/\/ru.law\/tesla-waechtermodus\/","url":"https:\/\/ru.law\/tesla-waechtermodus\/","name":"Tesla W\u00e4chtermodus: Versto\u00df gegen DSGVO \u2013 Urteil des Bundesverwaltungsgerichts \u00d6sterreich - R&amp;U","isPartOf":{"@id":"https:\/\/ru.law\/#website"},"primaryImageOfPage":{"@id":"https:\/\/ru.law\/tesla-waechtermodus\/#primaryimage"},"image":{"@id":"https:\/\/ru.law\/tesla-waechtermodus\/#primaryimage"},"thumbnailUrl":"https:\/\/ru.law\/wp-content\/uploads\/2025\/06\/AdobeStock_984182915-scaled.jpeg","datePublished":"2025-06-02T11:55:22+00:00","dateModified":"2026-04-08T08:07:28+00:00","description":"Tesla Guardian-modus: schending van de AVG \u2013 uitspraak van de Oostenrijkse federale bestuursrechter","breadcrumb":{"@id":"https:\/\/ru.law\/tesla-waechtermodus\/#breadcrumb"},"inLanguage":"nl-NL","potentialAction":[{"@type":"ReadAction","target":["https:\/\/ru.law\/tesla-waechtermodus\/"]}]},{"@type":"ImageObject","inLanguage":"nl-NL","@id":"https:\/\/ru.law\/tesla-waechtermodus\/#primaryimage","url":"https:\/\/ru.law\/wp-content\/uploads\/2025\/06\/AdobeStock_984182915-scaled.jpeg","contentUrl":"https:\/\/ru.law\/wp-content\/uploads\/2025\/06\/AdobeStock_984182915-scaled.jpeg","width":2560,"height":1707},{"@type":"BreadcrumbList","@id":"https:\/\/ru.law\/tesla-waechtermodus\/#breadcrumb","itemListElement":[{"@type":"ListItem","position":1,"name":"Startseite","item":"https:\/\/ru.law\/"},{"@type":"ListItem","position":2,"name":"Tesla W\u00e4chtermodus: Versto\u00df gegen DSGVO \u2013 Urteil des Bundesverwaltungsgerichts \u00d6sterreich"}]},{"@type":"WebSite","@id":"https:\/\/ru.law\/#website","url":"https:\/\/ru.law\/","name":"R&amp;U","description":"Consumentenadvocaten","publisher":{"@id":"https:\/\/ru.law\/#organization"},"alternateName":"Rogert & Ulbrich","potentialAction":[{"@type":"SearchAction","target":{"@type":"EntryPoint","urlTemplate":"https:\/\/ru.law\/?s={search_term_string}"},"query-input":{"@type":"PropertyValueSpecification","valueRequired":true,"valueName":"search_term_string"}}],"inLanguage":"nl-NL"},{"@type":"Organization","@id":"https:\/\/ru.law\/#organization","name":"Advocatenkantoor Rogert &amp; Ulbrich","url":"https:\/\/ru.law\/","logo":{"@type":"ImageObject","inLanguage":"nl-NL","@id":"https:\/\/ru.law\/#\/schema\/logo\/image\/","url":"https:\/\/ru.law\/wp-content\/uploads\/2020\/12\/logo-ru-law.svg","contentUrl":"https:\/\/ru.law\/wp-content\/uploads\/2020\/12\/logo-ru-law.svg","width":992,"height":259,"caption":"Kanzlei Rogert & Ulbrich"},"image":{"@id":"https:\/\/ru.law\/#\/schema\/logo\/image\/"},"sameAs":["https:\/\/www.facebook.com\/RogertUlbrich\/","https:\/\/x.com\/RogertUlbrich","https:\/\/www.instagram.com\/rogertulbrich\/","https:\/\/www.linkedin.com\/company\/rogert-ulbrich\/","https:\/\/www.youtube.com\/channel\/UCganCgpvwpPFqMFf1vVmG2A"]},{"@type":"Person","@id":"https:\/\/ru.law\/#\/schema\/person\/b020d506e6bbc471b4565d3a98173b87","name":"Marco Rogert","url":"https:\/\/ru.law\/nl\/author\/rogertru-law\/"}]}},"uagb_featured_image_src":{"full":["https:\/\/ru.law\/wp-content\/uploads\/2025\/06\/AdobeStock_984182915-scaled.jpeg",2560,1707,false],"thumbnail":["https:\/\/ru.law\/wp-content\/uploads\/2025\/06\/AdobeStock_984182915-scaled.jpeg",128,85,false],"medium":["https:\/\/ru.law\/wp-content\/uploads\/2025\/06\/AdobeStock_984182915-scaled.jpeg",2560,1707,false],"medium_large":["https:\/\/ru.law\/wp-content\/uploads\/2025\/06\/AdobeStock_984182915-768x512.jpeg",768,512,true],"large":["https:\/\/ru.law\/wp-content\/uploads\/2025\/06\/AdobeStock_984182915-scaled.jpeg",2560,1707,false],"1536x1536":["https:\/\/ru.law\/wp-content\/uploads\/2025\/06\/AdobeStock_984182915-1536x1024.jpeg",1536,1024,true],"2048x2048":["https:\/\/ru.law\/wp-content\/uploads\/2025\/06\/AdobeStock_984182915-2048x1365.jpeg",2048,1365,true],"trp-custom-language-flag":["https:\/\/ru.law\/wp-content\/uploads\/2025\/06\/AdobeStock_984182915-18x12.jpeg",18,12,true]},"uagb_author_info":{"display_name":"Marco Rogert","author_link":"https:\/\/ru.law\/nl\/author\/rogertru-law\/"},"uagb_comment_info":0,"uagb_excerpt":"Das Bundesverwaltungsgericht \u00d6sterreich (BVwG) hat mit Beschluss vom 9. Mai 2024 ein wegweisendes Urteil zum sogenannten Tesla &#8222;W\u00e4chtermodus&#8220; gef\u00e4llt. Im Zentrum der Entscheidung steht die [&hellip;]","_links":{"self":[{"href":"https:\/\/ru.law\/nl\/wp-json\/wp\/v2\/posts\/90114","targetHints":{"allow":["GET"]}}],"collection":[{"href":"https:\/\/ru.law\/nl\/wp-json\/wp\/v2\/posts"}],"about":[{"href":"https:\/\/ru.law\/nl\/wp-json\/wp\/v2\/types\/post"}],"author":[{"embeddable":true,"href":"https:\/\/ru.law\/nl\/wp-json\/wp\/v2\/users\/21"}],"replies":[{"embeddable":true,"href":"https:\/\/ru.law\/nl\/wp-json\/wp\/v2\/comments?post=90114"}],"version-history":[{"count":0,"href":"https:\/\/ru.law\/nl\/wp-json\/wp\/v2\/posts\/90114\/revisions"}],"wp:featuredmedia":[{"embeddable":true,"href":"https:\/\/ru.law\/nl\/wp-json\/wp\/v2\/media\/90115"}],"wp:attachment":[{"href":"https:\/\/ru.law\/nl\/wp-json\/wp\/v2\/media?parent=90114"}],"wp:term":[{"taxonomy":"category","embeddable":true,"href":"https:\/\/ru.law\/nl\/wp-json\/wp\/v2\/categories?post=90114"},{"taxonomy":"post_tag","embeddable":true,"href":"https:\/\/ru.law\/nl\/wp-json\/wp\/v2\/tags?post=90114"}],"curies":[{"name":"wp","href":"https:\/\/api.w.org\/{rel}","templated":true}]}}