{"id":89911,"date":"2025-05-23T09:48:12","date_gmt":"2025-05-23T07:48:12","guid":{"rendered":"https:\/\/ru.law\/?p=89911"},"modified":"2025-05-28T09:30:01","modified_gmt":"2025-05-28T07:30:01","slug":"einbuergerung-nach-3-jahren-geplante-abschaffung-2025","status":"publish","type":"post","link":"https:\/\/ru.law\/nl\/einbuergerung-nach-3-jahren-geplante-abschaffung-2025\/","title":{"rendered":"Naturalisatie na 3 jaar: Geplande afschaffing in 2025 \u2013 Wat de betrokkenen nu moeten weten"},"content":{"rendered":"<p>Volgens het huidige regeerakkoord tussen CDU, CSU en SPD wordt de mogelijkheid tot naturalisatie na slechts drie jaar verblijf in Duitsland vanaf 2025 afgeschaft. Deze verandering heeft verstrekkende gevolgen voor veel migranten die tot nu toe van de verkorte verblijfsduur hebben geprofiteerd.<\/p>\n\n\n\n<p>Onze immigratieadvocaten adviseren u uitgebreid over alle kwesties rond naturalisatie, verblijfsrechten en de juridische gevolgen van de geplande hervorming. Als u na drie jaar nog naturalisatie aanvraagt, doet u er verstandig aan tijdig juridisch advies in te winnen om deadlines en mogelijke nadelen te voorkomen.<\/p>\n\n\n\n<h3 class=\"wp-block-heading\" id=\"h-welche-konkreten-anderungen-stehen-bei-der-einburgerung-an\"><strong>Welke specifieke veranderingen zijn er op het gebied van naturalisatie?<\/strong><\/h3>\n\n\n\n<p>De in juni 2024 ingevoerde \u2018turbo-naturalisatie\u2019, die naturalisatie na slechts drie jaar mogelijk maakte, zal naar verwachting worden afgeschaft. Deze regeling geldt voor goed ge\u00efntegreerde personen met Duitse taalvaardigheid op C1-niveau en een actieve maatschappelijke betrokkenheid. In het regeerakkoord tussen CDU, CSU en SPD wordt expliciet gesproken over \u2018turbo-naturalisatie\u2019 en wordt de afschaffing ervan aangekondigd voor 2025.<\/p>\n\n\n\n<p>Onze immigratieadvocaten adviseren u graag persoonlijk over uw mogelijkheden met betrekking tot het naturalisatierecht en onderzoeken of een snellere naturalisatie voor u nog steeds mogelijk is. Maak nu een afspraak voor juridisch advies!<\/p>\n\n\n\n<h3 class=\"wp-block-heading\" id=\"h-was-bleibt-beim-einburgerungsrecht-bestehen\"><strong>Wat blijft er over in de naturalisatiewet?<\/strong><\/h3>\n\n\n\n<p>De verkorting van de reguliere minimale verblijfsduur voor naturalisatie van 8 naar 5 jaar, die al in 2024 werd ingevoerd, blijft ongewijzigd. Ook een dubbele nationaliteit is nog steeds de norm. Volgens het regeerakkoord blijven ook andere kernelementen van de hervorming van het burgerschapsrecht behouden.<\/p>\n\n\n\n<p>Onze immigratieadvocaten bieden u deskundige ondersteuning bij zaken met betrekking tot naturalisatie, verblijfsrechten en dubbele nationaliteit. Maak nu een afspraak voor een persoonlijk eerste consult!<\/p>\n\n\n\n<h3 class=\"wp-block-heading\" id=\"h-wann-tritt-die-abschaffung-der-turbo-einburgerung-in-kraft\"><strong><strong>Wanneer wordt de turbo-naturalisatie afgeschaft?<\/strong><\/strong><\/h3>\n\n\n\n<p>Het coalitieakkoord tussen CDU, CSU en SPD is in eerste instantie een politieke wilsverklaring zonder directe rechtskracht. De geplande afschaffing van de naturalisatie na drie jaar moet nog via een wetgevingsproces in de Bondsdag worden ge\u00efmplementeerd. Tot die tijd blijft de huidige regeling van toepassing. Er wordt echter verwacht dat de nieuwe regering binnenkort een wetsvoorstel zal indienen om de nationaliteitswet te wijzigen.<\/p>\n\n\n\n<h3 class=\"wp-block-heading\" id=\"h-jetzt-handeln-einburgerung-nach-3-jahren-soll-bald-entfallen\"><strong><strong>Doe nu mee: naturalisatie na 3 jaar wordt binnenkort afgeschaft<\/strong><\/strong><\/h3>\n\n\n\n<p>Personen die op dit moment na drie jaar aan alle voorwaarden voor naturalisatie voldoen, moeten direct overwegen of een snelle aanvraag wel zinvol is. Vanwege de komende veranderingen is het raadzaam om tijdig juridisch advies in te winnen, zodat u geen deadlines mist en uw kansen op naturalisatie vergroot.<\/p>\n\n\n\n<p>Onze immigratieadvocaten adviseren u graag over de huidige deadlines en controleren of u nog steeds kunt profiteren van de turbo-naturalisatieprocedure. Laat u tijdig adviseren!<\/p>","protected":false},"excerpt":{"rendered":"<p>Die M\u00f6glichkeit, sich nach nur drei Jahren Aufenthalt in Deutschland einb\u00fcrgern zu lassen, soll laut dem aktuellen Koalitionsvertrag von CDU, CSU und SPD ab 2025 [&hellip;]<\/p>\n","protected":false},"author":21,"featured_media":89912,"comment_status":"closed","ping_status":"open","sticky":false,"template":"","format":"standard","meta":{"_uag_custom_page_level_css":"","site-sidebar-layout":"default","site-content-layout":"","ast-site-content-layout":"default","site-content-style":"default","site-sidebar-style":"default","ast-global-header-display":"","ast-banner-title-visibility":"","ast-main-header-display":"","ast-hfb-above-header-display":"","ast-hfb-below-header-display":"","ast-hfb-mobile-header-display":"","site-post-title":"","ast-breadcrumbs-content":"","ast-featured-img":"","footer-sml-layout":"","ast-disable-related-posts":"","theme-transparent-header-meta":"","adv-header-id-meta":"","stick-header-meta":"","header-above-stick-meta":"","header-main-stick-meta":"","header-below-stick-meta":"","astra-migrate-meta-layouts":"set","ast-page-background-enabled":"default","ast-page-background-meta":{"desktop":{"background-color":"","background-image":"","background-repeat":"repeat","background-position":"center center","background-size":"auto","background-attachment":"scroll","background-type":"","background-media":"","overlay-type":"","overlay-color":"","overlay-opacity":"","overlay-gradient":""},"tablet":{"background-color":"","background-image":"","background-repeat":"repeat","background-position":"center center","background-size":"auto","background-attachment":"scroll","background-type":"","background-media":"","overlay-type":"","overlay-color":"","overlay-opacity":"","overlay-gradient":""},"mobile":{"background-color":"","background-image":"","background-repeat":"repeat","background-position":"center center","background-size":"auto","background-attachment":"scroll","background-type":"","background-media":"","overlay-type":"","overlay-color":"","overlay-opacity":"","overlay-gradient":""}},"ast-content-background-meta":{"desktop":{"background-color":"var(--ast-global-color-5)","background-image":"","background-repeat":"repeat","background-position":"center center","background-size":"auto","background-attachment":"scroll","background-type":"","background-media":"","overlay-type":"","overlay-color":"","overlay-opacity":"","overlay-gradient":""},"tablet":{"background-color":"var(--ast-global-color-5)","background-image":"","background-repeat":"repeat","background-position":"center center","background-size":"auto","background-attachment":"scroll","background-type":"","background-media":"","overlay-type":"","overlay-color":"","overlay-opacity":"","overlay-gradient":""},"mobile":{"background-color":"var(--ast-global-color-5)","background-image":"","background-repeat":"repeat","background-position":"center center","background-size":"auto","background-attachment":"scroll","background-type":"","background-media":"","overlay-type":"","overlay-color":"","overlay-opacity":"","overlay-gradient":""}},"footnotes":""},"categories":[1311],"tags":[1314,1315,1313,1312],"class_list":["post-89911","post","type-post","status-publish","format-standard","has-post-thumbnail","hentry","category-migrationsrecht","tag-3-jahre","tag-abschaffung","tag-einbuergerung","tag-turbo-einbuergerung"],"yoast_head":"<!-- This site is optimized with the Yoast SEO Premium plugin v27.4 (Yoast SEO v27.4) - https:\/\/yoast.com\/product\/yoast-seo-premium-wordpress\/ -->\n<title>Einb\u00fcrgerung nach 3 Jahren: Geplante Abschaffung 2025 \u2013 Was Betroffene jetzt wissen sollten - R&amp;U<\/title>\n<meta name=\"description\" content=\"Einb\u00fcrgerung nach 3 Jahren: Geplante Abschaffung 2025 \u2013 Was Betroffene jetzt wissen sollten. Wir helfen Ihnen.\" \/>\n<meta name=\"robots\" content=\"index, follow, max-snippet:-1, max-image-preview:large, max-video-preview:-1\" \/>\n<link rel=\"canonical\" href=\"https:\/\/ru.law\/nl\/einbuergerung-nach-3-jahren-geplante-abschaffung-2025\/\" \/>\n<meta property=\"og:locale\" content=\"nl_NL\" \/>\n<meta property=\"og:type\" content=\"article\" \/>\n<meta property=\"og:title\" content=\"Einb\u00fcrgerung nach 3 Jahren: Geplante Abschaffung 2025 \u2013 Was Betroffene jetzt wissen sollten\" \/>\n<meta property=\"og:description\" content=\"Einb\u00fcrgerung nach 3 Jahren: Geplante Abschaffung 2025 \u2013 Was Betroffene jetzt wissen sollten. Wir helfen Ihnen.\" \/>\n<meta property=\"og:url\" content=\"https:\/\/ru.law\/nl\/einbuergerung-nach-3-jahren-geplante-abschaffung-2025\/\" \/>\n<meta property=\"og:site_name\" content=\"R&amp;U\" \/>\n<meta property=\"article:publisher\" content=\"https:\/\/www.facebook.com\/RogertUlbrich\/\" \/>\n<meta property=\"article:published_time\" content=\"2025-05-23T07:48:12+00:00\" \/>\n<meta property=\"article:modified_time\" content=\"2025-05-28T07:30:01+00:00\" \/>\n<meta property=\"og:image\" content=\"https:\/\/ru.law\/wp-content\/uploads\/2025\/05\/AdobeStock_100360101-scaled.jpeg\" \/>\n\t<meta property=\"og:image:width\" content=\"2560\" \/>\n\t<meta property=\"og:image:height\" content=\"1703\" \/>\n\t<meta property=\"og:image:type\" content=\"image\/jpeg\" \/>\n<meta name=\"author\" content=\"Marco Rogert\" \/>\n<meta name=\"twitter:card\" content=\"summary_large_image\" \/>\n<meta name=\"twitter:creator\" content=\"@RogertUlbrich\" \/>\n<meta name=\"twitter:site\" content=\"@RogertUlbrich\" \/>\n<script type=\"application\/ld+json\" class=\"yoast-schema-graph\">{\"@context\":\"https:\\\/\\\/schema.org\",\"@graph\":[{\"@type\":\"Article\",\"@id\":\"https:\\\/\\\/ru.law\\\/einbuergerung-nach-3-jahren-geplante-abschaffung-2025\\\/#article\",\"isPartOf\":{\"@id\":\"https:\\\/\\\/ru.law\\\/einbuergerung-nach-3-jahren-geplante-abschaffung-2025\\\/\"},\"author\":{\"name\":\"Marco Rogert\",\"@id\":\"https:\\\/\\\/ru.law\\\/#\\\/schema\\\/person\\\/b020d506e6bbc471b4565d3a98173b87\"},\"headline\":\"Einb\u00fcrgerung nach 3 Jahren: Geplante Abschaffung 2025 \u2013 Was Betroffene jetzt wissen sollten\",\"datePublished\":\"2025-05-23T07:48:12+00:00\",\"dateModified\":\"2025-05-28T07:30:01+00:00\",\"mainEntityOfPage\":{\"@id\":\"https:\\\/\\\/ru.law\\\/einbuergerung-nach-3-jahren-geplante-abschaffung-2025\\\/\"},\"wordCount\":464,\"publisher\":{\"@id\":\"https:\\\/\\\/ru.law\\\/#organization\"},\"image\":{\"@id\":\"https:\\\/\\\/ru.law\\\/einbuergerung-nach-3-jahren-geplante-abschaffung-2025\\\/#primaryimage\"},\"thumbnailUrl\":\"https:\\\/\\\/ru.law\\\/wp-content\\\/uploads\\\/2025\\\/05\\\/AdobeStock_100360101-scaled.jpeg\",\"keywords\":[\"3 Jahre\",\"Abschaffung\",\"Einb\u00fcrgerung\",\"Turbo-Einb\u00fcrgerung\"],\"articleSection\":[\"Migrationsrecht\"],\"inLanguage\":\"nl-NL\"},{\"@type\":\"WebPage\",\"@id\":\"https:\\\/\\\/ru.law\\\/einbuergerung-nach-3-jahren-geplante-abschaffung-2025\\\/\",\"url\":\"https:\\\/\\\/ru.law\\\/einbuergerung-nach-3-jahren-geplante-abschaffung-2025\\\/\",\"name\":\"Einb\u00fcrgerung nach 3 Jahren: Geplante Abschaffung 2025 \u2013 Was Betroffene jetzt wissen sollten - R&amp;U\",\"isPartOf\":{\"@id\":\"https:\\\/\\\/ru.law\\\/#website\"},\"primaryImageOfPage\":{\"@id\":\"https:\\\/\\\/ru.law\\\/einbuergerung-nach-3-jahren-geplante-abschaffung-2025\\\/#primaryimage\"},\"image\":{\"@id\":\"https:\\\/\\\/ru.law\\\/einbuergerung-nach-3-jahren-geplante-abschaffung-2025\\\/#primaryimage\"},\"thumbnailUrl\":\"https:\\\/\\\/ru.law\\\/wp-content\\\/uploads\\\/2025\\\/05\\\/AdobeStock_100360101-scaled.jpeg\",\"datePublished\":\"2025-05-23T07:48:12+00:00\",\"dateModified\":\"2025-05-28T07:30:01+00:00\",\"description\":\"Einb\u00fcrgerung nach 3 Jahren: Geplante Abschaffung 2025 \u2013 Was Betroffene jetzt wissen sollten. Wir helfen Ihnen.\",\"breadcrumb\":{\"@id\":\"https:\\\/\\\/ru.law\\\/einbuergerung-nach-3-jahren-geplante-abschaffung-2025\\\/#breadcrumb\"},\"inLanguage\":\"nl-NL\",\"potentialAction\":[{\"@type\":\"ReadAction\",\"target\":[\"https:\\\/\\\/ru.law\\\/einbuergerung-nach-3-jahren-geplante-abschaffung-2025\\\/\"]}]},{\"@type\":\"ImageObject\",\"inLanguage\":\"nl-NL\",\"@id\":\"https:\\\/\\\/ru.law\\\/einbuergerung-nach-3-jahren-geplante-abschaffung-2025\\\/#primaryimage\",\"url\":\"https:\\\/\\\/ru.law\\\/wp-content\\\/uploads\\\/2025\\\/05\\\/AdobeStock_100360101-scaled.jpeg\",\"contentUrl\":\"https:\\\/\\\/ru.law\\\/wp-content\\\/uploads\\\/2025\\\/05\\\/AdobeStock_100360101-scaled.jpeg\",\"width\":2560,\"height\":1703,\"caption\":\"Antrag auf Einb\u00fcrgerung, Einb\u00fcrgerung, Antrag, Einb\u00fcrgerungsantrag, Staatsangeh\u00f6rigkeit, Exekutivakt, Bewerber, Land, Staat, Integration, Einwohner, Bewohner, Bundesrepublik, Deutschland, deutsch, Ausweis, Personalausweis, Reisepass, Pass, doppelte Staatsangeh\u00f6rigkeit, Volk, Volkszugeh\u00f6rigkeit, B\u00fcrger, B\u00fcrgerrechte, Deutscher, Deutsche, Naturalisation, staatenlos, Verwaltungsakt, Urkunde, Einb\u00fcrgerungsurkunde, Hamburg, Januar 2016, Bild Nr.: N52422\"},{\"@type\":\"BreadcrumbList\",\"@id\":\"https:\\\/\\\/ru.law\\\/einbuergerung-nach-3-jahren-geplante-abschaffung-2025\\\/#breadcrumb\",\"itemListElement\":[{\"@type\":\"ListItem\",\"position\":1,\"name\":\"Startseite\",\"item\":\"https:\\\/\\\/ru.law\\\/\"},{\"@type\":\"ListItem\",\"position\":2,\"name\":\"Einb\u00fcrgerung nach 3 Jahren: Geplante Abschaffung 2025 \u2013 Was Betroffene jetzt wissen sollten\"}]},{\"@type\":\"WebSite\",\"@id\":\"https:\\\/\\\/ru.law\\\/#website\",\"url\":\"https:\\\/\\\/ru.law\\\/\",\"name\":\"R&U\",\"description\":\"Verbraucheranw\u00e4lte\",\"publisher\":{\"@id\":\"https:\\\/\\\/ru.law\\\/#organization\"},\"alternateName\":\"Rogert & Ulbrich\",\"potentialAction\":[{\"@type\":\"SearchAction\",\"target\":{\"@type\":\"EntryPoint\",\"urlTemplate\":\"https:\\\/\\\/ru.law\\\/?s={search_term_string}\"},\"query-input\":{\"@type\":\"PropertyValueSpecification\",\"valueRequired\":true,\"valueName\":\"search_term_string\"}}],\"inLanguage\":\"nl-NL\"},{\"@type\":\"Organization\",\"@id\":\"https:\\\/\\\/ru.law\\\/#organization\",\"name\":\"Kanzlei Rogert & Ulbrich\",\"url\":\"https:\\\/\\\/ru.law\\\/\",\"logo\":{\"@type\":\"ImageObject\",\"inLanguage\":\"nl-NL\",\"@id\":\"https:\\\/\\\/ru.law\\\/#\\\/schema\\\/logo\\\/image\\\/\",\"url\":\"https:\\\/\\\/ru.law\\\/wp-content\\\/uploads\\\/2020\\\/12\\\/logo-ru-law.svg\",\"contentUrl\":\"https:\\\/\\\/ru.law\\\/wp-content\\\/uploads\\\/2020\\\/12\\\/logo-ru-law.svg\",\"width\":992,\"height\":259,\"caption\":\"Kanzlei Rogert & Ulbrich\"},\"image\":{\"@id\":\"https:\\\/\\\/ru.law\\\/#\\\/schema\\\/logo\\\/image\\\/\"},\"sameAs\":[\"https:\\\/\\\/www.facebook.com\\\/RogertUlbrich\\\/\",\"https:\\\/\\\/x.com\\\/RogertUlbrich\",\"https:\\\/\\\/www.instagram.com\\\/rogertulbrich\\\/\",\"https:\\\/\\\/www.linkedin.com\\\/company\\\/rogert-ulbrich\\\/\",\"https:\\\/\\\/www.youtube.com\\\/channel\\\/UCganCgpvwpPFqMFf1vVmG2A\"]},{\"@type\":\"Person\",\"@id\":\"https:\\\/\\\/ru.law\\\/#\\\/schema\\\/person\\\/b020d506e6bbc471b4565d3a98173b87\",\"name\":\"Marco Rogert\",\"url\":\"https:\\\/\\\/ru.law\\\/nl\\\/author\\\/rogertru-law\\\/\"}]}<\/script>\n<!-- \/ Yoast SEO Premium plugin. -->","yoast_head_json":{"title":"Einb\u00fcrgerung nach 3 Jahren: Geplante Abschaffung 2025 \u2013 Was Betroffene jetzt wissen sollten - R&amp;U","description":"Einb\u00fcrgerung nach 3 Jahren: Geplante Abschaffung 2025 \u2013 Was Betroffene jetzt wissen sollten. Wir helfen Ihnen.","robots":{"index":"index","follow":"follow","max-snippet":"max-snippet:-1","max-image-preview":"max-image-preview:large","max-video-preview":"max-video-preview:-1"},"canonical":"https:\/\/ru.law\/nl\/einbuergerung-nach-3-jahren-geplante-abschaffung-2025\/","og_locale":"nl_NL","og_type":"article","og_title":"Einb\u00fcrgerung nach 3 Jahren: Geplante Abschaffung 2025 \u2013 Was Betroffene jetzt wissen sollten","og_description":"Einb\u00fcrgerung nach 3 Jahren: Geplante Abschaffung 2025 \u2013 Was Betroffene jetzt wissen sollten. Wir helfen Ihnen.","og_url":"https:\/\/ru.law\/nl\/einbuergerung-nach-3-jahren-geplante-abschaffung-2025\/","og_site_name":"R&amp;U","article_publisher":"https:\/\/www.facebook.com\/RogertUlbrich\/","article_published_time":"2025-05-23T07:48:12+00:00","article_modified_time":"2025-05-28T07:30:01+00:00","og_image":[{"width":2560,"height":1703,"url":"https:\/\/ru.law\/wp-content\/uploads\/2025\/05\/AdobeStock_100360101-scaled.jpeg","type":"image\/jpeg"}],"author":"Marco Rogert","twitter_card":"summary_large_image","twitter_creator":"@RogertUlbrich","twitter_site":"@RogertUlbrich","schema":{"@context":"https:\/\/schema.org","@graph":[{"@type":"Article","@id":"https:\/\/ru.law\/einbuergerung-nach-3-jahren-geplante-abschaffung-2025\/#article","isPartOf":{"@id":"https:\/\/ru.law\/einbuergerung-nach-3-jahren-geplante-abschaffung-2025\/"},"author":{"name":"Marco Rogert","@id":"https:\/\/ru.law\/#\/schema\/person\/b020d506e6bbc471b4565d3a98173b87"},"headline":"Einb\u00fcrgerung nach 3 Jahren: Geplante Abschaffung 2025 \u2013 Was Betroffene jetzt wissen sollten","datePublished":"2025-05-23T07:48:12+00:00","dateModified":"2025-05-28T07:30:01+00:00","mainEntityOfPage":{"@id":"https:\/\/ru.law\/einbuergerung-nach-3-jahren-geplante-abschaffung-2025\/"},"wordCount":464,"publisher":{"@id":"https:\/\/ru.law\/#organization"},"image":{"@id":"https:\/\/ru.law\/einbuergerung-nach-3-jahren-geplante-abschaffung-2025\/#primaryimage"},"thumbnailUrl":"https:\/\/ru.law\/wp-content\/uploads\/2025\/05\/AdobeStock_100360101-scaled.jpeg","keywords":["3 Jahre","Abschaffung","Einb\u00fcrgerung","Turbo-Einb\u00fcrgerung"],"articleSection":["Migrationsrecht"],"inLanguage":"nl-NL"},{"@type":"WebPage","@id":"https:\/\/ru.law\/einbuergerung-nach-3-jahren-geplante-abschaffung-2025\/","url":"https:\/\/ru.law\/einbuergerung-nach-3-jahren-geplante-abschaffung-2025\/","name":"Einb\u00fcrgerung nach 3 Jahren: Geplante Abschaffung 2025 \u2013 Was Betroffene jetzt wissen sollten - R&amp;U","isPartOf":{"@id":"https:\/\/ru.law\/#website"},"primaryImageOfPage":{"@id":"https:\/\/ru.law\/einbuergerung-nach-3-jahren-geplante-abschaffung-2025\/#primaryimage"},"image":{"@id":"https:\/\/ru.law\/einbuergerung-nach-3-jahren-geplante-abschaffung-2025\/#primaryimage"},"thumbnailUrl":"https:\/\/ru.law\/wp-content\/uploads\/2025\/05\/AdobeStock_100360101-scaled.jpeg","datePublished":"2025-05-23T07:48:12+00:00","dateModified":"2025-05-28T07:30:01+00:00","description":"Einb\u00fcrgerung nach 3 Jahren: Geplante Abschaffung 2025 \u2013 Was Betroffene jetzt wissen sollten. Wir helfen Ihnen.","breadcrumb":{"@id":"https:\/\/ru.law\/einbuergerung-nach-3-jahren-geplante-abschaffung-2025\/#breadcrumb"},"inLanguage":"nl-NL","potentialAction":[{"@type":"ReadAction","target":["https:\/\/ru.law\/einbuergerung-nach-3-jahren-geplante-abschaffung-2025\/"]}]},{"@type":"ImageObject","inLanguage":"nl-NL","@id":"https:\/\/ru.law\/einbuergerung-nach-3-jahren-geplante-abschaffung-2025\/#primaryimage","url":"https:\/\/ru.law\/wp-content\/uploads\/2025\/05\/AdobeStock_100360101-scaled.jpeg","contentUrl":"https:\/\/ru.law\/wp-content\/uploads\/2025\/05\/AdobeStock_100360101-scaled.jpeg","width":2560,"height":1703,"caption":"Antrag auf Einb\u00fcrgerung, Einb\u00fcrgerung, Antrag, Einb\u00fcrgerungsantrag, Staatsangeh\u00f6rigkeit, Exekutivakt, Bewerber, Land, Staat, Integration, Einwohner, Bewohner, Bundesrepublik, Deutschland, deutsch, Ausweis, Personalausweis, Reisepass, Pass, doppelte Staatsangeh\u00f6rigkeit, Volk, Volkszugeh\u00f6rigkeit, B\u00fcrger, B\u00fcrgerrechte, Deutscher, Deutsche, Naturalisation, staatenlos, Verwaltungsakt, Urkunde, Einb\u00fcrgerungsurkunde, Hamburg, Januar 2016, Bild Nr.: N52422"},{"@type":"BreadcrumbList","@id":"https:\/\/ru.law\/einbuergerung-nach-3-jahren-geplante-abschaffung-2025\/#breadcrumb","itemListElement":[{"@type":"ListItem","position":1,"name":"Startseite","item":"https:\/\/ru.law\/"},{"@type":"ListItem","position":2,"name":"Einb\u00fcrgerung nach 3 Jahren: Geplante Abschaffung 2025 \u2013 Was Betroffene jetzt wissen sollten"}]},{"@type":"WebSite","@id":"https:\/\/ru.law\/#website","url":"https:\/\/ru.law\/","name":"R&amp;U","description":"Consumentenadvocaten","publisher":{"@id":"https:\/\/ru.law\/#organization"},"alternateName":"Rogert & Ulbrich","potentialAction":[{"@type":"SearchAction","target":{"@type":"EntryPoint","urlTemplate":"https:\/\/ru.law\/?s={search_term_string}"},"query-input":{"@type":"PropertyValueSpecification","valueRequired":true,"valueName":"search_term_string"}}],"inLanguage":"nl-NL"},{"@type":"Organization","@id":"https:\/\/ru.law\/#organization","name":"Advocatenkantoor Rogert &amp; Ulbrich","url":"https:\/\/ru.law\/","logo":{"@type":"ImageObject","inLanguage":"nl-NL","@id":"https:\/\/ru.law\/#\/schema\/logo\/image\/","url":"https:\/\/ru.law\/wp-content\/uploads\/2020\/12\/logo-ru-law.svg","contentUrl":"https:\/\/ru.law\/wp-content\/uploads\/2020\/12\/logo-ru-law.svg","width":992,"height":259,"caption":"Kanzlei Rogert & Ulbrich"},"image":{"@id":"https:\/\/ru.law\/#\/schema\/logo\/image\/"},"sameAs":["https:\/\/www.facebook.com\/RogertUlbrich\/","https:\/\/x.com\/RogertUlbrich","https:\/\/www.instagram.com\/rogertulbrich\/","https:\/\/www.linkedin.com\/company\/rogert-ulbrich\/","https:\/\/www.youtube.com\/channel\/UCganCgpvwpPFqMFf1vVmG2A"]},{"@type":"Person","@id":"https:\/\/ru.law\/#\/schema\/person\/b020d506e6bbc471b4565d3a98173b87","name":"Marco Rogert","url":"https:\/\/ru.law\/nl\/author\/rogertru-law\/"}]}},"uagb_featured_image_src":{"full":["https:\/\/ru.law\/wp-content\/uploads\/2025\/05\/AdobeStock_100360101-scaled.jpeg",2560,1703,false],"thumbnail":["https:\/\/ru.law\/wp-content\/uploads\/2025\/05\/AdobeStock_100360101-scaled.jpeg",128,85,false],"medium":["https:\/\/ru.law\/wp-content\/uploads\/2025\/05\/AdobeStock_100360101-scaled.jpeg",2560,1703,false],"medium_large":["https:\/\/ru.law\/wp-content\/uploads\/2025\/05\/AdobeStock_100360101-768x511.jpeg",768,511,true],"large":["https:\/\/ru.law\/wp-content\/uploads\/2025\/05\/AdobeStock_100360101-scaled.jpeg",2560,1703,false],"1536x1536":["https:\/\/ru.law\/wp-content\/uploads\/2025\/05\/AdobeStock_100360101-1536x1022.jpeg",1536,1022,true],"2048x2048":["https:\/\/ru.law\/wp-content\/uploads\/2025\/05\/AdobeStock_100360101-2048x1363.jpeg",2048,1363,true],"trp-custom-language-flag":["https:\/\/ru.law\/wp-content\/uploads\/2025\/05\/AdobeStock_100360101-18x12.jpeg",18,12,true]},"uagb_author_info":{"display_name":"Marco Rogert","author_link":"https:\/\/ru.law\/nl\/author\/rogertru-law\/"},"uagb_comment_info":0,"uagb_excerpt":"Die M\u00f6glichkeit, sich nach nur drei Jahren Aufenthalt in Deutschland einb\u00fcrgern zu lassen, soll laut dem aktuellen Koalitionsvertrag von CDU, CSU und SPD ab 2025 [&hellip;]","_links":{"self":[{"href":"https:\/\/ru.law\/nl\/wp-json\/wp\/v2\/posts\/89911","targetHints":{"allow":["GET"]}}],"collection":[{"href":"https:\/\/ru.law\/nl\/wp-json\/wp\/v2\/posts"}],"about":[{"href":"https:\/\/ru.law\/nl\/wp-json\/wp\/v2\/types\/post"}],"author":[{"embeddable":true,"href":"https:\/\/ru.law\/nl\/wp-json\/wp\/v2\/users\/21"}],"replies":[{"embeddable":true,"href":"https:\/\/ru.law\/nl\/wp-json\/wp\/v2\/comments?post=89911"}],"version-history":[{"count":0,"href":"https:\/\/ru.law\/nl\/wp-json\/wp\/v2\/posts\/89911\/revisions"}],"wp:featuredmedia":[{"embeddable":true,"href":"https:\/\/ru.law\/nl\/wp-json\/wp\/v2\/media\/89912"}],"wp:attachment":[{"href":"https:\/\/ru.law\/nl\/wp-json\/wp\/v2\/media?parent=89911"}],"wp:term":[{"taxonomy":"category","embeddable":true,"href":"https:\/\/ru.law\/nl\/wp-json\/wp\/v2\/categories?post=89911"},{"taxonomy":"post_tag","embeddable":true,"href":"https:\/\/ru.law\/nl\/wp-json\/wp\/v2\/tags?post=89911"}],"curies":[{"name":"wp","href":"https:\/\/api.w.org\/{rel}","templated":true}]}}