{"id":88916,"date":"2025-03-27T07:23:08","date_gmt":"2025-03-27T06:23:08","guid":{"rendered":"https:\/\/ru.law\/?p=88916"},"modified":"2025-05-28T09:30:43","modified_gmt":"2025-05-28T07:30:43","slug":"geldstrafe-amazon-wegen-dsgvo","status":"publish","type":"post","link":"https:\/\/ru.law\/nl\/geldstrafe-amazon-wegen-dsgvo\/","title":{"rendered":"Bestuursrechtbank bevestigt hoge boete tegen Amazon voor overtredingen AVG"},"content":{"rendered":"<p>Bij vonnis van 18 maart 2025 heeft de bestuursrechter het besluit van de Nationale Commissie voor Gegevensbescherming (CNPD) bekrachtigd, die Amazon Europe Core SARL een boete van 746 miljoen euro had opgelegd. De boete werd opgelegd vanwege ernstige overtredingen van de Algemene Verordening Gegevensbescherming (AVG). Het Hof oordeelde dat Amazon bij de verwerking van persoonsgegevens voor reclamedoeleinden diverse artikelen van de Verordening had overtreden, hetgeen financi\u00eble en regelgevende gevolgen had.<\/p>\n\n\n\n<h2 class=\"wp-block-heading\" id=\"h-urteil\">Uitspraak<\/h2>\n\n\n\n<p>Bij vonnis van 18 maart 2025 heeft de bestuursrechter het beroep van Amazon Europe Core SARL tegen het besluit van de Nationale Commissie voor gegevensbescherming (CNPD) van 15 juli 2021 verworpen. Bij dit besluit werd een bestuurlijke boete van 746.000.000 euro opgelegd, werden herstelmaatregelen bevolen onder veroordeling van een dwangsom van 746.000 euro per dag en werd de publicatie van dit besluit bevolen.<\/p>\n\n\n\n<p>Het Hof bevestigde de analyse van de CNPD dat Amazon Europe Core SARL de artikelen 6, 12 tot en met 17 en 21 van Verordening (EU) 2016\/679 van het Europees Parlement en de Raad van 27 april 2016 betreffende de bescherming van natuurlijke personen in verband met de verwerking van persoonsgegevens en betreffende het vrije verkeer van die gegevens (AVG) had geschonden bij de verwerking van persoonsgegevens voor op interesses gebaseerde reclamedoeleinden.<\/p>\n\n\n\n<p>De aan Amazon Europe Core SARL verweten schendingen betreffen het niet naleven van de wettelijke basis voor de verwerking van persoonsgegevens, het niet naleven van de transparantie- en informatieverplichtingen ten aanzien van de personen die betrokken zijn bij de verwerking van hun persoonsgegevens, het schenden van het recht op toegang tot de verwerkte gegevens, het schenden van het recht op rectificatie en verwijdering van de verwerkte persoonsgegevens en het schenden van het recht om bezwaar te maken tegen de verwerking van persoonsgegevens.<\/p>\n\n\n\n<p>Het Hof oordeelde tevens dat Amazon Europe Core SARL niet de nodige corrigerende maatregelen had genomen om te voldoen aan de artikelen 6, 12 tot en met 17 en 21 van de AVG.<\/p>\n\n\n\n<p>De rechtbank heeft uiteindelijk de opschortende werking van het hoger beroep gelast gedurende de termijn en de hogerberoepsprocedure.<\/p>\n\n\n\n<p>Tegen het vonnis van de bestuursrechter van 18 maart 2025 kan beroep worden ingesteld bij het bestuurshof.<\/p>\n\n\n\n<p><em>Vertaald uit het Frans:<\/em> <a href=\"https:\/\/justice.public.lu\/fr\/actualites\/2025\/03\/tribunal-administratif-jugement-amazon-amende-cnpd.html\" target=\"_blank\" rel=\"noreferrer noopener\">https:\/\/justice.public.lu\/fr\/actualites\/2025\/03\/tribunal-administratif-jugement-amazon-amende-cnpd.html<\/a><\/p>\n\n\n\n<h2 class=\"wp-block-heading\" id=\"h-fazit\">Conclusie<\/h2>\n\n\n\n<p>De uitspraak van de bestuursrechter onderstreept het belang van strikte naleving van de AVG-vereisten, met name met betrekking tot transparantie, informatieverplichtingen en rechten van betrokkenen. Uit de uitspraak blijkt dat bedrijven als Amazon te maken krijgen met ernstige gevolgen als ze de regelgeving inzake gegevensbescherming overtreden. De opgelegde boete en de bevolen corrigerende maatregelen geven een duidelijk signaal af over het belang van gegevensbescherming op Europees niveau.<\/p>","protected":false},"excerpt":{"rendered":"<p>De bestuursrechter heeft het besluit van de Nationale Commissie voor Gegevensbescherming bekrachtigd, die Amazon Europe Core SARL een boete van 746 miljoen euro heeft opgelegd. De onlinegigant overtrad de AVG bij de verwerking van persoonsgegevens. De rechtbank benadrukte de noodzaak om de regelgeving inzake gegevensbescherming strikt na te leven en legde ook een dwangsom op voor het niet nemen van corrigerende maatregelen.<\/p>","protected":false},"author":21,"featured_media":88917,"comment_status":"closed","ping_status":"open","sticky":false,"template":"","format":"standard","meta":{"_uag_custom_page_level_css":"","site-sidebar-layout":"default","site-content-layout":"","ast-site-content-layout":"default","site-content-style":"default","site-sidebar-style":"default","ast-global-header-display":"","ast-banner-title-visibility":"","ast-main-header-display":"","ast-hfb-above-header-display":"","ast-hfb-below-header-display":"","ast-hfb-mobile-header-display":"","site-post-title":"","ast-breadcrumbs-content":"","ast-featured-img":"","footer-sml-layout":"","ast-disable-related-posts":"","theme-transparent-header-meta":"","adv-header-id-meta":"","stick-header-meta":"","header-above-stick-meta":"","header-main-stick-meta":"","header-below-stick-meta":"","astra-migrate-meta-layouts":"set","ast-page-background-enabled":"default","ast-page-background-meta":{"desktop":{"background-color":"","background-image":"","background-repeat":"repeat","background-position":"center center","background-size":"auto","background-attachment":"scroll","background-type":"","background-media":"","overlay-type":"","overlay-color":"","overlay-opacity":"","overlay-gradient":""},"tablet":{"background-color":"","background-image":"","background-repeat":"repeat","background-position":"center center","background-size":"auto","background-attachment":"scroll","background-type":"","background-media":"","overlay-type":"","overlay-color":"","overlay-opacity":"","overlay-gradient":""},"mobile":{"background-color":"","background-image":"","background-repeat":"repeat","background-position":"center center","background-size":"auto","background-attachment":"scroll","background-type":"","background-media":"","overlay-type":"","overlay-color":"","overlay-opacity":"","overlay-gradient":""}},"ast-content-background-meta":{"desktop":{"background-color":"var(--ast-global-color-5)","background-image":"","background-repeat":"repeat","background-position":"center center","background-size":"auto","background-attachment":"scroll","background-type":"","background-media":"","overlay-type":"","overlay-color":"","overlay-opacity":"","overlay-gradient":""},"tablet":{"background-color":"var(--ast-global-color-5)","background-image":"","background-repeat":"repeat","background-position":"center center","background-size":"auto","background-attachment":"scroll","background-type":"","background-media":"","overlay-type":"","overlay-color":"","overlay-opacity":"","overlay-gradient":""},"mobile":{"background-color":"var(--ast-global-color-5)","background-image":"","background-repeat":"repeat","background-position":"center center","background-size":"auto","background-attachment":"scroll","background-type":"","background-media":"","overlay-type":"","overlay-color":"","overlay-opacity":"","overlay-gradient":""}},"footnotes":""},"categories":[507],"tags":[1297,1299,1298,1296,1232],"class_list":["post-88916","post","type-post","status-publish","format-standard","has-post-thumbnail","hentry","category-urteile","tag-amazon","tag-datenschutzverstoss","tag-dsgvo","tag-geldstrafe","tag-verstoss"],"yoast_head":"<!-- This site is optimized with the Yoast SEO Premium plugin v27.4 (Yoast SEO v27.4) - https:\/\/yoast.com\/product\/yoast-seo-premium-wordpress\/ -->\n<title>Verwaltungsgericht best\u00e4tigt hohe Geldstrafe gegen Amazon wegen Verst\u00f6\u00dfen gegen die DSGVO - R&amp;U<\/title>\n<meta name=\"description\" content=\"Verwaltungsgericht best\u00e4tigt hohe Geldstrafe gegen Amazon wegen Verst\u00f6\u00dfen gegen die DSGVO\" \/>\n<meta name=\"robots\" content=\"index, follow, max-snippet:-1, max-image-preview:large, max-video-preview:-1\" \/>\n<link rel=\"canonical\" href=\"https:\/\/ru.law\/nl\/geldstrafe-amazon-wegen-dsgvo\/\" \/>\n<meta property=\"og:locale\" content=\"nl_NL\" \/>\n<meta property=\"og:type\" content=\"article\" \/>\n<meta property=\"og:title\" content=\"Verwaltungsgericht best\u00e4tigt hohe Geldstrafe gegen Amazon wegen Verst\u00f6\u00dfen gegen die DSGVO\" \/>\n<meta property=\"og:description\" content=\"Verwaltungsgericht best\u00e4tigt hohe Geldstrafe gegen Amazon wegen Verst\u00f6\u00dfen gegen die DSGVO\" \/>\n<meta property=\"og:url\" content=\"https:\/\/ru.law\/nl\/geldstrafe-amazon-wegen-dsgvo\/\" \/>\n<meta property=\"og:site_name\" content=\"R&amp;U\" \/>\n<meta property=\"article:publisher\" content=\"https:\/\/www.facebook.com\/RogertUlbrich\/\" \/>\n<meta property=\"article:published_time\" content=\"2025-03-27T06:23:08+00:00\" \/>\n<meta property=\"article:modified_time\" content=\"2025-05-28T07:30:43+00:00\" \/>\n<meta property=\"og:image\" content=\"https:\/\/ru.law\/wp-content\/uploads\/2025\/03\/AdobeStock_645798909-scaled.jpeg\" \/>\n\t<meta property=\"og:image:width\" content=\"2560\" \/>\n\t<meta property=\"og:image:height\" content=\"1435\" \/>\n\t<meta property=\"og:image:type\" content=\"image\/jpeg\" \/>\n<meta name=\"author\" content=\"Marco Rogert\" \/>\n<meta name=\"twitter:card\" content=\"summary_large_image\" \/>\n<meta name=\"twitter:creator\" content=\"@RogertUlbrich\" \/>\n<meta name=\"twitter:site\" content=\"@RogertUlbrich\" \/>\n<script type=\"application\/ld+json\" class=\"yoast-schema-graph\">{\"@context\":\"https:\\\/\\\/schema.org\",\"@graph\":[{\"@type\":\"Article\",\"@id\":\"https:\\\/\\\/ru.law\\\/geldstrafe-amazon-wegen-dsgvo\\\/#article\",\"isPartOf\":{\"@id\":\"https:\\\/\\\/ru.law\\\/geldstrafe-amazon-wegen-dsgvo\\\/\"},\"author\":{\"name\":\"Marco Rogert\",\"@id\":\"https:\\\/\\\/ru.law\\\/#\\\/schema\\\/person\\\/b020d506e6bbc471b4565d3a98173b87\"},\"headline\":\"Verwaltungsgericht best\u00e4tigt hohe Geldstrafe gegen Amazon wegen Verst\u00f6\u00dfen gegen die DSGVO\",\"datePublished\":\"2025-03-27T06:23:08+00:00\",\"dateModified\":\"2025-05-28T07:30:43+00:00\",\"mainEntityOfPage\":{\"@id\":\"https:\\\/\\\/ru.law\\\/geldstrafe-amazon-wegen-dsgvo\\\/\"},\"wordCount\":411,\"publisher\":{\"@id\":\"https:\\\/\\\/ru.law\\\/#organization\"},\"image\":{\"@id\":\"https:\\\/\\\/ru.law\\\/geldstrafe-amazon-wegen-dsgvo\\\/#primaryimage\"},\"thumbnailUrl\":\"https:\\\/\\\/ru.law\\\/wp-content\\\/uploads\\\/2025\\\/03\\\/AdobeStock_645798909-scaled.jpeg\",\"keywords\":[\"Amazon\",\"Datenschutzversto\u00df\",\"DSGVO\",\"Geldstrafe\",\"Versto\u00df\"],\"articleSection\":[\"Urteile\"],\"inLanguage\":\"nl-NL\"},{\"@type\":\"WebPage\",\"@id\":\"https:\\\/\\\/ru.law\\\/geldstrafe-amazon-wegen-dsgvo\\\/\",\"url\":\"https:\\\/\\\/ru.law\\\/geldstrafe-amazon-wegen-dsgvo\\\/\",\"name\":\"Verwaltungsgericht best\u00e4tigt hohe Geldstrafe gegen Amazon wegen Verst\u00f6\u00dfen gegen die DSGVO - R&amp;U\",\"isPartOf\":{\"@id\":\"https:\\\/\\\/ru.law\\\/#website\"},\"primaryImageOfPage\":{\"@id\":\"https:\\\/\\\/ru.law\\\/geldstrafe-amazon-wegen-dsgvo\\\/#primaryimage\"},\"image\":{\"@id\":\"https:\\\/\\\/ru.law\\\/geldstrafe-amazon-wegen-dsgvo\\\/#primaryimage\"},\"thumbnailUrl\":\"https:\\\/\\\/ru.law\\\/wp-content\\\/uploads\\\/2025\\\/03\\\/AdobeStock_645798909-scaled.jpeg\",\"datePublished\":\"2025-03-27T06:23:08+00:00\",\"dateModified\":\"2025-05-28T07:30:43+00:00\",\"description\":\"Verwaltungsgericht best\u00e4tigt hohe Geldstrafe gegen Amazon wegen Verst\u00f6\u00dfen gegen die DSGVO\",\"breadcrumb\":{\"@id\":\"https:\\\/\\\/ru.law\\\/geldstrafe-amazon-wegen-dsgvo\\\/#breadcrumb\"},\"inLanguage\":\"nl-NL\",\"potentialAction\":[{\"@type\":\"ReadAction\",\"target\":[\"https:\\\/\\\/ru.law\\\/geldstrafe-amazon-wegen-dsgvo\\\/\"]}]},{\"@type\":\"ImageObject\",\"inLanguage\":\"nl-NL\",\"@id\":\"https:\\\/\\\/ru.law\\\/geldstrafe-amazon-wegen-dsgvo\\\/#primaryimage\",\"url\":\"https:\\\/\\\/ru.law\\\/wp-content\\\/uploads\\\/2025\\\/03\\\/AdobeStock_645798909-scaled.jpeg\",\"contentUrl\":\"https:\\\/\\\/ru.law\\\/wp-content\\\/uploads\\\/2025\\\/03\\\/AdobeStock_645798909-scaled.jpeg\",\"width\":2560,\"height\":1435},{\"@type\":\"BreadcrumbList\",\"@id\":\"https:\\\/\\\/ru.law\\\/geldstrafe-amazon-wegen-dsgvo\\\/#breadcrumb\",\"itemListElement\":[{\"@type\":\"ListItem\",\"position\":1,\"name\":\"Startseite\",\"item\":\"https:\\\/\\\/ru.law\\\/\"},{\"@type\":\"ListItem\",\"position\":2,\"name\":\"Verwaltungsgericht best\u00e4tigt hohe Geldstrafe gegen Amazon wegen Verst\u00f6\u00dfen gegen die DSGVO\"}]},{\"@type\":\"WebSite\",\"@id\":\"https:\\\/\\\/ru.law\\\/#website\",\"url\":\"https:\\\/\\\/ru.law\\\/\",\"name\":\"R&U\",\"description\":\"Verbraucheranw\u00e4lte\",\"publisher\":{\"@id\":\"https:\\\/\\\/ru.law\\\/#organization\"},\"alternateName\":\"Rogert & Ulbrich\",\"potentialAction\":[{\"@type\":\"SearchAction\",\"target\":{\"@type\":\"EntryPoint\",\"urlTemplate\":\"https:\\\/\\\/ru.law\\\/?s={search_term_string}\"},\"query-input\":{\"@type\":\"PropertyValueSpecification\",\"valueRequired\":true,\"valueName\":\"search_term_string\"}}],\"inLanguage\":\"nl-NL\"},{\"@type\":\"Organization\",\"@id\":\"https:\\\/\\\/ru.law\\\/#organization\",\"name\":\"Kanzlei Rogert & Ulbrich\",\"url\":\"https:\\\/\\\/ru.law\\\/\",\"logo\":{\"@type\":\"ImageObject\",\"inLanguage\":\"nl-NL\",\"@id\":\"https:\\\/\\\/ru.law\\\/#\\\/schema\\\/logo\\\/image\\\/\",\"url\":\"https:\\\/\\\/ru.law\\\/wp-content\\\/uploads\\\/2020\\\/12\\\/logo-ru-law.svg\",\"contentUrl\":\"https:\\\/\\\/ru.law\\\/wp-content\\\/uploads\\\/2020\\\/12\\\/logo-ru-law.svg\",\"width\":992,\"height\":259,\"caption\":\"Kanzlei Rogert & Ulbrich\"},\"image\":{\"@id\":\"https:\\\/\\\/ru.law\\\/#\\\/schema\\\/logo\\\/image\\\/\"},\"sameAs\":[\"https:\\\/\\\/www.facebook.com\\\/RogertUlbrich\\\/\",\"https:\\\/\\\/x.com\\\/RogertUlbrich\",\"https:\\\/\\\/www.instagram.com\\\/rogertulbrich\\\/\",\"https:\\\/\\\/www.linkedin.com\\\/company\\\/rogert-ulbrich\\\/\",\"https:\\\/\\\/www.youtube.com\\\/channel\\\/UCganCgpvwpPFqMFf1vVmG2A\"]},{\"@type\":\"Person\",\"@id\":\"https:\\\/\\\/ru.law\\\/#\\\/schema\\\/person\\\/b020d506e6bbc471b4565d3a98173b87\",\"name\":\"Marco Rogert\",\"url\":\"https:\\\/\\\/ru.law\\\/nl\\\/author\\\/rogertru-law\\\/\"}]}<\/script>\n<!-- \/ Yoast SEO Premium plugin. -->","yoast_head_json":{"title":"Administratieve rechtbank handhaaft hoge boete tegen Amazon voor AVG-schendingen - R&amp;U","description":"Bestuursrechtbank bevestigt hoge boete tegen Amazon voor overtredingen AVG","robots":{"index":"index","follow":"follow","max-snippet":"max-snippet:-1","max-image-preview":"max-image-preview:large","max-video-preview":"max-video-preview:-1"},"canonical":"https:\/\/ru.law\/nl\/geldstrafe-amazon-wegen-dsgvo\/","og_locale":"nl_NL","og_type":"article","og_title":"Verwaltungsgericht best\u00e4tigt hohe Geldstrafe gegen Amazon wegen Verst\u00f6\u00dfen gegen die DSGVO","og_description":"Verwaltungsgericht best\u00e4tigt hohe Geldstrafe gegen Amazon wegen Verst\u00f6\u00dfen gegen die DSGVO","og_url":"https:\/\/ru.law\/nl\/geldstrafe-amazon-wegen-dsgvo\/","og_site_name":"R&amp;U","article_publisher":"https:\/\/www.facebook.com\/RogertUlbrich\/","article_published_time":"2025-03-27T06:23:08+00:00","article_modified_time":"2025-05-28T07:30:43+00:00","og_image":[{"width":2560,"height":1435,"url":"https:\/\/ru.law\/wp-content\/uploads\/2025\/03\/AdobeStock_645798909-scaled.jpeg","type":"image\/jpeg"}],"author":"Marco Rogert","twitter_card":"summary_large_image","twitter_creator":"@RogertUlbrich","twitter_site":"@RogertUlbrich","schema":{"@context":"https:\/\/schema.org","@graph":[{"@type":"Article","@id":"https:\/\/ru.law\/geldstrafe-amazon-wegen-dsgvo\/#article","isPartOf":{"@id":"https:\/\/ru.law\/geldstrafe-amazon-wegen-dsgvo\/"},"author":{"name":"Marco Rogert","@id":"https:\/\/ru.law\/#\/schema\/person\/b020d506e6bbc471b4565d3a98173b87"},"headline":"Verwaltungsgericht best\u00e4tigt hohe Geldstrafe gegen Amazon wegen Verst\u00f6\u00dfen gegen die DSGVO","datePublished":"2025-03-27T06:23:08+00:00","dateModified":"2025-05-28T07:30:43+00:00","mainEntityOfPage":{"@id":"https:\/\/ru.law\/geldstrafe-amazon-wegen-dsgvo\/"},"wordCount":411,"publisher":{"@id":"https:\/\/ru.law\/#organization"},"image":{"@id":"https:\/\/ru.law\/geldstrafe-amazon-wegen-dsgvo\/#primaryimage"},"thumbnailUrl":"https:\/\/ru.law\/wp-content\/uploads\/2025\/03\/AdobeStock_645798909-scaled.jpeg","keywords":["Amazon","Datenschutzversto\u00df","DSGVO","Geldstrafe","Versto\u00df"],"articleSection":["Urteile"],"inLanguage":"nl-NL"},{"@type":"WebPage","@id":"https:\/\/ru.law\/geldstrafe-amazon-wegen-dsgvo\/","url":"https:\/\/ru.law\/geldstrafe-amazon-wegen-dsgvo\/","name":"Administratieve rechtbank handhaaft hoge boete tegen Amazon voor AVG-schendingen - R&amp;U","isPartOf":{"@id":"https:\/\/ru.law\/#website"},"primaryImageOfPage":{"@id":"https:\/\/ru.law\/geldstrafe-amazon-wegen-dsgvo\/#primaryimage"},"image":{"@id":"https:\/\/ru.law\/geldstrafe-amazon-wegen-dsgvo\/#primaryimage"},"thumbnailUrl":"https:\/\/ru.law\/wp-content\/uploads\/2025\/03\/AdobeStock_645798909-scaled.jpeg","datePublished":"2025-03-27T06:23:08+00:00","dateModified":"2025-05-28T07:30:43+00:00","description":"Bestuursrechtbank bevestigt hoge boete tegen Amazon voor overtredingen AVG","breadcrumb":{"@id":"https:\/\/ru.law\/geldstrafe-amazon-wegen-dsgvo\/#breadcrumb"},"inLanguage":"nl-NL","potentialAction":[{"@type":"ReadAction","target":["https:\/\/ru.law\/geldstrafe-amazon-wegen-dsgvo\/"]}]},{"@type":"ImageObject","inLanguage":"nl-NL","@id":"https:\/\/ru.law\/geldstrafe-amazon-wegen-dsgvo\/#primaryimage","url":"https:\/\/ru.law\/wp-content\/uploads\/2025\/03\/AdobeStock_645798909-scaled.jpeg","contentUrl":"https:\/\/ru.law\/wp-content\/uploads\/2025\/03\/AdobeStock_645798909-scaled.jpeg","width":2560,"height":1435},{"@type":"BreadcrumbList","@id":"https:\/\/ru.law\/geldstrafe-amazon-wegen-dsgvo\/#breadcrumb","itemListElement":[{"@type":"ListItem","position":1,"name":"Startseite","item":"https:\/\/ru.law\/"},{"@type":"ListItem","position":2,"name":"Verwaltungsgericht best\u00e4tigt hohe Geldstrafe gegen Amazon wegen Verst\u00f6\u00dfen gegen die DSGVO"}]},{"@type":"WebSite","@id":"https:\/\/ru.law\/#website","url":"https:\/\/ru.law\/","name":"R&amp;U","description":"Consumentenadvocaten","publisher":{"@id":"https:\/\/ru.law\/#organization"},"alternateName":"Rogert & Ulbrich","potentialAction":[{"@type":"SearchAction","target":{"@type":"EntryPoint","urlTemplate":"https:\/\/ru.law\/?s={search_term_string}"},"query-input":{"@type":"PropertyValueSpecification","valueRequired":true,"valueName":"search_term_string"}}],"inLanguage":"nl-NL"},{"@type":"Organization","@id":"https:\/\/ru.law\/#organization","name":"Advocatenkantoor Rogert &amp; Ulbrich","url":"https:\/\/ru.law\/","logo":{"@type":"ImageObject","inLanguage":"nl-NL","@id":"https:\/\/ru.law\/#\/schema\/logo\/image\/","url":"https:\/\/ru.law\/wp-content\/uploads\/2020\/12\/logo-ru-law.svg","contentUrl":"https:\/\/ru.law\/wp-content\/uploads\/2020\/12\/logo-ru-law.svg","width":992,"height":259,"caption":"Kanzlei Rogert & Ulbrich"},"image":{"@id":"https:\/\/ru.law\/#\/schema\/logo\/image\/"},"sameAs":["https:\/\/www.facebook.com\/RogertUlbrich\/","https:\/\/x.com\/RogertUlbrich","https:\/\/www.instagram.com\/rogertulbrich\/","https:\/\/www.linkedin.com\/company\/rogert-ulbrich\/","https:\/\/www.youtube.com\/channel\/UCganCgpvwpPFqMFf1vVmG2A"]},{"@type":"Person","@id":"https:\/\/ru.law\/#\/schema\/person\/b020d506e6bbc471b4565d3a98173b87","name":"Marco Rogert","url":"https:\/\/ru.law\/nl\/author\/rogertru-law\/"}]}},"uagb_featured_image_src":{"full":["https:\/\/ru.law\/wp-content\/uploads\/2025\/03\/AdobeStock_645798909-scaled.jpeg",2560,1435,false],"thumbnail":["https:\/\/ru.law\/wp-content\/uploads\/2025\/03\/AdobeStock_645798909-scaled.jpeg",128,72,false],"medium":["https:\/\/ru.law\/wp-content\/uploads\/2025\/03\/AdobeStock_645798909-scaled.jpeg",2560,1435,false],"medium_large":["https:\/\/ru.law\/wp-content\/uploads\/2025\/03\/AdobeStock_645798909-768x430.jpeg",768,430,true],"large":["https:\/\/ru.law\/wp-content\/uploads\/2025\/03\/AdobeStock_645798909-scaled.jpeg",2560,1435,false],"1536x1536":["https:\/\/ru.law\/wp-content\/uploads\/2025\/03\/AdobeStock_645798909-1536x861.jpeg",1536,861,true],"2048x2048":["https:\/\/ru.law\/wp-content\/uploads\/2025\/03\/AdobeStock_645798909-2048x1148.jpeg",2048,1148,true],"trp-custom-language-flag":["https:\/\/ru.law\/wp-content\/uploads\/2025\/03\/AdobeStock_645798909-18x10.jpeg",18,10,true]},"uagb_author_info":{"display_name":"Marco Rogert","author_link":"https:\/\/ru.law\/nl\/author\/rogertru-law\/"},"uagb_comment_info":0,"uagb_excerpt":"Das Verwaltungsgericht hat die Entscheidung der Nationalen Datenschutzkommission best\u00e4tigt, die eine Geldbu\u00dfe von 746 Millionen Euro gegen Amazon Europe Core SARL verh\u00e4ngte. Der Online-Riese verstie\u00df bei der Verarbeitung personenbezogener Daten gegen die DSGVO. Das Gericht unterstrich die Notwendigkeit, datenschutzrechtliche Vorschriften strikt einzuhalten und ordnete zudem t\u00e4gliche Zwangsgelder f\u00fcr fehlende Abhilfema\u00dfnahmen an.","_links":{"self":[{"href":"https:\/\/ru.law\/nl\/wp-json\/wp\/v2\/posts\/88916","targetHints":{"allow":["GET"]}}],"collection":[{"href":"https:\/\/ru.law\/nl\/wp-json\/wp\/v2\/posts"}],"about":[{"href":"https:\/\/ru.law\/nl\/wp-json\/wp\/v2\/types\/post"}],"author":[{"embeddable":true,"href":"https:\/\/ru.law\/nl\/wp-json\/wp\/v2\/users\/21"}],"replies":[{"embeddable":true,"href":"https:\/\/ru.law\/nl\/wp-json\/wp\/v2\/comments?post=88916"}],"version-history":[{"count":0,"href":"https:\/\/ru.law\/nl\/wp-json\/wp\/v2\/posts\/88916\/revisions"}],"wp:featuredmedia":[{"embeddable":true,"href":"https:\/\/ru.law\/nl\/wp-json\/wp\/v2\/media\/88917"}],"wp:attachment":[{"href":"https:\/\/ru.law\/nl\/wp-json\/wp\/v2\/media?parent=88916"}],"wp:term":[{"taxonomy":"category","embeddable":true,"href":"https:\/\/ru.law\/nl\/wp-json\/wp\/v2\/categories?post=88916"},{"taxonomy":"post_tag","embeddable":true,"href":"https:\/\/ru.law\/nl\/wp-json\/wp\/v2\/tags?post=88916"}],"curies":[{"name":"wp","href":"https:\/\/api.w.org\/{rel}","templated":true}]}}