{"id":88187,"date":"2025-02-28T15:01:02","date_gmt":"2025-02-28T14:01:02","guid":{"rendered":"https:\/\/ru.law\/?p=88187"},"modified":"2025-05-28T09:31:37","modified_gmt":"2025-05-28T07:31:37","slug":"focus-online-elektronische-patientenakte-birgt-datenschutz-risiken","status":"publish","type":"post","link":"https:\/\/ru.law\/nl\/focus-online-elektronische-patientenakte-birgt-datenschutz-risiken\/","title":{"rendered":"FOCUS online \u2013 Elektronische pati\u00ebntendossiers vormen risico\u2019s voor gegevensbescherming"},"content":{"rendered":"<p>Dokter Marco Rogert heeft een <a href=\"https:\/\/www.focus.de\/gesundheit\/datenschutz-bedenken-warum-die-elektronische-patientenakte-datenschutz-risiken-birgt_id_260708482.html\">artikel als expert bij FOCUS Online <\/a>Er worden beoordelingen gegeven van de risico&#039;s voor gegevensbescherming van het elektronisch pati\u00ebntendossier (ePA). Met de invoering van de ePA willen we de medische zorg effici\u00ebnter maken en de communicatie tussen artsen verbeteren. Er zijn echter grote zorgen, vooral over het geplande gebruik door de federale minister van Volksgezondheid Karl Lauterbach.<\/p>\n\n\n\n<h2 class=\"wp-block-heading\" id=\"h-ziel-der-elektronischen-patientenakte\">Doel van het elektronisch pati\u00ebntendossier<\/h2>\n\n\n\n<p>De invoering van de ePA wordt gezien als een mijlpaal in de digitalisering van het Duitse zorgstelsel. Volgens een rapport van \u201cheise.de\u201d verklaarde de federale minister van Volksgezondheid Karl Lauterbach op de Bitkom Digital Health Conference: \u201cNa 20 jaar van trage ontwikkeling hebben we met succes een inhaalslag gemaakt. Op 15 januari wordt het elektronisch pati\u00ebntendossier gelanceerd voor 70 miljoen verzekerden. Het is het hart van de digitalisering in de gezondheidszorg en zal de pati\u00ebntenzorg aanzienlijk verbeteren.\u201d<\/p>\n\n\n\n<p>Lauterbach gaf toe dat de ePA in zijn oorspronkelijke vorm aanzienlijke zwakheden vertoonde. De vertraging heeft het echter mogelijk gemaakt om geavanceerde technologische oplossingen te integreren die het systeem effici\u00ebnter maken.<\/p>\n\n\n\n<h2 class=\"wp-block-heading\" id=\"h-ein-umfassender-datenschatz-entsteht\">Er wordt een uitgebreide schat aan gegevens gecre\u00eberd<\/h2>\n\n\n\n<p>In de toekomst worden alle gezondheidsgegevens automatisch opgeslagen in de ePA: van laboratoriumwaarden en r\u00f6ntgenfoto&#039;s tot medicatiegegevens en ziekenhuisopnames. \u201cDeze dataset is gigantisch \u2013 er zijn elk jaar een miljard arts-pati\u00ebntcontacten in Duitsland\u201d, benadrukte Lauterbach. De verzamelde gegevens worden in het Research Data Center for Health (FDZ) samengevoegd met aanvullende informatie uit ruim 400 medische registers en genoomdatabanken. Daarnaast zijn de declaratiegegevens van de zorgverzekeraars onderdeel van het systeem. Alle gegevens worden aan elkaar gekoppeld via een gepseudonimiseerd zorgverzekeringsnummer.<\/p>\n\n\n\n<h2 class=\"wp-block-heading\" id=\"h-einsatz-von-kunstlicher-intelligenz\">gebruik van kunstmatige intelligentie<\/h2>\n\n\n\n<p>Een centraal element van de ePA is het gebruik van kunstmatige intelligentie (AI). \u201cDeze dataset wordt met behulp van AI-systemen analyseerbaar gemaakt\u201d, legt Lauterbach uit. De structuur van de ePA is al ontworpen om \u201cAI-ready\u201d te zijn.<\/p>\n\n\n\n<p>Een centraal element van de ePA is het gebruik van kunstmatige intelligentie (AI). \u201cDeze dataset wordt met behulp van AI-systemen analyseerbaar gemaakt\u201d, legt Lauterbach uit. De structuur van de ePA is al ontworpen om \u201cAI-ready\u201d te zijn.<\/p>\n\n\n\n<h2 class=\"wp-block-heading\" id=\"h-interesse-internationaler-technologiekonzerne\">interesse van internationale technologiebedrijven<\/h2>\n\n\n\n<p>Lauterbach bevestigde deze angst indirect. &quot;Alle grote AI-bedrijven zijn ge\u00efnteresseerd in deze schat aan data&quot;, aldus de minister. Onder andere Meta, OpenAI en Google worden besproken. De bedrijven zouden ge\u00efnteresseerd zijn in het trainen van hun taalmodellen met Duitse gezondheidsgegevens. Bovendien is de gezondheidszorgsector een sector die een aanzienlijke groei doormaakt. &quot;Terwijl veel economische sectoren stagneren, ervaren wij hier een dynamische groei&quot;, aldus Lauterbach. Met andere gegevensbronnen zouden gepseudonimiseerde gezondheidsgegevens weer aan een specifieke persoon kunnen worden toegewezen.<\/p>\n\n\n\n<h2 class=\"wp-block-heading\" id=\"h-chancen-und-risiken-der-epa\">Kansen en risico&#039;s van de ePA<\/h2>\n\n\n\n<p>De voordelen van de ePA liggen voor de hand: belangrijke medische documenten, zoals r\u00f6ntgenfoto&#039;s, bevindingen en doktersbrieven, worden centraal opgeslagen en zijn op elk gewenst moment toegankelijk. Hiermee kan de kwaliteit van de behandeling worden verbeterd en worden dubbele onderzoeken voorkomen.<\/p>\n\n\n\n<p>Maar IT-beveiligingsexperts hebben ernstige beveiligingslekken in de ePA ontdekt. Dit is vooral alarmerend omdat het om zeer gevoelige gezondheidsgegevens gaat \u2013 mogelijk de meest kwetsbare informatie van een burger.<\/p>\n\n\n\n<h2 class=\"wp-block-heading\" id=\"h-mangelhafte-datenverarbeitung-im-gesundheitswesen\">Slechte gegevensverwerking in de gezondheidszorg?<\/h2>\n\n\n\n<p>Sinds de coronapandemie bestaan er twijfels over de professionele verwerking van gezondheidsgegevens. Het Paul Ehrlich Institute (PEI) kreeg kritiek omdat het geen betrouwbare interfaces bood aan zorgverzekeraars en alleen onvolledige gegevens over bijwerkingen publiceerde. Terwijl andere landen, zoals Nederland, Denemarken of de VS, gedetailleerde databases met bijwerkingen aanmaakten, leverde de PEI alleen een onjuiste Excel-tabel.<\/p>\n\n\n\n<h2 class=\"wp-block-heading\" id=\"h-datenschutzmassnahmen-und-ihre-schwachen\">Gegevensbeschermingsmaatregelen en hun zwakke punten<\/h2>\n\n\n\n<p>Lauterbach verzekerde dat Isra\u00eblische experts de gegevensbeveiliging van de ePA hadden onderzocht en dat er een evenwicht was gevonden tussen gegevensbescherming en bruikbaarheid. Een belangrijk punt is het gebruik van \u2018confidential computing\u2019, waarbij gegevens binnen een beveiligde omgeving worden verwerkt zonder te worden versleuteld. Maar deze uitleg roept vragen op: zou een werkelijk vertrouwelijke dataset niet een gecodeerde dataset zijn?<\/p>\n\n\n\n<p>Onderzoekers kunnen op verzoek toegang krijgen tot gezondheidsgegevens. Niet de identiteit van de aanvrager, maar het doel van het onderzoek is doorslaggevend. De gegevens mogen de beveiligde onderzoeksomgeving niet verlaten. Maar hoe veilig is deze \u2018vertrouwde omgeving\u2019 werkelijk?<\/p>\n\n\n\n<h2 class=\"wp-block-heading\" id=\"h-lauterbachs-vision-ein-weltweit-fuhrender-gesundheitsdatensatz\">De visie van Lauterbach: een toonaangevende gezondheidsdataset<\/h2>\n\n\n\n<p>De minister beschouwt de ePA als het belangrijkste digitale project in Duitsland en als een baanbrekende innovatie. Zijn doel: de grootste en meest uitgebreide gezondheidsdataset ter wereld opbouwen.<\/p>\n\n\n\n<p>Op basis van eerdere ervaringen met tekortkomingen in de beveiliging van de ePA en het ineffectieve gegevensbeheer van de PEI, zijn er echter terechte zorgen: zijn de gezondheidsgegevens van 70 miljoen verzekerden werkelijk voldoende beschermd?<\/p>\n\n\n\n<h2 class=\"wp-block-heading\" id=\"h-politische-diskussion-merz-will-finanzielle-anreize-schaffen\">Politieke discussie: Merz wil financi\u00eble prikkels cre\u00ebren<\/h2>\n\n\n\n<p>Lauterbach is niet de enige die ambitieuze plannen heeft voor de ePA. CDU-leider Friedrich Merz opperde het idee om verzekerden financieel te belonen als zij hun gegevens aan de ePA toevertrouwen. Hierdoor kan het zorgstelsel effici\u00ebnter worden ingezet.<\/p>\n\n\n\n<div class=\"wp-block-uagb-advanced-heading uagb-block-8c88a3b3\"><h2 class=\"uagb-heading-text\">kritiek van IT-experts<\/h2><\/div>\n\n\n\n<p>Volgens een rapport in de Berliner Zeitung waarschuwen IT-specialisten voor aanzienlijke veiligheidsrisico&#039;s. De georganiseerde misdaad kan op grote schaal pati\u00ebntgegevens stelen. Ook geheime diensten zouden ge\u00efnteresseerd zijn in deze gevoelige informatie. De Chaos Computer Club heeft onlangs op een conferentie laten zien hoe eenvoudig het is om misbruik te maken van beveiligingslekken.<\/p>\n\n\n\n<p>\u201cDeskundigen hebben herhaaldelijk gewezen op veiligheidsrisico\u2019s\u201d, aldus IT-expert Manuel Atug. \u201cEr zijn echter slechts minimale verbeteringen doorgevoerd. Het verantwoordelijke ministerie is terughoudend met adviezen.\u201d<\/p>\n\n\n\n<div class=\"wp-block-uagb-advanced-heading uagb-block-2a9f1f6c\"><h2 class=\"uagb-heading-text\">opt-outprocedures en zorgen over gegevensbescherming<\/h2><\/div>\n\n\n\n<p>De ePA wordt ingevoerd via een opt-outprocedure: wie geen bezwaar maakt, ontvangt automatisch een digitaal pati\u00ebntendossier. Particulier verzekerden moeten daarentegen zelf een ePA aanvragen.<\/p>\n\n\n\n<p>Vanuit het oogpunt van gegevensbescherming is dit problematisch. De AVG vereist expliciete toestemming voor gezondheidsgegevens. Er wordt hier echter een bezwaaroplossing toegepast die strijdig is met de gegevensbescherming en waarvan veel verzekerden zich mogelijk niet bewust zijn.<\/p>\n\n\n\n<div class=\"wp-block-uagb-advanced-heading uagb-block-bf75e7e9\"><h2 class=\"uagb-heading-text\">Mogelijke misbruikscenario&#039;s<\/h2><\/div>\n\n\n\n<p>Deskundigen zien vier hoofdscenario&#039;s waarin de ePA misbruikt zou kunnen worden:<\/p>\n\n\n\n<p><strong>decodering van gepseudonimiseerde gegevens<\/strong>: Met de juiste sleutel konden gegevens opnieuw worden ge\u00efdentificeerd.<\/p>\n\n\n\n<p><strong>Onjuiste anonimisering<\/strong>Namen of andere identificerende kenmerken kunnen onbedoeld in medische rapporten of r\u00f6ntgenfoto&#039;s achterblijven.<\/p>\n\n\n\n<p><strong>gegevensreconstructie<\/strong>:Door uitgebreide informatie te combineren, konden individuen worden ge\u00efdentificeerd.<\/p>\n\n\n\n<p><strong>tracking via dienstverleners<\/strong>:Een specifiek doktersbezoek kan het mogelijk maken om conclusies te trekken over iemands identiteit.<\/p>\n\n\n\n<div class=\"wp-block-uagb-advanced-heading uagb-block-ebf9a309\"><h2 class=\"uagb-heading-text\">gevolgen van een datalek<\/h2><\/div>\n\n\n\n<p>Als gezondheidsgegevens in verkeerde handen vallen, kan dat ernstige gevolgen hebben. Denk aan ongewenste reclame voor medicijnen, baanverlies, afwijzing van leningen of verzekeringen, chantage door derden of sociale uitsluiting.<\/p>\n\n\n\n<div class=\"wp-block-uagb-advanced-heading uagb-block-5febcc77\"><h2 class=\"uagb-heading-text\">Hoe kun je jezelf verdedigen?<\/h2><\/div>\n\n\n\n<p>Betrokkenen kunnen bij de ePA bezwaar maken of opgeslagen gegevens laten verwijderen. Er zijn ook juridische mogelijkheden om uzelf te beschermen tegen de overdracht van gegevens aan buitenlandse bedrijven.<\/p>\n\n\n\n<p><\/p>","protected":false},"excerpt":{"rendered":"<p>De Europese Commissie reageert op kritiek uit het bedrijfsleven en stelt de invoering van de wet op de toeleveringsketen met een jaar uit tot 2028. Daarnaast moeten bedrijven minder bureaucratische verplichtingen nakomen<\/p>","protected":false},"author":21,"featured_media":88219,"comment_status":"closed","ping_status":"open","sticky":false,"template":"","format":"standard","meta":{"_uag_custom_page_level_css":"","site-sidebar-layout":"default","site-content-layout":"","ast-site-content-layout":"default","site-content-style":"default","site-sidebar-style":"default","ast-global-header-display":"","ast-banner-title-visibility":"","ast-main-header-display":"","ast-hfb-above-header-display":"","ast-hfb-below-header-display":"","ast-hfb-mobile-header-display":"","site-post-title":"","ast-breadcrumbs-content":"","ast-featured-img":"","footer-sml-layout":"","ast-disable-related-posts":"","theme-transparent-header-meta":"","adv-header-id-meta":"","stick-header-meta":"","header-above-stick-meta":"","header-main-stick-meta":"","header-below-stick-meta":"","astra-migrate-meta-layouts":"set","ast-page-background-enabled":"default","ast-page-background-meta":{"desktop":{"background-color":"","background-image":"","background-repeat":"repeat","background-position":"center center","background-size":"auto","background-attachment":"scroll","background-type":"","background-media":"","overlay-type":"","overlay-color":"","overlay-opacity":"","overlay-gradient":""},"tablet":{"background-color":"","background-image":"","background-repeat":"repeat","background-position":"center center","background-size":"auto","background-attachment":"scroll","background-type":"","background-media":"","overlay-type":"","overlay-color":"","overlay-opacity":"","overlay-gradient":""},"mobile":{"background-color":"","background-image":"","background-repeat":"repeat","background-position":"center center","background-size":"auto","background-attachment":"scroll","background-type":"","background-media":"","overlay-type":"","overlay-color":"","overlay-opacity":"","overlay-gradient":""}},"ast-content-background-meta":{"desktop":{"background-color":"var(--ast-global-color-5)","background-image":"","background-repeat":"repeat","background-position":"center center","background-size":"auto","background-attachment":"scroll","background-type":"","background-media":"","overlay-type":"","overlay-color":"","overlay-opacity":"","overlay-gradient":""},"tablet":{"background-color":"var(--ast-global-color-5)","background-image":"","background-repeat":"repeat","background-position":"center center","background-size":"auto","background-attachment":"scroll","background-type":"","background-media":"","overlay-type":"","overlay-color":"","overlay-opacity":"","overlay-gradient":""},"mobile":{"background-color":"var(--ast-global-color-5)","background-image":"","background-repeat":"repeat","background-position":"center center","background-size":"auto","background-attachment":"scroll","background-type":"","background-media":"","overlay-type":"","overlay-color":"","overlay-opacity":"","overlay-gradient":""}},"footnotes":""},"categories":[1172],"tags":[1169,1185,1265,1227],"class_list":["post-88187","post","type-post","status-publish","format-standard","has-post-thumbnail","hentry","category-datenschutzrecht","tag-datenschutz","tag-datenschutzrecht","tag-epa","tag-gesundheitsdaten"],"yoast_head":"<!-- This site is optimized with the Yoast SEO Premium plugin v27.4 (Yoast SEO v27.4) - https:\/\/yoast.com\/product\/yoast-seo-premium-wordpress\/ -->\n<title>Elektronische Patientenakte birgt Datenschutz-Risiken - R&amp;U<\/title>\n<meta name=\"description\" content=\"Die elektronische Patientenakte (ePA) soll das Gesundheitswesen digitalisieren, Experten warnen vor Datenschutzrisiken und Sicherheitsl\u00fccken\" \/>\n<meta name=\"robots\" content=\"index, follow, max-snippet:-1, max-image-preview:large, max-video-preview:-1\" \/>\n<link rel=\"canonical\" href=\"https:\/\/ru.law\/nl\/focus-online-elektronische-patientenakte-birgt-datenschutz-risiken\/\" \/>\n<meta property=\"og:locale\" content=\"nl_NL\" \/>\n<meta property=\"og:type\" content=\"article\" \/>\n<meta property=\"og:title\" content=\"FOCUS online - Elektronische Patientenakte birgt Datenschutz-Risiken\" \/>\n<meta property=\"og:description\" content=\"Die elektronische Patientenakte (ePA) soll das Gesundheitswesen digitalisieren, Experten warnen vor Datenschutzrisiken und Sicherheitsl\u00fccken\" \/>\n<meta property=\"og:url\" content=\"https:\/\/ru.law\/nl\/focus-online-elektronische-patientenakte-birgt-datenschutz-risiken\/\" \/>\n<meta property=\"og:site_name\" content=\"R&amp;U\" \/>\n<meta property=\"article:publisher\" content=\"https:\/\/www.facebook.com\/RogertUlbrich\/\" \/>\n<meta property=\"article:published_time\" content=\"2025-02-28T14:01:02+00:00\" \/>\n<meta property=\"article:modified_time\" content=\"2025-05-28T07:31:37+00:00\" \/>\n<meta property=\"og:image\" content=\"https:\/\/ru.law\/wp-content\/uploads\/2025\/02\/Elektronische-Patientenkarte-scaled.jpeg\" \/>\n\t<meta property=\"og:image:width\" content=\"2560\" \/>\n\t<meta property=\"og:image:height\" content=\"1700\" \/>\n\t<meta property=\"og:image:type\" content=\"image\/jpeg\" \/>\n<meta name=\"author\" content=\"Marco Rogert\" \/>\n<meta name=\"twitter:card\" content=\"summary_large_image\" \/>\n<meta name=\"twitter:creator\" content=\"@RogertUlbrich\" \/>\n<meta name=\"twitter:site\" content=\"@RogertUlbrich\" \/>\n<script type=\"application\/ld+json\" class=\"yoast-schema-graph\">{\"@context\":\"https:\\\/\\\/schema.org\",\"@graph\":[{\"@type\":\"Article\",\"@id\":\"https:\\\/\\\/ru.law\\\/focus-online-elektronische-patientenakte-birgt-datenschutz-risiken\\\/#article\",\"isPartOf\":{\"@id\":\"https:\\\/\\\/ru.law\\\/focus-online-elektronische-patientenakte-birgt-datenschutz-risiken\\\/\"},\"author\":{\"name\":\"Marco Rogert\",\"@id\":\"https:\\\/\\\/ru.law\\\/#\\\/schema\\\/person\\\/b020d506e6bbc471b4565d3a98173b87\"},\"headline\":\"FOCUS online &#8211; Elektronische Patientenakte birgt Datenschutz-Risiken\",\"datePublished\":\"2025-02-28T14:01:02+00:00\",\"dateModified\":\"2025-05-28T07:31:37+00:00\",\"mainEntityOfPage\":{\"@id\":\"https:\\\/\\\/ru.law\\\/focus-online-elektronische-patientenakte-birgt-datenschutz-risiken\\\/\"},\"wordCount\":1034,\"publisher\":{\"@id\":\"https:\\\/\\\/ru.law\\\/#organization\"},\"image\":{\"@id\":\"https:\\\/\\\/ru.law\\\/focus-online-elektronische-patientenakte-birgt-datenschutz-risiken\\\/#primaryimage\"},\"thumbnailUrl\":\"https:\\\/\\\/ru.law\\\/wp-content\\\/uploads\\\/2025\\\/02\\\/Elektronische-Patientenkarte-scaled.jpeg\",\"keywords\":[\"Datenschutz\",\"Datenschutzrecht\",\"ePA\",\"Gesundheitsdaten\"],\"articleSection\":[\"Datenschutzrecht\"],\"inLanguage\":\"nl-NL\"},{\"@type\":\"WebPage\",\"@id\":\"https:\\\/\\\/ru.law\\\/focus-online-elektronische-patientenakte-birgt-datenschutz-risiken\\\/\",\"url\":\"https:\\\/\\\/ru.law\\\/focus-online-elektronische-patientenakte-birgt-datenschutz-risiken\\\/\",\"name\":\"Elektronische Patientenakte birgt Datenschutz-Risiken - R&amp;U\",\"isPartOf\":{\"@id\":\"https:\\\/\\\/ru.law\\\/#website\"},\"primaryImageOfPage\":{\"@id\":\"https:\\\/\\\/ru.law\\\/focus-online-elektronische-patientenakte-birgt-datenschutz-risiken\\\/#primaryimage\"},\"image\":{\"@id\":\"https:\\\/\\\/ru.law\\\/focus-online-elektronische-patientenakte-birgt-datenschutz-risiken\\\/#primaryimage\"},\"thumbnailUrl\":\"https:\\\/\\\/ru.law\\\/wp-content\\\/uploads\\\/2025\\\/02\\\/Elektronische-Patientenkarte-scaled.jpeg\",\"datePublished\":\"2025-02-28T14:01:02+00:00\",\"dateModified\":\"2025-05-28T07:31:37+00:00\",\"description\":\"Die elektronische Patientenakte (ePA) soll das Gesundheitswesen digitalisieren, Experten warnen vor Datenschutzrisiken und Sicherheitsl\u00fccken\",\"breadcrumb\":{\"@id\":\"https:\\\/\\\/ru.law\\\/focus-online-elektronische-patientenakte-birgt-datenschutz-risiken\\\/#breadcrumb\"},\"inLanguage\":\"nl-NL\",\"potentialAction\":[{\"@type\":\"ReadAction\",\"target\":[\"https:\\\/\\\/ru.law\\\/focus-online-elektronische-patientenakte-birgt-datenschutz-risiken\\\/\"]}]},{\"@type\":\"ImageObject\",\"inLanguage\":\"nl-NL\",\"@id\":\"https:\\\/\\\/ru.law\\\/focus-online-elektronische-patientenakte-birgt-datenschutz-risiken\\\/#primaryimage\",\"url\":\"https:\\\/\\\/ru.law\\\/wp-content\\\/uploads\\\/2025\\\/02\\\/Elektronische-Patientenkarte-scaled.jpeg\",\"contentUrl\":\"https:\\\/\\\/ru.law\\\/wp-content\\\/uploads\\\/2025\\\/02\\\/Elektronische-Patientenkarte-scaled.jpeg\",\"width\":2560,\"height\":1700},{\"@type\":\"BreadcrumbList\",\"@id\":\"https:\\\/\\\/ru.law\\\/focus-online-elektronische-patientenakte-birgt-datenschutz-risiken\\\/#breadcrumb\",\"itemListElement\":[{\"@type\":\"ListItem\",\"position\":1,\"name\":\"Startseite\",\"item\":\"https:\\\/\\\/ru.law\\\/\"},{\"@type\":\"ListItem\",\"position\":2,\"name\":\"FOCUS online &#8211; Elektronische Patientenakte birgt Datenschutz-Risiken\"}]},{\"@type\":\"WebSite\",\"@id\":\"https:\\\/\\\/ru.law\\\/#website\",\"url\":\"https:\\\/\\\/ru.law\\\/\",\"name\":\"R&U\",\"description\":\"Verbraucheranw\u00e4lte\",\"publisher\":{\"@id\":\"https:\\\/\\\/ru.law\\\/#organization\"},\"alternateName\":\"Rogert & Ulbrich\",\"potentialAction\":[{\"@type\":\"SearchAction\",\"target\":{\"@type\":\"EntryPoint\",\"urlTemplate\":\"https:\\\/\\\/ru.law\\\/?s={search_term_string}\"},\"query-input\":{\"@type\":\"PropertyValueSpecification\",\"valueRequired\":true,\"valueName\":\"search_term_string\"}}],\"inLanguage\":\"nl-NL\"},{\"@type\":\"Organization\",\"@id\":\"https:\\\/\\\/ru.law\\\/#organization\",\"name\":\"Kanzlei Rogert & Ulbrich\",\"url\":\"https:\\\/\\\/ru.law\\\/\",\"logo\":{\"@type\":\"ImageObject\",\"inLanguage\":\"nl-NL\",\"@id\":\"https:\\\/\\\/ru.law\\\/#\\\/schema\\\/logo\\\/image\\\/\",\"url\":\"https:\\\/\\\/ru.law\\\/wp-content\\\/uploads\\\/2020\\\/12\\\/logo-ru-law.svg\",\"contentUrl\":\"https:\\\/\\\/ru.law\\\/wp-content\\\/uploads\\\/2020\\\/12\\\/logo-ru-law.svg\",\"width\":992,\"height\":259,\"caption\":\"Kanzlei Rogert & Ulbrich\"},\"image\":{\"@id\":\"https:\\\/\\\/ru.law\\\/#\\\/schema\\\/logo\\\/image\\\/\"},\"sameAs\":[\"https:\\\/\\\/www.facebook.com\\\/RogertUlbrich\\\/\",\"https:\\\/\\\/x.com\\\/RogertUlbrich\",\"https:\\\/\\\/www.instagram.com\\\/rogertulbrich\\\/\",\"https:\\\/\\\/www.linkedin.com\\\/company\\\/rogert-ulbrich\\\/\",\"https:\\\/\\\/www.youtube.com\\\/channel\\\/UCganCgpvwpPFqMFf1vVmG2A\"]},{\"@type\":\"Person\",\"@id\":\"https:\\\/\\\/ru.law\\\/#\\\/schema\\\/person\\\/b020d506e6bbc471b4565d3a98173b87\",\"name\":\"Marco Rogert\",\"url\":\"https:\\\/\\\/ru.law\\\/nl\\\/author\\\/rogertru-law\\\/\"}]}<\/script>\n<!-- \/ Yoast SEO Premium plugin. -->","yoast_head_json":{"title":"Elektronische Patientenakte birgt Datenschutz-Risiken - R&amp;U","description":"Die elektronische Patientenakte (ePA) soll das Gesundheitswesen digitalisieren, Experten warnen vor Datenschutzrisiken und Sicherheitsl\u00fccken","robots":{"index":"index","follow":"follow","max-snippet":"max-snippet:-1","max-image-preview":"max-image-preview:large","max-video-preview":"max-video-preview:-1"},"canonical":"https:\/\/ru.law\/nl\/focus-online-elektronische-patientenakte-birgt-datenschutz-risiken\/","og_locale":"nl_NL","og_type":"article","og_title":"FOCUS online - Elektronische Patientenakte birgt Datenschutz-Risiken","og_description":"Die elektronische Patientenakte (ePA) soll das Gesundheitswesen digitalisieren, Experten warnen vor Datenschutzrisiken und Sicherheitsl\u00fccken","og_url":"https:\/\/ru.law\/nl\/focus-online-elektronische-patientenakte-birgt-datenschutz-risiken\/","og_site_name":"R&amp;U","article_publisher":"https:\/\/www.facebook.com\/RogertUlbrich\/","article_published_time":"2025-02-28T14:01:02+00:00","article_modified_time":"2025-05-28T07:31:37+00:00","og_image":[{"width":2560,"height":1700,"url":"https:\/\/ru.law\/wp-content\/uploads\/2025\/02\/Elektronische-Patientenkarte-scaled.jpeg","type":"image\/jpeg"}],"author":"Marco Rogert","twitter_card":"summary_large_image","twitter_creator":"@RogertUlbrich","twitter_site":"@RogertUlbrich","schema":{"@context":"https:\/\/schema.org","@graph":[{"@type":"Article","@id":"https:\/\/ru.law\/focus-online-elektronische-patientenakte-birgt-datenschutz-risiken\/#article","isPartOf":{"@id":"https:\/\/ru.law\/focus-online-elektronische-patientenakte-birgt-datenschutz-risiken\/"},"author":{"name":"Marco Rogert","@id":"https:\/\/ru.law\/#\/schema\/person\/b020d506e6bbc471b4565d3a98173b87"},"headline":"FOCUS online &#8211; Elektronische Patientenakte birgt Datenschutz-Risiken","datePublished":"2025-02-28T14:01:02+00:00","dateModified":"2025-05-28T07:31:37+00:00","mainEntityOfPage":{"@id":"https:\/\/ru.law\/focus-online-elektronische-patientenakte-birgt-datenschutz-risiken\/"},"wordCount":1034,"publisher":{"@id":"https:\/\/ru.law\/#organization"},"image":{"@id":"https:\/\/ru.law\/focus-online-elektronische-patientenakte-birgt-datenschutz-risiken\/#primaryimage"},"thumbnailUrl":"https:\/\/ru.law\/wp-content\/uploads\/2025\/02\/Elektronische-Patientenkarte-scaled.jpeg","keywords":["Datenschutz","Datenschutzrecht","ePA","Gesundheitsdaten"],"articleSection":["Datenschutzrecht"],"inLanguage":"nl-NL"},{"@type":"WebPage","@id":"https:\/\/ru.law\/focus-online-elektronische-patientenakte-birgt-datenschutz-risiken\/","url":"https:\/\/ru.law\/focus-online-elektronische-patientenakte-birgt-datenschutz-risiken\/","name":"Elektronische Patientenakte birgt Datenschutz-Risiken - R&amp;U","isPartOf":{"@id":"https:\/\/ru.law\/#website"},"primaryImageOfPage":{"@id":"https:\/\/ru.law\/focus-online-elektronische-patientenakte-birgt-datenschutz-risiken\/#primaryimage"},"image":{"@id":"https:\/\/ru.law\/focus-online-elektronische-patientenakte-birgt-datenschutz-risiken\/#primaryimage"},"thumbnailUrl":"https:\/\/ru.law\/wp-content\/uploads\/2025\/02\/Elektronische-Patientenkarte-scaled.jpeg","datePublished":"2025-02-28T14:01:02+00:00","dateModified":"2025-05-28T07:31:37+00:00","description":"Die elektronische Patientenakte (ePA) soll das Gesundheitswesen digitalisieren, Experten warnen vor Datenschutzrisiken und Sicherheitsl\u00fccken","breadcrumb":{"@id":"https:\/\/ru.law\/focus-online-elektronische-patientenakte-birgt-datenschutz-risiken\/#breadcrumb"},"inLanguage":"nl-NL","potentialAction":[{"@type":"ReadAction","target":["https:\/\/ru.law\/focus-online-elektronische-patientenakte-birgt-datenschutz-risiken\/"]}]},{"@type":"ImageObject","inLanguage":"nl-NL","@id":"https:\/\/ru.law\/focus-online-elektronische-patientenakte-birgt-datenschutz-risiken\/#primaryimage","url":"https:\/\/ru.law\/wp-content\/uploads\/2025\/02\/Elektronische-Patientenkarte-scaled.jpeg","contentUrl":"https:\/\/ru.law\/wp-content\/uploads\/2025\/02\/Elektronische-Patientenkarte-scaled.jpeg","width":2560,"height":1700},{"@type":"BreadcrumbList","@id":"https:\/\/ru.law\/focus-online-elektronische-patientenakte-birgt-datenschutz-risiken\/#breadcrumb","itemListElement":[{"@type":"ListItem","position":1,"name":"Startseite","item":"https:\/\/ru.law\/"},{"@type":"ListItem","position":2,"name":"FOCUS online &#8211; Elektronische Patientenakte birgt Datenschutz-Risiken"}]},{"@type":"WebSite","@id":"https:\/\/ru.law\/#website","url":"https:\/\/ru.law\/","name":"R&amp;U","description":"Consumentenadvocaten","publisher":{"@id":"https:\/\/ru.law\/#organization"},"alternateName":"Rogert & Ulbrich","potentialAction":[{"@type":"SearchAction","target":{"@type":"EntryPoint","urlTemplate":"https:\/\/ru.law\/?s={search_term_string}"},"query-input":{"@type":"PropertyValueSpecification","valueRequired":true,"valueName":"search_term_string"}}],"inLanguage":"nl-NL"},{"@type":"Organization","@id":"https:\/\/ru.law\/#organization","name":"Advocatenkantoor Rogert &amp; Ulbrich","url":"https:\/\/ru.law\/","logo":{"@type":"ImageObject","inLanguage":"nl-NL","@id":"https:\/\/ru.law\/#\/schema\/logo\/image\/","url":"https:\/\/ru.law\/wp-content\/uploads\/2020\/12\/logo-ru-law.svg","contentUrl":"https:\/\/ru.law\/wp-content\/uploads\/2020\/12\/logo-ru-law.svg","width":992,"height":259,"caption":"Kanzlei Rogert & Ulbrich"},"image":{"@id":"https:\/\/ru.law\/#\/schema\/logo\/image\/"},"sameAs":["https:\/\/www.facebook.com\/RogertUlbrich\/","https:\/\/x.com\/RogertUlbrich","https:\/\/www.instagram.com\/rogertulbrich\/","https:\/\/www.linkedin.com\/company\/rogert-ulbrich\/","https:\/\/www.youtube.com\/channel\/UCganCgpvwpPFqMFf1vVmG2A"]},{"@type":"Person","@id":"https:\/\/ru.law\/#\/schema\/person\/b020d506e6bbc471b4565d3a98173b87","name":"Marco Rogert","url":"https:\/\/ru.law\/nl\/author\/rogertru-law\/"}]}},"uagb_featured_image_src":{"full":["https:\/\/ru.law\/wp-content\/uploads\/2025\/02\/Elektronische-Patientenkarte-scaled.jpeg",2560,1700,false],"thumbnail":["https:\/\/ru.law\/wp-content\/uploads\/2025\/02\/Elektronische-Patientenkarte-scaled.jpeg",128,85,false],"medium":["https:\/\/ru.law\/wp-content\/uploads\/2025\/02\/Elektronische-Patientenkarte-scaled.jpeg",2560,1700,false],"medium_large":["https:\/\/ru.law\/wp-content\/uploads\/2025\/02\/Elektronische-Patientenkarte-768x510.jpeg",768,510,true],"large":["https:\/\/ru.law\/wp-content\/uploads\/2025\/02\/Elektronische-Patientenkarte-scaled.jpeg",2560,1700,false],"1536x1536":["https:\/\/ru.law\/wp-content\/uploads\/2025\/02\/Elektronische-Patientenkarte-1536x1020.jpeg",1536,1020,true],"2048x2048":["https:\/\/ru.law\/wp-content\/uploads\/2025\/02\/Elektronische-Patientenkarte-2048x1360.jpeg",2048,1360,true],"trp-custom-language-flag":["https:\/\/ru.law\/wp-content\/uploads\/2025\/02\/Elektronische-Patientenkarte-scaled.jpeg",18,12,false]},"uagb_author_info":{"display_name":"Marco Rogert","author_link":"https:\/\/ru.law\/nl\/author\/rogertru-law\/"},"uagb_comment_info":0,"uagb_excerpt":"Die EU-Kommission reagiert auf Kritik aus der Wirtschaft und verschiebt die Einf\u00fchrung des Lieferkettengesetzes um ein Jahr auf 2028. Zudem sollen Unternehmen weniger b\u00fcrokratische Pflichten erf\u00fcllen","_links":{"self":[{"href":"https:\/\/ru.law\/nl\/wp-json\/wp\/v2\/posts\/88187","targetHints":{"allow":["GET"]}}],"collection":[{"href":"https:\/\/ru.law\/nl\/wp-json\/wp\/v2\/posts"}],"about":[{"href":"https:\/\/ru.law\/nl\/wp-json\/wp\/v2\/types\/post"}],"author":[{"embeddable":true,"href":"https:\/\/ru.law\/nl\/wp-json\/wp\/v2\/users\/21"}],"replies":[{"embeddable":true,"href":"https:\/\/ru.law\/nl\/wp-json\/wp\/v2\/comments?post=88187"}],"version-history":[{"count":0,"href":"https:\/\/ru.law\/nl\/wp-json\/wp\/v2\/posts\/88187\/revisions"}],"wp:featuredmedia":[{"embeddable":true,"href":"https:\/\/ru.law\/nl\/wp-json\/wp\/v2\/media\/88219"}],"wp:attachment":[{"href":"https:\/\/ru.law\/nl\/wp-json\/wp\/v2\/media?parent=88187"}],"wp:term":[{"taxonomy":"category","embeddable":true,"href":"https:\/\/ru.law\/nl\/wp-json\/wp\/v2\/categories?post=88187"},{"taxonomy":"post_tag","embeddable":true,"href":"https:\/\/ru.law\/nl\/wp-json\/wp\/v2\/tags?post=88187"}],"curies":[{"name":"wp","href":"https:\/\/api.w.org\/{rel}","templated":true}]}}