{"id":88178,"date":"2025-02-28T10:00:37","date_gmt":"2025-02-28T09:00:37","guid":{"rendered":"https:\/\/ru.law\/?p=88178"},"modified":"2025-05-28T09:31:41","modified_gmt":"2025-05-28T07:31:41","slug":"eu-kommission-plant-verschiebung-des-lieferkettengesetzes-nach-kritik-aus-der-wirtschaft","status":"publish","type":"post","link":"https:\/\/ru.law\/nl\/eu-kommission-plant-verschiebung-des-lieferkettengesetzes-nach-kritik-aus-der-wirtschaft\/","title":{"rendered":"Europese Commissie wil wetgeving inzake toeleveringsketens uitstellen na kritiek uit bedrijfsleven"},"content":{"rendered":"<p>De Europese Commissie is van plan om de wet op de toeleveringsketen later in werking te laten treden en deze in afgezwakte vorm te implementeren. Het besluit is het gevolg van aanzienlijke kritiek uit het bedrijfsleven. Daarnaast zijn er aanpassingen gepland in de CO\u2082-belastingen en duurzaamheidsrapportages.<\/p>\n\n\n\n<h2 class=\"wp-block-heading\" id=\"h-verzogerung-und-lockerungen-beschlossen\">Uitstel en ontspanning besloten<\/h2>\n\n\n\n<p>De Commissie heeft aangekondigd dat de eerste deadlines voor de implementatie van de Supply Chain Act met een jaar worden uitgesteld tot 2028. Tegelijkertijd moeten de vereenvoudigde eisen de lasten voor bedrijven verlichten en volgens EU-schattingen een besparing van maximaal 320 miljoen euro per jaar mogelijk maken. Oorspronkelijk was het de bedoeling dat de lidstaten de nieuwe regelgeving binnen iets meer dan twee jaar in nationaal recht zouden omzetten. De wet, die pas vorig jaar werd aangenomen, heeft als doel de bescherming van mensenrechten wereldwijd te verbeteren. In de toekomst zouden grote bedrijven aansprakelijk gesteld moeten worden voor overtredingen zoals kinderarbeid of gedwongen arbeid als zij daar winst uit halen.<\/p>\n\n\n\n<h2 class=\"wp-block-heading\" id=\"h-reaktion-auf-widerstand-aus-der-wirtschaft\">reactie op verzet van het bedrijfsleven<\/h2>\n\n\n\n<p>Bedrijven bekritiseerden de Supply Chain Act als een buitensporige bureaucratische last die hun concurrentievermogen bedreigde. De Commissie stelt daarom voor de uiterste datum voor de uitvoering te verlengen tot 26 juni 2028. Een jaar later treedt de wet volledig in werking.<\/p>\n\n\n\n<p>Een belangrijke wijziging betreft de reikwijdte van de audit: bedrijven zijn niet langer verantwoordelijk voor de gehele toeleveringsketen, maar alleen voor directe leveranciers. Bovendien is het bewijs van naleving van de regelgeving niet langer jaarlijks, maar slechts eens in de vijf jaar vereist. Ook de EU-brede civielrechtelijke aansprakelijkheid voor overtredingen moet worden beperkt. Commissievoorzitter Ursula von der Leyen kondigde aan dat zij de overmatige regelgeving zou terugdringen. Dat plan moet nog worden goedgekeurd door de EU-lidstaten en het Europees Parlement.<\/p>\n\n\n\n<h2 class=\"wp-block-heading\" id=\"h-weitere-anpassungen-bei-nachhaltigkeitsberichten-und-co\u2082-abgaben\">Verdere aanpassingen duurzaamheidsverslagen en CO\u2082-belastingen<\/h2>\n\n\n\n<p>Naast het uitstellen van de Supply Chain Act is de Commissie van plan om de regels voor duurzaamheidsrapportage te herzien. De invoering ervan wordt met twee jaar uitgesteld en ongeveer 80 procent van de tot nu toe onder de regeling vallende bedrijven zou van de verplichting kunnen worden vrijgesteld.<\/p>\n\n\n\n<p>Bovendien worden talrijke bedrijven vrijgesteld van de geplande CO\u2082-belasting op ge\u00efmporteerde goederen. Volgens de beoordeling van de Commissie zijn hun emissies minimaal. De verordening is van toepassing op bedrijven die minder dan 50 ton staal, aluminium, cement of meststoffen in de EU importeren.<\/p>","protected":false},"excerpt":{"rendered":"<p>De Europese Commissie reageert op kritiek uit het bedrijfsleven en stelt de invoering van de wet op de toeleveringsketen met een jaar uit tot 2028. Daarnaast moeten bedrijven minder bureaucratische verplichtingen nakomen<\/p>","protected":false},"author":21,"featured_media":88183,"comment_status":"closed","ping_status":"open","sticky":false,"template":"","format":"standard","meta":{"_uag_custom_page_level_css":"","site-sidebar-layout":"default","site-content-layout":"","ast-site-content-layout":"default","site-content-style":"default","site-sidebar-style":"default","ast-global-header-display":"","ast-banner-title-visibility":"","ast-main-header-display":"","ast-hfb-above-header-display":"","ast-hfb-below-header-display":"","ast-hfb-mobile-header-display":"","site-post-title":"","ast-breadcrumbs-content":"","ast-featured-img":"","footer-sml-layout":"","ast-disable-related-posts":"","theme-transparent-header-meta":"","adv-header-id-meta":"","stick-header-meta":"","header-above-stick-meta":"","header-main-stick-meta":"","header-below-stick-meta":"","astra-migrate-meta-layouts":"set","ast-page-background-enabled":"default","ast-page-background-meta":{"desktop":{"background-color":"","background-image":"","background-repeat":"repeat","background-position":"center center","background-size":"auto","background-attachment":"scroll","background-type":"","background-media":"","overlay-type":"","overlay-color":"","overlay-opacity":"","overlay-gradient":""},"tablet":{"background-color":"","background-image":"","background-repeat":"repeat","background-position":"center center","background-size":"auto","background-attachment":"scroll","background-type":"","background-media":"","overlay-type":"","overlay-color":"","overlay-opacity":"","overlay-gradient":""},"mobile":{"background-color":"","background-image":"","background-repeat":"repeat","background-position":"center center","background-size":"auto","background-attachment":"scroll","background-type":"","background-media":"","overlay-type":"","overlay-color":"","overlay-opacity":"","overlay-gradient":""}},"ast-content-background-meta":{"desktop":{"background-color":"var(--ast-global-color-5)","background-image":"","background-repeat":"repeat","background-position":"center center","background-size":"auto","background-attachment":"scroll","background-type":"","background-media":"","overlay-type":"","overlay-color":"","overlay-opacity":"","overlay-gradient":""},"tablet":{"background-color":"var(--ast-global-color-5)","background-image":"","background-repeat":"repeat","background-position":"center center","background-size":"auto","background-attachment":"scroll","background-type":"","background-media":"","overlay-type":"","overlay-color":"","overlay-opacity":"","overlay-gradient":""},"mobile":{"background-color":"var(--ast-global-color-5)","background-image":"","background-repeat":"repeat","background-position":"center center","background-size":"auto","background-attachment":"scroll","background-type":"","background-media":"","overlay-type":"","overlay-color":"","overlay-opacity":"","overlay-gradient":""}},"footnotes":""},"categories":[1257],"tags":[1258,1263,1256,1262,1264,1261],"class_list":["post-88178","post","type-post","status-publish","format-standard","has-post-thumbnail","hentry","category-handelsrecht","tag-b2b","tag-eu","tag-lieferketten","tag-lieferkettengesetz","tag-nachhaltigkeit","tag-wirtschaft"],"yoast_head":"<!-- This site is optimized with the Yoast SEO Premium plugin v27.4 (Yoast SEO v27.4) - https:\/\/yoast.com\/product\/yoast-seo-premium-wordpress\/ -->\n<title>EU-Kommission plant Verschiebung des Lieferkettengesetzes - R&amp;U<\/title>\n<meta name=\"description\" content=\"Die EU-Kommission reagiert auf Kritik aus der Wirtschaft und verschiebt die Einf\u00fchrung des Lieferkettengesetzes um ein Jahr auf 2028.\" \/>\n<meta name=\"robots\" content=\"index, follow, max-snippet:-1, max-image-preview:large, max-video-preview:-1\" \/>\n<link rel=\"canonical\" href=\"https:\/\/ru.law\/nl\/eu-kommission-plant-verschiebung-des-lieferkettengesetzes-nach-kritik-aus-der-wirtschaft\/\" \/>\n<meta property=\"og:locale\" content=\"nl_NL\" \/>\n<meta property=\"og:type\" content=\"article\" \/>\n<meta property=\"og:title\" content=\"EU-Kommission plant Verschiebung des Lieferkettengesetzes nach Kritik aus der Wirtschaft\" \/>\n<meta property=\"og:description\" content=\"Die EU-Kommission reagiert auf Kritik aus der Wirtschaft und verschiebt die Einf\u00fchrung des Lieferkettengesetzes um ein Jahr auf 2028.\" \/>\n<meta property=\"og:url\" content=\"https:\/\/ru.law\/nl\/eu-kommission-plant-verschiebung-des-lieferkettengesetzes-nach-kritik-aus-der-wirtschaft\/\" \/>\n<meta property=\"og:site_name\" content=\"R&amp;U\" \/>\n<meta property=\"article:publisher\" content=\"https:\/\/www.facebook.com\/RogertUlbrich\/\" \/>\n<meta property=\"article:published_time\" content=\"2025-02-28T09:00:37+00:00\" \/>\n<meta property=\"article:modified_time\" content=\"2025-05-28T07:31:41+00:00\" \/>\n<meta property=\"og:image\" content=\"https:\/\/ru.law\/wp-content\/uploads\/2025\/02\/EU-Parlament-scaled.jpeg\" \/>\n\t<meta property=\"og:image:width\" content=\"2560\" \/>\n\t<meta property=\"og:image:height\" content=\"1920\" \/>\n\t<meta property=\"og:image:type\" content=\"image\/jpeg\" \/>\n<meta name=\"author\" content=\"Marco Rogert\" \/>\n<meta name=\"twitter:card\" content=\"summary_large_image\" \/>\n<meta name=\"twitter:creator\" content=\"@RogertUlbrich\" \/>\n<meta name=\"twitter:site\" content=\"@RogertUlbrich\" \/>\n<script type=\"application\/ld+json\" class=\"yoast-schema-graph\">{\"@context\":\"https:\\\/\\\/schema.org\",\"@graph\":[{\"@type\":\"Article\",\"@id\":\"https:\\\/\\\/ru.law\\\/eu-kommission-plant-verschiebung-des-lieferkettengesetzes-nach-kritik-aus-der-wirtschaft\\\/#article\",\"isPartOf\":{\"@id\":\"https:\\\/\\\/ru.law\\\/eu-kommission-plant-verschiebung-des-lieferkettengesetzes-nach-kritik-aus-der-wirtschaft\\\/\"},\"author\":{\"name\":\"Marco Rogert\",\"@id\":\"https:\\\/\\\/ru.law\\\/#\\\/schema\\\/person\\\/b020d506e6bbc471b4565d3a98173b87\"},\"headline\":\"EU-Kommission plant Verschiebung des Lieferkettengesetzes nach Kritik aus der Wirtschaft\",\"datePublished\":\"2025-02-28T09:00:37+00:00\",\"dateModified\":\"2025-05-28T07:31:41+00:00\",\"mainEntityOfPage\":{\"@id\":\"https:\\\/\\\/ru.law\\\/eu-kommission-plant-verschiebung-des-lieferkettengesetzes-nach-kritik-aus-der-wirtschaft\\\/\"},\"wordCount\":385,\"publisher\":{\"@id\":\"https:\\\/\\\/ru.law\\\/#organization\"},\"image\":{\"@id\":\"https:\\\/\\\/ru.law\\\/eu-kommission-plant-verschiebung-des-lieferkettengesetzes-nach-kritik-aus-der-wirtschaft\\\/#primaryimage\"},\"thumbnailUrl\":\"https:\\\/\\\/ru.law\\\/wp-content\\\/uploads\\\/2025\\\/02\\\/EU-Parlament-scaled.jpeg\",\"keywords\":[\"B2B\",\"EU\",\"Lieferketten\",\"Lieferkettengesetz\",\"Nachhaltigkeit\",\"Wirtschaft\"],\"articleSection\":[\"Handelsrecht\"],\"inLanguage\":\"nl-NL\"},{\"@type\":\"WebPage\",\"@id\":\"https:\\\/\\\/ru.law\\\/eu-kommission-plant-verschiebung-des-lieferkettengesetzes-nach-kritik-aus-der-wirtschaft\\\/\",\"url\":\"https:\\\/\\\/ru.law\\\/eu-kommission-plant-verschiebung-des-lieferkettengesetzes-nach-kritik-aus-der-wirtschaft\\\/\",\"name\":\"EU-Kommission plant Verschiebung des Lieferkettengesetzes - R&amp;U\",\"isPartOf\":{\"@id\":\"https:\\\/\\\/ru.law\\\/#website\"},\"primaryImageOfPage\":{\"@id\":\"https:\\\/\\\/ru.law\\\/eu-kommission-plant-verschiebung-des-lieferkettengesetzes-nach-kritik-aus-der-wirtschaft\\\/#primaryimage\"},\"image\":{\"@id\":\"https:\\\/\\\/ru.law\\\/eu-kommission-plant-verschiebung-des-lieferkettengesetzes-nach-kritik-aus-der-wirtschaft\\\/#primaryimage\"},\"thumbnailUrl\":\"https:\\\/\\\/ru.law\\\/wp-content\\\/uploads\\\/2025\\\/02\\\/EU-Parlament-scaled.jpeg\",\"datePublished\":\"2025-02-28T09:00:37+00:00\",\"dateModified\":\"2025-05-28T07:31:41+00:00\",\"description\":\"Die EU-Kommission reagiert auf Kritik aus der Wirtschaft und verschiebt die Einf\u00fchrung des Lieferkettengesetzes um ein Jahr auf 2028.\",\"breadcrumb\":{\"@id\":\"https:\\\/\\\/ru.law\\\/eu-kommission-plant-verschiebung-des-lieferkettengesetzes-nach-kritik-aus-der-wirtschaft\\\/#breadcrumb\"},\"inLanguage\":\"nl-NL\",\"potentialAction\":[{\"@type\":\"ReadAction\",\"target\":[\"https:\\\/\\\/ru.law\\\/eu-kommission-plant-verschiebung-des-lieferkettengesetzes-nach-kritik-aus-der-wirtschaft\\\/\"]}]},{\"@type\":\"ImageObject\",\"inLanguage\":\"nl-NL\",\"@id\":\"https:\\\/\\\/ru.law\\\/eu-kommission-plant-verschiebung-des-lieferkettengesetzes-nach-kritik-aus-der-wirtschaft\\\/#primaryimage\",\"url\":\"https:\\\/\\\/ru.law\\\/wp-content\\\/uploads\\\/2025\\\/02\\\/EU-Parlament-scaled.jpeg\",\"contentUrl\":\"https:\\\/\\\/ru.law\\\/wp-content\\\/uploads\\\/2025\\\/02\\\/EU-Parlament-scaled.jpeg\",\"width\":2560,\"height\":1920,\"caption\":\"EU-Kommission Lieferketten\"},{\"@type\":\"BreadcrumbList\",\"@id\":\"https:\\\/\\\/ru.law\\\/eu-kommission-plant-verschiebung-des-lieferkettengesetzes-nach-kritik-aus-der-wirtschaft\\\/#breadcrumb\",\"itemListElement\":[{\"@type\":\"ListItem\",\"position\":1,\"name\":\"Startseite\",\"item\":\"https:\\\/\\\/ru.law\\\/\"},{\"@type\":\"ListItem\",\"position\":2,\"name\":\"EU-Kommission plant Verschiebung des Lieferkettengesetzes nach Kritik aus der Wirtschaft\"}]},{\"@type\":\"WebSite\",\"@id\":\"https:\\\/\\\/ru.law\\\/#website\",\"url\":\"https:\\\/\\\/ru.law\\\/\",\"name\":\"R&U\",\"description\":\"Verbraucheranw\u00e4lte\",\"publisher\":{\"@id\":\"https:\\\/\\\/ru.law\\\/#organization\"},\"alternateName\":\"Rogert & Ulbrich\",\"potentialAction\":[{\"@type\":\"SearchAction\",\"target\":{\"@type\":\"EntryPoint\",\"urlTemplate\":\"https:\\\/\\\/ru.law\\\/?s={search_term_string}\"},\"query-input\":{\"@type\":\"PropertyValueSpecification\",\"valueRequired\":true,\"valueName\":\"search_term_string\"}}],\"inLanguage\":\"nl-NL\"},{\"@type\":\"Organization\",\"@id\":\"https:\\\/\\\/ru.law\\\/#organization\",\"name\":\"Kanzlei Rogert & Ulbrich\",\"url\":\"https:\\\/\\\/ru.law\\\/\",\"logo\":{\"@type\":\"ImageObject\",\"inLanguage\":\"nl-NL\",\"@id\":\"https:\\\/\\\/ru.law\\\/#\\\/schema\\\/logo\\\/image\\\/\",\"url\":\"https:\\\/\\\/ru.law\\\/wp-content\\\/uploads\\\/2020\\\/12\\\/logo-ru-law.svg\",\"contentUrl\":\"https:\\\/\\\/ru.law\\\/wp-content\\\/uploads\\\/2020\\\/12\\\/logo-ru-law.svg\",\"width\":992,\"height\":259,\"caption\":\"Kanzlei Rogert & Ulbrich\"},\"image\":{\"@id\":\"https:\\\/\\\/ru.law\\\/#\\\/schema\\\/logo\\\/image\\\/\"},\"sameAs\":[\"https:\\\/\\\/www.facebook.com\\\/RogertUlbrich\\\/\",\"https:\\\/\\\/x.com\\\/RogertUlbrich\",\"https:\\\/\\\/www.instagram.com\\\/rogertulbrich\\\/\",\"https:\\\/\\\/www.linkedin.com\\\/company\\\/rogert-ulbrich\\\/\",\"https:\\\/\\\/www.youtube.com\\\/channel\\\/UCganCgpvwpPFqMFf1vVmG2A\"]},{\"@type\":\"Person\",\"@id\":\"https:\\\/\\\/ru.law\\\/#\\\/schema\\\/person\\\/b020d506e6bbc471b4565d3a98173b87\",\"name\":\"Marco Rogert\",\"url\":\"https:\\\/\\\/ru.law\\\/nl\\\/author\\\/rogertru-law\\\/\"}]}<\/script>\n<!-- \/ Yoast SEO Premium plugin. -->","yoast_head_json":{"title":"Europese Commissie is van plan de wetgeving inzake toeleveringsketens uit te stellen - R&amp;U","description":"De Europese Commissie reageert op kritiek vanuit het bedrijfsleven en stelt de invoering van de wetgeving inzake toeleveringsketens met een jaar uit tot 2028.","robots":{"index":"index","follow":"follow","max-snippet":"max-snippet:-1","max-image-preview":"max-image-preview:large","max-video-preview":"max-video-preview:-1"},"canonical":"https:\/\/ru.law\/nl\/eu-kommission-plant-verschiebung-des-lieferkettengesetzes-nach-kritik-aus-der-wirtschaft\/","og_locale":"nl_NL","og_type":"article","og_title":"EU-Kommission plant Verschiebung des Lieferkettengesetzes nach Kritik aus der Wirtschaft","og_description":"Die EU-Kommission reagiert auf Kritik aus der Wirtschaft und verschiebt die Einf\u00fchrung des Lieferkettengesetzes um ein Jahr auf 2028.","og_url":"https:\/\/ru.law\/nl\/eu-kommission-plant-verschiebung-des-lieferkettengesetzes-nach-kritik-aus-der-wirtschaft\/","og_site_name":"R&amp;U","article_publisher":"https:\/\/www.facebook.com\/RogertUlbrich\/","article_published_time":"2025-02-28T09:00:37+00:00","article_modified_time":"2025-05-28T07:31:41+00:00","og_image":[{"width":2560,"height":1920,"url":"https:\/\/ru.law\/wp-content\/uploads\/2025\/02\/EU-Parlament-scaled.jpeg","type":"image\/jpeg"}],"author":"Marco Rogert","twitter_card":"summary_large_image","twitter_creator":"@RogertUlbrich","twitter_site":"@RogertUlbrich","schema":{"@context":"https:\/\/schema.org","@graph":[{"@type":"Article","@id":"https:\/\/ru.law\/eu-kommission-plant-verschiebung-des-lieferkettengesetzes-nach-kritik-aus-der-wirtschaft\/#article","isPartOf":{"@id":"https:\/\/ru.law\/eu-kommission-plant-verschiebung-des-lieferkettengesetzes-nach-kritik-aus-der-wirtschaft\/"},"author":{"name":"Marco Rogert","@id":"https:\/\/ru.law\/#\/schema\/person\/b020d506e6bbc471b4565d3a98173b87"},"headline":"EU-Kommission plant Verschiebung des Lieferkettengesetzes nach Kritik aus der Wirtschaft","datePublished":"2025-02-28T09:00:37+00:00","dateModified":"2025-05-28T07:31:41+00:00","mainEntityOfPage":{"@id":"https:\/\/ru.law\/eu-kommission-plant-verschiebung-des-lieferkettengesetzes-nach-kritik-aus-der-wirtschaft\/"},"wordCount":385,"publisher":{"@id":"https:\/\/ru.law\/#organization"},"image":{"@id":"https:\/\/ru.law\/eu-kommission-plant-verschiebung-des-lieferkettengesetzes-nach-kritik-aus-der-wirtschaft\/#primaryimage"},"thumbnailUrl":"https:\/\/ru.law\/wp-content\/uploads\/2025\/02\/EU-Parlament-scaled.jpeg","keywords":["B2B","EU","Lieferketten","Lieferkettengesetz","Nachhaltigkeit","Wirtschaft"],"articleSection":["Handelsrecht"],"inLanguage":"nl-NL"},{"@type":"WebPage","@id":"https:\/\/ru.law\/eu-kommission-plant-verschiebung-des-lieferkettengesetzes-nach-kritik-aus-der-wirtschaft\/","url":"https:\/\/ru.law\/eu-kommission-plant-verschiebung-des-lieferkettengesetzes-nach-kritik-aus-der-wirtschaft\/","name":"Europese Commissie is van plan de wetgeving inzake toeleveringsketens uit te stellen - R&amp;U","isPartOf":{"@id":"https:\/\/ru.law\/#website"},"primaryImageOfPage":{"@id":"https:\/\/ru.law\/eu-kommission-plant-verschiebung-des-lieferkettengesetzes-nach-kritik-aus-der-wirtschaft\/#primaryimage"},"image":{"@id":"https:\/\/ru.law\/eu-kommission-plant-verschiebung-des-lieferkettengesetzes-nach-kritik-aus-der-wirtschaft\/#primaryimage"},"thumbnailUrl":"https:\/\/ru.law\/wp-content\/uploads\/2025\/02\/EU-Parlament-scaled.jpeg","datePublished":"2025-02-28T09:00:37+00:00","dateModified":"2025-05-28T07:31:41+00:00","description":"De Europese Commissie reageert op kritiek vanuit het bedrijfsleven en stelt de invoering van de wetgeving inzake toeleveringsketens met een jaar uit tot 2028.","breadcrumb":{"@id":"https:\/\/ru.law\/eu-kommission-plant-verschiebung-des-lieferkettengesetzes-nach-kritik-aus-der-wirtschaft\/#breadcrumb"},"inLanguage":"nl-NL","potentialAction":[{"@type":"ReadAction","target":["https:\/\/ru.law\/eu-kommission-plant-verschiebung-des-lieferkettengesetzes-nach-kritik-aus-der-wirtschaft\/"]}]},{"@type":"ImageObject","inLanguage":"nl-NL","@id":"https:\/\/ru.law\/eu-kommission-plant-verschiebung-des-lieferkettengesetzes-nach-kritik-aus-der-wirtschaft\/#primaryimage","url":"https:\/\/ru.law\/wp-content\/uploads\/2025\/02\/EU-Parlament-scaled.jpeg","contentUrl":"https:\/\/ru.law\/wp-content\/uploads\/2025\/02\/EU-Parlament-scaled.jpeg","width":2560,"height":1920,"caption":"EU-Kommission Lieferketten"},{"@type":"BreadcrumbList","@id":"https:\/\/ru.law\/eu-kommission-plant-verschiebung-des-lieferkettengesetzes-nach-kritik-aus-der-wirtschaft\/#breadcrumb","itemListElement":[{"@type":"ListItem","position":1,"name":"Startseite","item":"https:\/\/ru.law\/"},{"@type":"ListItem","position":2,"name":"EU-Kommission plant Verschiebung des Lieferkettengesetzes nach Kritik aus der Wirtschaft"}]},{"@type":"WebSite","@id":"https:\/\/ru.law\/#website","url":"https:\/\/ru.law\/","name":"R&amp;U","description":"Consumentenadvocaten","publisher":{"@id":"https:\/\/ru.law\/#organization"},"alternateName":"Rogert & Ulbrich","potentialAction":[{"@type":"SearchAction","target":{"@type":"EntryPoint","urlTemplate":"https:\/\/ru.law\/?s={search_term_string}"},"query-input":{"@type":"PropertyValueSpecification","valueRequired":true,"valueName":"search_term_string"}}],"inLanguage":"nl-NL"},{"@type":"Organization","@id":"https:\/\/ru.law\/#organization","name":"Advocatenkantoor Rogert &amp; Ulbrich","url":"https:\/\/ru.law\/","logo":{"@type":"ImageObject","inLanguage":"nl-NL","@id":"https:\/\/ru.law\/#\/schema\/logo\/image\/","url":"https:\/\/ru.law\/wp-content\/uploads\/2020\/12\/logo-ru-law.svg","contentUrl":"https:\/\/ru.law\/wp-content\/uploads\/2020\/12\/logo-ru-law.svg","width":992,"height":259,"caption":"Kanzlei Rogert & Ulbrich"},"image":{"@id":"https:\/\/ru.law\/#\/schema\/logo\/image\/"},"sameAs":["https:\/\/www.facebook.com\/RogertUlbrich\/","https:\/\/x.com\/RogertUlbrich","https:\/\/www.instagram.com\/rogertulbrich\/","https:\/\/www.linkedin.com\/company\/rogert-ulbrich\/","https:\/\/www.youtube.com\/channel\/UCganCgpvwpPFqMFf1vVmG2A"]},{"@type":"Person","@id":"https:\/\/ru.law\/#\/schema\/person\/b020d506e6bbc471b4565d3a98173b87","name":"Marco Rogert","url":"https:\/\/ru.law\/nl\/author\/rogertru-law\/"}]}},"uagb_featured_image_src":{"full":["https:\/\/ru.law\/wp-content\/uploads\/2025\/02\/EU-Parlament-scaled.jpeg",2560,1920,false],"thumbnail":["https:\/\/ru.law\/wp-content\/uploads\/2025\/02\/EU-Parlament-scaled.jpeg",128,96,false],"medium":["https:\/\/ru.law\/wp-content\/uploads\/2025\/02\/EU-Parlament-scaled.jpeg",2560,1920,false],"medium_large":["https:\/\/ru.law\/wp-content\/uploads\/2025\/02\/EU-Parlament-768x576.jpeg",768,576,true],"large":["https:\/\/ru.law\/wp-content\/uploads\/2025\/02\/EU-Parlament-scaled.jpeg",2560,1920,false],"1536x1536":["https:\/\/ru.law\/wp-content\/uploads\/2025\/02\/EU-Parlament-1536x1152.jpeg",1536,1152,true],"2048x2048":["https:\/\/ru.law\/wp-content\/uploads\/2025\/02\/EU-Parlament-2048x1536.jpeg",2048,1536,true],"trp-custom-language-flag":["https:\/\/ru.law\/wp-content\/uploads\/2025\/02\/EU-Parlament-scaled.jpeg",16,12,false]},"uagb_author_info":{"display_name":"Marco Rogert","author_link":"https:\/\/ru.law\/nl\/author\/rogertru-law\/"},"uagb_comment_info":0,"uagb_excerpt":"Die EU-Kommission reagiert auf Kritik aus der Wirtschaft und verschiebt die Einf\u00fchrung des Lieferkettengesetzes um ein Jahr auf 2028. Zudem sollen Unternehmen weniger b\u00fcrokratische Pflichten erf\u00fcllen","_links":{"self":[{"href":"https:\/\/ru.law\/nl\/wp-json\/wp\/v2\/posts\/88178","targetHints":{"allow":["GET"]}}],"collection":[{"href":"https:\/\/ru.law\/nl\/wp-json\/wp\/v2\/posts"}],"about":[{"href":"https:\/\/ru.law\/nl\/wp-json\/wp\/v2\/types\/post"}],"author":[{"embeddable":true,"href":"https:\/\/ru.law\/nl\/wp-json\/wp\/v2\/users\/21"}],"replies":[{"embeddable":true,"href":"https:\/\/ru.law\/nl\/wp-json\/wp\/v2\/comments?post=88178"}],"version-history":[{"count":0,"href":"https:\/\/ru.law\/nl\/wp-json\/wp\/v2\/posts\/88178\/revisions"}],"wp:featuredmedia":[{"embeddable":true,"href":"https:\/\/ru.law\/nl\/wp-json\/wp\/v2\/media\/88183"}],"wp:attachment":[{"href":"https:\/\/ru.law\/nl\/wp-json\/wp\/v2\/media?parent=88178"}],"wp:term":[{"taxonomy":"category","embeddable":true,"href":"https:\/\/ru.law\/nl\/wp-json\/wp\/v2\/categories?post=88178"},{"taxonomy":"post_tag","embeddable":true,"href":"https:\/\/ru.law\/nl\/wp-json\/wp\/v2\/tags?post=88178"}],"curies":[{"name":"wp","href":"https:\/\/api.w.org\/{rel}","templated":true}]}}