{"id":86024,"date":"2025-01-10T10:44:40","date_gmt":"2025-01-10T09:44:40","guid":{"rendered":"https:\/\/ru.law\/?p=86024"},"modified":"2025-05-28T09:32:19","modified_gmt":"2025-05-28T07:32:19","slug":"moegliche-datenschutzverstoesse-bei-vw-betroffene-koennten-anspruch-auf-schadenersatz-haben","status":"publish","type":"post","link":"https:\/\/ru.law\/nl\/moegliche-datenschutzverstoesse-bei-vw-betroffene-koennten-anspruch-auf-schadenersatz-haben\/","title":{"rendered":"Mogelijke schendingen van de gegevensbescherming bij VW: gedupeerden kunnen recht hebben op schadevergoeding"},"content":{"rendered":"<p>Een nieuw incident met betrekking tot gegevensbescherming bij Volkswagen, waarbij gegevens van 800.000 elektrische voertuigen, waaronder bewegingsprofielen en persoonlijke informatie, zonder beveiliging online toegankelijk waren, roept serieuze vragen op over de naleving van de Algemene Verordening Gegevensbescherming (AVG) door het bedrijf en de IT-beveiligingsmaatregelen die het bedrijf neemt. Er is een grondig onderzoek naar de zaak nodig om de claims van de betrokkenen te kunnen onderbouwen.<\/p>\n\n\n\n<p>De openbaarmaking van locatiegegevens en persoonlijke gegevens zoals e-mailadressen en telefoonnummers benadrukt een zorgwekkende zwakte in de veiligheidsmaatregelen. Het is zowel juridisch als ethisch verantwoord om dergelijke informatie te beschermen, vooral wanneer deze diepgaand inzicht biedt in het priv\u00e9leven van mensen.<\/p>\n\n\n\n<h3 class=\"wp-block-heading\" id=\"h-unterstutzung-bei-datenschutzrechtlichen-anliegen\">ondersteuning bij problemen met gegevensbescherming<\/h3>\n\n\n\n<p>Wij bieden gedupeerde voertuigeigenaren uitgebreide ondersteuning bij het afdwingen van hun gegevensbeschermingsrechten. Onze diensten omvatten:<\/p>\n\n\n\n<ul class=\"wp-block-list\">\n<li>Ondersteuning bij het verwijderen van persoonsgegevens: Wij helpen bij het claimen van het \u201crecht om vergeten te worden\u201d volgens artikel 17 AVG.<\/li>\n\n\n\n<li>Verzoeken om informatie conform artikel 15 AVG: Wij bepalen welke persoonsgegevens er van u zijn opgeslagen en hoe deze worden gebruikt.<\/li>\n\n\n\n<li>Beoordeling van juridische opties: Hierbij wordt gekeken naar de mogelijkheden voor een modelverklaring voor recht of individuele schadeclaims.<\/li>\n\n\n\n<li>Indien er sprake is van schadeclaims: Bij financi\u00eble of immateri\u00eble schade als gevolg van de publicatie van onbeschermde gegevens.<\/li>\n<\/ul>\n\n\n\n<h3 class=\"wp-block-heading\" id=\"h-datenschutzverletzung-bei-vw-rechtliche-schritte-und-erhohte-sicherheitsanforderungen\" style=\"margin-top:var(--wp--preset--spacing--20);margin-bottom:var(--wp--preset--spacing--20)\">Datalek bij VW: juridische stappen en strengere beveiligingseisen<\/h3>\n\n\n\n<p>Het datalek kan leiden tot claims tegen dochterondernemingen zoals VW Financial Services en VW Bank. Volkswagen Bank GmbH is een volledige dochteronderneming van Volkswagen Financial Services AG.<\/p>\n\n\n\n<p>Het openbaar maken van klantgegevens biedt criminelen de mogelijkheid om phishingmails of andere frauduleuze activiteiten te starten. Klanten die hierdoor financi\u00eble schade hebben geleden, hebben mogelijk recht op schadevergoeding.<\/p>\n\n\n\n<p>De potenti\u00eble gevaren van phishingaanvallen of identiteitsdiefstal in verband met gegevens van VW Financial Services en VW Bank zijn ernstig. Het is van groot belang dat bedrijven de beveiliging van klantgegevens als topprioriteit beschouwen.<\/p>\n\n\n\n<p><strong>vraag naar strengere normen voor gegevensbescherming<\/strong> Het moedigt bedrijven ook aan om de normen voor gegevensbescherming en IT-beveiliging te verbeteren. De verschuiving naar elektrische voertuigen en geavanceerde, verbonden technologie\u00ebn mag de privacy van gebruikers niet in gevaar brengen. Fabrikanten moeten ervoor zorgen dat persoonsgegevens niet alleen volgens de wet worden verzameld, maar ook volledig worden beschermd.<\/p>\n\n\n\n<p><strong>Noodzaak tot actie op politiek niveau<\/strong> Dit incident onderstreept de noodzaak om wettelijke vereisten, zoals de aankomende EU-Datawet, strikt te handhaven. Van fabrikanten mag worden verwacht dat zij consumenten een duidelijke en veilige verwerking van hun gegevens bieden. Gegevensbescherming moet een integraal onderdeel zijn van moderne mobiliteit.<\/p>\n\n\n\n<h3 class=\"wp-block-heading\" id=\"h-kostenlose-ersteinschatzung\"><strong>Gratis eerste beoordeling<\/strong> <\/h3>\n\n\n\n<p>Getroffenen kunnen voor een vrijblijvende eerste beoordeling van hun juridische mogelijkheden contact opnemen met de betreffende gespecialiseerde advocaten. Het doel is om samen met de betrokkenen de nodige stappen te ondernemen op het gebied van gegevensbescherming en burgerrechtelijke zaken.<\/p>","protected":false},"excerpt":{"rendered":"<p>Ein neuer Datenschutzvorfall bei Volkswagen, bei dem Daten von 800.000 Elektrofahrzeugen, einschlie\u00dflich Bewegungsprofilen und pers\u00f6nlichen Informationen, ungesichert online zug\u00e4nglich waren, stellt ernsthafte Fragen bez\u00fcglich der [&hellip;]<\/p>\n","protected":false},"author":21,"featured_media":86025,"comment_status":"closed","ping_status":"open","sticky":false,"template":"","format":"standard","meta":{"_uag_custom_page_level_css":"","site-sidebar-layout":"default","site-content-layout":"","ast-site-content-layout":"default","site-content-style":"default","site-sidebar-style":"default","ast-global-header-display":"","ast-banner-title-visibility":"","ast-main-header-display":"","ast-hfb-above-header-display":"","ast-hfb-below-header-display":"","ast-hfb-mobile-header-display":"","site-post-title":"","ast-breadcrumbs-content":"","ast-featured-img":"","footer-sml-layout":"","ast-disable-related-posts":"","theme-transparent-header-meta":"","adv-header-id-meta":"","stick-header-meta":"","header-above-stick-meta":"","header-main-stick-meta":"","header-below-stick-meta":"","astra-migrate-meta-layouts":"set","ast-page-background-enabled":"default","ast-page-background-meta":{"desktop":{"background-color":"","background-image":"","background-repeat":"repeat","background-position":"center center","background-size":"auto","background-attachment":"scroll","background-type":"","background-media":"","overlay-type":"","overlay-color":"","overlay-opacity":"","overlay-gradient":""},"tablet":{"background-color":"","background-image":"","background-repeat":"repeat","background-position":"center center","background-size":"auto","background-attachment":"scroll","background-type":"","background-media":"","overlay-type":"","overlay-color":"","overlay-opacity":"","overlay-gradient":""},"mobile":{"background-color":"","background-image":"","background-repeat":"repeat","background-position":"center center","background-size":"auto","background-attachment":"scroll","background-type":"","background-media":"","overlay-type":"","overlay-color":"","overlay-opacity":"","overlay-gradient":""}},"ast-content-background-meta":{"desktop":{"background-color":"var(--ast-global-color-5)","background-image":"","background-repeat":"repeat","background-position":"center center","background-size":"auto","background-attachment":"scroll","background-type":"","background-media":"","overlay-type":"","overlay-color":"","overlay-opacity":"","overlay-gradient":""},"tablet":{"background-color":"var(--ast-global-color-5)","background-image":"","background-repeat":"repeat","background-position":"center center","background-size":"auto","background-attachment":"scroll","background-type":"","background-media":"","overlay-type":"","overlay-color":"","overlay-opacity":"","overlay-gradient":""},"mobile":{"background-color":"var(--ast-global-color-5)","background-image":"","background-repeat":"repeat","background-position":"center center","background-size":"auto","background-attachment":"scroll","background-type":"","background-media":"","overlay-type":"","overlay-color":"","overlay-opacity":"","overlay-gradient":""}},"footnotes":""},"categories":[1172,1093],"tags":[1185,1186,37,45],"class_list":["post-86024","post","type-post","status-publish","format-standard","has-post-thumbnail","hentry","category-datenschutzrecht","category-verkehrsrecht","tag-datenschutzrecht","tag-elektrofahrzeug","tag-schadensersatz","tag-vw"],"yoast_head":"<!-- This site is optimized with the Yoast SEO Premium plugin v27.4 (Yoast SEO v27.4) - https:\/\/yoast.com\/product\/yoast-seo-premium-wordpress\/ -->\n<title>M\u00f6gliche Datenschutzverst\u00f6\u00dfe bei VW: Betroffene k\u00f6nnten Anspruch auf Schadenersatz haben - R&amp;U<\/title>\n<meta name=\"description\" content=\"Eine m\u00f6gliche Entscheidung des EuGH ist von solcher Tragweite, dass sogar der BGH seine Verhandlungen verschiebt. Handeln Sie jetzt!\" \/>\n<meta name=\"robots\" content=\"index, follow, max-snippet:-1, max-image-preview:large, max-video-preview:-1\" \/>\n<link rel=\"canonical\" href=\"https:\/\/ru.law\/nl\/moegliche-datenschutzverstoesse-bei-vw-betroffene-koennten-anspruch-auf-schadenersatz-haben\/\" \/>\n<meta property=\"og:locale\" content=\"nl_NL\" \/>\n<meta property=\"og:type\" content=\"article\" \/>\n<meta property=\"og:title\" content=\"M\u00f6gliche Datenschutzverst\u00f6\u00dfe bei VW: Betroffene k\u00f6nnten Anspruch auf Schadenersatz haben\" \/>\n<meta property=\"og:description\" content=\"Eine m\u00f6gliche Entscheidung des EuGH ist von solcher Tragweite, dass sogar der BGH seine Verhandlungen verschiebt. Handeln Sie jetzt!\" \/>\n<meta property=\"og:url\" content=\"https:\/\/ru.law\/nl\/moegliche-datenschutzverstoesse-bei-vw-betroffene-koennten-anspruch-auf-schadenersatz-haben\/\" \/>\n<meta property=\"og:site_name\" content=\"R&amp;U\" \/>\n<meta property=\"article:publisher\" content=\"https:\/\/www.facebook.com\/RogertUlbrich\/\" \/>\n<meta property=\"article:published_time\" content=\"2025-01-10T09:44:40+00:00\" \/>\n<meta property=\"article:modified_time\" content=\"2025-05-28T07:32:19+00:00\" \/>\n<meta property=\"og:image\" content=\"https:\/\/ru.law\/wp-content\/uploads\/2025\/01\/AdobeStock_923761879-1-scaled.jpeg\" \/>\n\t<meta property=\"og:image:width\" content=\"2560\" \/>\n\t<meta property=\"og:image:height\" content=\"1435\" \/>\n\t<meta property=\"og:image:type\" content=\"image\/jpeg\" \/>\n<meta name=\"author\" content=\"Marco Rogert\" \/>\n<meta name=\"twitter:card\" content=\"summary_large_image\" \/>\n<meta name=\"twitter:creator\" content=\"@RogertUlbrich\" \/>\n<meta name=\"twitter:site\" content=\"@RogertUlbrich\" \/>\n<script type=\"application\/ld+json\" class=\"yoast-schema-graph\">{\"@context\":\"https:\\\/\\\/schema.org\",\"@graph\":[{\"@type\":\"Article\",\"@id\":\"https:\\\/\\\/ru.law\\\/moegliche-datenschutzverstoesse-bei-vw-betroffene-koennten-anspruch-auf-schadenersatz-haben\\\/#article\",\"isPartOf\":{\"@id\":\"https:\\\/\\\/ru.law\\\/moegliche-datenschutzverstoesse-bei-vw-betroffene-koennten-anspruch-auf-schadenersatz-haben\\\/\"},\"author\":{\"name\":\"Marco Rogert\",\"@id\":\"https:\\\/\\\/ru.law\\\/#\\\/schema\\\/person\\\/b020d506e6bbc471b4565d3a98173b87\"},\"headline\":\"M\u00f6gliche Datenschutzverst\u00f6\u00dfe bei VW: Betroffene k\u00f6nnten Anspruch auf Schadenersatz haben\",\"datePublished\":\"2025-01-10T09:44:40+00:00\",\"dateModified\":\"2025-05-28T07:32:19+00:00\",\"mainEntityOfPage\":{\"@id\":\"https:\\\/\\\/ru.law\\\/moegliche-datenschutzverstoesse-bei-vw-betroffene-koennten-anspruch-auf-schadenersatz-haben\\\/\"},\"wordCount\":452,\"publisher\":{\"@id\":\"https:\\\/\\\/ru.law\\\/#organization\"},\"image\":{\"@id\":\"https:\\\/\\\/ru.law\\\/moegliche-datenschutzverstoesse-bei-vw-betroffene-koennten-anspruch-auf-schadenersatz-haben\\\/#primaryimage\"},\"thumbnailUrl\":\"https:\\\/\\\/ru.law\\\/wp-content\\\/uploads\\\/2025\\\/01\\\/AdobeStock_923761879-1-scaled.jpeg\",\"keywords\":[\"Datenschutzrecht\",\"Elektrofahrzeug\",\"Schadensersatz\",\"VW\"],\"articleSection\":[\"Datenschutzrecht\",\"Verkehrsrecht\"],\"inLanguage\":\"nl-NL\"},{\"@type\":\"WebPage\",\"@id\":\"https:\\\/\\\/ru.law\\\/moegliche-datenschutzverstoesse-bei-vw-betroffene-koennten-anspruch-auf-schadenersatz-haben\\\/\",\"url\":\"https:\\\/\\\/ru.law\\\/moegliche-datenschutzverstoesse-bei-vw-betroffene-koennten-anspruch-auf-schadenersatz-haben\\\/\",\"name\":\"M\u00f6gliche Datenschutzverst\u00f6\u00dfe bei VW: Betroffene k\u00f6nnten Anspruch auf Schadenersatz haben - R&amp;U\",\"isPartOf\":{\"@id\":\"https:\\\/\\\/ru.law\\\/#website\"},\"primaryImageOfPage\":{\"@id\":\"https:\\\/\\\/ru.law\\\/moegliche-datenschutzverstoesse-bei-vw-betroffene-koennten-anspruch-auf-schadenersatz-haben\\\/#primaryimage\"},\"image\":{\"@id\":\"https:\\\/\\\/ru.law\\\/moegliche-datenschutzverstoesse-bei-vw-betroffene-koennten-anspruch-auf-schadenersatz-haben\\\/#primaryimage\"},\"thumbnailUrl\":\"https:\\\/\\\/ru.law\\\/wp-content\\\/uploads\\\/2025\\\/01\\\/AdobeStock_923761879-1-scaled.jpeg\",\"datePublished\":\"2025-01-10T09:44:40+00:00\",\"dateModified\":\"2025-05-28T07:32:19+00:00\",\"description\":\"Eine m\u00f6gliche Entscheidung des EuGH ist von solcher Tragweite, dass sogar der BGH seine Verhandlungen verschiebt. Handeln Sie jetzt!\",\"breadcrumb\":{\"@id\":\"https:\\\/\\\/ru.law\\\/moegliche-datenschutzverstoesse-bei-vw-betroffene-koennten-anspruch-auf-schadenersatz-haben\\\/#breadcrumb\"},\"inLanguage\":\"nl-NL\",\"potentialAction\":[{\"@type\":\"ReadAction\",\"target\":[\"https:\\\/\\\/ru.law\\\/moegliche-datenschutzverstoesse-bei-vw-betroffene-koennten-anspruch-auf-schadenersatz-haben\\\/\"]}]},{\"@type\":\"ImageObject\",\"inLanguage\":\"nl-NL\",\"@id\":\"https:\\\/\\\/ru.law\\\/moegliche-datenschutzverstoesse-bei-vw-betroffene-koennten-anspruch-auf-schadenersatz-haben\\\/#primaryimage\",\"url\":\"https:\\\/\\\/ru.law\\\/wp-content\\\/uploads\\\/2025\\\/01\\\/AdobeStock_923761879-1-scaled.jpeg\",\"contentUrl\":\"https:\\\/\\\/ru.law\\\/wp-content\\\/uploads\\\/2025\\\/01\\\/AdobeStock_923761879-1-scaled.jpeg\",\"width\":2560,\"height\":1435},{\"@type\":\"BreadcrumbList\",\"@id\":\"https:\\\/\\\/ru.law\\\/moegliche-datenschutzverstoesse-bei-vw-betroffene-koennten-anspruch-auf-schadenersatz-haben\\\/#breadcrumb\",\"itemListElement\":[{\"@type\":\"ListItem\",\"position\":1,\"name\":\"Startseite\",\"item\":\"https:\\\/\\\/ru.law\\\/\"},{\"@type\":\"ListItem\",\"position\":2,\"name\":\"M\u00f6gliche Datenschutzverst\u00f6\u00dfe bei VW: Betroffene k\u00f6nnten Anspruch auf Schadenersatz haben\"}]},{\"@type\":\"WebSite\",\"@id\":\"https:\\\/\\\/ru.law\\\/#website\",\"url\":\"https:\\\/\\\/ru.law\\\/\",\"name\":\"R&U\",\"description\":\"Verbraucheranw\u00e4lte\",\"publisher\":{\"@id\":\"https:\\\/\\\/ru.law\\\/#organization\"},\"alternateName\":\"Rogert & Ulbrich\",\"potentialAction\":[{\"@type\":\"SearchAction\",\"target\":{\"@type\":\"EntryPoint\",\"urlTemplate\":\"https:\\\/\\\/ru.law\\\/?s={search_term_string}\"},\"query-input\":{\"@type\":\"PropertyValueSpecification\",\"valueRequired\":true,\"valueName\":\"search_term_string\"}}],\"inLanguage\":\"nl-NL\"},{\"@type\":\"Organization\",\"@id\":\"https:\\\/\\\/ru.law\\\/#organization\",\"name\":\"Kanzlei Rogert & Ulbrich\",\"url\":\"https:\\\/\\\/ru.law\\\/\",\"logo\":{\"@type\":\"ImageObject\",\"inLanguage\":\"nl-NL\",\"@id\":\"https:\\\/\\\/ru.law\\\/#\\\/schema\\\/logo\\\/image\\\/\",\"url\":\"https:\\\/\\\/ru.law\\\/wp-content\\\/uploads\\\/2020\\\/12\\\/logo-ru-law.svg\",\"contentUrl\":\"https:\\\/\\\/ru.law\\\/wp-content\\\/uploads\\\/2020\\\/12\\\/logo-ru-law.svg\",\"width\":992,\"height\":259,\"caption\":\"Kanzlei Rogert & Ulbrich\"},\"image\":{\"@id\":\"https:\\\/\\\/ru.law\\\/#\\\/schema\\\/logo\\\/image\\\/\"},\"sameAs\":[\"https:\\\/\\\/www.facebook.com\\\/RogertUlbrich\\\/\",\"https:\\\/\\\/x.com\\\/RogertUlbrich\",\"https:\\\/\\\/www.instagram.com\\\/rogertulbrich\\\/\",\"https:\\\/\\\/www.linkedin.com\\\/company\\\/rogert-ulbrich\\\/\",\"https:\\\/\\\/www.youtube.com\\\/channel\\\/UCganCgpvwpPFqMFf1vVmG2A\"]},{\"@type\":\"Person\",\"@id\":\"https:\\\/\\\/ru.law\\\/#\\\/schema\\\/person\\\/b020d506e6bbc471b4565d3a98173b87\",\"name\":\"Marco Rogert\",\"url\":\"https:\\\/\\\/ru.law\\\/nl\\\/author\\\/rogertru-law\\\/\"}]}<\/script>\n<!-- \/ Yoast SEO Premium plugin. -->","yoast_head_json":{"title":"Mogelijke datalekken bij VW: gedupeerden hebben mogelijk recht op schadevergoeding - R&amp;U","description":"Een mogelijke uitspraak van het Hof van Justitie is zo ingrijpend dat zelfs het Federale Hof van Justitie de hoorzittingen uitstelt. Kom nu in actie!","robots":{"index":"index","follow":"follow","max-snippet":"max-snippet:-1","max-image-preview":"max-image-preview:large","max-video-preview":"max-video-preview:-1"},"canonical":"https:\/\/ru.law\/nl\/moegliche-datenschutzverstoesse-bei-vw-betroffene-koennten-anspruch-auf-schadenersatz-haben\/","og_locale":"nl_NL","og_type":"article","og_title":"M\u00f6gliche Datenschutzverst\u00f6\u00dfe bei VW: Betroffene k\u00f6nnten Anspruch auf Schadenersatz haben","og_description":"Eine m\u00f6gliche Entscheidung des EuGH ist von solcher Tragweite, dass sogar der BGH seine Verhandlungen verschiebt. Handeln Sie jetzt!","og_url":"https:\/\/ru.law\/nl\/moegliche-datenschutzverstoesse-bei-vw-betroffene-koennten-anspruch-auf-schadenersatz-haben\/","og_site_name":"R&amp;U","article_publisher":"https:\/\/www.facebook.com\/RogertUlbrich\/","article_published_time":"2025-01-10T09:44:40+00:00","article_modified_time":"2025-05-28T07:32:19+00:00","og_image":[{"width":2560,"height":1435,"url":"https:\/\/ru.law\/wp-content\/uploads\/2025\/01\/AdobeStock_923761879-1-scaled.jpeg","type":"image\/jpeg"}],"author":"Marco Rogert","twitter_card":"summary_large_image","twitter_creator":"@RogertUlbrich","twitter_site":"@RogertUlbrich","schema":{"@context":"https:\/\/schema.org","@graph":[{"@type":"Article","@id":"https:\/\/ru.law\/moegliche-datenschutzverstoesse-bei-vw-betroffene-koennten-anspruch-auf-schadenersatz-haben\/#article","isPartOf":{"@id":"https:\/\/ru.law\/moegliche-datenschutzverstoesse-bei-vw-betroffene-koennten-anspruch-auf-schadenersatz-haben\/"},"author":{"name":"Marco Rogert","@id":"https:\/\/ru.law\/#\/schema\/person\/b020d506e6bbc471b4565d3a98173b87"},"headline":"M\u00f6gliche Datenschutzverst\u00f6\u00dfe bei VW: Betroffene k\u00f6nnten Anspruch auf Schadenersatz haben","datePublished":"2025-01-10T09:44:40+00:00","dateModified":"2025-05-28T07:32:19+00:00","mainEntityOfPage":{"@id":"https:\/\/ru.law\/moegliche-datenschutzverstoesse-bei-vw-betroffene-koennten-anspruch-auf-schadenersatz-haben\/"},"wordCount":452,"publisher":{"@id":"https:\/\/ru.law\/#organization"},"image":{"@id":"https:\/\/ru.law\/moegliche-datenschutzverstoesse-bei-vw-betroffene-koennten-anspruch-auf-schadenersatz-haben\/#primaryimage"},"thumbnailUrl":"https:\/\/ru.law\/wp-content\/uploads\/2025\/01\/AdobeStock_923761879-1-scaled.jpeg","keywords":["Datenschutzrecht","Elektrofahrzeug","Schadensersatz","VW"],"articleSection":["Datenschutzrecht","Verkehrsrecht"],"inLanguage":"nl-NL"},{"@type":"WebPage","@id":"https:\/\/ru.law\/moegliche-datenschutzverstoesse-bei-vw-betroffene-koennten-anspruch-auf-schadenersatz-haben\/","url":"https:\/\/ru.law\/moegliche-datenschutzverstoesse-bei-vw-betroffene-koennten-anspruch-auf-schadenersatz-haben\/","name":"Mogelijke datalekken bij VW: gedupeerden hebben mogelijk recht op schadevergoeding - R&amp;U","isPartOf":{"@id":"https:\/\/ru.law\/#website"},"primaryImageOfPage":{"@id":"https:\/\/ru.law\/moegliche-datenschutzverstoesse-bei-vw-betroffene-koennten-anspruch-auf-schadenersatz-haben\/#primaryimage"},"image":{"@id":"https:\/\/ru.law\/moegliche-datenschutzverstoesse-bei-vw-betroffene-koennten-anspruch-auf-schadenersatz-haben\/#primaryimage"},"thumbnailUrl":"https:\/\/ru.law\/wp-content\/uploads\/2025\/01\/AdobeStock_923761879-1-scaled.jpeg","datePublished":"2025-01-10T09:44:40+00:00","dateModified":"2025-05-28T07:32:19+00:00","description":"Een mogelijke uitspraak van het Hof van Justitie is zo ingrijpend dat zelfs het Federale Hof van Justitie de hoorzittingen uitstelt. Kom nu in actie!","breadcrumb":{"@id":"https:\/\/ru.law\/moegliche-datenschutzverstoesse-bei-vw-betroffene-koennten-anspruch-auf-schadenersatz-haben\/#breadcrumb"},"inLanguage":"nl-NL","potentialAction":[{"@type":"ReadAction","target":["https:\/\/ru.law\/moegliche-datenschutzverstoesse-bei-vw-betroffene-koennten-anspruch-auf-schadenersatz-haben\/"]}]},{"@type":"ImageObject","inLanguage":"nl-NL","@id":"https:\/\/ru.law\/moegliche-datenschutzverstoesse-bei-vw-betroffene-koennten-anspruch-auf-schadenersatz-haben\/#primaryimage","url":"https:\/\/ru.law\/wp-content\/uploads\/2025\/01\/AdobeStock_923761879-1-scaled.jpeg","contentUrl":"https:\/\/ru.law\/wp-content\/uploads\/2025\/01\/AdobeStock_923761879-1-scaled.jpeg","width":2560,"height":1435},{"@type":"BreadcrumbList","@id":"https:\/\/ru.law\/moegliche-datenschutzverstoesse-bei-vw-betroffene-koennten-anspruch-auf-schadenersatz-haben\/#breadcrumb","itemListElement":[{"@type":"ListItem","position":1,"name":"Startseite","item":"https:\/\/ru.law\/"},{"@type":"ListItem","position":2,"name":"M\u00f6gliche Datenschutzverst\u00f6\u00dfe bei VW: Betroffene k\u00f6nnten Anspruch auf Schadenersatz haben"}]},{"@type":"WebSite","@id":"https:\/\/ru.law\/#website","url":"https:\/\/ru.law\/","name":"R&amp;U","description":"Consumentenadvocaten","publisher":{"@id":"https:\/\/ru.law\/#organization"},"alternateName":"Rogert & Ulbrich","potentialAction":[{"@type":"SearchAction","target":{"@type":"EntryPoint","urlTemplate":"https:\/\/ru.law\/?s={search_term_string}"},"query-input":{"@type":"PropertyValueSpecification","valueRequired":true,"valueName":"search_term_string"}}],"inLanguage":"nl-NL"},{"@type":"Organization","@id":"https:\/\/ru.law\/#organization","name":"Advocatenkantoor Rogert &amp; Ulbrich","url":"https:\/\/ru.law\/","logo":{"@type":"ImageObject","inLanguage":"nl-NL","@id":"https:\/\/ru.law\/#\/schema\/logo\/image\/","url":"https:\/\/ru.law\/wp-content\/uploads\/2020\/12\/logo-ru-law.svg","contentUrl":"https:\/\/ru.law\/wp-content\/uploads\/2020\/12\/logo-ru-law.svg","width":992,"height":259,"caption":"Kanzlei Rogert & Ulbrich"},"image":{"@id":"https:\/\/ru.law\/#\/schema\/logo\/image\/"},"sameAs":["https:\/\/www.facebook.com\/RogertUlbrich\/","https:\/\/x.com\/RogertUlbrich","https:\/\/www.instagram.com\/rogertulbrich\/","https:\/\/www.linkedin.com\/company\/rogert-ulbrich\/","https:\/\/www.youtube.com\/channel\/UCganCgpvwpPFqMFf1vVmG2A"]},{"@type":"Person","@id":"https:\/\/ru.law\/#\/schema\/person\/b020d506e6bbc471b4565d3a98173b87","name":"Marco Rogert","url":"https:\/\/ru.law\/nl\/author\/rogertru-law\/"}]}},"uagb_featured_image_src":{"full":["https:\/\/ru.law\/wp-content\/uploads\/2025\/01\/AdobeStock_923761879-1-scaled.jpeg",2560,1435,false],"thumbnail":["https:\/\/ru.law\/wp-content\/uploads\/2025\/01\/AdobeStock_923761879-1-scaled.jpeg",128,72,false],"medium":["https:\/\/ru.law\/wp-content\/uploads\/2025\/01\/AdobeStock_923761879-1-scaled.jpeg",2560,1435,false],"medium_large":["https:\/\/ru.law\/wp-content\/uploads\/2025\/01\/AdobeStock_923761879-1-768x430.jpeg",768,430,true],"large":["https:\/\/ru.law\/wp-content\/uploads\/2025\/01\/AdobeStock_923761879-1-scaled.jpeg",2560,1435,false],"1536x1536":["https:\/\/ru.law\/wp-content\/uploads\/2025\/01\/AdobeStock_923761879-1-1536x861.jpeg",1536,861,true],"2048x2048":["https:\/\/ru.law\/wp-content\/uploads\/2025\/01\/AdobeStock_923761879-1-2048x1148.jpeg",2048,1148,true],"trp-custom-language-flag":["https:\/\/ru.law\/wp-content\/uploads\/2025\/01\/AdobeStock_923761879-1-scaled.jpeg",18,10,false]},"uagb_author_info":{"display_name":"Marco Rogert","author_link":"https:\/\/ru.law\/nl\/author\/rogertru-law\/"},"uagb_comment_info":0,"uagb_excerpt":"Ein neuer Datenschutzvorfall bei Volkswagen, bei dem Daten von 800.000 Elektrofahrzeugen, einschlie\u00dflich Bewegungsprofilen und pers\u00f6nlichen Informationen, ungesichert online zug\u00e4nglich waren, stellt ernsthafte Fragen bez\u00fcglich der [&hellip;]","_links":{"self":[{"href":"https:\/\/ru.law\/nl\/wp-json\/wp\/v2\/posts\/86024","targetHints":{"allow":["GET"]}}],"collection":[{"href":"https:\/\/ru.law\/nl\/wp-json\/wp\/v2\/posts"}],"about":[{"href":"https:\/\/ru.law\/nl\/wp-json\/wp\/v2\/types\/post"}],"author":[{"embeddable":true,"href":"https:\/\/ru.law\/nl\/wp-json\/wp\/v2\/users\/21"}],"replies":[{"embeddable":true,"href":"https:\/\/ru.law\/nl\/wp-json\/wp\/v2\/comments?post=86024"}],"version-history":[{"count":0,"href":"https:\/\/ru.law\/nl\/wp-json\/wp\/v2\/posts\/86024\/revisions"}],"wp:featuredmedia":[{"embeddable":true,"href":"https:\/\/ru.law\/nl\/wp-json\/wp\/v2\/media\/86025"}],"wp:attachment":[{"href":"https:\/\/ru.law\/nl\/wp-json\/wp\/v2\/media?parent=86024"}],"wp:term":[{"taxonomy":"category","embeddable":true,"href":"https:\/\/ru.law\/nl\/wp-json\/wp\/v2\/categories?post=86024"},{"taxonomy":"post_tag","embeddable":true,"href":"https:\/\/ru.law\/nl\/wp-json\/wp\/v2\/tags?post=86024"}],"curies":[{"name":"wp","href":"https:\/\/api.w.org\/{rel}","templated":true}]}}