{"id":83912,"date":"2024-11-14T09:45:27","date_gmt":"2024-11-14T08:45:27","guid":{"rendered":"https:\/\/ru.law\/?p=83912"},"modified":"2025-05-28T09:32:22","modified_gmt":"2025-05-28T07:32:22","slug":"ein-kontrollverlust-ueber-daten-koennte-bereits-ausreichen","status":"publish","type":"post","link":"https:\/\/ru.law\/nl\/ein-kontrollverlust-ueber-daten-koennte-bereits-ausreichen\/","title":{"rendered":"Facebook-gegevensdiefstal: BGH over mogelijke schadeclaims door verlies van controle"},"content":{"rendered":"<p>Het Bundesgerichtshof (BGH) heeft zich gebogen over de rechtszaken van Facebook-gebruikers in verband met het zogenaamde scrapingincident. De rechters in Karlsruhe wachten nog op een definitieve uitspraak, maar ze hebben al een mogelijke richting aangegeven \u2013 die Facebook-gebruikers waarschijnlijk zullen aanspreken.<\/p>\n\n\n\n<p>Getroffenen van gegevensdiefstal op Facebook kunnen rekenen op schadevergoeding. In een eerste beoordeling gaf het BGH aan dat het verlies van zeggenschap over de eigen gegevens op zichzelf al voldoende zou kunnen zijn voor een claim. Er moet echter wel bewezen worden dat dit verlies daadwerkelijk is opgetreden, en dat er geen sprake is van immateri\u00eble schade zoals angst of bezorgdheid, aldus de voorzitter van het VI. Burgerlijke Senaat, Stephan Seiters, in Karlsruhe. De definitieve uitspraak van het Federale Hof van Justitie is echter nog steeds in behandeling en zal van belang zijn voor veel andere procedures bij Duitse rechtbanken.<\/p>\n\n\n\n<p>De achtergrond van deze procedure is een incident op het gebied van gegevensbescherming uit 2021, waarbij onbekenden de gegevens van ongeveer 533 miljoen Facebook-gebruikers uit 106 landen openbaar op internet publiceerden. Deze gegevens zijn verkregen door gebruik te maken van een zoekfunctie voor vrienden op het platform. Volgens het BGH profiteerden de daders van het feit dat Facebook gebruikers de mogelijkheid bood om hun profielen te vinden via telefoonnummers, ook al waren deze niet openbaar. De \u2018scrapers\u2019 genereerden willekeurige telefoonnummers en vonden hits. Zo werden bijvoorbeeld gebruikers-ID, naam, geslacht, land en telefoonnummer gekoppeld.<\/p>\n\n\n\n<p>Getroffenen beschuldigen Facebook ervan onvoldoende veiligheidsmaatregelen te hebben genomen. Omdat zij de controle over hun gegevens verliezen en de overlast ervaren, eisen zij een schadevergoeding, ook voor immateri\u00eble schade. Tot nu toe zijn de rechtszaken bij de regionale en hogere regionale rechtbanken grotendeels zonder resultaat gebleven, maar een uitspraak van de hoogste rechtbank is nog steeds in behandeling.<\/p>\n\n\n\n<p><strong>Eerste leidende beslissing van de BGH<\/strong><\/p>\n\n\n\n<p>Om het grote aantal individuele rechtszaken effici\u00ebnter te kunnen behandelen, had het Bundesgerichtshof (BGH) de beroepsprocedure in het zogenaamde schraapcomplex als eerste leidende beslissingsprocedure aangewezen - ook al was het beroep inmiddels ingetrokken. Deze mogelijkheid werd pas op dezelfde dag ingevoerd via een nieuwe regeling in artikel 552b van het Wetboek van Burgerlijke Rechtsvordering.<\/p>\n\n\n\n<p>De VI. Met deze zaak uit Noordrijn-Westfalen wil de Burgerlijke Senaat fundamentele juridische vragen ophelderen, waaronder de vraag of de standaardinstelling van \u2018alles\u2019 in de zogenaamde contactimportfunctie in strijd is met de Algemene Verordening Gegevensbescherming. Verdere kwesties zijn onder meer of het enkele verlies van controle over de gekopieerde gegevens immateri\u00eble schade oplevert, hoe deze schade moet worden beoordeeld en hoe een claim voor schadevergoeding dienovereenkomstig moet worden gerechtvaardigd (zaaknummer VI ZR 10\/24).<\/p>\n\n\n\n<p>Rechter Stephan Seiters legde uit dat de eiser in dit specifieke geval had verklaard dat hij zijn telefoonnummer alleen om een specifieke reden had verstrekt. Na de diefstal voelde de man zich onder meer erg onwel en kreeg hij steeds meer wantrouwen tegenover e-mails en sms-berichten.<\/p>\n\n\n\n<p>Na een eerste beoordeling overweegt de Senaat ook een gebruikersvriendelijke interpretatie met betrekking tot mogelijke toekomstige schade. Uiteindelijk schendt het incident het recht op informatieve zelfbeschikking en de bescherming van persoonsgegevens, aldus Seiters.<\/p>\n\n\n\n<p>De Arrondissementsrechtbank Bonn had de vordering in eerste aanleg gedeeltelijk toegewezen en de eiser een bedrag van 250 euro toegekend. In tweede instantie wees de Hogere arrondissementsrechtbank van Keulen de rechtszaak echter af.<\/p>\n\n\n\n<p><strong>Meta: Klachten zijn ongegrond en ongegrond<\/strong><\/p>\n\n\n\n<p>De advocaat van Facebook-moederbedrijf Meta, Christian Rohnke, waarschuwde ervoor de openbaarmakingsvereisten voor eisers te ver te verlagen. Volgens hem is het enkele verlies van zeggenschap over de eigen gegevens niet voldoende om schadevergoeding te vorderen. \u201cImmateri\u00eble schade zou eerder kunnen bestaan uit lastige telefoontjes\u201d, legde hij uit. In dit geval moet echter bewezen worden dat het aantal oproepen is toegenomen.<\/p>\n\n\n\n<p>Volgens Rohnke moeten de eisers ook aantonen dat zij zich zorgen maken over het incident, bijvoorbeeld door hun telefoonnummer te wijzigen. Eiser heeft dit echter niet gedaan. &quot;Als hij echt bezorgd was geweest, was het voor de hand liggend geweest om het getal te veranderen&quot;, aldus Rohnke.<\/p>\n\n\n\n<p>Meta beschouwt de klachten als ongegrond. Advocaat Martin Mekat van het advocatenkantoor Freshfields, dat Meta vertegenwoordigt, benadrukte na de zitting dat er bij dit incident geen sprake was van hacking van Facebook-systemen en dat er daarom geen sprake was van een schending van de gegevensbescherming. Hij wees erop dat Meta al meer dan 6.000 soortgelijke rechtszaken bij Duitse rechtbanken had gewonnen.<\/p>\n\n\n\n<p>De rechters in Karlsruhe beraadslagen nu op basis van de mondelinge behandeling en zullen later uitspraak doen. De exacte datum van de uitspraak is nog niet vastgesteld.<\/p>\n\n\n\n<p><br><\/p>","protected":false},"excerpt":{"rendered":"<p>Der Bundesgerichtshof (BGH) hat sich mit den Klagen von Facebook-Nutzern im Zusammenhang mit dem sogenannten Scraping-Vorfall besch\u00e4ftigt. Ein endg\u00fcltiges Urteil der Karlsruher Richter steht noch [&hellip;]<\/p>\n","protected":false},"author":21,"featured_media":83915,"comment_status":"closed","ping_status":"open","sticky":false,"template":"","format":"standard","meta":{"_uag_custom_page_level_css":"","site-sidebar-layout":"default","site-content-layout":"","ast-site-content-layout":"default","site-content-style":"default","site-sidebar-style":"default","ast-global-header-display":"","ast-banner-title-visibility":"","ast-main-header-display":"","ast-hfb-above-header-display":"","ast-hfb-below-header-display":"","ast-hfb-mobile-header-display":"","site-post-title":"","ast-breadcrumbs-content":"","ast-featured-img":"","footer-sml-layout":"","ast-disable-related-posts":"","theme-transparent-header-meta":"","adv-header-id-meta":"","stick-header-meta":"","header-above-stick-meta":"","header-main-stick-meta":"","header-below-stick-meta":"","astra-migrate-meta-layouts":"set","ast-page-background-enabled":"default","ast-page-background-meta":{"desktop":{"background-color":"","background-image":"","background-repeat":"repeat","background-position":"center center","background-size":"auto","background-attachment":"scroll","background-type":"","background-media":"","overlay-type":"","overlay-color":"","overlay-opacity":"","overlay-gradient":""},"tablet":{"background-color":"","background-image":"","background-repeat":"repeat","background-position":"center center","background-size":"auto","background-attachment":"scroll","background-type":"","background-media":"","overlay-type":"","overlay-color":"","overlay-opacity":"","overlay-gradient":""},"mobile":{"background-color":"","background-image":"","background-repeat":"repeat","background-position":"center center","background-size":"auto","background-attachment":"scroll","background-type":"","background-media":"","overlay-type":"","overlay-color":"","overlay-opacity":"","overlay-gradient":""}},"ast-content-background-meta":{"desktop":{"background-color":"var(--ast-global-color-5)","background-image":"","background-repeat":"repeat","background-position":"center center","background-size":"auto","background-attachment":"scroll","background-type":"","background-media":"","overlay-type":"","overlay-color":"","overlay-opacity":"","overlay-gradient":""},"tablet":{"background-color":"var(--ast-global-color-5)","background-image":"","background-repeat":"repeat","background-position":"center center","background-size":"auto","background-attachment":"scroll","background-type":"","background-media":"","overlay-type":"","overlay-color":"","overlay-opacity":"","overlay-gradient":""},"mobile":{"background-color":"var(--ast-global-color-5)","background-image":"","background-repeat":"repeat","background-position":"center center","background-size":"auto","background-attachment":"scroll","background-type":"","background-media":"","overlay-type":"","overlay-color":"","overlay-opacity":"","overlay-gradient":""}},"footnotes":""},"categories":[1172],"tags":[1171,1166,1169,1167,1168,1170],"class_list":["post-83912","post","type-post","status-publish","format-standard","has-post-thumbnail","hentry","category-datenschutzrecht","tag-daten","tag-datendiebstahl","tag-datenschutz","tag-facebook","tag-scraping-vorfall","tag-unzureichende-sicherheitsmassnahmen"],"yoast_head":"<!-- This site is optimized with the Yoast SEO Premium plugin v27.4 (Yoast SEO v27.4) - https:\/\/yoast.com\/product\/yoast-seo-premium-wordpress\/ -->\n<title>Facebook-Datendiebstahl: BGH \u00fcber m\u00f6gliche Schadenersatzanspr\u00fcche durch Kontrollverlust - R&amp;U<\/title>\n<meta name=\"description\" content=\"Eine m\u00f6gliche Entscheidung des EuGH ist von solcher Tragweite, dass sogar der BGH seine Verhandlungen verschiebt. Handeln Sie jetzt!\" \/>\n<meta name=\"robots\" content=\"index, follow, max-snippet:-1, max-image-preview:large, max-video-preview:-1\" \/>\n<link rel=\"canonical\" href=\"https:\/\/ru.law\/nl\/ein-kontrollverlust-ueber-daten-koennte-bereits-ausreichen\/\" \/>\n<meta property=\"og:locale\" content=\"nl_NL\" \/>\n<meta property=\"og:type\" content=\"article\" \/>\n<meta property=\"og:title\" content=\"Facebook-Datendiebstahl: BGH \u00fcber m\u00f6gliche Schadenersatzanspr\u00fcche durch Kontrollverlust\" \/>\n<meta property=\"og:description\" content=\"Eine m\u00f6gliche Entscheidung des EuGH ist von solcher Tragweite, dass sogar der BGH seine Verhandlungen verschiebt. Handeln Sie jetzt!\" \/>\n<meta property=\"og:url\" content=\"https:\/\/ru.law\/nl\/ein-kontrollverlust-ueber-daten-koennte-bereits-ausreichen\/\" \/>\n<meta property=\"og:site_name\" content=\"R&amp;U\" \/>\n<meta property=\"article:publisher\" content=\"https:\/\/www.facebook.com\/RogertUlbrich\/\" \/>\n<meta property=\"article:published_time\" content=\"2024-11-14T08:45:27+00:00\" \/>\n<meta property=\"article:modified_time\" content=\"2025-05-28T07:32:22+00:00\" \/>\n<meta property=\"og:image\" content=\"https:\/\/ru.law\/wp-content\/uploads\/2024\/11\/AdobeStock_295592584-scaled.jpeg\" \/>\n\t<meta property=\"og:image:width\" content=\"2560\" \/>\n\t<meta property=\"og:image:height\" content=\"1696\" \/>\n\t<meta property=\"og:image:type\" content=\"image\/jpeg\" \/>\n<meta name=\"author\" content=\"Marco Rogert\" \/>\n<meta name=\"twitter:card\" content=\"summary_large_image\" \/>\n<meta name=\"twitter:creator\" content=\"@RogertUlbrich\" \/>\n<meta name=\"twitter:site\" content=\"@RogertUlbrich\" \/>\n<script type=\"application\/ld+json\" class=\"yoast-schema-graph\">{\"@context\":\"https:\\\/\\\/schema.org\",\"@graph\":[{\"@type\":\"Article\",\"@id\":\"https:\\\/\\\/ru.law\\\/ein-kontrollverlust-ueber-daten-koennte-bereits-ausreichen\\\/#article\",\"isPartOf\":{\"@id\":\"https:\\\/\\\/ru.law\\\/ein-kontrollverlust-ueber-daten-koennte-bereits-ausreichen\\\/\"},\"author\":{\"name\":\"Marco Rogert\",\"@id\":\"https:\\\/\\\/ru.law\\\/#\\\/schema\\\/person\\\/b020d506e6bbc471b4565d3a98173b87\"},\"headline\":\"Facebook-Datendiebstahl: BGH \u00fcber m\u00f6gliche Schadenersatzanspr\u00fcche durch Kontrollverlust\",\"datePublished\":\"2024-11-14T08:45:27+00:00\",\"dateModified\":\"2025-05-28T07:32:22+00:00\",\"mainEntityOfPage\":{\"@id\":\"https:\\\/\\\/ru.law\\\/ein-kontrollverlust-ueber-daten-koennte-bereits-ausreichen\\\/\"},\"wordCount\":743,\"publisher\":{\"@id\":\"https:\\\/\\\/ru.law\\\/#organization\"},\"image\":{\"@id\":\"https:\\\/\\\/ru.law\\\/ein-kontrollverlust-ueber-daten-koennte-bereits-ausreichen\\\/#primaryimage\"},\"thumbnailUrl\":\"https:\\\/\\\/ru.law\\\/wp-content\\\/uploads\\\/2024\\\/11\\\/AdobeStock_295592584-scaled.jpeg\",\"keywords\":[\"Daten\",\"Datendiebstahl\",\"Datenschutz\",\"Facebook\",\"Scraping-Vorfall\",\"unzureichende Sicherheitsma\u00dfnahmen\"],\"articleSection\":[\"Datenschutzrecht\"],\"inLanguage\":\"nl-NL\"},{\"@type\":\"WebPage\",\"@id\":\"https:\\\/\\\/ru.law\\\/ein-kontrollverlust-ueber-daten-koennte-bereits-ausreichen\\\/\",\"url\":\"https:\\\/\\\/ru.law\\\/ein-kontrollverlust-ueber-daten-koennte-bereits-ausreichen\\\/\",\"name\":\"Facebook-Datendiebstahl: BGH \u00fcber m\u00f6gliche Schadenersatzanspr\u00fcche durch Kontrollverlust - R&amp;U\",\"isPartOf\":{\"@id\":\"https:\\\/\\\/ru.law\\\/#website\"},\"primaryImageOfPage\":{\"@id\":\"https:\\\/\\\/ru.law\\\/ein-kontrollverlust-ueber-daten-koennte-bereits-ausreichen\\\/#primaryimage\"},\"image\":{\"@id\":\"https:\\\/\\\/ru.law\\\/ein-kontrollverlust-ueber-daten-koennte-bereits-ausreichen\\\/#primaryimage\"},\"thumbnailUrl\":\"https:\\\/\\\/ru.law\\\/wp-content\\\/uploads\\\/2024\\\/11\\\/AdobeStock_295592584-scaled.jpeg\",\"datePublished\":\"2024-11-14T08:45:27+00:00\",\"dateModified\":\"2025-05-28T07:32:22+00:00\",\"description\":\"Eine m\u00f6gliche Entscheidung des EuGH ist von solcher Tragweite, dass sogar der BGH seine Verhandlungen verschiebt. Handeln Sie jetzt!\",\"breadcrumb\":{\"@id\":\"https:\\\/\\\/ru.law\\\/ein-kontrollverlust-ueber-daten-koennte-bereits-ausreichen\\\/#breadcrumb\"},\"inLanguage\":\"nl-NL\",\"potentialAction\":[{\"@type\":\"ReadAction\",\"target\":[\"https:\\\/\\\/ru.law\\\/ein-kontrollverlust-ueber-daten-koennte-bereits-ausreichen\\\/\"]}]},{\"@type\":\"ImageObject\",\"inLanguage\":\"nl-NL\",\"@id\":\"https:\\\/\\\/ru.law\\\/ein-kontrollverlust-ueber-daten-koennte-bereits-ausreichen\\\/#primaryimage\",\"url\":\"https:\\\/\\\/ru.law\\\/wp-content\\\/uploads\\\/2024\\\/11\\\/AdobeStock_295592584-scaled.jpeg\",\"contentUrl\":\"https:\\\/\\\/ru.law\\\/wp-content\\\/uploads\\\/2024\\\/11\\\/AdobeStock_295592584-scaled.jpeg\",\"width\":2560,\"height\":1696},{\"@type\":\"BreadcrumbList\",\"@id\":\"https:\\\/\\\/ru.law\\\/ein-kontrollverlust-ueber-daten-koennte-bereits-ausreichen\\\/#breadcrumb\",\"itemListElement\":[{\"@type\":\"ListItem\",\"position\":1,\"name\":\"Startseite\",\"item\":\"https:\\\/\\\/ru.law\\\/\"},{\"@type\":\"ListItem\",\"position\":2,\"name\":\"Facebook-Datendiebstahl: BGH \u00fcber m\u00f6gliche Schadenersatzanspr\u00fcche durch Kontrollverlust\"}]},{\"@type\":\"WebSite\",\"@id\":\"https:\\\/\\\/ru.law\\\/#website\",\"url\":\"https:\\\/\\\/ru.law\\\/\",\"name\":\"R&U\",\"description\":\"Verbraucheranw\u00e4lte\",\"publisher\":{\"@id\":\"https:\\\/\\\/ru.law\\\/#organization\"},\"alternateName\":\"Rogert & Ulbrich\",\"potentialAction\":[{\"@type\":\"SearchAction\",\"target\":{\"@type\":\"EntryPoint\",\"urlTemplate\":\"https:\\\/\\\/ru.law\\\/?s={search_term_string}\"},\"query-input\":{\"@type\":\"PropertyValueSpecification\",\"valueRequired\":true,\"valueName\":\"search_term_string\"}}],\"inLanguage\":\"nl-NL\"},{\"@type\":\"Organization\",\"@id\":\"https:\\\/\\\/ru.law\\\/#organization\",\"name\":\"Kanzlei Rogert & Ulbrich\",\"url\":\"https:\\\/\\\/ru.law\\\/\",\"logo\":{\"@type\":\"ImageObject\",\"inLanguage\":\"nl-NL\",\"@id\":\"https:\\\/\\\/ru.law\\\/#\\\/schema\\\/logo\\\/image\\\/\",\"url\":\"https:\\\/\\\/ru.law\\\/wp-content\\\/uploads\\\/2020\\\/12\\\/logo-ru-law.svg\",\"contentUrl\":\"https:\\\/\\\/ru.law\\\/wp-content\\\/uploads\\\/2020\\\/12\\\/logo-ru-law.svg\",\"width\":992,\"height\":259,\"caption\":\"Kanzlei Rogert & Ulbrich\"},\"image\":{\"@id\":\"https:\\\/\\\/ru.law\\\/#\\\/schema\\\/logo\\\/image\\\/\"},\"sameAs\":[\"https:\\\/\\\/www.facebook.com\\\/RogertUlbrich\\\/\",\"https:\\\/\\\/x.com\\\/RogertUlbrich\",\"https:\\\/\\\/www.instagram.com\\\/rogertulbrich\\\/\",\"https:\\\/\\\/www.linkedin.com\\\/company\\\/rogert-ulbrich\\\/\",\"https:\\\/\\\/www.youtube.com\\\/channel\\\/UCganCgpvwpPFqMFf1vVmG2A\"]},{\"@type\":\"Person\",\"@id\":\"https:\\\/\\\/ru.law\\\/#\\\/schema\\\/person\\\/b020d506e6bbc471b4565d3a98173b87\",\"name\":\"Marco Rogert\",\"url\":\"https:\\\/\\\/ru.law\\\/nl\\\/author\\\/rogertru-law\\\/\"}]}<\/script>\n<!-- \/ Yoast SEO Premium plugin. -->","yoast_head_json":{"title":"Facebook-Datendiebstahl: BGH \u00fcber m\u00f6gliche Schadenersatzanspr\u00fcche durch Kontrollverlust - R&amp;U","description":"Een mogelijke uitspraak van het Hof van Justitie is zo ingrijpend dat zelfs het Federale Hof van Justitie de hoorzittingen uitstelt. Kom nu in actie!","robots":{"index":"index","follow":"follow","max-snippet":"max-snippet:-1","max-image-preview":"max-image-preview:large","max-video-preview":"max-video-preview:-1"},"canonical":"https:\/\/ru.law\/nl\/ein-kontrollverlust-ueber-daten-koennte-bereits-ausreichen\/","og_locale":"nl_NL","og_type":"article","og_title":"Facebook-Datendiebstahl: BGH \u00fcber m\u00f6gliche Schadenersatzanspr\u00fcche durch Kontrollverlust","og_description":"Eine m\u00f6gliche Entscheidung des EuGH ist von solcher Tragweite, dass sogar der BGH seine Verhandlungen verschiebt. Handeln Sie jetzt!","og_url":"https:\/\/ru.law\/nl\/ein-kontrollverlust-ueber-daten-koennte-bereits-ausreichen\/","og_site_name":"R&amp;U","article_publisher":"https:\/\/www.facebook.com\/RogertUlbrich\/","article_published_time":"2024-11-14T08:45:27+00:00","article_modified_time":"2025-05-28T07:32:22+00:00","og_image":[{"width":2560,"height":1696,"url":"https:\/\/ru.law\/wp-content\/uploads\/2024\/11\/AdobeStock_295592584-scaled.jpeg","type":"image\/jpeg"}],"author":"Marco Rogert","twitter_card":"summary_large_image","twitter_creator":"@RogertUlbrich","twitter_site":"@RogertUlbrich","schema":{"@context":"https:\/\/schema.org","@graph":[{"@type":"Article","@id":"https:\/\/ru.law\/ein-kontrollverlust-ueber-daten-koennte-bereits-ausreichen\/#article","isPartOf":{"@id":"https:\/\/ru.law\/ein-kontrollverlust-ueber-daten-koennte-bereits-ausreichen\/"},"author":{"name":"Marco Rogert","@id":"https:\/\/ru.law\/#\/schema\/person\/b020d506e6bbc471b4565d3a98173b87"},"headline":"Facebook-Datendiebstahl: BGH \u00fcber m\u00f6gliche Schadenersatzanspr\u00fcche durch Kontrollverlust","datePublished":"2024-11-14T08:45:27+00:00","dateModified":"2025-05-28T07:32:22+00:00","mainEntityOfPage":{"@id":"https:\/\/ru.law\/ein-kontrollverlust-ueber-daten-koennte-bereits-ausreichen\/"},"wordCount":743,"publisher":{"@id":"https:\/\/ru.law\/#organization"},"image":{"@id":"https:\/\/ru.law\/ein-kontrollverlust-ueber-daten-koennte-bereits-ausreichen\/#primaryimage"},"thumbnailUrl":"https:\/\/ru.law\/wp-content\/uploads\/2024\/11\/AdobeStock_295592584-scaled.jpeg","keywords":["Daten","Datendiebstahl","Datenschutz","Facebook","Scraping-Vorfall","unzureichende Sicherheitsma\u00dfnahmen"],"articleSection":["Datenschutzrecht"],"inLanguage":"nl-NL"},{"@type":"WebPage","@id":"https:\/\/ru.law\/ein-kontrollverlust-ueber-daten-koennte-bereits-ausreichen\/","url":"https:\/\/ru.law\/ein-kontrollverlust-ueber-daten-koennte-bereits-ausreichen\/","name":"Facebook-Datendiebstahl: BGH \u00fcber m\u00f6gliche Schadenersatzanspr\u00fcche durch Kontrollverlust - R&amp;U","isPartOf":{"@id":"https:\/\/ru.law\/#website"},"primaryImageOfPage":{"@id":"https:\/\/ru.law\/ein-kontrollverlust-ueber-daten-koennte-bereits-ausreichen\/#primaryimage"},"image":{"@id":"https:\/\/ru.law\/ein-kontrollverlust-ueber-daten-koennte-bereits-ausreichen\/#primaryimage"},"thumbnailUrl":"https:\/\/ru.law\/wp-content\/uploads\/2024\/11\/AdobeStock_295592584-scaled.jpeg","datePublished":"2024-11-14T08:45:27+00:00","dateModified":"2025-05-28T07:32:22+00:00","description":"Een mogelijke uitspraak van het Hof van Justitie is zo ingrijpend dat zelfs het Federale Hof van Justitie de hoorzittingen uitstelt. Kom nu in actie!","breadcrumb":{"@id":"https:\/\/ru.law\/ein-kontrollverlust-ueber-daten-koennte-bereits-ausreichen\/#breadcrumb"},"inLanguage":"nl-NL","potentialAction":[{"@type":"ReadAction","target":["https:\/\/ru.law\/ein-kontrollverlust-ueber-daten-koennte-bereits-ausreichen\/"]}]},{"@type":"ImageObject","inLanguage":"nl-NL","@id":"https:\/\/ru.law\/ein-kontrollverlust-ueber-daten-koennte-bereits-ausreichen\/#primaryimage","url":"https:\/\/ru.law\/wp-content\/uploads\/2024\/11\/AdobeStock_295592584-scaled.jpeg","contentUrl":"https:\/\/ru.law\/wp-content\/uploads\/2024\/11\/AdobeStock_295592584-scaled.jpeg","width":2560,"height":1696},{"@type":"BreadcrumbList","@id":"https:\/\/ru.law\/ein-kontrollverlust-ueber-daten-koennte-bereits-ausreichen\/#breadcrumb","itemListElement":[{"@type":"ListItem","position":1,"name":"Startseite","item":"https:\/\/ru.law\/"},{"@type":"ListItem","position":2,"name":"Facebook-Datendiebstahl: BGH \u00fcber m\u00f6gliche Schadenersatzanspr\u00fcche durch Kontrollverlust"}]},{"@type":"WebSite","@id":"https:\/\/ru.law\/#website","url":"https:\/\/ru.law\/","name":"R&amp;U","description":"Consumentenadvocaten","publisher":{"@id":"https:\/\/ru.law\/#organization"},"alternateName":"Rogert & Ulbrich","potentialAction":[{"@type":"SearchAction","target":{"@type":"EntryPoint","urlTemplate":"https:\/\/ru.law\/?s={search_term_string}"},"query-input":{"@type":"PropertyValueSpecification","valueRequired":true,"valueName":"search_term_string"}}],"inLanguage":"nl-NL"},{"@type":"Organization","@id":"https:\/\/ru.law\/#organization","name":"Advocatenkantoor Rogert &amp; Ulbrich","url":"https:\/\/ru.law\/","logo":{"@type":"ImageObject","inLanguage":"nl-NL","@id":"https:\/\/ru.law\/#\/schema\/logo\/image\/","url":"https:\/\/ru.law\/wp-content\/uploads\/2020\/12\/logo-ru-law.svg","contentUrl":"https:\/\/ru.law\/wp-content\/uploads\/2020\/12\/logo-ru-law.svg","width":992,"height":259,"caption":"Kanzlei Rogert & Ulbrich"},"image":{"@id":"https:\/\/ru.law\/#\/schema\/logo\/image\/"},"sameAs":["https:\/\/www.facebook.com\/RogertUlbrich\/","https:\/\/x.com\/RogertUlbrich","https:\/\/www.instagram.com\/rogertulbrich\/","https:\/\/www.linkedin.com\/company\/rogert-ulbrich\/","https:\/\/www.youtube.com\/channel\/UCganCgpvwpPFqMFf1vVmG2A"]},{"@type":"Person","@id":"https:\/\/ru.law\/#\/schema\/person\/b020d506e6bbc471b4565d3a98173b87","name":"Marco Rogert","url":"https:\/\/ru.law\/nl\/author\/rogertru-law\/"}]}},"uagb_featured_image_src":{"full":["https:\/\/ru.law\/wp-content\/uploads\/2024\/11\/AdobeStock_295592584-scaled.jpeg",2560,1696,false],"thumbnail":["https:\/\/ru.law\/wp-content\/uploads\/2024\/11\/AdobeStock_295592584-scaled.jpeg",128,85,false],"medium":["https:\/\/ru.law\/wp-content\/uploads\/2024\/11\/AdobeStock_295592584-scaled.jpeg",2560,1696,false],"medium_large":["https:\/\/ru.law\/wp-content\/uploads\/2024\/11\/AdobeStock_295592584-768x509.jpeg",768,509,true],"large":["https:\/\/ru.law\/wp-content\/uploads\/2024\/11\/AdobeStock_295592584-scaled.jpeg",2560,1696,false],"1536x1536":["https:\/\/ru.law\/wp-content\/uploads\/2024\/11\/AdobeStock_295592584-1536x1018.jpeg",1536,1018,true],"2048x2048":["https:\/\/ru.law\/wp-content\/uploads\/2024\/11\/AdobeStock_295592584-2048x1357.jpeg",2048,1357,true],"trp-custom-language-flag":["https:\/\/ru.law\/wp-content\/uploads\/2024\/11\/AdobeStock_295592584-scaled.jpeg",18,12,false]},"uagb_author_info":{"display_name":"Marco Rogert","author_link":"https:\/\/ru.law\/nl\/author\/rogertru-law\/"},"uagb_comment_info":0,"uagb_excerpt":"Der Bundesgerichtshof (BGH) hat sich mit den Klagen von Facebook-Nutzern im Zusammenhang mit dem sogenannten Scraping-Vorfall besch\u00e4ftigt. Ein endg\u00fcltiges Urteil der Karlsruher Richter steht noch [&hellip;]","_links":{"self":[{"href":"https:\/\/ru.law\/nl\/wp-json\/wp\/v2\/posts\/83912","targetHints":{"allow":["GET"]}}],"collection":[{"href":"https:\/\/ru.law\/nl\/wp-json\/wp\/v2\/posts"}],"about":[{"href":"https:\/\/ru.law\/nl\/wp-json\/wp\/v2\/types\/post"}],"author":[{"embeddable":true,"href":"https:\/\/ru.law\/nl\/wp-json\/wp\/v2\/users\/21"}],"replies":[{"embeddable":true,"href":"https:\/\/ru.law\/nl\/wp-json\/wp\/v2\/comments?post=83912"}],"version-history":[{"count":0,"href":"https:\/\/ru.law\/nl\/wp-json\/wp\/v2\/posts\/83912\/revisions"}],"wp:featuredmedia":[{"embeddable":true,"href":"https:\/\/ru.law\/nl\/wp-json\/wp\/v2\/media\/83915"}],"wp:attachment":[{"href":"https:\/\/ru.law\/nl\/wp-json\/wp\/v2\/media?parent=83912"}],"wp:term":[{"taxonomy":"category","embeddable":true,"href":"https:\/\/ru.law\/nl\/wp-json\/wp\/v2\/categories?post=83912"},{"taxonomy":"post_tag","embeddable":true,"href":"https:\/\/ru.law\/nl\/wp-json\/wp\/v2\/tags?post=83912"}],"curies":[{"name":"wp","href":"https:\/\/api.w.org\/{rel}","templated":true}]}}