{"id":83445,"date":"2024-11-08T08:57:06","date_gmt":"2024-11-08T07:57:06","guid":{"rendered":"https:\/\/ru.law\/?p=83445"},"modified":"2025-05-28T09:32:24","modified_gmt":"2025-05-28T07:32:24","slug":"wie-elternzeit-und-mutterschaft-zusammenhaengen","status":"publish","type":"post","link":"https:\/\/ru.law\/nl\/wie-elternzeit-und-mutterschaft-zusammenhaengen\/","title":{"rendered":"Hoe ouderschapsverlof en moederschap met elkaar samenhangen"},"content":{"rendered":"<p><strong>Verband tussen moederschapsbescherming en ouderschapsverlof: Belangrijke informatie voor ouders<\/strong><\/p>\n\n\n\n<p>Aanstaande ouders hebben vaak veel vragen over zwangerschapsbescherming en ouderschapsverlof. Er bestaat vaak verwarring over de verschillen tussen deze twee concepten. Bovendien bestaat er vaak onduidelijkheid over de wettelijke bepalingen en de praktische toepassing ervan. Het is daarom van groot belang om goed ge\u00efnformeerd te zijn en altijd op de hoogte te zijn van de actuele wettelijke voorschriften.<\/p>\n\n\n\n<p><strong>Eenvoudig uitgelegd: het verschil tussen zwangerschapsbescherming en ouderschapsverlof<\/strong><\/p>\n\n\n\n<p>Om de verschillen tussen zwangerschapsbescherming en ouderschapsverlof beter te begrijpen, is het zinvol om beide termen afzonderlijk te bekijken. Moederschapsbescherming geldt alleen voor de aanstaande moeder. In de periode voor en na de bevalling heeft zij speciale rechten die vastgelegd zijn in de Wet op de bescherming van het moederschap. Deze regelgeving is met name gericht op de bescherming en de arbeidsomstandigheden van de moeder tijdens deze periode.<\/p>","protected":false},"excerpt":{"rendered":"<p>Zusammenhang von Mutterschutz und Elternzeit: Wichtige Informationen f\u00fcr Eltern F\u00fcr werdende Eltern ergeben sich h\u00e4ufig zahlreiche Fragen zu den Themen Mutterschutz und Elternzeit. Oftmals besteht [&hellip;]<\/p>\n","protected":false},"author":21,"featured_media":83446,"comment_status":"closed","ping_status":"open","sticky":false,"template":"","format":"standard","meta":{"_uag_custom_page_level_css":"","site-sidebar-layout":"default","site-content-layout":"","ast-site-content-layout":"default","site-content-style":"default","site-sidebar-style":"default","ast-global-header-display":"","ast-banner-title-visibility":"","ast-main-header-display":"","ast-hfb-above-header-display":"","ast-hfb-below-header-display":"","ast-hfb-mobile-header-display":"","site-post-title":"","ast-breadcrumbs-content":"","ast-featured-img":"","footer-sml-layout":"","ast-disable-related-posts":"","theme-transparent-header-meta":"","adv-header-id-meta":"","stick-header-meta":"","header-above-stick-meta":"","header-main-stick-meta":"","header-below-stick-meta":"","astra-migrate-meta-layouts":"set","ast-page-background-enabled":"default","ast-page-background-meta":{"desktop":{"background-color":"","background-image":"","background-repeat":"repeat","background-position":"center center","background-size":"auto","background-attachment":"scroll","background-type":"","background-media":"","overlay-type":"","overlay-color":"","overlay-opacity":"","overlay-gradient":""},"tablet":{"background-color":"","background-image":"","background-repeat":"repeat","background-position":"center center","background-size":"auto","background-attachment":"scroll","background-type":"","background-media":"","overlay-type":"","overlay-color":"","overlay-opacity":"","overlay-gradient":""},"mobile":{"background-color":"","background-image":"","background-repeat":"repeat","background-position":"center center","background-size":"auto","background-attachment":"scroll","background-type":"","background-media":"","overlay-type":"","overlay-color":"","overlay-opacity":"","overlay-gradient":""}},"ast-content-background-meta":{"desktop":{"background-color":"var(--ast-global-color-5)","background-image":"","background-repeat":"repeat","background-position":"center center","background-size":"auto","background-attachment":"scroll","background-type":"","background-media":"","overlay-type":"","overlay-color":"","overlay-opacity":"","overlay-gradient":""},"tablet":{"background-color":"var(--ast-global-color-5)","background-image":"","background-repeat":"repeat","background-position":"center center","background-size":"auto","background-attachment":"scroll","background-type":"","background-media":"","overlay-type":"","overlay-color":"","overlay-opacity":"","overlay-gradient":""},"mobile":{"background-color":"var(--ast-global-color-5)","background-image":"","background-repeat":"repeat","background-position":"center center","background-size":"auto","background-attachment":"scroll","background-type":"","background-media":"","overlay-type":"","overlay-color":"","overlay-opacity":"","overlay-gradient":""}},"footnotes":""},"categories":[1139],"tags":[1140,1142,1141,1143],"class_list":["post-83445","post","type-post","status-publish","format-standard","has-post-thumbnail","hentry","category-arbeitsrecht","tag-arbeitsrecht","tag-elternzeit","tag-mutterschutz","tag-mutterschutzgesetz"],"yoast_head":"<!-- This site is optimized with the Yoast SEO Premium plugin v27.4 (Yoast SEO v27.4) - https:\/\/yoast.com\/product\/yoast-seo-premium-wordpress\/ -->\n<title>Wie Elternzeit und Mutterschaft zusammenh\u00e4ngen - R&amp;U<\/title>\n<meta name=\"description\" content=\"Eine m\u00f6gliche Entscheidung des EuGH ist von solcher Tragweite, dass sogar der BGH seine Verhandlungen verschiebt. Handeln Sie jetzt!\" \/>\n<meta name=\"robots\" content=\"index, follow, max-snippet:-1, max-image-preview:large, max-video-preview:-1\" \/>\n<link rel=\"canonical\" href=\"https:\/\/ru.law\/nl\/wie-elternzeit-und-mutterschaft-zusammenhaengen\/\" \/>\n<meta property=\"og:locale\" content=\"nl_NL\" \/>\n<meta property=\"og:type\" content=\"article\" \/>\n<meta property=\"og:title\" content=\"Wie Elternzeit und Mutterschaft zusammenh\u00e4ngen\" \/>\n<meta property=\"og:description\" content=\"Eine m\u00f6gliche Entscheidung des EuGH ist von solcher Tragweite, dass sogar der BGH seine Verhandlungen verschiebt. Handeln Sie jetzt!\" \/>\n<meta property=\"og:url\" content=\"https:\/\/ru.law\/nl\/wie-elternzeit-und-mutterschaft-zusammenhaengen\/\" \/>\n<meta property=\"og:site_name\" content=\"R&amp;U\" \/>\n<meta property=\"article:publisher\" content=\"https:\/\/www.facebook.com\/RogertUlbrich\/\" \/>\n<meta property=\"article:published_time\" content=\"2024-11-08T07:57:06+00:00\" \/>\n<meta property=\"article:modified_time\" content=\"2025-05-28T07:32:24+00:00\" \/>\n<meta property=\"og:image\" content=\"https:\/\/ru.law\/wp-content\/uploads\/2024\/11\/AdobeStock_866960904-scaled.jpeg\" \/>\n\t<meta property=\"og:image:width\" content=\"2560\" \/>\n\t<meta property=\"og:image:height\" content=\"1707\" \/>\n\t<meta property=\"og:image:type\" content=\"image\/jpeg\" \/>\n<meta name=\"author\" content=\"Marco Rogert\" \/>\n<meta name=\"twitter:card\" content=\"summary_large_image\" \/>\n<meta name=\"twitter:creator\" content=\"@RogertUlbrich\" \/>\n<meta name=\"twitter:site\" content=\"@RogertUlbrich\" \/>\n<script type=\"application\/ld+json\" class=\"yoast-schema-graph\">{\"@context\":\"https:\\\/\\\/schema.org\",\"@graph\":[{\"@type\":\"Article\",\"@id\":\"https:\\\/\\\/ru.law\\\/wie-elternzeit-und-mutterschaft-zusammenhaengen\\\/#article\",\"isPartOf\":{\"@id\":\"https:\\\/\\\/ru.law\\\/wie-elternzeit-und-mutterschaft-zusammenhaengen\\\/\"},\"author\":{\"name\":\"Marco Rogert\",\"@id\":\"https:\\\/\\\/ru.law\\\/#\\\/schema\\\/person\\\/b020d506e6bbc471b4565d3a98173b87\"},\"headline\":\"Wie Elternzeit und Mutterschaft zusammenh\u00e4ngen\",\"datePublished\":\"2024-11-08T07:57:06+00:00\",\"dateModified\":\"2025-05-28T07:32:24+00:00\",\"mainEntityOfPage\":{\"@id\":\"https:\\\/\\\/ru.law\\\/wie-elternzeit-und-mutterschaft-zusammenhaengen\\\/\"},\"wordCount\":146,\"publisher\":{\"@id\":\"https:\\\/\\\/ru.law\\\/#organization\"},\"image\":{\"@id\":\"https:\\\/\\\/ru.law\\\/wie-elternzeit-und-mutterschaft-zusammenhaengen\\\/#primaryimage\"},\"thumbnailUrl\":\"https:\\\/\\\/ru.law\\\/wp-content\\\/uploads\\\/2024\\\/11\\\/AdobeStock_866960904-scaled.jpeg\",\"keywords\":[\"Arbeitsrecht\",\"Elternzeit\",\"Mutterschutz\",\"Mutterschutzgesetz\"],\"articleSection\":[\"Arbeitsrecht\"],\"inLanguage\":\"nl-NL\"},{\"@type\":\"WebPage\",\"@id\":\"https:\\\/\\\/ru.law\\\/wie-elternzeit-und-mutterschaft-zusammenhaengen\\\/\",\"url\":\"https:\\\/\\\/ru.law\\\/wie-elternzeit-und-mutterschaft-zusammenhaengen\\\/\",\"name\":\"Wie Elternzeit und Mutterschaft zusammenh\u00e4ngen - R&amp;U\",\"isPartOf\":{\"@id\":\"https:\\\/\\\/ru.law\\\/#website\"},\"primaryImageOfPage\":{\"@id\":\"https:\\\/\\\/ru.law\\\/wie-elternzeit-und-mutterschaft-zusammenhaengen\\\/#primaryimage\"},\"image\":{\"@id\":\"https:\\\/\\\/ru.law\\\/wie-elternzeit-und-mutterschaft-zusammenhaengen\\\/#primaryimage\"},\"thumbnailUrl\":\"https:\\\/\\\/ru.law\\\/wp-content\\\/uploads\\\/2024\\\/11\\\/AdobeStock_866960904-scaled.jpeg\",\"datePublished\":\"2024-11-08T07:57:06+00:00\",\"dateModified\":\"2025-05-28T07:32:24+00:00\",\"description\":\"Eine m\u00f6gliche Entscheidung des EuGH ist von solcher Tragweite, dass sogar der BGH seine Verhandlungen verschiebt. Handeln Sie jetzt!\",\"breadcrumb\":{\"@id\":\"https:\\\/\\\/ru.law\\\/wie-elternzeit-und-mutterschaft-zusammenhaengen\\\/#breadcrumb\"},\"inLanguage\":\"nl-NL\",\"potentialAction\":[{\"@type\":\"ReadAction\",\"target\":[\"https:\\\/\\\/ru.law\\\/wie-elternzeit-und-mutterschaft-zusammenhaengen\\\/\"]}]},{\"@type\":\"ImageObject\",\"inLanguage\":\"nl-NL\",\"@id\":\"https:\\\/\\\/ru.law\\\/wie-elternzeit-und-mutterschaft-zusammenhaengen\\\/#primaryimage\",\"url\":\"https:\\\/\\\/ru.law\\\/wp-content\\\/uploads\\\/2024\\\/11\\\/AdobeStock_866960904-scaled.jpeg\",\"contentUrl\":\"https:\\\/\\\/ru.law\\\/wp-content\\\/uploads\\\/2024\\\/11\\\/AdobeStock_866960904-scaled.jpeg\",\"width\":2560,\"height\":1707},{\"@type\":\"BreadcrumbList\",\"@id\":\"https:\\\/\\\/ru.law\\\/wie-elternzeit-und-mutterschaft-zusammenhaengen\\\/#breadcrumb\",\"itemListElement\":[{\"@type\":\"ListItem\",\"position\":1,\"name\":\"Startseite\",\"item\":\"https:\\\/\\\/ru.law\\\/\"},{\"@type\":\"ListItem\",\"position\":2,\"name\":\"Wie Elternzeit und Mutterschaft zusammenh\u00e4ngen\"}]},{\"@type\":\"WebSite\",\"@id\":\"https:\\\/\\\/ru.law\\\/#website\",\"url\":\"https:\\\/\\\/ru.law\\\/\",\"name\":\"R&U\",\"description\":\"Verbraucheranw\u00e4lte\",\"publisher\":{\"@id\":\"https:\\\/\\\/ru.law\\\/#organization\"},\"alternateName\":\"Rogert & Ulbrich\",\"potentialAction\":[{\"@type\":\"SearchAction\",\"target\":{\"@type\":\"EntryPoint\",\"urlTemplate\":\"https:\\\/\\\/ru.law\\\/?s={search_term_string}\"},\"query-input\":{\"@type\":\"PropertyValueSpecification\",\"valueRequired\":true,\"valueName\":\"search_term_string\"}}],\"inLanguage\":\"nl-NL\"},{\"@type\":\"Organization\",\"@id\":\"https:\\\/\\\/ru.law\\\/#organization\",\"name\":\"Kanzlei Rogert & Ulbrich\",\"url\":\"https:\\\/\\\/ru.law\\\/\",\"logo\":{\"@type\":\"ImageObject\",\"inLanguage\":\"nl-NL\",\"@id\":\"https:\\\/\\\/ru.law\\\/#\\\/schema\\\/logo\\\/image\\\/\",\"url\":\"https:\\\/\\\/ru.law\\\/wp-content\\\/uploads\\\/2020\\\/12\\\/logo-ru-law.svg\",\"contentUrl\":\"https:\\\/\\\/ru.law\\\/wp-content\\\/uploads\\\/2020\\\/12\\\/logo-ru-law.svg\",\"width\":992,\"height\":259,\"caption\":\"Kanzlei Rogert & Ulbrich\"},\"image\":{\"@id\":\"https:\\\/\\\/ru.law\\\/#\\\/schema\\\/logo\\\/image\\\/\"},\"sameAs\":[\"https:\\\/\\\/www.facebook.com\\\/RogertUlbrich\\\/\",\"https:\\\/\\\/x.com\\\/RogertUlbrich\",\"https:\\\/\\\/www.instagram.com\\\/rogertulbrich\\\/\",\"https:\\\/\\\/www.linkedin.com\\\/company\\\/rogert-ulbrich\\\/\",\"https:\\\/\\\/www.youtube.com\\\/channel\\\/UCganCgpvwpPFqMFf1vVmG2A\"]},{\"@type\":\"Person\",\"@id\":\"https:\\\/\\\/ru.law\\\/#\\\/schema\\\/person\\\/b020d506e6bbc471b4565d3a98173b87\",\"name\":\"Marco Rogert\",\"url\":\"https:\\\/\\\/ru.law\\\/nl\\\/author\\\/rogertru-law\\\/\"}]}<\/script>\n<!-- \/ Yoast SEO Premium plugin. -->","yoast_head_json":{"title":"Wie Elternzeit und Mutterschaft zusammenh\u00e4ngen - R&amp;U","description":"Een mogelijke uitspraak van het Hof van Justitie is zo ingrijpend dat zelfs het Federale Hof van Justitie de hoorzittingen uitstelt. Kom nu in actie!","robots":{"index":"index","follow":"follow","max-snippet":"max-snippet:-1","max-image-preview":"max-image-preview:large","max-video-preview":"max-video-preview:-1"},"canonical":"https:\/\/ru.law\/nl\/wie-elternzeit-und-mutterschaft-zusammenhaengen\/","og_locale":"nl_NL","og_type":"article","og_title":"Wie Elternzeit und Mutterschaft zusammenh\u00e4ngen","og_description":"Eine m\u00f6gliche Entscheidung des EuGH ist von solcher Tragweite, dass sogar der BGH seine Verhandlungen verschiebt. Handeln Sie jetzt!","og_url":"https:\/\/ru.law\/nl\/wie-elternzeit-und-mutterschaft-zusammenhaengen\/","og_site_name":"R&amp;U","article_publisher":"https:\/\/www.facebook.com\/RogertUlbrich\/","article_published_time":"2024-11-08T07:57:06+00:00","article_modified_time":"2025-05-28T07:32:24+00:00","og_image":[{"width":2560,"height":1707,"url":"https:\/\/ru.law\/wp-content\/uploads\/2024\/11\/AdobeStock_866960904-scaled.jpeg","type":"image\/jpeg"}],"author":"Marco Rogert","twitter_card":"summary_large_image","twitter_creator":"@RogertUlbrich","twitter_site":"@RogertUlbrich","schema":{"@context":"https:\/\/schema.org","@graph":[{"@type":"Article","@id":"https:\/\/ru.law\/wie-elternzeit-und-mutterschaft-zusammenhaengen\/#article","isPartOf":{"@id":"https:\/\/ru.law\/wie-elternzeit-und-mutterschaft-zusammenhaengen\/"},"author":{"name":"Marco Rogert","@id":"https:\/\/ru.law\/#\/schema\/person\/b020d506e6bbc471b4565d3a98173b87"},"headline":"Wie Elternzeit und Mutterschaft zusammenh\u00e4ngen","datePublished":"2024-11-08T07:57:06+00:00","dateModified":"2025-05-28T07:32:24+00:00","mainEntityOfPage":{"@id":"https:\/\/ru.law\/wie-elternzeit-und-mutterschaft-zusammenhaengen\/"},"wordCount":146,"publisher":{"@id":"https:\/\/ru.law\/#organization"},"image":{"@id":"https:\/\/ru.law\/wie-elternzeit-und-mutterschaft-zusammenhaengen\/#primaryimage"},"thumbnailUrl":"https:\/\/ru.law\/wp-content\/uploads\/2024\/11\/AdobeStock_866960904-scaled.jpeg","keywords":["Arbeitsrecht","Elternzeit","Mutterschutz","Mutterschutzgesetz"],"articleSection":["Arbeitsrecht"],"inLanguage":"nl-NL"},{"@type":"WebPage","@id":"https:\/\/ru.law\/wie-elternzeit-und-mutterschaft-zusammenhaengen\/","url":"https:\/\/ru.law\/wie-elternzeit-und-mutterschaft-zusammenhaengen\/","name":"Wie Elternzeit und Mutterschaft zusammenh\u00e4ngen - R&amp;U","isPartOf":{"@id":"https:\/\/ru.law\/#website"},"primaryImageOfPage":{"@id":"https:\/\/ru.law\/wie-elternzeit-und-mutterschaft-zusammenhaengen\/#primaryimage"},"image":{"@id":"https:\/\/ru.law\/wie-elternzeit-und-mutterschaft-zusammenhaengen\/#primaryimage"},"thumbnailUrl":"https:\/\/ru.law\/wp-content\/uploads\/2024\/11\/AdobeStock_866960904-scaled.jpeg","datePublished":"2024-11-08T07:57:06+00:00","dateModified":"2025-05-28T07:32:24+00:00","description":"Een mogelijke uitspraak van het Hof van Justitie is zo ingrijpend dat zelfs het Federale Hof van Justitie de hoorzittingen uitstelt. Kom nu in actie!","breadcrumb":{"@id":"https:\/\/ru.law\/wie-elternzeit-und-mutterschaft-zusammenhaengen\/#breadcrumb"},"inLanguage":"nl-NL","potentialAction":[{"@type":"ReadAction","target":["https:\/\/ru.law\/wie-elternzeit-und-mutterschaft-zusammenhaengen\/"]}]},{"@type":"ImageObject","inLanguage":"nl-NL","@id":"https:\/\/ru.law\/wie-elternzeit-und-mutterschaft-zusammenhaengen\/#primaryimage","url":"https:\/\/ru.law\/wp-content\/uploads\/2024\/11\/AdobeStock_866960904-scaled.jpeg","contentUrl":"https:\/\/ru.law\/wp-content\/uploads\/2024\/11\/AdobeStock_866960904-scaled.jpeg","width":2560,"height":1707},{"@type":"BreadcrumbList","@id":"https:\/\/ru.law\/wie-elternzeit-und-mutterschaft-zusammenhaengen\/#breadcrumb","itemListElement":[{"@type":"ListItem","position":1,"name":"Startseite","item":"https:\/\/ru.law\/"},{"@type":"ListItem","position":2,"name":"Wie Elternzeit und Mutterschaft zusammenh\u00e4ngen"}]},{"@type":"WebSite","@id":"https:\/\/ru.law\/#website","url":"https:\/\/ru.law\/","name":"R&amp;U","description":"Consumentenadvocaten","publisher":{"@id":"https:\/\/ru.law\/#organization"},"alternateName":"Rogert & Ulbrich","potentialAction":[{"@type":"SearchAction","target":{"@type":"EntryPoint","urlTemplate":"https:\/\/ru.law\/?s={search_term_string}"},"query-input":{"@type":"PropertyValueSpecification","valueRequired":true,"valueName":"search_term_string"}}],"inLanguage":"nl-NL"},{"@type":"Organization","@id":"https:\/\/ru.law\/#organization","name":"Advocatenkantoor Rogert &amp; Ulbrich","url":"https:\/\/ru.law\/","logo":{"@type":"ImageObject","inLanguage":"nl-NL","@id":"https:\/\/ru.law\/#\/schema\/logo\/image\/","url":"https:\/\/ru.law\/wp-content\/uploads\/2020\/12\/logo-ru-law.svg","contentUrl":"https:\/\/ru.law\/wp-content\/uploads\/2020\/12\/logo-ru-law.svg","width":992,"height":259,"caption":"Kanzlei Rogert & Ulbrich"},"image":{"@id":"https:\/\/ru.law\/#\/schema\/logo\/image\/"},"sameAs":["https:\/\/www.facebook.com\/RogertUlbrich\/","https:\/\/x.com\/RogertUlbrich","https:\/\/www.instagram.com\/rogertulbrich\/","https:\/\/www.linkedin.com\/company\/rogert-ulbrich\/","https:\/\/www.youtube.com\/channel\/UCganCgpvwpPFqMFf1vVmG2A"]},{"@type":"Person","@id":"https:\/\/ru.law\/#\/schema\/person\/b020d506e6bbc471b4565d3a98173b87","name":"Marco Rogert","url":"https:\/\/ru.law\/nl\/author\/rogertru-law\/"}]}},"uagb_featured_image_src":{"full":["https:\/\/ru.law\/wp-content\/uploads\/2024\/11\/AdobeStock_866960904-scaled.jpeg",2560,1707,false],"thumbnail":["https:\/\/ru.law\/wp-content\/uploads\/2024\/11\/AdobeStock_866960904-scaled.jpeg",128,85,false],"medium":["https:\/\/ru.law\/wp-content\/uploads\/2024\/11\/AdobeStock_866960904-scaled.jpeg",2560,1707,false],"medium_large":["https:\/\/ru.law\/wp-content\/uploads\/2024\/11\/AdobeStock_866960904-768x512.jpeg",768,512,true],"large":["https:\/\/ru.law\/wp-content\/uploads\/2024\/11\/AdobeStock_866960904-scaled.jpeg",2560,1707,false],"1536x1536":["https:\/\/ru.law\/wp-content\/uploads\/2024\/11\/AdobeStock_866960904-1536x1024.jpeg",1536,1024,true],"2048x2048":["https:\/\/ru.law\/wp-content\/uploads\/2024\/11\/AdobeStock_866960904-2048x1365.jpeg",2048,1365,true],"trp-custom-language-flag":["https:\/\/ru.law\/wp-content\/uploads\/2024\/11\/AdobeStock_866960904-scaled.jpeg",18,12,false]},"uagb_author_info":{"display_name":"Marco Rogert","author_link":"https:\/\/ru.law\/nl\/author\/rogertru-law\/"},"uagb_comment_info":0,"uagb_excerpt":"Zusammenhang von Mutterschutz und Elternzeit: Wichtige Informationen f\u00fcr Eltern F\u00fcr werdende Eltern ergeben sich h\u00e4ufig zahlreiche Fragen zu den Themen Mutterschutz und Elternzeit. Oftmals besteht [&hellip;]","_links":{"self":[{"href":"https:\/\/ru.law\/nl\/wp-json\/wp\/v2\/posts\/83445","targetHints":{"allow":["GET"]}}],"collection":[{"href":"https:\/\/ru.law\/nl\/wp-json\/wp\/v2\/posts"}],"about":[{"href":"https:\/\/ru.law\/nl\/wp-json\/wp\/v2\/types\/post"}],"author":[{"embeddable":true,"href":"https:\/\/ru.law\/nl\/wp-json\/wp\/v2\/users\/21"}],"replies":[{"embeddable":true,"href":"https:\/\/ru.law\/nl\/wp-json\/wp\/v2\/comments?post=83445"}],"version-history":[{"count":0,"href":"https:\/\/ru.law\/nl\/wp-json\/wp\/v2\/posts\/83445\/revisions"}],"wp:featuredmedia":[{"embeddable":true,"href":"https:\/\/ru.law\/nl\/wp-json\/wp\/v2\/media\/83446"}],"wp:attachment":[{"href":"https:\/\/ru.law\/nl\/wp-json\/wp\/v2\/media?parent=83445"}],"wp:term":[{"taxonomy":"category","embeddable":true,"href":"https:\/\/ru.law\/nl\/wp-json\/wp\/v2\/categories?post=83445"},{"taxonomy":"post_tag","embeddable":true,"href":"https:\/\/ru.law\/nl\/wp-json\/wp\/v2\/tags?post=83445"}],"curies":[{"name":"wp","href":"https:\/\/api.w.org\/{rel}","templated":true}]}}