{"id":6802,"date":"2020-09-21T11:00:53","date_gmt":"2020-09-21T09:00:53","guid":{"rendered":"https:\/\/www.rogertulbrich.de\/wp\/?p=6802"},"modified":"2024-07-08T13:12:50","modified_gmt":"2024-07-08T11:12:50","slug":"69-000-eur-schadensersatz-fuer-porsche-macan-fahrer","status":"publish","type":"post","link":"https:\/\/ru.law\/nl\/69-000-eur-schadensersatz-fuer-porsche-macan-fahrer\/","title":{"rendered":"69.000+ EUR schadevergoeding voor Porsche Macan-bestuurder"},"content":{"rendered":"<h2 class=\"wp-block-heading\" id=\"h-landgericht-koln-verurteilt-autohaus-zur-rucknahme-des-wagens\"><strong>Arrondissementsrechtbank Keulen gelast autodealer om auto terug te nemen<\/strong>.<\/h2>\n\n\n\n<p>De rechtbank van Keulen heeft de rechtszaak over het emissieschandaal afgewezen die was aangespannen door de bestuurder van een <a href=\"https:\/\/ru.law\/nl\/expertise\/abgasskandal\/porsche-diesel\/\">Porsche<\/a> Macan S 3.0l in plaats daarvan (LG Keulen van 15.09.2020, ref. 32 O 200\/19).<\/p>\n\n\n\n<p>De rechtszaak was gericht <strong>tegen de autodealer waar de auto is gekocht.<\/strong><br>De autodealer werd veroordeeld de auto terug te nemen en de aankoopprijs, verminderd met de gebruiksvergoeding, terug te betalen.<\/p>\n\n\n\n<p>Eiser ontvangt nog steeds een schadevergoeding voor de auto, die hij in december 2015 nieuw kocht voor 89.496 euro. <strong>69.464 euro<\/strong>. Hij moet een schadevergoeding eisen van bijna 15.000 euro voor de afgelegde afstand van 53.370 km. De rechtbank ging uit van een totale kilometerstand van 300.000 km voor de dure auto, die bekendstaat om zijn lange levensduur.<\/p>\n\n\n\n<h3 class=\"wp-block-heading\" id=\"h-verbaute-abschaltvorrichtung-verursacht-erheblichen-sachmangel\"><strong>Ingebouwde uitschakelvoorziening veroorzaakt aanzienlijk materiaaldefect<\/strong><\/h3>\n\n\n\n<p>De rechtbank kwalificeerde de ge\u00efnstalleerde uitschakelvoorziening en de daaruit voortvloeiende verplichte terugroepactie als een aanzienlijk materieel gebrek. De verplichte terugroeping dreigt te resulteren in een exploitatieverbod indien de terugroepmaatregel niet wordt doorgevoerd, hetgeen in lijn is met de inschatting van de KBA. Vanwege de <a href=\"https:\/\/ru.law\/nl\/expertise\/abgasskandal\/porsche-diesel\/\">Porsche AG<\/a> Ingebouwde uitschakelmechanismen kunnen leiden tot verhoogde NOx-emissies tijdens het rijden van het voertuig. Een verwarmingsstrategie die pas start wanneer de NEDC-testbankprocedure wordt uitgevoerd en niet wordt geactiveerd in het echte verkeer, leidt tot een verbetering van de stikstofoxide-uitstoot op de testbank in vergelijking met het emissiegedrag tijdens normaal rijden.<\/p>\n\n\n\n\n\n<h3 class=\"wp-block-heading\" id=\"h-gericht-software-update-als-nachbesserung-nicht-geeignet\"><strong>Rechtbank: software-update niet geschikt als remedie<\/strong><\/h3>\n\n\n\n<p>Volgens de rechtbank is het installeren van een software-update niet voldoende om het gebrek volledig te verhelpen. Het is niet voldoende als het voertuig achteraf sporen van reparatie- of vervangingsmaatregelen vertoont of in de toekomst reparatiemaatregelen nodig heeft vanwege omstandigheden die niet kunnen worden verholpen.<\/p>\n\n\n\n<p>Zelfs als het voertuig na installatie van een software-update zou voldoen aan de grenswaarden van de Euro-emissienorm, zonder dat het motormanagementsysteem wordt gemanipuleerd en zonder dat er technische nadelen optreden, zou het voertuig nog steeds gebreken vertonen, aldus de uitspraak.<br>De eigenschap van het voertuig dat door het emissieschandaal is getroffen, blijft ook na de software-update een gebrek in de auto en kan niet worden verholpen.<\/p>\n\n\n\n<section class=\"wp-block-uagb-columns uagb-columns__wrap uagb-columns__background-undefined uagb-columns__stack-mobile uagb-columns__valign-undefined uagb-columns__gap-10 alignundefined uagb-block-a63b8d4d contrast blog_beitraege\"><div class=\"uagb-columns__overlay\"><\/div><div class=\"uagb-columns__inner-wrap uagb-columns__columns-1\">\n<div class=\"wp-block-uagb-column uagb-column__wrap uagb-column__background-undefined uagb-block-6e00ddba\"><div class=\"uagb-column__overlay\"><\/div><div class=\"uagb-column__inner-wrap\">\n<h3 class=\"wp-block-heading\" id=\"das-konnte-sie-auch-interessieren\">Misschien bent u ook ge\u00efnteresseerd in:<\/h3>\n\n\n\n\t\t\t<div class=\"wp-block-uagb-post-grid uagb-post-grid  uagb-post__image-position-top uagb-post__image-enabled uagb-block-ff875f2e     uagb-post__items uagb-post__columns-3 is-grid uagb-post__columns-tablet-2 uagb-post__columns-mobile-1 uagb-post__equal-height\" data-total=\"2\" style=\"\">\n\n\t\t\t\t\t\t\t\t\t\t\t\t<article class=\"uagb-post__inner-wrap\">\t\t\t\t\t\t\t\t<div class='uagb-post__image'>\n\t\t\t\t\t\t\t\t\t<a href=\"https:\/\/ru.law\/nl\/diesel-ueberholt-benzinpreis-jetzt-erst-recht\/\" target=\"_self\" rel=\"bookmark noopener noreferrer\" class='uagb-image-ratio-inherit'><img loading=\"lazy\" decoding=\"async\" width=\"1024\" height=\"576\" src=\"https:\/\/ru.law\/wp-content\/uploads\/2022\/03\/2021-News-Header-1200x675-2972-1024x576.jpg\" class=\"attachment-large size-large\" alt=\"Rogert-Ulbrich-Rechtsanwaelte-Kanzlei-Diesel-Benzin-Preise\" srcset=\"https:\/\/ru.law\/wp-content\/uploads\/2022\/03\/2021-News-Header-1200x675-2972-1024x576.jpg 1024w, https:\/\/ru.law\/wp-content\/uploads\/2022\/03\/2021-News-Header-1200x675-2972-300x169.jpg 300w, https:\/\/ru.law\/wp-content\/uploads\/2022\/03\/2021-News-Header-1200x675-2972-768x432.jpg 768w, https:\/\/ru.law\/wp-content\/uploads\/2022\/03\/2021-News-Header-1200x675-2972.jpg 1200w\" sizes=\"auto, (max-width: 1024px) 100vw, 1024px\" \/>\t\t\t\t\t<\/a>\n\t\t\t\t\t\t\t<\/div>\n\t\t\t\t\t\t<h4 class=\"uagb-post__title uagb-post__text\">\n\t\t\t\t<a href=\"https:\/\/ru.law\/nl\/diesel-ueberholt-benzinpreis-jetzt-erst-recht\/\" target=\"_self\" rel=\"bookmark noopener noreferrer\">Recordprijzen voor diesel - Nu is het moment om uw auto terug te draaien<\/a>\n\t\t\t<\/h4>\n\t\t\t\t\t\t<div class='uagb-post__text uagb-post-grid-byline'>\n\t\t\t\t\t\t\t<\/div>\n\t\t\t\t\t\t\t<div class='uagb-post__text uagb-post__excerpt'>\n\t\t\t\t\t<p>Diesel staat in Duitsland op recordhoogte en ook benzine nadert een\u2026\t\t\t\t<\/div>\n\t\t\t\t\t\t<div class=\"uagb-post__text uagb-post__cta wp-block-button\">\n\t\t\t\t<a class=\"wp-block-button__link uagb-text-link\" style=\"\" href=\"https:\/\/ru.law\/nl\/diesel-ueberholt-benzinpreis-jetzt-erst-recht\/\" target=\"_self\" rel=\"bookmark noopener noreferrer\">Lees meer<\/a>\n\t\t\t<\/div>\n\t\t\t\n\t\t\t\t\t\t\t\t<a class=\"uagb-post__link-complete-box\" href=\"https:\/\/ru.law\/nl\/diesel-ueberholt-benzinpreis-jetzt-erst-recht\/\" target=\"_self\" rel=\"bookmark noopener noreferrer\"><\/a>\n\t\t\t\t\t\t\t<\/article>\n\t\t\t\t\t\t\t\t\t\t\t\t\t\t\t\t<article class=\"uagb-post__inner-wrap\">\t\t\t\t\t\t\t\t<div class='uagb-post__image'>\n\t\t\t\t\t\t\t\t\t<a href=\"https:\/\/ru.law\/nl\/vtdi-abgasskandal-rund-um-vw-audi-und-porsche\/\" target=\"_self\" rel=\"bookmark noopener noreferrer\" class='uagb-image-ratio-inherit'><img loading=\"lazy\" decoding=\"async\" width=\"1024\" height=\"576\" src=\"https:\/\/ru.law\/wp-content\/uploads\/2022\/01\/Rogert-Ulbrich-Rechtsanwaelte-Kanzlei-Abgasskandal-Audi-Verjaehrung-2022-1024x576.jpg\" class=\"attachment-large size-large\" alt=\"\" srcset=\"https:\/\/ru.law\/wp-content\/uploads\/2022\/01\/Rogert-Ulbrich-Rechtsanwaelte-Kanzlei-Abgasskandal-Audi-Verjaehrung-2022-1024x576.jpg 1024w, https:\/\/ru.law\/wp-content\/uploads\/2022\/01\/Rogert-Ulbrich-Rechtsanwaelte-Kanzlei-Abgasskandal-Audi-Verjaehrung-2022-300x169.jpg 300w, https:\/\/ru.law\/wp-content\/uploads\/2022\/01\/Rogert-Ulbrich-Rechtsanwaelte-Kanzlei-Abgasskandal-Audi-Verjaehrung-2022-768x432.jpg 768w, https:\/\/ru.law\/wp-content\/uploads\/2022\/01\/Rogert-Ulbrich-Rechtsanwaelte-Kanzlei-Abgasskandal-Audi-Verjaehrung-2022.jpg 1200w\" sizes=\"auto, (max-width: 1024px) 100vw, 1024px\" \/>\t\t\t\t\t<\/a>\n\t\t\t\t\t\t\t<\/div>\n\t\t\t\t\t\t<h4 class=\"uagb-post__title uagb-post__text\">\n\t\t\t\t<a href=\"https:\/\/ru.law\/nl\/vtdi-abgasskandal-rund-um-vw-audi-und-porsche\/\" target=\"_self\" rel=\"bookmark noopener noreferrer\">VTDI-emissieschandaal waarbij VW, Audi en Porsche betrokken zijn<\/a>\n\t\t\t<\/h4>\n\t\t\t\t\t\t<div class='uagb-post__text uagb-post-grid-byline'>\n\t\t\t\t\t\t\t<\/div>\n\t\t\t\t\t\t\t<div class='uagb-post__text uagb-post__excerpt'>\n\t\t\t\t\t<p>Voor veel Duitse autofabrikanten is het dieselemissieschandaal nog steeds alomtegenwoordig, ook voor de VW Groep\u2026\t\t\t\t<\/div>\n\t\t\t\t\t\t<div class=\"uagb-post__text uagb-post__cta wp-block-button\">\n\t\t\t\t<a class=\"wp-block-button__link uagb-text-link\" style=\"\" href=\"https:\/\/ru.law\/nl\/vtdi-abgasskandal-rund-um-vw-audi-und-porsche\/\" target=\"_self\" rel=\"bookmark noopener noreferrer\">Lees meer<\/a>\n\t\t\t<\/div>\n\t\t\t\n\t\t\t\t\t\t\t\t<a class=\"uagb-post__link-complete-box\" href=\"https:\/\/ru.law\/nl\/vtdi-abgasskandal-rund-um-vw-audi-und-porsche\/\" target=\"_self\" rel=\"bookmark noopener noreferrer\"><\/a>\n\t\t\t\t\t\t\t<\/article>\n\t\t\t\t\t\t\t\t\t\t\t\t\t\t\t\t<article class=\"uagb-post__inner-wrap\">\t\t\t\t\t\t\t\t<div class='uagb-post__image'>\n\t\t\t\t\t\t\t\t\t<a href=\"https:\/\/ru.law\/nl\/olg-koeln-verurteilt-audi-ag\/\" target=\"_self\" rel=\"bookmark noopener noreferrer\" class='uagb-image-ratio-inherit'><img loading=\"lazy\" decoding=\"async\" width=\"1024\" height=\"576\" src=\"https:\/\/ru.law\/wp-content\/uploads\/2021\/09\/rogert-ulbrich-rechtsanwalt-kanzlei-abgasskandal-premium-modelle-porsche-42l-1024x576.jpg\" class=\"attachment-large size-large\" alt=\"\" srcset=\"https:\/\/ru.law\/wp-content\/uploads\/2021\/09\/rogert-ulbrich-rechtsanwalt-kanzlei-abgasskandal-premium-modelle-porsche-42l-1024x576.jpg 1024w, https:\/\/ru.law\/wp-content\/uploads\/2021\/09\/rogert-ulbrich-rechtsanwalt-kanzlei-abgasskandal-premium-modelle-porsche-42l-300x169.jpg 300w, https:\/\/ru.law\/wp-content\/uploads\/2021\/09\/rogert-ulbrich-rechtsanwalt-kanzlei-abgasskandal-premium-modelle-porsche-42l-768x432.jpg 768w, https:\/\/ru.law\/wp-content\/uploads\/2021\/09\/rogert-ulbrich-rechtsanwalt-kanzlei-abgasskandal-premium-modelle-porsche-42l.jpg 1200w\" sizes=\"auto, (max-width: 1024px) 100vw, 1024px\" \/>\t\t\t\t\t<\/a>\n\t\t\t\t\t\t\t<\/div>\n\t\t\t\t\t\t<h4 class=\"uagb-post__title uagb-post__text\">\n\t\t\t\t<a href=\"https:\/\/ru.law\/nl\/olg-koeln-verurteilt-audi-ag\/\" target=\"_self\" rel=\"bookmark noopener noreferrer\">Audi AG moet Porsche Cayenne S terugnemen<\/a>\n\t\t\t<\/h4>\n\t\t\t\t\t\t<div class='uagb-post__text uagb-post-grid-byline'>\n\t\t\t\t\t\t\t<\/div>\n\t\t\t\t\t\t\t<div class='uagb-post__text uagb-post__excerpt'>\n\t\t\t\t\t<p>Audi AG kreeg van het Oberlandesgericht Keulen de opdracht een Porsche Cayenne S 4.2l terug te nemen\u2026.\t\t\t\t<\/div>\n\t\t\t\t\t\t<div class=\"uagb-post__text uagb-post__cta wp-block-button\">\n\t\t\t\t<a class=\"wp-block-button__link uagb-text-link\" style=\"\" href=\"https:\/\/ru.law\/nl\/olg-koeln-verurteilt-audi-ag\/\" target=\"_self\" rel=\"bookmark noopener noreferrer\">Lees meer<\/a>\n\t\t\t<\/div>\n\t\t\t\n\t\t\t\t\t\t\t\t<a class=\"uagb-post__link-complete-box\" href=\"https:\/\/ru.law\/nl\/olg-koeln-verurteilt-audi-ag\/\" target=\"_self\" rel=\"bookmark noopener noreferrer\"><\/a>\n\t\t\t\t\t\t\t<\/article>\n\t\t\t\t\t\t\t\t\t\t\t<\/div>\n\t\t\t\n\n\n<p><\/p>\n<\/div><\/div>\n<\/div><\/section>","protected":false},"excerpt":{"rendered":"<p>Landgericht K\u00f6ln verurteilt Autohaus zur R\u00fccknahme des Wagens. Das Landgericht K\u00f6ln gab der Abgasskandal-Klage des Fahrers eines Porsche Macan S 3.0l statt (LG K\u00f6ln vom [&hellip;]<\/p>\n","protected":false},"author":21,"featured_media":7440,"comment_status":"closed","ping_status":"open","sticky":false,"template":"","format":"standard","meta":{"_uag_custom_page_level_css":"","site-sidebar-layout":"default","site-content-layout":"default","ast-site-content-layout":"default","site-content-style":"default","site-sidebar-style":"default","ast-global-header-display":"","ast-banner-title-visibility":"","ast-main-header-display":"","ast-hfb-above-header-display":"","ast-hfb-below-header-display":"","ast-hfb-mobile-header-display":"","site-post-title":"","ast-breadcrumbs-content":"","ast-featured-img":"","footer-sml-layout":"","ast-disable-related-posts":"","theme-transparent-header-meta":"default","adv-header-id-meta":"","stick-header-meta":"","header-above-stick-meta":"","header-main-stick-meta":"","header-below-stick-meta":"","astra-migrate-meta-layouts":"default","ast-page-background-enabled":"default","ast-page-background-meta":{"desktop":{"background-color":"","background-image":"","background-repeat":"repeat","background-position":"center center","background-size":"auto","background-attachment":"scroll","background-type":"","background-media":"","overlay-type":"","overlay-color":"","overlay-opacity":"","overlay-gradient":""},"tablet":{"background-color":"","background-image":"","background-repeat":"repeat","background-position":"center center","background-size":"auto","background-attachment":"scroll","background-type":"","background-media":"","overlay-type":"","overlay-color":"","overlay-opacity":"","overlay-gradient":""},"mobile":{"background-color":"","background-image":"","background-repeat":"repeat","background-position":"center center","background-size":"auto","background-attachment":"scroll","background-type":"","background-media":"","overlay-type":"","overlay-color":"","overlay-opacity":"","overlay-gradient":""}},"ast-content-background-meta":{"desktop":{"background-color":"var(--ast-global-color-5)","background-image":"","background-repeat":"repeat","background-position":"center center","background-size":"auto","background-attachment":"scroll","background-type":"","background-media":"","overlay-type":"","overlay-color":"","overlay-opacity":"","overlay-gradient":""},"tablet":{"background-color":"var(--ast-global-color-5)","background-image":"","background-repeat":"repeat","background-position":"center center","background-size":"auto","background-attachment":"scroll","background-type":"","background-media":"","overlay-type":"","overlay-color":"","overlay-opacity":"","overlay-gradient":""},"mobile":{"background-color":"var(--ast-global-color-5)","background-image":"","background-repeat":"repeat","background-position":"center center","background-size":"auto","background-attachment":"scroll","background-type":"","background-media":"","overlay-type":"","overlay-color":"","overlay-opacity":"","overlay-gradient":""}},"footnotes":""},"categories":[2,507],"tags":[31,37],"class_list":["post-6802","post","type-post","status-publish","format-standard","has-post-thumbnail","hentry","category-abgasskandal","category-urteile","tag-porsche","tag-schadensersatz"],"yoast_head":"<!-- This site is optimized with the Yoast SEO Premium plugin v27.4 (Yoast SEO v27.4) - https:\/\/yoast.com\/product\/yoast-seo-premium-wordpress\/ -->\n<title>69.000+ EUR Schadensersatz f\u00fcr Porsche Macan Fahrer - R&amp;U<\/title>\n<meta name=\"description\" content=\"Das Landgericht K\u00f6ln gab der Abgasskandal-Klage des Fahrers eines Porsche Macan S 3.0l statt. Erfahren Sie wie Sie Schadensersatz erhalten!\" \/>\n<meta name=\"robots\" content=\"index, follow, max-snippet:-1, max-image-preview:large, max-video-preview:-1\" \/>\n<link rel=\"canonical\" href=\"https:\/\/ru.law\/nl\/69-000-eur-schadensersatz-fuer-porsche-macan-fahrer\/\" \/>\n<meta property=\"og:locale\" content=\"nl_NL\" \/>\n<meta property=\"og:type\" content=\"article\" \/>\n<meta property=\"og:title\" content=\"69.000+ EUR Schadensersatz f\u00fcr Porsche Macan Fahrer\" \/>\n<meta property=\"og:description\" content=\"Das Landgericht K\u00f6ln gab der Abgasskandal-Klage des Fahrers eines Porsche Macan S 3.0l statt. Erfahren Sie wie Sie Schadensersatz erhalten!\" \/>\n<meta property=\"og:url\" content=\"https:\/\/ru.law\/nl\/69-000-eur-schadensersatz-fuer-porsche-macan-fahrer\/\" \/>\n<meta property=\"og:site_name\" content=\"R&amp;U\" \/>\n<meta property=\"article:publisher\" content=\"https:\/\/www.facebook.com\/RogertUlbrich\/\" \/>\n<meta property=\"article:published_time\" content=\"2020-09-21T09:00:53+00:00\" \/>\n<meta property=\"article:modified_time\" content=\"2024-07-08T11:12:50+00:00\" \/>\n<meta property=\"og:image\" content=\"https:\/\/ru.law\/wp-content\/uploads\/2020\/09\/abgasskandal-fahrzeug-porsche-macan-lenkrad-1.jpg\" \/>\n\t<meta property=\"og:image:width\" content=\"1198\" \/>\n\t<meta property=\"og:image:height\" content=\"675\" \/>\n\t<meta property=\"og:image:type\" content=\"image\/jpeg\" \/>\n<meta name=\"author\" content=\"Marco Rogert\" \/>\n<meta name=\"twitter:card\" content=\"summary_large_image\" \/>\n<meta name=\"twitter:creator\" content=\"@RogertUlbrich\" \/>\n<meta name=\"twitter:site\" content=\"@RogertUlbrich\" \/>\n<script type=\"application\/ld+json\" class=\"yoast-schema-graph\">{\"@context\":\"https:\\\/\\\/schema.org\",\"@graph\":[{\"@type\":\"Article\",\"@id\":\"https:\\\/\\\/ru.law\\\/69-000-eur-schadensersatz-fuer-porsche-macan-fahrer\\\/#article\",\"isPartOf\":{\"@id\":\"https:\\\/\\\/ru.law\\\/69-000-eur-schadensersatz-fuer-porsche-macan-fahrer\\\/\"},\"author\":{\"name\":\"Marco Rogert\",\"@id\":\"https:\\\/\\\/ru.law\\\/#\\\/schema\\\/person\\\/b020d506e6bbc471b4565d3a98173b87\"},\"headline\":\"69.000+ EUR Schadensersatz f\u00fcr Porsche Macan Fahrer\",\"datePublished\":\"2020-09-21T09:00:53+00:00\",\"dateModified\":\"2024-07-08T11:12:50+00:00\",\"mainEntityOfPage\":{\"@id\":\"https:\\\/\\\/ru.law\\\/69-000-eur-schadensersatz-fuer-porsche-macan-fahrer\\\/\"},\"wordCount\":347,\"publisher\":{\"@id\":\"https:\\\/\\\/ru.law\\\/#organization\"},\"image\":{\"@id\":\"https:\\\/\\\/ru.law\\\/69-000-eur-schadensersatz-fuer-porsche-macan-fahrer\\\/#primaryimage\"},\"thumbnailUrl\":\"https:\\\/\\\/ru.law\\\/wp-content\\\/uploads\\\/2020\\\/09\\\/abgasskandal-fahrzeug-porsche-macan-lenkrad-1.jpg\",\"keywords\":[\"Porsche\",\"Schadensersatz\"],\"articleSection\":[\"Abgasskandal\",\"Urteile\"],\"inLanguage\":\"nl-NL\"},{\"@type\":\"WebPage\",\"@id\":\"https:\\\/\\\/ru.law\\\/69-000-eur-schadensersatz-fuer-porsche-macan-fahrer\\\/\",\"url\":\"https:\\\/\\\/ru.law\\\/69-000-eur-schadensersatz-fuer-porsche-macan-fahrer\\\/\",\"name\":\"69.000+ EUR Schadensersatz f\u00fcr Porsche Macan Fahrer - R&amp;U\",\"isPartOf\":{\"@id\":\"https:\\\/\\\/ru.law\\\/#website\"},\"primaryImageOfPage\":{\"@id\":\"https:\\\/\\\/ru.law\\\/69-000-eur-schadensersatz-fuer-porsche-macan-fahrer\\\/#primaryimage\"},\"image\":{\"@id\":\"https:\\\/\\\/ru.law\\\/69-000-eur-schadensersatz-fuer-porsche-macan-fahrer\\\/#primaryimage\"},\"thumbnailUrl\":\"https:\\\/\\\/ru.law\\\/wp-content\\\/uploads\\\/2020\\\/09\\\/abgasskandal-fahrzeug-porsche-macan-lenkrad-1.jpg\",\"datePublished\":\"2020-09-21T09:00:53+00:00\",\"dateModified\":\"2024-07-08T11:12:50+00:00\",\"description\":\"Das Landgericht K\u00f6ln gab der Abgasskandal-Klage des Fahrers eines Porsche Macan S 3.0l statt. Erfahren Sie wie Sie Schadensersatz erhalten!\",\"breadcrumb\":{\"@id\":\"https:\\\/\\\/ru.law\\\/69-000-eur-schadensersatz-fuer-porsche-macan-fahrer\\\/#breadcrumb\"},\"inLanguage\":\"nl-NL\",\"potentialAction\":[{\"@type\":\"ReadAction\",\"target\":[\"https:\\\/\\\/ru.law\\\/69-000-eur-schadensersatz-fuer-porsche-macan-fahrer\\\/\"]}]},{\"@type\":\"ImageObject\",\"inLanguage\":\"nl-NL\",\"@id\":\"https:\\\/\\\/ru.law\\\/69-000-eur-schadensersatz-fuer-porsche-macan-fahrer\\\/#primaryimage\",\"url\":\"https:\\\/\\\/ru.law\\\/wp-content\\\/uploads\\\/2020\\\/09\\\/abgasskandal-fahrzeug-porsche-macan-lenkrad-1.jpg\",\"contentUrl\":\"https:\\\/\\\/ru.law\\\/wp-content\\\/uploads\\\/2020\\\/09\\\/abgasskandal-fahrzeug-porsche-macan-lenkrad-1.jpg\",\"width\":1198,\"height\":675,\"caption\":\"Abgasskandal-Fahrzeug Porsche Macan Lenkrad\"},{\"@type\":\"BreadcrumbList\",\"@id\":\"https:\\\/\\\/ru.law\\\/69-000-eur-schadensersatz-fuer-porsche-macan-fahrer\\\/#breadcrumb\",\"itemListElement\":[{\"@type\":\"ListItem\",\"position\":1,\"name\":\"Startseite\",\"item\":\"https:\\\/\\\/ru.law\\\/\"},{\"@type\":\"ListItem\",\"position\":2,\"name\":\"69.000+ EUR Schadensersatz f\u00fcr Porsche Macan Fahrer\"}]},{\"@type\":\"WebSite\",\"@id\":\"https:\\\/\\\/ru.law\\\/#website\",\"url\":\"https:\\\/\\\/ru.law\\\/\",\"name\":\"R&U\",\"description\":\"Verbraucheranw\u00e4lte\",\"publisher\":{\"@id\":\"https:\\\/\\\/ru.law\\\/#organization\"},\"alternateName\":\"Rogert & Ulbrich\",\"potentialAction\":[{\"@type\":\"SearchAction\",\"target\":{\"@type\":\"EntryPoint\",\"urlTemplate\":\"https:\\\/\\\/ru.law\\\/?s={search_term_string}\"},\"query-input\":{\"@type\":\"PropertyValueSpecification\",\"valueRequired\":true,\"valueName\":\"search_term_string\"}}],\"inLanguage\":\"nl-NL\"},{\"@type\":\"Organization\",\"@id\":\"https:\\\/\\\/ru.law\\\/#organization\",\"name\":\"Kanzlei Rogert & Ulbrich\",\"url\":\"https:\\\/\\\/ru.law\\\/\",\"logo\":{\"@type\":\"ImageObject\",\"inLanguage\":\"nl-NL\",\"@id\":\"https:\\\/\\\/ru.law\\\/#\\\/schema\\\/logo\\\/image\\\/\",\"url\":\"https:\\\/\\\/ru.law\\\/wp-content\\\/uploads\\\/2020\\\/12\\\/logo-ru-law.svg\",\"contentUrl\":\"https:\\\/\\\/ru.law\\\/wp-content\\\/uploads\\\/2020\\\/12\\\/logo-ru-law.svg\",\"width\":992,\"height\":259,\"caption\":\"Kanzlei Rogert & Ulbrich\"},\"image\":{\"@id\":\"https:\\\/\\\/ru.law\\\/#\\\/schema\\\/logo\\\/image\\\/\"},\"sameAs\":[\"https:\\\/\\\/www.facebook.com\\\/RogertUlbrich\\\/\",\"https:\\\/\\\/x.com\\\/RogertUlbrich\",\"https:\\\/\\\/www.instagram.com\\\/rogertulbrich\\\/\",\"https:\\\/\\\/www.linkedin.com\\\/company\\\/rogert-ulbrich\\\/\",\"https:\\\/\\\/www.youtube.com\\\/channel\\\/UCganCgpvwpPFqMFf1vVmG2A\"]},{\"@type\":\"Person\",\"@id\":\"https:\\\/\\\/ru.law\\\/#\\\/schema\\\/person\\\/b020d506e6bbc471b4565d3a98173b87\",\"name\":\"Marco Rogert\",\"url\":\"https:\\\/\\\/ru.law\\\/nl\\\/author\\\/rogertru-law\\\/\"}]}<\/script>\n<!-- \/ Yoast SEO Premium plugin. -->","yoast_head_json":{"title":"Porsche Macan-bestuurder krijgt ruim \u20ac 69.000 schadevergoeding - R&amp;U","description":"De rechtbank van Keulen heeft de rechtszaak over het emissieschandaal, aangespannen door de bestuurder van een Porsche Macan S 3.0l, gegrond verklaard. Ontdek hoe u compensatie kunt ontvangen!","robots":{"index":"index","follow":"follow","max-snippet":"max-snippet:-1","max-image-preview":"max-image-preview:large","max-video-preview":"max-video-preview:-1"},"canonical":"https:\/\/ru.law\/nl\/69-000-eur-schadensersatz-fuer-porsche-macan-fahrer\/","og_locale":"nl_NL","og_type":"article","og_title":"69.000+ EUR Schadensersatz f\u00fcr Porsche Macan Fahrer","og_description":"Das Landgericht K\u00f6ln gab der Abgasskandal-Klage des Fahrers eines Porsche Macan S 3.0l statt. Erfahren Sie wie Sie Schadensersatz erhalten!","og_url":"https:\/\/ru.law\/nl\/69-000-eur-schadensersatz-fuer-porsche-macan-fahrer\/","og_site_name":"R&amp;U","article_publisher":"https:\/\/www.facebook.com\/RogertUlbrich\/","article_published_time":"2020-09-21T09:00:53+00:00","article_modified_time":"2024-07-08T11:12:50+00:00","og_image":[{"width":1198,"height":675,"url":"https:\/\/ru.law\/wp-content\/uploads\/2020\/09\/abgasskandal-fahrzeug-porsche-macan-lenkrad-1.jpg","type":"image\/jpeg"}],"author":"Marco Rogert","twitter_card":"summary_large_image","twitter_creator":"@RogertUlbrich","twitter_site":"@RogertUlbrich","schema":{"@context":"https:\/\/schema.org","@graph":[{"@type":"Article","@id":"https:\/\/ru.law\/69-000-eur-schadensersatz-fuer-porsche-macan-fahrer\/#article","isPartOf":{"@id":"https:\/\/ru.law\/69-000-eur-schadensersatz-fuer-porsche-macan-fahrer\/"},"author":{"name":"Marco Rogert","@id":"https:\/\/ru.law\/#\/schema\/person\/b020d506e6bbc471b4565d3a98173b87"},"headline":"69.000+ EUR Schadensersatz f\u00fcr Porsche Macan Fahrer","datePublished":"2020-09-21T09:00:53+00:00","dateModified":"2024-07-08T11:12:50+00:00","mainEntityOfPage":{"@id":"https:\/\/ru.law\/69-000-eur-schadensersatz-fuer-porsche-macan-fahrer\/"},"wordCount":347,"publisher":{"@id":"https:\/\/ru.law\/#organization"},"image":{"@id":"https:\/\/ru.law\/69-000-eur-schadensersatz-fuer-porsche-macan-fahrer\/#primaryimage"},"thumbnailUrl":"https:\/\/ru.law\/wp-content\/uploads\/2020\/09\/abgasskandal-fahrzeug-porsche-macan-lenkrad-1.jpg","keywords":["Porsche","Schadensersatz"],"articleSection":["Abgasskandal","Urteile"],"inLanguage":"nl-NL"},{"@type":"WebPage","@id":"https:\/\/ru.law\/69-000-eur-schadensersatz-fuer-porsche-macan-fahrer\/","url":"https:\/\/ru.law\/69-000-eur-schadensersatz-fuer-porsche-macan-fahrer\/","name":"Porsche Macan-bestuurder krijgt ruim \u20ac 69.000 schadevergoeding - R&amp;U","isPartOf":{"@id":"https:\/\/ru.law\/#website"},"primaryImageOfPage":{"@id":"https:\/\/ru.law\/69-000-eur-schadensersatz-fuer-porsche-macan-fahrer\/#primaryimage"},"image":{"@id":"https:\/\/ru.law\/69-000-eur-schadensersatz-fuer-porsche-macan-fahrer\/#primaryimage"},"thumbnailUrl":"https:\/\/ru.law\/wp-content\/uploads\/2020\/09\/abgasskandal-fahrzeug-porsche-macan-lenkrad-1.jpg","datePublished":"2020-09-21T09:00:53+00:00","dateModified":"2024-07-08T11:12:50+00:00","description":"De rechtbank van Keulen heeft de rechtszaak over het emissieschandaal, aangespannen door de bestuurder van een Porsche Macan S 3.0l, gegrond verklaard. Ontdek hoe u compensatie kunt ontvangen!","breadcrumb":{"@id":"https:\/\/ru.law\/69-000-eur-schadensersatz-fuer-porsche-macan-fahrer\/#breadcrumb"},"inLanguage":"nl-NL","potentialAction":[{"@type":"ReadAction","target":["https:\/\/ru.law\/69-000-eur-schadensersatz-fuer-porsche-macan-fahrer\/"]}]},{"@type":"ImageObject","inLanguage":"nl-NL","@id":"https:\/\/ru.law\/69-000-eur-schadensersatz-fuer-porsche-macan-fahrer\/#primaryimage","url":"https:\/\/ru.law\/wp-content\/uploads\/2020\/09\/abgasskandal-fahrzeug-porsche-macan-lenkrad-1.jpg","contentUrl":"https:\/\/ru.law\/wp-content\/uploads\/2020\/09\/abgasskandal-fahrzeug-porsche-macan-lenkrad-1.jpg","width":1198,"height":675,"caption":"Abgasskandal-Fahrzeug Porsche Macan Lenkrad"},{"@type":"BreadcrumbList","@id":"https:\/\/ru.law\/69-000-eur-schadensersatz-fuer-porsche-macan-fahrer\/#breadcrumb","itemListElement":[{"@type":"ListItem","position":1,"name":"Startseite","item":"https:\/\/ru.law\/"},{"@type":"ListItem","position":2,"name":"69.000+ EUR Schadensersatz f\u00fcr Porsche Macan Fahrer"}]},{"@type":"WebSite","@id":"https:\/\/ru.law\/#website","url":"https:\/\/ru.law\/","name":"R&amp;U","description":"Consumentenadvocaten","publisher":{"@id":"https:\/\/ru.law\/#organization"},"alternateName":"Rogert & Ulbrich","potentialAction":[{"@type":"SearchAction","target":{"@type":"EntryPoint","urlTemplate":"https:\/\/ru.law\/?s={search_term_string}"},"query-input":{"@type":"PropertyValueSpecification","valueRequired":true,"valueName":"search_term_string"}}],"inLanguage":"nl-NL"},{"@type":"Organization","@id":"https:\/\/ru.law\/#organization","name":"Advocatenkantoor Rogert &amp; Ulbrich","url":"https:\/\/ru.law\/","logo":{"@type":"ImageObject","inLanguage":"nl-NL","@id":"https:\/\/ru.law\/#\/schema\/logo\/image\/","url":"https:\/\/ru.law\/wp-content\/uploads\/2020\/12\/logo-ru-law.svg","contentUrl":"https:\/\/ru.law\/wp-content\/uploads\/2020\/12\/logo-ru-law.svg","width":992,"height":259,"caption":"Kanzlei Rogert & Ulbrich"},"image":{"@id":"https:\/\/ru.law\/#\/schema\/logo\/image\/"},"sameAs":["https:\/\/www.facebook.com\/RogertUlbrich\/","https:\/\/x.com\/RogertUlbrich","https:\/\/www.instagram.com\/rogertulbrich\/","https:\/\/www.linkedin.com\/company\/rogert-ulbrich\/","https:\/\/www.youtube.com\/channel\/UCganCgpvwpPFqMFf1vVmG2A"]},{"@type":"Person","@id":"https:\/\/ru.law\/#\/schema\/person\/b020d506e6bbc471b4565d3a98173b87","name":"Marco Rogert","url":"https:\/\/ru.law\/nl\/author\/rogertru-law\/"}]}},"uagb_featured_image_src":{"full":["https:\/\/ru.law\/wp-content\/uploads\/2020\/09\/abgasskandal-fahrzeug-porsche-macan-lenkrad-1.jpg",1198,675,false],"thumbnail":["https:\/\/ru.law\/wp-content\/uploads\/2020\/09\/abgasskandal-fahrzeug-porsche-macan-lenkrad-1-150x150.jpg",96,96,true],"medium":["https:\/\/ru.law\/wp-content\/uploads\/2020\/09\/abgasskandal-fahrzeug-porsche-macan-lenkrad-1-300x169.jpg",300,169,true],"medium_large":["https:\/\/ru.law\/wp-content\/uploads\/2020\/09\/abgasskandal-fahrzeug-porsche-macan-lenkrad-1-768x433.jpg",768,433,true],"large":["https:\/\/ru.law\/wp-content\/uploads\/2020\/09\/abgasskandal-fahrzeug-porsche-macan-lenkrad-1-1024x577.jpg",1024,577,true],"1536x1536":["https:\/\/ru.law\/wp-content\/uploads\/2020\/09\/abgasskandal-fahrzeug-porsche-macan-lenkrad-1.jpg",1198,675,false],"2048x2048":["https:\/\/ru.law\/wp-content\/uploads\/2020\/09\/abgasskandal-fahrzeug-porsche-macan-lenkrad-1.jpg",1198,675,false],"trp-custom-language-flag":["https:\/\/ru.law\/wp-content\/uploads\/2020\/09\/abgasskandal-fahrzeug-porsche-macan-lenkrad-1.jpg",18,10,false]},"uagb_author_info":{"display_name":"Marco Rogert","author_link":"https:\/\/ru.law\/nl\/author\/rogertru-law\/"},"uagb_comment_info":0,"uagb_excerpt":"Landgericht K\u00f6ln verurteilt Autohaus zur R\u00fccknahme des Wagens. Das Landgericht K\u00f6ln gab der Abgasskandal-Klage des Fahrers eines Porsche Macan S 3.0l statt (LG K\u00f6ln vom [&hellip;]","_links":{"self":[{"href":"https:\/\/ru.law\/nl\/wp-json\/wp\/v2\/posts\/6802","targetHints":{"allow":["GET"]}}],"collection":[{"href":"https:\/\/ru.law\/nl\/wp-json\/wp\/v2\/posts"}],"about":[{"href":"https:\/\/ru.law\/nl\/wp-json\/wp\/v2\/types\/post"}],"author":[{"embeddable":true,"href":"https:\/\/ru.law\/nl\/wp-json\/wp\/v2\/users\/21"}],"replies":[{"embeddable":true,"href":"https:\/\/ru.law\/nl\/wp-json\/wp\/v2\/comments?post=6802"}],"version-history":[{"count":0,"href":"https:\/\/ru.law\/nl\/wp-json\/wp\/v2\/posts\/6802\/revisions"}],"wp:featuredmedia":[{"embeddable":true,"href":"https:\/\/ru.law\/nl\/wp-json\/wp\/v2\/media\/7440"}],"wp:attachment":[{"href":"https:\/\/ru.law\/nl\/wp-json\/wp\/v2\/media?parent=6802"}],"wp:term":[{"taxonomy":"category","embeddable":true,"href":"https:\/\/ru.law\/nl\/wp-json\/wp\/v2\/categories?post=6802"},{"taxonomy":"post_tag","embeddable":true,"href":"https:\/\/ru.law\/nl\/wp-json\/wp\/v2\/tags?post=6802"}],"curies":[{"name":"wp","href":"https:\/\/api.w.org\/{rel}","templated":true}]}}