{"id":67236,"date":"2023-10-31T15:28:55","date_gmt":"2023-10-31T14:28:55","guid":{"rendered":"https:\/\/ru.law\/?p=67236"},"modified":"2024-10-29T08:10:34","modified_gmt":"2024-10-29T07:10:34","slug":"abgasskandal-kba-versendet-seit-september-2023-neuen-verpflichtende-rueckrufbescheide-wegen-illegaler-abschalteinrichtungen","status":"publish","type":"post","link":"https:\/\/ru.law\/nl\/abgasskandal-kba-versendet-seit-september-2023-neuen-verpflichtende-rueckrufbescheide-wegen-illegaler-abschalteinrichtungen\/","title":{"rendered":"Emissieschandaal: KBA stuurt sinds september 2023 nieuwe verplichte terugroepacties vanwege illegale sjoemelsoftware"},"content":{"rendered":"<h2 class=\"wp-block-heading\" id=\"h-neue-verpflichtende-ruckrufe-fur-mercedes-bald-auch-fur-audi\">Nieuwe verplichte terugroepacties voor Mercedes, binnenkort ook voor AUDI?<\/h2>\n\n\n\n<p>Sinds 2018 gelden er verplichte terugroepacties voor dieselvoertuigen van Mercedes-Benz op last van de Bundesautomobilamt (KBA). Sinds september 2023 zijn er nieuwe terugroepacties uitgegaan voor de Mercedes-modellen Vito en Viano (terugroepcode NC2II6515R \/ 0797185). Nu wordt AUDI ook bedreigd met een nieuwe reeks terugroepacties voor de 3-liter\/zescilinder VTDi-motoren.<\/p>\n\n\n\n<h2 class=\"wp-block-heading\" id=\"h-ruckrufschreiben-berechtigt-oft-zum-schadensersatz\"><strong><strong><strong>Met terugroepbrieven heeft u vaak recht op compensatie<\/strong><\/strong><\/strong><\/h2>\n\n\n\n<p>Verplichte terugroepacties als onderdeel van het dieselemissieschandaal dwingen tot software-updates om illegale uitschakelmechanismen voor emissiecontrole te repareren. Miljoenen dieselvoertuigen worden hierdoor getroffen en er zijn aanzienlijke schadeclaims van gedupeerde klanten.<\/p>\n\n\n\n<h3 class=\"wp-block-heading\" id=\"h-was-sie-jetzt-tun-sollten\"><strong>Wat u nu moet doen<\/strong><\/h3>\n\n\n\n<p>Als u een brief van de KBA of de voertuigfabrikant hebt ontvangen waarin staat dat uw voertuig een software-update nodig heeft, neem dan onmiddellijk contact op met het advocatenkantoor Rogert &amp; Ulbrich, dat gespecialiseerd is in het dieselemissieschandaal. Als onderdeel van de gratis telefoondienst. Tijdens uw eerste consultatiegesprek krijgt u direct te horen op welke schadevergoeding u recht heeft. Grijp uw kans en profiteer van de jarenlange expertise van onze gespecialiseerde advocaten om uw schadevergoeding veilig te stellen.&nbsp;<\/p>\n\n\n\n<p>Houd er rekening mee dat u de software-update in eerste instantie niet mag installeren, anders vervalt uw claim op schadevergoeding.<\/p>\n\n\n\n<h3 class=\"wp-block-heading\" id=\"h-audi-konzernweite-manipulation-von-fahrzeugen\"><strong><strong>AUDI \u2013 Groepsbrede manipulatie van voertuigen<\/strong><\/strong><\/h3>\n\n\n\n<p>Voertuigen van alle merken van de groep, waaronder VW, AUDI, Skoda, Seat en Porsche, zijn getroffen door het emissieschandaal en maken gebruik van verschillende motoren. Dit geldt ook voor de grote V6-motoren die in de AUDI-voertuigen van de A- en Q-serie werden gemonteerd. Nu dreigt de KBA met verdere verplichte terugroepacties voor deze 3-litermotoren.<\/p>\n\n\n\n<h3 class=\"wp-block-heading\" id=\"h-mercedes-dieselgate-2-0\"><strong><strong>Mercedes Dieselgate<\/strong><\/strong> 2.0<\/h3>\n\n\n\n<p>Het emissieschandaal bij Mercedes heeft gevolgen voor talloze dieselvoertuigen in Europa, waaronder de modellen A-, B-, C-, E-, G- en S-Klasse, evenals terreinwagens. Ook bestelwagens zoals de Sprinter en bestelwagens zoals de Vito en Viano worden getroffen. <\/p>\n\n\n\n<p>Sinds september 2023 heeft de Duitse Bundesautomobilausstelle (KBA) nieuwe verplichte terugroepacties afgekondigd voor de Mercedes-busmodellen Viano en Vito. De terugroepcode is NC2II6515R \/ 0797185.<\/p>\n\n\n\n<h3 class=\"wp-block-heading\" id=\"h-eugh-amp-bgh-starken-rechte-von-millionen-betroffenen\"><strong><strong>HvJ en BGH versterken de rechten van miljoenen getroffen mensen<\/strong><\/strong><\/h3>\n\n\n\n<p>In juli 2022 oordeelde het Europese Hof van Justitie (HvJ-EU) dat temperatuurgecontroleerde uitschakelsystemen (in de volksmond vaak &#039;thermische vensters&#039; genoemd) illegaal zijn als ze ervoor zorgen dat de zuivering van uitlaatgassen langer dan de helft van het jaar niet goed functioneert. In maart 2023 oordeelde het HvJ-EU ook dat kopers van voertuigen met illegale manipulatie-instrumenten in principe compensatie kunnen krijgen, zelfs als de fabrikanten niet immoreel maar nalatig hebben gehandeld in strijd met de EU-verordening voertuigregistratie. Met zijn baanbrekende uitspraak dwong het Hof van Justitie van de Europese Unie het Federale Hof van Justitie om zijn standpunt te herzien (zaaknummer: C-100\/21). Consumenten hebben dus recht op schadevergoeding, ook als de fabrikanten van dieselmotoren nalatig hebben gehandeld. Vroeger moest bewezen worden dat de fabrikanten opzettelijk handelden. Dit is niet langer nodig en vereenvoudigt het bewijs.<\/p>\n\n\n\n<h3 class=\"wp-block-heading\" id=\"h-differenzschadensersatz-bekommen-und-auto-behalten\"><strong><strong>Ontvang een compensatie voor het verschil en behoud de auto<\/strong><\/strong><\/h3>\n\n\n\n<p>Op 26 juni 2023 dwong de Europese jurisprudentie van het Hof van Justitie van de Europese Unie het Bundesgerichtshof (BGH) ertoe zijn jurisprudentie inzake het dieselemissieschandaal fundamenteel te wijzigen. Het Bundesgerichtshof heeft de zogenoemde differenti\u00eble compensatieregeling ingevoerd, waardoor consumenten in het emissieschandaal gemakkelijker dan ooit een schadevergoeding kunnen eisen. Bestuurders van een dieselvoertuig met een \u201cthermovenster\u201d hebben recht op een schadevergoeding ter hoogte van 5 tot 15 % van de aankoopprijs overeenkomstig \u00a7 823 lid 2 van het Duitse Burgerlijk Wetboek (BGB). In tegenstelling tot het ongedaan maken van het koopcontract en het teruggeven van het gemanipuleerde voertuig aan de fabrikant, kunnen voertuigeigenaren bij compensatie voor het waardeverschil hun auto behouden en een financi\u00eble compensatie ontvangen voor het waardeverlies van hun voertuig.<\/p>\n\n\n\n<h3 class=\"wp-block-heading\" id=\"h-wer-tragt-die-kosten-der-ruckrufaktion\"><strong>Wie draagt de kosten van de terugroepactie?<\/strong><\/h3>\n\n\n\n<p>De fabrikanten vergoeden de reparatiekosten van terugroepacties, maar er bestaat geen recht op vergoeding van de ge\u00efnvesteerde tijd of een vervangend voertuig. Software-updates zorgen vaak voor verhoogde slijtage van de motor. Als u uw aanspraken niet kenbaar maakt, worden deze schades niet vergoed.<\/p>\n\n\n\n<h3 class=\"wp-block-heading\" id=\"h-wer-informiert-den-fahrzeughalter-im-falle-eines-ruckrufs\"><strong>Wie informeert de voertuigeigenaar bij een terugroepactie?<\/strong><\/h3>\n\n\n\n<p>Voertuigeigenaren worden per post ge\u00efnformeerd over aankomende terugroepacties, hetzij door de fabrikant, hetzij door de KBA.<\/p>\n\n\n\n<h3 class=\"wp-block-heading\" id=\"h-welche-abschalteinrichtungen-kommen-zum-einsatz\"><strong><strong>Welke uitschakelapparaten worden gebruikt?<\/strong><\/strong><\/h3>\n\n\n\n<p>Bij gemanipuleerde dieselvoertuigen worden vaak diverse afsluitmechanismen gebruikt, zoals het \u201cthermische venster\u201d, de koelmiddeltemperatuurregeling (KSR) en SCR-katalysatoren die zijn aangepast met betrekking tot AdBlue-injectie. Deze uitschakelingen leiden vaak tot problemen met de reiniging van uitlaatgassen en tot overtredingen van de geldende emissienormen.<\/p>\n\n\n\n<h3 class=\"wp-block-heading\" id=\"h-was-sind-thermofenster\"><strong>Wat zijn \u201cthermovensters\u201d?<\/strong><\/h3>\n\n\n\n<p>Door deze uitschakelvoorzieningen wordt bijvoorbeeld de reiniging van uitlaatgassen beperkt of uitgeschakeld bij temperaturen onder de in Duitsland gebruikelijke 15 graden.<\/p>\n\n\n\n<h3 class=\"wp-block-heading\" id=\"h-wie-funktioniert-die-kuhlmittel-solltemperatur-regelung-ksr\">Hoe werkt de <strong><strong><strong><strong>Koelmiddel-insteltemperatuurregeling (KSR)<\/strong><\/strong><\/strong><\/strong>?<\/h3>\n\n\n\n<p>Na een langere periode van inactiviteit zorgt de koelmiddeltemperatuurregeling (KSR) ervoor dat de koelvloeistof langzamer opwarmt en er dus minder schadelijke stoffen worden geproduceerd. De KSR-oplossing functioneert echter vrijwel uitsluitend op de testbank. Het vertegenwoordigt geen industriestandaard en werd door Mercedes verborgen gehouden voor de Federal Motor Transport Authority. Geschat wordt dat ongeveer 3 miljoen Mercedes-voertuigen zijn uitgerust met de KSR-software.&nbsp;<\/p>\n\n\n\n<h3 class=\"wp-block-heading\" id=\"h-wie-funktioniert-der-scr-katalysator\">Hoe werkt de SCR-katalysator?<\/h3>\n\n\n\n<p>De SCR-katalysator (Selective Catalytic Reduction) behandelt uitlaatgassen met behulp van AdBlue en zet giftige stikstofoxiden (NOx) om in waterdamp en stikstof. Deze katalysator beschikt echter over een verboden uitschakelmechanisme om het AdBlue-verbruik te verminderen. Wettelijk zijn verschillende bedrijfsstrategie\u00ebn van de SCR-katalysator niet toegestaan, waardoor er enerzijds een onderscheid wordt gemaakt tussen de testbank en de daar uitgevoerde uitlaatgasmeting en anderzijds tussen normaal gebruik op de weg. In werkelijkheid wordt de uitlaatgasrecirculatie beperkt en de AdBlue-dosering van het voertuig verlaagd. Hierdoor worden de wettelijke grenzen bij het gebruik van de weg overschreden.<\/p>\n\n\n\n<h2 class=\"wp-block-heading\" id=\"h-rogert-amp-ulbrich-empfiehlt\">Rogert &amp; Ulbrich beveelt aan <\/h2>\n\n\n\n<p>Het loont om snel te zijn. Hoe minder kilometers je hebt gereden en hoe eerder de onderhandeling plaatsvindt, hoe meer je terugkrijgt. Bovendien loopt u niet het risico dat uw vorderingen verjaren. Mis het niet en doe nu actie. Als toonaangevende advocaten in het emissieschandaal staan wij voor u klaar bij alle vragen over uw schadeclaim en onderzoeken wij uw individuele claims. Ontdek binnen enkele seconden hoeveel u recht hebt en hoe u uw claim voor schadevergoeding kunt indienen. <a href=\"https:\/\/ru.law\/nl\/expertise\/abgasskandal\/mercedes-benz-diesel\/#erstberatung\">Wij adviseren u kosteloos en vrijblijvend.<\/a><a id=\"_msocom_1\"><\/a><\/p>","protected":false},"excerpt":{"rendered":"<p>Neue verpflichtende R\u00fcckrufe f\u00fcr Mercedes, bald auch f\u00fcr AUDI? Mercedes-Benz Diesel-Fahrzeuge sind seit 2018 bereits Gegenstand verpflichtender R\u00fcckrufe auf Anweisung des Kraftfahrt-Bundesamtes (KBA). Seit September [&hellip;]<\/p>\n","protected":false},"author":2,"featured_media":67248,"comment_status":"closed","ping_status":"open","sticky":false,"template":"","format":"standard","meta":{"_uag_custom_page_level_css":"","site-sidebar-layout":"default","site-content-layout":"","ast-site-content-layout":"default","site-content-style":"default","site-sidebar-style":"default","ast-global-header-display":"","ast-banner-title-visibility":"","ast-main-header-display":"","ast-hfb-above-header-display":"","ast-hfb-below-header-display":"","ast-hfb-mobile-header-display":"","site-post-title":"","ast-breadcrumbs-content":"","ast-featured-img":"","footer-sml-layout":"","ast-disable-related-posts":"","theme-transparent-header-meta":"","adv-header-id-meta":"","stick-header-meta":"","header-above-stick-meta":"","header-main-stick-meta":"","header-below-stick-meta":"","astra-migrate-meta-layouts":"set","ast-page-background-enabled":"default","ast-page-background-meta":{"desktop":{"background-color":"","background-image":"","background-repeat":"repeat","background-position":"center center","background-size":"auto","background-attachment":"scroll","background-type":"","background-media":"","overlay-type":"","overlay-color":"","overlay-opacity":"","overlay-gradient":""},"tablet":{"background-color":"","background-image":"","background-repeat":"repeat","background-position":"center center","background-size":"auto","background-attachment":"scroll","background-type":"","background-media":"","overlay-type":"","overlay-color":"","overlay-opacity":"","overlay-gradient":""},"mobile":{"background-color":"","background-image":"","background-repeat":"repeat","background-position":"center center","background-size":"auto","background-attachment":"scroll","background-type":"","background-media":"","overlay-type":"","overlay-color":"","overlay-opacity":"","overlay-gradient":""}},"ast-content-background-meta":{"desktop":{"background-color":"var(--ast-global-color-5)","background-image":"","background-repeat":"repeat","background-position":"center center","background-size":"auto","background-attachment":"scroll","background-type":"","background-media":"","overlay-type":"","overlay-color":"","overlay-opacity":"","overlay-gradient":""},"tablet":{"background-color":"var(--ast-global-color-5)","background-image":"","background-repeat":"repeat","background-position":"center center","background-size":"auto","background-attachment":"scroll","background-type":"","background-media":"","overlay-type":"","overlay-color":"","overlay-opacity":"","overlay-gradient":""},"mobile":{"background-color":"var(--ast-global-color-5)","background-image":"","background-repeat":"repeat","background-position":"center center","background-size":"auto","background-attachment":"scroll","background-type":"","background-media":"","overlay-type":"","overlay-color":"","overlay-opacity":"","overlay-gradient":""}},"footnotes":""},"categories":[2],"tags":[895,9,14,18,991,24,697,876,35,37,41],"class_list":["post-67236","post","type-post","status-publish","format-standard","has-post-thumbnail","hentry","category-abgasskandal","tag-abschalteinrichtung","tag-audi","tag-bgh","tag-daimler","tag-eugh","tag-euro-6","tag-kba","tag-mercedes-benz","tag-rueckruf","tag-schadensersatz","tag-thermofenster"],"yoast_head":"<!-- This site is optimized with the Yoast SEO Premium plugin v27.4 (Yoast SEO v27.4) - https:\/\/yoast.com\/product\/yoast-seo-premium-wordpress\/ -->\n<title>Abgasskandal: KBA versendet seit September 2023 neue verpflichtende R\u00fcckrufbescheide wegen illegaler Abschalteinrichtungen - R&amp;U<\/title>\n<meta name=\"description\" content=\"Eine m\u00f6gliche Entscheidung des EuGH ist von solcher Tragweite, dass sogar der BGH seine Verhandlungen verschiebt. Handeln Sie jetzt!\" \/>\n<meta name=\"robots\" content=\"index, follow, max-snippet:-1, max-image-preview:large, max-video-preview:-1\" \/>\n<link rel=\"canonical\" href=\"https:\/\/ru.law\/nl\/abgasskandal-kba-versendet-seit-september-2023-neuen-verpflichtende-rueckrufbescheide-wegen-illegaler-abschalteinrichtungen\/\" \/>\n<meta property=\"og:locale\" content=\"nl_NL\" \/>\n<meta property=\"og:type\" content=\"article\" \/>\n<meta property=\"og:title\" content=\"Abgasskandal: KBA versendet seit September 2023 neue verpflichtende R\u00fcckrufbescheide wegen illegaler Abschalteinrichtungen\" \/>\n<meta property=\"og:description\" content=\"Eine m\u00f6gliche Entscheidung des EuGH ist von solcher Tragweite, dass sogar der BGH seine Verhandlungen verschiebt. Handeln Sie jetzt!\" \/>\n<meta property=\"og:url\" content=\"https:\/\/ru.law\/nl\/abgasskandal-kba-versendet-seit-september-2023-neuen-verpflichtende-rueckrufbescheide-wegen-illegaler-abschalteinrichtungen\/\" \/>\n<meta property=\"og:site_name\" content=\"R&amp;U\" \/>\n<meta property=\"article:publisher\" content=\"https:\/\/www.facebook.com\/RogertUlbrich\/\" \/>\n<meta property=\"article:published_time\" content=\"2023-10-31T14:28:55+00:00\" \/>\n<meta property=\"article:modified_time\" content=\"2024-10-29T07:10:34+00:00\" \/>\n<meta property=\"og:image\" content=\"https:\/\/ru.law\/wp-content\/uploads\/2023\/10\/dieselskandal_Kanzlei_rogert_ulbrich_mercedes-benz_kba_rueckruf_audi.jpg\" \/>\n\t<meta property=\"og:image:width\" content=\"1024\" \/>\n\t<meta property=\"og:image:height\" content=\"576\" \/>\n\t<meta property=\"og:image:type\" content=\"image\/jpeg\" \/>\n<meta name=\"author\" content=\"Stefan Selge\" \/>\n<meta name=\"twitter:card\" content=\"summary_large_image\" \/>\n<meta name=\"twitter:creator\" content=\"@RogertUlbrich\" \/>\n<meta name=\"twitter:site\" content=\"@RogertUlbrich\" \/>\n<script type=\"application\/ld+json\" class=\"yoast-schema-graph\">{\"@context\":\"https:\\\/\\\/schema.org\",\"@graph\":[{\"@type\":\"Article\",\"@id\":\"https:\\\/\\\/ru.law\\\/abgasskandal-kba-versendet-seit-september-2023-neuen-verpflichtende-rueckrufbescheide-wegen-illegaler-abschalteinrichtungen\\\/#article\",\"isPartOf\":{\"@id\":\"https:\\\/\\\/ru.law\\\/abgasskandal-kba-versendet-seit-september-2023-neuen-verpflichtende-rueckrufbescheide-wegen-illegaler-abschalteinrichtungen\\\/\"},\"author\":{\"name\":\"Stefan Selge\",\"@id\":\"https:\\\/\\\/ru.law\\\/#\\\/schema\\\/person\\\/10e5b85e615f8a9d0bb96174432e1e1a\"},\"headline\":\"Abgasskandal: KBA versendet seit September 2023 neue verpflichtende R\u00fcckrufbescheide wegen illegaler Abschalteinrichtungen\",\"datePublished\":\"2023-10-31T14:28:55+00:00\",\"dateModified\":\"2024-10-29T07:10:34+00:00\",\"mainEntityOfPage\":{\"@id\":\"https:\\\/\\\/ru.law\\\/abgasskandal-kba-versendet-seit-september-2023-neuen-verpflichtende-rueckrufbescheide-wegen-illegaler-abschalteinrichtungen\\\/\"},\"wordCount\":994,\"publisher\":{\"@id\":\"https:\\\/\\\/ru.law\\\/#organization\"},\"image\":{\"@id\":\"https:\\\/\\\/ru.law\\\/abgasskandal-kba-versendet-seit-september-2023-neuen-verpflichtende-rueckrufbescheide-wegen-illegaler-abschalteinrichtungen\\\/#primaryimage\"},\"thumbnailUrl\":\"https:\\\/\\\/ru.law\\\/wp-content\\\/uploads\\\/2023\\\/10\\\/dieselskandal_Kanzlei_rogert_ulbrich_mercedes-benz_kba_rueckruf_audi.jpg\",\"keywords\":[\"Abschalteinrichtung\",\"Audi\",\"BGH\",\"Daimler\",\"EuGH\",\"Euro-6\",\"KBA\",\"Mercedes-Benz\",\"R\u00fcckruf\",\"Schadensersatz\",\"Thermofenster\"],\"articleSection\":[\"Abgasskandal\"],\"inLanguage\":\"nl-NL\"},{\"@type\":\"WebPage\",\"@id\":\"https:\\\/\\\/ru.law\\\/abgasskandal-kba-versendet-seit-september-2023-neuen-verpflichtende-rueckrufbescheide-wegen-illegaler-abschalteinrichtungen\\\/\",\"url\":\"https:\\\/\\\/ru.law\\\/abgasskandal-kba-versendet-seit-september-2023-neuen-verpflichtende-rueckrufbescheide-wegen-illegaler-abschalteinrichtungen\\\/\",\"name\":\"Abgasskandal: KBA versendet seit September 2023 neue verpflichtende R\u00fcckrufbescheide wegen illegaler Abschalteinrichtungen - R&amp;U\",\"isPartOf\":{\"@id\":\"https:\\\/\\\/ru.law\\\/#website\"},\"primaryImageOfPage\":{\"@id\":\"https:\\\/\\\/ru.law\\\/abgasskandal-kba-versendet-seit-september-2023-neuen-verpflichtende-rueckrufbescheide-wegen-illegaler-abschalteinrichtungen\\\/#primaryimage\"},\"image\":{\"@id\":\"https:\\\/\\\/ru.law\\\/abgasskandal-kba-versendet-seit-september-2023-neuen-verpflichtende-rueckrufbescheide-wegen-illegaler-abschalteinrichtungen\\\/#primaryimage\"},\"thumbnailUrl\":\"https:\\\/\\\/ru.law\\\/wp-content\\\/uploads\\\/2023\\\/10\\\/dieselskandal_Kanzlei_rogert_ulbrich_mercedes-benz_kba_rueckruf_audi.jpg\",\"datePublished\":\"2023-10-31T14:28:55+00:00\",\"dateModified\":\"2024-10-29T07:10:34+00:00\",\"description\":\"Eine m\u00f6gliche Entscheidung des EuGH ist von solcher Tragweite, dass sogar der BGH seine Verhandlungen verschiebt. Handeln Sie jetzt!\",\"breadcrumb\":{\"@id\":\"https:\\\/\\\/ru.law\\\/abgasskandal-kba-versendet-seit-september-2023-neuen-verpflichtende-rueckrufbescheide-wegen-illegaler-abschalteinrichtungen\\\/#breadcrumb\"},\"inLanguage\":\"nl-NL\",\"potentialAction\":[{\"@type\":\"ReadAction\",\"target\":[\"https:\\\/\\\/ru.law\\\/abgasskandal-kba-versendet-seit-september-2023-neuen-verpflichtende-rueckrufbescheide-wegen-illegaler-abschalteinrichtungen\\\/\"]}]},{\"@type\":\"ImageObject\",\"inLanguage\":\"nl-NL\",\"@id\":\"https:\\\/\\\/ru.law\\\/abgasskandal-kba-versendet-seit-september-2023-neuen-verpflichtende-rueckrufbescheide-wegen-illegaler-abschalteinrichtungen\\\/#primaryimage\",\"url\":\"https:\\\/\\\/ru.law\\\/wp-content\\\/uploads\\\/2023\\\/10\\\/dieselskandal_Kanzlei_rogert_ulbrich_mercedes-benz_kba_rueckruf_audi.jpg\",\"contentUrl\":\"https:\\\/\\\/ru.law\\\/wp-content\\\/uploads\\\/2023\\\/10\\\/dieselskandal_Kanzlei_rogert_ulbrich_mercedes-benz_kba_rueckruf_audi.jpg\",\"width\":1024,\"height\":576},{\"@type\":\"BreadcrumbList\",\"@id\":\"https:\\\/\\\/ru.law\\\/abgasskandal-kba-versendet-seit-september-2023-neuen-verpflichtende-rueckrufbescheide-wegen-illegaler-abschalteinrichtungen\\\/#breadcrumb\",\"itemListElement\":[{\"@type\":\"ListItem\",\"position\":1,\"name\":\"Startseite\",\"item\":\"https:\\\/\\\/ru.law\\\/\"},{\"@type\":\"ListItem\",\"position\":2,\"name\":\"Abgasskandal: KBA versendet seit September 2023 neue verpflichtende R\u00fcckrufbescheide wegen illegaler Abschalteinrichtungen\"}]},{\"@type\":\"WebSite\",\"@id\":\"https:\\\/\\\/ru.law\\\/#website\",\"url\":\"https:\\\/\\\/ru.law\\\/\",\"name\":\"R&U\",\"description\":\"Verbraucheranw\u00e4lte\",\"publisher\":{\"@id\":\"https:\\\/\\\/ru.law\\\/#organization\"},\"alternateName\":\"Rogert & Ulbrich\",\"potentialAction\":[{\"@type\":\"SearchAction\",\"target\":{\"@type\":\"EntryPoint\",\"urlTemplate\":\"https:\\\/\\\/ru.law\\\/?s={search_term_string}\"},\"query-input\":{\"@type\":\"PropertyValueSpecification\",\"valueRequired\":true,\"valueName\":\"search_term_string\"}}],\"inLanguage\":\"nl-NL\"},{\"@type\":\"Organization\",\"@id\":\"https:\\\/\\\/ru.law\\\/#organization\",\"name\":\"Kanzlei Rogert & Ulbrich\",\"url\":\"https:\\\/\\\/ru.law\\\/\",\"logo\":{\"@type\":\"ImageObject\",\"inLanguage\":\"nl-NL\",\"@id\":\"https:\\\/\\\/ru.law\\\/#\\\/schema\\\/logo\\\/image\\\/\",\"url\":\"https:\\\/\\\/ru.law\\\/wp-content\\\/uploads\\\/2020\\\/12\\\/logo-ru-law.svg\",\"contentUrl\":\"https:\\\/\\\/ru.law\\\/wp-content\\\/uploads\\\/2020\\\/12\\\/logo-ru-law.svg\",\"width\":992,\"height\":259,\"caption\":\"Kanzlei Rogert & Ulbrich\"},\"image\":{\"@id\":\"https:\\\/\\\/ru.law\\\/#\\\/schema\\\/logo\\\/image\\\/\"},\"sameAs\":[\"https:\\\/\\\/www.facebook.com\\\/RogertUlbrich\\\/\",\"https:\\\/\\\/x.com\\\/RogertUlbrich\",\"https:\\\/\\\/www.instagram.com\\\/rogertulbrich\\\/\",\"https:\\\/\\\/www.linkedin.com\\\/company\\\/rogert-ulbrich\\\/\",\"https:\\\/\\\/www.youtube.com\\\/channel\\\/UCganCgpvwpPFqMFf1vVmG2A\"]},{\"@type\":\"Person\",\"@id\":\"https:\\\/\\\/ru.law\\\/#\\\/schema\\\/person\\\/10e5b85e615f8a9d0bb96174432e1e1a\",\"name\":\"Stefan Selge\",\"url\":\"https:\\\/\\\/ru.law\\\/nl\\\/author\\\/selge\\\/\"}]}<\/script>\n<!-- \/ Yoast SEO Premium plugin. -->","yoast_head_json":{"title":"Abgasskandal: KBA versendet seit September 2023 neue verpflichtende R\u00fcckrufbescheide wegen illegaler Abschalteinrichtungen - R&amp;U","description":"Een mogelijke uitspraak van het Hof van Justitie is zo ingrijpend dat zelfs het Federale Hof van Justitie de hoorzittingen uitstelt. Kom nu in actie!","robots":{"index":"index","follow":"follow","max-snippet":"max-snippet:-1","max-image-preview":"max-image-preview:large","max-video-preview":"max-video-preview:-1"},"canonical":"https:\/\/ru.law\/nl\/abgasskandal-kba-versendet-seit-september-2023-neuen-verpflichtende-rueckrufbescheide-wegen-illegaler-abschalteinrichtungen\/","og_locale":"nl_NL","og_type":"article","og_title":"Abgasskandal: KBA versendet seit September 2023 neue verpflichtende R\u00fcckrufbescheide wegen illegaler Abschalteinrichtungen","og_description":"Eine m\u00f6gliche Entscheidung des EuGH ist von solcher Tragweite, dass sogar der BGH seine Verhandlungen verschiebt. Handeln Sie jetzt!","og_url":"https:\/\/ru.law\/nl\/abgasskandal-kba-versendet-seit-september-2023-neuen-verpflichtende-rueckrufbescheide-wegen-illegaler-abschalteinrichtungen\/","og_site_name":"R&amp;U","article_publisher":"https:\/\/www.facebook.com\/RogertUlbrich\/","article_published_time":"2023-10-31T14:28:55+00:00","article_modified_time":"2024-10-29T07:10:34+00:00","og_image":[{"width":1024,"height":576,"url":"https:\/\/ru.law\/wp-content\/uploads\/2023\/10\/dieselskandal_Kanzlei_rogert_ulbrich_mercedes-benz_kba_rueckruf_audi.jpg","type":"image\/jpeg"}],"author":"Stefan Selge","twitter_card":"summary_large_image","twitter_creator":"@RogertUlbrich","twitter_site":"@RogertUlbrich","schema":{"@context":"https:\/\/schema.org","@graph":[{"@type":"Article","@id":"https:\/\/ru.law\/abgasskandal-kba-versendet-seit-september-2023-neuen-verpflichtende-rueckrufbescheide-wegen-illegaler-abschalteinrichtungen\/#article","isPartOf":{"@id":"https:\/\/ru.law\/abgasskandal-kba-versendet-seit-september-2023-neuen-verpflichtende-rueckrufbescheide-wegen-illegaler-abschalteinrichtungen\/"},"author":{"name":"Stefan Selge","@id":"https:\/\/ru.law\/#\/schema\/person\/10e5b85e615f8a9d0bb96174432e1e1a"},"headline":"Abgasskandal: KBA versendet seit September 2023 neue verpflichtende R\u00fcckrufbescheide wegen illegaler Abschalteinrichtungen","datePublished":"2023-10-31T14:28:55+00:00","dateModified":"2024-10-29T07:10:34+00:00","mainEntityOfPage":{"@id":"https:\/\/ru.law\/abgasskandal-kba-versendet-seit-september-2023-neuen-verpflichtende-rueckrufbescheide-wegen-illegaler-abschalteinrichtungen\/"},"wordCount":994,"publisher":{"@id":"https:\/\/ru.law\/#organization"},"image":{"@id":"https:\/\/ru.law\/abgasskandal-kba-versendet-seit-september-2023-neuen-verpflichtende-rueckrufbescheide-wegen-illegaler-abschalteinrichtungen\/#primaryimage"},"thumbnailUrl":"https:\/\/ru.law\/wp-content\/uploads\/2023\/10\/dieselskandal_Kanzlei_rogert_ulbrich_mercedes-benz_kba_rueckruf_audi.jpg","keywords":["Abschalteinrichtung","Audi","BGH","Daimler","EuGH","Euro-6","KBA","Mercedes-Benz","R\u00fcckruf","Schadensersatz","Thermofenster"],"articleSection":["Abgasskandal"],"inLanguage":"nl-NL"},{"@type":"WebPage","@id":"https:\/\/ru.law\/abgasskandal-kba-versendet-seit-september-2023-neuen-verpflichtende-rueckrufbescheide-wegen-illegaler-abschalteinrichtungen\/","url":"https:\/\/ru.law\/abgasskandal-kba-versendet-seit-september-2023-neuen-verpflichtende-rueckrufbescheide-wegen-illegaler-abschalteinrichtungen\/","name":"Abgasskandal: KBA versendet seit September 2023 neue verpflichtende R\u00fcckrufbescheide wegen illegaler Abschalteinrichtungen - R&amp;U","isPartOf":{"@id":"https:\/\/ru.law\/#website"},"primaryImageOfPage":{"@id":"https:\/\/ru.law\/abgasskandal-kba-versendet-seit-september-2023-neuen-verpflichtende-rueckrufbescheide-wegen-illegaler-abschalteinrichtungen\/#primaryimage"},"image":{"@id":"https:\/\/ru.law\/abgasskandal-kba-versendet-seit-september-2023-neuen-verpflichtende-rueckrufbescheide-wegen-illegaler-abschalteinrichtungen\/#primaryimage"},"thumbnailUrl":"https:\/\/ru.law\/wp-content\/uploads\/2023\/10\/dieselskandal_Kanzlei_rogert_ulbrich_mercedes-benz_kba_rueckruf_audi.jpg","datePublished":"2023-10-31T14:28:55+00:00","dateModified":"2024-10-29T07:10:34+00:00","description":"Een mogelijke uitspraak van het Hof van Justitie is zo ingrijpend dat zelfs het Federale Hof van Justitie de hoorzittingen uitstelt. Kom nu in actie!","breadcrumb":{"@id":"https:\/\/ru.law\/abgasskandal-kba-versendet-seit-september-2023-neuen-verpflichtende-rueckrufbescheide-wegen-illegaler-abschalteinrichtungen\/#breadcrumb"},"inLanguage":"nl-NL","potentialAction":[{"@type":"ReadAction","target":["https:\/\/ru.law\/abgasskandal-kba-versendet-seit-september-2023-neuen-verpflichtende-rueckrufbescheide-wegen-illegaler-abschalteinrichtungen\/"]}]},{"@type":"ImageObject","inLanguage":"nl-NL","@id":"https:\/\/ru.law\/abgasskandal-kba-versendet-seit-september-2023-neuen-verpflichtende-rueckrufbescheide-wegen-illegaler-abschalteinrichtungen\/#primaryimage","url":"https:\/\/ru.law\/wp-content\/uploads\/2023\/10\/dieselskandal_Kanzlei_rogert_ulbrich_mercedes-benz_kba_rueckruf_audi.jpg","contentUrl":"https:\/\/ru.law\/wp-content\/uploads\/2023\/10\/dieselskandal_Kanzlei_rogert_ulbrich_mercedes-benz_kba_rueckruf_audi.jpg","width":1024,"height":576},{"@type":"BreadcrumbList","@id":"https:\/\/ru.law\/abgasskandal-kba-versendet-seit-september-2023-neuen-verpflichtende-rueckrufbescheide-wegen-illegaler-abschalteinrichtungen\/#breadcrumb","itemListElement":[{"@type":"ListItem","position":1,"name":"Startseite","item":"https:\/\/ru.law\/"},{"@type":"ListItem","position":2,"name":"Abgasskandal: KBA versendet seit September 2023 neue verpflichtende R\u00fcckrufbescheide wegen illegaler Abschalteinrichtungen"}]},{"@type":"WebSite","@id":"https:\/\/ru.law\/#website","url":"https:\/\/ru.law\/","name":"R&amp;U","description":"Consumentenadvocaten","publisher":{"@id":"https:\/\/ru.law\/#organization"},"alternateName":"Rogert & Ulbrich","potentialAction":[{"@type":"SearchAction","target":{"@type":"EntryPoint","urlTemplate":"https:\/\/ru.law\/?s={search_term_string}"},"query-input":{"@type":"PropertyValueSpecification","valueRequired":true,"valueName":"search_term_string"}}],"inLanguage":"nl-NL"},{"@type":"Organization","@id":"https:\/\/ru.law\/#organization","name":"Advocatenkantoor Rogert &amp; Ulbrich","url":"https:\/\/ru.law\/","logo":{"@type":"ImageObject","inLanguage":"nl-NL","@id":"https:\/\/ru.law\/#\/schema\/logo\/image\/","url":"https:\/\/ru.law\/wp-content\/uploads\/2020\/12\/logo-ru-law.svg","contentUrl":"https:\/\/ru.law\/wp-content\/uploads\/2020\/12\/logo-ru-law.svg","width":992,"height":259,"caption":"Kanzlei Rogert & Ulbrich"},"image":{"@id":"https:\/\/ru.law\/#\/schema\/logo\/image\/"},"sameAs":["https:\/\/www.facebook.com\/RogertUlbrich\/","https:\/\/x.com\/RogertUlbrich","https:\/\/www.instagram.com\/rogertulbrich\/","https:\/\/www.linkedin.com\/company\/rogert-ulbrich\/","https:\/\/www.youtube.com\/channel\/UCganCgpvwpPFqMFf1vVmG2A"]},{"@type":"Person","@id":"https:\/\/ru.law\/#\/schema\/person\/10e5b85e615f8a9d0bb96174432e1e1a","name":"Stefan Selge","url":"https:\/\/ru.law\/nl\/author\/selge\/"}]}},"uagb_featured_image_src":{"full":["https:\/\/ru.law\/wp-content\/uploads\/2023\/10\/dieselskandal_Kanzlei_rogert_ulbrich_mercedes-benz_kba_rueckruf_audi.jpg",1024,576,false],"thumbnail":["https:\/\/ru.law\/wp-content\/uploads\/2023\/10\/dieselskandal_Kanzlei_rogert_ulbrich_mercedes-benz_kba_rueckruf_audi.jpg",128,72,false],"medium":["https:\/\/ru.law\/wp-content\/uploads\/2023\/10\/dieselskandal_Kanzlei_rogert_ulbrich_mercedes-benz_kba_rueckruf_audi.jpg",1024,576,false],"medium_large":["https:\/\/ru.law\/wp-content\/uploads\/2023\/10\/dieselskandal_Kanzlei_rogert_ulbrich_mercedes-benz_kba_rueckruf_audi-768x432.jpg",768,432,true],"large":["https:\/\/ru.law\/wp-content\/uploads\/2023\/10\/dieselskandal_Kanzlei_rogert_ulbrich_mercedes-benz_kba_rueckruf_audi.jpg",1024,576,false],"1536x1536":["https:\/\/ru.law\/wp-content\/uploads\/2023\/10\/dieselskandal_Kanzlei_rogert_ulbrich_mercedes-benz_kba_rueckruf_audi.jpg",1024,576,false],"2048x2048":["https:\/\/ru.law\/wp-content\/uploads\/2023\/10\/dieselskandal_Kanzlei_rogert_ulbrich_mercedes-benz_kba_rueckruf_audi.jpg",1024,576,false],"trp-custom-language-flag":["https:\/\/ru.law\/wp-content\/uploads\/2023\/10\/dieselskandal_Kanzlei_rogert_ulbrich_mercedes-benz_kba_rueckruf_audi.jpg",18,10,false]},"uagb_author_info":{"display_name":"Stefan Selge","author_link":"https:\/\/ru.law\/nl\/author\/selge\/"},"uagb_comment_info":0,"uagb_excerpt":"Neue verpflichtende R\u00fcckrufe f\u00fcr Mercedes, bald auch f\u00fcr AUDI? Mercedes-Benz Diesel-Fahrzeuge sind seit 2018 bereits Gegenstand verpflichtender R\u00fcckrufe auf Anweisung des Kraftfahrt-Bundesamtes (KBA). Seit September [&hellip;]","_links":{"self":[{"href":"https:\/\/ru.law\/nl\/wp-json\/wp\/v2\/posts\/67236","targetHints":{"allow":["GET"]}}],"collection":[{"href":"https:\/\/ru.law\/nl\/wp-json\/wp\/v2\/posts"}],"about":[{"href":"https:\/\/ru.law\/nl\/wp-json\/wp\/v2\/types\/post"}],"author":[{"embeddable":true,"href":"https:\/\/ru.law\/nl\/wp-json\/wp\/v2\/users\/2"}],"replies":[{"embeddable":true,"href":"https:\/\/ru.law\/nl\/wp-json\/wp\/v2\/comments?post=67236"}],"version-history":[{"count":0,"href":"https:\/\/ru.law\/nl\/wp-json\/wp\/v2\/posts\/67236\/revisions"}],"wp:featuredmedia":[{"embeddable":true,"href":"https:\/\/ru.law\/nl\/wp-json\/wp\/v2\/media\/67248"}],"wp:attachment":[{"href":"https:\/\/ru.law\/nl\/wp-json\/wp\/v2\/media?parent=67236"}],"wp:term":[{"taxonomy":"category","embeddable":true,"href":"https:\/\/ru.law\/nl\/wp-json\/wp\/v2\/categories?post=67236"},{"taxonomy":"post_tag","embeddable":true,"href":"https:\/\/ru.law\/nl\/wp-json\/wp\/v2\/tags?post=67236"}],"curies":[{"name":"wp","href":"https:\/\/api.w.org\/{rel}","templated":true}]}}