{"id":5982,"date":"2020-02-19T09:45:23","date_gmt":"2020-02-19T08:45:23","guid":{"rendered":"https:\/\/www.rogertulbrich.de\/wp\/?p=5982"},"modified":"2024-07-08T13:13:11","modified_gmt":"2024-07-08T11:13:11","slug":"volkswagen-musterfeststellungsklage-und-vergleich-aktuelle-informationen","status":"publish","type":"post","link":"https:\/\/ru.law\/nl\/volkswagen-musterfeststellungsklage-und-vergleich-aktuelle-informationen\/","title":{"rendered":"Volkswagen Model Declaratoire Actie en Schikking: Actuele Informatie"},"content":{"rendered":"<h2 class=\"wp-block-heading\" id=\"h-wie-geht-es-weiter\">Wat gebeurt er nu?<\/h2>\n\n\n\n<p>Vrijdag brak Volkswagen de onderhandelingen over een buitengerechtelijke schikking met de Bundesverband f\u00fcr Verwaltungsschutz (VZBV) af. Rogert en Ulbrich vertegenwoordigen hen als advocaten in de modelvordering. De onderhandelingen met de VZBV mislukten &quot;omdat Volkswagen nog niet bereid was transparantie en veiligheidsmaatregelen te nemen&quot;, verklaarde VZBV-bestuurslid Klaus M\u00fcller op een op korte termijn bijeengeroepen persconferentie. Op deze pagina vinden gedupeerde dieselrijders alle informatie over de openstaande vragen rondom de modelvordering en de schikking met VW. Lees de&nbsp;<a href=\"https:\/\/www.vzbv.de\/pressemitteilung\/vzbv-fordert-sichere-und-transparente-vergleichsabwicklung-von-vw\" target=\"_blank\" rel=\"noreferrer noopener\">persbericht van de VZBV<\/a>.<\/p>\n\n\n\n<h3 class=\"wp-block-heading\" id=\"h-was-ist-genau-passiert\">Wat is er precies gebeurd?<\/h3>\n\n\n\n<p>Hoewel een schikking binnen handbereik lag, liet Volkswagen vrijdag via de pers weten dat de schikkingsonderhandelingen met de vzbv mislukt waren en dat het zelf een schikkingsaanbod wilde doen. De VZBV heeft hierover het volgende commentaar gegeven:<\/p>\n\n\n\n<p>Na bijna vijf jaar <a href=\"https:\/\/ru.law\/nl\/expertise\/abgasskandal\/\">diesel schandaal<\/a> Het is natuurlijk goed nieuws dat Volkswagen ook in Duitsland betalingen wil gaan doen. Tijdens de schikkingsonderhandelingen bleek Volkswagen niet bereid om alle gedupeerde klanten te compenseren. Als VW zich nu echt zorgen maakt over eerlijkheid, zou het bedrijf <strong>een aanbod doen aan alle getroffenen<\/strong>&nbsp;en niet alleen degenen die in het register van vorderingen in het model van de declaratoire vordering zijn opgenomen. Er zijn echter nog geen details over het aanbod bekend. Daarom moeten alle gedupeerde klanten die nu een schikking van VW ontvangen, deze zeer zorgvuldig onderzoeken.<\/p>\n\n\n\n<p>De VZBV ergert zich aan de manier waarop de gesprekken met VW zijn afgebroken en aan de onderhandelingsstijl van VW, aangezien de&nbsp;<a href=\"https:\/\/www.handelsblatt.com\/unternehmen\/industrie\/verbraucher-vorstand-klaus-mueller-abbruch-der-vergleichsgespraeche-der-vw-konzern-hat-ein-zweites-mal-betrogen\/25551958.html?share=twitter&amp;ticket=ST-4713942-gDeQqafUiGycPdkKqQY0-ap4\" target=\"_blank\" rel=\"noreferrer noopener\">Handelsblatt-interview met Klaus M\u00fcller<\/a>&nbsp;gerapporteerd.<\/p>\n\n\n\n<h3 class=\"wp-block-heading\" id=\"h-wie-hoch-ist-der-angebliche-vw-vergleich\">Hoe hoog is de vermeende vergelijking met VW?<\/h3>\n\n\n\n<p>In de eerste plaats moet duidelijk worden gemaakt dat de vzbv tegen de openbare presentatie van <a href=\"https:\/\/ru.law\/nl\/expertise\/abgasskandal\/vw-diesel\/\">Volkswagen<\/a> spreekt de stelling tegen dat er sprake was van een \u201creeds onderhandelde regeling\u201d. Onlangs werd een schadevergoeding van&nbsp;<strong>ongeveer 15 procent van de aankoopprijs<\/strong>&nbsp;en een correctieclausule werden besproken. Het aantal personen dat is geregistreerd in het model van declaratoire vordering resulteert in een&nbsp;<strong>schadevergoeding van circa 830 miljoen euro<\/strong>. Daarnaast is het bij de afhandeling van de compensatie belangrijk om het gehele pakket in de gaten te houden om transparantie te waarborgen en \u201cervoor te zorgen dat het geld in het afgesproken bedrag bij de consument terechtkomt\u201d, aldus de VZBV.<\/p>\n\n\n\n<h3 class=\"wp-block-heading\" id=\"h-was-passiert-wenn-ich-dem-angebot-von-vw-zustimme\">Wat gebeurt er als ik het aanbod van VW accepteer?<\/h3>\n\n\n\n<p>Indien u het aanbod van VW voor directe compensatie aanvaardt, hoeft u in het kader van het model van de declaratoire vordering niets meer te doen. De formaliteiten regelt u rechtstreeks met VW. Wij, de advocaten van VZBV, kunnen dan niets voor u betekenen. Voor de modelvordering VW hoeft u niet uit het vorderingenregister te worden geschrapt. Indien er echter een positief declaratoir vonnis wordt gewezen in de collectieve rechtszaak, dan zou de individuele schikking die VW aanbiedt, moeten betekenen dat u niet nogmaals individueel schadevergoeding van VW kunt eisen. Controleer goed of u het aanbod van VW daadwerkelijk wilt accepteren.<\/p>\n\n\n\n\n\n<h3 class=\"wp-block-heading\" id=\"h-was-passiert-wenn-ich-das-angebot-von-vw-nicht-annehme\">Wat gebeurt er als ik het aanbod van VW niet accepteer?<\/h3>\n\n\n\n<p>Het is heel eenvoudig: de modelvordering voor recht wordt voortgezet, met de mogelijkheid om voor dieselrijders aanzienlijk hogere bedragen te verkrijgen. Deze moeten echter na de uitspraak individueel worden gevorderd. Dit betekent dat alle consumenten die zich in het klachtenregister hebben geregistreerd en het aanbod van VW niet aanvaarden, toch gebonden zijn aan de uitkomst van de modelvordering voor recht. Het feit dat VW de onderhandelingen over een schikking buiten de rechtbank heeft afgebroken, verandert daar niets aan.<\/p>\n\n\n\n<h3 class=\"wp-block-heading\" id=\"h-wie-geht-es-jetzt-mit-der-musterfeststellungsklage-weiter\">Wat gebeurt er nu met het model van de declaratoire vordering?<\/h3>\n\n\n\n<p>De Hogere Regionale Rechtbank van Braunschweig zal een nieuwe datum vaststellen \u2013 en de advocaten van Rogert &amp; Ulbrich zullen er alles aan blijven doen om voor de getroffen VW-klanten via de rechtbank een zo goed mogelijk oordeel te verkrijgen. De trend in de jurisprudentie rond het emissieschandaal bij VW geeft reden tot grote hoop. In mei wordt ook een uitspraak van het Federale Hof van Justitie verwacht, die de eerdere regeling inzake \u2018vergoeding voor gebruik\u2019 zal vernietigen. Advocatenkantoor Rogert &amp; Ulbrich kon onlangs opnieuw een baanbrekende uitspraak in deze zaak verkrijgen. Niet in de laatste plaats om die reden probeert de Volkswagen Groep zoveel mogelijk zaken die baat zouden kunnen hebben bij een dergelijke uitspraak van het BGH, te schikken via een \u2018directe schikking\u2019.<\/p>\n\n\n\n<section class=\"wp-block-uagb-columns uagb-columns__wrap uagb-columns__background-undefined uagb-columns__stack-mobile uagb-columns__valign-undefined uagb-columns__gap-10 alignundefined uagb-block-a63b8d4d contrast blog_beitraege\"><div class=\"uagb-columns__overlay\"><\/div><div class=\"uagb-columns__inner-wrap uagb-columns__columns-1\">\n<div class=\"wp-block-uagb-column uagb-column__wrap uagb-column__background-undefined uagb-block-6e00ddba\"><div class=\"uagb-column__overlay\"><\/div><div class=\"uagb-column__inner-wrap\">\n<h3 class=\"wp-block-heading\" id=\"das-konnte-sie-auch-interessieren\">Misschien bent u ook ge\u00efnteresseerd in:<\/h3>\n\n\n\n\t\t\t<div class=\"wp-block-uagb-post-grid uagb-post-grid  uagb-post__image-position-top uagb-post__image-enabled uagb-block-ff875f2e     uagb-post__items uagb-post__columns-3 is-grid uagb-post__columns-tablet-2 uagb-post__columns-mobile-1 uagb-post__equal-height\" data-total=\"3\" style=\"\">\n\n\t\t\t\t\t\t\t\t\t\t\t\t<article class=\"uagb-post__inner-wrap\">\t\t\t\t\t\t\t\t<div class='uagb-post__image'>\n\t\t\t\t\t\t\t\t\t<a href=\"https:\/\/ru.law\/nl\/diesel-ueberholt-benzinpreis-jetzt-erst-recht\/\" target=\"_self\" rel=\"bookmark noopener noreferrer\" class='uagb-image-ratio-inherit'><img loading=\"lazy\" decoding=\"async\" width=\"1024\" height=\"576\" src=\"https:\/\/ru.law\/wp-content\/uploads\/2022\/03\/2021-News-Header-1200x675-2972-1024x576.jpg\" class=\"attachment-large size-large\" alt=\"Rogert-Ulbrich-Rechtsanwaelte-Kanzlei-Diesel-Benzin-Preise\" srcset=\"https:\/\/ru.law\/wp-content\/uploads\/2022\/03\/2021-News-Header-1200x675-2972-1024x576.jpg 1024w, https:\/\/ru.law\/wp-content\/uploads\/2022\/03\/2021-News-Header-1200x675-2972-300x169.jpg 300w, https:\/\/ru.law\/wp-content\/uploads\/2022\/03\/2021-News-Header-1200x675-2972-768x432.jpg 768w, https:\/\/ru.law\/wp-content\/uploads\/2022\/03\/2021-News-Header-1200x675-2972.jpg 1200w\" sizes=\"auto, (max-width: 1024px) 100vw, 1024px\" \/>\t\t\t\t\t<\/a>\n\t\t\t\t\t\t\t<\/div>\n\t\t\t\t\t\t<h4 class=\"uagb-post__title uagb-post__text\">\n\t\t\t\t<a href=\"https:\/\/ru.law\/nl\/diesel-ueberholt-benzinpreis-jetzt-erst-recht\/\" target=\"_self\" rel=\"bookmark noopener noreferrer\">Recordprijzen voor diesel - Nu is het moment om uw auto terug te draaien<\/a>\n\t\t\t<\/h4>\n\t\t\t\t\t\t<div class='uagb-post__text uagb-post-grid-byline'>\n\t\t\t\t\t\t\t<\/div>\n\t\t\t\t\t\t\t<div class='uagb-post__text uagb-post__excerpt'>\n\t\t\t\t\t<p>Diesel staat in Duitsland op recordhoogte en ook benzine nadert een\u2026\t\t\t\t<\/div>\n\t\t\t\t\t\t<div class=\"uagb-post__text uagb-post__cta wp-block-button\">\n\t\t\t\t<a class=\"wp-block-button__link uagb-text-link\" style=\"\" href=\"https:\/\/ru.law\/nl\/diesel-ueberholt-benzinpreis-jetzt-erst-recht\/\" target=\"_self\" rel=\"bookmark noopener noreferrer\">Lees meer<\/a>\n\t\t\t<\/div>\n\t\t\t\n\t\t\t\t\t\t\t\t<a class=\"uagb-post__link-complete-box\" href=\"https:\/\/ru.law\/nl\/diesel-ueberholt-benzinpreis-jetzt-erst-recht\/\" target=\"_self\" rel=\"bookmark noopener noreferrer\"><\/a>\n\t\t\t\t\t\t\t<\/article>\n\t\t\t\t\t\t\t\t\t\t\t\t\t\t\t\t<article class=\"uagb-post__inner-wrap\">\t\t\t\t\t\t\t\t<div class='uagb-post__image'>\n\t\t\t\t\t\t\t\t\t<a href=\"https:\/\/ru.law\/nl\/vtdi-abgasskandal-rund-um-vw-audi-und-porsche\/\" target=\"_self\" rel=\"bookmark noopener noreferrer\" class='uagb-image-ratio-inherit'><img loading=\"lazy\" decoding=\"async\" width=\"1024\" height=\"576\" src=\"https:\/\/ru.law\/wp-content\/uploads\/2022\/01\/Rogert-Ulbrich-Rechtsanwaelte-Kanzlei-Abgasskandal-Audi-Verjaehrung-2022-1024x576.jpg\" class=\"attachment-large size-large\" alt=\"\" srcset=\"https:\/\/ru.law\/wp-content\/uploads\/2022\/01\/Rogert-Ulbrich-Rechtsanwaelte-Kanzlei-Abgasskandal-Audi-Verjaehrung-2022-1024x576.jpg 1024w, https:\/\/ru.law\/wp-content\/uploads\/2022\/01\/Rogert-Ulbrich-Rechtsanwaelte-Kanzlei-Abgasskandal-Audi-Verjaehrung-2022-300x169.jpg 300w, https:\/\/ru.law\/wp-content\/uploads\/2022\/01\/Rogert-Ulbrich-Rechtsanwaelte-Kanzlei-Abgasskandal-Audi-Verjaehrung-2022-768x432.jpg 768w, https:\/\/ru.law\/wp-content\/uploads\/2022\/01\/Rogert-Ulbrich-Rechtsanwaelte-Kanzlei-Abgasskandal-Audi-Verjaehrung-2022.jpg 1200w\" sizes=\"auto, (max-width: 1024px) 100vw, 1024px\" \/>\t\t\t\t\t<\/a>\n\t\t\t\t\t\t\t<\/div>\n\t\t\t\t\t\t<h4 class=\"uagb-post__title uagb-post__text\">\n\t\t\t\t<a href=\"https:\/\/ru.law\/nl\/vtdi-abgasskandal-rund-um-vw-audi-und-porsche\/\" target=\"_self\" rel=\"bookmark noopener noreferrer\">VTDI-emissieschandaal waarbij VW, Audi en Porsche betrokken zijn<\/a>\n\t\t\t<\/h4>\n\t\t\t\t\t\t<div class='uagb-post__text uagb-post-grid-byline'>\n\t\t\t\t\t\t\t<\/div>\n\t\t\t\t\t\t\t<div class='uagb-post__text uagb-post__excerpt'>\n\t\t\t\t\t<p>Voor veel Duitse autofabrikanten is het dieselemissieschandaal nog steeds alomtegenwoordig, ook voor de VW Groep\u2026\t\t\t\t<\/div>\n\t\t\t\t\t\t<div class=\"uagb-post__text uagb-post__cta wp-block-button\">\n\t\t\t\t<a class=\"wp-block-button__link uagb-text-link\" style=\"\" href=\"https:\/\/ru.law\/nl\/vtdi-abgasskandal-rund-um-vw-audi-und-porsche\/\" target=\"_self\" rel=\"bookmark noopener noreferrer\">Lees meer<\/a>\n\t\t\t<\/div>\n\t\t\t\n\t\t\t\t\t\t\t\t<a class=\"uagb-post__link-complete-box\" href=\"https:\/\/ru.law\/nl\/vtdi-abgasskandal-rund-um-vw-audi-und-porsche\/\" target=\"_self\" rel=\"bookmark noopener noreferrer\"><\/a>\n\t\t\t\t\t\t\t<\/article>\n\t\t\t\t\t\t\t\t\t\t\t\t\t\t\t\t<article class=\"uagb-post__inner-wrap\">\t\t\t\t\t\t\t\t<div class='uagb-post__image'>\n\t\t\t\t\t\t\t\t\t<a href=\"https:\/\/ru.law\/nl\/olg-koeln-verurteilt-audi-ag\/\" target=\"_self\" rel=\"bookmark noopener noreferrer\" class='uagb-image-ratio-inherit'><img loading=\"lazy\" decoding=\"async\" width=\"1024\" height=\"576\" src=\"https:\/\/ru.law\/wp-content\/uploads\/2021\/09\/rogert-ulbrich-rechtsanwalt-kanzlei-abgasskandal-premium-modelle-porsche-42l-1024x576.jpg\" class=\"attachment-large size-large\" alt=\"\" srcset=\"https:\/\/ru.law\/wp-content\/uploads\/2021\/09\/rogert-ulbrich-rechtsanwalt-kanzlei-abgasskandal-premium-modelle-porsche-42l-1024x576.jpg 1024w, https:\/\/ru.law\/wp-content\/uploads\/2021\/09\/rogert-ulbrich-rechtsanwalt-kanzlei-abgasskandal-premium-modelle-porsche-42l-300x169.jpg 300w, https:\/\/ru.law\/wp-content\/uploads\/2021\/09\/rogert-ulbrich-rechtsanwalt-kanzlei-abgasskandal-premium-modelle-porsche-42l-768x432.jpg 768w, https:\/\/ru.law\/wp-content\/uploads\/2021\/09\/rogert-ulbrich-rechtsanwalt-kanzlei-abgasskandal-premium-modelle-porsche-42l.jpg 1200w\" sizes=\"auto, (max-width: 1024px) 100vw, 1024px\" \/>\t\t\t\t\t<\/a>\n\t\t\t\t\t\t\t<\/div>\n\t\t\t\t\t\t<h4 class=\"uagb-post__title uagb-post__text\">\n\t\t\t\t<a href=\"https:\/\/ru.law\/nl\/olg-koeln-verurteilt-audi-ag\/\" target=\"_self\" rel=\"bookmark noopener noreferrer\">Audi AG moet Porsche Cayenne S terugnemen<\/a>\n\t\t\t<\/h4>\n\t\t\t\t\t\t<div class='uagb-post__text uagb-post-grid-byline'>\n\t\t\t\t\t\t\t<\/div>\n\t\t\t\t\t\t\t<div class='uagb-post__text uagb-post__excerpt'>\n\t\t\t\t\t<p>Audi AG kreeg van het Oberlandesgericht Keulen de opdracht een Porsche Cayenne S 4.2l terug te nemen\u2026.\t\t\t\t<\/div>\n\t\t\t\t\t\t<div class=\"uagb-post__text uagb-post__cta wp-block-button\">\n\t\t\t\t<a class=\"wp-block-button__link uagb-text-link\" style=\"\" href=\"https:\/\/ru.law\/nl\/olg-koeln-verurteilt-audi-ag\/\" target=\"_self\" rel=\"bookmark noopener noreferrer\">Lees meer<\/a>\n\t\t\t<\/div>\n\t\t\t\n\t\t\t\t\t\t\t\t<a class=\"uagb-post__link-complete-box\" href=\"https:\/\/ru.law\/nl\/olg-koeln-verurteilt-audi-ag\/\" target=\"_self\" rel=\"bookmark noopener noreferrer\"><\/a>\n\t\t\t\t\t\t\t<\/article>\n\t\t\t\t\t\t\t\t\t\t\t<\/div>\n\t\t\t\n\n\n<p><\/p>\n<\/div><\/div>\n<\/div><\/section>","protected":false},"excerpt":{"rendered":"<p>Wie geht es weiter? Am Freitag hat Volkswagen die Gespr\u00e4che zu einer au\u00dfergerichtlichen Einigung mit der Verbraucherzentrale Bundesverband (VZBV), welche&nbsp;Rogert und Ulbrich&nbsp;als Anw\u00e4lte in der [&hellip;]<\/p>\n","protected":false},"author":21,"featured_media":7611,"comment_status":"closed","ping_status":"open","sticky":false,"template":"","format":"standard","meta":{"_uag_custom_page_level_css":"","site-sidebar-layout":"default","site-content-layout":"default","ast-site-content-layout":"default","site-content-style":"default","site-sidebar-style":"default","ast-global-header-display":"","ast-banner-title-visibility":"","ast-main-header-display":"","ast-hfb-above-header-display":"","ast-hfb-below-header-display":"","ast-hfb-mobile-header-display":"","site-post-title":"","ast-breadcrumbs-content":"","ast-featured-img":"","footer-sml-layout":"","ast-disable-related-posts":"","theme-transparent-header-meta":"default","adv-header-id-meta":"","stick-header-meta":"","header-above-stick-meta":"","header-main-stick-meta":"","header-below-stick-meta":"","astra-migrate-meta-layouts":"default","ast-page-background-enabled":"default","ast-page-background-meta":{"desktop":{"background-color":"","background-image":"","background-repeat":"repeat","background-position":"center center","background-size":"auto","background-attachment":"scroll","background-type":"","background-media":"","overlay-type":"","overlay-color":"","overlay-opacity":"","overlay-gradient":""},"tablet":{"background-color":"","background-image":"","background-repeat":"repeat","background-position":"center center","background-size":"auto","background-attachment":"scroll","background-type":"","background-media":"","overlay-type":"","overlay-color":"","overlay-opacity":"","overlay-gradient":""},"mobile":{"background-color":"","background-image":"","background-repeat":"repeat","background-position":"center center","background-size":"auto","background-attachment":"scroll","background-type":"","background-media":"","overlay-type":"","overlay-color":"","overlay-opacity":"","overlay-gradient":""}},"ast-content-background-meta":{"desktop":{"background-color":"var(--ast-global-color-5)","background-image":"","background-repeat":"repeat","background-position":"center center","background-size":"auto","background-attachment":"scroll","background-type":"","background-media":"","overlay-type":"","overlay-color":"","overlay-opacity":"","overlay-gradient":""},"tablet":{"background-color":"var(--ast-global-color-5)","background-image":"","background-repeat":"repeat","background-position":"center center","background-size":"auto","background-attachment":"scroll","background-type":"","background-media":"","overlay-type":"","overlay-color":"","overlay-opacity":"","overlay-gradient":""},"mobile":{"background-color":"var(--ast-global-color-5)","background-image":"","background-repeat":"repeat","background-position":"center center","background-size":"auto","background-attachment":"scroll","background-type":"","background-media":"","overlay-type":"","overlay-color":"","overlay-opacity":"","overlay-gradient":""}},"footnotes":""},"categories":[2,507],"tags":[45],"class_list":["post-5982","post","type-post","status-publish","format-standard","has-post-thumbnail","hentry","category-abgasskandal","category-urteile","tag-vw"],"yoast_head":"<!-- This site is optimized with the Yoast SEO Premium plugin v27.4 (Yoast SEO v27.4) - https:\/\/yoast.com\/product\/yoast-seo-premium-wordpress\/ -->\n<title>Volkswagen Musterfeststellungsklage und Vergleich - R&amp;U<\/title>\n<meta name=\"description\" content=\"Volkswagen hat die Gespr\u00e4che zu einer Einigung mit der Verbraucherzentrale (VZBV) in der Musterfeststellungsklage, platzen lassen.\" \/>\n<meta name=\"robots\" content=\"index, follow, max-snippet:-1, max-image-preview:large, max-video-preview:-1\" \/>\n<link rel=\"canonical\" href=\"https:\/\/ru.law\/nl\/volkswagen-musterfeststellungsklage-und-vergleich-aktuelle-informationen\/\" \/>\n<meta property=\"og:locale\" content=\"nl_NL\" \/>\n<meta property=\"og:type\" content=\"article\" \/>\n<meta property=\"og:title\" content=\"Volkswagen Musterfeststellungsklage und Vergleich: Aktuelle Informationen\" \/>\n<meta property=\"og:description\" content=\"Volkswagen hat die Gespr\u00e4che zu einer Einigung mit der Verbraucherzentrale (VZBV) in der Musterfeststellungsklage, platzen lassen.\" \/>\n<meta property=\"og:url\" content=\"https:\/\/ru.law\/nl\/volkswagen-musterfeststellungsklage-und-vergleich-aktuelle-informationen\/\" \/>\n<meta property=\"og:site_name\" content=\"R&amp;U\" \/>\n<meta property=\"article:publisher\" content=\"https:\/\/www.facebook.com\/RogertUlbrich\/\" \/>\n<meta property=\"article:published_time\" content=\"2020-02-19T08:45:23+00:00\" \/>\n<meta property=\"article:modified_time\" content=\"2024-07-08T11:13:11+00:00\" \/>\n<meta property=\"og:image\" content=\"https:\/\/ru.law\/wp-content\/uploads\/2020\/02\/volkswagen-logo-chrom.jpg\" \/>\n\t<meta property=\"og:image:width\" content=\"1200\" \/>\n\t<meta property=\"og:image:height\" content=\"675\" \/>\n\t<meta property=\"og:image:type\" content=\"image\/jpeg\" \/>\n<meta name=\"author\" content=\"Marco Rogert\" \/>\n<meta name=\"twitter:card\" content=\"summary_large_image\" \/>\n<meta name=\"twitter:creator\" content=\"@RogertUlbrich\" \/>\n<meta name=\"twitter:site\" content=\"@RogertUlbrich\" \/>\n<script type=\"application\/ld+json\" class=\"yoast-schema-graph\">{\"@context\":\"https:\\\/\\\/schema.org\",\"@graph\":[{\"@type\":\"Article\",\"@id\":\"https:\\\/\\\/ru.law\\\/volkswagen-musterfeststellungsklage-und-vergleich-aktuelle-informationen\\\/#article\",\"isPartOf\":{\"@id\":\"https:\\\/\\\/ru.law\\\/volkswagen-musterfeststellungsklage-und-vergleich-aktuelle-informationen\\\/\"},\"author\":{\"name\":\"Marco Rogert\",\"@id\":\"https:\\\/\\\/ru.law\\\/#\\\/schema\\\/person\\\/b020d506e6bbc471b4565d3a98173b87\"},\"headline\":\"Volkswagen Musterfeststellungsklage und Vergleich: Aktuelle Informationen\",\"datePublished\":\"2020-02-19T08:45:23+00:00\",\"dateModified\":\"2024-07-08T11:13:11+00:00\",\"mainEntityOfPage\":{\"@id\":\"https:\\\/\\\/ru.law\\\/volkswagen-musterfeststellungsklage-und-vergleich-aktuelle-informationen\\\/\"},\"wordCount\":687,\"publisher\":{\"@id\":\"https:\\\/\\\/ru.law\\\/#organization\"},\"image\":{\"@id\":\"https:\\\/\\\/ru.law\\\/volkswagen-musterfeststellungsklage-und-vergleich-aktuelle-informationen\\\/#primaryimage\"},\"thumbnailUrl\":\"https:\\\/\\\/ru.law\\\/wp-content\\\/uploads\\\/2020\\\/02\\\/volkswagen-logo-chrom.jpg\",\"keywords\":[\"VW\"],\"articleSection\":[\"Abgasskandal\",\"Urteile\"],\"inLanguage\":\"nl-NL\"},{\"@type\":\"WebPage\",\"@id\":\"https:\\\/\\\/ru.law\\\/volkswagen-musterfeststellungsklage-und-vergleich-aktuelle-informationen\\\/\",\"url\":\"https:\\\/\\\/ru.law\\\/volkswagen-musterfeststellungsklage-und-vergleich-aktuelle-informationen\\\/\",\"name\":\"Volkswagen Musterfeststellungsklage und Vergleich - R&amp;U\",\"isPartOf\":{\"@id\":\"https:\\\/\\\/ru.law\\\/#website\"},\"primaryImageOfPage\":{\"@id\":\"https:\\\/\\\/ru.law\\\/volkswagen-musterfeststellungsklage-und-vergleich-aktuelle-informationen\\\/#primaryimage\"},\"image\":{\"@id\":\"https:\\\/\\\/ru.law\\\/volkswagen-musterfeststellungsklage-und-vergleich-aktuelle-informationen\\\/#primaryimage\"},\"thumbnailUrl\":\"https:\\\/\\\/ru.law\\\/wp-content\\\/uploads\\\/2020\\\/02\\\/volkswagen-logo-chrom.jpg\",\"datePublished\":\"2020-02-19T08:45:23+00:00\",\"dateModified\":\"2024-07-08T11:13:11+00:00\",\"description\":\"Volkswagen hat die Gespr\u00e4che zu einer Einigung mit der Verbraucherzentrale (VZBV) in der Musterfeststellungsklage, platzen lassen.\",\"breadcrumb\":{\"@id\":\"https:\\\/\\\/ru.law\\\/volkswagen-musterfeststellungsklage-und-vergleich-aktuelle-informationen\\\/#breadcrumb\"},\"inLanguage\":\"nl-NL\",\"potentialAction\":[{\"@type\":\"ReadAction\",\"target\":[\"https:\\\/\\\/ru.law\\\/volkswagen-musterfeststellungsklage-und-vergleich-aktuelle-informationen\\\/\"]}]},{\"@type\":\"ImageObject\",\"inLanguage\":\"nl-NL\",\"@id\":\"https:\\\/\\\/ru.law\\\/volkswagen-musterfeststellungsklage-und-vergleich-aktuelle-informationen\\\/#primaryimage\",\"url\":\"https:\\\/\\\/ru.law\\\/wp-content\\\/uploads\\\/2020\\\/02\\\/volkswagen-logo-chrom.jpg\",\"contentUrl\":\"https:\\\/\\\/ru.law\\\/wp-content\\\/uploads\\\/2020\\\/02\\\/volkswagen-logo-chrom.jpg\",\"width\":1200,\"height\":675,\"caption\":\"Volkswagen Logo Chrom\"},{\"@type\":\"BreadcrumbList\",\"@id\":\"https:\\\/\\\/ru.law\\\/volkswagen-musterfeststellungsklage-und-vergleich-aktuelle-informationen\\\/#breadcrumb\",\"itemListElement\":[{\"@type\":\"ListItem\",\"position\":1,\"name\":\"Startseite\",\"item\":\"https:\\\/\\\/ru.law\\\/\"},{\"@type\":\"ListItem\",\"position\":2,\"name\":\"Volkswagen Musterfeststellungsklage und Vergleich: Aktuelle Informationen\"}]},{\"@type\":\"WebSite\",\"@id\":\"https:\\\/\\\/ru.law\\\/#website\",\"url\":\"https:\\\/\\\/ru.law\\\/\",\"name\":\"R&U\",\"description\":\"Verbraucheranw\u00e4lte\",\"publisher\":{\"@id\":\"https:\\\/\\\/ru.law\\\/#organization\"},\"alternateName\":\"Rogert & Ulbrich\",\"potentialAction\":[{\"@type\":\"SearchAction\",\"target\":{\"@type\":\"EntryPoint\",\"urlTemplate\":\"https:\\\/\\\/ru.law\\\/?s={search_term_string}\"},\"query-input\":{\"@type\":\"PropertyValueSpecification\",\"valueRequired\":true,\"valueName\":\"search_term_string\"}}],\"inLanguage\":\"nl-NL\"},{\"@type\":\"Organization\",\"@id\":\"https:\\\/\\\/ru.law\\\/#organization\",\"name\":\"Kanzlei Rogert & Ulbrich\",\"url\":\"https:\\\/\\\/ru.law\\\/\",\"logo\":{\"@type\":\"ImageObject\",\"inLanguage\":\"nl-NL\",\"@id\":\"https:\\\/\\\/ru.law\\\/#\\\/schema\\\/logo\\\/image\\\/\",\"url\":\"https:\\\/\\\/ru.law\\\/wp-content\\\/uploads\\\/2020\\\/12\\\/logo-ru-law.svg\",\"contentUrl\":\"https:\\\/\\\/ru.law\\\/wp-content\\\/uploads\\\/2020\\\/12\\\/logo-ru-law.svg\",\"width\":992,\"height\":259,\"caption\":\"Kanzlei Rogert & Ulbrich\"},\"image\":{\"@id\":\"https:\\\/\\\/ru.law\\\/#\\\/schema\\\/logo\\\/image\\\/\"},\"sameAs\":[\"https:\\\/\\\/www.facebook.com\\\/RogertUlbrich\\\/\",\"https:\\\/\\\/x.com\\\/RogertUlbrich\",\"https:\\\/\\\/www.instagram.com\\\/rogertulbrich\\\/\",\"https:\\\/\\\/www.linkedin.com\\\/company\\\/rogert-ulbrich\\\/\",\"https:\\\/\\\/www.youtube.com\\\/channel\\\/UCganCgpvwpPFqMFf1vVmG2A\"]},{\"@type\":\"Person\",\"@id\":\"https:\\\/\\\/ru.law\\\/#\\\/schema\\\/person\\\/b020d506e6bbc471b4565d3a98173b87\",\"name\":\"Marco Rogert\",\"url\":\"https:\\\/\\\/ru.law\\\/nl\\\/author\\\/rogertru-law\\\/\"}]}<\/script>\n<!-- \/ Yoast SEO Premium plugin. -->","yoast_head_json":{"title":"Volkswagen Musterfeststellungsklage und Vergleich - R&amp;U","description":"Volkswagen hat die Gespr\u00e4che zu einer Einigung mit der Verbraucherzentrale (VZBV) in der Musterfeststellungsklage, platzen lassen.","robots":{"index":"index","follow":"follow","max-snippet":"max-snippet:-1","max-image-preview":"max-image-preview:large","max-video-preview":"max-video-preview:-1"},"canonical":"https:\/\/ru.law\/nl\/volkswagen-musterfeststellungsklage-und-vergleich-aktuelle-informationen\/","og_locale":"nl_NL","og_type":"article","og_title":"Volkswagen Musterfeststellungsklage und Vergleich: Aktuelle Informationen","og_description":"Volkswagen hat die Gespr\u00e4che zu einer Einigung mit der Verbraucherzentrale (VZBV) in der Musterfeststellungsklage, platzen lassen.","og_url":"https:\/\/ru.law\/nl\/volkswagen-musterfeststellungsklage-und-vergleich-aktuelle-informationen\/","og_site_name":"R&amp;U","article_publisher":"https:\/\/www.facebook.com\/RogertUlbrich\/","article_published_time":"2020-02-19T08:45:23+00:00","article_modified_time":"2024-07-08T11:13:11+00:00","og_image":[{"width":1200,"height":675,"url":"https:\/\/ru.law\/wp-content\/uploads\/2020\/02\/volkswagen-logo-chrom.jpg","type":"image\/jpeg"}],"author":"Marco Rogert","twitter_card":"summary_large_image","twitter_creator":"@RogertUlbrich","twitter_site":"@RogertUlbrich","schema":{"@context":"https:\/\/schema.org","@graph":[{"@type":"Article","@id":"https:\/\/ru.law\/volkswagen-musterfeststellungsklage-und-vergleich-aktuelle-informationen\/#article","isPartOf":{"@id":"https:\/\/ru.law\/volkswagen-musterfeststellungsklage-und-vergleich-aktuelle-informationen\/"},"author":{"name":"Marco Rogert","@id":"https:\/\/ru.law\/#\/schema\/person\/b020d506e6bbc471b4565d3a98173b87"},"headline":"Volkswagen Musterfeststellungsklage und Vergleich: Aktuelle Informationen","datePublished":"2020-02-19T08:45:23+00:00","dateModified":"2024-07-08T11:13:11+00:00","mainEntityOfPage":{"@id":"https:\/\/ru.law\/volkswagen-musterfeststellungsklage-und-vergleich-aktuelle-informationen\/"},"wordCount":687,"publisher":{"@id":"https:\/\/ru.law\/#organization"},"image":{"@id":"https:\/\/ru.law\/volkswagen-musterfeststellungsklage-und-vergleich-aktuelle-informationen\/#primaryimage"},"thumbnailUrl":"https:\/\/ru.law\/wp-content\/uploads\/2020\/02\/volkswagen-logo-chrom.jpg","keywords":["VW"],"articleSection":["Abgasskandal","Urteile"],"inLanguage":"nl-NL"},{"@type":"WebPage","@id":"https:\/\/ru.law\/volkswagen-musterfeststellungsklage-und-vergleich-aktuelle-informationen\/","url":"https:\/\/ru.law\/volkswagen-musterfeststellungsklage-und-vergleich-aktuelle-informationen\/","name":"Volkswagen Musterfeststellungsklage und Vergleich - R&amp;U","isPartOf":{"@id":"https:\/\/ru.law\/#website"},"primaryImageOfPage":{"@id":"https:\/\/ru.law\/volkswagen-musterfeststellungsklage-und-vergleich-aktuelle-informationen\/#primaryimage"},"image":{"@id":"https:\/\/ru.law\/volkswagen-musterfeststellungsklage-und-vergleich-aktuelle-informationen\/#primaryimage"},"thumbnailUrl":"https:\/\/ru.law\/wp-content\/uploads\/2020\/02\/volkswagen-logo-chrom.jpg","datePublished":"2020-02-19T08:45:23+00:00","dateModified":"2024-07-08T11:13:11+00:00","description":"Volkswagen hat die Gespr\u00e4che zu einer Einigung mit der Verbraucherzentrale (VZBV) in der Musterfeststellungsklage, platzen lassen.","breadcrumb":{"@id":"https:\/\/ru.law\/volkswagen-musterfeststellungsklage-und-vergleich-aktuelle-informationen\/#breadcrumb"},"inLanguage":"nl-NL","potentialAction":[{"@type":"ReadAction","target":["https:\/\/ru.law\/volkswagen-musterfeststellungsklage-und-vergleich-aktuelle-informationen\/"]}]},{"@type":"ImageObject","inLanguage":"nl-NL","@id":"https:\/\/ru.law\/volkswagen-musterfeststellungsklage-und-vergleich-aktuelle-informationen\/#primaryimage","url":"https:\/\/ru.law\/wp-content\/uploads\/2020\/02\/volkswagen-logo-chrom.jpg","contentUrl":"https:\/\/ru.law\/wp-content\/uploads\/2020\/02\/volkswagen-logo-chrom.jpg","width":1200,"height":675,"caption":"Volkswagen Logo Chrom"},{"@type":"BreadcrumbList","@id":"https:\/\/ru.law\/volkswagen-musterfeststellungsklage-und-vergleich-aktuelle-informationen\/#breadcrumb","itemListElement":[{"@type":"ListItem","position":1,"name":"Startseite","item":"https:\/\/ru.law\/"},{"@type":"ListItem","position":2,"name":"Volkswagen Musterfeststellungsklage und Vergleich: Aktuelle Informationen"}]},{"@type":"WebSite","@id":"https:\/\/ru.law\/#website","url":"https:\/\/ru.law\/","name":"R&amp;U","description":"Consumentenadvocaten","publisher":{"@id":"https:\/\/ru.law\/#organization"},"alternateName":"Rogert & Ulbrich","potentialAction":[{"@type":"SearchAction","target":{"@type":"EntryPoint","urlTemplate":"https:\/\/ru.law\/?s={search_term_string}"},"query-input":{"@type":"PropertyValueSpecification","valueRequired":true,"valueName":"search_term_string"}}],"inLanguage":"nl-NL"},{"@type":"Organization","@id":"https:\/\/ru.law\/#organization","name":"Advocatenkantoor Rogert &amp; Ulbrich","url":"https:\/\/ru.law\/","logo":{"@type":"ImageObject","inLanguage":"nl-NL","@id":"https:\/\/ru.law\/#\/schema\/logo\/image\/","url":"https:\/\/ru.law\/wp-content\/uploads\/2020\/12\/logo-ru-law.svg","contentUrl":"https:\/\/ru.law\/wp-content\/uploads\/2020\/12\/logo-ru-law.svg","width":992,"height":259,"caption":"Kanzlei Rogert & Ulbrich"},"image":{"@id":"https:\/\/ru.law\/#\/schema\/logo\/image\/"},"sameAs":["https:\/\/www.facebook.com\/RogertUlbrich\/","https:\/\/x.com\/RogertUlbrich","https:\/\/www.instagram.com\/rogertulbrich\/","https:\/\/www.linkedin.com\/company\/rogert-ulbrich\/","https:\/\/www.youtube.com\/channel\/UCganCgpvwpPFqMFf1vVmG2A"]},{"@type":"Person","@id":"https:\/\/ru.law\/#\/schema\/person\/b020d506e6bbc471b4565d3a98173b87","name":"Marco Rogert","url":"https:\/\/ru.law\/nl\/author\/rogertru-law\/"}]}},"uagb_featured_image_src":{"full":["https:\/\/ru.law\/wp-content\/uploads\/2020\/02\/volkswagen-logo-chrom.jpg",1200,675,false],"thumbnail":["https:\/\/ru.law\/wp-content\/uploads\/2020\/02\/volkswagen-logo-chrom-150x150.jpg",96,96,true],"medium":["https:\/\/ru.law\/wp-content\/uploads\/2020\/02\/volkswagen-logo-chrom-300x169.jpg",300,169,true],"medium_large":["https:\/\/ru.law\/wp-content\/uploads\/2020\/02\/volkswagen-logo-chrom-768x432.jpg",768,432,true],"large":["https:\/\/ru.law\/wp-content\/uploads\/2020\/02\/volkswagen-logo-chrom-1024x576.jpg",1024,576,true],"1536x1536":["https:\/\/ru.law\/wp-content\/uploads\/2020\/02\/volkswagen-logo-chrom.jpg",1200,675,false],"2048x2048":["https:\/\/ru.law\/wp-content\/uploads\/2020\/02\/volkswagen-logo-chrom.jpg",1200,675,false],"trp-custom-language-flag":["https:\/\/ru.law\/wp-content\/uploads\/2020\/02\/volkswagen-logo-chrom.jpg",18,10,false]},"uagb_author_info":{"display_name":"Marco Rogert","author_link":"https:\/\/ru.law\/nl\/author\/rogertru-law\/"},"uagb_comment_info":0,"uagb_excerpt":"Wie geht es weiter? Am Freitag hat Volkswagen die Gespr\u00e4che zu einer au\u00dfergerichtlichen Einigung mit der Verbraucherzentrale Bundesverband (VZBV), welche&nbsp;Rogert und Ulbrich&nbsp;als Anw\u00e4lte in der [&hellip;]","_links":{"self":[{"href":"https:\/\/ru.law\/nl\/wp-json\/wp\/v2\/posts\/5982","targetHints":{"allow":["GET"]}}],"collection":[{"href":"https:\/\/ru.law\/nl\/wp-json\/wp\/v2\/posts"}],"about":[{"href":"https:\/\/ru.law\/nl\/wp-json\/wp\/v2\/types\/post"}],"author":[{"embeddable":true,"href":"https:\/\/ru.law\/nl\/wp-json\/wp\/v2\/users\/21"}],"replies":[{"embeddable":true,"href":"https:\/\/ru.law\/nl\/wp-json\/wp\/v2\/comments?post=5982"}],"version-history":[{"count":0,"href":"https:\/\/ru.law\/nl\/wp-json\/wp\/v2\/posts\/5982\/revisions"}],"wp:featuredmedia":[{"embeddable":true,"href":"https:\/\/ru.law\/nl\/wp-json\/wp\/v2\/media\/7611"}],"wp:attachment":[{"href":"https:\/\/ru.law\/nl\/wp-json\/wp\/v2\/media?parent=5982"}],"wp:term":[{"taxonomy":"category","embeddable":true,"href":"https:\/\/ru.law\/nl\/wp-json\/wp\/v2\/categories?post=5982"},{"taxonomy":"post_tag","embeddable":true,"href":"https:\/\/ru.law\/nl\/wp-json\/wp\/v2\/tags?post=5982"}],"curies":[{"name":"wp","href":"https:\/\/api.w.org\/{rel}","templated":true}]}}