{"id":49805,"date":"2023-03-21T15:20:00","date_gmt":"2023-03-21T14:20:00","guid":{"rendered":"https:\/\/ru.law\/?p=49805"},"modified":"2024-10-29T08:13:03","modified_gmt":"2024-10-29T07:13:03","slug":"eugh-staerkt-die-verbraucherrechte-im-abgasskandal-und-bewertet-das-thermofenster-als-rechtswidrig","status":"publish","type":"post","link":"https:\/\/ru.law\/nl\/eugh-staerkt-die-verbraucherrechte-im-abgasskandal-und-bewertet-das-thermofenster-als-rechtswidrig\/","title":{"rendered":"HvJ versterkt consumentenrechten in emissieschandaal en oordeelt dat thermisch raam illegaal is"},"content":{"rendered":"\n<p>Als eine der f\u00fchrenden Anwaltskanzleien im sog. Abgasskandal-Komplex &#8211; mit mehr als 50.000 Verfahren &#8211; haben wir als erste Kanzlei einen gerichtlichen Erfolg gegen die Volkswagen AG verbucht. Seit geraumer Zeit ist umstritten, ob &#8211; und gegebenenfalls unter welchen Voraussetzungen &#8211; temperaturgef\u00fchrte Abschalteinrichtungen in Fahrzeugen mit Verbrennermotoren unzul\u00e4ssig sind. Durch das heutige Urteil hat der EuGH letztinstanzlich f\u00fcr Klarheit gesorgt und die Rechte der Verbraucher nachhaltig gest\u00e4rkt.&nbsp;<\/p>\n\n\n\n<h2 class=\"wp-block-heading\" id=\"h-haftung-gegen-hersteller-bei-einfacher-fahrlassigkeit\"><strong>Haftung gegen Hersteller bei einfacher Fahrl\u00e4ssigkeit<\/strong><\/h2>\n\n\n\n<p>\u201eIm Diesel-Abgasskandal hat der Europ\u00e4ische Gerichtshof (EuGH) am heutigen Dienstag, 21.03.2023, mit einer Leitentscheidung (C-100\/21) zur drittsch\u00fctzenden Wirkung der Regelungen in der Europ\u00e4ischen Richtlinie 2007\/46\/EG f\u00fcr Aufsehen gesorgt und wird damit eine Trendwende einleiten. Der EuGH stellt fest, dass die unionsrechtlichen Regelungen zur Zulassung von Kraftfahrzeugen im Stra\u00dfenverkehr insofern drittsch\u00fctzend sind, als dass sie auch den Schutz von Individualinteressen der B\u00fcrger der Europ\u00e4ischen Union betreffen. Das ist deshalb so brisant, weil nach deutschem Recht der Anspruch aus der rechtswidrigen Verletzung eines Schutzgesetzes durch die deutschen Gerichte &#8211; offensichtlich zu Unrecht &#8211; abgelehnt wurde (\u00a7 823 Abs. 2 BGB i.V.m. der Europ\u00e4ischen Richtline 2007\/46\/EG und der Verordnung Nr. 715\/2007). Diese Vorschrift f\u00fchrt &#8211; anders als andere Anspruchsgrundlagen &#8211; bereits dann zu einem Schadensersatzanspruch des Gesch\u00e4digten, wenn ein gesch\u00fctztes Rechtsgut fahrl\u00e4ssig verletzt wird. Es bedarf dementsprechend nicht des Nachweises einer vors\u00e4tzlichen Handlung der Beklagten. In den \u201eDiesel-Verfahren&#8220; beruft sich die Beklagte regelm\u00e4\u00dfig darauf, sie h\u00e4tte sich auf Aussagen des Kraftfahrt-Bundesamtes verlassen d\u00fcrfen, weshalb ihr der Vorsatzvorwurf nicht anzulasten sei. Jedenfalls aber besteht aus meiner Sicht ein Fahrl\u00e4ssigkeitsvorwurf, denn der Hersteller ist selbst gehalten, sich an die europarechtlichen Vorgaben zu halten. Er unterh\u00e4lt heutzutage ganze Abteilungen, die sich mit Compliance besch\u00e4ftigen und er h\u00e4tte erkennen k\u00f6nnen und m\u00fcssen, dass das eigene Handeln gegen die Ziele und Vorgaben aus Br\u00fcssel versto\u00dfen&#8220; erl\u00e4utert RA Dr. Marco Rogert.<\/p>\n\n\n\n<p>Der Bundesgerichtshof (BGH) hat die Frage um eine generelle Rechtswidrigkeit von Thermofenstern vor einiger Zeit noch anders bewertet. Zuletzt hat er jedoch auch mehrere laufende Verfahren mit der Begr\u00fcndung ausgesetzt, zun\u00e4chst eine Entscheidung des EuGH abwarten zu wollen, um&nbsp;<em>\u201eden mit Dieselverfahren befassten erstinstanzlichen Gerichten und den Berufungsgerichten [&#8230;] so bald als m\u00f6glich im Anschluss an eine Entscheidung des Gerichtshofs h\u00f6chstrichterliche Leitlinien an die Hand&#8220; zu geben.&#8220;<\/em>&nbsp;(Pressemitteilung vom 01.07.2022 zum Az.: VIa ZR 335\/21).<\/p>\n\n\n\n<h2 class=\"wp-block-heading\" id=\"h-erleichterte-anspruchsdurchsetzung-f-ur-klager\"><strong>Erleichterte Anspruchsdurchsetzung<\/strong> f<strong>\u00fcr Kl\u00e4ger <\/strong><\/h2>\n\n\n\n<p>\u201eDer Bundesgerichtshof hat daher nunmehr die verbindlichen Vorgaben erhalten, die Anspruchsgrundlage \u00a7 823 Abs. 2 BGB i.V.m. der Europ\u00e4ischen Richtline 2007\/46\/EG und der Verordnung Nr. 715\/2007 im Abgasskandalkomplex neben den bisherigen auf dem Vorsatzvorwurf beruhenden Anspruchsgrundlagen anzuwenden und temperaturgef\u00fchrte Abschalteinrichtungen \u00e4u\u00dfert kritisch zu bewerten. F\u00fcr die Anspruchsteller er\u00f6ffnet sich dadurch eine erleichterte Anspruchsdurchsetzung. Es ist auch nicht zu erwarten, dass sich der Bundesgerichtshof \u00fcber diese Entscheidung hinwegsetzen wird, da er durch eine Verschiebung von Verk\u00fcndungsterminen im fraglichen Fallkomplex zu erkennen gegeben hat, dass er die EuGH-Entscheidung in derartigen F\u00e4llen f\u00fcr verbindlich und vorgreiflich h\u00e4lt&#8220; ordnet Dr. Rogert die Tragweite des RuGH-Urteils ein.<\/p>\n\n\n\n<p>In der Gesamtschau dieser Urteile bedeute dies, dass jedenfalls dann, wenn die temperaturgef\u00fchrte Abschalteinrichtung dazu f\u00fchrt, dass die Abgasreinigung ein Gro\u00dfteil des Jahres abgeschaltet ist, in aller Regel ein R\u00fcckabwicklungsanspruch gegeben ist. Das gilt vollkommen unabh\u00e4ngig davon, um welchen Hersteller es sich handele. \u201eAufgrund des Zwecks der Abschalteinrichtung, auch in der Realit\u00e4t eingesetzt zu werden, d\u00fcrfte diese Voraussetzung in aller Regel erf\u00fcllt sein. Die aufwendige Programmierung einer Abschalteinrichtung, die etwa erst unter -20 und \u00fcber +70 Grad Celsius Au\u00dfentemperatur einsetzt w\u00e4re unsinnig&#8220; meint der R&amp;U Rechtsexperte.<\/p>\n\n\n\n<h2 class=\"wp-block-heading\" id=\"h-hoherer-erfolgsaussicht-f-ur-geschadigte-verbraucher\"><strong>H\u00f6herer Erfolgsaussicht<\/strong> f<strong>\u00fcr gesch\u00e4digte Verbraucher <\/strong><\/h2>\n\n\n\n<p>\u201eF\u00fcr Besitzer von maximal zehn Jahre alten Fahrzeugen mit Verbrennungs-Motor bedeutet diese Entscheidung nach meinem Daf\u00fcrhalten, dass eine Durchsetzung von Schadensersatzanspr\u00fcchen mit deutlich h\u00f6herer Erfolgsaussicht m\u00f6glich ist als vor dieser Entscheidung&#8220;, schlussfolgert Dr. Rogert.<\/p>\n\n\n\n<p>Bereits in den Urteilen des Gerichtshofs in den Rechtssachen C-128\/20 | GSMB Invest, C-134\/20 | Volkswagen und C-145\/20 | Porsche Inter Auto und Volkswagen hatte der EuGH festgestellt, dass die in Millionen Dieselfahrzeugen verwendeten temperaturgef\u00fchrten Abschalteinrichtungen illegal sind, da sie gegen die einschl\u00e4gige EU-Verordnung versto\u00dfen. \u201eBesonders brisant sind die damaligen Entscheidungen deshalb, weil derartige Abschalteinrichtungen nach Medienberichten auch in Fahrzeugen mit Benzin-Motor Verwendung fanden und so aus dem Diesel-Abgasskandal ein Verbrenner-Abgasskandal wird\u201c schildert Dr. Marco Rogert weiter.<\/p>\n\n\n\n<p>Der Bundesgerichtshof (BGH) hat die Frage um eine generelle Rechtswidrigkeit von Thermofenstern vor einiger Zeit noch anders bewertet. Zuletzt hat er jedoch auch mehrere laufende Verfahren mit der Begr\u00fcndung ausgesetzt, zun\u00e4chst eine Entscheidung des EuGH abwarten zu wollen, um&nbsp;<em>\u201eden mit Dieselverfahren befassten erstinstanzlichen Gerichten und den Berufungsgerichten [&#8230;] so bald als m\u00f6glich im Anschluss an eine Entscheidung des Gerichtshofs h\u00f6chstrichterliche Leitlinien an die Hand&#8220; zu geben.&#8220;<\/em>&nbsp;(Pressemitteilung vom 01.07.2022 zum Az.: VIa ZR 335\/21).<\/p>\n\n\n\n<h2 class=\"wp-block-heading\" id=\"h-eugh-entscheidung-ist-fur-den-bundesgerichtshof-verbindlich\"><strong>EuGH-Entscheidung<\/strong> ist f\u00fcr den Bundesgerichtshof verbindlich<\/h2>\n\n\n\n<p>RA Rogert: \u201eDer Bundesgerichtshof hat daher nunmehr die verbindlichen Vorgaben erhalten, die Anspruchsgrundlage \u00a7 823 Abs. 2 BGB i.V.m. der Europ\u00e4ischen Richtline 2007\/46\/EG und der Verordnung Nr. 715\/2007 im Abgasskandalkomplex neben den bisherigen auf dem Vorsatzvorwurf beruhenden Anspruchsgrundlagen anzuwenden und temperaturgef\u00fchrte Abschalteinrichtungen \u00e4u\u00dfert kritisch zu bewerten. F\u00fcr die Anspruchsteller er\u00f6ffnet sich dadurch eine erleichterte Anspruchsdurchsetzung. Es ist auch nicht zu erwarten, dass sich der Bundesgerichtshof \u00fcber diese Entscheidung hinwegsetzen wird, da er durch eine Verschiebung von Verk\u00fcndungsterminen im fraglichen Fallkomplex zu erkennen gegeben hat, dass er die EuGH-Entscheidung in derartigen F\u00e4llen f\u00fcr verbindlich und vorgreiflich h\u00e4lt.&#8220;<\/p>\n\n\n\n<p><\/p>\n\n\n\n<h3 class=\"wp-block-heading\" id=\"h-rogert-amp-ulbrich-empfiehlt\">Rogert &amp; Ulbrich empfiehlt <\/h3>\n\n\n\n<p>Profitieren Sie von der Entscheidung des EuGHs und <a href=\"https:\/\/ru.law\/expertise\/abgasskandal\/mercedes-benz-diesel\/#erstberatung\">leiten Sie jetzt das Verfahren ein<\/a>, um noch schneller entsch\u00e4digt zu werden. <a href=\"https:\/\/ru.law\/kontakt\/#kontaktformular\">Wir beraten Sie kostenlos und unverbindlich.<\/a><a id=\"_msocom_1\"><\/a><\/p>\n","protected":false},"excerpt":{"rendered":"<p>Als eine der f\u00fchrenden Anwaltskanzleien im sog. Abgasskandal-Komplex &#8211; mit mehr als 50.000 Verfahren &#8211; haben wir als erste Kanzlei einen gerichtlichen Erfolg gegen die [&hellip;]<\/p>\n","protected":false},"author":2,"featured_media":49808,"comment_status":"closed","ping_status":"open","sticky":false,"template":"","format":"standard","meta":{"_uag_custom_page_level_css":"","site-sidebar-layout":"default","site-content-layout":"","ast-site-content-layout":"default","site-content-style":"default","site-sidebar-style":"default","ast-global-header-display":"","ast-banner-title-visibility":"","ast-main-header-display":"","ast-hfb-above-header-display":"","ast-hfb-below-header-display":"","ast-hfb-mobile-header-display":"","site-post-title":"","ast-breadcrumbs-content":"","ast-featured-img":"","footer-sml-layout":"","ast-disable-related-posts":"","theme-transparent-header-meta":"","adv-header-id-meta":"","stick-header-meta":"","header-above-stick-meta":"","header-main-stick-meta":"","header-below-stick-meta":"","astra-migrate-meta-layouts":"set","ast-page-background-enabled":"default","ast-page-background-meta":{"desktop":{"background-color":"","background-image":"","background-repeat":"repeat","background-position":"center center","background-size":"auto","background-attachment":"scroll","background-type":"","background-media":"","overlay-type":"","overlay-color":"","overlay-opacity":"","overlay-gradient":""},"tablet":{"background-color":"","background-image":"","background-repeat":"repeat","background-position":"center center","background-size":"auto","background-attachment":"scroll","background-type":"","background-media":"","overlay-type":"","overlay-color":"","overlay-opacity":"","overlay-gradient":""},"mobile":{"background-color":"","background-image":"","background-repeat":"repeat","background-position":"center center","background-size":"auto","background-attachment":"scroll","background-type":"","background-media":"","overlay-type":"","overlay-color":"","overlay-opacity":"","overlay-gradient":""}},"ast-content-background-meta":{"desktop":{"background-color":"var(--ast-global-color-5)","background-image":"","background-repeat":"repeat","background-position":"center center","background-size":"auto","background-attachment":"scroll","background-type":"","background-media":"","overlay-type":"","overlay-color":"","overlay-opacity":"","overlay-gradient":""},"tablet":{"background-color":"var(--ast-global-color-5)","background-image":"","background-repeat":"repeat","background-position":"center center","background-size":"auto","background-attachment":"scroll","background-type":"","background-media":"","overlay-type":"","overlay-color":"","overlay-opacity":"","overlay-gradient":""},"mobile":{"background-color":"var(--ast-global-color-5)","background-image":"","background-repeat":"repeat","background-position":"center center","background-size":"auto","background-attachment":"scroll","background-type":"","background-media":"","overlay-type":"","overlay-color":"","overlay-opacity":"","overlay-gradient":""}},"footnotes":""},"categories":[2],"tags":[895,14,20,991,876,37,41],"class_list":["post-49805","post","type-post","status-publish","format-standard","has-post-thumbnail","hentry","category-abgasskandal","tag-abschalteinrichtung","tag-bgh","tag-ea288","tag-eugh","tag-mercedes-benz","tag-schadensersatz","tag-thermofenster"],"yoast_head":"<!-- This site is optimized with the Yoast SEO Premium plugin v27.4 (Yoast SEO v27.4) - https:\/\/yoast.com\/product\/yoast-seo-premium-wordpress\/ -->\n<title>EuGH st\u00e4rkt die Verbraucherrechte im Abgasskandal und bewertet das Thermofenster als rechtswidrig - R&amp;U<\/title>\n<meta name=\"description\" content=\"Eine m\u00f6gliche Entscheidung des EuGH ist von solcher Tragweite, dass sogar der BGH seine Verhandlungen verschiebt. Handeln Sie jetzt!\" \/>\n<meta name=\"robots\" content=\"index, follow, max-snippet:-1, max-image-preview:large, max-video-preview:-1\" \/>\n<link rel=\"canonical\" href=\"https:\/\/ru.law\/nl\/eugh-staerkt-die-verbraucherrechte-im-abgasskandal-und-bewertet-das-thermofenster-als-rechtswidrig\/\" \/>\n<meta property=\"og:locale\" content=\"nl_NL\" \/>\n<meta property=\"og:type\" content=\"article\" \/>\n<meta property=\"og:title\" content=\"EuGH st\u00e4rkt die Verbraucherrechte im Abgasskandal und bewertet das Thermofenster als rechtswidrig\" \/>\n<meta property=\"og:description\" content=\"Eine m\u00f6gliche Entscheidung des EuGH ist von solcher Tragweite, dass sogar der BGH seine Verhandlungen verschiebt. Handeln Sie jetzt!\" \/>\n<meta property=\"og:url\" content=\"https:\/\/ru.law\/nl\/eugh-staerkt-die-verbraucherrechte-im-abgasskandal-und-bewertet-das-thermofenster-als-rechtswidrig\/\" \/>\n<meta property=\"og:site_name\" content=\"R&amp;U\" \/>\n<meta property=\"article:publisher\" content=\"https:\/\/www.facebook.com\/RogertUlbrich\/\" \/>\n<meta property=\"article:published_time\" content=\"2023-03-21T14:20:00+00:00\" \/>\n<meta property=\"article:modified_time\" content=\"2024-10-29T07:13:03+00:00\" \/>\n<meta property=\"og:image\" content=\"https:\/\/ru.law\/wp-content\/uploads\/2023\/04\/rogert-ulbrich-rechtsanwalt-eugh-mercedes-urteil.jpg\" \/>\n\t<meta property=\"og:image:width\" content=\"1200\" \/>\n\t<meta property=\"og:image:height\" content=\"675\" \/>\n\t<meta property=\"og:image:type\" content=\"image\/jpeg\" \/>\n<meta name=\"author\" content=\"Stefan Selge\" \/>\n<meta name=\"twitter:card\" content=\"summary_large_image\" \/>\n<meta name=\"twitter:creator\" content=\"@RogertUlbrich\" \/>\n<meta name=\"twitter:site\" content=\"@RogertUlbrich\" \/>\n<script type=\"application\/ld+json\" class=\"yoast-schema-graph\">{\"@context\":\"https:\\\/\\\/schema.org\",\"@graph\":[{\"@type\":\"Article\",\"@id\":\"https:\\\/\\\/ru.law\\\/eugh-staerkt-die-verbraucherrechte-im-abgasskandal-und-bewertet-das-thermofenster-als-rechtswidrig\\\/#article\",\"isPartOf\":{\"@id\":\"https:\\\/\\\/ru.law\\\/eugh-staerkt-die-verbraucherrechte-im-abgasskandal-und-bewertet-das-thermofenster-als-rechtswidrig\\\/\"},\"author\":{\"name\":\"Stefan Selge\",\"@id\":\"https:\\\/\\\/ru.law\\\/#\\\/schema\\\/person\\\/10e5b85e615f8a9d0bb96174432e1e1a\"},\"headline\":\"EuGH st\u00e4rkt die Verbraucherrechte im Abgasskandal und bewertet das Thermofenster als rechtswidrig\",\"datePublished\":\"2023-03-21T14:20:00+00:00\",\"dateModified\":\"2024-10-29T07:13:03+00:00\",\"mainEntityOfPage\":{\"@id\":\"https:\\\/\\\/ru.law\\\/eugh-staerkt-die-verbraucherrechte-im-abgasskandal-und-bewertet-das-thermofenster-als-rechtswidrig\\\/\"},\"wordCount\":970,\"publisher\":{\"@id\":\"https:\\\/\\\/ru.law\\\/#organization\"},\"image\":{\"@id\":\"https:\\\/\\\/ru.law\\\/eugh-staerkt-die-verbraucherrechte-im-abgasskandal-und-bewertet-das-thermofenster-als-rechtswidrig\\\/#primaryimage\"},\"thumbnailUrl\":\"https:\\\/\\\/ru.law\\\/wp-content\\\/uploads\\\/2023\\\/04\\\/rogert-ulbrich-rechtsanwalt-eugh-mercedes-urteil.jpg\",\"keywords\":[\"Abschalteinrichtung\",\"BGH\",\"EA288\",\"EuGH\",\"Mercedes-Benz\",\"Schadensersatz\",\"Thermofenster\"],\"articleSection\":[\"Abgasskandal\"],\"inLanguage\":\"nl-NL\"},{\"@type\":\"WebPage\",\"@id\":\"https:\\\/\\\/ru.law\\\/eugh-staerkt-die-verbraucherrechte-im-abgasskandal-und-bewertet-das-thermofenster-als-rechtswidrig\\\/\",\"url\":\"https:\\\/\\\/ru.law\\\/eugh-staerkt-die-verbraucherrechte-im-abgasskandal-und-bewertet-das-thermofenster-als-rechtswidrig\\\/\",\"name\":\"EuGH st\u00e4rkt die Verbraucherrechte im Abgasskandal und bewertet das Thermofenster als rechtswidrig - R&amp;U\",\"isPartOf\":{\"@id\":\"https:\\\/\\\/ru.law\\\/#website\"},\"primaryImageOfPage\":{\"@id\":\"https:\\\/\\\/ru.law\\\/eugh-staerkt-die-verbraucherrechte-im-abgasskandal-und-bewertet-das-thermofenster-als-rechtswidrig\\\/#primaryimage\"},\"image\":{\"@id\":\"https:\\\/\\\/ru.law\\\/eugh-staerkt-die-verbraucherrechte-im-abgasskandal-und-bewertet-das-thermofenster-als-rechtswidrig\\\/#primaryimage\"},\"thumbnailUrl\":\"https:\\\/\\\/ru.law\\\/wp-content\\\/uploads\\\/2023\\\/04\\\/rogert-ulbrich-rechtsanwalt-eugh-mercedes-urteil.jpg\",\"datePublished\":\"2023-03-21T14:20:00+00:00\",\"dateModified\":\"2024-10-29T07:13:03+00:00\",\"description\":\"Eine m\u00f6gliche Entscheidung des EuGH ist von solcher Tragweite, dass sogar der BGH seine Verhandlungen verschiebt. Handeln Sie jetzt!\",\"breadcrumb\":{\"@id\":\"https:\\\/\\\/ru.law\\\/eugh-staerkt-die-verbraucherrechte-im-abgasskandal-und-bewertet-das-thermofenster-als-rechtswidrig\\\/#breadcrumb\"},\"inLanguage\":\"nl-NL\",\"potentialAction\":[{\"@type\":\"ReadAction\",\"target\":[\"https:\\\/\\\/ru.law\\\/eugh-staerkt-die-verbraucherrechte-im-abgasskandal-und-bewertet-das-thermofenster-als-rechtswidrig\\\/\"]}]},{\"@type\":\"ImageObject\",\"inLanguage\":\"nl-NL\",\"@id\":\"https:\\\/\\\/ru.law\\\/eugh-staerkt-die-verbraucherrechte-im-abgasskandal-und-bewertet-das-thermofenster-als-rechtswidrig\\\/#primaryimage\",\"url\":\"https:\\\/\\\/ru.law\\\/wp-content\\\/uploads\\\/2023\\\/04\\\/rogert-ulbrich-rechtsanwalt-eugh-mercedes-urteil.jpg\",\"contentUrl\":\"https:\\\/\\\/ru.law\\\/wp-content\\\/uploads\\\/2023\\\/04\\\/rogert-ulbrich-rechtsanwalt-eugh-mercedes-urteil.jpg\",\"width\":1200,\"height\":675},{\"@type\":\"BreadcrumbList\",\"@id\":\"https:\\\/\\\/ru.law\\\/eugh-staerkt-die-verbraucherrechte-im-abgasskandal-und-bewertet-das-thermofenster-als-rechtswidrig\\\/#breadcrumb\",\"itemListElement\":[{\"@type\":\"ListItem\",\"position\":1,\"name\":\"Startseite\",\"item\":\"https:\\\/\\\/ru.law\\\/\"},{\"@type\":\"ListItem\",\"position\":2,\"name\":\"EuGH st\u00e4rkt die Verbraucherrechte im Abgasskandal und bewertet das Thermofenster als rechtswidrig\"}]},{\"@type\":\"WebSite\",\"@id\":\"https:\\\/\\\/ru.law\\\/#website\",\"url\":\"https:\\\/\\\/ru.law\\\/\",\"name\":\"R&U\",\"description\":\"Verbraucheranw\u00e4lte\",\"publisher\":{\"@id\":\"https:\\\/\\\/ru.law\\\/#organization\"},\"alternateName\":\"Rogert & Ulbrich\",\"potentialAction\":[{\"@type\":\"SearchAction\",\"target\":{\"@type\":\"EntryPoint\",\"urlTemplate\":\"https:\\\/\\\/ru.law\\\/?s={search_term_string}\"},\"query-input\":{\"@type\":\"PropertyValueSpecification\",\"valueRequired\":true,\"valueName\":\"search_term_string\"}}],\"inLanguage\":\"nl-NL\"},{\"@type\":\"Organization\",\"@id\":\"https:\\\/\\\/ru.law\\\/#organization\",\"name\":\"Kanzlei Rogert & Ulbrich\",\"url\":\"https:\\\/\\\/ru.law\\\/\",\"logo\":{\"@type\":\"ImageObject\",\"inLanguage\":\"nl-NL\",\"@id\":\"https:\\\/\\\/ru.law\\\/#\\\/schema\\\/logo\\\/image\\\/\",\"url\":\"https:\\\/\\\/ru.law\\\/wp-content\\\/uploads\\\/2020\\\/12\\\/logo-ru-law.svg\",\"contentUrl\":\"https:\\\/\\\/ru.law\\\/wp-content\\\/uploads\\\/2020\\\/12\\\/logo-ru-law.svg\",\"width\":992,\"height\":259,\"caption\":\"Kanzlei Rogert & Ulbrich\"},\"image\":{\"@id\":\"https:\\\/\\\/ru.law\\\/#\\\/schema\\\/logo\\\/image\\\/\"},\"sameAs\":[\"https:\\\/\\\/www.facebook.com\\\/RogertUlbrich\\\/\",\"https:\\\/\\\/x.com\\\/RogertUlbrich\",\"https:\\\/\\\/www.instagram.com\\\/rogertulbrich\\\/\",\"https:\\\/\\\/www.linkedin.com\\\/company\\\/rogert-ulbrich\\\/\",\"https:\\\/\\\/www.youtube.com\\\/channel\\\/UCganCgpvwpPFqMFf1vVmG2A\"]},{\"@type\":\"Person\",\"@id\":\"https:\\\/\\\/ru.law\\\/#\\\/schema\\\/person\\\/10e5b85e615f8a9d0bb96174432e1e1a\",\"name\":\"Stefan Selge\",\"url\":\"https:\\\/\\\/ru.law\\\/nl\\\/author\\\/selge\\\/\"}]}<\/script>\n<!-- \/ Yoast SEO Premium plugin. -->","yoast_head_json":{"title":"EuGH st\u00e4rkt die Verbraucherrechte im Abgasskandal und bewertet das Thermofenster als rechtswidrig - R&amp;U","description":"Een mogelijke uitspraak van het Hof van Justitie is zo ingrijpend dat zelfs het Federale Hof van Justitie de hoorzittingen uitstelt. Kom nu in actie!","robots":{"index":"index","follow":"follow","max-snippet":"max-snippet:-1","max-image-preview":"max-image-preview:large","max-video-preview":"max-video-preview:-1"},"canonical":"https:\/\/ru.law\/nl\/eugh-staerkt-die-verbraucherrechte-im-abgasskandal-und-bewertet-das-thermofenster-als-rechtswidrig\/","og_locale":"nl_NL","og_type":"article","og_title":"EuGH st\u00e4rkt die Verbraucherrechte im Abgasskandal und bewertet das Thermofenster als rechtswidrig","og_description":"Eine m\u00f6gliche Entscheidung des EuGH ist von solcher Tragweite, dass sogar der BGH seine Verhandlungen verschiebt. Handeln Sie jetzt!","og_url":"https:\/\/ru.law\/nl\/eugh-staerkt-die-verbraucherrechte-im-abgasskandal-und-bewertet-das-thermofenster-als-rechtswidrig\/","og_site_name":"R&amp;U","article_publisher":"https:\/\/www.facebook.com\/RogertUlbrich\/","article_published_time":"2023-03-21T14:20:00+00:00","article_modified_time":"2024-10-29T07:13:03+00:00","og_image":[{"width":1200,"height":675,"url":"https:\/\/ru.law\/wp-content\/uploads\/2023\/04\/rogert-ulbrich-rechtsanwalt-eugh-mercedes-urteil.jpg","type":"image\/jpeg"}],"author":"Stefan Selge","twitter_card":"summary_large_image","twitter_creator":"@RogertUlbrich","twitter_site":"@RogertUlbrich","schema":{"@context":"https:\/\/schema.org","@graph":[{"@type":"Article","@id":"https:\/\/ru.law\/eugh-staerkt-die-verbraucherrechte-im-abgasskandal-und-bewertet-das-thermofenster-als-rechtswidrig\/#article","isPartOf":{"@id":"https:\/\/ru.law\/eugh-staerkt-die-verbraucherrechte-im-abgasskandal-und-bewertet-das-thermofenster-als-rechtswidrig\/"},"author":{"name":"Stefan Selge","@id":"https:\/\/ru.law\/#\/schema\/person\/10e5b85e615f8a9d0bb96174432e1e1a"},"headline":"EuGH st\u00e4rkt die Verbraucherrechte im Abgasskandal und bewertet das Thermofenster als rechtswidrig","datePublished":"2023-03-21T14:20:00+00:00","dateModified":"2024-10-29T07:13:03+00:00","mainEntityOfPage":{"@id":"https:\/\/ru.law\/eugh-staerkt-die-verbraucherrechte-im-abgasskandal-und-bewertet-das-thermofenster-als-rechtswidrig\/"},"wordCount":970,"publisher":{"@id":"https:\/\/ru.law\/#organization"},"image":{"@id":"https:\/\/ru.law\/eugh-staerkt-die-verbraucherrechte-im-abgasskandal-und-bewertet-das-thermofenster-als-rechtswidrig\/#primaryimage"},"thumbnailUrl":"https:\/\/ru.law\/wp-content\/uploads\/2023\/04\/rogert-ulbrich-rechtsanwalt-eugh-mercedes-urteil.jpg","keywords":["Abschalteinrichtung","BGH","EA288","EuGH","Mercedes-Benz","Schadensersatz","Thermofenster"],"articleSection":["Abgasskandal"],"inLanguage":"nl-NL"},{"@type":"WebPage","@id":"https:\/\/ru.law\/eugh-staerkt-die-verbraucherrechte-im-abgasskandal-und-bewertet-das-thermofenster-als-rechtswidrig\/","url":"https:\/\/ru.law\/eugh-staerkt-die-verbraucherrechte-im-abgasskandal-und-bewertet-das-thermofenster-als-rechtswidrig\/","name":"EuGH st\u00e4rkt die Verbraucherrechte im Abgasskandal und bewertet das Thermofenster als rechtswidrig - R&amp;U","isPartOf":{"@id":"https:\/\/ru.law\/#website"},"primaryImageOfPage":{"@id":"https:\/\/ru.law\/eugh-staerkt-die-verbraucherrechte-im-abgasskandal-und-bewertet-das-thermofenster-als-rechtswidrig\/#primaryimage"},"image":{"@id":"https:\/\/ru.law\/eugh-staerkt-die-verbraucherrechte-im-abgasskandal-und-bewertet-das-thermofenster-als-rechtswidrig\/#primaryimage"},"thumbnailUrl":"https:\/\/ru.law\/wp-content\/uploads\/2023\/04\/rogert-ulbrich-rechtsanwalt-eugh-mercedes-urteil.jpg","datePublished":"2023-03-21T14:20:00+00:00","dateModified":"2024-10-29T07:13:03+00:00","description":"Een mogelijke uitspraak van het Hof van Justitie is zo ingrijpend dat zelfs het Federale Hof van Justitie de hoorzittingen uitstelt. Kom nu in actie!","breadcrumb":{"@id":"https:\/\/ru.law\/eugh-staerkt-die-verbraucherrechte-im-abgasskandal-und-bewertet-das-thermofenster-als-rechtswidrig\/#breadcrumb"},"inLanguage":"nl-NL","potentialAction":[{"@type":"ReadAction","target":["https:\/\/ru.law\/eugh-staerkt-die-verbraucherrechte-im-abgasskandal-und-bewertet-das-thermofenster-als-rechtswidrig\/"]}]},{"@type":"ImageObject","inLanguage":"nl-NL","@id":"https:\/\/ru.law\/eugh-staerkt-die-verbraucherrechte-im-abgasskandal-und-bewertet-das-thermofenster-als-rechtswidrig\/#primaryimage","url":"https:\/\/ru.law\/wp-content\/uploads\/2023\/04\/rogert-ulbrich-rechtsanwalt-eugh-mercedes-urteil.jpg","contentUrl":"https:\/\/ru.law\/wp-content\/uploads\/2023\/04\/rogert-ulbrich-rechtsanwalt-eugh-mercedes-urteil.jpg","width":1200,"height":675},{"@type":"BreadcrumbList","@id":"https:\/\/ru.law\/eugh-staerkt-die-verbraucherrechte-im-abgasskandal-und-bewertet-das-thermofenster-als-rechtswidrig\/#breadcrumb","itemListElement":[{"@type":"ListItem","position":1,"name":"Startseite","item":"https:\/\/ru.law\/"},{"@type":"ListItem","position":2,"name":"EuGH st\u00e4rkt die Verbraucherrechte im Abgasskandal und bewertet das Thermofenster als rechtswidrig"}]},{"@type":"WebSite","@id":"https:\/\/ru.law\/#website","url":"https:\/\/ru.law\/","name":"R&amp;U","description":"Consumentenadvocaten","publisher":{"@id":"https:\/\/ru.law\/#organization"},"alternateName":"Rogert & Ulbrich","potentialAction":[{"@type":"SearchAction","target":{"@type":"EntryPoint","urlTemplate":"https:\/\/ru.law\/?s={search_term_string}"},"query-input":{"@type":"PropertyValueSpecification","valueRequired":true,"valueName":"search_term_string"}}],"inLanguage":"nl-NL"},{"@type":"Organization","@id":"https:\/\/ru.law\/#organization","name":"Advocatenkantoor Rogert &amp; Ulbrich","url":"https:\/\/ru.law\/","logo":{"@type":"ImageObject","inLanguage":"nl-NL","@id":"https:\/\/ru.law\/#\/schema\/logo\/image\/","url":"https:\/\/ru.law\/wp-content\/uploads\/2020\/12\/logo-ru-law.svg","contentUrl":"https:\/\/ru.law\/wp-content\/uploads\/2020\/12\/logo-ru-law.svg","width":992,"height":259,"caption":"Kanzlei Rogert & Ulbrich"},"image":{"@id":"https:\/\/ru.law\/#\/schema\/logo\/image\/"},"sameAs":["https:\/\/www.facebook.com\/RogertUlbrich\/","https:\/\/x.com\/RogertUlbrich","https:\/\/www.instagram.com\/rogertulbrich\/","https:\/\/www.linkedin.com\/company\/rogert-ulbrich\/","https:\/\/www.youtube.com\/channel\/UCganCgpvwpPFqMFf1vVmG2A"]},{"@type":"Person","@id":"https:\/\/ru.law\/#\/schema\/person\/10e5b85e615f8a9d0bb96174432e1e1a","name":"Stefan Selge","url":"https:\/\/ru.law\/nl\/author\/selge\/"}]}},"uagb_featured_image_src":{"full":["https:\/\/ru.law\/wp-content\/uploads\/2023\/04\/rogert-ulbrich-rechtsanwalt-eugh-mercedes-urteil.jpg",1200,675,false],"thumbnail":["https:\/\/ru.law\/wp-content\/uploads\/2023\/04\/rogert-ulbrich-rechtsanwalt-eugh-mercedes-urteil.jpg",128,72,false],"medium":["https:\/\/ru.law\/wp-content\/uploads\/2023\/04\/rogert-ulbrich-rechtsanwalt-eugh-mercedes-urteil.jpg",1200,675,false],"medium_large":["https:\/\/ru.law\/wp-content\/uploads\/2023\/04\/rogert-ulbrich-rechtsanwalt-eugh-mercedes-urteil-768x432.jpg",768,432,true],"large":["https:\/\/ru.law\/wp-content\/uploads\/2023\/04\/rogert-ulbrich-rechtsanwalt-eugh-mercedes-urteil.jpg",1200,675,false],"1536x1536":["https:\/\/ru.law\/wp-content\/uploads\/2023\/04\/rogert-ulbrich-rechtsanwalt-eugh-mercedes-urteil.jpg",1200,675,false],"2048x2048":["https:\/\/ru.law\/wp-content\/uploads\/2023\/04\/rogert-ulbrich-rechtsanwalt-eugh-mercedes-urteil.jpg",1200,675,false],"trp-custom-language-flag":["https:\/\/ru.law\/wp-content\/uploads\/2023\/04\/rogert-ulbrich-rechtsanwalt-eugh-mercedes-urteil.jpg",18,10,false]},"uagb_author_info":{"display_name":"Stefan Selge","author_link":"https:\/\/ru.law\/nl\/author\/selge\/"},"uagb_comment_info":0,"uagb_excerpt":"Als eine der f\u00fchrenden Anwaltskanzleien im sog. Abgasskandal-Komplex &#8211; mit mehr als 50.000 Verfahren &#8211; haben wir als erste Kanzlei einen gerichtlichen Erfolg gegen die [&hellip;]","_links":{"self":[{"href":"https:\/\/ru.law\/nl\/wp-json\/wp\/v2\/posts\/49805","targetHints":{"allow":["GET"]}}],"collection":[{"href":"https:\/\/ru.law\/nl\/wp-json\/wp\/v2\/posts"}],"about":[{"href":"https:\/\/ru.law\/nl\/wp-json\/wp\/v2\/types\/post"}],"author":[{"embeddable":true,"href":"https:\/\/ru.law\/nl\/wp-json\/wp\/v2\/users\/2"}],"replies":[{"embeddable":true,"href":"https:\/\/ru.law\/nl\/wp-json\/wp\/v2\/comments?post=49805"}],"version-history":[{"count":0,"href":"https:\/\/ru.law\/nl\/wp-json\/wp\/v2\/posts\/49805\/revisions"}],"wp:featuredmedia":[{"embeddable":true,"href":"https:\/\/ru.law\/nl\/wp-json\/wp\/v2\/media\/49808"}],"wp:attachment":[{"href":"https:\/\/ru.law\/nl\/wp-json\/wp\/v2\/media?parent=49805"}],"wp:term":[{"taxonomy":"category","embeddable":true,"href":"https:\/\/ru.law\/nl\/wp-json\/wp\/v2\/categories?post=49805"},{"taxonomy":"post_tag","embeddable":true,"href":"https:\/\/ru.law\/nl\/wp-json\/wp\/v2\/tags?post=49805"}],"curies":[{"name":"wp","href":"https:\/\/api.w.org\/{rel}","templated":true}]}}