{"id":4879,"date":"2020-02-06T15:37:15","date_gmt":"2020-02-06T14:37:15","guid":{"rendered":"https:\/\/www.rogertulbrich.de\/wp\/?p=4879"},"modified":"2024-07-08T13:13:12","modified_gmt":"2024-07-08T11:13:12","slug":"nepper-haben-kein-recht-auf-nutzungsentschaedigung","status":"publish","type":"post","link":"https:\/\/ru.law\/nl\/nepper-haben-kein-recht-auf-nutzungsentschaedigung\/","title":{"rendered":"Oplichters hebben geen recht op compensatie"},"content":{"rendered":"<h2 class=\"wp-block-heading\" id=\"h-erstes-rechtskraftiges-urteil-spricht-klager-den-vollen-kaufpreis-zu-ohne-ein-recht-auf-nutzungsentschadigung\">Bij het eerste eindvonnis wordt aan de eiser de volledige koopprijs toegekend, zonder dat hem enig recht op een gebruiksvergoeding wordt toegekend.<\/h2>\n\n\n\n<p>Voor het eerst in de geschiedenis van de <a href=\"https:\/\/ru.law\/nl\/expertise\/abgasskandal\/\">emissieschandaal<\/a>In Duitsland is een vonnis tegen Volkswagen AG definitief geworden, waarbij aan de eiser de volledige koopprijs is toegekend. Bovendien kreeg de autofabrikant geen enkele vergoeding voor het gebruik. Verrassend genoeg heeft Volkswagen haar beroep tegen de uitspraak van de regionale rechtbank van Potsdam ingetrokken. Dit betekent dat VW de volledige aankoopprijs plus rente aan de koper van de auto moet betalen. De uitspraak versterkt de rechten van honderdduizenden consumenten die getroffen zijn door het emissieschandaal.<\/p>\n\n\n\n<h3 class=\"wp-block-heading\" id=\"h-keine-nutzungsentschadigung-bei-krimineller-ubervorteilung\">Geen compensatie bij gebruik bij criminele fraude<\/h3>\n\n\n\n<p>Dokter Marco Rogert legt de explosieve aard van de uitspraak uit en de gevolgen voor <a href=\"https:\/\/ru.law\/nl\/expertise\/abgasskandal\/vw-diesel\/\">VW in het emissieschandaal<\/a>: \u201cInmiddels hebben wij de overhand gekregen en is het verboden om het verbruik af te trekken bij criminele fraude jegens klanten. Iedereen die klanten misleidt, moet het volledige bedrag terugbetalen. VW moet bang zijn geweest voor de motivering van het vonnis en heeft op het laatste moment het beroep ingetrokken. Ik wacht met spanning af of het juridisch oordeel van de 3e burgerlijke senaat van het hof van beroep in Brandenburg zal zegevieren.\u201d<\/p>\n\n\n\n<h3 class=\"wp-block-heading\" id=\"h-volkswagen-zur-ruckzahlung-des-vollen-kaufpreises-zzgl-zinsen-verurteilt\">Volkswagen moet volledige aankoopprijs plus rente terugbetalen<\/h3>\n\n\n\n<p>Volkswagen AG heeft haar hoger beroep tegen het vonnis in eerste aanleg van de regionale rechtbank Potsdam van 12 april 2019 (zaak nr. 6 O 38\/18) ingetrokken, onder de indruk van de mondelinge behandeling bij de hogere regionale rechtbank Brandenburg (zaak nr. 3 U 61\/19). Bij deze uitspraak werd Volkswagen AG veroordeeld tot terugbetaling van een bedrag van EUR 11.980, vermeerderd met een rente van EUR 2.118,72, plus een rente van vijf procent boven de basisrente sinds 19 december 2017. Betrokkene had op 16 mei 2014 de Volkswagen Passat 2.0 TDI Blue Motion gekocht bij een zelfstandige dealer. Bij besluit van 28 januari 2020 werd Volkswagen AG in het ongelijk gesteld. Het vonnis van de Arrondissementsrechtbank Potsdam is derhalve definitief. Volkswagen AG draagt de kosten van de procedure in beide instanties.<\/p>\n\n\n\n<h3 class=\"wp-block-heading\" id=\"h-das-rechtswirksame-urteile-starkt-die-recht-der-verbraucher\">\u201cHet rechtsgeldige vonnis versterkt de rechten van consumenten\u201d<\/h3>\n\n\n\n<p>De rechtsgeldigheid van het vonnis is een verder bewijs van de toenemende tendens van Duitse regionale en regionale rechtbanken om meer nadruk te leggen op consumentenrechten. Dokter Marco Rogert legt uit: \u201cAls toonaangevend advocatenkantoor in het emissieschandaal hadden we al verschillende uitspraken van de rechtbank gewonnen waarin Volkswagen AG of een van haar dochterondernemingen geen compensatie voor gebruik had gekregen \u2013 dat we nu voor het eerst een juridisch bindende uitspraak in handen hebben, is een sensatie. Deze gebeurtenis markeert een nieuw hoofdstuk in het emissieschandaal.\u201d<\/p>\n\n\n\n<p>De kans op volledige terugbetaling van de aankoopprijs, zonder aftrek van een gebruiksvergoeding, is nog nooit zo groot geweest als nu. Daarom adviseren consumentenorganisaties iedere benadeelde partij om zijn claims te laten onderzoeken.<\/p>\n\n\n\n\n\n<section class=\"wp-block-uagb-columns uagb-columns__wrap uagb-columns__background-undefined uagb-columns__stack-mobile uagb-columns__valign-undefined uagb-columns__gap-10 alignundefined uagb-block-a63b8d4d contrast blog_beitraege\"><div class=\"uagb-columns__overlay\"><\/div><div class=\"uagb-columns__inner-wrap uagb-columns__columns-1\">\n<div class=\"wp-block-uagb-column uagb-column__wrap uagb-column__background-undefined uagb-block-6e00ddba\"><div class=\"uagb-column__overlay\"><\/div><div class=\"uagb-column__inner-wrap\">\n<h3 class=\"wp-block-heading\" id=\"das-konnte-sie-auch-interessieren\">Misschien bent u ook ge\u00efnteresseerd in:<\/h3>\n\n\n\n\t\t\t<div class=\"wp-block-uagb-post-grid uagb-post-grid  uagb-post__image-position-top uagb-post__image-enabled uagb-block-ff875f2e     uagb-post__items uagb-post__columns-3 is-grid uagb-post__columns-tablet-2 uagb-post__columns-mobile-1 uagb-post__equal-height\" data-total=\"3\" style=\"\">\n\n\t\t\t\t\t\t\t\t\t\t\t\t<article class=\"uagb-post__inner-wrap\">\t\t\t\t\t\t\t\t<div class='uagb-post__image'>\n\t\t\t\t\t\t\t\t\t<a href=\"https:\/\/ru.law\/nl\/diesel-ueberholt-benzinpreis-jetzt-erst-recht\/\" target=\"_self\" rel=\"bookmark noopener noreferrer\" class='uagb-image-ratio-inherit'><img loading=\"lazy\" decoding=\"async\" width=\"1024\" height=\"576\" src=\"https:\/\/ru.law\/wp-content\/uploads\/2022\/03\/2021-News-Header-1200x675-2972-1024x576.jpg\" class=\"attachment-large size-large\" alt=\"Rogert-Ulbrich-Rechtsanwaelte-Kanzlei-Diesel-Benzin-Preise\" srcset=\"https:\/\/ru.law\/wp-content\/uploads\/2022\/03\/2021-News-Header-1200x675-2972-1024x576.jpg 1024w, https:\/\/ru.law\/wp-content\/uploads\/2022\/03\/2021-News-Header-1200x675-2972-300x169.jpg 300w, https:\/\/ru.law\/wp-content\/uploads\/2022\/03\/2021-News-Header-1200x675-2972-768x432.jpg 768w, https:\/\/ru.law\/wp-content\/uploads\/2022\/03\/2021-News-Header-1200x675-2972.jpg 1200w\" sizes=\"auto, (max-width: 1024px) 100vw, 1024px\" \/>\t\t\t\t\t<\/a>\n\t\t\t\t\t\t\t<\/div>\n\t\t\t\t\t\t<h4 class=\"uagb-post__title uagb-post__text\">\n\t\t\t\t<a href=\"https:\/\/ru.law\/nl\/diesel-ueberholt-benzinpreis-jetzt-erst-recht\/\" target=\"_self\" rel=\"bookmark noopener noreferrer\">Recordprijzen voor diesel - Nu is het moment om uw auto terug te draaien<\/a>\n\t\t\t<\/h4>\n\t\t\t\t\t\t<div class='uagb-post__text uagb-post-grid-byline'>\n\t\t\t\t\t\t\t<\/div>\n\t\t\t\t\t\t\t<div class='uagb-post__text uagb-post__excerpt'>\n\t\t\t\t\t<p>Diesel staat in Duitsland op recordhoogte en ook benzine nadert een\u2026\t\t\t\t<\/div>\n\t\t\t\t\t\t<div class=\"uagb-post__text uagb-post__cta wp-block-button\">\n\t\t\t\t<a class=\"wp-block-button__link uagb-text-link\" style=\"\" href=\"https:\/\/ru.law\/nl\/diesel-ueberholt-benzinpreis-jetzt-erst-recht\/\" target=\"_self\" rel=\"bookmark noopener noreferrer\">Lees meer<\/a>\n\t\t\t<\/div>\n\t\t\t\n\t\t\t\t\t\t\t\t<a class=\"uagb-post__link-complete-box\" href=\"https:\/\/ru.law\/nl\/diesel-ueberholt-benzinpreis-jetzt-erst-recht\/\" target=\"_self\" rel=\"bookmark noopener noreferrer\"><\/a>\n\t\t\t\t\t\t\t<\/article>\n\t\t\t\t\t\t\t\t\t\t\t\t\t\t\t\t<article class=\"uagb-post__inner-wrap\">\t\t\t\t\t\t\t\t<div class='uagb-post__image'>\n\t\t\t\t\t\t\t\t\t<a href=\"https:\/\/ru.law\/nl\/vtdi-abgasskandal-rund-um-vw-audi-und-porsche\/\" target=\"_self\" rel=\"bookmark noopener noreferrer\" class='uagb-image-ratio-inherit'><img loading=\"lazy\" decoding=\"async\" width=\"1024\" height=\"576\" src=\"https:\/\/ru.law\/wp-content\/uploads\/2022\/01\/Rogert-Ulbrich-Rechtsanwaelte-Kanzlei-Abgasskandal-Audi-Verjaehrung-2022-1024x576.jpg\" class=\"attachment-large size-large\" alt=\"\" srcset=\"https:\/\/ru.law\/wp-content\/uploads\/2022\/01\/Rogert-Ulbrich-Rechtsanwaelte-Kanzlei-Abgasskandal-Audi-Verjaehrung-2022-1024x576.jpg 1024w, https:\/\/ru.law\/wp-content\/uploads\/2022\/01\/Rogert-Ulbrich-Rechtsanwaelte-Kanzlei-Abgasskandal-Audi-Verjaehrung-2022-300x169.jpg 300w, https:\/\/ru.law\/wp-content\/uploads\/2022\/01\/Rogert-Ulbrich-Rechtsanwaelte-Kanzlei-Abgasskandal-Audi-Verjaehrung-2022-768x432.jpg 768w, https:\/\/ru.law\/wp-content\/uploads\/2022\/01\/Rogert-Ulbrich-Rechtsanwaelte-Kanzlei-Abgasskandal-Audi-Verjaehrung-2022.jpg 1200w\" sizes=\"auto, (max-width: 1024px) 100vw, 1024px\" \/>\t\t\t\t\t<\/a>\n\t\t\t\t\t\t\t<\/div>\n\t\t\t\t\t\t<h4 class=\"uagb-post__title uagb-post__text\">\n\t\t\t\t<a href=\"https:\/\/ru.law\/nl\/vtdi-abgasskandal-rund-um-vw-audi-und-porsche\/\" target=\"_self\" rel=\"bookmark noopener noreferrer\">VTDI-emissieschandaal waarbij VW, Audi en Porsche betrokken zijn<\/a>\n\t\t\t<\/h4>\n\t\t\t\t\t\t<div class='uagb-post__text uagb-post-grid-byline'>\n\t\t\t\t\t\t\t<\/div>\n\t\t\t\t\t\t\t<div class='uagb-post__text uagb-post__excerpt'>\n\t\t\t\t\t<p>Voor veel Duitse autofabrikanten is het dieselemissieschandaal nog steeds alomtegenwoordig, ook voor de VW Groep\u2026\t\t\t\t<\/div>\n\t\t\t\t\t\t<div class=\"uagb-post__text uagb-post__cta wp-block-button\">\n\t\t\t\t<a class=\"wp-block-button__link uagb-text-link\" style=\"\" href=\"https:\/\/ru.law\/nl\/vtdi-abgasskandal-rund-um-vw-audi-und-porsche\/\" target=\"_self\" rel=\"bookmark noopener noreferrer\">Lees meer<\/a>\n\t\t\t<\/div>\n\t\t\t\n\t\t\t\t\t\t\t\t<a class=\"uagb-post__link-complete-box\" href=\"https:\/\/ru.law\/nl\/vtdi-abgasskandal-rund-um-vw-audi-und-porsche\/\" target=\"_self\" rel=\"bookmark noopener noreferrer\"><\/a>\n\t\t\t\t\t\t\t<\/article>\n\t\t\t\t\t\t\t\t\t\t\t\t\t\t\t\t<article class=\"uagb-post__inner-wrap\">\t\t\t\t\t\t\t\t<div class='uagb-post__image'>\n\t\t\t\t\t\t\t\t\t<a href=\"https:\/\/ru.law\/nl\/olg-koeln-verurteilt-audi-ag\/\" target=\"_self\" rel=\"bookmark noopener noreferrer\" class='uagb-image-ratio-inherit'><img loading=\"lazy\" decoding=\"async\" width=\"1024\" height=\"576\" src=\"https:\/\/ru.law\/wp-content\/uploads\/2021\/09\/rogert-ulbrich-rechtsanwalt-kanzlei-abgasskandal-premium-modelle-porsche-42l-1024x576.jpg\" class=\"attachment-large size-large\" alt=\"\" srcset=\"https:\/\/ru.law\/wp-content\/uploads\/2021\/09\/rogert-ulbrich-rechtsanwalt-kanzlei-abgasskandal-premium-modelle-porsche-42l-1024x576.jpg 1024w, https:\/\/ru.law\/wp-content\/uploads\/2021\/09\/rogert-ulbrich-rechtsanwalt-kanzlei-abgasskandal-premium-modelle-porsche-42l-300x169.jpg 300w, https:\/\/ru.law\/wp-content\/uploads\/2021\/09\/rogert-ulbrich-rechtsanwalt-kanzlei-abgasskandal-premium-modelle-porsche-42l-768x432.jpg 768w, https:\/\/ru.law\/wp-content\/uploads\/2021\/09\/rogert-ulbrich-rechtsanwalt-kanzlei-abgasskandal-premium-modelle-porsche-42l.jpg 1200w\" sizes=\"auto, (max-width: 1024px) 100vw, 1024px\" \/>\t\t\t\t\t<\/a>\n\t\t\t\t\t\t\t<\/div>\n\t\t\t\t\t\t<h4 class=\"uagb-post__title uagb-post__text\">\n\t\t\t\t<a href=\"https:\/\/ru.law\/nl\/olg-koeln-verurteilt-audi-ag\/\" target=\"_self\" rel=\"bookmark noopener noreferrer\">Audi AG moet Porsche Cayenne S terugnemen<\/a>\n\t\t\t<\/h4>\n\t\t\t\t\t\t<div class='uagb-post__text uagb-post-grid-byline'>\n\t\t\t\t\t\t\t<\/div>\n\t\t\t\t\t\t\t<div class='uagb-post__text uagb-post__excerpt'>\n\t\t\t\t\t<p>Audi AG kreeg van het Oberlandesgericht Keulen de opdracht een Porsche Cayenne S 4.2l terug te nemen\u2026.\t\t\t\t<\/div>\n\t\t\t\t\t\t<div class=\"uagb-post__text uagb-post__cta wp-block-button\">\n\t\t\t\t<a class=\"wp-block-button__link uagb-text-link\" style=\"\" href=\"https:\/\/ru.law\/nl\/olg-koeln-verurteilt-audi-ag\/\" target=\"_self\" rel=\"bookmark noopener noreferrer\">Lees meer<\/a>\n\t\t\t<\/div>\n\t\t\t\n\t\t\t\t\t\t\t\t<a class=\"uagb-post__link-complete-box\" href=\"https:\/\/ru.law\/nl\/olg-koeln-verurteilt-audi-ag\/\" target=\"_self\" rel=\"bookmark noopener noreferrer\"><\/a>\n\t\t\t\t\t\t\t<\/article>\n\t\t\t\t\t\t\t\t\t\t\t<\/div>\n\t\t\t\n\n\n<p><\/p>\n<\/div><\/div>\n<\/div><\/section>","protected":false},"excerpt":{"rendered":"<p>Erstes rechtskr\u00e4ftiges Urteil spricht Kl\u00e4ger den vollen Kaufpreis zu ohne ein Recht auf Nutzungsentsch\u00e4digung. Erstmals in der Geschichte des Abgasskandals ist in Deutschland ein Urteil [&hellip;]<\/p>\n","protected":false},"author":21,"featured_media":7614,"comment_status":"closed","ping_status":"open","sticky":false,"template":"","format":"standard","meta":{"_uag_custom_page_level_css":"","site-sidebar-layout":"default","site-content-layout":"default","ast-site-content-layout":"default","site-content-style":"default","site-sidebar-style":"default","ast-global-header-display":"","ast-banner-title-visibility":"","ast-main-header-display":"","ast-hfb-above-header-display":"","ast-hfb-below-header-display":"","ast-hfb-mobile-header-display":"","site-post-title":"","ast-breadcrumbs-content":"","ast-featured-img":"","footer-sml-layout":"","ast-disable-related-posts":"","theme-transparent-header-meta":"default","adv-header-id-meta":"","stick-header-meta":"","header-above-stick-meta":"","header-main-stick-meta":"","header-below-stick-meta":"","astra-migrate-meta-layouts":"default","ast-page-background-enabled":"default","ast-page-background-meta":{"desktop":{"background-color":"","background-image":"","background-repeat":"repeat","background-position":"center center","background-size":"auto","background-attachment":"scroll","background-type":"","background-media":"","overlay-type":"","overlay-color":"","overlay-opacity":"","overlay-gradient":""},"tablet":{"background-color":"","background-image":"","background-repeat":"repeat","background-position":"center center","background-size":"auto","background-attachment":"scroll","background-type":"","background-media":"","overlay-type":"","overlay-color":"","overlay-opacity":"","overlay-gradient":""},"mobile":{"background-color":"","background-image":"","background-repeat":"repeat","background-position":"center center","background-size":"auto","background-attachment":"scroll","background-type":"","background-media":"","overlay-type":"","overlay-color":"","overlay-opacity":"","overlay-gradient":""}},"ast-content-background-meta":{"desktop":{"background-color":"var(--ast-global-color-5)","background-image":"","background-repeat":"repeat","background-position":"center center","background-size":"auto","background-attachment":"scroll","background-type":"","background-media":"","overlay-type":"","overlay-color":"","overlay-opacity":"","overlay-gradient":""},"tablet":{"background-color":"var(--ast-global-color-5)","background-image":"","background-repeat":"repeat","background-position":"center center","background-size":"auto","background-attachment":"scroll","background-type":"","background-media":"","overlay-type":"","overlay-color":"","overlay-opacity":"","overlay-gradient":""},"mobile":{"background-color":"var(--ast-global-color-5)","background-image":"","background-repeat":"repeat","background-position":"center center","background-size":"auto","background-attachment":"scroll","background-type":"","background-media":"","overlay-type":"","overlay-color":"","overlay-opacity":"","overlay-gradient":""}},"footnotes":""},"categories":[2],"tags":[28,37,45],"class_list":["post-4879","post","type-post","status-publish","format-standard","has-post-thumbnail","hentry","category-abgasskandal","tag-nutzungsentschaedigung","tag-schadensersatz","tag-vw"],"yoast_head":"<!-- This site is optimized with the Yoast SEO Premium plugin v27.4 (Yoast SEO v27.4) - https:\/\/yoast.com\/product\/yoast-seo-premium-wordpress\/ -->\n<title>Nepper haben kein Recht auf Nutzungsentsch\u00e4digung - R&amp;U<\/title>\n<meta name=\"description\" content=\"Erstes rechtskr\u00e4ftiges Urteil spricht Kl\u00e4ger den vollen Kaufpreis zu ohne ein Recht auf Nutzungsentsch\u00e4digung. Erfahren Sie mehr!\" \/>\n<meta name=\"robots\" content=\"index, follow, max-snippet:-1, max-image-preview:large, max-video-preview:-1\" \/>\n<link rel=\"canonical\" href=\"https:\/\/ru.law\/nl\/nepper-haben-kein-recht-auf-nutzungsentschaedigung\/\" \/>\n<meta property=\"og:locale\" content=\"nl_NL\" \/>\n<meta property=\"og:type\" content=\"article\" \/>\n<meta property=\"og:title\" content=\"Nepper haben kein Recht auf Nutzungsentsch\u00e4digung\" \/>\n<meta property=\"og:description\" content=\"Erstes rechtskr\u00e4ftiges Urteil spricht Kl\u00e4ger den vollen Kaufpreis zu ohne ein Recht auf Nutzungsentsch\u00e4digung. Erfahren Sie mehr!\" \/>\n<meta property=\"og:url\" content=\"https:\/\/ru.law\/nl\/nepper-haben-kein-recht-auf-nutzungsentschaedigung\/\" \/>\n<meta property=\"og:site_name\" content=\"R&amp;U\" \/>\n<meta property=\"article:publisher\" content=\"https:\/\/www.facebook.com\/RogertUlbrich\/\" \/>\n<meta property=\"article:published_time\" content=\"2020-02-06T14:37:15+00:00\" \/>\n<meta property=\"article:modified_time\" content=\"2024-07-08T11:13:12+00:00\" \/>\n<meta property=\"og:image\" content=\"https:\/\/ru.law\/wp-content\/uploads\/2020\/02\/portemoannaie.jpg\" \/>\n\t<meta property=\"og:image:width\" content=\"1200\" \/>\n\t<meta property=\"og:image:height\" content=\"675\" \/>\n\t<meta property=\"og:image:type\" content=\"image\/jpeg\" \/>\n<meta name=\"author\" content=\"Marco Rogert\" \/>\n<meta name=\"twitter:card\" content=\"summary_large_image\" \/>\n<meta name=\"twitter:creator\" content=\"@RogertUlbrich\" \/>\n<meta name=\"twitter:site\" content=\"@RogertUlbrich\" \/>\n<script type=\"application\/ld+json\" class=\"yoast-schema-graph\">{\"@context\":\"https:\\\/\\\/schema.org\",\"@graph\":[{\"@type\":\"Article\",\"@id\":\"https:\\\/\\\/ru.law\\\/nepper-haben-kein-recht-auf-nutzungsentschaedigung\\\/#article\",\"isPartOf\":{\"@id\":\"https:\\\/\\\/ru.law\\\/nepper-haben-kein-recht-auf-nutzungsentschaedigung\\\/\"},\"author\":{\"name\":\"Marco Rogert\",\"@id\":\"https:\\\/\\\/ru.law\\\/#\\\/schema\\\/person\\\/b020d506e6bbc471b4565d3a98173b87\"},\"headline\":\"Nepper haben kein Recht auf Nutzungsentsch\u00e4digung\",\"datePublished\":\"2020-02-06T14:37:15+00:00\",\"dateModified\":\"2024-07-08T11:13:12+00:00\",\"mainEntityOfPage\":{\"@id\":\"https:\\\/\\\/ru.law\\\/nepper-haben-kein-recht-auf-nutzungsentschaedigung\\\/\"},\"wordCount\":448,\"publisher\":{\"@id\":\"https:\\\/\\\/ru.law\\\/#organization\"},\"image\":{\"@id\":\"https:\\\/\\\/ru.law\\\/nepper-haben-kein-recht-auf-nutzungsentschaedigung\\\/#primaryimage\"},\"thumbnailUrl\":\"https:\\\/\\\/ru.law\\\/wp-content\\\/uploads\\\/2020\\\/02\\\/portemoannaie.jpg\",\"keywords\":[\"Nutzungsentsch\u00e4digung\",\"Schadensersatz\",\"VW\"],\"articleSection\":[\"Abgasskandal\"],\"inLanguage\":\"nl-NL\"},{\"@type\":\"WebPage\",\"@id\":\"https:\\\/\\\/ru.law\\\/nepper-haben-kein-recht-auf-nutzungsentschaedigung\\\/\",\"url\":\"https:\\\/\\\/ru.law\\\/nepper-haben-kein-recht-auf-nutzungsentschaedigung\\\/\",\"name\":\"Nepper haben kein Recht auf Nutzungsentsch\u00e4digung - R&amp;U\",\"isPartOf\":{\"@id\":\"https:\\\/\\\/ru.law\\\/#website\"},\"primaryImageOfPage\":{\"@id\":\"https:\\\/\\\/ru.law\\\/nepper-haben-kein-recht-auf-nutzungsentschaedigung\\\/#primaryimage\"},\"image\":{\"@id\":\"https:\\\/\\\/ru.law\\\/nepper-haben-kein-recht-auf-nutzungsentschaedigung\\\/#primaryimage\"},\"thumbnailUrl\":\"https:\\\/\\\/ru.law\\\/wp-content\\\/uploads\\\/2020\\\/02\\\/portemoannaie.jpg\",\"datePublished\":\"2020-02-06T14:37:15+00:00\",\"dateModified\":\"2024-07-08T11:13:12+00:00\",\"description\":\"Erstes rechtskr\u00e4ftiges Urteil spricht Kl\u00e4ger den vollen Kaufpreis zu ohne ein Recht auf Nutzungsentsch\u00e4digung. Erfahren Sie mehr!\",\"breadcrumb\":{\"@id\":\"https:\\\/\\\/ru.law\\\/nepper-haben-kein-recht-auf-nutzungsentschaedigung\\\/#breadcrumb\"},\"inLanguage\":\"nl-NL\",\"potentialAction\":[{\"@type\":\"ReadAction\",\"target\":[\"https:\\\/\\\/ru.law\\\/nepper-haben-kein-recht-auf-nutzungsentschaedigung\\\/\"]}]},{\"@type\":\"ImageObject\",\"inLanguage\":\"nl-NL\",\"@id\":\"https:\\\/\\\/ru.law\\\/nepper-haben-kein-recht-auf-nutzungsentschaedigung\\\/#primaryimage\",\"url\":\"https:\\\/\\\/ru.law\\\/wp-content\\\/uploads\\\/2020\\\/02\\\/portemoannaie.jpg\",\"contentUrl\":\"https:\\\/\\\/ru.law\\\/wp-content\\\/uploads\\\/2020\\\/02\\\/portemoannaie.jpg\",\"width\":1200,\"height\":675,\"caption\":\"Portemoannaie\"},{\"@type\":\"BreadcrumbList\",\"@id\":\"https:\\\/\\\/ru.law\\\/nepper-haben-kein-recht-auf-nutzungsentschaedigung\\\/#breadcrumb\",\"itemListElement\":[{\"@type\":\"ListItem\",\"position\":1,\"name\":\"Startseite\",\"item\":\"https:\\\/\\\/ru.law\\\/\"},{\"@type\":\"ListItem\",\"position\":2,\"name\":\"Nepper haben kein Recht auf Nutzungsentsch\u00e4digung\"}]},{\"@type\":\"WebSite\",\"@id\":\"https:\\\/\\\/ru.law\\\/#website\",\"url\":\"https:\\\/\\\/ru.law\\\/\",\"name\":\"R&U\",\"description\":\"Verbraucheranw\u00e4lte\",\"publisher\":{\"@id\":\"https:\\\/\\\/ru.law\\\/#organization\"},\"alternateName\":\"Rogert & Ulbrich\",\"potentialAction\":[{\"@type\":\"SearchAction\",\"target\":{\"@type\":\"EntryPoint\",\"urlTemplate\":\"https:\\\/\\\/ru.law\\\/?s={search_term_string}\"},\"query-input\":{\"@type\":\"PropertyValueSpecification\",\"valueRequired\":true,\"valueName\":\"search_term_string\"}}],\"inLanguage\":\"nl-NL\"},{\"@type\":\"Organization\",\"@id\":\"https:\\\/\\\/ru.law\\\/#organization\",\"name\":\"Kanzlei Rogert & Ulbrich\",\"url\":\"https:\\\/\\\/ru.law\\\/\",\"logo\":{\"@type\":\"ImageObject\",\"inLanguage\":\"nl-NL\",\"@id\":\"https:\\\/\\\/ru.law\\\/#\\\/schema\\\/logo\\\/image\\\/\",\"url\":\"https:\\\/\\\/ru.law\\\/wp-content\\\/uploads\\\/2020\\\/12\\\/logo-ru-law.svg\",\"contentUrl\":\"https:\\\/\\\/ru.law\\\/wp-content\\\/uploads\\\/2020\\\/12\\\/logo-ru-law.svg\",\"width\":992,\"height\":259,\"caption\":\"Kanzlei Rogert & Ulbrich\"},\"image\":{\"@id\":\"https:\\\/\\\/ru.law\\\/#\\\/schema\\\/logo\\\/image\\\/\"},\"sameAs\":[\"https:\\\/\\\/www.facebook.com\\\/RogertUlbrich\\\/\",\"https:\\\/\\\/x.com\\\/RogertUlbrich\",\"https:\\\/\\\/www.instagram.com\\\/rogertulbrich\\\/\",\"https:\\\/\\\/www.linkedin.com\\\/company\\\/rogert-ulbrich\\\/\",\"https:\\\/\\\/www.youtube.com\\\/channel\\\/UCganCgpvwpPFqMFf1vVmG2A\"]},{\"@type\":\"Person\",\"@id\":\"https:\\\/\\\/ru.law\\\/#\\\/schema\\\/person\\\/b020d506e6bbc471b4565d3a98173b87\",\"name\":\"Marco Rogert\",\"url\":\"https:\\\/\\\/ru.law\\\/nl\\\/author\\\/rogertru-law\\\/\"}]}<\/script>\n<!-- \/ Yoast SEO Premium plugin. -->","yoast_head_json":{"title":"Oplichters hebben geen recht op compensatie voor gebruik - R&amp;U","description":"Het eerste rechtsgeldige vonnis kent de eiser de volledige koopprijs toe, zonder recht op gebruiksvergoeding. Lees meer!","robots":{"index":"index","follow":"follow","max-snippet":"max-snippet:-1","max-image-preview":"max-image-preview:large","max-video-preview":"max-video-preview:-1"},"canonical":"https:\/\/ru.law\/nl\/nepper-haben-kein-recht-auf-nutzungsentschaedigung\/","og_locale":"nl_NL","og_type":"article","og_title":"Nepper haben kein Recht auf Nutzungsentsch\u00e4digung","og_description":"Erstes rechtskr\u00e4ftiges Urteil spricht Kl\u00e4ger den vollen Kaufpreis zu ohne ein Recht auf Nutzungsentsch\u00e4digung. Erfahren Sie mehr!","og_url":"https:\/\/ru.law\/nl\/nepper-haben-kein-recht-auf-nutzungsentschaedigung\/","og_site_name":"R&amp;U","article_publisher":"https:\/\/www.facebook.com\/RogertUlbrich\/","article_published_time":"2020-02-06T14:37:15+00:00","article_modified_time":"2024-07-08T11:13:12+00:00","og_image":[{"width":1200,"height":675,"url":"https:\/\/ru.law\/wp-content\/uploads\/2020\/02\/portemoannaie.jpg","type":"image\/jpeg"}],"author":"Marco Rogert","twitter_card":"summary_large_image","twitter_creator":"@RogertUlbrich","twitter_site":"@RogertUlbrich","schema":{"@context":"https:\/\/schema.org","@graph":[{"@type":"Article","@id":"https:\/\/ru.law\/nepper-haben-kein-recht-auf-nutzungsentschaedigung\/#article","isPartOf":{"@id":"https:\/\/ru.law\/nepper-haben-kein-recht-auf-nutzungsentschaedigung\/"},"author":{"name":"Marco Rogert","@id":"https:\/\/ru.law\/#\/schema\/person\/b020d506e6bbc471b4565d3a98173b87"},"headline":"Nepper haben kein Recht auf Nutzungsentsch\u00e4digung","datePublished":"2020-02-06T14:37:15+00:00","dateModified":"2024-07-08T11:13:12+00:00","mainEntityOfPage":{"@id":"https:\/\/ru.law\/nepper-haben-kein-recht-auf-nutzungsentschaedigung\/"},"wordCount":448,"publisher":{"@id":"https:\/\/ru.law\/#organization"},"image":{"@id":"https:\/\/ru.law\/nepper-haben-kein-recht-auf-nutzungsentschaedigung\/#primaryimage"},"thumbnailUrl":"https:\/\/ru.law\/wp-content\/uploads\/2020\/02\/portemoannaie.jpg","keywords":["Nutzungsentsch\u00e4digung","Schadensersatz","VW"],"articleSection":["Abgasskandal"],"inLanguage":"nl-NL"},{"@type":"WebPage","@id":"https:\/\/ru.law\/nepper-haben-kein-recht-auf-nutzungsentschaedigung\/","url":"https:\/\/ru.law\/nepper-haben-kein-recht-auf-nutzungsentschaedigung\/","name":"Oplichters hebben geen recht op compensatie voor gebruik - R&amp;U","isPartOf":{"@id":"https:\/\/ru.law\/#website"},"primaryImageOfPage":{"@id":"https:\/\/ru.law\/nepper-haben-kein-recht-auf-nutzungsentschaedigung\/#primaryimage"},"image":{"@id":"https:\/\/ru.law\/nepper-haben-kein-recht-auf-nutzungsentschaedigung\/#primaryimage"},"thumbnailUrl":"https:\/\/ru.law\/wp-content\/uploads\/2020\/02\/portemoannaie.jpg","datePublished":"2020-02-06T14:37:15+00:00","dateModified":"2024-07-08T11:13:12+00:00","description":"Het eerste rechtsgeldige vonnis kent de eiser de volledige koopprijs toe, zonder recht op gebruiksvergoeding. Lees meer!","breadcrumb":{"@id":"https:\/\/ru.law\/nepper-haben-kein-recht-auf-nutzungsentschaedigung\/#breadcrumb"},"inLanguage":"nl-NL","potentialAction":[{"@type":"ReadAction","target":["https:\/\/ru.law\/nepper-haben-kein-recht-auf-nutzungsentschaedigung\/"]}]},{"@type":"ImageObject","inLanguage":"nl-NL","@id":"https:\/\/ru.law\/nepper-haben-kein-recht-auf-nutzungsentschaedigung\/#primaryimage","url":"https:\/\/ru.law\/wp-content\/uploads\/2020\/02\/portemoannaie.jpg","contentUrl":"https:\/\/ru.law\/wp-content\/uploads\/2020\/02\/portemoannaie.jpg","width":1200,"height":675,"caption":"Portemoannaie"},{"@type":"BreadcrumbList","@id":"https:\/\/ru.law\/nepper-haben-kein-recht-auf-nutzungsentschaedigung\/#breadcrumb","itemListElement":[{"@type":"ListItem","position":1,"name":"Startseite","item":"https:\/\/ru.law\/"},{"@type":"ListItem","position":2,"name":"Nepper haben kein Recht auf Nutzungsentsch\u00e4digung"}]},{"@type":"WebSite","@id":"https:\/\/ru.law\/#website","url":"https:\/\/ru.law\/","name":"R&amp;U","description":"Consumentenadvocaten","publisher":{"@id":"https:\/\/ru.law\/#organization"},"alternateName":"Rogert & Ulbrich","potentialAction":[{"@type":"SearchAction","target":{"@type":"EntryPoint","urlTemplate":"https:\/\/ru.law\/?s={search_term_string}"},"query-input":{"@type":"PropertyValueSpecification","valueRequired":true,"valueName":"search_term_string"}}],"inLanguage":"nl-NL"},{"@type":"Organization","@id":"https:\/\/ru.law\/#organization","name":"Advocatenkantoor Rogert &amp; Ulbrich","url":"https:\/\/ru.law\/","logo":{"@type":"ImageObject","inLanguage":"nl-NL","@id":"https:\/\/ru.law\/#\/schema\/logo\/image\/","url":"https:\/\/ru.law\/wp-content\/uploads\/2020\/12\/logo-ru-law.svg","contentUrl":"https:\/\/ru.law\/wp-content\/uploads\/2020\/12\/logo-ru-law.svg","width":992,"height":259,"caption":"Kanzlei Rogert & Ulbrich"},"image":{"@id":"https:\/\/ru.law\/#\/schema\/logo\/image\/"},"sameAs":["https:\/\/www.facebook.com\/RogertUlbrich\/","https:\/\/x.com\/RogertUlbrich","https:\/\/www.instagram.com\/rogertulbrich\/","https:\/\/www.linkedin.com\/company\/rogert-ulbrich\/","https:\/\/www.youtube.com\/channel\/UCganCgpvwpPFqMFf1vVmG2A"]},{"@type":"Person","@id":"https:\/\/ru.law\/#\/schema\/person\/b020d506e6bbc471b4565d3a98173b87","name":"Marco Rogert","url":"https:\/\/ru.law\/nl\/author\/rogertru-law\/"}]}},"uagb_featured_image_src":{"full":["https:\/\/ru.law\/wp-content\/uploads\/2020\/02\/portemoannaie.jpg",1200,675,false],"thumbnail":["https:\/\/ru.law\/wp-content\/uploads\/2020\/02\/portemoannaie-150x150.jpg",96,96,true],"medium":["https:\/\/ru.law\/wp-content\/uploads\/2020\/02\/portemoannaie-300x169.jpg",300,169,true],"medium_large":["https:\/\/ru.law\/wp-content\/uploads\/2020\/02\/portemoannaie-768x432.jpg",768,432,true],"large":["https:\/\/ru.law\/wp-content\/uploads\/2020\/02\/portemoannaie-1024x576.jpg",1024,576,true],"1536x1536":["https:\/\/ru.law\/wp-content\/uploads\/2020\/02\/portemoannaie.jpg",1200,675,false],"2048x2048":["https:\/\/ru.law\/wp-content\/uploads\/2020\/02\/portemoannaie.jpg",1200,675,false],"trp-custom-language-flag":["https:\/\/ru.law\/wp-content\/uploads\/2020\/02\/portemoannaie.jpg",18,10,false]},"uagb_author_info":{"display_name":"Marco Rogert","author_link":"https:\/\/ru.law\/nl\/author\/rogertru-law\/"},"uagb_comment_info":0,"uagb_excerpt":"Erstes rechtskr\u00e4ftiges Urteil spricht Kl\u00e4ger den vollen Kaufpreis zu ohne ein Recht auf Nutzungsentsch\u00e4digung. Erstmals in der Geschichte des Abgasskandals ist in Deutschland ein Urteil [&hellip;]","_links":{"self":[{"href":"https:\/\/ru.law\/nl\/wp-json\/wp\/v2\/posts\/4879","targetHints":{"allow":["GET"]}}],"collection":[{"href":"https:\/\/ru.law\/nl\/wp-json\/wp\/v2\/posts"}],"about":[{"href":"https:\/\/ru.law\/nl\/wp-json\/wp\/v2\/types\/post"}],"author":[{"embeddable":true,"href":"https:\/\/ru.law\/nl\/wp-json\/wp\/v2\/users\/21"}],"replies":[{"embeddable":true,"href":"https:\/\/ru.law\/nl\/wp-json\/wp\/v2\/comments?post=4879"}],"version-history":[{"count":0,"href":"https:\/\/ru.law\/nl\/wp-json\/wp\/v2\/posts\/4879\/revisions"}],"wp:featuredmedia":[{"embeddable":true,"href":"https:\/\/ru.law\/nl\/wp-json\/wp\/v2\/media\/7614"}],"wp:attachment":[{"href":"https:\/\/ru.law\/nl\/wp-json\/wp\/v2\/media?parent=4879"}],"wp:term":[{"taxonomy":"category","embeddable":true,"href":"https:\/\/ru.law\/nl\/wp-json\/wp\/v2\/categories?post=4879"},{"taxonomy":"post_tag","embeddable":true,"href":"https:\/\/ru.law\/nl\/wp-json\/wp\/v2\/tags?post=4879"}],"curies":[{"name":"wp","href":"https:\/\/api.w.org\/{rel}","templated":true}]}}