{"id":34423,"date":"2022-07-27T10:18:47","date_gmt":"2022-07-27T08:18:47","guid":{"rendered":"https:\/\/ru.law\/?p=34423"},"modified":"2024-11-11T08:26:48","modified_gmt":"2024-11-11T07:26:48","slug":"schutz-von-arbeitnehmenden-am-arbeitsplatz","status":"publish","type":"post","link":"https:\/\/ru.law\/nl\/schutz-von-arbeitnehmenden-am-arbeitsplatz\/","title":{"rendered":"Bescherming van werknemers op het werk"},"content":{"rendered":"<p>In de praktijk is het zo dat, ondanks een langdurig dienstverband en een grote mate van betrokkenheid van de werknemer, <a href=\"https:\/\/ru.law\/nl\/arbeitsrecht-kuendigungsschutz\/#fehler\">verschillende redenen voor meningsverschillen<\/a> met superieuren en collega&#039;s. Enerzijds kan dit te wijten zijn aan de snelle veranderingen in het bedrijfsleven. Een verandering in het eigenaarschap van een bedrijf als gevolg van de verkoop van een bedrijf, operationele veranderingen of personeelswisselingen in het management, resulteert namelijk vaak ook in een verandering in de directe leidinggevende. Dit kan snel leiden tot ingrijpende veranderingen in de bedrijfscultuur, wat op zijn beurt een grote impact kan hebben op de samenwerking binnen het bedrijf en op de werkomstandigheden.<\/p>\n\n\n\n<p>Aan de andere kant worden veel bedrijven momenteel geconfronteerd met bezuinigingsmaatregelen. Doorslaggevend hierbij is \u2013 met het oog op de dreigende recessie in de ge\u00efndustrialiseerde landen en opkomende economie\u00ebn \u2013 een daling van de export van Duitse goederen, die zijn weerslag zal hebben op de algehele economische prestaties van Duitsland. Bovendien is er door de toenemende automatisering van werkprocessen sprake van een toenemende redundantie van werkzaamheden die door werknemers worden uitgevoerd.<\/p>\n\n\n\n<p>Tegen deze achtergrond worden veel werknemers geconfronteerd met onterechte geschillen of waarschuwingen, die leiden tot negatieve vermeldingen in hun personeelsdossiers, zonder dat de werknemer de kans krijgt zijn of haar standpunt toe te lichten.<\/p>\n\n\n\n<h2 class=\"wp-block-heading\" id=\"h-auseinandersetzungen-mit-dem-arbeitgeber-was-ist-zu-tun\">Geschillen met de werkgever \u2013 wat moet u doen? <\/h2>\n\n\n\n<p>Bij een <a href=\"https:\/\/ru.law\/nl\/arbeitsrecht-kuendigungsschutz\/#fehler\">Be\u00ebindiging <\/a>door de werkgever, zijn er vaak veel onbeantwoorde vragen voor werknemers. <\/p>\n\n\n\n<p><em><strong>Ik zit nog in mijn proeftijd en ben zonder reden door mijn werkgever ontslagen. Kan ik deze be\u00ebindiging met succes aanvechten of heeft het geen zin?<\/strong><\/em><\/p>\n\n\n\n<p>In tegenstelling tot de algemene mening \u2013 zelfs onder juristen, die zich slechts marginaal met arbeidsrecht bezighouden \u2013 worden werknemers niet blootgesteld aan de loutere willekeur van hun superieuren. De speciale ontslagbescherming voor zwangere vrouwen of zwaar gehandicapten begint ook bij de ondertekening van de arbeidsovereenkomst. Hiervoor is het wel noodzakelijk dat de afdeling personeelszaken of de werkgever op de hoogte is van de ernstige handicap of zwangerschap. Indien er een ondernemingsraad of ondernemingsraad bestaat, dienen deze organen te worden geraadpleegd voordat een ontslag wordt aangekondigd. Bij be\u00ebindiging van de arbeidsovereenkomst van een ernstig gehandicapte is vooraf toestemming van Bureau Integratie vereist. In een dergelijke procedure is het raadzaam om juridische bijstand in te schakelen, omdat de goedkeuring van het Integratiebureau alleen nog bij de rechter kan worden aangevochten als deze eenmaal is verleend.<\/p>\n\n\n\n<p><em><strong>Ik ben bang voor ernstige gevolgen als ik mijn werkgever aanklaag. Wat kan ik in dit geval doen?&nbsp;<\/strong><\/em><\/p>\n\n\n\n<p>U hoeft niet altijd uw werkgever aan te klagen! Er zijn verschillende arbeidsrechtelijke instrumenten beschikbaar waarmee u aanzienlijke successen kunt boeken bij buitengerechtelijke geschillen tussen leidinggevenden en werknemers. De situatie is voor alle soorten ontslagen anders, bijvoorbeeld voor ontslagen met wijziging van de arbeidsvoorwaarden of ontslagen die worden uitgesproken vanwege een vermoeden van de werkgever. <a href=\"https:\/\/ru.law\/nl\/arbeitsrecht-kuendigungsschutz\/#vorteil\">In dergelijke gevallen is een handeling noodzakelijk om redenen van effectieve rechtsbescherming. <\/a><\/p>\n\n\n\n<h3 class=\"wp-block-heading\" id=\"h-rogert-amp-ulbrich-empfiehlt-arbeitnehmenden-sofort-zu-handeln\">Rogert &amp; Ulbrich adviseert werknemers om onmiddellijk actie te ondernemen<\/h3>\n\n\n\n<p>Voelt u zich oneerlijk behandeld? Dat hoeft u niet te pikken! Wij bieden u een <a href=\"https:\/\/ru.law\/nl\/arbeitsrecht-kuendigungsschutz\/#erstberatung\">professioneel en gratis eerste consult<\/a>. Je stuurt ons <a href=\"https:\/\/ru.law\/nl\/arbeitsrecht-kuendigungsschutz\/online-beauftragung\/\">alle benodigde documenten<\/a> (arbeidsovereenkomst, eventuele wijzigingsovereenkomsten, be\u00ebindiging, payroll) en wij bereiden deze voor u voor binnen&nbsp;<a href=\"https:\/\/ru.law\/nl\/arbeitsrecht-kuendigungsschutz\/#24stunden\">24 uur<\/a>&nbsp;een concept-rechtszaak en een buitengerechtelijke ontslagbrief aan uw werkgever. <\/p>\n\n\n\n<p>Als je geen<a href=\"https:\/\/ru.law\/nl\/arbeitsrecht-kuendigungsschutz\/#rsv\"> arbeidsrecht rechtsbijstandverzekering<\/a> Er is de mogelijkheid van een mandaat met zelfbetaling. In het arbeidsrecht is de <a href=\"https:\/\/ru.law\/nl\/arbeitsrecht-kuendigungsschutz\/#kosten\">kostenkwestie <\/a>Het principe: Elke partij draagt haar eigen kosten in een procedure in eerste aanleg, ook als zij wint. &nbsp;<\/p>\n\n\n\n<p>De mogelijkheid <a href=\"https:\/\/ru.law\/nl\/wann-bekomme-ich-prozesskostenhilfe\/\">rechtsbijstand <\/a>toepassen is gegeven in het arbeidsrecht. Als u twijfelt of u in aanmerking komt voor gesubsidieerde rechtsbijstand, kunt u gerust contact met ons opnemen voor advies. <\/p>\n\n\n\n<section class=\"wp-block-uagb-columns uagb-columns__wrap uagb-columns__stack-mobile uagb-columns__valign- uagb-columns__gap-10 align uagb-block-9b0a0955 uagb-columns__columns-1 uagb-columns__max_width-theme contrast blog_beitraege\"><div class=\"uagb-columns__overlay\"><\/div><div class=\"uagb-columns__inner-wrap uagb-columns__columns-1\">\n<div class=\"wp-block-uagb-column uagb-column__wrap uagb-column__background-undefined uagb-block-6bb980d1\"><div class=\"uagb-column__overlay\"><\/div>\n<h3 class=\"wp-block-heading\" id=\"h-das-konnte-sie-auch-interessieren\">Misschien bent u ook ge\u00efnteresseerd in:<\/h3>\n\n\n\n\t\t\t<div class=\"wp-block-uagb-post-grid uagb-post-grid  uagb-post__image-position-top uagb-post__image-enabled uagb-block-8ad40193     uagb-post__items uagb-post__columns-3 is-grid uagb-post__columns-tablet-2 uagb-post__columns-mobile-1 uagb-post__equal-height\" data-total=\"3\" style=\"\">\n\n\t\t\t\t\t\t\t\t\t\t\t\t<article class=\"uagb-post__inner-wrap\">\t\t\t\t\t\t\t\t<div class='uagb-post__image'>\n\t\t\t\t\t\t\t\t\t<a href=\"https:\/\/ru.law\/nl\/kuendigung-eines-logistikvertrages\/\" target=\"_self\" rel=\"bookmark noopener noreferrer\" class='uagb-image-ratio-inherit'><img loading=\"lazy\" decoding=\"async\" width=\"2560\" height=\"1451\" src=\"https:\/\/ru.law\/wp-content\/uploads\/2025\/03\/AdobeStock_1017160952-scaled.jpeg\" class=\"attachment-large size-large\" alt=\"\" srcset=\"https:\/\/ru.law\/wp-content\/uploads\/2025\/03\/AdobeStock_1017160952-scaled.jpeg 2560w, https:\/\/ru.law\/wp-content\/uploads\/2025\/03\/AdobeStock_1017160952-768x435.jpeg 768w, https:\/\/ru.law\/wp-content\/uploads\/2025\/03\/AdobeStock_1017160952-1536x870.jpeg 1536w, https:\/\/ru.law\/wp-content\/uploads\/2025\/03\/AdobeStock_1017160952-2048x1161.jpeg 2048w, https:\/\/ru.law\/wp-content\/uploads\/2025\/03\/AdobeStock_1017160952-18x10.jpeg 18w\" sizes=\"auto, (max-width: 2560px) 100vw, 2560px\" \/>\t\t\t\t\t<\/a>\n\t\t\t\t\t\t\t<\/div>\n\t\t\t\t\t\t<h4 class=\"uagb-post__title uagb-post__text\">\n\t\t\t\t<a href=\"https:\/\/ru.law\/nl\/kuendigung-eines-logistikvertrages\/\" target=\"_self\" rel=\"bookmark noopener noreferrer\">Over schadeclaims na be\u00ebindiging van een logistiek contract<\/a>\n\t\t\t<\/h4>\n\t\t\t\t\t\t<div class='uagb-post__text uagb-post-grid-byline'>\n\t\t\t\t\t\t\t<\/div>\n\t\t\t\t\t\t\t<div class='uagb-post__text uagb-post__excerpt'>\n\t\t\t\t\tDe Arrondissementsrechtbank D\u00fcsseldorf benadrukt dat voor schadeclaims na een niet-effectieve opzegging concrete feiten omtrent het inkomensverlies vereist zijn.\t\t\t\t<\/div>\n\t\t\t\n\t\t\t\t\t\t\t\t\t<\/article>\n\t\t\t\t\t\t\t\t\t\t\t\t\t\t\t\t<article class=\"uagb-post__inner-wrap\">\t\t\t\t\t\t\t\t<div class='uagb-post__image'>\n\t\t\t\t\t\t\t\t\t<a href=\"https:\/\/ru.law\/nl\/wann-bekomme-ich-prozesskostenhilfe\/\" target=\"_self\" rel=\"bookmark noopener noreferrer\" class='uagb-image-ratio-inherit'><img loading=\"lazy\" decoding=\"async\" width=\"1024\" height=\"576\" src=\"https:\/\/ru.law\/wp-content\/uploads\/2022\/02\/Rogert-Ulbrich-Rechtsanwaelte-Kanzlei-Kuendigungsschutz-Klage-Prozesskostenhilfe-1024x576.jpg\" class=\"attachment-large size-large\" alt=\"\" srcset=\"https:\/\/ru.law\/wp-content\/uploads\/2022\/02\/Rogert-Ulbrich-Rechtsanwaelte-Kanzlei-Kuendigungsschutz-Klage-Prozesskostenhilfe-1024x576.jpg 1024w, https:\/\/ru.law\/wp-content\/uploads\/2022\/02\/Rogert-Ulbrich-Rechtsanwaelte-Kanzlei-Kuendigungsschutz-Klage-Prozesskostenhilfe-300x169.jpg 300w, https:\/\/ru.law\/wp-content\/uploads\/2022\/02\/Rogert-Ulbrich-Rechtsanwaelte-Kanzlei-Kuendigungsschutz-Klage-Prozesskostenhilfe-768x432.jpg 768w, https:\/\/ru.law\/wp-content\/uploads\/2022\/02\/Rogert-Ulbrich-Rechtsanwaelte-Kanzlei-Kuendigungsschutz-Klage-Prozesskostenhilfe.jpg 1200w\" sizes=\"auto, (max-width: 1024px) 100vw, 1024px\" \/>\t\t\t\t\t<\/a>\n\t\t\t\t\t\t\t<\/div>\n\t\t\t\t\t\t<h4 class=\"uagb-post__title uagb-post__text\">\n\t\t\t\t<a href=\"https:\/\/ru.law\/nl\/wann-bekomme-ich-prozesskostenhilfe\/\" target=\"_self\" rel=\"bookmark noopener noreferrer\">Ontslagbeschermingszaak: recht op gesubsidieerde rechtsbijstand?<\/a>\n\t\t\t<\/h4>\n\t\t\t\t\t\t<div class='uagb-post__text uagb-post-grid-byline'>\n\t\t\t\t\t\t\t<\/div>\n\t\t\t\t\t\t\t<div class='uagb-post__text uagb-post__excerpt'>\n\t\t\t\t\t<p>Bij een ontslagbeschermingsprocedure worden in eerste instantie voor elke partij kosten gemaakt, omdat er\u2026\t\t\t\t<\/div>\n\t\t\t\n\t\t\t\t\t\t\t\t\t<\/article>\n\t\t\t\t\t\t\t\t\t\t\t\t\t\t\t\t<article class=\"uagb-post__inner-wrap\">\t\t\t\t\t\t\t\t<div class='uagb-post__image'>\n\t\t\t\t\t\t\t\t\t<a href=\"https:\/\/ru.law\/nl\/kuendigungsschutzklage-wehren-sie-sich-gegen-ihre-kuendigung\/\" target=\"_self\" rel=\"bookmark noopener noreferrer\" class='uagb-image-ratio-inherit'><img loading=\"lazy\" decoding=\"async\" width=\"1024\" height=\"576\" src=\"https:\/\/ru.law\/wp-content\/uploads\/2022\/02\/Rogert-Ulbrich-Rechtsanwaelte-Kanzlei-Kuendigungsschutz-Arbeitsrecht-Kuendigung-Klage-1024x576.jpg\" class=\"attachment-large size-large\" alt=\"\" srcset=\"https:\/\/ru.law\/wp-content\/uploads\/2022\/02\/Rogert-Ulbrich-Rechtsanwaelte-Kanzlei-Kuendigungsschutz-Arbeitsrecht-Kuendigung-Klage-1024x576.jpg 1024w, https:\/\/ru.law\/wp-content\/uploads\/2022\/02\/Rogert-Ulbrich-Rechtsanwaelte-Kanzlei-Kuendigungsschutz-Arbeitsrecht-Kuendigung-Klage-300x169.jpg 300w, https:\/\/ru.law\/wp-content\/uploads\/2022\/02\/Rogert-Ulbrich-Rechtsanwaelte-Kanzlei-Kuendigungsschutz-Arbeitsrecht-Kuendigung-Klage-768x432.jpg 768w, https:\/\/ru.law\/wp-content\/uploads\/2022\/02\/Rogert-Ulbrich-Rechtsanwaelte-Kanzlei-Kuendigungsschutz-Arbeitsrecht-Kuendigung-Klage.jpg 1200w\" sizes=\"auto, (max-width: 1024px) 100vw, 1024px\" \/>\t\t\t\t\t<\/a>\n\t\t\t\t\t\t\t<\/div>\n\t\t\t\t\t\t<h4 class=\"uagb-post__title uagb-post__text\">\n\t\t\t\t<a href=\"https:\/\/ru.law\/nl\/kuendigungsschutzklage-wehren-sie-sich-gegen-ihre-kuendigung\/\" target=\"_self\" rel=\"bookmark noopener noreferrer\">Ontslagbeschermingsrechtszaak \u2013 verdedig uzelf tegen uw ontslag!<\/a>\n\t\t\t<\/h4>\n\t\t\t\t\t\t<div class='uagb-post__text uagb-post-grid-byline'>\n\t\t\t\t\t\t\t<\/div>\n\t\t\t\t\t\t\t<div class='uagb-post__text uagb-post__excerpt'>\n\t\t\t\t\t<p>Hebt u zojuist een opzeggingsbericht ontvangen? Dan schrik je echt en\u2026\t\t\t\t<\/div>\n\t\t\t\n\t\t\t\t\t\t\t\t\t<\/article>\n\t\t\t\t\t\t\t\t\t\t\t<\/div>\n\t\t\t<\/div>\n<\/div><\/section>","protected":false},"excerpt":{"rendered":"<p>In der Arbeitspraxis kann es &#8211; trotz einer langj\u00e4hrigen Betriebszugeh\u00f6rigkeit und eines hohen Engagements seitens des Arbeitnehmenden &#8211; aus unterschiedlichen Gr\u00fcnden zu Zerw\u00fcrfnissen mit Vorgesetzten [&hellip;]<\/p>\n","protected":false},"author":21,"featured_media":34425,"comment_status":"closed","ping_status":"open","sticky":false,"template":"","format":"standard","meta":{"_uag_custom_page_level_css":"","site-sidebar-layout":"default","site-content-layout":"","ast-site-content-layout":"default","site-content-style":"default","site-sidebar-style":"default","ast-global-header-display":"","ast-banner-title-visibility":"","ast-main-header-display":"","ast-hfb-above-header-display":"","ast-hfb-below-header-display":"","ast-hfb-mobile-header-display":"","site-post-title":"","ast-breadcrumbs-content":"","ast-featured-img":"","footer-sml-layout":"","ast-disable-related-posts":"","theme-transparent-header-meta":"","adv-header-id-meta":"","stick-header-meta":"","header-above-stick-meta":"","header-main-stick-meta":"","header-below-stick-meta":"","astra-migrate-meta-layouts":"set","ast-page-background-enabled":"default","ast-page-background-meta":{"desktop":{"background-color":"","background-image":"","background-repeat":"repeat","background-position":"center center","background-size":"auto","background-attachment":"scroll","background-type":"","background-media":"","overlay-type":"","overlay-color":"","overlay-opacity":"","overlay-gradient":""},"tablet":{"background-color":"","background-image":"","background-repeat":"repeat","background-position":"center center","background-size":"auto","background-attachment":"scroll","background-type":"","background-media":"","overlay-type":"","overlay-color":"","overlay-opacity":"","overlay-gradient":""},"mobile":{"background-color":"","background-image":"","background-repeat":"repeat","background-position":"center center","background-size":"auto","background-attachment":"scroll","background-type":"","background-media":"","overlay-type":"","overlay-color":"","overlay-opacity":"","overlay-gradient":""}},"ast-content-background-meta":{"desktop":{"background-color":"var(--ast-global-color-5)","background-image":"","background-repeat":"repeat","background-position":"center center","background-size":"auto","background-attachment":"scroll","background-type":"","background-media":"","overlay-type":"","overlay-color":"","overlay-opacity":"","overlay-gradient":""},"tablet":{"background-color":"var(--ast-global-color-5)","background-image":"","background-repeat":"repeat","background-position":"center center","background-size":"auto","background-attachment":"scroll","background-type":"","background-media":"","overlay-type":"","overlay-color":"","overlay-opacity":"","overlay-gradient":""},"mobile":{"background-color":"var(--ast-global-color-5)","background-image":"","background-repeat":"repeat","background-position":"center center","background-size":"auto","background-attachment":"scroll","background-type":"","background-media":"","overlay-type":"","overlay-color":"","overlay-opacity":"","overlay-gradient":""}},"footnotes":""},"categories":[1139],"tags":[1073,1065,1071,1064,1072,1067],"class_list":["post-34423","post","type-post","status-publish","format-standard","has-post-thumbnail","hentry","category-arbeitsrecht","tag-fristlose-kuendigung","tag-kuendigung","tag-kuendigungsfrist","tag-kuendigungsschutz","tag-ordentliche-kuendigung","tag-weiterbeschaeftigungsanspruch"],"yoast_head":"<!-- This site is optimized with the Yoast SEO Premium plugin v27.4 (Yoast SEO v27.4) - https:\/\/yoast.com\/product\/yoast-seo-premium-wordpress\/ -->\n<title>Schutz von Arbeitnehmenden am Arbeitsplatz - R&amp;U<\/title>\n<meta name=\"description\" content=\"Bei einem Arbeitsverh\u00e4ltnis kann es zu Zerw\u00fcrfnissen kommen. Wir beraten Arbeitnehmende und verhelfen Ihnen zu Ihrem Recht.\" \/>\n<meta name=\"robots\" content=\"index, follow, max-snippet:-1, max-image-preview:large, max-video-preview:-1\" \/>\n<link rel=\"canonical\" href=\"https:\/\/ru.law\/nl\/schutz-von-arbeitnehmenden-am-arbeitsplatz\/\" \/>\n<meta property=\"og:locale\" content=\"nl_NL\" \/>\n<meta property=\"og:type\" content=\"article\" \/>\n<meta property=\"og:title\" content=\"Schutz von Arbeitnehmenden am Arbeitsplatz\" \/>\n<meta property=\"og:description\" content=\"Bei einem Arbeitsverh\u00e4ltnis kann es zu Zerw\u00fcrfnissen kommen. Wir beraten Arbeitnehmende und verhelfen Ihnen zu Ihrem Recht.\" \/>\n<meta property=\"og:url\" content=\"https:\/\/ru.law\/nl\/schutz-von-arbeitnehmenden-am-arbeitsplatz\/\" \/>\n<meta property=\"og:site_name\" content=\"R&amp;U\" \/>\n<meta property=\"article:publisher\" content=\"https:\/\/www.facebook.com\/RogertUlbrich\/\" \/>\n<meta property=\"article:published_time\" content=\"2022-07-27T08:18:47+00:00\" \/>\n<meta property=\"article:modified_time\" content=\"2024-11-11T07:26:48+00:00\" \/>\n<meta property=\"og:image\" content=\"https:\/\/ru.law\/wp-content\/uploads\/2022\/07\/Rogert-Ulbrich-Rechtsanwaelte-Kanzlei-Arbeitsrecht-Kuendigungsschutz-Schutz-Arbeitnehmende.jpg\" \/>\n\t<meta property=\"og:image:width\" content=\"1200\" \/>\n\t<meta property=\"og:image:height\" content=\"675\" \/>\n\t<meta property=\"og:image:type\" content=\"image\/jpeg\" \/>\n<meta name=\"author\" content=\"Marco Rogert\" \/>\n<meta name=\"twitter:card\" content=\"summary_large_image\" \/>\n<meta name=\"twitter:creator\" content=\"@RogertUlbrich\" \/>\n<meta name=\"twitter:site\" content=\"@RogertUlbrich\" \/>\n<script type=\"application\/ld+json\" class=\"yoast-schema-graph\">{\"@context\":\"https:\\\/\\\/schema.org\",\"@graph\":[{\"@type\":\"Article\",\"@id\":\"https:\\\/\\\/ru.law\\\/schutz-von-arbeitnehmenden-am-arbeitsplatz\\\/#article\",\"isPartOf\":{\"@id\":\"https:\\\/\\\/ru.law\\\/schutz-von-arbeitnehmenden-am-arbeitsplatz\\\/\"},\"author\":{\"name\":\"Marco Rogert\",\"@id\":\"https:\\\/\\\/ru.law\\\/#\\\/schema\\\/person\\\/b020d506e6bbc471b4565d3a98173b87\"},\"headline\":\"Schutz von Arbeitnehmenden am Arbeitsplatz\",\"datePublished\":\"2022-07-27T08:18:47+00:00\",\"dateModified\":\"2024-11-11T07:26:48+00:00\",\"mainEntityOfPage\":{\"@id\":\"https:\\\/\\\/ru.law\\\/schutz-von-arbeitnehmenden-am-arbeitsplatz\\\/\"},\"wordCount\":632,\"publisher\":{\"@id\":\"https:\\\/\\\/ru.law\\\/#organization\"},\"image\":{\"@id\":\"https:\\\/\\\/ru.law\\\/schutz-von-arbeitnehmenden-am-arbeitsplatz\\\/#primaryimage\"},\"thumbnailUrl\":\"https:\\\/\\\/ru.law\\\/wp-content\\\/uploads\\\/2022\\\/07\\\/Rogert-Ulbrich-Rechtsanwaelte-Kanzlei-Arbeitsrecht-Kuendigungsschutz-Schutz-Arbeitnehmende.jpg\",\"keywords\":[\"fristlose K\u00fcndigung\",\"K\u00fcndigung\",\"K\u00fcndigungsfrist\",\"K\u00fcndigungsschutz\",\"ordentliche K\u00fcndigung\",\"Weiterbesch\u00e4ftigungsanspruch\"],\"articleSection\":[\"Arbeitsrecht\"],\"inLanguage\":\"nl-NL\"},{\"@type\":\"WebPage\",\"@id\":\"https:\\\/\\\/ru.law\\\/schutz-von-arbeitnehmenden-am-arbeitsplatz\\\/\",\"url\":\"https:\\\/\\\/ru.law\\\/schutz-von-arbeitnehmenden-am-arbeitsplatz\\\/\",\"name\":\"Schutz von Arbeitnehmenden am Arbeitsplatz - R&amp;U\",\"isPartOf\":{\"@id\":\"https:\\\/\\\/ru.law\\\/#website\"},\"primaryImageOfPage\":{\"@id\":\"https:\\\/\\\/ru.law\\\/schutz-von-arbeitnehmenden-am-arbeitsplatz\\\/#primaryimage\"},\"image\":{\"@id\":\"https:\\\/\\\/ru.law\\\/schutz-von-arbeitnehmenden-am-arbeitsplatz\\\/#primaryimage\"},\"thumbnailUrl\":\"https:\\\/\\\/ru.law\\\/wp-content\\\/uploads\\\/2022\\\/07\\\/Rogert-Ulbrich-Rechtsanwaelte-Kanzlei-Arbeitsrecht-Kuendigungsschutz-Schutz-Arbeitnehmende.jpg\",\"datePublished\":\"2022-07-27T08:18:47+00:00\",\"dateModified\":\"2024-11-11T07:26:48+00:00\",\"description\":\"Bei einem Arbeitsverh\u00e4ltnis kann es zu Zerw\u00fcrfnissen kommen. Wir beraten Arbeitnehmende und verhelfen Ihnen zu Ihrem Recht.\",\"breadcrumb\":{\"@id\":\"https:\\\/\\\/ru.law\\\/schutz-von-arbeitnehmenden-am-arbeitsplatz\\\/#breadcrumb\"},\"inLanguage\":\"nl-NL\",\"potentialAction\":[{\"@type\":\"ReadAction\",\"target\":[\"https:\\\/\\\/ru.law\\\/schutz-von-arbeitnehmenden-am-arbeitsplatz\\\/\"]}]},{\"@type\":\"ImageObject\",\"inLanguage\":\"nl-NL\",\"@id\":\"https:\\\/\\\/ru.law\\\/schutz-von-arbeitnehmenden-am-arbeitsplatz\\\/#primaryimage\",\"url\":\"https:\\\/\\\/ru.law\\\/wp-content\\\/uploads\\\/2022\\\/07\\\/Rogert-Ulbrich-Rechtsanwaelte-Kanzlei-Arbeitsrecht-Kuendigungsschutz-Schutz-Arbeitnehmende.jpg\",\"contentUrl\":\"https:\\\/\\\/ru.law\\\/wp-content\\\/uploads\\\/2022\\\/07\\\/Rogert-Ulbrich-Rechtsanwaelte-Kanzlei-Arbeitsrecht-Kuendigungsschutz-Schutz-Arbeitnehmende.jpg\",\"width\":1200,\"height\":675},{\"@type\":\"BreadcrumbList\",\"@id\":\"https:\\\/\\\/ru.law\\\/schutz-von-arbeitnehmenden-am-arbeitsplatz\\\/#breadcrumb\",\"itemListElement\":[{\"@type\":\"ListItem\",\"position\":1,\"name\":\"Startseite\",\"item\":\"https:\\\/\\\/ru.law\\\/\"},{\"@type\":\"ListItem\",\"position\":2,\"name\":\"Schutz von Arbeitnehmenden am Arbeitsplatz\"}]},{\"@type\":\"WebSite\",\"@id\":\"https:\\\/\\\/ru.law\\\/#website\",\"url\":\"https:\\\/\\\/ru.law\\\/\",\"name\":\"R&U\",\"description\":\"Verbraucheranw\u00e4lte\",\"publisher\":{\"@id\":\"https:\\\/\\\/ru.law\\\/#organization\"},\"alternateName\":\"Rogert & Ulbrich\",\"potentialAction\":[{\"@type\":\"SearchAction\",\"target\":{\"@type\":\"EntryPoint\",\"urlTemplate\":\"https:\\\/\\\/ru.law\\\/?s={search_term_string}\"},\"query-input\":{\"@type\":\"PropertyValueSpecification\",\"valueRequired\":true,\"valueName\":\"search_term_string\"}}],\"inLanguage\":\"nl-NL\"},{\"@type\":\"Organization\",\"@id\":\"https:\\\/\\\/ru.law\\\/#organization\",\"name\":\"Kanzlei Rogert & Ulbrich\",\"url\":\"https:\\\/\\\/ru.law\\\/\",\"logo\":{\"@type\":\"ImageObject\",\"inLanguage\":\"nl-NL\",\"@id\":\"https:\\\/\\\/ru.law\\\/#\\\/schema\\\/logo\\\/image\\\/\",\"url\":\"https:\\\/\\\/ru.law\\\/wp-content\\\/uploads\\\/2020\\\/12\\\/logo-ru-law.svg\",\"contentUrl\":\"https:\\\/\\\/ru.law\\\/wp-content\\\/uploads\\\/2020\\\/12\\\/logo-ru-law.svg\",\"width\":992,\"height\":259,\"caption\":\"Kanzlei Rogert & Ulbrich\"},\"image\":{\"@id\":\"https:\\\/\\\/ru.law\\\/#\\\/schema\\\/logo\\\/image\\\/\"},\"sameAs\":[\"https:\\\/\\\/www.facebook.com\\\/RogertUlbrich\\\/\",\"https:\\\/\\\/x.com\\\/RogertUlbrich\",\"https:\\\/\\\/www.instagram.com\\\/rogertulbrich\\\/\",\"https:\\\/\\\/www.linkedin.com\\\/company\\\/rogert-ulbrich\\\/\",\"https:\\\/\\\/www.youtube.com\\\/channel\\\/UCganCgpvwpPFqMFf1vVmG2A\"]},{\"@type\":\"Person\",\"@id\":\"https:\\\/\\\/ru.law\\\/#\\\/schema\\\/person\\\/b020d506e6bbc471b4565d3a98173b87\",\"name\":\"Marco Rogert\",\"url\":\"https:\\\/\\\/ru.law\\\/nl\\\/author\\\/rogertru-law\\\/\"}]}<\/script>\n<!-- \/ Yoast SEO Premium plugin. -->","yoast_head_json":{"title":"Schutz von Arbeitnehmenden am Arbeitsplatz - R&amp;U","description":"Bei einem Arbeitsverh\u00e4ltnis kann es zu Zerw\u00fcrfnissen kommen. Wir beraten Arbeitnehmende und verhelfen Ihnen zu Ihrem Recht.","robots":{"index":"index","follow":"follow","max-snippet":"max-snippet:-1","max-image-preview":"max-image-preview:large","max-video-preview":"max-video-preview:-1"},"canonical":"https:\/\/ru.law\/nl\/schutz-von-arbeitnehmenden-am-arbeitsplatz\/","og_locale":"nl_NL","og_type":"article","og_title":"Schutz von Arbeitnehmenden am Arbeitsplatz","og_description":"Bei einem Arbeitsverh\u00e4ltnis kann es zu Zerw\u00fcrfnissen kommen. Wir beraten Arbeitnehmende und verhelfen Ihnen zu Ihrem Recht.","og_url":"https:\/\/ru.law\/nl\/schutz-von-arbeitnehmenden-am-arbeitsplatz\/","og_site_name":"R&amp;U","article_publisher":"https:\/\/www.facebook.com\/RogertUlbrich\/","article_published_time":"2022-07-27T08:18:47+00:00","article_modified_time":"2024-11-11T07:26:48+00:00","og_image":[{"width":1200,"height":675,"url":"https:\/\/ru.law\/wp-content\/uploads\/2022\/07\/Rogert-Ulbrich-Rechtsanwaelte-Kanzlei-Arbeitsrecht-Kuendigungsschutz-Schutz-Arbeitnehmende.jpg","type":"image\/jpeg"}],"author":"Marco Rogert","twitter_card":"summary_large_image","twitter_creator":"@RogertUlbrich","twitter_site":"@RogertUlbrich","schema":{"@context":"https:\/\/schema.org","@graph":[{"@type":"Article","@id":"https:\/\/ru.law\/schutz-von-arbeitnehmenden-am-arbeitsplatz\/#article","isPartOf":{"@id":"https:\/\/ru.law\/schutz-von-arbeitnehmenden-am-arbeitsplatz\/"},"author":{"name":"Marco Rogert","@id":"https:\/\/ru.law\/#\/schema\/person\/b020d506e6bbc471b4565d3a98173b87"},"headline":"Schutz von Arbeitnehmenden am Arbeitsplatz","datePublished":"2022-07-27T08:18:47+00:00","dateModified":"2024-11-11T07:26:48+00:00","mainEntityOfPage":{"@id":"https:\/\/ru.law\/schutz-von-arbeitnehmenden-am-arbeitsplatz\/"},"wordCount":632,"publisher":{"@id":"https:\/\/ru.law\/#organization"},"image":{"@id":"https:\/\/ru.law\/schutz-von-arbeitnehmenden-am-arbeitsplatz\/#primaryimage"},"thumbnailUrl":"https:\/\/ru.law\/wp-content\/uploads\/2022\/07\/Rogert-Ulbrich-Rechtsanwaelte-Kanzlei-Arbeitsrecht-Kuendigungsschutz-Schutz-Arbeitnehmende.jpg","keywords":["fristlose K\u00fcndigung","K\u00fcndigung","K\u00fcndigungsfrist","K\u00fcndigungsschutz","ordentliche K\u00fcndigung","Weiterbesch\u00e4ftigungsanspruch"],"articleSection":["Arbeitsrecht"],"inLanguage":"nl-NL"},{"@type":"WebPage","@id":"https:\/\/ru.law\/schutz-von-arbeitnehmenden-am-arbeitsplatz\/","url":"https:\/\/ru.law\/schutz-von-arbeitnehmenden-am-arbeitsplatz\/","name":"Schutz von Arbeitnehmenden am Arbeitsplatz - R&amp;U","isPartOf":{"@id":"https:\/\/ru.law\/#website"},"primaryImageOfPage":{"@id":"https:\/\/ru.law\/schutz-von-arbeitnehmenden-am-arbeitsplatz\/#primaryimage"},"image":{"@id":"https:\/\/ru.law\/schutz-von-arbeitnehmenden-am-arbeitsplatz\/#primaryimage"},"thumbnailUrl":"https:\/\/ru.law\/wp-content\/uploads\/2022\/07\/Rogert-Ulbrich-Rechtsanwaelte-Kanzlei-Arbeitsrecht-Kuendigungsschutz-Schutz-Arbeitnehmende.jpg","datePublished":"2022-07-27T08:18:47+00:00","dateModified":"2024-11-11T07:26:48+00:00","description":"Bei einem Arbeitsverh\u00e4ltnis kann es zu Zerw\u00fcrfnissen kommen. Wir beraten Arbeitnehmende und verhelfen Ihnen zu Ihrem Recht.","breadcrumb":{"@id":"https:\/\/ru.law\/schutz-von-arbeitnehmenden-am-arbeitsplatz\/#breadcrumb"},"inLanguage":"nl-NL","potentialAction":[{"@type":"ReadAction","target":["https:\/\/ru.law\/schutz-von-arbeitnehmenden-am-arbeitsplatz\/"]}]},{"@type":"ImageObject","inLanguage":"nl-NL","@id":"https:\/\/ru.law\/schutz-von-arbeitnehmenden-am-arbeitsplatz\/#primaryimage","url":"https:\/\/ru.law\/wp-content\/uploads\/2022\/07\/Rogert-Ulbrich-Rechtsanwaelte-Kanzlei-Arbeitsrecht-Kuendigungsschutz-Schutz-Arbeitnehmende.jpg","contentUrl":"https:\/\/ru.law\/wp-content\/uploads\/2022\/07\/Rogert-Ulbrich-Rechtsanwaelte-Kanzlei-Arbeitsrecht-Kuendigungsschutz-Schutz-Arbeitnehmende.jpg","width":1200,"height":675},{"@type":"BreadcrumbList","@id":"https:\/\/ru.law\/schutz-von-arbeitnehmenden-am-arbeitsplatz\/#breadcrumb","itemListElement":[{"@type":"ListItem","position":1,"name":"Startseite","item":"https:\/\/ru.law\/"},{"@type":"ListItem","position":2,"name":"Schutz von Arbeitnehmenden am Arbeitsplatz"}]},{"@type":"WebSite","@id":"https:\/\/ru.law\/#website","url":"https:\/\/ru.law\/","name":"R&amp;U","description":"Consumentenadvocaten","publisher":{"@id":"https:\/\/ru.law\/#organization"},"alternateName":"Rogert & Ulbrich","potentialAction":[{"@type":"SearchAction","target":{"@type":"EntryPoint","urlTemplate":"https:\/\/ru.law\/?s={search_term_string}"},"query-input":{"@type":"PropertyValueSpecification","valueRequired":true,"valueName":"search_term_string"}}],"inLanguage":"nl-NL"},{"@type":"Organization","@id":"https:\/\/ru.law\/#organization","name":"Advocatenkantoor Rogert &amp; Ulbrich","url":"https:\/\/ru.law\/","logo":{"@type":"ImageObject","inLanguage":"nl-NL","@id":"https:\/\/ru.law\/#\/schema\/logo\/image\/","url":"https:\/\/ru.law\/wp-content\/uploads\/2020\/12\/logo-ru-law.svg","contentUrl":"https:\/\/ru.law\/wp-content\/uploads\/2020\/12\/logo-ru-law.svg","width":992,"height":259,"caption":"Kanzlei Rogert & Ulbrich"},"image":{"@id":"https:\/\/ru.law\/#\/schema\/logo\/image\/"},"sameAs":["https:\/\/www.facebook.com\/RogertUlbrich\/","https:\/\/x.com\/RogertUlbrich","https:\/\/www.instagram.com\/rogertulbrich\/","https:\/\/www.linkedin.com\/company\/rogert-ulbrich\/","https:\/\/www.youtube.com\/channel\/UCganCgpvwpPFqMFf1vVmG2A"]},{"@type":"Person","@id":"https:\/\/ru.law\/#\/schema\/person\/b020d506e6bbc471b4565d3a98173b87","name":"Marco Rogert","url":"https:\/\/ru.law\/nl\/author\/rogertru-law\/"}]}},"uagb_featured_image_src":{"full":["https:\/\/ru.law\/wp-content\/uploads\/2022\/07\/Rogert-Ulbrich-Rechtsanwaelte-Kanzlei-Arbeitsrecht-Kuendigungsschutz-Schutz-Arbeitnehmende.jpg",1200,675,false],"thumbnail":["https:\/\/ru.law\/wp-content\/uploads\/2022\/07\/Rogert-Ulbrich-Rechtsanwaelte-Kanzlei-Arbeitsrecht-Kuendigungsschutz-Schutz-Arbeitnehmende-150x150.jpg",96,96,true],"medium":["https:\/\/ru.law\/wp-content\/uploads\/2022\/07\/Rogert-Ulbrich-Rechtsanwaelte-Kanzlei-Arbeitsrecht-Kuendigungsschutz-Schutz-Arbeitnehmende-300x169.jpg",300,169,true],"medium_large":["https:\/\/ru.law\/wp-content\/uploads\/2022\/07\/Rogert-Ulbrich-Rechtsanwaelte-Kanzlei-Arbeitsrecht-Kuendigungsschutz-Schutz-Arbeitnehmende-768x432.jpg",768,432,true],"large":["https:\/\/ru.law\/wp-content\/uploads\/2022\/07\/Rogert-Ulbrich-Rechtsanwaelte-Kanzlei-Arbeitsrecht-Kuendigungsschutz-Schutz-Arbeitnehmende-1024x576.jpg",1024,576,true],"1536x1536":["https:\/\/ru.law\/wp-content\/uploads\/2022\/07\/Rogert-Ulbrich-Rechtsanwaelte-Kanzlei-Arbeitsrecht-Kuendigungsschutz-Schutz-Arbeitnehmende.jpg",1200,675,false],"2048x2048":["https:\/\/ru.law\/wp-content\/uploads\/2022\/07\/Rogert-Ulbrich-Rechtsanwaelte-Kanzlei-Arbeitsrecht-Kuendigungsschutz-Schutz-Arbeitnehmende.jpg",1200,675,false],"trp-custom-language-flag":["https:\/\/ru.law\/wp-content\/uploads\/2022\/07\/Rogert-Ulbrich-Rechtsanwaelte-Kanzlei-Arbeitsrecht-Kuendigungsschutz-Schutz-Arbeitnehmende.jpg",18,10,false]},"uagb_author_info":{"display_name":"Marco Rogert","author_link":"https:\/\/ru.law\/nl\/author\/rogertru-law\/"},"uagb_comment_info":0,"uagb_excerpt":"In der Arbeitspraxis kann es &#8211; trotz einer langj\u00e4hrigen Betriebszugeh\u00f6rigkeit und eines hohen Engagements seitens des Arbeitnehmenden &#8211; aus unterschiedlichen Gr\u00fcnden zu Zerw\u00fcrfnissen mit Vorgesetzten [&hellip;]","_links":{"self":[{"href":"https:\/\/ru.law\/nl\/wp-json\/wp\/v2\/posts\/34423","targetHints":{"allow":["GET"]}}],"collection":[{"href":"https:\/\/ru.law\/nl\/wp-json\/wp\/v2\/posts"}],"about":[{"href":"https:\/\/ru.law\/nl\/wp-json\/wp\/v2\/types\/post"}],"author":[{"embeddable":true,"href":"https:\/\/ru.law\/nl\/wp-json\/wp\/v2\/users\/21"}],"replies":[{"embeddable":true,"href":"https:\/\/ru.law\/nl\/wp-json\/wp\/v2\/comments?post=34423"}],"version-history":[{"count":0,"href":"https:\/\/ru.law\/nl\/wp-json\/wp\/v2\/posts\/34423\/revisions"}],"wp:featuredmedia":[{"embeddable":true,"href":"https:\/\/ru.law\/nl\/wp-json\/wp\/v2\/media\/34425"}],"wp:attachment":[{"href":"https:\/\/ru.law\/nl\/wp-json\/wp\/v2\/media?parent=34423"}],"wp:term":[{"taxonomy":"category","embeddable":true,"href":"https:\/\/ru.law\/nl\/wp-json\/wp\/v2\/categories?post=34423"},{"taxonomy":"post_tag","embeddable":true,"href":"https:\/\/ru.law\/nl\/wp-json\/wp\/v2\/tags?post=34423"}],"curies":[{"name":"wp","href":"https:\/\/api.w.org\/{rel}","templated":true}]}}