{"id":32299,"date":"2022-06-14T12:50:09","date_gmt":"2022-06-14T10:50:09","guid":{"rendered":"https:\/\/ru.law\/?p=32299"},"modified":"2024-07-08T13:11:43","modified_gmt":"2024-07-08T11:11:43","slug":"kba-weist-auf-unzulaessigkeit-bei-mercedes-benz-hin","status":"publish","type":"post","link":"https:\/\/ru.law\/nl\/kba-weist-auf-unzulaessigkeit-bei-mercedes-benz-hin\/","title":{"rendered":"KBA wijst op ontoelaatbaarheid bij Mercedes-Benz"},"content":{"rendered":"<p>De Bundesautomobilausstelle (KBA) werd door de Oberlandesgericht M\u00fcnchen (OLG) bij beschikking van 3 augustus 2021 verzocht om informatie te verstrekken. Het onderwerp van het geschil was een <a href=\"https:\/\/ru.law\/nl\/expertise\/abgasskandal\/mercedes-benz-diesel\/#modelle\">Mercedes-Benz GLK 220 CDI 4MATIC Diesel met 125 kW en Euro 5<\/a>emissienorm. Volgens de KBA heeft het voertuig een<a href=\"https:\/\/ru.law\/nl\/expertise\/abgasskandal\/mercedes-benz-diesel\/#software\"> ontoelaatbare uitschakelinrichting<\/a> met betrekking tot emissiegedrag. Op 21 juni 2019 heeft de autoriteit daarom een <a href=\"https:\/\/ru.law\/nl\/expertise\/abgasskandal\/mercedes-benz-diesel\/#rueckruf\">terugroepingsbericht <\/a>voor voertuigen van dit model.<\/p>\n\n\n\n<h2 class=\"wp-block-heading\" id=\"h-kuhlmittelsolltemperatur-ist-unzulassig\">Koelvloeistof-doeltemperatuur is niet toegestaan <\/h2>\n\n\n\n<p>De reden voor de terugroepactie van enkele Mercedes-Benz GLK-voertuigen is dat de strategie met betrekking tot verontreinigende stoffen en uitlaatgassen als ontoelaatbaar werd geclassificeerd door een \u201cgereguleerde koelvloeistofthermostaat\u201d tijdens het opwarmen van de motor.<\/p>\n\n\n\n<p>Bij regeling van de koelvloeistoftemperatuur activeert een softwarefunctie een speciale temperatuurregeling die het koelvloeistofcircuit kunstmatig kouder houdt en het opwarmen van de motorolie vertraagt. Alleen op deze manier kunnen we garanderen dat de stikstofoxidewaarden op de testbank onder de wettelijk voorgeschreven grenswaarden blijven. In re\u00eble rijomstandigheden is deze functie echter uitgeschakeld en wordt de wettelijke grenswaarde van 180 mg\/km aanzienlijk overschreden. De softwarefunctie werd ontdekt tijdens emissiemetingen op een Mercedes GLK 220 CDI met de&nbsp;<a href=\"https:\/\/ru.law\/nl\/expertise\/abgasskandal\/mercedes-benz-diesel\/#motor\">OM 651 dieselmotor<\/a>&nbsp;en Euro 5-norm.<\/p>\n\n\n\n<p>Het Federale Hof van Justitie (BGH) heeft ook <a href=\"https:\/\/ru.law\/nl\/expertise\/abgasskandal\/mercedes-benz-diesel\/#urteile\">meerdere positieve<\/a> voor consumenten. Pas onlangs heeft het Bundesgerichtshof in een door ons gevoerde zaak opnieuw besloten dat het vonnis van het Oberlandesgericht (OLG) Koblenz vernietigd moest worden en terugverwezen moest worden naar het Hof van Beroep voor een nieuwe beslissing (<a href=\"https:\/\/ru.law\/nl\/erneuter-erfolg-im-mercedes-abgasskandal-vor-dem-bgh\/\">BGH-besluit van 20.04.2022, Ref. VII ZR 720\/21<\/a>). Ook in deze zaak ging het om een gebruikte&nbsp;<a href=\"https:\/\/ru.law\/nl\/expertise\/abgasskandal\/mercedes-benz-diesel\/#modelle\">Mercedes-Benz GLK 220 CDI BE 4M&nbsp;<\/a>(emissieklasse Euro 5). Het voertuig is uitgerust met een&nbsp;<a href=\"https:\/\/ru.law\/nl\/expertise\/abgasskandal\/mercedes-benz-diesel\/#motor\">dieselmotor van het type OM 651<\/a>&nbsp;uitgerust.<\/p>\n\n\n\n<h3 class=\"wp-block-heading\" id=\"h-rogert-amp-ulbrich-empfiehlt-mercedes-benz-fahrern\">Rogert &amp; Ulbrich beveelt Mercedes-Benz-rijders aan <\/h3>\n\n\n\n<p>Als u de eigenaar bent van een Mercedes-Benz, moet u nu&nbsp;<a href=\"https:\/\/ru.law\/nl\/expertise\/abgasskandal\/mercedes-benz-diesel\/#mandat\">kans op een<\/a>&nbsp;<a href=\"https:\/\/ru.law\/nl\/expertise\/abgasskandal\/mercedes-benz-diesel\/#mandat\">mogelijke schade<\/a>gebruiken. Het advocatenkantoor Rogert &amp; Ulbrich was het eerste advocatenkantoor in Duitsland dat<a href=\"https:\/\/ru.law\/nl\/expertise\/abgasskandal\/mercedes-benz-diesel\/#urteile\">positieve beslissing<\/a>voor het Federale Hof van Justitie in een Daimler-zaak. Neem gerust contact met ons op en laat<a href=\"https:\/\/ru.law\/nl\/expertise\/abgasskandal\/mercedes-benz-diesel\/#erstberatung\">uw eisen<\/a>geheel vrijblijvend en kosteloos controleren.<\/p>\n\n\n\n<section class=\"wp-block-uagb-columns uagb-columns__wrap uagb-columns__stack-mobile uagb-columns__valign- uagb-columns__gap-10 align uagb-block-a4de9b8e uagb-columns__columns-1 uagb-columns__max_width-theme contrast blog_beitraege\"><div class=\"uagb-columns__overlay\"><\/div><div class=\"uagb-columns__inner-wrap uagb-columns__columns-1\">\n<div class=\"wp-block-uagb-column uagb-column__wrap uagb-column__background-undefined uagb-block-55dd5287\"><div class=\"uagb-column__overlay\"><\/div>\n<h3 class=\"wp-block-heading\" id=\"h-das-konnte-sie-auch-interessieren\">Misschien bent u ook ge\u00efnteresseerd in:<\/h3>\n\n\n\n\t\t\t<div class=\"wp-block-uagb-post-grid uagb-post-grid  uagb-post__image-position-top uagb-post__image-enabled uagb-block-a4df2dfb     uagb-post__items uagb-post__columns-3 is-grid uagb-post__columns-tablet-2 uagb-post__columns-mobile-1 uagb-post__equal-height\" data-total=\"9\" style=\"\">\n\n\t\t\t\t\t\t\t\t\t\t\t\t<article class=\"uagb-post__inner-wrap\">\t\t\t\t\t\t\t\t<div class='uagb-post__image'>\n\t\t\t\t\t\t\t\t\t<a href=\"https:\/\/ru.law\/nl\/musterfeststellungsklage-gegen-die-daimler-ag\/\" target=\"_self\" rel=\"bookmark noopener noreferrer\" class='uagb-image-ratio-inherit'><img loading=\"lazy\" decoding=\"async\" width=\"1024\" height=\"576\" src=\"https:\/\/ru.law\/wp-content\/uploads\/2021\/07\/Rogert-Ulbrich-Rechtsanwalts-Kanzlei-Mercedes-Benz-Musterfestellungsklage72-1024x576.jpg\" class=\"attachment-large size-large\" alt=\"\" srcset=\"https:\/\/ru.law\/wp-content\/uploads\/2021\/07\/Rogert-Ulbrich-Rechtsanwalts-Kanzlei-Mercedes-Benz-Musterfestellungsklage72-1024x576.jpg 1024w, https:\/\/ru.law\/wp-content\/uploads\/2021\/07\/Rogert-Ulbrich-Rechtsanwalts-Kanzlei-Mercedes-Benz-Musterfestellungsklage72-300x169.jpg 300w, https:\/\/ru.law\/wp-content\/uploads\/2021\/07\/Rogert-Ulbrich-Rechtsanwalts-Kanzlei-Mercedes-Benz-Musterfestellungsklage72-768x432.jpg 768w, https:\/\/ru.law\/wp-content\/uploads\/2021\/07\/Rogert-Ulbrich-Rechtsanwalts-Kanzlei-Mercedes-Benz-Musterfestellungsklage72.jpg 1200w\" sizes=\"auto, (max-width: 1024px) 100vw, 1024px\" \/>\t\t\t\t\t<\/a>\n\t\t\t\t\t\t\t<\/div>\n\t\t\t\t\t\t<h4 class=\"uagb-post__title uagb-post__text\">\n\t\t\t\t<a href=\"https:\/\/ru.law\/nl\/musterfeststellungsklage-gegen-die-daimler-ag\/\" target=\"_self\" rel=\"bookmark noopener noreferrer\">vzbv dient opnieuw een model declaratoir verzoek in \u2013 Volkswagen wordt gevolgd door Daimler AG<\/a>\n\t\t\t<\/h4>\n\t\t\t\t\t\t<div class='uagb-post__text uagb-post-grid-byline'>\n\t\t\t\t\t\t\t<\/div>\n\t\t\t\t\t\t\t<div class='uagb-post__text uagb-post__excerpt'>\n\t\t\t\t\t<p>Slecht nieuws voor de autofabrikanten uit Stuttgart. De Federale Vereniging van Consumentenorganisaties (vzbv) wordt\u2026\t\t\t\t<\/div>\n\t\t\t\n\t\t\t\t\t\t\t\t\t<\/article>\n\t\t\t\t\t\t\t\t\t\t\t\t\t\t\t\t<article class=\"uagb-post__inner-wrap\">\t\t\t\t\t\t\t\t<div class='uagb-post__image'>\n\t\t\t\t\t\t\t\t\t<a href=\"https:\/\/ru.law\/nl\/verjaehrung-bei-mercedes-benz-zum-ende-des-jahres-2021\/\" target=\"_self\" rel=\"bookmark noopener noreferrer\" class='uagb-image-ratio-inherit'><img loading=\"lazy\" decoding=\"async\" width=\"1024\" height=\"576\" src=\"https:\/\/ru.law\/wp-content\/uploads\/2021\/10\/Rogert-Ulbrich-Rechtsanwaelte-Kanzlei-Mercedes-Vito-GLC-Marco-Polo-Euro6-1024x576.jpg\" class=\"attachment-large size-large\" alt=\"Rogert-Ulbrich-Rechtsanwaelte-Kanzlei-Mercedes-Vito-GLC-Marco-Polo-Euro6.jp\" srcset=\"https:\/\/ru.law\/wp-content\/uploads\/2021\/10\/Rogert-Ulbrich-Rechtsanwaelte-Kanzlei-Mercedes-Vito-GLC-Marco-Polo-Euro6-1024x576.jpg 1024w, https:\/\/ru.law\/wp-content\/uploads\/2021\/10\/Rogert-Ulbrich-Rechtsanwaelte-Kanzlei-Mercedes-Vito-GLC-Marco-Polo-Euro6-300x169.jpg 300w, https:\/\/ru.law\/wp-content\/uploads\/2021\/10\/Rogert-Ulbrich-Rechtsanwaelte-Kanzlei-Mercedes-Vito-GLC-Marco-Polo-Euro6-768x432.jpg 768w, https:\/\/ru.law\/wp-content\/uploads\/2021\/10\/Rogert-Ulbrich-Rechtsanwaelte-Kanzlei-Mercedes-Vito-GLC-Marco-Polo-Euro6.jpg 1200w\" sizes=\"auto, (max-width: 1024px) 100vw, 1024px\" \/>\t\t\t\t\t<\/a>\n\t\t\t\t\t\t\t<\/div>\n\t\t\t\t\t\t<h4 class=\"uagb-post__title uagb-post__text\">\n\t\t\t\t<a href=\"https:\/\/ru.law\/nl\/verjaehrung-bei-mercedes-benz-zum-ende-des-jahres-2021\/\" target=\"_self\" rel=\"bookmark noopener noreferrer\">Verjaringstermijn bij Mercedes-Benz eind 2021<\/a>\n\t\t\t<\/h4>\n\t\t\t\t\t\t<div class='uagb-post__text uagb-post-grid-byline'>\n\t\t\t\t\t\t\t<\/div>\n\t\t\t\t\t\t\t<div class='uagb-post__text uagb-post__excerpt'>\n\t\t\t\t\t<p>Rijdt u een Mercedes-Benz GLC, V-Klasse, Vito of Marco Polo? Dan moet u er rekening mee houden dat\u2026\t\t\t\t<\/div>\n\t\t\t\n\t\t\t\t\t\t\t\t\t<\/article>\n\t\t\t\t\t\t\t\t\t\t\t\t\t\t\t\t<article class=\"uagb-post__inner-wrap\">\t\t\t\t\t\t\t\t<div class='uagb-post__image'>\n\t\t\t\t\t\t\t\t\t<a href=\"https:\/\/ru.law\/nl\/urteil-gegen-daimler-ag-vorsaetzlich-sittenwidrige-schaedigung\/\" target=\"_self\" rel=\"bookmark noopener noreferrer\" class='uagb-image-ratio-inherit'><img loading=\"lazy\" decoding=\"async\" width=\"1024\" height=\"576\" src=\"https:\/\/ru.law\/wp-content\/uploads\/2022\/02\/Rogert-Ulbrich-Rechtsanwaelte-Kanzlei-Abgasskandal-Urteile-Daimler-Mercedes-Benz-1024x576.png\" class=\"attachment-large size-large\" alt=\"\" srcset=\"https:\/\/ru.law\/wp-content\/uploads\/2022\/02\/Rogert-Ulbrich-Rechtsanwaelte-Kanzlei-Abgasskandal-Urteile-Daimler-Mercedes-Benz-1024x576.png 1024w, https:\/\/ru.law\/wp-content\/uploads\/2022\/02\/Rogert-Ulbrich-Rechtsanwaelte-Kanzlei-Abgasskandal-Urteile-Daimler-Mercedes-Benz-300x169.png 300w, https:\/\/ru.law\/wp-content\/uploads\/2022\/02\/Rogert-Ulbrich-Rechtsanwaelte-Kanzlei-Abgasskandal-Urteile-Daimler-Mercedes-Benz-768x432.png 768w, https:\/\/ru.law\/wp-content\/uploads\/2022\/02\/Rogert-Ulbrich-Rechtsanwaelte-Kanzlei-Abgasskandal-Urteile-Daimler-Mercedes-Benz.png 1200w\" sizes=\"auto, (max-width: 1024px) 100vw, 1024px\" \/>\t\t\t\t\t<\/a>\n\t\t\t\t\t\t\t<\/div>\n\t\t\t\t\t\t<h4 class=\"uagb-post__title uagb-post__text\">\n\t\t\t\t<a href=\"https:\/\/ru.law\/nl\/urteil-gegen-daimler-ag-vorsaetzlich-sittenwidrige-schaedigung\/\" target=\"_self\" rel=\"bookmark noopener noreferrer\">Vonnis tegen Daimler AG \u2013 opzettelijke immorele schade<\/a>\n\t\t\t<\/h4>\n\t\t\t\t\t\t<div class='uagb-post__text uagb-post-grid-byline'>\n\t\t\t\t\t\t\t<\/div>\n\t\t\t\t\t\t\t<div class='uagb-post__text uagb-post__excerpt'>\n\t\t\t\t\t<p>In zijn vonnis van 28 januari 2022 veroordeelde de regionale rechtbank van Stuttgart (LG) Daimler AG tot\u2026\t\t\t\t<\/div>\n\t\t\t\n\t\t\t\t\t\t\t\t\t<\/article>\n\t\t\t\t\t\t\t\t\t\t\t<\/div>\n\t\t\t<\/div>\n<\/div><\/section>","protected":false},"excerpt":{"rendered":"<p>Das Kraftfahrtbundesamt (KBA) wurde durch das Oberlandesgericht (OLG) M\u00fcnchen mit Beschluss vom 03.08.2021 um Erteilung einer Auskunft gebeten. Streitgegenst\u00e4ndlich war ein Mercedes-Benz GLK 220 CDI [&hellip;]<\/p>\n","protected":false},"author":21,"featured_media":62591,"comment_status":"closed","ping_status":"open","sticky":false,"template":"","format":"standard","meta":{"_uag_custom_page_level_css":"","site-sidebar-layout":"default","site-content-layout":"","ast-site-content-layout":"default","site-content-style":"default","site-sidebar-style":"default","ast-global-header-display":"","ast-banner-title-visibility":"","ast-main-header-display":"","ast-hfb-above-header-display":"","ast-hfb-below-header-display":"","ast-hfb-mobile-header-display":"","site-post-title":"","ast-breadcrumbs-content":"","ast-featured-img":"","footer-sml-layout":"","ast-disable-related-posts":"","theme-transparent-header-meta":"","adv-header-id-meta":"","stick-header-meta":"","header-above-stick-meta":"","header-main-stick-meta":"","header-below-stick-meta":"","astra-migrate-meta-layouts":"set","ast-page-background-enabled":"default","ast-page-background-meta":{"desktop":{"background-color":"","background-image":"","background-repeat":"repeat","background-position":"center center","background-size":"auto","background-attachment":"scroll","background-type":"","background-media":"","overlay-type":"","overlay-color":"","overlay-opacity":"","overlay-gradient":""},"tablet":{"background-color":"","background-image":"","background-repeat":"repeat","background-position":"center center","background-size":"auto","background-attachment":"scroll","background-type":"","background-media":"","overlay-type":"","overlay-color":"","overlay-opacity":"","overlay-gradient":""},"mobile":{"background-color":"","background-image":"","background-repeat":"repeat","background-position":"center center","background-size":"auto","background-attachment":"scroll","background-type":"","background-media":"","overlay-type":"","overlay-color":"","overlay-opacity":"","overlay-gradient":""}},"ast-content-background-meta":{"desktop":{"background-color":"var(--ast-global-color-5)","background-image":"","background-repeat":"repeat","background-position":"center center","background-size":"auto","background-attachment":"scroll","background-type":"","background-media":"","overlay-type":"","overlay-color":"","overlay-opacity":"","overlay-gradient":""},"tablet":{"background-color":"var(--ast-global-color-5)","background-image":"","background-repeat":"repeat","background-position":"center center","background-size":"auto","background-attachment":"scroll","background-type":"","background-media":"","overlay-type":"","overlay-color":"","overlay-opacity":"","overlay-gradient":""},"mobile":{"background-color":"var(--ast-global-color-5)","background-image":"","background-repeat":"repeat","background-position":"center center","background-size":"auto","background-attachment":"scroll","background-type":"","background-media":"","overlay-type":"","overlay-color":"","overlay-opacity":"","overlay-gradient":""}},"footnotes":""},"categories":[2],"tags":[895,18,697,876,35,40],"class_list":["post-32299","post","type-post","status-publish","format-standard","has-post-thumbnail","hentry","category-abgasskandal","tag-abschalteinrichtung","tag-daimler","tag-kba","tag-mercedes-benz","tag-rueckruf","tag-software-update"],"yoast_head":"<!-- This site is optimized with the Yoast SEO Premium plugin v27.4 (Yoast SEO v27.4) - https:\/\/yoast.com\/product\/yoast-seo-premium-wordpress\/ -->\n<title>KBA weist auf Unzul\u00e4ssigkeit bei Mercedes-Benz hin - R&amp;U<\/title>\n<meta name=\"description\" content=\"Das KBA weist erneut auf eine Unzul\u00e4ssigkeit bei Mercedes-Benz hin. Die Daimler AG r\u00fcckt immer weiter in den Fokus. Handeln Sie jetzt!\" \/>\n<meta name=\"robots\" content=\"index, follow, max-snippet:-1, max-image-preview:large, max-video-preview:-1\" \/>\n<link rel=\"canonical\" href=\"https:\/\/ru.law\/nl\/kba-weist-auf-unzulaessigkeit-bei-mercedes-benz-hin\/\" \/>\n<meta property=\"og:locale\" content=\"nl_NL\" \/>\n<meta property=\"og:type\" content=\"article\" \/>\n<meta property=\"og:title\" content=\"KBA weist auf Unzul\u00e4ssigkeit bei Mercedes-Benz hin\" \/>\n<meta property=\"og:description\" content=\"Das KBA weist erneut auf eine Unzul\u00e4ssigkeit bei Mercedes-Benz hin. Die Daimler AG r\u00fcckt immer weiter in den Fokus. Handeln Sie jetzt!\" \/>\n<meta property=\"og:url\" content=\"https:\/\/ru.law\/nl\/kba-weist-auf-unzulaessigkeit-bei-mercedes-benz-hin\/\" \/>\n<meta property=\"og:site_name\" content=\"R&amp;U\" \/>\n<meta property=\"article:publisher\" content=\"https:\/\/www.facebook.com\/RogertUlbrich\/\" \/>\n<meta property=\"article:published_time\" content=\"2022-06-14T10:50:09+00:00\" \/>\n<meta property=\"article:modified_time\" content=\"2024-07-08T11:11:43+00:00\" \/>\n<meta property=\"og:image\" content=\"https:\/\/ru.law\/wp-content\/uploads\/2022\/06\/Rogert-Ulbrich-Rechtsanwaelt-Kanzlei-Abgasskandal-Mercedes-Benz-KBA-Rueckruf-Abschalteinrichtung-kuehlmittelsolltemperatur.jpg\" \/>\n\t<meta property=\"og:image:width\" content=\"1200\" \/>\n\t<meta property=\"og:image:height\" content=\"675\" \/>\n\t<meta property=\"og:image:type\" content=\"image\/jpeg\" \/>\n<meta name=\"author\" content=\"Marco Rogert\" \/>\n<meta name=\"twitter:card\" content=\"summary_large_image\" \/>\n<meta name=\"twitter:creator\" content=\"@RogertUlbrich\" \/>\n<meta name=\"twitter:site\" content=\"@RogertUlbrich\" \/>\n<script type=\"application\/ld+json\" class=\"yoast-schema-graph\">{\"@context\":\"https:\\\/\\\/schema.org\",\"@graph\":[{\"@type\":\"Article\",\"@id\":\"https:\\\/\\\/ru.law\\\/kba-weist-auf-unzulaessigkeit-bei-mercedes-benz-hin\\\/#article\",\"isPartOf\":{\"@id\":\"https:\\\/\\\/ru.law\\\/kba-weist-auf-unzulaessigkeit-bei-mercedes-benz-hin\\\/\"},\"author\":{\"name\":\"Marco Rogert\",\"@id\":\"https:\\\/\\\/ru.law\\\/#\\\/schema\\\/person\\\/b020d506e6bbc471b4565d3a98173b87\"},\"headline\":\"KBA weist auf Unzul\u00e4ssigkeit bei Mercedes-Benz hin\",\"datePublished\":\"2022-06-14T10:50:09+00:00\",\"dateModified\":\"2024-07-08T11:11:43+00:00\",\"mainEntityOfPage\":{\"@id\":\"https:\\\/\\\/ru.law\\\/kba-weist-auf-unzulaessigkeit-bei-mercedes-benz-hin\\\/\"},\"wordCount\":335,\"publisher\":{\"@id\":\"https:\\\/\\\/ru.law\\\/#organization\"},\"image\":{\"@id\":\"https:\\\/\\\/ru.law\\\/kba-weist-auf-unzulaessigkeit-bei-mercedes-benz-hin\\\/#primaryimage\"},\"thumbnailUrl\":\"https:\\\/\\\/ru.law\\\/wp-content\\\/uploads\\\/2022\\\/06\\\/Rogert-Ulbrich-Rechtsanwaelt-Kanzlei-Abgasskandal-Mercedes-Benz-KBA-Rueckruf-Abschalteinrichtung-kuehlmittelsolltemperatur.jpg\",\"keywords\":[\"Abschalteinrichtung\",\"Daimler\",\"KBA\",\"Mercedes-Benz\",\"R\u00fcckruf\",\"Software-Update\"],\"articleSection\":[\"Abgasskandal\"],\"inLanguage\":\"nl-NL\"},{\"@type\":\"WebPage\",\"@id\":\"https:\\\/\\\/ru.law\\\/kba-weist-auf-unzulaessigkeit-bei-mercedes-benz-hin\\\/\",\"url\":\"https:\\\/\\\/ru.law\\\/kba-weist-auf-unzulaessigkeit-bei-mercedes-benz-hin\\\/\",\"name\":\"KBA weist auf Unzul\u00e4ssigkeit bei Mercedes-Benz hin - R&amp;U\",\"isPartOf\":{\"@id\":\"https:\\\/\\\/ru.law\\\/#website\"},\"primaryImageOfPage\":{\"@id\":\"https:\\\/\\\/ru.law\\\/kba-weist-auf-unzulaessigkeit-bei-mercedes-benz-hin\\\/#primaryimage\"},\"image\":{\"@id\":\"https:\\\/\\\/ru.law\\\/kba-weist-auf-unzulaessigkeit-bei-mercedes-benz-hin\\\/#primaryimage\"},\"thumbnailUrl\":\"https:\\\/\\\/ru.law\\\/wp-content\\\/uploads\\\/2022\\\/06\\\/Rogert-Ulbrich-Rechtsanwaelt-Kanzlei-Abgasskandal-Mercedes-Benz-KBA-Rueckruf-Abschalteinrichtung-kuehlmittelsolltemperatur.jpg\",\"datePublished\":\"2022-06-14T10:50:09+00:00\",\"dateModified\":\"2024-07-08T11:11:43+00:00\",\"description\":\"Das KBA weist erneut auf eine Unzul\u00e4ssigkeit bei Mercedes-Benz hin. Die Daimler AG r\u00fcckt immer weiter in den Fokus. Handeln Sie jetzt!\",\"breadcrumb\":{\"@id\":\"https:\\\/\\\/ru.law\\\/kba-weist-auf-unzulaessigkeit-bei-mercedes-benz-hin\\\/#breadcrumb\"},\"inLanguage\":\"nl-NL\",\"potentialAction\":[{\"@type\":\"ReadAction\",\"target\":[\"https:\\\/\\\/ru.law\\\/kba-weist-auf-unzulaessigkeit-bei-mercedes-benz-hin\\\/\"]}]},{\"@type\":\"ImageObject\",\"inLanguage\":\"nl-NL\",\"@id\":\"https:\\\/\\\/ru.law\\\/kba-weist-auf-unzulaessigkeit-bei-mercedes-benz-hin\\\/#primaryimage\",\"url\":\"https:\\\/\\\/ru.law\\\/wp-content\\\/uploads\\\/2022\\\/06\\\/Rogert-Ulbrich-Rechtsanwaelt-Kanzlei-Abgasskandal-Mercedes-Benz-KBA-Rueckruf-Abschalteinrichtung-kuehlmittelsolltemperatur.jpg\",\"contentUrl\":\"https:\\\/\\\/ru.law\\\/wp-content\\\/uploads\\\/2022\\\/06\\\/Rogert-Ulbrich-Rechtsanwaelt-Kanzlei-Abgasskandal-Mercedes-Benz-KBA-Rueckruf-Abschalteinrichtung-kuehlmittelsolltemperatur.jpg\",\"width\":1200,\"height\":675},{\"@type\":\"BreadcrumbList\",\"@id\":\"https:\\\/\\\/ru.law\\\/kba-weist-auf-unzulaessigkeit-bei-mercedes-benz-hin\\\/#breadcrumb\",\"itemListElement\":[{\"@type\":\"ListItem\",\"position\":1,\"name\":\"Startseite\",\"item\":\"https:\\\/\\\/ru.law\\\/\"},{\"@type\":\"ListItem\",\"position\":2,\"name\":\"KBA weist auf Unzul\u00e4ssigkeit bei Mercedes-Benz hin\"}]},{\"@type\":\"WebSite\",\"@id\":\"https:\\\/\\\/ru.law\\\/#website\",\"url\":\"https:\\\/\\\/ru.law\\\/\",\"name\":\"R&U\",\"description\":\"Verbraucheranw\u00e4lte\",\"publisher\":{\"@id\":\"https:\\\/\\\/ru.law\\\/#organization\"},\"alternateName\":\"Rogert & Ulbrich\",\"potentialAction\":[{\"@type\":\"SearchAction\",\"target\":{\"@type\":\"EntryPoint\",\"urlTemplate\":\"https:\\\/\\\/ru.law\\\/?s={search_term_string}\"},\"query-input\":{\"@type\":\"PropertyValueSpecification\",\"valueRequired\":true,\"valueName\":\"search_term_string\"}}],\"inLanguage\":\"nl-NL\"},{\"@type\":\"Organization\",\"@id\":\"https:\\\/\\\/ru.law\\\/#organization\",\"name\":\"Kanzlei Rogert & Ulbrich\",\"url\":\"https:\\\/\\\/ru.law\\\/\",\"logo\":{\"@type\":\"ImageObject\",\"inLanguage\":\"nl-NL\",\"@id\":\"https:\\\/\\\/ru.law\\\/#\\\/schema\\\/logo\\\/image\\\/\",\"url\":\"https:\\\/\\\/ru.law\\\/wp-content\\\/uploads\\\/2020\\\/12\\\/logo-ru-law.svg\",\"contentUrl\":\"https:\\\/\\\/ru.law\\\/wp-content\\\/uploads\\\/2020\\\/12\\\/logo-ru-law.svg\",\"width\":992,\"height\":259,\"caption\":\"Kanzlei Rogert & Ulbrich\"},\"image\":{\"@id\":\"https:\\\/\\\/ru.law\\\/#\\\/schema\\\/logo\\\/image\\\/\"},\"sameAs\":[\"https:\\\/\\\/www.facebook.com\\\/RogertUlbrich\\\/\",\"https:\\\/\\\/x.com\\\/RogertUlbrich\",\"https:\\\/\\\/www.instagram.com\\\/rogertulbrich\\\/\",\"https:\\\/\\\/www.linkedin.com\\\/company\\\/rogert-ulbrich\\\/\",\"https:\\\/\\\/www.youtube.com\\\/channel\\\/UCganCgpvwpPFqMFf1vVmG2A\"]},{\"@type\":\"Person\",\"@id\":\"https:\\\/\\\/ru.law\\\/#\\\/schema\\\/person\\\/b020d506e6bbc471b4565d3a98173b87\",\"name\":\"Marco Rogert\",\"url\":\"https:\\\/\\\/ru.law\\\/nl\\\/author\\\/rogertru-law\\\/\"}]}<\/script>\n<!-- \/ Yoast SEO Premium plugin. -->","yoast_head_json":{"title":"KBA wijst op ontoelaatbaarheid bij Mercedes-Benz - R&amp;U","description":"De KBA (Duitse Federale Autoriteit voor Motorvoertuigen) heeft opnieuw een onrechtmatigheid bij Mercedes-Benz aan het licht gebracht. Daimler AG komt steeds meer onder vuur te liggen. Kom nu in actie!","robots":{"index":"index","follow":"follow","max-snippet":"max-snippet:-1","max-image-preview":"max-image-preview:large","max-video-preview":"max-video-preview:-1"},"canonical":"https:\/\/ru.law\/nl\/kba-weist-auf-unzulaessigkeit-bei-mercedes-benz-hin\/","og_locale":"nl_NL","og_type":"article","og_title":"KBA weist auf Unzul\u00e4ssigkeit bei Mercedes-Benz hin","og_description":"Das KBA weist erneut auf eine Unzul\u00e4ssigkeit bei Mercedes-Benz hin. Die Daimler AG r\u00fcckt immer weiter in den Fokus. Handeln Sie jetzt!","og_url":"https:\/\/ru.law\/nl\/kba-weist-auf-unzulaessigkeit-bei-mercedes-benz-hin\/","og_site_name":"R&amp;U","article_publisher":"https:\/\/www.facebook.com\/RogertUlbrich\/","article_published_time":"2022-06-14T10:50:09+00:00","article_modified_time":"2024-07-08T11:11:43+00:00","og_image":[{"width":1200,"height":675,"url":"https:\/\/ru.law\/wp-content\/uploads\/2022\/06\/Rogert-Ulbrich-Rechtsanwaelt-Kanzlei-Abgasskandal-Mercedes-Benz-KBA-Rueckruf-Abschalteinrichtung-kuehlmittelsolltemperatur.jpg","type":"image\/jpeg"}],"author":"Marco Rogert","twitter_card":"summary_large_image","twitter_creator":"@RogertUlbrich","twitter_site":"@RogertUlbrich","schema":{"@context":"https:\/\/schema.org","@graph":[{"@type":"Article","@id":"https:\/\/ru.law\/kba-weist-auf-unzulaessigkeit-bei-mercedes-benz-hin\/#article","isPartOf":{"@id":"https:\/\/ru.law\/kba-weist-auf-unzulaessigkeit-bei-mercedes-benz-hin\/"},"author":{"name":"Marco Rogert","@id":"https:\/\/ru.law\/#\/schema\/person\/b020d506e6bbc471b4565d3a98173b87"},"headline":"KBA weist auf Unzul\u00e4ssigkeit bei Mercedes-Benz hin","datePublished":"2022-06-14T10:50:09+00:00","dateModified":"2024-07-08T11:11:43+00:00","mainEntityOfPage":{"@id":"https:\/\/ru.law\/kba-weist-auf-unzulaessigkeit-bei-mercedes-benz-hin\/"},"wordCount":335,"publisher":{"@id":"https:\/\/ru.law\/#organization"},"image":{"@id":"https:\/\/ru.law\/kba-weist-auf-unzulaessigkeit-bei-mercedes-benz-hin\/#primaryimage"},"thumbnailUrl":"https:\/\/ru.law\/wp-content\/uploads\/2022\/06\/Rogert-Ulbrich-Rechtsanwaelt-Kanzlei-Abgasskandal-Mercedes-Benz-KBA-Rueckruf-Abschalteinrichtung-kuehlmittelsolltemperatur.jpg","keywords":["Abschalteinrichtung","Daimler","KBA","Mercedes-Benz","R\u00fcckruf","Software-Update"],"articleSection":["Abgasskandal"],"inLanguage":"nl-NL"},{"@type":"WebPage","@id":"https:\/\/ru.law\/kba-weist-auf-unzulaessigkeit-bei-mercedes-benz-hin\/","url":"https:\/\/ru.law\/kba-weist-auf-unzulaessigkeit-bei-mercedes-benz-hin\/","name":"KBA wijst op ontoelaatbaarheid bij Mercedes-Benz - R&amp;U","isPartOf":{"@id":"https:\/\/ru.law\/#website"},"primaryImageOfPage":{"@id":"https:\/\/ru.law\/kba-weist-auf-unzulaessigkeit-bei-mercedes-benz-hin\/#primaryimage"},"image":{"@id":"https:\/\/ru.law\/kba-weist-auf-unzulaessigkeit-bei-mercedes-benz-hin\/#primaryimage"},"thumbnailUrl":"https:\/\/ru.law\/wp-content\/uploads\/2022\/06\/Rogert-Ulbrich-Rechtsanwaelt-Kanzlei-Abgasskandal-Mercedes-Benz-KBA-Rueckruf-Abschalteinrichtung-kuehlmittelsolltemperatur.jpg","datePublished":"2022-06-14T10:50:09+00:00","dateModified":"2024-07-08T11:11:43+00:00","description":"De KBA (Duitse Federale Autoriteit voor Motorvoertuigen) heeft opnieuw een onrechtmatigheid bij Mercedes-Benz aan het licht gebracht. Daimler AG komt steeds meer onder vuur te liggen. Kom nu in actie!","breadcrumb":{"@id":"https:\/\/ru.law\/kba-weist-auf-unzulaessigkeit-bei-mercedes-benz-hin\/#breadcrumb"},"inLanguage":"nl-NL","potentialAction":[{"@type":"ReadAction","target":["https:\/\/ru.law\/kba-weist-auf-unzulaessigkeit-bei-mercedes-benz-hin\/"]}]},{"@type":"ImageObject","inLanguage":"nl-NL","@id":"https:\/\/ru.law\/kba-weist-auf-unzulaessigkeit-bei-mercedes-benz-hin\/#primaryimage","url":"https:\/\/ru.law\/wp-content\/uploads\/2022\/06\/Rogert-Ulbrich-Rechtsanwaelt-Kanzlei-Abgasskandal-Mercedes-Benz-KBA-Rueckruf-Abschalteinrichtung-kuehlmittelsolltemperatur.jpg","contentUrl":"https:\/\/ru.law\/wp-content\/uploads\/2022\/06\/Rogert-Ulbrich-Rechtsanwaelt-Kanzlei-Abgasskandal-Mercedes-Benz-KBA-Rueckruf-Abschalteinrichtung-kuehlmittelsolltemperatur.jpg","width":1200,"height":675},{"@type":"BreadcrumbList","@id":"https:\/\/ru.law\/kba-weist-auf-unzulaessigkeit-bei-mercedes-benz-hin\/#breadcrumb","itemListElement":[{"@type":"ListItem","position":1,"name":"Startseite","item":"https:\/\/ru.law\/"},{"@type":"ListItem","position":2,"name":"KBA weist auf Unzul\u00e4ssigkeit bei Mercedes-Benz hin"}]},{"@type":"WebSite","@id":"https:\/\/ru.law\/#website","url":"https:\/\/ru.law\/","name":"R&amp;U","description":"Consumentenadvocaten","publisher":{"@id":"https:\/\/ru.law\/#organization"},"alternateName":"Rogert & Ulbrich","potentialAction":[{"@type":"SearchAction","target":{"@type":"EntryPoint","urlTemplate":"https:\/\/ru.law\/?s={search_term_string}"},"query-input":{"@type":"PropertyValueSpecification","valueRequired":true,"valueName":"search_term_string"}}],"inLanguage":"nl-NL"},{"@type":"Organization","@id":"https:\/\/ru.law\/#organization","name":"Advocatenkantoor Rogert &amp; Ulbrich","url":"https:\/\/ru.law\/","logo":{"@type":"ImageObject","inLanguage":"nl-NL","@id":"https:\/\/ru.law\/#\/schema\/logo\/image\/","url":"https:\/\/ru.law\/wp-content\/uploads\/2020\/12\/logo-ru-law.svg","contentUrl":"https:\/\/ru.law\/wp-content\/uploads\/2020\/12\/logo-ru-law.svg","width":992,"height":259,"caption":"Kanzlei Rogert & Ulbrich"},"image":{"@id":"https:\/\/ru.law\/#\/schema\/logo\/image\/"},"sameAs":["https:\/\/www.facebook.com\/RogertUlbrich\/","https:\/\/x.com\/RogertUlbrich","https:\/\/www.instagram.com\/rogertulbrich\/","https:\/\/www.linkedin.com\/company\/rogert-ulbrich\/","https:\/\/www.youtube.com\/channel\/UCganCgpvwpPFqMFf1vVmG2A"]},{"@type":"Person","@id":"https:\/\/ru.law\/#\/schema\/person\/b020d506e6bbc471b4565d3a98173b87","name":"Marco Rogert","url":"https:\/\/ru.law\/nl\/author\/rogertru-law\/"}]}},"uagb_featured_image_src":{"full":["https:\/\/ru.law\/wp-content\/uploads\/2022\/06\/Rogert-Ulbrich-Rechtsanwaelt-Kanzlei-Abgasskandal-Mercedes-Benz-KBA-Rueckruf-Abschalteinrichtung-kuehlmittelsolltemperatur.jpg",1200,675,false],"thumbnail":["https:\/\/ru.law\/wp-content\/uploads\/2022\/06\/Rogert-Ulbrich-Rechtsanwaelt-Kanzlei-Abgasskandal-Mercedes-Benz-KBA-Rueckruf-Abschalteinrichtung-kuehlmittelsolltemperatur.jpg",128,72,false],"medium":["https:\/\/ru.law\/wp-content\/uploads\/2022\/06\/Rogert-Ulbrich-Rechtsanwaelt-Kanzlei-Abgasskandal-Mercedes-Benz-KBA-Rueckruf-Abschalteinrichtung-kuehlmittelsolltemperatur.jpg",1200,675,false],"medium_large":["https:\/\/ru.law\/wp-content\/uploads\/2022\/06\/Rogert-Ulbrich-Rechtsanwaelt-Kanzlei-Abgasskandal-Mercedes-Benz-KBA-Rueckruf-Abschalteinrichtung-kuehlmittelsolltemperatur-768x432.jpg",768,432,true],"large":["https:\/\/ru.law\/wp-content\/uploads\/2022\/06\/Rogert-Ulbrich-Rechtsanwaelt-Kanzlei-Abgasskandal-Mercedes-Benz-KBA-Rueckruf-Abschalteinrichtung-kuehlmittelsolltemperatur.jpg",1200,675,false],"1536x1536":["https:\/\/ru.law\/wp-content\/uploads\/2022\/06\/Rogert-Ulbrich-Rechtsanwaelt-Kanzlei-Abgasskandal-Mercedes-Benz-KBA-Rueckruf-Abschalteinrichtung-kuehlmittelsolltemperatur.jpg",1200,675,false],"2048x2048":["https:\/\/ru.law\/wp-content\/uploads\/2022\/06\/Rogert-Ulbrich-Rechtsanwaelt-Kanzlei-Abgasskandal-Mercedes-Benz-KBA-Rueckruf-Abschalteinrichtung-kuehlmittelsolltemperatur.jpg",1200,675,false],"trp-custom-language-flag":["https:\/\/ru.law\/wp-content\/uploads\/2022\/06\/Rogert-Ulbrich-Rechtsanwaelt-Kanzlei-Abgasskandal-Mercedes-Benz-KBA-Rueckruf-Abschalteinrichtung-kuehlmittelsolltemperatur.jpg",18,10,false]},"uagb_author_info":{"display_name":"Marco Rogert","author_link":"https:\/\/ru.law\/nl\/author\/rogertru-law\/"},"uagb_comment_info":0,"uagb_excerpt":"Das Kraftfahrtbundesamt (KBA) wurde durch das Oberlandesgericht (OLG) M\u00fcnchen mit Beschluss vom 03.08.2021 um Erteilung einer Auskunft gebeten. Streitgegenst\u00e4ndlich war ein Mercedes-Benz GLK 220 CDI [&hellip;]","_links":{"self":[{"href":"https:\/\/ru.law\/nl\/wp-json\/wp\/v2\/posts\/32299","targetHints":{"allow":["GET"]}}],"collection":[{"href":"https:\/\/ru.law\/nl\/wp-json\/wp\/v2\/posts"}],"about":[{"href":"https:\/\/ru.law\/nl\/wp-json\/wp\/v2\/types\/post"}],"author":[{"embeddable":true,"href":"https:\/\/ru.law\/nl\/wp-json\/wp\/v2\/users\/21"}],"replies":[{"embeddable":true,"href":"https:\/\/ru.law\/nl\/wp-json\/wp\/v2\/comments?post=32299"}],"version-history":[{"count":0,"href":"https:\/\/ru.law\/nl\/wp-json\/wp\/v2\/posts\/32299\/revisions"}],"wp:featuredmedia":[{"embeddable":true,"href":"https:\/\/ru.law\/nl\/wp-json\/wp\/v2\/media\/62591"}],"wp:attachment":[{"href":"https:\/\/ru.law\/nl\/wp-json\/wp\/v2\/media?parent=32299"}],"wp:term":[{"taxonomy":"category","embeddable":true,"href":"https:\/\/ru.law\/nl\/wp-json\/wp\/v2\/categories?post=32299"},{"taxonomy":"post_tag","embeddable":true,"href":"https:\/\/ru.law\/nl\/wp-json\/wp\/v2\/tags?post=32299"}],"curies":[{"name":"wp","href":"https:\/\/api.w.org\/{rel}","templated":true}]}}