{"id":31041,"date":"2022-05-19T09:00:00","date_gmt":"2022-05-19T07:00:00","guid":{"rendered":"https:\/\/ru.law\/?p=31041"},"modified":"2024-07-08T13:11:45","modified_gmt":"2024-07-08T11:11:45","slug":"olg-muenchen-berufung-der-audi-ag-zurueckgewiesen","status":"publish","type":"post","link":"https:\/\/ru.law\/nl\/olg-muenchen-berufung-der-audi-ag-zurueckgewiesen\/","title":{"rendered":"Hof van Beroep M\u00fcnchen: beroep Audi AG afgewezen"},"content":{"rendered":"<p>Bij beslissing van 11 mei 2022 heeft het Oberlandesgericht M\u00fcnchen het beroep van Audi AG afgewezen (beslissing van 11 mei 2022, dossiernummer 3 U 742\/22). De Arrondissementsrechtbank Ingolstadt had eerder aan een door ons vertegenwoordigde eiser een schadevergoeding van \u20ac 9.171,61 toegekend tegen teruggave van het voertuig (vonnis van 26 januari 2022, zaaknummer 33 O 2523\/20). Het voertuig in kwestie is een <a href=\"https:\/\/ru.law\/nl\/expertise\/abgasskandal\/3-liter-motoren\/#modelle\">Audi A8 3.0,<\/a> die eiseres voor een koopsom van \u20ac 20.850,- had gekocht. Het voertuig is uitgerust met een <a href=\"https:\/\/ru.law\/nl\/expertise\/abgasskandal\/3-liter-motoren\/#motor\">3,0 liter V6 turbodieselmotor<\/a> met een vermogen van 184 kW. De kilometerstand bij aankoop was 96.000 km. Ten tijde van de uitspraak was de kilometerstand vastgesteld op 210.494 km.<\/p>\n\n\n\n<h2 class=\"wp-block-heading\" id=\"h-ruckruf-des-kba-als-ausreichender-grund\">Terugroeping van de KBA als voldoende reden <\/h2>\n\n\n\n<p>Audi AG beweert dat de regeling van het schakelpunt van de transmissie geen deel uitmaakt van het emissiecontrolesysteem. Bovendien had eiseres volgens Audi onvoldoende onderbouwing gegeven, waardoor hoger beroep noodzakelijk was.<\/p>\n\n\n\n<p>De Federale Motorvervoersautoriteit (KBA) had<a href=\"https:\/\/ru.law\/nl\/expertise\/abgasskandal\/3-liter-motoren\/#rueckruf\"> terugroepen 23X6<\/a> een <a href=\"https:\/\/ru.law\/nl\/expertise\/abgasskandal\/3-liter-motoren\/#abschalteinrichtungen\">ontoelaatbare uitschakelinrichting<\/a> of er werd een onaanvaardbare vermindering van de effectiviteit van het emissiecontrolesysteem vastgesteld. Zowel LG als OLG baseerden hun besluit op het terugroepbericht, waaruit blijkt dat er een ontoelaatbare uitschakelvoorziening was ge\u00efnstalleerd om het emissiegedrag aan te passen. Door deze uitschakelvoorziening worden de uitlaatgassen alleen op de testbank gereduceerd. <\/p>\n\n\n\n<p>Audi AG heeft opzettelijk en immoreel gehandeld door jarenlang voertuigen op de markt te brengen die alleen voldeden aan de voorgeschreven emissienormen op de testbank. De typegoedkeuring is dus door middel van bedrog verkregen.  <\/p>\n\n\n\n<p><\/p>\n\n\n\n<h3 class=\"wp-block-heading\" id=\"h-rogert-ulbrich-empfiehlt-audi-fahrern\">Rogert &amp; Ulbrich raadt Audi-rijders aan <\/h3>\n\n\n\n<p>Rijdt u in een Audi en heeft u een terugroepactie van de fabrikant ontvangen? Dan moet u nu actie ondernemen en hulp van ons krijgen <a href=\"https:\/\/ru.law\/nl\/kontakt\/#kontaktformular\">advies krijgen<\/a>. <a href=\"https:\/\/ru.law\/nl\/expertise\/abgasskandal\/3-liter-motoren\/#urteile\" target=\"_blank\" rel=\"noreferrer noopener\">Uit de huidige jurisprudentie blijkt ook dat uw kansen nog nooit zo groot zijn geweest.<\/a>Voorkom dat uw potenti\u00eble schadeclaims verjaren en laat ze bij ons indienen <a href=\"https:\/\/ru.law\/nl\/expertise\/abgasskandal\/#erstberatung\">gratis en vrijblijvend <\/a>rekening.&nbsp;<\/p>\n\n\n\n<section class=\"wp-block-uagb-columns uagb-columns__wrap uagb-columns__background-undefined uagb-columns__stack-mobile uagb-columns__valign-undefined uagb-columns__gap-10 alignundefined uagb-block-e80e7114 contrast blog_beitraege\"><div class=\"uagb-columns__overlay\"><\/div><div class=\"uagb-columns__inner-wrap uagb-columns__columns-1\">\n<div class=\"wp-block-uagb-column uagb-column__wrap uagb-column__background-undefined uagb-block-76f48ef1\"><div class=\"uagb-column__overlay\"><\/div><div class=\"uagb-column__inner-wrap\">\n<h3 class=\"wp-block-heading\" id=\"h-das-konnte-sie-auch-interessieren\">Misschien bent u ook ge\u00efnteresseerd in:<\/h3>\n\n\n\n\t\t\t<div class=\"wp-block-uagb-post-grid uagb-post-grid  uagb-post__image-position-top uagb-post__image-enabled uagb-block-3c9cac1f     uagb-post__items uagb-post__columns-3 is-grid uagb-post__columns-tablet-2 uagb-post__columns-mobile-1 uagb-post__equal-height\" data-total=\"2\" style=\"\">\n\n\t\t\t\t\t\t\t\t\t\t\t\t<article class=\"uagb-post__inner-wrap\">\t\t\t\t\t\t\t\t<div class='uagb-post__image'>\n\t\t\t\t\t\t\t\t\t<a href=\"https:\/\/ru.law\/nl\/vw-muss-auch-fuer-audi-motor-ea897evo-haften\/\" target=\"_self\" rel=\"bookmark noopener noreferrer\" class='uagb-image-ratio-inherit'><img loading=\"lazy\" decoding=\"async\" width=\"1024\" height=\"576\" src=\"https:\/\/ru.law\/wp-content\/uploads\/2021\/08\/Rogert-Ulbrich-Rechtsanwaelte-Kanzlei-Abgasskandal-Diesel-Euro-6-VW-1024x576.jpg\" class=\"attachment-large size-large\" alt=\"\" srcset=\"https:\/\/ru.law\/wp-content\/uploads\/2021\/08\/Rogert-Ulbrich-Rechtsanwaelte-Kanzlei-Abgasskandal-Diesel-Euro-6-VW-1024x576.jpg 1024w, https:\/\/ru.law\/wp-content\/uploads\/2021\/08\/Rogert-Ulbrich-Rechtsanwaelte-Kanzlei-Abgasskandal-Diesel-Euro-6-VW-300x169.jpg 300w, https:\/\/ru.law\/wp-content\/uploads\/2021\/08\/Rogert-Ulbrich-Rechtsanwaelte-Kanzlei-Abgasskandal-Diesel-Euro-6-VW-768x432.jpg 768w, https:\/\/ru.law\/wp-content\/uploads\/2021\/08\/Rogert-Ulbrich-Rechtsanwaelte-Kanzlei-Abgasskandal-Diesel-Euro-6-VW.jpg 1200w\" sizes=\"auto, (max-width: 1024px) 100vw, 1024px\" \/>\t\t\t\t\t<\/a>\n\t\t\t\t\t\t\t<\/div>\n\t\t\t\t\t\t<h4 class=\"uagb-post__title uagb-post__text\">\n\t\t\t\t<a href=\"https:\/\/ru.law\/nl\/vw-muss-auch-fuer-audi-motor-ea897evo-haften\/\" target=\"_self\" rel=\"bookmark noopener noreferrer\">VW aansprakelijk voor Audi EA897evo \u2013 tactiek werkt niet<\/a>\n\t\t\t<\/h4>\n\t\t\t\t\t\t<div class='uagb-post__text uagb-post-grid-byline'>\n\t\t\t\t\t\t\t<\/div>\n\t\t\t\t\t\t\t<div class='uagb-post__text uagb-post__excerpt'>\n\t\t\t\t\t<p>De tactiek van het bedrijf uit Wolfsburg om verantwoordelijkheid te nemen voor de componenten die in zijn premiummodellen zijn ge\u00efnstalleerd en...\t\t\t\t<\/div>\n\t\t\t\n\t\t\t\t\t\t\t\t\t<\/article>\n\t\t\t\t\t\t\t\t\t\t\t\t\t\t\t\t<article class=\"uagb-post__inner-wrap\">\t\t\t\t\t\t\t\t<div class='uagb-post__image'>\n\t\t\t\t\t\t\t\t\t<a href=\"https:\/\/ru.law\/nl\/lg-duesseldorf-erneut-positive-entscheidung-zu-3-liter-motor\/\" target=\"_self\" rel=\"bookmark noopener noreferrer\" class='uagb-image-ratio-inherit'><img loading=\"lazy\" decoding=\"async\" width=\"1024\" height=\"576\" src=\"https:\/\/ru.law\/wp-content\/uploads\/2022\/05\/Rogert-Ulbrich-Rechtsanwaelte-Kanzlei-Abgasskandal-Urteile-Audi-A6-3-Liter-1024x576.jpg\" class=\"attachment-large size-large\" alt=\"\" srcset=\"https:\/\/ru.law\/wp-content\/uploads\/2022\/05\/Rogert-Ulbrich-Rechtsanwaelte-Kanzlei-Abgasskandal-Urteile-Audi-A6-3-Liter-1024x576.jpg 1024w, https:\/\/ru.law\/wp-content\/uploads\/2022\/05\/Rogert-Ulbrich-Rechtsanwaelte-Kanzlei-Abgasskandal-Urteile-Audi-A6-3-Liter-300x169.jpg 300w, https:\/\/ru.law\/wp-content\/uploads\/2022\/05\/Rogert-Ulbrich-Rechtsanwaelte-Kanzlei-Abgasskandal-Urteile-Audi-A6-3-Liter-768x432.jpg 768w, https:\/\/ru.law\/wp-content\/uploads\/2022\/05\/Rogert-Ulbrich-Rechtsanwaelte-Kanzlei-Abgasskandal-Urteile-Audi-A6-3-Liter.jpg 1200w\" sizes=\"auto, (max-width: 1024px) 100vw, 1024px\" \/>\t\t\t\t\t<\/a>\n\t\t\t\t\t\t\t<\/div>\n\t\t\t\t\t\t<h4 class=\"uagb-post__title uagb-post__text\">\n\t\t\t\t<a href=\"https:\/\/ru.law\/nl\/lg-duesseldorf-erneut-positive-entscheidung-zu-3-liter-motor\/\" target=\"_self\" rel=\"bookmark noopener noreferrer\">LG D\u00fcsseldorf: Opnieuw positief besluit over 3-liter motor<\/a>\n\t\t\t<\/h4>\n\t\t\t\t\t\t<div class='uagb-post__text uagb-post-grid-byline'>\n\t\t\t\t\t\t\t<\/div>\n\t\t\t\t\t\t\t<div class='uagb-post__text uagb-post__excerpt'>\n\t\t\t\t\t<p>De Arrondissementsrechtbank (LG) D\u00fcsseldorf heeft Audi AG veroordeeld tot betaling van een schadevergoeding van\u2026\t\t\t\t<\/div>\n\t\t\t\n\t\t\t\t\t\t\t\t\t<\/article>\n\t\t\t\t\t\t\t\t\t\t\t\t\t\t\t\t<article class=\"uagb-post__inner-wrap\">\t\t\t\t\t\t\t\t<div class='uagb-post__image'>\n\t\t\t\t\t\t\t\t\t<a href=\"https:\/\/ru.law\/nl\/landgericht-wuerzburg-verurteilt-audi-zur-ruecknahme-eines-audi-a7\/\" target=\"_self\" rel=\"bookmark noopener noreferrer\" class='uagb-image-ratio-inherit'><img loading=\"lazy\" decoding=\"async\" width=\"1024\" height=\"576\" src=\"https:\/\/ru.law\/wp-content\/uploads\/2021\/06\/rogert-ulbrich-rechtsanwalt-kanzlei-abgasskandal-audi-a7-3.0--1024x576.jpg\" class=\"attachment-large size-large\" alt=\"\" srcset=\"https:\/\/ru.law\/wp-content\/uploads\/2021\/06\/rogert-ulbrich-rechtsanwalt-kanzlei-abgasskandal-audi-a7-3.0--1024x576.jpg 1024w, https:\/\/ru.law\/wp-content\/uploads\/2021\/06\/rogert-ulbrich-rechtsanwalt-kanzlei-abgasskandal-audi-a7-3.0--300x169.jpg 300w, https:\/\/ru.law\/wp-content\/uploads\/2021\/06\/rogert-ulbrich-rechtsanwalt-kanzlei-abgasskandal-audi-a7-3.0--768x432.jpg 768w, https:\/\/ru.law\/wp-content\/uploads\/2021\/06\/rogert-ulbrich-rechtsanwalt-kanzlei-abgasskandal-audi-a7-3.0-.jpg 1200w\" sizes=\"auto, (max-width: 1024px) 100vw, 1024px\" \/>\t\t\t\t\t<\/a>\n\t\t\t\t\t\t\t<\/div>\n\t\t\t\t\t\t<h4 class=\"uagb-post__title uagb-post__text\">\n\t\t\t\t<a href=\"https:\/\/ru.law\/nl\/landgericht-wuerzburg-verurteilt-audi-zur-ruecknahme-eines-audi-a7\/\" target=\"_self\" rel=\"bookmark noopener noreferrer\">Arrondissementsrechtbank W\u00fcrzburg beveelt Audi om een Audi A7 terug te nemen<\/a>\n\t\t\t<\/h4>\n\t\t\t\t\t\t<div class='uagb-post__text uagb-post-grid-byline'>\n\t\t\t\t\t\t\t<\/div>\n\t\t\t\t\t\t\t<div class='uagb-post__text uagb-post__excerpt'>\n\t\t\t\t\t<p>Goed nieuws uit W\u00fcrzburg. De plaatselijke rechtbank heeft de vordering van onze cli\u00ebnt toegewezen. De Audi\u2026\t\t\t\t<\/div>\n\t\t\t\n\t\t\t\t\t\t\t\t\t<\/article>\n\t\t\t\t\t\t\t\t\t\t\t<\/div>\n\t\t\t<\/div><\/div>\n<\/div><\/section>","protected":false},"excerpt":{"rendered":"<p>Das Oberlandesgericht (OLG) M\u00fcnchen hat mit Beschluss vom 11.05.2022 die Berufung der Audi AG zur\u00fcckgewiesen (Beschluss v. 11.05.2022, Az. 3 U 742\/22). Das Landgericht (LG) [&hellip;]<\/p>\n","protected":false},"author":21,"featured_media":31043,"comment_status":"closed","ping_status":"open","sticky":false,"template":"","format":"standard","meta":{"_uag_custom_page_level_css":"","site-sidebar-layout":"default","site-content-layout":"","ast-site-content-layout":"default","site-content-style":"default","site-sidebar-style":"default","ast-global-header-display":"","ast-banner-title-visibility":"","ast-main-header-display":"","ast-hfb-above-header-display":"","ast-hfb-below-header-display":"","ast-hfb-mobile-header-display":"","site-post-title":"","ast-breadcrumbs-content":"","ast-featured-img":"","footer-sml-layout":"","ast-disable-related-posts":"","theme-transparent-header-meta":"","adv-header-id-meta":"","stick-header-meta":"","header-above-stick-meta":"","header-main-stick-meta":"","header-below-stick-meta":"","astra-migrate-meta-layouts":"default","ast-page-background-enabled":"default","ast-page-background-meta":{"desktop":{"background-color":"","background-image":"","background-repeat":"repeat","background-position":"center center","background-size":"auto","background-attachment":"scroll","background-type":"","background-media":"","overlay-type":"","overlay-color":"","overlay-opacity":"","overlay-gradient":""},"tablet":{"background-color":"","background-image":"","background-repeat":"repeat","background-position":"center center","background-size":"auto","background-attachment":"scroll","background-type":"","background-media":"","overlay-type":"","overlay-color":"","overlay-opacity":"","overlay-gradient":""},"mobile":{"background-color":"","background-image":"","background-repeat":"repeat","background-position":"center center","background-size":"auto","background-attachment":"scroll","background-type":"","background-media":"","overlay-type":"","overlay-color":"","overlay-opacity":"","overlay-gradient":""}},"ast-content-background-meta":{"desktop":{"background-color":"var(--ast-global-color-5)","background-image":"","background-repeat":"repeat","background-position":"center center","background-size":"auto","background-attachment":"scroll","background-type":"","background-media":"","overlay-type":"","overlay-color":"","overlay-opacity":"","overlay-gradient":""},"tablet":{"background-color":"var(--ast-global-color-5)","background-image":"","background-repeat":"repeat","background-position":"center center","background-size":"auto","background-attachment":"scroll","background-type":"","background-media":"","overlay-type":"","overlay-color":"","overlay-opacity":"","overlay-gradient":""},"mobile":{"background-color":"var(--ast-global-color-5)","background-image":"","background-repeat":"repeat","background-position":"center center","background-size":"auto","background-attachment":"scroll","background-type":"","background-media":"","overlay-type":"","overlay-color":"","overlay-opacity":"","overlay-gradient":""}},"footnotes":""},"categories":[2],"tags":[1039,9,23,697,35,37],"class_list":["post-31041","post","type-post","status-publish","format-standard","has-post-thumbnail","hentry","category-abgasskandal","tag-3-liter","tag-audi","tag-euro-5","tag-kba","tag-rueckruf","tag-schadensersatz"],"yoast_head":"<!-- This site is optimized with the Yoast SEO Premium plugin v27.4 (Yoast SEO v27.4) - https:\/\/yoast.com\/product\/yoast-seo-premium-wordpress\/ -->\n<title>OLG M\u00fcnchen: Berufung der Audi AG zur\u00fcckgewiesen - R&amp;U<\/title>\n<meta name=\"description\" content=\"Das OLG M\u00fcnchen hat die Berufung der Audi AG zur\u00fcckgewiesen. Wieder ein Erfolg im Abgasskandal f\u00fcr Verbraucher. Lassen Sie sich beraten!\" \/>\n<meta name=\"robots\" content=\"index, follow, max-snippet:-1, max-image-preview:large, max-video-preview:-1\" \/>\n<link rel=\"canonical\" href=\"https:\/\/ru.law\/nl\/olg-muenchen-berufung-der-audi-ag-zurueckgewiesen\/\" \/>\n<meta property=\"og:locale\" content=\"nl_NL\" \/>\n<meta property=\"og:type\" content=\"article\" \/>\n<meta property=\"og:title\" content=\"OLG M\u00fcnchen: Berufung der Audi AG zur\u00fcckgewiesen\" \/>\n<meta property=\"og:description\" content=\"Das OLG M\u00fcnchen hat die Berufung der Audi AG zur\u00fcckgewiesen. Wieder ein Erfolg im Abgasskandal f\u00fcr Verbraucher. Lassen Sie sich beraten!\" \/>\n<meta property=\"og:url\" content=\"https:\/\/ru.law\/nl\/olg-muenchen-berufung-der-audi-ag-zurueckgewiesen\/\" \/>\n<meta property=\"og:site_name\" content=\"R&amp;U\" \/>\n<meta property=\"article:publisher\" content=\"https:\/\/www.facebook.com\/RogertUlbrich\/\" \/>\n<meta property=\"article:published_time\" content=\"2022-05-19T07:00:00+00:00\" \/>\n<meta property=\"article:modified_time\" content=\"2024-07-08T11:11:45+00:00\" \/>\n<meta property=\"og:image\" content=\"https:\/\/ru.law\/wp-content\/uploads\/2022\/05\/Rogert-Ulbrich-Rechtsanwaelte-Kanzlei-Abgasskandal-Audi-Rueckruf-KBA.jpg\" \/>\n\t<meta property=\"og:image:width\" content=\"1200\" \/>\n\t<meta property=\"og:image:height\" content=\"675\" \/>\n\t<meta property=\"og:image:type\" content=\"image\/jpeg\" \/>\n<meta name=\"author\" content=\"Marco Rogert\" \/>\n<meta name=\"twitter:card\" content=\"summary_large_image\" \/>\n<meta name=\"twitter:creator\" content=\"@RogertUlbrich\" \/>\n<meta name=\"twitter:site\" content=\"@RogertUlbrich\" \/>\n<script type=\"application\/ld+json\" class=\"yoast-schema-graph\">{\"@context\":\"https:\\\/\\\/schema.org\",\"@graph\":[{\"@type\":\"Article\",\"@id\":\"https:\\\/\\\/ru.law\\\/olg-muenchen-berufung-der-audi-ag-zurueckgewiesen\\\/#article\",\"isPartOf\":{\"@id\":\"https:\\\/\\\/ru.law\\\/olg-muenchen-berufung-der-audi-ag-zurueckgewiesen\\\/\"},\"author\":{\"name\":\"Marco Rogert\",\"@id\":\"https:\\\/\\\/ru.law\\\/#\\\/schema\\\/person\\\/b020d506e6bbc471b4565d3a98173b87\"},\"headline\":\"OLG M\u00fcnchen: Berufung der Audi AG zur\u00fcckgewiesen\",\"datePublished\":\"2022-05-19T07:00:00+00:00\",\"dateModified\":\"2024-07-08T11:11:45+00:00\",\"mainEntityOfPage\":{\"@id\":\"https:\\\/\\\/ru.law\\\/olg-muenchen-berufung-der-audi-ag-zurueckgewiesen\\\/\"},\"wordCount\":322,\"publisher\":{\"@id\":\"https:\\\/\\\/ru.law\\\/#organization\"},\"image\":{\"@id\":\"https:\\\/\\\/ru.law\\\/olg-muenchen-berufung-der-audi-ag-zurueckgewiesen\\\/#primaryimage\"},\"thumbnailUrl\":\"https:\\\/\\\/ru.law\\\/wp-content\\\/uploads\\\/2022\\\/05\\\/Rogert-Ulbrich-Rechtsanwaelte-Kanzlei-Abgasskandal-Audi-Rueckruf-KBA.jpg\",\"keywords\":[\"3-Liter\",\"Audi\",\"Euro-5\",\"KBA\",\"R\u00fcckruf\",\"Schadensersatz\"],\"articleSection\":[\"Abgasskandal\"],\"inLanguage\":\"nl-NL\"},{\"@type\":\"WebPage\",\"@id\":\"https:\\\/\\\/ru.law\\\/olg-muenchen-berufung-der-audi-ag-zurueckgewiesen\\\/\",\"url\":\"https:\\\/\\\/ru.law\\\/olg-muenchen-berufung-der-audi-ag-zurueckgewiesen\\\/\",\"name\":\"OLG M\u00fcnchen: Berufung der Audi AG zur\u00fcckgewiesen - R&amp;U\",\"isPartOf\":{\"@id\":\"https:\\\/\\\/ru.law\\\/#website\"},\"primaryImageOfPage\":{\"@id\":\"https:\\\/\\\/ru.law\\\/olg-muenchen-berufung-der-audi-ag-zurueckgewiesen\\\/#primaryimage\"},\"image\":{\"@id\":\"https:\\\/\\\/ru.law\\\/olg-muenchen-berufung-der-audi-ag-zurueckgewiesen\\\/#primaryimage\"},\"thumbnailUrl\":\"https:\\\/\\\/ru.law\\\/wp-content\\\/uploads\\\/2022\\\/05\\\/Rogert-Ulbrich-Rechtsanwaelte-Kanzlei-Abgasskandal-Audi-Rueckruf-KBA.jpg\",\"datePublished\":\"2022-05-19T07:00:00+00:00\",\"dateModified\":\"2024-07-08T11:11:45+00:00\",\"description\":\"Das OLG M\u00fcnchen hat die Berufung der Audi AG zur\u00fcckgewiesen. Wieder ein Erfolg im Abgasskandal f\u00fcr Verbraucher. Lassen Sie sich beraten!\",\"breadcrumb\":{\"@id\":\"https:\\\/\\\/ru.law\\\/olg-muenchen-berufung-der-audi-ag-zurueckgewiesen\\\/#breadcrumb\"},\"inLanguage\":\"nl-NL\",\"potentialAction\":[{\"@type\":\"ReadAction\",\"target\":[\"https:\\\/\\\/ru.law\\\/olg-muenchen-berufung-der-audi-ag-zurueckgewiesen\\\/\"]}]},{\"@type\":\"ImageObject\",\"inLanguage\":\"nl-NL\",\"@id\":\"https:\\\/\\\/ru.law\\\/olg-muenchen-berufung-der-audi-ag-zurueckgewiesen\\\/#primaryimage\",\"url\":\"https:\\\/\\\/ru.law\\\/wp-content\\\/uploads\\\/2022\\\/05\\\/Rogert-Ulbrich-Rechtsanwaelte-Kanzlei-Abgasskandal-Audi-Rueckruf-KBA.jpg\",\"contentUrl\":\"https:\\\/\\\/ru.law\\\/wp-content\\\/uploads\\\/2022\\\/05\\\/Rogert-Ulbrich-Rechtsanwaelte-Kanzlei-Abgasskandal-Audi-Rueckruf-KBA.jpg\",\"width\":1200,\"height\":675},{\"@type\":\"BreadcrumbList\",\"@id\":\"https:\\\/\\\/ru.law\\\/olg-muenchen-berufung-der-audi-ag-zurueckgewiesen\\\/#breadcrumb\",\"itemListElement\":[{\"@type\":\"ListItem\",\"position\":1,\"name\":\"Startseite\",\"item\":\"https:\\\/\\\/ru.law\\\/\"},{\"@type\":\"ListItem\",\"position\":2,\"name\":\"OLG M\u00fcnchen: Berufung der Audi AG zur\u00fcckgewiesen\"}]},{\"@type\":\"WebSite\",\"@id\":\"https:\\\/\\\/ru.law\\\/#website\",\"url\":\"https:\\\/\\\/ru.law\\\/\",\"name\":\"R&U\",\"description\":\"Verbraucheranw\u00e4lte\",\"publisher\":{\"@id\":\"https:\\\/\\\/ru.law\\\/#organization\"},\"alternateName\":\"Rogert & Ulbrich\",\"potentialAction\":[{\"@type\":\"SearchAction\",\"target\":{\"@type\":\"EntryPoint\",\"urlTemplate\":\"https:\\\/\\\/ru.law\\\/?s={search_term_string}\"},\"query-input\":{\"@type\":\"PropertyValueSpecification\",\"valueRequired\":true,\"valueName\":\"search_term_string\"}}],\"inLanguage\":\"nl-NL\"},{\"@type\":\"Organization\",\"@id\":\"https:\\\/\\\/ru.law\\\/#organization\",\"name\":\"Kanzlei Rogert & Ulbrich\",\"url\":\"https:\\\/\\\/ru.law\\\/\",\"logo\":{\"@type\":\"ImageObject\",\"inLanguage\":\"nl-NL\",\"@id\":\"https:\\\/\\\/ru.law\\\/#\\\/schema\\\/logo\\\/image\\\/\",\"url\":\"https:\\\/\\\/ru.law\\\/wp-content\\\/uploads\\\/2020\\\/12\\\/logo-ru-law.svg\",\"contentUrl\":\"https:\\\/\\\/ru.law\\\/wp-content\\\/uploads\\\/2020\\\/12\\\/logo-ru-law.svg\",\"width\":992,\"height\":259,\"caption\":\"Kanzlei Rogert & Ulbrich\"},\"image\":{\"@id\":\"https:\\\/\\\/ru.law\\\/#\\\/schema\\\/logo\\\/image\\\/\"},\"sameAs\":[\"https:\\\/\\\/www.facebook.com\\\/RogertUlbrich\\\/\",\"https:\\\/\\\/x.com\\\/RogertUlbrich\",\"https:\\\/\\\/www.instagram.com\\\/rogertulbrich\\\/\",\"https:\\\/\\\/www.linkedin.com\\\/company\\\/rogert-ulbrich\\\/\",\"https:\\\/\\\/www.youtube.com\\\/channel\\\/UCganCgpvwpPFqMFf1vVmG2A\"]},{\"@type\":\"Person\",\"@id\":\"https:\\\/\\\/ru.law\\\/#\\\/schema\\\/person\\\/b020d506e6bbc471b4565d3a98173b87\",\"name\":\"Marco Rogert\",\"url\":\"https:\\\/\\\/ru.law\\\/nl\\\/author\\\/rogertru-law\\\/\"}]}<\/script>\n<!-- \/ Yoast SEO Premium plugin. -->","yoast_head_json":{"title":"OLG M\u00fcnchen: Berufung der Audi AG zur\u00fcckgewiesen - R&amp;U","description":"Das OLG M\u00fcnchen hat die Berufung der Audi AG zur\u00fcckgewiesen. Wieder ein Erfolg im Abgasskandal f\u00fcr Verbraucher. Lassen Sie sich beraten!","robots":{"index":"index","follow":"follow","max-snippet":"max-snippet:-1","max-image-preview":"max-image-preview:large","max-video-preview":"max-video-preview:-1"},"canonical":"https:\/\/ru.law\/nl\/olg-muenchen-berufung-der-audi-ag-zurueckgewiesen\/","og_locale":"nl_NL","og_type":"article","og_title":"OLG M\u00fcnchen: Berufung der Audi AG zur\u00fcckgewiesen","og_description":"Das OLG M\u00fcnchen hat die Berufung der Audi AG zur\u00fcckgewiesen. Wieder ein Erfolg im Abgasskandal f\u00fcr Verbraucher. Lassen Sie sich beraten!","og_url":"https:\/\/ru.law\/nl\/olg-muenchen-berufung-der-audi-ag-zurueckgewiesen\/","og_site_name":"R&amp;U","article_publisher":"https:\/\/www.facebook.com\/RogertUlbrich\/","article_published_time":"2022-05-19T07:00:00+00:00","article_modified_time":"2024-07-08T11:11:45+00:00","og_image":[{"width":1200,"height":675,"url":"https:\/\/ru.law\/wp-content\/uploads\/2022\/05\/Rogert-Ulbrich-Rechtsanwaelte-Kanzlei-Abgasskandal-Audi-Rueckruf-KBA.jpg","type":"image\/jpeg"}],"author":"Marco Rogert","twitter_card":"summary_large_image","twitter_creator":"@RogertUlbrich","twitter_site":"@RogertUlbrich","schema":{"@context":"https:\/\/schema.org","@graph":[{"@type":"Article","@id":"https:\/\/ru.law\/olg-muenchen-berufung-der-audi-ag-zurueckgewiesen\/#article","isPartOf":{"@id":"https:\/\/ru.law\/olg-muenchen-berufung-der-audi-ag-zurueckgewiesen\/"},"author":{"name":"Marco Rogert","@id":"https:\/\/ru.law\/#\/schema\/person\/b020d506e6bbc471b4565d3a98173b87"},"headline":"OLG M\u00fcnchen: Berufung der Audi AG zur\u00fcckgewiesen","datePublished":"2022-05-19T07:00:00+00:00","dateModified":"2024-07-08T11:11:45+00:00","mainEntityOfPage":{"@id":"https:\/\/ru.law\/olg-muenchen-berufung-der-audi-ag-zurueckgewiesen\/"},"wordCount":322,"publisher":{"@id":"https:\/\/ru.law\/#organization"},"image":{"@id":"https:\/\/ru.law\/olg-muenchen-berufung-der-audi-ag-zurueckgewiesen\/#primaryimage"},"thumbnailUrl":"https:\/\/ru.law\/wp-content\/uploads\/2022\/05\/Rogert-Ulbrich-Rechtsanwaelte-Kanzlei-Abgasskandal-Audi-Rueckruf-KBA.jpg","keywords":["3-Liter","Audi","Euro-5","KBA","R\u00fcckruf","Schadensersatz"],"articleSection":["Abgasskandal"],"inLanguage":"nl-NL"},{"@type":"WebPage","@id":"https:\/\/ru.law\/olg-muenchen-berufung-der-audi-ag-zurueckgewiesen\/","url":"https:\/\/ru.law\/olg-muenchen-berufung-der-audi-ag-zurueckgewiesen\/","name":"OLG M\u00fcnchen: Berufung der Audi AG zur\u00fcckgewiesen - R&amp;U","isPartOf":{"@id":"https:\/\/ru.law\/#website"},"primaryImageOfPage":{"@id":"https:\/\/ru.law\/olg-muenchen-berufung-der-audi-ag-zurueckgewiesen\/#primaryimage"},"image":{"@id":"https:\/\/ru.law\/olg-muenchen-berufung-der-audi-ag-zurueckgewiesen\/#primaryimage"},"thumbnailUrl":"https:\/\/ru.law\/wp-content\/uploads\/2022\/05\/Rogert-Ulbrich-Rechtsanwaelte-Kanzlei-Abgasskandal-Audi-Rueckruf-KBA.jpg","datePublished":"2022-05-19T07:00:00+00:00","dateModified":"2024-07-08T11:11:45+00:00","description":"Das OLG M\u00fcnchen hat die Berufung der Audi AG zur\u00fcckgewiesen. Wieder ein Erfolg im Abgasskandal f\u00fcr Verbraucher. Lassen Sie sich beraten!","breadcrumb":{"@id":"https:\/\/ru.law\/olg-muenchen-berufung-der-audi-ag-zurueckgewiesen\/#breadcrumb"},"inLanguage":"nl-NL","potentialAction":[{"@type":"ReadAction","target":["https:\/\/ru.law\/olg-muenchen-berufung-der-audi-ag-zurueckgewiesen\/"]}]},{"@type":"ImageObject","inLanguage":"nl-NL","@id":"https:\/\/ru.law\/olg-muenchen-berufung-der-audi-ag-zurueckgewiesen\/#primaryimage","url":"https:\/\/ru.law\/wp-content\/uploads\/2022\/05\/Rogert-Ulbrich-Rechtsanwaelte-Kanzlei-Abgasskandal-Audi-Rueckruf-KBA.jpg","contentUrl":"https:\/\/ru.law\/wp-content\/uploads\/2022\/05\/Rogert-Ulbrich-Rechtsanwaelte-Kanzlei-Abgasskandal-Audi-Rueckruf-KBA.jpg","width":1200,"height":675},{"@type":"BreadcrumbList","@id":"https:\/\/ru.law\/olg-muenchen-berufung-der-audi-ag-zurueckgewiesen\/#breadcrumb","itemListElement":[{"@type":"ListItem","position":1,"name":"Startseite","item":"https:\/\/ru.law\/"},{"@type":"ListItem","position":2,"name":"OLG M\u00fcnchen: Berufung der Audi AG zur\u00fcckgewiesen"}]},{"@type":"WebSite","@id":"https:\/\/ru.law\/#website","url":"https:\/\/ru.law\/","name":"R&amp;U","description":"Consumentenadvocaten","publisher":{"@id":"https:\/\/ru.law\/#organization"},"alternateName":"Rogert & Ulbrich","potentialAction":[{"@type":"SearchAction","target":{"@type":"EntryPoint","urlTemplate":"https:\/\/ru.law\/?s={search_term_string}"},"query-input":{"@type":"PropertyValueSpecification","valueRequired":true,"valueName":"search_term_string"}}],"inLanguage":"nl-NL"},{"@type":"Organization","@id":"https:\/\/ru.law\/#organization","name":"Advocatenkantoor Rogert &amp; Ulbrich","url":"https:\/\/ru.law\/","logo":{"@type":"ImageObject","inLanguage":"nl-NL","@id":"https:\/\/ru.law\/#\/schema\/logo\/image\/","url":"https:\/\/ru.law\/wp-content\/uploads\/2020\/12\/logo-ru-law.svg","contentUrl":"https:\/\/ru.law\/wp-content\/uploads\/2020\/12\/logo-ru-law.svg","width":992,"height":259,"caption":"Kanzlei Rogert & Ulbrich"},"image":{"@id":"https:\/\/ru.law\/#\/schema\/logo\/image\/"},"sameAs":["https:\/\/www.facebook.com\/RogertUlbrich\/","https:\/\/x.com\/RogertUlbrich","https:\/\/www.instagram.com\/rogertulbrich\/","https:\/\/www.linkedin.com\/company\/rogert-ulbrich\/","https:\/\/www.youtube.com\/channel\/UCganCgpvwpPFqMFf1vVmG2A"]},{"@type":"Person","@id":"https:\/\/ru.law\/#\/schema\/person\/b020d506e6bbc471b4565d3a98173b87","name":"Marco Rogert","url":"https:\/\/ru.law\/nl\/author\/rogertru-law\/"}]}},"uagb_featured_image_src":{"full":["https:\/\/ru.law\/wp-content\/uploads\/2022\/05\/Rogert-Ulbrich-Rechtsanwaelte-Kanzlei-Abgasskandal-Audi-Rueckruf-KBA.jpg",1200,675,false],"thumbnail":["https:\/\/ru.law\/wp-content\/uploads\/2022\/05\/Rogert-Ulbrich-Rechtsanwaelte-Kanzlei-Abgasskandal-Audi-Rueckruf-KBA-150x150.jpg",96,96,true],"medium":["https:\/\/ru.law\/wp-content\/uploads\/2022\/05\/Rogert-Ulbrich-Rechtsanwaelte-Kanzlei-Abgasskandal-Audi-Rueckruf-KBA-300x169.jpg",300,169,true],"medium_large":["https:\/\/ru.law\/wp-content\/uploads\/2022\/05\/Rogert-Ulbrich-Rechtsanwaelte-Kanzlei-Abgasskandal-Audi-Rueckruf-KBA-768x432.jpg",768,432,true],"large":["https:\/\/ru.law\/wp-content\/uploads\/2022\/05\/Rogert-Ulbrich-Rechtsanwaelte-Kanzlei-Abgasskandal-Audi-Rueckruf-KBA-1024x576.jpg",1024,576,true],"1536x1536":["https:\/\/ru.law\/wp-content\/uploads\/2022\/05\/Rogert-Ulbrich-Rechtsanwaelte-Kanzlei-Abgasskandal-Audi-Rueckruf-KBA.jpg",1200,675,false],"2048x2048":["https:\/\/ru.law\/wp-content\/uploads\/2022\/05\/Rogert-Ulbrich-Rechtsanwaelte-Kanzlei-Abgasskandal-Audi-Rueckruf-KBA.jpg",1200,675,false],"trp-custom-language-flag":["https:\/\/ru.law\/wp-content\/uploads\/2022\/05\/Rogert-Ulbrich-Rechtsanwaelte-Kanzlei-Abgasskandal-Audi-Rueckruf-KBA.jpg",18,10,false]},"uagb_author_info":{"display_name":"Marco Rogert","author_link":"https:\/\/ru.law\/nl\/author\/rogertru-law\/"},"uagb_comment_info":0,"uagb_excerpt":"Das Oberlandesgericht (OLG) M\u00fcnchen hat mit Beschluss vom 11.05.2022 die Berufung der Audi AG zur\u00fcckgewiesen (Beschluss v. 11.05.2022, Az. 3 U 742\/22). Das Landgericht (LG) [&hellip;]","_links":{"self":[{"href":"https:\/\/ru.law\/nl\/wp-json\/wp\/v2\/posts\/31041","targetHints":{"allow":["GET"]}}],"collection":[{"href":"https:\/\/ru.law\/nl\/wp-json\/wp\/v2\/posts"}],"about":[{"href":"https:\/\/ru.law\/nl\/wp-json\/wp\/v2\/types\/post"}],"author":[{"embeddable":true,"href":"https:\/\/ru.law\/nl\/wp-json\/wp\/v2\/users\/21"}],"replies":[{"embeddable":true,"href":"https:\/\/ru.law\/nl\/wp-json\/wp\/v2\/comments?post=31041"}],"version-history":[{"count":0,"href":"https:\/\/ru.law\/nl\/wp-json\/wp\/v2\/posts\/31041\/revisions"}],"wp:featuredmedia":[{"embeddable":true,"href":"https:\/\/ru.law\/nl\/wp-json\/wp\/v2\/media\/31043"}],"wp:attachment":[{"href":"https:\/\/ru.law\/nl\/wp-json\/wp\/v2\/media?parent=31041"}],"wp:term":[{"taxonomy":"category","embeddable":true,"href":"https:\/\/ru.law\/nl\/wp-json\/wp\/v2\/categories?post=31041"},{"taxonomy":"post_tag","embeddable":true,"href":"https:\/\/ru.law\/nl\/wp-json\/wp\/v2\/tags?post=31041"}],"curies":[{"name":"wp","href":"https:\/\/api.w.org\/{rel}","templated":true}]}}