{"id":29964,"date":"2022-05-02T12:18:45","date_gmt":"2022-05-02T10:18:45","guid":{"rendered":"https:\/\/ru.law\/?p=29964"},"modified":"2024-07-08T13:11:47","modified_gmt":"2024-07-08T11:11:47","slug":"mercedes-abgasskandal-erneut-positive-bgh-entscheidung","status":"publish","type":"post","link":"https:\/\/ru.law\/nl\/mercedes-abgasskandal-erneut-positive-bgh-entscheidung\/","title":{"rendered":"Mercedes-emissieschandaal: nog een positieve beslissing van BGH"},"content":{"rendered":"<p>Het Federale Hof van Justitie (BGH) heeft <a href=\"https:\/\/www.presseportal.de\/pm\/119896\/4967479\">opnieuw <\/a><a href=\"https:\/\/ru.law\/nl\/expertise\/abgasskandal\/mercedes-benz-diesel\/#urteile\">positief<\/a> ten gunste van een eiser die door ons wordt vertegenwoordigd. Dit is niet de eerste zaak die wij hebben behandeld en die door het Federale Hof van Justitie is terugverwezen naar de bevoegde lagere rechtbank voor verder onderzoek (<a href=\"https:\/\/www.presseportal.de\/pm\/119896\/4967479\">Uitspraak BGH van 13.07.2021, Ref.: VI ZR 128\/20<\/a>). Ook ditmaal besliste het BGH dat de zaak terugverwezen moest worden naar het hof voor een nieuwe beslissing (beslissing BGH van 23 februari 2022, dossiernummer VII ZR 602\/21). Concreet gaat het om een gebruikte <a href=\"https:\/\/ru.law\/nl\/expertise\/abgasskandal\/mercedes-benz-diesel\/\">Mercedes Benz E 350 D Avantgarde Nacht EU6<\/a> (emissieklasse Euro 6), die werd aangeschaft voor een aankoopprijs van \u20ac 69.900,-. Het voertuig is uitgerust met een dieselmotor van de <a href=\"https:\/\/ru.law\/nl\/expertise\/abgasskandal\/mercedes-benz-diesel\/#modelle\">type OM 642 <\/a>uitgerust. <\/p>\n\n\n\n<p>Noch de regionale rechtbank van Kiel, noch de Hogere regionale rechtbank van Sleeswijk-Holstein kenden in eerste instantie een schadevergoeding toe aan de eiseres die wij vertegenwoordigden. Het BGH bekritiseert echter het feit dat de feitelijke stelling van eiser dat <a href=\"https:\/\/ru.law\/nl\/expertise\/abgasskandal\/mercedes-benz-diesel\/#abschalteinrichtungen\">uitlaatgasreiniging<\/a> van zijn voertuig wordt aangestuurd door een softwarefunctie die herkent of het voertuig op de testbank staat en in dat geval een koelmiddel-richttemperatuurregeling (KSR) activeert. Wanneer een KSR wordt geactiveerd, wordt de uitstoot van stikstofoxiden tot het toegestane niveau teruggebracht. <\/p>\n\n\n\n<h2 class=\"wp-block-heading\">Testbankherkenningssoftware als startpunt voor immoreel gedrag <\/h2>\n\n\n\n<p>De BGH maakt duidelijk dat het gebruik van een dergelijke <a href=\"https:\/\/ru.law\/nl\/expertise\/abgasskandal\/mercedes-benz-diesel\/#abschalteinrichtungen\">Software,<\/a> die detecteert of het voertuig zich op de testbank bevindt en vervolgens de uitstoot van stikstofoxide vermindert, kan worden beschouwd als een uitgangspunt voor het vermoeden van immoreel gedrag van Daimler AG. Dat wil zeggen dat de uitstoot van stikstofoxiden alleen op de testbank tot een minimum wordt beperkt en niet onder re\u00eble rijomstandigheden op de weg. Daar wordt de wettelijke grenswaarde van 180 mg\/km ruimschoots overschreden. De KSR houdt het koelcircuit kunstmatig kouder en vertraagt de opwarming van de motorolie. Dit resulteerde in een aanzienlijk lagere NOx-vorming en naleving van de grenswaarden op de testbank. Als de motor echter wordt gestart zonder de testbankherkenningssoftware, treedt de KSR niet in werking. Het resultaat: de koelvloeistof en de motorolie warmen sneller op en de stikstofoxide-uitstoot is hoger. <\/p>\n\n\n\n<p>Deze softwarefunctie is in eerste instantie alleen beschikbaar op \u00e9\u00e9n <a href=\"https:\/\/ru.law\/nl\/expertise\/abgasskandal\/mercedes-benz-diesel\/#rechner\">Mercedes GLK 220 CDI met OM 651 dieselmotor <\/a>vastgesteld. Inmiddels is echter bekend dat dit manipulatie-instrument ook is ingebouwd in Mercedes C-, E- en S-Klasse voertuigen met de OM 642-dieselmotoren. In juni 2019 had de Duitse Bundesautomobilausstelle (KBA) al een offici\u00eble terugroepactie afgekondigd voor ongeveer 60.000 GLK 220 CDI-modellen met de Euro 5-norm. De KBA gaat nu uit van meer dan <a href=\"https:\/\/ru.law\/nl\/expertise\/abgasskandal\/online-beauftragung\/\">700.000 getroffen voertuigen<\/a> uit. <\/p>\n\n\n\n<h3 class=\"wp-block-heading\" id=\"was-konnen-sie-tun\"><strong>Rijdt u een Mercedes? Kom dan nu in actie! <\/strong><\/h3>\n\n\n\n<p>Als u de eigenaar bent van een betrokken voertuig met motortype OM651, moet u nu<a href=\"https:\/\/ru.law\/nl\/expertise\/abgasskandal\/mercedes-benz-diesel\/#mandat\" target=\"_blank\" rel=\"noreferrer noopener\">kans op mogelijke compensatie<\/a>gebruiken. Het advocatenkantoor Rogert &amp; Ulbrich was het eerste advocatenkantoor in Duitsland dat<a href=\"https:\/\/ru.law\/nl\/expertise\/abgasskandal\/mercedes-benz-diesel\/#urteile\" target=\"_blank\" rel=\"noreferrer noopener\">positieve beslissing<\/a>voor het Federale Hof van Justitie in een Daimler-zaak. Neem gerust contact met ons op en laat<a href=\"https:\/\/ru.law\/nl\/expertise\/abgasskandal\/mercedes-benz-diesel\/#erstberatung\" target=\"_blank\" rel=\"noreferrer noopener\">uw eisen<\/a>geheel vrijblijvend en kosteloos controleren.&nbsp;<\/p>\n\n\n\n<section class=\"wp-block-uagb-columns uagb-columns__wrap uagb-columns__background-undefined uagb-columns__stack-mobile uagb-columns__valign-undefined uagb-columns__gap-10 alignundefined uagb-block-6913fa05 contrast blog_beitraege\"><div class=\"uagb-columns__overlay\"><\/div><div class=\"uagb-columns__inner-wrap uagb-columns__columns-1\">\n<div class=\"wp-block-uagb-column uagb-column__wrap uagb-column__background-undefined uagb-block-80b64d39\"><div class=\"uagb-column__overlay\"><\/div><div class=\"uagb-column__inner-wrap\">\n<h3 class=\"wp-block-heading\" id=\"h-das-konnte-sie-auch-interessieren\">Misschien bent u ook ge\u00efnteresseerd in:<\/h3>\n\n\n\n\t\t\t<div class=\"wp-block-uagb-post-grid uagb-post-grid  uagb-post__image-position-top uagb-post__image-enabled uagb-block-4e352ac2     uagb-post__items uagb-post__columns-3 is-grid uagb-post__columns-tablet-2 uagb-post__columns-mobile-1 uagb-post__equal-height\" data-total=\"9\" style=\"\">\n\n\t\t\t\t\t\t\t\t\t\t\t\t<article class=\"uagb-post__inner-wrap\">\t\t\t\t\t\t\t\t<div class='uagb-post__image'>\n\t\t\t\t\t\t\t\t\t<a href=\"https:\/\/ru.law\/nl\/musterfeststellungsklage-gegen-die-daimler-ag\/\" target=\"_self\" rel=\"bookmark noopener noreferrer\" class='uagb-image-ratio-inherit'><img loading=\"lazy\" decoding=\"async\" width=\"1024\" height=\"576\" src=\"https:\/\/ru.law\/wp-content\/uploads\/2021\/07\/Rogert-Ulbrich-Rechtsanwalts-Kanzlei-Mercedes-Benz-Musterfestellungsklage72-1024x576.jpg\" class=\"attachment-large size-large\" alt=\"\" srcset=\"https:\/\/ru.law\/wp-content\/uploads\/2021\/07\/Rogert-Ulbrich-Rechtsanwalts-Kanzlei-Mercedes-Benz-Musterfestellungsklage72-1024x576.jpg 1024w, https:\/\/ru.law\/wp-content\/uploads\/2021\/07\/Rogert-Ulbrich-Rechtsanwalts-Kanzlei-Mercedes-Benz-Musterfestellungsklage72-300x169.jpg 300w, https:\/\/ru.law\/wp-content\/uploads\/2021\/07\/Rogert-Ulbrich-Rechtsanwalts-Kanzlei-Mercedes-Benz-Musterfestellungsklage72-768x432.jpg 768w, https:\/\/ru.law\/wp-content\/uploads\/2021\/07\/Rogert-Ulbrich-Rechtsanwalts-Kanzlei-Mercedes-Benz-Musterfestellungsklage72.jpg 1200w\" sizes=\"auto, (max-width: 1024px) 100vw, 1024px\" \/>\t\t\t\t\t<\/a>\n\t\t\t\t\t\t\t<\/div>\n\t\t\t\t\t\t<h4 class=\"uagb-post__title uagb-post__text\">\n\t\t\t\t<a href=\"https:\/\/ru.law\/nl\/musterfeststellungsklage-gegen-die-daimler-ag\/\" target=\"_self\" rel=\"bookmark noopener noreferrer\">vzbv dient opnieuw een model declaratoir verzoek in \u2013 Volkswagen wordt gevolgd door Daimler AG<\/a>\n\t\t\t<\/h4>\n\t\t\t\t\t\t<div class='uagb-post__text uagb-post-grid-byline'>\n\t\t\t\t\t\t\t<\/div>\n\t\t\t\t\t\t\t<div class='uagb-post__text uagb-post__excerpt'>\n\t\t\t\t\t<p>Slecht nieuws voor de autofabrikanten uit Stuttgart. De Federale Vereniging van Consumentenorganisaties (vzbv) wordt\u2026\t\t\t\t<\/div>\n\t\t\t\n\t\t\t\t\t\t\t\t\t<\/article>\n\t\t\t\t\t\t\t\t\t\t\t\t\t\t\t\t<article class=\"uagb-post__inner-wrap\">\t\t\t\t\t\t\t\t<div class='uagb-post__image'>\n\t\t\t\t\t\t\t\t\t<a href=\"https:\/\/ru.law\/nl\/verjaehrung-bei-mercedes-benz-zum-ende-des-jahres-2021\/\" target=\"_self\" rel=\"bookmark noopener noreferrer\" class='uagb-image-ratio-inherit'><img loading=\"lazy\" decoding=\"async\" width=\"1024\" height=\"576\" src=\"https:\/\/ru.law\/wp-content\/uploads\/2021\/10\/Rogert-Ulbrich-Rechtsanwaelte-Kanzlei-Mercedes-Vito-GLC-Marco-Polo-Euro6-1024x576.jpg\" class=\"attachment-large size-large\" alt=\"Rogert-Ulbrich-Rechtsanwaelte-Kanzlei-Mercedes-Vito-GLC-Marco-Polo-Euro6.jp\" srcset=\"https:\/\/ru.law\/wp-content\/uploads\/2021\/10\/Rogert-Ulbrich-Rechtsanwaelte-Kanzlei-Mercedes-Vito-GLC-Marco-Polo-Euro6-1024x576.jpg 1024w, https:\/\/ru.law\/wp-content\/uploads\/2021\/10\/Rogert-Ulbrich-Rechtsanwaelte-Kanzlei-Mercedes-Vito-GLC-Marco-Polo-Euro6-300x169.jpg 300w, https:\/\/ru.law\/wp-content\/uploads\/2021\/10\/Rogert-Ulbrich-Rechtsanwaelte-Kanzlei-Mercedes-Vito-GLC-Marco-Polo-Euro6-768x432.jpg 768w, https:\/\/ru.law\/wp-content\/uploads\/2021\/10\/Rogert-Ulbrich-Rechtsanwaelte-Kanzlei-Mercedes-Vito-GLC-Marco-Polo-Euro6.jpg 1200w\" sizes=\"auto, (max-width: 1024px) 100vw, 1024px\" \/>\t\t\t\t\t<\/a>\n\t\t\t\t\t\t\t<\/div>\n\t\t\t\t\t\t<h4 class=\"uagb-post__title uagb-post__text\">\n\t\t\t\t<a href=\"https:\/\/ru.law\/nl\/verjaehrung-bei-mercedes-benz-zum-ende-des-jahres-2021\/\" target=\"_self\" rel=\"bookmark noopener noreferrer\">Verjaringstermijn bij Mercedes-Benz eind 2021<\/a>\n\t\t\t<\/h4>\n\t\t\t\t\t\t<div class='uagb-post__text uagb-post-grid-byline'>\n\t\t\t\t\t\t\t<\/div>\n\t\t\t\t\t\t\t<div class='uagb-post__text uagb-post__excerpt'>\n\t\t\t\t\t<p>Rijdt u een Mercedes-Benz GLC, V-Klasse, Vito of Marco Polo? Dan moet u er rekening mee houden dat\u2026\t\t\t\t<\/div>\n\t\t\t\n\t\t\t\t\t\t\t\t\t<\/article>\n\t\t\t\t\t\t\t\t\t\t\t\t\t\t\t\t<article class=\"uagb-post__inner-wrap\">\t\t\t\t\t\t\t\t<div class='uagb-post__image'>\n\t\t\t\t\t\t\t\t\t<a href=\"https:\/\/ru.law\/nl\/urteil-gegen-daimler-ag-vorsaetzlich-sittenwidrige-schaedigung\/\" target=\"_self\" rel=\"bookmark noopener noreferrer\" class='uagb-image-ratio-inherit'><img loading=\"lazy\" decoding=\"async\" width=\"1024\" height=\"576\" src=\"https:\/\/ru.law\/wp-content\/uploads\/2022\/02\/Rogert-Ulbrich-Rechtsanwaelte-Kanzlei-Abgasskandal-Urteile-Daimler-Mercedes-Benz-1024x576.png\" class=\"attachment-large size-large\" alt=\"\" srcset=\"https:\/\/ru.law\/wp-content\/uploads\/2022\/02\/Rogert-Ulbrich-Rechtsanwaelte-Kanzlei-Abgasskandal-Urteile-Daimler-Mercedes-Benz-1024x576.png 1024w, https:\/\/ru.law\/wp-content\/uploads\/2022\/02\/Rogert-Ulbrich-Rechtsanwaelte-Kanzlei-Abgasskandal-Urteile-Daimler-Mercedes-Benz-300x169.png 300w, https:\/\/ru.law\/wp-content\/uploads\/2022\/02\/Rogert-Ulbrich-Rechtsanwaelte-Kanzlei-Abgasskandal-Urteile-Daimler-Mercedes-Benz-768x432.png 768w, https:\/\/ru.law\/wp-content\/uploads\/2022\/02\/Rogert-Ulbrich-Rechtsanwaelte-Kanzlei-Abgasskandal-Urteile-Daimler-Mercedes-Benz.png 1200w\" sizes=\"auto, (max-width: 1024px) 100vw, 1024px\" \/>\t\t\t\t\t<\/a>\n\t\t\t\t\t\t\t<\/div>\n\t\t\t\t\t\t<h4 class=\"uagb-post__title uagb-post__text\">\n\t\t\t\t<a href=\"https:\/\/ru.law\/nl\/urteil-gegen-daimler-ag-vorsaetzlich-sittenwidrige-schaedigung\/\" target=\"_self\" rel=\"bookmark noopener noreferrer\">Vonnis tegen Daimler AG \u2013 opzettelijke immorele schade<\/a>\n\t\t\t<\/h4>\n\t\t\t\t\t\t<div class='uagb-post__text uagb-post-grid-byline'>\n\t\t\t\t\t\t\t<\/div>\n\t\t\t\t\t\t\t<div class='uagb-post__text uagb-post__excerpt'>\n\t\t\t\t\t<p>In zijn vonnis van 28 januari 2022 veroordeelde de regionale rechtbank van Stuttgart (LG) Daimler AG tot\u2026\t\t\t\t<\/div>\n\t\t\t\n\t\t\t\t\t\t\t\t\t<\/article>\n\t\t\t\t\t\t\t\t\t\t\t<\/div>\n\t\t\t<\/div><\/div>\n<\/div><\/section>","protected":false},"excerpt":{"rendered":"<p>Der Bundesgerichthof (BGH) hat erneut positiv f\u00fcr einen durch uns vertretenen Kl\u00e4ger entschieden. Es ist nicht das erste von uns gef\u00fchrte Verfahren, welches vom Bundesgerichtshof [&hellip;]<\/p>\n","protected":false},"author":21,"featured_media":30031,"comment_status":"closed","ping_status":"open","sticky":false,"template":"","format":"standard","meta":{"_uag_custom_page_level_css":"","site-sidebar-layout":"default","site-content-layout":"","ast-site-content-layout":"default","site-content-style":"default","site-sidebar-style":"default","ast-global-header-display":"","ast-banner-title-visibility":"","ast-main-header-display":"","ast-hfb-above-header-display":"","ast-hfb-below-header-display":"","ast-hfb-mobile-header-display":"","site-post-title":"","ast-breadcrumbs-content":"","ast-featured-img":"","footer-sml-layout":"","ast-disable-related-posts":"","theme-transparent-header-meta":"","adv-header-id-meta":"","stick-header-meta":"","header-above-stick-meta":"","header-main-stick-meta":"","header-below-stick-meta":"","astra-migrate-meta-layouts":"default","ast-page-background-enabled":"default","ast-page-background-meta":{"desktop":{"background-color":"","background-image":"","background-repeat":"repeat","background-position":"center center","background-size":"auto","background-attachment":"scroll","background-type":"","background-media":"","overlay-type":"","overlay-color":"","overlay-opacity":"","overlay-gradient":""},"tablet":{"background-color":"","background-image":"","background-repeat":"repeat","background-position":"center center","background-size":"auto","background-attachment":"scroll","background-type":"","background-media":"","overlay-type":"","overlay-color":"","overlay-opacity":"","overlay-gradient":""},"mobile":{"background-color":"","background-image":"","background-repeat":"repeat","background-position":"center center","background-size":"auto","background-attachment":"scroll","background-type":"","background-media":"","overlay-type":"","overlay-color":"","overlay-opacity":"","overlay-gradient":""}},"ast-content-background-meta":{"desktop":{"background-color":"var(--ast-global-color-5)","background-image":"","background-repeat":"repeat","background-position":"center center","background-size":"auto","background-attachment":"scroll","background-type":"","background-media":"","overlay-type":"","overlay-color":"","overlay-opacity":"","overlay-gradient":""},"tablet":{"background-color":"var(--ast-global-color-5)","background-image":"","background-repeat":"repeat","background-position":"center center","background-size":"auto","background-attachment":"scroll","background-type":"","background-media":"","overlay-type":"","overlay-color":"","overlay-opacity":"","overlay-gradient":""},"mobile":{"background-color":"var(--ast-global-color-5)","background-image":"","background-repeat":"repeat","background-position":"center center","background-size":"auto","background-attachment":"scroll","background-type":"","background-media":"","overlay-type":"","overlay-color":"","overlay-opacity":"","overlay-gradient":""}},"footnotes":""},"categories":[2],"tags":[895,14,18,24,697,876,30,35],"class_list":["post-29964","post","type-post","status-publish","format-standard","has-post-thumbnail","hentry","category-abgasskandal","tag-abschalteinrichtung","tag-bgh","tag-daimler","tag-euro-6","tag-kba","tag-mercedes-benz","tag-om651","tag-rueckruf"],"yoast_head":"<!-- This site is optimized with the Yoast SEO Premium plugin v27.4 (Yoast SEO v27.4) - https:\/\/yoast.com\/product\/yoast-seo-premium-wordpress\/ -->\n<title>Mercedes-Abgasskandal: Erneut positive BGH-Entscheidung - R&amp;U<\/title>\n<meta name=\"description\" content=\"Pr\u00fcfstandserkennungssoftware reicht laut BGH als Ankn\u00fcpfungspunkt f\u00fcr sittenwidriges Verhalten der Daimler AG aus. Handeln Sie jetzt!\" \/>\n<meta name=\"robots\" content=\"index, follow, max-snippet:-1, max-image-preview:large, max-video-preview:-1\" \/>\n<link rel=\"canonical\" href=\"https:\/\/ru.law\/nl\/mercedes-abgasskandal-erneut-positive-bgh-entscheidung\/\" \/>\n<meta property=\"og:locale\" content=\"nl_NL\" \/>\n<meta property=\"og:type\" content=\"article\" \/>\n<meta property=\"og:title\" content=\"Mercedes-Abgasskandal: Erneut positive BGH-Entscheidung\" \/>\n<meta property=\"og:description\" content=\"Pr\u00fcfstandserkennungssoftware reicht laut BGH als Ankn\u00fcpfungspunkt f\u00fcr sittenwidriges Verhalten der Daimler AG aus. Handeln Sie jetzt!\" \/>\n<meta property=\"og:url\" content=\"https:\/\/ru.law\/nl\/mercedes-abgasskandal-erneut-positive-bgh-entscheidung\/\" \/>\n<meta property=\"og:site_name\" content=\"R&amp;U\" \/>\n<meta property=\"article:publisher\" content=\"https:\/\/www.facebook.com\/RogertUlbrich\/\" \/>\n<meta property=\"article:published_time\" content=\"2022-05-02T10:18:45+00:00\" \/>\n<meta property=\"article:modified_time\" content=\"2024-07-08T11:11:47+00:00\" \/>\n<meta property=\"og:image\" content=\"https:\/\/ru.law\/wp-content\/uploads\/2022\/04\/2021-News-Header-1200x675-4572.jpg\" \/>\n\t<meta property=\"og:image:width\" content=\"1200\" \/>\n\t<meta property=\"og:image:height\" content=\"675\" \/>\n\t<meta property=\"og:image:type\" content=\"image\/jpeg\" \/>\n<meta name=\"author\" content=\"Marco Rogert\" \/>\n<meta name=\"twitter:card\" content=\"summary_large_image\" \/>\n<meta name=\"twitter:creator\" content=\"@RogertUlbrich\" \/>\n<meta name=\"twitter:site\" content=\"@RogertUlbrich\" \/>\n<script type=\"application\/ld+json\" class=\"yoast-schema-graph\">{\"@context\":\"https:\\\/\\\/schema.org\",\"@graph\":[{\"@type\":\"Article\",\"@id\":\"https:\\\/\\\/ru.law\\\/mercedes-abgasskandal-erneut-positive-bgh-entscheidung\\\/#article\",\"isPartOf\":{\"@id\":\"https:\\\/\\\/ru.law\\\/mercedes-abgasskandal-erneut-positive-bgh-entscheidung\\\/\"},\"author\":{\"name\":\"Marco Rogert\",\"@id\":\"https:\\\/\\\/ru.law\\\/#\\\/schema\\\/person\\\/b020d506e6bbc471b4565d3a98173b87\"},\"headline\":\"Mercedes-Abgasskandal: Erneut positive BGH-Entscheidung\",\"datePublished\":\"2022-05-02T10:18:45+00:00\",\"dateModified\":\"2024-07-08T11:11:47+00:00\",\"mainEntityOfPage\":{\"@id\":\"https:\\\/\\\/ru.law\\\/mercedes-abgasskandal-erneut-positive-bgh-entscheidung\\\/\"},\"wordCount\":489,\"publisher\":{\"@id\":\"https:\\\/\\\/ru.law\\\/#organization\"},\"image\":{\"@id\":\"https:\\\/\\\/ru.law\\\/mercedes-abgasskandal-erneut-positive-bgh-entscheidung\\\/#primaryimage\"},\"thumbnailUrl\":\"https:\\\/\\\/ru.law\\\/wp-content\\\/uploads\\\/2022\\\/04\\\/2021-News-Header-1200x675-4572.jpg\",\"keywords\":[\"Abschalteinrichtung\",\"BGH\",\"Daimler\",\"Euro-6\",\"KBA\",\"Mercedes-Benz\",\"OM651\",\"R\u00fcckruf\"],\"articleSection\":[\"Abgasskandal\"],\"inLanguage\":\"nl-NL\"},{\"@type\":\"WebPage\",\"@id\":\"https:\\\/\\\/ru.law\\\/mercedes-abgasskandal-erneut-positive-bgh-entscheidung\\\/\",\"url\":\"https:\\\/\\\/ru.law\\\/mercedes-abgasskandal-erneut-positive-bgh-entscheidung\\\/\",\"name\":\"Mercedes-Abgasskandal: Erneut positive BGH-Entscheidung - R&amp;U\",\"isPartOf\":{\"@id\":\"https:\\\/\\\/ru.law\\\/#website\"},\"primaryImageOfPage\":{\"@id\":\"https:\\\/\\\/ru.law\\\/mercedes-abgasskandal-erneut-positive-bgh-entscheidung\\\/#primaryimage\"},\"image\":{\"@id\":\"https:\\\/\\\/ru.law\\\/mercedes-abgasskandal-erneut-positive-bgh-entscheidung\\\/#primaryimage\"},\"thumbnailUrl\":\"https:\\\/\\\/ru.law\\\/wp-content\\\/uploads\\\/2022\\\/04\\\/2021-News-Header-1200x675-4572.jpg\",\"datePublished\":\"2022-05-02T10:18:45+00:00\",\"dateModified\":\"2024-07-08T11:11:47+00:00\",\"description\":\"Pr\u00fcfstandserkennungssoftware reicht laut BGH als Ankn\u00fcpfungspunkt f\u00fcr sittenwidriges Verhalten der Daimler AG aus. Handeln Sie jetzt!\",\"breadcrumb\":{\"@id\":\"https:\\\/\\\/ru.law\\\/mercedes-abgasskandal-erneut-positive-bgh-entscheidung\\\/#breadcrumb\"},\"inLanguage\":\"nl-NL\",\"potentialAction\":[{\"@type\":\"ReadAction\",\"target\":[\"https:\\\/\\\/ru.law\\\/mercedes-abgasskandal-erneut-positive-bgh-entscheidung\\\/\"]}]},{\"@type\":\"ImageObject\",\"inLanguage\":\"nl-NL\",\"@id\":\"https:\\\/\\\/ru.law\\\/mercedes-abgasskandal-erneut-positive-bgh-entscheidung\\\/#primaryimage\",\"url\":\"https:\\\/\\\/ru.law\\\/wp-content\\\/uploads\\\/2022\\\/04\\\/2021-News-Header-1200x675-4572.jpg\",\"contentUrl\":\"https:\\\/\\\/ru.law\\\/wp-content\\\/uploads\\\/2022\\\/04\\\/2021-News-Header-1200x675-4572.jpg\",\"width\":1200,\"height\":675},{\"@type\":\"BreadcrumbList\",\"@id\":\"https:\\\/\\\/ru.law\\\/mercedes-abgasskandal-erneut-positive-bgh-entscheidung\\\/#breadcrumb\",\"itemListElement\":[{\"@type\":\"ListItem\",\"position\":1,\"name\":\"Startseite\",\"item\":\"https:\\\/\\\/ru.law\\\/\"},{\"@type\":\"ListItem\",\"position\":2,\"name\":\"Mercedes-Abgasskandal: Erneut positive BGH-Entscheidung\"}]},{\"@type\":\"WebSite\",\"@id\":\"https:\\\/\\\/ru.law\\\/#website\",\"url\":\"https:\\\/\\\/ru.law\\\/\",\"name\":\"R&U\",\"description\":\"Verbraucheranw\u00e4lte\",\"publisher\":{\"@id\":\"https:\\\/\\\/ru.law\\\/#organization\"},\"alternateName\":\"Rogert & Ulbrich\",\"potentialAction\":[{\"@type\":\"SearchAction\",\"target\":{\"@type\":\"EntryPoint\",\"urlTemplate\":\"https:\\\/\\\/ru.law\\\/?s={search_term_string}\"},\"query-input\":{\"@type\":\"PropertyValueSpecification\",\"valueRequired\":true,\"valueName\":\"search_term_string\"}}],\"inLanguage\":\"nl-NL\"},{\"@type\":\"Organization\",\"@id\":\"https:\\\/\\\/ru.law\\\/#organization\",\"name\":\"Kanzlei Rogert & Ulbrich\",\"url\":\"https:\\\/\\\/ru.law\\\/\",\"logo\":{\"@type\":\"ImageObject\",\"inLanguage\":\"nl-NL\",\"@id\":\"https:\\\/\\\/ru.law\\\/#\\\/schema\\\/logo\\\/image\\\/\",\"url\":\"https:\\\/\\\/ru.law\\\/wp-content\\\/uploads\\\/2020\\\/12\\\/logo-ru-law.svg\",\"contentUrl\":\"https:\\\/\\\/ru.law\\\/wp-content\\\/uploads\\\/2020\\\/12\\\/logo-ru-law.svg\",\"width\":992,\"height\":259,\"caption\":\"Kanzlei Rogert & Ulbrich\"},\"image\":{\"@id\":\"https:\\\/\\\/ru.law\\\/#\\\/schema\\\/logo\\\/image\\\/\"},\"sameAs\":[\"https:\\\/\\\/www.facebook.com\\\/RogertUlbrich\\\/\",\"https:\\\/\\\/x.com\\\/RogertUlbrich\",\"https:\\\/\\\/www.instagram.com\\\/rogertulbrich\\\/\",\"https:\\\/\\\/www.linkedin.com\\\/company\\\/rogert-ulbrich\\\/\",\"https:\\\/\\\/www.youtube.com\\\/channel\\\/UCganCgpvwpPFqMFf1vVmG2A\"]},{\"@type\":\"Person\",\"@id\":\"https:\\\/\\\/ru.law\\\/#\\\/schema\\\/person\\\/b020d506e6bbc471b4565d3a98173b87\",\"name\":\"Marco Rogert\",\"url\":\"https:\\\/\\\/ru.law\\\/nl\\\/author\\\/rogertru-law\\\/\"}]}<\/script>\n<!-- \/ Yoast SEO Premium plugin. -->","yoast_head_json":{"title":"Mercedes-emissieschandaal: opnieuw een positieve uitspraak van het Federale Hof van Justitie - R&amp;U","description":"Volgens het Duitse Federale Hof van Justitie (BGH) is testbankdetectiesoftware voldoende bewijs voor onethisch gedrag van Daimler AG. Kom nu in actie!","robots":{"index":"index","follow":"follow","max-snippet":"max-snippet:-1","max-image-preview":"max-image-preview:large","max-video-preview":"max-video-preview:-1"},"canonical":"https:\/\/ru.law\/nl\/mercedes-abgasskandal-erneut-positive-bgh-entscheidung\/","og_locale":"nl_NL","og_type":"article","og_title":"Mercedes-Abgasskandal: Erneut positive BGH-Entscheidung","og_description":"Pr\u00fcfstandserkennungssoftware reicht laut BGH als Ankn\u00fcpfungspunkt f\u00fcr sittenwidriges Verhalten der Daimler AG aus. Handeln Sie jetzt!","og_url":"https:\/\/ru.law\/nl\/mercedes-abgasskandal-erneut-positive-bgh-entscheidung\/","og_site_name":"R&amp;U","article_publisher":"https:\/\/www.facebook.com\/RogertUlbrich\/","article_published_time":"2022-05-02T10:18:45+00:00","article_modified_time":"2024-07-08T11:11:47+00:00","og_image":[{"width":1200,"height":675,"url":"https:\/\/ru.law\/wp-content\/uploads\/2022\/04\/2021-News-Header-1200x675-4572.jpg","type":"image\/jpeg"}],"author":"Marco Rogert","twitter_card":"summary_large_image","twitter_creator":"@RogertUlbrich","twitter_site":"@RogertUlbrich","schema":{"@context":"https:\/\/schema.org","@graph":[{"@type":"Article","@id":"https:\/\/ru.law\/mercedes-abgasskandal-erneut-positive-bgh-entscheidung\/#article","isPartOf":{"@id":"https:\/\/ru.law\/mercedes-abgasskandal-erneut-positive-bgh-entscheidung\/"},"author":{"name":"Marco Rogert","@id":"https:\/\/ru.law\/#\/schema\/person\/b020d506e6bbc471b4565d3a98173b87"},"headline":"Mercedes-Abgasskandal: Erneut positive BGH-Entscheidung","datePublished":"2022-05-02T10:18:45+00:00","dateModified":"2024-07-08T11:11:47+00:00","mainEntityOfPage":{"@id":"https:\/\/ru.law\/mercedes-abgasskandal-erneut-positive-bgh-entscheidung\/"},"wordCount":489,"publisher":{"@id":"https:\/\/ru.law\/#organization"},"image":{"@id":"https:\/\/ru.law\/mercedes-abgasskandal-erneut-positive-bgh-entscheidung\/#primaryimage"},"thumbnailUrl":"https:\/\/ru.law\/wp-content\/uploads\/2022\/04\/2021-News-Header-1200x675-4572.jpg","keywords":["Abschalteinrichtung","BGH","Daimler","Euro-6","KBA","Mercedes-Benz","OM651","R\u00fcckruf"],"articleSection":["Abgasskandal"],"inLanguage":"nl-NL"},{"@type":"WebPage","@id":"https:\/\/ru.law\/mercedes-abgasskandal-erneut-positive-bgh-entscheidung\/","url":"https:\/\/ru.law\/mercedes-abgasskandal-erneut-positive-bgh-entscheidung\/","name":"Mercedes-emissieschandaal: opnieuw een positieve uitspraak van het Federale Hof van Justitie - R&amp;U","isPartOf":{"@id":"https:\/\/ru.law\/#website"},"primaryImageOfPage":{"@id":"https:\/\/ru.law\/mercedes-abgasskandal-erneut-positive-bgh-entscheidung\/#primaryimage"},"image":{"@id":"https:\/\/ru.law\/mercedes-abgasskandal-erneut-positive-bgh-entscheidung\/#primaryimage"},"thumbnailUrl":"https:\/\/ru.law\/wp-content\/uploads\/2022\/04\/2021-News-Header-1200x675-4572.jpg","datePublished":"2022-05-02T10:18:45+00:00","dateModified":"2024-07-08T11:11:47+00:00","description":"Volgens het Duitse Federale Hof van Justitie (BGH) is testbankdetectiesoftware voldoende bewijs voor onethisch gedrag van Daimler AG. Kom nu in actie!","breadcrumb":{"@id":"https:\/\/ru.law\/mercedes-abgasskandal-erneut-positive-bgh-entscheidung\/#breadcrumb"},"inLanguage":"nl-NL","potentialAction":[{"@type":"ReadAction","target":["https:\/\/ru.law\/mercedes-abgasskandal-erneut-positive-bgh-entscheidung\/"]}]},{"@type":"ImageObject","inLanguage":"nl-NL","@id":"https:\/\/ru.law\/mercedes-abgasskandal-erneut-positive-bgh-entscheidung\/#primaryimage","url":"https:\/\/ru.law\/wp-content\/uploads\/2022\/04\/2021-News-Header-1200x675-4572.jpg","contentUrl":"https:\/\/ru.law\/wp-content\/uploads\/2022\/04\/2021-News-Header-1200x675-4572.jpg","width":1200,"height":675},{"@type":"BreadcrumbList","@id":"https:\/\/ru.law\/mercedes-abgasskandal-erneut-positive-bgh-entscheidung\/#breadcrumb","itemListElement":[{"@type":"ListItem","position":1,"name":"Startseite","item":"https:\/\/ru.law\/"},{"@type":"ListItem","position":2,"name":"Mercedes-Abgasskandal: Erneut positive BGH-Entscheidung"}]},{"@type":"WebSite","@id":"https:\/\/ru.law\/#website","url":"https:\/\/ru.law\/","name":"R&amp;U","description":"Consumentenadvocaten","publisher":{"@id":"https:\/\/ru.law\/#organization"},"alternateName":"Rogert & Ulbrich","potentialAction":[{"@type":"SearchAction","target":{"@type":"EntryPoint","urlTemplate":"https:\/\/ru.law\/?s={search_term_string}"},"query-input":{"@type":"PropertyValueSpecification","valueRequired":true,"valueName":"search_term_string"}}],"inLanguage":"nl-NL"},{"@type":"Organization","@id":"https:\/\/ru.law\/#organization","name":"Advocatenkantoor Rogert &amp; Ulbrich","url":"https:\/\/ru.law\/","logo":{"@type":"ImageObject","inLanguage":"nl-NL","@id":"https:\/\/ru.law\/#\/schema\/logo\/image\/","url":"https:\/\/ru.law\/wp-content\/uploads\/2020\/12\/logo-ru-law.svg","contentUrl":"https:\/\/ru.law\/wp-content\/uploads\/2020\/12\/logo-ru-law.svg","width":992,"height":259,"caption":"Kanzlei Rogert & Ulbrich"},"image":{"@id":"https:\/\/ru.law\/#\/schema\/logo\/image\/"},"sameAs":["https:\/\/www.facebook.com\/RogertUlbrich\/","https:\/\/x.com\/RogertUlbrich","https:\/\/www.instagram.com\/rogertulbrich\/","https:\/\/www.linkedin.com\/company\/rogert-ulbrich\/","https:\/\/www.youtube.com\/channel\/UCganCgpvwpPFqMFf1vVmG2A"]},{"@type":"Person","@id":"https:\/\/ru.law\/#\/schema\/person\/b020d506e6bbc471b4565d3a98173b87","name":"Marco Rogert","url":"https:\/\/ru.law\/nl\/author\/rogertru-law\/"}]}},"uagb_featured_image_src":{"full":["https:\/\/ru.law\/wp-content\/uploads\/2022\/04\/2021-News-Header-1200x675-4572.jpg",1200,675,false],"thumbnail":["https:\/\/ru.law\/wp-content\/uploads\/2022\/04\/2021-News-Header-1200x675-4572-150x150.jpg",96,96,true],"medium":["https:\/\/ru.law\/wp-content\/uploads\/2022\/04\/2021-News-Header-1200x675-4572-300x169.jpg",300,169,true],"medium_large":["https:\/\/ru.law\/wp-content\/uploads\/2022\/04\/2021-News-Header-1200x675-4572-768x432.jpg",768,432,true],"large":["https:\/\/ru.law\/wp-content\/uploads\/2022\/04\/2021-News-Header-1200x675-4572-1024x576.jpg",1024,576,true],"1536x1536":["https:\/\/ru.law\/wp-content\/uploads\/2022\/04\/2021-News-Header-1200x675-4572.jpg",1200,675,false],"2048x2048":["https:\/\/ru.law\/wp-content\/uploads\/2022\/04\/2021-News-Header-1200x675-4572.jpg",1200,675,false],"trp-custom-language-flag":["https:\/\/ru.law\/wp-content\/uploads\/2022\/04\/2021-News-Header-1200x675-4572.jpg",18,10,false]},"uagb_author_info":{"display_name":"Marco Rogert","author_link":"https:\/\/ru.law\/nl\/author\/rogertru-law\/"},"uagb_comment_info":0,"uagb_excerpt":"Der Bundesgerichthof (BGH) hat erneut positiv f\u00fcr einen durch uns vertretenen Kl\u00e4ger entschieden. Es ist nicht das erste von uns gef\u00fchrte Verfahren, welches vom Bundesgerichtshof [&hellip;]","_links":{"self":[{"href":"https:\/\/ru.law\/nl\/wp-json\/wp\/v2\/posts\/29964","targetHints":{"allow":["GET"]}}],"collection":[{"href":"https:\/\/ru.law\/nl\/wp-json\/wp\/v2\/posts"}],"about":[{"href":"https:\/\/ru.law\/nl\/wp-json\/wp\/v2\/types\/post"}],"author":[{"embeddable":true,"href":"https:\/\/ru.law\/nl\/wp-json\/wp\/v2\/users\/21"}],"replies":[{"embeddable":true,"href":"https:\/\/ru.law\/nl\/wp-json\/wp\/v2\/comments?post=29964"}],"version-history":[{"count":0,"href":"https:\/\/ru.law\/nl\/wp-json\/wp\/v2\/posts\/29964\/revisions"}],"wp:featuredmedia":[{"embeddable":true,"href":"https:\/\/ru.law\/nl\/wp-json\/wp\/v2\/media\/30031"}],"wp:attachment":[{"href":"https:\/\/ru.law\/nl\/wp-json\/wp\/v2\/media?parent=29964"}],"wp:term":[{"taxonomy":"category","embeddable":true,"href":"https:\/\/ru.law\/nl\/wp-json\/wp\/v2\/categories?post=29964"},{"taxonomy":"post_tag","embeddable":true,"href":"https:\/\/ru.law\/nl\/wp-json\/wp\/v2\/tags?post=29964"}],"curies":[{"name":"wp","href":"https:\/\/api.w.org\/{rel}","templated":true}]}}