{"id":2844,"date":"2020-03-12T13:44:20","date_gmt":"2020-03-12T12:44:20","guid":{"rendered":"https:\/\/www.rogertulbrich.de\/wp\/?p=2844"},"modified":"2024-07-08T13:13:11","modified_gmt":"2024-07-08T11:13:11","slug":"entschaedigungen-von-vw-in-der-musterfeststellungsklage-im-ueberblick","status":"publish","type":"post","link":"https:\/\/ru.law\/nl\/entschaedigungen-von-vw-in-der-musterfeststellungsklage-im-ueberblick\/","title":{"rendered":"Overzicht van de schadevergoeding van VW in het model van declaratoire vordering"},"content":{"rendered":"<h2 class=\"wp-block-heading\" id=\"h-hunderttausende-vw-kunden-erhalten-ein-angebot\">Honderdduizenden VW-klanten ontvangen een aanbieding.&nbsp;<\/h2>\n\n\n<p>Vanaf eind maart ontvangen ruim 260.000 deelnemers aan de modeldeclaratoire actie, afhankelijk van het voertuig en de leeftijd ervan, tussen de 1.350 en 6.257 euro. Veel mensen vragen zich af: is de vergelijking de moeite waard?<\/p>\n<p>Elk van de 262.500 personen die zijn geregistreerd in het model van de declaratoire vordering en op wie de VW-schikking betrekking heeft, ontvangt vanaf eind maart een compensatieaanbod van de Volkswagen Groep.&nbsp;<u>Afhankelijk van het voertuig en de leeftijd ervan moet er tussen de 1.350 en 6.257 euro worden betaald.<\/u>&nbsp;Bovendien heeft VW toegezegd alle deelnemers aan de modelrechtszaak te voorzien van&nbsp;<u>eerste juridisch advies tot een eenmalig bedrag van 190 euro<\/u> betalen. Op deze manier kunnen alle geregistreerden in het model van de declaratoire vordering nagaan of een schikking in hun specifieke geval zinvol is. Als toonaangevende advocaten in het emissieschandaal, Dr. Marco Rogert en Tobias Ulbrich adviseren alle gedupeerden: \u201cControleer goed of u het aanbod van VW echt wilt accepteren.\u201d<\/p>\n<p>Hier vindt u een uitgebreide informatiepagina met veelgestelde vragen over de VW-vergelijking en een compensatiecalculator voor getroffen VW-klanten<strong>.<\/strong><\/p>\n\n\n<div class=\"wp-block-image\"><figure class=\"aligncenter\"><img decoding=\"async\" src=\"https:\/\/www.rogertulbrich.de\/wp\/wp-content\/uploads\/2020\/08\/VW-vergleich-entschaedigungen-1024x663.jpg\" alt=\"\" class=\"wp-image-2845\" \/><\/figure><\/div>\n\n\n<p>VW-dieselrijders kunnen aan de hand van de tabel bepalen hoeveel geld ze kunnen besparen op basis van het automodel en het bouwjaar van het voertuig. <a href=\"https:\/\/ru.law\/nl\/expertise\/abgasskandal\/vw-diesel\/\">Volkswagen<\/a> betaald als compensatie. Een Polo of Ibiza uit 2008 krijgt de minste schadevergoeding. Een Audi A6 uit 2016 krijgt de hoogste schadevergoeding. De tabel toont het grote aantal automerken dat getroffen is door het dieselschandaal: Naast VW en Audi zijn dit ook voertuigen van <a href=\"https:\/\/ru.law\/nl\/expertise\/abgasskandal\/seat-diesel\/\">ZITTING<\/a> En <a href=\"https:\/\/ru.law\/nl\/expertise\/abgasskandal\/skoda-diesel\/\">\u0160koda<\/a>. Hier vindt u een overzicht van alle voertuigen die betrokken zijn bij het dieselemissieschandaal. Gebruik de onderstaande compensatiecalculator om te berekenen op hoeveel geld u recht hebt bij een claim voor ontbinding, voordat u besluit of u de schikking van VW wilt accepteren. Iedereen die gerechtigd is zich aan te melden voor het model van een declaratoir geding, heeft recht op een eerste gesprek met een advocaat. De kosten zijn voor rekening van Volkswagen.<\/p>\n\n\n<h3 class=\"wp-block-heading\" id=\"h-was-ist-mit-vw-kunden-die-keinen-vergleich-bekommen\">Wat gebeurt er met VW-klanten die geen schadevergoeding ontvangen?<\/h3>\n\n\n\n<div class=\"wp-block-columns is-layout-flex wp-container-core-columns-is-layout-28f84493 wp-block-columns-is-layout-flex\">\n<div class=\"wp-block-column is-vertically-aligned-center is-layout-flow wp-block-column-is-layout-flow\">\n<figure class=\"wp-block-embed is-type-video is-provider-youtube wp-block-embed-youtube wp-embed-aspect-16-9 wp-has-aspect-ratio\"><div class=\"wp-block-embed__wrapper\">\n<iframe loading=\"lazy\" hcb-fetch-image-from=\"https:\/\/youtu.be\/Jk8ZWUw8-wQ\" title=\"VW emissieschandaal | Schadevergoeding voor gewonde dieselchauffeurs veiliggesteld\" width=\"500\" height=\"281\" src=\"https:\/\/www.youtube.com\/embed\/Jk8ZWUw8-wQ?feature=oembed\" frameborder=\"0\" allow=\"accelerometer; autoplay; clipboard-write; encrypted-media; gyroscope; picture-in-picture; web-share\" referrerpolicy=\"strict-origin-when-cross-origin\" allowfullscreen><\/iframe>\n<\/div><\/figure>\n<\/div>\n\n\n\n<div class=\"wp-block-column is-layout-flow wp-block-column-is-layout-flow\">\n<p>Vanuit de VW-vergelijking in <a href=\"https:\/\/ru.law\/nl\/expertise\/abgasskandal\/\">dieselemissieschandaal<\/a> Helaas zijn twee groepen uitgesloten:<\/p>\n<ol>\n<li>VW-klanten die op het moment van aankoop van het voertuig in het buitenland woonden<\/li>\n<li>VW-klanten die hun diesel na 31 december 2015 hebben gekocht<\/li>\n<\/ol>\n<p>Tijdens de persconferentie in Berlijn over de overeenkomst met VW in het emissieschandaal benadrukte Tobias Ulbrich dat alle dieselrijders die getroffen zijn door het emissieschandaal recht hebben op compensatie. De meeste regionale rechtbanken en hogere regionale rechtbanken in Duitsland hebben in het voordeel van de consument beslist en bevestigd dat de dieselmanipulaties van Volkswagen (en andere autofabrikanten zoals Daimler en BMW) opzettelijke, immorele schade vormen.<\/p>\n<\/div>\n<\/div>\n\n\n\n<h3 class=\"wp-block-heading\" id=\"h-anwalte-empfehlen-den-vw-vergleich-genau-zu-prufen\">Advocaten adviseren om de VW-schikking zorgvuldig te bestuderen<\/h3>\n\n\n\n<div class=\"wp-block-columns is-layout-flex wp-container-core-columns-is-layout-28f84493 wp-block-columns-is-layout-flex\">\n<div class=\"wp-block-column is-vertically-aligned-center is-layout-flow wp-block-column-is-layout-flow\">\n<figure class=\"wp-block-embed is-type-video is-provider-youtube wp-block-embed-youtube wp-embed-aspect-16-9 wp-has-aspect-ratio\"><div class=\"wp-block-embed__wrapper\">\n<iframe loading=\"lazy\" hcb-fetch-image-from=\"https:\/\/youtu.be\/A5CW_7lw9pk\" title=\"VW emissieschandaal | Consumentenorganisaties raden aan de vergelijking met VW in het emissieschandaal nauwkeurig te onderzoeken\" width=\"500\" height=\"281\" src=\"https:\/\/www.youtube.com\/embed\/A5CW_7lw9pk?feature=oembed\" frameborder=\"0\" allow=\"accelerometer; autoplay; clipboard-write; encrypted-media; gyroscope; picture-in-picture; web-share\" referrerpolicy=\"strict-origin-when-cross-origin\" allowfullscreen><\/iframe>\n<\/div><\/figure>\n\n\n\n<p><\/p>\n<\/div>\n\n\n\n<div class=\"wp-block-column is-layout-flow wp-block-column-is-layout-flow\">\n<p>\u201cElk geval in het emissieschandaal bij VW is uniek.\u201d Daarom is het belangrijk dat iedere dieselrijder de compensatieregeling die VW biedt, laat controleren. Om die reden hebben de advocaten van de consumentenbeschermingsautoriteit onderhandeld dat de kosten voor een eerste juridisch consult door de Volkswagen Groep worden gedekt. Bij het nemen van hun beslissing moeten VW-klanten er rekening mee houden dat er op 5 mei 2020 een uitspraak van het Bundesgerichtshof (BGH) over de praktijk van schadevergoeding voor gebruik en mogelijk ook over de vordering van opgelichte klanten wegens onrechtmatige daad wordt verwacht. Advocatenkantoor Rogert &amp; Ulbrich heeft al duizenden vonnissen gewonnen waarin VW-rijders in een veel betere positie werden gebracht dan in de schikking die werd bereikt voor het grote aantal personen dat was ingeschreven in de modelrechtszaak.<\/p>\n<\/div>\n<\/div>\n\n\n\n\n\n<section class=\"wp-block-uagb-columns uagb-columns__wrap uagb-columns__background-undefined uagb-columns__stack-mobile uagb-columns__valign-undefined uagb-columns__gap-10 alignundefined uagb-block-a63b8d4d contrast blog_beitraege\"><div class=\"uagb-columns__overlay\"><\/div><div class=\"uagb-columns__inner-wrap uagb-columns__columns-1\">\n<div class=\"wp-block-uagb-column uagb-column__wrap uagb-column__background-undefined uagb-block-6e00ddba\"><div class=\"uagb-column__overlay\"><\/div><div class=\"uagb-column__inner-wrap\">\n<h3 class=\"wp-block-heading\" id=\"das-konnte-sie-auch-interessieren\">Misschien bent u ook ge\u00efnteresseerd in:<\/h3>\n\n\n\n\t\t\t<div class=\"wp-block-uagb-post-grid uagb-post-grid  uagb-post__image-position-top uagb-post__image-enabled uagb-block-ff875f2e     uagb-post__items uagb-post__columns-3 is-grid uagb-post__columns-tablet-2 uagb-post__columns-mobile-1 uagb-post__equal-height\" data-total=\"3\" style=\"\">\n\n\t\t\t\t\t\t\t\t\t\t\t\t<article class=\"uagb-post__inner-wrap\">\t\t\t\t\t\t\t\t<div class='uagb-post__image'>\n\t\t\t\t\t\t\t\t\t<a href=\"https:\/\/ru.law\/nl\/diesel-ueberholt-benzinpreis-jetzt-erst-recht\/\" target=\"_self\" rel=\"bookmark noopener noreferrer\" class='uagb-image-ratio-inherit'><img loading=\"lazy\" decoding=\"async\" width=\"1024\" height=\"576\" src=\"https:\/\/ru.law\/wp-content\/uploads\/2022\/03\/2021-News-Header-1200x675-2972-1024x576.jpg\" class=\"attachment-large size-large\" alt=\"Rogert-Ulbrich-Rechtsanwaelte-Kanzlei-Diesel-Benzin-Preise\" srcset=\"https:\/\/ru.law\/wp-content\/uploads\/2022\/03\/2021-News-Header-1200x675-2972-1024x576.jpg 1024w, https:\/\/ru.law\/wp-content\/uploads\/2022\/03\/2021-News-Header-1200x675-2972-300x169.jpg 300w, https:\/\/ru.law\/wp-content\/uploads\/2022\/03\/2021-News-Header-1200x675-2972-768x432.jpg 768w, https:\/\/ru.law\/wp-content\/uploads\/2022\/03\/2021-News-Header-1200x675-2972.jpg 1200w\" sizes=\"auto, (max-width: 1024px) 100vw, 1024px\" \/>\t\t\t\t\t<\/a>\n\t\t\t\t\t\t\t<\/div>\n\t\t\t\t\t\t<h4 class=\"uagb-post__title uagb-post__text\">\n\t\t\t\t<a href=\"https:\/\/ru.law\/nl\/diesel-ueberholt-benzinpreis-jetzt-erst-recht\/\" target=\"_self\" rel=\"bookmark noopener noreferrer\">Recordprijzen voor diesel - Nu is het moment om uw auto terug te draaien<\/a>\n\t\t\t<\/h4>\n\t\t\t\t\t\t<div class='uagb-post__text uagb-post-grid-byline'>\n\t\t\t\t\t\t\t<\/div>\n\t\t\t\t\t\t\t<div class='uagb-post__text uagb-post__excerpt'>\n\t\t\t\t\t<p>Diesel staat in Duitsland op recordhoogte en ook benzine nadert een\u2026\t\t\t\t<\/div>\n\t\t\t\t\t\t<div class=\"uagb-post__text uagb-post__cta wp-block-button\">\n\t\t\t\t<a class=\"wp-block-button__link uagb-text-link\" style=\"\" href=\"https:\/\/ru.law\/nl\/diesel-ueberholt-benzinpreis-jetzt-erst-recht\/\" target=\"_self\" rel=\"bookmark noopener noreferrer\">Lees meer<\/a>\n\t\t\t<\/div>\n\t\t\t\n\t\t\t\t\t\t\t\t<a class=\"uagb-post__link-complete-box\" href=\"https:\/\/ru.law\/nl\/diesel-ueberholt-benzinpreis-jetzt-erst-recht\/\" target=\"_self\" rel=\"bookmark noopener noreferrer\"><\/a>\n\t\t\t\t\t\t\t<\/article>\n\t\t\t\t\t\t\t\t\t\t\t\t\t\t\t\t<article class=\"uagb-post__inner-wrap\">\t\t\t\t\t\t\t\t<div class='uagb-post__image'>\n\t\t\t\t\t\t\t\t\t<a href=\"https:\/\/ru.law\/nl\/vtdi-abgasskandal-rund-um-vw-audi-und-porsche\/\" target=\"_self\" rel=\"bookmark noopener noreferrer\" class='uagb-image-ratio-inherit'><img loading=\"lazy\" decoding=\"async\" width=\"1024\" height=\"576\" src=\"https:\/\/ru.law\/wp-content\/uploads\/2022\/01\/Rogert-Ulbrich-Rechtsanwaelte-Kanzlei-Abgasskandal-Audi-Verjaehrung-2022-1024x576.jpg\" class=\"attachment-large size-large\" alt=\"\" srcset=\"https:\/\/ru.law\/wp-content\/uploads\/2022\/01\/Rogert-Ulbrich-Rechtsanwaelte-Kanzlei-Abgasskandal-Audi-Verjaehrung-2022-1024x576.jpg 1024w, https:\/\/ru.law\/wp-content\/uploads\/2022\/01\/Rogert-Ulbrich-Rechtsanwaelte-Kanzlei-Abgasskandal-Audi-Verjaehrung-2022-300x169.jpg 300w, https:\/\/ru.law\/wp-content\/uploads\/2022\/01\/Rogert-Ulbrich-Rechtsanwaelte-Kanzlei-Abgasskandal-Audi-Verjaehrung-2022-768x432.jpg 768w, https:\/\/ru.law\/wp-content\/uploads\/2022\/01\/Rogert-Ulbrich-Rechtsanwaelte-Kanzlei-Abgasskandal-Audi-Verjaehrung-2022.jpg 1200w\" sizes=\"auto, (max-width: 1024px) 100vw, 1024px\" \/>\t\t\t\t\t<\/a>\n\t\t\t\t\t\t\t<\/div>\n\t\t\t\t\t\t<h4 class=\"uagb-post__title uagb-post__text\">\n\t\t\t\t<a href=\"https:\/\/ru.law\/nl\/vtdi-abgasskandal-rund-um-vw-audi-und-porsche\/\" target=\"_self\" rel=\"bookmark noopener noreferrer\">VTDI-emissieschandaal waarbij VW, Audi en Porsche betrokken zijn<\/a>\n\t\t\t<\/h4>\n\t\t\t\t\t\t<div class='uagb-post__text uagb-post-grid-byline'>\n\t\t\t\t\t\t\t<\/div>\n\t\t\t\t\t\t\t<div class='uagb-post__text uagb-post__excerpt'>\n\t\t\t\t\t<p>Voor veel Duitse autofabrikanten is het dieselemissieschandaal nog steeds alomtegenwoordig, ook voor de VW Groep\u2026\t\t\t\t<\/div>\n\t\t\t\t\t\t<div class=\"uagb-post__text uagb-post__cta wp-block-button\">\n\t\t\t\t<a class=\"wp-block-button__link uagb-text-link\" style=\"\" href=\"https:\/\/ru.law\/nl\/vtdi-abgasskandal-rund-um-vw-audi-und-porsche\/\" target=\"_self\" rel=\"bookmark noopener noreferrer\">Lees meer<\/a>\n\t\t\t<\/div>\n\t\t\t\n\t\t\t\t\t\t\t\t<a class=\"uagb-post__link-complete-box\" href=\"https:\/\/ru.law\/nl\/vtdi-abgasskandal-rund-um-vw-audi-und-porsche\/\" target=\"_self\" rel=\"bookmark noopener noreferrer\"><\/a>\n\t\t\t\t\t\t\t<\/article>\n\t\t\t\t\t\t\t\t\t\t\t\t\t\t\t\t<article class=\"uagb-post__inner-wrap\">\t\t\t\t\t\t\t\t<div class='uagb-post__image'>\n\t\t\t\t\t\t\t\t\t<a href=\"https:\/\/ru.law\/nl\/olg-koeln-verurteilt-audi-ag\/\" target=\"_self\" rel=\"bookmark noopener noreferrer\" class='uagb-image-ratio-inherit'><img loading=\"lazy\" decoding=\"async\" width=\"1024\" height=\"576\" src=\"https:\/\/ru.law\/wp-content\/uploads\/2021\/09\/rogert-ulbrich-rechtsanwalt-kanzlei-abgasskandal-premium-modelle-porsche-42l-1024x576.jpg\" class=\"attachment-large size-large\" alt=\"\" srcset=\"https:\/\/ru.law\/wp-content\/uploads\/2021\/09\/rogert-ulbrich-rechtsanwalt-kanzlei-abgasskandal-premium-modelle-porsche-42l-1024x576.jpg 1024w, https:\/\/ru.law\/wp-content\/uploads\/2021\/09\/rogert-ulbrich-rechtsanwalt-kanzlei-abgasskandal-premium-modelle-porsche-42l-300x169.jpg 300w, https:\/\/ru.law\/wp-content\/uploads\/2021\/09\/rogert-ulbrich-rechtsanwalt-kanzlei-abgasskandal-premium-modelle-porsche-42l-768x432.jpg 768w, https:\/\/ru.law\/wp-content\/uploads\/2021\/09\/rogert-ulbrich-rechtsanwalt-kanzlei-abgasskandal-premium-modelle-porsche-42l.jpg 1200w\" sizes=\"auto, (max-width: 1024px) 100vw, 1024px\" \/>\t\t\t\t\t<\/a>\n\t\t\t\t\t\t\t<\/div>\n\t\t\t\t\t\t<h4 class=\"uagb-post__title uagb-post__text\">\n\t\t\t\t<a href=\"https:\/\/ru.law\/nl\/olg-koeln-verurteilt-audi-ag\/\" target=\"_self\" rel=\"bookmark noopener noreferrer\">Audi AG moet Porsche Cayenne S terugnemen<\/a>\n\t\t\t<\/h4>\n\t\t\t\t\t\t<div class='uagb-post__text uagb-post-grid-byline'>\n\t\t\t\t\t\t\t<\/div>\n\t\t\t\t\t\t\t<div class='uagb-post__text uagb-post__excerpt'>\n\t\t\t\t\t<p>Audi AG kreeg van het Oberlandesgericht Keulen de opdracht een Porsche Cayenne S 4.2l terug te nemen\u2026.\t\t\t\t<\/div>\n\t\t\t\t\t\t<div class=\"uagb-post__text uagb-post__cta wp-block-button\">\n\t\t\t\t<a class=\"wp-block-button__link uagb-text-link\" style=\"\" href=\"https:\/\/ru.law\/nl\/olg-koeln-verurteilt-audi-ag\/\" target=\"_self\" rel=\"bookmark noopener noreferrer\">Lees meer<\/a>\n\t\t\t<\/div>\n\t\t\t\n\t\t\t\t\t\t\t\t<a class=\"uagb-post__link-complete-box\" href=\"https:\/\/ru.law\/nl\/olg-koeln-verurteilt-audi-ag\/\" target=\"_self\" rel=\"bookmark noopener noreferrer\"><\/a>\n\t\t\t\t\t\t\t<\/article>\n\t\t\t\t\t\t\t\t\t\t\t<\/div>\n\t\t\t\n\n\n<p><\/p>\n<\/div><\/div>\n<\/div><\/section>","protected":false},"excerpt":{"rendered":"<p>Hunderttausende VW-Kunden erhalten ein Angebot.&nbsp; \u00dcber 260.000 Teilnehmer der Musterfeststellungsklage sollen ab Ende M\u00e4rz je nach Fahrzeug und dessen Alter zwischen 1.350 und 6.257 Euro [&hellip;]<\/p>\n","protected":false},"author":21,"featured_media":10341,"comment_status":"closed","ping_status":"open","sticky":false,"template":"","format":"standard","meta":{"_uag_custom_page_level_css":"","site-sidebar-layout":"default","site-content-layout":"default","ast-site-content-layout":"default","site-content-style":"default","site-sidebar-style":"default","ast-global-header-display":"","ast-banner-title-visibility":"","ast-main-header-display":"","ast-hfb-above-header-display":"","ast-hfb-below-header-display":"","ast-hfb-mobile-header-display":"","site-post-title":"","ast-breadcrumbs-content":"","ast-featured-img":"","footer-sml-layout":"","ast-disable-related-posts":"","theme-transparent-header-meta":"default","adv-header-id-meta":"","stick-header-meta":"","header-above-stick-meta":"","header-main-stick-meta":"","header-below-stick-meta":"","astra-migrate-meta-layouts":"default","ast-page-background-enabled":"default","ast-page-background-meta":{"desktop":{"background-color":"","background-image":"","background-repeat":"repeat","background-position":"center center","background-size":"auto","background-attachment":"scroll","background-type":"","background-media":"","overlay-type":"","overlay-color":"","overlay-opacity":"","overlay-gradient":""},"tablet":{"background-color":"","background-image":"","background-repeat":"repeat","background-position":"center center","background-size":"auto","background-attachment":"scroll","background-type":"","background-media":"","overlay-type":"","overlay-color":"","overlay-opacity":"","overlay-gradient":""},"mobile":{"background-color":"","background-image":"","background-repeat":"repeat","background-position":"center center","background-size":"auto","background-attachment":"scroll","background-type":"","background-media":"","overlay-type":"","overlay-color":"","overlay-opacity":"","overlay-gradient":""}},"ast-content-background-meta":{"desktop":{"background-color":"var(--ast-global-color-5)","background-image":"","background-repeat":"repeat","background-position":"center center","background-size":"auto","background-attachment":"scroll","background-type":"","background-media":"","overlay-type":"","overlay-color":"","overlay-opacity":"","overlay-gradient":""},"tablet":{"background-color":"var(--ast-global-color-5)","background-image":"","background-repeat":"repeat","background-position":"center center","background-size":"auto","background-attachment":"scroll","background-type":"","background-media":"","overlay-type":"","overlay-color":"","overlay-opacity":"","overlay-gradient":""},"mobile":{"background-color":"var(--ast-global-color-5)","background-image":"","background-repeat":"repeat","background-position":"center center","background-size":"auto","background-attachment":"scroll","background-type":"","background-media":"","overlay-type":"","overlay-color":"","overlay-opacity":"","overlay-gradient":""}},"footnotes":""},"categories":[2],"tags":[27,45],"class_list":["post-2844","post","type-post","status-publish","format-standard","has-post-thumbnail","hentry","category-abgasskandal","tag-musterfeststellungsklage","tag-vw"],"yoast_head":"<!-- This site is optimized with the Yoast SEO Premium plugin v27.4 (Yoast SEO v27.4) - https:\/\/yoast.com\/product\/yoast-seo-premium-wordpress\/ -->\n<title>VW Musterfestellungsklage: Entsch\u00e4digungen im \u00dcberblick - R&amp;U<\/title>\n<meta name=\"description\" content=\"\u00dcber 260.000 Teilnehmer der Musterfeststellungsklage sollen Entsch\u00e4digungen bekommen. Viele Fragen sich: Lohnt sich der Vergleich?\" \/>\n<meta name=\"robots\" content=\"index, follow, max-snippet:-1, max-image-preview:large, max-video-preview:-1\" \/>\n<link rel=\"canonical\" href=\"https:\/\/ru.law\/nl\/entschaedigungen-von-vw-in-der-musterfeststellungsklage-im-ueberblick\/\" \/>\n<meta property=\"og:locale\" content=\"nl_NL\" \/>\n<meta property=\"og:type\" content=\"article\" \/>\n<meta property=\"og:title\" content=\"Entsch\u00e4digungen von VW in der Musterfeststellungsklage im \u00dcberblick\" \/>\n<meta property=\"og:description\" content=\"\u00dcber 260.000 Teilnehmer der Musterfeststellungsklage sollen Entsch\u00e4digungen bekommen. Viele Fragen sich: Lohnt sich der Vergleich?\" \/>\n<meta property=\"og:url\" content=\"https:\/\/ru.law\/nl\/entschaedigungen-von-vw-in-der-musterfeststellungsklage-im-ueberblick\/\" \/>\n<meta property=\"og:site_name\" content=\"R&amp;U\" \/>\n<meta property=\"article:publisher\" content=\"https:\/\/www.facebook.com\/RogertUlbrich\/\" \/>\n<meta property=\"article:published_time\" content=\"2020-03-12T12:44:20+00:00\" \/>\n<meta property=\"article:modified_time\" content=\"2024-07-08T11:13:11+00:00\" \/>\n<meta property=\"og:image\" content=\"https:\/\/ru.law\/wp-content\/uploads\/2020\/03\/abgasskandal-strafe.jpg\" \/>\n\t<meta property=\"og:image:width\" content=\"1200\" \/>\n\t<meta property=\"og:image:height\" content=\"675\" \/>\n\t<meta property=\"og:image:type\" content=\"image\/jpeg\" \/>\n<meta name=\"author\" content=\"Marco Rogert\" \/>\n<meta name=\"twitter:card\" content=\"summary_large_image\" \/>\n<meta name=\"twitter:creator\" content=\"@RogertUlbrich\" \/>\n<meta name=\"twitter:site\" content=\"@RogertUlbrich\" \/>\n<script type=\"application\/ld+json\" class=\"yoast-schema-graph\">{\"@context\":\"https:\\\/\\\/schema.org\",\"@graph\":[{\"@type\":\"Article\",\"@id\":\"https:\\\/\\\/ru.law\\\/entschaedigungen-von-vw-in-der-musterfeststellungsklage-im-ueberblick\\\/#article\",\"isPartOf\":{\"@id\":\"https:\\\/\\\/ru.law\\\/entschaedigungen-von-vw-in-der-musterfeststellungsklage-im-ueberblick\\\/\"},\"author\":{\"name\":\"Marco Rogert\",\"@id\":\"https:\\\/\\\/ru.law\\\/#\\\/schema\\\/person\\\/b020d506e6bbc471b4565d3a98173b87\"},\"headline\":\"Entsch\u00e4digungen von VW in der Musterfeststellungsklage im \u00dcberblick\",\"datePublished\":\"2020-03-12T12:44:20+00:00\",\"dateModified\":\"2024-07-08T11:13:11+00:00\",\"mainEntityOfPage\":{\"@id\":\"https:\\\/\\\/ru.law\\\/entschaedigungen-von-vw-in-der-musterfeststellungsklage-im-ueberblick\\\/\"},\"wordCount\":557,\"publisher\":{\"@id\":\"https:\\\/\\\/ru.law\\\/#organization\"},\"image\":{\"@id\":\"https:\\\/\\\/ru.law\\\/entschaedigungen-von-vw-in-der-musterfeststellungsklage-im-ueberblick\\\/#primaryimage\"},\"thumbnailUrl\":\"https:\\\/\\\/ru.law\\\/wp-content\\\/uploads\\\/2020\\\/03\\\/abgasskandal-strafe.jpg\",\"keywords\":[\"Musterfeststellungsklage\",\"VW\"],\"articleSection\":[\"Abgasskandal\"],\"inLanguage\":\"nl-NL\"},{\"@type\":\"WebPage\",\"@id\":\"https:\\\/\\\/ru.law\\\/entschaedigungen-von-vw-in-der-musterfeststellungsklage-im-ueberblick\\\/\",\"url\":\"https:\\\/\\\/ru.law\\\/entschaedigungen-von-vw-in-der-musterfeststellungsklage-im-ueberblick\\\/\",\"name\":\"VW Musterfestellungsklage: Entsch\u00e4digungen im \u00dcberblick - R&amp;U\",\"isPartOf\":{\"@id\":\"https:\\\/\\\/ru.law\\\/#website\"},\"primaryImageOfPage\":{\"@id\":\"https:\\\/\\\/ru.law\\\/entschaedigungen-von-vw-in-der-musterfeststellungsklage-im-ueberblick\\\/#primaryimage\"},\"image\":{\"@id\":\"https:\\\/\\\/ru.law\\\/entschaedigungen-von-vw-in-der-musterfeststellungsklage-im-ueberblick\\\/#primaryimage\"},\"thumbnailUrl\":\"https:\\\/\\\/ru.law\\\/wp-content\\\/uploads\\\/2020\\\/03\\\/abgasskandal-strafe.jpg\",\"datePublished\":\"2020-03-12T12:44:20+00:00\",\"dateModified\":\"2024-07-08T11:13:11+00:00\",\"description\":\"\u00dcber 260.000 Teilnehmer der Musterfeststellungsklage sollen Entsch\u00e4digungen bekommen. Viele Fragen sich: Lohnt sich der Vergleich?\",\"breadcrumb\":{\"@id\":\"https:\\\/\\\/ru.law\\\/entschaedigungen-von-vw-in-der-musterfeststellungsklage-im-ueberblick\\\/#breadcrumb\"},\"inLanguage\":\"nl-NL\",\"potentialAction\":[{\"@type\":\"ReadAction\",\"target\":[\"https:\\\/\\\/ru.law\\\/entschaedigungen-von-vw-in-der-musterfeststellungsklage-im-ueberblick\\\/\"]}]},{\"@type\":\"ImageObject\",\"inLanguage\":\"nl-NL\",\"@id\":\"https:\\\/\\\/ru.law\\\/entschaedigungen-von-vw-in-der-musterfeststellungsklage-im-ueberblick\\\/#primaryimage\",\"url\":\"https:\\\/\\\/ru.law\\\/wp-content\\\/uploads\\\/2020\\\/03\\\/abgasskandal-strafe.jpg\",\"contentUrl\":\"https:\\\/\\\/ru.law\\\/wp-content\\\/uploads\\\/2020\\\/03\\\/abgasskandal-strafe.jpg\",\"width\":1200,\"height\":675,\"caption\":\"Abgasskandal Strafe\"},{\"@type\":\"BreadcrumbList\",\"@id\":\"https:\\\/\\\/ru.law\\\/entschaedigungen-von-vw-in-der-musterfeststellungsklage-im-ueberblick\\\/#breadcrumb\",\"itemListElement\":[{\"@type\":\"ListItem\",\"position\":1,\"name\":\"Startseite\",\"item\":\"https:\\\/\\\/ru.law\\\/\"},{\"@type\":\"ListItem\",\"position\":2,\"name\":\"Entsch\u00e4digungen von VW in der Musterfeststellungsklage im \u00dcberblick\"}]},{\"@type\":\"WebSite\",\"@id\":\"https:\\\/\\\/ru.law\\\/#website\",\"url\":\"https:\\\/\\\/ru.law\\\/\",\"name\":\"R&U\",\"description\":\"Verbraucheranw\u00e4lte\",\"publisher\":{\"@id\":\"https:\\\/\\\/ru.law\\\/#organization\"},\"alternateName\":\"Rogert & Ulbrich\",\"potentialAction\":[{\"@type\":\"SearchAction\",\"target\":{\"@type\":\"EntryPoint\",\"urlTemplate\":\"https:\\\/\\\/ru.law\\\/?s={search_term_string}\"},\"query-input\":{\"@type\":\"PropertyValueSpecification\",\"valueRequired\":true,\"valueName\":\"search_term_string\"}}],\"inLanguage\":\"nl-NL\"},{\"@type\":\"Organization\",\"@id\":\"https:\\\/\\\/ru.law\\\/#organization\",\"name\":\"Kanzlei Rogert & Ulbrich\",\"url\":\"https:\\\/\\\/ru.law\\\/\",\"logo\":{\"@type\":\"ImageObject\",\"inLanguage\":\"nl-NL\",\"@id\":\"https:\\\/\\\/ru.law\\\/#\\\/schema\\\/logo\\\/image\\\/\",\"url\":\"https:\\\/\\\/ru.law\\\/wp-content\\\/uploads\\\/2020\\\/12\\\/logo-ru-law.svg\",\"contentUrl\":\"https:\\\/\\\/ru.law\\\/wp-content\\\/uploads\\\/2020\\\/12\\\/logo-ru-law.svg\",\"width\":992,\"height\":259,\"caption\":\"Kanzlei Rogert & Ulbrich\"},\"image\":{\"@id\":\"https:\\\/\\\/ru.law\\\/#\\\/schema\\\/logo\\\/image\\\/\"},\"sameAs\":[\"https:\\\/\\\/www.facebook.com\\\/RogertUlbrich\\\/\",\"https:\\\/\\\/x.com\\\/RogertUlbrich\",\"https:\\\/\\\/www.instagram.com\\\/rogertulbrich\\\/\",\"https:\\\/\\\/www.linkedin.com\\\/company\\\/rogert-ulbrich\\\/\",\"https:\\\/\\\/www.youtube.com\\\/channel\\\/UCganCgpvwpPFqMFf1vVmG2A\"]},{\"@type\":\"Person\",\"@id\":\"https:\\\/\\\/ru.law\\\/#\\\/schema\\\/person\\\/b020d506e6bbc471b4565d3a98173b87\",\"name\":\"Marco Rogert\",\"url\":\"https:\\\/\\\/ru.law\\\/nl\\\/author\\\/rogertru-law\\\/\"}]}<\/script>\n<!-- \/ Yoast SEO Premium plugin. -->","yoast_head_json":{"title":"VW Musterfestellungsklage: Entsch\u00e4digungen im \u00dcberblick - R&amp;U","description":"\u00dcber 260.000 Teilnehmer der Musterfeststellungsklage sollen Entsch\u00e4digungen bekommen. Viele Fragen sich: Lohnt sich der Vergleich?","robots":{"index":"index","follow":"follow","max-snippet":"max-snippet:-1","max-image-preview":"max-image-preview:large","max-video-preview":"max-video-preview:-1"},"canonical":"https:\/\/ru.law\/nl\/entschaedigungen-von-vw-in-der-musterfeststellungsklage-im-ueberblick\/","og_locale":"nl_NL","og_type":"article","og_title":"Entsch\u00e4digungen von VW in der Musterfeststellungsklage im \u00dcberblick","og_description":"\u00dcber 260.000 Teilnehmer der Musterfeststellungsklage sollen Entsch\u00e4digungen bekommen. Viele Fragen sich: Lohnt sich der Vergleich?","og_url":"https:\/\/ru.law\/nl\/entschaedigungen-von-vw-in-der-musterfeststellungsklage-im-ueberblick\/","og_site_name":"R&amp;U","article_publisher":"https:\/\/www.facebook.com\/RogertUlbrich\/","article_published_time":"2020-03-12T12:44:20+00:00","article_modified_time":"2024-07-08T11:13:11+00:00","og_image":[{"width":1200,"height":675,"url":"https:\/\/ru.law\/wp-content\/uploads\/2020\/03\/abgasskandal-strafe.jpg","type":"image\/jpeg"}],"author":"Marco Rogert","twitter_card":"summary_large_image","twitter_creator":"@RogertUlbrich","twitter_site":"@RogertUlbrich","schema":{"@context":"https:\/\/schema.org","@graph":[{"@type":"Article","@id":"https:\/\/ru.law\/entschaedigungen-von-vw-in-der-musterfeststellungsklage-im-ueberblick\/#article","isPartOf":{"@id":"https:\/\/ru.law\/entschaedigungen-von-vw-in-der-musterfeststellungsklage-im-ueberblick\/"},"author":{"name":"Marco Rogert","@id":"https:\/\/ru.law\/#\/schema\/person\/b020d506e6bbc471b4565d3a98173b87"},"headline":"Entsch\u00e4digungen von VW in der Musterfeststellungsklage im \u00dcberblick","datePublished":"2020-03-12T12:44:20+00:00","dateModified":"2024-07-08T11:13:11+00:00","mainEntityOfPage":{"@id":"https:\/\/ru.law\/entschaedigungen-von-vw-in-der-musterfeststellungsklage-im-ueberblick\/"},"wordCount":557,"publisher":{"@id":"https:\/\/ru.law\/#organization"},"image":{"@id":"https:\/\/ru.law\/entschaedigungen-von-vw-in-der-musterfeststellungsklage-im-ueberblick\/#primaryimage"},"thumbnailUrl":"https:\/\/ru.law\/wp-content\/uploads\/2020\/03\/abgasskandal-strafe.jpg","keywords":["Musterfeststellungsklage","VW"],"articleSection":["Abgasskandal"],"inLanguage":"nl-NL"},{"@type":"WebPage","@id":"https:\/\/ru.law\/entschaedigungen-von-vw-in-der-musterfeststellungsklage-im-ueberblick\/","url":"https:\/\/ru.law\/entschaedigungen-von-vw-in-der-musterfeststellungsklage-im-ueberblick\/","name":"VW Musterfestellungsklage: Entsch\u00e4digungen im \u00dcberblick - R&amp;U","isPartOf":{"@id":"https:\/\/ru.law\/#website"},"primaryImageOfPage":{"@id":"https:\/\/ru.law\/entschaedigungen-von-vw-in-der-musterfeststellungsklage-im-ueberblick\/#primaryimage"},"image":{"@id":"https:\/\/ru.law\/entschaedigungen-von-vw-in-der-musterfeststellungsklage-im-ueberblick\/#primaryimage"},"thumbnailUrl":"https:\/\/ru.law\/wp-content\/uploads\/2020\/03\/abgasskandal-strafe.jpg","datePublished":"2020-03-12T12:44:20+00:00","dateModified":"2024-07-08T11:13:11+00:00","description":"\u00dcber 260.000 Teilnehmer der Musterfeststellungsklage sollen Entsch\u00e4digungen bekommen. Viele Fragen sich: Lohnt sich der Vergleich?","breadcrumb":{"@id":"https:\/\/ru.law\/entschaedigungen-von-vw-in-der-musterfeststellungsklage-im-ueberblick\/#breadcrumb"},"inLanguage":"nl-NL","potentialAction":[{"@type":"ReadAction","target":["https:\/\/ru.law\/entschaedigungen-von-vw-in-der-musterfeststellungsklage-im-ueberblick\/"]}]},{"@type":"ImageObject","inLanguage":"nl-NL","@id":"https:\/\/ru.law\/entschaedigungen-von-vw-in-der-musterfeststellungsklage-im-ueberblick\/#primaryimage","url":"https:\/\/ru.law\/wp-content\/uploads\/2020\/03\/abgasskandal-strafe.jpg","contentUrl":"https:\/\/ru.law\/wp-content\/uploads\/2020\/03\/abgasskandal-strafe.jpg","width":1200,"height":675,"caption":"Abgasskandal Strafe"},{"@type":"BreadcrumbList","@id":"https:\/\/ru.law\/entschaedigungen-von-vw-in-der-musterfeststellungsklage-im-ueberblick\/#breadcrumb","itemListElement":[{"@type":"ListItem","position":1,"name":"Startseite","item":"https:\/\/ru.law\/"},{"@type":"ListItem","position":2,"name":"Entsch\u00e4digungen von VW in der Musterfeststellungsklage im \u00dcberblick"}]},{"@type":"WebSite","@id":"https:\/\/ru.law\/#website","url":"https:\/\/ru.law\/","name":"R&amp;U","description":"Consumentenadvocaten","publisher":{"@id":"https:\/\/ru.law\/#organization"},"alternateName":"Rogert & Ulbrich","potentialAction":[{"@type":"SearchAction","target":{"@type":"EntryPoint","urlTemplate":"https:\/\/ru.law\/?s={search_term_string}"},"query-input":{"@type":"PropertyValueSpecification","valueRequired":true,"valueName":"search_term_string"}}],"inLanguage":"nl-NL"},{"@type":"Organization","@id":"https:\/\/ru.law\/#organization","name":"Advocatenkantoor Rogert &amp; Ulbrich","url":"https:\/\/ru.law\/","logo":{"@type":"ImageObject","inLanguage":"nl-NL","@id":"https:\/\/ru.law\/#\/schema\/logo\/image\/","url":"https:\/\/ru.law\/wp-content\/uploads\/2020\/12\/logo-ru-law.svg","contentUrl":"https:\/\/ru.law\/wp-content\/uploads\/2020\/12\/logo-ru-law.svg","width":992,"height":259,"caption":"Kanzlei Rogert & Ulbrich"},"image":{"@id":"https:\/\/ru.law\/#\/schema\/logo\/image\/"},"sameAs":["https:\/\/www.facebook.com\/RogertUlbrich\/","https:\/\/x.com\/RogertUlbrich","https:\/\/www.instagram.com\/rogertulbrich\/","https:\/\/www.linkedin.com\/company\/rogert-ulbrich\/","https:\/\/www.youtube.com\/channel\/UCganCgpvwpPFqMFf1vVmG2A"]},{"@type":"Person","@id":"https:\/\/ru.law\/#\/schema\/person\/b020d506e6bbc471b4565d3a98173b87","name":"Marco Rogert","url":"https:\/\/ru.law\/nl\/author\/rogertru-law\/"}]}},"uagb_featured_image_src":{"full":["https:\/\/ru.law\/wp-content\/uploads\/2020\/03\/abgasskandal-strafe.jpg",1200,675,false],"thumbnail":["https:\/\/ru.law\/wp-content\/uploads\/2020\/03\/abgasskandal-strafe-150x150.jpg",96,96,true],"medium":["https:\/\/ru.law\/wp-content\/uploads\/2020\/03\/abgasskandal-strafe-300x169.jpg",300,169,true],"medium_large":["https:\/\/ru.law\/wp-content\/uploads\/2020\/03\/abgasskandal-strafe-768x432.jpg",768,432,true],"large":["https:\/\/ru.law\/wp-content\/uploads\/2020\/03\/abgasskandal-strafe-1024x576.jpg",1024,576,true],"1536x1536":["https:\/\/ru.law\/wp-content\/uploads\/2020\/03\/abgasskandal-strafe.jpg",1200,675,false],"2048x2048":["https:\/\/ru.law\/wp-content\/uploads\/2020\/03\/abgasskandal-strafe.jpg",1200,675,false],"trp-custom-language-flag":["https:\/\/ru.law\/wp-content\/uploads\/2020\/03\/abgasskandal-strafe.jpg",18,10,false]},"uagb_author_info":{"display_name":"Marco Rogert","author_link":"https:\/\/ru.law\/nl\/author\/rogertru-law\/"},"uagb_comment_info":0,"uagb_excerpt":"Hunderttausende VW-Kunden erhalten ein Angebot.&nbsp; \u00dcber 260.000 Teilnehmer der Musterfeststellungsklage sollen ab Ende M\u00e4rz je nach Fahrzeug und dessen Alter zwischen 1.350 und 6.257 Euro [&hellip;]","_links":{"self":[{"href":"https:\/\/ru.law\/nl\/wp-json\/wp\/v2\/posts\/2844","targetHints":{"allow":["GET"]}}],"collection":[{"href":"https:\/\/ru.law\/nl\/wp-json\/wp\/v2\/posts"}],"about":[{"href":"https:\/\/ru.law\/nl\/wp-json\/wp\/v2\/types\/post"}],"author":[{"embeddable":true,"href":"https:\/\/ru.law\/nl\/wp-json\/wp\/v2\/users\/21"}],"replies":[{"embeddable":true,"href":"https:\/\/ru.law\/nl\/wp-json\/wp\/v2\/comments?post=2844"}],"version-history":[{"count":0,"href":"https:\/\/ru.law\/nl\/wp-json\/wp\/v2\/posts\/2844\/revisions"}],"wp:featuredmedia":[{"embeddable":true,"href":"https:\/\/ru.law\/nl\/wp-json\/wp\/v2\/media\/10341"}],"wp:attachment":[{"href":"https:\/\/ru.law\/nl\/wp-json\/wp\/v2\/media?parent=2844"}],"wp:term":[{"taxonomy":"category","embeddable":true,"href":"https:\/\/ru.law\/nl\/wp-json\/wp\/v2\/categories?post=2844"},{"taxonomy":"post_tag","embeddable":true,"href":"https:\/\/ru.law\/nl\/wp-json\/wp\/v2\/tags?post=2844"}],"curies":[{"name":"wp","href":"https:\/\/api.w.org\/{rel}","templated":true}]}}