{"id":28038,"date":"2022-03-11T12:52:00","date_gmt":"2022-03-11T11:52:00","guid":{"rendered":"https:\/\/ru.law\/?p=28038"},"modified":"2024-07-08T13:11:56","modified_gmt":"2024-07-08T11:11:56","slug":"diesel-ueberholt-benzinpreis-jetzt-erst-recht","status":"publish","type":"post","link":"https:\/\/ru.law\/nl\/diesel-ueberholt-benzinpreis-jetzt-erst-recht\/","title":{"rendered":"Recordprijzen voor diesel - Nu is het moment om uw auto terug te draaien"},"content":{"rendered":"<p>Diesel is in Duitsland op recordhoogte en ook benzine nadert een piek. De steeds stijgende olieprijs heeft gevolgen voor consumenten. Een liter diesel was in Duitsland nog nooit zo duur als nu. Automobilisten, en tegenwoordig vooral dieselrijders, moeten diep in de buidel tasten voor brandstof. Wij bij<a href=\"https:\/\/ru.law\/nl\/expertise\/abgasskandal\/\"> Rogert en Ulbrich<\/a> Zeg: \u201cNu is het tijd\u201d \u2013 achteruitrijden met uw dieselvoertuig is aantrekkelijker dan ooit.<\/p>\n\n\n\n<p>Waarom is brandstof zo duur? En waarom is de prijs van diesel zo hoog? De prijs bij het tankstation hangt nauw samen met de ontwikkeling van de olieprijs \u2013 en die is momenteel bijzonder hoog. Dit komt onder andere doordat de olieproductie door de huidige omstandigheden niet op volle toeren draait en er bovendien momenteel een grote vraag is die een tekort aan aanbod opvangt.<\/p>\n\n\n\n<h2 class=\"wp-block-heading\">Dieselprijs overtreft benzineprijs<\/h2>\n\n\n\n<p>Het \u201cdieseluitstootschandaal\u201d, dat sinds 2015 publiekelijk bekend is, is juridisch gezien nog lang niet voorbij \u2013 integendeel! Steeds nieuwe bevindingen over verdere manipulatie door autofabrikanten, vooral met betrekking tot actuele motoren en automodellen, zorgen ervoor dat steeds meer gedupeerden schadevergoeding eisen van de fabrikanten of dealers.<\/p>\n\n\n\n<h3 class=\"wp-block-heading\" id=\"h-rogert-ulbrich-empfiehlt\">Rogert &amp; Ulbrich beveelt aan<\/h3>\n\n\n\n<p>Het advocatenkantoor, dat al 15 jaar bestaat<a href=\"https:\/\/ru.law\/nl\/\" target=\"_blank\" rel=\"noreferrer noopener\">Rogert en Ulbrich<\/a>heeft het tot haar missie gemaakt om landelijk op te komen voor benadeelde consumenten. Het brede team van advocaten en bedrijfsjuristen hielp niet alleen binnen het kader van de&nbsp;<a href=\"https:\/\/ru.law\/nl\/expertise\/abgasskandal\/\" target=\"_blank\" rel=\"noreferrer noopener\">emissieschandaal<\/a>&nbsp;heeft al duizenden opgelichte klanten schadeloos gesteld en daarmee een waardevolle bijdrage geleverd aan het bereiken van rechtvaardigheid. Ons&nbsp;<a href=\"https:\/\/ru.law\/nl\/expertise\/abgasskandal\/3-liter-motoren\/#erstberatung\">eerste consult&nbsp;<\/a>is gratis en vrijblijvend.&nbsp;<a href=\"https:\/\/ru.law\/nl\/expertise\/abgasskandal\/3-liter-motoren\/#mandat\">Vraag vrijblijvend advies.<\/a><\/p>\n\n\n\n<section class=\"wp-block-uagb-columns uagb-columns__wrap uagb-columns__background-undefined uagb-columns__stack-mobile uagb-columns__valign-undefined uagb-columns__gap-10 alignundefined uagb-block-f012631d contrast blog_beitraege\"><div class=\"uagb-columns__overlay\"><\/div><div class=\"uagb-columns__inner-wrap uagb-columns__columns-1\">\n<div class=\"wp-block-uagb-column uagb-column__wrap uagb-column__background-undefined uagb-block-e6839370\"><div class=\"uagb-column__overlay\"><\/div><div class=\"uagb-column__inner-wrap\">\n<h3 class=\"wp-block-heading\" id=\"h-das-konnte-sie-auch-interessieren\">Misschien bent u ook ge\u00efnteresseerd in:<\/h3>\n\n\n\n\t\t\t<div class=\"wp-block-uagb-post-grid uagb-post-grid  uagb-post__image-position-top uagb-post__image-enabled uagb-block-a847243a     uagb-post__items uagb-post__columns-3 is-grid uagb-post__columns-tablet-2 uagb-post__columns-mobile-1 uagb-post__equal-height\" data-total=\"2\" style=\"\">\n\n\t\t\t\t\t\t\t\t\t\t\t\t<article class=\"uagb-post__inner-wrap\">\t\t\t\t\t\t\t\t<div class='uagb-post__image'>\n\t\t\t\t\t\t\t\t\t<a href=\"https:\/\/ru.law\/nl\/wettbewerbsstrafen-gegen-bmw-und-volkswagen-in-millionen-hoehe\/\" target=\"_self\" rel=\"bookmark noopener noreferrer\" class='uagb-image-ratio-inherit'><img loading=\"lazy\" decoding=\"async\" width=\"1024\" height=\"576\" src=\"https:\/\/ru.law\/wp-content\/uploads\/2021\/07\/Rogert-Ulbrich-Rechtsanwalt-Kanzlei-BMW-Volkswagen-AdBlue72-1024x576.jpg\" class=\"attachment-large size-large\" alt=\"\" srcset=\"https:\/\/ru.law\/wp-content\/uploads\/2021\/07\/Rogert-Ulbrich-Rechtsanwalt-Kanzlei-BMW-Volkswagen-AdBlue72-1024x576.jpg 1024w, https:\/\/ru.law\/wp-content\/uploads\/2021\/07\/Rogert-Ulbrich-Rechtsanwalt-Kanzlei-BMW-Volkswagen-AdBlue72-300x169.jpg 300w, https:\/\/ru.law\/wp-content\/uploads\/2021\/07\/Rogert-Ulbrich-Rechtsanwalt-Kanzlei-BMW-Volkswagen-AdBlue72-768x432.jpg 768w, https:\/\/ru.law\/wp-content\/uploads\/2021\/07\/Rogert-Ulbrich-Rechtsanwalt-Kanzlei-BMW-Volkswagen-AdBlue72.jpg 1200w\" sizes=\"auto, (max-width: 1024px) 100vw, 1024px\" \/>\t\t\t\t\t<\/a>\n\t\t\t\t\t\t\t<\/div>\n\t\t\t\t\t\t<h4 class=\"uagb-post__title uagb-post__text\">\n\t\t\t\t<a href=\"https:\/\/ru.law\/nl\/wettbewerbsstrafen-gegen-bmw-und-volkswagen-in-millionen-hoehe\/\" target=\"_self\" rel=\"bookmark noopener noreferrer\">Concurrentieboetes voor BMW en Volkswagen lopen op tot miljoenen<\/a>\n\t\t\t<\/h4>\n\t\t\t\t\t\t<div class='uagb-post__text uagb-post-grid-byline'>\n\t\t\t\t\t\t\t<\/div>\n\t\t\t\t\t\t\t<div class='uagb-post__text uagb-post__excerpt'>\n\t\t\t\t\t<p>BMW en Volkswagen worden ervan beschuldigd illegale afspraken te hebben gemaakt met hun concurrenten. In detail\u2026\t\t\t\t<\/div>\n\t\t\t\n\t\t\t\t\t\t\t\t\t<\/article>\n\t\t\t\t\t\t\t\t\t\t\t\t\t\t\t\t<article class=\"uagb-post__inner-wrap\">\t\t\t\t\t\t\t\t<div class='uagb-post__image'>\n\t\t\t\t\t\t\t\t\t<a href=\"https:\/\/ru.law\/nl\/landgericht-moenchengladbach-entscheidet-gegen-daimler-ag\/\" target=\"_self\" rel=\"bookmark noopener noreferrer\" class='uagb-image-ratio-inherit'><img loading=\"lazy\" decoding=\"async\" width=\"1024\" height=\"576\" src=\"https:\/\/ru.law\/wp-content\/uploads\/2021\/07\/Rogert-Ulbrich-Rechtsanwaelte-Kanzlei-Mercedes-Benz-positive-Urteile72-1024x576.jpg\" class=\"attachment-large size-large\" alt=\"\" srcset=\"https:\/\/ru.law\/wp-content\/uploads\/2021\/07\/Rogert-Ulbrich-Rechtsanwaelte-Kanzlei-Mercedes-Benz-positive-Urteile72-1024x576.jpg 1024w, https:\/\/ru.law\/wp-content\/uploads\/2021\/07\/Rogert-Ulbrich-Rechtsanwaelte-Kanzlei-Mercedes-Benz-positive-Urteile72-300x169.jpg 300w, https:\/\/ru.law\/wp-content\/uploads\/2021\/07\/Rogert-Ulbrich-Rechtsanwaelte-Kanzlei-Mercedes-Benz-positive-Urteile72-768x432.jpg 768w, https:\/\/ru.law\/wp-content\/uploads\/2021\/07\/Rogert-Ulbrich-Rechtsanwaelte-Kanzlei-Mercedes-Benz-positive-Urteile72.jpg 1200w\" sizes=\"auto, (max-width: 1024px) 100vw, 1024px\" \/>\t\t\t\t\t<\/a>\n\t\t\t\t\t\t\t<\/div>\n\t\t\t\t\t\t<h4 class=\"uagb-post__title uagb-post__text\">\n\t\t\t\t<a href=\"https:\/\/ru.law\/nl\/landgericht-moenchengladbach-entscheidet-gegen-daimler-ag\/\" target=\"_self\" rel=\"bookmark noopener noreferrer\">Arrondissementsrechtbank M\u00f6nchengladbach oordeelt tegen Daimler AG<\/a>\n\t\t\t<\/h4>\n\t\t\t\t\t\t<div class='uagb-post__text uagb-post-grid-byline'>\n\t\t\t\t\t\t\t<\/div>\n\t\t\t\t\t\t\t<div class='uagb-post__text uagb-post__excerpt'>\n\t\t\t\t\t<p>Op 30 juni 2021 heeft de Arrondissementsrechtbank van M\u00f6nchengladbach in het voordeel van onze cli\u00ebnt en tegen Daimler AG beslist. In\u2026\t\t\t\t<\/div>\n\t\t\t\n\t\t\t\t\t\t\t\t\t<\/article>\n\t\t\t\t\t\t\t\t\t\t\t\t\t\t\t\t<article class=\"uagb-post__inner-wrap\">\t\t\t\t\t\t\t\t<div class='uagb-post__image'>\n\t\t\t\t\t\t\t\t\t<a href=\"https:\/\/ru.law\/nl\/bgh-illegale-abschalteinrichtung-bei-mercedes-benz\/\" target=\"_self\" rel=\"bookmark noopener noreferrer\" class='uagb-image-ratio-inherit'><img loading=\"lazy\" decoding=\"async\" width=\"1024\" height=\"576\" src=\"https:\/\/ru.law\/wp-content\/uploads\/2021\/05\/rogert-ulbrich-rechtsanwalt-kanzlei-abgasskandal-daimler-glk-1-1024x576.jpg\" class=\"attachment-large size-large\" alt=\"\" srcset=\"https:\/\/ru.law\/wp-content\/uploads\/2021\/05\/rogert-ulbrich-rechtsanwalt-kanzlei-abgasskandal-daimler-glk-1-1024x576.jpg 1024w, https:\/\/ru.law\/wp-content\/uploads\/2021\/05\/rogert-ulbrich-rechtsanwalt-kanzlei-abgasskandal-daimler-glk-1-300x169.jpg 300w, https:\/\/ru.law\/wp-content\/uploads\/2021\/05\/rogert-ulbrich-rechtsanwalt-kanzlei-abgasskandal-daimler-glk-1-768x432.jpg 768w, https:\/\/ru.law\/wp-content\/uploads\/2021\/05\/rogert-ulbrich-rechtsanwalt-kanzlei-abgasskandal-daimler-glk-1.jpg 1200w\" sizes=\"auto, (max-width: 1024px) 100vw, 1024px\" \/>\t\t\t\t\t<\/a>\n\t\t\t\t\t\t\t<\/div>\n\t\t\t\t\t\t<h4 class=\"uagb-post__title uagb-post__text\">\n\t\t\t\t<a href=\"https:\/\/ru.law\/nl\/bgh-illegale-abschalteinrichtung-bei-mercedes-benz\/\" target=\"_self\" rel=\"bookmark noopener noreferrer\">Illegaal manipulatie-apparaat bij Mercedes-Benz<\/a>\n\t\t\t<\/h4>\n\t\t\t\t\t\t<div class='uagb-post__text uagb-post-grid-byline'>\n\t\t\t\t\t\t\t<\/div>\n\t\t\t\t\t\t\t<div class='uagb-post__text uagb-post__excerpt'>\n\t\t\t\t\t<p>Onlangs is gebleken dat Mercedes opnieuw illegale manipulatie-instrumenten in Mercedes-voertuigen heeft ge\u00efnstalleerd. In\u2026\t\t\t\t<\/div>\n\t\t\t\n\t\t\t\t\t\t\t\t\t<\/article>\n\t\t\t\t\t\t\t\t\t\t\t<\/div>\n\t\t\t<\/div><\/div>\n<\/div><\/section>","protected":false},"excerpt":{"rendered":"<p>Der Diesel befindet sich in Deutschland auf einem Rekordhoch und auch Benzin n\u00e4hert sich einem H\u00f6chststand an. Der immer weiter steigende Erd\u00f6lpreis schl\u00e4gt auf die [&hellip;]<\/p>\n","protected":false},"author":21,"featured_media":28041,"comment_status":"closed","ping_status":"open","sticky":false,"template":"","format":"standard","meta":{"_uag_custom_page_level_css":"","site-sidebar-layout":"default","site-content-layout":"","ast-site-content-layout":"default","site-content-style":"default","site-sidebar-style":"default","ast-global-header-display":"","ast-banner-title-visibility":"","ast-main-header-display":"","ast-hfb-above-header-display":"","ast-hfb-below-header-display":"","ast-hfb-mobile-header-display":"","site-post-title":"","ast-breadcrumbs-content":"","ast-featured-img":"","footer-sml-layout":"","ast-disable-related-posts":"","theme-transparent-header-meta":"","adv-header-id-meta":"","stick-header-meta":"","header-above-stick-meta":"","header-main-stick-meta":"","header-below-stick-meta":"","astra-migrate-meta-layouts":"default","ast-page-background-enabled":"default","ast-page-background-meta":{"desktop":{"background-color":"","background-image":"","background-repeat":"repeat","background-position":"center center","background-size":"auto","background-attachment":"scroll","background-type":"","background-media":"","overlay-type":"","overlay-color":"","overlay-opacity":"","overlay-gradient":""},"tablet":{"background-color":"","background-image":"","background-repeat":"repeat","background-position":"center center","background-size":"auto","background-attachment":"scroll","background-type":"","background-media":"","overlay-type":"","overlay-color":"","overlay-opacity":"","overlay-gradient":""},"mobile":{"background-color":"","background-image":"","background-repeat":"repeat","background-position":"center center","background-size":"auto","background-attachment":"scroll","background-type":"","background-media":"","overlay-type":"","overlay-color":"","overlay-opacity":"","overlay-gradient":""}},"ast-content-background-meta":{"desktop":{"background-color":"var(--ast-global-color-5)","background-image":"","background-repeat":"repeat","background-position":"center center","background-size":"auto","background-attachment":"scroll","background-type":"","background-media":"","overlay-type":"","overlay-color":"","overlay-opacity":"","overlay-gradient":""},"tablet":{"background-color":"var(--ast-global-color-5)","background-image":"","background-repeat":"repeat","background-position":"center center","background-size":"auto","background-attachment":"scroll","background-type":"","background-media":"","overlay-type":"","overlay-color":"","overlay-opacity":"","overlay-gradient":""},"mobile":{"background-color":"var(--ast-global-color-5)","background-image":"","background-repeat":"repeat","background-position":"center center","background-size":"auto","background-attachment":"scroll","background-type":"","background-media":"","overlay-type":"","overlay-color":"","overlay-opacity":"","overlay-gradient":""}},"footnotes":""},"categories":[2],"tags":[9,1075,876,31,45],"class_list":["post-28038","post","type-post","status-publish","format-standard","has-post-thumbnail","hentry","category-abgasskandal","tag-audi","tag-diesel","tag-mercedes-benz","tag-porsche","tag-vw"],"yoast_head":"<!-- This site is optimized with the Yoast SEO Premium plugin v27.4 (Yoast SEO v27.4) - https:\/\/yoast.com\/product\/yoast-seo-premium-wordpress\/ -->\n<title>Rekordpreise f\u00fcr Diesel- Jetzt erst RECHT Auto r\u00fcckabwickeln - R&amp;U<\/title>\n<meta name=\"description\" content=\"Der Diesel befindet sich in Deutschland auf einem Rekord hoch und auch Benzin n\u00e4hert sich einem H\u00f6chststand an.\" \/>\n<meta name=\"robots\" content=\"index, follow, max-snippet:-1, max-image-preview:large, max-video-preview:-1\" \/>\n<link rel=\"canonical\" href=\"https:\/\/ru.law\/nl\/diesel-ueberholt-benzinpreis-jetzt-erst-recht\/\" \/>\n<meta property=\"og:locale\" content=\"nl_NL\" \/>\n<meta property=\"og:type\" content=\"article\" \/>\n<meta property=\"og:title\" content=\"Rekordpreise f\u00fcr Diesel- Jetzt erst RECHT Auto r\u00fcckabwickeln\" \/>\n<meta property=\"og:description\" content=\"Der Diesel befindet sich in Deutschland auf einem Rekord hoch und auch Benzin n\u00e4hert sich einem H\u00f6chststand an.\" \/>\n<meta property=\"og:url\" content=\"https:\/\/ru.law\/nl\/diesel-ueberholt-benzinpreis-jetzt-erst-recht\/\" \/>\n<meta property=\"og:site_name\" content=\"R&amp;U\" \/>\n<meta property=\"article:publisher\" content=\"https:\/\/www.facebook.com\/RogertUlbrich\/\" \/>\n<meta property=\"article:published_time\" content=\"2022-03-11T11:52:00+00:00\" \/>\n<meta property=\"article:modified_time\" content=\"2024-07-08T11:11:56+00:00\" \/>\n<meta property=\"og:image\" content=\"https:\/\/ru.law\/wp-content\/uploads\/2022\/03\/2021-News-Header-1200x675-2972.jpg\" \/>\n\t<meta property=\"og:image:width\" content=\"1200\" \/>\n\t<meta property=\"og:image:height\" content=\"675\" \/>\n\t<meta property=\"og:image:type\" content=\"image\/jpeg\" \/>\n<meta name=\"author\" content=\"Marco Rogert\" \/>\n<meta name=\"twitter:card\" content=\"summary_large_image\" \/>\n<meta name=\"twitter:creator\" content=\"@RogertUlbrich\" \/>\n<meta name=\"twitter:site\" content=\"@RogertUlbrich\" \/>\n<script type=\"application\/ld+json\" class=\"yoast-schema-graph\">{\"@context\":\"https:\\\/\\\/schema.org\",\"@graph\":[{\"@type\":\"Article\",\"@id\":\"https:\\\/\\\/ru.law\\\/diesel-ueberholt-benzinpreis-jetzt-erst-recht\\\/#article\",\"isPartOf\":{\"@id\":\"https:\\\/\\\/ru.law\\\/diesel-ueberholt-benzinpreis-jetzt-erst-recht\\\/\"},\"author\":{\"name\":\"Marco Rogert\",\"@id\":\"https:\\\/\\\/ru.law\\\/#\\\/schema\\\/person\\\/b020d506e6bbc471b4565d3a98173b87\"},\"headline\":\"Rekordpreise f\u00fcr Diesel- Jetzt erst RECHT Auto r\u00fcckabwickeln\",\"datePublished\":\"2022-03-11T11:52:00+00:00\",\"dateModified\":\"2024-07-08T11:11:56+00:00\",\"mainEntityOfPage\":{\"@id\":\"https:\\\/\\\/ru.law\\\/diesel-ueberholt-benzinpreis-jetzt-erst-recht\\\/\"},\"wordCount\":287,\"publisher\":{\"@id\":\"https:\\\/\\\/ru.law\\\/#organization\"},\"image\":{\"@id\":\"https:\\\/\\\/ru.law\\\/diesel-ueberholt-benzinpreis-jetzt-erst-recht\\\/#primaryimage\"},\"thumbnailUrl\":\"https:\\\/\\\/ru.law\\\/wp-content\\\/uploads\\\/2022\\\/03\\\/2021-News-Header-1200x675-2972.jpg\",\"keywords\":[\"Audi\",\"Diesel\",\"Mercedes-Benz\",\"Porsche\",\"VW\"],\"articleSection\":[\"Abgasskandal\"],\"inLanguage\":\"nl-NL\"},{\"@type\":\"WebPage\",\"@id\":\"https:\\\/\\\/ru.law\\\/diesel-ueberholt-benzinpreis-jetzt-erst-recht\\\/\",\"url\":\"https:\\\/\\\/ru.law\\\/diesel-ueberholt-benzinpreis-jetzt-erst-recht\\\/\",\"name\":\"Rekordpreise f\u00fcr Diesel- Jetzt erst RECHT Auto r\u00fcckabwickeln - R&amp;U\",\"isPartOf\":{\"@id\":\"https:\\\/\\\/ru.law\\\/#website\"},\"primaryImageOfPage\":{\"@id\":\"https:\\\/\\\/ru.law\\\/diesel-ueberholt-benzinpreis-jetzt-erst-recht\\\/#primaryimage\"},\"image\":{\"@id\":\"https:\\\/\\\/ru.law\\\/diesel-ueberholt-benzinpreis-jetzt-erst-recht\\\/#primaryimage\"},\"thumbnailUrl\":\"https:\\\/\\\/ru.law\\\/wp-content\\\/uploads\\\/2022\\\/03\\\/2021-News-Header-1200x675-2972.jpg\",\"datePublished\":\"2022-03-11T11:52:00+00:00\",\"dateModified\":\"2024-07-08T11:11:56+00:00\",\"description\":\"Der Diesel befindet sich in Deutschland auf einem Rekord hoch und auch Benzin n\u00e4hert sich einem H\u00f6chststand an.\",\"breadcrumb\":{\"@id\":\"https:\\\/\\\/ru.law\\\/diesel-ueberholt-benzinpreis-jetzt-erst-recht\\\/#breadcrumb\"},\"inLanguage\":\"nl-NL\",\"potentialAction\":[{\"@type\":\"ReadAction\",\"target\":[\"https:\\\/\\\/ru.law\\\/diesel-ueberholt-benzinpreis-jetzt-erst-recht\\\/\"]}]},{\"@type\":\"ImageObject\",\"inLanguage\":\"nl-NL\",\"@id\":\"https:\\\/\\\/ru.law\\\/diesel-ueberholt-benzinpreis-jetzt-erst-recht\\\/#primaryimage\",\"url\":\"https:\\\/\\\/ru.law\\\/wp-content\\\/uploads\\\/2022\\\/03\\\/2021-News-Header-1200x675-2972.jpg\",\"contentUrl\":\"https:\\\/\\\/ru.law\\\/wp-content\\\/uploads\\\/2022\\\/03\\\/2021-News-Header-1200x675-2972.jpg\",\"width\":1200,\"height\":675,\"caption\":\"Rogert-Ulbrich-Rechtsanwaelte-Kanzlei-Diesel-Benzin-Preise\"},{\"@type\":\"BreadcrumbList\",\"@id\":\"https:\\\/\\\/ru.law\\\/diesel-ueberholt-benzinpreis-jetzt-erst-recht\\\/#breadcrumb\",\"itemListElement\":[{\"@type\":\"ListItem\",\"position\":1,\"name\":\"Startseite\",\"item\":\"https:\\\/\\\/ru.law\\\/\"},{\"@type\":\"ListItem\",\"position\":2,\"name\":\"Rekordpreise f\u00fcr Diesel- Jetzt erst RECHT Auto r\u00fcckabwickeln\"}]},{\"@type\":\"WebSite\",\"@id\":\"https:\\\/\\\/ru.law\\\/#website\",\"url\":\"https:\\\/\\\/ru.law\\\/\",\"name\":\"R&U\",\"description\":\"Verbraucheranw\u00e4lte\",\"publisher\":{\"@id\":\"https:\\\/\\\/ru.law\\\/#organization\"},\"alternateName\":\"Rogert & Ulbrich\",\"potentialAction\":[{\"@type\":\"SearchAction\",\"target\":{\"@type\":\"EntryPoint\",\"urlTemplate\":\"https:\\\/\\\/ru.law\\\/?s={search_term_string}\"},\"query-input\":{\"@type\":\"PropertyValueSpecification\",\"valueRequired\":true,\"valueName\":\"search_term_string\"}}],\"inLanguage\":\"nl-NL\"},{\"@type\":\"Organization\",\"@id\":\"https:\\\/\\\/ru.law\\\/#organization\",\"name\":\"Kanzlei Rogert & Ulbrich\",\"url\":\"https:\\\/\\\/ru.law\\\/\",\"logo\":{\"@type\":\"ImageObject\",\"inLanguage\":\"nl-NL\",\"@id\":\"https:\\\/\\\/ru.law\\\/#\\\/schema\\\/logo\\\/image\\\/\",\"url\":\"https:\\\/\\\/ru.law\\\/wp-content\\\/uploads\\\/2020\\\/12\\\/logo-ru-law.svg\",\"contentUrl\":\"https:\\\/\\\/ru.law\\\/wp-content\\\/uploads\\\/2020\\\/12\\\/logo-ru-law.svg\",\"width\":992,\"height\":259,\"caption\":\"Kanzlei Rogert & Ulbrich\"},\"image\":{\"@id\":\"https:\\\/\\\/ru.law\\\/#\\\/schema\\\/logo\\\/image\\\/\"},\"sameAs\":[\"https:\\\/\\\/www.facebook.com\\\/RogertUlbrich\\\/\",\"https:\\\/\\\/x.com\\\/RogertUlbrich\",\"https:\\\/\\\/www.instagram.com\\\/rogertulbrich\\\/\",\"https:\\\/\\\/www.linkedin.com\\\/company\\\/rogert-ulbrich\\\/\",\"https:\\\/\\\/www.youtube.com\\\/channel\\\/UCganCgpvwpPFqMFf1vVmG2A\"]},{\"@type\":\"Person\",\"@id\":\"https:\\\/\\\/ru.law\\\/#\\\/schema\\\/person\\\/b020d506e6bbc471b4565d3a98173b87\",\"name\":\"Marco Rogert\",\"url\":\"https:\\\/\\\/ru.law\\\/nl\\\/author\\\/rogertru-law\\\/\"}]}<\/script>\n<!-- \/ Yoast SEO Premium plugin. -->","yoast_head_json":{"title":"Recordprijzen voor dieselvoertuigen - Nu meer dan ooit is het verstandig om de aankoop van een auto terug te draaien - R&amp;U","description":"De dieselprijzen in Duitsland zijn recordhoog en ook de benzineprijzen naderen een piek.","robots":{"index":"index","follow":"follow","max-snippet":"max-snippet:-1","max-image-preview":"max-image-preview:large","max-video-preview":"max-video-preview:-1"},"canonical":"https:\/\/ru.law\/nl\/diesel-ueberholt-benzinpreis-jetzt-erst-recht\/","og_locale":"nl_NL","og_type":"article","og_title":"Rekordpreise f\u00fcr Diesel- Jetzt erst RECHT Auto r\u00fcckabwickeln","og_description":"Der Diesel befindet sich in Deutschland auf einem Rekord hoch und auch Benzin n\u00e4hert sich einem H\u00f6chststand an.","og_url":"https:\/\/ru.law\/nl\/diesel-ueberholt-benzinpreis-jetzt-erst-recht\/","og_site_name":"R&amp;U","article_publisher":"https:\/\/www.facebook.com\/RogertUlbrich\/","article_published_time":"2022-03-11T11:52:00+00:00","article_modified_time":"2024-07-08T11:11:56+00:00","og_image":[{"width":1200,"height":675,"url":"https:\/\/ru.law\/wp-content\/uploads\/2022\/03\/2021-News-Header-1200x675-2972.jpg","type":"image\/jpeg"}],"author":"Marco Rogert","twitter_card":"summary_large_image","twitter_creator":"@RogertUlbrich","twitter_site":"@RogertUlbrich","schema":{"@context":"https:\/\/schema.org","@graph":[{"@type":"Article","@id":"https:\/\/ru.law\/diesel-ueberholt-benzinpreis-jetzt-erst-recht\/#article","isPartOf":{"@id":"https:\/\/ru.law\/diesel-ueberholt-benzinpreis-jetzt-erst-recht\/"},"author":{"name":"Marco Rogert","@id":"https:\/\/ru.law\/#\/schema\/person\/b020d506e6bbc471b4565d3a98173b87"},"headline":"Rekordpreise f\u00fcr Diesel- Jetzt erst RECHT Auto r\u00fcckabwickeln","datePublished":"2022-03-11T11:52:00+00:00","dateModified":"2024-07-08T11:11:56+00:00","mainEntityOfPage":{"@id":"https:\/\/ru.law\/diesel-ueberholt-benzinpreis-jetzt-erst-recht\/"},"wordCount":287,"publisher":{"@id":"https:\/\/ru.law\/#organization"},"image":{"@id":"https:\/\/ru.law\/diesel-ueberholt-benzinpreis-jetzt-erst-recht\/#primaryimage"},"thumbnailUrl":"https:\/\/ru.law\/wp-content\/uploads\/2022\/03\/2021-News-Header-1200x675-2972.jpg","keywords":["Audi","Diesel","Mercedes-Benz","Porsche","VW"],"articleSection":["Abgasskandal"],"inLanguage":"nl-NL"},{"@type":"WebPage","@id":"https:\/\/ru.law\/diesel-ueberholt-benzinpreis-jetzt-erst-recht\/","url":"https:\/\/ru.law\/diesel-ueberholt-benzinpreis-jetzt-erst-recht\/","name":"Recordprijzen voor dieselvoertuigen - Nu meer dan ooit is het verstandig om de aankoop van een auto terug te draaien - R&amp;U","isPartOf":{"@id":"https:\/\/ru.law\/#website"},"primaryImageOfPage":{"@id":"https:\/\/ru.law\/diesel-ueberholt-benzinpreis-jetzt-erst-recht\/#primaryimage"},"image":{"@id":"https:\/\/ru.law\/diesel-ueberholt-benzinpreis-jetzt-erst-recht\/#primaryimage"},"thumbnailUrl":"https:\/\/ru.law\/wp-content\/uploads\/2022\/03\/2021-News-Header-1200x675-2972.jpg","datePublished":"2022-03-11T11:52:00+00:00","dateModified":"2024-07-08T11:11:56+00:00","description":"De dieselprijzen in Duitsland zijn recordhoog en ook de benzineprijzen naderen een piek.","breadcrumb":{"@id":"https:\/\/ru.law\/diesel-ueberholt-benzinpreis-jetzt-erst-recht\/#breadcrumb"},"inLanguage":"nl-NL","potentialAction":[{"@type":"ReadAction","target":["https:\/\/ru.law\/diesel-ueberholt-benzinpreis-jetzt-erst-recht\/"]}]},{"@type":"ImageObject","inLanguage":"nl-NL","@id":"https:\/\/ru.law\/diesel-ueberholt-benzinpreis-jetzt-erst-recht\/#primaryimage","url":"https:\/\/ru.law\/wp-content\/uploads\/2022\/03\/2021-News-Header-1200x675-2972.jpg","contentUrl":"https:\/\/ru.law\/wp-content\/uploads\/2022\/03\/2021-News-Header-1200x675-2972.jpg","width":1200,"height":675,"caption":"Rogert-Ulbrich-Rechtsanwaelte-Kanzlei-Diesel-Benzin-Preise"},{"@type":"BreadcrumbList","@id":"https:\/\/ru.law\/diesel-ueberholt-benzinpreis-jetzt-erst-recht\/#breadcrumb","itemListElement":[{"@type":"ListItem","position":1,"name":"Startseite","item":"https:\/\/ru.law\/"},{"@type":"ListItem","position":2,"name":"Rekordpreise f\u00fcr Diesel- Jetzt erst RECHT Auto r\u00fcckabwickeln"}]},{"@type":"WebSite","@id":"https:\/\/ru.law\/#website","url":"https:\/\/ru.law\/","name":"R&amp;U","description":"Consumentenadvocaten","publisher":{"@id":"https:\/\/ru.law\/#organization"},"alternateName":"Rogert & Ulbrich","potentialAction":[{"@type":"SearchAction","target":{"@type":"EntryPoint","urlTemplate":"https:\/\/ru.law\/?s={search_term_string}"},"query-input":{"@type":"PropertyValueSpecification","valueRequired":true,"valueName":"search_term_string"}}],"inLanguage":"nl-NL"},{"@type":"Organization","@id":"https:\/\/ru.law\/#organization","name":"Advocatenkantoor Rogert &amp; Ulbrich","url":"https:\/\/ru.law\/","logo":{"@type":"ImageObject","inLanguage":"nl-NL","@id":"https:\/\/ru.law\/#\/schema\/logo\/image\/","url":"https:\/\/ru.law\/wp-content\/uploads\/2020\/12\/logo-ru-law.svg","contentUrl":"https:\/\/ru.law\/wp-content\/uploads\/2020\/12\/logo-ru-law.svg","width":992,"height":259,"caption":"Kanzlei Rogert & Ulbrich"},"image":{"@id":"https:\/\/ru.law\/#\/schema\/logo\/image\/"},"sameAs":["https:\/\/www.facebook.com\/RogertUlbrich\/","https:\/\/x.com\/RogertUlbrich","https:\/\/www.instagram.com\/rogertulbrich\/","https:\/\/www.linkedin.com\/company\/rogert-ulbrich\/","https:\/\/www.youtube.com\/channel\/UCganCgpvwpPFqMFf1vVmG2A"]},{"@type":"Person","@id":"https:\/\/ru.law\/#\/schema\/person\/b020d506e6bbc471b4565d3a98173b87","name":"Marco Rogert","url":"https:\/\/ru.law\/nl\/author\/rogertru-law\/"}]}},"uagb_featured_image_src":{"full":["https:\/\/ru.law\/wp-content\/uploads\/2022\/03\/2021-News-Header-1200x675-2972.jpg",1200,675,false],"thumbnail":["https:\/\/ru.law\/wp-content\/uploads\/2022\/03\/2021-News-Header-1200x675-2972-150x150.jpg",96,96,true],"medium":["https:\/\/ru.law\/wp-content\/uploads\/2022\/03\/2021-News-Header-1200x675-2972-300x169.jpg",300,169,true],"medium_large":["https:\/\/ru.law\/wp-content\/uploads\/2022\/03\/2021-News-Header-1200x675-2972-768x432.jpg",768,432,true],"large":["https:\/\/ru.law\/wp-content\/uploads\/2022\/03\/2021-News-Header-1200x675-2972-1024x576.jpg",1024,576,true],"1536x1536":["https:\/\/ru.law\/wp-content\/uploads\/2022\/03\/2021-News-Header-1200x675-2972.jpg",1200,675,false],"2048x2048":["https:\/\/ru.law\/wp-content\/uploads\/2022\/03\/2021-News-Header-1200x675-2972.jpg",1200,675,false],"trp-custom-language-flag":["https:\/\/ru.law\/wp-content\/uploads\/2022\/03\/2021-News-Header-1200x675-2972.jpg",18,10,false]},"uagb_author_info":{"display_name":"Marco Rogert","author_link":"https:\/\/ru.law\/nl\/author\/rogertru-law\/"},"uagb_comment_info":0,"uagb_excerpt":"Der Diesel befindet sich in Deutschland auf einem Rekordhoch und auch Benzin n\u00e4hert sich einem H\u00f6chststand an. Der immer weiter steigende Erd\u00f6lpreis schl\u00e4gt auf die [&hellip;]","_links":{"self":[{"href":"https:\/\/ru.law\/nl\/wp-json\/wp\/v2\/posts\/28038","targetHints":{"allow":["GET"]}}],"collection":[{"href":"https:\/\/ru.law\/nl\/wp-json\/wp\/v2\/posts"}],"about":[{"href":"https:\/\/ru.law\/nl\/wp-json\/wp\/v2\/types\/post"}],"author":[{"embeddable":true,"href":"https:\/\/ru.law\/nl\/wp-json\/wp\/v2\/users\/21"}],"replies":[{"embeddable":true,"href":"https:\/\/ru.law\/nl\/wp-json\/wp\/v2\/comments?post=28038"}],"version-history":[{"count":0,"href":"https:\/\/ru.law\/nl\/wp-json\/wp\/v2\/posts\/28038\/revisions"}],"wp:featuredmedia":[{"embeddable":true,"href":"https:\/\/ru.law\/nl\/wp-json\/wp\/v2\/media\/28041"}],"wp:attachment":[{"href":"https:\/\/ru.law\/nl\/wp-json\/wp\/v2\/media?parent=28038"}],"wp:term":[{"taxonomy":"category","embeddable":true,"href":"https:\/\/ru.law\/nl\/wp-json\/wp\/v2\/categories?post=28038"},{"taxonomy":"post_tag","embeddable":true,"href":"https:\/\/ru.law\/nl\/wp-json\/wp\/v2\/tags?post=28038"}],"curies":[{"name":"wp","href":"https:\/\/api.w.org\/{rel}","templated":true}]}}