{"id":27808,"date":"2022-03-02T08:49:53","date_gmt":"2022-03-02T07:49:53","guid":{"rendered":"https:\/\/ru.law\/?p=27808"},"modified":"2024-07-08T13:11:57","modified_gmt":"2024-07-08T11:11:57","slug":"olg-duesseldorf-haftung-der-vw-ag-bei-ea897","status":"publish","type":"post","link":"https:\/\/ru.law\/nl\/olg-duesseldorf-haftung-der-vw-ag-bei-ea897\/","title":{"rendered":"OLG D\u00fcsseldorf: Aansprakelijkheid van VW AG in EA897"},"content":{"rendered":"<p>Het Oberlandesgericht D\u00fcsseldorf heeft VW AG bevolen een<a href=\"https:\/\/ru.law\/nl\/expertise\/abgasskandal\/3-liter-motoren\/#modelle\"> VW Touareg<\/a> (<a href=\"https:\/\/ru.law\/nl\/expertise\/abgasskandal\/3-liter-motoren\/#motor\">met V6-motor<\/a>) en een schadevergoeding van \u20ac 41.897 (vonnis van 21 februari 2022, ref. I-9 U 63\/20). De eiser die wij vertegenwoordigen, had het voertuig met emissieklasse Euro 6 als nieuwe auto gekocht voor een aankoopprijs van \u20ac 65.750,-. Hij financierde de auto via een lening bij Volkswagen Bank, die inmiddels volledig is terugbetaald. Tijdens de hoorzitting voor de Senaat had de VW Touareg een kilometerstand van 128.966. <\/p>\n\n\n\n<p>De OLG ziet de belemmering van de <a href=\"https:\/\/ru.law\/nl\/expertise\/abgasskandal\/3-liter-motoren\/#motor\">motortype EA897<\/a> zoals het geval was met de <a href=\"https:\/\/ru.law\/nl\/expertise\/abgasskandal\/vw-diesel\/\">EA189-motor<\/a> een immorele daad van VW AG. Het bedrog past dan ook naadloos in het schandaal rond de VW Groep, dat in 2015 al bekend werd met het motortype EA189. <\/p>\n\n\n\n<h2 class=\"wp-block-heading\" id=\"h-vw-ag-haftet-fur-durch-audi-ag-produzierten-v6-motor\">VW AG is aansprakelijk voor V6-motor geproduceerd door Audi AG <\/h2>\n\n\n\n<p>Omdat VW AG zelf de verantwoordelijkheid voor de EA897-motor op zich heeft genomen en daarmee ook voor de afwezigheid <a href=\"https:\/\/ru.law\/nl\/expertise\/abgasskandal\/3-liter-motoren\/#abschalteinrichtungen\">ongeautoriseerde uitschakelapparaten<\/a>, kan ze zich niet terugtrekken door te zeggen dat de betreffende motor niet van haar is. Hoewel de 3-liter V6- en 4,2-liter V8-dieselmotoren door Audi AG werden geproduceerd, heeft VW AG zich in de EG-conformiteitsverklaring expliciet als fabrikant vermeld. Zeker omdat ze al met het EA189-motortype hadden geknoeid. Het is dan ook geen toeval dat er in andere dieselmotoren van de VW Groep nog meer illegale manipulatie-instrumenten aanwezig zijn. <\/p>\n\n\n\n<p>De Hoge Raad beschouwt het bedrog bij het in het verkeer brengen van voertuigen met gemanipuleerde EA897-motoren als een poging om door kostenbesparing hogere winsten te behalen. <\/p>\n\n\n\n<h3 class=\"wp-block-heading\" id=\"h-rogert-ulbrich-empfiehlt\">Rogert &amp; Ulbrich beveelt aan <\/h3>\n\n\n\n<p>Sinds 2007 voeren wij namens consumenten landelijke strijd tegen grote ondernemingen. Via ons eigen bedrijf\u00a0<a href=\"https:\/\/ru.law\/nl\/expertise\/abgasskandal\/3-liter-motoren\/#urteile\">databank\u00a0<\/a>stelt ons in staat de optimale processtrategie te bepalen met de grootste kans op succes. Ons\u00a0<a href=\"https:\/\/ru.law\/nl\/expertise\/abgasskandal\/3-liter-motoren\/#erstberatung\">eerste consult\u00a0<\/a>is gratis en vrijblijvend.\u00a0<a href=\"https:\/\/ru.law\/nl\/expertise\/abgasskandal\/3-liter-motoren\/#mandat\">Vraag vrijblijvend advies.<\/a><\/p>\n\n\n\n<section class=\"wp-block-uagb-columns uagb-columns__wrap uagb-columns__background-undefined uagb-columns__stack-mobile uagb-columns__valign-undefined uagb-columns__gap-10 alignundefined uagb-block-383c8822 contrast blog_beitraege\"><div class=\"uagb-columns__overlay\"><\/div><div class=\"uagb-columns__inner-wrap uagb-columns__columns-1\">\n<div class=\"wp-block-uagb-column uagb-column__wrap uagb-column__background-undefined uagb-block-325dbaab\"><div class=\"uagb-column__overlay\"><\/div><div class=\"uagb-column__inner-wrap\">\n<h3 class=\"wp-block-heading\" id=\"h-das-konnte-sie-auch-interessieren\">Misschien bent u ook ge\u00efnteresseerd in:<\/h3>\n\n\n\n\t\t\t<div class=\"wp-block-uagb-post-grid uagb-post-grid  uagb-post__image-position-top uagb-post__image-enabled uagb-block-7c784234     uagb-post__items uagb-post__columns-3 is-grid uagb-post__columns-tablet-2 uagb-post__columns-mobile-1 uagb-post__equal-height\" data-total=\"2\" style=\"\">\n\n\t\t\t\t\t\t\t\t\t\t\t\t<article class=\"uagb-post__inner-wrap\">\t\t\t\t\t\t\t\t<div class='uagb-post__image'>\n\t\t\t\t\t\t\t\t\t<a href=\"https:\/\/ru.law\/nl\/vw-muss-auch-fuer-audi-motor-ea897evo-haften\/\" target=\"_self\" rel=\"bookmark noopener noreferrer\" class='uagb-image-ratio-inherit'><img loading=\"lazy\" decoding=\"async\" width=\"1024\" height=\"576\" src=\"https:\/\/ru.law\/wp-content\/uploads\/2021\/08\/Rogert-Ulbrich-Rechtsanwaelte-Kanzlei-Abgasskandal-Diesel-Euro-6-VW-1024x576.jpg\" class=\"attachment-large size-large\" alt=\"\" srcset=\"https:\/\/ru.law\/wp-content\/uploads\/2021\/08\/Rogert-Ulbrich-Rechtsanwaelte-Kanzlei-Abgasskandal-Diesel-Euro-6-VW-1024x576.jpg 1024w, https:\/\/ru.law\/wp-content\/uploads\/2021\/08\/Rogert-Ulbrich-Rechtsanwaelte-Kanzlei-Abgasskandal-Diesel-Euro-6-VW-300x169.jpg 300w, https:\/\/ru.law\/wp-content\/uploads\/2021\/08\/Rogert-Ulbrich-Rechtsanwaelte-Kanzlei-Abgasskandal-Diesel-Euro-6-VW-768x432.jpg 768w, https:\/\/ru.law\/wp-content\/uploads\/2021\/08\/Rogert-Ulbrich-Rechtsanwaelte-Kanzlei-Abgasskandal-Diesel-Euro-6-VW.jpg 1200w\" sizes=\"auto, (max-width: 1024px) 100vw, 1024px\" \/>\t\t\t\t\t<\/a>\n\t\t\t\t\t\t\t<\/div>\n\t\t\t\t\t\t<h4 class=\"uagb-post__title uagb-post__text\">\n\t\t\t\t<a href=\"https:\/\/ru.law\/nl\/vw-muss-auch-fuer-audi-motor-ea897evo-haften\/\" target=\"_self\" rel=\"bookmark noopener noreferrer\">VW aansprakelijk voor Audi EA897evo \u2013 tactiek werkt niet<\/a>\n\t\t\t<\/h4>\n\t\t\t\t\t\t<div class='uagb-post__text uagb-post-grid-byline'>\n\t\t\t\t\t\t\t<\/div>\n\t\t\t\t\t\t\t<div class='uagb-post__text uagb-post__excerpt'>\n\t\t\t\t\t<p>De tactiek van het bedrijf uit Wolfsburg om verantwoordelijkheid te nemen voor de componenten die in zijn premiummodellen zijn ge\u00efnstalleerd en...\t\t\t\t<\/div>\n\t\t\t\n\t\t\t\t\t\t\t\t\t<\/article>\n\t\t\t\t\t\t\t\t\t\t\t\t\t\t\t\t<article class=\"uagb-post__inner-wrap\">\t\t\t\t\t\t\t\t<div class='uagb-post__image'>\n\t\t\t\t\t\t\t\t\t<a href=\"https:\/\/ru.law\/nl\/lg-duesseldorf-erneut-positive-entscheidung-zu-3-liter-motor\/\" target=\"_self\" rel=\"bookmark noopener noreferrer\" class='uagb-image-ratio-inherit'><img loading=\"lazy\" decoding=\"async\" width=\"1024\" height=\"576\" src=\"https:\/\/ru.law\/wp-content\/uploads\/2022\/05\/Rogert-Ulbrich-Rechtsanwaelte-Kanzlei-Abgasskandal-Urteile-Audi-A6-3-Liter-1024x576.jpg\" class=\"attachment-large size-large\" alt=\"\" srcset=\"https:\/\/ru.law\/wp-content\/uploads\/2022\/05\/Rogert-Ulbrich-Rechtsanwaelte-Kanzlei-Abgasskandal-Urteile-Audi-A6-3-Liter-1024x576.jpg 1024w, https:\/\/ru.law\/wp-content\/uploads\/2022\/05\/Rogert-Ulbrich-Rechtsanwaelte-Kanzlei-Abgasskandal-Urteile-Audi-A6-3-Liter-300x169.jpg 300w, https:\/\/ru.law\/wp-content\/uploads\/2022\/05\/Rogert-Ulbrich-Rechtsanwaelte-Kanzlei-Abgasskandal-Urteile-Audi-A6-3-Liter-768x432.jpg 768w, https:\/\/ru.law\/wp-content\/uploads\/2022\/05\/Rogert-Ulbrich-Rechtsanwaelte-Kanzlei-Abgasskandal-Urteile-Audi-A6-3-Liter.jpg 1200w\" sizes=\"auto, (max-width: 1024px) 100vw, 1024px\" \/>\t\t\t\t\t<\/a>\n\t\t\t\t\t\t\t<\/div>\n\t\t\t\t\t\t<h4 class=\"uagb-post__title uagb-post__text\">\n\t\t\t\t<a href=\"https:\/\/ru.law\/nl\/lg-duesseldorf-erneut-positive-entscheidung-zu-3-liter-motor\/\" target=\"_self\" rel=\"bookmark noopener noreferrer\">LG D\u00fcsseldorf: Opnieuw positief besluit over 3-liter motor<\/a>\n\t\t\t<\/h4>\n\t\t\t\t\t\t<div class='uagb-post__text uagb-post-grid-byline'>\n\t\t\t\t\t\t\t<\/div>\n\t\t\t\t\t\t\t<div class='uagb-post__text uagb-post__excerpt'>\n\t\t\t\t\t<p>De Arrondissementsrechtbank (LG) D\u00fcsseldorf heeft Audi AG veroordeeld tot betaling van een schadevergoeding van\u2026\t\t\t\t<\/div>\n\t\t\t\n\t\t\t\t\t\t\t\t\t<\/article>\n\t\t\t\t\t\t\t\t\t\t\t\t\t\t\t\t<article class=\"uagb-post__inner-wrap\">\t\t\t\t\t\t\t\t<div class='uagb-post__image'>\n\t\t\t\t\t\t\t\t\t<a href=\"https:\/\/ru.law\/nl\/landgericht-wuerzburg-verurteilt-audi-zur-ruecknahme-eines-audi-a7\/\" target=\"_self\" rel=\"bookmark noopener noreferrer\" class='uagb-image-ratio-inherit'><img loading=\"lazy\" decoding=\"async\" width=\"1024\" height=\"576\" src=\"https:\/\/ru.law\/wp-content\/uploads\/2021\/06\/rogert-ulbrich-rechtsanwalt-kanzlei-abgasskandal-audi-a7-3.0--1024x576.jpg\" class=\"attachment-large size-large\" alt=\"\" srcset=\"https:\/\/ru.law\/wp-content\/uploads\/2021\/06\/rogert-ulbrich-rechtsanwalt-kanzlei-abgasskandal-audi-a7-3.0--1024x576.jpg 1024w, https:\/\/ru.law\/wp-content\/uploads\/2021\/06\/rogert-ulbrich-rechtsanwalt-kanzlei-abgasskandal-audi-a7-3.0--300x169.jpg 300w, https:\/\/ru.law\/wp-content\/uploads\/2021\/06\/rogert-ulbrich-rechtsanwalt-kanzlei-abgasskandal-audi-a7-3.0--768x432.jpg 768w, https:\/\/ru.law\/wp-content\/uploads\/2021\/06\/rogert-ulbrich-rechtsanwalt-kanzlei-abgasskandal-audi-a7-3.0-.jpg 1200w\" sizes=\"auto, (max-width: 1024px) 100vw, 1024px\" \/>\t\t\t\t\t<\/a>\n\t\t\t\t\t\t\t<\/div>\n\t\t\t\t\t\t<h4 class=\"uagb-post__title uagb-post__text\">\n\t\t\t\t<a href=\"https:\/\/ru.law\/nl\/landgericht-wuerzburg-verurteilt-audi-zur-ruecknahme-eines-audi-a7\/\" target=\"_self\" rel=\"bookmark noopener noreferrer\">Arrondissementsrechtbank W\u00fcrzburg beveelt Audi om een Audi A7 terug te nemen<\/a>\n\t\t\t<\/h4>\n\t\t\t\t\t\t<div class='uagb-post__text uagb-post-grid-byline'>\n\t\t\t\t\t\t\t<\/div>\n\t\t\t\t\t\t\t<div class='uagb-post__text uagb-post__excerpt'>\n\t\t\t\t\t<p>Goed nieuws uit W\u00fcrzburg. De plaatselijke rechtbank heeft de vordering van onze cli\u00ebnt toegewezen. De Audi\u2026\t\t\t\t<\/div>\n\t\t\t\n\t\t\t\t\t\t\t\t\t<\/article>\n\t\t\t\t\t\t\t\t\t\t\t<\/div>\n\t\t\t<\/div><\/div>\n<\/div><\/section>","protected":false},"excerpt":{"rendered":"<p>Das Oberlandesgericht (OLG) D\u00fcsseldorf verurteilte die VW AG zur R\u00fccknahme eines VW Touareg (mit V6-Motor) und Schadensersatzzahlung in H\u00f6he von \u20ac 41.897,- (Urteil vom 21.02.2022, [&hellip;]<\/p>\n","protected":false},"author":21,"featured_media":27814,"comment_status":"closed","ping_status":"open","sticky":false,"template":"","format":"standard","meta":{"_uag_custom_page_level_css":"","site-sidebar-layout":"default","site-content-layout":"","ast-site-content-layout":"default","site-content-style":"default","site-sidebar-style":"default","ast-global-header-display":"","ast-banner-title-visibility":"","ast-main-header-display":"","ast-hfb-above-header-display":"","ast-hfb-below-header-display":"","ast-hfb-mobile-header-display":"","site-post-title":"","ast-breadcrumbs-content":"","ast-featured-img":"","footer-sml-layout":"","ast-disable-related-posts":"","theme-transparent-header-meta":"","adv-header-id-meta":"","stick-header-meta":"","header-above-stick-meta":"","header-main-stick-meta":"","header-below-stick-meta":"","astra-migrate-meta-layouts":"default","ast-page-background-enabled":"default","ast-page-background-meta":{"desktop":{"background-color":"","background-image":"","background-repeat":"repeat","background-position":"center center","background-size":"auto","background-attachment":"scroll","background-type":"","background-media":"","overlay-type":"","overlay-color":"","overlay-opacity":"","overlay-gradient":""},"tablet":{"background-color":"","background-image":"","background-repeat":"repeat","background-position":"center center","background-size":"auto","background-attachment":"scroll","background-type":"","background-media":"","overlay-type":"","overlay-color":"","overlay-opacity":"","overlay-gradient":""},"mobile":{"background-color":"","background-image":"","background-repeat":"repeat","background-position":"center center","background-size":"auto","background-attachment":"scroll","background-type":"","background-media":"","overlay-type":"","overlay-color":"","overlay-opacity":"","overlay-gradient":""}},"ast-content-background-meta":{"desktop":{"background-color":"var(--ast-global-color-5)","background-image":"","background-repeat":"repeat","background-position":"center center","background-size":"auto","background-attachment":"scroll","background-type":"","background-media":"","overlay-type":"","overlay-color":"","overlay-opacity":"","overlay-gradient":""},"tablet":{"background-color":"var(--ast-global-color-5)","background-image":"","background-repeat":"repeat","background-position":"center center","background-size":"auto","background-attachment":"scroll","background-type":"","background-media":"","overlay-type":"","overlay-color":"","overlay-opacity":"","overlay-gradient":""},"mobile":{"background-color":"var(--ast-global-color-5)","background-image":"","background-repeat":"repeat","background-position":"center center","background-size":"auto","background-attachment":"scroll","background-type":"","background-media":"","overlay-type":"","overlay-color":"","overlay-opacity":"","overlay-gradient":""}},"footnotes":""},"categories":[2,507],"tags":[1039,21,24,697,35,40,45],"class_list":["post-27808","post","type-post","status-publish","format-standard","has-post-thumbnail","hentry","category-abgasskandal","category-urteile","tag-3-liter","tag-ea897","tag-euro-6","tag-kba","tag-rueckruf","tag-software-update","tag-vw"],"yoast_head":"<!-- This site is optimized with the Yoast SEO Premium plugin v27.4 (Yoast SEO v27.4) - https:\/\/yoast.com\/product\/yoast-seo-premium-wordpress\/ -->\n<title>OLG D\u00fcsseldorf: Haftung der VW AG bei EA897 - R&amp;U<\/title>\n<meta name=\"description\" content=\"OLG D\u00fcsseldorf: VW AG haftet auch f\u00fcr den durch die Audi AG produzierten V6-Dieselmotor. Lassen Sie sich kostenlos durch uns beraten!\" \/>\n<meta name=\"robots\" content=\"index, follow, max-snippet:-1, max-image-preview:large, max-video-preview:-1\" \/>\n<link rel=\"canonical\" href=\"https:\/\/ru.law\/nl\/olg-duesseldorf-haftung-der-vw-ag-bei-ea897\/\" \/>\n<meta property=\"og:locale\" content=\"nl_NL\" \/>\n<meta property=\"og:type\" content=\"article\" \/>\n<meta property=\"og:title\" content=\"OLG D\u00fcsseldorf: Haftung der VW AG bei EA897\" \/>\n<meta property=\"og:description\" content=\"OLG D\u00fcsseldorf: VW AG haftet auch f\u00fcr den durch die Audi AG produzierten V6-Dieselmotor. Lassen Sie sich kostenlos durch uns beraten!\" \/>\n<meta property=\"og:url\" content=\"https:\/\/ru.law\/nl\/olg-duesseldorf-haftung-der-vw-ag-bei-ea897\/\" \/>\n<meta property=\"og:site_name\" content=\"R&amp;U\" \/>\n<meta property=\"article:publisher\" content=\"https:\/\/www.facebook.com\/RogertUlbrich\/\" \/>\n<meta property=\"article:published_time\" content=\"2022-03-02T07:49:53+00:00\" \/>\n<meta property=\"article:modified_time\" content=\"2024-07-08T11:11:57+00:00\" \/>\n<meta property=\"og:image\" content=\"https:\/\/ru.law\/wp-content\/uploads\/2022\/03\/Rogert-Ulbrich-Rechtsanwaelte-Kanzlei-Abgasskandal-Urteil-VW-Touareg-EA897.jpg\" \/>\n\t<meta property=\"og:image:width\" content=\"1200\" \/>\n\t<meta property=\"og:image:height\" content=\"675\" \/>\n\t<meta property=\"og:image:type\" content=\"image\/jpeg\" \/>\n<meta name=\"author\" content=\"Marco Rogert\" \/>\n<meta name=\"twitter:card\" content=\"summary_large_image\" \/>\n<meta name=\"twitter:creator\" content=\"@RogertUlbrich\" \/>\n<meta name=\"twitter:site\" content=\"@RogertUlbrich\" \/>\n<script type=\"application\/ld+json\" class=\"yoast-schema-graph\">{\"@context\":\"https:\\\/\\\/schema.org\",\"@graph\":[{\"@type\":\"Article\",\"@id\":\"https:\\\/\\\/ru.law\\\/olg-duesseldorf-haftung-der-vw-ag-bei-ea897\\\/#article\",\"isPartOf\":{\"@id\":\"https:\\\/\\\/ru.law\\\/olg-duesseldorf-haftung-der-vw-ag-bei-ea897\\\/\"},\"author\":{\"name\":\"Marco Rogert\",\"@id\":\"https:\\\/\\\/ru.law\\\/#\\\/schema\\\/person\\\/b020d506e6bbc471b4565d3a98173b87\"},\"headline\":\"OLG D\u00fcsseldorf: Haftung der VW AG bei EA897\",\"datePublished\":\"2022-03-02T07:49:53+00:00\",\"dateModified\":\"2024-07-08T11:11:57+00:00\",\"mainEntityOfPage\":{\"@id\":\"https:\\\/\\\/ru.law\\\/olg-duesseldorf-haftung-der-vw-ag-bei-ea897\\\/\"},\"wordCount\":336,\"publisher\":{\"@id\":\"https:\\\/\\\/ru.law\\\/#organization\"},\"image\":{\"@id\":\"https:\\\/\\\/ru.law\\\/olg-duesseldorf-haftung-der-vw-ag-bei-ea897\\\/#primaryimage\"},\"thumbnailUrl\":\"https:\\\/\\\/ru.law\\\/wp-content\\\/uploads\\\/2022\\\/03\\\/Rogert-Ulbrich-Rechtsanwaelte-Kanzlei-Abgasskandal-Urteil-VW-Touareg-EA897.jpg\",\"keywords\":[\"3-Liter\",\"EA897\",\"Euro-6\",\"KBA\",\"R\u00fcckruf\",\"Software-Update\",\"VW\"],\"articleSection\":[\"Abgasskandal\",\"Urteile\"],\"inLanguage\":\"nl-NL\"},{\"@type\":\"WebPage\",\"@id\":\"https:\\\/\\\/ru.law\\\/olg-duesseldorf-haftung-der-vw-ag-bei-ea897\\\/\",\"url\":\"https:\\\/\\\/ru.law\\\/olg-duesseldorf-haftung-der-vw-ag-bei-ea897\\\/\",\"name\":\"OLG D\u00fcsseldorf: Haftung der VW AG bei EA897 - R&amp;U\",\"isPartOf\":{\"@id\":\"https:\\\/\\\/ru.law\\\/#website\"},\"primaryImageOfPage\":{\"@id\":\"https:\\\/\\\/ru.law\\\/olg-duesseldorf-haftung-der-vw-ag-bei-ea897\\\/#primaryimage\"},\"image\":{\"@id\":\"https:\\\/\\\/ru.law\\\/olg-duesseldorf-haftung-der-vw-ag-bei-ea897\\\/#primaryimage\"},\"thumbnailUrl\":\"https:\\\/\\\/ru.law\\\/wp-content\\\/uploads\\\/2022\\\/03\\\/Rogert-Ulbrich-Rechtsanwaelte-Kanzlei-Abgasskandal-Urteil-VW-Touareg-EA897.jpg\",\"datePublished\":\"2022-03-02T07:49:53+00:00\",\"dateModified\":\"2024-07-08T11:11:57+00:00\",\"description\":\"OLG D\u00fcsseldorf: VW AG haftet auch f\u00fcr den durch die Audi AG produzierten V6-Dieselmotor. Lassen Sie sich kostenlos durch uns beraten!\",\"breadcrumb\":{\"@id\":\"https:\\\/\\\/ru.law\\\/olg-duesseldorf-haftung-der-vw-ag-bei-ea897\\\/#breadcrumb\"},\"inLanguage\":\"nl-NL\",\"potentialAction\":[{\"@type\":\"ReadAction\",\"target\":[\"https:\\\/\\\/ru.law\\\/olg-duesseldorf-haftung-der-vw-ag-bei-ea897\\\/\"]}]},{\"@type\":\"ImageObject\",\"inLanguage\":\"nl-NL\",\"@id\":\"https:\\\/\\\/ru.law\\\/olg-duesseldorf-haftung-der-vw-ag-bei-ea897\\\/#primaryimage\",\"url\":\"https:\\\/\\\/ru.law\\\/wp-content\\\/uploads\\\/2022\\\/03\\\/Rogert-Ulbrich-Rechtsanwaelte-Kanzlei-Abgasskandal-Urteil-VW-Touareg-EA897.jpg\",\"contentUrl\":\"https:\\\/\\\/ru.law\\\/wp-content\\\/uploads\\\/2022\\\/03\\\/Rogert-Ulbrich-Rechtsanwaelte-Kanzlei-Abgasskandal-Urteil-VW-Touareg-EA897.jpg\",\"width\":1200,\"height\":675},{\"@type\":\"BreadcrumbList\",\"@id\":\"https:\\\/\\\/ru.law\\\/olg-duesseldorf-haftung-der-vw-ag-bei-ea897\\\/#breadcrumb\",\"itemListElement\":[{\"@type\":\"ListItem\",\"position\":1,\"name\":\"Startseite\",\"item\":\"https:\\\/\\\/ru.law\\\/\"},{\"@type\":\"ListItem\",\"position\":2,\"name\":\"OLG D\u00fcsseldorf: Haftung der VW AG bei EA897\"}]},{\"@type\":\"WebSite\",\"@id\":\"https:\\\/\\\/ru.law\\\/#website\",\"url\":\"https:\\\/\\\/ru.law\\\/\",\"name\":\"R&U\",\"description\":\"Verbraucheranw\u00e4lte\",\"publisher\":{\"@id\":\"https:\\\/\\\/ru.law\\\/#organization\"},\"alternateName\":\"Rogert & Ulbrich\",\"potentialAction\":[{\"@type\":\"SearchAction\",\"target\":{\"@type\":\"EntryPoint\",\"urlTemplate\":\"https:\\\/\\\/ru.law\\\/?s={search_term_string}\"},\"query-input\":{\"@type\":\"PropertyValueSpecification\",\"valueRequired\":true,\"valueName\":\"search_term_string\"}}],\"inLanguage\":\"nl-NL\"},{\"@type\":\"Organization\",\"@id\":\"https:\\\/\\\/ru.law\\\/#organization\",\"name\":\"Kanzlei Rogert & Ulbrich\",\"url\":\"https:\\\/\\\/ru.law\\\/\",\"logo\":{\"@type\":\"ImageObject\",\"inLanguage\":\"nl-NL\",\"@id\":\"https:\\\/\\\/ru.law\\\/#\\\/schema\\\/logo\\\/image\\\/\",\"url\":\"https:\\\/\\\/ru.law\\\/wp-content\\\/uploads\\\/2020\\\/12\\\/logo-ru-law.svg\",\"contentUrl\":\"https:\\\/\\\/ru.law\\\/wp-content\\\/uploads\\\/2020\\\/12\\\/logo-ru-law.svg\",\"width\":992,\"height\":259,\"caption\":\"Kanzlei Rogert & Ulbrich\"},\"image\":{\"@id\":\"https:\\\/\\\/ru.law\\\/#\\\/schema\\\/logo\\\/image\\\/\"},\"sameAs\":[\"https:\\\/\\\/www.facebook.com\\\/RogertUlbrich\\\/\",\"https:\\\/\\\/x.com\\\/RogertUlbrich\",\"https:\\\/\\\/www.instagram.com\\\/rogertulbrich\\\/\",\"https:\\\/\\\/www.linkedin.com\\\/company\\\/rogert-ulbrich\\\/\",\"https:\\\/\\\/www.youtube.com\\\/channel\\\/UCganCgpvwpPFqMFf1vVmG2A\"]},{\"@type\":\"Person\",\"@id\":\"https:\\\/\\\/ru.law\\\/#\\\/schema\\\/person\\\/b020d506e6bbc471b4565d3a98173b87\",\"name\":\"Marco Rogert\",\"url\":\"https:\\\/\\\/ru.law\\\/nl\\\/author\\\/rogertru-law\\\/\"}]}<\/script>\n<!-- \/ Yoast SEO Premium plugin. -->","yoast_head_json":{"title":"Hof van Beroep D\u00fcsseldorf: Aansprakelijkheid van VW AG in EA897 - R&amp;U","description":"Gerechtshof D\u00fcsseldorf: VW AG is ook aansprakelijk voor de V6-dieselmotor van Audi AG. Laat u gratis adviseren!","robots":{"index":"index","follow":"follow","max-snippet":"max-snippet:-1","max-image-preview":"max-image-preview:large","max-video-preview":"max-video-preview:-1"},"canonical":"https:\/\/ru.law\/nl\/olg-duesseldorf-haftung-der-vw-ag-bei-ea897\/","og_locale":"nl_NL","og_type":"article","og_title":"OLG D\u00fcsseldorf: Haftung der VW AG bei EA897","og_description":"OLG D\u00fcsseldorf: VW AG haftet auch f\u00fcr den durch die Audi AG produzierten V6-Dieselmotor. Lassen Sie sich kostenlos durch uns beraten!","og_url":"https:\/\/ru.law\/nl\/olg-duesseldorf-haftung-der-vw-ag-bei-ea897\/","og_site_name":"R&amp;U","article_publisher":"https:\/\/www.facebook.com\/RogertUlbrich\/","article_published_time":"2022-03-02T07:49:53+00:00","article_modified_time":"2024-07-08T11:11:57+00:00","og_image":[{"width":1200,"height":675,"url":"https:\/\/ru.law\/wp-content\/uploads\/2022\/03\/Rogert-Ulbrich-Rechtsanwaelte-Kanzlei-Abgasskandal-Urteil-VW-Touareg-EA897.jpg","type":"image\/jpeg"}],"author":"Marco Rogert","twitter_card":"summary_large_image","twitter_creator":"@RogertUlbrich","twitter_site":"@RogertUlbrich","schema":{"@context":"https:\/\/schema.org","@graph":[{"@type":"Article","@id":"https:\/\/ru.law\/olg-duesseldorf-haftung-der-vw-ag-bei-ea897\/#article","isPartOf":{"@id":"https:\/\/ru.law\/olg-duesseldorf-haftung-der-vw-ag-bei-ea897\/"},"author":{"name":"Marco Rogert","@id":"https:\/\/ru.law\/#\/schema\/person\/b020d506e6bbc471b4565d3a98173b87"},"headline":"OLG D\u00fcsseldorf: Haftung der VW AG bei EA897","datePublished":"2022-03-02T07:49:53+00:00","dateModified":"2024-07-08T11:11:57+00:00","mainEntityOfPage":{"@id":"https:\/\/ru.law\/olg-duesseldorf-haftung-der-vw-ag-bei-ea897\/"},"wordCount":336,"publisher":{"@id":"https:\/\/ru.law\/#organization"},"image":{"@id":"https:\/\/ru.law\/olg-duesseldorf-haftung-der-vw-ag-bei-ea897\/#primaryimage"},"thumbnailUrl":"https:\/\/ru.law\/wp-content\/uploads\/2022\/03\/Rogert-Ulbrich-Rechtsanwaelte-Kanzlei-Abgasskandal-Urteil-VW-Touareg-EA897.jpg","keywords":["3-Liter","EA897","Euro-6","KBA","R\u00fcckruf","Software-Update","VW"],"articleSection":["Abgasskandal","Urteile"],"inLanguage":"nl-NL"},{"@type":"WebPage","@id":"https:\/\/ru.law\/olg-duesseldorf-haftung-der-vw-ag-bei-ea897\/","url":"https:\/\/ru.law\/olg-duesseldorf-haftung-der-vw-ag-bei-ea897\/","name":"Hof van Beroep D\u00fcsseldorf: Aansprakelijkheid van VW AG in EA897 - R&amp;U","isPartOf":{"@id":"https:\/\/ru.law\/#website"},"primaryImageOfPage":{"@id":"https:\/\/ru.law\/olg-duesseldorf-haftung-der-vw-ag-bei-ea897\/#primaryimage"},"image":{"@id":"https:\/\/ru.law\/olg-duesseldorf-haftung-der-vw-ag-bei-ea897\/#primaryimage"},"thumbnailUrl":"https:\/\/ru.law\/wp-content\/uploads\/2022\/03\/Rogert-Ulbrich-Rechtsanwaelte-Kanzlei-Abgasskandal-Urteil-VW-Touareg-EA897.jpg","datePublished":"2022-03-02T07:49:53+00:00","dateModified":"2024-07-08T11:11:57+00:00","description":"Gerechtshof D\u00fcsseldorf: VW AG is ook aansprakelijk voor de V6-dieselmotor van Audi AG. Laat u gratis adviseren!","breadcrumb":{"@id":"https:\/\/ru.law\/olg-duesseldorf-haftung-der-vw-ag-bei-ea897\/#breadcrumb"},"inLanguage":"nl-NL","potentialAction":[{"@type":"ReadAction","target":["https:\/\/ru.law\/olg-duesseldorf-haftung-der-vw-ag-bei-ea897\/"]}]},{"@type":"ImageObject","inLanguage":"nl-NL","@id":"https:\/\/ru.law\/olg-duesseldorf-haftung-der-vw-ag-bei-ea897\/#primaryimage","url":"https:\/\/ru.law\/wp-content\/uploads\/2022\/03\/Rogert-Ulbrich-Rechtsanwaelte-Kanzlei-Abgasskandal-Urteil-VW-Touareg-EA897.jpg","contentUrl":"https:\/\/ru.law\/wp-content\/uploads\/2022\/03\/Rogert-Ulbrich-Rechtsanwaelte-Kanzlei-Abgasskandal-Urteil-VW-Touareg-EA897.jpg","width":1200,"height":675},{"@type":"BreadcrumbList","@id":"https:\/\/ru.law\/olg-duesseldorf-haftung-der-vw-ag-bei-ea897\/#breadcrumb","itemListElement":[{"@type":"ListItem","position":1,"name":"Startseite","item":"https:\/\/ru.law\/"},{"@type":"ListItem","position":2,"name":"OLG D\u00fcsseldorf: Haftung der VW AG bei EA897"}]},{"@type":"WebSite","@id":"https:\/\/ru.law\/#website","url":"https:\/\/ru.law\/","name":"R&amp;U","description":"Consumentenadvocaten","publisher":{"@id":"https:\/\/ru.law\/#organization"},"alternateName":"Rogert & Ulbrich","potentialAction":[{"@type":"SearchAction","target":{"@type":"EntryPoint","urlTemplate":"https:\/\/ru.law\/?s={search_term_string}"},"query-input":{"@type":"PropertyValueSpecification","valueRequired":true,"valueName":"search_term_string"}}],"inLanguage":"nl-NL"},{"@type":"Organization","@id":"https:\/\/ru.law\/#organization","name":"Advocatenkantoor Rogert &amp; Ulbrich","url":"https:\/\/ru.law\/","logo":{"@type":"ImageObject","inLanguage":"nl-NL","@id":"https:\/\/ru.law\/#\/schema\/logo\/image\/","url":"https:\/\/ru.law\/wp-content\/uploads\/2020\/12\/logo-ru-law.svg","contentUrl":"https:\/\/ru.law\/wp-content\/uploads\/2020\/12\/logo-ru-law.svg","width":992,"height":259,"caption":"Kanzlei Rogert & Ulbrich"},"image":{"@id":"https:\/\/ru.law\/#\/schema\/logo\/image\/"},"sameAs":["https:\/\/www.facebook.com\/RogertUlbrich\/","https:\/\/x.com\/RogertUlbrich","https:\/\/www.instagram.com\/rogertulbrich\/","https:\/\/www.linkedin.com\/company\/rogert-ulbrich\/","https:\/\/www.youtube.com\/channel\/UCganCgpvwpPFqMFf1vVmG2A"]},{"@type":"Person","@id":"https:\/\/ru.law\/#\/schema\/person\/b020d506e6bbc471b4565d3a98173b87","name":"Marco Rogert","url":"https:\/\/ru.law\/nl\/author\/rogertru-law\/"}]}},"uagb_featured_image_src":{"full":["https:\/\/ru.law\/wp-content\/uploads\/2022\/03\/Rogert-Ulbrich-Rechtsanwaelte-Kanzlei-Abgasskandal-Urteil-VW-Touareg-EA897.jpg",1200,675,false],"thumbnail":["https:\/\/ru.law\/wp-content\/uploads\/2022\/03\/Rogert-Ulbrich-Rechtsanwaelte-Kanzlei-Abgasskandal-Urteil-VW-Touareg-EA897-150x150.jpg",96,96,true],"medium":["https:\/\/ru.law\/wp-content\/uploads\/2022\/03\/Rogert-Ulbrich-Rechtsanwaelte-Kanzlei-Abgasskandal-Urteil-VW-Touareg-EA897-300x169.jpg",300,169,true],"medium_large":["https:\/\/ru.law\/wp-content\/uploads\/2022\/03\/Rogert-Ulbrich-Rechtsanwaelte-Kanzlei-Abgasskandal-Urteil-VW-Touareg-EA897-768x432.jpg",768,432,true],"large":["https:\/\/ru.law\/wp-content\/uploads\/2022\/03\/Rogert-Ulbrich-Rechtsanwaelte-Kanzlei-Abgasskandal-Urteil-VW-Touareg-EA897-1024x576.jpg",1024,576,true],"1536x1536":["https:\/\/ru.law\/wp-content\/uploads\/2022\/03\/Rogert-Ulbrich-Rechtsanwaelte-Kanzlei-Abgasskandal-Urteil-VW-Touareg-EA897.jpg",1200,675,false],"2048x2048":["https:\/\/ru.law\/wp-content\/uploads\/2022\/03\/Rogert-Ulbrich-Rechtsanwaelte-Kanzlei-Abgasskandal-Urteil-VW-Touareg-EA897.jpg",1200,675,false],"trp-custom-language-flag":["https:\/\/ru.law\/wp-content\/uploads\/2022\/03\/Rogert-Ulbrich-Rechtsanwaelte-Kanzlei-Abgasskandal-Urteil-VW-Touareg-EA897.jpg",18,10,false]},"uagb_author_info":{"display_name":"Marco Rogert","author_link":"https:\/\/ru.law\/nl\/author\/rogertru-law\/"},"uagb_comment_info":0,"uagb_excerpt":"Das Oberlandesgericht (OLG) D\u00fcsseldorf verurteilte die VW AG zur R\u00fccknahme eines VW Touareg (mit V6-Motor) und Schadensersatzzahlung in H\u00f6he von \u20ac 41.897,- (Urteil vom 21.02.2022, [&hellip;]","_links":{"self":[{"href":"https:\/\/ru.law\/nl\/wp-json\/wp\/v2\/posts\/27808","targetHints":{"allow":["GET"]}}],"collection":[{"href":"https:\/\/ru.law\/nl\/wp-json\/wp\/v2\/posts"}],"about":[{"href":"https:\/\/ru.law\/nl\/wp-json\/wp\/v2\/types\/post"}],"author":[{"embeddable":true,"href":"https:\/\/ru.law\/nl\/wp-json\/wp\/v2\/users\/21"}],"replies":[{"embeddable":true,"href":"https:\/\/ru.law\/nl\/wp-json\/wp\/v2\/comments?post=27808"}],"version-history":[{"count":0,"href":"https:\/\/ru.law\/nl\/wp-json\/wp\/v2\/posts\/27808\/revisions"}],"wp:featuredmedia":[{"embeddable":true,"href":"https:\/\/ru.law\/nl\/wp-json\/wp\/v2\/media\/27814"}],"wp:attachment":[{"href":"https:\/\/ru.law\/nl\/wp-json\/wp\/v2\/media?parent=27808"}],"wp:term":[{"taxonomy":"category","embeddable":true,"href":"https:\/\/ru.law\/nl\/wp-json\/wp\/v2\/categories?post=27808"},{"taxonomy":"post_tag","embeddable":true,"href":"https:\/\/ru.law\/nl\/wp-json\/wp\/v2\/tags?post=27808"}],"curies":[{"name":"wp","href":"https:\/\/api.w.org\/{rel}","templated":true}]}}