{"id":27416,"date":"2022-02-22T09:22:37","date_gmt":"2022-02-22T08:22:37","guid":{"rendered":"https:\/\/ru.law\/?p=27416"},"modified":"2024-07-08T13:11:58","modified_gmt":"2024-07-08T11:11:58","slug":"bgh-bejaht-restschadensersatzanspruch-trotz-verjaehrung","status":"publish","type":"post","link":"https:\/\/ru.law\/nl\/bgh-bejaht-restschadensersatzanspruch-trotz-verjaehrung\/","title":{"rendered":"BGH bevestigt claim voor restschade ondanks verjaringstermijn"},"content":{"rendered":"<p>Op 21.02.2022 heeft het Federale Hof van Justitie geoordeeld <a href=\"https:\/\/www.bundesgerichtshof.de\/SharedDocs\/Pressemitteilungen\/DE\/2022\/2022022.html?nn=10690868\" target=\"_blank\" rel=\"noreferrer noopener\">(<strong>VIA ZR 8\/21<\/strong>; <strong>VIA ZR 57\/21<\/strong>)<\/a>dat kopers van een nieuwe auto die getroffen zijn door het zogenaamde dieselschandaal en van wie de vordering is verjaard volgens \u00a7 826 van het Duitse Burgerlijk Wetboek (BGB), recht hebben op een restvergoeding volgens \u00a7 852 van het Duitse Burgerlijk Wetboek (BGB). <\/p>\n\n\n\n<p>De twee procedures betroffen een VW Golf Cabriolet (VIa ZR 8\/21) met een aankoopprijs van EUR 30.213,- en een VW EOS 2.0 l TDI (VIa ZR 57\/21) met een aankoopprijs van EUR 36.189,-. De aankoop van beide voertuigen was een <strong>nieuwe auto&#039;s<\/strong> met een dieselmotor van <strong><a href=\"https:\/\/ru.law\/nl\/expertise\/abgasskandal\/vw-diesel\/#ea189\">EA 189-serie<\/a><\/strong>. Beide voertuigen zijn uitgerust met software die detecteert of het voertuig op de testbank staat of niet en schakelt over naar de juiste uitlaatgasrecirculatiemodi. <\/p>\n\n\n\n<h2 class=\"wp-block-heading\" id=\"restschadensersatzanspruch-greift-bis-zu-10-jahre-nach-kauf\">De restschadeclaim geldt tot 10 jaar na aankoop <\/h2>\n\n\n\n<p>De resterende schadevergoeding blijft geldig tot 10 jaar na aankoop van een nieuwe auto. Ondanks de verjaringstermijn van de hoofdvordering moet de rechter de dader de verrijking ontnemen die hij door zijn onrechtmatige handelen heeft kunnen verkrijgen. <\/p>\n\n\n\n<p>Dit betekent dat de betrokkenen die hun auto in 2012 of later hebben gekocht, van deze beslissing kunnen profiteren en toch nog recht hebben op een uitkering. <a href=\"https:\/\/ru.law\/nl\/expertise\/abgasskandal\/#erstberatung\">compensatie<\/a> aanklagen. Volgens het BGH wordt dit op dezelfde wijze berekend als bij ontbinding wegens opzettelijke immateri\u00eble beschadiging, zodat eisers alleen de vergoeding voor het gebruik van de koopprijs hoeven te verrekenen. <\/p>\n\n\n\n<h3 class=\"wp-block-heading\" id=\"rogert-ulbrich-empfehlung-bei-restschadensersatzanspruch\">Rogert &amp; Ulbrich: Aanbeveling voor claims voor restschade<\/h3>\n\n\n\n<p>Bij Rogert &amp; Ulbrich adviseren wij u om uw claims te laten controleren. Ook al denkt u dat uw claims zijn verlopen, kan het de moeite waard zijn om ze opnieuw te bekijken. Ons eerste consult is gratis en vrijblijvend. Wij hebben al talloze vonnissen voor onze eisers gewonnen en zijn al vanaf het begin bij het dieselemissieschandaal betrokken. <a href=\"https:\/\/ru.law\/nl\/expertise\/abgasskandal\/\">Vraag vrijblijvend advies. <\/a>   <\/p>\n\n\n\n<section class=\"wp-block-uagb-columns uagb-columns__wrap uagb-columns__background-undefined uagb-columns__stack-mobile uagb-columns__valign-undefined uagb-columns__gap-10 alignundefined uagb-block-801b0f34 contrast blog_beitraege\"><div class=\"uagb-columns__overlay\"><\/div><div class=\"uagb-columns__inner-wrap uagb-columns__columns-1\">\n<div class=\"wp-block-uagb-column uagb-column__wrap uagb-column__background-undefined uagb-block-56e4ab3c\"><div class=\"uagb-column__overlay\"><\/div><div class=\"uagb-column__inner-wrap\">\n<h3 class=\"wp-block-heading\" id=\"h-das-konnte-sie-auch-interessieren\">Misschien bent u ook ge\u00efnteresseerd in:<\/h3>\n\n\n\n\t\t\t<div class=\"wp-block-uagb-post-grid uagb-post-grid  uagb-post__image-position-top uagb-post__image-enabled uagb-block-66b2ae4c     uagb-post__items uagb-post__columns-3 is-grid uagb-post__columns-tablet-2 uagb-post__columns-mobile-1 uagb-post__equal-height\" data-total=\"17\" style=\"\">\n\n\t\t\t\t\t\t\t\t\t\t\t\t<article class=\"uagb-post__inner-wrap\">\t\t\t\t\t\t\t\t<div class='uagb-post__image'>\n\t\t\t\t\t\t\t\t\t<a href=\"https:\/\/ru.law\/nl\/abgasskandal-kauf-nach-ad-hoc-meldung-jedoch-mit-software-update\/\" target=\"_self\" rel=\"bookmark noopener noreferrer\" class='uagb-image-ratio-inherit'><img loading=\"lazy\" decoding=\"async\" width=\"1024\" height=\"576\" src=\"https:\/\/ru.law\/wp-content\/uploads\/2020\/12\/vw-diesel-fahrzeug-logo-1024x576.jpg\" class=\"attachment-large size-large\" alt=\"\" srcset=\"https:\/\/ru.law\/wp-content\/uploads\/2020\/12\/vw-diesel-fahrzeug-logo-1024x576.jpg 1024w, https:\/\/ru.law\/wp-content\/uploads\/2020\/12\/vw-diesel-fahrzeug-logo-300x169.jpg 300w, https:\/\/ru.law\/wp-content\/uploads\/2020\/12\/vw-diesel-fahrzeug-logo-768x432.jpg 768w, https:\/\/ru.law\/wp-content\/uploads\/2020\/12\/vw-diesel-fahrzeug-logo.jpg 1200w\" sizes=\"auto, (max-width: 1024px) 100vw, 1024px\" \/>\t\t\t\t\t<\/a>\n\t\t\t\t\t\t\t<\/div>\n\t\t\t\t\t\t<h4 class=\"uagb-post__title uagb-post__text\">\n\t\t\t\t<a href=\"https:\/\/ru.law\/nl\/abgasskandal-kauf-nach-ad-hoc-meldung-jedoch-mit-software-update\/\" target=\"_self\" rel=\"bookmark noopener noreferrer\">Hoop opnieuw op zogenaamde aankoop na kennisprocedure<\/a>\n\t\t\t<\/h4>\n\t\t\t\t\t\t<div class='uagb-post__text uagb-post-grid-byline'>\n\t\t\t\t\t\t\t<\/div>\n\t\t\t\t\t\t\t<div class='uagb-post__text uagb-post__excerpt'>\n\t\t\t\t\t<p>Spectaculair vonnis van het Hof van Beroep in Keulen. De 20e Senaat van het Oberlandesgericht Keulen (OLG Keulen van 18.12.2020,\u2026\t\t\t\t<\/div>\n\t\t\t\n\t\t\t\t\t\t\t\t\t<\/article>\n\t\t\t\t\t\t\t\t\t\t\t\t\t\t\t\t<article class=\"uagb-post__inner-wrap\">\t\t\t\t\t\t\t\t<div class='uagb-post__image'>\n\t\t\t\t\t\t\t\t\t<a href=\"https:\/\/ru.law\/nl\/wann-endet-die-verjaehrungsfrist-fuer-schadensersatzansprueche\/\" target=\"_self\" rel=\"bookmark noopener noreferrer\" class='uagb-image-ratio-inherit'><img loading=\"lazy\" decoding=\"async\" width=\"1024\" height=\"576\" src=\"https:\/\/ru.law\/wp-content\/uploads\/2020\/04\/abgasskandal-verjaehrungsfrist-detail-1024x576.jpg\" class=\"attachment-large size-large\" alt=\"Abgasskandal Verjaehrungsfrist Detail\" srcset=\"https:\/\/ru.law\/wp-content\/uploads\/2020\/04\/abgasskandal-verjaehrungsfrist-detail-1024x576.jpg 1024w, https:\/\/ru.law\/wp-content\/uploads\/2020\/04\/abgasskandal-verjaehrungsfrist-detail-300x169.jpg 300w, https:\/\/ru.law\/wp-content\/uploads\/2020\/04\/abgasskandal-verjaehrungsfrist-detail-768x432.jpg 768w, https:\/\/ru.law\/wp-content\/uploads\/2020\/04\/abgasskandal-verjaehrungsfrist-detail-500x281.jpg 500w, https:\/\/ru.law\/wp-content\/uploads\/2020\/04\/abgasskandal-verjaehrungsfrist-detail-800x450.jpg 800w, https:\/\/ru.law\/wp-content\/uploads\/2020\/04\/abgasskandal-verjaehrungsfrist-detail.jpg 1200w\" sizes=\"auto, (max-width: 1024px) 100vw, 1024px\" \/>\t\t\t\t\t<\/a>\n\t\t\t\t\t\t\t<\/div>\n\t\t\t\t\t\t<h4 class=\"uagb-post__title uagb-post__text\">\n\t\t\t\t<a href=\"https:\/\/ru.law\/nl\/wann-endet-die-verjaehrungsfrist-fuer-schadensersatzansprueche\/\" target=\"_self\" rel=\"bookmark noopener noreferrer\">Wanneer eindigt de verjaringstermijn voor schadeclaims?<\/a>\n\t\t\t<\/h4>\n\t\t\t\t\t\t<div class='uagb-post__text uagb-post-grid-byline'>\n\t\t\t\t\t\t\t<\/div>\n\t\t\t\t\t\t\t<div class='uagb-post__text uagb-post__excerpt'>\n\t\t\t\t\t<p>VW-emissieschandaal. Het dieselemissieschandaal houdt de rechtbanken al bijna vijf jaar bezig. Heb ik \u00fcberhaupt\u2026\t\t\t\t<\/div>\n\t\t\t\n\t\t\t\t\t\t\t\t\t<\/article>\n\t\t\t\t\t\t\t\t\t\t\t\t\t\t\t\t<article class=\"uagb-post__inner-wrap\">\t\t\t\t\t\t\t\t<div class='uagb-post__image'>\n\t\t\t\t\t\t\t\t\t<a href=\"https:\/\/ru.law\/nl\/vw-musterfeststellungsklage-ende-eines-spektakulaeren-verfahrens\/\" target=\"_self\" rel=\"bookmark noopener noreferrer\" class='uagb-image-ratio-inherit'><img loading=\"lazy\" decoding=\"async\" width=\"1024\" height=\"577\" src=\"https:\/\/ru.law\/wp-content\/uploads\/2020\/05\/justiz-1-1024x577.jpg\" class=\"attachment-large size-large\" alt=\"Justiz\" srcset=\"https:\/\/ru.law\/wp-content\/uploads\/2020\/05\/justiz-1-1024x577.jpg 1024w, https:\/\/ru.law\/wp-content\/uploads\/2020\/05\/justiz-1-300x169.jpg 300w, https:\/\/ru.law\/wp-content\/uploads\/2020\/05\/justiz-1-768x433.jpg 768w, https:\/\/ru.law\/wp-content\/uploads\/2020\/05\/justiz-1-500x282.jpg 500w, https:\/\/ru.law\/wp-content\/uploads\/2020\/05\/justiz-1-800x451.jpg 800w, https:\/\/ru.law\/wp-content\/uploads\/2020\/05\/justiz-1.jpg 1198w\" sizes=\"auto, (max-width: 1024px) 100vw, 1024px\" \/>\t\t\t\t\t<\/a>\n\t\t\t\t\t\t\t<\/div>\n\t\t\t\t\t\t<h4 class=\"uagb-post__title uagb-post__text\">\n\t\t\t\t<a href=\"https:\/\/ru.law\/nl\/vw-musterfeststellungsklage-ende-eines-spektakulaeren-verfahrens\/\" target=\"_self\" rel=\"bookmark noopener noreferrer\">VW-model declaratoire actie: einde van een spectaculaire procedure<\/a>\n\t\t\t<\/h4>\n\t\t\t\t\t\t<div class='uagb-post__text uagb-post-grid-byline'>\n\t\t\t\t\t\t\t<\/div>\n\t\t\t\t\t\t\t<div class='uagb-post__text uagb-post__excerpt'>\n\t\t\t\t\t<p>235.000 autokopers accepteren de vergelijking met VW. Met het verstrijken van de termijn voor aanvaarding van de\u2026\t\t\t\t<\/div>\n\t\t\t\n\t\t\t\t\t\t\t\t\t<\/article>\n\t\t\t\t\t\t\t\t\t\t\t<\/div>\n\t\t\t<\/div><\/div>\n<\/div><\/section>","protected":false},"excerpt":{"rendered":"<p>Am 21.02.2022 entschied der Bundesgerichthof (VIa ZR 8\/21; VIa ZR 57\/21), dass K\u00e4ufer eines Neuwagens, die vom sogenannten Dieselskandal betroffen sind und deren Anspruch nach [&hellip;]<\/p>\n","protected":false},"author":21,"featured_media":27419,"comment_status":"closed","ping_status":"open","sticky":false,"template":"","format":"standard","meta":{"_uag_custom_page_level_css":"","site-sidebar-layout":"default","site-content-layout":"","ast-site-content-layout":"default","site-content-style":"default","site-sidebar-style":"default","ast-global-header-display":"","ast-banner-title-visibility":"","ast-main-header-display":"","ast-hfb-above-header-display":"","ast-hfb-below-header-display":"","ast-hfb-mobile-header-display":"","site-post-title":"","ast-breadcrumbs-content":"","ast-featured-img":"","footer-sml-layout":"","ast-disable-related-posts":"","theme-transparent-header-meta":"","adv-header-id-meta":"","stick-header-meta":"","header-above-stick-meta":"","header-main-stick-meta":"","header-below-stick-meta":"","astra-migrate-meta-layouts":"default","ast-page-background-enabled":"default","ast-page-background-meta":{"desktop":{"background-color":"","background-image":"","background-repeat":"repeat","background-position":"center center","background-size":"auto","background-attachment":"scroll","background-type":"","background-media":"","overlay-type":"","overlay-color":"","overlay-opacity":"","overlay-gradient":""},"tablet":{"background-color":"","background-image":"","background-repeat":"repeat","background-position":"center center","background-size":"auto","background-attachment":"scroll","background-type":"","background-media":"","overlay-type":"","overlay-color":"","overlay-opacity":"","overlay-gradient":""},"mobile":{"background-color":"","background-image":"","background-repeat":"repeat","background-position":"center center","background-size":"auto","background-attachment":"scroll","background-type":"","background-media":"","overlay-type":"","overlay-color":"","overlay-opacity":"","overlay-gradient":""}},"ast-content-background-meta":{"desktop":{"background-color":"var(--ast-global-color-5)","background-image":"","background-repeat":"repeat","background-position":"center center","background-size":"auto","background-attachment":"scroll","background-type":"","background-media":"","overlay-type":"","overlay-color":"","overlay-opacity":"","overlay-gradient":""},"tablet":{"background-color":"var(--ast-global-color-5)","background-image":"","background-repeat":"repeat","background-position":"center center","background-size":"auto","background-attachment":"scroll","background-type":"","background-media":"","overlay-type":"","overlay-color":"","overlay-opacity":"","overlay-gradient":""},"mobile":{"background-color":"var(--ast-global-color-5)","background-image":"","background-repeat":"repeat","background-position":"center center","background-size":"auto","background-attachment":"scroll","background-type":"","background-media":"","overlay-type":"","overlay-color":"","overlay-opacity":"","overlay-gradient":""}},"footnotes":""},"categories":[2,507],"tags":[14,1006,45],"class_list":["post-27416","post","type-post","status-publish","format-standard","has-post-thumbnail","hentry","category-abgasskandal","category-urteile","tag-bgh","tag-restschadensersatzanspruch","tag-vw"],"yoast_head":"<!-- This site is optimized with the Yoast SEO Premium plugin v27.4 (Yoast SEO v27.4) - https:\/\/yoast.com\/product\/yoast-seo-premium-wordpress\/ -->\n<title>BGH bejaht Restschadensersatzanspruch trotz Verj\u00e4hrung - R&amp;U<\/title>\n<meta name=\"description\" content=\"Der BGH entschied, dass Neuwagen K\u00e4ufer (Dieselskandal) betroffen sind und deren Anspruch verj\u00e4hrt ist, Restschadensersatzanspruch erhalten.\" \/>\n<meta name=\"robots\" content=\"index, follow, max-snippet:-1, max-image-preview:large, max-video-preview:-1\" \/>\n<link rel=\"canonical\" href=\"https:\/\/ru.law\/nl\/bgh-bejaht-restschadensersatzanspruch-trotz-verjaehrung\/\" \/>\n<meta property=\"og:locale\" content=\"nl_NL\" \/>\n<meta property=\"og:type\" content=\"article\" \/>\n<meta property=\"og:title\" content=\"BGH bejaht Restschadensersatzanspruch trotz Verj\u00e4hrung\" \/>\n<meta property=\"og:description\" content=\"Der BGH entschied, dass Neuwagen K\u00e4ufer (Dieselskandal) betroffen sind und deren Anspruch verj\u00e4hrt ist, Restschadensersatzanspruch erhalten.\" \/>\n<meta property=\"og:url\" content=\"https:\/\/ru.law\/nl\/bgh-bejaht-restschadensersatzanspruch-trotz-verjaehrung\/\" \/>\n<meta property=\"og:site_name\" content=\"R&amp;U\" \/>\n<meta property=\"article:publisher\" content=\"https:\/\/www.facebook.com\/RogertUlbrich\/\" \/>\n<meta property=\"article:published_time\" content=\"2022-02-22T08:22:37+00:00\" \/>\n<meta property=\"article:modified_time\" content=\"2024-07-08T11:11:58+00:00\" \/>\n<meta property=\"og:image\" content=\"https:\/\/ru.law\/wp-content\/uploads\/2022\/02\/Rogert-Ulbrich-Rechtsanwaelte-kazlei-BGH-Urteil-Volkswagen.jpg\" \/>\n\t<meta property=\"og:image:width\" content=\"1200\" \/>\n\t<meta property=\"og:image:height\" content=\"675\" \/>\n\t<meta property=\"og:image:type\" content=\"image\/jpeg\" \/>\n<meta name=\"author\" content=\"Marco Rogert\" \/>\n<meta name=\"twitter:card\" content=\"summary_large_image\" \/>\n<meta name=\"twitter:creator\" content=\"@RogertUlbrich\" \/>\n<meta name=\"twitter:site\" content=\"@RogertUlbrich\" \/>\n<script type=\"application\/ld+json\" class=\"yoast-schema-graph\">{\"@context\":\"https:\\\/\\\/schema.org\",\"@graph\":[{\"@type\":\"Article\",\"@id\":\"https:\\\/\\\/ru.law\\\/bgh-bejaht-restschadensersatzanspruch-trotz-verjaehrung\\\/#article\",\"isPartOf\":{\"@id\":\"https:\\\/\\\/ru.law\\\/bgh-bejaht-restschadensersatzanspruch-trotz-verjaehrung\\\/\"},\"author\":{\"name\":\"Marco Rogert\",\"@id\":\"https:\\\/\\\/ru.law\\\/#\\\/schema\\\/person\\\/b020d506e6bbc471b4565d3a98173b87\"},\"headline\":\"BGH bejaht Restschadensersatzanspruch trotz Verj\u00e4hrung\",\"datePublished\":\"2022-02-22T08:22:37+00:00\",\"dateModified\":\"2024-07-08T11:11:58+00:00\",\"mainEntityOfPage\":{\"@id\":\"https:\\\/\\\/ru.law\\\/bgh-bejaht-restschadensersatzanspruch-trotz-verjaehrung\\\/\"},\"wordCount\":287,\"publisher\":{\"@id\":\"https:\\\/\\\/ru.law\\\/#organization\"},\"image\":{\"@id\":\"https:\\\/\\\/ru.law\\\/bgh-bejaht-restschadensersatzanspruch-trotz-verjaehrung\\\/#primaryimage\"},\"thumbnailUrl\":\"https:\\\/\\\/ru.law\\\/wp-content\\\/uploads\\\/2022\\\/02\\\/Rogert-Ulbrich-Rechtsanwaelte-kazlei-BGH-Urteil-Volkswagen.jpg\",\"keywords\":[\"BGH\",\"Restschadensersatzanspruch\",\"VW\"],\"articleSection\":[\"Abgasskandal\",\"Urteile\"],\"inLanguage\":\"nl-NL\"},{\"@type\":\"WebPage\",\"@id\":\"https:\\\/\\\/ru.law\\\/bgh-bejaht-restschadensersatzanspruch-trotz-verjaehrung\\\/\",\"url\":\"https:\\\/\\\/ru.law\\\/bgh-bejaht-restschadensersatzanspruch-trotz-verjaehrung\\\/\",\"name\":\"BGH bejaht Restschadensersatzanspruch trotz Verj\u00e4hrung - R&amp;U\",\"isPartOf\":{\"@id\":\"https:\\\/\\\/ru.law\\\/#website\"},\"primaryImageOfPage\":{\"@id\":\"https:\\\/\\\/ru.law\\\/bgh-bejaht-restschadensersatzanspruch-trotz-verjaehrung\\\/#primaryimage\"},\"image\":{\"@id\":\"https:\\\/\\\/ru.law\\\/bgh-bejaht-restschadensersatzanspruch-trotz-verjaehrung\\\/#primaryimage\"},\"thumbnailUrl\":\"https:\\\/\\\/ru.law\\\/wp-content\\\/uploads\\\/2022\\\/02\\\/Rogert-Ulbrich-Rechtsanwaelte-kazlei-BGH-Urteil-Volkswagen.jpg\",\"datePublished\":\"2022-02-22T08:22:37+00:00\",\"dateModified\":\"2024-07-08T11:11:58+00:00\",\"description\":\"Der BGH entschied, dass Neuwagen K\u00e4ufer (Dieselskandal) betroffen sind und deren Anspruch verj\u00e4hrt ist, Restschadensersatzanspruch erhalten.\",\"breadcrumb\":{\"@id\":\"https:\\\/\\\/ru.law\\\/bgh-bejaht-restschadensersatzanspruch-trotz-verjaehrung\\\/#breadcrumb\"},\"inLanguage\":\"nl-NL\",\"potentialAction\":[{\"@type\":\"ReadAction\",\"target\":[\"https:\\\/\\\/ru.law\\\/bgh-bejaht-restschadensersatzanspruch-trotz-verjaehrung\\\/\"]}]},{\"@type\":\"ImageObject\",\"inLanguage\":\"nl-NL\",\"@id\":\"https:\\\/\\\/ru.law\\\/bgh-bejaht-restschadensersatzanspruch-trotz-verjaehrung\\\/#primaryimage\",\"url\":\"https:\\\/\\\/ru.law\\\/wp-content\\\/uploads\\\/2022\\\/02\\\/Rogert-Ulbrich-Rechtsanwaelte-kazlei-BGH-Urteil-Volkswagen.jpg\",\"contentUrl\":\"https:\\\/\\\/ru.law\\\/wp-content\\\/uploads\\\/2022\\\/02\\\/Rogert-Ulbrich-Rechtsanwaelte-kazlei-BGH-Urteil-Volkswagen.jpg\",\"width\":1200,\"height\":675,\"caption\":\"Rogert-Ulbrich-Rechtsanwaelte-kazlei-BGH-Urteil-Volkswage\"},{\"@type\":\"BreadcrumbList\",\"@id\":\"https:\\\/\\\/ru.law\\\/bgh-bejaht-restschadensersatzanspruch-trotz-verjaehrung\\\/#breadcrumb\",\"itemListElement\":[{\"@type\":\"ListItem\",\"position\":1,\"name\":\"Startseite\",\"item\":\"https:\\\/\\\/ru.law\\\/\"},{\"@type\":\"ListItem\",\"position\":2,\"name\":\"BGH bejaht Restschadensersatzanspruch trotz Verj\u00e4hrung\"}]},{\"@type\":\"WebSite\",\"@id\":\"https:\\\/\\\/ru.law\\\/#website\",\"url\":\"https:\\\/\\\/ru.law\\\/\",\"name\":\"R&U\",\"description\":\"Verbraucheranw\u00e4lte\",\"publisher\":{\"@id\":\"https:\\\/\\\/ru.law\\\/#organization\"},\"alternateName\":\"Rogert & Ulbrich\",\"potentialAction\":[{\"@type\":\"SearchAction\",\"target\":{\"@type\":\"EntryPoint\",\"urlTemplate\":\"https:\\\/\\\/ru.law\\\/?s={search_term_string}\"},\"query-input\":{\"@type\":\"PropertyValueSpecification\",\"valueRequired\":true,\"valueName\":\"search_term_string\"}}],\"inLanguage\":\"nl-NL\"},{\"@type\":\"Organization\",\"@id\":\"https:\\\/\\\/ru.law\\\/#organization\",\"name\":\"Kanzlei Rogert & Ulbrich\",\"url\":\"https:\\\/\\\/ru.law\\\/\",\"logo\":{\"@type\":\"ImageObject\",\"inLanguage\":\"nl-NL\",\"@id\":\"https:\\\/\\\/ru.law\\\/#\\\/schema\\\/logo\\\/image\\\/\",\"url\":\"https:\\\/\\\/ru.law\\\/wp-content\\\/uploads\\\/2020\\\/12\\\/logo-ru-law.svg\",\"contentUrl\":\"https:\\\/\\\/ru.law\\\/wp-content\\\/uploads\\\/2020\\\/12\\\/logo-ru-law.svg\",\"width\":992,\"height\":259,\"caption\":\"Kanzlei Rogert & Ulbrich\"},\"image\":{\"@id\":\"https:\\\/\\\/ru.law\\\/#\\\/schema\\\/logo\\\/image\\\/\"},\"sameAs\":[\"https:\\\/\\\/www.facebook.com\\\/RogertUlbrich\\\/\",\"https:\\\/\\\/x.com\\\/RogertUlbrich\",\"https:\\\/\\\/www.instagram.com\\\/rogertulbrich\\\/\",\"https:\\\/\\\/www.linkedin.com\\\/company\\\/rogert-ulbrich\\\/\",\"https:\\\/\\\/www.youtube.com\\\/channel\\\/UCganCgpvwpPFqMFf1vVmG2A\"]},{\"@type\":\"Person\",\"@id\":\"https:\\\/\\\/ru.law\\\/#\\\/schema\\\/person\\\/b020d506e6bbc471b4565d3a98173b87\",\"name\":\"Marco Rogert\",\"url\":\"https:\\\/\\\/ru.law\\\/nl\\\/author\\\/rogertru-law\\\/\"}]}<\/script>\n<!-- \/ Yoast SEO Premium plugin. -->","yoast_head_json":{"title":"BGH bejaht Restschadensersatzanspruch trotz Verj\u00e4hrung - R&amp;U","description":"Der BGH entschied, dass Neuwagen K\u00e4ufer (Dieselskandal) betroffen sind und deren Anspruch verj\u00e4hrt ist, Restschadensersatzanspruch erhalten.","robots":{"index":"index","follow":"follow","max-snippet":"max-snippet:-1","max-image-preview":"max-image-preview:large","max-video-preview":"max-video-preview:-1"},"canonical":"https:\/\/ru.law\/nl\/bgh-bejaht-restschadensersatzanspruch-trotz-verjaehrung\/","og_locale":"nl_NL","og_type":"article","og_title":"BGH bejaht Restschadensersatzanspruch trotz Verj\u00e4hrung","og_description":"Der BGH entschied, dass Neuwagen K\u00e4ufer (Dieselskandal) betroffen sind und deren Anspruch verj\u00e4hrt ist, Restschadensersatzanspruch erhalten.","og_url":"https:\/\/ru.law\/nl\/bgh-bejaht-restschadensersatzanspruch-trotz-verjaehrung\/","og_site_name":"R&amp;U","article_publisher":"https:\/\/www.facebook.com\/RogertUlbrich\/","article_published_time":"2022-02-22T08:22:37+00:00","article_modified_time":"2024-07-08T11:11:58+00:00","og_image":[{"width":1200,"height":675,"url":"https:\/\/ru.law\/wp-content\/uploads\/2022\/02\/Rogert-Ulbrich-Rechtsanwaelte-kazlei-BGH-Urteil-Volkswagen.jpg","type":"image\/jpeg"}],"author":"Marco Rogert","twitter_card":"summary_large_image","twitter_creator":"@RogertUlbrich","twitter_site":"@RogertUlbrich","schema":{"@context":"https:\/\/schema.org","@graph":[{"@type":"Article","@id":"https:\/\/ru.law\/bgh-bejaht-restschadensersatzanspruch-trotz-verjaehrung\/#article","isPartOf":{"@id":"https:\/\/ru.law\/bgh-bejaht-restschadensersatzanspruch-trotz-verjaehrung\/"},"author":{"name":"Marco Rogert","@id":"https:\/\/ru.law\/#\/schema\/person\/b020d506e6bbc471b4565d3a98173b87"},"headline":"BGH bejaht Restschadensersatzanspruch trotz Verj\u00e4hrung","datePublished":"2022-02-22T08:22:37+00:00","dateModified":"2024-07-08T11:11:58+00:00","mainEntityOfPage":{"@id":"https:\/\/ru.law\/bgh-bejaht-restschadensersatzanspruch-trotz-verjaehrung\/"},"wordCount":287,"publisher":{"@id":"https:\/\/ru.law\/#organization"},"image":{"@id":"https:\/\/ru.law\/bgh-bejaht-restschadensersatzanspruch-trotz-verjaehrung\/#primaryimage"},"thumbnailUrl":"https:\/\/ru.law\/wp-content\/uploads\/2022\/02\/Rogert-Ulbrich-Rechtsanwaelte-kazlei-BGH-Urteil-Volkswagen.jpg","keywords":["BGH","Restschadensersatzanspruch","VW"],"articleSection":["Abgasskandal","Urteile"],"inLanguage":"nl-NL"},{"@type":"WebPage","@id":"https:\/\/ru.law\/bgh-bejaht-restschadensersatzanspruch-trotz-verjaehrung\/","url":"https:\/\/ru.law\/bgh-bejaht-restschadensersatzanspruch-trotz-verjaehrung\/","name":"BGH bejaht Restschadensersatzanspruch trotz Verj\u00e4hrung - R&amp;U","isPartOf":{"@id":"https:\/\/ru.law\/#website"},"primaryImageOfPage":{"@id":"https:\/\/ru.law\/bgh-bejaht-restschadensersatzanspruch-trotz-verjaehrung\/#primaryimage"},"image":{"@id":"https:\/\/ru.law\/bgh-bejaht-restschadensersatzanspruch-trotz-verjaehrung\/#primaryimage"},"thumbnailUrl":"https:\/\/ru.law\/wp-content\/uploads\/2022\/02\/Rogert-Ulbrich-Rechtsanwaelte-kazlei-BGH-Urteil-Volkswagen.jpg","datePublished":"2022-02-22T08:22:37+00:00","dateModified":"2024-07-08T11:11:58+00:00","description":"Der BGH entschied, dass Neuwagen K\u00e4ufer (Dieselskandal) betroffen sind und deren Anspruch verj\u00e4hrt ist, Restschadensersatzanspruch erhalten.","breadcrumb":{"@id":"https:\/\/ru.law\/bgh-bejaht-restschadensersatzanspruch-trotz-verjaehrung\/#breadcrumb"},"inLanguage":"nl-NL","potentialAction":[{"@type":"ReadAction","target":["https:\/\/ru.law\/bgh-bejaht-restschadensersatzanspruch-trotz-verjaehrung\/"]}]},{"@type":"ImageObject","inLanguage":"nl-NL","@id":"https:\/\/ru.law\/bgh-bejaht-restschadensersatzanspruch-trotz-verjaehrung\/#primaryimage","url":"https:\/\/ru.law\/wp-content\/uploads\/2022\/02\/Rogert-Ulbrich-Rechtsanwaelte-kazlei-BGH-Urteil-Volkswagen.jpg","contentUrl":"https:\/\/ru.law\/wp-content\/uploads\/2022\/02\/Rogert-Ulbrich-Rechtsanwaelte-kazlei-BGH-Urteil-Volkswagen.jpg","width":1200,"height":675,"caption":"Rogert-Ulbrich-Rechtsanwaelte-kazlei-BGH-Urteil-Volkswage"},{"@type":"BreadcrumbList","@id":"https:\/\/ru.law\/bgh-bejaht-restschadensersatzanspruch-trotz-verjaehrung\/#breadcrumb","itemListElement":[{"@type":"ListItem","position":1,"name":"Startseite","item":"https:\/\/ru.law\/"},{"@type":"ListItem","position":2,"name":"BGH bejaht Restschadensersatzanspruch trotz Verj\u00e4hrung"}]},{"@type":"WebSite","@id":"https:\/\/ru.law\/#website","url":"https:\/\/ru.law\/","name":"R&amp;U","description":"Consumentenadvocaten","publisher":{"@id":"https:\/\/ru.law\/#organization"},"alternateName":"Rogert & Ulbrich","potentialAction":[{"@type":"SearchAction","target":{"@type":"EntryPoint","urlTemplate":"https:\/\/ru.law\/?s={search_term_string}"},"query-input":{"@type":"PropertyValueSpecification","valueRequired":true,"valueName":"search_term_string"}}],"inLanguage":"nl-NL"},{"@type":"Organization","@id":"https:\/\/ru.law\/#organization","name":"Advocatenkantoor Rogert &amp; Ulbrich","url":"https:\/\/ru.law\/","logo":{"@type":"ImageObject","inLanguage":"nl-NL","@id":"https:\/\/ru.law\/#\/schema\/logo\/image\/","url":"https:\/\/ru.law\/wp-content\/uploads\/2020\/12\/logo-ru-law.svg","contentUrl":"https:\/\/ru.law\/wp-content\/uploads\/2020\/12\/logo-ru-law.svg","width":992,"height":259,"caption":"Kanzlei Rogert & Ulbrich"},"image":{"@id":"https:\/\/ru.law\/#\/schema\/logo\/image\/"},"sameAs":["https:\/\/www.facebook.com\/RogertUlbrich\/","https:\/\/x.com\/RogertUlbrich","https:\/\/www.instagram.com\/rogertulbrich\/","https:\/\/www.linkedin.com\/company\/rogert-ulbrich\/","https:\/\/www.youtube.com\/channel\/UCganCgpvwpPFqMFf1vVmG2A"]},{"@type":"Person","@id":"https:\/\/ru.law\/#\/schema\/person\/b020d506e6bbc471b4565d3a98173b87","name":"Marco Rogert","url":"https:\/\/ru.law\/nl\/author\/rogertru-law\/"}]}},"uagb_featured_image_src":{"full":["https:\/\/ru.law\/wp-content\/uploads\/2022\/02\/Rogert-Ulbrich-Rechtsanwaelte-kazlei-BGH-Urteil-Volkswagen.jpg",1200,675,false],"thumbnail":["https:\/\/ru.law\/wp-content\/uploads\/2022\/02\/Rogert-Ulbrich-Rechtsanwaelte-kazlei-BGH-Urteil-Volkswagen-150x150.jpg",96,96,true],"medium":["https:\/\/ru.law\/wp-content\/uploads\/2022\/02\/Rogert-Ulbrich-Rechtsanwaelte-kazlei-BGH-Urteil-Volkswagen-300x169.jpg",300,169,true],"medium_large":["https:\/\/ru.law\/wp-content\/uploads\/2022\/02\/Rogert-Ulbrich-Rechtsanwaelte-kazlei-BGH-Urteil-Volkswagen-768x432.jpg",768,432,true],"large":["https:\/\/ru.law\/wp-content\/uploads\/2022\/02\/Rogert-Ulbrich-Rechtsanwaelte-kazlei-BGH-Urteil-Volkswagen-1024x576.jpg",1024,576,true],"1536x1536":["https:\/\/ru.law\/wp-content\/uploads\/2022\/02\/Rogert-Ulbrich-Rechtsanwaelte-kazlei-BGH-Urteil-Volkswagen.jpg",1200,675,false],"2048x2048":["https:\/\/ru.law\/wp-content\/uploads\/2022\/02\/Rogert-Ulbrich-Rechtsanwaelte-kazlei-BGH-Urteil-Volkswagen.jpg",1200,675,false],"trp-custom-language-flag":["https:\/\/ru.law\/wp-content\/uploads\/2022\/02\/Rogert-Ulbrich-Rechtsanwaelte-kazlei-BGH-Urteil-Volkswagen.jpg",18,10,false]},"uagb_author_info":{"display_name":"Marco Rogert","author_link":"https:\/\/ru.law\/nl\/author\/rogertru-law\/"},"uagb_comment_info":0,"uagb_excerpt":"Am 21.02.2022 entschied der Bundesgerichthof (VIa ZR 8\/21; VIa ZR 57\/21), dass K\u00e4ufer eines Neuwagens, die vom sogenannten Dieselskandal betroffen sind und deren Anspruch nach [&hellip;]","_links":{"self":[{"href":"https:\/\/ru.law\/nl\/wp-json\/wp\/v2\/posts\/27416","targetHints":{"allow":["GET"]}}],"collection":[{"href":"https:\/\/ru.law\/nl\/wp-json\/wp\/v2\/posts"}],"about":[{"href":"https:\/\/ru.law\/nl\/wp-json\/wp\/v2\/types\/post"}],"author":[{"embeddable":true,"href":"https:\/\/ru.law\/nl\/wp-json\/wp\/v2\/users\/21"}],"replies":[{"embeddable":true,"href":"https:\/\/ru.law\/nl\/wp-json\/wp\/v2\/comments?post=27416"}],"version-history":[{"count":0,"href":"https:\/\/ru.law\/nl\/wp-json\/wp\/v2\/posts\/27416\/revisions"}],"wp:featuredmedia":[{"embeddable":true,"href":"https:\/\/ru.law\/nl\/wp-json\/wp\/v2\/media\/27419"}],"wp:attachment":[{"href":"https:\/\/ru.law\/nl\/wp-json\/wp\/v2\/media?parent=27416"}],"wp:term":[{"taxonomy":"category","embeddable":true,"href":"https:\/\/ru.law\/nl\/wp-json\/wp\/v2\/categories?post=27416"},{"taxonomy":"post_tag","embeddable":true,"href":"https:\/\/ru.law\/nl\/wp-json\/wp\/v2\/tags?post=27416"}],"curies":[{"name":"wp","href":"https:\/\/api.w.org\/{rel}","templated":true}]}}