{"id":27384,"date":"2022-02-24T09:53:03","date_gmt":"2022-02-24T08:53:03","guid":{"rendered":"https:\/\/ru.law\/?p=27384"},"modified":"2024-11-11T08:28:48","modified_gmt":"2024-11-11T07:28:48","slug":"wann-bekomme-ich-prozesskostenhilfe","status":"publish","type":"post","link":"https:\/\/ru.law\/nl\/wann-bekomme-ich-prozesskostenhilfe\/","title":{"rendered":"Ontslagbeschermingszaak: recht op gesubsidieerde rechtsbijstand?"},"content":{"rendered":"<p>Bij een <a href=\"https:\/\/ru.law\/nl\/arbeitsrecht-kuendigungsschutz\/\">ontslagbeschermingsproces<\/a> In eerste instantie worden er kosten gemaakt voor elke partij omdat elke partij zijn eigen juridische kosten draagt. Het is niet relevant wie er gewonnen heeft en wie verloren heeft. Als u niet over de financi\u00eble middelen beschikt om zelf een ontslagbeschermingsprocedure te starten, kunt u een beroep doen op gesubsidieerde rechtsbijstand. <\/p>\n\n\n\n<p>Via gesubsidieerde rechtsbijstand dekt de staat de kosten die de rechtbank en de eigen advocaat van de cli\u00ebnt maken.&nbsp;<strong>Alleen uw eigen kosten worden gedekt<\/strong>. Dit is bedoeld om mensen met beperkte financi\u00eble middelen de kans te geven hun zaak te laten behandelen. De kosten worden vervolgens rechtstreeks aan de staatskas gefactureerd. Voor de betrokkene worden de kosten geheel kwijtgescholden of (naar rato) in termijnen terugbetaald.<\/p>\n\n\n\n<p>Ook als u een beroep doet op gesubsidieerde rechtsbijstand, heeft u het recht om zelf een advocaat te kiezen. De rechtbank wijst vervolgens op verzoek de gewenste advocaat aan. Uiteraard zullen wij deze aanvraag indienen als onderdeel van de indiening van de <a href=\"https:\/\/ru.law\/nl\/arbeitsrecht-kuendigungsschutz\/#vorteil\">claim wegens onterecht ontslag<\/a> voor jou. <\/p>\n\n\n\n<h2 class=\"wp-block-heading\" id=\"h-voraussetzungen-fur-gewahrung-von-prozesskostenhilfe\">Vereisten voor het verlenen van rechtsbijstand <\/h2>\n\n\n\n<p>Rechtsbijstand wordt doorgaans verleend overeenkomstig artikel 114 van het Wetboek van Burgerlijke Rechtsvordering. Het is belangrijk om te weten dat u vanwege uw persoonlijke en financi\u00eble omstandigheden mogelijk niet in staat bent om de benodigde financi\u00eble middelen voor het proces te werven, slechts gedeeltelijk of alleen in termijnen (<strong>financi\u00eble behoefte<\/strong>). De rechtszaak mag echter niet geheel uitzichtloos zijn en er mag geen rechtsbijstandverzekering zijn die de kosten dekt.<\/p>\n\n\n\n<h3 class=\"wp-block-heading\"><strong>Rogert en Ulbrich <\/strong>aanbeveling voor rechtsbijstand<\/h3>\n\n\n\n<p>Weet u niet zeker of u in aanmerking komt voor gesubsidieerde rechtsbijstand? <a href=\"https:\/\/ru.law\/nl\/arbeitsrecht-kuendigungsschutz\/#schritte\">Laat u dan geheel vrijblijvend en kosteloos adviseren<\/a>. <strong><a href=\"https:\/\/ru.law\/nl\/arbeitsrecht-kuendigungsschutz\/#erstberatung\">Maak nu gebruik van ons gratis telefonische intakegesprek en stel uw vragen aan onze gespecialiseerde juristen.<\/a><\/strong><\/p>\n\n\n\n<section class=\"wp-block-uagb-columns uagb-columns__wrap uagb-columns__stack-mobile uagb-columns__valign- uagb-columns__gap-10 align uagb-block-a377ca97 uagb-columns__columns-1 uagb-columns__max_width-theme contrast blog_beitraege\"><div class=\"uagb-columns__overlay\"><\/div><div class=\"uagb-columns__inner-wrap uagb-columns__columns-1\">\n<div class=\"wp-block-uagb-column uagb-column__wrap uagb-column__background-undefined uagb-block-166513df\"><div class=\"uagb-column__overlay\"><\/div>\n<h3 class=\"wp-block-heading\" id=\"h-das-konnte-sie-auch-interessieren\">Misschien bent u ook ge\u00efnteresseerd in:<\/h3>\n\n\n\n\t\t\t<div class=\"wp-block-uagb-post-grid uagb-post-grid  uagb-post__image-position-top uagb-post__image-enabled uagb-block-b5e31171     uagb-post__items uagb-post__columns-3 is-grid uagb-post__columns-tablet-2 uagb-post__columns-mobile-1 uagb-post__equal-height\" data-total=\"1\" style=\"\">\n\n\t\t\t\t\t\t\t\t\t\t\t\t<article class=\"uagb-post__inner-wrap\">\t\t\t\t\t\t\t\t<div class='uagb-post__image'>\n\t\t\t\t\t\t\t\t\t<a href=\"https:\/\/ru.law\/nl\/schutz-von-arbeitnehmenden-am-arbeitsplatz\/\" target=\"_self\" rel=\"bookmark noopener noreferrer\" class='uagb-image-ratio-inherit'><img loading=\"lazy\" decoding=\"async\" width=\"1024\" height=\"576\" src=\"https:\/\/ru.law\/wp-content\/uploads\/2022\/07\/Rogert-Ulbrich-Rechtsanwaelte-Kanzlei-Arbeitsrecht-Kuendigungsschutz-Schutz-Arbeitnehmende-1024x576.jpg\" class=\"attachment-large size-large\" alt=\"\" srcset=\"https:\/\/ru.law\/wp-content\/uploads\/2022\/07\/Rogert-Ulbrich-Rechtsanwaelte-Kanzlei-Arbeitsrecht-Kuendigungsschutz-Schutz-Arbeitnehmende-1024x576.jpg 1024w, https:\/\/ru.law\/wp-content\/uploads\/2022\/07\/Rogert-Ulbrich-Rechtsanwaelte-Kanzlei-Arbeitsrecht-Kuendigungsschutz-Schutz-Arbeitnehmende-300x169.jpg 300w, https:\/\/ru.law\/wp-content\/uploads\/2022\/07\/Rogert-Ulbrich-Rechtsanwaelte-Kanzlei-Arbeitsrecht-Kuendigungsschutz-Schutz-Arbeitnehmende-768x432.jpg 768w, https:\/\/ru.law\/wp-content\/uploads\/2022\/07\/Rogert-Ulbrich-Rechtsanwaelte-Kanzlei-Arbeitsrecht-Kuendigungsschutz-Schutz-Arbeitnehmende.jpg 1200w\" sizes=\"auto, (max-width: 1024px) 100vw, 1024px\" \/>\t\t\t\t\t<\/a>\n\t\t\t\t\t\t\t<\/div>\n\t\t\t\t\t\t<h4 class=\"uagb-post__title uagb-post__text\">\n\t\t\t\t<a href=\"https:\/\/ru.law\/nl\/schutz-von-arbeitnehmenden-am-arbeitsplatz\/\" target=\"_self\" rel=\"bookmark noopener noreferrer\">Bescherming van werknemers op het werk<\/a>\n\t\t\t<\/h4>\n\t\t\t\t\t\t<div class='uagb-post__text uagb-post-grid-byline'>\n\t\t\t\t\t\t\t<\/div>\n\t\t\t\t\t\t\t<div class='uagb-post__text uagb-post__excerpt'>\n\t\t\t\t\t<p>In de praktijk blijkt dat, ondanks de vele jaren dienst en de grote inzet van de werknemer,\u2026\t\t\t\t<\/div>\n\t\t\t\n\t\t\t\t\t\t\t\t\t<\/article>\n\t\t\t\t\t\t\t\t\t\t\t\t\t\t\t\t<article class=\"uagb-post__inner-wrap\">\t\t\t\t\t\t\t\t<div class='uagb-post__image'>\n\t\t\t\t\t\t\t\t\t<a href=\"https:\/\/ru.law\/nl\/kuendigungsfristen-was-ist-zu-beachten\/\" target=\"_self\" rel=\"bookmark noopener noreferrer\" class='uagb-image-ratio-inherit'><img loading=\"lazy\" decoding=\"async\" width=\"1024\" height=\"576\" src=\"https:\/\/ru.law\/wp-content\/uploads\/2022\/02\/Rogert-Ulbrich-Rechtsanwaelte-Kanzlei-Kuendigungsschutz-Klage-Kuendigungsfrist-Fristen-1024x576.jpg\" class=\"attachment-large size-large\" alt=\"\" srcset=\"https:\/\/ru.law\/wp-content\/uploads\/2022\/02\/Rogert-Ulbrich-Rechtsanwaelte-Kanzlei-Kuendigungsschutz-Klage-Kuendigungsfrist-Fristen-1024x576.jpg 1024w, https:\/\/ru.law\/wp-content\/uploads\/2022\/02\/Rogert-Ulbrich-Rechtsanwaelte-Kanzlei-Kuendigungsschutz-Klage-Kuendigungsfrist-Fristen-300x169.jpg 300w, https:\/\/ru.law\/wp-content\/uploads\/2022\/02\/Rogert-Ulbrich-Rechtsanwaelte-Kanzlei-Kuendigungsschutz-Klage-Kuendigungsfrist-Fristen-768x432.jpg 768w, https:\/\/ru.law\/wp-content\/uploads\/2022\/02\/Rogert-Ulbrich-Rechtsanwaelte-Kanzlei-Kuendigungsschutz-Klage-Kuendigungsfrist-Fristen.jpg 1200w\" sizes=\"auto, (max-width: 1024px) 100vw, 1024px\" \/>\t\t\t\t\t<\/a>\n\t\t\t\t\t\t\t<\/div>\n\t\t\t\t\t\t<h4 class=\"uagb-post__title uagb-post__text\">\n\t\t\t\t<a href=\"https:\/\/ru.law\/nl\/kuendigungsfristen-was-ist-zu-beachten\/\" target=\"_self\" rel=\"bookmark noopener noreferrer\">Opzegtermijnen \u2013 waar moet je rekening mee houden?<\/a>\n\t\t\t<\/h4>\n\t\t\t\t\t\t<div class='uagb-post__text uagb-post-grid-byline'>\n\t\t\t\t\t\t\t<\/div>\n\t\t\t\t\t\t\t<div class='uagb-post__text uagb-post__excerpt'>\n\t\t\t\t\t<p>De opzegtermijnen in het arbeidsrecht zijn vastgelegd in \u00a7\u00a7 622 e.v. BGB. Er is\u2026\t\t\t\t<\/div>\n\t\t\t\n\t\t\t\t\t\t\t\t\t<\/article>\n\t\t\t\t\t\t\t\t\t\t\t\t\t\t\t\t<article class=\"uagb-post__inner-wrap\">\t\t\t\t\t\t\t\t<div class='uagb-post__image'>\n\t\t\t\t\t\t\t\t\t<a href=\"https:\/\/ru.law\/nl\/checkliste-fuer-arbeitnehmende-bei-einer-kuendigung\/\" target=\"_self\" rel=\"bookmark noopener noreferrer\" class='uagb-image-ratio-inherit'><img loading=\"lazy\" decoding=\"async\" width=\"1024\" height=\"576\" src=\"https:\/\/ru.law\/wp-content\/uploads\/2022\/05\/Rogert-Ulbrich-Rechtsanwaelte-Kanzlei-Arbeitsrecht-Kuendigungsschutzklage-Kuendigung-Checkliste-1024x576.jpg\" class=\"attachment-large size-large\" alt=\"\" srcset=\"https:\/\/ru.law\/wp-content\/uploads\/2022\/05\/Rogert-Ulbrich-Rechtsanwaelte-Kanzlei-Arbeitsrecht-Kuendigungsschutzklage-Kuendigung-Checkliste-1024x576.jpg 1024w, https:\/\/ru.law\/wp-content\/uploads\/2022\/05\/Rogert-Ulbrich-Rechtsanwaelte-Kanzlei-Arbeitsrecht-Kuendigungsschutzklage-Kuendigung-Checkliste-300x169.jpg 300w, https:\/\/ru.law\/wp-content\/uploads\/2022\/05\/Rogert-Ulbrich-Rechtsanwaelte-Kanzlei-Arbeitsrecht-Kuendigungsschutzklage-Kuendigung-Checkliste-768x432.jpg 768w, https:\/\/ru.law\/wp-content\/uploads\/2022\/05\/Rogert-Ulbrich-Rechtsanwaelte-Kanzlei-Arbeitsrecht-Kuendigungsschutzklage-Kuendigung-Checkliste.jpg 1200w\" sizes=\"auto, (max-width: 1024px) 100vw, 1024px\" \/>\t\t\t\t\t<\/a>\n\t\t\t\t\t\t\t<\/div>\n\t\t\t\t\t\t<h4 class=\"uagb-post__title uagb-post__text\">\n\t\t\t\t<a href=\"https:\/\/ru.law\/nl\/checkliste-fuer-arbeitnehmende-bei-einer-kuendigung\/\" target=\"_self\" rel=\"bookmark noopener noreferrer\">Checklist voor werknemers bij ontslag<\/a>\n\t\t\t<\/h4>\n\t\t\t\t\t\t<div class='uagb-post__text uagb-post-grid-byline'>\n\t\t\t\t\t\t\t<\/div>\n\t\t\t\t\t\t\t<div class='uagb-post__text uagb-post__excerpt'>\n\t\t\t\t\t<p>Het be\u00ebindigen van een arbeidsrelatie is in eerste instantie een zware klap. In de regel besteden we meer\u2026\t\t\t\t<\/div>\n\t\t\t\n\t\t\t\t\t\t\t\t\t<\/article>\n\t\t\t\t\t\t\t\t\t\t\t<\/div>\n\t\t\t<\/div>\n<\/div><\/section>","protected":false},"excerpt":{"rendered":"<p>Bei einem K\u00fcndigungsschutzprozess fallen in der ersten Instanz f\u00fcr jede Partei Kosten an, denn dort tr\u00e4gt jeder seine Anwaltskosten selbst.&nbsp;Dabei ist unerheblich, wer gewonnen und [&hellip;]<\/p>\n","protected":false},"author":21,"featured_media":27386,"comment_status":"closed","ping_status":"open","sticky":false,"template":"","format":"standard","meta":{"_uag_custom_page_level_css":"","site-sidebar-layout":"default","site-content-layout":"","ast-site-content-layout":"default","site-content-style":"default","site-sidebar-style":"default","ast-global-header-display":"","ast-banner-title-visibility":"","ast-main-header-display":"","ast-hfb-above-header-display":"","ast-hfb-below-header-display":"","ast-hfb-mobile-header-display":"","site-post-title":"","ast-breadcrumbs-content":"","ast-featured-img":"","footer-sml-layout":"","ast-disable-related-posts":"","theme-transparent-header-meta":"","adv-header-id-meta":"","stick-header-meta":"","header-above-stick-meta":"","header-main-stick-meta":"","header-below-stick-meta":"","astra-migrate-meta-layouts":"set","ast-page-background-enabled":"default","ast-page-background-meta":{"desktop":{"background-color":"","background-image":"","background-repeat":"repeat","background-position":"center center","background-size":"auto","background-attachment":"scroll","background-type":"","background-media":"","overlay-type":"","overlay-color":"","overlay-opacity":"","overlay-gradient":""},"tablet":{"background-color":"","background-image":"","background-repeat":"repeat","background-position":"center center","background-size":"auto","background-attachment":"scroll","background-type":"","background-media":"","overlay-type":"","overlay-color":"","overlay-opacity":"","overlay-gradient":""},"mobile":{"background-color":"","background-image":"","background-repeat":"repeat","background-position":"center center","background-size":"auto","background-attachment":"scroll","background-type":"","background-media":"","overlay-type":"","overlay-color":"","overlay-opacity":"","overlay-gradient":""}},"ast-content-background-meta":{"desktop":{"background-color":"var(--ast-global-color-5)","background-image":"","background-repeat":"repeat","background-position":"center center","background-size":"auto","background-attachment":"scroll","background-type":"","background-media":"","overlay-type":"","overlay-color":"","overlay-opacity":"","overlay-gradient":""},"tablet":{"background-color":"var(--ast-global-color-5)","background-image":"","background-repeat":"repeat","background-position":"center center","background-size":"auto","background-attachment":"scroll","background-type":"","background-media":"","overlay-type":"","overlay-color":"","overlay-opacity":"","overlay-gradient":""},"mobile":{"background-color":"var(--ast-global-color-5)","background-image":"","background-repeat":"repeat","background-position":"center center","background-size":"auto","background-attachment":"scroll","background-type":"","background-media":"","overlay-type":"","overlay-color":"","overlay-opacity":"","overlay-gradient":""}},"footnotes":""},"categories":[1139],"tags":[1065,1064,1074],"class_list":["post-27384","post","type-post","status-publish","format-standard","has-post-thumbnail","hentry","category-arbeitsrecht","tag-kuendigung","tag-kuendigungsschutz","tag-prozesskostenhilfe"],"yoast_head":"<!-- This site is optimized with the Yoast SEO Premium plugin v27.4 (Yoast SEO v27.4) - https:\/\/yoast.com\/product\/yoast-seo-premium-wordpress\/ -->\n<title>K\u00fcndigungsschutzklage: Anspruch auf Prozesskostenhilfe? -<\/title>\n<meta name=\"description\" content=\"Prozesskostenhilfe - Bei einem K\u00fcndigungsschutzprozess fallen in erster Instanz f\u00fcr jede Partei Kosten an, denn dort tr\u00e4gt jeder seine Anwaltskosten selbst.\u00a0\" \/>\n<meta name=\"robots\" content=\"index, follow, max-snippet:-1, max-image-preview:large, max-video-preview:-1\" \/>\n<link rel=\"canonical\" href=\"https:\/\/ru.law\/nl\/wann-bekomme-ich-prozesskostenhilfe\/\" \/>\n<meta property=\"og:locale\" content=\"nl_NL\" \/>\n<meta property=\"og:type\" content=\"article\" \/>\n<meta property=\"og:title\" content=\"K\u00fcndigungsschutzklage: Anspruch auf Prozesskostenhilfe?\" \/>\n<meta property=\"og:description\" content=\"Prozesskostenhilfe - Bei einem K\u00fcndigungsschutzprozess fallen in erster Instanz f\u00fcr jede Partei Kosten an, denn dort tr\u00e4gt jeder seine Anwaltskosten selbst.\u00a0\" \/>\n<meta property=\"og:url\" content=\"https:\/\/ru.law\/nl\/wann-bekomme-ich-prozesskostenhilfe\/\" \/>\n<meta property=\"og:site_name\" content=\"R&amp;U\" \/>\n<meta property=\"article:publisher\" content=\"https:\/\/www.facebook.com\/RogertUlbrich\/\" \/>\n<meta property=\"article:published_time\" content=\"2022-02-24T08:53:03+00:00\" \/>\n<meta property=\"article:modified_time\" content=\"2024-11-11T07:28:48+00:00\" \/>\n<meta property=\"og:image\" content=\"https:\/\/ru.law\/wp-content\/uploads\/2022\/02\/Rogert-Ulbrich-Rechtsanwaelte-Kanzlei-Kuendigungsschutz-Klage-Prozesskostenhilfe.jpg\" \/>\n\t<meta property=\"og:image:width\" content=\"1200\" \/>\n\t<meta property=\"og:image:height\" content=\"675\" \/>\n\t<meta property=\"og:image:type\" content=\"image\/jpeg\" \/>\n<meta name=\"author\" content=\"Marco Rogert\" \/>\n<meta name=\"twitter:card\" content=\"summary_large_image\" \/>\n<meta name=\"twitter:creator\" content=\"@RogertUlbrich\" \/>\n<meta name=\"twitter:site\" content=\"@RogertUlbrich\" \/>\n<script type=\"application\/ld+json\" class=\"yoast-schema-graph\">{\"@context\":\"https:\\\/\\\/schema.org\",\"@graph\":[{\"@type\":\"Article\",\"@id\":\"https:\\\/\\\/ru.law\\\/wann-bekomme-ich-prozesskostenhilfe\\\/#article\",\"isPartOf\":{\"@id\":\"https:\\\/\\\/ru.law\\\/wann-bekomme-ich-prozesskostenhilfe\\\/\"},\"author\":{\"name\":\"Marco Rogert\",\"@id\":\"https:\\\/\\\/ru.law\\\/#\\\/schema\\\/person\\\/b020d506e6bbc471b4565d3a98173b87\"},\"headline\":\"K\u00fcndigungsschutzklage: Anspruch auf Prozesskostenhilfe?\",\"datePublished\":\"2022-02-24T08:53:03+00:00\",\"dateModified\":\"2024-11-11T07:28:48+00:00\",\"mainEntityOfPage\":{\"@id\":\"https:\\\/\\\/ru.law\\\/wann-bekomme-ich-prozesskostenhilfe\\\/\"},\"wordCount\":290,\"publisher\":{\"@id\":\"https:\\\/\\\/ru.law\\\/#organization\"},\"image\":{\"@id\":\"https:\\\/\\\/ru.law\\\/wann-bekomme-ich-prozesskostenhilfe\\\/#primaryimage\"},\"thumbnailUrl\":\"https:\\\/\\\/ru.law\\\/wp-content\\\/uploads\\\/2022\\\/02\\\/Rogert-Ulbrich-Rechtsanwaelte-Kanzlei-Kuendigungsschutz-Klage-Prozesskostenhilfe.jpg\",\"keywords\":[\"K\u00fcndigung\",\"K\u00fcndigungsschutz\",\"Prozesskostenhilfe\"],\"articleSection\":[\"Arbeitsrecht\"],\"inLanguage\":\"nl-NL\"},{\"@type\":\"WebPage\",\"@id\":\"https:\\\/\\\/ru.law\\\/wann-bekomme-ich-prozesskostenhilfe\\\/\",\"url\":\"https:\\\/\\\/ru.law\\\/wann-bekomme-ich-prozesskostenhilfe\\\/\",\"name\":\"K\u00fcndigungsschutzklage: Anspruch auf Prozesskostenhilfe? -\",\"isPartOf\":{\"@id\":\"https:\\\/\\\/ru.law\\\/#website\"},\"primaryImageOfPage\":{\"@id\":\"https:\\\/\\\/ru.law\\\/wann-bekomme-ich-prozesskostenhilfe\\\/#primaryimage\"},\"image\":{\"@id\":\"https:\\\/\\\/ru.law\\\/wann-bekomme-ich-prozesskostenhilfe\\\/#primaryimage\"},\"thumbnailUrl\":\"https:\\\/\\\/ru.law\\\/wp-content\\\/uploads\\\/2022\\\/02\\\/Rogert-Ulbrich-Rechtsanwaelte-Kanzlei-Kuendigungsschutz-Klage-Prozesskostenhilfe.jpg\",\"datePublished\":\"2022-02-24T08:53:03+00:00\",\"dateModified\":\"2024-11-11T07:28:48+00:00\",\"description\":\"Prozesskostenhilfe - Bei einem K\u00fcndigungsschutzprozess fallen in erster Instanz f\u00fcr jede Partei Kosten an, denn dort tr\u00e4gt jeder seine Anwaltskosten selbst.\u00a0\",\"breadcrumb\":{\"@id\":\"https:\\\/\\\/ru.law\\\/wann-bekomme-ich-prozesskostenhilfe\\\/#breadcrumb\"},\"inLanguage\":\"nl-NL\",\"potentialAction\":[{\"@type\":\"ReadAction\",\"target\":[\"https:\\\/\\\/ru.law\\\/wann-bekomme-ich-prozesskostenhilfe\\\/\"]}]},{\"@type\":\"ImageObject\",\"inLanguage\":\"nl-NL\",\"@id\":\"https:\\\/\\\/ru.law\\\/wann-bekomme-ich-prozesskostenhilfe\\\/#primaryimage\",\"url\":\"https:\\\/\\\/ru.law\\\/wp-content\\\/uploads\\\/2022\\\/02\\\/Rogert-Ulbrich-Rechtsanwaelte-Kanzlei-Kuendigungsschutz-Klage-Prozesskostenhilfe.jpg\",\"contentUrl\":\"https:\\\/\\\/ru.law\\\/wp-content\\\/uploads\\\/2022\\\/02\\\/Rogert-Ulbrich-Rechtsanwaelte-Kanzlei-Kuendigungsschutz-Klage-Prozesskostenhilfe.jpg\",\"width\":1200,\"height\":675},{\"@type\":\"BreadcrumbList\",\"@id\":\"https:\\\/\\\/ru.law\\\/wann-bekomme-ich-prozesskostenhilfe\\\/#breadcrumb\",\"itemListElement\":[{\"@type\":\"ListItem\",\"position\":1,\"name\":\"Startseite\",\"item\":\"https:\\\/\\\/ru.law\\\/\"},{\"@type\":\"ListItem\",\"position\":2,\"name\":\"K\u00fcndigungsschutzklage: Anspruch auf Prozesskostenhilfe?\"}]},{\"@type\":\"WebSite\",\"@id\":\"https:\\\/\\\/ru.law\\\/#website\",\"url\":\"https:\\\/\\\/ru.law\\\/\",\"name\":\"R&U\",\"description\":\"Verbraucheranw\u00e4lte\",\"publisher\":{\"@id\":\"https:\\\/\\\/ru.law\\\/#organization\"},\"alternateName\":\"Rogert & Ulbrich\",\"potentialAction\":[{\"@type\":\"SearchAction\",\"target\":{\"@type\":\"EntryPoint\",\"urlTemplate\":\"https:\\\/\\\/ru.law\\\/?s={search_term_string}\"},\"query-input\":{\"@type\":\"PropertyValueSpecification\",\"valueRequired\":true,\"valueName\":\"search_term_string\"}}],\"inLanguage\":\"nl-NL\"},{\"@type\":\"Organization\",\"@id\":\"https:\\\/\\\/ru.law\\\/#organization\",\"name\":\"Kanzlei Rogert & Ulbrich\",\"url\":\"https:\\\/\\\/ru.law\\\/\",\"logo\":{\"@type\":\"ImageObject\",\"inLanguage\":\"nl-NL\",\"@id\":\"https:\\\/\\\/ru.law\\\/#\\\/schema\\\/logo\\\/image\\\/\",\"url\":\"https:\\\/\\\/ru.law\\\/wp-content\\\/uploads\\\/2020\\\/12\\\/logo-ru-law.svg\",\"contentUrl\":\"https:\\\/\\\/ru.law\\\/wp-content\\\/uploads\\\/2020\\\/12\\\/logo-ru-law.svg\",\"width\":992,\"height\":259,\"caption\":\"Kanzlei Rogert & Ulbrich\"},\"image\":{\"@id\":\"https:\\\/\\\/ru.law\\\/#\\\/schema\\\/logo\\\/image\\\/\"},\"sameAs\":[\"https:\\\/\\\/www.facebook.com\\\/RogertUlbrich\\\/\",\"https:\\\/\\\/x.com\\\/RogertUlbrich\",\"https:\\\/\\\/www.instagram.com\\\/rogertulbrich\\\/\",\"https:\\\/\\\/www.linkedin.com\\\/company\\\/rogert-ulbrich\\\/\",\"https:\\\/\\\/www.youtube.com\\\/channel\\\/UCganCgpvwpPFqMFf1vVmG2A\"]},{\"@type\":\"Person\",\"@id\":\"https:\\\/\\\/ru.law\\\/#\\\/schema\\\/person\\\/b020d506e6bbc471b4565d3a98173b87\",\"name\":\"Marco Rogert\",\"url\":\"https:\\\/\\\/ru.law\\\/nl\\\/author\\\/rogertru-law\\\/\"}]}<\/script>\n<!-- \/ Yoast SEO Premium plugin. -->","yoast_head_json":{"title":"K\u00fcndigungsschutzklage: Anspruch auf Prozesskostenhilfe? -","description":"Prozesskostenhilfe - Bei einem K\u00fcndigungsschutzprozess fallen in erster Instanz f\u00fcr jede Partei Kosten an, denn dort tr\u00e4gt jeder seine Anwaltskosten selbst.\u00a0","robots":{"index":"index","follow":"follow","max-snippet":"max-snippet:-1","max-image-preview":"max-image-preview:large","max-video-preview":"max-video-preview:-1"},"canonical":"https:\/\/ru.law\/nl\/wann-bekomme-ich-prozesskostenhilfe\/","og_locale":"nl_NL","og_type":"article","og_title":"K\u00fcndigungsschutzklage: Anspruch auf Prozesskostenhilfe?","og_description":"Prozesskostenhilfe - Bei einem K\u00fcndigungsschutzprozess fallen in erster Instanz f\u00fcr jede Partei Kosten an, denn dort tr\u00e4gt jeder seine Anwaltskosten selbst.\u00a0","og_url":"https:\/\/ru.law\/nl\/wann-bekomme-ich-prozesskostenhilfe\/","og_site_name":"R&amp;U","article_publisher":"https:\/\/www.facebook.com\/RogertUlbrich\/","article_published_time":"2022-02-24T08:53:03+00:00","article_modified_time":"2024-11-11T07:28:48+00:00","og_image":[{"width":1200,"height":675,"url":"https:\/\/ru.law\/wp-content\/uploads\/2022\/02\/Rogert-Ulbrich-Rechtsanwaelte-Kanzlei-Kuendigungsschutz-Klage-Prozesskostenhilfe.jpg","type":"image\/jpeg"}],"author":"Marco Rogert","twitter_card":"summary_large_image","twitter_creator":"@RogertUlbrich","twitter_site":"@RogertUlbrich","schema":{"@context":"https:\/\/schema.org","@graph":[{"@type":"Article","@id":"https:\/\/ru.law\/wann-bekomme-ich-prozesskostenhilfe\/#article","isPartOf":{"@id":"https:\/\/ru.law\/wann-bekomme-ich-prozesskostenhilfe\/"},"author":{"name":"Marco Rogert","@id":"https:\/\/ru.law\/#\/schema\/person\/b020d506e6bbc471b4565d3a98173b87"},"headline":"K\u00fcndigungsschutzklage: Anspruch auf Prozesskostenhilfe?","datePublished":"2022-02-24T08:53:03+00:00","dateModified":"2024-11-11T07:28:48+00:00","mainEntityOfPage":{"@id":"https:\/\/ru.law\/wann-bekomme-ich-prozesskostenhilfe\/"},"wordCount":290,"publisher":{"@id":"https:\/\/ru.law\/#organization"},"image":{"@id":"https:\/\/ru.law\/wann-bekomme-ich-prozesskostenhilfe\/#primaryimage"},"thumbnailUrl":"https:\/\/ru.law\/wp-content\/uploads\/2022\/02\/Rogert-Ulbrich-Rechtsanwaelte-Kanzlei-Kuendigungsschutz-Klage-Prozesskostenhilfe.jpg","keywords":["K\u00fcndigung","K\u00fcndigungsschutz","Prozesskostenhilfe"],"articleSection":["Arbeitsrecht"],"inLanguage":"nl-NL"},{"@type":"WebPage","@id":"https:\/\/ru.law\/wann-bekomme-ich-prozesskostenhilfe\/","url":"https:\/\/ru.law\/wann-bekomme-ich-prozesskostenhilfe\/","name":"K\u00fcndigungsschutzklage: Anspruch auf Prozesskostenhilfe? -","isPartOf":{"@id":"https:\/\/ru.law\/#website"},"primaryImageOfPage":{"@id":"https:\/\/ru.law\/wann-bekomme-ich-prozesskostenhilfe\/#primaryimage"},"image":{"@id":"https:\/\/ru.law\/wann-bekomme-ich-prozesskostenhilfe\/#primaryimage"},"thumbnailUrl":"https:\/\/ru.law\/wp-content\/uploads\/2022\/02\/Rogert-Ulbrich-Rechtsanwaelte-Kanzlei-Kuendigungsschutz-Klage-Prozesskostenhilfe.jpg","datePublished":"2022-02-24T08:53:03+00:00","dateModified":"2024-11-11T07:28:48+00:00","description":"Prozesskostenhilfe - Bei einem K\u00fcndigungsschutzprozess fallen in erster Instanz f\u00fcr jede Partei Kosten an, denn dort tr\u00e4gt jeder seine Anwaltskosten selbst.\u00a0","breadcrumb":{"@id":"https:\/\/ru.law\/wann-bekomme-ich-prozesskostenhilfe\/#breadcrumb"},"inLanguage":"nl-NL","potentialAction":[{"@type":"ReadAction","target":["https:\/\/ru.law\/wann-bekomme-ich-prozesskostenhilfe\/"]}]},{"@type":"ImageObject","inLanguage":"nl-NL","@id":"https:\/\/ru.law\/wann-bekomme-ich-prozesskostenhilfe\/#primaryimage","url":"https:\/\/ru.law\/wp-content\/uploads\/2022\/02\/Rogert-Ulbrich-Rechtsanwaelte-Kanzlei-Kuendigungsschutz-Klage-Prozesskostenhilfe.jpg","contentUrl":"https:\/\/ru.law\/wp-content\/uploads\/2022\/02\/Rogert-Ulbrich-Rechtsanwaelte-Kanzlei-Kuendigungsschutz-Klage-Prozesskostenhilfe.jpg","width":1200,"height":675},{"@type":"BreadcrumbList","@id":"https:\/\/ru.law\/wann-bekomme-ich-prozesskostenhilfe\/#breadcrumb","itemListElement":[{"@type":"ListItem","position":1,"name":"Startseite","item":"https:\/\/ru.law\/"},{"@type":"ListItem","position":2,"name":"K\u00fcndigungsschutzklage: Anspruch auf Prozesskostenhilfe?"}]},{"@type":"WebSite","@id":"https:\/\/ru.law\/#website","url":"https:\/\/ru.law\/","name":"R&amp;U","description":"Consumentenadvocaten","publisher":{"@id":"https:\/\/ru.law\/#organization"},"alternateName":"Rogert & Ulbrich","potentialAction":[{"@type":"SearchAction","target":{"@type":"EntryPoint","urlTemplate":"https:\/\/ru.law\/?s={search_term_string}"},"query-input":{"@type":"PropertyValueSpecification","valueRequired":true,"valueName":"search_term_string"}}],"inLanguage":"nl-NL"},{"@type":"Organization","@id":"https:\/\/ru.law\/#organization","name":"Advocatenkantoor Rogert &amp; Ulbrich","url":"https:\/\/ru.law\/","logo":{"@type":"ImageObject","inLanguage":"nl-NL","@id":"https:\/\/ru.law\/#\/schema\/logo\/image\/","url":"https:\/\/ru.law\/wp-content\/uploads\/2020\/12\/logo-ru-law.svg","contentUrl":"https:\/\/ru.law\/wp-content\/uploads\/2020\/12\/logo-ru-law.svg","width":992,"height":259,"caption":"Kanzlei Rogert & Ulbrich"},"image":{"@id":"https:\/\/ru.law\/#\/schema\/logo\/image\/"},"sameAs":["https:\/\/www.facebook.com\/RogertUlbrich\/","https:\/\/x.com\/RogertUlbrich","https:\/\/www.instagram.com\/rogertulbrich\/","https:\/\/www.linkedin.com\/company\/rogert-ulbrich\/","https:\/\/www.youtube.com\/channel\/UCganCgpvwpPFqMFf1vVmG2A"]},{"@type":"Person","@id":"https:\/\/ru.law\/#\/schema\/person\/b020d506e6bbc471b4565d3a98173b87","name":"Marco Rogert","url":"https:\/\/ru.law\/nl\/author\/rogertru-law\/"}]}},"uagb_featured_image_src":{"full":["https:\/\/ru.law\/wp-content\/uploads\/2022\/02\/Rogert-Ulbrich-Rechtsanwaelte-Kanzlei-Kuendigungsschutz-Klage-Prozesskostenhilfe.jpg",1200,675,false],"thumbnail":["https:\/\/ru.law\/wp-content\/uploads\/2022\/02\/Rogert-Ulbrich-Rechtsanwaelte-Kanzlei-Kuendigungsschutz-Klage-Prozesskostenhilfe-150x150.jpg",96,96,true],"medium":["https:\/\/ru.law\/wp-content\/uploads\/2022\/02\/Rogert-Ulbrich-Rechtsanwaelte-Kanzlei-Kuendigungsschutz-Klage-Prozesskostenhilfe-300x169.jpg",300,169,true],"medium_large":["https:\/\/ru.law\/wp-content\/uploads\/2022\/02\/Rogert-Ulbrich-Rechtsanwaelte-Kanzlei-Kuendigungsschutz-Klage-Prozesskostenhilfe-768x432.jpg",768,432,true],"large":["https:\/\/ru.law\/wp-content\/uploads\/2022\/02\/Rogert-Ulbrich-Rechtsanwaelte-Kanzlei-Kuendigungsschutz-Klage-Prozesskostenhilfe-1024x576.jpg",1024,576,true],"1536x1536":["https:\/\/ru.law\/wp-content\/uploads\/2022\/02\/Rogert-Ulbrich-Rechtsanwaelte-Kanzlei-Kuendigungsschutz-Klage-Prozesskostenhilfe.jpg",1200,675,false],"2048x2048":["https:\/\/ru.law\/wp-content\/uploads\/2022\/02\/Rogert-Ulbrich-Rechtsanwaelte-Kanzlei-Kuendigungsschutz-Klage-Prozesskostenhilfe.jpg",1200,675,false],"trp-custom-language-flag":["https:\/\/ru.law\/wp-content\/uploads\/2022\/02\/Rogert-Ulbrich-Rechtsanwaelte-Kanzlei-Kuendigungsschutz-Klage-Prozesskostenhilfe.jpg",18,10,false]},"uagb_author_info":{"display_name":"Marco Rogert","author_link":"https:\/\/ru.law\/nl\/author\/rogertru-law\/"},"uagb_comment_info":0,"uagb_excerpt":"Bei einem K\u00fcndigungsschutzprozess fallen in der ersten Instanz f\u00fcr jede Partei Kosten an, denn dort tr\u00e4gt jeder seine Anwaltskosten selbst.&nbsp;Dabei ist unerheblich, wer gewonnen und [&hellip;]","_links":{"self":[{"href":"https:\/\/ru.law\/nl\/wp-json\/wp\/v2\/posts\/27384","targetHints":{"allow":["GET"]}}],"collection":[{"href":"https:\/\/ru.law\/nl\/wp-json\/wp\/v2\/posts"}],"about":[{"href":"https:\/\/ru.law\/nl\/wp-json\/wp\/v2\/types\/post"}],"author":[{"embeddable":true,"href":"https:\/\/ru.law\/nl\/wp-json\/wp\/v2\/users\/21"}],"replies":[{"embeddable":true,"href":"https:\/\/ru.law\/nl\/wp-json\/wp\/v2\/comments?post=27384"}],"version-history":[{"count":0,"href":"https:\/\/ru.law\/nl\/wp-json\/wp\/v2\/posts\/27384\/revisions"}],"wp:featuredmedia":[{"embeddable":true,"href":"https:\/\/ru.law\/nl\/wp-json\/wp\/v2\/media\/27386"}],"wp:attachment":[{"href":"https:\/\/ru.law\/nl\/wp-json\/wp\/v2\/media?parent=27384"}],"wp:term":[{"taxonomy":"category","embeddable":true,"href":"https:\/\/ru.law\/nl\/wp-json\/wp\/v2\/categories?post=27384"},{"taxonomy":"post_tag","embeddable":true,"href":"https:\/\/ru.law\/nl\/wp-json\/wp\/v2\/tags?post=27384"}],"curies":[{"name":"wp","href":"https:\/\/api.w.org\/{rel}","templated":true}]}}