{"id":26120,"date":"2022-02-09T10:46:26","date_gmt":"2022-02-09T09:46:26","guid":{"rendered":"https:\/\/ru.law\/?p=26120"},"modified":"2024-07-08T13:12:00","modified_gmt":"2024-07-08T11:12:00","slug":"audi-abgasskandal-neue-entscheidung-zu-3-liter-v6-motor","status":"publish","type":"post","link":"https:\/\/ru.law\/nl\/audi-abgasskandal-neue-entscheidung-zu-3-liter-v6-motor\/","title":{"rendered":"Audi-emissieschandaal: nieuwe beslissing over 3-liter V6-motor"},"content":{"rendered":"<p>De regionale rechtbank van Neurenberg-F\u00fcrth heeft Audi AG bevolen een <a href=\"https:\/\/ru.law\/nl\/expertise\/abgasskandal\/3-liter-motoren\/#modelle\">Audi SQ5<\/a> <a href=\"https:\/\/ru.law\/nl\/expertise\/abgasskandal\/3-liter-motoren\/#motor\">3.0 (met V6-motor)<\/a> en een schadevergoeding van \u20ac 58.971,- (arrest van 2 februari 2022, zaaknummer 16 O 2782\/21). De door ons vertegenwoordigde eiser had het voertuig met emissieklasse Euro 6 als nieuwe auto gekocht voor een aankoopprijs van \u20ac 83.075,-. Tijdens de hoorzitting had de Audi een kilometerstand van 87.044. <\/p>\n\n\n\n<p>De rechtbank gaat onbetwist uit van het bestaan van een <a href=\"https:\/\/ru.law\/nl\/expertise\/abgasskandal\/3-liter-motoren\/#rueckruf\">ontoelaatbare uitschakelvoorziening van het emissiecontrolesysteem volgens artikel 5, lid 2, zin 1 van Verordening 715\/2007\/EG<\/a> uit. Het betreffende voertuig maakt gebruik van twee verschillende bedrijfsmodi. Er worden verschillende parameters gebruikt om te bepalen of het op de testbank staat. Op de testbank werkt de uitlaatgasreiniging effectiever. In re\u00eble rijomstandigheden op de weg worden echter meer stikstofoxiden uitgestoten. Volgens de rechtbank hoeft de testbank niet exact gelijk te zijn aan de werkelijke rijsituatie, maar de motorregeling moet in essentie wel hetzelfde functioneren. <\/p>\n\n\n\n<h2 class=\"wp-block-heading\" id=\"h-audi-tauschte-vorsatzlich-um-hohere-gewinne-zu-erzielen\">Audi heeft opzettelijk bedrogen om hogere winsten te behalen <\/h2>\n\n\n\n<p>Volgens de regionale rechtbank van Neurenberg-F\u00fcrth is het gedrag van Audi AG ook als immoreel te beschouwen. Dit bedrijf misleidde potenti\u00eble kopers opzettelijk om de betreffende voertuigen te kopen. Omdat de ge\u00efnstalleerde <a href=\"https:\/\/ru.law\/nl\/expertise\/abgasskandal\/3-liter-motoren\/#abschalteinrichtungen\">ontoelaatbare uitschakelinrichting<\/a> niet bekend is gemaakt, is er sprake van opzettelijke misleiding. <\/p>\n\n\n\n<p>Het doel van het ontwerp was waarschijnlijk om de voertuigen in kwestie interessant te maken voor milieubewuste kopers. Hierdoor kon Audi een groter aantal voertuigen verkopen en dus hogere winsten genereren. Volgens de rechtbank moet Audi AG er ook van op de hoogte zijn geweest dat er schade voor de koper zou ontstaan. Op zijn minst bestaat het risico dat de exploitatievergunning vanwege het manipulatie-instrument wordt ingetrokken. <\/p>\n\n\n\n<p>Audi heeft daarmee de milieuvoorschriften overtreden en het bestaan van een illegaal manipulatie-instrument systematisch voor consumenten verborgen gehouden om zo een concurrentievoordeel te behalen. <\/p>\n\n\n\n<h3 class=\"wp-block-heading\" id=\"h-rogert-ulbrich-empfiehlt\">Rogert &amp; Ulbrich beveelt aan <\/h3>\n\n\n\n<p>Sinds 2007 voeren wij namens consumenten landelijke strijd tegen grote ondernemingen. Via ons eigen bedrijf <a href=\"https:\/\/ru.law\/nl\/expertise\/abgasskandal\/3-liter-motoren\/#urteile\">databank <\/a>stelt ons in staat de meest optimale processtrategie te identificeren met de grootste kans op succes. Ons\u00a0<a href=\"https:\/\/ru.law\/nl\/expertise\/abgasskandal\/3-liter-motoren\/#erstberatung\">eerste consult\u00a0<\/a>is gratis en vrijblijvend.\u00a0<a href=\"https:\/\/ru.law\/nl\/expertise\/abgasskandal\/3-liter-motoren\/#mandat\">Vraag vrijblijvend advies.<\/a><\/p>\n\n\n\n<section class=\"wp-block-uagb-columns uagb-columns__wrap uagb-columns__background-undefined uagb-columns__stack-mobile uagb-columns__valign-undefined uagb-columns__gap-10 alignundefined uagb-block-86836ea5 contrast blog_beitraege\"><div class=\"uagb-columns__overlay\"><\/div><div class=\"uagb-columns__inner-wrap uagb-columns__columns-1\">\n<div class=\"wp-block-uagb-column uagb-column__wrap uagb-column__background-undefined uagb-block-b1a76a14\"><div class=\"uagb-column__overlay\"><\/div><div class=\"uagb-column__inner-wrap\">\n<h3 class=\"wp-block-heading\" id=\"h-das-konnte-sie-auch-interessieren\">Misschien bent u ook ge\u00efnteresseerd in:<\/h3>\n\n\n\n\t\t\t<div class=\"wp-block-uagb-post-grid uagb-post-grid  uagb-post__image-position-top uagb-post__image-enabled uagb-block-e212a6bd     uagb-post__items uagb-post__columns-3 is-grid uagb-post__columns-tablet-2 uagb-post__columns-mobile-1 uagb-post__equal-height\" data-total=\"12\" style=\"\">\n\n\t\t\t\t\t\t\t\t\t\t\t\t<article class=\"uagb-post__inner-wrap\">\t\t\t\t\t\t\t\t<div class='uagb-post__image'>\n\t\t\t\t\t\t\t\t\t<a href=\"https:\/\/ru.law\/nl\/zahlreiche-positive-urteile-fuer-verbraucher-am-landgericht-ingolstadt\/\" target=\"_self\" rel=\"bookmark noopener noreferrer\" class='uagb-image-ratio-inherit'><img loading=\"lazy\" decoding=\"async\" width=\"1024\" height=\"576\" src=\"https:\/\/ru.law\/wp-content\/uploads\/2021\/01\/audi-a6-1024x576.jpg\" class=\"attachment-large size-large\" alt=\"\" srcset=\"https:\/\/ru.law\/wp-content\/uploads\/2021\/01\/audi-a6-1024x576.jpg 1024w, https:\/\/ru.law\/wp-content\/uploads\/2021\/01\/audi-a6-300x169.jpg 300w, https:\/\/ru.law\/wp-content\/uploads\/2021\/01\/audi-a6-768x432.jpg 768w, https:\/\/ru.law\/wp-content\/uploads\/2021\/01\/audi-a6.jpg 1200w\" sizes=\"auto, (max-width: 1024px) 100vw, 1024px\" \/>\t\t\t\t\t<\/a>\n\t\t\t\t\t\t\t<\/div>\n\t\t\t\t\t\t<h4 class=\"uagb-post__title uagb-post__text\">\n\t\t\t\t<a href=\"https:\/\/ru.law\/nl\/zahlreiche-positive-urteile-fuer-verbraucher-am-landgericht-ingolstadt\/\" target=\"_self\" rel=\"bookmark noopener noreferrer\">Talrijke positieve uitspraken voor consumenten bij de regionale rechtbank van Ingolstadt<\/a>\n\t\t\t<\/h4>\n\t\t\t\t\t\t<div class='uagb-post__text uagb-post-grid-byline'>\n\t\t\t\t\t\t\t<\/div>\n\t\t\t\t\t\t\t<div class='uagb-post__text uagb-post__excerpt'>\n\t\t\t\t\t<p>Audi AG werd in januari 2021 meerdere malen veroordeeld tot het betalen van schadevergoeding. In een recente uitspraak van 15 januari 2021,\u2026\t\t\t\t<\/div>\n\t\t\t\n\t\t\t\t\t\t\t\t\t<\/article>\n\t\t\t\t\t\t\t\t\t\t\t\t\t\t\t\t<article class=\"uagb-post__inner-wrap\">\t\t\t\t\t\t\t\t<div class='uagb-post__image'>\n\t\t\t\t\t\t\t\t\t<a href=\"https:\/\/ru.law\/nl\/vtdi-abgasskandal-rund-um-vw-audi-und-porsche\/\" target=\"_self\" rel=\"bookmark noopener noreferrer\" class='uagb-image-ratio-inherit'><img loading=\"lazy\" decoding=\"async\" width=\"1024\" height=\"576\" src=\"https:\/\/ru.law\/wp-content\/uploads\/2022\/01\/Rogert-Ulbrich-Rechtsanwaelte-Kanzlei-Abgasskandal-Audi-Verjaehrung-2022-1024x576.jpg\" class=\"attachment-large size-large\" alt=\"\" srcset=\"https:\/\/ru.law\/wp-content\/uploads\/2022\/01\/Rogert-Ulbrich-Rechtsanwaelte-Kanzlei-Abgasskandal-Audi-Verjaehrung-2022-1024x576.jpg 1024w, https:\/\/ru.law\/wp-content\/uploads\/2022\/01\/Rogert-Ulbrich-Rechtsanwaelte-Kanzlei-Abgasskandal-Audi-Verjaehrung-2022-300x169.jpg 300w, https:\/\/ru.law\/wp-content\/uploads\/2022\/01\/Rogert-Ulbrich-Rechtsanwaelte-Kanzlei-Abgasskandal-Audi-Verjaehrung-2022-768x432.jpg 768w, https:\/\/ru.law\/wp-content\/uploads\/2022\/01\/Rogert-Ulbrich-Rechtsanwaelte-Kanzlei-Abgasskandal-Audi-Verjaehrung-2022.jpg 1200w\" sizes=\"auto, (max-width: 1024px) 100vw, 1024px\" \/>\t\t\t\t\t<\/a>\n\t\t\t\t\t\t\t<\/div>\n\t\t\t\t\t\t<h4 class=\"uagb-post__title uagb-post__text\">\n\t\t\t\t<a href=\"https:\/\/ru.law\/nl\/vtdi-abgasskandal-rund-um-vw-audi-und-porsche\/\" target=\"_self\" rel=\"bookmark noopener noreferrer\">VTDI-emissieschandaal waarbij VW, Audi en Porsche betrokken zijn<\/a>\n\t\t\t<\/h4>\n\t\t\t\t\t\t<div class='uagb-post__text uagb-post-grid-byline'>\n\t\t\t\t\t\t\t<\/div>\n\t\t\t\t\t\t\t<div class='uagb-post__text uagb-post__excerpt'>\n\t\t\t\t\t<p>Voor veel Duitse autofabrikanten is het dieselemissieschandaal nog steeds alomtegenwoordig, ook voor de VW Groep\u2026\t\t\t\t<\/div>\n\t\t\t\n\t\t\t\t\t\t\t\t\t<\/article>\n\t\t\t\t\t\t\t\t\t\t\t\t\t\t\t\t<article class=\"uagb-post__inner-wrap\">\t\t\t\t\t\t\t\t<div class='uagb-post__image'>\n\t\t\t\t\t\t\t\t\t<a href=\"https:\/\/ru.law\/nl\/verjaehrung-im-audi-abgasskandal-zum-ende-des-jahres-2021\/\" target=\"_self\" rel=\"bookmark noopener noreferrer\" class='uagb-image-ratio-inherit'><img loading=\"lazy\" decoding=\"async\" width=\"1024\" height=\"576\" src=\"https:\/\/ru.law\/wp-content\/uploads\/2021\/12\/Rogert-Ulbrich-Rechtsanwaelte-Kanzlei-Abgasskandal-Audi-Verjaehrung-3-Liter-1024x576.jpg\" class=\"attachment-large size-large\" alt=\"\" srcset=\"https:\/\/ru.law\/wp-content\/uploads\/2021\/12\/Rogert-Ulbrich-Rechtsanwaelte-Kanzlei-Abgasskandal-Audi-Verjaehrung-3-Liter-1024x576.jpg 1024w, https:\/\/ru.law\/wp-content\/uploads\/2021\/12\/Rogert-Ulbrich-Rechtsanwaelte-Kanzlei-Abgasskandal-Audi-Verjaehrung-3-Liter-300x169.jpg 300w, https:\/\/ru.law\/wp-content\/uploads\/2021\/12\/Rogert-Ulbrich-Rechtsanwaelte-Kanzlei-Abgasskandal-Audi-Verjaehrung-3-Liter-768x432.jpg 768w, https:\/\/ru.law\/wp-content\/uploads\/2021\/12\/Rogert-Ulbrich-Rechtsanwaelte-Kanzlei-Abgasskandal-Audi-Verjaehrung-3-Liter.jpg 1200w\" sizes=\"auto, (max-width: 1024px) 100vw, 1024px\" \/>\t\t\t\t\t<\/a>\n\t\t\t\t\t\t\t<\/div>\n\t\t\t\t\t\t<h4 class=\"uagb-post__title uagb-post__text\">\n\t\t\t\t<a href=\"https:\/\/ru.law\/nl\/verjaehrung-im-audi-abgasskandal-zum-ende-des-jahres-2021\/\" target=\"_self\" rel=\"bookmark noopener noreferrer\">Verjaringstermijn in het Audi-emissieschandaal eind 2021<\/a>\n\t\t\t<\/h4>\n\t\t\t\t\t\t<div class='uagb-post__text uagb-post-grid-byline'>\n\t\t\t\t\t\t\t<\/div>\n\t\t\t\t\t\t\t<div class='uagb-post__text uagb-post__excerpt'>\n\t\t\t\t\t<p>Sinds 2018 heeft de Bundesautomobilausstellung (KBA) al talrijke terugroepacties onder de terugroepcode 23X6 bevolen, omdat\u2026\t\t\t\t<\/div>\n\t\t\t\n\t\t\t\t\t\t\t\t\t<\/article>\n\t\t\t\t\t\t\t\t\t\t\t<\/div>\n\t\t\t<\/div><\/div>\n<\/div><\/section>","protected":false},"excerpt":{"rendered":"<p>Das Landgericht N\u00fcrnberg-F\u00fcrth verurteilte die Audi AG zur R\u00fccknahme eines Audi SQ5 3.0 (mit V6-Motor) und Schadensersatzzahlung in H\u00f6he von \u20ac 58.971,- (Urteil vom 02.02.2022, [&hellip;]<\/p>\n","protected":false},"author":21,"featured_media":26123,"comment_status":"closed","ping_status":"open","sticky":false,"template":"","format":"standard","meta":{"_uag_custom_page_level_css":"","site-sidebar-layout":"default","site-content-layout":"","ast-site-content-layout":"default","site-content-style":"default","site-sidebar-style":"default","ast-global-header-display":"","ast-banner-title-visibility":"","ast-main-header-display":"","ast-hfb-above-header-display":"","ast-hfb-below-header-display":"","ast-hfb-mobile-header-display":"","site-post-title":"","ast-breadcrumbs-content":"","ast-featured-img":"","footer-sml-layout":"","ast-disable-related-posts":"","theme-transparent-header-meta":"","adv-header-id-meta":"","stick-header-meta":"","header-above-stick-meta":"","header-main-stick-meta":"","header-below-stick-meta":"","astra-migrate-meta-layouts":"default","ast-page-background-enabled":"default","ast-page-background-meta":{"desktop":{"background-color":"","background-image":"","background-repeat":"repeat","background-position":"center center","background-size":"auto","background-attachment":"scroll","background-type":"","background-media":"","overlay-type":"","overlay-color":"","overlay-opacity":"","overlay-gradient":""},"tablet":{"background-color":"","background-image":"","background-repeat":"repeat","background-position":"center center","background-size":"auto","background-attachment":"scroll","background-type":"","background-media":"","overlay-type":"","overlay-color":"","overlay-opacity":"","overlay-gradient":""},"mobile":{"background-color":"","background-image":"","background-repeat":"repeat","background-position":"center center","background-size":"auto","background-attachment":"scroll","background-type":"","background-media":"","overlay-type":"","overlay-color":"","overlay-opacity":"","overlay-gradient":""}},"ast-content-background-meta":{"desktop":{"background-color":"var(--ast-global-color-5)","background-image":"","background-repeat":"repeat","background-position":"center center","background-size":"auto","background-attachment":"scroll","background-type":"","background-media":"","overlay-type":"","overlay-color":"","overlay-opacity":"","overlay-gradient":""},"tablet":{"background-color":"var(--ast-global-color-5)","background-image":"","background-repeat":"repeat","background-position":"center center","background-size":"auto","background-attachment":"scroll","background-type":"","background-media":"","overlay-type":"","overlay-color":"","overlay-opacity":"","overlay-gradient":""},"mobile":{"background-color":"var(--ast-global-color-5)","background-image":"","background-repeat":"repeat","background-position":"center center","background-size":"auto","background-attachment":"scroll","background-type":"","background-media":"","overlay-type":"","overlay-color":"","overlay-opacity":"","overlay-gradient":""}},"footnotes":""},"categories":[2,507],"tags":[1039,895,9,24,697,35,37,41],"class_list":["post-26120","post","type-post","status-publish","format-standard","has-post-thumbnail","hentry","category-abgasskandal","category-urteile","tag-3-liter","tag-abschalteinrichtung","tag-audi","tag-euro-6","tag-kba","tag-rueckruf","tag-schadensersatz","tag-thermofenster"],"yoast_head":"<!-- This site is optimized with the Yoast SEO Premium plugin v27.4 (Yoast SEO v27.4) - https:\/\/yoast.com\/product\/yoast-seo-premium-wordpress\/ -->\n<title>Audi-Abgasskandal: Neue Entscheidung zu 3-Liter-V6-Motor - R&amp;U<\/title>\n<meta name=\"description\" content=\"Audi AG t\u00e4uschte Kaufinteressenten laut Landgericht N\u00fcrnberg-F\u00fcrth vors\u00e4tzlich um h\u00f6here Gewinne zu erzielen.\" \/>\n<meta name=\"robots\" content=\"index, follow, max-snippet:-1, max-image-preview:large, max-video-preview:-1\" \/>\n<link rel=\"canonical\" href=\"https:\/\/ru.law\/nl\/audi-abgasskandal-neue-entscheidung-zu-3-liter-v6-motor\/\" \/>\n<meta property=\"og:locale\" content=\"nl_NL\" \/>\n<meta property=\"og:type\" content=\"article\" \/>\n<meta property=\"og:title\" content=\"Audi-Abgasskandal: Neue Entscheidung zu 3-Liter-V6-Motor\" \/>\n<meta property=\"og:description\" content=\"Audi AG t\u00e4uschte Kaufinteressenten laut Landgericht N\u00fcrnberg-F\u00fcrth vors\u00e4tzlich um h\u00f6here Gewinne zu erzielen.\" \/>\n<meta property=\"og:url\" content=\"https:\/\/ru.law\/nl\/audi-abgasskandal-neue-entscheidung-zu-3-liter-v6-motor\/\" \/>\n<meta property=\"og:site_name\" content=\"R&amp;U\" \/>\n<meta property=\"article:publisher\" content=\"https:\/\/www.facebook.com\/RogertUlbrich\/\" \/>\n<meta property=\"article:published_time\" content=\"2022-02-09T09:46:26+00:00\" \/>\n<meta property=\"article:modified_time\" content=\"2024-07-08T11:12:00+00:00\" \/>\n<meta property=\"og:image\" content=\"https:\/\/ru.law\/wp-content\/uploads\/2022\/02\/Rogert-Ulbrich-Rechtanwaelte-Kanzlei-Abgasskandal-Urteile-Audi-3-Liter.jpg\" \/>\n\t<meta property=\"og:image:width\" content=\"1200\" \/>\n\t<meta property=\"og:image:height\" content=\"675\" \/>\n\t<meta property=\"og:image:type\" content=\"image\/jpeg\" \/>\n<meta name=\"author\" content=\"Marco Rogert\" \/>\n<meta name=\"twitter:card\" content=\"summary_large_image\" \/>\n<meta name=\"twitter:creator\" content=\"@RogertUlbrich\" \/>\n<meta name=\"twitter:site\" content=\"@RogertUlbrich\" \/>\n<script type=\"application\/ld+json\" class=\"yoast-schema-graph\">{\"@context\":\"https:\\\/\\\/schema.org\",\"@graph\":[{\"@type\":\"Article\",\"@id\":\"https:\\\/\\\/ru.law\\\/audi-abgasskandal-neue-entscheidung-zu-3-liter-v6-motor\\\/#article\",\"isPartOf\":{\"@id\":\"https:\\\/\\\/ru.law\\\/audi-abgasskandal-neue-entscheidung-zu-3-liter-v6-motor\\\/\"},\"author\":{\"name\":\"Marco Rogert\",\"@id\":\"https:\\\/\\\/ru.law\\\/#\\\/schema\\\/person\\\/b020d506e6bbc471b4565d3a98173b87\"},\"headline\":\"Audi-Abgasskandal: Neue Entscheidung zu 3-Liter-V6-Motor\",\"datePublished\":\"2022-02-09T09:46:26+00:00\",\"dateModified\":\"2024-07-08T11:12:00+00:00\",\"mainEntityOfPage\":{\"@id\":\"https:\\\/\\\/ru.law\\\/audi-abgasskandal-neue-entscheidung-zu-3-liter-v6-motor\\\/\"},\"wordCount\":357,\"publisher\":{\"@id\":\"https:\\\/\\\/ru.law\\\/#organization\"},\"image\":{\"@id\":\"https:\\\/\\\/ru.law\\\/audi-abgasskandal-neue-entscheidung-zu-3-liter-v6-motor\\\/#primaryimage\"},\"thumbnailUrl\":\"https:\\\/\\\/ru.law\\\/wp-content\\\/uploads\\\/2022\\\/02\\\/Rogert-Ulbrich-Rechtanwaelte-Kanzlei-Abgasskandal-Urteile-Audi-3-Liter.jpg\",\"keywords\":[\"3-Liter\",\"Abschalteinrichtung\",\"Audi\",\"Euro-6\",\"KBA\",\"R\u00fcckruf\",\"Schadensersatz\",\"Thermofenster\"],\"articleSection\":[\"Abgasskandal\",\"Urteile\"],\"inLanguage\":\"nl-NL\"},{\"@type\":\"WebPage\",\"@id\":\"https:\\\/\\\/ru.law\\\/audi-abgasskandal-neue-entscheidung-zu-3-liter-v6-motor\\\/\",\"url\":\"https:\\\/\\\/ru.law\\\/audi-abgasskandal-neue-entscheidung-zu-3-liter-v6-motor\\\/\",\"name\":\"Audi-Abgasskandal: Neue Entscheidung zu 3-Liter-V6-Motor - R&amp;U\",\"isPartOf\":{\"@id\":\"https:\\\/\\\/ru.law\\\/#website\"},\"primaryImageOfPage\":{\"@id\":\"https:\\\/\\\/ru.law\\\/audi-abgasskandal-neue-entscheidung-zu-3-liter-v6-motor\\\/#primaryimage\"},\"image\":{\"@id\":\"https:\\\/\\\/ru.law\\\/audi-abgasskandal-neue-entscheidung-zu-3-liter-v6-motor\\\/#primaryimage\"},\"thumbnailUrl\":\"https:\\\/\\\/ru.law\\\/wp-content\\\/uploads\\\/2022\\\/02\\\/Rogert-Ulbrich-Rechtanwaelte-Kanzlei-Abgasskandal-Urteile-Audi-3-Liter.jpg\",\"datePublished\":\"2022-02-09T09:46:26+00:00\",\"dateModified\":\"2024-07-08T11:12:00+00:00\",\"description\":\"Audi AG t\u00e4uschte Kaufinteressenten laut Landgericht N\u00fcrnberg-F\u00fcrth vors\u00e4tzlich um h\u00f6here Gewinne zu erzielen.\",\"breadcrumb\":{\"@id\":\"https:\\\/\\\/ru.law\\\/audi-abgasskandal-neue-entscheidung-zu-3-liter-v6-motor\\\/#breadcrumb\"},\"inLanguage\":\"nl-NL\",\"potentialAction\":[{\"@type\":\"ReadAction\",\"target\":[\"https:\\\/\\\/ru.law\\\/audi-abgasskandal-neue-entscheidung-zu-3-liter-v6-motor\\\/\"]}]},{\"@type\":\"ImageObject\",\"inLanguage\":\"nl-NL\",\"@id\":\"https:\\\/\\\/ru.law\\\/audi-abgasskandal-neue-entscheidung-zu-3-liter-v6-motor\\\/#primaryimage\",\"url\":\"https:\\\/\\\/ru.law\\\/wp-content\\\/uploads\\\/2022\\\/02\\\/Rogert-Ulbrich-Rechtanwaelte-Kanzlei-Abgasskandal-Urteile-Audi-3-Liter.jpg\",\"contentUrl\":\"https:\\\/\\\/ru.law\\\/wp-content\\\/uploads\\\/2022\\\/02\\\/Rogert-Ulbrich-Rechtanwaelte-Kanzlei-Abgasskandal-Urteile-Audi-3-Liter.jpg\",\"width\":1200,\"height\":675},{\"@type\":\"BreadcrumbList\",\"@id\":\"https:\\\/\\\/ru.law\\\/audi-abgasskandal-neue-entscheidung-zu-3-liter-v6-motor\\\/#breadcrumb\",\"itemListElement\":[{\"@type\":\"ListItem\",\"position\":1,\"name\":\"Startseite\",\"item\":\"https:\\\/\\\/ru.law\\\/\"},{\"@type\":\"ListItem\",\"position\":2,\"name\":\"Audi-Abgasskandal: Neue Entscheidung zu 3-Liter-V6-Motor\"}]},{\"@type\":\"WebSite\",\"@id\":\"https:\\\/\\\/ru.law\\\/#website\",\"url\":\"https:\\\/\\\/ru.law\\\/\",\"name\":\"R&U\",\"description\":\"Verbraucheranw\u00e4lte\",\"publisher\":{\"@id\":\"https:\\\/\\\/ru.law\\\/#organization\"},\"alternateName\":\"Rogert & Ulbrich\",\"potentialAction\":[{\"@type\":\"SearchAction\",\"target\":{\"@type\":\"EntryPoint\",\"urlTemplate\":\"https:\\\/\\\/ru.law\\\/?s={search_term_string}\"},\"query-input\":{\"@type\":\"PropertyValueSpecification\",\"valueRequired\":true,\"valueName\":\"search_term_string\"}}],\"inLanguage\":\"nl-NL\"},{\"@type\":\"Organization\",\"@id\":\"https:\\\/\\\/ru.law\\\/#organization\",\"name\":\"Kanzlei Rogert & Ulbrich\",\"url\":\"https:\\\/\\\/ru.law\\\/\",\"logo\":{\"@type\":\"ImageObject\",\"inLanguage\":\"nl-NL\",\"@id\":\"https:\\\/\\\/ru.law\\\/#\\\/schema\\\/logo\\\/image\\\/\",\"url\":\"https:\\\/\\\/ru.law\\\/wp-content\\\/uploads\\\/2020\\\/12\\\/logo-ru-law.svg\",\"contentUrl\":\"https:\\\/\\\/ru.law\\\/wp-content\\\/uploads\\\/2020\\\/12\\\/logo-ru-law.svg\",\"width\":992,\"height\":259,\"caption\":\"Kanzlei Rogert & Ulbrich\"},\"image\":{\"@id\":\"https:\\\/\\\/ru.law\\\/#\\\/schema\\\/logo\\\/image\\\/\"},\"sameAs\":[\"https:\\\/\\\/www.facebook.com\\\/RogertUlbrich\\\/\",\"https:\\\/\\\/x.com\\\/RogertUlbrich\",\"https:\\\/\\\/www.instagram.com\\\/rogertulbrich\\\/\",\"https:\\\/\\\/www.linkedin.com\\\/company\\\/rogert-ulbrich\\\/\",\"https:\\\/\\\/www.youtube.com\\\/channel\\\/UCganCgpvwpPFqMFf1vVmG2A\"]},{\"@type\":\"Person\",\"@id\":\"https:\\\/\\\/ru.law\\\/#\\\/schema\\\/person\\\/b020d506e6bbc471b4565d3a98173b87\",\"name\":\"Marco Rogert\",\"url\":\"https:\\\/\\\/ru.law\\\/nl\\\/author\\\/rogertru-law\\\/\"}]}<\/script>\n<!-- \/ Yoast SEO Premium plugin. -->","yoast_head_json":{"title":"Audi-emissieschandaal: nieuwe beslissing over 3-liter V6-motor - R&amp;U","description":"Volgens de regionale rechtbank van Neurenberg-F\u00fcrth heeft Audi AG potenti\u00eble kopers opzettelijk misleid om hogere winsten te behalen.","robots":{"index":"index","follow":"follow","max-snippet":"max-snippet:-1","max-image-preview":"max-image-preview:large","max-video-preview":"max-video-preview:-1"},"canonical":"https:\/\/ru.law\/nl\/audi-abgasskandal-neue-entscheidung-zu-3-liter-v6-motor\/","og_locale":"nl_NL","og_type":"article","og_title":"Audi-Abgasskandal: Neue Entscheidung zu 3-Liter-V6-Motor","og_description":"Audi AG t\u00e4uschte Kaufinteressenten laut Landgericht N\u00fcrnberg-F\u00fcrth vors\u00e4tzlich um h\u00f6here Gewinne zu erzielen.","og_url":"https:\/\/ru.law\/nl\/audi-abgasskandal-neue-entscheidung-zu-3-liter-v6-motor\/","og_site_name":"R&amp;U","article_publisher":"https:\/\/www.facebook.com\/RogertUlbrich\/","article_published_time":"2022-02-09T09:46:26+00:00","article_modified_time":"2024-07-08T11:12:00+00:00","og_image":[{"width":1200,"height":675,"url":"https:\/\/ru.law\/wp-content\/uploads\/2022\/02\/Rogert-Ulbrich-Rechtanwaelte-Kanzlei-Abgasskandal-Urteile-Audi-3-Liter.jpg","type":"image\/jpeg"}],"author":"Marco Rogert","twitter_card":"summary_large_image","twitter_creator":"@RogertUlbrich","twitter_site":"@RogertUlbrich","schema":{"@context":"https:\/\/schema.org","@graph":[{"@type":"Article","@id":"https:\/\/ru.law\/audi-abgasskandal-neue-entscheidung-zu-3-liter-v6-motor\/#article","isPartOf":{"@id":"https:\/\/ru.law\/audi-abgasskandal-neue-entscheidung-zu-3-liter-v6-motor\/"},"author":{"name":"Marco Rogert","@id":"https:\/\/ru.law\/#\/schema\/person\/b020d506e6bbc471b4565d3a98173b87"},"headline":"Audi-Abgasskandal: Neue Entscheidung zu 3-Liter-V6-Motor","datePublished":"2022-02-09T09:46:26+00:00","dateModified":"2024-07-08T11:12:00+00:00","mainEntityOfPage":{"@id":"https:\/\/ru.law\/audi-abgasskandal-neue-entscheidung-zu-3-liter-v6-motor\/"},"wordCount":357,"publisher":{"@id":"https:\/\/ru.law\/#organization"},"image":{"@id":"https:\/\/ru.law\/audi-abgasskandal-neue-entscheidung-zu-3-liter-v6-motor\/#primaryimage"},"thumbnailUrl":"https:\/\/ru.law\/wp-content\/uploads\/2022\/02\/Rogert-Ulbrich-Rechtanwaelte-Kanzlei-Abgasskandal-Urteile-Audi-3-Liter.jpg","keywords":["3-Liter","Abschalteinrichtung","Audi","Euro-6","KBA","R\u00fcckruf","Schadensersatz","Thermofenster"],"articleSection":["Abgasskandal","Urteile"],"inLanguage":"nl-NL"},{"@type":"WebPage","@id":"https:\/\/ru.law\/audi-abgasskandal-neue-entscheidung-zu-3-liter-v6-motor\/","url":"https:\/\/ru.law\/audi-abgasskandal-neue-entscheidung-zu-3-liter-v6-motor\/","name":"Audi-emissieschandaal: nieuwe beslissing over 3-liter V6-motor - R&amp;U","isPartOf":{"@id":"https:\/\/ru.law\/#website"},"primaryImageOfPage":{"@id":"https:\/\/ru.law\/audi-abgasskandal-neue-entscheidung-zu-3-liter-v6-motor\/#primaryimage"},"image":{"@id":"https:\/\/ru.law\/audi-abgasskandal-neue-entscheidung-zu-3-liter-v6-motor\/#primaryimage"},"thumbnailUrl":"https:\/\/ru.law\/wp-content\/uploads\/2022\/02\/Rogert-Ulbrich-Rechtanwaelte-Kanzlei-Abgasskandal-Urteile-Audi-3-Liter.jpg","datePublished":"2022-02-09T09:46:26+00:00","dateModified":"2024-07-08T11:12:00+00:00","description":"Volgens de regionale rechtbank van Neurenberg-F\u00fcrth heeft Audi AG potenti\u00eble kopers opzettelijk misleid om hogere winsten te behalen.","breadcrumb":{"@id":"https:\/\/ru.law\/audi-abgasskandal-neue-entscheidung-zu-3-liter-v6-motor\/#breadcrumb"},"inLanguage":"nl-NL","potentialAction":[{"@type":"ReadAction","target":["https:\/\/ru.law\/audi-abgasskandal-neue-entscheidung-zu-3-liter-v6-motor\/"]}]},{"@type":"ImageObject","inLanguage":"nl-NL","@id":"https:\/\/ru.law\/audi-abgasskandal-neue-entscheidung-zu-3-liter-v6-motor\/#primaryimage","url":"https:\/\/ru.law\/wp-content\/uploads\/2022\/02\/Rogert-Ulbrich-Rechtanwaelte-Kanzlei-Abgasskandal-Urteile-Audi-3-Liter.jpg","contentUrl":"https:\/\/ru.law\/wp-content\/uploads\/2022\/02\/Rogert-Ulbrich-Rechtanwaelte-Kanzlei-Abgasskandal-Urteile-Audi-3-Liter.jpg","width":1200,"height":675},{"@type":"BreadcrumbList","@id":"https:\/\/ru.law\/audi-abgasskandal-neue-entscheidung-zu-3-liter-v6-motor\/#breadcrumb","itemListElement":[{"@type":"ListItem","position":1,"name":"Startseite","item":"https:\/\/ru.law\/"},{"@type":"ListItem","position":2,"name":"Audi-Abgasskandal: Neue Entscheidung zu 3-Liter-V6-Motor"}]},{"@type":"WebSite","@id":"https:\/\/ru.law\/#website","url":"https:\/\/ru.law\/","name":"R&amp;U","description":"Consumentenadvocaten","publisher":{"@id":"https:\/\/ru.law\/#organization"},"alternateName":"Rogert & Ulbrich","potentialAction":[{"@type":"SearchAction","target":{"@type":"EntryPoint","urlTemplate":"https:\/\/ru.law\/?s={search_term_string}"},"query-input":{"@type":"PropertyValueSpecification","valueRequired":true,"valueName":"search_term_string"}}],"inLanguage":"nl-NL"},{"@type":"Organization","@id":"https:\/\/ru.law\/#organization","name":"Advocatenkantoor Rogert &amp; Ulbrich","url":"https:\/\/ru.law\/","logo":{"@type":"ImageObject","inLanguage":"nl-NL","@id":"https:\/\/ru.law\/#\/schema\/logo\/image\/","url":"https:\/\/ru.law\/wp-content\/uploads\/2020\/12\/logo-ru-law.svg","contentUrl":"https:\/\/ru.law\/wp-content\/uploads\/2020\/12\/logo-ru-law.svg","width":992,"height":259,"caption":"Kanzlei Rogert & Ulbrich"},"image":{"@id":"https:\/\/ru.law\/#\/schema\/logo\/image\/"},"sameAs":["https:\/\/www.facebook.com\/RogertUlbrich\/","https:\/\/x.com\/RogertUlbrich","https:\/\/www.instagram.com\/rogertulbrich\/","https:\/\/www.linkedin.com\/company\/rogert-ulbrich\/","https:\/\/www.youtube.com\/channel\/UCganCgpvwpPFqMFf1vVmG2A"]},{"@type":"Person","@id":"https:\/\/ru.law\/#\/schema\/person\/b020d506e6bbc471b4565d3a98173b87","name":"Marco Rogert","url":"https:\/\/ru.law\/nl\/author\/rogertru-law\/"}]}},"uagb_featured_image_src":{"full":["https:\/\/ru.law\/wp-content\/uploads\/2022\/02\/Rogert-Ulbrich-Rechtanwaelte-Kanzlei-Abgasskandal-Urteile-Audi-3-Liter.jpg",1200,675,false],"thumbnail":["https:\/\/ru.law\/wp-content\/uploads\/2022\/02\/Rogert-Ulbrich-Rechtanwaelte-Kanzlei-Abgasskandal-Urteile-Audi-3-Liter-150x150.jpg",96,96,true],"medium":["https:\/\/ru.law\/wp-content\/uploads\/2022\/02\/Rogert-Ulbrich-Rechtanwaelte-Kanzlei-Abgasskandal-Urteile-Audi-3-Liter-300x169.jpg",300,169,true],"medium_large":["https:\/\/ru.law\/wp-content\/uploads\/2022\/02\/Rogert-Ulbrich-Rechtanwaelte-Kanzlei-Abgasskandal-Urteile-Audi-3-Liter-768x432.jpg",768,432,true],"large":["https:\/\/ru.law\/wp-content\/uploads\/2022\/02\/Rogert-Ulbrich-Rechtanwaelte-Kanzlei-Abgasskandal-Urteile-Audi-3-Liter-1024x576.jpg",1024,576,true],"1536x1536":["https:\/\/ru.law\/wp-content\/uploads\/2022\/02\/Rogert-Ulbrich-Rechtanwaelte-Kanzlei-Abgasskandal-Urteile-Audi-3-Liter.jpg",1200,675,false],"2048x2048":["https:\/\/ru.law\/wp-content\/uploads\/2022\/02\/Rogert-Ulbrich-Rechtanwaelte-Kanzlei-Abgasskandal-Urteile-Audi-3-Liter.jpg",1200,675,false],"trp-custom-language-flag":["https:\/\/ru.law\/wp-content\/uploads\/2022\/02\/Rogert-Ulbrich-Rechtanwaelte-Kanzlei-Abgasskandal-Urteile-Audi-3-Liter.jpg",18,10,false]},"uagb_author_info":{"display_name":"Marco Rogert","author_link":"https:\/\/ru.law\/nl\/author\/rogertru-law\/"},"uagb_comment_info":0,"uagb_excerpt":"Das Landgericht N\u00fcrnberg-F\u00fcrth verurteilte die Audi AG zur R\u00fccknahme eines Audi SQ5 3.0 (mit V6-Motor) und Schadensersatzzahlung in H\u00f6he von \u20ac 58.971,- (Urteil vom 02.02.2022, [&hellip;]","_links":{"self":[{"href":"https:\/\/ru.law\/nl\/wp-json\/wp\/v2\/posts\/26120","targetHints":{"allow":["GET"]}}],"collection":[{"href":"https:\/\/ru.law\/nl\/wp-json\/wp\/v2\/posts"}],"about":[{"href":"https:\/\/ru.law\/nl\/wp-json\/wp\/v2\/types\/post"}],"author":[{"embeddable":true,"href":"https:\/\/ru.law\/nl\/wp-json\/wp\/v2\/users\/21"}],"replies":[{"embeddable":true,"href":"https:\/\/ru.law\/nl\/wp-json\/wp\/v2\/comments?post=26120"}],"version-history":[{"count":0,"href":"https:\/\/ru.law\/nl\/wp-json\/wp\/v2\/posts\/26120\/revisions"}],"wp:featuredmedia":[{"embeddable":true,"href":"https:\/\/ru.law\/nl\/wp-json\/wp\/v2\/media\/26123"}],"wp:attachment":[{"href":"https:\/\/ru.law\/nl\/wp-json\/wp\/v2\/media?parent=26120"}],"wp:term":[{"taxonomy":"category","embeddable":true,"href":"https:\/\/ru.law\/nl\/wp-json\/wp\/v2\/categories?post=26120"},{"taxonomy":"post_tag","embeddable":true,"href":"https:\/\/ru.law\/nl\/wp-json\/wp\/v2\/tags?post=26120"}],"curies":[{"name":"wp","href":"https:\/\/api.w.org\/{rel}","templated":true}]}}