{"id":24680,"date":"2022-01-19T11:01:59","date_gmt":"2022-01-19T10:01:59","guid":{"rendered":"https:\/\/ru.law\/?p=24680"},"modified":"2024-07-08T13:12:03","modified_gmt":"2024-07-08T11:12:03","slug":"eugh-urteil-drohen-neue-diesel-fahrverbote","status":"publish","type":"post","link":"https:\/\/ru.law\/nl\/eugh-urteil-drohen-neue-diesel-fahrverbote\/","title":{"rendered":"Uitspraak HvJ: Zijn er binnenkort nieuwe rijverboden voor dieselvoertuigen?"},"content":{"rendered":"<p>Het Europese Hof van Justitie (HvJ-EU) heeft onlangs op 13 januari 2022 geoordeeld dat steden zelfstandig vuile voertuigen uit hun stadscentra kunnen weren (<a href=\"https:\/\/curia.europa.eu\/juris\/document\/document.jsf?text=&amp;docid=252121&amp;pageIndex=0&amp;doclang=DE&amp;mode=req&amp;dir=&amp;occ=first&amp;part=1\" target=\"_blank\" rel=\"noreferrer noopener\">Vonnis van 13 januari 2022, zaaknr. C-177\/19, C-178\/19, C-179\/19<\/a>). Rijverboden voor <a href=\"https:\/\/ru.law\/nl\/expertise\/abgasskandal\/#modelle\">dieselvoertuigen <\/a>kan daarom opnieuw worden onderzocht. <\/p>\n\n\n\n<p>De achtergrond van de nieuwe uitspraak is dat de Europese Commissie een strengere testprocedure heeft ingevoerd voor het meten van uitlaatemissies (RDE = Real Driving Emissions) als onderdeel van het dieselschandaal. <a href=\"https:\/\/eur-lex.europa.eu\/legal-content\/DE\/TXT\/PDF\/?uri=CELEX:32016R0427&amp;from=BG\" target=\"_blank\" rel=\"noreferrer noopener\">Verordening (EU) 2016\/427 van de Commissie van 10 maart 2016 tot wijziging van Verordening (EG) nr. 692\/2008 wat de emissies van lichte personen- en bedrijfsvoertuigen (Euro 6) betreft (PB 2016, L 82, blz. 1).<\/a> <\/p>\n\n\n\n<p>Het doel van deze testprocedure is om een realistischer beeld te krijgen van de emissies die voertuigen daadwerkelijk in het wegverkeer uitstoten. <ins>Ja <\/ins>de autofabrikanten stellen de grenzen vast <ins>vanwege dit <\/ins>niet <ins>meer <\/ins>Om ervoor te zorgen dat bedrijven aan de relevante normen kunnen voldoen, heeft de EU-commissie de grenswaarden versoepeld en een zogenaamde conformiteitsfactor ingevoerd. Met behulp van deze factor werd de toegestane grenswaarde van 80 milligram stikstofdioxide per gereden kilometer eerst verhoogd naar 168 milligram en vervolgens naar 120 milligram. <\/p>\n\n\n\n<p>De steden Parijs, Brussel en Madrid hadden een rechtszaak aangespannen om de verordening nietig te verklaren. Hierdoor wordt de bestrijding van luchtverontreiniging moeilijker en kunnen steden geen rijverboden opleggen aan voertuigen die alleen dankzij de conformiteitsfactor aan de grenswaarden voldoen. <\/p>\n\n\n\n<p>Het Gerecht van de Europese Unie (HvJ-EU) heeft de vordering gedeeltelijk toegewezen. De Europese Commissie heeft haar bevoegdheden overschreden door de grenswaarden daadwerkelijk te verhogen en de steden die een klacht hebben ingediend, worden rechtstreeks getroffen door deze verordening. <\/p>\n\n\n\n<p>Duitsland, Hongarije en de Europese Commissie hebben tegen deze beslissing beroep aangetekend en de zaak voorgelegd aan het Europees Hof van Justitie. Het HvJ heeft de uitspraak van het Gerecht vernietigd. Dit is echter alleen het geval omdat, naar het oordeel van het Hof, de steden die de vordering hebben ingesteld, niet rechtstreeks door de verordening worden geraakt en hun beroepen tot nietigverklaring van de verordening derhalve niet-ontvankelijk zijn. Steden mogen echter wel rijverboden opleggen om milieuredenen.<\/p>\n\n\n\n<p><\/p>\n\n\n\n<h2 class=\"wp-block-heading\" id=\"h-stickoxid-belastung-in-vielen-stadten-weiter-zu-hoch\">Stikstofoxidevervuiling in veel steden nog steeds te hoog<\/h2>\n\n\n\n<p>In veel steden is de stikstofoxidevervuiling nog steeds te hoog. De belangrijkste oorzaak hiervoor is waarschijnlijk het wegverkeer. De nieuwe uitspraak van het Hof van Justitie van de Europese Unie zou de kwestie van rijverboden opnieuw kunnen openen. Dieselrijders moeten er rekening mee houden dat er mogelijk nog meer rijverboden zullen volgen. De rijverboden betekenen dan dat dieselrijders hun voertuig nog maar beperkt mogen gebruiken. Bovendien verhogen ze ook het waardeverlies van de betrokken voertuigen. <\/p>\n\n\n\n<p><\/p>\n\n\n\n<h3 class=\"wp-block-heading\" id=\"h-rogert-ulbrich-empfiehlt\">Rogert &amp; Ulbrich beveelt aan <\/h3>\n\n\n\n<p>Wij van Rogert &amp; Ulbrich adviseren u daarom om uw claims te laten controleren. Ons\u00a0<a href=\"https:\/\/ru.law\/nl\/expertise\/abgasskandal\/#erstberatung\">eerste consult\u00a0<\/a>is gratis en vrijblijvend. Wij hebben al <a href=\"https:\/\/ru.law\/nl\/expertise\/abgasskandal\/#urteile\">talrijke oordelen<\/a> voor onze eisers en zijn vanaf het begin betrokken bij het dieselemissieschandaal.\u00a0<a href=\"https:\/\/ru.law\/nl\/expertise\/abgasskandal\/#mandat\">Vraag vrijblijvend advies.<\/a><\/p>\n\n\n\n<section class=\"wp-block-uagb-columns uagb-columns__wrap uagb-columns__background-undefined uagb-columns__stack-mobile uagb-columns__valign-undefined uagb-columns__gap-10 alignundefined uagb-block-c86a76f3 contrast blog_beitraege\"><div class=\"uagb-columns__overlay\"><\/div><div class=\"uagb-columns__inner-wrap uagb-columns__columns-1\">\n<div class=\"wp-block-uagb-column uagb-column__wrap uagb-column__background-undefined uagb-block-27f2d113\"><div class=\"uagb-column__overlay\"><\/div><div class=\"uagb-column__inner-wrap\">\n<h3 class=\"wp-block-heading\" id=\"h-das-konnte-sie-auch-interessieren\">Misschien bent u ook ge\u00efnteresseerd in:<\/h3>\n\n\n\n\t\t\t<div class=\"wp-block-uagb-post-grid uagb-post-grid  uagb-post__image-position-top uagb-post__image-enabled uagb-block-43bef346     uagb-post__items uagb-post__columns-3 is-grid uagb-post__columns-tablet-2 uagb-post__columns-mobile-1 uagb-post__equal-height\" data-total=\"12\" style=\"\">\n\n\t\t\t\t\t\t\t\t\t\t\t\t<article class=\"uagb-post__inner-wrap\">\t\t\t\t\t\t\t\t<div class='uagb-post__image'>\n\t\t\t\t\t\t\t\t\t<a href=\"https:\/\/ru.law\/nl\/zahlreiche-positive-urteile-fuer-verbraucher-am-landgericht-ingolstadt\/\" target=\"_self\" rel=\"bookmark noopener noreferrer\" class='uagb-image-ratio-inherit'><img loading=\"lazy\" decoding=\"async\" width=\"1024\" height=\"576\" src=\"https:\/\/ru.law\/wp-content\/uploads\/2021\/01\/audi-a6-1024x576.jpg\" class=\"attachment-large size-large\" alt=\"\" srcset=\"https:\/\/ru.law\/wp-content\/uploads\/2021\/01\/audi-a6-1024x576.jpg 1024w, https:\/\/ru.law\/wp-content\/uploads\/2021\/01\/audi-a6-300x169.jpg 300w, https:\/\/ru.law\/wp-content\/uploads\/2021\/01\/audi-a6-768x432.jpg 768w, https:\/\/ru.law\/wp-content\/uploads\/2021\/01\/audi-a6.jpg 1200w\" sizes=\"auto, (max-width: 1024px) 100vw, 1024px\" \/>\t\t\t\t\t<\/a>\n\t\t\t\t\t\t\t<\/div>\n\t\t\t\t\t\t<h4 class=\"uagb-post__title uagb-post__text\">\n\t\t\t\t<a href=\"https:\/\/ru.law\/nl\/zahlreiche-positive-urteile-fuer-verbraucher-am-landgericht-ingolstadt\/\" target=\"_self\" rel=\"bookmark noopener noreferrer\">Talrijke positieve uitspraken voor consumenten bij de regionale rechtbank van Ingolstadt<\/a>\n\t\t\t<\/h4>\n\t\t\t\t\t\t<div class='uagb-post__text uagb-post-grid-byline'>\n\t\t\t\t\t\t\t<\/div>\n\t\t\t\t\t\t\t<div class='uagb-post__text uagb-post__excerpt'>\n\t\t\t\t\t<p>Audi AG werd in januari 2021 meerdere malen veroordeeld tot het betalen van schadevergoeding. In een recente uitspraak van 15 januari 2021,\u2026\t\t\t\t<\/div>\n\t\t\t\n\t\t\t\t\t\t\t\t\t<\/article>\n\t\t\t\t\t\t\t\t\t\t\t\t\t\t\t\t<article class=\"uagb-post__inner-wrap\">\t\t\t\t\t\t\t\t<div class='uagb-post__image'>\n\t\t\t\t\t\t\t\t\t<a href=\"https:\/\/ru.law\/nl\/vtdi-abgasskandal-rund-um-vw-audi-und-porsche\/\" target=\"_self\" rel=\"bookmark noopener noreferrer\" class='uagb-image-ratio-inherit'><img loading=\"lazy\" decoding=\"async\" width=\"1024\" height=\"576\" src=\"https:\/\/ru.law\/wp-content\/uploads\/2022\/01\/Rogert-Ulbrich-Rechtsanwaelte-Kanzlei-Abgasskandal-Audi-Verjaehrung-2022-1024x576.jpg\" class=\"attachment-large size-large\" alt=\"\" srcset=\"https:\/\/ru.law\/wp-content\/uploads\/2022\/01\/Rogert-Ulbrich-Rechtsanwaelte-Kanzlei-Abgasskandal-Audi-Verjaehrung-2022-1024x576.jpg 1024w, https:\/\/ru.law\/wp-content\/uploads\/2022\/01\/Rogert-Ulbrich-Rechtsanwaelte-Kanzlei-Abgasskandal-Audi-Verjaehrung-2022-300x169.jpg 300w, https:\/\/ru.law\/wp-content\/uploads\/2022\/01\/Rogert-Ulbrich-Rechtsanwaelte-Kanzlei-Abgasskandal-Audi-Verjaehrung-2022-768x432.jpg 768w, https:\/\/ru.law\/wp-content\/uploads\/2022\/01\/Rogert-Ulbrich-Rechtsanwaelte-Kanzlei-Abgasskandal-Audi-Verjaehrung-2022.jpg 1200w\" sizes=\"auto, (max-width: 1024px) 100vw, 1024px\" \/>\t\t\t\t\t<\/a>\n\t\t\t\t\t\t\t<\/div>\n\t\t\t\t\t\t<h4 class=\"uagb-post__title uagb-post__text\">\n\t\t\t\t<a href=\"https:\/\/ru.law\/nl\/vtdi-abgasskandal-rund-um-vw-audi-und-porsche\/\" target=\"_self\" rel=\"bookmark noopener noreferrer\">VTDI-emissieschandaal waarbij VW, Audi en Porsche betrokken zijn<\/a>\n\t\t\t<\/h4>\n\t\t\t\t\t\t<div class='uagb-post__text uagb-post-grid-byline'>\n\t\t\t\t\t\t\t<\/div>\n\t\t\t\t\t\t\t<div class='uagb-post__text uagb-post__excerpt'>\n\t\t\t\t\t<p>Voor veel Duitse autofabrikanten is het dieselemissieschandaal nog steeds alomtegenwoordig, ook voor de VW Groep\u2026\t\t\t\t<\/div>\n\t\t\t\n\t\t\t\t\t\t\t\t\t<\/article>\n\t\t\t\t\t\t\t\t\t\t\t\t\t\t\t\t<article class=\"uagb-post__inner-wrap\">\t\t\t\t\t\t\t\t<div class='uagb-post__image'>\n\t\t\t\t\t\t\t\t\t<a href=\"https:\/\/ru.law\/nl\/verjaehrung-im-audi-abgasskandal-zum-ende-des-jahres-2021\/\" target=\"_self\" rel=\"bookmark noopener noreferrer\" class='uagb-image-ratio-inherit'><img loading=\"lazy\" decoding=\"async\" width=\"1024\" height=\"576\" src=\"https:\/\/ru.law\/wp-content\/uploads\/2021\/12\/Rogert-Ulbrich-Rechtsanwaelte-Kanzlei-Abgasskandal-Audi-Verjaehrung-3-Liter-1024x576.jpg\" class=\"attachment-large size-large\" alt=\"\" srcset=\"https:\/\/ru.law\/wp-content\/uploads\/2021\/12\/Rogert-Ulbrich-Rechtsanwaelte-Kanzlei-Abgasskandal-Audi-Verjaehrung-3-Liter-1024x576.jpg 1024w, https:\/\/ru.law\/wp-content\/uploads\/2021\/12\/Rogert-Ulbrich-Rechtsanwaelte-Kanzlei-Abgasskandal-Audi-Verjaehrung-3-Liter-300x169.jpg 300w, https:\/\/ru.law\/wp-content\/uploads\/2021\/12\/Rogert-Ulbrich-Rechtsanwaelte-Kanzlei-Abgasskandal-Audi-Verjaehrung-3-Liter-768x432.jpg 768w, https:\/\/ru.law\/wp-content\/uploads\/2021\/12\/Rogert-Ulbrich-Rechtsanwaelte-Kanzlei-Abgasskandal-Audi-Verjaehrung-3-Liter.jpg 1200w\" sizes=\"auto, (max-width: 1024px) 100vw, 1024px\" \/>\t\t\t\t\t<\/a>\n\t\t\t\t\t\t\t<\/div>\n\t\t\t\t\t\t<h4 class=\"uagb-post__title uagb-post__text\">\n\t\t\t\t<a href=\"https:\/\/ru.law\/nl\/verjaehrung-im-audi-abgasskandal-zum-ende-des-jahres-2021\/\" target=\"_self\" rel=\"bookmark noopener noreferrer\">Verjaringstermijn in het Audi-emissieschandaal eind 2021<\/a>\n\t\t\t<\/h4>\n\t\t\t\t\t\t<div class='uagb-post__text uagb-post-grid-byline'>\n\t\t\t\t\t\t\t<\/div>\n\t\t\t\t\t\t\t<div class='uagb-post__text uagb-post__excerpt'>\n\t\t\t\t\t<p>Sinds 2018 heeft de Bundesautomobilausstellung (KBA) al talrijke terugroepacties onder de terugroepcode 23X6 bevolen, omdat\u2026\t\t\t\t<\/div>\n\t\t\t\n\t\t\t\t\t\t\t\t\t<\/article>\n\t\t\t\t\t\t\t\t\t\t\t<\/div>\n\t\t\t<\/div><\/div>\n<\/div><\/section>","protected":false},"excerpt":{"rendered":"<p>Der Europ\u00e4ische Gerichtshof (EuGH) hat ganz aktuell am 13.01.2022 entschieden, dass St\u00e4dte schmutzige Fahrzeuge eigenst\u00e4ndig aus ihren Innenst\u00e4dten verbannen k\u00f6nnen (Urt. 13.01.2022, Az. C-177\/19, C-178\/19, [&hellip;]<\/p>\n","protected":false},"author":21,"featured_media":24685,"comment_status":"closed","ping_status":"open","sticky":false,"template":"","format":"standard","meta":{"_uag_custom_page_level_css":"","site-sidebar-layout":"default","site-content-layout":"","ast-site-content-layout":"default","site-content-style":"default","site-sidebar-style":"default","ast-global-header-display":"","ast-banner-title-visibility":"","ast-main-header-display":"","ast-hfb-above-header-display":"","ast-hfb-below-header-display":"","ast-hfb-mobile-header-display":"","site-post-title":"","ast-breadcrumbs-content":"","ast-featured-img":"","footer-sml-layout":"","ast-disable-related-posts":"","theme-transparent-header-meta":"","adv-header-id-meta":"","stick-header-meta":"","header-above-stick-meta":"","header-main-stick-meta":"","header-below-stick-meta":"","astra-migrate-meta-layouts":"default","ast-page-background-enabled":"default","ast-page-background-meta":{"desktop":{"background-color":"","background-image":"","background-repeat":"repeat","background-position":"center center","background-size":"auto","background-attachment":"scroll","background-type":"","background-media":"","overlay-type":"","overlay-color":"","overlay-opacity":"","overlay-gradient":""},"tablet":{"background-color":"","background-image":"","background-repeat":"repeat","background-position":"center center","background-size":"auto","background-attachment":"scroll","background-type":"","background-media":"","overlay-type":"","overlay-color":"","overlay-opacity":"","overlay-gradient":""},"mobile":{"background-color":"","background-image":"","background-repeat":"repeat","background-position":"center center","background-size":"auto","background-attachment":"scroll","background-type":"","background-media":"","overlay-type":"","overlay-color":"","overlay-opacity":"","overlay-gradient":""}},"ast-content-background-meta":{"desktop":{"background-color":"var(--ast-global-color-5)","background-image":"","background-repeat":"repeat","background-position":"center center","background-size":"auto","background-attachment":"scroll","background-type":"","background-media":"","overlay-type":"","overlay-color":"","overlay-opacity":"","overlay-gradient":""},"tablet":{"background-color":"var(--ast-global-color-5)","background-image":"","background-repeat":"repeat","background-position":"center center","background-size":"auto","background-attachment":"scroll","background-type":"","background-media":"","overlay-type":"","overlay-color":"","overlay-opacity":"","overlay-gradient":""},"mobile":{"background-color":"var(--ast-global-color-5)","background-image":"","background-repeat":"repeat","background-position":"center center","background-size":"auto","background-attachment":"scroll","background-type":"","background-media":"","overlay-type":"","overlay-color":"","overlay-opacity":"","overlay-gradient":""}},"footnotes":""},"categories":[2],"tags":[895,991,24,1054],"class_list":["post-24680","post","type-post","status-publish","format-standard","has-post-thumbnail","hentry","category-abgasskandal","tag-abschalteinrichtung","tag-eugh","tag-euro-6","tag-fahrverbot"],"yoast_head":"<!-- This site is optimized with the Yoast SEO Premium plugin v27.4 (Yoast SEO v27.4) - https:\/\/yoast.com\/product\/yoast-seo-premium-wordpress\/ -->\n<title>EuGH-Urteil: Drohen neue Diesel-Fahrverbote? - R&amp;U<\/title>\n<meta name=\"description\" content=\"Der EuGH hat ganz aktuell am 13.01.2022 entschieden, dass St\u00e4dte eigenst\u00e4ndig schmutzige Fahrzeuge aus den Innenst\u00e4dten verbannen k\u00f6nnen.\" \/>\n<meta name=\"robots\" content=\"index, follow, max-snippet:-1, max-image-preview:large, max-video-preview:-1\" \/>\n<link rel=\"canonical\" href=\"https:\/\/ru.law\/nl\/eugh-urteil-drohen-neue-diesel-fahrverbote\/\" \/>\n<meta property=\"og:locale\" content=\"nl_NL\" \/>\n<meta property=\"og:type\" content=\"article\" \/>\n<meta property=\"og:title\" content=\"EuGH-Urteil: Drohen neue Diesel-Fahrverbote?\" \/>\n<meta property=\"og:description\" content=\"Der EuGH hat ganz aktuell am 13.01.2022 entschieden, dass St\u00e4dte eigenst\u00e4ndig schmutzige Fahrzeuge aus den Innenst\u00e4dten verbannen k\u00f6nnen.\" \/>\n<meta property=\"og:url\" content=\"https:\/\/ru.law\/nl\/eugh-urteil-drohen-neue-diesel-fahrverbote\/\" \/>\n<meta property=\"og:site_name\" content=\"R&amp;U\" \/>\n<meta property=\"article:publisher\" content=\"https:\/\/www.facebook.com\/RogertUlbrich\/\" \/>\n<meta property=\"article:published_time\" content=\"2022-01-19T10:01:59+00:00\" \/>\n<meta property=\"article:modified_time\" content=\"2024-07-08T11:12:03+00:00\" \/>\n<meta property=\"og:image\" content=\"https:\/\/ru.law\/wp-content\/uploads\/2022\/01\/Rogert-Ulbrich-Rechtsanwaelte-Kanzlei-Abgasskandal-EuGH-Fahrverbot.jpg\" \/>\n\t<meta property=\"og:image:width\" content=\"1200\" \/>\n\t<meta property=\"og:image:height\" content=\"675\" \/>\n\t<meta property=\"og:image:type\" content=\"image\/jpeg\" \/>\n<meta name=\"author\" content=\"Marco Rogert\" \/>\n<meta name=\"twitter:card\" content=\"summary_large_image\" \/>\n<meta name=\"twitter:creator\" content=\"@RogertUlbrich\" \/>\n<meta name=\"twitter:site\" content=\"@RogertUlbrich\" \/>\n<script type=\"application\/ld+json\" class=\"yoast-schema-graph\">{\"@context\":\"https:\\\/\\\/schema.org\",\"@graph\":[{\"@type\":\"Article\",\"@id\":\"https:\\\/\\\/ru.law\\\/eugh-urteil-drohen-neue-diesel-fahrverbote\\\/#article\",\"isPartOf\":{\"@id\":\"https:\\\/\\\/ru.law\\\/eugh-urteil-drohen-neue-diesel-fahrverbote\\\/\"},\"author\":{\"name\":\"Marco Rogert\",\"@id\":\"https:\\\/\\\/ru.law\\\/#\\\/schema\\\/person\\\/b020d506e6bbc471b4565d3a98173b87\"},\"headline\":\"EuGH-Urteil: Drohen neue Diesel-Fahrverbote?\",\"datePublished\":\"2022-01-19T10:01:59+00:00\",\"dateModified\":\"2024-07-08T11:12:03+00:00\",\"mainEntityOfPage\":{\"@id\":\"https:\\\/\\\/ru.law\\\/eugh-urteil-drohen-neue-diesel-fahrverbote\\\/\"},\"wordCount\":448,\"publisher\":{\"@id\":\"https:\\\/\\\/ru.law\\\/#organization\"},\"image\":{\"@id\":\"https:\\\/\\\/ru.law\\\/eugh-urteil-drohen-neue-diesel-fahrverbote\\\/#primaryimage\"},\"thumbnailUrl\":\"https:\\\/\\\/ru.law\\\/wp-content\\\/uploads\\\/2022\\\/01\\\/Rogert-Ulbrich-Rechtsanwaelte-Kanzlei-Abgasskandal-EuGH-Fahrverbot.jpg\",\"keywords\":[\"Abschalteinrichtung\",\"EuGH\",\"Euro-6\",\"Fahrverbot\"],\"articleSection\":[\"Abgasskandal\"],\"inLanguage\":\"nl-NL\"},{\"@type\":\"WebPage\",\"@id\":\"https:\\\/\\\/ru.law\\\/eugh-urteil-drohen-neue-diesel-fahrverbote\\\/\",\"url\":\"https:\\\/\\\/ru.law\\\/eugh-urteil-drohen-neue-diesel-fahrverbote\\\/\",\"name\":\"EuGH-Urteil: Drohen neue Diesel-Fahrverbote? - R&amp;U\",\"isPartOf\":{\"@id\":\"https:\\\/\\\/ru.law\\\/#website\"},\"primaryImageOfPage\":{\"@id\":\"https:\\\/\\\/ru.law\\\/eugh-urteil-drohen-neue-diesel-fahrverbote\\\/#primaryimage\"},\"image\":{\"@id\":\"https:\\\/\\\/ru.law\\\/eugh-urteil-drohen-neue-diesel-fahrverbote\\\/#primaryimage\"},\"thumbnailUrl\":\"https:\\\/\\\/ru.law\\\/wp-content\\\/uploads\\\/2022\\\/01\\\/Rogert-Ulbrich-Rechtsanwaelte-Kanzlei-Abgasskandal-EuGH-Fahrverbot.jpg\",\"datePublished\":\"2022-01-19T10:01:59+00:00\",\"dateModified\":\"2024-07-08T11:12:03+00:00\",\"description\":\"Der EuGH hat ganz aktuell am 13.01.2022 entschieden, dass St\u00e4dte eigenst\u00e4ndig schmutzige Fahrzeuge aus den Innenst\u00e4dten verbannen k\u00f6nnen.\",\"breadcrumb\":{\"@id\":\"https:\\\/\\\/ru.law\\\/eugh-urteil-drohen-neue-diesel-fahrverbote\\\/#breadcrumb\"},\"inLanguage\":\"nl-NL\",\"potentialAction\":[{\"@type\":\"ReadAction\",\"target\":[\"https:\\\/\\\/ru.law\\\/eugh-urteil-drohen-neue-diesel-fahrverbote\\\/\"]}]},{\"@type\":\"ImageObject\",\"inLanguage\":\"nl-NL\",\"@id\":\"https:\\\/\\\/ru.law\\\/eugh-urteil-drohen-neue-diesel-fahrverbote\\\/#primaryimage\",\"url\":\"https:\\\/\\\/ru.law\\\/wp-content\\\/uploads\\\/2022\\\/01\\\/Rogert-Ulbrich-Rechtsanwaelte-Kanzlei-Abgasskandal-EuGH-Fahrverbot.jpg\",\"contentUrl\":\"https:\\\/\\\/ru.law\\\/wp-content\\\/uploads\\\/2022\\\/01\\\/Rogert-Ulbrich-Rechtsanwaelte-Kanzlei-Abgasskandal-EuGH-Fahrverbot.jpg\",\"width\":1200,\"height\":675},{\"@type\":\"BreadcrumbList\",\"@id\":\"https:\\\/\\\/ru.law\\\/eugh-urteil-drohen-neue-diesel-fahrverbote\\\/#breadcrumb\",\"itemListElement\":[{\"@type\":\"ListItem\",\"position\":1,\"name\":\"Startseite\",\"item\":\"https:\\\/\\\/ru.law\\\/\"},{\"@type\":\"ListItem\",\"position\":2,\"name\":\"EuGH-Urteil: Drohen neue Diesel-Fahrverbote?\"}]},{\"@type\":\"WebSite\",\"@id\":\"https:\\\/\\\/ru.law\\\/#website\",\"url\":\"https:\\\/\\\/ru.law\\\/\",\"name\":\"R&U\",\"description\":\"Verbraucheranw\u00e4lte\",\"publisher\":{\"@id\":\"https:\\\/\\\/ru.law\\\/#organization\"},\"alternateName\":\"Rogert & Ulbrich\",\"potentialAction\":[{\"@type\":\"SearchAction\",\"target\":{\"@type\":\"EntryPoint\",\"urlTemplate\":\"https:\\\/\\\/ru.law\\\/?s={search_term_string}\"},\"query-input\":{\"@type\":\"PropertyValueSpecification\",\"valueRequired\":true,\"valueName\":\"search_term_string\"}}],\"inLanguage\":\"nl-NL\"},{\"@type\":\"Organization\",\"@id\":\"https:\\\/\\\/ru.law\\\/#organization\",\"name\":\"Kanzlei Rogert & Ulbrich\",\"url\":\"https:\\\/\\\/ru.law\\\/\",\"logo\":{\"@type\":\"ImageObject\",\"inLanguage\":\"nl-NL\",\"@id\":\"https:\\\/\\\/ru.law\\\/#\\\/schema\\\/logo\\\/image\\\/\",\"url\":\"https:\\\/\\\/ru.law\\\/wp-content\\\/uploads\\\/2020\\\/12\\\/logo-ru-law.svg\",\"contentUrl\":\"https:\\\/\\\/ru.law\\\/wp-content\\\/uploads\\\/2020\\\/12\\\/logo-ru-law.svg\",\"width\":992,\"height\":259,\"caption\":\"Kanzlei Rogert & Ulbrich\"},\"image\":{\"@id\":\"https:\\\/\\\/ru.law\\\/#\\\/schema\\\/logo\\\/image\\\/\"},\"sameAs\":[\"https:\\\/\\\/www.facebook.com\\\/RogertUlbrich\\\/\",\"https:\\\/\\\/x.com\\\/RogertUlbrich\",\"https:\\\/\\\/www.instagram.com\\\/rogertulbrich\\\/\",\"https:\\\/\\\/www.linkedin.com\\\/company\\\/rogert-ulbrich\\\/\",\"https:\\\/\\\/www.youtube.com\\\/channel\\\/UCganCgpvwpPFqMFf1vVmG2A\"]},{\"@type\":\"Person\",\"@id\":\"https:\\\/\\\/ru.law\\\/#\\\/schema\\\/person\\\/b020d506e6bbc471b4565d3a98173b87\",\"name\":\"Marco Rogert\",\"url\":\"https:\\\/\\\/ru.law\\\/nl\\\/author\\\/rogertru-law\\\/\"}]}<\/script>\n<!-- \/ Yoast SEO Premium plugin. -->","yoast_head_json":{"title":"EuGH-Urteil: Drohen neue Diesel-Fahrverbote? - R&amp;U","description":"Der EuGH hat ganz aktuell am 13.01.2022 entschieden, dass St\u00e4dte eigenst\u00e4ndig schmutzige Fahrzeuge aus den Innenst\u00e4dten verbannen k\u00f6nnen.","robots":{"index":"index","follow":"follow","max-snippet":"max-snippet:-1","max-image-preview":"max-image-preview:large","max-video-preview":"max-video-preview:-1"},"canonical":"https:\/\/ru.law\/nl\/eugh-urteil-drohen-neue-diesel-fahrverbote\/","og_locale":"nl_NL","og_type":"article","og_title":"EuGH-Urteil: Drohen neue Diesel-Fahrverbote?","og_description":"Der EuGH hat ganz aktuell am 13.01.2022 entschieden, dass St\u00e4dte eigenst\u00e4ndig schmutzige Fahrzeuge aus den Innenst\u00e4dten verbannen k\u00f6nnen.","og_url":"https:\/\/ru.law\/nl\/eugh-urteil-drohen-neue-diesel-fahrverbote\/","og_site_name":"R&amp;U","article_publisher":"https:\/\/www.facebook.com\/RogertUlbrich\/","article_published_time":"2022-01-19T10:01:59+00:00","article_modified_time":"2024-07-08T11:12:03+00:00","og_image":[{"width":1200,"height":675,"url":"https:\/\/ru.law\/wp-content\/uploads\/2022\/01\/Rogert-Ulbrich-Rechtsanwaelte-Kanzlei-Abgasskandal-EuGH-Fahrverbot.jpg","type":"image\/jpeg"}],"author":"Marco Rogert","twitter_card":"summary_large_image","twitter_creator":"@RogertUlbrich","twitter_site":"@RogertUlbrich","schema":{"@context":"https:\/\/schema.org","@graph":[{"@type":"Article","@id":"https:\/\/ru.law\/eugh-urteil-drohen-neue-diesel-fahrverbote\/#article","isPartOf":{"@id":"https:\/\/ru.law\/eugh-urteil-drohen-neue-diesel-fahrverbote\/"},"author":{"name":"Marco Rogert","@id":"https:\/\/ru.law\/#\/schema\/person\/b020d506e6bbc471b4565d3a98173b87"},"headline":"EuGH-Urteil: Drohen neue Diesel-Fahrverbote?","datePublished":"2022-01-19T10:01:59+00:00","dateModified":"2024-07-08T11:12:03+00:00","mainEntityOfPage":{"@id":"https:\/\/ru.law\/eugh-urteil-drohen-neue-diesel-fahrverbote\/"},"wordCount":448,"publisher":{"@id":"https:\/\/ru.law\/#organization"},"image":{"@id":"https:\/\/ru.law\/eugh-urteil-drohen-neue-diesel-fahrverbote\/#primaryimage"},"thumbnailUrl":"https:\/\/ru.law\/wp-content\/uploads\/2022\/01\/Rogert-Ulbrich-Rechtsanwaelte-Kanzlei-Abgasskandal-EuGH-Fahrverbot.jpg","keywords":["Abschalteinrichtung","EuGH","Euro-6","Fahrverbot"],"articleSection":["Abgasskandal"],"inLanguage":"nl-NL"},{"@type":"WebPage","@id":"https:\/\/ru.law\/eugh-urteil-drohen-neue-diesel-fahrverbote\/","url":"https:\/\/ru.law\/eugh-urteil-drohen-neue-diesel-fahrverbote\/","name":"EuGH-Urteil: Drohen neue Diesel-Fahrverbote? - R&amp;U","isPartOf":{"@id":"https:\/\/ru.law\/#website"},"primaryImageOfPage":{"@id":"https:\/\/ru.law\/eugh-urteil-drohen-neue-diesel-fahrverbote\/#primaryimage"},"image":{"@id":"https:\/\/ru.law\/eugh-urteil-drohen-neue-diesel-fahrverbote\/#primaryimage"},"thumbnailUrl":"https:\/\/ru.law\/wp-content\/uploads\/2022\/01\/Rogert-Ulbrich-Rechtsanwaelte-Kanzlei-Abgasskandal-EuGH-Fahrverbot.jpg","datePublished":"2022-01-19T10:01:59+00:00","dateModified":"2024-07-08T11:12:03+00:00","description":"Der EuGH hat ganz aktuell am 13.01.2022 entschieden, dass St\u00e4dte eigenst\u00e4ndig schmutzige Fahrzeuge aus den Innenst\u00e4dten verbannen k\u00f6nnen.","breadcrumb":{"@id":"https:\/\/ru.law\/eugh-urteil-drohen-neue-diesel-fahrverbote\/#breadcrumb"},"inLanguage":"nl-NL","potentialAction":[{"@type":"ReadAction","target":["https:\/\/ru.law\/eugh-urteil-drohen-neue-diesel-fahrverbote\/"]}]},{"@type":"ImageObject","inLanguage":"nl-NL","@id":"https:\/\/ru.law\/eugh-urteil-drohen-neue-diesel-fahrverbote\/#primaryimage","url":"https:\/\/ru.law\/wp-content\/uploads\/2022\/01\/Rogert-Ulbrich-Rechtsanwaelte-Kanzlei-Abgasskandal-EuGH-Fahrverbot.jpg","contentUrl":"https:\/\/ru.law\/wp-content\/uploads\/2022\/01\/Rogert-Ulbrich-Rechtsanwaelte-Kanzlei-Abgasskandal-EuGH-Fahrverbot.jpg","width":1200,"height":675},{"@type":"BreadcrumbList","@id":"https:\/\/ru.law\/eugh-urteil-drohen-neue-diesel-fahrverbote\/#breadcrumb","itemListElement":[{"@type":"ListItem","position":1,"name":"Startseite","item":"https:\/\/ru.law\/"},{"@type":"ListItem","position":2,"name":"EuGH-Urteil: Drohen neue Diesel-Fahrverbote?"}]},{"@type":"WebSite","@id":"https:\/\/ru.law\/#website","url":"https:\/\/ru.law\/","name":"R&amp;U","description":"Consumentenadvocaten","publisher":{"@id":"https:\/\/ru.law\/#organization"},"alternateName":"Rogert & Ulbrich","potentialAction":[{"@type":"SearchAction","target":{"@type":"EntryPoint","urlTemplate":"https:\/\/ru.law\/?s={search_term_string}"},"query-input":{"@type":"PropertyValueSpecification","valueRequired":true,"valueName":"search_term_string"}}],"inLanguage":"nl-NL"},{"@type":"Organization","@id":"https:\/\/ru.law\/#organization","name":"Advocatenkantoor Rogert &amp; Ulbrich","url":"https:\/\/ru.law\/","logo":{"@type":"ImageObject","inLanguage":"nl-NL","@id":"https:\/\/ru.law\/#\/schema\/logo\/image\/","url":"https:\/\/ru.law\/wp-content\/uploads\/2020\/12\/logo-ru-law.svg","contentUrl":"https:\/\/ru.law\/wp-content\/uploads\/2020\/12\/logo-ru-law.svg","width":992,"height":259,"caption":"Kanzlei Rogert & Ulbrich"},"image":{"@id":"https:\/\/ru.law\/#\/schema\/logo\/image\/"},"sameAs":["https:\/\/www.facebook.com\/RogertUlbrich\/","https:\/\/x.com\/RogertUlbrich","https:\/\/www.instagram.com\/rogertulbrich\/","https:\/\/www.linkedin.com\/company\/rogert-ulbrich\/","https:\/\/www.youtube.com\/channel\/UCganCgpvwpPFqMFf1vVmG2A"]},{"@type":"Person","@id":"https:\/\/ru.law\/#\/schema\/person\/b020d506e6bbc471b4565d3a98173b87","name":"Marco Rogert","url":"https:\/\/ru.law\/nl\/author\/rogertru-law\/"}]}},"uagb_featured_image_src":{"full":["https:\/\/ru.law\/wp-content\/uploads\/2022\/01\/Rogert-Ulbrich-Rechtsanwaelte-Kanzlei-Abgasskandal-EuGH-Fahrverbot.jpg",1200,675,false],"thumbnail":["https:\/\/ru.law\/wp-content\/uploads\/2022\/01\/Rogert-Ulbrich-Rechtsanwaelte-Kanzlei-Abgasskandal-EuGH-Fahrverbot-150x150.jpg",96,96,true],"medium":["https:\/\/ru.law\/wp-content\/uploads\/2022\/01\/Rogert-Ulbrich-Rechtsanwaelte-Kanzlei-Abgasskandal-EuGH-Fahrverbot-300x169.jpg",300,169,true],"medium_large":["https:\/\/ru.law\/wp-content\/uploads\/2022\/01\/Rogert-Ulbrich-Rechtsanwaelte-Kanzlei-Abgasskandal-EuGH-Fahrverbot-768x432.jpg",768,432,true],"large":["https:\/\/ru.law\/wp-content\/uploads\/2022\/01\/Rogert-Ulbrich-Rechtsanwaelte-Kanzlei-Abgasskandal-EuGH-Fahrverbot-1024x576.jpg",1024,576,true],"1536x1536":["https:\/\/ru.law\/wp-content\/uploads\/2022\/01\/Rogert-Ulbrich-Rechtsanwaelte-Kanzlei-Abgasskandal-EuGH-Fahrverbot.jpg",1200,675,false],"2048x2048":["https:\/\/ru.law\/wp-content\/uploads\/2022\/01\/Rogert-Ulbrich-Rechtsanwaelte-Kanzlei-Abgasskandal-EuGH-Fahrverbot.jpg",1200,675,false],"trp-custom-language-flag":["https:\/\/ru.law\/wp-content\/uploads\/2022\/01\/Rogert-Ulbrich-Rechtsanwaelte-Kanzlei-Abgasskandal-EuGH-Fahrverbot.jpg",18,10,false]},"uagb_author_info":{"display_name":"Marco Rogert","author_link":"https:\/\/ru.law\/nl\/author\/rogertru-law\/"},"uagb_comment_info":0,"uagb_excerpt":"Der Europ\u00e4ische Gerichtshof (EuGH) hat ganz aktuell am 13.01.2022 entschieden, dass St\u00e4dte schmutzige Fahrzeuge eigenst\u00e4ndig aus ihren Innenst\u00e4dten verbannen k\u00f6nnen (Urt. 13.01.2022, Az. C-177\/19, C-178\/19, [&hellip;]","_links":{"self":[{"href":"https:\/\/ru.law\/nl\/wp-json\/wp\/v2\/posts\/24680","targetHints":{"allow":["GET"]}}],"collection":[{"href":"https:\/\/ru.law\/nl\/wp-json\/wp\/v2\/posts"}],"about":[{"href":"https:\/\/ru.law\/nl\/wp-json\/wp\/v2\/types\/post"}],"author":[{"embeddable":true,"href":"https:\/\/ru.law\/nl\/wp-json\/wp\/v2\/users\/21"}],"replies":[{"embeddable":true,"href":"https:\/\/ru.law\/nl\/wp-json\/wp\/v2\/comments?post=24680"}],"version-history":[{"count":0,"href":"https:\/\/ru.law\/nl\/wp-json\/wp\/v2\/posts\/24680\/revisions"}],"wp:featuredmedia":[{"embeddable":true,"href":"https:\/\/ru.law\/nl\/wp-json\/wp\/v2\/media\/24685"}],"wp:attachment":[{"href":"https:\/\/ru.law\/nl\/wp-json\/wp\/v2\/media?parent=24680"}],"wp:term":[{"taxonomy":"category","embeddable":true,"href":"https:\/\/ru.law\/nl\/wp-json\/wp\/v2\/categories?post=24680"},{"taxonomy":"post_tag","embeddable":true,"href":"https:\/\/ru.law\/nl\/wp-json\/wp\/v2\/tags?post=24680"}],"curies":[{"name":"wp","href":"https:\/\/api.w.org\/{rel}","templated":true}]}}