{"id":24416,"date":"2022-01-13T13:52:14","date_gmt":"2022-01-13T12:52:14","guid":{"rendered":"https:\/\/ru.law\/?p=24416"},"modified":"2024-07-08T13:12:03","modified_gmt":"2024-07-08T11:12:03","slug":"vtdi-abgasskandal-rund-um-vw-audi-und-porsche","status":"publish","type":"post","link":"https:\/\/ru.law\/nl\/vtdi-abgasskandal-rund-um-vw-audi-und-porsche\/","title":{"rendered":"VTDI-emissieschandaal waarbij VW, Audi en Porsche betrokken zijn"},"content":{"rendered":"<p>Voor veel Duitse autofabrikanten is het dieselemissieschandaal nog steeds alomtegenwoordig, inclusief de <a href=\"https:\/\/ru.law\/nl\/expertise\/abgasskandal\/3-liter-motoren\/#modelle\">VW Groep rond de dochtermerken Audi en Porsche<\/a>. Nadat de Duitse Federale Automobilausstellung (KBA) begin 2018 op haar website had bekendgemaakt dat er in voertuigen met een <a href=\"https:\/\/ru.law\/nl\/expertise\/abgasskandal\/3-liter-motoren\/#motor\">3l of 4.2l VTDI-motor<\/a> Voor zover ik heb kunnen nagaan, zijn sommige eigenaren van de betrokken voertuigen pas in 2019 met een \u2018individuele\u2019 brief hierover ge\u00efnformeerd. <a href=\"https:\/\/ru.law\/nl\/expertise\/abgasskandal\/3-liter-motoren\/#rueckruf\">Het resultaat: een verplichte terugroepactie in de vorm van een (verplichte) software-update<\/a>. Als u niet voldoet aan het verzoek van de fabrikant, loopt u het risico dat het desbetreffende voertuig door de lokale registratieautoriteit uit de roulatie wordt genomen.<\/p>\n\n\n\n<p>Een ander gevolg van de brieven die in 2019 aan voertuigeigenaren zijn verzonden, kan zijn dat eventuele schadeclaims tegen de fabrikanten van de betrokken voertuigen eind dit jaar verjaren. Wie nog aanspraak wil maken op een schadevergoeding, moet dat zeker dit jaar doen.<\/p>\n\n\n\n<h2 class=\"wp-block-heading\" id=\"h-bereits-zahlreiche-urteile-gegen-vw-audi-und-porsche-erstritten\"><strong>Er zijn al talloze vonnissen gewonnen tegen VW, Audi en Porsche <\/strong><\/h2>\n\n\n\n<p>In het verleden zijn we er al een aantal keren in geslaagd <a href=\"https:\/\/ru.law\/nl\/expertise\/abgasskandal\/3-liter-motoren\/#urteile\">positieve oordelen<\/a> om voor te vechten. Niet alleen tegen de VW-dochterbedrijven Audi en Porsche, maar ook tegen het moederbedrijf Volkswagen werden schadeclaims van maximaal \u20ac 50.000,- en meer ingediend.<\/p>\n\n\n\n<p>Onder andere slaagden wij erin om voor onze cli\u00ebnt een schadevergoeding van ruim \u20ac 72.000,- te verkrijgen bij de Arrondissementsrechtbank Berlijn (zaaknr. 7 O 118\/19). Onderwerp van geschil was een Porsche Macan S 3.0 TDI waarin de door de KBA vastgestelde ontoelaatbare sjoemelsoftware was ge\u00efnstalleerd. Bij de Arrondissementsrechtbank Ingolstadt (zaaknr. 43 O 741\/19) kon van Audi AG ook een schadevergoeding van ruim \u20ac 68.000 worden gevorderd voor een betrokken Audi A6 3.0 BiTurbo. Onlangs konden wij van Volkswagen AG een schadevergoeding van ruim \u20ac 49.000 verkrijgen voor een VW Touareg 3.0 TDI bij de Arrondissementsrechtbank Bonn (zaaknummer 2 O 246\/21). Volgens de overwegingen van de rechter sluit het feit dat Audi AG verantwoordelijk is voor de productie van de VTDI-motoren een vordering tot schadevergoeding tegen Volkswagen AG niet uit, aldus de stelling van eiser. &nbsp;<\/p>\n\n\n\n<p><strong>Federale Hof van Justitie kent ook vordering tot waardevermindering toe<\/strong>&nbsp;<\/p>\n\n\n\n<p>Een andere mogelijkheid voor schadevergoeding is de zogenaamde \u201ckleine schade\u201d. In zijn uitspraak van 6 juli 2021 (zaak nr. VI ZR 40\/20) heeft het Bundesgerichtshof (BGH) geoordeeld dat in plaats van de transactie terug te draaien, benadeelde kopers van de betrokken voertuigen ook aanspraak kunnen maken op de waardevermindering die is veroorzaakt door de ontoelaatbare manipulatie-instrumenten, d.w.z. de zogenaamde &quot;kleine schade&quot;. Het voordeel: Getroffen voertuigeigenaren kunnen hun voertuig behouden en toch een schadevergoeding ontvangen. Hoeveel de waarde van het voertuig is gedaald, kunt u schatten zonder dat er een dure taxatie nodig is, bijvoorbeeld op basis van een percentage van de aankoopprijs.&nbsp;<\/p>\n\n\n\n<h3 class=\"wp-block-heading\" id=\"h-rogert-ulbrich-empfiehlt\">Rogert &amp; Ulbrich beveelt aan <\/h3>\n\n\n\n<p>Rijdt u in een betrokken VW, Audi of Porsche en heeft u in 2019 een terugroepactie van de fabrikant ontvangen? Dan moet u snel handelen, zelfs tegen de achtergrond van de dreigende verjaringstermijn, en<a href=\"https:\/\/ru.law\/nl\/expertise\/abgasskandal\/3-liter-motoren\/#mandat\" target=\"_blank\" rel=\"noreferrer noopener\">kans op succes<\/a>laat het ons controleren.<a href=\"https:\/\/ru.law\/nl\/expertise\/abgasskandal\/3-liter-motoren\/#urteile\" target=\"_blank\" rel=\"noreferrer noopener\">Uit de huidige jurisprudentie blijkt ook dat uw kansen nog nooit zo groot zijn geweest.<\/a>Voorkom dat uw eventuele schadeclaims verjaren en laat ons deze kosteloos en vrijblijvend onderzoeken.\u00a0<\/p>\n\n\n\n<section class=\"wp-block-uagb-columns uagb-columns__wrap uagb-columns__background-undefined uagb-columns__stack-mobile uagb-columns__valign-undefined uagb-columns__gap-10 alignundefined uagb-block-7698d592 contrast blog_beitraege\"><div class=\"uagb-columns__overlay\"><\/div><div class=\"uagb-columns__inner-wrap uagb-columns__columns-1\">\n<div class=\"wp-block-uagb-column uagb-column__wrap uagb-column__background-undefined uagb-block-7303ef61\"><div class=\"uagb-column__overlay\"><\/div><div class=\"uagb-column__inner-wrap\">\n<h3 class=\"wp-block-heading\" id=\"h-das-konnte-sie-auch-interessieren\">Misschien bent u ook ge\u00efnteresseerd in:<\/h3>\n\n\n\n\t\t\t<div class=\"wp-block-uagb-post-grid uagb-post-grid  uagb-post__image-position-top uagb-post__image-enabled uagb-block-5d862324     uagb-post__items uagb-post__columns-3 is-grid uagb-post__columns-tablet-2 uagb-post__columns-mobile-1 uagb-post__equal-height\" data-total=\"12\" style=\"\">\n\n\t\t\t\t\t\t\t\t\t\t\t\t<article class=\"uagb-post__inner-wrap\">\t\t\t\t\t\t\t\t<div class='uagb-post__image'>\n\t\t\t\t\t\t\t\t\t<a href=\"https:\/\/ru.law\/nl\/zahlreiche-positive-urteile-fuer-verbraucher-am-landgericht-ingolstadt\/\" target=\"_self\" rel=\"bookmark noopener noreferrer\" class='uagb-image-ratio-inherit'><img loading=\"lazy\" decoding=\"async\" width=\"1024\" height=\"576\" src=\"https:\/\/ru.law\/wp-content\/uploads\/2021\/01\/audi-a6-1024x576.jpg\" class=\"attachment-large size-large\" alt=\"\" srcset=\"https:\/\/ru.law\/wp-content\/uploads\/2021\/01\/audi-a6-1024x576.jpg 1024w, https:\/\/ru.law\/wp-content\/uploads\/2021\/01\/audi-a6-300x169.jpg 300w, https:\/\/ru.law\/wp-content\/uploads\/2021\/01\/audi-a6-768x432.jpg 768w, https:\/\/ru.law\/wp-content\/uploads\/2021\/01\/audi-a6.jpg 1200w\" sizes=\"auto, (max-width: 1024px) 100vw, 1024px\" \/>\t\t\t\t\t<\/a>\n\t\t\t\t\t\t\t<\/div>\n\t\t\t\t\t\t<h4 class=\"uagb-post__title uagb-post__text\">\n\t\t\t\t<a href=\"https:\/\/ru.law\/nl\/zahlreiche-positive-urteile-fuer-verbraucher-am-landgericht-ingolstadt\/\" target=\"_self\" rel=\"bookmark noopener noreferrer\">Talrijke positieve uitspraken voor consumenten bij de regionale rechtbank van Ingolstadt<\/a>\n\t\t\t<\/h4>\n\t\t\t\t\t\t<div class='uagb-post__text uagb-post-grid-byline'>\n\t\t\t\t\t\t\t<\/div>\n\t\t\t\t\t\t\t<div class='uagb-post__text uagb-post__excerpt'>\n\t\t\t\t\t<p>Audi AG werd in januari 2021 meerdere malen veroordeeld tot het betalen van schadevergoeding. In een recente uitspraak van 15 januari 2021,\u2026\t\t\t\t<\/div>\n\t\t\t\n\t\t\t\t\t\t\t\t\t<\/article>\n\t\t\t\t\t\t\t\t\t\t\t\t\t\t\t\t<article class=\"uagb-post__inner-wrap\">\t\t\t\t\t\t\t\t<div class='uagb-post__image'>\n\t\t\t\t\t\t\t\t\t<a href=\"https:\/\/ru.law\/nl\/verjaehrung-im-audi-abgasskandal-zum-ende-des-jahres-2021\/\" target=\"_self\" rel=\"bookmark noopener noreferrer\" class='uagb-image-ratio-inherit'><img loading=\"lazy\" decoding=\"async\" width=\"1024\" height=\"576\" src=\"https:\/\/ru.law\/wp-content\/uploads\/2021\/12\/Rogert-Ulbrich-Rechtsanwaelte-Kanzlei-Abgasskandal-Audi-Verjaehrung-3-Liter-1024x576.jpg\" class=\"attachment-large size-large\" alt=\"\" srcset=\"https:\/\/ru.law\/wp-content\/uploads\/2021\/12\/Rogert-Ulbrich-Rechtsanwaelte-Kanzlei-Abgasskandal-Audi-Verjaehrung-3-Liter-1024x576.jpg 1024w, https:\/\/ru.law\/wp-content\/uploads\/2021\/12\/Rogert-Ulbrich-Rechtsanwaelte-Kanzlei-Abgasskandal-Audi-Verjaehrung-3-Liter-300x169.jpg 300w, https:\/\/ru.law\/wp-content\/uploads\/2021\/12\/Rogert-Ulbrich-Rechtsanwaelte-Kanzlei-Abgasskandal-Audi-Verjaehrung-3-Liter-768x432.jpg 768w, https:\/\/ru.law\/wp-content\/uploads\/2021\/12\/Rogert-Ulbrich-Rechtsanwaelte-Kanzlei-Abgasskandal-Audi-Verjaehrung-3-Liter.jpg 1200w\" sizes=\"auto, (max-width: 1024px) 100vw, 1024px\" \/>\t\t\t\t\t<\/a>\n\t\t\t\t\t\t\t<\/div>\n\t\t\t\t\t\t<h4 class=\"uagb-post__title uagb-post__text\">\n\t\t\t\t<a href=\"https:\/\/ru.law\/nl\/verjaehrung-im-audi-abgasskandal-zum-ende-des-jahres-2021\/\" target=\"_self\" rel=\"bookmark noopener noreferrer\">Verjaringstermijn in het Audi-emissieschandaal eind 2021<\/a>\n\t\t\t<\/h4>\n\t\t\t\t\t\t<div class='uagb-post__text uagb-post-grid-byline'>\n\t\t\t\t\t\t\t<\/div>\n\t\t\t\t\t\t\t<div class='uagb-post__text uagb-post__excerpt'>\n\t\t\t\t\t<p>Sinds 2018 heeft de Bundesautomobilausstellung (KBA) al talrijke terugroepacties onder de terugroepcode 23X6 bevolen, omdat\u2026\t\t\t\t<\/div>\n\t\t\t\n\t\t\t\t\t\t\t\t\t<\/article>\n\t\t\t\t\t\t\t\t\t\t\t\t\t\t\t\t<article class=\"uagb-post__inner-wrap\">\t\t\t\t\t\t\t\t<div class='uagb-post__image'>\n\t\t\t\t\t\t\t\t\t<a href=\"https:\/\/ru.law\/nl\/abgasskandal-schadensersatz-trotz-verkauf-des-dieselfahrzeugs\/\" target=\"_self\" rel=\"bookmark noopener noreferrer\" class='uagb-image-ratio-inherit'><img loading=\"lazy\" decoding=\"async\" width=\"1024\" height=\"576\" src=\"https:\/\/ru.law\/wp-content\/uploads\/2020\/08\/abgasskandal-audi-diesel-fahrzeug-1-1024x576.jpg\" class=\"attachment-large size-large\" alt=\"Abgasskandal Audi Diesel-Fahrzeug\" srcset=\"https:\/\/ru.law\/wp-content\/uploads\/2020\/08\/abgasskandal-audi-diesel-fahrzeug-1-1024x576.jpg 1024w, https:\/\/ru.law\/wp-content\/uploads\/2020\/08\/abgasskandal-audi-diesel-fahrzeug-1-300x169.jpg 300w, https:\/\/ru.law\/wp-content\/uploads\/2020\/08\/abgasskandal-audi-diesel-fahrzeug-1-768x432.jpg 768w, https:\/\/ru.law\/wp-content\/uploads\/2020\/08\/abgasskandal-audi-diesel-fahrzeug-1-500x281.jpg 500w, https:\/\/ru.law\/wp-content\/uploads\/2020\/08\/abgasskandal-audi-diesel-fahrzeug-1-800x450.jpg 800w, https:\/\/ru.law\/wp-content\/uploads\/2020\/08\/abgasskandal-audi-diesel-fahrzeug-1.jpg 1200w\" sizes=\"auto, (max-width: 1024px) 100vw, 1024px\" \/>\t\t\t\t\t<\/a>\n\t\t\t\t\t\t\t<\/div>\n\t\t\t\t\t\t<h4 class=\"uagb-post__title uagb-post__text\">\n\t\t\t\t<a href=\"https:\/\/ru.law\/nl\/abgasskandal-schadensersatz-trotz-verkauf-des-dieselfahrzeugs\/\" target=\"_self\" rel=\"bookmark noopener noreferrer\">schadevergoeding ondanks verkoop dieselvoertuig<\/a>\n\t\t\t<\/h4>\n\t\t\t\t\t\t<div class='uagb-post__text uagb-post-grid-byline'>\n\t\t\t\t\t\t\t<\/div>\n\t\t\t\t\t\t\t<div class='uagb-post__text uagb-post__excerpt'>\n\t\t\t\t\t<p>Huidige uitspraken in het voordeel van consumenten. Door het emissieschandaal bij VW zijn veel dieselmodellen op de tweedehandsmarkt enorm in waarde gedaald.\t\t\t\t<\/div>\n\t\t\t\n\t\t\t\t\t\t\t\t\t<\/article>\n\t\t\t\t\t\t\t\t\t\t\t<\/div>\n\t\t\t<\/div><\/div>\n<\/div><\/section>","protected":false},"excerpt":{"rendered":"<p>F\u00fcr viele deutsche Automobilhersteller ist der Diesel-Abgasskandal noch immer allgegenw\u00e4rtig, so auch f\u00fcr den VW-Konzern rund um die Tochtermarken Audi und Porsche. Nachdem das Kraftfahrt-Bundesamt [&hellip;]<\/p>\n","protected":false},"author":21,"featured_media":24448,"comment_status":"closed","ping_status":"open","sticky":false,"template":"","format":"standard","meta":{"_uag_custom_page_level_css":"","site-sidebar-layout":"default","site-content-layout":"","ast-site-content-layout":"default","site-content-style":"default","site-sidebar-style":"default","ast-global-header-display":"","ast-banner-title-visibility":"","ast-main-header-display":"","ast-hfb-above-header-display":"","ast-hfb-below-header-display":"","ast-hfb-mobile-header-display":"","site-post-title":"","ast-breadcrumbs-content":"","ast-featured-img":"","footer-sml-layout":"","ast-disable-related-posts":"","theme-transparent-header-meta":"","adv-header-id-meta":"","stick-header-meta":"","header-above-stick-meta":"","header-main-stick-meta":"","header-below-stick-meta":"","astra-migrate-meta-layouts":"default","ast-page-background-enabled":"default","ast-page-background-meta":{"desktop":{"background-color":"","background-image":"","background-repeat":"repeat","background-position":"center center","background-size":"auto","background-attachment":"scroll","background-type":"","background-media":"","overlay-type":"","overlay-color":"","overlay-opacity":"","overlay-gradient":""},"tablet":{"background-color":"","background-image":"","background-repeat":"repeat","background-position":"center center","background-size":"auto","background-attachment":"scroll","background-type":"","background-media":"","overlay-type":"","overlay-color":"","overlay-opacity":"","overlay-gradient":""},"mobile":{"background-color":"","background-image":"","background-repeat":"repeat","background-position":"center center","background-size":"auto","background-attachment":"scroll","background-type":"","background-media":"","overlay-type":"","overlay-color":"","overlay-opacity":"","overlay-gradient":""}},"ast-content-background-meta":{"desktop":{"background-color":"var(--ast-global-color-5)","background-image":"","background-repeat":"repeat","background-position":"center center","background-size":"auto","background-attachment":"scroll","background-type":"","background-media":"","overlay-type":"","overlay-color":"","overlay-opacity":"","overlay-gradient":""},"tablet":{"background-color":"var(--ast-global-color-5)","background-image":"","background-repeat":"repeat","background-position":"center center","background-size":"auto","background-attachment":"scroll","background-type":"","background-media":"","overlay-type":"","overlay-color":"","overlay-opacity":"","overlay-gradient":""},"mobile":{"background-color":"var(--ast-global-color-5)","background-image":"","background-repeat":"repeat","background-position":"center center","background-size":"auto","background-attachment":"scroll","background-type":"","background-media":"","overlay-type":"","overlay-color":"","overlay-opacity":"","overlay-gradient":""}},"footnotes":""},"categories":[2],"tags":[1039,895,9,23,24,697,31,35,879,45],"class_list":["post-24416","post","type-post","status-publish","format-standard","has-post-thumbnail","hentry","category-abgasskandal","tag-3-liter","tag-abschalteinrichtung","tag-audi","tag-euro-5","tag-euro-6","tag-kba","tag-porsche","tag-rueckruf","tag-verjaehrung","tag-vw"],"yoast_head":"<!-- This site is optimized with the Yoast SEO Premium plugin v27.4 (Yoast SEO v27.4) - https:\/\/yoast.com\/product\/yoast-seo-premium-wordpress\/ -->\n<title>VTDI-Abgasskandal rund um VW, Audi und Porsche - R&amp;U<\/title>\n<meta name=\"description\" content=\"Abgasskandal geht weiter: Einige Fahrzeughalter (VW, Audi, Porsche) wurden erst 2019 \u00fcber eine unzul\u00e4ssige Abschalteinrichtung informiert.\" \/>\n<meta name=\"robots\" content=\"index, follow, max-snippet:-1, max-image-preview:large, max-video-preview:-1\" \/>\n<link rel=\"canonical\" href=\"https:\/\/ru.law\/nl\/vtdi-abgasskandal-rund-um-vw-audi-und-porsche\/\" \/>\n<meta property=\"og:locale\" content=\"nl_NL\" \/>\n<meta property=\"og:type\" content=\"article\" \/>\n<meta property=\"og:title\" content=\"VTDI-Abgasskandal rund um VW, Audi und Porsche\" \/>\n<meta property=\"og:description\" content=\"Abgasskandal geht weiter: Einige Fahrzeughalter (VW, Audi, Porsche) wurden erst 2019 \u00fcber eine unzul\u00e4ssige Abschalteinrichtung informiert.\" \/>\n<meta property=\"og:url\" content=\"https:\/\/ru.law\/nl\/vtdi-abgasskandal-rund-um-vw-audi-und-porsche\/\" \/>\n<meta property=\"og:site_name\" content=\"R&amp;U\" \/>\n<meta property=\"article:publisher\" content=\"https:\/\/www.facebook.com\/RogertUlbrich\/\" \/>\n<meta property=\"article:published_time\" content=\"2022-01-13T12:52:14+00:00\" \/>\n<meta property=\"article:modified_time\" content=\"2024-07-08T11:12:03+00:00\" \/>\n<meta property=\"og:image\" content=\"https:\/\/ru.law\/wp-content\/uploads\/2022\/01\/Rogert-Ulbrich-Rechtsanwaelte-Kanzlei-Abgasskandal-Audi-Verjaehrung-2022.jpg\" \/>\n\t<meta property=\"og:image:width\" content=\"1200\" \/>\n\t<meta property=\"og:image:height\" content=\"675\" \/>\n\t<meta property=\"og:image:type\" content=\"image\/jpeg\" \/>\n<meta name=\"author\" content=\"Marco Rogert\" \/>\n<meta name=\"twitter:card\" content=\"summary_large_image\" \/>\n<meta name=\"twitter:creator\" content=\"@RogertUlbrich\" \/>\n<meta name=\"twitter:site\" content=\"@RogertUlbrich\" \/>\n<script type=\"application\/ld+json\" class=\"yoast-schema-graph\">{\"@context\":\"https:\\\/\\\/schema.org\",\"@graph\":[{\"@type\":\"Article\",\"@id\":\"https:\\\/\\\/ru.law\\\/vtdi-abgasskandal-rund-um-vw-audi-und-porsche\\\/#article\",\"isPartOf\":{\"@id\":\"https:\\\/\\\/ru.law\\\/vtdi-abgasskandal-rund-um-vw-audi-und-porsche\\\/\"},\"author\":{\"name\":\"Marco Rogert\",\"@id\":\"https:\\\/\\\/ru.law\\\/#\\\/schema\\\/person\\\/b020d506e6bbc471b4565d3a98173b87\"},\"headline\":\"VTDI-Abgasskandal rund um VW, Audi und Porsche\",\"datePublished\":\"2022-01-13T12:52:14+00:00\",\"dateModified\":\"2024-07-08T11:12:03+00:00\",\"mainEntityOfPage\":{\"@id\":\"https:\\\/\\\/ru.law\\\/vtdi-abgasskandal-rund-um-vw-audi-und-porsche\\\/\"},\"wordCount\":545,\"publisher\":{\"@id\":\"https:\\\/\\\/ru.law\\\/#organization\"},\"image\":{\"@id\":\"https:\\\/\\\/ru.law\\\/vtdi-abgasskandal-rund-um-vw-audi-und-porsche\\\/#primaryimage\"},\"thumbnailUrl\":\"https:\\\/\\\/ru.law\\\/wp-content\\\/uploads\\\/2022\\\/01\\\/Rogert-Ulbrich-Rechtsanwaelte-Kanzlei-Abgasskandal-Audi-Verjaehrung-2022.jpg\",\"keywords\":[\"3-Liter\",\"Abschalteinrichtung\",\"Audi\",\"Euro-5\",\"Euro-6\",\"KBA\",\"Porsche\",\"R\u00fcckruf\",\"Verj\u00e4hrung\",\"VW\"],\"articleSection\":[\"Abgasskandal\"],\"inLanguage\":\"nl-NL\"},{\"@type\":\"WebPage\",\"@id\":\"https:\\\/\\\/ru.law\\\/vtdi-abgasskandal-rund-um-vw-audi-und-porsche\\\/\",\"url\":\"https:\\\/\\\/ru.law\\\/vtdi-abgasskandal-rund-um-vw-audi-und-porsche\\\/\",\"name\":\"VTDI-Abgasskandal rund um VW, Audi und Porsche - R&amp;U\",\"isPartOf\":{\"@id\":\"https:\\\/\\\/ru.law\\\/#website\"},\"primaryImageOfPage\":{\"@id\":\"https:\\\/\\\/ru.law\\\/vtdi-abgasskandal-rund-um-vw-audi-und-porsche\\\/#primaryimage\"},\"image\":{\"@id\":\"https:\\\/\\\/ru.law\\\/vtdi-abgasskandal-rund-um-vw-audi-und-porsche\\\/#primaryimage\"},\"thumbnailUrl\":\"https:\\\/\\\/ru.law\\\/wp-content\\\/uploads\\\/2022\\\/01\\\/Rogert-Ulbrich-Rechtsanwaelte-Kanzlei-Abgasskandal-Audi-Verjaehrung-2022.jpg\",\"datePublished\":\"2022-01-13T12:52:14+00:00\",\"dateModified\":\"2024-07-08T11:12:03+00:00\",\"description\":\"Abgasskandal geht weiter: Einige Fahrzeughalter (VW, Audi, Porsche) wurden erst 2019 \u00fcber eine unzul\u00e4ssige Abschalteinrichtung informiert.\",\"breadcrumb\":{\"@id\":\"https:\\\/\\\/ru.law\\\/vtdi-abgasskandal-rund-um-vw-audi-und-porsche\\\/#breadcrumb\"},\"inLanguage\":\"nl-NL\",\"potentialAction\":[{\"@type\":\"ReadAction\",\"target\":[\"https:\\\/\\\/ru.law\\\/vtdi-abgasskandal-rund-um-vw-audi-und-porsche\\\/\"]}]},{\"@type\":\"ImageObject\",\"inLanguage\":\"nl-NL\",\"@id\":\"https:\\\/\\\/ru.law\\\/vtdi-abgasskandal-rund-um-vw-audi-und-porsche\\\/#primaryimage\",\"url\":\"https:\\\/\\\/ru.law\\\/wp-content\\\/uploads\\\/2022\\\/01\\\/Rogert-Ulbrich-Rechtsanwaelte-Kanzlei-Abgasskandal-Audi-Verjaehrung-2022.jpg\",\"contentUrl\":\"https:\\\/\\\/ru.law\\\/wp-content\\\/uploads\\\/2022\\\/01\\\/Rogert-Ulbrich-Rechtsanwaelte-Kanzlei-Abgasskandal-Audi-Verjaehrung-2022.jpg\",\"width\":1200,\"height\":675},{\"@type\":\"BreadcrumbList\",\"@id\":\"https:\\\/\\\/ru.law\\\/vtdi-abgasskandal-rund-um-vw-audi-und-porsche\\\/#breadcrumb\",\"itemListElement\":[{\"@type\":\"ListItem\",\"position\":1,\"name\":\"Startseite\",\"item\":\"https:\\\/\\\/ru.law\\\/\"},{\"@type\":\"ListItem\",\"position\":2,\"name\":\"VTDI-Abgasskandal rund um VW, Audi und Porsche\"}]},{\"@type\":\"WebSite\",\"@id\":\"https:\\\/\\\/ru.law\\\/#website\",\"url\":\"https:\\\/\\\/ru.law\\\/\",\"name\":\"R&U\",\"description\":\"Verbraucheranw\u00e4lte\",\"publisher\":{\"@id\":\"https:\\\/\\\/ru.law\\\/#organization\"},\"alternateName\":\"Rogert & Ulbrich\",\"potentialAction\":[{\"@type\":\"SearchAction\",\"target\":{\"@type\":\"EntryPoint\",\"urlTemplate\":\"https:\\\/\\\/ru.law\\\/?s={search_term_string}\"},\"query-input\":{\"@type\":\"PropertyValueSpecification\",\"valueRequired\":true,\"valueName\":\"search_term_string\"}}],\"inLanguage\":\"nl-NL\"},{\"@type\":\"Organization\",\"@id\":\"https:\\\/\\\/ru.law\\\/#organization\",\"name\":\"Kanzlei Rogert & Ulbrich\",\"url\":\"https:\\\/\\\/ru.law\\\/\",\"logo\":{\"@type\":\"ImageObject\",\"inLanguage\":\"nl-NL\",\"@id\":\"https:\\\/\\\/ru.law\\\/#\\\/schema\\\/logo\\\/image\\\/\",\"url\":\"https:\\\/\\\/ru.law\\\/wp-content\\\/uploads\\\/2020\\\/12\\\/logo-ru-law.svg\",\"contentUrl\":\"https:\\\/\\\/ru.law\\\/wp-content\\\/uploads\\\/2020\\\/12\\\/logo-ru-law.svg\",\"width\":992,\"height\":259,\"caption\":\"Kanzlei Rogert & Ulbrich\"},\"image\":{\"@id\":\"https:\\\/\\\/ru.law\\\/#\\\/schema\\\/logo\\\/image\\\/\"},\"sameAs\":[\"https:\\\/\\\/www.facebook.com\\\/RogertUlbrich\\\/\",\"https:\\\/\\\/x.com\\\/RogertUlbrich\",\"https:\\\/\\\/www.instagram.com\\\/rogertulbrich\\\/\",\"https:\\\/\\\/www.linkedin.com\\\/company\\\/rogert-ulbrich\\\/\",\"https:\\\/\\\/www.youtube.com\\\/channel\\\/UCganCgpvwpPFqMFf1vVmG2A\"]},{\"@type\":\"Person\",\"@id\":\"https:\\\/\\\/ru.law\\\/#\\\/schema\\\/person\\\/b020d506e6bbc471b4565d3a98173b87\",\"name\":\"Marco Rogert\",\"url\":\"https:\\\/\\\/ru.law\\\/nl\\\/author\\\/rogertru-law\\\/\"}]}<\/script>\n<!-- \/ Yoast SEO Premium plugin. -->","yoast_head_json":{"title":"VTDI-Abgasskandal rund um VW, Audi und Porsche - R&amp;U","description":"Abgasskandal geht weiter: Einige Fahrzeughalter (VW, Audi, Porsche) wurden erst 2019 \u00fcber eine unzul\u00e4ssige Abschalteinrichtung informiert.","robots":{"index":"index","follow":"follow","max-snippet":"max-snippet:-1","max-image-preview":"max-image-preview:large","max-video-preview":"max-video-preview:-1"},"canonical":"https:\/\/ru.law\/nl\/vtdi-abgasskandal-rund-um-vw-audi-und-porsche\/","og_locale":"nl_NL","og_type":"article","og_title":"VTDI-Abgasskandal rund um VW, Audi und Porsche","og_description":"Abgasskandal geht weiter: Einige Fahrzeughalter (VW, Audi, Porsche) wurden erst 2019 \u00fcber eine unzul\u00e4ssige Abschalteinrichtung informiert.","og_url":"https:\/\/ru.law\/nl\/vtdi-abgasskandal-rund-um-vw-audi-und-porsche\/","og_site_name":"R&amp;U","article_publisher":"https:\/\/www.facebook.com\/RogertUlbrich\/","article_published_time":"2022-01-13T12:52:14+00:00","article_modified_time":"2024-07-08T11:12:03+00:00","og_image":[{"width":1200,"height":675,"url":"https:\/\/ru.law\/wp-content\/uploads\/2022\/01\/Rogert-Ulbrich-Rechtsanwaelte-Kanzlei-Abgasskandal-Audi-Verjaehrung-2022.jpg","type":"image\/jpeg"}],"author":"Marco Rogert","twitter_card":"summary_large_image","twitter_creator":"@RogertUlbrich","twitter_site":"@RogertUlbrich","schema":{"@context":"https:\/\/schema.org","@graph":[{"@type":"Article","@id":"https:\/\/ru.law\/vtdi-abgasskandal-rund-um-vw-audi-und-porsche\/#article","isPartOf":{"@id":"https:\/\/ru.law\/vtdi-abgasskandal-rund-um-vw-audi-und-porsche\/"},"author":{"name":"Marco Rogert","@id":"https:\/\/ru.law\/#\/schema\/person\/b020d506e6bbc471b4565d3a98173b87"},"headline":"VTDI-Abgasskandal rund um VW, Audi und Porsche","datePublished":"2022-01-13T12:52:14+00:00","dateModified":"2024-07-08T11:12:03+00:00","mainEntityOfPage":{"@id":"https:\/\/ru.law\/vtdi-abgasskandal-rund-um-vw-audi-und-porsche\/"},"wordCount":545,"publisher":{"@id":"https:\/\/ru.law\/#organization"},"image":{"@id":"https:\/\/ru.law\/vtdi-abgasskandal-rund-um-vw-audi-und-porsche\/#primaryimage"},"thumbnailUrl":"https:\/\/ru.law\/wp-content\/uploads\/2022\/01\/Rogert-Ulbrich-Rechtsanwaelte-Kanzlei-Abgasskandal-Audi-Verjaehrung-2022.jpg","keywords":["3-Liter","Abschalteinrichtung","Audi","Euro-5","Euro-6","KBA","Porsche","R\u00fcckruf","Verj\u00e4hrung","VW"],"articleSection":["Abgasskandal"],"inLanguage":"nl-NL"},{"@type":"WebPage","@id":"https:\/\/ru.law\/vtdi-abgasskandal-rund-um-vw-audi-und-porsche\/","url":"https:\/\/ru.law\/vtdi-abgasskandal-rund-um-vw-audi-und-porsche\/","name":"VTDI-Abgasskandal rund um VW, Audi und Porsche - R&amp;U","isPartOf":{"@id":"https:\/\/ru.law\/#website"},"primaryImageOfPage":{"@id":"https:\/\/ru.law\/vtdi-abgasskandal-rund-um-vw-audi-und-porsche\/#primaryimage"},"image":{"@id":"https:\/\/ru.law\/vtdi-abgasskandal-rund-um-vw-audi-und-porsche\/#primaryimage"},"thumbnailUrl":"https:\/\/ru.law\/wp-content\/uploads\/2022\/01\/Rogert-Ulbrich-Rechtsanwaelte-Kanzlei-Abgasskandal-Audi-Verjaehrung-2022.jpg","datePublished":"2022-01-13T12:52:14+00:00","dateModified":"2024-07-08T11:12:03+00:00","description":"Abgasskandal geht weiter: Einige Fahrzeughalter (VW, Audi, Porsche) wurden erst 2019 \u00fcber eine unzul\u00e4ssige Abschalteinrichtung informiert.","breadcrumb":{"@id":"https:\/\/ru.law\/vtdi-abgasskandal-rund-um-vw-audi-und-porsche\/#breadcrumb"},"inLanguage":"nl-NL","potentialAction":[{"@type":"ReadAction","target":["https:\/\/ru.law\/vtdi-abgasskandal-rund-um-vw-audi-und-porsche\/"]}]},{"@type":"ImageObject","inLanguage":"nl-NL","@id":"https:\/\/ru.law\/vtdi-abgasskandal-rund-um-vw-audi-und-porsche\/#primaryimage","url":"https:\/\/ru.law\/wp-content\/uploads\/2022\/01\/Rogert-Ulbrich-Rechtsanwaelte-Kanzlei-Abgasskandal-Audi-Verjaehrung-2022.jpg","contentUrl":"https:\/\/ru.law\/wp-content\/uploads\/2022\/01\/Rogert-Ulbrich-Rechtsanwaelte-Kanzlei-Abgasskandal-Audi-Verjaehrung-2022.jpg","width":1200,"height":675},{"@type":"BreadcrumbList","@id":"https:\/\/ru.law\/vtdi-abgasskandal-rund-um-vw-audi-und-porsche\/#breadcrumb","itemListElement":[{"@type":"ListItem","position":1,"name":"Startseite","item":"https:\/\/ru.law\/"},{"@type":"ListItem","position":2,"name":"VTDI-Abgasskandal rund um VW, Audi und Porsche"}]},{"@type":"WebSite","@id":"https:\/\/ru.law\/#website","url":"https:\/\/ru.law\/","name":"R&amp;U","description":"Consumentenadvocaten","publisher":{"@id":"https:\/\/ru.law\/#organization"},"alternateName":"Rogert & Ulbrich","potentialAction":[{"@type":"SearchAction","target":{"@type":"EntryPoint","urlTemplate":"https:\/\/ru.law\/?s={search_term_string}"},"query-input":{"@type":"PropertyValueSpecification","valueRequired":true,"valueName":"search_term_string"}}],"inLanguage":"nl-NL"},{"@type":"Organization","@id":"https:\/\/ru.law\/#organization","name":"Advocatenkantoor Rogert &amp; Ulbrich","url":"https:\/\/ru.law\/","logo":{"@type":"ImageObject","inLanguage":"nl-NL","@id":"https:\/\/ru.law\/#\/schema\/logo\/image\/","url":"https:\/\/ru.law\/wp-content\/uploads\/2020\/12\/logo-ru-law.svg","contentUrl":"https:\/\/ru.law\/wp-content\/uploads\/2020\/12\/logo-ru-law.svg","width":992,"height":259,"caption":"Kanzlei Rogert & Ulbrich"},"image":{"@id":"https:\/\/ru.law\/#\/schema\/logo\/image\/"},"sameAs":["https:\/\/www.facebook.com\/RogertUlbrich\/","https:\/\/x.com\/RogertUlbrich","https:\/\/www.instagram.com\/rogertulbrich\/","https:\/\/www.linkedin.com\/company\/rogert-ulbrich\/","https:\/\/www.youtube.com\/channel\/UCganCgpvwpPFqMFf1vVmG2A"]},{"@type":"Person","@id":"https:\/\/ru.law\/#\/schema\/person\/b020d506e6bbc471b4565d3a98173b87","name":"Marco Rogert","url":"https:\/\/ru.law\/nl\/author\/rogertru-law\/"}]}},"uagb_featured_image_src":{"full":["https:\/\/ru.law\/wp-content\/uploads\/2022\/01\/Rogert-Ulbrich-Rechtsanwaelte-Kanzlei-Abgasskandal-Audi-Verjaehrung-2022.jpg",1200,675,false],"thumbnail":["https:\/\/ru.law\/wp-content\/uploads\/2022\/01\/Rogert-Ulbrich-Rechtsanwaelte-Kanzlei-Abgasskandal-Audi-Verjaehrung-2022-150x150.jpg",96,96,true],"medium":["https:\/\/ru.law\/wp-content\/uploads\/2022\/01\/Rogert-Ulbrich-Rechtsanwaelte-Kanzlei-Abgasskandal-Audi-Verjaehrung-2022-300x169.jpg",300,169,true],"medium_large":["https:\/\/ru.law\/wp-content\/uploads\/2022\/01\/Rogert-Ulbrich-Rechtsanwaelte-Kanzlei-Abgasskandal-Audi-Verjaehrung-2022-768x432.jpg",768,432,true],"large":["https:\/\/ru.law\/wp-content\/uploads\/2022\/01\/Rogert-Ulbrich-Rechtsanwaelte-Kanzlei-Abgasskandal-Audi-Verjaehrung-2022-1024x576.jpg",1024,576,true],"1536x1536":["https:\/\/ru.law\/wp-content\/uploads\/2022\/01\/Rogert-Ulbrich-Rechtsanwaelte-Kanzlei-Abgasskandal-Audi-Verjaehrung-2022.jpg",1200,675,false],"2048x2048":["https:\/\/ru.law\/wp-content\/uploads\/2022\/01\/Rogert-Ulbrich-Rechtsanwaelte-Kanzlei-Abgasskandal-Audi-Verjaehrung-2022.jpg",1200,675,false],"trp-custom-language-flag":["https:\/\/ru.law\/wp-content\/uploads\/2022\/01\/Rogert-Ulbrich-Rechtsanwaelte-Kanzlei-Abgasskandal-Audi-Verjaehrung-2022.jpg",18,10,false]},"uagb_author_info":{"display_name":"Marco Rogert","author_link":"https:\/\/ru.law\/nl\/author\/rogertru-law\/"},"uagb_comment_info":0,"uagb_excerpt":"F\u00fcr viele deutsche Automobilhersteller ist der Diesel-Abgasskandal noch immer allgegenw\u00e4rtig, so auch f\u00fcr den VW-Konzern rund um die Tochtermarken Audi und Porsche. Nachdem das Kraftfahrt-Bundesamt [&hellip;]","_links":{"self":[{"href":"https:\/\/ru.law\/nl\/wp-json\/wp\/v2\/posts\/24416","targetHints":{"allow":["GET"]}}],"collection":[{"href":"https:\/\/ru.law\/nl\/wp-json\/wp\/v2\/posts"}],"about":[{"href":"https:\/\/ru.law\/nl\/wp-json\/wp\/v2\/types\/post"}],"author":[{"embeddable":true,"href":"https:\/\/ru.law\/nl\/wp-json\/wp\/v2\/users\/21"}],"replies":[{"embeddable":true,"href":"https:\/\/ru.law\/nl\/wp-json\/wp\/v2\/comments?post=24416"}],"version-history":[{"count":0,"href":"https:\/\/ru.law\/nl\/wp-json\/wp\/v2\/posts\/24416\/revisions"}],"wp:featuredmedia":[{"embeddable":true,"href":"https:\/\/ru.law\/nl\/wp-json\/wp\/v2\/media\/24448"}],"wp:attachment":[{"href":"https:\/\/ru.law\/nl\/wp-json\/wp\/v2\/media?parent=24416"}],"wp:term":[{"taxonomy":"category","embeddable":true,"href":"https:\/\/ru.law\/nl\/wp-json\/wp\/v2\/categories?post=24416"},{"taxonomy":"post_tag","embeddable":true,"href":"https:\/\/ru.law\/nl\/wp-json\/wp\/v2\/tags?post=24416"}],"curies":[{"name":"wp","href":"https:\/\/api.w.org\/{rel}","templated":true}]}}