{"id":2373,"date":"2020-06-21T11:37:47","date_gmt":"2020-06-21T09:37:47","guid":{"rendered":"https:\/\/www.rogertulbrich.de\/wp\/?p=2373"},"modified":"2024-07-08T13:13:06","modified_gmt":"2024-07-08T11:13:06","slug":"abgasskandal-nachruestung-fuer-euro-5-diesel","status":"publish","type":"post","link":"https:\/\/ru.law\/nl\/abgasskandal-nachruestung-fuer-euro-5-diesel\/","title":{"rendered":"Emissieschandaal: Retrofitting voor EURO 5 diesel"},"content":{"rendered":"<h2 class=\"wp-block-heading\" id=\"h-lohnt-sich-das-hardware-update-fur-sie\">Is de hardware-update de moeite waard voor u?<\/h2>\n\n\n<p>Door illegale manipulatie van emissies hebben autofabrikanten enorme schade toegebracht aan kopers van dieselmotoren. De gedupeerden riskeren een rijverbod vanwege de hoge stikstofuitstoot en daarnaast financi\u00eble verliezen, omdat de terugkoopwaarde van de voertuigen drastisch is gedaald. Dieselfabrikanten weigeren al lang om effectieve hardware-upgrades aan te bieden, maar nu ontvangen veel klanten overeenkomstige aanbiedingen. Wat vind je hiervan?<\/p>\n<p>Sinds enkele maanden zijn eigenaren van Euro 5-dieselmotoren, waaronder de merken\u00a0<a href=\"https:\/\/ru.law\/nl\/expertise\/abgasskandal\/bmw-diesel\/\">BMW<\/a>,\u00a0<a href=\"https:\/\/ru.law\/nl\/expertise\/abgasskandal\/mercedes-benz-diesel\/\">Mercedes<\/a>, Volvo en\u00a0<a href=\"https:\/\/ru.law\/nl\/expertise\/abgasskandal\/\">VW<\/a>, Aanbiedingen voor retrofit met SCR-katalysator. Dit is bedoeld om rijverboden \u2018volledig te vermijden\u2019. <a href=\"https:\/\/ru.law\/nl\/expertise\/abgasskandal\/vw-diesel\/\">Volkswagen<\/a> En <a href=\"https:\/\/ru.law\/nl\/expertise\/abgasskandal\/mercedes-benz-diesel\/\">Daimler<\/a> betalen subsidies tot 3.000 euro voor de ombouw \u2013 maar alleen in steden met een te hoog NO<sub>X<\/sub>waarden waarin\u00a0<a href=\"https:\/\/www.verbraucherzentrale.de\/wissen\/reise-mobilitaet\/unterwegs-sein\/dieselfahrverbote-in-deutschland-fragen-und-antworten-26275\" target=\"_blank\" rel=\"noopener noreferrer\">rijverboden<\/a>\u00a0dreigen. BMW en Volvo hebben tot nu toe geweigerd. Omdat de kosten van de ombouw ruim boven de 3.000 euro liggen, moeten zelfs dieseleigenaren die subsidie krijgen, een paar honderd euro meer betalen. Voor een Mercedes GLK 220 CDI betaal je bijvoorbeeld nog steeds 1.250 euro.<\/p>\n\n\n<h3 class=\"wp-block-heading\" id=\"h-was-bringt-die-hardware-nachrustung\">Wat zijn de voordelen van een hardware-upgrade?<\/h3>\n\n\n<p>Veel bestuurders zijn in verwarring: worden voertuigen echt schoner door het achteraf inbouwen van SCR-katalysatoren? En waarom zouden alleen Euro 5-dieselmotoren hiermee uitgerust moeten worden, terwijl er talloze Euro 6-auto&#039;s zijn waarvan de stikstofoxide-uitstoot (NOx) ruim boven de toegestane grenswaarden ligt? Autofabrikanten weigeren al lang om hardware-upgrades aan te bieden; Betekent de plotselinge verandering van mening dat software-updates helemaal geen zin meer hebben? En waarom dekken autofabrikanten de kosten van de retrofit niet volledig? Zij zijn er immers verantwoordelijk voor dat dieselmotoren alleen op de testbank aan de grenswaarden voldoen, maar niet op de weg.<\/p>\n\n\n<h3 class=\"wp-block-heading\" id=\"h-fahrverbote-vermeiden\">Vermijd rijverboden<\/h3>\n\n\n<p>De hardware-upgrades voor Euro 5-dieselmotoren maken feitelijk deel uit van de&nbsp;<a href=\"https:\/\/www.bmu.de\/meldung\/konzept-fuer-saubere-luft-und-die-sicherung-der-individuellen-mobilitaet-in-unseren-staedten\/\" target=\"_blank\" rel=\"noopener noreferrer\">&quot;Concept voor schone lucht en het veiligstellen van de individuele mobiliteit in onze steden&quot;<\/a>. Dit voorziet in rijverboden voor Euro 4- en Euro 5-dieselmotoren, tenzij de voertuigen in de praktijk minder dan 270 mg NO uitstoten.<sub>X<\/sub>&nbsp;per kilometer \u2013 en niet alleen in een smalle \u201c<a href=\"https:\/\/www.auto-rueckabwicklung.de\/aktuelles\/diesel\/abgasskandal-zykluserkennung-thermofenster-co-die-tricks-der-autohersteller?tx_mindshaperogert_calculator%5Bcontroller%5D=Calculator&amp;cHash=268519dd23e3bc9c4127b031bb5ad2c6\" target=\"_blank\" rel=\"noopener noreferrer\">thermisch venster<\/a>\u201c, maar dan wel onder de weersomstandigheden die typisch zijn voor Centraal-Europa.<\/p>\n\n\n\n\n<h3 class=\"wp-block-heading\" id=\"h-50-prozent-weniger-stickoxide-durch-scr-katalysator\">50 procent minder stikstofoxiden dankzij SCR-katalysator<\/h3>\n\n\n<p>Met de software-updates die de autofabrikanten adverteren, kunnen deze limieten niet worden gehaald. Integendeel: in sommige gevallen nemen de stikstofemissies na de update zelfs verder toe, zo blijkt uit een rapport van het tijdschrift ZDF&nbsp;<a href=\"https:\/\/www.zdf.de\/politik\/frontal-21\/dieselabgase-software-update-100.html\" target=\"_blank\" rel=\"noopener noreferrer\">&quot;Frontaal 21&quot;<\/a>&nbsp;toont.<\/p>\n<p>Nu zouden hardware-upgrades het probleem moeten oplossen. Sinds medio 2019 verstrekt de Bundesautomobilausstellung (KBA) exploitatievergunningen voor SCR-systemen. In samenwerking met het ministerie van Verkeer van Baden-W\u00fcrttemberg,&nbsp;<a href=\"https:\/\/www.adac.de\/verkehr\/abgas-diesel-fahrverbote\/dieselkauf\/test-prototypen-scr-nachruestkats\/\" target=\"_blank\" rel=\"noopener noreferrer\">ADAC<\/a>&nbsp;vier omgebouwde katalysatoren getest. Het resultaat: De NEE<sub>X<\/sub>De emissies van Euro 5-dieselmotoren kunnen met minimaal 50 procent worden verminderd, zij het met uitschieters bij lage temperaturen.<\/p>\n\n\n<div class=\"wp-block-columns header__gradient_blog ghostkit-custom-xNr4Y is-layout-flex wp-container-core-columns-is-layout-28f84493 wp-block-columns-is-layout-flex\">\n<div class=\"wp-block-column is-vertically-aligned-top is-layout-flow wp-block-column-is-layout-flow\" style=\"flex-basis:20%\">\n<figure class=\"wp-block-image size-large zitat\"><img decoding=\"async\" src=\"https:\/\/www.rogertulbrich.de\/wp\/wp-content\/uploads\/2020\/07\/marco_rogert_handy-2.jpg\" alt=\"\" class=\"wp-image-749\" \/><\/figure>\n<\/div>\n\n\n\n<div class=\"wp-block-column is-vertically-aligned-center ghostkit-custom-1SOwj2 is-layout-flow wp-block-column-is-layout-flow\" style=\"flex-basis:80%\">\n<p>&quot;Beter laat dan nooit. Autofabrikanten zijn er eindelijk achter gekomen dat hun goedkope oplossing voor software-updates vervuilende auto&#039;s niet in milieuvriendelijke auto&#039;s verandert. Voor dieseleigenaren is het aanpassen van de hardware een goede manier om hun diesel schoner te maken en rijverboden en waardeverlies te voorkomen. Maar slechts een klein aantal dieseleigenaren ontvangt de subsidie van de fabrikant. En wie er gebruik van maakt, doet in de dieselemissiezaak meestal afstand van zijn recht op compensatie. Dit is onacceptabel, aangezien autofabrikanten hun klanten opzettelijk schade toebrengen met illegale manipulatie-instrumenten. De fabrikanten zouden de volledige kosten voor het herstel van de door hen veroorzaakte schade moeten dragen. Wij raden daarom alle slachtoffers aan om juridisch advies in te winnen.\u201d<\/p>\n\n\n\n<p class=\"has-text-align-left\">Partner Dr. Marco Rogert <\/p>\n<\/div>\n<\/div>\n\n\n\n<h3 class=\"wp-block-heading\" id=\"h-ist-die-hardware-nachrustung-die-richtige-losung-fur-sie\">Is een hardware-upgrade de juiste oplossing voor u?<\/h3>\n\n\n<p>Als u een aanbod krijgt om uw voertuig te laten updaten, bent u niet verplicht om de update uit te laten voeren. Voordat u een beslissing neemt, moet u eerst overwegen of het \u00fcberhaupt de moeite waard is om SCR achteraf op uw voertuig te monteren. Dit hangt af van de leeftijd van uw diesel, de mogelijke waardestijging en eventuele dreigende rijverboden. Zeker als de fabrikant geen kostensubsidie verleent, kan het terugdraaien van de aankoop van de auto in ruil voor een compensatie voor u een betere optie zijn. Of wilt u uw auto behouden, maar wilt u dat de fabrikant de volledige kosten voor de update betaalt?<\/p>\n<p><strong>Wij adviseren u graag en vertegenwoordigen uw claims. De kans op individuele rechtszaken is groter dan ooit. Vertrouw op onze expertise en ruime ervaring met procedures rond het dieselemissieschandaal. Wij hebben al talloze succesvolle vonnissen voor onze cli\u00ebnten behaald. Praat met ons!<\/strong><\/p>\n\n\n<section class=\"wp-block-uagb-columns uagb-columns__wrap uagb-columns__background-undefined uagb-columns__stack-mobile uagb-columns__valign-undefined uagb-columns__gap-10 alignundefined uagb-block-a63b8d4d contrast blog_beitraege\"><div class=\"uagb-columns__overlay\"><\/div><div class=\"uagb-columns__inner-wrap uagb-columns__columns-1\">\n<div class=\"wp-block-uagb-column uagb-column__wrap uagb-column__background-undefined uagb-block-6e00ddba\"><div class=\"uagb-column__overlay\"><\/div><div class=\"uagb-column__inner-wrap\">\n<h3 class=\"wp-block-heading\" id=\"das-konnte-sie-auch-interessieren\">Misschien bent u ook ge\u00efnteresseerd in:<\/h3>\n\n\n\n\t\t\t<div class=\"wp-block-uagb-post-grid uagb-post-grid  uagb-post__image-position-top uagb-post__image-enabled uagb-block-ff875f2e     uagb-post__items uagb-post__columns-3 is-grid uagb-post__columns-tablet-2 uagb-post__columns-mobile-1 uagb-post__equal-height\" data-total=\"3\" style=\"\">\n\n\t\t\t\t\t\t\t\t\t\t\t\t<article class=\"uagb-post__inner-wrap\">\t\t\t\t\t\t\t\t<div class='uagb-post__image'>\n\t\t\t\t\t\t\t\t\t<a href=\"https:\/\/ru.law\/nl\/diesel-ueberholt-benzinpreis-jetzt-erst-recht\/\" target=\"_self\" rel=\"bookmark noopener noreferrer\" class='uagb-image-ratio-inherit'><img loading=\"lazy\" decoding=\"async\" width=\"1024\" height=\"576\" src=\"https:\/\/ru.law\/wp-content\/uploads\/2022\/03\/2021-News-Header-1200x675-2972-1024x576.jpg\" class=\"attachment-large size-large\" alt=\"Rogert-Ulbrich-Rechtsanwaelte-Kanzlei-Diesel-Benzin-Preise\" srcset=\"https:\/\/ru.law\/wp-content\/uploads\/2022\/03\/2021-News-Header-1200x675-2972-1024x576.jpg 1024w, https:\/\/ru.law\/wp-content\/uploads\/2022\/03\/2021-News-Header-1200x675-2972-300x169.jpg 300w, https:\/\/ru.law\/wp-content\/uploads\/2022\/03\/2021-News-Header-1200x675-2972-768x432.jpg 768w, https:\/\/ru.law\/wp-content\/uploads\/2022\/03\/2021-News-Header-1200x675-2972.jpg 1200w\" sizes=\"auto, (max-width: 1024px) 100vw, 1024px\" \/>\t\t\t\t\t<\/a>\n\t\t\t\t\t\t\t<\/div>\n\t\t\t\t\t\t<h4 class=\"uagb-post__title uagb-post__text\">\n\t\t\t\t<a href=\"https:\/\/ru.law\/nl\/diesel-ueberholt-benzinpreis-jetzt-erst-recht\/\" target=\"_self\" rel=\"bookmark noopener noreferrer\">Recordprijzen voor diesel - Nu is het moment om uw auto terug te draaien<\/a>\n\t\t\t<\/h4>\n\t\t\t\t\t\t<div class='uagb-post__text uagb-post-grid-byline'>\n\t\t\t\t\t\t\t<\/div>\n\t\t\t\t\t\t\t<div class='uagb-post__text uagb-post__excerpt'>\n\t\t\t\t\t<p>Diesel staat in Duitsland op recordhoogte en ook benzine nadert een\u2026\t\t\t\t<\/div>\n\t\t\t\t\t\t<div class=\"uagb-post__text uagb-post__cta wp-block-button\">\n\t\t\t\t<a class=\"wp-block-button__link uagb-text-link\" style=\"\" href=\"https:\/\/ru.law\/nl\/diesel-ueberholt-benzinpreis-jetzt-erst-recht\/\" target=\"_self\" rel=\"bookmark noopener noreferrer\">Lees meer<\/a>\n\t\t\t<\/div>\n\t\t\t\n\t\t\t\t\t\t\t\t<a class=\"uagb-post__link-complete-box\" href=\"https:\/\/ru.law\/nl\/diesel-ueberholt-benzinpreis-jetzt-erst-recht\/\" target=\"_self\" rel=\"bookmark noopener noreferrer\"><\/a>\n\t\t\t\t\t\t\t<\/article>\n\t\t\t\t\t\t\t\t\t\t\t\t\t\t\t\t<article class=\"uagb-post__inner-wrap\">\t\t\t\t\t\t\t\t<div class='uagb-post__image'>\n\t\t\t\t\t\t\t\t\t<a href=\"https:\/\/ru.law\/nl\/vtdi-abgasskandal-rund-um-vw-audi-und-porsche\/\" target=\"_self\" rel=\"bookmark noopener noreferrer\" class='uagb-image-ratio-inherit'><img loading=\"lazy\" decoding=\"async\" width=\"1024\" height=\"576\" src=\"https:\/\/ru.law\/wp-content\/uploads\/2022\/01\/Rogert-Ulbrich-Rechtsanwaelte-Kanzlei-Abgasskandal-Audi-Verjaehrung-2022-1024x576.jpg\" class=\"attachment-large size-large\" alt=\"\" srcset=\"https:\/\/ru.law\/wp-content\/uploads\/2022\/01\/Rogert-Ulbrich-Rechtsanwaelte-Kanzlei-Abgasskandal-Audi-Verjaehrung-2022-1024x576.jpg 1024w, https:\/\/ru.law\/wp-content\/uploads\/2022\/01\/Rogert-Ulbrich-Rechtsanwaelte-Kanzlei-Abgasskandal-Audi-Verjaehrung-2022-300x169.jpg 300w, https:\/\/ru.law\/wp-content\/uploads\/2022\/01\/Rogert-Ulbrich-Rechtsanwaelte-Kanzlei-Abgasskandal-Audi-Verjaehrung-2022-768x432.jpg 768w, https:\/\/ru.law\/wp-content\/uploads\/2022\/01\/Rogert-Ulbrich-Rechtsanwaelte-Kanzlei-Abgasskandal-Audi-Verjaehrung-2022.jpg 1200w\" sizes=\"auto, (max-width: 1024px) 100vw, 1024px\" \/>\t\t\t\t\t<\/a>\n\t\t\t\t\t\t\t<\/div>\n\t\t\t\t\t\t<h4 class=\"uagb-post__title uagb-post__text\">\n\t\t\t\t<a href=\"https:\/\/ru.law\/nl\/vtdi-abgasskandal-rund-um-vw-audi-und-porsche\/\" target=\"_self\" rel=\"bookmark noopener noreferrer\">VTDI-emissieschandaal waarbij VW, Audi en Porsche betrokken zijn<\/a>\n\t\t\t<\/h4>\n\t\t\t\t\t\t<div class='uagb-post__text uagb-post-grid-byline'>\n\t\t\t\t\t\t\t<\/div>\n\t\t\t\t\t\t\t<div class='uagb-post__text uagb-post__excerpt'>\n\t\t\t\t\t<p>Voor veel Duitse autofabrikanten is het dieselemissieschandaal nog steeds alomtegenwoordig, ook voor de VW Groep\u2026\t\t\t\t<\/div>\n\t\t\t\t\t\t<div class=\"uagb-post__text uagb-post__cta wp-block-button\">\n\t\t\t\t<a class=\"wp-block-button__link uagb-text-link\" style=\"\" href=\"https:\/\/ru.law\/nl\/vtdi-abgasskandal-rund-um-vw-audi-und-porsche\/\" target=\"_self\" rel=\"bookmark noopener noreferrer\">Lees meer<\/a>\n\t\t\t<\/div>\n\t\t\t\n\t\t\t\t\t\t\t\t<a class=\"uagb-post__link-complete-box\" href=\"https:\/\/ru.law\/nl\/vtdi-abgasskandal-rund-um-vw-audi-und-porsche\/\" target=\"_self\" rel=\"bookmark noopener noreferrer\"><\/a>\n\t\t\t\t\t\t\t<\/article>\n\t\t\t\t\t\t\t\t\t\t\t\t\t\t\t\t<article class=\"uagb-post__inner-wrap\">\t\t\t\t\t\t\t\t<div class='uagb-post__image'>\n\t\t\t\t\t\t\t\t\t<a href=\"https:\/\/ru.law\/nl\/olg-koeln-verurteilt-audi-ag\/\" target=\"_self\" rel=\"bookmark noopener noreferrer\" class='uagb-image-ratio-inherit'><img loading=\"lazy\" decoding=\"async\" width=\"1024\" height=\"576\" src=\"https:\/\/ru.law\/wp-content\/uploads\/2021\/09\/rogert-ulbrich-rechtsanwalt-kanzlei-abgasskandal-premium-modelle-porsche-42l-1024x576.jpg\" class=\"attachment-large size-large\" alt=\"\" srcset=\"https:\/\/ru.law\/wp-content\/uploads\/2021\/09\/rogert-ulbrich-rechtsanwalt-kanzlei-abgasskandal-premium-modelle-porsche-42l-1024x576.jpg 1024w, https:\/\/ru.law\/wp-content\/uploads\/2021\/09\/rogert-ulbrich-rechtsanwalt-kanzlei-abgasskandal-premium-modelle-porsche-42l-300x169.jpg 300w, https:\/\/ru.law\/wp-content\/uploads\/2021\/09\/rogert-ulbrich-rechtsanwalt-kanzlei-abgasskandal-premium-modelle-porsche-42l-768x432.jpg 768w, https:\/\/ru.law\/wp-content\/uploads\/2021\/09\/rogert-ulbrich-rechtsanwalt-kanzlei-abgasskandal-premium-modelle-porsche-42l.jpg 1200w\" sizes=\"auto, (max-width: 1024px) 100vw, 1024px\" \/>\t\t\t\t\t<\/a>\n\t\t\t\t\t\t\t<\/div>\n\t\t\t\t\t\t<h4 class=\"uagb-post__title uagb-post__text\">\n\t\t\t\t<a href=\"https:\/\/ru.law\/nl\/olg-koeln-verurteilt-audi-ag\/\" target=\"_self\" rel=\"bookmark noopener noreferrer\">Audi AG moet Porsche Cayenne S terugnemen<\/a>\n\t\t\t<\/h4>\n\t\t\t\t\t\t<div class='uagb-post__text uagb-post-grid-byline'>\n\t\t\t\t\t\t\t<\/div>\n\t\t\t\t\t\t\t<div class='uagb-post__text uagb-post__excerpt'>\n\t\t\t\t\t<p>Audi AG kreeg van het Oberlandesgericht Keulen de opdracht een Porsche Cayenne S 4.2l terug te nemen\u2026.\t\t\t\t<\/div>\n\t\t\t\t\t\t<div class=\"uagb-post__text uagb-post__cta wp-block-button\">\n\t\t\t\t<a class=\"wp-block-button__link uagb-text-link\" style=\"\" href=\"https:\/\/ru.law\/nl\/olg-koeln-verurteilt-audi-ag\/\" target=\"_self\" rel=\"bookmark noopener noreferrer\">Lees meer<\/a>\n\t\t\t<\/div>\n\t\t\t\n\t\t\t\t\t\t\t\t<a class=\"uagb-post__link-complete-box\" href=\"https:\/\/ru.law\/nl\/olg-koeln-verurteilt-audi-ag\/\" target=\"_self\" rel=\"bookmark noopener noreferrer\"><\/a>\n\t\t\t\t\t\t\t<\/article>\n\t\t\t\t\t\t\t\t\t\t\t<\/div>\n\t\t\t\n\n\n<p><\/p>\n<\/div><\/div>\n<\/div><\/section>","protected":false},"excerpt":{"rendered":"<p>Lohnt sich das Hardware-Update f\u00fcr Sie? Mit illegalen Abgasmanipulationen haben die Autokonzerne Dieselk\u00e4ufer massiv gesch\u00e4digt. Den Betroffenen drohen Fahrverbote aufgrund des hohen Stickstoffaussto\u00dfes sowie finanzielle [&hellip;]<\/p>\n","protected":false},"author":21,"featured_media":10362,"comment_status":"closed","ping_status":"open","sticky":false,"template":"","format":"standard","meta":{"_uag_custom_page_level_css":"","site-sidebar-layout":"default","site-content-layout":"default","ast-site-content-layout":"default","site-content-style":"default","site-sidebar-style":"default","ast-global-header-display":"","ast-banner-title-visibility":"","ast-main-header-display":"","ast-hfb-above-header-display":"","ast-hfb-below-header-display":"","ast-hfb-mobile-header-display":"","site-post-title":"","ast-breadcrumbs-content":"","ast-featured-img":"","footer-sml-layout":"","ast-disable-related-posts":"","theme-transparent-header-meta":"default","adv-header-id-meta":"","stick-header-meta":"","header-above-stick-meta":"","header-main-stick-meta":"","header-below-stick-meta":"","astra-migrate-meta-layouts":"default","ast-page-background-enabled":"default","ast-page-background-meta":{"desktop":{"background-color":"","background-image":"","background-repeat":"repeat","background-position":"center center","background-size":"auto","background-attachment":"scroll","background-type":"","background-media":"","overlay-type":"","overlay-color":"","overlay-opacity":"","overlay-gradient":""},"tablet":{"background-color":"","background-image":"","background-repeat":"repeat","background-position":"center center","background-size":"auto","background-attachment":"scroll","background-type":"","background-media":"","overlay-type":"","overlay-color":"","overlay-opacity":"","overlay-gradient":""},"mobile":{"background-color":"","background-image":"","background-repeat":"repeat","background-position":"center center","background-size":"auto","background-attachment":"scroll","background-type":"","background-media":"","overlay-type":"","overlay-color":"","overlay-opacity":"","overlay-gradient":""}},"ast-content-background-meta":{"desktop":{"background-color":"var(--ast-global-color-5)","background-image":"","background-repeat":"repeat","background-position":"center center","background-size":"auto","background-attachment":"scroll","background-type":"","background-media":"","overlay-type":"","overlay-color":"","overlay-opacity":"","overlay-gradient":""},"tablet":{"background-color":"var(--ast-global-color-5)","background-image":"","background-repeat":"repeat","background-position":"center center","background-size":"auto","background-attachment":"scroll","background-type":"","background-media":"","overlay-type":"","overlay-color":"","overlay-opacity":"","overlay-gradient":""},"mobile":{"background-color":"var(--ast-global-color-5)","background-image":"","background-repeat":"repeat","background-position":"center center","background-size":"auto","background-attachment":"scroll","background-type":"","background-media":"","overlay-type":"","overlay-color":"","overlay-opacity":"","overlay-gradient":""}},"footnotes":""},"categories":[2],"tags":[15,23,45],"class_list":["post-2373","post","type-post","status-publish","format-standard","has-post-thumbnail","hentry","category-abgasskandal","tag-bmw","tag-euro-5","tag-vw"],"yoast_head":"<!-- This site is optimized with the Yoast SEO Premium plugin v27.4 (Yoast SEO v27.4) - https:\/\/yoast.com\/product\/yoast-seo-premium-wordpress\/ -->\n<title>Abgasskandal: Nachr\u00fcstung f\u00fcr EURO-5-Diesel - R&amp;U<\/title>\n<meta name=\"description\" content=\"Besitzer von Euro-5-Dieseln bekommen Angebote f\u00fcr eine Nachr\u00fcstung mit SCR-Katalysator.\u00a0Lohnt sich das Hardware-Update f\u00fcr Sie?\" \/>\n<meta name=\"robots\" content=\"index, follow, max-snippet:-1, max-image-preview:large, max-video-preview:-1\" \/>\n<link rel=\"canonical\" href=\"https:\/\/ru.law\/nl\/abgasskandal-nachruestung-fuer-euro-5-diesel\/\" \/>\n<meta property=\"og:locale\" content=\"nl_NL\" \/>\n<meta property=\"og:type\" content=\"article\" \/>\n<meta property=\"og:title\" content=\"Abgasskandal: Nachr\u00fcstung f\u00fcr EURO-5-Diesel\" \/>\n<meta property=\"og:description\" content=\"Besitzer von Euro-5-Dieseln bekommen Angebote f\u00fcr eine Nachr\u00fcstung mit SCR-Katalysator.\u00a0Lohnt sich das Hardware-Update f\u00fcr Sie?\" \/>\n<meta property=\"og:url\" content=\"https:\/\/ru.law\/nl\/abgasskandal-nachruestung-fuer-euro-5-diesel\/\" \/>\n<meta property=\"og:site_name\" content=\"R&amp;U\" \/>\n<meta property=\"article:publisher\" content=\"https:\/\/www.facebook.com\/RogertUlbrich\/\" \/>\n<meta property=\"article:published_time\" content=\"2020-06-21T09:37:47+00:00\" \/>\n<meta property=\"article:modified_time\" content=\"2024-07-08T11:13:06+00:00\" \/>\n<meta property=\"og:image\" content=\"https:\/\/ru.law\/wp-content\/uploads\/2020\/06\/abgasskandal-hardware-nachruestung-1.jpg\" \/>\n\t<meta property=\"og:image:width\" content=\"1200\" \/>\n\t<meta property=\"og:image:height\" content=\"675\" \/>\n\t<meta property=\"og:image:type\" content=\"image\/jpeg\" \/>\n<meta name=\"author\" content=\"Marco Rogert\" \/>\n<meta name=\"twitter:card\" content=\"summary_large_image\" \/>\n<meta name=\"twitter:creator\" content=\"@RogertUlbrich\" \/>\n<meta name=\"twitter:site\" content=\"@RogertUlbrich\" \/>\n<script type=\"application\/ld+json\" class=\"yoast-schema-graph\">{\"@context\":\"https:\\\/\\\/schema.org\",\"@graph\":[{\"@type\":\"Article\",\"@id\":\"https:\\\/\\\/ru.law\\\/abgasskandal-nachruestung-fuer-euro-5-diesel\\\/#article\",\"isPartOf\":{\"@id\":\"https:\\\/\\\/ru.law\\\/abgasskandal-nachruestung-fuer-euro-5-diesel\\\/\"},\"author\":{\"name\":\"Marco Rogert\",\"@id\":\"https:\\\/\\\/ru.law\\\/#\\\/schema\\\/person\\\/b020d506e6bbc471b4565d3a98173b87\"},\"headline\":\"Abgasskandal: Nachr\u00fcstung f\u00fcr EURO-5-Diesel\",\"datePublished\":\"2020-06-21T09:37:47+00:00\",\"dateModified\":\"2024-07-08T11:13:06+00:00\",\"mainEntityOfPage\":{\"@id\":\"https:\\\/\\\/ru.law\\\/abgasskandal-nachruestung-fuer-euro-5-diesel\\\/\"},\"wordCount\":726,\"publisher\":{\"@id\":\"https:\\\/\\\/ru.law\\\/#organization\"},\"image\":{\"@id\":\"https:\\\/\\\/ru.law\\\/abgasskandal-nachruestung-fuer-euro-5-diesel\\\/#primaryimage\"},\"thumbnailUrl\":\"https:\\\/\\\/ru.law\\\/wp-content\\\/uploads\\\/2020\\\/06\\\/abgasskandal-hardware-nachruestung-1.jpg\",\"keywords\":[\"BMW\",\"Euro-5\",\"VW\"],\"articleSection\":[\"Abgasskandal\"],\"inLanguage\":\"nl-NL\"},{\"@type\":\"WebPage\",\"@id\":\"https:\\\/\\\/ru.law\\\/abgasskandal-nachruestung-fuer-euro-5-diesel\\\/\",\"url\":\"https:\\\/\\\/ru.law\\\/abgasskandal-nachruestung-fuer-euro-5-diesel\\\/\",\"name\":\"Abgasskandal: Nachr\u00fcstung f\u00fcr EURO-5-Diesel - R&amp;U\",\"isPartOf\":{\"@id\":\"https:\\\/\\\/ru.law\\\/#website\"},\"primaryImageOfPage\":{\"@id\":\"https:\\\/\\\/ru.law\\\/abgasskandal-nachruestung-fuer-euro-5-diesel\\\/#primaryimage\"},\"image\":{\"@id\":\"https:\\\/\\\/ru.law\\\/abgasskandal-nachruestung-fuer-euro-5-diesel\\\/#primaryimage\"},\"thumbnailUrl\":\"https:\\\/\\\/ru.law\\\/wp-content\\\/uploads\\\/2020\\\/06\\\/abgasskandal-hardware-nachruestung-1.jpg\",\"datePublished\":\"2020-06-21T09:37:47+00:00\",\"dateModified\":\"2024-07-08T11:13:06+00:00\",\"description\":\"Besitzer von Euro-5-Dieseln bekommen Angebote f\u00fcr eine Nachr\u00fcstung mit SCR-Katalysator.\u00a0Lohnt sich das Hardware-Update f\u00fcr Sie?\",\"breadcrumb\":{\"@id\":\"https:\\\/\\\/ru.law\\\/abgasskandal-nachruestung-fuer-euro-5-diesel\\\/#breadcrumb\"},\"inLanguage\":\"nl-NL\",\"potentialAction\":[{\"@type\":\"ReadAction\",\"target\":[\"https:\\\/\\\/ru.law\\\/abgasskandal-nachruestung-fuer-euro-5-diesel\\\/\"]}]},{\"@type\":\"ImageObject\",\"inLanguage\":\"nl-NL\",\"@id\":\"https:\\\/\\\/ru.law\\\/abgasskandal-nachruestung-fuer-euro-5-diesel\\\/#primaryimage\",\"url\":\"https:\\\/\\\/ru.law\\\/wp-content\\\/uploads\\\/2020\\\/06\\\/abgasskandal-hardware-nachruestung-1.jpg\",\"contentUrl\":\"https:\\\/\\\/ru.law\\\/wp-content\\\/uploads\\\/2020\\\/06\\\/abgasskandal-hardware-nachruestung-1.jpg\",\"width\":1200,\"height\":675,\"caption\":\"Abgasskandal Hardware Nachruestung\"},{\"@type\":\"BreadcrumbList\",\"@id\":\"https:\\\/\\\/ru.law\\\/abgasskandal-nachruestung-fuer-euro-5-diesel\\\/#breadcrumb\",\"itemListElement\":[{\"@type\":\"ListItem\",\"position\":1,\"name\":\"Startseite\",\"item\":\"https:\\\/\\\/ru.law\\\/\"},{\"@type\":\"ListItem\",\"position\":2,\"name\":\"Abgasskandal: Nachr\u00fcstung f\u00fcr EURO-5-Diesel\"}]},{\"@type\":\"WebSite\",\"@id\":\"https:\\\/\\\/ru.law\\\/#website\",\"url\":\"https:\\\/\\\/ru.law\\\/\",\"name\":\"R&U\",\"description\":\"Verbraucheranw\u00e4lte\",\"publisher\":{\"@id\":\"https:\\\/\\\/ru.law\\\/#organization\"},\"alternateName\":\"Rogert & Ulbrich\",\"potentialAction\":[{\"@type\":\"SearchAction\",\"target\":{\"@type\":\"EntryPoint\",\"urlTemplate\":\"https:\\\/\\\/ru.law\\\/?s={search_term_string}\"},\"query-input\":{\"@type\":\"PropertyValueSpecification\",\"valueRequired\":true,\"valueName\":\"search_term_string\"}}],\"inLanguage\":\"nl-NL\"},{\"@type\":\"Organization\",\"@id\":\"https:\\\/\\\/ru.law\\\/#organization\",\"name\":\"Kanzlei Rogert & Ulbrich\",\"url\":\"https:\\\/\\\/ru.law\\\/\",\"logo\":{\"@type\":\"ImageObject\",\"inLanguage\":\"nl-NL\",\"@id\":\"https:\\\/\\\/ru.law\\\/#\\\/schema\\\/logo\\\/image\\\/\",\"url\":\"https:\\\/\\\/ru.law\\\/wp-content\\\/uploads\\\/2020\\\/12\\\/logo-ru-law.svg\",\"contentUrl\":\"https:\\\/\\\/ru.law\\\/wp-content\\\/uploads\\\/2020\\\/12\\\/logo-ru-law.svg\",\"width\":992,\"height\":259,\"caption\":\"Kanzlei Rogert & Ulbrich\"},\"image\":{\"@id\":\"https:\\\/\\\/ru.law\\\/#\\\/schema\\\/logo\\\/image\\\/\"},\"sameAs\":[\"https:\\\/\\\/www.facebook.com\\\/RogertUlbrich\\\/\",\"https:\\\/\\\/x.com\\\/RogertUlbrich\",\"https:\\\/\\\/www.instagram.com\\\/rogertulbrich\\\/\",\"https:\\\/\\\/www.linkedin.com\\\/company\\\/rogert-ulbrich\\\/\",\"https:\\\/\\\/www.youtube.com\\\/channel\\\/UCganCgpvwpPFqMFf1vVmG2A\"]},{\"@type\":\"Person\",\"@id\":\"https:\\\/\\\/ru.law\\\/#\\\/schema\\\/person\\\/b020d506e6bbc471b4565d3a98173b87\",\"name\":\"Marco Rogert\",\"url\":\"https:\\\/\\\/ru.law\\\/nl\\\/author\\\/rogertru-law\\\/\"}]}<\/script>\n<!-- \/ Yoast SEO Premium plugin. -->","yoast_head_json":{"title":"Abgasskandal: Nachr\u00fcstung f\u00fcr EURO-5-Diesel - R&amp;U","description":"Besitzer von Euro-5-Dieseln bekommen Angebote f\u00fcr eine Nachr\u00fcstung mit SCR-Katalysator.\u00a0Lohnt sich das Hardware-Update f\u00fcr Sie?","robots":{"index":"index","follow":"follow","max-snippet":"max-snippet:-1","max-image-preview":"max-image-preview:large","max-video-preview":"max-video-preview:-1"},"canonical":"https:\/\/ru.law\/nl\/abgasskandal-nachruestung-fuer-euro-5-diesel\/","og_locale":"nl_NL","og_type":"article","og_title":"Abgasskandal: Nachr\u00fcstung f\u00fcr EURO-5-Diesel","og_description":"Besitzer von Euro-5-Dieseln bekommen Angebote f\u00fcr eine Nachr\u00fcstung mit SCR-Katalysator.\u00a0Lohnt sich das Hardware-Update f\u00fcr Sie?","og_url":"https:\/\/ru.law\/nl\/abgasskandal-nachruestung-fuer-euro-5-diesel\/","og_site_name":"R&amp;U","article_publisher":"https:\/\/www.facebook.com\/RogertUlbrich\/","article_published_time":"2020-06-21T09:37:47+00:00","article_modified_time":"2024-07-08T11:13:06+00:00","og_image":[{"width":1200,"height":675,"url":"https:\/\/ru.law\/wp-content\/uploads\/2020\/06\/abgasskandal-hardware-nachruestung-1.jpg","type":"image\/jpeg"}],"author":"Marco Rogert","twitter_card":"summary_large_image","twitter_creator":"@RogertUlbrich","twitter_site":"@RogertUlbrich","schema":{"@context":"https:\/\/schema.org","@graph":[{"@type":"Article","@id":"https:\/\/ru.law\/abgasskandal-nachruestung-fuer-euro-5-diesel\/#article","isPartOf":{"@id":"https:\/\/ru.law\/abgasskandal-nachruestung-fuer-euro-5-diesel\/"},"author":{"name":"Marco Rogert","@id":"https:\/\/ru.law\/#\/schema\/person\/b020d506e6bbc471b4565d3a98173b87"},"headline":"Abgasskandal: Nachr\u00fcstung f\u00fcr EURO-5-Diesel","datePublished":"2020-06-21T09:37:47+00:00","dateModified":"2024-07-08T11:13:06+00:00","mainEntityOfPage":{"@id":"https:\/\/ru.law\/abgasskandal-nachruestung-fuer-euro-5-diesel\/"},"wordCount":726,"publisher":{"@id":"https:\/\/ru.law\/#organization"},"image":{"@id":"https:\/\/ru.law\/abgasskandal-nachruestung-fuer-euro-5-diesel\/#primaryimage"},"thumbnailUrl":"https:\/\/ru.law\/wp-content\/uploads\/2020\/06\/abgasskandal-hardware-nachruestung-1.jpg","keywords":["BMW","Euro-5","VW"],"articleSection":["Abgasskandal"],"inLanguage":"nl-NL"},{"@type":"WebPage","@id":"https:\/\/ru.law\/abgasskandal-nachruestung-fuer-euro-5-diesel\/","url":"https:\/\/ru.law\/abgasskandal-nachruestung-fuer-euro-5-diesel\/","name":"Abgasskandal: Nachr\u00fcstung f\u00fcr EURO-5-Diesel - R&amp;U","isPartOf":{"@id":"https:\/\/ru.law\/#website"},"primaryImageOfPage":{"@id":"https:\/\/ru.law\/abgasskandal-nachruestung-fuer-euro-5-diesel\/#primaryimage"},"image":{"@id":"https:\/\/ru.law\/abgasskandal-nachruestung-fuer-euro-5-diesel\/#primaryimage"},"thumbnailUrl":"https:\/\/ru.law\/wp-content\/uploads\/2020\/06\/abgasskandal-hardware-nachruestung-1.jpg","datePublished":"2020-06-21T09:37:47+00:00","dateModified":"2024-07-08T11:13:06+00:00","description":"Besitzer von Euro-5-Dieseln bekommen Angebote f\u00fcr eine Nachr\u00fcstung mit SCR-Katalysator.\u00a0Lohnt sich das Hardware-Update f\u00fcr Sie?","breadcrumb":{"@id":"https:\/\/ru.law\/abgasskandal-nachruestung-fuer-euro-5-diesel\/#breadcrumb"},"inLanguage":"nl-NL","potentialAction":[{"@type":"ReadAction","target":["https:\/\/ru.law\/abgasskandal-nachruestung-fuer-euro-5-diesel\/"]}]},{"@type":"ImageObject","inLanguage":"nl-NL","@id":"https:\/\/ru.law\/abgasskandal-nachruestung-fuer-euro-5-diesel\/#primaryimage","url":"https:\/\/ru.law\/wp-content\/uploads\/2020\/06\/abgasskandal-hardware-nachruestung-1.jpg","contentUrl":"https:\/\/ru.law\/wp-content\/uploads\/2020\/06\/abgasskandal-hardware-nachruestung-1.jpg","width":1200,"height":675,"caption":"Abgasskandal Hardware Nachruestung"},{"@type":"BreadcrumbList","@id":"https:\/\/ru.law\/abgasskandal-nachruestung-fuer-euro-5-diesel\/#breadcrumb","itemListElement":[{"@type":"ListItem","position":1,"name":"Startseite","item":"https:\/\/ru.law\/"},{"@type":"ListItem","position":2,"name":"Abgasskandal: Nachr\u00fcstung f\u00fcr EURO-5-Diesel"}]},{"@type":"WebSite","@id":"https:\/\/ru.law\/#website","url":"https:\/\/ru.law\/","name":"R&amp;U","description":"Consumentenadvocaten","publisher":{"@id":"https:\/\/ru.law\/#organization"},"alternateName":"Rogert & Ulbrich","potentialAction":[{"@type":"SearchAction","target":{"@type":"EntryPoint","urlTemplate":"https:\/\/ru.law\/?s={search_term_string}"},"query-input":{"@type":"PropertyValueSpecification","valueRequired":true,"valueName":"search_term_string"}}],"inLanguage":"nl-NL"},{"@type":"Organization","@id":"https:\/\/ru.law\/#organization","name":"Advocatenkantoor Rogert &amp; Ulbrich","url":"https:\/\/ru.law\/","logo":{"@type":"ImageObject","inLanguage":"nl-NL","@id":"https:\/\/ru.law\/#\/schema\/logo\/image\/","url":"https:\/\/ru.law\/wp-content\/uploads\/2020\/12\/logo-ru-law.svg","contentUrl":"https:\/\/ru.law\/wp-content\/uploads\/2020\/12\/logo-ru-law.svg","width":992,"height":259,"caption":"Kanzlei Rogert & Ulbrich"},"image":{"@id":"https:\/\/ru.law\/#\/schema\/logo\/image\/"},"sameAs":["https:\/\/www.facebook.com\/RogertUlbrich\/","https:\/\/x.com\/RogertUlbrich","https:\/\/www.instagram.com\/rogertulbrich\/","https:\/\/www.linkedin.com\/company\/rogert-ulbrich\/","https:\/\/www.youtube.com\/channel\/UCganCgpvwpPFqMFf1vVmG2A"]},{"@type":"Person","@id":"https:\/\/ru.law\/#\/schema\/person\/b020d506e6bbc471b4565d3a98173b87","name":"Marco Rogert","url":"https:\/\/ru.law\/nl\/author\/rogertru-law\/"}]}},"uagb_featured_image_src":{"full":["https:\/\/ru.law\/wp-content\/uploads\/2020\/06\/abgasskandal-hardware-nachruestung-1.jpg",1200,675,false],"thumbnail":["https:\/\/ru.law\/wp-content\/uploads\/2020\/06\/abgasskandal-hardware-nachruestung-1-150x150.jpg",96,96,true],"medium":["https:\/\/ru.law\/wp-content\/uploads\/2020\/06\/abgasskandal-hardware-nachruestung-1-300x169.jpg",300,169,true],"medium_large":["https:\/\/ru.law\/wp-content\/uploads\/2020\/06\/abgasskandal-hardware-nachruestung-1-768x432.jpg",768,432,true],"large":["https:\/\/ru.law\/wp-content\/uploads\/2020\/06\/abgasskandal-hardware-nachruestung-1-1024x576.jpg",1024,576,true],"1536x1536":["https:\/\/ru.law\/wp-content\/uploads\/2020\/06\/abgasskandal-hardware-nachruestung-1.jpg",1200,675,false],"2048x2048":["https:\/\/ru.law\/wp-content\/uploads\/2020\/06\/abgasskandal-hardware-nachruestung-1.jpg",1200,675,false],"trp-custom-language-flag":["https:\/\/ru.law\/wp-content\/uploads\/2020\/06\/abgasskandal-hardware-nachruestung-1.jpg",18,10,false]},"uagb_author_info":{"display_name":"Marco Rogert","author_link":"https:\/\/ru.law\/nl\/author\/rogertru-law\/"},"uagb_comment_info":0,"uagb_excerpt":"Lohnt sich das Hardware-Update f\u00fcr Sie? Mit illegalen Abgasmanipulationen haben die Autokonzerne Dieselk\u00e4ufer massiv gesch\u00e4digt. Den Betroffenen drohen Fahrverbote aufgrund des hohen Stickstoffaussto\u00dfes sowie finanzielle [&hellip;]","_links":{"self":[{"href":"https:\/\/ru.law\/nl\/wp-json\/wp\/v2\/posts\/2373","targetHints":{"allow":["GET"]}}],"collection":[{"href":"https:\/\/ru.law\/nl\/wp-json\/wp\/v2\/posts"}],"about":[{"href":"https:\/\/ru.law\/nl\/wp-json\/wp\/v2\/types\/post"}],"author":[{"embeddable":true,"href":"https:\/\/ru.law\/nl\/wp-json\/wp\/v2\/users\/21"}],"replies":[{"embeddable":true,"href":"https:\/\/ru.law\/nl\/wp-json\/wp\/v2\/comments?post=2373"}],"version-history":[{"count":0,"href":"https:\/\/ru.law\/nl\/wp-json\/wp\/v2\/posts\/2373\/revisions"}],"wp:featuredmedia":[{"embeddable":true,"href":"https:\/\/ru.law\/nl\/wp-json\/wp\/v2\/media\/10362"}],"wp:attachment":[{"href":"https:\/\/ru.law\/nl\/wp-json\/wp\/v2\/media?parent=2373"}],"wp:term":[{"taxonomy":"category","embeddable":true,"href":"https:\/\/ru.law\/nl\/wp-json\/wp\/v2\/categories?post=2373"},{"taxonomy":"post_tag","embeddable":true,"href":"https:\/\/ru.law\/nl\/wp-json\/wp\/v2\/tags?post=2373"}],"curies":[{"name":"wp","href":"https:\/\/api.w.org\/{rel}","templated":true}]}}