{"id":2364,"date":"2020-06-30T11:22:00","date_gmt":"2020-06-30T09:22:00","guid":{"rendered":"https:\/\/www.rogertulbrich.de\/wp\/?p=2364"},"modified":"2024-07-08T13:13:05","modified_gmt":"2024-07-08T11:13:05","slug":"verjaehren-ansprueche-von-autokaeufern-nach-10-jahren","status":"publish","type":"post","link":"https:\/\/ru.law\/nl\/verjaehren-ansprueche-von-autokaeufern-nach-10-jahren\/","title":{"rendered":"Verlopen claims van autokopers pas na 10 jaar?"},"content":{"rendered":"<h2 class=\"wp-block-heading\" id=\"h-diesel-abgasskandal\">dieselemissieschandaal.<\/h2>\n\n\n\n<p>Wanneer vervallen de claims van benadeelde dieselkopers in <a href=\"https:\/\/ru.law\/nl\/expertise\/abgasskandal\/\">emissieschandaal<\/a>? Deze juridisch complexe kwestie blijft controversieel. Een uitspraak van de rechtbank van Marburg opent een nieuw perspectief en geeft benadeelde autokopers de mogelijkheid om hun claims ook na 2020 in te dienen.<\/p>\n\n\n\n<p>Volgens de tot nu toe geldende juridische opinie zijn de schadeclaims van veel VW-klanten in het dieselemissieschandaal sinds eind 2019 verjaard. De arrondissementsrechtbank Marburg is echter van mening dat de vordering tot schadevergoeding van de benadeelde partij niet na 3 jaar mag verjaren, maar pas na 10 jaar, overeenkomstig \u00a7 852 van het Duitse Burgerlijk Wetboek (16 juni 2020, zaaknummer 9 C 891\/19).&nbsp;<\/p>\n\n\n<p>Artikel 852 van het Duitse Burgerlijk Wetboek luidt: \u201cHeeft de schadeplichtige door een onrechtmatige daad iets ten laste van de benadeelde verkregen, dan is hij verplicht de schade te vergoeden overeenkomstig de bepalingen inzake de vergoeding van ongerechtvaardigde verrijking, ook nadat de verjaringstermijn voor de vordering tot vergoeding van de schade die het gevolg is van een onrechtmatige daad is verstreken. Deze vordering vervalt tien jaar nadat deze is ontstaan\u2026\u201d&nbsp;<\/p>\n<p>Voorwaarde is dat er sprake is van een principi\u00eble claim op schadevergoeding. Dat heeft het Bundesgerichtshof in het dieselemissieschandaal ook duidelijk bevestigd. Aanvankelijk alleen met betrekking tot VW. De uitspraak zal echter waarschijnlijk de toon zetten voor procedures tegen andere autofabrikanten.<\/p>\n\n\n<div class=\"wp-block-columns header__gradient_blog ghostkit-custom-xNr4Y is-layout-flex wp-container-core-columns-is-layout-28f84493 wp-block-columns-is-layout-flex\">\n<div class=\"wp-block-column is-vertically-aligned-top is-layout-flow wp-block-column-is-layout-flow\" style=\"flex-basis:20%\">\n<figure class=\"wp-block-image size-large zitat\"><img decoding=\"async\" src=\"https:\/\/www.rogertulbrich.de\/wp\/wp-content\/uploads\/2020\/07\/marco_rogert_handy-2.jpg\" alt=\"\" class=\"wp-image-749\" \/><\/figure>\n<\/div>\n\n\n\n<div class=\"wp-block-column is-vertically-aligned-center ghostkit-custom-1SOwj2 is-layout-flow wp-block-column-is-layout-flow\" style=\"flex-basis:80%\">\n<p>\u201cHet Marburg-arrest biedt interessante stof tot nadenken. Daarin staat dat fabrikanten die \u2013 zoals VW \u2013 hun klanten opzettelijk en immoreel hebben bedrogen, zelfs 10 jaar later nog steeds verantwoordelijk moeten worden gehouden voor hun financi\u00eble verliezen. De vertragingstactieken van Volkswagen en de pogingen om de procedure te vertragen totdat de verjaringstermijn is verstreken, zullen het niet redden. Als hogere autoriteiten dit juridische oordeel bevestigen, hebben dieselkopers die er tot nu toe vanuit gingen dat hun claims eind 2019 waren verlopen, ook een goede kans om hun recht te halen.&quot;<\/p>\n\n\n\n<p class=\"has-text-align-left\">Partner Dr. Marco Rogert <\/p>\n<\/div>\n<\/div>\n\n\n\n<h3 class=\"wp-block-heading\" id=\"h-umstritten-wann-beginnt-die-verjahrunsgfrist\">Controversieel: Wanneer begint de verjaringstermijn?<\/h3>\n\n\n<p>De uitspraak van de arrondissementsrechtbank van Marburg werpt nieuw licht op een onopgeloste en controversi\u00eble kwestie. Schadeclaims wegens opzettelijke immorele beschadiging volgens \u00a7 826 van het Duitse Burgerlijk Wetboek (BGB) verjaren doorgaans na 3 jaar \u2013 zoals bepaald in \u00a7 195 van het Duitse Burgerlijk Wetboek (BGB). Er bestaat echter nog steeds onenigheid over het precieze tijdstip waarop deze periode van drie jaar begint. Volgens artikel 199 van het Duitse Burgerlijk Wetboek (BGB) gaat de verjaringstermijn in vanaf het einde van het jaar waarin de vordering is ontstaan of de dieselkoper kennis had of had moeten hebben van de \u201comstandigheden die aanleiding geven tot de vordering\u201d, d.w.z. het bestaan van een onrechtmatige manipulatievoorziening. En dat is nou precies waar het probleem zit. Er zijn nog steeds verschillende meningen over de vraag wanneer klanten op de hoogte konden zijn van de emissiemanipulatie, vooral bij de schandalige EA189-motor:<\/p>\n<p><\/p>\n<ul>\n<li><strong>De verjaringstermijn is eind 2015 ingegaan<\/strong>, dat wil zeggen aan het einde van het jaar, toen het emissieschandaal openbaar werd. In dit geval hadden dieselkopers hun claims uiterlijk 31 december 2018 moeten indienen.<\/li>\n<li><strong>De verjaringstermijn is ingegaan eind 2016 of 2017<\/strong>&nbsp;toen VW dieselkopers informeerde over manipulatie-instrumenten in de EA 189. In dit geval zou de verjaringstermijn zijn verstreken op 31 december 2019 of eindigen op 31 december 2020. Opgemerkt dient te worden dat VW tot aan de uitspraak van het BGH in mei steeds ontkende dat de kopers enige schade hadden geleden. Als we deze avontuurlijke redenering volgen, rijst de vraag hoe klanten op de hoogte kunnen zijn van schade die er vermoedelijk niet is.<\/li>\n<li><strong>Veel advocaten en rechtbanken zijn daarom, in navolging van het Bundesgerichtshof, van mening dat de verjaringstermijn pas begint te lopen als de rechtssituatie duidelijk is.&nbsp;<\/strong>Maar er zijn ook verschillende meningen over wanneer dit het geval is:<\/li>\n<\/ul>\n<ol>\n<li><strong>Na de eerste uitspraken van de hogere regionale rechtbank tegen VW in 2018<\/strong>&nbsp;\u2013 dan eindigt de verjaringstermijn op 31 december 2021.<\/li>\n<li><strong>Volgens de uitspraak van het BGH van 25 mei 2020<\/strong>&nbsp;\u2013 dan zou de verjaringstermijn pas eindigen op 31 december 2023. Deze mening wordt onder meer gedeeld door de Arrondissementsrechtbank Trier, de Arrondissementsrechtbank Frankfurt am Main en de Arrondissementsrechtbank Duisburg. Laatstgenoemde stelde in zijn uitspraak duidelijk: \u201cZolang er geen uitspraak van het Federale Hof van Justitie in een vergelijkbare zaak is, moet de juridische situatie als onduidelijk worden beschouwd.\u201d<\/li>\n<\/ol>\n<p><strong>Voor dieselkopers die zich hebben aangesloten bij de modelvordering voor recht tegen VW gelden speciale regelingen<\/strong>maar hun deelname hebben ingetrokken of het schikkingsaanbod van VW niet hebben ontvangen of geaccepteerd.<\/p>\n\n\n\n\n<h3 class=\"wp-block-heading\" id=\"h-noch-viele-offene-fragen-zur-verjahrung\">Nog veel open vragen over de verjaringstermijn<\/h3>\n\n\n<p>Daarnaast blijven er nog andere vragen onbeantwoord: Wat geldt voor dieselkopers die andere voertuigen van de Volkswagen Groep kopen, zoals <a href=\"https:\/\/ru.law\/nl\/expertise\/abgasskandal\/audi-diesel\/\">Audi<\/a>&nbsp;&nbsp;of <a href=\"https:\/\/ru.law\/nl\/expertise\/abgasskandal\/porsche-diesel\/\">Porsche<\/a> gekocht? Of voertuigen met andere motoren, zoals de EA288? Wanneer verjaren de vorderingen van opgelichte personen? <a href=\"https:\/\/ru.law\/nl\/expertise\/abgasskandal\/mercedes-benz-diesel\/\">Mercedes-<\/a> En <a href=\"https:\/\/ru.law\/nl\/expertise\/abgasskandal\/bmw-diesel\/\">BMW<\/a>kopers? En welke invloed hebben software-updates op de verjaringstermijn? Ten slotte is gebleken dat de reiniging van uitlaatgassen vaak alleen binnen een nauw temperatuurbereik werkt, zelfs na software-updates. Zo een <a href=\"https:\/\/ru.law\/nl\/zykluserkennung-thermofenster-co\/\">thermisch venster<\/a> Zowel Duitse rechtbanken als de advocaat-generaal van het Hof van Justitie van de Europese Unie hebben dit duidelijk als illegaal aangemerkt.<\/p>\n\n\n<h3 class=\"wp-block-heading\" id=\"h-es-kommt-auf-den-einzelfall-an\">Het hangt af van het individuele geval<\/h3>\n\n\n<p>Indien men, zoals de arrondissementsrechtbank Marburg doet, ervan uitgaat dat \u00a7 852 BW van toepassing is, verliest de vraag naar de verjaringstermijn haar urgentie, aangezien de verjaringstermijn voor vorderingen van benadeelde partijen veel langer is, namelijk 10 jaar. De kwestie blijft controversieel totdat het Federale Hof van Justitie eind juli 2020 een definitieve uitspraak doet. In beginsel moet de vraag naar de verjaring per geval worden beantwoord. Dieselkopers die schade hebben geleden, moeten daarom zeker advies inwinnen bij een bekwaam advocaat die ervaring heeft met de kwestie van het emissieschandaal.<\/p>\n\n\n<section class=\"wp-block-uagb-columns uagb-columns__wrap uagb-columns__background-undefined uagb-columns__stack-mobile uagb-columns__valign-undefined uagb-columns__gap-10 alignundefined uagb-block-a63b8d4d contrast blog_beitraege\"><div class=\"uagb-columns__overlay\"><\/div><div class=\"uagb-columns__inner-wrap uagb-columns__columns-1\">\n<div class=\"wp-block-uagb-column uagb-column__wrap uagb-column__background-undefined uagb-block-6e00ddba\"><div class=\"uagb-column__overlay\"><\/div><div class=\"uagb-column__inner-wrap\">\n<h3 class=\"wp-block-heading\" id=\"das-konnte-sie-auch-interessieren\">Misschien bent u ook ge\u00efnteresseerd in:<\/h3>\n\n\n\n\t\t\t<div class=\"wp-block-uagb-post-grid uagb-post-grid  uagb-post__image-position-top uagb-post__image-enabled uagb-block-ff875f2e     uagb-post__items uagb-post__columns-3 is-grid uagb-post__columns-tablet-2 uagb-post__columns-mobile-1 uagb-post__equal-height\" data-total=\"3\" style=\"\">\n\n\t\t\t\t\t\t\t\t\t\t\t\t<article class=\"uagb-post__inner-wrap\">\t\t\t\t\t\t\t\t<div class='uagb-post__image'>\n\t\t\t\t\t\t\t\t\t<a href=\"https:\/\/ru.law\/nl\/diesel-ueberholt-benzinpreis-jetzt-erst-recht\/\" target=\"_self\" rel=\"bookmark noopener noreferrer\" class='uagb-image-ratio-inherit'><img loading=\"lazy\" decoding=\"async\" width=\"1024\" height=\"576\" src=\"https:\/\/ru.law\/wp-content\/uploads\/2022\/03\/2021-News-Header-1200x675-2972-1024x576.jpg\" class=\"attachment-large size-large\" alt=\"Rogert-Ulbrich-Rechtsanwaelte-Kanzlei-Diesel-Benzin-Preise\" srcset=\"https:\/\/ru.law\/wp-content\/uploads\/2022\/03\/2021-News-Header-1200x675-2972-1024x576.jpg 1024w, https:\/\/ru.law\/wp-content\/uploads\/2022\/03\/2021-News-Header-1200x675-2972-300x169.jpg 300w, https:\/\/ru.law\/wp-content\/uploads\/2022\/03\/2021-News-Header-1200x675-2972-768x432.jpg 768w, https:\/\/ru.law\/wp-content\/uploads\/2022\/03\/2021-News-Header-1200x675-2972.jpg 1200w\" sizes=\"auto, (max-width: 1024px) 100vw, 1024px\" \/>\t\t\t\t\t<\/a>\n\t\t\t\t\t\t\t<\/div>\n\t\t\t\t\t\t<h4 class=\"uagb-post__title uagb-post__text\">\n\t\t\t\t<a href=\"https:\/\/ru.law\/nl\/diesel-ueberholt-benzinpreis-jetzt-erst-recht\/\" target=\"_self\" rel=\"bookmark noopener noreferrer\">Recordprijzen voor diesel - Nu is het moment om uw auto terug te draaien<\/a>\n\t\t\t<\/h4>\n\t\t\t\t\t\t<div class='uagb-post__text uagb-post-grid-byline'>\n\t\t\t\t\t\t\t<\/div>\n\t\t\t\t\t\t\t<div class='uagb-post__text uagb-post__excerpt'>\n\t\t\t\t\t<p>Diesel staat in Duitsland op recordhoogte en ook benzine nadert een\u2026\t\t\t\t<\/div>\n\t\t\t\t\t\t<div class=\"uagb-post__text uagb-post__cta wp-block-button\">\n\t\t\t\t<a class=\"wp-block-button__link uagb-text-link\" style=\"\" href=\"https:\/\/ru.law\/nl\/diesel-ueberholt-benzinpreis-jetzt-erst-recht\/\" target=\"_self\" rel=\"bookmark noopener noreferrer\">Lees meer<\/a>\n\t\t\t<\/div>\n\t\t\t\n\t\t\t\t\t\t\t\t<a class=\"uagb-post__link-complete-box\" href=\"https:\/\/ru.law\/nl\/diesel-ueberholt-benzinpreis-jetzt-erst-recht\/\" target=\"_self\" rel=\"bookmark noopener noreferrer\"><\/a>\n\t\t\t\t\t\t\t<\/article>\n\t\t\t\t\t\t\t\t\t\t\t\t\t\t\t\t<article class=\"uagb-post__inner-wrap\">\t\t\t\t\t\t\t\t<div class='uagb-post__image'>\n\t\t\t\t\t\t\t\t\t<a href=\"https:\/\/ru.law\/nl\/vtdi-abgasskandal-rund-um-vw-audi-und-porsche\/\" target=\"_self\" rel=\"bookmark noopener noreferrer\" class='uagb-image-ratio-inherit'><img loading=\"lazy\" decoding=\"async\" width=\"1024\" height=\"576\" src=\"https:\/\/ru.law\/wp-content\/uploads\/2022\/01\/Rogert-Ulbrich-Rechtsanwaelte-Kanzlei-Abgasskandal-Audi-Verjaehrung-2022-1024x576.jpg\" class=\"attachment-large size-large\" alt=\"\" srcset=\"https:\/\/ru.law\/wp-content\/uploads\/2022\/01\/Rogert-Ulbrich-Rechtsanwaelte-Kanzlei-Abgasskandal-Audi-Verjaehrung-2022-1024x576.jpg 1024w, https:\/\/ru.law\/wp-content\/uploads\/2022\/01\/Rogert-Ulbrich-Rechtsanwaelte-Kanzlei-Abgasskandal-Audi-Verjaehrung-2022-300x169.jpg 300w, https:\/\/ru.law\/wp-content\/uploads\/2022\/01\/Rogert-Ulbrich-Rechtsanwaelte-Kanzlei-Abgasskandal-Audi-Verjaehrung-2022-768x432.jpg 768w, https:\/\/ru.law\/wp-content\/uploads\/2022\/01\/Rogert-Ulbrich-Rechtsanwaelte-Kanzlei-Abgasskandal-Audi-Verjaehrung-2022.jpg 1200w\" sizes=\"auto, (max-width: 1024px) 100vw, 1024px\" \/>\t\t\t\t\t<\/a>\n\t\t\t\t\t\t\t<\/div>\n\t\t\t\t\t\t<h4 class=\"uagb-post__title uagb-post__text\">\n\t\t\t\t<a href=\"https:\/\/ru.law\/nl\/vtdi-abgasskandal-rund-um-vw-audi-und-porsche\/\" target=\"_self\" rel=\"bookmark noopener noreferrer\">VTDI-emissieschandaal waarbij VW, Audi en Porsche betrokken zijn<\/a>\n\t\t\t<\/h4>\n\t\t\t\t\t\t<div class='uagb-post__text uagb-post-grid-byline'>\n\t\t\t\t\t\t\t<\/div>\n\t\t\t\t\t\t\t<div class='uagb-post__text uagb-post__excerpt'>\n\t\t\t\t\t<p>Voor veel Duitse autofabrikanten is het dieselemissieschandaal nog steeds alomtegenwoordig, ook voor de VW Groep\u2026\t\t\t\t<\/div>\n\t\t\t\t\t\t<div class=\"uagb-post__text uagb-post__cta wp-block-button\">\n\t\t\t\t<a class=\"wp-block-button__link uagb-text-link\" style=\"\" href=\"https:\/\/ru.law\/nl\/vtdi-abgasskandal-rund-um-vw-audi-und-porsche\/\" target=\"_self\" rel=\"bookmark noopener noreferrer\">Lees meer<\/a>\n\t\t\t<\/div>\n\t\t\t\n\t\t\t\t\t\t\t\t<a class=\"uagb-post__link-complete-box\" href=\"https:\/\/ru.law\/nl\/vtdi-abgasskandal-rund-um-vw-audi-und-porsche\/\" target=\"_self\" rel=\"bookmark noopener noreferrer\"><\/a>\n\t\t\t\t\t\t\t<\/article>\n\t\t\t\t\t\t\t\t\t\t\t\t\t\t\t\t<article class=\"uagb-post__inner-wrap\">\t\t\t\t\t\t\t\t<div class='uagb-post__image'>\n\t\t\t\t\t\t\t\t\t<a href=\"https:\/\/ru.law\/nl\/olg-koeln-verurteilt-audi-ag\/\" target=\"_self\" rel=\"bookmark noopener noreferrer\" class='uagb-image-ratio-inherit'><img loading=\"lazy\" decoding=\"async\" width=\"1024\" height=\"576\" src=\"https:\/\/ru.law\/wp-content\/uploads\/2021\/09\/rogert-ulbrich-rechtsanwalt-kanzlei-abgasskandal-premium-modelle-porsche-42l-1024x576.jpg\" class=\"attachment-large size-large\" alt=\"\" srcset=\"https:\/\/ru.law\/wp-content\/uploads\/2021\/09\/rogert-ulbrich-rechtsanwalt-kanzlei-abgasskandal-premium-modelle-porsche-42l-1024x576.jpg 1024w, https:\/\/ru.law\/wp-content\/uploads\/2021\/09\/rogert-ulbrich-rechtsanwalt-kanzlei-abgasskandal-premium-modelle-porsche-42l-300x169.jpg 300w, https:\/\/ru.law\/wp-content\/uploads\/2021\/09\/rogert-ulbrich-rechtsanwalt-kanzlei-abgasskandal-premium-modelle-porsche-42l-768x432.jpg 768w, https:\/\/ru.law\/wp-content\/uploads\/2021\/09\/rogert-ulbrich-rechtsanwalt-kanzlei-abgasskandal-premium-modelle-porsche-42l.jpg 1200w\" sizes=\"auto, (max-width: 1024px) 100vw, 1024px\" \/>\t\t\t\t\t<\/a>\n\t\t\t\t\t\t\t<\/div>\n\t\t\t\t\t\t<h4 class=\"uagb-post__title uagb-post__text\">\n\t\t\t\t<a href=\"https:\/\/ru.law\/nl\/olg-koeln-verurteilt-audi-ag\/\" target=\"_self\" rel=\"bookmark noopener noreferrer\">Audi AG moet Porsche Cayenne S terugnemen<\/a>\n\t\t\t<\/h4>\n\t\t\t\t\t\t<div class='uagb-post__text uagb-post-grid-byline'>\n\t\t\t\t\t\t\t<\/div>\n\t\t\t\t\t\t\t<div class='uagb-post__text uagb-post__excerpt'>\n\t\t\t\t\t<p>Audi AG kreeg van het Oberlandesgericht Keulen de opdracht een Porsche Cayenne S 4.2l terug te nemen\u2026.\t\t\t\t<\/div>\n\t\t\t\t\t\t<div class=\"uagb-post__text uagb-post__cta wp-block-button\">\n\t\t\t\t<a class=\"wp-block-button__link uagb-text-link\" style=\"\" href=\"https:\/\/ru.law\/nl\/olg-koeln-verurteilt-audi-ag\/\" target=\"_self\" rel=\"bookmark noopener noreferrer\">Lees meer<\/a>\n\t\t\t<\/div>\n\t\t\t\n\t\t\t\t\t\t\t\t<a class=\"uagb-post__link-complete-box\" href=\"https:\/\/ru.law\/nl\/olg-koeln-verurteilt-audi-ag\/\" target=\"_self\" rel=\"bookmark noopener noreferrer\"><\/a>\n\t\t\t\t\t\t\t<\/article>\n\t\t\t\t\t\t\t\t\t\t\t<\/div>\n\t\t\t\n\n\n<p><\/p>\n<\/div><\/div>\n<\/div><\/section>","protected":false},"excerpt":{"rendered":"<p>Diesel-Abgasskandal. Wann verj\u00e4hren die Anspr\u00fcche gesch\u00e4digter Dieselk\u00e4ufer im Abgasskandal? Diese rechtlich komplexe Frage ist nach wie vor umstritten. Ein Beschluss des Amtgerichts Marburg zeigt nun [&hellip;]<\/p>\n","protected":false},"author":21,"featured_media":7562,"comment_status":"closed","ping_status":"open","sticky":false,"template":"","format":"standard","meta":{"_uag_custom_page_level_css":"","site-sidebar-layout":"default","site-content-layout":"default","ast-site-content-layout":"default","site-content-style":"default","site-sidebar-style":"default","ast-global-header-display":"","ast-banner-title-visibility":"","ast-main-header-display":"","ast-hfb-above-header-display":"","ast-hfb-below-header-display":"","ast-hfb-mobile-header-display":"","site-post-title":"","ast-breadcrumbs-content":"","ast-featured-img":"","footer-sml-layout":"","ast-disable-related-posts":"","theme-transparent-header-meta":"default","adv-header-id-meta":"","stick-header-meta":"","header-above-stick-meta":"","header-main-stick-meta":"","header-below-stick-meta":"","astra-migrate-meta-layouts":"default","ast-page-background-enabled":"default","ast-page-background-meta":{"desktop":{"background-color":"","background-image":"","background-repeat":"repeat","background-position":"center center","background-size":"auto","background-attachment":"scroll","background-type":"","background-media":"","overlay-type":"","overlay-color":"","overlay-opacity":"","overlay-gradient":""},"tablet":{"background-color":"","background-image":"","background-repeat":"repeat","background-position":"center center","background-size":"auto","background-attachment":"scroll","background-type":"","background-media":"","overlay-type":"","overlay-color":"","overlay-opacity":"","overlay-gradient":""},"mobile":{"background-color":"","background-image":"","background-repeat":"repeat","background-position":"center center","background-size":"auto","background-attachment":"scroll","background-type":"","background-media":"","overlay-type":"","overlay-color":"","overlay-opacity":"","overlay-gradient":""}},"ast-content-background-meta":{"desktop":{"background-color":"var(--ast-global-color-5)","background-image":"","background-repeat":"repeat","background-position":"center center","background-size":"auto","background-attachment":"scroll","background-type":"","background-media":"","overlay-type":"","overlay-color":"","overlay-opacity":"","overlay-gradient":""},"tablet":{"background-color":"var(--ast-global-color-5)","background-image":"","background-repeat":"repeat","background-position":"center center","background-size":"auto","background-attachment":"scroll","background-type":"","background-media":"","overlay-type":"","overlay-color":"","overlay-opacity":"","overlay-gradient":""},"mobile":{"background-color":"var(--ast-global-color-5)","background-image":"","background-repeat":"repeat","background-position":"center center","background-size":"auto","background-attachment":"scroll","background-type":"","background-media":"","overlay-type":"","overlay-color":"","overlay-opacity":"","overlay-gradient":""}},"footnotes":""},"categories":[2,507],"tags":[14,27],"class_list":["post-2364","post","type-post","status-publish","format-standard","has-post-thumbnail","hentry","category-abgasskandal","category-urteile","tag-bgh","tag-musterfeststellungsklage"],"yoast_head":"<!-- This site is optimized with the Yoast SEO Premium plugin v27.4 (Yoast SEO v27.4) - https:\/\/yoast.com\/product\/yoast-seo-premium-wordpress\/ -->\n<title>Verj\u00e4hren Anspr\u00fcche von Autok\u00e4ufern erst nach 10 Jahren? - R&amp;U<\/title>\n<meta name=\"description\" content=\"Wann verj\u00e4hren die Anspr\u00fcche gesch\u00e4digter Autok\u00e4ufer im Abgasskandal? Ein Gerichts-Beschluss zeigt Verbrauchern eine neue Perspektive auf.\" \/>\n<meta name=\"robots\" content=\"index, follow, max-snippet:-1, max-image-preview:large, max-video-preview:-1\" \/>\n<link rel=\"canonical\" href=\"https:\/\/ru.law\/nl\/verjaehren-ansprueche-von-autokaeufern-nach-10-jahren\/\" \/>\n<meta property=\"og:locale\" content=\"nl_NL\" \/>\n<meta property=\"og:type\" content=\"article\" \/>\n<meta property=\"og:title\" content=\"Verj\u00e4hren Anspr\u00fcche von Autok\u00e4ufern erst nach 10 Jahren?\" \/>\n<meta property=\"og:description\" content=\"Wann verj\u00e4hren die Anspr\u00fcche gesch\u00e4digter Autok\u00e4ufer im Abgasskandal? Ein Gerichts-Beschluss zeigt Verbrauchern eine neue Perspektive auf.\" \/>\n<meta property=\"og:url\" content=\"https:\/\/ru.law\/nl\/verjaehren-ansprueche-von-autokaeufern-nach-10-jahren\/\" \/>\n<meta property=\"og:site_name\" content=\"R&amp;U\" \/>\n<meta property=\"article:publisher\" content=\"https:\/\/www.facebook.com\/RogertUlbrich\/\" \/>\n<meta property=\"article:published_time\" content=\"2020-06-30T09:22:00+00:00\" \/>\n<meta property=\"article:modified_time\" content=\"2024-07-08T11:13:05+00:00\" \/>\n<meta property=\"og:image\" content=\"https:\/\/ru.law\/wp-content\/uploads\/2020\/06\/abgasskandal-schadensersatz-anspruch-unterlagen-1.jpg\" \/>\n\t<meta property=\"og:image:width\" content=\"1200\" \/>\n\t<meta property=\"og:image:height\" content=\"675\" \/>\n\t<meta property=\"og:image:type\" content=\"image\/jpeg\" \/>\n<meta name=\"author\" content=\"Marco Rogert\" \/>\n<meta name=\"twitter:card\" content=\"summary_large_image\" \/>\n<meta name=\"twitter:creator\" content=\"@RogertUlbrich\" \/>\n<meta name=\"twitter:site\" content=\"@RogertUlbrich\" \/>\n<script type=\"application\/ld+json\" class=\"yoast-schema-graph\">{\"@context\":\"https:\\\/\\\/schema.org\",\"@graph\":[{\"@type\":\"Article\",\"@id\":\"https:\\\/\\\/ru.law\\\/verjaehren-ansprueche-von-autokaeufern-nach-10-jahren\\\/#article\",\"isPartOf\":{\"@id\":\"https:\\\/\\\/ru.law\\\/verjaehren-ansprueche-von-autokaeufern-nach-10-jahren\\\/\"},\"author\":{\"name\":\"Marco Rogert\",\"@id\":\"https:\\\/\\\/ru.law\\\/#\\\/schema\\\/person\\\/b020d506e6bbc471b4565d3a98173b87\"},\"headline\":\"Verj\u00e4hren Anspr\u00fcche von Autok\u00e4ufern erst nach 10 Jahren?\",\"datePublished\":\"2020-06-30T09:22:00+00:00\",\"dateModified\":\"2024-07-08T11:13:05+00:00\",\"mainEntityOfPage\":{\"@id\":\"https:\\\/\\\/ru.law\\\/verjaehren-ansprueche-von-autokaeufern-nach-10-jahren\\\/\"},\"wordCount\":887,\"publisher\":{\"@id\":\"https:\\\/\\\/ru.law\\\/#organization\"},\"image\":{\"@id\":\"https:\\\/\\\/ru.law\\\/verjaehren-ansprueche-von-autokaeufern-nach-10-jahren\\\/#primaryimage\"},\"thumbnailUrl\":\"https:\\\/\\\/ru.law\\\/wp-content\\\/uploads\\\/2020\\\/06\\\/abgasskandal-schadensersatz-anspruch-unterlagen-1.jpg\",\"keywords\":[\"BGH\",\"Musterfeststellungsklage\"],\"articleSection\":[\"Abgasskandal\",\"Urteile\"],\"inLanguage\":\"nl-NL\"},{\"@type\":\"WebPage\",\"@id\":\"https:\\\/\\\/ru.law\\\/verjaehren-ansprueche-von-autokaeufern-nach-10-jahren\\\/\",\"url\":\"https:\\\/\\\/ru.law\\\/verjaehren-ansprueche-von-autokaeufern-nach-10-jahren\\\/\",\"name\":\"Verj\u00e4hren Anspr\u00fcche von Autok\u00e4ufern erst nach 10 Jahren? - R&amp;U\",\"isPartOf\":{\"@id\":\"https:\\\/\\\/ru.law\\\/#website\"},\"primaryImageOfPage\":{\"@id\":\"https:\\\/\\\/ru.law\\\/verjaehren-ansprueche-von-autokaeufern-nach-10-jahren\\\/#primaryimage\"},\"image\":{\"@id\":\"https:\\\/\\\/ru.law\\\/verjaehren-ansprueche-von-autokaeufern-nach-10-jahren\\\/#primaryimage\"},\"thumbnailUrl\":\"https:\\\/\\\/ru.law\\\/wp-content\\\/uploads\\\/2020\\\/06\\\/abgasskandal-schadensersatz-anspruch-unterlagen-1.jpg\",\"datePublished\":\"2020-06-30T09:22:00+00:00\",\"dateModified\":\"2024-07-08T11:13:05+00:00\",\"description\":\"Wann verj\u00e4hren die Anspr\u00fcche gesch\u00e4digter Autok\u00e4ufer im Abgasskandal? Ein Gerichts-Beschluss zeigt Verbrauchern eine neue Perspektive auf.\",\"breadcrumb\":{\"@id\":\"https:\\\/\\\/ru.law\\\/verjaehren-ansprueche-von-autokaeufern-nach-10-jahren\\\/#breadcrumb\"},\"inLanguage\":\"nl-NL\",\"potentialAction\":[{\"@type\":\"ReadAction\",\"target\":[\"https:\\\/\\\/ru.law\\\/verjaehren-ansprueche-von-autokaeufern-nach-10-jahren\\\/\"]}]},{\"@type\":\"ImageObject\",\"inLanguage\":\"nl-NL\",\"@id\":\"https:\\\/\\\/ru.law\\\/verjaehren-ansprueche-von-autokaeufern-nach-10-jahren\\\/#primaryimage\",\"url\":\"https:\\\/\\\/ru.law\\\/wp-content\\\/uploads\\\/2020\\\/06\\\/abgasskandal-schadensersatz-anspruch-unterlagen-1.jpg\",\"contentUrl\":\"https:\\\/\\\/ru.law\\\/wp-content\\\/uploads\\\/2020\\\/06\\\/abgasskandal-schadensersatz-anspruch-unterlagen-1.jpg\",\"width\":1200,\"height\":675,\"caption\":\"Kreditwiderruf finanzielle Vorteile\"},{\"@type\":\"BreadcrumbList\",\"@id\":\"https:\\\/\\\/ru.law\\\/verjaehren-ansprueche-von-autokaeufern-nach-10-jahren\\\/#breadcrumb\",\"itemListElement\":[{\"@type\":\"ListItem\",\"position\":1,\"name\":\"Startseite\",\"item\":\"https:\\\/\\\/ru.law\\\/\"},{\"@type\":\"ListItem\",\"position\":2,\"name\":\"Verj\u00e4hren Anspr\u00fcche von Autok\u00e4ufern erst nach 10 Jahren?\"}]},{\"@type\":\"WebSite\",\"@id\":\"https:\\\/\\\/ru.law\\\/#website\",\"url\":\"https:\\\/\\\/ru.law\\\/\",\"name\":\"R&U\",\"description\":\"Verbraucheranw\u00e4lte\",\"publisher\":{\"@id\":\"https:\\\/\\\/ru.law\\\/#organization\"},\"alternateName\":\"Rogert & Ulbrich\",\"potentialAction\":[{\"@type\":\"SearchAction\",\"target\":{\"@type\":\"EntryPoint\",\"urlTemplate\":\"https:\\\/\\\/ru.law\\\/?s={search_term_string}\"},\"query-input\":{\"@type\":\"PropertyValueSpecification\",\"valueRequired\":true,\"valueName\":\"search_term_string\"}}],\"inLanguage\":\"nl-NL\"},{\"@type\":\"Organization\",\"@id\":\"https:\\\/\\\/ru.law\\\/#organization\",\"name\":\"Kanzlei Rogert & Ulbrich\",\"url\":\"https:\\\/\\\/ru.law\\\/\",\"logo\":{\"@type\":\"ImageObject\",\"inLanguage\":\"nl-NL\",\"@id\":\"https:\\\/\\\/ru.law\\\/#\\\/schema\\\/logo\\\/image\\\/\",\"url\":\"https:\\\/\\\/ru.law\\\/wp-content\\\/uploads\\\/2020\\\/12\\\/logo-ru-law.svg\",\"contentUrl\":\"https:\\\/\\\/ru.law\\\/wp-content\\\/uploads\\\/2020\\\/12\\\/logo-ru-law.svg\",\"width\":992,\"height\":259,\"caption\":\"Kanzlei Rogert & Ulbrich\"},\"image\":{\"@id\":\"https:\\\/\\\/ru.law\\\/#\\\/schema\\\/logo\\\/image\\\/\"},\"sameAs\":[\"https:\\\/\\\/www.facebook.com\\\/RogertUlbrich\\\/\",\"https:\\\/\\\/x.com\\\/RogertUlbrich\",\"https:\\\/\\\/www.instagram.com\\\/rogertulbrich\\\/\",\"https:\\\/\\\/www.linkedin.com\\\/company\\\/rogert-ulbrich\\\/\",\"https:\\\/\\\/www.youtube.com\\\/channel\\\/UCganCgpvwpPFqMFf1vVmG2A\"]},{\"@type\":\"Person\",\"@id\":\"https:\\\/\\\/ru.law\\\/#\\\/schema\\\/person\\\/b020d506e6bbc471b4565d3a98173b87\",\"name\":\"Marco Rogert\",\"url\":\"https:\\\/\\\/ru.law\\\/nl\\\/author\\\/rogertru-law\\\/\"}]}<\/script>\n<!-- \/ Yoast SEO Premium plugin. -->","yoast_head_json":{"title":"Verj\u00e4hren Anspr\u00fcche von Autok\u00e4ufern erst nach 10 Jahren? - R&amp;U","description":"Wann verj\u00e4hren die Anspr\u00fcche gesch\u00e4digter Autok\u00e4ufer im Abgasskandal? Ein Gerichts-Beschluss zeigt Verbrauchern eine neue Perspektive auf.","robots":{"index":"index","follow":"follow","max-snippet":"max-snippet:-1","max-image-preview":"max-image-preview:large","max-video-preview":"max-video-preview:-1"},"canonical":"https:\/\/ru.law\/nl\/verjaehren-ansprueche-von-autokaeufern-nach-10-jahren\/","og_locale":"nl_NL","og_type":"article","og_title":"Verj\u00e4hren Anspr\u00fcche von Autok\u00e4ufern erst nach 10 Jahren?","og_description":"Wann verj\u00e4hren die Anspr\u00fcche gesch\u00e4digter Autok\u00e4ufer im Abgasskandal? Ein Gerichts-Beschluss zeigt Verbrauchern eine neue Perspektive auf.","og_url":"https:\/\/ru.law\/nl\/verjaehren-ansprueche-von-autokaeufern-nach-10-jahren\/","og_site_name":"R&amp;U","article_publisher":"https:\/\/www.facebook.com\/RogertUlbrich\/","article_published_time":"2020-06-30T09:22:00+00:00","article_modified_time":"2024-07-08T11:13:05+00:00","og_image":[{"width":1200,"height":675,"url":"https:\/\/ru.law\/wp-content\/uploads\/2020\/06\/abgasskandal-schadensersatz-anspruch-unterlagen-1.jpg","type":"image\/jpeg"}],"author":"Marco Rogert","twitter_card":"summary_large_image","twitter_creator":"@RogertUlbrich","twitter_site":"@RogertUlbrich","schema":{"@context":"https:\/\/schema.org","@graph":[{"@type":"Article","@id":"https:\/\/ru.law\/verjaehren-ansprueche-von-autokaeufern-nach-10-jahren\/#article","isPartOf":{"@id":"https:\/\/ru.law\/verjaehren-ansprueche-von-autokaeufern-nach-10-jahren\/"},"author":{"name":"Marco Rogert","@id":"https:\/\/ru.law\/#\/schema\/person\/b020d506e6bbc471b4565d3a98173b87"},"headline":"Verj\u00e4hren Anspr\u00fcche von Autok\u00e4ufern erst nach 10 Jahren?","datePublished":"2020-06-30T09:22:00+00:00","dateModified":"2024-07-08T11:13:05+00:00","mainEntityOfPage":{"@id":"https:\/\/ru.law\/verjaehren-ansprueche-von-autokaeufern-nach-10-jahren\/"},"wordCount":887,"publisher":{"@id":"https:\/\/ru.law\/#organization"},"image":{"@id":"https:\/\/ru.law\/verjaehren-ansprueche-von-autokaeufern-nach-10-jahren\/#primaryimage"},"thumbnailUrl":"https:\/\/ru.law\/wp-content\/uploads\/2020\/06\/abgasskandal-schadensersatz-anspruch-unterlagen-1.jpg","keywords":["BGH","Musterfeststellungsklage"],"articleSection":["Abgasskandal","Urteile"],"inLanguage":"nl-NL"},{"@type":"WebPage","@id":"https:\/\/ru.law\/verjaehren-ansprueche-von-autokaeufern-nach-10-jahren\/","url":"https:\/\/ru.law\/verjaehren-ansprueche-von-autokaeufern-nach-10-jahren\/","name":"Verj\u00e4hren Anspr\u00fcche von Autok\u00e4ufern erst nach 10 Jahren? - R&amp;U","isPartOf":{"@id":"https:\/\/ru.law\/#website"},"primaryImageOfPage":{"@id":"https:\/\/ru.law\/verjaehren-ansprueche-von-autokaeufern-nach-10-jahren\/#primaryimage"},"image":{"@id":"https:\/\/ru.law\/verjaehren-ansprueche-von-autokaeufern-nach-10-jahren\/#primaryimage"},"thumbnailUrl":"https:\/\/ru.law\/wp-content\/uploads\/2020\/06\/abgasskandal-schadensersatz-anspruch-unterlagen-1.jpg","datePublished":"2020-06-30T09:22:00+00:00","dateModified":"2024-07-08T11:13:05+00:00","description":"Wann verj\u00e4hren die Anspr\u00fcche gesch\u00e4digter Autok\u00e4ufer im Abgasskandal? Ein Gerichts-Beschluss zeigt Verbrauchern eine neue Perspektive auf.","breadcrumb":{"@id":"https:\/\/ru.law\/verjaehren-ansprueche-von-autokaeufern-nach-10-jahren\/#breadcrumb"},"inLanguage":"nl-NL","potentialAction":[{"@type":"ReadAction","target":["https:\/\/ru.law\/verjaehren-ansprueche-von-autokaeufern-nach-10-jahren\/"]}]},{"@type":"ImageObject","inLanguage":"nl-NL","@id":"https:\/\/ru.law\/verjaehren-ansprueche-von-autokaeufern-nach-10-jahren\/#primaryimage","url":"https:\/\/ru.law\/wp-content\/uploads\/2020\/06\/abgasskandal-schadensersatz-anspruch-unterlagen-1.jpg","contentUrl":"https:\/\/ru.law\/wp-content\/uploads\/2020\/06\/abgasskandal-schadensersatz-anspruch-unterlagen-1.jpg","width":1200,"height":675,"caption":"Kreditwiderruf finanzielle Vorteile"},{"@type":"BreadcrumbList","@id":"https:\/\/ru.law\/verjaehren-ansprueche-von-autokaeufern-nach-10-jahren\/#breadcrumb","itemListElement":[{"@type":"ListItem","position":1,"name":"Startseite","item":"https:\/\/ru.law\/"},{"@type":"ListItem","position":2,"name":"Verj\u00e4hren Anspr\u00fcche von Autok\u00e4ufern erst nach 10 Jahren?"}]},{"@type":"WebSite","@id":"https:\/\/ru.law\/#website","url":"https:\/\/ru.law\/","name":"R&amp;U","description":"Consumentenadvocaten","publisher":{"@id":"https:\/\/ru.law\/#organization"},"alternateName":"Rogert & Ulbrich","potentialAction":[{"@type":"SearchAction","target":{"@type":"EntryPoint","urlTemplate":"https:\/\/ru.law\/?s={search_term_string}"},"query-input":{"@type":"PropertyValueSpecification","valueRequired":true,"valueName":"search_term_string"}}],"inLanguage":"nl-NL"},{"@type":"Organization","@id":"https:\/\/ru.law\/#organization","name":"Advocatenkantoor Rogert &amp; Ulbrich","url":"https:\/\/ru.law\/","logo":{"@type":"ImageObject","inLanguage":"nl-NL","@id":"https:\/\/ru.law\/#\/schema\/logo\/image\/","url":"https:\/\/ru.law\/wp-content\/uploads\/2020\/12\/logo-ru-law.svg","contentUrl":"https:\/\/ru.law\/wp-content\/uploads\/2020\/12\/logo-ru-law.svg","width":992,"height":259,"caption":"Kanzlei Rogert & Ulbrich"},"image":{"@id":"https:\/\/ru.law\/#\/schema\/logo\/image\/"},"sameAs":["https:\/\/www.facebook.com\/RogertUlbrich\/","https:\/\/x.com\/RogertUlbrich","https:\/\/www.instagram.com\/rogertulbrich\/","https:\/\/www.linkedin.com\/company\/rogert-ulbrich\/","https:\/\/www.youtube.com\/channel\/UCganCgpvwpPFqMFf1vVmG2A"]},{"@type":"Person","@id":"https:\/\/ru.law\/#\/schema\/person\/b020d506e6bbc471b4565d3a98173b87","name":"Marco Rogert","url":"https:\/\/ru.law\/nl\/author\/rogertru-law\/"}]}},"uagb_featured_image_src":{"full":["https:\/\/ru.law\/wp-content\/uploads\/2020\/06\/abgasskandal-schadensersatz-anspruch-unterlagen-1.jpg",1200,675,false],"thumbnail":["https:\/\/ru.law\/wp-content\/uploads\/2020\/06\/abgasskandal-schadensersatz-anspruch-unterlagen-1-150x150.jpg",96,96,true],"medium":["https:\/\/ru.law\/wp-content\/uploads\/2020\/06\/abgasskandal-schadensersatz-anspruch-unterlagen-1-300x169.jpg",300,169,true],"medium_large":["https:\/\/ru.law\/wp-content\/uploads\/2020\/06\/abgasskandal-schadensersatz-anspruch-unterlagen-1-768x432.jpg",768,432,true],"large":["https:\/\/ru.law\/wp-content\/uploads\/2020\/06\/abgasskandal-schadensersatz-anspruch-unterlagen-1-1024x576.jpg",1024,576,true],"1536x1536":["https:\/\/ru.law\/wp-content\/uploads\/2020\/06\/abgasskandal-schadensersatz-anspruch-unterlagen-1.jpg",1200,675,false],"2048x2048":["https:\/\/ru.law\/wp-content\/uploads\/2020\/06\/abgasskandal-schadensersatz-anspruch-unterlagen-1.jpg",1200,675,false],"trp-custom-language-flag":["https:\/\/ru.law\/wp-content\/uploads\/2020\/06\/abgasskandal-schadensersatz-anspruch-unterlagen-1.jpg",18,10,false]},"uagb_author_info":{"display_name":"Marco Rogert","author_link":"https:\/\/ru.law\/nl\/author\/rogertru-law\/"},"uagb_comment_info":0,"uagb_excerpt":"Diesel-Abgasskandal. Wann verj\u00e4hren die Anspr\u00fcche gesch\u00e4digter Dieselk\u00e4ufer im Abgasskandal? Diese rechtlich komplexe Frage ist nach wie vor umstritten. Ein Beschluss des Amtgerichts Marburg zeigt nun [&hellip;]","_links":{"self":[{"href":"https:\/\/ru.law\/nl\/wp-json\/wp\/v2\/posts\/2364","targetHints":{"allow":["GET"]}}],"collection":[{"href":"https:\/\/ru.law\/nl\/wp-json\/wp\/v2\/posts"}],"about":[{"href":"https:\/\/ru.law\/nl\/wp-json\/wp\/v2\/types\/post"}],"author":[{"embeddable":true,"href":"https:\/\/ru.law\/nl\/wp-json\/wp\/v2\/users\/21"}],"replies":[{"embeddable":true,"href":"https:\/\/ru.law\/nl\/wp-json\/wp\/v2\/comments?post=2364"}],"version-history":[{"count":0,"href":"https:\/\/ru.law\/nl\/wp-json\/wp\/v2\/posts\/2364\/revisions"}],"wp:featuredmedia":[{"embeddable":true,"href":"https:\/\/ru.law\/nl\/wp-json\/wp\/v2\/media\/7562"}],"wp:attachment":[{"href":"https:\/\/ru.law\/nl\/wp-json\/wp\/v2\/media?parent=2364"}],"wp:term":[{"taxonomy":"category","embeddable":true,"href":"https:\/\/ru.law\/nl\/wp-json\/wp\/v2\/categories?post=2364"},{"taxonomy":"post_tag","embeddable":true,"href":"https:\/\/ru.law\/nl\/wp-json\/wp\/v2\/tags?post=2364"}],"curies":[{"name":"wp","href":"https:\/\/api.w.org\/{rel}","templated":true}]}}