{"id":2307,"date":"2020-07-06T10:35:59","date_gmt":"2020-07-06T08:35:59","guid":{"rendered":"https:\/\/www.rogertulbrich.de\/wp\/?p=2307"},"modified":"2024-07-08T13:13:04","modified_gmt":"2024-07-08T11:13:04","slug":"bundesgerichtshof-verhandelt-weitere-verfahren-im-diesel-abgasskandal","status":"publish","type":"post","link":"https:\/\/ru.law\/nl\/bundesgerichtshof-verhandelt-weitere-verfahren-im-diesel-abgasskandal\/","title":{"rendered":"Federale rechtbank behandelt nog eens vier zaken in dieselemissieschandaal"},"content":{"rendered":"<h2 class=\"wp-block-heading\" id=\"h-bgh-entscheidet-uber-deliktische-zinsen-nutzungsentschadigung-und-verjahrung\">BGH beslist over onrechtmatige daad, schadevergoeding en verjaringstermijn.<\/h2>\n\n\n<p>De verwerking van de <a href=\"https:\/\/ru.law\/nl\/expertise\/abgasskandal\/\">dieselemissieschandaal<\/a> schakelt naar een andere versnelling. Na de consumentvriendelijke, baanbrekende uitspraak in mei zal de 6e Civiele Kamer van het Federale Hof van Justitie (BGH) zich tijdens vier verdere hoorzittingen op 21 en 28 juli buigen over de gevolgen van de emissiemanipulatie door VW. Hierbij spelen controversi\u00eble kwesties zoals schadevergoeding na afwijzing van een software-update, onrechtmatige daad, schadevergoeding voor gebruik en de vraag naar de verjaringstermijn voor claims van benadeelde dieselkopers.<\/p>\n\n\n<h3 class=\"wp-block-heading\" id=\"h-zwei-verfahren-vom-olg-braunschweig-zur-revision-beim-bgh\">Twee zaken van het Oberlandesgericht Braunschweig tot het Bundesgerichtshof<\/h3>\n\n\n<p>De regionale rechtbank en de hogere regionale rechtbank van Braunschweig zijn in <a href=\"https:\/\/ru.law\/nl\/expertise\/abgasskandal\/vw-diesel\/\">VW emissieschandaal<\/a> heeft nog geen aandacht getrokken door consumentvriendelijke uitspraken, hoewel de Arrondissementsrechtbank van Braunschweig onlangs aankondigde dat zij haar pro-VW-standpunt zou laten varen. Twee gewonde VW-klanten lieten zich niet ontmoedigen door de afwijzing van hun schadeclaims tegen het autobedrijf door de twee rechtbanken.\u00a0<a href=\"https:\/\/www.bundesgerichtshof.de\/SharedDocs\/Pressemitteilungen\/DE\/2020\/2020031.html?nn=10690868\" target=\"_blank\" rel=\"noopener noreferrer\">Hun zaken worden nu op 21 juli in beroep voorgelegd aan de 6e Civiele Senaat van het Federale Hof van Justitie.<\/a><\/p>\n<p>Beide eisers baseren hun vorderingen tegen Volkswagen op de installatie van illegale manipulatie-instrumenten. In \u00e9\u00e9n zaak liet eiser een door VW aangeboden software-update installeren (zaaknummer VI ZR 367\/19). Zijn rechtszaak werd afgewezen op grond van het feit dat de uitschakelfunctie al door de update was verwijderd voordat de rechtszaak werd ontvangen. Bovendien heeft eiser geen overtuigende verklaring gegeven welke specifieke persoon bij VW hem opzettelijk en immoreel schade heeft toegebracht (13 augustus 2019, zaaknummer 7 U 352\/18).<\/p>\n<p>De andere eiser weigerde de update, waarop hem een rijverbod werd opgelegd (zaaknummer VI ZR 354\/19). De Hogere Rechtbank van Braunschweig wees zijn vordering tot schadevergoeding af, omdat er geen sprake was van fraude. Bovendien is de vergoeding voor het gebruik nu hoger dan de aankoopprijs (20.08.2019, ref. nr. 7 U 5\/18).<\/p>\n\n\n<h3 class=\"wp-block-heading\" id=\"h-kauf-nach-kenntnis-wann-beginnt-die-verjahrungsfrist-im-abgasskandal\">Aankoop na kennis: Wanneer begint de verjaringstermijn in het emissieschandaal?<\/h3>\n\n\n<p>Wanneer konden kopers van VW-diesels op de hoogte zijn van de illegale emissiemanipulatie? Het antwoord op deze uiterst explosieve vraag zal bepalen wanneer de claims van benadeelde VW-klanten vervallen \u2013 een kwestie die tienduizenden autokopers treft. Er is nog steeds geen uitspraak van het Hooggerechtshof over deze kwestie. Misschien komt het op 28 juli. Dan zal de BGH zich bezighouden met de&nbsp;<a href=\"https:\/\/www.bundesgerichtshof.de\/SharedDocs\/Termine\/DE\/Termine\/VIZR5-20.html\" target=\"_blank\" rel=\"noopener noreferrer\">Schadeclaims van een koper van een tweedehandsauto die zijn diesel in augustus 2016 kocht<\/a>, bijna een jaar nadat de emissiemanipulatie bekend werd (zaaknummer VI ZR 5\/20). Zijn vorderingen tot schadevergoeding werden door beide lagere rechtbanken (arrondissementsrechtbank Trier, 3 mei 2019, zaaknummer 5 O 686\/18, Oberlandesgericht Koblenz, 2 december 2019, zaaknummer 12 U 804\/19) afgewezen omdat &quot;eiser geen inhoudelijke uitleg heeft gegeven waarom hij, ondanks de uitgebreide berichtgeving in de media, niet op de hoogte had kunnen zijn van het feit dat het voertuig was uitgerust met de ontoelaatbare schakellogica.&quot;<\/p>\n<p>De Hogere Landegerichtshof van Koblenz oordeelde echter in het voordeel van een dieselkoper die zijn VW in januari 2016 had gekocht en kende hem een schadevergoeding toe wegens het opzettelijk veroorzaken van immorele schade (05.06.2020, ref. 8 U 1295\/19). De reden: uit een ad hoc-aankondiging van Volkswagen uit september 2015 bleek niet dat de software voor motorbesturing opzettelijk was gemanipuleerd. Bovendien duurde het immorele gedrag van Volkswagen voort op het moment dat het voertuig werd gekocht. Op dezelfde manier hebben de hogere regionale rechtbanken van Keulen, Oldenburg en&nbsp;<a href=\"https:\/\/rsw.beck.de\/aktuell\/daily\/meldung\/detail\/olg-hamm-vw-muss-auch-fuer-nach-bekanntwerden-des-abgasskandals-erworbenen-pkw-schadensersatz-an-kundin-zahlen\" target=\"_blank\" rel=\"noopener noreferrer\">Hamm<\/a>&nbsp;evenals de&nbsp;<a href=\"https:\/\/www.presseportal.de\/pm\/105254\/4651605\" target=\"_blank\" rel=\"noopener noreferrer\">Arrondissementsrechtbank Paderborn<\/a>&nbsp;en meest recent Frankfurt am Main. De rechtbank van Marburg is zelfs van mening dat de vordering tot schadevergoeding van de benadeelde pas na tien jaar mag verjaren.<\/p>\n\n\n\n\n<h3 class=\"wp-block-heading\" id=\"h-bestehen-anspruche-auf-deliktische-zinsen-und-nutzungsentschadigung\">Zijn er vorderingen wegens onrechtmatige daad en schadevergoeding voor gebruik?<\/h3>\n\n\n<p>De tweede BGH-zaak op 28 juli betreft de&nbsp;<a href=\"https:\/\/www.bundesgerichtshof.de\/SharedDocs\/Pressemitteilungen\/DE\/2020\/2020032.html?nn=10690868\" target=\"_blank\" rel=\"noopener noreferrer\">vordering op onrechtmatige daad<\/a>&nbsp;(Ref. VI ZR 397\/19). De Arrondissementsrechtbank Oldenburg had Volkswagen al veroordeeld tot terugbetaling van de aankoopprijs van een VW Golf VI 1.6 TDI, verminderd met de schadevergoeding wegens opzettelijke immoraliteitsschade (11 januari 2019, zaaknummer 3 O 1275\/18). Eiser heeft bezwaar gemaakt tegen de aftrek van de gebruiksvergoeding en heeft tevens betaling van onrechtmatige rente gevorderd. Hoewel het Oberlandesgericht Oldenburg haar dit al had toegekend, bevestigden de rechters de beslissing van de lagere rechtbank over de compensatie voor gebruik (2 oktober 2019, zaaknummer 5 U 47\/19). Zowel de eiser als Volkswagen hebben tegen dit vonnis hoger beroep aangetekend.<\/p>\n\n\n<div class=\"wp-block-columns header__gradient_blog ghostkit-custom-xNr4Y is-layout-flex wp-container-core-columns-is-layout-28f84493 wp-block-columns-is-layout-flex\">\n<div class=\"wp-block-column is-vertically-aligned-top is-layout-flow wp-block-column-is-layout-flow\" style=\"flex-basis:20%\">\n<figure class=\"wp-block-image size-large zitat\"><img decoding=\"async\" src=\"https:\/\/www.rogertulbrich.de\/wp\/wp-content\/uploads\/2020\/07\/marco_rogert_handy-2.jpg\" alt=\"\" class=\"wp-image-749\" \/><\/figure>\n<\/div>\n\n\n\n<div class=\"wp-block-column is-vertically-aligned-center ghostkit-custom-1SOwj2 is-layout-flow wp-block-column-is-layout-flow\" style=\"flex-basis:80%\">\n<p>\u201cIn het verleden hebben rechtbanken de vordering op grond van onrechtmatige daad heel verschillend beoordeeld. De meeste regionale rechtbanken kennen deze rentebetalingen over het algemeen toe aan benadeelde autokopers vanaf het moment van aankoop van het voertuig. Dit geldt ook voor enkele hogere regionale rechtbanken, zoals Oldenburg, Keulen en Brandenburg. Wij gaan ervan uit dat het Federale Hof van Justitie dit consumentvriendelijke rechtsoordeel zal bevestigen. Wat betreft de verjaringstermijn en de hogerberoepszittingen op 21 juni verwachten wij beslist beslissingen die gedupeerde dieselkopers zullen aanmoedigen om hun rechten te laten gelden. De uitspraken van het Federale Hof van Justitie zullen in ieder geval verstrekkende gevolgen hebben voor de procedures in het emissieschandaal. Dan moeten de andere dieselfabrikanten eindelijk hun verantwoordelijkheid nemen.\u201d<\/p>\n\n\n\n<p class=\"has-text-align-left\">Partner Dr. Marco Rogert <\/p>\n<\/div>\n<\/div>\n\n\n\n<h3 class=\"wp-block-heading\" id=\"h-nuntzungsentschadigung-entscheidet-letzendlich-der-europaische-gerichtshof\">Compensatie bij niet-gebruik: zal het Europese Hof van Justitie uiteindelijk een beslissing nemen?<\/h3>\n\n\n<p>Ook de kwestie van de gebruiksvergoeding zou weer spannend kunnen worden. Hoewel het Bundesgerichtshof in mei in de VW-zaak al oordeelde dat de schadevergoeding voor de reeds gereden kilometers in mindering moet worden gebracht op de schade, zijn er ook hier tekenen van een trendbreuk in de rechtspraak. Verschillende regionale rechtbanken hebben aan autokopers een schadevergoeding toegekend zonder aftrek van de vergoeding voor het gebruik. De Arrondissementsrechtbank Frankfurt am Main rechtvaardigde dit uitdrukkelijk met het \u2018bijzonder verwerpelijke gedrag\u2019 van Volkswagen (30 april 2020, zaaknummer 2-27 O 2\/19).<\/p>\n<p>Een rechter bij de regionale rechtbank van Erfurt gaf een soortgelijke redenering voor zijn&nbsp;<a href=\"https:\/\/www.lifepr.de\/pressemitteilung\/dr-stoll-sauer-rechtsanwaltsgesellschaft-mbh\/VW-Skandal-Landgericht-Erfurt-laesst-erstes-BGH-Urteil-von-EuGH-ueberpuefen\/boxid\/804661\" target=\"_blank\" rel=\"noopener noreferrer\">beslissing<\/a>, om de VW-uitspraak van het BGH van 25 mei (zaak nr. VI ZR 252\/19) door het Europees Hof van Justitie te laten toetsen op conformiteit met het Europees recht (15 juni 2020, zaak nr. 8 O 1045\/18): Een gebruiksvergoeding voor gereden kilometers houdt in dat &quot;hoe langer het rechtsgeschil voortduurt, hoe minder sancties VW te vrezen heeft. Dit zou een sterke prikkel kunnen cre\u00ebren om de inbreuk toch te plegen en de uitvoering van de claim onnodig te vertragen.\u201d Tegen deze achtergrond is het buitengewoon spannend om te zien hoe het Federale Hof van Justitie op 28 juni over deze kwestie zal beslissen.<\/p>\n\n\n<section class=\"wp-block-uagb-columns uagb-columns__wrap uagb-columns__background-undefined uagb-columns__stack-mobile uagb-columns__valign-undefined uagb-columns__gap-10 alignundefined uagb-block-a63b8d4d contrast blog_beitraege\"><div class=\"uagb-columns__overlay\"><\/div><div class=\"uagb-columns__inner-wrap uagb-columns__columns-1\">\n<div class=\"wp-block-uagb-column uagb-column__wrap uagb-column__background-undefined uagb-block-6e00ddba\"><div class=\"uagb-column__overlay\"><\/div><div class=\"uagb-column__inner-wrap\">\n<h3 class=\"wp-block-heading\" id=\"das-konnte-sie-auch-interessieren\">Misschien bent u ook ge\u00efnteresseerd in:<\/h3>\n\n\n\n\t\t\t<div class=\"wp-block-uagb-post-grid uagb-post-grid  uagb-post__image-position-top uagb-post__image-enabled uagb-block-ff875f2e     uagb-post__items uagb-post__columns-3 is-grid uagb-post__columns-tablet-2 uagb-post__columns-mobile-1 uagb-post__equal-height\" data-total=\"3\" style=\"\">\n\n\t\t\t\t\t\t\t\t\t\t\t\t<article class=\"uagb-post__inner-wrap\">\t\t\t\t\t\t\t\t<div class='uagb-post__image'>\n\t\t\t\t\t\t\t\t\t<a href=\"https:\/\/ru.law\/nl\/diesel-ueberholt-benzinpreis-jetzt-erst-recht\/\" target=\"_self\" rel=\"bookmark noopener noreferrer\" class='uagb-image-ratio-inherit'><img loading=\"lazy\" decoding=\"async\" width=\"1024\" height=\"576\" src=\"https:\/\/ru.law\/wp-content\/uploads\/2022\/03\/2021-News-Header-1200x675-2972-1024x576.jpg\" class=\"attachment-large size-large\" alt=\"Rogert-Ulbrich-Rechtsanwaelte-Kanzlei-Diesel-Benzin-Preise\" srcset=\"https:\/\/ru.law\/wp-content\/uploads\/2022\/03\/2021-News-Header-1200x675-2972-1024x576.jpg 1024w, https:\/\/ru.law\/wp-content\/uploads\/2022\/03\/2021-News-Header-1200x675-2972-300x169.jpg 300w, https:\/\/ru.law\/wp-content\/uploads\/2022\/03\/2021-News-Header-1200x675-2972-768x432.jpg 768w, https:\/\/ru.law\/wp-content\/uploads\/2022\/03\/2021-News-Header-1200x675-2972.jpg 1200w\" sizes=\"auto, (max-width: 1024px) 100vw, 1024px\" \/>\t\t\t\t\t<\/a>\n\t\t\t\t\t\t\t<\/div>\n\t\t\t\t\t\t<h4 class=\"uagb-post__title uagb-post__text\">\n\t\t\t\t<a href=\"https:\/\/ru.law\/nl\/diesel-ueberholt-benzinpreis-jetzt-erst-recht\/\" target=\"_self\" rel=\"bookmark noopener noreferrer\">Recordprijzen voor diesel - Nu is het moment om uw auto terug te draaien<\/a>\n\t\t\t<\/h4>\n\t\t\t\t\t\t<div class='uagb-post__text uagb-post-grid-byline'>\n\t\t\t\t\t\t\t<\/div>\n\t\t\t\t\t\t\t<div class='uagb-post__text uagb-post__excerpt'>\n\t\t\t\t\t<p>Diesel staat in Duitsland op recordhoogte en ook benzine nadert een\u2026\t\t\t\t<\/div>\n\t\t\t\t\t\t<div class=\"uagb-post__text uagb-post__cta wp-block-button\">\n\t\t\t\t<a class=\"wp-block-button__link uagb-text-link\" style=\"\" href=\"https:\/\/ru.law\/nl\/diesel-ueberholt-benzinpreis-jetzt-erst-recht\/\" target=\"_self\" rel=\"bookmark noopener noreferrer\">Lees meer<\/a>\n\t\t\t<\/div>\n\t\t\t\n\t\t\t\t\t\t\t\t<a class=\"uagb-post__link-complete-box\" href=\"https:\/\/ru.law\/nl\/diesel-ueberholt-benzinpreis-jetzt-erst-recht\/\" target=\"_self\" rel=\"bookmark noopener noreferrer\"><\/a>\n\t\t\t\t\t\t\t<\/article>\n\t\t\t\t\t\t\t\t\t\t\t\t\t\t\t\t<article class=\"uagb-post__inner-wrap\">\t\t\t\t\t\t\t\t<div class='uagb-post__image'>\n\t\t\t\t\t\t\t\t\t<a href=\"https:\/\/ru.law\/nl\/vtdi-abgasskandal-rund-um-vw-audi-und-porsche\/\" target=\"_self\" rel=\"bookmark noopener noreferrer\" class='uagb-image-ratio-inherit'><img loading=\"lazy\" decoding=\"async\" width=\"1024\" height=\"576\" src=\"https:\/\/ru.law\/wp-content\/uploads\/2022\/01\/Rogert-Ulbrich-Rechtsanwaelte-Kanzlei-Abgasskandal-Audi-Verjaehrung-2022-1024x576.jpg\" class=\"attachment-large size-large\" alt=\"\" srcset=\"https:\/\/ru.law\/wp-content\/uploads\/2022\/01\/Rogert-Ulbrich-Rechtsanwaelte-Kanzlei-Abgasskandal-Audi-Verjaehrung-2022-1024x576.jpg 1024w, https:\/\/ru.law\/wp-content\/uploads\/2022\/01\/Rogert-Ulbrich-Rechtsanwaelte-Kanzlei-Abgasskandal-Audi-Verjaehrung-2022-300x169.jpg 300w, https:\/\/ru.law\/wp-content\/uploads\/2022\/01\/Rogert-Ulbrich-Rechtsanwaelte-Kanzlei-Abgasskandal-Audi-Verjaehrung-2022-768x432.jpg 768w, https:\/\/ru.law\/wp-content\/uploads\/2022\/01\/Rogert-Ulbrich-Rechtsanwaelte-Kanzlei-Abgasskandal-Audi-Verjaehrung-2022.jpg 1200w\" sizes=\"auto, (max-width: 1024px) 100vw, 1024px\" \/>\t\t\t\t\t<\/a>\n\t\t\t\t\t\t\t<\/div>\n\t\t\t\t\t\t<h4 class=\"uagb-post__title uagb-post__text\">\n\t\t\t\t<a href=\"https:\/\/ru.law\/nl\/vtdi-abgasskandal-rund-um-vw-audi-und-porsche\/\" target=\"_self\" rel=\"bookmark noopener noreferrer\">VTDI-emissieschandaal waarbij VW, Audi en Porsche betrokken zijn<\/a>\n\t\t\t<\/h4>\n\t\t\t\t\t\t<div class='uagb-post__text uagb-post-grid-byline'>\n\t\t\t\t\t\t\t<\/div>\n\t\t\t\t\t\t\t<div class='uagb-post__text uagb-post__excerpt'>\n\t\t\t\t\t<p>Voor veel Duitse autofabrikanten is het dieselemissieschandaal nog steeds alomtegenwoordig, ook voor de VW Groep\u2026\t\t\t\t<\/div>\n\t\t\t\t\t\t<div class=\"uagb-post__text uagb-post__cta wp-block-button\">\n\t\t\t\t<a class=\"wp-block-button__link uagb-text-link\" style=\"\" href=\"https:\/\/ru.law\/nl\/vtdi-abgasskandal-rund-um-vw-audi-und-porsche\/\" target=\"_self\" rel=\"bookmark noopener noreferrer\">Lees meer<\/a>\n\t\t\t<\/div>\n\t\t\t\n\t\t\t\t\t\t\t\t<a class=\"uagb-post__link-complete-box\" href=\"https:\/\/ru.law\/nl\/vtdi-abgasskandal-rund-um-vw-audi-und-porsche\/\" target=\"_self\" rel=\"bookmark noopener noreferrer\"><\/a>\n\t\t\t\t\t\t\t<\/article>\n\t\t\t\t\t\t\t\t\t\t\t\t\t\t\t\t<article class=\"uagb-post__inner-wrap\">\t\t\t\t\t\t\t\t<div class='uagb-post__image'>\n\t\t\t\t\t\t\t\t\t<a href=\"https:\/\/ru.law\/nl\/olg-koeln-verurteilt-audi-ag\/\" target=\"_self\" rel=\"bookmark noopener noreferrer\" class='uagb-image-ratio-inherit'><img loading=\"lazy\" decoding=\"async\" width=\"1024\" height=\"576\" src=\"https:\/\/ru.law\/wp-content\/uploads\/2021\/09\/rogert-ulbrich-rechtsanwalt-kanzlei-abgasskandal-premium-modelle-porsche-42l-1024x576.jpg\" class=\"attachment-large size-large\" alt=\"\" srcset=\"https:\/\/ru.law\/wp-content\/uploads\/2021\/09\/rogert-ulbrich-rechtsanwalt-kanzlei-abgasskandal-premium-modelle-porsche-42l-1024x576.jpg 1024w, https:\/\/ru.law\/wp-content\/uploads\/2021\/09\/rogert-ulbrich-rechtsanwalt-kanzlei-abgasskandal-premium-modelle-porsche-42l-300x169.jpg 300w, https:\/\/ru.law\/wp-content\/uploads\/2021\/09\/rogert-ulbrich-rechtsanwalt-kanzlei-abgasskandal-premium-modelle-porsche-42l-768x432.jpg 768w, https:\/\/ru.law\/wp-content\/uploads\/2021\/09\/rogert-ulbrich-rechtsanwalt-kanzlei-abgasskandal-premium-modelle-porsche-42l.jpg 1200w\" sizes=\"auto, (max-width: 1024px) 100vw, 1024px\" \/>\t\t\t\t\t<\/a>\n\t\t\t\t\t\t\t<\/div>\n\t\t\t\t\t\t<h4 class=\"uagb-post__title uagb-post__text\">\n\t\t\t\t<a href=\"https:\/\/ru.law\/nl\/olg-koeln-verurteilt-audi-ag\/\" target=\"_self\" rel=\"bookmark noopener noreferrer\">Audi AG moet Porsche Cayenne S terugnemen<\/a>\n\t\t\t<\/h4>\n\t\t\t\t\t\t<div class='uagb-post__text uagb-post-grid-byline'>\n\t\t\t\t\t\t\t<\/div>\n\t\t\t\t\t\t\t<div class='uagb-post__text uagb-post__excerpt'>\n\t\t\t\t\t<p>Audi AG kreeg van het Oberlandesgericht Keulen de opdracht een Porsche Cayenne S 4.2l terug te nemen\u2026.\t\t\t\t<\/div>\n\t\t\t\t\t\t<div class=\"uagb-post__text uagb-post__cta wp-block-button\">\n\t\t\t\t<a class=\"wp-block-button__link uagb-text-link\" style=\"\" href=\"https:\/\/ru.law\/nl\/olg-koeln-verurteilt-audi-ag\/\" target=\"_self\" rel=\"bookmark noopener noreferrer\">Lees meer<\/a>\n\t\t\t<\/div>\n\t\t\t\n\t\t\t\t\t\t\t\t<a class=\"uagb-post__link-complete-box\" href=\"https:\/\/ru.law\/nl\/olg-koeln-verurteilt-audi-ag\/\" target=\"_self\" rel=\"bookmark noopener noreferrer\"><\/a>\n\t\t\t\t\t\t\t<\/article>\n\t\t\t\t\t\t\t\t\t\t\t<\/div>\n\t\t\t\n\n\n<p><\/p>\n<\/div><\/div>\n<\/div><\/section>","protected":false},"excerpt":{"rendered":"<p>BGH entscheidet \u00fcber deliktische Zinsen, Nutzungsentsch\u00e4digung und Verj\u00e4hrung. Die Aufarbeitung des Diesel-Abgasskandals legt einen weiteren Gang zu. Nach ihrem verbraucherfreundlichen Grundsatzurteil im Mai befasst sich [&hellip;]<\/p>\n","protected":false},"author":21,"featured_media":7552,"comment_status":"closed","ping_status":"open","sticky":false,"template":"","format":"standard","meta":{"_uag_custom_page_level_css":"","site-sidebar-layout":"default","site-content-layout":"default","ast-site-content-layout":"default","site-content-style":"default","site-sidebar-style":"default","ast-global-header-display":"","ast-banner-title-visibility":"","ast-main-header-display":"","ast-hfb-above-header-display":"","ast-hfb-below-header-display":"","ast-hfb-mobile-header-display":"","site-post-title":"","ast-breadcrumbs-content":"","ast-featured-img":"","footer-sml-layout":"","ast-disable-related-posts":"","theme-transparent-header-meta":"default","adv-header-id-meta":"","stick-header-meta":"","header-above-stick-meta":"","header-main-stick-meta":"","header-below-stick-meta":"","astra-migrate-meta-layouts":"default","ast-page-background-enabled":"default","ast-page-background-meta":{"desktop":{"background-color":"","background-image":"","background-repeat":"repeat","background-position":"center center","background-size":"auto","background-attachment":"scroll","background-type":"","background-media":"","overlay-type":"","overlay-color":"","overlay-opacity":"","overlay-gradient":""},"tablet":{"background-color":"","background-image":"","background-repeat":"repeat","background-position":"center center","background-size":"auto","background-attachment":"scroll","background-type":"","background-media":"","overlay-type":"","overlay-color":"","overlay-opacity":"","overlay-gradient":""},"mobile":{"background-color":"","background-image":"","background-repeat":"repeat","background-position":"center center","background-size":"auto","background-attachment":"scroll","background-type":"","background-media":"","overlay-type":"","overlay-color":"","overlay-opacity":"","overlay-gradient":""}},"ast-content-background-meta":{"desktop":{"background-color":"var(--ast-global-color-5)","background-image":"","background-repeat":"repeat","background-position":"center center","background-size":"auto","background-attachment":"scroll","background-type":"","background-media":"","overlay-type":"","overlay-color":"","overlay-opacity":"","overlay-gradient":""},"tablet":{"background-color":"var(--ast-global-color-5)","background-image":"","background-repeat":"repeat","background-position":"center center","background-size":"auto","background-attachment":"scroll","background-type":"","background-media":"","overlay-type":"","overlay-color":"","overlay-opacity":"","overlay-gradient":""},"mobile":{"background-color":"var(--ast-global-color-5)","background-image":"","background-repeat":"repeat","background-position":"center center","background-size":"auto","background-attachment":"scroll","background-type":"","background-media":"","overlay-type":"","overlay-color":"","overlay-opacity":"","overlay-gradient":""}},"footnotes":""},"categories":[2],"tags":[14,28],"class_list":["post-2307","post","type-post","status-publish","format-standard","has-post-thumbnail","hentry","category-abgasskandal","tag-bgh","tag-nutzungsentschaedigung"],"yoast_head":"<!-- This site is optimized with the Yoast SEO Premium plugin v27.4 (Yoast SEO v27.4) - https:\/\/yoast.com\/product\/yoast-seo-premium-wordpress\/ -->\n<title>BGH verhandelt vier neue Verfahren im Diesel-Abgasskandal - R&amp;U<\/title>\n<meta name=\"description\" content=\"Vier weitere Verfahren im Diesel-Abgasskandal: BGH entscheidet \u00fcber deliktische Zinsen, Nutzungsentsch\u00e4digung und Verj\u00e4hrung.\" \/>\n<meta name=\"robots\" content=\"index, follow, max-snippet:-1, max-image-preview:large, max-video-preview:-1\" \/>\n<link rel=\"canonical\" href=\"https:\/\/ru.law\/nl\/bundesgerichtshof-verhandelt-weitere-verfahren-im-diesel-abgasskandal\/\" \/>\n<meta property=\"og:locale\" content=\"nl_NL\" \/>\n<meta property=\"og:type\" content=\"article\" \/>\n<meta property=\"og:title\" content=\"Bundesgerichtshof verhandelt vier weitere Verfahren im Diesel-Abgasskandal\" \/>\n<meta property=\"og:description\" content=\"Vier weitere Verfahren im Diesel-Abgasskandal: BGH entscheidet \u00fcber deliktische Zinsen, Nutzungsentsch\u00e4digung und Verj\u00e4hrung.\" \/>\n<meta property=\"og:url\" content=\"https:\/\/ru.law\/nl\/bundesgerichtshof-verhandelt-weitere-verfahren-im-diesel-abgasskandal\/\" \/>\n<meta property=\"og:site_name\" content=\"R&amp;U\" \/>\n<meta property=\"article:publisher\" content=\"https:\/\/www.facebook.com\/RogertUlbrich\/\" \/>\n<meta property=\"article:published_time\" content=\"2020-07-06T08:35:59+00:00\" \/>\n<meta property=\"article:modified_time\" content=\"2024-07-08T11:13:04+00:00\" \/>\n<meta property=\"og:image\" content=\"https:\/\/ru.law\/wp-content\/uploads\/2020\/07\/abgasskandal-vw-diesel-fahrzeug-3.jpg\" \/>\n\t<meta property=\"og:image:width\" content=\"1200\" \/>\n\t<meta property=\"og:image:height\" content=\"675\" \/>\n\t<meta property=\"og:image:type\" content=\"image\/jpeg\" \/>\n<meta name=\"author\" content=\"Marco Rogert\" \/>\n<meta name=\"twitter:card\" content=\"summary_large_image\" \/>\n<meta name=\"twitter:creator\" content=\"@RogertUlbrich\" \/>\n<meta name=\"twitter:site\" content=\"@RogertUlbrich\" \/>\n<script type=\"application\/ld+json\" class=\"yoast-schema-graph\">{\"@context\":\"https:\\\/\\\/schema.org\",\"@graph\":[{\"@type\":\"Article\",\"@id\":\"https:\\\/\\\/ru.law\\\/bundesgerichtshof-verhandelt-weitere-verfahren-im-diesel-abgasskandal\\\/#article\",\"isPartOf\":{\"@id\":\"https:\\\/\\\/ru.law\\\/bundesgerichtshof-verhandelt-weitere-verfahren-im-diesel-abgasskandal\\\/\"},\"author\":{\"name\":\"Marco Rogert\",\"@id\":\"https:\\\/\\\/ru.law\\\/#\\\/schema\\\/person\\\/b020d506e6bbc471b4565d3a98173b87\"},\"headline\":\"Bundesgerichtshof verhandelt vier weitere Verfahren im Diesel-Abgasskandal\",\"datePublished\":\"2020-07-06T08:35:59+00:00\",\"dateModified\":\"2024-07-08T11:13:04+00:00\",\"mainEntityOfPage\":{\"@id\":\"https:\\\/\\\/ru.law\\\/bundesgerichtshof-verhandelt-weitere-verfahren-im-diesel-abgasskandal\\\/\"},\"wordCount\":963,\"publisher\":{\"@id\":\"https:\\\/\\\/ru.law\\\/#organization\"},\"image\":{\"@id\":\"https:\\\/\\\/ru.law\\\/bundesgerichtshof-verhandelt-weitere-verfahren-im-diesel-abgasskandal\\\/#primaryimage\"},\"thumbnailUrl\":\"https:\\\/\\\/ru.law\\\/wp-content\\\/uploads\\\/2020\\\/07\\\/abgasskandal-vw-diesel-fahrzeug-3.jpg\",\"keywords\":[\"BGH\",\"Nutzungsentsch\u00e4digung\"],\"articleSection\":[\"Abgasskandal\"],\"inLanguage\":\"nl-NL\"},{\"@type\":\"WebPage\",\"@id\":\"https:\\\/\\\/ru.law\\\/bundesgerichtshof-verhandelt-weitere-verfahren-im-diesel-abgasskandal\\\/\",\"url\":\"https:\\\/\\\/ru.law\\\/bundesgerichtshof-verhandelt-weitere-verfahren-im-diesel-abgasskandal\\\/\",\"name\":\"BGH verhandelt vier neue Verfahren im Diesel-Abgasskandal - R&amp;U\",\"isPartOf\":{\"@id\":\"https:\\\/\\\/ru.law\\\/#website\"},\"primaryImageOfPage\":{\"@id\":\"https:\\\/\\\/ru.law\\\/bundesgerichtshof-verhandelt-weitere-verfahren-im-diesel-abgasskandal\\\/#primaryimage\"},\"image\":{\"@id\":\"https:\\\/\\\/ru.law\\\/bundesgerichtshof-verhandelt-weitere-verfahren-im-diesel-abgasskandal\\\/#primaryimage\"},\"thumbnailUrl\":\"https:\\\/\\\/ru.law\\\/wp-content\\\/uploads\\\/2020\\\/07\\\/abgasskandal-vw-diesel-fahrzeug-3.jpg\",\"datePublished\":\"2020-07-06T08:35:59+00:00\",\"dateModified\":\"2024-07-08T11:13:04+00:00\",\"description\":\"Vier weitere Verfahren im Diesel-Abgasskandal: BGH entscheidet \u00fcber deliktische Zinsen, Nutzungsentsch\u00e4digung und Verj\u00e4hrung.\",\"breadcrumb\":{\"@id\":\"https:\\\/\\\/ru.law\\\/bundesgerichtshof-verhandelt-weitere-verfahren-im-diesel-abgasskandal\\\/#breadcrumb\"},\"inLanguage\":\"nl-NL\",\"potentialAction\":[{\"@type\":\"ReadAction\",\"target\":[\"https:\\\/\\\/ru.law\\\/bundesgerichtshof-verhandelt-weitere-verfahren-im-diesel-abgasskandal\\\/\"]}]},{\"@type\":\"ImageObject\",\"inLanguage\":\"nl-NL\",\"@id\":\"https:\\\/\\\/ru.law\\\/bundesgerichtshof-verhandelt-weitere-verfahren-im-diesel-abgasskandal\\\/#primaryimage\",\"url\":\"https:\\\/\\\/ru.law\\\/wp-content\\\/uploads\\\/2020\\\/07\\\/abgasskandal-vw-diesel-fahrzeug-3.jpg\",\"contentUrl\":\"https:\\\/\\\/ru.law\\\/wp-content\\\/uploads\\\/2020\\\/07\\\/abgasskandal-vw-diesel-fahrzeug-3.jpg\",\"width\":1200,\"height\":675,\"caption\":\"Abgasskandal VW Diesel-Fahrzeug\"},{\"@type\":\"BreadcrumbList\",\"@id\":\"https:\\\/\\\/ru.law\\\/bundesgerichtshof-verhandelt-weitere-verfahren-im-diesel-abgasskandal\\\/#breadcrumb\",\"itemListElement\":[{\"@type\":\"ListItem\",\"position\":1,\"name\":\"Startseite\",\"item\":\"https:\\\/\\\/ru.law\\\/\"},{\"@type\":\"ListItem\",\"position\":2,\"name\":\"Bundesgerichtshof verhandelt vier weitere Verfahren im Diesel-Abgasskandal\"}]},{\"@type\":\"WebSite\",\"@id\":\"https:\\\/\\\/ru.law\\\/#website\",\"url\":\"https:\\\/\\\/ru.law\\\/\",\"name\":\"R&U\",\"description\":\"Verbraucheranw\u00e4lte\",\"publisher\":{\"@id\":\"https:\\\/\\\/ru.law\\\/#organization\"},\"alternateName\":\"Rogert & Ulbrich\",\"potentialAction\":[{\"@type\":\"SearchAction\",\"target\":{\"@type\":\"EntryPoint\",\"urlTemplate\":\"https:\\\/\\\/ru.law\\\/?s={search_term_string}\"},\"query-input\":{\"@type\":\"PropertyValueSpecification\",\"valueRequired\":true,\"valueName\":\"search_term_string\"}}],\"inLanguage\":\"nl-NL\"},{\"@type\":\"Organization\",\"@id\":\"https:\\\/\\\/ru.law\\\/#organization\",\"name\":\"Kanzlei Rogert & Ulbrich\",\"url\":\"https:\\\/\\\/ru.law\\\/\",\"logo\":{\"@type\":\"ImageObject\",\"inLanguage\":\"nl-NL\",\"@id\":\"https:\\\/\\\/ru.law\\\/#\\\/schema\\\/logo\\\/image\\\/\",\"url\":\"https:\\\/\\\/ru.law\\\/wp-content\\\/uploads\\\/2020\\\/12\\\/logo-ru-law.svg\",\"contentUrl\":\"https:\\\/\\\/ru.law\\\/wp-content\\\/uploads\\\/2020\\\/12\\\/logo-ru-law.svg\",\"width\":992,\"height\":259,\"caption\":\"Kanzlei Rogert & Ulbrich\"},\"image\":{\"@id\":\"https:\\\/\\\/ru.law\\\/#\\\/schema\\\/logo\\\/image\\\/\"},\"sameAs\":[\"https:\\\/\\\/www.facebook.com\\\/RogertUlbrich\\\/\",\"https:\\\/\\\/x.com\\\/RogertUlbrich\",\"https:\\\/\\\/www.instagram.com\\\/rogertulbrich\\\/\",\"https:\\\/\\\/www.linkedin.com\\\/company\\\/rogert-ulbrich\\\/\",\"https:\\\/\\\/www.youtube.com\\\/channel\\\/UCganCgpvwpPFqMFf1vVmG2A\"]},{\"@type\":\"Person\",\"@id\":\"https:\\\/\\\/ru.law\\\/#\\\/schema\\\/person\\\/b020d506e6bbc471b4565d3a98173b87\",\"name\":\"Marco Rogert\",\"url\":\"https:\\\/\\\/ru.law\\\/nl\\\/author\\\/rogertru-law\\\/\"}]}<\/script>\n<!-- \/ Yoast SEO Premium plugin. -->","yoast_head_json":{"title":"BGH verhandelt vier neue Verfahren im Diesel-Abgasskandal - R&amp;U","description":"Vier weitere Verfahren im Diesel-Abgasskandal: BGH entscheidet \u00fcber deliktische Zinsen, Nutzungsentsch\u00e4digung und Verj\u00e4hrung.","robots":{"index":"index","follow":"follow","max-snippet":"max-snippet:-1","max-image-preview":"max-image-preview:large","max-video-preview":"max-video-preview:-1"},"canonical":"https:\/\/ru.law\/nl\/bundesgerichtshof-verhandelt-weitere-verfahren-im-diesel-abgasskandal\/","og_locale":"nl_NL","og_type":"article","og_title":"Bundesgerichtshof verhandelt vier weitere Verfahren im Diesel-Abgasskandal","og_description":"Vier weitere Verfahren im Diesel-Abgasskandal: BGH entscheidet \u00fcber deliktische Zinsen, Nutzungsentsch\u00e4digung und Verj\u00e4hrung.","og_url":"https:\/\/ru.law\/nl\/bundesgerichtshof-verhandelt-weitere-verfahren-im-diesel-abgasskandal\/","og_site_name":"R&amp;U","article_publisher":"https:\/\/www.facebook.com\/RogertUlbrich\/","article_published_time":"2020-07-06T08:35:59+00:00","article_modified_time":"2024-07-08T11:13:04+00:00","og_image":[{"width":1200,"height":675,"url":"https:\/\/ru.law\/wp-content\/uploads\/2020\/07\/abgasskandal-vw-diesel-fahrzeug-3.jpg","type":"image\/jpeg"}],"author":"Marco Rogert","twitter_card":"summary_large_image","twitter_creator":"@RogertUlbrich","twitter_site":"@RogertUlbrich","schema":{"@context":"https:\/\/schema.org","@graph":[{"@type":"Article","@id":"https:\/\/ru.law\/bundesgerichtshof-verhandelt-weitere-verfahren-im-diesel-abgasskandal\/#article","isPartOf":{"@id":"https:\/\/ru.law\/bundesgerichtshof-verhandelt-weitere-verfahren-im-diesel-abgasskandal\/"},"author":{"name":"Marco Rogert","@id":"https:\/\/ru.law\/#\/schema\/person\/b020d506e6bbc471b4565d3a98173b87"},"headline":"Bundesgerichtshof verhandelt vier weitere Verfahren im Diesel-Abgasskandal","datePublished":"2020-07-06T08:35:59+00:00","dateModified":"2024-07-08T11:13:04+00:00","mainEntityOfPage":{"@id":"https:\/\/ru.law\/bundesgerichtshof-verhandelt-weitere-verfahren-im-diesel-abgasskandal\/"},"wordCount":963,"publisher":{"@id":"https:\/\/ru.law\/#organization"},"image":{"@id":"https:\/\/ru.law\/bundesgerichtshof-verhandelt-weitere-verfahren-im-diesel-abgasskandal\/#primaryimage"},"thumbnailUrl":"https:\/\/ru.law\/wp-content\/uploads\/2020\/07\/abgasskandal-vw-diesel-fahrzeug-3.jpg","keywords":["BGH","Nutzungsentsch\u00e4digung"],"articleSection":["Abgasskandal"],"inLanguage":"nl-NL"},{"@type":"WebPage","@id":"https:\/\/ru.law\/bundesgerichtshof-verhandelt-weitere-verfahren-im-diesel-abgasskandal\/","url":"https:\/\/ru.law\/bundesgerichtshof-verhandelt-weitere-verfahren-im-diesel-abgasskandal\/","name":"BGH verhandelt vier neue Verfahren im Diesel-Abgasskandal - R&amp;U","isPartOf":{"@id":"https:\/\/ru.law\/#website"},"primaryImageOfPage":{"@id":"https:\/\/ru.law\/bundesgerichtshof-verhandelt-weitere-verfahren-im-diesel-abgasskandal\/#primaryimage"},"image":{"@id":"https:\/\/ru.law\/bundesgerichtshof-verhandelt-weitere-verfahren-im-diesel-abgasskandal\/#primaryimage"},"thumbnailUrl":"https:\/\/ru.law\/wp-content\/uploads\/2020\/07\/abgasskandal-vw-diesel-fahrzeug-3.jpg","datePublished":"2020-07-06T08:35:59+00:00","dateModified":"2024-07-08T11:13:04+00:00","description":"Vier weitere Verfahren im Diesel-Abgasskandal: BGH entscheidet \u00fcber deliktische Zinsen, Nutzungsentsch\u00e4digung und Verj\u00e4hrung.","breadcrumb":{"@id":"https:\/\/ru.law\/bundesgerichtshof-verhandelt-weitere-verfahren-im-diesel-abgasskandal\/#breadcrumb"},"inLanguage":"nl-NL","potentialAction":[{"@type":"ReadAction","target":["https:\/\/ru.law\/bundesgerichtshof-verhandelt-weitere-verfahren-im-diesel-abgasskandal\/"]}]},{"@type":"ImageObject","inLanguage":"nl-NL","@id":"https:\/\/ru.law\/bundesgerichtshof-verhandelt-weitere-verfahren-im-diesel-abgasskandal\/#primaryimage","url":"https:\/\/ru.law\/wp-content\/uploads\/2020\/07\/abgasskandal-vw-diesel-fahrzeug-3.jpg","contentUrl":"https:\/\/ru.law\/wp-content\/uploads\/2020\/07\/abgasskandal-vw-diesel-fahrzeug-3.jpg","width":1200,"height":675,"caption":"Abgasskandal VW Diesel-Fahrzeug"},{"@type":"BreadcrumbList","@id":"https:\/\/ru.law\/bundesgerichtshof-verhandelt-weitere-verfahren-im-diesel-abgasskandal\/#breadcrumb","itemListElement":[{"@type":"ListItem","position":1,"name":"Startseite","item":"https:\/\/ru.law\/"},{"@type":"ListItem","position":2,"name":"Bundesgerichtshof verhandelt vier weitere Verfahren im Diesel-Abgasskandal"}]},{"@type":"WebSite","@id":"https:\/\/ru.law\/#website","url":"https:\/\/ru.law\/","name":"R&amp;U","description":"Consumentenadvocaten","publisher":{"@id":"https:\/\/ru.law\/#organization"},"alternateName":"Rogert & Ulbrich","potentialAction":[{"@type":"SearchAction","target":{"@type":"EntryPoint","urlTemplate":"https:\/\/ru.law\/?s={search_term_string}"},"query-input":{"@type":"PropertyValueSpecification","valueRequired":true,"valueName":"search_term_string"}}],"inLanguage":"nl-NL"},{"@type":"Organization","@id":"https:\/\/ru.law\/#organization","name":"Advocatenkantoor Rogert &amp; Ulbrich","url":"https:\/\/ru.law\/","logo":{"@type":"ImageObject","inLanguage":"nl-NL","@id":"https:\/\/ru.law\/#\/schema\/logo\/image\/","url":"https:\/\/ru.law\/wp-content\/uploads\/2020\/12\/logo-ru-law.svg","contentUrl":"https:\/\/ru.law\/wp-content\/uploads\/2020\/12\/logo-ru-law.svg","width":992,"height":259,"caption":"Kanzlei Rogert & Ulbrich"},"image":{"@id":"https:\/\/ru.law\/#\/schema\/logo\/image\/"},"sameAs":["https:\/\/www.facebook.com\/RogertUlbrich\/","https:\/\/x.com\/RogertUlbrich","https:\/\/www.instagram.com\/rogertulbrich\/","https:\/\/www.linkedin.com\/company\/rogert-ulbrich\/","https:\/\/www.youtube.com\/channel\/UCganCgpvwpPFqMFf1vVmG2A"]},{"@type":"Person","@id":"https:\/\/ru.law\/#\/schema\/person\/b020d506e6bbc471b4565d3a98173b87","name":"Marco Rogert","url":"https:\/\/ru.law\/nl\/author\/rogertru-law\/"}]}},"uagb_featured_image_src":{"full":["https:\/\/ru.law\/wp-content\/uploads\/2020\/07\/abgasskandal-vw-diesel-fahrzeug-3.jpg",1200,675,false],"thumbnail":["https:\/\/ru.law\/wp-content\/uploads\/2020\/07\/abgasskandal-vw-diesel-fahrzeug-3-150x150.jpg",96,96,true],"medium":["https:\/\/ru.law\/wp-content\/uploads\/2020\/07\/abgasskandal-vw-diesel-fahrzeug-3-300x169.jpg",300,169,true],"medium_large":["https:\/\/ru.law\/wp-content\/uploads\/2020\/07\/abgasskandal-vw-diesel-fahrzeug-3-768x432.jpg",768,432,true],"large":["https:\/\/ru.law\/wp-content\/uploads\/2020\/07\/abgasskandal-vw-diesel-fahrzeug-3-1024x576.jpg",1024,576,true],"1536x1536":["https:\/\/ru.law\/wp-content\/uploads\/2020\/07\/abgasskandal-vw-diesel-fahrzeug-3.jpg",1200,675,false],"2048x2048":["https:\/\/ru.law\/wp-content\/uploads\/2020\/07\/abgasskandal-vw-diesel-fahrzeug-3.jpg",1200,675,false],"trp-custom-language-flag":["https:\/\/ru.law\/wp-content\/uploads\/2020\/07\/abgasskandal-vw-diesel-fahrzeug-3.jpg",18,10,false]},"uagb_author_info":{"display_name":"Marco Rogert","author_link":"https:\/\/ru.law\/nl\/author\/rogertru-law\/"},"uagb_comment_info":0,"uagb_excerpt":"BGH entscheidet \u00fcber deliktische Zinsen, Nutzungsentsch\u00e4digung und Verj\u00e4hrung. Die Aufarbeitung des Diesel-Abgasskandals legt einen weiteren Gang zu. Nach ihrem verbraucherfreundlichen Grundsatzurteil im Mai befasst sich [&hellip;]","_links":{"self":[{"href":"https:\/\/ru.law\/nl\/wp-json\/wp\/v2\/posts\/2307","targetHints":{"allow":["GET"]}}],"collection":[{"href":"https:\/\/ru.law\/nl\/wp-json\/wp\/v2\/posts"}],"about":[{"href":"https:\/\/ru.law\/nl\/wp-json\/wp\/v2\/types\/post"}],"author":[{"embeddable":true,"href":"https:\/\/ru.law\/nl\/wp-json\/wp\/v2\/users\/21"}],"replies":[{"embeddable":true,"href":"https:\/\/ru.law\/nl\/wp-json\/wp\/v2\/comments?post=2307"}],"version-history":[{"count":0,"href":"https:\/\/ru.law\/nl\/wp-json\/wp\/v2\/posts\/2307\/revisions"}],"wp:featuredmedia":[{"embeddable":true,"href":"https:\/\/ru.law\/nl\/wp-json\/wp\/v2\/media\/7552"}],"wp:attachment":[{"href":"https:\/\/ru.law\/nl\/wp-json\/wp\/v2\/media?parent=2307"}],"wp:term":[{"taxonomy":"category","embeddable":true,"href":"https:\/\/ru.law\/nl\/wp-json\/wp\/v2\/categories?post=2307"},{"taxonomy":"post_tag","embeddable":true,"href":"https:\/\/ru.law\/nl\/wp-json\/wp\/v2\/tags?post=2307"}],"curies":[{"name":"wp","href":"https:\/\/api.w.org\/{rel}","templated":true}]}}