{"id":2304,"date":"2020-07-21T10:32:24","date_gmt":"2020-07-21T08:32:24","guid":{"rendered":"https:\/\/www.rogertulbrich.de\/wp\/?p=2304"},"modified":"2024-07-08T13:13:01","modified_gmt":"2024-07-08T11:13:01","slug":"urteil-des-landgerichts-frankfurt-zum-vw-abgasskandal","status":"publish","type":"post","link":"https:\/\/ru.law\/nl\/urteil-des-landgerichts-frankfurt-zum-vw-abgasskandal\/","title":{"rendered":"Claims van gewonde autokopers zijn nog niet verstreken"},"content":{"rendered":"<h2 class=\"wp-block-heading\" id=\"h-aktuelles-urteil-des-landgerichts-frankfurt-am-main-zum-vw-abgasskandal\">Actuele uitspraak van het Landgericht Frankfurt am Main over het emissieschandaal bij VW.<\/h2>\n\n\n<p>In de <a href=\"https:\/\/ru.law\/nl\/expertise\/abgasskandal\/\">emissieschandaal<\/a> Kopers van dieselvoertuigen die schade hebben geleden en hun voertuig na 2015 hebben gekocht, kunnen hun claims nog steeds indienen, omdat hun schadeclaims niet zijn verjaard. Steeds meer rechtbanken nemen deze juridische visie over, het meest recentelijk de regionale rechtbank van Frankfurt am Main. De 21e Kamer van Beroep kende onze cli\u00ebnt een schadevergoeding toe, ondanks het feit dat hij zijn VW diesel pas in 2016 had gekocht.<\/p>\n<p>Zelfs als <a href=\"https:\/\/ru.law\/nl\/expertise\/abgasskandal\/vw-diesel\/\">Volkswagen<\/a> wordt nooit moe te beweren dat kopers van VW-diesels met de EA 189-motor <a href=\"https:\/\/ru.law\/nl\/zykluserkennung-thermofenster-co\/\">apparaten uitschakelen<\/a> Hoewel er geen schade is ontstaan aan het motormanagementsysteem, eindigt de procedure in het emissieschandaal er meestal mee dat de autofabrikant de voertuigen moet terugnemen en schadevergoeding moet betalen voor opzettelijk veroorzaakte immorele schade. Dit was ook het geval bij de Arrondissementsrechtbank Frankfurt am Main (10 juli 2020, zaaknr. 2-21 O 2\/19). De rechtbank beoordeelde de testbankherkenning (\u2018switching logic\u2019) als een bijzonder laakbare misleiding van de consument en kende de koper van een VW Golf met Euro 5-emissienorm een schadevergoeding toe conform \u00a7 826 van het Duitse Burgerlijk Wetboek (BGB). Bij vonnis van 10 juli 2020 werd aan onze cli\u00ebnt een vordering tot betaling toegewezen van circa 12.500 euro, vermeerderd met onrechtmatige rente, onder aftrek van een vergoeding voor de afgelegde kilometers.<\/p>\n\n\n<h3 class=\"wp-block-heading\" id=\"h-die-verjahrungsfrist-hat-noch-nicht-begonnen\">De verjaringstermijn is nog niet ingegaan<\/h3>\n\n\n<p>Wat deze zaak bijzonder interessant maakt, is dat de eiser het voertuig pas in 2016 had gekocht, nadat de eerste informatie over emissiemanipulatie bij VW-dieselmotoren bekend was geworden. Snel geclaimd <a href=\"https:\/\/ru.law\/nl\/expertise\/abgasskandal\/vw-diesel\/\">Volkswagen<\/a>dat de vorderingen verjaard zijn. De koper van de Golf had al sinds 2015 op de hoogte kunnen zijn van de \u2018switching-logica\u2019, vanwege een <a href=\"https:\/\/ru.law\/nl\/abgasskandal-prozessbetrug-bgh-urteil-zur-vw-ad-hoc-mitteilung\/\">ad hoc aankondiging<\/a> van de Groep en de daaropvolgende berichtgeving in de media. Dit zou betekenen dat de verjaringstermijn van drie jaar eind 2018 zou zijn verstreken.<\/p>\n<p>De burgerlijke kamer van Frankfurt volgde dit standpunt niet. Hij gaf echter vooral aan dat de standaardverjaringstermijn van drie jaar conform artikel 195 BW juncto artikel 199 lid 1 BW op het moment dat de rechtsvordering in 2019 werd ingesteld, nog niet was ingegaan.<\/p>\n\n\n\n\n<h3 class=\"wp-block-heading\" id=\"h-informationen-von-volkswagen-und-medienberichte-begrunden-keine-positive-kenntnis\">Informatie van Volkswagen en mediaberichten vormen geen \u2018positieve kennis\u2019<\/h3>\n\n\n<p>Voorwaarde voor het ontstaan van de verjaringstermijn is volgens de rechtbank de positieve kennis van de omstandigheden die aanleiding geven tot de vordering tot schadevergoeding. Die kennis had eiseres niet. De diverse mediaberichten, waarin onder meer de zesde generatie Golf als betrokken voertuigmodel werd genoemd, en de begin oktober 2015 in diverse gedrukte en online media gepubliceerde informatie over een website waarop de betrokken voertuigen worden vermeld, doen hieraan geen afbreuk. De koper van de VW Golf hoefde geen rekening te houden met ad-hocberichten die niet aan hem gericht waren. Het was ook niet zijn plicht om actief deel te nemen aan <a href=\"https:\/\/ru.law\/nl\/expertise\/abgasskandal\/vw-diesel\/\">Volkswagen<\/a> Klantenservice om te informeren of zijn voertuig is uitgerust met manipulatiesoftware. In dit opzicht is er geen sprake van grove nalatigheid.<\/p>\n\n\n<div class=\"wp-block-columns header__gradient_blog ghostkit-custom-xNr4Y is-layout-flex wp-container-core-columns-is-layout-28f84493 wp-block-columns-is-layout-flex\">\n<div class=\"wp-block-column is-vertically-aligned-top is-layout-flow wp-block-column-is-layout-flow\" style=\"flex-basis:20%\">\n<figure class=\"wp-block-image size-large zitat\"><img decoding=\"async\" src=\"https:\/\/www.rogertulbrich.de\/wp\/wp-content\/uploads\/2020\/07\/marco_rogert_handy-2.jpg\" alt=\"\" class=\"wp-image-749\" \/><\/figure>\n<\/div>\n\n\n\n<div class=\"wp-block-column is-vertically-aligned-center ghostkit-custom-1SOwj2 is-layout-flow wp-block-column-is-layout-flow\" style=\"flex-basis:80%\">\n<p>\u201cWij zijn blij met deze uitspraak! Wij hebben een goede schadevergoeding voor onze cli\u00ebnt kunnen krijgen en de rechtbank heeft duidelijk gemaakt dat de vage uitspraken van Volkswagen toen het emissieschandaal bekend werd, volstrekt ontoereikend waren. Kopers van dieselvoertuigen konden niet weten of de voertuigen die zij kochten, waren uitgerust met frauduleuze software. De verjaringstermijn voor hun schadeclaims kan dus in geen geval in 2015 zijn ingegaan. Als het gaat om de kwestie van \u2018kopen met kennis\u2019, nemen steeds meer rechtbanken beslissingen die duidelijk in het belang van de consument zijn: naast de regionale rechtbank van Frankfurt am Main bijvoorbeeld, nemen ook de hogere regionale rechtbanken in Keulen, Oldenburg en Hamm beslissingen. Deze belangrijke kwestie is ook nog in behandeling bij het Federale Hof van Justitie. Wij gaan ervan uit dat de Senaat tijdens de procedure op 28 juli 2020 duidelijkheid zal verschaffen aan duizenden gedupeerde bestuurders.&quot;<\/p>\n\n\n\n<p class=\"has-text-align-left\">Partner Dr. Marco Rogert <\/p>\n<\/div>\n<\/div>\n\n\n\n<section class=\"wp-block-uagb-columns uagb-columns__wrap uagb-columns__background-undefined uagb-columns__stack-mobile uagb-columns__valign-undefined uagb-columns__gap-10 alignundefined uagb-block-a63b8d4d contrast blog_beitraege\"><div class=\"uagb-columns__overlay\"><\/div><div class=\"uagb-columns__inner-wrap uagb-columns__columns-1\">\n<div class=\"wp-block-uagb-column uagb-column__wrap uagb-column__background-undefined uagb-block-6e00ddba\"><div class=\"uagb-column__overlay\"><\/div><div class=\"uagb-column__inner-wrap\">\n<h3 class=\"wp-block-heading\" id=\"das-konnte-sie-auch-interessieren\">Misschien bent u ook ge\u00efnteresseerd in:<\/h3>\n\n\n\n\t\t\t<div class=\"wp-block-uagb-post-grid uagb-post-grid  uagb-post__image-position-top uagb-post__image-enabled uagb-block-ff875f2e     uagb-post__items uagb-post__columns-3 is-grid uagb-post__columns-tablet-2 uagb-post__columns-mobile-1 uagb-post__equal-height\" data-total=\"3\" style=\"\">\n\n\t\t\t\t\t\t\t\t\t\t\t\t<article class=\"uagb-post__inner-wrap\">\t\t\t\t\t\t\t\t<div class='uagb-post__image'>\n\t\t\t\t\t\t\t\t\t<a href=\"https:\/\/ru.law\/nl\/diesel-ueberholt-benzinpreis-jetzt-erst-recht\/\" target=\"_self\" rel=\"bookmark noopener noreferrer\" class='uagb-image-ratio-inherit'><img loading=\"lazy\" decoding=\"async\" width=\"1024\" height=\"576\" src=\"https:\/\/ru.law\/wp-content\/uploads\/2022\/03\/2021-News-Header-1200x675-2972-1024x576.jpg\" class=\"attachment-large size-large\" alt=\"Rogert-Ulbrich-Rechtsanwaelte-Kanzlei-Diesel-Benzin-Preise\" srcset=\"https:\/\/ru.law\/wp-content\/uploads\/2022\/03\/2021-News-Header-1200x675-2972-1024x576.jpg 1024w, https:\/\/ru.law\/wp-content\/uploads\/2022\/03\/2021-News-Header-1200x675-2972-300x169.jpg 300w, https:\/\/ru.law\/wp-content\/uploads\/2022\/03\/2021-News-Header-1200x675-2972-768x432.jpg 768w, https:\/\/ru.law\/wp-content\/uploads\/2022\/03\/2021-News-Header-1200x675-2972.jpg 1200w\" sizes=\"auto, (max-width: 1024px) 100vw, 1024px\" \/>\t\t\t\t\t<\/a>\n\t\t\t\t\t\t\t<\/div>\n\t\t\t\t\t\t<h4 class=\"uagb-post__title uagb-post__text\">\n\t\t\t\t<a href=\"https:\/\/ru.law\/nl\/diesel-ueberholt-benzinpreis-jetzt-erst-recht\/\" target=\"_self\" rel=\"bookmark noopener noreferrer\">Recordprijzen voor diesel - Nu is het moment om uw auto terug te draaien<\/a>\n\t\t\t<\/h4>\n\t\t\t\t\t\t<div class='uagb-post__text uagb-post-grid-byline'>\n\t\t\t\t\t\t\t<\/div>\n\t\t\t\t\t\t\t<div class='uagb-post__text uagb-post__excerpt'>\n\t\t\t\t\t<p>Diesel staat in Duitsland op recordhoogte en ook benzine nadert een\u2026\t\t\t\t<\/div>\n\t\t\t\t\t\t<div class=\"uagb-post__text uagb-post__cta wp-block-button\">\n\t\t\t\t<a class=\"wp-block-button__link uagb-text-link\" style=\"\" href=\"https:\/\/ru.law\/nl\/diesel-ueberholt-benzinpreis-jetzt-erst-recht\/\" target=\"_self\" rel=\"bookmark noopener noreferrer\">Lees meer<\/a>\n\t\t\t<\/div>\n\t\t\t\n\t\t\t\t\t\t\t\t<a class=\"uagb-post__link-complete-box\" href=\"https:\/\/ru.law\/nl\/diesel-ueberholt-benzinpreis-jetzt-erst-recht\/\" target=\"_self\" rel=\"bookmark noopener noreferrer\"><\/a>\n\t\t\t\t\t\t\t<\/article>\n\t\t\t\t\t\t\t\t\t\t\t\t\t\t\t\t<article class=\"uagb-post__inner-wrap\">\t\t\t\t\t\t\t\t<div class='uagb-post__image'>\n\t\t\t\t\t\t\t\t\t<a href=\"https:\/\/ru.law\/nl\/vtdi-abgasskandal-rund-um-vw-audi-und-porsche\/\" target=\"_self\" rel=\"bookmark noopener noreferrer\" class='uagb-image-ratio-inherit'><img loading=\"lazy\" decoding=\"async\" width=\"1024\" height=\"576\" src=\"https:\/\/ru.law\/wp-content\/uploads\/2022\/01\/Rogert-Ulbrich-Rechtsanwaelte-Kanzlei-Abgasskandal-Audi-Verjaehrung-2022-1024x576.jpg\" class=\"attachment-large size-large\" alt=\"\" srcset=\"https:\/\/ru.law\/wp-content\/uploads\/2022\/01\/Rogert-Ulbrich-Rechtsanwaelte-Kanzlei-Abgasskandal-Audi-Verjaehrung-2022-1024x576.jpg 1024w, https:\/\/ru.law\/wp-content\/uploads\/2022\/01\/Rogert-Ulbrich-Rechtsanwaelte-Kanzlei-Abgasskandal-Audi-Verjaehrung-2022-300x169.jpg 300w, https:\/\/ru.law\/wp-content\/uploads\/2022\/01\/Rogert-Ulbrich-Rechtsanwaelte-Kanzlei-Abgasskandal-Audi-Verjaehrung-2022-768x432.jpg 768w, https:\/\/ru.law\/wp-content\/uploads\/2022\/01\/Rogert-Ulbrich-Rechtsanwaelte-Kanzlei-Abgasskandal-Audi-Verjaehrung-2022.jpg 1200w\" sizes=\"auto, (max-width: 1024px) 100vw, 1024px\" \/>\t\t\t\t\t<\/a>\n\t\t\t\t\t\t\t<\/div>\n\t\t\t\t\t\t<h4 class=\"uagb-post__title uagb-post__text\">\n\t\t\t\t<a href=\"https:\/\/ru.law\/nl\/vtdi-abgasskandal-rund-um-vw-audi-und-porsche\/\" target=\"_self\" rel=\"bookmark noopener noreferrer\">VTDI-emissieschandaal waarbij VW, Audi en Porsche betrokken zijn<\/a>\n\t\t\t<\/h4>\n\t\t\t\t\t\t<div class='uagb-post__text uagb-post-grid-byline'>\n\t\t\t\t\t\t\t<\/div>\n\t\t\t\t\t\t\t<div class='uagb-post__text uagb-post__excerpt'>\n\t\t\t\t\t<p>Voor veel Duitse autofabrikanten is het dieselemissieschandaal nog steeds alomtegenwoordig, ook voor de VW Groep\u2026\t\t\t\t<\/div>\n\t\t\t\t\t\t<div class=\"uagb-post__text uagb-post__cta wp-block-button\">\n\t\t\t\t<a class=\"wp-block-button__link uagb-text-link\" style=\"\" href=\"https:\/\/ru.law\/nl\/vtdi-abgasskandal-rund-um-vw-audi-und-porsche\/\" target=\"_self\" rel=\"bookmark noopener noreferrer\">Lees meer<\/a>\n\t\t\t<\/div>\n\t\t\t\n\t\t\t\t\t\t\t\t<a class=\"uagb-post__link-complete-box\" href=\"https:\/\/ru.law\/nl\/vtdi-abgasskandal-rund-um-vw-audi-und-porsche\/\" target=\"_self\" rel=\"bookmark noopener noreferrer\"><\/a>\n\t\t\t\t\t\t\t<\/article>\n\t\t\t\t\t\t\t\t\t\t\t\t\t\t\t\t<article class=\"uagb-post__inner-wrap\">\t\t\t\t\t\t\t\t<div class='uagb-post__image'>\n\t\t\t\t\t\t\t\t\t<a href=\"https:\/\/ru.law\/nl\/olg-koeln-verurteilt-audi-ag\/\" target=\"_self\" rel=\"bookmark noopener noreferrer\" class='uagb-image-ratio-inherit'><img loading=\"lazy\" decoding=\"async\" width=\"1024\" height=\"576\" src=\"https:\/\/ru.law\/wp-content\/uploads\/2021\/09\/rogert-ulbrich-rechtsanwalt-kanzlei-abgasskandal-premium-modelle-porsche-42l-1024x576.jpg\" class=\"attachment-large size-large\" alt=\"\" srcset=\"https:\/\/ru.law\/wp-content\/uploads\/2021\/09\/rogert-ulbrich-rechtsanwalt-kanzlei-abgasskandal-premium-modelle-porsche-42l-1024x576.jpg 1024w, https:\/\/ru.law\/wp-content\/uploads\/2021\/09\/rogert-ulbrich-rechtsanwalt-kanzlei-abgasskandal-premium-modelle-porsche-42l-300x169.jpg 300w, https:\/\/ru.law\/wp-content\/uploads\/2021\/09\/rogert-ulbrich-rechtsanwalt-kanzlei-abgasskandal-premium-modelle-porsche-42l-768x432.jpg 768w, https:\/\/ru.law\/wp-content\/uploads\/2021\/09\/rogert-ulbrich-rechtsanwalt-kanzlei-abgasskandal-premium-modelle-porsche-42l.jpg 1200w\" sizes=\"auto, (max-width: 1024px) 100vw, 1024px\" \/>\t\t\t\t\t<\/a>\n\t\t\t\t\t\t\t<\/div>\n\t\t\t\t\t\t<h4 class=\"uagb-post__title uagb-post__text\">\n\t\t\t\t<a href=\"https:\/\/ru.law\/nl\/olg-koeln-verurteilt-audi-ag\/\" target=\"_self\" rel=\"bookmark noopener noreferrer\">Audi AG moet Porsche Cayenne S terugnemen<\/a>\n\t\t\t<\/h4>\n\t\t\t\t\t\t<div class='uagb-post__text uagb-post-grid-byline'>\n\t\t\t\t\t\t\t<\/div>\n\t\t\t\t\t\t\t<div class='uagb-post__text uagb-post__excerpt'>\n\t\t\t\t\t<p>Audi AG kreeg van het Oberlandesgericht Keulen de opdracht een Porsche Cayenne S 4.2l terug te nemen\u2026.\t\t\t\t<\/div>\n\t\t\t\t\t\t<div class=\"uagb-post__text uagb-post__cta wp-block-button\">\n\t\t\t\t<a class=\"wp-block-button__link uagb-text-link\" style=\"\" href=\"https:\/\/ru.law\/nl\/olg-koeln-verurteilt-audi-ag\/\" target=\"_self\" rel=\"bookmark noopener noreferrer\">Lees meer<\/a>\n\t\t\t<\/div>\n\t\t\t\n\t\t\t\t\t\t\t\t<a class=\"uagb-post__link-complete-box\" href=\"https:\/\/ru.law\/nl\/olg-koeln-verurteilt-audi-ag\/\" target=\"_self\" rel=\"bookmark noopener noreferrer\"><\/a>\n\t\t\t\t\t\t\t<\/article>\n\t\t\t\t\t\t\t\t\t\t\t<\/div>\n\t\t\t\n\n\n<p><\/p>\n<\/div><\/div>\n<\/div><\/section>","protected":false},"excerpt":{"rendered":"<p>Aktuelles Urteil des Landgerichts Frankfurt am Main zum VW-Abgasskandal. Im Abgasskandal gesch\u00e4digte Dieselk\u00e4ufer, die ihre Fahrzeuge nach 2015 erworben haben, k\u00f6nnen ihre Forderungen immer noch [&hellip;]<\/p>\n","protected":false},"author":21,"featured_media":7539,"comment_status":"closed","ping_status":"open","sticky":false,"template":"","format":"standard","meta":{"_uag_custom_page_level_css":"","site-sidebar-layout":"default","site-content-layout":"default","ast-site-content-layout":"default","site-content-style":"default","site-sidebar-style":"default","ast-global-header-display":"","ast-banner-title-visibility":"","ast-main-header-display":"","ast-hfb-above-header-display":"","ast-hfb-below-header-display":"","ast-hfb-mobile-header-display":"","site-post-title":"","ast-breadcrumbs-content":"","ast-featured-img":"","footer-sml-layout":"","ast-disable-related-posts":"","theme-transparent-header-meta":"default","adv-header-id-meta":"","stick-header-meta":"","header-above-stick-meta":"","header-main-stick-meta":"","header-below-stick-meta":"","astra-migrate-meta-layouts":"default","ast-page-background-enabled":"default","ast-page-background-meta":{"desktop":{"background-color":"","background-image":"","background-repeat":"repeat","background-position":"center center","background-size":"auto","background-attachment":"scroll","background-type":"","background-media":"","overlay-type":"","overlay-color":"","overlay-opacity":"","overlay-gradient":""},"tablet":{"background-color":"","background-image":"","background-repeat":"repeat","background-position":"center center","background-size":"auto","background-attachment":"scroll","background-type":"","background-media":"","overlay-type":"","overlay-color":"","overlay-opacity":"","overlay-gradient":""},"mobile":{"background-color":"","background-image":"","background-repeat":"repeat","background-position":"center center","background-size":"auto","background-attachment":"scroll","background-type":"","background-media":"","overlay-type":"","overlay-color":"","overlay-opacity":"","overlay-gradient":""}},"ast-content-background-meta":{"desktop":{"background-color":"var(--ast-global-color-5)","background-image":"","background-repeat":"repeat","background-position":"center center","background-size":"auto","background-attachment":"scroll","background-type":"","background-media":"","overlay-type":"","overlay-color":"","overlay-opacity":"","overlay-gradient":""},"tablet":{"background-color":"var(--ast-global-color-5)","background-image":"","background-repeat":"repeat","background-position":"center center","background-size":"auto","background-attachment":"scroll","background-type":"","background-media":"","overlay-type":"","overlay-color":"","overlay-opacity":"","overlay-gradient":""},"mobile":{"background-color":"var(--ast-global-color-5)","background-image":"","background-repeat":"repeat","background-position":"center center","background-size":"auto","background-attachment":"scroll","background-type":"","background-media":"","overlay-type":"","overlay-color":"","overlay-opacity":"","overlay-gradient":""}},"footnotes":""},"categories":[2,507],"tags":[19,37,45],"class_list":["post-2304","post","type-post","status-publish","format-standard","has-post-thumbnail","hentry","category-abgasskandal","category-urteile","tag-ea189","tag-schadensersatz","tag-vw"],"yoast_head":"<!-- This site is optimized with the Yoast SEO Premium plugin v27.4 (Yoast SEO v27.4) - https:\/\/yoast.com\/product\/yoast-seo-premium-wordpress\/ -->\n<title>Ansr\u00fcche Gesch\u00e4digter Autok\u00e4ufer sind noch nicht verj\u00e4hrt - R&amp;U<\/title>\n<meta name=\"description\" content=\"Im Abgasskandal gesch\u00e4digte Dieselk\u00e4ufer, k\u00f6nnen ihre Forderungen weiterhin geltend machen. Ihre Schadensersatzanspr\u00fcche sind nicht verj\u00e4hrt.\" \/>\n<meta name=\"robots\" content=\"index, follow, max-snippet:-1, max-image-preview:large, max-video-preview:-1\" \/>\n<link rel=\"canonical\" href=\"https:\/\/ru.law\/nl\/urteil-des-landgerichts-frankfurt-zum-vw-abgasskandal\/\" \/>\n<meta property=\"og:locale\" content=\"nl_NL\" \/>\n<meta property=\"og:type\" content=\"article\" \/>\n<meta property=\"og:title\" content=\"Anspr\u00fcche Gesch\u00e4digter Autok\u00e4ufer sind noch nicht verj\u00e4hrt\" \/>\n<meta property=\"og:description\" content=\"Im Abgasskandal gesch\u00e4digte Dieselk\u00e4ufer, k\u00f6nnen ihre Forderungen weiterhin geltend machen. Ihre Schadensersatzanspr\u00fcche sind nicht verj\u00e4hrt.\" \/>\n<meta property=\"og:url\" content=\"https:\/\/ru.law\/nl\/urteil-des-landgerichts-frankfurt-zum-vw-abgasskandal\/\" \/>\n<meta property=\"og:site_name\" content=\"R&amp;U\" \/>\n<meta property=\"article:publisher\" content=\"https:\/\/www.facebook.com\/RogertUlbrich\/\" \/>\n<meta property=\"article:published_time\" content=\"2020-07-21T08:32:24+00:00\" \/>\n<meta property=\"article:modified_time\" content=\"2024-07-08T11:13:01+00:00\" \/>\n<meta property=\"og:image\" content=\"https:\/\/ru.law\/wp-content\/uploads\/2020\/07\/abgasskandal-verjaehrungsfritst-1.jpg\" \/>\n\t<meta property=\"og:image:width\" content=\"1200\" \/>\n\t<meta property=\"og:image:height\" content=\"675\" \/>\n\t<meta property=\"og:image:type\" content=\"image\/jpeg\" \/>\n<meta name=\"author\" content=\"Marco Rogert\" \/>\n<meta name=\"twitter:card\" content=\"summary_large_image\" \/>\n<meta name=\"twitter:creator\" content=\"@RogertUlbrich\" \/>\n<meta name=\"twitter:site\" content=\"@RogertUlbrich\" \/>\n<script type=\"application\/ld+json\" class=\"yoast-schema-graph\">{\"@context\":\"https:\\\/\\\/schema.org\",\"@graph\":[{\"@type\":\"Article\",\"@id\":\"https:\\\/\\\/ru.law\\\/urteil-des-landgerichts-frankfurt-zum-vw-abgasskandal\\\/#article\",\"isPartOf\":{\"@id\":\"https:\\\/\\\/ru.law\\\/urteil-des-landgerichts-frankfurt-zum-vw-abgasskandal\\\/\"},\"author\":{\"name\":\"Marco Rogert\",\"@id\":\"https:\\\/\\\/ru.law\\\/#\\\/schema\\\/person\\\/b020d506e6bbc471b4565d3a98173b87\"},\"headline\":\"Anspr\u00fcche Gesch\u00e4digter Autok\u00e4ufer sind noch nicht verj\u00e4hrt\",\"datePublished\":\"2020-07-21T08:32:24+00:00\",\"dateModified\":\"2024-07-08T11:13:01+00:00\",\"mainEntityOfPage\":{\"@id\":\"https:\\\/\\\/ru.law\\\/urteil-des-landgerichts-frankfurt-zum-vw-abgasskandal\\\/\"},\"wordCount\":585,\"publisher\":{\"@id\":\"https:\\\/\\\/ru.law\\\/#organization\"},\"image\":{\"@id\":\"https:\\\/\\\/ru.law\\\/urteil-des-landgerichts-frankfurt-zum-vw-abgasskandal\\\/#primaryimage\"},\"thumbnailUrl\":\"https:\\\/\\\/ru.law\\\/wp-content\\\/uploads\\\/2020\\\/07\\\/abgasskandal-verjaehrungsfritst-1.jpg\",\"keywords\":[\"EA189\",\"Schadensersatz\",\"VW\"],\"articleSection\":[\"Abgasskandal\",\"Urteile\"],\"inLanguage\":\"nl-NL\"},{\"@type\":\"WebPage\",\"@id\":\"https:\\\/\\\/ru.law\\\/urteil-des-landgerichts-frankfurt-zum-vw-abgasskandal\\\/\",\"url\":\"https:\\\/\\\/ru.law\\\/urteil-des-landgerichts-frankfurt-zum-vw-abgasskandal\\\/\",\"name\":\"Ansr\u00fcche Gesch\u00e4digter Autok\u00e4ufer sind noch nicht verj\u00e4hrt - R&amp;U\",\"isPartOf\":{\"@id\":\"https:\\\/\\\/ru.law\\\/#website\"},\"primaryImageOfPage\":{\"@id\":\"https:\\\/\\\/ru.law\\\/urteil-des-landgerichts-frankfurt-zum-vw-abgasskandal\\\/#primaryimage\"},\"image\":{\"@id\":\"https:\\\/\\\/ru.law\\\/urteil-des-landgerichts-frankfurt-zum-vw-abgasskandal\\\/#primaryimage\"},\"thumbnailUrl\":\"https:\\\/\\\/ru.law\\\/wp-content\\\/uploads\\\/2020\\\/07\\\/abgasskandal-verjaehrungsfritst-1.jpg\",\"datePublished\":\"2020-07-21T08:32:24+00:00\",\"dateModified\":\"2024-07-08T11:13:01+00:00\",\"description\":\"Im Abgasskandal gesch\u00e4digte Dieselk\u00e4ufer, k\u00f6nnen ihre Forderungen weiterhin geltend machen. Ihre Schadensersatzanspr\u00fcche sind nicht verj\u00e4hrt.\",\"breadcrumb\":{\"@id\":\"https:\\\/\\\/ru.law\\\/urteil-des-landgerichts-frankfurt-zum-vw-abgasskandal\\\/#breadcrumb\"},\"inLanguage\":\"nl-NL\",\"potentialAction\":[{\"@type\":\"ReadAction\",\"target\":[\"https:\\\/\\\/ru.law\\\/urteil-des-landgerichts-frankfurt-zum-vw-abgasskandal\\\/\"]}]},{\"@type\":\"ImageObject\",\"inLanguage\":\"nl-NL\",\"@id\":\"https:\\\/\\\/ru.law\\\/urteil-des-landgerichts-frankfurt-zum-vw-abgasskandal\\\/#primaryimage\",\"url\":\"https:\\\/\\\/ru.law\\\/wp-content\\\/uploads\\\/2020\\\/07\\\/abgasskandal-verjaehrungsfritst-1.jpg\",\"contentUrl\":\"https:\\\/\\\/ru.law\\\/wp-content\\\/uploads\\\/2020\\\/07\\\/abgasskandal-verjaehrungsfritst-1.jpg\",\"width\":1200,\"height\":675,\"caption\":\"Abgasskandal Verjaehrungsfritst\"},{\"@type\":\"BreadcrumbList\",\"@id\":\"https:\\\/\\\/ru.law\\\/urteil-des-landgerichts-frankfurt-zum-vw-abgasskandal\\\/#breadcrumb\",\"itemListElement\":[{\"@type\":\"ListItem\",\"position\":1,\"name\":\"Startseite\",\"item\":\"https:\\\/\\\/ru.law\\\/\"},{\"@type\":\"ListItem\",\"position\":2,\"name\":\"Anspr\u00fcche Gesch\u00e4digter Autok\u00e4ufer sind noch nicht verj\u00e4hrt\"}]},{\"@type\":\"WebSite\",\"@id\":\"https:\\\/\\\/ru.law\\\/#website\",\"url\":\"https:\\\/\\\/ru.law\\\/\",\"name\":\"R&U\",\"description\":\"Verbraucheranw\u00e4lte\",\"publisher\":{\"@id\":\"https:\\\/\\\/ru.law\\\/#organization\"},\"alternateName\":\"Rogert & Ulbrich\",\"potentialAction\":[{\"@type\":\"SearchAction\",\"target\":{\"@type\":\"EntryPoint\",\"urlTemplate\":\"https:\\\/\\\/ru.law\\\/?s={search_term_string}\"},\"query-input\":{\"@type\":\"PropertyValueSpecification\",\"valueRequired\":true,\"valueName\":\"search_term_string\"}}],\"inLanguage\":\"nl-NL\"},{\"@type\":\"Organization\",\"@id\":\"https:\\\/\\\/ru.law\\\/#organization\",\"name\":\"Kanzlei Rogert & Ulbrich\",\"url\":\"https:\\\/\\\/ru.law\\\/\",\"logo\":{\"@type\":\"ImageObject\",\"inLanguage\":\"nl-NL\",\"@id\":\"https:\\\/\\\/ru.law\\\/#\\\/schema\\\/logo\\\/image\\\/\",\"url\":\"https:\\\/\\\/ru.law\\\/wp-content\\\/uploads\\\/2020\\\/12\\\/logo-ru-law.svg\",\"contentUrl\":\"https:\\\/\\\/ru.law\\\/wp-content\\\/uploads\\\/2020\\\/12\\\/logo-ru-law.svg\",\"width\":992,\"height\":259,\"caption\":\"Kanzlei Rogert & Ulbrich\"},\"image\":{\"@id\":\"https:\\\/\\\/ru.law\\\/#\\\/schema\\\/logo\\\/image\\\/\"},\"sameAs\":[\"https:\\\/\\\/www.facebook.com\\\/RogertUlbrich\\\/\",\"https:\\\/\\\/x.com\\\/RogertUlbrich\",\"https:\\\/\\\/www.instagram.com\\\/rogertulbrich\\\/\",\"https:\\\/\\\/www.linkedin.com\\\/company\\\/rogert-ulbrich\\\/\",\"https:\\\/\\\/www.youtube.com\\\/channel\\\/UCganCgpvwpPFqMFf1vVmG2A\"]},{\"@type\":\"Person\",\"@id\":\"https:\\\/\\\/ru.law\\\/#\\\/schema\\\/person\\\/b020d506e6bbc471b4565d3a98173b87\",\"name\":\"Marco Rogert\",\"url\":\"https:\\\/\\\/ru.law\\\/nl\\\/author\\\/rogertru-law\\\/\"}]}<\/script>\n<!-- \/ Yoast SEO Premium plugin. -->","yoast_head_json":{"title":"Ansr\u00fcche Gesch\u00e4digter Autok\u00e4ufer sind noch nicht verj\u00e4hrt - R&amp;U","description":"Im Abgasskandal gesch\u00e4digte Dieselk\u00e4ufer, k\u00f6nnen ihre Forderungen weiterhin geltend machen. Ihre Schadensersatzanspr\u00fcche sind nicht verj\u00e4hrt.","robots":{"index":"index","follow":"follow","max-snippet":"max-snippet:-1","max-image-preview":"max-image-preview:large","max-video-preview":"max-video-preview:-1"},"canonical":"https:\/\/ru.law\/nl\/urteil-des-landgerichts-frankfurt-zum-vw-abgasskandal\/","og_locale":"nl_NL","og_type":"article","og_title":"Anspr\u00fcche Gesch\u00e4digter Autok\u00e4ufer sind noch nicht verj\u00e4hrt","og_description":"Im Abgasskandal gesch\u00e4digte Dieselk\u00e4ufer, k\u00f6nnen ihre Forderungen weiterhin geltend machen. Ihre Schadensersatzanspr\u00fcche sind nicht verj\u00e4hrt.","og_url":"https:\/\/ru.law\/nl\/urteil-des-landgerichts-frankfurt-zum-vw-abgasskandal\/","og_site_name":"R&amp;U","article_publisher":"https:\/\/www.facebook.com\/RogertUlbrich\/","article_published_time":"2020-07-21T08:32:24+00:00","article_modified_time":"2024-07-08T11:13:01+00:00","og_image":[{"width":1200,"height":675,"url":"https:\/\/ru.law\/wp-content\/uploads\/2020\/07\/abgasskandal-verjaehrungsfritst-1.jpg","type":"image\/jpeg"}],"author":"Marco Rogert","twitter_card":"summary_large_image","twitter_creator":"@RogertUlbrich","twitter_site":"@RogertUlbrich","schema":{"@context":"https:\/\/schema.org","@graph":[{"@type":"Article","@id":"https:\/\/ru.law\/urteil-des-landgerichts-frankfurt-zum-vw-abgasskandal\/#article","isPartOf":{"@id":"https:\/\/ru.law\/urteil-des-landgerichts-frankfurt-zum-vw-abgasskandal\/"},"author":{"name":"Marco Rogert","@id":"https:\/\/ru.law\/#\/schema\/person\/b020d506e6bbc471b4565d3a98173b87"},"headline":"Anspr\u00fcche Gesch\u00e4digter Autok\u00e4ufer sind noch nicht verj\u00e4hrt","datePublished":"2020-07-21T08:32:24+00:00","dateModified":"2024-07-08T11:13:01+00:00","mainEntityOfPage":{"@id":"https:\/\/ru.law\/urteil-des-landgerichts-frankfurt-zum-vw-abgasskandal\/"},"wordCount":585,"publisher":{"@id":"https:\/\/ru.law\/#organization"},"image":{"@id":"https:\/\/ru.law\/urteil-des-landgerichts-frankfurt-zum-vw-abgasskandal\/#primaryimage"},"thumbnailUrl":"https:\/\/ru.law\/wp-content\/uploads\/2020\/07\/abgasskandal-verjaehrungsfritst-1.jpg","keywords":["EA189","Schadensersatz","VW"],"articleSection":["Abgasskandal","Urteile"],"inLanguage":"nl-NL"},{"@type":"WebPage","@id":"https:\/\/ru.law\/urteil-des-landgerichts-frankfurt-zum-vw-abgasskandal\/","url":"https:\/\/ru.law\/urteil-des-landgerichts-frankfurt-zum-vw-abgasskandal\/","name":"Ansr\u00fcche Gesch\u00e4digter Autok\u00e4ufer sind noch nicht verj\u00e4hrt - R&amp;U","isPartOf":{"@id":"https:\/\/ru.law\/#website"},"primaryImageOfPage":{"@id":"https:\/\/ru.law\/urteil-des-landgerichts-frankfurt-zum-vw-abgasskandal\/#primaryimage"},"image":{"@id":"https:\/\/ru.law\/urteil-des-landgerichts-frankfurt-zum-vw-abgasskandal\/#primaryimage"},"thumbnailUrl":"https:\/\/ru.law\/wp-content\/uploads\/2020\/07\/abgasskandal-verjaehrungsfritst-1.jpg","datePublished":"2020-07-21T08:32:24+00:00","dateModified":"2024-07-08T11:13:01+00:00","description":"Im Abgasskandal gesch\u00e4digte Dieselk\u00e4ufer, k\u00f6nnen ihre Forderungen weiterhin geltend machen. Ihre Schadensersatzanspr\u00fcche sind nicht verj\u00e4hrt.","breadcrumb":{"@id":"https:\/\/ru.law\/urteil-des-landgerichts-frankfurt-zum-vw-abgasskandal\/#breadcrumb"},"inLanguage":"nl-NL","potentialAction":[{"@type":"ReadAction","target":["https:\/\/ru.law\/urteil-des-landgerichts-frankfurt-zum-vw-abgasskandal\/"]}]},{"@type":"ImageObject","inLanguage":"nl-NL","@id":"https:\/\/ru.law\/urteil-des-landgerichts-frankfurt-zum-vw-abgasskandal\/#primaryimage","url":"https:\/\/ru.law\/wp-content\/uploads\/2020\/07\/abgasskandal-verjaehrungsfritst-1.jpg","contentUrl":"https:\/\/ru.law\/wp-content\/uploads\/2020\/07\/abgasskandal-verjaehrungsfritst-1.jpg","width":1200,"height":675,"caption":"Abgasskandal Verjaehrungsfritst"},{"@type":"BreadcrumbList","@id":"https:\/\/ru.law\/urteil-des-landgerichts-frankfurt-zum-vw-abgasskandal\/#breadcrumb","itemListElement":[{"@type":"ListItem","position":1,"name":"Startseite","item":"https:\/\/ru.law\/"},{"@type":"ListItem","position":2,"name":"Anspr\u00fcche Gesch\u00e4digter Autok\u00e4ufer sind noch nicht verj\u00e4hrt"}]},{"@type":"WebSite","@id":"https:\/\/ru.law\/#website","url":"https:\/\/ru.law\/","name":"R&amp;U","description":"Consumentenadvocaten","publisher":{"@id":"https:\/\/ru.law\/#organization"},"alternateName":"Rogert & Ulbrich","potentialAction":[{"@type":"SearchAction","target":{"@type":"EntryPoint","urlTemplate":"https:\/\/ru.law\/?s={search_term_string}"},"query-input":{"@type":"PropertyValueSpecification","valueRequired":true,"valueName":"search_term_string"}}],"inLanguage":"nl-NL"},{"@type":"Organization","@id":"https:\/\/ru.law\/#organization","name":"Advocatenkantoor Rogert &amp; Ulbrich","url":"https:\/\/ru.law\/","logo":{"@type":"ImageObject","inLanguage":"nl-NL","@id":"https:\/\/ru.law\/#\/schema\/logo\/image\/","url":"https:\/\/ru.law\/wp-content\/uploads\/2020\/12\/logo-ru-law.svg","contentUrl":"https:\/\/ru.law\/wp-content\/uploads\/2020\/12\/logo-ru-law.svg","width":992,"height":259,"caption":"Kanzlei Rogert & Ulbrich"},"image":{"@id":"https:\/\/ru.law\/#\/schema\/logo\/image\/"},"sameAs":["https:\/\/www.facebook.com\/RogertUlbrich\/","https:\/\/x.com\/RogertUlbrich","https:\/\/www.instagram.com\/rogertulbrich\/","https:\/\/www.linkedin.com\/company\/rogert-ulbrich\/","https:\/\/www.youtube.com\/channel\/UCganCgpvwpPFqMFf1vVmG2A"]},{"@type":"Person","@id":"https:\/\/ru.law\/#\/schema\/person\/b020d506e6bbc471b4565d3a98173b87","name":"Marco Rogert","url":"https:\/\/ru.law\/nl\/author\/rogertru-law\/"}]}},"uagb_featured_image_src":{"full":["https:\/\/ru.law\/wp-content\/uploads\/2020\/07\/abgasskandal-verjaehrungsfritst-1.jpg",1200,675,false],"thumbnail":["https:\/\/ru.law\/wp-content\/uploads\/2020\/07\/abgasskandal-verjaehrungsfritst-1-150x150.jpg",96,96,true],"medium":["https:\/\/ru.law\/wp-content\/uploads\/2020\/07\/abgasskandal-verjaehrungsfritst-1-300x169.jpg",300,169,true],"medium_large":["https:\/\/ru.law\/wp-content\/uploads\/2020\/07\/abgasskandal-verjaehrungsfritst-1-768x432.jpg",768,432,true],"large":["https:\/\/ru.law\/wp-content\/uploads\/2020\/07\/abgasskandal-verjaehrungsfritst-1-1024x576.jpg",1024,576,true],"1536x1536":["https:\/\/ru.law\/wp-content\/uploads\/2020\/07\/abgasskandal-verjaehrungsfritst-1.jpg",1200,675,false],"2048x2048":["https:\/\/ru.law\/wp-content\/uploads\/2020\/07\/abgasskandal-verjaehrungsfritst-1.jpg",1200,675,false],"trp-custom-language-flag":["https:\/\/ru.law\/wp-content\/uploads\/2020\/07\/abgasskandal-verjaehrungsfritst-1.jpg",18,10,false]},"uagb_author_info":{"display_name":"Marco Rogert","author_link":"https:\/\/ru.law\/nl\/author\/rogertru-law\/"},"uagb_comment_info":0,"uagb_excerpt":"Aktuelles Urteil des Landgerichts Frankfurt am Main zum VW-Abgasskandal. Im Abgasskandal gesch\u00e4digte Dieselk\u00e4ufer, die ihre Fahrzeuge nach 2015 erworben haben, k\u00f6nnen ihre Forderungen immer noch [&hellip;]","_links":{"self":[{"href":"https:\/\/ru.law\/nl\/wp-json\/wp\/v2\/posts\/2304","targetHints":{"allow":["GET"]}}],"collection":[{"href":"https:\/\/ru.law\/nl\/wp-json\/wp\/v2\/posts"}],"about":[{"href":"https:\/\/ru.law\/nl\/wp-json\/wp\/v2\/types\/post"}],"author":[{"embeddable":true,"href":"https:\/\/ru.law\/nl\/wp-json\/wp\/v2\/users\/21"}],"replies":[{"embeddable":true,"href":"https:\/\/ru.law\/nl\/wp-json\/wp\/v2\/comments?post=2304"}],"version-history":[{"count":0,"href":"https:\/\/ru.law\/nl\/wp-json\/wp\/v2\/posts\/2304\/revisions"}],"wp:featuredmedia":[{"embeddable":true,"href":"https:\/\/ru.law\/nl\/wp-json\/wp\/v2\/media\/7539"}],"wp:attachment":[{"href":"https:\/\/ru.law\/nl\/wp-json\/wp\/v2\/media?parent=2304"}],"wp:term":[{"taxonomy":"category","embeddable":true,"href":"https:\/\/ru.law\/nl\/wp-json\/wp\/v2\/categories?post=2304"},{"taxonomy":"post_tag","embeddable":true,"href":"https:\/\/ru.law\/nl\/wp-json\/wp\/v2\/tags?post=2304"}],"curies":[{"name":"wp","href":"https:\/\/api.w.org\/{rel}","templated":true}]}}