{"id":2296,"date":"2020-07-21T10:22:05","date_gmt":"2020-07-21T08:22:05","guid":{"rendered":"https:\/\/www.rogertulbrich.de\/wp\/?p=2296"},"modified":"2024-07-08T13:13:02","modified_gmt":"2024-07-08T11:13:02","slug":"fahrzeugpalette-vom-abgasskandal-betroffen","status":"publish","type":"post","link":"https:\/\/ru.law\/nl\/fahrzeugpalette-vom-abgasskandal-betroffen\/","title":{"rendered":"Vrijwel het gehele wagenpark getroffen door het emissieschandaal"},"content":{"rendered":"<h2 class=\"wp-block-heading\" id=\"h-schon-wieder-ruckruf-fur-uber-120-000-mercedes-diesel\">Opnieuw een terugroepactie voor ruim 120.000 Mercedes-dieselmotoren.<\/h2>\n\n\n<p>De lijst van <a href=\"https:\/\/ru.law\/nl\/abgasskandal-daimler-mercedes-rueckruf\/\">Mercedes roept terug<\/a> vanwege illegale uitschakeling van apparaten is lang \u2013 en wordt steeds langer. De laatste offici\u00eble terugroepactie van de Federal Motor Transport Authority (KBA) heeft betrekking op meer dan 120.000 voertuigen wereldwijd \u2013 uit het gehele voertuigengamma. Met de OM 640 komt ook een tot nu toe onbekende motor in beeld.<\/p>\n<p>Tot nu toe heeft de Daimler Groep hardnekkig geweigerd het gebruik van illegale manipulatiesoftware toe te geven en informatie te verstrekken in gerechtelijke procedures. <a href=\"https:\/\/ru.law\/nl\/zykluserkennung-thermofenster-co\/\">apparaten uitschakelen<\/a>\u00a0in haar dieselvoertuigen. Maar het bewijs tegen de autofabrikant uit Stuttgart wordt steeds talrijker. De recente terugroepacties door de KBA dragen hieraan bij. Bij besluit van 16 juli 2020 heeft de autoriteit Euro 5-dieselvoertuigen van de Mercedes-klassen A, B, C, E en S uit de modeljaren 2008 tot en met 2011 teruggeroepen naar de werkplaatsen. Alleen al in Duitsland zijn meer dan 30.000 voertuigen getroffen; Wereldwijd zijn er meer dan 113.000. Op 20 juli werd ook een terugroepactie afgekondigd voor de Mercedes C-Klasse model C300 Hybrid (serie 205). Wereldwijd betreft het 7.325 voertuigen, waarvan 896 in Duitsland.<\/p>\n\n\n<h3 class=\"wp-block-heading\" id=\"h-betroffene-motoren-ein-neuer-verdachtiger-und-ein-alter-bekannter\">Aangetaste motoren: een nieuwe verdachte \u2013 en een oude bekende<\/h3>\n\n\n<p>Voor het eerst ligt de focus nu op de OM 640-dieselmotor, die tot dan toe als onbekend werd beschouwd en tot 2012 in voertuigen van de A- en B-klasse werd ingebouwd. De tweede betrokken motor, OM 651 genaamd, is al een oude bekende in het emissieschandaal. Al in 2018, tijdens een grootschalige <a href=\"https:\/\/ru.law\/nl\/abgasskandal-daimler-mercedes-rueckruf\/\">herinneren<\/a> Van de 280.000 Mercedes-voertuigen die aan de Euro 6b-emissienorm voldeden, was deze motor er een van. Ook de 40.000 Mercedes GLK 220-modellen met emissienorm Euro 5, die de KBA in juni 2019 naar de werkplaatsen stuurde voor een software-update, zijn uitgerust met de OM 651.<\/p>\n\n\n<h3 class=\"wp-block-heading\" id=\"h-om-651-der-skandalmotor-von-daimler\">OM 651 \u2013 Daimler&#039;s schandaalmotor<\/h3>\n\n\n<p>De OM 651, ooit gevierd als een wondermachine, is in 2008 ge\u00efntroduceerd en is nu ook een schandaalmotor van de EA189 van <a href=\"https:\/\/ru.law\/nl\/expertise\/abgasskandal\/vw-diesel\/\">Volkswagen<\/a>. Deze reputatie heeft het bedrijf te danken aan maar liefst vier illegale uitschakelingen, waarvan de bekendste de zogenaamde koelmiddel-insteltemperatuurregeling is. Het zorgt ervoor dat het koelcircuit aanzienlijk wordt gekoeld. Hierdoor wordt de opwarming van de motorolie vertraagd en worden de stikstofoxide-emissies verminderd \u2013 maar alleen op de testbank en niet onder re\u00eble rijomstandigheden op de weg. Deze softwaremanipulatie is nu ook vastgesteld bij voertuigen met OM 640-dieselmotoren.<\/p>\n<p>Voor <a href=\"https:\/\/ru.law\/nl\/expertise\/abgasskandal\/mercedes-benz-diesel\/\">Daimler<\/a> de koelmiddel-insteltemperatuurregeling is net zo legaal als de ook effectief in de OM 651&nbsp;<a href=\"https:\/\/www.youtube.com\/watch?v=JYmU1kVmgtk\" target=\"_blank\" rel=\"noopener noreferrer\">thermisch venster<\/a>. Zoals de autofabrikant maar blijft beweren, dienen beide sjoemelsoftwaresystemen ter bescherming van de motor en zouden daarom legaal moeten zijn. De advocaat-generaal bij het Hof van Justitie van de Europese Unie (HvJ-EU) acht daarentegen manipulatie-instrumenten die de effectiviteit van emissiecontrolesystemen onder normale gebruiksomstandigheden verminderen, ontoelaatbaar en staat slechts in zeer beperkte uitzonderlijke gevallen uitzonderingen toe. Ze zijn in ieder geval niet van toepassing op thermische ramen.&nbsp;<\/p>\n\n\n\n\n<h3 class=\"wp-block-heading\" id=\"h-was-betroffene-mercedes-besitzer-jetzt-wissen-mussen\">Wat Mercedes-bezitters nu moeten weten<\/h3>\n\n\n<p>Mercedes-eigenaren die door de huidige terugroepactie worden getroffen, worden nu schriftelijk verzocht hun voertuig naar de werkplaats te brengen en een software-update te laten installeren. Het is echter nog onduidelijk of uw dieselmotor na de update daadwerkelijk goed zal rijden op de weg. Ook zijn er mogelijke negatieve gevolgen, zoals een lager motorvermogen, een hoger brandstof- en AdBlue-verbruik en plotselinge defecten aan slijtende onderdelen van het uitlaatgasrecirculatiesysteem.<\/p>\n\n\n<div class=\"wp-block-columns header__gradient_blog ghostkit-custom-xNr4Y is-layout-flex wp-container-core-columns-is-layout-28f84493 wp-block-columns-is-layout-flex\">\n<div class=\"wp-block-column is-vertically-aligned-top is-layout-flow wp-block-column-is-layout-flow\" style=\"flex-basis:20%\">\n<figure class=\"wp-block-image size-large zitat\"><img decoding=\"async\" src=\"https:\/\/www.rogertulbrich.de\/wp\/wp-content\/uploads\/2020\/07\/marco_rogert_handy-2.jpg\" alt=\"\" class=\"wp-image-749\" \/><\/figure>\n<\/div>\n\n\n\n<div class=\"wp-block-column is-vertically-aligned-center ghostkit-custom-1SOwj2 is-layout-flow wp-block-column-is-layout-flow\" style=\"flex-basis:80%\">\n<p>\u201cAls eigenaar van een betrokken Mercedes diesel moet u rekening houden met een waardeverlies van uw voertuig vanwege de illegale uitschakelvoorzieningen. Dit mag u niet accepteren. Grijp nu uw kans om uw schadeclaim in te dienen. Na het volgende telefoontje zijn uw kansen groter dan ooit. Daimler kan de illegale softwaremanipulatie niet langer ontkennen en veel rechtbanken oordelen inmiddels in het voordeel van de benadeelde autokopers. Het is het beste om zo snel mogelijk juridisch advies in te winnen.\u201d<\/p>\n\n\n\n<p class=\"has-text-align-left\">Partner Dr. Marco Rogert <\/p>\n<\/div>\n<\/div>\n\n\n\n<section class=\"wp-block-uagb-columns uagb-columns__wrap uagb-columns__background-undefined uagb-columns__stack-mobile uagb-columns__valign-undefined uagb-columns__gap-10 alignundefined uagb-block-a63b8d4d contrast blog_beitraege\"><div class=\"uagb-columns__overlay\"><\/div><div class=\"uagb-columns__inner-wrap uagb-columns__columns-1\">\n<div class=\"wp-block-uagb-column uagb-column__wrap uagb-column__background-undefined uagb-block-6e00ddba\"><div class=\"uagb-column__overlay\"><\/div><div class=\"uagb-column__inner-wrap\">\n<h3 class=\"wp-block-heading\" id=\"das-konnte-sie-auch-interessieren\">Misschien bent u ook ge\u00efnteresseerd in:<\/h3>\n\n\n\n\t\t\t<div class=\"wp-block-uagb-post-grid uagb-post-grid  uagb-post__image-position-top uagb-post__image-enabled uagb-block-ff875f2e     uagb-post__items uagb-post__columns-3 is-grid uagb-post__columns-tablet-2 uagb-post__columns-mobile-1 uagb-post__equal-height\" data-total=\"3\" style=\"\">\n\n\t\t\t\t\t\t\t\t\t\t\t\t<article class=\"uagb-post__inner-wrap\">\t\t\t\t\t\t\t\t<div class='uagb-post__image'>\n\t\t\t\t\t\t\t\t\t<a href=\"https:\/\/ru.law\/nl\/diesel-ueberholt-benzinpreis-jetzt-erst-recht\/\" target=\"_self\" rel=\"bookmark noopener noreferrer\" class='uagb-image-ratio-inherit'><img loading=\"lazy\" decoding=\"async\" width=\"1024\" height=\"576\" src=\"https:\/\/ru.law\/wp-content\/uploads\/2022\/03\/2021-News-Header-1200x675-2972-1024x576.jpg\" class=\"attachment-large size-large\" alt=\"Rogert-Ulbrich-Rechtsanwaelte-Kanzlei-Diesel-Benzin-Preise\" srcset=\"https:\/\/ru.law\/wp-content\/uploads\/2022\/03\/2021-News-Header-1200x675-2972-1024x576.jpg 1024w, https:\/\/ru.law\/wp-content\/uploads\/2022\/03\/2021-News-Header-1200x675-2972-300x169.jpg 300w, https:\/\/ru.law\/wp-content\/uploads\/2022\/03\/2021-News-Header-1200x675-2972-768x432.jpg 768w, https:\/\/ru.law\/wp-content\/uploads\/2022\/03\/2021-News-Header-1200x675-2972.jpg 1200w\" sizes=\"auto, (max-width: 1024px) 100vw, 1024px\" \/>\t\t\t\t\t<\/a>\n\t\t\t\t\t\t\t<\/div>\n\t\t\t\t\t\t<h4 class=\"uagb-post__title uagb-post__text\">\n\t\t\t\t<a href=\"https:\/\/ru.law\/nl\/diesel-ueberholt-benzinpreis-jetzt-erst-recht\/\" target=\"_self\" rel=\"bookmark noopener noreferrer\">Recordprijzen voor diesel - Nu is het moment om uw auto terug te draaien<\/a>\n\t\t\t<\/h4>\n\t\t\t\t\t\t<div class='uagb-post__text uagb-post-grid-byline'>\n\t\t\t\t\t\t\t<\/div>\n\t\t\t\t\t\t\t<div class='uagb-post__text uagb-post__excerpt'>\n\t\t\t\t\t<p>Diesel staat in Duitsland op recordhoogte en ook benzine nadert een\u2026\t\t\t\t<\/div>\n\t\t\t\t\t\t<div class=\"uagb-post__text uagb-post__cta wp-block-button\">\n\t\t\t\t<a class=\"wp-block-button__link uagb-text-link\" style=\"\" href=\"https:\/\/ru.law\/nl\/diesel-ueberholt-benzinpreis-jetzt-erst-recht\/\" target=\"_self\" rel=\"bookmark noopener noreferrer\">Lees meer<\/a>\n\t\t\t<\/div>\n\t\t\t\n\t\t\t\t\t\t\t\t<a class=\"uagb-post__link-complete-box\" href=\"https:\/\/ru.law\/nl\/diesel-ueberholt-benzinpreis-jetzt-erst-recht\/\" target=\"_self\" rel=\"bookmark noopener noreferrer\"><\/a>\n\t\t\t\t\t\t\t<\/article>\n\t\t\t\t\t\t\t\t\t\t\t\t\t\t\t\t<article class=\"uagb-post__inner-wrap\">\t\t\t\t\t\t\t\t<div class='uagb-post__image'>\n\t\t\t\t\t\t\t\t\t<a href=\"https:\/\/ru.law\/nl\/vtdi-abgasskandal-rund-um-vw-audi-und-porsche\/\" target=\"_self\" rel=\"bookmark noopener noreferrer\" class='uagb-image-ratio-inherit'><img loading=\"lazy\" decoding=\"async\" width=\"1024\" height=\"576\" src=\"https:\/\/ru.law\/wp-content\/uploads\/2022\/01\/Rogert-Ulbrich-Rechtsanwaelte-Kanzlei-Abgasskandal-Audi-Verjaehrung-2022-1024x576.jpg\" class=\"attachment-large size-large\" alt=\"\" srcset=\"https:\/\/ru.law\/wp-content\/uploads\/2022\/01\/Rogert-Ulbrich-Rechtsanwaelte-Kanzlei-Abgasskandal-Audi-Verjaehrung-2022-1024x576.jpg 1024w, https:\/\/ru.law\/wp-content\/uploads\/2022\/01\/Rogert-Ulbrich-Rechtsanwaelte-Kanzlei-Abgasskandal-Audi-Verjaehrung-2022-300x169.jpg 300w, https:\/\/ru.law\/wp-content\/uploads\/2022\/01\/Rogert-Ulbrich-Rechtsanwaelte-Kanzlei-Abgasskandal-Audi-Verjaehrung-2022-768x432.jpg 768w, https:\/\/ru.law\/wp-content\/uploads\/2022\/01\/Rogert-Ulbrich-Rechtsanwaelte-Kanzlei-Abgasskandal-Audi-Verjaehrung-2022.jpg 1200w\" sizes=\"auto, (max-width: 1024px) 100vw, 1024px\" \/>\t\t\t\t\t<\/a>\n\t\t\t\t\t\t\t<\/div>\n\t\t\t\t\t\t<h4 class=\"uagb-post__title uagb-post__text\">\n\t\t\t\t<a href=\"https:\/\/ru.law\/nl\/vtdi-abgasskandal-rund-um-vw-audi-und-porsche\/\" target=\"_self\" rel=\"bookmark noopener noreferrer\">VTDI-emissieschandaal waarbij VW, Audi en Porsche betrokken zijn<\/a>\n\t\t\t<\/h4>\n\t\t\t\t\t\t<div class='uagb-post__text uagb-post-grid-byline'>\n\t\t\t\t\t\t\t<\/div>\n\t\t\t\t\t\t\t<div class='uagb-post__text uagb-post__excerpt'>\n\t\t\t\t\t<p>Voor veel Duitse autofabrikanten is het dieselemissieschandaal nog steeds alomtegenwoordig, ook voor de VW Groep\u2026\t\t\t\t<\/div>\n\t\t\t\t\t\t<div class=\"uagb-post__text uagb-post__cta wp-block-button\">\n\t\t\t\t<a class=\"wp-block-button__link uagb-text-link\" style=\"\" href=\"https:\/\/ru.law\/nl\/vtdi-abgasskandal-rund-um-vw-audi-und-porsche\/\" target=\"_self\" rel=\"bookmark noopener noreferrer\">Lees meer<\/a>\n\t\t\t<\/div>\n\t\t\t\n\t\t\t\t\t\t\t\t<a class=\"uagb-post__link-complete-box\" href=\"https:\/\/ru.law\/nl\/vtdi-abgasskandal-rund-um-vw-audi-und-porsche\/\" target=\"_self\" rel=\"bookmark noopener noreferrer\"><\/a>\n\t\t\t\t\t\t\t<\/article>\n\t\t\t\t\t\t\t\t\t\t\t\t\t\t\t\t<article class=\"uagb-post__inner-wrap\">\t\t\t\t\t\t\t\t<div class='uagb-post__image'>\n\t\t\t\t\t\t\t\t\t<a href=\"https:\/\/ru.law\/nl\/olg-koeln-verurteilt-audi-ag\/\" target=\"_self\" rel=\"bookmark noopener noreferrer\" class='uagb-image-ratio-inherit'><img loading=\"lazy\" decoding=\"async\" width=\"1024\" height=\"576\" src=\"https:\/\/ru.law\/wp-content\/uploads\/2021\/09\/rogert-ulbrich-rechtsanwalt-kanzlei-abgasskandal-premium-modelle-porsche-42l-1024x576.jpg\" class=\"attachment-large size-large\" alt=\"\" srcset=\"https:\/\/ru.law\/wp-content\/uploads\/2021\/09\/rogert-ulbrich-rechtsanwalt-kanzlei-abgasskandal-premium-modelle-porsche-42l-1024x576.jpg 1024w, https:\/\/ru.law\/wp-content\/uploads\/2021\/09\/rogert-ulbrich-rechtsanwalt-kanzlei-abgasskandal-premium-modelle-porsche-42l-300x169.jpg 300w, https:\/\/ru.law\/wp-content\/uploads\/2021\/09\/rogert-ulbrich-rechtsanwalt-kanzlei-abgasskandal-premium-modelle-porsche-42l-768x432.jpg 768w, https:\/\/ru.law\/wp-content\/uploads\/2021\/09\/rogert-ulbrich-rechtsanwalt-kanzlei-abgasskandal-premium-modelle-porsche-42l.jpg 1200w\" sizes=\"auto, (max-width: 1024px) 100vw, 1024px\" \/>\t\t\t\t\t<\/a>\n\t\t\t\t\t\t\t<\/div>\n\t\t\t\t\t\t<h4 class=\"uagb-post__title uagb-post__text\">\n\t\t\t\t<a href=\"https:\/\/ru.law\/nl\/olg-koeln-verurteilt-audi-ag\/\" target=\"_self\" rel=\"bookmark noopener noreferrer\">Audi AG moet Porsche Cayenne S terugnemen<\/a>\n\t\t\t<\/h4>\n\t\t\t\t\t\t<div class='uagb-post__text uagb-post-grid-byline'>\n\t\t\t\t\t\t\t<\/div>\n\t\t\t\t\t\t\t<div class='uagb-post__text uagb-post__excerpt'>\n\t\t\t\t\t<p>Audi AG kreeg van het Oberlandesgericht Keulen de opdracht een Porsche Cayenne S 4.2l terug te nemen\u2026.\t\t\t\t<\/div>\n\t\t\t\t\t\t<div class=\"uagb-post__text uagb-post__cta wp-block-button\">\n\t\t\t\t<a class=\"wp-block-button__link uagb-text-link\" style=\"\" href=\"https:\/\/ru.law\/nl\/olg-koeln-verurteilt-audi-ag\/\" target=\"_self\" rel=\"bookmark noopener noreferrer\">Lees meer<\/a>\n\t\t\t<\/div>\n\t\t\t\n\t\t\t\t\t\t\t\t<a class=\"uagb-post__link-complete-box\" href=\"https:\/\/ru.law\/nl\/olg-koeln-verurteilt-audi-ag\/\" target=\"_self\" rel=\"bookmark noopener noreferrer\"><\/a>\n\t\t\t\t\t\t\t<\/article>\n\t\t\t\t\t\t\t\t\t\t\t<\/div>\n\t\t\t\n\n\n<p><\/p>\n<\/div><\/div>\n<\/div><\/section>","protected":false},"excerpt":{"rendered":"<p>Schon wieder R\u00fcckruf f\u00fcr \u00fcber 120.000 Mercedes-Diesel. Die Liste der Mercedes-R\u00fcckrufe wegen unzul\u00e4ssiger Abschalteinrichtungen ist lang \u2013 und wird immer l\u00e4nger. Vom j\u00fcngsten offiziellen R\u00fcckruf [&hellip;]<\/p>\n","protected":false},"author":21,"featured_media":7543,"comment_status":"closed","ping_status":"open","sticky":false,"template":"","format":"standard","meta":{"_uag_custom_page_level_css":"","site-sidebar-layout":"default","site-content-layout":"default","ast-site-content-layout":"default","site-content-style":"default","site-sidebar-style":"default","ast-global-header-display":"","ast-banner-title-visibility":"","ast-main-header-display":"","ast-hfb-above-header-display":"","ast-hfb-below-header-display":"","ast-hfb-mobile-header-display":"","site-post-title":"","ast-breadcrumbs-content":"","ast-featured-img":"","footer-sml-layout":"","ast-disable-related-posts":"","theme-transparent-header-meta":"default","adv-header-id-meta":"","stick-header-meta":"","header-above-stick-meta":"","header-main-stick-meta":"","header-below-stick-meta":"","astra-migrate-meta-layouts":"default","ast-page-background-enabled":"default","ast-page-background-meta":{"desktop":{"background-color":"","background-image":"","background-repeat":"repeat","background-position":"center center","background-size":"auto","background-attachment":"scroll","background-type":"","background-media":"","overlay-type":"","overlay-color":"","overlay-opacity":"","overlay-gradient":""},"tablet":{"background-color":"","background-image":"","background-repeat":"repeat","background-position":"center center","background-size":"auto","background-attachment":"scroll","background-type":"","background-media":"","overlay-type":"","overlay-color":"","overlay-opacity":"","overlay-gradient":""},"mobile":{"background-color":"","background-image":"","background-repeat":"repeat","background-position":"center center","background-size":"auto","background-attachment":"scroll","background-type":"","background-media":"","overlay-type":"","overlay-color":"","overlay-opacity":"","overlay-gradient":""}},"ast-content-background-meta":{"desktop":{"background-color":"var(--ast-global-color-5)","background-image":"","background-repeat":"repeat","background-position":"center center","background-size":"auto","background-attachment":"scroll","background-type":"","background-media":"","overlay-type":"","overlay-color":"","overlay-opacity":"","overlay-gradient":""},"tablet":{"background-color":"var(--ast-global-color-5)","background-image":"","background-repeat":"repeat","background-position":"center center","background-size":"auto","background-attachment":"scroll","background-type":"","background-media":"","overlay-type":"","overlay-color":"","overlay-opacity":"","overlay-gradient":""},"mobile":{"background-color":"var(--ast-global-color-5)","background-image":"","background-repeat":"repeat","background-position":"center center","background-size":"auto","background-attachment":"scroll","background-type":"","background-media":"","overlay-type":"","overlay-color":"","overlay-opacity":"","overlay-gradient":""}},"footnotes":""},"categories":[2],"tags":[18,133,30,41],"class_list":["post-2296","post","type-post","status-publish","format-standard","has-post-thumbnail","hentry","category-abgasskandal","tag-daimler","tag-mercedes","tag-om651","tag-thermofenster"],"yoast_head":"<!-- This site is optimized with the Yoast SEO Premium plugin v27.4 (Yoast SEO v27.4) - https:\/\/yoast.com\/product\/yoast-seo-premium-wordpress\/ -->\n<title>Fast die gesamte Fahrzeugpalette vom Abgasskandal betroffen - R&amp;U<\/title>\n<meta name=\"description\" content=\"Schon wieder R\u00fcckruf f\u00fcr \u00fcber 120.000 Mercedes-Diesel: fast die gesamte Mercedes Fahrzeugpalette ist vom Abgasskandal betroffen.\" \/>\n<meta name=\"robots\" content=\"index, follow, max-snippet:-1, max-image-preview:large, max-video-preview:-1\" \/>\n<link rel=\"canonical\" href=\"https:\/\/ru.law\/nl\/fahrzeugpalette-vom-abgasskandal-betroffen\/\" \/>\n<meta property=\"og:locale\" content=\"nl_NL\" \/>\n<meta property=\"og:type\" content=\"article\" \/>\n<meta property=\"og:title\" content=\"Fast die gesamte Fahrzeugpalette vom Abgasskandal betroffen\" \/>\n<meta property=\"og:description\" content=\"Schon wieder R\u00fcckruf f\u00fcr \u00fcber 120.000 Mercedes-Diesel: fast die gesamte Mercedes Fahrzeugpalette ist vom Abgasskandal betroffen.\" \/>\n<meta property=\"og:url\" content=\"https:\/\/ru.law\/nl\/fahrzeugpalette-vom-abgasskandal-betroffen\/\" \/>\n<meta property=\"og:site_name\" content=\"R&amp;U\" \/>\n<meta property=\"article:publisher\" content=\"https:\/\/www.facebook.com\/RogertUlbrich\/\" \/>\n<meta property=\"article:published_time\" content=\"2020-07-21T08:22:05+00:00\" \/>\n<meta property=\"article:modified_time\" content=\"2024-07-08T11:13:02+00:00\" \/>\n<meta property=\"og:image\" content=\"https:\/\/ru.law\/wp-content\/uploads\/2020\/07\/daimler-diesel-fahrzeugpalette-1.jpg\" \/>\n\t<meta property=\"og:image:width\" content=\"1200\" \/>\n\t<meta property=\"og:image:height\" content=\"675\" \/>\n\t<meta property=\"og:image:type\" content=\"image\/jpeg\" \/>\n<meta name=\"author\" content=\"Marco Rogert\" \/>\n<meta name=\"twitter:card\" content=\"summary_large_image\" \/>\n<meta name=\"twitter:creator\" content=\"@RogertUlbrich\" \/>\n<meta name=\"twitter:site\" content=\"@RogertUlbrich\" \/>\n<script type=\"application\/ld+json\" class=\"yoast-schema-graph\">{\"@context\":\"https:\\\/\\\/schema.org\",\"@graph\":[{\"@type\":\"Article\",\"@id\":\"https:\\\/\\\/ru.law\\\/fahrzeugpalette-vom-abgasskandal-betroffen\\\/#article\",\"isPartOf\":{\"@id\":\"https:\\\/\\\/ru.law\\\/fahrzeugpalette-vom-abgasskandal-betroffen\\\/\"},\"author\":{\"name\":\"Marco Rogert\",\"@id\":\"https:\\\/\\\/ru.law\\\/#\\\/schema\\\/person\\\/b020d506e6bbc471b4565d3a98173b87\"},\"headline\":\"Fast die gesamte Fahrzeugpalette vom Abgasskandal betroffen\",\"datePublished\":\"2020-07-21T08:22:05+00:00\",\"dateModified\":\"2024-07-08T11:13:02+00:00\",\"mainEntityOfPage\":{\"@id\":\"https:\\\/\\\/ru.law\\\/fahrzeugpalette-vom-abgasskandal-betroffen\\\/\"},\"wordCount\":606,\"publisher\":{\"@id\":\"https:\\\/\\\/ru.law\\\/#organization\"},\"image\":{\"@id\":\"https:\\\/\\\/ru.law\\\/fahrzeugpalette-vom-abgasskandal-betroffen\\\/#primaryimage\"},\"thumbnailUrl\":\"https:\\\/\\\/ru.law\\\/wp-content\\\/uploads\\\/2020\\\/07\\\/daimler-diesel-fahrzeugpalette-1.jpg\",\"keywords\":[\"Daimler\",\"Mercedes\",\"OM651\",\"Thermofenster\"],\"articleSection\":[\"Abgasskandal\"],\"inLanguage\":\"nl-NL\"},{\"@type\":\"WebPage\",\"@id\":\"https:\\\/\\\/ru.law\\\/fahrzeugpalette-vom-abgasskandal-betroffen\\\/\",\"url\":\"https:\\\/\\\/ru.law\\\/fahrzeugpalette-vom-abgasskandal-betroffen\\\/\",\"name\":\"Fast die gesamte Fahrzeugpalette vom Abgasskandal betroffen - R&amp;U\",\"isPartOf\":{\"@id\":\"https:\\\/\\\/ru.law\\\/#website\"},\"primaryImageOfPage\":{\"@id\":\"https:\\\/\\\/ru.law\\\/fahrzeugpalette-vom-abgasskandal-betroffen\\\/#primaryimage\"},\"image\":{\"@id\":\"https:\\\/\\\/ru.law\\\/fahrzeugpalette-vom-abgasskandal-betroffen\\\/#primaryimage\"},\"thumbnailUrl\":\"https:\\\/\\\/ru.law\\\/wp-content\\\/uploads\\\/2020\\\/07\\\/daimler-diesel-fahrzeugpalette-1.jpg\",\"datePublished\":\"2020-07-21T08:22:05+00:00\",\"dateModified\":\"2024-07-08T11:13:02+00:00\",\"description\":\"Schon wieder R\u00fcckruf f\u00fcr \u00fcber 120.000 Mercedes-Diesel: fast die gesamte Mercedes Fahrzeugpalette ist vom Abgasskandal betroffen.\",\"breadcrumb\":{\"@id\":\"https:\\\/\\\/ru.law\\\/fahrzeugpalette-vom-abgasskandal-betroffen\\\/#breadcrumb\"},\"inLanguage\":\"nl-NL\",\"potentialAction\":[{\"@type\":\"ReadAction\",\"target\":[\"https:\\\/\\\/ru.law\\\/fahrzeugpalette-vom-abgasskandal-betroffen\\\/\"]}]},{\"@type\":\"ImageObject\",\"inLanguage\":\"nl-NL\",\"@id\":\"https:\\\/\\\/ru.law\\\/fahrzeugpalette-vom-abgasskandal-betroffen\\\/#primaryimage\",\"url\":\"https:\\\/\\\/ru.law\\\/wp-content\\\/uploads\\\/2020\\\/07\\\/daimler-diesel-fahrzeugpalette-1.jpg\",\"contentUrl\":\"https:\\\/\\\/ru.law\\\/wp-content\\\/uploads\\\/2020\\\/07\\\/daimler-diesel-fahrzeugpalette-1.jpg\",\"width\":1200,\"height\":675,\"caption\":\"Daimler Diesel-Fahrzeugpalette\"},{\"@type\":\"BreadcrumbList\",\"@id\":\"https:\\\/\\\/ru.law\\\/fahrzeugpalette-vom-abgasskandal-betroffen\\\/#breadcrumb\",\"itemListElement\":[{\"@type\":\"ListItem\",\"position\":1,\"name\":\"Startseite\",\"item\":\"https:\\\/\\\/ru.law\\\/\"},{\"@type\":\"ListItem\",\"position\":2,\"name\":\"Fast die gesamte Fahrzeugpalette vom Abgasskandal betroffen\"}]},{\"@type\":\"WebSite\",\"@id\":\"https:\\\/\\\/ru.law\\\/#website\",\"url\":\"https:\\\/\\\/ru.law\\\/\",\"name\":\"R&U\",\"description\":\"Verbraucheranw\u00e4lte\",\"publisher\":{\"@id\":\"https:\\\/\\\/ru.law\\\/#organization\"},\"alternateName\":\"Rogert & Ulbrich\",\"potentialAction\":[{\"@type\":\"SearchAction\",\"target\":{\"@type\":\"EntryPoint\",\"urlTemplate\":\"https:\\\/\\\/ru.law\\\/?s={search_term_string}\"},\"query-input\":{\"@type\":\"PropertyValueSpecification\",\"valueRequired\":true,\"valueName\":\"search_term_string\"}}],\"inLanguage\":\"nl-NL\"},{\"@type\":\"Organization\",\"@id\":\"https:\\\/\\\/ru.law\\\/#organization\",\"name\":\"Kanzlei Rogert & Ulbrich\",\"url\":\"https:\\\/\\\/ru.law\\\/\",\"logo\":{\"@type\":\"ImageObject\",\"inLanguage\":\"nl-NL\",\"@id\":\"https:\\\/\\\/ru.law\\\/#\\\/schema\\\/logo\\\/image\\\/\",\"url\":\"https:\\\/\\\/ru.law\\\/wp-content\\\/uploads\\\/2020\\\/12\\\/logo-ru-law.svg\",\"contentUrl\":\"https:\\\/\\\/ru.law\\\/wp-content\\\/uploads\\\/2020\\\/12\\\/logo-ru-law.svg\",\"width\":992,\"height\":259,\"caption\":\"Kanzlei Rogert & Ulbrich\"},\"image\":{\"@id\":\"https:\\\/\\\/ru.law\\\/#\\\/schema\\\/logo\\\/image\\\/\"},\"sameAs\":[\"https:\\\/\\\/www.facebook.com\\\/RogertUlbrich\\\/\",\"https:\\\/\\\/x.com\\\/RogertUlbrich\",\"https:\\\/\\\/www.instagram.com\\\/rogertulbrich\\\/\",\"https:\\\/\\\/www.linkedin.com\\\/company\\\/rogert-ulbrich\\\/\",\"https:\\\/\\\/www.youtube.com\\\/channel\\\/UCganCgpvwpPFqMFf1vVmG2A\"]},{\"@type\":\"Person\",\"@id\":\"https:\\\/\\\/ru.law\\\/#\\\/schema\\\/person\\\/b020d506e6bbc471b4565d3a98173b87\",\"name\":\"Marco Rogert\",\"url\":\"https:\\\/\\\/ru.law\\\/nl\\\/author\\\/rogertru-law\\\/\"}]}<\/script>\n<!-- \/ Yoast SEO Premium plugin. -->","yoast_head_json":{"title":"Fast die gesamte Fahrzeugpalette vom Abgasskandal betroffen - R&amp;U","description":"Schon wieder R\u00fcckruf f\u00fcr \u00fcber 120.000 Mercedes-Diesel: fast die gesamte Mercedes Fahrzeugpalette ist vom Abgasskandal betroffen.","robots":{"index":"index","follow":"follow","max-snippet":"max-snippet:-1","max-image-preview":"max-image-preview:large","max-video-preview":"max-video-preview:-1"},"canonical":"https:\/\/ru.law\/nl\/fahrzeugpalette-vom-abgasskandal-betroffen\/","og_locale":"nl_NL","og_type":"article","og_title":"Fast die gesamte Fahrzeugpalette vom Abgasskandal betroffen","og_description":"Schon wieder R\u00fcckruf f\u00fcr \u00fcber 120.000 Mercedes-Diesel: fast die gesamte Mercedes Fahrzeugpalette ist vom Abgasskandal betroffen.","og_url":"https:\/\/ru.law\/nl\/fahrzeugpalette-vom-abgasskandal-betroffen\/","og_site_name":"R&amp;U","article_publisher":"https:\/\/www.facebook.com\/RogertUlbrich\/","article_published_time":"2020-07-21T08:22:05+00:00","article_modified_time":"2024-07-08T11:13:02+00:00","og_image":[{"width":1200,"height":675,"url":"https:\/\/ru.law\/wp-content\/uploads\/2020\/07\/daimler-diesel-fahrzeugpalette-1.jpg","type":"image\/jpeg"}],"author":"Marco Rogert","twitter_card":"summary_large_image","twitter_creator":"@RogertUlbrich","twitter_site":"@RogertUlbrich","schema":{"@context":"https:\/\/schema.org","@graph":[{"@type":"Article","@id":"https:\/\/ru.law\/fahrzeugpalette-vom-abgasskandal-betroffen\/#article","isPartOf":{"@id":"https:\/\/ru.law\/fahrzeugpalette-vom-abgasskandal-betroffen\/"},"author":{"name":"Marco Rogert","@id":"https:\/\/ru.law\/#\/schema\/person\/b020d506e6bbc471b4565d3a98173b87"},"headline":"Fast die gesamte Fahrzeugpalette vom Abgasskandal betroffen","datePublished":"2020-07-21T08:22:05+00:00","dateModified":"2024-07-08T11:13:02+00:00","mainEntityOfPage":{"@id":"https:\/\/ru.law\/fahrzeugpalette-vom-abgasskandal-betroffen\/"},"wordCount":606,"publisher":{"@id":"https:\/\/ru.law\/#organization"},"image":{"@id":"https:\/\/ru.law\/fahrzeugpalette-vom-abgasskandal-betroffen\/#primaryimage"},"thumbnailUrl":"https:\/\/ru.law\/wp-content\/uploads\/2020\/07\/daimler-diesel-fahrzeugpalette-1.jpg","keywords":["Daimler","Mercedes","OM651","Thermofenster"],"articleSection":["Abgasskandal"],"inLanguage":"nl-NL"},{"@type":"WebPage","@id":"https:\/\/ru.law\/fahrzeugpalette-vom-abgasskandal-betroffen\/","url":"https:\/\/ru.law\/fahrzeugpalette-vom-abgasskandal-betroffen\/","name":"Fast die gesamte Fahrzeugpalette vom Abgasskandal betroffen - R&amp;U","isPartOf":{"@id":"https:\/\/ru.law\/#website"},"primaryImageOfPage":{"@id":"https:\/\/ru.law\/fahrzeugpalette-vom-abgasskandal-betroffen\/#primaryimage"},"image":{"@id":"https:\/\/ru.law\/fahrzeugpalette-vom-abgasskandal-betroffen\/#primaryimage"},"thumbnailUrl":"https:\/\/ru.law\/wp-content\/uploads\/2020\/07\/daimler-diesel-fahrzeugpalette-1.jpg","datePublished":"2020-07-21T08:22:05+00:00","dateModified":"2024-07-08T11:13:02+00:00","description":"Schon wieder R\u00fcckruf f\u00fcr \u00fcber 120.000 Mercedes-Diesel: fast die gesamte Mercedes Fahrzeugpalette ist vom Abgasskandal betroffen.","breadcrumb":{"@id":"https:\/\/ru.law\/fahrzeugpalette-vom-abgasskandal-betroffen\/#breadcrumb"},"inLanguage":"nl-NL","potentialAction":[{"@type":"ReadAction","target":["https:\/\/ru.law\/fahrzeugpalette-vom-abgasskandal-betroffen\/"]}]},{"@type":"ImageObject","inLanguage":"nl-NL","@id":"https:\/\/ru.law\/fahrzeugpalette-vom-abgasskandal-betroffen\/#primaryimage","url":"https:\/\/ru.law\/wp-content\/uploads\/2020\/07\/daimler-diesel-fahrzeugpalette-1.jpg","contentUrl":"https:\/\/ru.law\/wp-content\/uploads\/2020\/07\/daimler-diesel-fahrzeugpalette-1.jpg","width":1200,"height":675,"caption":"Daimler Diesel-Fahrzeugpalette"},{"@type":"BreadcrumbList","@id":"https:\/\/ru.law\/fahrzeugpalette-vom-abgasskandal-betroffen\/#breadcrumb","itemListElement":[{"@type":"ListItem","position":1,"name":"Startseite","item":"https:\/\/ru.law\/"},{"@type":"ListItem","position":2,"name":"Fast die gesamte Fahrzeugpalette vom Abgasskandal betroffen"}]},{"@type":"WebSite","@id":"https:\/\/ru.law\/#website","url":"https:\/\/ru.law\/","name":"R&amp;U","description":"Consumentenadvocaten","publisher":{"@id":"https:\/\/ru.law\/#organization"},"alternateName":"Rogert & Ulbrich","potentialAction":[{"@type":"SearchAction","target":{"@type":"EntryPoint","urlTemplate":"https:\/\/ru.law\/?s={search_term_string}"},"query-input":{"@type":"PropertyValueSpecification","valueRequired":true,"valueName":"search_term_string"}}],"inLanguage":"nl-NL"},{"@type":"Organization","@id":"https:\/\/ru.law\/#organization","name":"Advocatenkantoor Rogert &amp; Ulbrich","url":"https:\/\/ru.law\/","logo":{"@type":"ImageObject","inLanguage":"nl-NL","@id":"https:\/\/ru.law\/#\/schema\/logo\/image\/","url":"https:\/\/ru.law\/wp-content\/uploads\/2020\/12\/logo-ru-law.svg","contentUrl":"https:\/\/ru.law\/wp-content\/uploads\/2020\/12\/logo-ru-law.svg","width":992,"height":259,"caption":"Kanzlei Rogert & Ulbrich"},"image":{"@id":"https:\/\/ru.law\/#\/schema\/logo\/image\/"},"sameAs":["https:\/\/www.facebook.com\/RogertUlbrich\/","https:\/\/x.com\/RogertUlbrich","https:\/\/www.instagram.com\/rogertulbrich\/","https:\/\/www.linkedin.com\/company\/rogert-ulbrich\/","https:\/\/www.youtube.com\/channel\/UCganCgpvwpPFqMFf1vVmG2A"]},{"@type":"Person","@id":"https:\/\/ru.law\/#\/schema\/person\/b020d506e6bbc471b4565d3a98173b87","name":"Marco Rogert","url":"https:\/\/ru.law\/nl\/author\/rogertru-law\/"}]}},"uagb_featured_image_src":{"full":["https:\/\/ru.law\/wp-content\/uploads\/2020\/07\/daimler-diesel-fahrzeugpalette-1.jpg",1200,675,false],"thumbnail":["https:\/\/ru.law\/wp-content\/uploads\/2020\/07\/daimler-diesel-fahrzeugpalette-1-150x150.jpg",96,96,true],"medium":["https:\/\/ru.law\/wp-content\/uploads\/2020\/07\/daimler-diesel-fahrzeugpalette-1-300x169.jpg",300,169,true],"medium_large":["https:\/\/ru.law\/wp-content\/uploads\/2020\/07\/daimler-diesel-fahrzeugpalette-1-768x432.jpg",768,432,true],"large":["https:\/\/ru.law\/wp-content\/uploads\/2020\/07\/daimler-diesel-fahrzeugpalette-1-1024x576.jpg",1024,576,true],"1536x1536":["https:\/\/ru.law\/wp-content\/uploads\/2020\/07\/daimler-diesel-fahrzeugpalette-1.jpg",1200,675,false],"2048x2048":["https:\/\/ru.law\/wp-content\/uploads\/2020\/07\/daimler-diesel-fahrzeugpalette-1.jpg",1200,675,false],"trp-custom-language-flag":["https:\/\/ru.law\/wp-content\/uploads\/2020\/07\/daimler-diesel-fahrzeugpalette-1.jpg",18,10,false]},"uagb_author_info":{"display_name":"Marco Rogert","author_link":"https:\/\/ru.law\/nl\/author\/rogertru-law\/"},"uagb_comment_info":0,"uagb_excerpt":"Schon wieder R\u00fcckruf f\u00fcr \u00fcber 120.000 Mercedes-Diesel. Die Liste der Mercedes-R\u00fcckrufe wegen unzul\u00e4ssiger Abschalteinrichtungen ist lang \u2013 und wird immer l\u00e4nger. Vom j\u00fcngsten offiziellen R\u00fcckruf [&hellip;]","_links":{"self":[{"href":"https:\/\/ru.law\/nl\/wp-json\/wp\/v2\/posts\/2296","targetHints":{"allow":["GET"]}}],"collection":[{"href":"https:\/\/ru.law\/nl\/wp-json\/wp\/v2\/posts"}],"about":[{"href":"https:\/\/ru.law\/nl\/wp-json\/wp\/v2\/types\/post"}],"author":[{"embeddable":true,"href":"https:\/\/ru.law\/nl\/wp-json\/wp\/v2\/users\/21"}],"replies":[{"embeddable":true,"href":"https:\/\/ru.law\/nl\/wp-json\/wp\/v2\/comments?post=2296"}],"version-history":[{"count":0,"href":"https:\/\/ru.law\/nl\/wp-json\/wp\/v2\/posts\/2296\/revisions"}],"wp:featuredmedia":[{"embeddable":true,"href":"https:\/\/ru.law\/nl\/wp-json\/wp\/v2\/media\/7543"}],"wp:attachment":[{"href":"https:\/\/ru.law\/nl\/wp-json\/wp\/v2\/media?parent=2296"}],"wp:term":[{"taxonomy":"category","embeddable":true,"href":"https:\/\/ru.law\/nl\/wp-json\/wp\/v2\/categories?post=2296"},{"taxonomy":"post_tag","embeddable":true,"href":"https:\/\/ru.law\/nl\/wp-json\/wp\/v2\/tags?post=2296"}],"curies":[{"name":"wp","href":"https:\/\/api.w.org\/{rel}","templated":true}]}}