{"id":2291,"date":"2020-07-22T10:10:00","date_gmt":"2020-07-22T08:10:00","guid":{"rendered":"https:\/\/www.rogertulbrich.de\/wp\/?p=2291"},"modified":"2024-07-08T13:13:01","modified_gmt":"2024-07-08T11:13:01","slug":"neue-bgh-verfahren-im-vw-abgasskandal","status":"publish","type":"post","link":"https:\/\/ru.law\/nl\/neue-bgh-verfahren-im-vw-abgasskandal\/","title":{"rendered":"Meer rechtszekerheid voor benadeelde dieselkopers, maar ook beperking van schadevergoeding"},"content":{"rendered":"<h2 class=\"wp-block-heading\" id=\"h-neue-bgh-verfahren-im-vw-abgasskandal\">Nieuwe BGH-procedure in het emissieschandaal bij VW.<\/h2>\n\n\n<p>In twee lopende procedures over <a href=\"https:\/\/ru.law\/nl\/expertise\/abgasskandal\/vw-diesel\/\">VW emissieschandaal<\/a> is de <a href=\"https:\/\/ru.law\/nl\/bundesgerichtshof-verhandelt-weitere-verfahren-im-diesel-abgasskandal\/\">Federale Hof van Justitie (BGH)<\/a> bleef trouw aan zijn lijn. Goed nieuws voor gedupeerde dieselkopers: de VI. De Senaat benadrukte nogmaals dat VW zijn klanten opzettelijk heeft misleid en hen een schadevergoeding verschuldigd is. Blijkbaar verandert een software-update daar niets aan. Minder goed: De hoogste Duitse burgerlijke rechter beperkt de schadevergoeding: er wordt gekeken naar de gereden kilometers en er is waarschijnlijk geen sprake van onrechtmatige daad.<\/p>\n<p>Op 21 juli stonden twee zaken van het Oberlandesgericht Braunschweig ter discussie bij het Bundesgerichtshof. In het eerste geval had eiser in 2014 een tweedehands VW Passat gekocht met circa 57.000 km op de teller en er bijna 200.000 kilometer mee gereden. Omdat hij de door VW aangeboden software-update weigerde, werd zijn voertuig door de verantwoordelijke verkeersautoriteit stilgelegd. De rechtbank had zijn vordering tot schadevergoeding afgewezen, onder meer omdat de in aanmerking te nemen gebruiksvergoeding hoger was dan de koopprijs. Voor de Passat diesel stelde de rechtbank in Braunschweig een verwacht totaal aantal kilometers vast van 250.000 kilometer - en dat aantal is inmiddels verstreken (20-08-2019, ref. 7 U 5\/18).<\/p>\n\n\n<h3 class=\"wp-block-heading\" id=\"h-kein-schadensersatz-und-keine-deliktischen-zinsen\">Geen compensatie en geen onrechtmatig belang<\/h3>\n\n\n<p>Tijdens de mondelinge behandeling oordeelde het Bundesgerichtshof dat Volkswagen de koper van de VW Passat met de daarin ingebouwde illegale uitschakelvoorziening opzettelijk en immoreel had benadeeld, maar dat de beslissing van het Oberlandesgericht Braunschweig voor het overige niet kon worden aangevochten. De financi\u00eble schade wordt gecompenseerd door het langdurig gebruik. De Senaat handhaafde daarmee het standpunt dat zij in haar historische uitspraak van 25 mei had ingenomen. Hij wees ook de vordering op grond van onrechtmatige daad af. Er was sprake van een \u2018ongerechtvaardigde overcompensatie\u2019, aangezien de autokoper al schadevergoeding voor de aankoopprijs kon eisen door het voertuig te gebruiken (zaaknummer VI ZR 354\/19).<\/p>\n\n\n<h3 class=\"wp-block-heading\" id=\"h-schadensersatzanspruche-bleiben-trotz-software-update-bestehen\">Schadeclaims blijven geldig ondanks software-update<\/h3>\n\n\n<p>De tweede zaak betrof een rechtszaak aangespannen door de koper van een VW Tiguan. De Hogere Rechtbank van Braunschweig had zijn claim op schadevergoeding afgewezen, omdat de schade door een gratis software-update was hersteld. Bovendien kon eiser geen sluitende verklaring geven over de vraag welke persoon bij Volkswagen hem schade had toegebracht (20 augustus 2019, zaaknummer 7 U 5\/18). Het BGH was het hier niet mee eens. Voor de rechters in Karlsruhe verandert een software-update uiteraard niets aan de immorele schade en de verantwoordelijkheid van Volkswagen. De zaak zal nu waarschijnlijk worden terugverwezen naar Braunschweig (zaaknummer VI ZR 367\/19).&nbsp;<\/p>\n\n\n<div class=\"wp-block-columns header__gradient_blog ghostkit-custom-xNr4Y is-layout-flex wp-container-core-columns-is-layout-28f84493 wp-block-columns-is-layout-flex\">\n<div class=\"wp-block-column is-vertically-aligned-top is-layout-flow wp-block-column-is-layout-flow\" style=\"flex-basis:20%\">\n<figure class=\"wp-block-image size-large zitat\"><img decoding=\"async\" src=\"https:\/\/www.rogertulbrich.de\/wp\/wp-content\/uploads\/2020\/07\/marco_rogert_handy-2.jpg\" alt=\"\" class=\"wp-image-749\" \/><\/figure>\n<\/div>\n\n\n\n<div class=\"wp-block-column is-vertically-aligned-center ghostkit-custom-1SOwj2 is-layout-flow wp-block-column-is-layout-flow\" style=\"flex-basis:80%\">\n<p>\u201cIn beide gevallen is er nog geen uitspraak, maar de uitspraken van de rechters uit Karlsruhe brengen meer rechtszekerheid. De Senaat heeft haar baanbrekende besluit van mei fundamenteel bevestigd: Volkswagen heeft dieselkopers opzettelijk en immoreel benadeeld \u2013 en software-updates zullen dat niet veranderen.<\/p>\n\n\n\n<p>Wij vinden het van groot belang dat de rechter een schadevergoeding voor gebruik oplegt. Daarmee heeft Volkswagen carte blanche om de procedure te rekken ten koste van de gedupeerde klanten \u2013 en profiteert het opnieuw van de emissiefraude. Na de uitspraak in mei was echter al te verwachten dat de gereden kilometers van de schadevergoeding zouden worden afgetrokken.<\/p>\n\n\n\n<p>In essentie heeft de BGH bevestigd wat we al zagen met de eerste uitspraak tegen Volkswagen v\u00f3\u00f3r de&nbsp;<a href=\"https:\/\/www.juve.de\/nachrichten\/verfahren\/2017\/01\/verwerflich-wie-pferdefleisch-lasagne-autokaeufer-siegt-mit-rogert-ulbrich-gegen-volkswagen\" target=\"_blank\" rel=\"noreferrer noopener\">Arrondissementsrechtbank Hildesheim<\/a>&nbsp;en dit jaar behaald met de VW-vergelijking. Wij kijken nu uit naar de definitieve uitspraken \u2013 en naar de volgende BGH-procedure op 28 juli. Dan is er nog de belangrijke vraag naar de verjaringstermijn van schadeclaims. Hoe dan ook, wij blijven trouw aan onze lijn en helpen benadeelde dieselkopers om hun rechten te krijgen.\u201d<\/p>\n\n\n\n<p class=\"has-text-align-left\">Partner Dr. Marco Rogert <\/p>\n<\/div>\n<\/div>\n\n\n\n<section class=\"wp-block-uagb-columns uagb-columns__wrap uagb-columns__background-undefined uagb-columns__stack-mobile uagb-columns__valign-undefined uagb-columns__gap-10 alignundefined uagb-block-a63b8d4d contrast blog_beitraege\"><div class=\"uagb-columns__overlay\"><\/div><div class=\"uagb-columns__inner-wrap uagb-columns__columns-1\">\n<div class=\"wp-block-uagb-column uagb-column__wrap uagb-column__background-undefined uagb-block-6e00ddba\"><div class=\"uagb-column__overlay\"><\/div><div class=\"uagb-column__inner-wrap\">\n<h3 class=\"wp-block-heading\" id=\"das-konnte-sie-auch-interessieren\">Misschien bent u ook ge\u00efnteresseerd in:<\/h3>\n\n\n\n\t\t\t<div class=\"wp-block-uagb-post-grid uagb-post-grid  uagb-post__image-position-top uagb-post__image-enabled uagb-block-ff875f2e     uagb-post__items uagb-post__columns-3 is-grid uagb-post__columns-tablet-2 uagb-post__columns-mobile-1 uagb-post__equal-height\" data-total=\"3\" style=\"\">\n\n\t\t\t\t\t\t\t\t\t\t\t\t<article class=\"uagb-post__inner-wrap\">\t\t\t\t\t\t\t\t<div class='uagb-post__image'>\n\t\t\t\t\t\t\t\t\t<a href=\"https:\/\/ru.law\/nl\/diesel-ueberholt-benzinpreis-jetzt-erst-recht\/\" target=\"_self\" rel=\"bookmark noopener noreferrer\" class='uagb-image-ratio-inherit'><img loading=\"lazy\" decoding=\"async\" width=\"1024\" height=\"576\" src=\"https:\/\/ru.law\/wp-content\/uploads\/2022\/03\/2021-News-Header-1200x675-2972-1024x576.jpg\" class=\"attachment-large size-large\" alt=\"Rogert-Ulbrich-Rechtsanwaelte-Kanzlei-Diesel-Benzin-Preise\" srcset=\"https:\/\/ru.law\/wp-content\/uploads\/2022\/03\/2021-News-Header-1200x675-2972-1024x576.jpg 1024w, https:\/\/ru.law\/wp-content\/uploads\/2022\/03\/2021-News-Header-1200x675-2972-300x169.jpg 300w, https:\/\/ru.law\/wp-content\/uploads\/2022\/03\/2021-News-Header-1200x675-2972-768x432.jpg 768w, https:\/\/ru.law\/wp-content\/uploads\/2022\/03\/2021-News-Header-1200x675-2972.jpg 1200w\" sizes=\"auto, (max-width: 1024px) 100vw, 1024px\" \/>\t\t\t\t\t<\/a>\n\t\t\t\t\t\t\t<\/div>\n\t\t\t\t\t\t<h4 class=\"uagb-post__title uagb-post__text\">\n\t\t\t\t<a href=\"https:\/\/ru.law\/nl\/diesel-ueberholt-benzinpreis-jetzt-erst-recht\/\" target=\"_self\" rel=\"bookmark noopener noreferrer\">Recordprijzen voor diesel - Nu is het moment om uw auto terug te draaien<\/a>\n\t\t\t<\/h4>\n\t\t\t\t\t\t<div class='uagb-post__text uagb-post-grid-byline'>\n\t\t\t\t\t\t\t<\/div>\n\t\t\t\t\t\t\t<div class='uagb-post__text uagb-post__excerpt'>\n\t\t\t\t\t<p>Diesel staat in Duitsland op recordhoogte en ook benzine nadert een\u2026\t\t\t\t<\/div>\n\t\t\t\t\t\t<div class=\"uagb-post__text uagb-post__cta wp-block-button\">\n\t\t\t\t<a class=\"wp-block-button__link uagb-text-link\" style=\"\" href=\"https:\/\/ru.law\/nl\/diesel-ueberholt-benzinpreis-jetzt-erst-recht\/\" target=\"_self\" rel=\"bookmark noopener noreferrer\">Lees meer<\/a>\n\t\t\t<\/div>\n\t\t\t\n\t\t\t\t\t\t\t\t<a class=\"uagb-post__link-complete-box\" href=\"https:\/\/ru.law\/nl\/diesel-ueberholt-benzinpreis-jetzt-erst-recht\/\" target=\"_self\" rel=\"bookmark noopener noreferrer\"><\/a>\n\t\t\t\t\t\t\t<\/article>\n\t\t\t\t\t\t\t\t\t\t\t\t\t\t\t\t<article class=\"uagb-post__inner-wrap\">\t\t\t\t\t\t\t\t<div class='uagb-post__image'>\n\t\t\t\t\t\t\t\t\t<a href=\"https:\/\/ru.law\/nl\/vtdi-abgasskandal-rund-um-vw-audi-und-porsche\/\" target=\"_self\" rel=\"bookmark noopener noreferrer\" class='uagb-image-ratio-inherit'><img loading=\"lazy\" decoding=\"async\" width=\"1024\" height=\"576\" src=\"https:\/\/ru.law\/wp-content\/uploads\/2022\/01\/Rogert-Ulbrich-Rechtsanwaelte-Kanzlei-Abgasskandal-Audi-Verjaehrung-2022-1024x576.jpg\" class=\"attachment-large size-large\" alt=\"\" srcset=\"https:\/\/ru.law\/wp-content\/uploads\/2022\/01\/Rogert-Ulbrich-Rechtsanwaelte-Kanzlei-Abgasskandal-Audi-Verjaehrung-2022-1024x576.jpg 1024w, https:\/\/ru.law\/wp-content\/uploads\/2022\/01\/Rogert-Ulbrich-Rechtsanwaelte-Kanzlei-Abgasskandal-Audi-Verjaehrung-2022-300x169.jpg 300w, https:\/\/ru.law\/wp-content\/uploads\/2022\/01\/Rogert-Ulbrich-Rechtsanwaelte-Kanzlei-Abgasskandal-Audi-Verjaehrung-2022-768x432.jpg 768w, https:\/\/ru.law\/wp-content\/uploads\/2022\/01\/Rogert-Ulbrich-Rechtsanwaelte-Kanzlei-Abgasskandal-Audi-Verjaehrung-2022.jpg 1200w\" sizes=\"auto, (max-width: 1024px) 100vw, 1024px\" \/>\t\t\t\t\t<\/a>\n\t\t\t\t\t\t\t<\/div>\n\t\t\t\t\t\t<h4 class=\"uagb-post__title uagb-post__text\">\n\t\t\t\t<a href=\"https:\/\/ru.law\/nl\/vtdi-abgasskandal-rund-um-vw-audi-und-porsche\/\" target=\"_self\" rel=\"bookmark noopener noreferrer\">VTDI-emissieschandaal waarbij VW, Audi en Porsche betrokken zijn<\/a>\n\t\t\t<\/h4>\n\t\t\t\t\t\t<div class='uagb-post__text uagb-post-grid-byline'>\n\t\t\t\t\t\t\t<\/div>\n\t\t\t\t\t\t\t<div class='uagb-post__text uagb-post__excerpt'>\n\t\t\t\t\t<p>Voor veel Duitse autofabrikanten is het dieselemissieschandaal nog steeds alomtegenwoordig, ook voor de VW Groep\u2026\t\t\t\t<\/div>\n\t\t\t\t\t\t<div class=\"uagb-post__text uagb-post__cta wp-block-button\">\n\t\t\t\t<a class=\"wp-block-button__link uagb-text-link\" style=\"\" href=\"https:\/\/ru.law\/nl\/vtdi-abgasskandal-rund-um-vw-audi-und-porsche\/\" target=\"_self\" rel=\"bookmark noopener noreferrer\">Lees meer<\/a>\n\t\t\t<\/div>\n\t\t\t\n\t\t\t\t\t\t\t\t<a class=\"uagb-post__link-complete-box\" href=\"https:\/\/ru.law\/nl\/vtdi-abgasskandal-rund-um-vw-audi-und-porsche\/\" target=\"_self\" rel=\"bookmark noopener noreferrer\"><\/a>\n\t\t\t\t\t\t\t<\/article>\n\t\t\t\t\t\t\t\t\t\t\t\t\t\t\t\t<article class=\"uagb-post__inner-wrap\">\t\t\t\t\t\t\t\t<div class='uagb-post__image'>\n\t\t\t\t\t\t\t\t\t<a href=\"https:\/\/ru.law\/nl\/olg-koeln-verurteilt-audi-ag\/\" target=\"_self\" rel=\"bookmark noopener noreferrer\" class='uagb-image-ratio-inherit'><img loading=\"lazy\" decoding=\"async\" width=\"1024\" height=\"576\" src=\"https:\/\/ru.law\/wp-content\/uploads\/2021\/09\/rogert-ulbrich-rechtsanwalt-kanzlei-abgasskandal-premium-modelle-porsche-42l-1024x576.jpg\" class=\"attachment-large size-large\" alt=\"\" srcset=\"https:\/\/ru.law\/wp-content\/uploads\/2021\/09\/rogert-ulbrich-rechtsanwalt-kanzlei-abgasskandal-premium-modelle-porsche-42l-1024x576.jpg 1024w, https:\/\/ru.law\/wp-content\/uploads\/2021\/09\/rogert-ulbrich-rechtsanwalt-kanzlei-abgasskandal-premium-modelle-porsche-42l-300x169.jpg 300w, https:\/\/ru.law\/wp-content\/uploads\/2021\/09\/rogert-ulbrich-rechtsanwalt-kanzlei-abgasskandal-premium-modelle-porsche-42l-768x432.jpg 768w, https:\/\/ru.law\/wp-content\/uploads\/2021\/09\/rogert-ulbrich-rechtsanwalt-kanzlei-abgasskandal-premium-modelle-porsche-42l.jpg 1200w\" sizes=\"auto, (max-width: 1024px) 100vw, 1024px\" \/>\t\t\t\t\t<\/a>\n\t\t\t\t\t\t\t<\/div>\n\t\t\t\t\t\t<h4 class=\"uagb-post__title uagb-post__text\">\n\t\t\t\t<a href=\"https:\/\/ru.law\/nl\/olg-koeln-verurteilt-audi-ag\/\" target=\"_self\" rel=\"bookmark noopener noreferrer\">Audi AG moet Porsche Cayenne S terugnemen<\/a>\n\t\t\t<\/h4>\n\t\t\t\t\t\t<div class='uagb-post__text uagb-post-grid-byline'>\n\t\t\t\t\t\t\t<\/div>\n\t\t\t\t\t\t\t<div class='uagb-post__text uagb-post__excerpt'>\n\t\t\t\t\t<p>Audi AG kreeg van het Oberlandesgericht Keulen de opdracht een Porsche Cayenne S 4.2l terug te nemen\u2026.\t\t\t\t<\/div>\n\t\t\t\t\t\t<div class=\"uagb-post__text uagb-post__cta wp-block-button\">\n\t\t\t\t<a class=\"wp-block-button__link uagb-text-link\" style=\"\" href=\"https:\/\/ru.law\/nl\/olg-koeln-verurteilt-audi-ag\/\" target=\"_self\" rel=\"bookmark noopener noreferrer\">Lees meer<\/a>\n\t\t\t<\/div>\n\t\t\t\n\t\t\t\t\t\t\t\t<a class=\"uagb-post__link-complete-box\" href=\"https:\/\/ru.law\/nl\/olg-koeln-verurteilt-audi-ag\/\" target=\"_self\" rel=\"bookmark noopener noreferrer\"><\/a>\n\t\t\t\t\t\t\t<\/article>\n\t\t\t\t\t\t\t\t\t\t\t<\/div>\n\t\t\t\n\n\n<p><\/p>\n<\/div><\/div>\n<\/div><\/section>","protected":false},"excerpt":{"rendered":"<p>Neue BGH-Verfahren im VW-Abgasskandal. In zwei aktuellen Verfahren zum VW-Abgasskandal ist der Bundesgerichtshof (BGH) seiner Linie treu geblieben. Die gute Nachricht f\u00fcr gesch\u00e4digte Dieselk\u00e4ufer: Der [&hellip;]<\/p>\n","protected":false},"author":21,"featured_media":7536,"comment_status":"closed","ping_status":"open","sticky":false,"template":"","format":"standard","meta":{"_uag_custom_page_level_css":"","site-sidebar-layout":"default","site-content-layout":"default","ast-site-content-layout":"default","site-content-style":"default","site-sidebar-style":"default","ast-global-header-display":"","ast-banner-title-visibility":"","ast-main-header-display":"","ast-hfb-above-header-display":"","ast-hfb-below-header-display":"","ast-hfb-mobile-header-display":"","site-post-title":"","ast-breadcrumbs-content":"","ast-featured-img":"","footer-sml-layout":"","ast-disable-related-posts":"","theme-transparent-header-meta":"default","adv-header-id-meta":"","stick-header-meta":"","header-above-stick-meta":"","header-main-stick-meta":"","header-below-stick-meta":"","astra-migrate-meta-layouts":"default","ast-page-background-enabled":"default","ast-page-background-meta":{"desktop":{"background-color":"","background-image":"","background-repeat":"repeat","background-position":"center center","background-size":"auto","background-attachment":"scroll","background-type":"","background-media":"","overlay-type":"","overlay-color":"","overlay-opacity":"","overlay-gradient":""},"tablet":{"background-color":"","background-image":"","background-repeat":"repeat","background-position":"center center","background-size":"auto","background-attachment":"scroll","background-type":"","background-media":"","overlay-type":"","overlay-color":"","overlay-opacity":"","overlay-gradient":""},"mobile":{"background-color":"","background-image":"","background-repeat":"repeat","background-position":"center center","background-size":"auto","background-attachment":"scroll","background-type":"","background-media":"","overlay-type":"","overlay-color":"","overlay-opacity":"","overlay-gradient":""}},"ast-content-background-meta":{"desktop":{"background-color":"var(--ast-global-color-5)","background-image":"","background-repeat":"repeat","background-position":"center center","background-size":"auto","background-attachment":"scroll","background-type":"","background-media":"","overlay-type":"","overlay-color":"","overlay-opacity":"","overlay-gradient":""},"tablet":{"background-color":"var(--ast-global-color-5)","background-image":"","background-repeat":"repeat","background-position":"center center","background-size":"auto","background-attachment":"scroll","background-type":"","background-media":"","overlay-type":"","overlay-color":"","overlay-opacity":"","overlay-gradient":""},"mobile":{"background-color":"var(--ast-global-color-5)","background-image":"","background-repeat":"repeat","background-position":"center center","background-size":"auto","background-attachment":"scroll","background-type":"","background-media":"","overlay-type":"","overlay-color":"","overlay-opacity":"","overlay-gradient":""}},"footnotes":""},"categories":[2,507],"tags":[14,40],"class_list":["post-2291","post","type-post","status-publish","format-standard","has-post-thumbnail","hentry","category-abgasskandal","category-urteile","tag-bgh","tag-software-update"],"yoast_head":"<!-- This site is optimized with the Yoast SEO Premium plugin v27.4 (Yoast SEO v27.4) - https:\/\/yoast.com\/product\/yoast-seo-premium-wordpress\/ -->\n<title>Rechtssicherheit f\u00fcr Dieselk\u00e4ufer: neue Abgasskandal Verfahren - R&amp;U<\/title>\n<meta name=\"description\" content=\"InVerfahren zum VW-Abgasskandal ist der Bundesgerichtshof (BGH) seiner Linie treu geblieben: VW schuldet Dieselk\u00e4ufern Schadensersatz.\" \/>\n<meta name=\"robots\" content=\"index, follow, max-snippet:-1, max-image-preview:large, max-video-preview:-1\" \/>\n<link rel=\"canonical\" href=\"https:\/\/ru.law\/nl\/neue-bgh-verfahren-im-vw-abgasskandal\/\" \/>\n<meta property=\"og:locale\" content=\"nl_NL\" \/>\n<meta property=\"og:type\" content=\"article\" \/>\n<meta property=\"og:title\" content=\"Mehr Rechtssicherheit f\u00fcr Gesch\u00e4digte Dieselk\u00e4ufer, aber auch Begrenzung des Schadensersatzes\" \/>\n<meta property=\"og:description\" content=\"InVerfahren zum VW-Abgasskandal ist der Bundesgerichtshof (BGH) seiner Linie treu geblieben: VW schuldet Dieselk\u00e4ufern Schadensersatz.\" \/>\n<meta property=\"og:url\" content=\"https:\/\/ru.law\/nl\/neue-bgh-verfahren-im-vw-abgasskandal\/\" \/>\n<meta property=\"og:site_name\" content=\"R&amp;U\" \/>\n<meta property=\"article:publisher\" content=\"https:\/\/www.facebook.com\/RogertUlbrich\/\" \/>\n<meta property=\"article:published_time\" content=\"2020-07-22T08:10:00+00:00\" \/>\n<meta property=\"article:modified_time\" content=\"2024-07-08T11:13:01+00:00\" \/>\n<meta property=\"og:image\" content=\"https:\/\/ru.law\/wp-content\/uploads\/2020\/07\/abgasskandal-strategie-1.jpg\" \/>\n\t<meta property=\"og:image:width\" content=\"1200\" \/>\n\t<meta property=\"og:image:height\" content=\"675\" \/>\n\t<meta property=\"og:image:type\" content=\"image\/jpeg\" \/>\n<meta name=\"author\" content=\"Marco Rogert\" \/>\n<meta name=\"twitter:card\" content=\"summary_large_image\" \/>\n<meta name=\"twitter:creator\" content=\"@RogertUlbrich\" \/>\n<meta name=\"twitter:site\" content=\"@RogertUlbrich\" \/>\n<script type=\"application\/ld+json\" class=\"yoast-schema-graph\">{\"@context\":\"https:\\\/\\\/schema.org\",\"@graph\":[{\"@type\":\"Article\",\"@id\":\"https:\\\/\\\/ru.law\\\/neue-bgh-verfahren-im-vw-abgasskandal\\\/#article\",\"isPartOf\":{\"@id\":\"https:\\\/\\\/ru.law\\\/neue-bgh-verfahren-im-vw-abgasskandal\\\/\"},\"author\":{\"name\":\"Marco Rogert\",\"@id\":\"https:\\\/\\\/ru.law\\\/#\\\/schema\\\/person\\\/b020d506e6bbc471b4565d3a98173b87\"},\"headline\":\"Mehr Rechtssicherheit f\u00fcr Gesch\u00e4digte Dieselk\u00e4ufer, aber auch Begrenzung des Schadensersatzes\",\"datePublished\":\"2020-07-22T08:10:00+00:00\",\"dateModified\":\"2024-07-08T11:13:01+00:00\",\"mainEntityOfPage\":{\"@id\":\"https:\\\/\\\/ru.law\\\/neue-bgh-verfahren-im-vw-abgasskandal\\\/\"},\"wordCount\":586,\"publisher\":{\"@id\":\"https:\\\/\\\/ru.law\\\/#organization\"},\"image\":{\"@id\":\"https:\\\/\\\/ru.law\\\/neue-bgh-verfahren-im-vw-abgasskandal\\\/#primaryimage\"},\"thumbnailUrl\":\"https:\\\/\\\/ru.law\\\/wp-content\\\/uploads\\\/2020\\\/07\\\/abgasskandal-strategie-1.jpg\",\"keywords\":[\"BGH\",\"Software-Update\"],\"articleSection\":[\"Abgasskandal\",\"Urteile\"],\"inLanguage\":\"nl-NL\"},{\"@type\":\"WebPage\",\"@id\":\"https:\\\/\\\/ru.law\\\/neue-bgh-verfahren-im-vw-abgasskandal\\\/\",\"url\":\"https:\\\/\\\/ru.law\\\/neue-bgh-verfahren-im-vw-abgasskandal\\\/\",\"name\":\"Rechtssicherheit f\u00fcr Dieselk\u00e4ufer: neue Abgasskandal Verfahren - R&amp;U\",\"isPartOf\":{\"@id\":\"https:\\\/\\\/ru.law\\\/#website\"},\"primaryImageOfPage\":{\"@id\":\"https:\\\/\\\/ru.law\\\/neue-bgh-verfahren-im-vw-abgasskandal\\\/#primaryimage\"},\"image\":{\"@id\":\"https:\\\/\\\/ru.law\\\/neue-bgh-verfahren-im-vw-abgasskandal\\\/#primaryimage\"},\"thumbnailUrl\":\"https:\\\/\\\/ru.law\\\/wp-content\\\/uploads\\\/2020\\\/07\\\/abgasskandal-strategie-1.jpg\",\"datePublished\":\"2020-07-22T08:10:00+00:00\",\"dateModified\":\"2024-07-08T11:13:01+00:00\",\"description\":\"InVerfahren zum VW-Abgasskandal ist der Bundesgerichtshof (BGH) seiner Linie treu geblieben: VW schuldet Dieselk\u00e4ufern Schadensersatz.\",\"breadcrumb\":{\"@id\":\"https:\\\/\\\/ru.law\\\/neue-bgh-verfahren-im-vw-abgasskandal\\\/#breadcrumb\"},\"inLanguage\":\"nl-NL\",\"potentialAction\":[{\"@type\":\"ReadAction\",\"target\":[\"https:\\\/\\\/ru.law\\\/neue-bgh-verfahren-im-vw-abgasskandal\\\/\"]}]},{\"@type\":\"ImageObject\",\"inLanguage\":\"nl-NL\",\"@id\":\"https:\\\/\\\/ru.law\\\/neue-bgh-verfahren-im-vw-abgasskandal\\\/#primaryimage\",\"url\":\"https:\\\/\\\/ru.law\\\/wp-content\\\/uploads\\\/2020\\\/07\\\/abgasskandal-strategie-1.jpg\",\"contentUrl\":\"https:\\\/\\\/ru.law\\\/wp-content\\\/uploads\\\/2020\\\/07\\\/abgasskandal-strategie-1.jpg\",\"width\":1200,\"height\":675,\"caption\":\"Abgasskandal-Strategie\"},{\"@type\":\"BreadcrumbList\",\"@id\":\"https:\\\/\\\/ru.law\\\/neue-bgh-verfahren-im-vw-abgasskandal\\\/#breadcrumb\",\"itemListElement\":[{\"@type\":\"ListItem\",\"position\":1,\"name\":\"Startseite\",\"item\":\"https:\\\/\\\/ru.law\\\/\"},{\"@type\":\"ListItem\",\"position\":2,\"name\":\"Mehr Rechtssicherheit f\u00fcr Gesch\u00e4digte Dieselk\u00e4ufer, aber auch Begrenzung des Schadensersatzes\"}]},{\"@type\":\"WebSite\",\"@id\":\"https:\\\/\\\/ru.law\\\/#website\",\"url\":\"https:\\\/\\\/ru.law\\\/\",\"name\":\"R&U\",\"description\":\"Verbraucheranw\u00e4lte\",\"publisher\":{\"@id\":\"https:\\\/\\\/ru.law\\\/#organization\"},\"alternateName\":\"Rogert & Ulbrich\",\"potentialAction\":[{\"@type\":\"SearchAction\",\"target\":{\"@type\":\"EntryPoint\",\"urlTemplate\":\"https:\\\/\\\/ru.law\\\/?s={search_term_string}\"},\"query-input\":{\"@type\":\"PropertyValueSpecification\",\"valueRequired\":true,\"valueName\":\"search_term_string\"}}],\"inLanguage\":\"nl-NL\"},{\"@type\":\"Organization\",\"@id\":\"https:\\\/\\\/ru.law\\\/#organization\",\"name\":\"Kanzlei Rogert & Ulbrich\",\"url\":\"https:\\\/\\\/ru.law\\\/\",\"logo\":{\"@type\":\"ImageObject\",\"inLanguage\":\"nl-NL\",\"@id\":\"https:\\\/\\\/ru.law\\\/#\\\/schema\\\/logo\\\/image\\\/\",\"url\":\"https:\\\/\\\/ru.law\\\/wp-content\\\/uploads\\\/2020\\\/12\\\/logo-ru-law.svg\",\"contentUrl\":\"https:\\\/\\\/ru.law\\\/wp-content\\\/uploads\\\/2020\\\/12\\\/logo-ru-law.svg\",\"width\":992,\"height\":259,\"caption\":\"Kanzlei Rogert & Ulbrich\"},\"image\":{\"@id\":\"https:\\\/\\\/ru.law\\\/#\\\/schema\\\/logo\\\/image\\\/\"},\"sameAs\":[\"https:\\\/\\\/www.facebook.com\\\/RogertUlbrich\\\/\",\"https:\\\/\\\/x.com\\\/RogertUlbrich\",\"https:\\\/\\\/www.instagram.com\\\/rogertulbrich\\\/\",\"https:\\\/\\\/www.linkedin.com\\\/company\\\/rogert-ulbrich\\\/\",\"https:\\\/\\\/www.youtube.com\\\/channel\\\/UCganCgpvwpPFqMFf1vVmG2A\"]},{\"@type\":\"Person\",\"@id\":\"https:\\\/\\\/ru.law\\\/#\\\/schema\\\/person\\\/b020d506e6bbc471b4565d3a98173b87\",\"name\":\"Marco Rogert\",\"url\":\"https:\\\/\\\/ru.law\\\/nl\\\/author\\\/rogertru-law\\\/\"}]}<\/script>\n<!-- \/ Yoast SEO Premium plugin. -->","yoast_head_json":{"title":"Rechtssicherheit f\u00fcr Dieselk\u00e4ufer: neue Abgasskandal Verfahren - R&amp;U","description":"InVerfahren zum VW-Abgasskandal ist der Bundesgerichtshof (BGH) seiner Linie treu geblieben: VW schuldet Dieselk\u00e4ufern Schadensersatz.","robots":{"index":"index","follow":"follow","max-snippet":"max-snippet:-1","max-image-preview":"max-image-preview:large","max-video-preview":"max-video-preview:-1"},"canonical":"https:\/\/ru.law\/nl\/neue-bgh-verfahren-im-vw-abgasskandal\/","og_locale":"nl_NL","og_type":"article","og_title":"Mehr Rechtssicherheit f\u00fcr Gesch\u00e4digte Dieselk\u00e4ufer, aber auch Begrenzung des Schadensersatzes","og_description":"InVerfahren zum VW-Abgasskandal ist der Bundesgerichtshof (BGH) seiner Linie treu geblieben: VW schuldet Dieselk\u00e4ufern Schadensersatz.","og_url":"https:\/\/ru.law\/nl\/neue-bgh-verfahren-im-vw-abgasskandal\/","og_site_name":"R&amp;U","article_publisher":"https:\/\/www.facebook.com\/RogertUlbrich\/","article_published_time":"2020-07-22T08:10:00+00:00","article_modified_time":"2024-07-08T11:13:01+00:00","og_image":[{"width":1200,"height":675,"url":"https:\/\/ru.law\/wp-content\/uploads\/2020\/07\/abgasskandal-strategie-1.jpg","type":"image\/jpeg"}],"author":"Marco Rogert","twitter_card":"summary_large_image","twitter_creator":"@RogertUlbrich","twitter_site":"@RogertUlbrich","schema":{"@context":"https:\/\/schema.org","@graph":[{"@type":"Article","@id":"https:\/\/ru.law\/neue-bgh-verfahren-im-vw-abgasskandal\/#article","isPartOf":{"@id":"https:\/\/ru.law\/neue-bgh-verfahren-im-vw-abgasskandal\/"},"author":{"name":"Marco Rogert","@id":"https:\/\/ru.law\/#\/schema\/person\/b020d506e6bbc471b4565d3a98173b87"},"headline":"Mehr Rechtssicherheit f\u00fcr Gesch\u00e4digte Dieselk\u00e4ufer, aber auch Begrenzung des Schadensersatzes","datePublished":"2020-07-22T08:10:00+00:00","dateModified":"2024-07-08T11:13:01+00:00","mainEntityOfPage":{"@id":"https:\/\/ru.law\/neue-bgh-verfahren-im-vw-abgasskandal\/"},"wordCount":586,"publisher":{"@id":"https:\/\/ru.law\/#organization"},"image":{"@id":"https:\/\/ru.law\/neue-bgh-verfahren-im-vw-abgasskandal\/#primaryimage"},"thumbnailUrl":"https:\/\/ru.law\/wp-content\/uploads\/2020\/07\/abgasskandal-strategie-1.jpg","keywords":["BGH","Software-Update"],"articleSection":["Abgasskandal","Urteile"],"inLanguage":"nl-NL"},{"@type":"WebPage","@id":"https:\/\/ru.law\/neue-bgh-verfahren-im-vw-abgasskandal\/","url":"https:\/\/ru.law\/neue-bgh-verfahren-im-vw-abgasskandal\/","name":"Rechtssicherheit f\u00fcr Dieselk\u00e4ufer: neue Abgasskandal Verfahren - R&amp;U","isPartOf":{"@id":"https:\/\/ru.law\/#website"},"primaryImageOfPage":{"@id":"https:\/\/ru.law\/neue-bgh-verfahren-im-vw-abgasskandal\/#primaryimage"},"image":{"@id":"https:\/\/ru.law\/neue-bgh-verfahren-im-vw-abgasskandal\/#primaryimage"},"thumbnailUrl":"https:\/\/ru.law\/wp-content\/uploads\/2020\/07\/abgasskandal-strategie-1.jpg","datePublished":"2020-07-22T08:10:00+00:00","dateModified":"2024-07-08T11:13:01+00:00","description":"InVerfahren zum VW-Abgasskandal ist der Bundesgerichtshof (BGH) seiner Linie treu geblieben: VW schuldet Dieselk\u00e4ufern Schadensersatz.","breadcrumb":{"@id":"https:\/\/ru.law\/neue-bgh-verfahren-im-vw-abgasskandal\/#breadcrumb"},"inLanguage":"nl-NL","potentialAction":[{"@type":"ReadAction","target":["https:\/\/ru.law\/neue-bgh-verfahren-im-vw-abgasskandal\/"]}]},{"@type":"ImageObject","inLanguage":"nl-NL","@id":"https:\/\/ru.law\/neue-bgh-verfahren-im-vw-abgasskandal\/#primaryimage","url":"https:\/\/ru.law\/wp-content\/uploads\/2020\/07\/abgasskandal-strategie-1.jpg","contentUrl":"https:\/\/ru.law\/wp-content\/uploads\/2020\/07\/abgasskandal-strategie-1.jpg","width":1200,"height":675,"caption":"Abgasskandal-Strategie"},{"@type":"BreadcrumbList","@id":"https:\/\/ru.law\/neue-bgh-verfahren-im-vw-abgasskandal\/#breadcrumb","itemListElement":[{"@type":"ListItem","position":1,"name":"Startseite","item":"https:\/\/ru.law\/"},{"@type":"ListItem","position":2,"name":"Mehr Rechtssicherheit f\u00fcr Gesch\u00e4digte Dieselk\u00e4ufer, aber auch Begrenzung des Schadensersatzes"}]},{"@type":"WebSite","@id":"https:\/\/ru.law\/#website","url":"https:\/\/ru.law\/","name":"R&amp;U","description":"Consumentenadvocaten","publisher":{"@id":"https:\/\/ru.law\/#organization"},"alternateName":"Rogert & Ulbrich","potentialAction":[{"@type":"SearchAction","target":{"@type":"EntryPoint","urlTemplate":"https:\/\/ru.law\/?s={search_term_string}"},"query-input":{"@type":"PropertyValueSpecification","valueRequired":true,"valueName":"search_term_string"}}],"inLanguage":"nl-NL"},{"@type":"Organization","@id":"https:\/\/ru.law\/#organization","name":"Advocatenkantoor Rogert &amp; Ulbrich","url":"https:\/\/ru.law\/","logo":{"@type":"ImageObject","inLanguage":"nl-NL","@id":"https:\/\/ru.law\/#\/schema\/logo\/image\/","url":"https:\/\/ru.law\/wp-content\/uploads\/2020\/12\/logo-ru-law.svg","contentUrl":"https:\/\/ru.law\/wp-content\/uploads\/2020\/12\/logo-ru-law.svg","width":992,"height":259,"caption":"Kanzlei Rogert & Ulbrich"},"image":{"@id":"https:\/\/ru.law\/#\/schema\/logo\/image\/"},"sameAs":["https:\/\/www.facebook.com\/RogertUlbrich\/","https:\/\/x.com\/RogertUlbrich","https:\/\/www.instagram.com\/rogertulbrich\/","https:\/\/www.linkedin.com\/company\/rogert-ulbrich\/","https:\/\/www.youtube.com\/channel\/UCganCgpvwpPFqMFf1vVmG2A"]},{"@type":"Person","@id":"https:\/\/ru.law\/#\/schema\/person\/b020d506e6bbc471b4565d3a98173b87","name":"Marco Rogert","url":"https:\/\/ru.law\/nl\/author\/rogertru-law\/"}]}},"uagb_featured_image_src":{"full":["https:\/\/ru.law\/wp-content\/uploads\/2020\/07\/abgasskandal-strategie-1.jpg",1200,675,false],"thumbnail":["https:\/\/ru.law\/wp-content\/uploads\/2020\/07\/abgasskandal-strategie-1-150x150.jpg",96,96,true],"medium":["https:\/\/ru.law\/wp-content\/uploads\/2020\/07\/abgasskandal-strategie-1-300x169.jpg",300,169,true],"medium_large":["https:\/\/ru.law\/wp-content\/uploads\/2020\/07\/abgasskandal-strategie-1-768x432.jpg",768,432,true],"large":["https:\/\/ru.law\/wp-content\/uploads\/2020\/07\/abgasskandal-strategie-1-1024x576.jpg",1024,576,true],"1536x1536":["https:\/\/ru.law\/wp-content\/uploads\/2020\/07\/abgasskandal-strategie-1.jpg",1200,675,false],"2048x2048":["https:\/\/ru.law\/wp-content\/uploads\/2020\/07\/abgasskandal-strategie-1.jpg",1200,675,false],"trp-custom-language-flag":["https:\/\/ru.law\/wp-content\/uploads\/2020\/07\/abgasskandal-strategie-1.jpg",18,10,false]},"uagb_author_info":{"display_name":"Marco Rogert","author_link":"https:\/\/ru.law\/nl\/author\/rogertru-law\/"},"uagb_comment_info":0,"uagb_excerpt":"Neue BGH-Verfahren im VW-Abgasskandal. In zwei aktuellen Verfahren zum VW-Abgasskandal ist der Bundesgerichtshof (BGH) seiner Linie treu geblieben. Die gute Nachricht f\u00fcr gesch\u00e4digte Dieselk\u00e4ufer: Der [&hellip;]","_links":{"self":[{"href":"https:\/\/ru.law\/nl\/wp-json\/wp\/v2\/posts\/2291","targetHints":{"allow":["GET"]}}],"collection":[{"href":"https:\/\/ru.law\/nl\/wp-json\/wp\/v2\/posts"}],"about":[{"href":"https:\/\/ru.law\/nl\/wp-json\/wp\/v2\/types\/post"}],"author":[{"embeddable":true,"href":"https:\/\/ru.law\/nl\/wp-json\/wp\/v2\/users\/21"}],"replies":[{"embeddable":true,"href":"https:\/\/ru.law\/nl\/wp-json\/wp\/v2\/comments?post=2291"}],"version-history":[{"count":0,"href":"https:\/\/ru.law\/nl\/wp-json\/wp\/v2\/posts\/2291\/revisions"}],"wp:featuredmedia":[{"embeddable":true,"href":"https:\/\/ru.law\/nl\/wp-json\/wp\/v2\/media\/7536"}],"wp:attachment":[{"href":"https:\/\/ru.law\/nl\/wp-json\/wp\/v2\/media?parent=2291"}],"wp:term":[{"taxonomy":"category","embeddable":true,"href":"https:\/\/ru.law\/nl\/wp-json\/wp\/v2\/categories?post=2291"},{"taxonomy":"post_tag","embeddable":true,"href":"https:\/\/ru.law\/nl\/wp-json\/wp\/v2\/tags?post=2291"}],"curies":[{"name":"wp","href":"https:\/\/api.w.org\/{rel}","templated":true}]}}