{"id":22831,"date":"2021-11-26T11:08:16","date_gmt":"2021-11-26T10:08:16","guid":{"rendered":"https:\/\/ru.law\/?p=22831"},"modified":"2024-07-08T13:12:07","modified_gmt":"2024-07-08T11:12:07","slug":"rogert-ulbrich-erstreitet-weiteren-erfolg-vor-dem-bgh","status":"publish","type":"post","link":"https:\/\/ru.law\/nl\/rogert-ulbrich-erstreitet-weiteren-erfolg-vor-dem-bgh\/","title":{"rendered":"Rogert &amp; Ulbrich boekt verder succes bij het Federale Hof van Justitie"},"content":{"rendered":"<p>Het Bundesgerichtshof (BGH) heeft in vier procedures bevestigd dat Audi AG ook verantwoordelijk is voor het gebruik van de EA189-motoren van VW. E\u00e9n van de vier procedures (BGH van 25 november 2021, zaaknummer VII ZR 257\/20) werd door ons gevoerd. Als resultaat hiervan konden we een <a href=\"https:\/\/ru.law\/nl\/expertise\/abgasskandal\/audi-diesel\/#modelle\">terugbetaling van \u20ac 29.970<\/a> vechten voor.<\/p>\n\n\n\n<p>De regionale rechtbank van Ingolstadt en de hogere regionale rechtbank van M\u00fcnchen waren eerder al tot de conclusie gekomen dat minstens \u00e9\u00e9n verantwoordelijke bij Audi AG op de hoogte was van de manipulatie van de EA189-motoren van het moederbedrijf VW en dat de voertuigen desondanks werden verkocht; Nu moet het dochterbedrijf in Ingolstadt daarvoor verantwoording afleggen. <\/p>\n\n\n\n<h2 class=\"wp-block-heading\">Rogert &amp; Ulbrich biedt concrete aanwijzingen<\/h2>\n\n\n\n<p>In een eerdere procedure heeft het Bundesgerichtshof de rechtszaken tegen Audi AG afgewezen, omdat er geen concreet bewijs was dat een verantwoordelijke bij Audi AG op de hoogte was van de illegale manipulatie-instrumenten. Wij van Rogert &amp; Ulbrich konden echter voldoende bewijs leveren, zodat de<a href=\"https:\/\/ru.law\/nl\/expertise\/abgasskandal\/audi-diesel\/#erstberatung\"> vordering van onze eiser<\/a> schadevergoeding werd ge\u00ebist.<\/p>\n\n\n\n<h3 class=\"wp-block-heading\">Rogert &amp; Ulbrich beveelt aan<\/h3>\n\n\n\n<p>Sinds 2007 voeren wij namens consumenten landelijke strijd tegen grote ondernemingen. Dankzij de eigen database van ons kantoor kunnen wij de meest optimale processtrategie met de grootste kans op succes identificeren. Ons <a href=\"https:\/\/ru.law\/nl\/expertise\/abgasskandal\/3-liter-motoren\/#erstberatung\">eerste consult <\/a>is gratis en vrijblijvend. <a href=\"https:\/\/ru.law\/nl\/expertise\/abgasskandal\/3-liter-motoren\/#mandat\">Vraag vrijblijvend advies.<\/a> <\/p>\n\n\n\n<section class=\"wp-block-uagb-columns uagb-columns__wrap uagb-columns__background-undefined uagb-columns__stack-mobile uagb-columns__valign-undefined uagb-columns__gap-10 alignundefined uagb-block-60c8d531 contrast blog_beitraege\"><div class=\"uagb-columns__overlay\"><\/div><div class=\"uagb-columns__inner-wrap uagb-columns__columns-1\">\n<div class=\"wp-block-uagb-column uagb-column__wrap uagb-column__background-undefined uagb-block-b9b7c87a\"><div class=\"uagb-column__overlay\"><\/div><div class=\"uagb-column__inner-wrap\">\n<h3 class=\"wp-block-heading\" id=\"h-das-konnte-sie-auch-interessieren\">Misschien bent u ook ge\u00efnteresseerd in:<\/h3>\n\n\n\n\t\t\t<div class=\"wp-block-uagb-post-grid uagb-post-grid  uagb-post__image-position-top uagb-post__image-enabled uagb-block-455ef5ea     uagb-post__items uagb-post__columns-3 is-grid uagb-post__columns-tablet-2 uagb-post__columns-mobile-1 uagb-post__equal-height\" data-total=\"12\" style=\"\">\n\n\t\t\t\t\t\t\t\t\t\t\t\t<article class=\"uagb-post__inner-wrap\">\t\t\t\t\t\t\t\t<div class='uagb-post__image'>\n\t\t\t\t\t\t\t\t\t<a href=\"https:\/\/ru.law\/nl\/zahlreiche-positive-urteile-fuer-verbraucher-am-landgericht-ingolstadt\/\" target=\"_self\" rel=\"bookmark noopener noreferrer\" class='uagb-image-ratio-inherit'><img loading=\"lazy\" decoding=\"async\" width=\"1024\" height=\"576\" src=\"https:\/\/ru.law\/wp-content\/uploads\/2021\/01\/audi-a6-1024x576.jpg\" class=\"attachment-large size-large\" alt=\"\" srcset=\"https:\/\/ru.law\/wp-content\/uploads\/2021\/01\/audi-a6-1024x576.jpg 1024w, https:\/\/ru.law\/wp-content\/uploads\/2021\/01\/audi-a6-300x169.jpg 300w, https:\/\/ru.law\/wp-content\/uploads\/2021\/01\/audi-a6-768x432.jpg 768w, https:\/\/ru.law\/wp-content\/uploads\/2021\/01\/audi-a6.jpg 1200w\" sizes=\"auto, (max-width: 1024px) 100vw, 1024px\" \/>\t\t\t\t\t<\/a>\n\t\t\t\t\t\t\t<\/div>\n\t\t\t\t\t\t<h4 class=\"uagb-post__title uagb-post__text\">\n\t\t\t\t<a href=\"https:\/\/ru.law\/nl\/zahlreiche-positive-urteile-fuer-verbraucher-am-landgericht-ingolstadt\/\" target=\"_self\" rel=\"bookmark noopener noreferrer\">Talrijke positieve uitspraken voor consumenten bij de regionale rechtbank van Ingolstadt<\/a>\n\t\t\t<\/h4>\n\t\t\t\t\t\t<div class='uagb-post__text uagb-post-grid-byline'>\n\t\t\t\t\t\t\t<\/div>\n\t\t\t\t\t\t\t<div class='uagb-post__text uagb-post__excerpt'>\n\t\t\t\t\t<p>Audi AG werd in januari 2021 meerdere malen veroordeeld tot het betalen van schadevergoeding. In een recente uitspraak van 15 januari 2021,\u2026\t\t\t\t<\/div>\n\t\t\t\n\t\t\t\t\t\t\t\t\t<\/article>\n\t\t\t\t\t\t\t\t\t\t\t\t\t\t\t\t<article class=\"uagb-post__inner-wrap\">\t\t\t\t\t\t\t\t<div class='uagb-post__image'>\n\t\t\t\t\t\t\t\t\t<a href=\"https:\/\/ru.law\/nl\/vtdi-abgasskandal-rund-um-vw-audi-und-porsche\/\" target=\"_self\" rel=\"bookmark noopener noreferrer\" class='uagb-image-ratio-inherit'><img loading=\"lazy\" decoding=\"async\" width=\"1024\" height=\"576\" src=\"https:\/\/ru.law\/wp-content\/uploads\/2022\/01\/Rogert-Ulbrich-Rechtsanwaelte-Kanzlei-Abgasskandal-Audi-Verjaehrung-2022-1024x576.jpg\" class=\"attachment-large size-large\" alt=\"\" srcset=\"https:\/\/ru.law\/wp-content\/uploads\/2022\/01\/Rogert-Ulbrich-Rechtsanwaelte-Kanzlei-Abgasskandal-Audi-Verjaehrung-2022-1024x576.jpg 1024w, https:\/\/ru.law\/wp-content\/uploads\/2022\/01\/Rogert-Ulbrich-Rechtsanwaelte-Kanzlei-Abgasskandal-Audi-Verjaehrung-2022-300x169.jpg 300w, https:\/\/ru.law\/wp-content\/uploads\/2022\/01\/Rogert-Ulbrich-Rechtsanwaelte-Kanzlei-Abgasskandal-Audi-Verjaehrung-2022-768x432.jpg 768w, https:\/\/ru.law\/wp-content\/uploads\/2022\/01\/Rogert-Ulbrich-Rechtsanwaelte-Kanzlei-Abgasskandal-Audi-Verjaehrung-2022.jpg 1200w\" sizes=\"auto, (max-width: 1024px) 100vw, 1024px\" \/>\t\t\t\t\t<\/a>\n\t\t\t\t\t\t\t<\/div>\n\t\t\t\t\t\t<h4 class=\"uagb-post__title uagb-post__text\">\n\t\t\t\t<a href=\"https:\/\/ru.law\/nl\/vtdi-abgasskandal-rund-um-vw-audi-und-porsche\/\" target=\"_self\" rel=\"bookmark noopener noreferrer\">VTDI-emissieschandaal waarbij VW, Audi en Porsche betrokken zijn<\/a>\n\t\t\t<\/h4>\n\t\t\t\t\t\t<div class='uagb-post__text uagb-post-grid-byline'>\n\t\t\t\t\t\t\t<\/div>\n\t\t\t\t\t\t\t<div class='uagb-post__text uagb-post__excerpt'>\n\t\t\t\t\t<p>Voor veel Duitse autofabrikanten is het dieselemissieschandaal nog steeds alomtegenwoordig, ook voor de VW Groep\u2026\t\t\t\t<\/div>\n\t\t\t\n\t\t\t\t\t\t\t\t\t<\/article>\n\t\t\t\t\t\t\t\t\t\t\t\t\t\t\t\t<article class=\"uagb-post__inner-wrap\">\t\t\t\t\t\t\t\t<div class='uagb-post__image'>\n\t\t\t\t\t\t\t\t\t<a href=\"https:\/\/ru.law\/nl\/verjaehrung-im-audi-abgasskandal-zum-ende-des-jahres-2021\/\" target=\"_self\" rel=\"bookmark noopener noreferrer\" class='uagb-image-ratio-inherit'><img loading=\"lazy\" decoding=\"async\" width=\"1024\" height=\"576\" src=\"https:\/\/ru.law\/wp-content\/uploads\/2021\/12\/Rogert-Ulbrich-Rechtsanwaelte-Kanzlei-Abgasskandal-Audi-Verjaehrung-3-Liter-1024x576.jpg\" class=\"attachment-large size-large\" alt=\"\" srcset=\"https:\/\/ru.law\/wp-content\/uploads\/2021\/12\/Rogert-Ulbrich-Rechtsanwaelte-Kanzlei-Abgasskandal-Audi-Verjaehrung-3-Liter-1024x576.jpg 1024w, https:\/\/ru.law\/wp-content\/uploads\/2021\/12\/Rogert-Ulbrich-Rechtsanwaelte-Kanzlei-Abgasskandal-Audi-Verjaehrung-3-Liter-300x169.jpg 300w, https:\/\/ru.law\/wp-content\/uploads\/2021\/12\/Rogert-Ulbrich-Rechtsanwaelte-Kanzlei-Abgasskandal-Audi-Verjaehrung-3-Liter-768x432.jpg 768w, https:\/\/ru.law\/wp-content\/uploads\/2021\/12\/Rogert-Ulbrich-Rechtsanwaelte-Kanzlei-Abgasskandal-Audi-Verjaehrung-3-Liter.jpg 1200w\" sizes=\"auto, (max-width: 1024px) 100vw, 1024px\" \/>\t\t\t\t\t<\/a>\n\t\t\t\t\t\t\t<\/div>\n\t\t\t\t\t\t<h4 class=\"uagb-post__title uagb-post__text\">\n\t\t\t\t<a href=\"https:\/\/ru.law\/nl\/verjaehrung-im-audi-abgasskandal-zum-ende-des-jahres-2021\/\" target=\"_self\" rel=\"bookmark noopener noreferrer\">Verjaringstermijn in het Audi-emissieschandaal eind 2021<\/a>\n\t\t\t<\/h4>\n\t\t\t\t\t\t<div class='uagb-post__text uagb-post-grid-byline'>\n\t\t\t\t\t\t\t<\/div>\n\t\t\t\t\t\t\t<div class='uagb-post__text uagb-post__excerpt'>\n\t\t\t\t\t<p>Sinds 2018 heeft de Bundesautomobilausstellung (KBA) al talrijke terugroepacties onder de terugroepcode 23X6 bevolen, omdat\u2026\t\t\t\t<\/div>\n\t\t\t\n\t\t\t\t\t\t\t\t\t<\/article>\n\t\t\t\t\t\t\t\t\t\t\t<\/div>\n\t\t\t<\/div><\/div>\n<\/div><\/section>\n\n\n\n<p><\/p>","protected":false},"excerpt":{"rendered":"<p>Der Bundesgerichtshof (BGH) hat in vier Verfahren best\u00e4tigt, dass die Audi AG auch f\u00fcr die Verwendung der EA189-Motoren von VW gerade zu stehen hat. Eines [&hellip;]<\/p>\n","protected":false},"author":21,"featured_media":22839,"comment_status":"closed","ping_status":"open","sticky":false,"template":"","format":"standard","meta":{"_uag_custom_page_level_css":"","site-sidebar-layout":"default","site-content-layout":"","ast-site-content-layout":"default","site-content-style":"default","site-sidebar-style":"default","ast-global-header-display":"","ast-banner-title-visibility":"","ast-main-header-display":"","ast-hfb-above-header-display":"","ast-hfb-below-header-display":"","ast-hfb-mobile-header-display":"","site-post-title":"","ast-breadcrumbs-content":"","ast-featured-img":"","footer-sml-layout":"","ast-disable-related-posts":"","theme-transparent-header-meta":"","adv-header-id-meta":"","stick-header-meta":"","header-above-stick-meta":"","header-main-stick-meta":"","header-below-stick-meta":"","astra-migrate-meta-layouts":"default","ast-page-background-enabled":"default","ast-page-background-meta":{"desktop":{"background-color":"","background-image":"","background-repeat":"repeat","background-position":"center center","background-size":"auto","background-attachment":"scroll","background-type":"","background-media":"","overlay-type":"","overlay-color":"","overlay-opacity":"","overlay-gradient":""},"tablet":{"background-color":"","background-image":"","background-repeat":"repeat","background-position":"center center","background-size":"auto","background-attachment":"scroll","background-type":"","background-media":"","overlay-type":"","overlay-color":"","overlay-opacity":"","overlay-gradient":""},"mobile":{"background-color":"","background-image":"","background-repeat":"repeat","background-position":"center center","background-size":"auto","background-attachment":"scroll","background-type":"","background-media":"","overlay-type":"","overlay-color":"","overlay-opacity":"","overlay-gradient":""}},"ast-content-background-meta":{"desktop":{"background-color":"var(--ast-global-color-5)","background-image":"","background-repeat":"repeat","background-position":"center center","background-size":"auto","background-attachment":"scroll","background-type":"","background-media":"","overlay-type":"","overlay-color":"","overlay-opacity":"","overlay-gradient":""},"tablet":{"background-color":"var(--ast-global-color-5)","background-image":"","background-repeat":"repeat","background-position":"center center","background-size":"auto","background-attachment":"scroll","background-type":"","background-media":"","overlay-type":"","overlay-color":"","overlay-opacity":"","overlay-gradient":""},"mobile":{"background-color":"var(--ast-global-color-5)","background-image":"","background-repeat":"repeat","background-position":"center center","background-size":"auto","background-attachment":"scroll","background-type":"","background-media":"","overlay-type":"","overlay-color":"","overlay-opacity":"","overlay-gradient":""}},"footnotes":""},"categories":[2,507],"tags":[9,14],"class_list":["post-22831","post","type-post","status-publish","format-standard","has-post-thumbnail","hentry","category-abgasskandal","category-urteile","tag-audi","tag-bgh"],"yoast_head":"<!-- This site is optimized with the Yoast SEO Premium plugin v27.4 (Yoast SEO v27.4) - https:\/\/yoast.com\/product\/yoast-seo-premium-wordpress\/ -->\n<title>Rogert &amp; Ulbrich erstreitet weiteren Erfolg vor dem BGH - R&amp;U<\/title>\n<meta name=\"description\" content=\"Rogert &amp; Ulbrich: Der BGH hat in 4 Verfahren best\u00e4tigt, dass die Audi AG auch f\u00fcr die Verwendung der VW-Motoren gerade zu stehen hat.\" \/>\n<meta name=\"robots\" content=\"index, follow, max-snippet:-1, max-image-preview:large, max-video-preview:-1\" \/>\n<link rel=\"canonical\" href=\"https:\/\/ru.law\/nl\/rogert-ulbrich-erstreitet-weiteren-erfolg-vor-dem-bgh\/\" \/>\n<meta property=\"og:locale\" content=\"nl_NL\" \/>\n<meta property=\"og:type\" content=\"article\" \/>\n<meta property=\"og:title\" content=\"Rogert &amp; Ulbrich erstreitet weiteren Erfolg vor dem BGH\" \/>\n<meta property=\"og:description\" content=\"Rogert &amp; Ulbrich: Der BGH hat in 4 Verfahren best\u00e4tigt, dass die Audi AG auch f\u00fcr die Verwendung der VW-Motoren gerade zu stehen hat.\" \/>\n<meta property=\"og:url\" content=\"https:\/\/ru.law\/nl\/rogert-ulbrich-erstreitet-weiteren-erfolg-vor-dem-bgh\/\" \/>\n<meta property=\"og:site_name\" content=\"R&amp;U\" \/>\n<meta property=\"article:publisher\" content=\"https:\/\/www.facebook.com\/RogertUlbrich\/\" \/>\n<meta property=\"article:published_time\" content=\"2021-11-26T10:08:16+00:00\" \/>\n<meta property=\"article:modified_time\" content=\"2024-07-08T11:12:07+00:00\" \/>\n<meta property=\"og:image\" content=\"https:\/\/ru.law\/wp-content\/uploads\/2021\/11\/Rogert-und-Ulbrich-Rechtsanaelte-Kanzlei-Audi-BGH-1.jpg\" \/>\n\t<meta property=\"og:image:width\" content=\"1200\" \/>\n\t<meta property=\"og:image:height\" content=\"675\" \/>\n\t<meta property=\"og:image:type\" content=\"image\/jpeg\" \/>\n<meta name=\"author\" content=\"Marco Rogert\" \/>\n<meta name=\"twitter:card\" content=\"summary_large_image\" \/>\n<meta name=\"twitter:creator\" content=\"@RogertUlbrich\" \/>\n<meta name=\"twitter:site\" content=\"@RogertUlbrich\" \/>\n<script type=\"application\/ld+json\" class=\"yoast-schema-graph\">{\"@context\":\"https:\\\/\\\/schema.org\",\"@graph\":[{\"@type\":\"Article\",\"@id\":\"https:\\\/\\\/ru.law\\\/rogert-ulbrich-erstreitet-weiteren-erfolg-vor-dem-bgh\\\/#article\",\"isPartOf\":{\"@id\":\"https:\\\/\\\/ru.law\\\/rogert-ulbrich-erstreitet-weiteren-erfolg-vor-dem-bgh\\\/\"},\"author\":{\"name\":\"Marco Rogert\",\"@id\":\"https:\\\/\\\/ru.law\\\/#\\\/schema\\\/person\\\/b020d506e6bbc471b4565d3a98173b87\"},\"headline\":\"Rogert &amp; Ulbrich erstreitet weiteren Erfolg vor dem BGH\",\"datePublished\":\"2021-11-26T10:08:16+00:00\",\"dateModified\":\"2024-07-08T11:12:07+00:00\",\"mainEntityOfPage\":{\"@id\":\"https:\\\/\\\/ru.law\\\/rogert-ulbrich-erstreitet-weiteren-erfolg-vor-dem-bgh\\\/\"},\"wordCount\":232,\"publisher\":{\"@id\":\"https:\\\/\\\/ru.law\\\/#organization\"},\"image\":{\"@id\":\"https:\\\/\\\/ru.law\\\/rogert-ulbrich-erstreitet-weiteren-erfolg-vor-dem-bgh\\\/#primaryimage\"},\"thumbnailUrl\":\"https:\\\/\\\/ru.law\\\/wp-content\\\/uploads\\\/2021\\\/11\\\/Rogert-und-Ulbrich-Rechtsanaelte-Kanzlei-Audi-BGH-1.jpg\",\"keywords\":[\"Audi\",\"BGH\"],\"articleSection\":[\"Abgasskandal\",\"Urteile\"],\"inLanguage\":\"nl-NL\"},{\"@type\":\"WebPage\",\"@id\":\"https:\\\/\\\/ru.law\\\/rogert-ulbrich-erstreitet-weiteren-erfolg-vor-dem-bgh\\\/\",\"url\":\"https:\\\/\\\/ru.law\\\/rogert-ulbrich-erstreitet-weiteren-erfolg-vor-dem-bgh\\\/\",\"name\":\"Rogert &amp; Ulbrich erstreitet weiteren Erfolg vor dem BGH - R&amp;U\",\"isPartOf\":{\"@id\":\"https:\\\/\\\/ru.law\\\/#website\"},\"primaryImageOfPage\":{\"@id\":\"https:\\\/\\\/ru.law\\\/rogert-ulbrich-erstreitet-weiteren-erfolg-vor-dem-bgh\\\/#primaryimage\"},\"image\":{\"@id\":\"https:\\\/\\\/ru.law\\\/rogert-ulbrich-erstreitet-weiteren-erfolg-vor-dem-bgh\\\/#primaryimage\"},\"thumbnailUrl\":\"https:\\\/\\\/ru.law\\\/wp-content\\\/uploads\\\/2021\\\/11\\\/Rogert-und-Ulbrich-Rechtsanaelte-Kanzlei-Audi-BGH-1.jpg\",\"datePublished\":\"2021-11-26T10:08:16+00:00\",\"dateModified\":\"2024-07-08T11:12:07+00:00\",\"description\":\"Rogert & Ulbrich: Der BGH hat in 4 Verfahren best\u00e4tigt, dass die Audi AG auch f\u00fcr die Verwendung der VW-Motoren gerade zu stehen hat.\",\"breadcrumb\":{\"@id\":\"https:\\\/\\\/ru.law\\\/rogert-ulbrich-erstreitet-weiteren-erfolg-vor-dem-bgh\\\/#breadcrumb\"},\"inLanguage\":\"nl-NL\",\"potentialAction\":[{\"@type\":\"ReadAction\",\"target\":[\"https:\\\/\\\/ru.law\\\/rogert-ulbrich-erstreitet-weiteren-erfolg-vor-dem-bgh\\\/\"]}]},{\"@type\":\"ImageObject\",\"inLanguage\":\"nl-NL\",\"@id\":\"https:\\\/\\\/ru.law\\\/rogert-ulbrich-erstreitet-weiteren-erfolg-vor-dem-bgh\\\/#primaryimage\",\"url\":\"https:\\\/\\\/ru.law\\\/wp-content\\\/uploads\\\/2021\\\/11\\\/Rogert-und-Ulbrich-Rechtsanaelte-Kanzlei-Audi-BGH-1.jpg\",\"contentUrl\":\"https:\\\/\\\/ru.law\\\/wp-content\\\/uploads\\\/2021\\\/11\\\/Rogert-und-Ulbrich-Rechtsanaelte-Kanzlei-Audi-BGH-1.jpg\",\"width\":1200,\"height\":675,\"caption\":\"Rogert-und-Ulbrich-Rechtsan\u00e4lte-Kanzlei-Audi-BGH\"},{\"@type\":\"BreadcrumbList\",\"@id\":\"https:\\\/\\\/ru.law\\\/rogert-ulbrich-erstreitet-weiteren-erfolg-vor-dem-bgh\\\/#breadcrumb\",\"itemListElement\":[{\"@type\":\"ListItem\",\"position\":1,\"name\":\"Startseite\",\"item\":\"https:\\\/\\\/ru.law\\\/\"},{\"@type\":\"ListItem\",\"position\":2,\"name\":\"Rogert &amp; Ulbrich erstreitet weiteren Erfolg vor dem BGH\"}]},{\"@type\":\"WebSite\",\"@id\":\"https:\\\/\\\/ru.law\\\/#website\",\"url\":\"https:\\\/\\\/ru.law\\\/\",\"name\":\"R&U\",\"description\":\"Verbraucheranw\u00e4lte\",\"publisher\":{\"@id\":\"https:\\\/\\\/ru.law\\\/#organization\"},\"alternateName\":\"Rogert & Ulbrich\",\"potentialAction\":[{\"@type\":\"SearchAction\",\"target\":{\"@type\":\"EntryPoint\",\"urlTemplate\":\"https:\\\/\\\/ru.law\\\/?s={search_term_string}\"},\"query-input\":{\"@type\":\"PropertyValueSpecification\",\"valueRequired\":true,\"valueName\":\"search_term_string\"}}],\"inLanguage\":\"nl-NL\"},{\"@type\":\"Organization\",\"@id\":\"https:\\\/\\\/ru.law\\\/#organization\",\"name\":\"Kanzlei Rogert & Ulbrich\",\"url\":\"https:\\\/\\\/ru.law\\\/\",\"logo\":{\"@type\":\"ImageObject\",\"inLanguage\":\"nl-NL\",\"@id\":\"https:\\\/\\\/ru.law\\\/#\\\/schema\\\/logo\\\/image\\\/\",\"url\":\"https:\\\/\\\/ru.law\\\/wp-content\\\/uploads\\\/2020\\\/12\\\/logo-ru-law.svg\",\"contentUrl\":\"https:\\\/\\\/ru.law\\\/wp-content\\\/uploads\\\/2020\\\/12\\\/logo-ru-law.svg\",\"width\":992,\"height\":259,\"caption\":\"Kanzlei Rogert & Ulbrich\"},\"image\":{\"@id\":\"https:\\\/\\\/ru.law\\\/#\\\/schema\\\/logo\\\/image\\\/\"},\"sameAs\":[\"https:\\\/\\\/www.facebook.com\\\/RogertUlbrich\\\/\",\"https:\\\/\\\/x.com\\\/RogertUlbrich\",\"https:\\\/\\\/www.instagram.com\\\/rogertulbrich\\\/\",\"https:\\\/\\\/www.linkedin.com\\\/company\\\/rogert-ulbrich\\\/\",\"https:\\\/\\\/www.youtube.com\\\/channel\\\/UCganCgpvwpPFqMFf1vVmG2A\"]},{\"@type\":\"Person\",\"@id\":\"https:\\\/\\\/ru.law\\\/#\\\/schema\\\/person\\\/b020d506e6bbc471b4565d3a98173b87\",\"name\":\"Marco Rogert\",\"url\":\"https:\\\/\\\/ru.law\\\/nl\\\/author\\\/rogertru-law\\\/\"}]}<\/script>\n<!-- \/ Yoast SEO Premium plugin. -->","yoast_head_json":{"title":"Rogert &amp; Ulbrich behaalt opnieuw succes voor het Federale Hof van Justitie - R&amp;U","description":"Rogert &amp; Ulbrich: Het Duitse Federale Hof van Justitie (BGH) heeft in 4 zaken bevestigd dat Audi AG ook aansprakelijk is voor het gebruik van VW-motoren.","robots":{"index":"index","follow":"follow","max-snippet":"max-snippet:-1","max-image-preview":"max-image-preview:large","max-video-preview":"max-video-preview:-1"},"canonical":"https:\/\/ru.law\/nl\/rogert-ulbrich-erstreitet-weiteren-erfolg-vor-dem-bgh\/","og_locale":"nl_NL","og_type":"article","og_title":"Rogert &amp; Ulbrich erstreitet weiteren Erfolg vor dem BGH","og_description":"Rogert & Ulbrich: Der BGH hat in 4 Verfahren best\u00e4tigt, dass die Audi AG auch f\u00fcr die Verwendung der VW-Motoren gerade zu stehen hat.","og_url":"https:\/\/ru.law\/nl\/rogert-ulbrich-erstreitet-weiteren-erfolg-vor-dem-bgh\/","og_site_name":"R&amp;U","article_publisher":"https:\/\/www.facebook.com\/RogertUlbrich\/","article_published_time":"2021-11-26T10:08:16+00:00","article_modified_time":"2024-07-08T11:12:07+00:00","og_image":[{"width":1200,"height":675,"url":"https:\/\/ru.law\/wp-content\/uploads\/2021\/11\/Rogert-und-Ulbrich-Rechtsanaelte-Kanzlei-Audi-BGH-1.jpg","type":"image\/jpeg"}],"author":"Marco Rogert","twitter_card":"summary_large_image","twitter_creator":"@RogertUlbrich","twitter_site":"@RogertUlbrich","schema":{"@context":"https:\/\/schema.org","@graph":[{"@type":"Article","@id":"https:\/\/ru.law\/rogert-ulbrich-erstreitet-weiteren-erfolg-vor-dem-bgh\/#article","isPartOf":{"@id":"https:\/\/ru.law\/rogert-ulbrich-erstreitet-weiteren-erfolg-vor-dem-bgh\/"},"author":{"name":"Marco Rogert","@id":"https:\/\/ru.law\/#\/schema\/person\/b020d506e6bbc471b4565d3a98173b87"},"headline":"Rogert &amp; Ulbrich erstreitet weiteren Erfolg vor dem BGH","datePublished":"2021-11-26T10:08:16+00:00","dateModified":"2024-07-08T11:12:07+00:00","mainEntityOfPage":{"@id":"https:\/\/ru.law\/rogert-ulbrich-erstreitet-weiteren-erfolg-vor-dem-bgh\/"},"wordCount":232,"publisher":{"@id":"https:\/\/ru.law\/#organization"},"image":{"@id":"https:\/\/ru.law\/rogert-ulbrich-erstreitet-weiteren-erfolg-vor-dem-bgh\/#primaryimage"},"thumbnailUrl":"https:\/\/ru.law\/wp-content\/uploads\/2021\/11\/Rogert-und-Ulbrich-Rechtsanaelte-Kanzlei-Audi-BGH-1.jpg","keywords":["Audi","BGH"],"articleSection":["Abgasskandal","Urteile"],"inLanguage":"nl-NL"},{"@type":"WebPage","@id":"https:\/\/ru.law\/rogert-ulbrich-erstreitet-weiteren-erfolg-vor-dem-bgh\/","url":"https:\/\/ru.law\/rogert-ulbrich-erstreitet-weiteren-erfolg-vor-dem-bgh\/","name":"Rogert &amp; Ulbrich behaalt opnieuw succes voor het Federale Hof van Justitie - R&amp;U","isPartOf":{"@id":"https:\/\/ru.law\/#website"},"primaryImageOfPage":{"@id":"https:\/\/ru.law\/rogert-ulbrich-erstreitet-weiteren-erfolg-vor-dem-bgh\/#primaryimage"},"image":{"@id":"https:\/\/ru.law\/rogert-ulbrich-erstreitet-weiteren-erfolg-vor-dem-bgh\/#primaryimage"},"thumbnailUrl":"https:\/\/ru.law\/wp-content\/uploads\/2021\/11\/Rogert-und-Ulbrich-Rechtsanaelte-Kanzlei-Audi-BGH-1.jpg","datePublished":"2021-11-26T10:08:16+00:00","dateModified":"2024-07-08T11:12:07+00:00","description":"Rogert &amp; Ulbrich: Het Duitse Federale Hof van Justitie (BGH) heeft in 4 zaken bevestigd dat Audi AG ook aansprakelijk is voor het gebruik van VW-motoren.","breadcrumb":{"@id":"https:\/\/ru.law\/rogert-ulbrich-erstreitet-weiteren-erfolg-vor-dem-bgh\/#breadcrumb"},"inLanguage":"nl-NL","potentialAction":[{"@type":"ReadAction","target":["https:\/\/ru.law\/rogert-ulbrich-erstreitet-weiteren-erfolg-vor-dem-bgh\/"]}]},{"@type":"ImageObject","inLanguage":"nl-NL","@id":"https:\/\/ru.law\/rogert-ulbrich-erstreitet-weiteren-erfolg-vor-dem-bgh\/#primaryimage","url":"https:\/\/ru.law\/wp-content\/uploads\/2021\/11\/Rogert-und-Ulbrich-Rechtsanaelte-Kanzlei-Audi-BGH-1.jpg","contentUrl":"https:\/\/ru.law\/wp-content\/uploads\/2021\/11\/Rogert-und-Ulbrich-Rechtsanaelte-Kanzlei-Audi-BGH-1.jpg","width":1200,"height":675,"caption":"Rogert-und-Ulbrich-Rechtsan\u00e4lte-Kanzlei-Audi-BGH"},{"@type":"BreadcrumbList","@id":"https:\/\/ru.law\/rogert-ulbrich-erstreitet-weiteren-erfolg-vor-dem-bgh\/#breadcrumb","itemListElement":[{"@type":"ListItem","position":1,"name":"Startseite","item":"https:\/\/ru.law\/"},{"@type":"ListItem","position":2,"name":"Rogert &amp; Ulbrich erstreitet weiteren Erfolg vor dem BGH"}]},{"@type":"WebSite","@id":"https:\/\/ru.law\/#website","url":"https:\/\/ru.law\/","name":"R&amp;U","description":"Consumentenadvocaten","publisher":{"@id":"https:\/\/ru.law\/#organization"},"alternateName":"Rogert & Ulbrich","potentialAction":[{"@type":"SearchAction","target":{"@type":"EntryPoint","urlTemplate":"https:\/\/ru.law\/?s={search_term_string}"},"query-input":{"@type":"PropertyValueSpecification","valueRequired":true,"valueName":"search_term_string"}}],"inLanguage":"nl-NL"},{"@type":"Organization","@id":"https:\/\/ru.law\/#organization","name":"Advocatenkantoor Rogert &amp; Ulbrich","url":"https:\/\/ru.law\/","logo":{"@type":"ImageObject","inLanguage":"nl-NL","@id":"https:\/\/ru.law\/#\/schema\/logo\/image\/","url":"https:\/\/ru.law\/wp-content\/uploads\/2020\/12\/logo-ru-law.svg","contentUrl":"https:\/\/ru.law\/wp-content\/uploads\/2020\/12\/logo-ru-law.svg","width":992,"height":259,"caption":"Kanzlei Rogert & Ulbrich"},"image":{"@id":"https:\/\/ru.law\/#\/schema\/logo\/image\/"},"sameAs":["https:\/\/www.facebook.com\/RogertUlbrich\/","https:\/\/x.com\/RogertUlbrich","https:\/\/www.instagram.com\/rogertulbrich\/","https:\/\/www.linkedin.com\/company\/rogert-ulbrich\/","https:\/\/www.youtube.com\/channel\/UCganCgpvwpPFqMFf1vVmG2A"]},{"@type":"Person","@id":"https:\/\/ru.law\/#\/schema\/person\/b020d506e6bbc471b4565d3a98173b87","name":"Marco Rogert","url":"https:\/\/ru.law\/nl\/author\/rogertru-law\/"}]}},"uagb_featured_image_src":{"full":["https:\/\/ru.law\/wp-content\/uploads\/2021\/11\/Rogert-und-Ulbrich-Rechtsanaelte-Kanzlei-Audi-BGH-1.jpg",1200,675,false],"thumbnail":["https:\/\/ru.law\/wp-content\/uploads\/2021\/11\/Rogert-und-Ulbrich-Rechtsanaelte-Kanzlei-Audi-BGH-1-150x150.jpg",96,96,true],"medium":["https:\/\/ru.law\/wp-content\/uploads\/2021\/11\/Rogert-und-Ulbrich-Rechtsanaelte-Kanzlei-Audi-BGH-1-300x169.jpg",300,169,true],"medium_large":["https:\/\/ru.law\/wp-content\/uploads\/2021\/11\/Rogert-und-Ulbrich-Rechtsanaelte-Kanzlei-Audi-BGH-1-768x432.jpg",768,432,true],"large":["https:\/\/ru.law\/wp-content\/uploads\/2021\/11\/Rogert-und-Ulbrich-Rechtsanaelte-Kanzlei-Audi-BGH-1-1024x576.jpg",1024,576,true],"1536x1536":["https:\/\/ru.law\/wp-content\/uploads\/2021\/11\/Rogert-und-Ulbrich-Rechtsanaelte-Kanzlei-Audi-BGH-1.jpg",1200,675,false],"2048x2048":["https:\/\/ru.law\/wp-content\/uploads\/2021\/11\/Rogert-und-Ulbrich-Rechtsanaelte-Kanzlei-Audi-BGH-1.jpg",1200,675,false],"trp-custom-language-flag":["https:\/\/ru.law\/wp-content\/uploads\/2021\/11\/Rogert-und-Ulbrich-Rechtsanaelte-Kanzlei-Audi-BGH-1.jpg",18,10,false]},"uagb_author_info":{"display_name":"Marco Rogert","author_link":"https:\/\/ru.law\/nl\/author\/rogertru-law\/"},"uagb_comment_info":0,"uagb_excerpt":"Der Bundesgerichtshof (BGH) hat in vier Verfahren best\u00e4tigt, dass die Audi AG auch f\u00fcr die Verwendung der EA189-Motoren von VW gerade zu stehen hat. Eines [&hellip;]","_links":{"self":[{"href":"https:\/\/ru.law\/nl\/wp-json\/wp\/v2\/posts\/22831","targetHints":{"allow":["GET"]}}],"collection":[{"href":"https:\/\/ru.law\/nl\/wp-json\/wp\/v2\/posts"}],"about":[{"href":"https:\/\/ru.law\/nl\/wp-json\/wp\/v2\/types\/post"}],"author":[{"embeddable":true,"href":"https:\/\/ru.law\/nl\/wp-json\/wp\/v2\/users\/21"}],"replies":[{"embeddable":true,"href":"https:\/\/ru.law\/nl\/wp-json\/wp\/v2\/comments?post=22831"}],"version-history":[{"count":0,"href":"https:\/\/ru.law\/nl\/wp-json\/wp\/v2\/posts\/22831\/revisions"}],"wp:featuredmedia":[{"embeddable":true,"href":"https:\/\/ru.law\/nl\/wp-json\/wp\/v2\/media\/22839"}],"wp:attachment":[{"href":"https:\/\/ru.law\/nl\/wp-json\/wp\/v2\/media?parent=22831"}],"wp:term":[{"taxonomy":"category","embeddable":true,"href":"https:\/\/ru.law\/nl\/wp-json\/wp\/v2\/categories?post=22831"},{"taxonomy":"post_tag","embeddable":true,"href":"https:\/\/ru.law\/nl\/wp-json\/wp\/v2\/tags?post=22831"}],"curies":[{"name":"wp","href":"https:\/\/api.w.org\/{rel}","templated":true}]}}