{"id":22609,"date":"2021-11-16T12:43:34","date_gmt":"2021-11-16T11:43:34","guid":{"rendered":"https:\/\/ru.law\/?p=22609"},"modified":"2024-07-08T13:12:09","modified_gmt":"2024-07-08T11:12:09","slug":"verbraucherfreundliches-urteil-zum-restschadensanspruch","status":"publish","type":"post","link":"https:\/\/ru.law\/nl\/verbraucherfreundliches-urteil-zum-restschadensanspruch\/","title":{"rendered":"Consumentvriendelijke uitspraak over restschadeclaim"},"content":{"rendered":"<p>In Wolfsburg, na de eerste <a href=\"https:\/\/ru.law\/nl\/expertise\/abgasskandal\/#urteile\">oordelen<\/a> door eisers die hun rechtszaak in 2020 of later hebben aangespannen zonder vooraf maatregelen te nemen om de verjaringstermijn te stoppen, zijn we er vrij zeker van dat er wat champagnekurken zijn geknapt. De vordering tot schadevergoeding tegen de Volkswagen Groep, die in mei 2020 door het Bundesgerichtshof (BGH) werd bevestigd, werd door de meeste regionale rechtbanken afgewezen vanwege de verjaringstermijn. Ook de door de wetgever voor dergelijke gevallen bedoelde &quot;restschadevordering&quot; volgens \u00a7 852 van het Duitse Burgerlijk Wetboek (BGB) werd niet van toepassing verklaard als de auto tweedehands was gekocht. Als de auto echter nieuw is, zagen de districtsrechtbanken dat in de meeste gevallen anders en bevestigden zij de claim, maar hadden zij moeite met het bepalen van de hoogte van de schadevergoeding.&nbsp;<\/p>\n\n\n\n<p>In een zaak die wij voor het Oberlandesgericht (OLG) Stuttgart hebben gevoerd, heeft de 1e burgerlijke Senaat het vonnis in eerste aanleg in een zeer duidelijk en nauwkeurig geformuleerd vonnis bevestigd en het beroep van de&nbsp;<a href=\"https:\/\/ru.law\/nl\/expertise\/abgasskandal\/vw-diesel\/#modelle\" target=\"_blank\" rel=\"noreferrer noopener\">VW AG<\/a>&nbsp;weg. Bovendien heeft de Senaat ook met genoegen een aantal van de &#039;mitsen&#039; en &#039;maren&#039; in het betoog van Volkswagen AG opgehelderd en Volkswagen bevolen schadevergoeding te betalen en het gebrekkige voertuig terug te nemen, zoals in een conventionele procedure zonder&nbsp;<a href=\"https:\/\/ru.law\/nl\/schadensersatz-trotz-verjaehrung-der-ansprueche\/\" target=\"_blank\" rel=\"noreferrer noopener\">kwestie van verjaringstermijn&nbsp;<\/a>(OLG Stuttgart-arrest van 9 november 2021, dossiernr. 1 U 379\/20).&nbsp;<\/p>\n\n\n\n<p>Eiser had de auto in 2013 rechtstreeks bij Volkswagen AG gekocht voor circa \u20ac 36.000,- als nieuwe auto. De rechtszaak tegen Volkswagen werd echter pas in augustus 2020 aangespannen bij de regionale rechtbank in Ellwangen. Eigenlijk is het al te laat, zoals de Senaat in haar oordeel heeft bevestigd.&nbsp;<\/p>\n\n\n\n<h2 class=\"wp-block-heading\" id=\"h-restschadensanspruch-hoffnungsvolle-tone\">Restschadeclaim \u2013 Hopeful Tones<\/h2>\n\n\n\n<p>Maar alleen feitelijk, omdat de wetgever de benadeelde partij hier een andere vordering heeft toegekend \u2013 de \u201c<a href=\"https:\/\/ru.law\/nl\/restschadensersatzanspruch-greift-auch-bei-gebrauchtwagen\/\" target=\"_blank\" rel=\"noreferrer noopener\">resterende vordering tot schadevergoeding<\/a>\u201cvolgens \u00a7 852 BGB. Het betreft hier een vordering op grond van onrechtmatig handelen, die ook na het verstrijken van de verjaringstermijn nog kan worden ingesteld. Omdat deze aanspraak pas vervalt in&nbsp;<strong>tien jaar<\/strong>&nbsp;vanaf de oprichting.&nbsp;&nbsp;<\/p>\n\n\n\n<p>Het hoofddoel van deze bepaling is ervoor te zorgen dat iemand die door een onrechtmatige daad schade aan een ander heeft veroorzaakt, niet langer geniet van een onrechtmatig verkregen voordeel.&nbsp;&nbsp;<\/p>\n\n\n\n<p>In tegenstelling tot hetgeen Volkswagen AG stelt, kan de toepassing van \u00a7 852, eerste zin, van het Duitse Burgerlijk Wetboek niet worden uitgesloten op grond van het feit dat eiseres door de kennelijk immorele schade geen economisch verlies heeft geleden. \u00a7 852 van het Duitse Burgerlijk Wetboek (BGB) breidt de vordering uit onrechtmatige daad uit tot de verjaringstermijn; de bepalingen van \u00a7 852 van het Duitse Burgerlijk Wetboek met betrekking tot de vordering tot schadevergoeding veranderen de aansprakelijkheidsvereisten niet.&nbsp;<\/p>\n\n\n\n<p>De Senaat verwierp het argument van VW dat er geen bijzonder risico op een rechtszaak bestond vanwege de mogelijkheid van een modelverklaring voor recht en dat een vordering tot schadevergoeding daarom niet in overweging moest worden genomen. Dit zou betekenen dat het door de wetgever uitdrukkelijk geformuleerde doel, namelijk dat het onrechtmatig verkregen voordeel niet bij degene blijft die de schade veroorzaakt, in verjaringsgevallen teniet zou worden gedaan. De Senaat verwees daarbij rechtstreeks naar de uitspraken in het Bundesdrukwerk over de invoering van het model van de declaratoire vordering: &quot;Wanneer partijen niet tot overeenstemming kunnen komen - bijvoorbeeld in het kader van de buitengerechtelijke geschillenbeslechting - en de betrokkenen ervan afzien een rechtszaak aan te spannen, blijft de onrechtmatig verkregen winst bij de aanbieder, die daardoor een concurrentievoordeel verkrijgt ten opzichte van wetgetrouwe concurrenten.&quot;&nbsp;&nbsp;<\/p>\n\n\n\n<p>Volgens de Senaat moet het bedrag van de claim precies zo worden gekwantificeerd als bij de gebruikelijke rechtszaken in het emissieschandaal, en mag het niet worden beperkt tot de gemaakte winst. De eiser kreeg een bedrag van iets minder dan \u20ac 20.300,- voor zijn voertuig.\u00a0<\/p>\n\n\n\n<h3 class=\"wp-block-heading\" id=\"h-restschadensanspruch-gibt-berechtigte-hoffnung\">Restschadeclaim geeft legitieme hoop <\/h3>\n\n\n\n<p>Bij Rogert &amp; Ulbrich adviseren wij u om uw claims te laten controleren. Ook al denkt u dat uw claims zijn verlopen, kan het de moeite waard zijn om ze opnieuw te bekijken. Ons eerste consult is gratis en vrijblijvend. Wij hebben al talloze vonnissen voor onze eisers gewonnen en zijn al vanaf het begin bij het dieselemissieschandaal betrokken. <a href=\"https:\/\/ru.law\/nl\/expertise\/abgasskandal\/\">Vraag vrijblijvend advies. <\/a>   <\/p>\n\n\n\n<p><\/p>\n\n\n\n<section class=\"wp-block-uagb-columns uagb-columns__wrap uagb-columns__background-undefined uagb-columns__stack-mobile uagb-columns__valign-undefined uagb-columns__gap-10 alignundefined uagb-block-446d5e41 contrast blog_beitraege\"><div class=\"uagb-columns__overlay\"><\/div><div class=\"uagb-columns__inner-wrap uagb-columns__columns-1\">\n<div class=\"wp-block-uagb-column uagb-column__wrap uagb-column__background-undefined uagb-block-0845670a\"><div class=\"uagb-column__overlay\"><\/div><div class=\"uagb-column__inner-wrap\">\n<h3 class=\"wp-block-heading\" id=\"h-das-konnte-sie-auch-interessieren\">Misschien bent u ook ge\u00efnteresseerd in:<\/h3>\n\n\n\n\t\t\t<div class=\"wp-block-uagb-post-grid uagb-post-grid  uagb-post__image-position-top uagb-post__image-enabled uagb-block-2739db04     uagb-post__items uagb-post__columns-3 is-grid uagb-post__columns-tablet-2 uagb-post__columns-mobile-1 uagb-post__equal-height\" data-total=\"4\" style=\"\">\n\n\t\t\t\t\t\t\t\t\t\t\t\t<article class=\"uagb-post__inner-wrap\">\t\t\t\t\t\t\t\t<div class='uagb-post__image'>\n\t\t\t\t\t\t\t\t\t<a href=\"https:\/\/ru.law\/nl\/urteil-des-landgericht-essen-zum-vw-t5\/\" target=\"_self\" rel=\"bookmark noopener noreferrer\" class='uagb-image-ratio-inherit'><img loading=\"lazy\" decoding=\"async\" width=\"1024\" height=\"576\" src=\"https:\/\/ru.law\/wp-content\/uploads\/2020\/07\/volkswagen-diesel-motor-1-1024x576.jpg\" class=\"attachment-large size-large\" alt=\"Volkswagen Diesel-Motor\" srcset=\"https:\/\/ru.law\/wp-content\/uploads\/2020\/07\/volkswagen-diesel-motor-1-1024x576.jpg 1024w, https:\/\/ru.law\/wp-content\/uploads\/2020\/07\/volkswagen-diesel-motor-1-300x169.jpg 300w, https:\/\/ru.law\/wp-content\/uploads\/2020\/07\/volkswagen-diesel-motor-1-768x432.jpg 768w, https:\/\/ru.law\/wp-content\/uploads\/2020\/07\/volkswagen-diesel-motor-1-500x281.jpg 500w, https:\/\/ru.law\/wp-content\/uploads\/2020\/07\/volkswagen-diesel-motor-1-800x450.jpg 800w, https:\/\/ru.law\/wp-content\/uploads\/2020\/07\/volkswagen-diesel-motor-1.jpg 1200w\" sizes=\"auto, (max-width: 1024px) 100vw, 1024px\" \/>\t\t\t\t\t<\/a>\n\t\t\t\t\t\t\t<\/div>\n\t\t\t\t\t\t<h4 class=\"uagb-post__title uagb-post__text\">\n\t\t\t\t<a href=\"https:\/\/ru.law\/nl\/urteil-des-landgericht-essen-zum-vw-t5\/\" target=\"_self\" rel=\"bookmark noopener noreferrer\">Volkswagen veroordeeld voor illegale uitschakelapparaten in de Bulli<\/a>\n\t\t\t<\/h4>\n\t\t\t\t\t\t<div class='uagb-post__text uagb-post-grid-byline'>\n\t\t\t\t\t\t\t<\/div>\n\t\t\t\t\t\t\t<div class='uagb-post__text uagb-post__excerpt'>\n\t\t\t\t\t<p>Uitspraak van de Arrondissementsrechtbank Essen over de VW T5. De enige VW-diesel met de schandaalmotor EA189 zou\u2026\t\t\t\t<\/div>\n\t\t\t\n\t\t\t\t\t\t\t\t\t<\/article>\n\t\t\t\t\t\t\t\t\t\t\t\t\t\t\t\t<article class=\"uagb-post__inner-wrap\">\t\t\t\t\t\t\t\t<div class='uagb-post__image'>\n\t\t\t\t\t\t\t\t\t<a href=\"https:\/\/ru.law\/nl\/restschadensersatzanspruch-greift-auch-bei-gebrauchtwagen\/\" target=\"_self\" rel=\"bookmark noopener noreferrer\" class='uagb-image-ratio-inherit'><img loading=\"lazy\" decoding=\"async\" width=\"1024\" height=\"576\" src=\"https:\/\/ru.law\/wp-content\/uploads\/2021\/09\/Rogert-Ulbrich-Rechtsanwalt-Kanzlei-Restschadensanspruch-VW-Verjaehrung-1-1024x576.jpg\" class=\"attachment-large size-large\" alt=\"ANHANG-DETAILS Rogert-Ulbrich-Rechtsanwalt-Kanzlei-Restschadensanspruch-VW-Verjaehrung\" srcset=\"https:\/\/ru.law\/wp-content\/uploads\/2021\/09\/Rogert-Ulbrich-Rechtsanwalt-Kanzlei-Restschadensanspruch-VW-Verjaehrung-1-1024x576.jpg 1024w, https:\/\/ru.law\/wp-content\/uploads\/2021\/09\/Rogert-Ulbrich-Rechtsanwalt-Kanzlei-Restschadensanspruch-VW-Verjaehrung-1-300x169.jpg 300w, https:\/\/ru.law\/wp-content\/uploads\/2021\/09\/Rogert-Ulbrich-Rechtsanwalt-Kanzlei-Restschadensanspruch-VW-Verjaehrung-1-768x432.jpg 768w, https:\/\/ru.law\/wp-content\/uploads\/2021\/09\/Rogert-Ulbrich-Rechtsanwalt-Kanzlei-Restschadensanspruch-VW-Verjaehrung-1.jpg 1200w\" sizes=\"auto, (max-width: 1024px) 100vw, 1024px\" \/>\t\t\t\t\t<\/a>\n\t\t\t\t\t\t\t<\/div>\n\t\t\t\t\t\t<h4 class=\"uagb-post__title uagb-post__text\">\n\t\t\t\t<a href=\"https:\/\/ru.law\/nl\/restschadensersatzanspruch-greift-auch-bei-gebrauchtwagen\/\" target=\"_self\" rel=\"bookmark noopener noreferrer\">Restschadeclaim geldt ook voor gebruikte auto&#039;s<\/a>\n\t\t\t<\/h4>\n\t\t\t\t\t\t<div class='uagb-post__text uagb-post-grid-byline'>\n\t\t\t\t\t\t\t<\/div>\n\t\t\t\t\t\t\t<div class='uagb-post__text uagb-post__excerpt'>\n\t\t\t\t\t<p>Tot nu toe beslissen rechtbanken steeds vaker ten gunste van klagende consumenten van nieuwe auto\u2019s, zelfs ondanks de verjaringstermijn voor\u2026\t\t\t\t<\/div>\n\t\t\t\n\t\t\t\t\t\t\t\t\t<\/article>\n\t\t\t\t\t\t\t\t\t\t\t\t\t\t\t\t<article class=\"uagb-post__inner-wrap\">\t\t\t\t\t\t\t\t<div class='uagb-post__image'>\n\t\t\t\t\t\t\t\t\t<a href=\"https:\/\/ru.law\/nl\/landgericht-verurteilt-volkswagen-zur-ruecknahme-eines-vw-t5\/\" target=\"_self\" rel=\"bookmark noopener noreferrer\" class='uagb-image-ratio-inherit'><img loading=\"lazy\" decoding=\"async\" width=\"1024\" height=\"576\" src=\"https:\/\/ru.law\/wp-content\/uploads\/2020\/09\/abgasskandal-vw-fahrzeug-t5-fenster-1024x576.jpg\" class=\"attachment-large size-large\" alt=\"Abgasskandal VW-Fahrzeug T5 Fenster\" srcset=\"https:\/\/ru.law\/wp-content\/uploads\/2020\/09\/abgasskandal-vw-fahrzeug-t5-fenster-1024x576.jpg 1024w, https:\/\/ru.law\/wp-content\/uploads\/2020\/09\/abgasskandal-vw-fahrzeug-t5-fenster-300x169.jpg 300w, https:\/\/ru.law\/wp-content\/uploads\/2020\/09\/abgasskandal-vw-fahrzeug-t5-fenster-768x432.jpg 768w, https:\/\/ru.law\/wp-content\/uploads\/2020\/09\/abgasskandal-vw-fahrzeug-t5-fenster-500x281.jpg 500w, https:\/\/ru.law\/wp-content\/uploads\/2020\/09\/abgasskandal-vw-fahrzeug-t5-fenster-800x450.jpg 800w, https:\/\/ru.law\/wp-content\/uploads\/2020\/09\/abgasskandal-vw-fahrzeug-t5-fenster.jpg 1200w\" sizes=\"auto, (max-width: 1024px) 100vw, 1024px\" \/>\t\t\t\t\t<\/a>\n\t\t\t\t\t\t\t<\/div>\n\t\t\t\t\t\t<h4 class=\"uagb-post__title uagb-post__text\">\n\t\t\t\t<a href=\"https:\/\/ru.law\/nl\/landgericht-verurteilt-volkswagen-zur-ruecknahme-eines-vw-t5\/\" target=\"_self\" rel=\"bookmark noopener noreferrer\">Arrondissementsrechtbank beveelt Volkswagen om een VW T5 terug te nemen<\/a>\n\t\t\t<\/h4>\n\t\t\t\t\t\t<div class='uagb-post__text uagb-post-grid-byline'>\n\t\t\t\t\t\t\t<\/div>\n\t\t\t\t\t\t\t<div class='uagb-post__text uagb-post__excerpt'>\n\t\t\t\t\t<p>Emissieschandaal motor EA 189 in de \u201cBulli\u201d. De regionale rechtbank van Wuppertal heeft in haar uitspraak (zaak nr. 6 O\u2026\t\t\t\t<\/div>\n\t\t\t\n\t\t\t\t\t\t\t\t\t<\/article>\n\t\t\t\t\t\t\t\t\t\t\t<\/div>\n\t\t\t<\/div><\/div>\n<\/div><\/section>\n\n\n\n<p><\/p>","protected":false},"excerpt":{"rendered":"<p>In Wolfsburg&nbsp;m\u00f6gen&nbsp;nach den ersten Urteilen von Kl\u00e4gern, die ihre Klage ohne vorherige Ma\u00dfnahmen zur Hemmung der Verj\u00e4hrung erst im Jahr 2020 oder sp\u00e4ter einreichten, ziemlich [&hellip;]<\/p>\n","protected":false},"author":21,"featured_media":22624,"comment_status":"closed","ping_status":"open","sticky":false,"template":"","format":"standard","meta":{"_uag_custom_page_level_css":"","site-sidebar-layout":"default","site-content-layout":"","ast-site-content-layout":"default","site-content-style":"default","site-sidebar-style":"default","ast-global-header-display":"","ast-banner-title-visibility":"","ast-main-header-display":"","ast-hfb-above-header-display":"","ast-hfb-below-header-display":"","ast-hfb-mobile-header-display":"","site-post-title":"","ast-breadcrumbs-content":"","ast-featured-img":"","footer-sml-layout":"","ast-disable-related-posts":"","theme-transparent-header-meta":"","adv-header-id-meta":"","stick-header-meta":"","header-above-stick-meta":"","header-main-stick-meta":"","header-below-stick-meta":"","astra-migrate-meta-layouts":"default","ast-page-background-enabled":"default","ast-page-background-meta":{"desktop":{"background-color":"","background-image":"","background-repeat":"repeat","background-position":"center center","background-size":"auto","background-attachment":"scroll","background-type":"","background-media":"","overlay-type":"","overlay-color":"","overlay-opacity":"","overlay-gradient":""},"tablet":{"background-color":"","background-image":"","background-repeat":"repeat","background-position":"center center","background-size":"auto","background-attachment":"scroll","background-type":"","background-media":"","overlay-type":"","overlay-color":"","overlay-opacity":"","overlay-gradient":""},"mobile":{"background-color":"","background-image":"","background-repeat":"repeat","background-position":"center center","background-size":"auto","background-attachment":"scroll","background-type":"","background-media":"","overlay-type":"","overlay-color":"","overlay-opacity":"","overlay-gradient":""}},"ast-content-background-meta":{"desktop":{"background-color":"var(--ast-global-color-5)","background-image":"","background-repeat":"repeat","background-position":"center center","background-size":"auto","background-attachment":"scroll","background-type":"","background-media":"","overlay-type":"","overlay-color":"","overlay-opacity":"","overlay-gradient":""},"tablet":{"background-color":"var(--ast-global-color-5)","background-image":"","background-repeat":"repeat","background-position":"center center","background-size":"auto","background-attachment":"scroll","background-type":"","background-media":"","overlay-type":"","overlay-color":"","overlay-opacity":"","overlay-gradient":""},"mobile":{"background-color":"var(--ast-global-color-5)","background-image":"","background-repeat":"repeat","background-position":"center center","background-size":"auto","background-attachment":"scroll","background-type":"","background-media":"","overlay-type":"","overlay-color":"","overlay-opacity":"","overlay-gradient":""}},"footnotes":""},"categories":[2,507],"tags":[880,19,1006,37,45],"class_list":["post-22609","post","type-post","status-publish","format-standard","has-post-thumbnail","hentry","category-abgasskandal","category-urteile","tag-880","tag-ea189","tag-restschadensersatzanspruch","tag-schadensersatz","tag-vw"],"yoast_head":"<!-- This site is optimized with the Yoast SEO Premium plugin v27.4 (Yoast SEO v27.4) - https:\/\/yoast.com\/product\/yoast-seo-premium-wordpress\/ -->\n<title>Verbraucherfreundliches Urteil zum Restschadensanspruch - R&amp;U<\/title>\n<meta name=\"description\" content=\"Restschadensanspruch: Berechtigte Hoffnung auf Schadensersatz trotz verstrichener Verj\u00e4hrungsfristen macht jetzt das OLG Stuttgart.\" \/>\n<meta name=\"robots\" content=\"index, follow, max-snippet:-1, max-image-preview:large, max-video-preview:-1\" \/>\n<link rel=\"canonical\" href=\"https:\/\/ru.law\/nl\/verbraucherfreundliches-urteil-zum-restschadensanspruch\/\" \/>\n<meta property=\"og:locale\" content=\"nl_NL\" \/>\n<meta property=\"og:type\" content=\"article\" \/>\n<meta property=\"og:title\" content=\"Verbraucherfreundliches Urteil zum Restschadensanspruch\" \/>\n<meta property=\"og:description\" content=\"Restschadensanspruch: Berechtigte Hoffnung auf Schadensersatz trotz verstrichener Verj\u00e4hrungsfristen macht jetzt das OLG Stuttgart.\" \/>\n<meta property=\"og:url\" content=\"https:\/\/ru.law\/nl\/verbraucherfreundliches-urteil-zum-restschadensanspruch\/\" \/>\n<meta property=\"og:site_name\" content=\"R&amp;U\" \/>\n<meta property=\"article:publisher\" content=\"https:\/\/www.facebook.com\/RogertUlbrich\/\" \/>\n<meta property=\"article:published_time\" content=\"2021-11-16T11:43:34+00:00\" \/>\n<meta property=\"article:modified_time\" content=\"2024-07-08T11:12:09+00:00\" \/>\n<meta property=\"og:image\" content=\"https:\/\/ru.law\/wp-content\/uploads\/2021\/11\/Rogert-Ulbrich-Rechtsanwaelte-Kanzlei-Abgasskandal-Urteile-Restschadensanspruch.jpg\" \/>\n\t<meta property=\"og:image:width\" content=\"1200\" \/>\n\t<meta property=\"og:image:height\" content=\"675\" \/>\n\t<meta property=\"og:image:type\" content=\"image\/jpeg\" \/>\n<meta name=\"author\" content=\"Marco Rogert\" \/>\n<meta name=\"twitter:card\" content=\"summary_large_image\" \/>\n<meta name=\"twitter:creator\" content=\"@RogertUlbrich\" \/>\n<meta name=\"twitter:site\" content=\"@RogertUlbrich\" \/>\n<script type=\"application\/ld+json\" class=\"yoast-schema-graph\">{\"@context\":\"https:\\\/\\\/schema.org\",\"@graph\":[{\"@type\":\"Article\",\"@id\":\"https:\\\/\\\/ru.law\\\/verbraucherfreundliches-urteil-zum-restschadensanspruch\\\/#article\",\"isPartOf\":{\"@id\":\"https:\\\/\\\/ru.law\\\/verbraucherfreundliches-urteil-zum-restschadensanspruch\\\/\"},\"author\":{\"name\":\"Marco Rogert\",\"@id\":\"https:\\\/\\\/ru.law\\\/#\\\/schema\\\/person\\\/b020d506e6bbc471b4565d3a98173b87\"},\"headline\":\"Verbraucherfreundliches Urteil zum Restschadensanspruch\",\"datePublished\":\"2021-11-16T11:43:34+00:00\",\"dateModified\":\"2024-07-08T11:12:09+00:00\",\"mainEntityOfPage\":{\"@id\":\"https:\\\/\\\/ru.law\\\/verbraucherfreundliches-urteil-zum-restschadensanspruch\\\/\"},\"wordCount\":691,\"publisher\":{\"@id\":\"https:\\\/\\\/ru.law\\\/#organization\"},\"image\":{\"@id\":\"https:\\\/\\\/ru.law\\\/verbraucherfreundliches-urteil-zum-restschadensanspruch\\\/#primaryimage\"},\"thumbnailUrl\":\"https:\\\/\\\/ru.law\\\/wp-content\\\/uploads\\\/2021\\\/11\\\/Rogert-Ulbrich-Rechtsanwaelte-Kanzlei-Abgasskandal-Urteile-Restschadensanspruch.jpg\",\"keywords\":[\"\u00a7852\",\"EA189\",\"Restschadensersatzanspruch\",\"Schadensersatz\",\"VW\"],\"articleSection\":[\"Abgasskandal\",\"Urteile\"],\"inLanguage\":\"nl-NL\"},{\"@type\":\"WebPage\",\"@id\":\"https:\\\/\\\/ru.law\\\/verbraucherfreundliches-urteil-zum-restschadensanspruch\\\/\",\"url\":\"https:\\\/\\\/ru.law\\\/verbraucherfreundliches-urteil-zum-restschadensanspruch\\\/\",\"name\":\"Verbraucherfreundliches Urteil zum Restschadensanspruch - R&amp;U\",\"isPartOf\":{\"@id\":\"https:\\\/\\\/ru.law\\\/#website\"},\"primaryImageOfPage\":{\"@id\":\"https:\\\/\\\/ru.law\\\/verbraucherfreundliches-urteil-zum-restschadensanspruch\\\/#primaryimage\"},\"image\":{\"@id\":\"https:\\\/\\\/ru.law\\\/verbraucherfreundliches-urteil-zum-restschadensanspruch\\\/#primaryimage\"},\"thumbnailUrl\":\"https:\\\/\\\/ru.law\\\/wp-content\\\/uploads\\\/2021\\\/11\\\/Rogert-Ulbrich-Rechtsanwaelte-Kanzlei-Abgasskandal-Urteile-Restschadensanspruch.jpg\",\"datePublished\":\"2021-11-16T11:43:34+00:00\",\"dateModified\":\"2024-07-08T11:12:09+00:00\",\"description\":\"Restschadensanspruch: Berechtigte Hoffnung auf Schadensersatz trotz verstrichener Verj\u00e4hrungsfristen macht jetzt das OLG Stuttgart.\",\"breadcrumb\":{\"@id\":\"https:\\\/\\\/ru.law\\\/verbraucherfreundliches-urteil-zum-restschadensanspruch\\\/#breadcrumb\"},\"inLanguage\":\"nl-NL\",\"potentialAction\":[{\"@type\":\"ReadAction\",\"target\":[\"https:\\\/\\\/ru.law\\\/verbraucherfreundliches-urteil-zum-restschadensanspruch\\\/\"]}]},{\"@type\":\"ImageObject\",\"inLanguage\":\"nl-NL\",\"@id\":\"https:\\\/\\\/ru.law\\\/verbraucherfreundliches-urteil-zum-restschadensanspruch\\\/#primaryimage\",\"url\":\"https:\\\/\\\/ru.law\\\/wp-content\\\/uploads\\\/2021\\\/11\\\/Rogert-Ulbrich-Rechtsanwaelte-Kanzlei-Abgasskandal-Urteile-Restschadensanspruch.jpg\",\"contentUrl\":\"https:\\\/\\\/ru.law\\\/wp-content\\\/uploads\\\/2021\\\/11\\\/Rogert-Ulbrich-Rechtsanwaelte-Kanzlei-Abgasskandal-Urteile-Restschadensanspruch.jpg\",\"width\":1200,\"height\":675},{\"@type\":\"BreadcrumbList\",\"@id\":\"https:\\\/\\\/ru.law\\\/verbraucherfreundliches-urteil-zum-restschadensanspruch\\\/#breadcrumb\",\"itemListElement\":[{\"@type\":\"ListItem\",\"position\":1,\"name\":\"Startseite\",\"item\":\"https:\\\/\\\/ru.law\\\/\"},{\"@type\":\"ListItem\",\"position\":2,\"name\":\"Verbraucherfreundliches Urteil zum Restschadensanspruch\"}]},{\"@type\":\"WebSite\",\"@id\":\"https:\\\/\\\/ru.law\\\/#website\",\"url\":\"https:\\\/\\\/ru.law\\\/\",\"name\":\"R&U\",\"description\":\"Verbraucheranw\u00e4lte\",\"publisher\":{\"@id\":\"https:\\\/\\\/ru.law\\\/#organization\"},\"alternateName\":\"Rogert & Ulbrich\",\"potentialAction\":[{\"@type\":\"SearchAction\",\"target\":{\"@type\":\"EntryPoint\",\"urlTemplate\":\"https:\\\/\\\/ru.law\\\/?s={search_term_string}\"},\"query-input\":{\"@type\":\"PropertyValueSpecification\",\"valueRequired\":true,\"valueName\":\"search_term_string\"}}],\"inLanguage\":\"nl-NL\"},{\"@type\":\"Organization\",\"@id\":\"https:\\\/\\\/ru.law\\\/#organization\",\"name\":\"Kanzlei Rogert & Ulbrich\",\"url\":\"https:\\\/\\\/ru.law\\\/\",\"logo\":{\"@type\":\"ImageObject\",\"inLanguage\":\"nl-NL\",\"@id\":\"https:\\\/\\\/ru.law\\\/#\\\/schema\\\/logo\\\/image\\\/\",\"url\":\"https:\\\/\\\/ru.law\\\/wp-content\\\/uploads\\\/2020\\\/12\\\/logo-ru-law.svg\",\"contentUrl\":\"https:\\\/\\\/ru.law\\\/wp-content\\\/uploads\\\/2020\\\/12\\\/logo-ru-law.svg\",\"width\":992,\"height\":259,\"caption\":\"Kanzlei Rogert & Ulbrich\"},\"image\":{\"@id\":\"https:\\\/\\\/ru.law\\\/#\\\/schema\\\/logo\\\/image\\\/\"},\"sameAs\":[\"https:\\\/\\\/www.facebook.com\\\/RogertUlbrich\\\/\",\"https:\\\/\\\/x.com\\\/RogertUlbrich\",\"https:\\\/\\\/www.instagram.com\\\/rogertulbrich\\\/\",\"https:\\\/\\\/www.linkedin.com\\\/company\\\/rogert-ulbrich\\\/\",\"https:\\\/\\\/www.youtube.com\\\/channel\\\/UCganCgpvwpPFqMFf1vVmG2A\"]},{\"@type\":\"Person\",\"@id\":\"https:\\\/\\\/ru.law\\\/#\\\/schema\\\/person\\\/b020d506e6bbc471b4565d3a98173b87\",\"name\":\"Marco Rogert\",\"url\":\"https:\\\/\\\/ru.law\\\/nl\\\/author\\\/rogertru-law\\\/\"}]}<\/script>\n<!-- \/ Yoast SEO Premium plugin. -->","yoast_head_json":{"title":"Verbraucherfreundliches Urteil zum Restschadensanspruch - R&amp;U","description":"Restschadensanspruch: Berechtigte Hoffnung auf Schadensersatz trotz verstrichener Verj\u00e4hrungsfristen macht jetzt das OLG Stuttgart.","robots":{"index":"index","follow":"follow","max-snippet":"max-snippet:-1","max-image-preview":"max-image-preview:large","max-video-preview":"max-video-preview:-1"},"canonical":"https:\/\/ru.law\/nl\/verbraucherfreundliches-urteil-zum-restschadensanspruch\/","og_locale":"nl_NL","og_type":"article","og_title":"Verbraucherfreundliches Urteil zum Restschadensanspruch","og_description":"Restschadensanspruch: Berechtigte Hoffnung auf Schadensersatz trotz verstrichener Verj\u00e4hrungsfristen macht jetzt das OLG Stuttgart.","og_url":"https:\/\/ru.law\/nl\/verbraucherfreundliches-urteil-zum-restschadensanspruch\/","og_site_name":"R&amp;U","article_publisher":"https:\/\/www.facebook.com\/RogertUlbrich\/","article_published_time":"2021-11-16T11:43:34+00:00","article_modified_time":"2024-07-08T11:12:09+00:00","og_image":[{"width":1200,"height":675,"url":"https:\/\/ru.law\/wp-content\/uploads\/2021\/11\/Rogert-Ulbrich-Rechtsanwaelte-Kanzlei-Abgasskandal-Urteile-Restschadensanspruch.jpg","type":"image\/jpeg"}],"author":"Marco Rogert","twitter_card":"summary_large_image","twitter_creator":"@RogertUlbrich","twitter_site":"@RogertUlbrich","schema":{"@context":"https:\/\/schema.org","@graph":[{"@type":"Article","@id":"https:\/\/ru.law\/verbraucherfreundliches-urteil-zum-restschadensanspruch\/#article","isPartOf":{"@id":"https:\/\/ru.law\/verbraucherfreundliches-urteil-zum-restschadensanspruch\/"},"author":{"name":"Marco Rogert","@id":"https:\/\/ru.law\/#\/schema\/person\/b020d506e6bbc471b4565d3a98173b87"},"headline":"Verbraucherfreundliches Urteil zum Restschadensanspruch","datePublished":"2021-11-16T11:43:34+00:00","dateModified":"2024-07-08T11:12:09+00:00","mainEntityOfPage":{"@id":"https:\/\/ru.law\/verbraucherfreundliches-urteil-zum-restschadensanspruch\/"},"wordCount":691,"publisher":{"@id":"https:\/\/ru.law\/#organization"},"image":{"@id":"https:\/\/ru.law\/verbraucherfreundliches-urteil-zum-restschadensanspruch\/#primaryimage"},"thumbnailUrl":"https:\/\/ru.law\/wp-content\/uploads\/2021\/11\/Rogert-Ulbrich-Rechtsanwaelte-Kanzlei-Abgasskandal-Urteile-Restschadensanspruch.jpg","keywords":["\u00a7852","EA189","Restschadensersatzanspruch","Schadensersatz","VW"],"articleSection":["Abgasskandal","Urteile"],"inLanguage":"nl-NL"},{"@type":"WebPage","@id":"https:\/\/ru.law\/verbraucherfreundliches-urteil-zum-restschadensanspruch\/","url":"https:\/\/ru.law\/verbraucherfreundliches-urteil-zum-restschadensanspruch\/","name":"Verbraucherfreundliches Urteil zum Restschadensanspruch - R&amp;U","isPartOf":{"@id":"https:\/\/ru.law\/#website"},"primaryImageOfPage":{"@id":"https:\/\/ru.law\/verbraucherfreundliches-urteil-zum-restschadensanspruch\/#primaryimage"},"image":{"@id":"https:\/\/ru.law\/verbraucherfreundliches-urteil-zum-restschadensanspruch\/#primaryimage"},"thumbnailUrl":"https:\/\/ru.law\/wp-content\/uploads\/2021\/11\/Rogert-Ulbrich-Rechtsanwaelte-Kanzlei-Abgasskandal-Urteile-Restschadensanspruch.jpg","datePublished":"2021-11-16T11:43:34+00:00","dateModified":"2024-07-08T11:12:09+00:00","description":"Restschadensanspruch: Berechtigte Hoffnung auf Schadensersatz trotz verstrichener Verj\u00e4hrungsfristen macht jetzt das OLG Stuttgart.","breadcrumb":{"@id":"https:\/\/ru.law\/verbraucherfreundliches-urteil-zum-restschadensanspruch\/#breadcrumb"},"inLanguage":"nl-NL","potentialAction":[{"@type":"ReadAction","target":["https:\/\/ru.law\/verbraucherfreundliches-urteil-zum-restschadensanspruch\/"]}]},{"@type":"ImageObject","inLanguage":"nl-NL","@id":"https:\/\/ru.law\/verbraucherfreundliches-urteil-zum-restschadensanspruch\/#primaryimage","url":"https:\/\/ru.law\/wp-content\/uploads\/2021\/11\/Rogert-Ulbrich-Rechtsanwaelte-Kanzlei-Abgasskandal-Urteile-Restschadensanspruch.jpg","contentUrl":"https:\/\/ru.law\/wp-content\/uploads\/2021\/11\/Rogert-Ulbrich-Rechtsanwaelte-Kanzlei-Abgasskandal-Urteile-Restschadensanspruch.jpg","width":1200,"height":675},{"@type":"BreadcrumbList","@id":"https:\/\/ru.law\/verbraucherfreundliches-urteil-zum-restschadensanspruch\/#breadcrumb","itemListElement":[{"@type":"ListItem","position":1,"name":"Startseite","item":"https:\/\/ru.law\/"},{"@type":"ListItem","position":2,"name":"Verbraucherfreundliches Urteil zum Restschadensanspruch"}]},{"@type":"WebSite","@id":"https:\/\/ru.law\/#website","url":"https:\/\/ru.law\/","name":"R&amp;U","description":"Consumentenadvocaten","publisher":{"@id":"https:\/\/ru.law\/#organization"},"alternateName":"Rogert & Ulbrich","potentialAction":[{"@type":"SearchAction","target":{"@type":"EntryPoint","urlTemplate":"https:\/\/ru.law\/?s={search_term_string}"},"query-input":{"@type":"PropertyValueSpecification","valueRequired":true,"valueName":"search_term_string"}}],"inLanguage":"nl-NL"},{"@type":"Organization","@id":"https:\/\/ru.law\/#organization","name":"Advocatenkantoor Rogert &amp; Ulbrich","url":"https:\/\/ru.law\/","logo":{"@type":"ImageObject","inLanguage":"nl-NL","@id":"https:\/\/ru.law\/#\/schema\/logo\/image\/","url":"https:\/\/ru.law\/wp-content\/uploads\/2020\/12\/logo-ru-law.svg","contentUrl":"https:\/\/ru.law\/wp-content\/uploads\/2020\/12\/logo-ru-law.svg","width":992,"height":259,"caption":"Kanzlei Rogert & Ulbrich"},"image":{"@id":"https:\/\/ru.law\/#\/schema\/logo\/image\/"},"sameAs":["https:\/\/www.facebook.com\/RogertUlbrich\/","https:\/\/x.com\/RogertUlbrich","https:\/\/www.instagram.com\/rogertulbrich\/","https:\/\/www.linkedin.com\/company\/rogert-ulbrich\/","https:\/\/www.youtube.com\/channel\/UCganCgpvwpPFqMFf1vVmG2A"]},{"@type":"Person","@id":"https:\/\/ru.law\/#\/schema\/person\/b020d506e6bbc471b4565d3a98173b87","name":"Marco Rogert","url":"https:\/\/ru.law\/nl\/author\/rogertru-law\/"}]}},"uagb_featured_image_src":{"full":["https:\/\/ru.law\/wp-content\/uploads\/2021\/11\/Rogert-Ulbrich-Rechtsanwaelte-Kanzlei-Abgasskandal-Urteile-Restschadensanspruch.jpg",1200,675,false],"thumbnail":["https:\/\/ru.law\/wp-content\/uploads\/2021\/11\/Rogert-Ulbrich-Rechtsanwaelte-Kanzlei-Abgasskandal-Urteile-Restschadensanspruch-150x150.jpg",96,96,true],"medium":["https:\/\/ru.law\/wp-content\/uploads\/2021\/11\/Rogert-Ulbrich-Rechtsanwaelte-Kanzlei-Abgasskandal-Urteile-Restschadensanspruch-300x169.jpg",300,169,true],"medium_large":["https:\/\/ru.law\/wp-content\/uploads\/2021\/11\/Rogert-Ulbrich-Rechtsanwaelte-Kanzlei-Abgasskandal-Urteile-Restschadensanspruch-768x432.jpg",768,432,true],"large":["https:\/\/ru.law\/wp-content\/uploads\/2021\/11\/Rogert-Ulbrich-Rechtsanwaelte-Kanzlei-Abgasskandal-Urteile-Restschadensanspruch-1024x576.jpg",1024,576,true],"1536x1536":["https:\/\/ru.law\/wp-content\/uploads\/2021\/11\/Rogert-Ulbrich-Rechtsanwaelte-Kanzlei-Abgasskandal-Urteile-Restschadensanspruch.jpg",1200,675,false],"2048x2048":["https:\/\/ru.law\/wp-content\/uploads\/2021\/11\/Rogert-Ulbrich-Rechtsanwaelte-Kanzlei-Abgasskandal-Urteile-Restschadensanspruch.jpg",1200,675,false],"trp-custom-language-flag":["https:\/\/ru.law\/wp-content\/uploads\/2021\/11\/Rogert-Ulbrich-Rechtsanwaelte-Kanzlei-Abgasskandal-Urteile-Restschadensanspruch.jpg",18,10,false]},"uagb_author_info":{"display_name":"Marco Rogert","author_link":"https:\/\/ru.law\/nl\/author\/rogertru-law\/"},"uagb_comment_info":0,"uagb_excerpt":"In Wolfsburg&nbsp;m\u00f6gen&nbsp;nach den ersten Urteilen von Kl\u00e4gern, die ihre Klage ohne vorherige Ma\u00dfnahmen zur Hemmung der Verj\u00e4hrung erst im Jahr 2020 oder sp\u00e4ter einreichten, ziemlich [&hellip;]","_links":{"self":[{"href":"https:\/\/ru.law\/nl\/wp-json\/wp\/v2\/posts\/22609","targetHints":{"allow":["GET"]}}],"collection":[{"href":"https:\/\/ru.law\/nl\/wp-json\/wp\/v2\/posts"}],"about":[{"href":"https:\/\/ru.law\/nl\/wp-json\/wp\/v2\/types\/post"}],"author":[{"embeddable":true,"href":"https:\/\/ru.law\/nl\/wp-json\/wp\/v2\/users\/21"}],"replies":[{"embeddable":true,"href":"https:\/\/ru.law\/nl\/wp-json\/wp\/v2\/comments?post=22609"}],"version-history":[{"count":0,"href":"https:\/\/ru.law\/nl\/wp-json\/wp\/v2\/posts\/22609\/revisions"}],"wp:featuredmedia":[{"embeddable":true,"href":"https:\/\/ru.law\/nl\/wp-json\/wp\/v2\/media\/22624"}],"wp:attachment":[{"href":"https:\/\/ru.law\/nl\/wp-json\/wp\/v2\/media?parent=22609"}],"wp:term":[{"taxonomy":"category","embeddable":true,"href":"https:\/\/ru.law\/nl\/wp-json\/wp\/v2\/categories?post=22609"},{"taxonomy":"post_tag","embeddable":true,"href":"https:\/\/ru.law\/nl\/wp-json\/wp\/v2\/tags?post=22609"}],"curies":[{"name":"wp","href":"https:\/\/api.w.org\/{rel}","templated":true}]}}