{"id":22495,"date":"2021-11-15T09:46:03","date_gmt":"2021-11-15T08:46:03","guid":{"rendered":"https:\/\/ru.law\/?p=22495"},"modified":"2024-07-08T13:12:09","modified_gmt":"2024-07-08T11:12:09","slug":"erste-erfolge-im-opel-abgasskandal","status":"publish","type":"post","link":"https:\/\/ru.law\/nl\/erste-erfolge-im-opel-abgasskandal\/","title":{"rendered":"Eerste successen in het emissieschandaal van Opel"},"content":{"rendered":"<p>De Arrondissementsrechtbank Keulen heeft inmiddels een adviesbeslissing genomen in een zaak die wij voeren tegen Adam Opel GmbH (beslissing van 2 november 2021, ref. nr.: 3 O 89\/20). Er zal een deskundige worden aangesteld om de resterende open vragen te verduidelijken.<\/p>\n\n\n\n<p>Het hoofddoel is om te bepalen of de motor van de <a href=\"https:\/\/ru.law\/nl\/expertise\/abgasskandal\/opel-diesel\/#modelle\">Opel Insignia<\/a> het voertuig van eiseres zodanig was geprogrammeerd dat de software \u2013 v\u00f3\u00f3r de update \u2013 herkende (bijvoorbeeld op basis van stuurbewegingen, omgevingsdruk, snelheidsveranderingen, maar ook op basis van andere parameters) of het voertuig zich op de testbank of in het echte wegverkeer bevond?<br>Indien deze vraag bevestigend wordt beantwoord, wil de rechtbank graag weten of bijvoorbeeld het uitlaatgasrecirculatiepercentage is gewijzigd, de AdBlue-toevoer is verminderd, of het voertuig v\u00f3\u00f3r de update \u00fcberhaupt aan de Euro 6-emissienorm voldeed en of de betreffende voorzieningen daadwerkelijk nodig waren om de motor te beschermen.<\/p>\n\n\n\n<p>Wellicht is het verstandig dat Adam Opel GmbH eerlijk is en de kaarten op tafel legt. Ook de boete die het Openbaar Ministerie van Frankfurt am Main had opgelegd, werd geaccepteerd. <\/p>\n\n\n\n<h2 class=\"wp-block-heading\" id=\"h-nach-bussgeld-erster-beweisbeschluss\">Na boete, eerste bewijsbeslissing<\/h2>\n\n\n\n<p>Opel heeft in het dieselschandaal een boete van 64,8 miljoen euro gekregen. De officier van justitie had deze boete opgelegd omdat meerdere <a href=\"https:\/\/ru.law\/nl\/expertise\/abgasskandal\/opel-diesel\/#motor\">Opel dieselmodellen <\/a>aanzienlijk hogere niveaus van vervuilende stoffen hadden uitgestoten dan de Federal Motor Transport Authority had gerapporteerd. Na betaling van de boete mag er geen procedure volgen zoals in het geval van VW AG. De procedure tegen zes verantwoordelijke managers werd geseponeerd vanwege lichte schuld of het niet nakomen van de voorwaarden. Opel blijft ervan overtuigd dat alle voertuigen te allen tijde voldoen aan de wettelijke eisen. Er bestaat geen illegaal uitschakelapparaat.<\/p>\n\n\n\n<p>Het bovengenoemde adviesbesluit zou nu een stap in de andere richting kunnen zijn. Daar zou nu duidelijk kunnen worden of er mogelijk een onrechtmatige uitschakelvoorziening is ge\u00efnstalleerd en of dit kan leiden tot een mogelijke schadeclaim voor Opel-rijders.<\/p>\n\n\n\n<h3 class=\"wp-block-heading\" id=\"h-opel-fahrer-sollten-jetzt-handeln\">Opel-rijders moeten nu actie ondernemen <\/h3>\n\n\n\n<p>Als u een Opel rijdt, moet u nu <a href=\"https:\/\/ru.law\/nl\/expertise\/abgasskandal\/opel-diesel\/#erstberatung\">mogelijke claims <\/a>laat het controleren. Wij zijn een gerenommeerd advocatenkantoor met specifieke expertise op het gebied van consumentenbescherming en een pionier in het emissieschandaal.&nbsp;<a href=\"https:\/\/ru.law\/nl\/expertise\/abgasskandal\/opel-diesel\/#mandat\">Wij adviseren u graag kosteloos en vrijblijvend<\/a>of u recht heeft op schadevergoeding.<\/p>\n\n\n\n<section class=\"wp-block-uagb-columns uagb-columns__wrap uagb-columns__background-undefined uagb-columns__stack-mobile uagb-columns__valign-undefined uagb-columns__gap-10 alignundefined uagb-block-20ce7d20 contrast blog_beitraege\"><div class=\"uagb-columns__overlay\"><\/div><div class=\"uagb-columns__inner-wrap uagb-columns__columns-1\">\n<div class=\"wp-block-uagb-column uagb-column__wrap uagb-column__background-undefined uagb-block-21e79d51\"><div class=\"uagb-column__overlay\"><\/div><div class=\"uagb-column__inner-wrap\">\n<h3 class=\"wp-block-heading\" id=\"h-das-konnte-sie-auch-interessieren\">Misschien bent u ook ge\u00efnteresseerd in:<\/h3>\n\n\n\n\t\t\t<div class=\"wp-block-uagb-post-grid uagb-post-grid  uagb-post__image-position-top uagb-post__image-enabled uagb-block-0c47ef32     uagb-post__items uagb-post__columns-3 is-grid uagb-post__columns-tablet-2 uagb-post__columns-mobile-1 uagb-post__equal-height\" data-total=\"1\" style=\"\">\n\n\t\t\t\t\t\t\t\t\t\t\t\t<article class=\"uagb-post__inner-wrap\">\t\t\t\t\t\t\t\t<div class='uagb-post__image'>\n\t\t\t\t\t\t\t\t\t<a href=\"https:\/\/ru.law\/nl\/opel-abgasskandal-neue-amtliche-rueckrufe\/\" target=\"_self\" rel=\"bookmark noopener noreferrer\" class='uagb-image-ratio-inherit'><img loading=\"lazy\" decoding=\"async\" width=\"1024\" height=\"576\" src=\"https:\/\/ru.law\/wp-content\/uploads\/2022\/03\/Rogert-Ulbrich-Rechtsanwaelte-Kanzlei-Abgasskandal-Opel-Rueckruf-KBA-1024x576.jpg\" class=\"attachment-large size-large\" alt=\"\" srcset=\"https:\/\/ru.law\/wp-content\/uploads\/2022\/03\/Rogert-Ulbrich-Rechtsanwaelte-Kanzlei-Abgasskandal-Opel-Rueckruf-KBA-1024x576.jpg 1024w, https:\/\/ru.law\/wp-content\/uploads\/2022\/03\/Rogert-Ulbrich-Rechtsanwaelte-Kanzlei-Abgasskandal-Opel-Rueckruf-KBA-300x169.jpg 300w, https:\/\/ru.law\/wp-content\/uploads\/2022\/03\/Rogert-Ulbrich-Rechtsanwaelte-Kanzlei-Abgasskandal-Opel-Rueckruf-KBA-768x432.jpg 768w, https:\/\/ru.law\/wp-content\/uploads\/2022\/03\/Rogert-Ulbrich-Rechtsanwaelte-Kanzlei-Abgasskandal-Opel-Rueckruf-KBA.jpg 1200w\" sizes=\"auto, (max-width: 1024px) 100vw, 1024px\" \/>\t\t\t\t\t<\/a>\n\t\t\t\t\t\t\t<\/div>\n\t\t\t\t\t\t<h4 class=\"uagb-post__title uagb-post__text\">\n\t\t\t\t<a href=\"https:\/\/ru.law\/nl\/opel-abgasskandal-neue-amtliche-rueckrufe\/\" target=\"_self\" rel=\"bookmark noopener noreferrer\">Opel-emissieschandaal: nieuwe offici\u00eble terugroepacties<\/a>\n\t\t\t<\/h4>\n\t\t\t\t\t\t<div class='uagb-post__text uagb-post-grid-byline'>\n\t\t\t\t\t\t\t<\/div>\n\t\t\t\t\t\t\t<div class='uagb-post__text uagb-post__excerpt'>\n\t\t\t\t\t<p>De terugroepdatabase van de Bundesautomobilamt (KBA) is opnieuw aangevuld met nieuwe terugroepmaatregelen van de autofabrikant Opel.\t\t\t\t<\/div>\n\t\t\t\n\t\t\t\t\t\t\t\t\t<\/article>\n\t\t\t\t\t\t\t\t\t\t\t\t\t\t\t\t<article class=\"uagb-post__inner-wrap\">\t\t\t\t\t\t\t\t<div class='uagb-post__image'>\n\t\t\t\t\t\t\t\t\t<a href=\"https:\/\/ru.law\/nl\/opel-abgasskandal-erst-freiwillige-servicemassnahme-dann-doch-verpflichtender-rueckruf\/\" target=\"_self\" rel=\"bookmark noopener noreferrer\" class='uagb-image-ratio-inherit'><img loading=\"lazy\" decoding=\"async\" width=\"1024\" height=\"576\" src=\"https:\/\/ru.law\/wp-content\/uploads\/2022\/04\/Rogert-Ulbrich-Rechtsanwaelte-Kanzlei-Abgasskandal-Opel-Rueckruf-KBA-Software-Update-1024x576.jpg\" class=\"attachment-large size-large\" alt=\"\" srcset=\"https:\/\/ru.law\/wp-content\/uploads\/2022\/04\/Rogert-Ulbrich-Rechtsanwaelte-Kanzlei-Abgasskandal-Opel-Rueckruf-KBA-Software-Update-1024x576.jpg 1024w, https:\/\/ru.law\/wp-content\/uploads\/2022\/04\/Rogert-Ulbrich-Rechtsanwaelte-Kanzlei-Abgasskandal-Opel-Rueckruf-KBA-Software-Update-300x169.jpg 300w, https:\/\/ru.law\/wp-content\/uploads\/2022\/04\/Rogert-Ulbrich-Rechtsanwaelte-Kanzlei-Abgasskandal-Opel-Rueckruf-KBA-Software-Update-768x432.jpg 768w, https:\/\/ru.law\/wp-content\/uploads\/2022\/04\/Rogert-Ulbrich-Rechtsanwaelte-Kanzlei-Abgasskandal-Opel-Rueckruf-KBA-Software-Update.jpg 1200w\" sizes=\"auto, (max-width: 1024px) 100vw, 1024px\" \/>\t\t\t\t\t<\/a>\n\t\t\t\t\t\t\t<\/div>\n\t\t\t\t\t\t<h4 class=\"uagb-post__title uagb-post__text\">\n\t\t\t\t<a href=\"https:\/\/ru.law\/nl\/opel-abgasskandal-erst-freiwillige-servicemassnahme-dann-doch-verpflichtender-rueckruf\/\" target=\"_self\" rel=\"bookmark noopener noreferrer\">Opel emissieschandaal: Eerst vrijwillige servicemaatregel, daarna verplichte terugroepactie<\/a>\n\t\t\t<\/h4>\n\t\t\t\t\t\t<div class='uagb-post__text uagb-post-grid-byline'>\n\t\t\t\t\t\t\t<\/div>\n\t\t\t\t\t\t\t<div class='uagb-post__text uagb-post__excerpt'>\n\t\t\t\t\t<p>De populaire Duitse autofabrikant onder de paraplu van de multinationale automobielgroep Stellantis is nog dieper\u2026\t\t\t\t<\/div>\n\t\t\t\n\t\t\t\t\t\t\t\t\t<\/article>\n\t\t\t\t\t\t\t\t\t\t\t<\/div>\n\t\t\t<\/div><\/div>\n<\/div><\/section>","protected":false},"excerpt":{"rendered":"<p>Das Landgericht K\u00f6ln hat nun in einem von uns gef\u00fchrten Verfahren gegen die Adam Opel GmbH einen Hinweisbeschluss erlassen (Beschluss vom 02.11.2021, Az.: 3 O [&hellip;]<\/p>\n","protected":false},"author":21,"featured_media":22541,"comment_status":"closed","ping_status":"open","sticky":false,"template":"","format":"standard","meta":{"_uag_custom_page_level_css":"","site-sidebar-layout":"default","site-content-layout":"","ast-site-content-layout":"default","site-content-style":"default","site-sidebar-style":"default","ast-global-header-display":"","ast-banner-title-visibility":"","ast-main-header-display":"","ast-hfb-above-header-display":"","ast-hfb-below-header-display":"","ast-hfb-mobile-header-display":"","site-post-title":"","ast-breadcrumbs-content":"","ast-featured-img":"","footer-sml-layout":"","ast-disable-related-posts":"","theme-transparent-header-meta":"","adv-header-id-meta":"","stick-header-meta":"","header-above-stick-meta":"","header-main-stick-meta":"","header-below-stick-meta":"","astra-migrate-meta-layouts":"default","ast-page-background-enabled":"default","ast-page-background-meta":{"desktop":{"background-color":"","background-image":"","background-repeat":"repeat","background-position":"center center","background-size":"auto","background-attachment":"scroll","background-type":"","background-media":"","overlay-type":"","overlay-color":"","overlay-opacity":"","overlay-gradient":""},"tablet":{"background-color":"","background-image":"","background-repeat":"repeat","background-position":"center center","background-size":"auto","background-attachment":"scroll","background-type":"","background-media":"","overlay-type":"","overlay-color":"","overlay-opacity":"","overlay-gradient":""},"mobile":{"background-color":"","background-image":"","background-repeat":"repeat","background-position":"center center","background-size":"auto","background-attachment":"scroll","background-type":"","background-media":"","overlay-type":"","overlay-color":"","overlay-opacity":"","overlay-gradient":""}},"ast-content-background-meta":{"desktop":{"background-color":"var(--ast-global-color-5)","background-image":"","background-repeat":"repeat","background-position":"center center","background-size":"auto","background-attachment":"scroll","background-type":"","background-media":"","overlay-type":"","overlay-color":"","overlay-opacity":"","overlay-gradient":""},"tablet":{"background-color":"var(--ast-global-color-5)","background-image":"","background-repeat":"repeat","background-position":"center center","background-size":"auto","background-attachment":"scroll","background-type":"","background-media":"","overlay-type":"","overlay-color":"","overlay-opacity":"","overlay-gradient":""},"mobile":{"background-color":"var(--ast-global-color-5)","background-image":"","background-repeat":"repeat","background-position":"center center","background-size":"auto","background-attachment":"scroll","background-type":"","background-media":"","overlay-type":"","overlay-color":"","overlay-opacity":"","overlay-gradient":""}},"footnotes":""},"categories":[2],"tags":[1004,35,37,40],"class_list":["post-22495","post","type-post","status-publish","format-standard","has-post-thumbnail","hentry","category-abgasskandal","tag-opel","tag-rueckruf","tag-schadensersatz","tag-software-update"],"yoast_head":"<!-- This site is optimized with the Yoast SEO Premium plugin v27.4 (Yoast SEO v27.4) - https:\/\/yoast.com\/product\/yoast-seo-premium-wordpress\/ -->\n<title>Erste Erfolge im Opel-Abgasskandal - R&amp;U<\/title>\n<meta name=\"description\" content=\"Nun soll gekl\u00e4rt werden, ob Opel eine illegale Abschalteinrichtung in ihren Motoren verbaut hat, welche entsprechend reagiert.\" \/>\n<meta name=\"robots\" content=\"index, follow, max-snippet:-1, max-image-preview:large, max-video-preview:-1\" \/>\n<link rel=\"canonical\" href=\"https:\/\/ru.law\/nl\/erste-erfolge-im-opel-abgasskandal\/\" \/>\n<meta property=\"og:locale\" content=\"nl_NL\" \/>\n<meta property=\"og:type\" content=\"article\" \/>\n<meta property=\"og:title\" content=\"Erste Erfolge im Opel-Abgasskandal\" \/>\n<meta property=\"og:description\" content=\"Nun soll gekl\u00e4rt werden, ob Opel eine illegale Abschalteinrichtung in ihren Motoren verbaut hat, welche entsprechend reagiert.\" \/>\n<meta property=\"og:url\" content=\"https:\/\/ru.law\/nl\/erste-erfolge-im-opel-abgasskandal\/\" \/>\n<meta property=\"og:site_name\" content=\"R&amp;U\" \/>\n<meta property=\"article:publisher\" content=\"https:\/\/www.facebook.com\/RogertUlbrich\/\" \/>\n<meta property=\"article:published_time\" content=\"2021-11-15T08:46:03+00:00\" \/>\n<meta property=\"article:modified_time\" content=\"2024-07-08T11:12:09+00:00\" \/>\n<meta property=\"og:image\" content=\"https:\/\/ru.law\/wp-content\/uploads\/2021\/11\/Rogert-Ulbrich-Rechtsanwaelte-Kanzlei-Abgasskandal-Opel-1.jpg\" \/>\n\t<meta property=\"og:image:width\" content=\"1200\" \/>\n\t<meta property=\"og:image:height\" content=\"675\" \/>\n\t<meta property=\"og:image:type\" content=\"image\/jpeg\" \/>\n<meta name=\"author\" content=\"Marco Rogert\" \/>\n<meta name=\"twitter:card\" content=\"summary_large_image\" \/>\n<meta name=\"twitter:creator\" content=\"@RogertUlbrich\" \/>\n<meta name=\"twitter:site\" content=\"@RogertUlbrich\" \/>\n<script type=\"application\/ld+json\" class=\"yoast-schema-graph\">{\"@context\":\"https:\\\/\\\/schema.org\",\"@graph\":[{\"@type\":\"Article\",\"@id\":\"https:\\\/\\\/ru.law\\\/erste-erfolge-im-opel-abgasskandal\\\/#article\",\"isPartOf\":{\"@id\":\"https:\\\/\\\/ru.law\\\/erste-erfolge-im-opel-abgasskandal\\\/\"},\"author\":{\"name\":\"Marco Rogert\",\"@id\":\"https:\\\/\\\/ru.law\\\/#\\\/schema\\\/person\\\/b020d506e6bbc471b4565d3a98173b87\"},\"headline\":\"Erste Erfolge im Opel-Abgasskandal\",\"datePublished\":\"2021-11-15T08:46:03+00:00\",\"dateModified\":\"2024-07-08T11:12:09+00:00\",\"mainEntityOfPage\":{\"@id\":\"https:\\\/\\\/ru.law\\\/erste-erfolge-im-opel-abgasskandal\\\/\"},\"wordCount\":371,\"publisher\":{\"@id\":\"https:\\\/\\\/ru.law\\\/#organization\"},\"image\":{\"@id\":\"https:\\\/\\\/ru.law\\\/erste-erfolge-im-opel-abgasskandal\\\/#primaryimage\"},\"thumbnailUrl\":\"https:\\\/\\\/ru.law\\\/wp-content\\\/uploads\\\/2021\\\/11\\\/Rogert-Ulbrich-Rechtsanwaelte-Kanzlei-Abgasskandal-Opel-1.jpg\",\"keywords\":[\"Opel\",\"R\u00fcckruf\",\"Schadensersatz\",\"Software-Update\"],\"articleSection\":[\"Abgasskandal\"],\"inLanguage\":\"nl-NL\"},{\"@type\":\"WebPage\",\"@id\":\"https:\\\/\\\/ru.law\\\/erste-erfolge-im-opel-abgasskandal\\\/\",\"url\":\"https:\\\/\\\/ru.law\\\/erste-erfolge-im-opel-abgasskandal\\\/\",\"name\":\"Erste Erfolge im Opel-Abgasskandal - R&amp;U\",\"isPartOf\":{\"@id\":\"https:\\\/\\\/ru.law\\\/#website\"},\"primaryImageOfPage\":{\"@id\":\"https:\\\/\\\/ru.law\\\/erste-erfolge-im-opel-abgasskandal\\\/#primaryimage\"},\"image\":{\"@id\":\"https:\\\/\\\/ru.law\\\/erste-erfolge-im-opel-abgasskandal\\\/#primaryimage\"},\"thumbnailUrl\":\"https:\\\/\\\/ru.law\\\/wp-content\\\/uploads\\\/2021\\\/11\\\/Rogert-Ulbrich-Rechtsanwaelte-Kanzlei-Abgasskandal-Opel-1.jpg\",\"datePublished\":\"2021-11-15T08:46:03+00:00\",\"dateModified\":\"2024-07-08T11:12:09+00:00\",\"description\":\"Nun soll gekl\u00e4rt werden, ob Opel eine illegale Abschalteinrichtung in ihren Motoren verbaut hat, welche entsprechend reagiert.\",\"breadcrumb\":{\"@id\":\"https:\\\/\\\/ru.law\\\/erste-erfolge-im-opel-abgasskandal\\\/#breadcrumb\"},\"inLanguage\":\"nl-NL\",\"potentialAction\":[{\"@type\":\"ReadAction\",\"target\":[\"https:\\\/\\\/ru.law\\\/erste-erfolge-im-opel-abgasskandal\\\/\"]}]},{\"@type\":\"ImageObject\",\"inLanguage\":\"nl-NL\",\"@id\":\"https:\\\/\\\/ru.law\\\/erste-erfolge-im-opel-abgasskandal\\\/#primaryimage\",\"url\":\"https:\\\/\\\/ru.law\\\/wp-content\\\/uploads\\\/2021\\\/11\\\/Rogert-Ulbrich-Rechtsanwaelte-Kanzlei-Abgasskandal-Opel-1.jpg\",\"contentUrl\":\"https:\\\/\\\/ru.law\\\/wp-content\\\/uploads\\\/2021\\\/11\\\/Rogert-Ulbrich-Rechtsanwaelte-Kanzlei-Abgasskandal-Opel-1.jpg\",\"width\":1200,\"height\":675},{\"@type\":\"BreadcrumbList\",\"@id\":\"https:\\\/\\\/ru.law\\\/erste-erfolge-im-opel-abgasskandal\\\/#breadcrumb\",\"itemListElement\":[{\"@type\":\"ListItem\",\"position\":1,\"name\":\"Startseite\",\"item\":\"https:\\\/\\\/ru.law\\\/\"},{\"@type\":\"ListItem\",\"position\":2,\"name\":\"Erste Erfolge im Opel-Abgasskandal\"}]},{\"@type\":\"WebSite\",\"@id\":\"https:\\\/\\\/ru.law\\\/#website\",\"url\":\"https:\\\/\\\/ru.law\\\/\",\"name\":\"R&U\",\"description\":\"Verbraucheranw\u00e4lte\",\"publisher\":{\"@id\":\"https:\\\/\\\/ru.law\\\/#organization\"},\"alternateName\":\"Rogert & Ulbrich\",\"potentialAction\":[{\"@type\":\"SearchAction\",\"target\":{\"@type\":\"EntryPoint\",\"urlTemplate\":\"https:\\\/\\\/ru.law\\\/?s={search_term_string}\"},\"query-input\":{\"@type\":\"PropertyValueSpecification\",\"valueRequired\":true,\"valueName\":\"search_term_string\"}}],\"inLanguage\":\"nl-NL\"},{\"@type\":\"Organization\",\"@id\":\"https:\\\/\\\/ru.law\\\/#organization\",\"name\":\"Kanzlei Rogert & Ulbrich\",\"url\":\"https:\\\/\\\/ru.law\\\/\",\"logo\":{\"@type\":\"ImageObject\",\"inLanguage\":\"nl-NL\",\"@id\":\"https:\\\/\\\/ru.law\\\/#\\\/schema\\\/logo\\\/image\\\/\",\"url\":\"https:\\\/\\\/ru.law\\\/wp-content\\\/uploads\\\/2020\\\/12\\\/logo-ru-law.svg\",\"contentUrl\":\"https:\\\/\\\/ru.law\\\/wp-content\\\/uploads\\\/2020\\\/12\\\/logo-ru-law.svg\",\"width\":992,\"height\":259,\"caption\":\"Kanzlei Rogert & Ulbrich\"},\"image\":{\"@id\":\"https:\\\/\\\/ru.law\\\/#\\\/schema\\\/logo\\\/image\\\/\"},\"sameAs\":[\"https:\\\/\\\/www.facebook.com\\\/RogertUlbrich\\\/\",\"https:\\\/\\\/x.com\\\/RogertUlbrich\",\"https:\\\/\\\/www.instagram.com\\\/rogertulbrich\\\/\",\"https:\\\/\\\/www.linkedin.com\\\/company\\\/rogert-ulbrich\\\/\",\"https:\\\/\\\/www.youtube.com\\\/channel\\\/UCganCgpvwpPFqMFf1vVmG2A\"]},{\"@type\":\"Person\",\"@id\":\"https:\\\/\\\/ru.law\\\/#\\\/schema\\\/person\\\/b020d506e6bbc471b4565d3a98173b87\",\"name\":\"Marco Rogert\",\"url\":\"https:\\\/\\\/ru.law\\\/nl\\\/author\\\/rogertru-law\\\/\"}]}<\/script>\n<!-- \/ Yoast SEO Premium plugin. -->","yoast_head_json":{"title":"Eerste successen in het Opel-emissieschandaal - R&amp;U","description":"Het onderzoek heeft nu tot doel vast te stellen of Opel een illegaal sjoemelprogramma in zijn motoren heeft ingebouwd, dat op die manier reageert.","robots":{"index":"index","follow":"follow","max-snippet":"max-snippet:-1","max-image-preview":"max-image-preview:large","max-video-preview":"max-video-preview:-1"},"canonical":"https:\/\/ru.law\/nl\/erste-erfolge-im-opel-abgasskandal\/","og_locale":"nl_NL","og_type":"article","og_title":"Erste Erfolge im Opel-Abgasskandal","og_description":"Nun soll gekl\u00e4rt werden, ob Opel eine illegale Abschalteinrichtung in ihren Motoren verbaut hat, welche entsprechend reagiert.","og_url":"https:\/\/ru.law\/nl\/erste-erfolge-im-opel-abgasskandal\/","og_site_name":"R&amp;U","article_publisher":"https:\/\/www.facebook.com\/RogertUlbrich\/","article_published_time":"2021-11-15T08:46:03+00:00","article_modified_time":"2024-07-08T11:12:09+00:00","og_image":[{"width":1200,"height":675,"url":"https:\/\/ru.law\/wp-content\/uploads\/2021\/11\/Rogert-Ulbrich-Rechtsanwaelte-Kanzlei-Abgasskandal-Opel-1.jpg","type":"image\/jpeg"}],"author":"Marco Rogert","twitter_card":"summary_large_image","twitter_creator":"@RogertUlbrich","twitter_site":"@RogertUlbrich","schema":{"@context":"https:\/\/schema.org","@graph":[{"@type":"Article","@id":"https:\/\/ru.law\/erste-erfolge-im-opel-abgasskandal\/#article","isPartOf":{"@id":"https:\/\/ru.law\/erste-erfolge-im-opel-abgasskandal\/"},"author":{"name":"Marco Rogert","@id":"https:\/\/ru.law\/#\/schema\/person\/b020d506e6bbc471b4565d3a98173b87"},"headline":"Erste Erfolge im Opel-Abgasskandal","datePublished":"2021-11-15T08:46:03+00:00","dateModified":"2024-07-08T11:12:09+00:00","mainEntityOfPage":{"@id":"https:\/\/ru.law\/erste-erfolge-im-opel-abgasskandal\/"},"wordCount":371,"publisher":{"@id":"https:\/\/ru.law\/#organization"},"image":{"@id":"https:\/\/ru.law\/erste-erfolge-im-opel-abgasskandal\/#primaryimage"},"thumbnailUrl":"https:\/\/ru.law\/wp-content\/uploads\/2021\/11\/Rogert-Ulbrich-Rechtsanwaelte-Kanzlei-Abgasskandal-Opel-1.jpg","keywords":["Opel","R\u00fcckruf","Schadensersatz","Software-Update"],"articleSection":["Abgasskandal"],"inLanguage":"nl-NL"},{"@type":"WebPage","@id":"https:\/\/ru.law\/erste-erfolge-im-opel-abgasskandal\/","url":"https:\/\/ru.law\/erste-erfolge-im-opel-abgasskandal\/","name":"Eerste successen in het Opel-emissieschandaal - R&amp;U","isPartOf":{"@id":"https:\/\/ru.law\/#website"},"primaryImageOfPage":{"@id":"https:\/\/ru.law\/erste-erfolge-im-opel-abgasskandal\/#primaryimage"},"image":{"@id":"https:\/\/ru.law\/erste-erfolge-im-opel-abgasskandal\/#primaryimage"},"thumbnailUrl":"https:\/\/ru.law\/wp-content\/uploads\/2021\/11\/Rogert-Ulbrich-Rechtsanwaelte-Kanzlei-Abgasskandal-Opel-1.jpg","datePublished":"2021-11-15T08:46:03+00:00","dateModified":"2024-07-08T11:12:09+00:00","description":"Het onderzoek heeft nu tot doel vast te stellen of Opel een illegaal sjoemelprogramma in zijn motoren heeft ingebouwd, dat op die manier reageert.","breadcrumb":{"@id":"https:\/\/ru.law\/erste-erfolge-im-opel-abgasskandal\/#breadcrumb"},"inLanguage":"nl-NL","potentialAction":[{"@type":"ReadAction","target":["https:\/\/ru.law\/erste-erfolge-im-opel-abgasskandal\/"]}]},{"@type":"ImageObject","inLanguage":"nl-NL","@id":"https:\/\/ru.law\/erste-erfolge-im-opel-abgasskandal\/#primaryimage","url":"https:\/\/ru.law\/wp-content\/uploads\/2021\/11\/Rogert-Ulbrich-Rechtsanwaelte-Kanzlei-Abgasskandal-Opel-1.jpg","contentUrl":"https:\/\/ru.law\/wp-content\/uploads\/2021\/11\/Rogert-Ulbrich-Rechtsanwaelte-Kanzlei-Abgasskandal-Opel-1.jpg","width":1200,"height":675},{"@type":"BreadcrumbList","@id":"https:\/\/ru.law\/erste-erfolge-im-opel-abgasskandal\/#breadcrumb","itemListElement":[{"@type":"ListItem","position":1,"name":"Startseite","item":"https:\/\/ru.law\/"},{"@type":"ListItem","position":2,"name":"Erste Erfolge im Opel-Abgasskandal"}]},{"@type":"WebSite","@id":"https:\/\/ru.law\/#website","url":"https:\/\/ru.law\/","name":"R&amp;U","description":"Consumentenadvocaten","publisher":{"@id":"https:\/\/ru.law\/#organization"},"alternateName":"Rogert & Ulbrich","potentialAction":[{"@type":"SearchAction","target":{"@type":"EntryPoint","urlTemplate":"https:\/\/ru.law\/?s={search_term_string}"},"query-input":{"@type":"PropertyValueSpecification","valueRequired":true,"valueName":"search_term_string"}}],"inLanguage":"nl-NL"},{"@type":"Organization","@id":"https:\/\/ru.law\/#organization","name":"Advocatenkantoor Rogert &amp; Ulbrich","url":"https:\/\/ru.law\/","logo":{"@type":"ImageObject","inLanguage":"nl-NL","@id":"https:\/\/ru.law\/#\/schema\/logo\/image\/","url":"https:\/\/ru.law\/wp-content\/uploads\/2020\/12\/logo-ru-law.svg","contentUrl":"https:\/\/ru.law\/wp-content\/uploads\/2020\/12\/logo-ru-law.svg","width":992,"height":259,"caption":"Kanzlei Rogert & Ulbrich"},"image":{"@id":"https:\/\/ru.law\/#\/schema\/logo\/image\/"},"sameAs":["https:\/\/www.facebook.com\/RogertUlbrich\/","https:\/\/x.com\/RogertUlbrich","https:\/\/www.instagram.com\/rogertulbrich\/","https:\/\/www.linkedin.com\/company\/rogert-ulbrich\/","https:\/\/www.youtube.com\/channel\/UCganCgpvwpPFqMFf1vVmG2A"]},{"@type":"Person","@id":"https:\/\/ru.law\/#\/schema\/person\/b020d506e6bbc471b4565d3a98173b87","name":"Marco Rogert","url":"https:\/\/ru.law\/nl\/author\/rogertru-law\/"}]}},"uagb_featured_image_src":{"full":["https:\/\/ru.law\/wp-content\/uploads\/2021\/11\/Rogert-Ulbrich-Rechtsanwaelte-Kanzlei-Abgasskandal-Opel-1.jpg",1200,675,false],"thumbnail":["https:\/\/ru.law\/wp-content\/uploads\/2021\/11\/Rogert-Ulbrich-Rechtsanwaelte-Kanzlei-Abgasskandal-Opel-1-150x150.jpg",96,96,true],"medium":["https:\/\/ru.law\/wp-content\/uploads\/2021\/11\/Rogert-Ulbrich-Rechtsanwaelte-Kanzlei-Abgasskandal-Opel-1-300x169.jpg",300,169,true],"medium_large":["https:\/\/ru.law\/wp-content\/uploads\/2021\/11\/Rogert-Ulbrich-Rechtsanwaelte-Kanzlei-Abgasskandal-Opel-1-768x432.jpg",768,432,true],"large":["https:\/\/ru.law\/wp-content\/uploads\/2021\/11\/Rogert-Ulbrich-Rechtsanwaelte-Kanzlei-Abgasskandal-Opel-1-1024x576.jpg",1024,576,true],"1536x1536":["https:\/\/ru.law\/wp-content\/uploads\/2021\/11\/Rogert-Ulbrich-Rechtsanwaelte-Kanzlei-Abgasskandal-Opel-1.jpg",1200,675,false],"2048x2048":["https:\/\/ru.law\/wp-content\/uploads\/2021\/11\/Rogert-Ulbrich-Rechtsanwaelte-Kanzlei-Abgasskandal-Opel-1.jpg",1200,675,false],"trp-custom-language-flag":["https:\/\/ru.law\/wp-content\/uploads\/2021\/11\/Rogert-Ulbrich-Rechtsanwaelte-Kanzlei-Abgasskandal-Opel-1.jpg",18,10,false]},"uagb_author_info":{"display_name":"Marco Rogert","author_link":"https:\/\/ru.law\/nl\/author\/rogertru-law\/"},"uagb_comment_info":0,"uagb_excerpt":"Das Landgericht K\u00f6ln hat nun in einem von uns gef\u00fchrten Verfahren gegen die Adam Opel GmbH einen Hinweisbeschluss erlassen (Beschluss vom 02.11.2021, Az.: 3 O [&hellip;]","_links":{"self":[{"href":"https:\/\/ru.law\/nl\/wp-json\/wp\/v2\/posts\/22495","targetHints":{"allow":["GET"]}}],"collection":[{"href":"https:\/\/ru.law\/nl\/wp-json\/wp\/v2\/posts"}],"about":[{"href":"https:\/\/ru.law\/nl\/wp-json\/wp\/v2\/types\/post"}],"author":[{"embeddable":true,"href":"https:\/\/ru.law\/nl\/wp-json\/wp\/v2\/users\/21"}],"replies":[{"embeddable":true,"href":"https:\/\/ru.law\/nl\/wp-json\/wp\/v2\/comments?post=22495"}],"version-history":[{"count":0,"href":"https:\/\/ru.law\/nl\/wp-json\/wp\/v2\/posts\/22495\/revisions"}],"wp:featuredmedia":[{"embeddable":true,"href":"https:\/\/ru.law\/nl\/wp-json\/wp\/v2\/media\/22541"}],"wp:attachment":[{"href":"https:\/\/ru.law\/nl\/wp-json\/wp\/v2\/media?parent=22495"}],"wp:term":[{"taxonomy":"category","embeddable":true,"href":"https:\/\/ru.law\/nl\/wp-json\/wp\/v2\/categories?post=22495"},{"taxonomy":"post_tag","embeddable":true,"href":"https:\/\/ru.law\/nl\/wp-json\/wp\/v2\/tags?post=22495"}],"curies":[{"name":"wp","href":"https:\/\/api.w.org\/{rel}","templated":true}]}}