{"id":2238,"date":"2020-07-27T17:36:00","date_gmt":"2020-07-27T15:36:00","guid":{"rendered":"https:\/\/www.rogertulbrich.de\/wp\/?p=2238"},"modified":"2024-07-08T13:13:00","modified_gmt":"2024-07-08T11:13:00","slug":"der-neue-skandalmotor-von-volkswagen","status":"publish","type":"post","link":"https:\/\/ru.law\/nl\/der-neue-skandalmotor-von-volkswagen\/","title":{"rendered":"De volgende ronde in het emissieschandaal is al lang begonnen"},"content":{"rendered":"<h2 class=\"wp-block-heading\" id=\"h-ea-288-der-neue-skandalmotor-von-volkswagen\">EA 288 \u2013 De nieuwe schandaalmotor van Volkswagen.<\/h2>\n\n\n<p>Onderzoek van onafhankelijke media en steeds meer rechterlijke uitspraken bewijzen: zelfs met de zogenaamd schone <a href=\"https:\/\/ru.law\/nl\/motor-ea-288-vw-verhindert-klagen\/\">Euro 6-motor EA288<\/a> Er zijn ontoelaatbare uitschakelinrichtingen ge\u00efnstalleerd. Honderdduizenden dieselchauffeurs worden hierdoor getroffen \u2013 en maken een grote kans dat ze een schadeclaim kunnen indienen.<\/p>\n<p>Eigenlijk is de juridische toetsing van de <a href=\"https:\/\/ru.law\/nl\/expertise\/abgasskandal\/vw-diesel\/\">VW emissieschandaal<\/a> bijna voltooid. Het Bundesgerichtshof (BGH) heeft de uitschakelvoorzieningen in de dieselmotor EA189 ondubbelzinnig als een gebrek aangemerkt en de Volkswagen Groep veroordeeld voor bijzonder laakbare en opzettelijk immorele consumentenmisleiding. De hoogste Duitse burgerlijke rechtbank heeft hiermee de weg vrijgemaakt voor schadeclaims van dieselkopers en een duidelijke leidraad voor de jurisprudentie gecre\u00eberd. Nu er over belangrijke details wordt onderhandeld, zou het emissieschandaal bij VW eigenlijk de laatste ronde in moeten gaan.<\/p>\n\n\n<h3 class=\"wp-block-heading\" id=\"h-hundertausende-diesel-von-ea-288-manipulation-betroffen\">Honderdduizenden diesels getroffen door EA 288-manipulatie<\/h3>\n\n\n<p>Maar zelfs als het Bundesgerichtshof eindelijk uitspraak doet over de schadevergoeding voor misbruik, onrechtmatige rente en de verjaringstermijn voor schadeclaims, is het grootste industri\u00eble schandaal in de geschiedenis van de Bondsrepubliek Duitsland nog lang niet voorbij - en zeker niet voor Volkswagen. Er is bewezen dat Volkswagen illegale manipulatie-instrumenten in de EA288 heeft ge\u00efnstalleerd. Met de zogenaamd \u201cschone\u201d opvolger van de schandaalmotor EA 189 levert de autofabrikant honderdduizenden Euro 6-diesels van de merken <a href=\"https:\/\/ru.law\/nl\/expertise\/abgasskandal\/vw-diesel\/\">VW<\/a>, <a href=\"https:\/\/ru.law\/nl\/expertise\/abgasskandal\/audi-diesel\/\">Audi<\/a>, <a href=\"https:\/\/ru.law\/nl\/expertise\/abgasskandal\/seat-diesel\/\">Zitting<\/a> En <a href=\"https:\/\/ru.law\/nl\/expertise\/abgasskandal\/skoda-diesel\/\">\u0160koda<\/a> met 1,4, 1,6 en 2,0 liter cilinderinhoud.\u00a0<\/p>\n\n\n<h3 class=\"wp-block-heading\" id=\"h-klare-hinweise-auf-zykluserkennung\">Duidelijke indicaties van cyclusdetectie<\/h3>\n\n\n<p>SWR-onderzoek heeft interne documenten gevonden van <a href=\"https:\/\/ru.law\/nl\/expertise\/abgasskandal\/vw-diesel\/\">Volkswagen<\/a> aan het licht gebracht die duidelijke aanwijzingen bevatten voor een &quot;cyclusherkenning&quot; in de EA 288: In het &quot;Beslissingssjabloon &quot;Toepassingsrichtlijnen &amp; vrijgavespecificaties EA 288&quot; wordt gesproken over een routegestuurde &quot;schakeling van de ruwe emissiekalibratie&quot; en over een &quot;doseerstrategie in de cyclus en buiten de cyclus&quot;.<\/p>\n<p>Voor Peter Mock, Europees directeur van de onderzoeksorganisatie ICCT, is hier duidelijk sprake van een illegaal uitschakelmechanisme, want herkenning van het rijprofiel is absoluut niet toegestaan. Dankzij deze softwaremanipulatie herkent de motorregeleenheid of het voertuig zich in de testmodus of op de weg bevindt. Op de testbank wordt de reiniging van uitlaatgassen verbeterd door meer AdBlue in te spuiten. Hiermee wordt gewaarborgd dat de toegestane grenswaarden voor stikstofoxide-emissies worden nageleefd. In de praktijk worden de uitlaatgassen echter grotendeels ongefilterd uitgestoten. Deskundigen schatten dat de stikstofuitstoot van het wegverkeer tot wel tien keer hoger ligt dan toegestaan.<\/p>\n\n\n<h3 class=\"wp-block-heading\" id=\"h-auch-thermofenster-und-manipulation-des-onboard-diagnose-systems\">Ook thermische vensters en manipulatie van het boorddiagnosesysteem<\/h3>\n\n\n<p>Een ander ontoelaatbaar uitschakelapparaat in de EA288 is een <a href=\"\/nl\/_wp_link_placeholder\/\" data-wplink-edit=\"true\">thermisch venster<\/a>, die de reiniging van de uitlaatgassen zo regelt dat deze alleen werkt bij temperaturen tussen de 17 en 30 graden. Dus op de testbank, waar een aangename 25 graden heerst. Bij gebruik op de weg werkt de uitlaatgasreiniging echter niet in de zomer, herfst of winter. Eleanor Sharpston, advocaat-generaal bij het Hof van Justitie van de Europese Unie (HvJ-EU), heeft deze uitschakelvoorziening uitdrukkelijk ontoelaatbaar verklaard. Ook het boorddiagnosesysteem is verdacht. Het Openbaar Ministerie van Braunschweig heeft <a href=\"https:\/\/ru.law\/nl\/motor-ea-288-vw-verhindert-klagen\/\">emissiemanipulatie in de EA288<\/a> Eind 2019 werd een onderzoek gestart naar Volkswagen en werden de kantoren van het bedrijf doorzocht.<\/p>\n\n\n\n\n<h3 class=\"wp-block-heading\" id=\"h-volkswagen-hat-existensz-von-abschalteinrichtungen-zugegeben\">Volkswagen heeft het bestaan van manipulatie-instrumenten toegegeven <\/h3>\n\n\n<p>In een zaak met betrekking tot een VW Golf 7 TDI (Euro 6) voor de Arrondissementsrechtbank Duisburg, <a href=\"https:\/\/ru.law\/nl\/expertise\/abgasskandal\/vw-diesel\/\">Volkswagen<\/a> zelf toe dat de EA 288 zowel cyclusdetectie (in VW-jargon \u201cswitchover-logica\u201d) als een thermisch venster gebruikte. De autofabrikant ontkent echter hardnekkig dat het hier om illegale uitschakelmechanismen gaat: er is geen verband tussen het detecteren van rijcurves en de aansturing van de uitlaatgasreiniging. Overigens zijn de grenswaarden voor stikstofoxide-emissies alleen relevant voor de typegoedkeuring, dus voor gebruik op de testbank en niet voor het wegverkeer.<\/p>\n\n\n<h3 class=\"wp-block-heading\" id=\"h-kba-findet-keine-hinweise-auf-unzulassige-manipulationen\">KBA vindt geen bewijs van ongeoorloofde manipulatie<\/h3>\n\n\n<p>Volgens het Duitse ministerie van Verkeer heeft de Duitse instantie voor motorvoertuigen (KBA), die feitelijk verantwoordelijk is voor het toezicht op de naleving van de geldende emissienormen, de dieselmotor EA 288 in 2016 onderzocht, maar daarbij geen ontoelaatbare manipulatie van de motorregeling of het uitlaatsysteem vastgesteld. De autoriteit heeft daarom nog geen offici\u00eble terugroepacties uitgevoerd voor dieselvoertuigen met deze motor, met \u00e9\u00e9n uitzondering: in april werden VW T6-busjes teruggeroepen naar de werkplaatsen, naar verluidt vanwege een &quot;conformiteitsafwijking&quot; (code 23Z7). Eind 2019 lanceerde Volkswagen ook een vrijwillige terugroepactie voor Golf-modellen met EA 288-motoren, waarmee het vooruitliep op een verplichte terugroepactie.<\/p>\n\n\n<h3 class=\"wp-block-heading\" id=\"h-gerichte-werten-abschaltvorrichtungen-beim-ea-288-als-sittenwidrige-schadigung\">Rechtbanken beschouwen uitschakelvoorzieningen in de EA 288 als immorele schade<\/h3>\n\n\n<p>Omdat de KBA zich in de EA288-zaak tot nu toe grotendeels op de achtergrond heeft gehouden, is het onderzoek naar het VW-emissieschandaal 2.0 in handen van de rechtbanken en deskundigen. Ze hebben emissiemanipulatie bij de opvolger van de EA189 ontdekt en in verschillende gevallen Volkswagen bevolen de voertuigen terug te nemen en schadevergoedingen te betalen aan de gedupeerde klanten. Ook hebben ze adviserende bevelen uitgevaardigd, waaronder:<\/p>\n<p>\u2022 Regionale rechtbank Regensburg: vonnis tegen Volkswagen wegens immorele schade op grond van artikel 826 van het Duitse Burgerlijk Wetboek (19 maart 2020, zaaknummer 73 O 1181\/19)<\/p>\n<p>\u2022 Regionale rechtbank Wuppertal: Beschikking van een bewijsopdracht (15.03.2019, Az. 2 O 273\/18)<\/p>\n<p>\u2022 Arrondissementsrechtbank Baden-Baden (13.01.2020, Az. 4 O 247\/19)<\/p>\n<p>\u2022 Hof van Cassatie Keulen (12.09.2019, Az. 15 U 234\/18 en 19.09.2019, Az. 15 U 117\/19)<\/p>\n<p>\u2022 Arrondissementsrechtbank van Ingolstadt (beschikking van 24.06.2019, ref. 54 O 240\/19)<\/p>\n<p>\u2022 Arrondissementsrechtbank Duisburg (30.10.2018; Az. 1 O 231\/18)<\/p>\n\n\n<div class=\"wp-block-columns header__gradient_blog ghostkit-custom-xNr4Y is-layout-flex wp-container-core-columns-is-layout-28f84493 wp-block-columns-is-layout-flex\">\n<div class=\"wp-block-column is-vertically-aligned-top is-layout-flow wp-block-column-is-layout-flow\" style=\"flex-basis:20%\">\n<figure class=\"wp-block-image size-large zitat\"><img decoding=\"async\" src=\"https:\/\/www.rogertulbrich.de\/wp\/wp-content\/uploads\/2020\/07\/marco_rogert_handy-2.jpg\" alt=\"\" class=\"wp-image-749\" \/><\/figure>\n<\/div>\n\n\n\n<div class=\"wp-block-column is-vertically-aligned-center ghostkit-custom-1SOwj2 is-layout-flow wp-block-column-is-layout-flow\" style=\"flex-basis:80%\">\n<p>\u201cVolkswagen heeft duidelijk niets geleerd. De misleiding van de consument, de doofpotaffaires, de rechtszaken en de manier waarop de gedupeerde klanten worden behandeld: alles is nog steeds hetzelfde als bij de EA 189. De EA 288 is de nieuwe schandaalmachine \u2013 en het bedrijf betaalt daar nu de prijs voor. Met de nieuwe ronde van het emissieschandaal bij VW komt er een nieuwe golf van rechtszaken richting Volkswagen. In ieder geval zijn de kansen voor benadeelde partijen om hun schadeclaim via de rechter af te dwingen, zeer groot. En dat is nog niet alles: bij de EA 897 en de EA 898 worden ook andere dieselmotoren uit de groep verdacht van uitlaatgasmanipulatie. Wij adviseren alle betrokken kopers om advies in te winnen bij een bekwame advocaat.\u201d<\/p>\n\n\n\n<p class=\"has-text-align-left\">Partner Dr. Marco Rogert <\/p>\n<\/div>\n<\/div>\n\n\n\n<section class=\"wp-block-uagb-columns uagb-columns__wrap uagb-columns__background-undefined uagb-columns__stack-mobile uagb-columns__valign-undefined uagb-columns__gap-10 alignundefined uagb-block-a63b8d4d contrast blog_beitraege\"><div class=\"uagb-columns__overlay\"><\/div><div class=\"uagb-columns__inner-wrap uagb-columns__columns-1\">\n<div class=\"wp-block-uagb-column uagb-column__wrap uagb-column__background-undefined uagb-block-6e00ddba\"><div class=\"uagb-column__overlay\"><\/div><div class=\"uagb-column__inner-wrap\">\n<h3 class=\"wp-block-heading\" id=\"das-konnte-sie-auch-interessieren\">Misschien bent u ook ge\u00efnteresseerd in:<\/h3>\n\n\n\n\t\t\t<div class=\"wp-block-uagb-post-grid uagb-post-grid  uagb-post__image-position-top uagb-post__image-enabled uagb-block-ff875f2e     uagb-post__items uagb-post__columns-3 is-grid uagb-post__columns-tablet-2 uagb-post__columns-mobile-1 uagb-post__equal-height\" data-total=\"3\" style=\"\">\n\n\t\t\t\t\t\t\t\t\t\t\t\t<article class=\"uagb-post__inner-wrap\">\t\t\t\t\t\t\t\t<div class='uagb-post__image'>\n\t\t\t\t\t\t\t\t\t<a href=\"https:\/\/ru.law\/nl\/diesel-ueberholt-benzinpreis-jetzt-erst-recht\/\" target=\"_self\" rel=\"bookmark noopener noreferrer\" class='uagb-image-ratio-inherit'><img loading=\"lazy\" decoding=\"async\" width=\"1024\" height=\"576\" src=\"https:\/\/ru.law\/wp-content\/uploads\/2022\/03\/2021-News-Header-1200x675-2972-1024x576.jpg\" class=\"attachment-large size-large\" alt=\"Rogert-Ulbrich-Rechtsanwaelte-Kanzlei-Diesel-Benzin-Preise\" srcset=\"https:\/\/ru.law\/wp-content\/uploads\/2022\/03\/2021-News-Header-1200x675-2972-1024x576.jpg 1024w, https:\/\/ru.law\/wp-content\/uploads\/2022\/03\/2021-News-Header-1200x675-2972-300x169.jpg 300w, https:\/\/ru.law\/wp-content\/uploads\/2022\/03\/2021-News-Header-1200x675-2972-768x432.jpg 768w, https:\/\/ru.law\/wp-content\/uploads\/2022\/03\/2021-News-Header-1200x675-2972.jpg 1200w\" sizes=\"auto, (max-width: 1024px) 100vw, 1024px\" \/>\t\t\t\t\t<\/a>\n\t\t\t\t\t\t\t<\/div>\n\t\t\t\t\t\t<h4 class=\"uagb-post__title uagb-post__text\">\n\t\t\t\t<a href=\"https:\/\/ru.law\/nl\/diesel-ueberholt-benzinpreis-jetzt-erst-recht\/\" target=\"_self\" rel=\"bookmark noopener noreferrer\">Recordprijzen voor diesel - Nu is het moment om uw auto terug te draaien<\/a>\n\t\t\t<\/h4>\n\t\t\t\t\t\t<div class='uagb-post__text uagb-post-grid-byline'>\n\t\t\t\t\t\t\t<\/div>\n\t\t\t\t\t\t\t<div class='uagb-post__text uagb-post__excerpt'>\n\t\t\t\t\t<p>Diesel staat in Duitsland op recordhoogte en ook benzine nadert een\u2026\t\t\t\t<\/div>\n\t\t\t\t\t\t<div class=\"uagb-post__text uagb-post__cta wp-block-button\">\n\t\t\t\t<a class=\"wp-block-button__link uagb-text-link\" style=\"\" href=\"https:\/\/ru.law\/nl\/diesel-ueberholt-benzinpreis-jetzt-erst-recht\/\" target=\"_self\" rel=\"bookmark noopener noreferrer\">Lees meer<\/a>\n\t\t\t<\/div>\n\t\t\t\n\t\t\t\t\t\t\t\t<a class=\"uagb-post__link-complete-box\" href=\"https:\/\/ru.law\/nl\/diesel-ueberholt-benzinpreis-jetzt-erst-recht\/\" target=\"_self\" rel=\"bookmark noopener noreferrer\"><\/a>\n\t\t\t\t\t\t\t<\/article>\n\t\t\t\t\t\t\t\t\t\t\t\t\t\t\t\t<article class=\"uagb-post__inner-wrap\">\t\t\t\t\t\t\t\t<div class='uagb-post__image'>\n\t\t\t\t\t\t\t\t\t<a href=\"https:\/\/ru.law\/nl\/vtdi-abgasskandal-rund-um-vw-audi-und-porsche\/\" target=\"_self\" rel=\"bookmark noopener noreferrer\" class='uagb-image-ratio-inherit'><img loading=\"lazy\" decoding=\"async\" width=\"1024\" height=\"576\" src=\"https:\/\/ru.law\/wp-content\/uploads\/2022\/01\/Rogert-Ulbrich-Rechtsanwaelte-Kanzlei-Abgasskandal-Audi-Verjaehrung-2022-1024x576.jpg\" class=\"attachment-large size-large\" alt=\"\" srcset=\"https:\/\/ru.law\/wp-content\/uploads\/2022\/01\/Rogert-Ulbrich-Rechtsanwaelte-Kanzlei-Abgasskandal-Audi-Verjaehrung-2022-1024x576.jpg 1024w, https:\/\/ru.law\/wp-content\/uploads\/2022\/01\/Rogert-Ulbrich-Rechtsanwaelte-Kanzlei-Abgasskandal-Audi-Verjaehrung-2022-300x169.jpg 300w, https:\/\/ru.law\/wp-content\/uploads\/2022\/01\/Rogert-Ulbrich-Rechtsanwaelte-Kanzlei-Abgasskandal-Audi-Verjaehrung-2022-768x432.jpg 768w, https:\/\/ru.law\/wp-content\/uploads\/2022\/01\/Rogert-Ulbrich-Rechtsanwaelte-Kanzlei-Abgasskandal-Audi-Verjaehrung-2022.jpg 1200w\" sizes=\"auto, (max-width: 1024px) 100vw, 1024px\" \/>\t\t\t\t\t<\/a>\n\t\t\t\t\t\t\t<\/div>\n\t\t\t\t\t\t<h4 class=\"uagb-post__title uagb-post__text\">\n\t\t\t\t<a href=\"https:\/\/ru.law\/nl\/vtdi-abgasskandal-rund-um-vw-audi-und-porsche\/\" target=\"_self\" rel=\"bookmark noopener noreferrer\">VTDI-emissieschandaal waarbij VW, Audi en Porsche betrokken zijn<\/a>\n\t\t\t<\/h4>\n\t\t\t\t\t\t<div class='uagb-post__text uagb-post-grid-byline'>\n\t\t\t\t\t\t\t<\/div>\n\t\t\t\t\t\t\t<div class='uagb-post__text uagb-post__excerpt'>\n\t\t\t\t\t<p>Voor veel Duitse autofabrikanten is het dieselemissieschandaal nog steeds alomtegenwoordig, ook voor de VW Groep\u2026\t\t\t\t<\/div>\n\t\t\t\t\t\t<div class=\"uagb-post__text uagb-post__cta wp-block-button\">\n\t\t\t\t<a class=\"wp-block-button__link uagb-text-link\" style=\"\" href=\"https:\/\/ru.law\/nl\/vtdi-abgasskandal-rund-um-vw-audi-und-porsche\/\" target=\"_self\" rel=\"bookmark noopener noreferrer\">Lees meer<\/a>\n\t\t\t<\/div>\n\t\t\t\n\t\t\t\t\t\t\t\t<a class=\"uagb-post__link-complete-box\" href=\"https:\/\/ru.law\/nl\/vtdi-abgasskandal-rund-um-vw-audi-und-porsche\/\" target=\"_self\" rel=\"bookmark noopener noreferrer\"><\/a>\n\t\t\t\t\t\t\t<\/article>\n\t\t\t\t\t\t\t\t\t\t\t\t\t\t\t\t<article class=\"uagb-post__inner-wrap\">\t\t\t\t\t\t\t\t<div class='uagb-post__image'>\n\t\t\t\t\t\t\t\t\t<a href=\"https:\/\/ru.law\/nl\/olg-koeln-verurteilt-audi-ag\/\" target=\"_self\" rel=\"bookmark noopener noreferrer\" class='uagb-image-ratio-inherit'><img loading=\"lazy\" decoding=\"async\" width=\"1024\" height=\"576\" src=\"https:\/\/ru.law\/wp-content\/uploads\/2021\/09\/rogert-ulbrich-rechtsanwalt-kanzlei-abgasskandal-premium-modelle-porsche-42l-1024x576.jpg\" class=\"attachment-large size-large\" alt=\"\" srcset=\"https:\/\/ru.law\/wp-content\/uploads\/2021\/09\/rogert-ulbrich-rechtsanwalt-kanzlei-abgasskandal-premium-modelle-porsche-42l-1024x576.jpg 1024w, https:\/\/ru.law\/wp-content\/uploads\/2021\/09\/rogert-ulbrich-rechtsanwalt-kanzlei-abgasskandal-premium-modelle-porsche-42l-300x169.jpg 300w, https:\/\/ru.law\/wp-content\/uploads\/2021\/09\/rogert-ulbrich-rechtsanwalt-kanzlei-abgasskandal-premium-modelle-porsche-42l-768x432.jpg 768w, https:\/\/ru.law\/wp-content\/uploads\/2021\/09\/rogert-ulbrich-rechtsanwalt-kanzlei-abgasskandal-premium-modelle-porsche-42l.jpg 1200w\" sizes=\"auto, (max-width: 1024px) 100vw, 1024px\" \/>\t\t\t\t\t<\/a>\n\t\t\t\t\t\t\t<\/div>\n\t\t\t\t\t\t<h4 class=\"uagb-post__title uagb-post__text\">\n\t\t\t\t<a href=\"https:\/\/ru.law\/nl\/olg-koeln-verurteilt-audi-ag\/\" target=\"_self\" rel=\"bookmark noopener noreferrer\">Audi AG moet Porsche Cayenne S terugnemen<\/a>\n\t\t\t<\/h4>\n\t\t\t\t\t\t<div class='uagb-post__text uagb-post-grid-byline'>\n\t\t\t\t\t\t\t<\/div>\n\t\t\t\t\t\t\t<div class='uagb-post__text uagb-post__excerpt'>\n\t\t\t\t\t<p>Audi AG kreeg van het Oberlandesgericht Keulen de opdracht een Porsche Cayenne S 4.2l terug te nemen\u2026.\t\t\t\t<\/div>\n\t\t\t\t\t\t<div class=\"uagb-post__text uagb-post__cta wp-block-button\">\n\t\t\t\t<a class=\"wp-block-button__link uagb-text-link\" style=\"\" href=\"https:\/\/ru.law\/nl\/olg-koeln-verurteilt-audi-ag\/\" target=\"_self\" rel=\"bookmark noopener noreferrer\">Lees meer<\/a>\n\t\t\t<\/div>\n\t\t\t\n\t\t\t\t\t\t\t\t<a class=\"uagb-post__link-complete-box\" href=\"https:\/\/ru.law\/nl\/olg-koeln-verurteilt-audi-ag\/\" target=\"_self\" rel=\"bookmark noopener noreferrer\"><\/a>\n\t\t\t\t\t\t\t<\/article>\n\t\t\t\t\t\t\t\t\t\t\t<\/div>\n\t\t\t\n\n\n<p><\/p>\n<\/div><\/div>\n<\/div><\/section>","protected":false},"excerpt":{"rendered":"<p>EA 288 &#8211; Der neue Skandalmotor von Volkswagen. Recherchen unabh\u00e4ngiger Medien und immer mehr Gerichtsentscheidungen belegen: Auch beim vermeintlich sauberen Euro-6-Motor EA288 sind unzul\u00e4ssige Abschalteinrichtungen [&hellip;]<\/p>\n","protected":false},"author":21,"featured_media":7530,"comment_status":"closed","ping_status":"open","sticky":false,"template":"","format":"standard","meta":{"_uag_custom_page_level_css":"","site-sidebar-layout":"default","site-content-layout":"default","ast-site-content-layout":"default","site-content-style":"default","site-sidebar-style":"default","ast-global-header-display":"","ast-banner-title-visibility":"","ast-main-header-display":"","ast-hfb-above-header-display":"","ast-hfb-below-header-display":"","ast-hfb-mobile-header-display":"","site-post-title":"","ast-breadcrumbs-content":"","ast-featured-img":"","footer-sml-layout":"","ast-disable-related-posts":"","theme-transparent-header-meta":"default","adv-header-id-meta":"","stick-header-meta":"","header-above-stick-meta":"","header-main-stick-meta":"","header-below-stick-meta":"","astra-migrate-meta-layouts":"default","ast-page-background-enabled":"default","ast-page-background-meta":{"desktop":{"background-color":"","background-image":"","background-repeat":"repeat","background-position":"center center","background-size":"auto","background-attachment":"scroll","background-type":"","background-media":"","overlay-type":"","overlay-color":"","overlay-opacity":"","overlay-gradient":""},"tablet":{"background-color":"","background-image":"","background-repeat":"repeat","background-position":"center center","background-size":"auto","background-attachment":"scroll","background-type":"","background-media":"","overlay-type":"","overlay-color":"","overlay-opacity":"","overlay-gradient":""},"mobile":{"background-color":"","background-image":"","background-repeat":"repeat","background-position":"center center","background-size":"auto","background-attachment":"scroll","background-type":"","background-media":"","overlay-type":"","overlay-color":"","overlay-opacity":"","overlay-gradient":""}},"ast-content-background-meta":{"desktop":{"background-color":"var(--ast-global-color-5)","background-image":"","background-repeat":"repeat","background-position":"center center","background-size":"auto","background-attachment":"scroll","background-type":"","background-media":"","overlay-type":"","overlay-color":"","overlay-opacity":"","overlay-gradient":""},"tablet":{"background-color":"var(--ast-global-color-5)","background-image":"","background-repeat":"repeat","background-position":"center center","background-size":"auto","background-attachment":"scroll","background-type":"","background-media":"","overlay-type":"","overlay-color":"","overlay-opacity":"","overlay-gradient":""},"mobile":{"background-color":"var(--ast-global-color-5)","background-image":"","background-repeat":"repeat","background-position":"center center","background-size":"auto","background-attachment":"scroll","background-type":"","background-media":"","overlay-type":"","overlay-color":"","overlay-opacity":"","overlay-gradient":""}},"footnotes":""},"categories":[2],"tags":[20,45,52],"class_list":["post-2238","post","type-post","status-publish","format-standard","has-post-thumbnail","hentry","category-abgasskandal","tag-ea288","tag-vw","tag-zykluserkennung"],"yoast_head":"<!-- This site is optimized with the Yoast SEO Premium plugin v27.4 (Yoast SEO v27.4) - https:\/\/yoast.com\/product\/yoast-seo-premium-wordpress\/ -->\n<title>Die n\u00e4chste Runde im Abgasskandal hat l\u00e4ngst begonnen - R&amp;U<\/title>\n<meta name=\"description\" content=\"Auch im n\u00e4chsten &quot;Skandalmotor&quot; EA 288 von VW sind unzul\u00e4ssige Abschalteinrichtungen verbaut. Hunderttausende Dieselfahrer sind betroffen!\" \/>\n<meta name=\"robots\" content=\"index, follow, max-snippet:-1, max-image-preview:large, max-video-preview:-1\" \/>\n<link rel=\"canonical\" href=\"https:\/\/ru.law\/nl\/der-neue-skandalmotor-von-volkswagen\/\" \/>\n<meta property=\"og:locale\" content=\"nl_NL\" \/>\n<meta property=\"og:type\" content=\"article\" \/>\n<meta property=\"og:title\" content=\"Die n\u00e4chste Runde im Abgasskandal hat l\u00e4ngst begonnen\" \/>\n<meta property=\"og:description\" content=\"Auch im n\u00e4chsten &quot;Skandalmotor&quot; EA 288 von VW sind unzul\u00e4ssige Abschalteinrichtungen verbaut. Hunderttausende Dieselfahrer sind betroffen!\" \/>\n<meta property=\"og:url\" content=\"https:\/\/ru.law\/nl\/der-neue-skandalmotor-von-volkswagen\/\" \/>\n<meta property=\"og:site_name\" content=\"R&amp;U\" \/>\n<meta property=\"article:publisher\" content=\"https:\/\/www.facebook.com\/RogertUlbrich\/\" \/>\n<meta property=\"article:published_time\" content=\"2020-07-27T15:36:00+00:00\" \/>\n<meta property=\"article:modified_time\" content=\"2024-07-08T11:13:00+00:00\" \/>\n<meta property=\"og:image\" content=\"https:\/\/ru.law\/wp-content\/uploads\/2020\/07\/abgasskandal-vw-diesel-fahrzeug-2.jpg\" \/>\n\t<meta property=\"og:image:width\" content=\"1024\" \/>\n\t<meta property=\"og:image:height\" content=\"576\" \/>\n\t<meta property=\"og:image:type\" content=\"image\/jpeg\" \/>\n<meta name=\"author\" content=\"Marco Rogert\" \/>\n<meta name=\"twitter:card\" content=\"summary_large_image\" \/>\n<meta name=\"twitter:creator\" content=\"@RogertUlbrich\" \/>\n<meta name=\"twitter:site\" content=\"@RogertUlbrich\" \/>\n<script type=\"application\/ld+json\" class=\"yoast-schema-graph\">{\"@context\":\"https:\\\/\\\/schema.org\",\"@graph\":[{\"@type\":\"Article\",\"@id\":\"https:\\\/\\\/ru.law\\\/der-neue-skandalmotor-von-volkswagen\\\/#article\",\"isPartOf\":{\"@id\":\"https:\\\/\\\/ru.law\\\/der-neue-skandalmotor-von-volkswagen\\\/\"},\"author\":{\"name\":\"Marco Rogert\",\"@id\":\"https:\\\/\\\/ru.law\\\/#\\\/schema\\\/person\\\/b020d506e6bbc471b4565d3a98173b87\"},\"headline\":\"Die n\u00e4chste Runde im Abgasskandal hat l\u00e4ngst begonnen\",\"datePublished\":\"2020-07-27T15:36:00+00:00\",\"dateModified\":\"2024-07-08T11:13:00+00:00\",\"mainEntityOfPage\":{\"@id\":\"https:\\\/\\\/ru.law\\\/der-neue-skandalmotor-von-volkswagen\\\/\"},\"wordCount\":905,\"publisher\":{\"@id\":\"https:\\\/\\\/ru.law\\\/#organization\"},\"image\":{\"@id\":\"https:\\\/\\\/ru.law\\\/der-neue-skandalmotor-von-volkswagen\\\/#primaryimage\"},\"thumbnailUrl\":\"https:\\\/\\\/ru.law\\\/wp-content\\\/uploads\\\/2020\\\/07\\\/abgasskandal-vw-diesel-fahrzeug-2.jpg\",\"keywords\":[\"EA288\",\"VW\",\"Zykluserkennung\"],\"articleSection\":[\"Abgasskandal\"],\"inLanguage\":\"nl-NL\"},{\"@type\":\"WebPage\",\"@id\":\"https:\\\/\\\/ru.law\\\/der-neue-skandalmotor-von-volkswagen\\\/\",\"url\":\"https:\\\/\\\/ru.law\\\/der-neue-skandalmotor-von-volkswagen\\\/\",\"name\":\"Die n\u00e4chste Runde im Abgasskandal hat l\u00e4ngst begonnen - R&amp;U\",\"isPartOf\":{\"@id\":\"https:\\\/\\\/ru.law\\\/#website\"},\"primaryImageOfPage\":{\"@id\":\"https:\\\/\\\/ru.law\\\/der-neue-skandalmotor-von-volkswagen\\\/#primaryimage\"},\"image\":{\"@id\":\"https:\\\/\\\/ru.law\\\/der-neue-skandalmotor-von-volkswagen\\\/#primaryimage\"},\"thumbnailUrl\":\"https:\\\/\\\/ru.law\\\/wp-content\\\/uploads\\\/2020\\\/07\\\/abgasskandal-vw-diesel-fahrzeug-2.jpg\",\"datePublished\":\"2020-07-27T15:36:00+00:00\",\"dateModified\":\"2024-07-08T11:13:00+00:00\",\"description\":\"Auch im n\u00e4chsten \\\"Skandalmotor\\\" EA 288 von VW sind unzul\u00e4ssige Abschalteinrichtungen verbaut. Hunderttausende Dieselfahrer sind betroffen!\",\"breadcrumb\":{\"@id\":\"https:\\\/\\\/ru.law\\\/der-neue-skandalmotor-von-volkswagen\\\/#breadcrumb\"},\"inLanguage\":\"nl-NL\",\"potentialAction\":[{\"@type\":\"ReadAction\",\"target\":[\"https:\\\/\\\/ru.law\\\/der-neue-skandalmotor-von-volkswagen\\\/\"]}]},{\"@type\":\"ImageObject\",\"inLanguage\":\"nl-NL\",\"@id\":\"https:\\\/\\\/ru.law\\\/der-neue-skandalmotor-von-volkswagen\\\/#primaryimage\",\"url\":\"https:\\\/\\\/ru.law\\\/wp-content\\\/uploads\\\/2020\\\/07\\\/abgasskandal-vw-diesel-fahrzeug-2.jpg\",\"contentUrl\":\"https:\\\/\\\/ru.law\\\/wp-content\\\/uploads\\\/2020\\\/07\\\/abgasskandal-vw-diesel-fahrzeug-2.jpg\",\"width\":1024,\"height\":576,\"caption\":\"Abgasskandal VW-Diesel-Fahrzeug\"},{\"@type\":\"BreadcrumbList\",\"@id\":\"https:\\\/\\\/ru.law\\\/der-neue-skandalmotor-von-volkswagen\\\/#breadcrumb\",\"itemListElement\":[{\"@type\":\"ListItem\",\"position\":1,\"name\":\"Startseite\",\"item\":\"https:\\\/\\\/ru.law\\\/\"},{\"@type\":\"ListItem\",\"position\":2,\"name\":\"Die n\u00e4chste Runde im Abgasskandal hat l\u00e4ngst begonnen\"}]},{\"@type\":\"WebSite\",\"@id\":\"https:\\\/\\\/ru.law\\\/#website\",\"url\":\"https:\\\/\\\/ru.law\\\/\",\"name\":\"R&U\",\"description\":\"Verbraucheranw\u00e4lte\",\"publisher\":{\"@id\":\"https:\\\/\\\/ru.law\\\/#organization\"},\"alternateName\":\"Rogert & Ulbrich\",\"potentialAction\":[{\"@type\":\"SearchAction\",\"target\":{\"@type\":\"EntryPoint\",\"urlTemplate\":\"https:\\\/\\\/ru.law\\\/?s={search_term_string}\"},\"query-input\":{\"@type\":\"PropertyValueSpecification\",\"valueRequired\":true,\"valueName\":\"search_term_string\"}}],\"inLanguage\":\"nl-NL\"},{\"@type\":\"Organization\",\"@id\":\"https:\\\/\\\/ru.law\\\/#organization\",\"name\":\"Kanzlei Rogert & Ulbrich\",\"url\":\"https:\\\/\\\/ru.law\\\/\",\"logo\":{\"@type\":\"ImageObject\",\"inLanguage\":\"nl-NL\",\"@id\":\"https:\\\/\\\/ru.law\\\/#\\\/schema\\\/logo\\\/image\\\/\",\"url\":\"https:\\\/\\\/ru.law\\\/wp-content\\\/uploads\\\/2020\\\/12\\\/logo-ru-law.svg\",\"contentUrl\":\"https:\\\/\\\/ru.law\\\/wp-content\\\/uploads\\\/2020\\\/12\\\/logo-ru-law.svg\",\"width\":992,\"height\":259,\"caption\":\"Kanzlei Rogert & Ulbrich\"},\"image\":{\"@id\":\"https:\\\/\\\/ru.law\\\/#\\\/schema\\\/logo\\\/image\\\/\"},\"sameAs\":[\"https:\\\/\\\/www.facebook.com\\\/RogertUlbrich\\\/\",\"https:\\\/\\\/x.com\\\/RogertUlbrich\",\"https:\\\/\\\/www.instagram.com\\\/rogertulbrich\\\/\",\"https:\\\/\\\/www.linkedin.com\\\/company\\\/rogert-ulbrich\\\/\",\"https:\\\/\\\/www.youtube.com\\\/channel\\\/UCganCgpvwpPFqMFf1vVmG2A\"]},{\"@type\":\"Person\",\"@id\":\"https:\\\/\\\/ru.law\\\/#\\\/schema\\\/person\\\/b020d506e6bbc471b4565d3a98173b87\",\"name\":\"Marco Rogert\",\"url\":\"https:\\\/\\\/ru.law\\\/nl\\\/author\\\/rogertru-law\\\/\"}]}<\/script>\n<!-- \/ Yoast SEO Premium plugin. -->","yoast_head_json":{"title":"De volgende ronde in het emissieschandaal is al lang begonnen - R&amp;U","description":"De volgende &#039;schandaalmotor&#039;, de EA 288 van VW, bevat eveneens illegale sjoemelsoftware. Honderdduizenden dieselrijders worden hierdoor getroffen!","robots":{"index":"index","follow":"follow","max-snippet":"max-snippet:-1","max-image-preview":"max-image-preview:large","max-video-preview":"max-video-preview:-1"},"canonical":"https:\/\/ru.law\/nl\/der-neue-skandalmotor-von-volkswagen\/","og_locale":"nl_NL","og_type":"article","og_title":"Die n\u00e4chste Runde im Abgasskandal hat l\u00e4ngst begonnen","og_description":"Auch im n\u00e4chsten \"Skandalmotor\" EA 288 von VW sind unzul\u00e4ssige Abschalteinrichtungen verbaut. Hunderttausende Dieselfahrer sind betroffen!","og_url":"https:\/\/ru.law\/nl\/der-neue-skandalmotor-von-volkswagen\/","og_site_name":"R&amp;U","article_publisher":"https:\/\/www.facebook.com\/RogertUlbrich\/","article_published_time":"2020-07-27T15:36:00+00:00","article_modified_time":"2024-07-08T11:13:00+00:00","og_image":[{"width":1024,"height":576,"url":"https:\/\/ru.law\/wp-content\/uploads\/2020\/07\/abgasskandal-vw-diesel-fahrzeug-2.jpg","type":"image\/jpeg"}],"author":"Marco Rogert","twitter_card":"summary_large_image","twitter_creator":"@RogertUlbrich","twitter_site":"@RogertUlbrich","schema":{"@context":"https:\/\/schema.org","@graph":[{"@type":"Article","@id":"https:\/\/ru.law\/der-neue-skandalmotor-von-volkswagen\/#article","isPartOf":{"@id":"https:\/\/ru.law\/der-neue-skandalmotor-von-volkswagen\/"},"author":{"name":"Marco Rogert","@id":"https:\/\/ru.law\/#\/schema\/person\/b020d506e6bbc471b4565d3a98173b87"},"headline":"Die n\u00e4chste Runde im Abgasskandal hat l\u00e4ngst begonnen","datePublished":"2020-07-27T15:36:00+00:00","dateModified":"2024-07-08T11:13:00+00:00","mainEntityOfPage":{"@id":"https:\/\/ru.law\/der-neue-skandalmotor-von-volkswagen\/"},"wordCount":905,"publisher":{"@id":"https:\/\/ru.law\/#organization"},"image":{"@id":"https:\/\/ru.law\/der-neue-skandalmotor-von-volkswagen\/#primaryimage"},"thumbnailUrl":"https:\/\/ru.law\/wp-content\/uploads\/2020\/07\/abgasskandal-vw-diesel-fahrzeug-2.jpg","keywords":["EA288","VW","Zykluserkennung"],"articleSection":["Abgasskandal"],"inLanguage":"nl-NL"},{"@type":"WebPage","@id":"https:\/\/ru.law\/der-neue-skandalmotor-von-volkswagen\/","url":"https:\/\/ru.law\/der-neue-skandalmotor-von-volkswagen\/","name":"De volgende ronde in het emissieschandaal is al lang begonnen - R&amp;U","isPartOf":{"@id":"https:\/\/ru.law\/#website"},"primaryImageOfPage":{"@id":"https:\/\/ru.law\/der-neue-skandalmotor-von-volkswagen\/#primaryimage"},"image":{"@id":"https:\/\/ru.law\/der-neue-skandalmotor-von-volkswagen\/#primaryimage"},"thumbnailUrl":"https:\/\/ru.law\/wp-content\/uploads\/2020\/07\/abgasskandal-vw-diesel-fahrzeug-2.jpg","datePublished":"2020-07-27T15:36:00+00:00","dateModified":"2024-07-08T11:13:00+00:00","description":"De volgende &#039;schandaalmotor&#039;, de EA 288 van VW, bevat eveneens illegale sjoemelsoftware. Honderdduizenden dieselrijders worden hierdoor getroffen!","breadcrumb":{"@id":"https:\/\/ru.law\/der-neue-skandalmotor-von-volkswagen\/#breadcrumb"},"inLanguage":"nl-NL","potentialAction":[{"@type":"ReadAction","target":["https:\/\/ru.law\/der-neue-skandalmotor-von-volkswagen\/"]}]},{"@type":"ImageObject","inLanguage":"nl-NL","@id":"https:\/\/ru.law\/der-neue-skandalmotor-von-volkswagen\/#primaryimage","url":"https:\/\/ru.law\/wp-content\/uploads\/2020\/07\/abgasskandal-vw-diesel-fahrzeug-2.jpg","contentUrl":"https:\/\/ru.law\/wp-content\/uploads\/2020\/07\/abgasskandal-vw-diesel-fahrzeug-2.jpg","width":1024,"height":576,"caption":"Abgasskandal VW-Diesel-Fahrzeug"},{"@type":"BreadcrumbList","@id":"https:\/\/ru.law\/der-neue-skandalmotor-von-volkswagen\/#breadcrumb","itemListElement":[{"@type":"ListItem","position":1,"name":"Startseite","item":"https:\/\/ru.law\/"},{"@type":"ListItem","position":2,"name":"Die n\u00e4chste Runde im Abgasskandal hat l\u00e4ngst begonnen"}]},{"@type":"WebSite","@id":"https:\/\/ru.law\/#website","url":"https:\/\/ru.law\/","name":"R&amp;U","description":"Consumentenadvocaten","publisher":{"@id":"https:\/\/ru.law\/#organization"},"alternateName":"Rogert & Ulbrich","potentialAction":[{"@type":"SearchAction","target":{"@type":"EntryPoint","urlTemplate":"https:\/\/ru.law\/?s={search_term_string}"},"query-input":{"@type":"PropertyValueSpecification","valueRequired":true,"valueName":"search_term_string"}}],"inLanguage":"nl-NL"},{"@type":"Organization","@id":"https:\/\/ru.law\/#organization","name":"Advocatenkantoor Rogert &amp; Ulbrich","url":"https:\/\/ru.law\/","logo":{"@type":"ImageObject","inLanguage":"nl-NL","@id":"https:\/\/ru.law\/#\/schema\/logo\/image\/","url":"https:\/\/ru.law\/wp-content\/uploads\/2020\/12\/logo-ru-law.svg","contentUrl":"https:\/\/ru.law\/wp-content\/uploads\/2020\/12\/logo-ru-law.svg","width":992,"height":259,"caption":"Kanzlei Rogert & Ulbrich"},"image":{"@id":"https:\/\/ru.law\/#\/schema\/logo\/image\/"},"sameAs":["https:\/\/www.facebook.com\/RogertUlbrich\/","https:\/\/x.com\/RogertUlbrich","https:\/\/www.instagram.com\/rogertulbrich\/","https:\/\/www.linkedin.com\/company\/rogert-ulbrich\/","https:\/\/www.youtube.com\/channel\/UCganCgpvwpPFqMFf1vVmG2A"]},{"@type":"Person","@id":"https:\/\/ru.law\/#\/schema\/person\/b020d506e6bbc471b4565d3a98173b87","name":"Marco Rogert","url":"https:\/\/ru.law\/nl\/author\/rogertru-law\/"}]}},"uagb_featured_image_src":{"full":["https:\/\/ru.law\/wp-content\/uploads\/2020\/07\/abgasskandal-vw-diesel-fahrzeug-2.jpg",1024,576,false],"thumbnail":["https:\/\/ru.law\/wp-content\/uploads\/2020\/07\/abgasskandal-vw-diesel-fahrzeug-2-150x150.jpg",96,96,true],"medium":["https:\/\/ru.law\/wp-content\/uploads\/2020\/07\/abgasskandal-vw-diesel-fahrzeug-2-300x169.jpg",300,169,true],"medium_large":["https:\/\/ru.law\/wp-content\/uploads\/2020\/07\/abgasskandal-vw-diesel-fahrzeug-2-768x432.jpg",768,432,true],"large":["https:\/\/ru.law\/wp-content\/uploads\/2020\/07\/abgasskandal-vw-diesel-fahrzeug-2.jpg",1024,576,false],"1536x1536":["https:\/\/ru.law\/wp-content\/uploads\/2020\/07\/abgasskandal-vw-diesel-fahrzeug-2.jpg",1024,576,false],"2048x2048":["https:\/\/ru.law\/wp-content\/uploads\/2020\/07\/abgasskandal-vw-diesel-fahrzeug-2.jpg",1024,576,false],"trp-custom-language-flag":["https:\/\/ru.law\/wp-content\/uploads\/2020\/07\/abgasskandal-vw-diesel-fahrzeug-2.jpg",18,10,false]},"uagb_author_info":{"display_name":"Marco Rogert","author_link":"https:\/\/ru.law\/nl\/author\/rogertru-law\/"},"uagb_comment_info":0,"uagb_excerpt":"EA 288 &#8211; Der neue Skandalmotor von Volkswagen. Recherchen unabh\u00e4ngiger Medien und immer mehr Gerichtsentscheidungen belegen: Auch beim vermeintlich sauberen Euro-6-Motor EA288 sind unzul\u00e4ssige Abschalteinrichtungen [&hellip;]","_links":{"self":[{"href":"https:\/\/ru.law\/nl\/wp-json\/wp\/v2\/posts\/2238","targetHints":{"allow":["GET"]}}],"collection":[{"href":"https:\/\/ru.law\/nl\/wp-json\/wp\/v2\/posts"}],"about":[{"href":"https:\/\/ru.law\/nl\/wp-json\/wp\/v2\/types\/post"}],"author":[{"embeddable":true,"href":"https:\/\/ru.law\/nl\/wp-json\/wp\/v2\/users\/21"}],"replies":[{"embeddable":true,"href":"https:\/\/ru.law\/nl\/wp-json\/wp\/v2\/comments?post=2238"}],"version-history":[{"count":0,"href":"https:\/\/ru.law\/nl\/wp-json\/wp\/v2\/posts\/2238\/revisions"}],"wp:featuredmedia":[{"embeddable":true,"href":"https:\/\/ru.law\/nl\/wp-json\/wp\/v2\/media\/7530"}],"wp:attachment":[{"href":"https:\/\/ru.law\/nl\/wp-json\/wp\/v2\/media?parent=2238"}],"wp:term":[{"taxonomy":"category","embeddable":true,"href":"https:\/\/ru.law\/nl\/wp-json\/wp\/v2\/categories?post=2238"},{"taxonomy":"post_tag","embeddable":true,"href":"https:\/\/ru.law\/nl\/wp-json\/wp\/v2\/tags?post=2238"}],"curies":[{"name":"wp","href":"https:\/\/api.w.org\/{rel}","templated":true}]}}