{"id":2220,"date":"2020-08-19T16:33:00","date_gmt":"2020-08-19T14:33:00","guid":{"rendered":"https:\/\/www.rogertulbrich.de\/wp\/?p=2220"},"modified":"2024-07-08T13:12:58","modified_gmt":"2024-07-08T11:12:58","slug":"milliarden-zahlungen-im-diesel-abgasskandal","status":"publish","type":"post","link":"https:\/\/ru.law\/nl\/milliarden-zahlungen-im-diesel-abgasskandal\/","title":{"rendered":"Miljarden aan betalingen in het dieselemissieschandaal in de VS"},"content":{"rendered":"<h2 class=\"wp-block-heading\" id=\"h-daimler-verweigert-vergleich-in-deutschland-aber-geschadigte-haben-gute-chancen-auf-ruckabwicklung\">Daimler weigert zich in Duitsland te vestigen, maar de kans is groot dat slachtoffers de deal ongedaan kunnen maken.<\/h2>\n\n\n\n<p>In de VS heeft Daimler <a href=\"https:\/\/ru.law\/nl\/expertise\/abgasskandal\/\">emissieschandaal<\/a> miljardenschikkingen met autoriteiten en consumenten. Wat betekent dit voor getroffen Mercedes-kopers in Duitsland? In dit land ontkent het bedrijf tot nu toe elke schuld en probeert het met alle mogelijke middelen te voorkomen dat er hogere rechtbanken uitspraken doen. Komt er nu een ommekeer?<\/p>\n\n\n\n<p>Meer dan 2,2 miljard Amerikaanse dollars, het equivalent van ongeveer 1,9 miljard euro \u2013 dat is hoeveel&nbsp;<a href=\"https:\/\/ru.law\/nl\/expertise\/abgasskandal\/mercedes-benz-diesel\/\">Daimler<\/a>r in de VS&nbsp;<a rel=\"noreferrer noopener\" href=\"https:\/\/media.daimler.com\/marsMediaSite\/de\/instance\/ko\/Daimler-erzielt-Grundsatzeinigungen-ueber-die-vergleichsweise-Beilegung-behoerdlicher-und-zivilrechtlicher-Verfahren-in-den-USA-im-Zusammenhang-mit-Diesel-Emissionen.xhtml?oid=47070313&amp;ls=L2RlL2luc3RhbmNlL2tvLnhodG1sP29pZD00ODM2MjU4JnJlbElkPTYwODI5JmZyb21PaWQ9NDgzNjI1OCZib3JkZXJzPXRydWUmcmVzdWx0SW5mb1R5cGVJZD00MDYyNiZ2aWV3VHlwZT10aHVtYnMmZnJvbUluZm9UeXBlSWQ9NDEwMTI!&amp;rs=7\" target=\"_blank\">Vergelijkingen in het dieselemissieschandaal<\/a>&nbsp;kosten. Hiervan is 1,5 miljard Amerikaanse dollar (1,26 miljard euro) toe te schrijven aan overeenkomsten met het Amerikaanse Environmental Protection Agency (EPA), de Environmental Division van het Department of Justice, de Customs and Border Protection Agency en met de autoriteiten van Californi\u00eb. Er gaat 700 miljoen Amerikaanse dollars (ongeveer 590 miljoen euro) naar consumenten die zich hebben aangesloten bij een collectieve rechtszaak. Daarnaast is er nog een bedrag van drie cijfers in de miljoenen voor gerechtskosten en advocatenkosten.<\/p>\n\n\n\n<h3 class=\"wp-block-heading\" id=\"h-kein-angebot-fur-geschadigte-kunden-in-deutschland\">Geen aanbod voor getroffen klanten in Duitsland<\/h3>\n\n\n<p>In totaal zijn er in de Verenigde Staten ongeveer 250.000 Mercedes-voertuigen slachtoffer van illegale emissiemanipulatie. Als alle betrokken rechtbanken en instellingen akkoord gaan met de schikking, zal de autofabrikant uit Stuttgart er relatief goed vanaf komen \u2013 in ieder geval aanzienlijk goedkoper dan\u00a0<a href=\"https:\/\/ru.law\/nl\/expertise\/abgasskandal\/vw-diesel\/\">Volkswagen<\/a>. De concurrentie betaalde ongeveer 14,7 miljard dollar (ongeveer 12.642,4 miljard euro) voor de schikking in de VS. Inclusief alle boetes en schadevergoedingen bedroegen de kosten van de emissiefraude voor het Amerikaanse bedrijf uit Wolfsburg alleen al 23 miljard euro. Ook Daimler is nog niet aan het einde van de rit, want er loopt nog steeds een strafzaak tegen het bedrijf bij een Amerikaanse jury. De schikkingen zijn nog lang niet voorbij.<\/p>\n<p>Bijna twee miljard euro aan schikkingsbetalingen \u2013 dat klinkt als een schuldbekentenis in <a href=\"https:\/\/ru.law\/nl\/expertise\/abgasskandal\/\">dieselemissieschandaal<\/a>. Maar wie dat hoopt, <a href=\"https:\/\/ru.law\/nl\/expertise\/abgasskandal\/mercedes-benz-diesel\/\">Daimler<\/a> ook gedupeerde klanten in Duitsland benadert en hun een vergelijkbaar genereus aanbod doet, is onjuist. Hoewel vrijwel niemand eraan twijfelt dat het emissiecontrolesysteem in veel Mercedes-dieselmotoren is gemanipuleerd, beweert het bedrijf in ons land onschuldig te zijn.<\/p>\n\n\n<h3 class=\"wp-block-heading\" id=\"h-ruckrufe-fur-1-5-millionen-mercedes-fahrzeuge-jetzt-auch-s-klasse-betroffen\">Terugroepacties voor 1,5 miljoen Mercedes-voertuigen \u2013 Nu ook S-Klasse getroffen<\/h3>\n\n\n<p>Dat Daimler gefraudeerd heeft, blijkt onder meer uit de negen verplichte terugroepacties die de Duitse Bundesautomobilausstelle (KBA) inmiddels heeft bevolen vanwege het gebruik van illegale manipulatie-instrumenten. Meer dan 1,5 miljoen Mercedes-voertuigen zijn getroffen, waarvan ruim 610.000 in Duitsland. Fraudesoftware is in vrijwel alle automodellen van de groep te vinden. Momenteel is er zelfs een thermisch venster gedetecteerd in de \u2018vlaggenschepen\u2019 van het bedrijf. In ieder geval heeft de KBA een terugroepactie gestart voor in totaal ruim 6.000 voertuigen van de modellen S 350 BlueTEC, S 350 d, S 350 TEC 4MATIC en S 350 d 4MATIC. In Duitsland zijn ongeveer 1.260 Mercedessen getroffen.<\/p>\n<p>In deze en andere premiummodellen wordt de 6-cilinder common-rail dieselmotor OM 642 gebruikt. Ook in de Mercedes-motoren OM 622, OM 626 en OM 651 werkt illegale manipulatiesoftware. Het installeren van software-updates lost de problemen met de verhoogde stikstofuitstoot uiteraard niet op. Integendeel: volgens een rapport van het tijdschrift ZDF \u201c<a href=\"https:\/\/www.zdf.de\/nachrichten\/wirtschaft\/diesel-software-update-macht-abgas-schmutziger-100.html\" target=\"_blank\" rel=\"noopener noreferrer\">Frontaal 21<\/a>Volgens het rapport stoten sommige voertuigen na de update zelfs meer NOx uit.<\/p>\n<p>Of het nu gaat om het thermische venster, de koelmiddel-instelpuntregeling of Bit 15: het bedrijf uit Stuttgart houdt vol dat dergelijke manipulaties legaal zijn omdat ze dienen ter bescherming van de motor en daarom niet zijn toegestaan door de&nbsp;<a href=\"https:\/\/eur-lex.europa.eu\/LexUriServ\/LexUriServ.do?uri=OJ:L:2007:055:0011:0012:DE:PDF\" target=\"_blank\" rel=\"noopener noreferrer\">Verordening (EG) nr. 715\/2007, artikel 5, lid 2<\/a>&nbsp;geformuleerde uitzonderingen worden gedekt. Renata Jungo Br\u00fcngger, bestuurslid en Chief Legal Officer van Daimler, benadrukte onlangs dat deze verdedigingslinie in de toekomst voor de rechter zal worden voortgezet.&nbsp;<a href=\"https:\/\/www.nzz.ch\/wirtschaft\/dieselaffaere-bei-daimler-technologie-wird-vor-gericht-verteidigt-ld.1560252\" target=\"_blank\" rel=\"noopener noreferrer\">Nieuwe Z\u00fcrichse krant<\/a>.<\/p>\n<p><\/p>\n\n\n\n\n<h3 class=\"wp-block-heading\" id=\"h-immer-mehr-verbraucherfreundliche-urteile-in-mercedes-verfahren\">Steeds meer consumentvriendelijke uitspraken in Mercedes-zaken<\/h3>\n\n\n<p>Of Daimler hiermee wegkomt, is zeer de vraag. De Procureur-Generaal bij het Hof van Justitie van de Europese Unie (HvJ-EU) heeft hierover een duidelijk standpunt ingenomen: manipulatie-instrumenten zijn in principe ontoelaatbaar als ze leiden tot een verhoogde uitstoot van schadelijke stoffen in het wegverkeer. Uitzonderingen hierop zijn slechts binnen zeer nauwe grenzen toegestaan. Een soortgelijke uitspraak van het hoogste Europese gerechtshof wordt algemeen verwacht.<\/p>\n<p>Er lopen duizenden rechtszaken tegen Daimler bij de rechtbanken in Duitsland. De Zwaben doen er alles aan om een oordeel te ontlopen. Informatie over de motoren en de functionaliteit van de manipulatie-instrumenten worden geheim gehouden, evenals terugroepberichten van de KBA. De advocaten van het bedrijf geven er in de rechtbank de voorkeur aan om geredigeerde documenten in te dienen en te verwijzen naar bedrijfsgeheimen. Toch beslissen steeds meer rechtbanken in Mercedes-zaken in het voordeel van consumenten, bijvoorbeeld de regionale rechtbanken&nbsp;<a href=\"https:\/\/www.auto-rueckabwicklung.de\/aktuelles\/diesel\/urteil-abgasskandal-erneute-klatsche-fuer-daimler?tx_mindshaperogert_calculator%5bcontroller%5d=Calculator&amp;cHash=246988dd2acdfa19530953b7d5b92d60\" target=\"_blank\" rel=\"noopener noreferrer\">Heilbronn<\/a>,&nbsp;<a href=\"https:\/\/www.auto-rueckabwicklung.de\/aktuelles\/diesel\/daimler-abgasskandal-autokaeufer-erhaelt-mehr-schadenersatz-als-er-bezahlt-hat\" target=\"_blank\" rel=\"noopener noreferrer\">Bonn<\/a>&nbsp;en meest recentelijk de regionale rechtbank van Stuttgart in drie zaken.<\/p>\n\n\n<h3 class=\"wp-block-heading\" id=\"h-olg-stuttgart-erhoht-den-druck-auf-daimler\">Oberlandesgericht Stuttgart verhoogt druk op Daimler<\/h3>\n\n\n<p>Het bedrijf heeft tot nu toe consumentvriendelijke uitspraken van hogere regionale rechtbanken (OLG) kunnen voorkomen door individuele schikkingsvoorstellen te doen aan de eisers. Maar nu zet het Oberlandesgericht Stuttgart druk op de rechtbank. De rechtbank heeft verschillende procedures tegen Daimler samengevoegd en een speciale senaat voor deze zaken opgericht, die&nbsp;<a href=\"https:\/\/www.presseportal.de\/pm\/105254\/4625676\" target=\"_blank\" rel=\"noopener noreferrer\">heeft zich al duidelijk aan de zijde van de gedupeerde Mercedes-kopers geschaard<\/a>.<\/p>\n<p>Zoals het Bundesgerichtshof (BGH) (28.01.2020, Az. VIII ZR 57\/19) ook de Senaat van Stuttgart in een&nbsp;<a href=\"https:\/\/www.rueden.de\/blog\/abgasskandal\/vorlaeufige-rechtsauffassung-zivilsenat-am-olg-stuttgart-positioniert-sich-verbraucherfreundlich\/\" target=\"_blank\" rel=\"noopener noreferrer\">beslissing<\/a> Het is duidelijk dat het bedrijf, als onderdeel van zijn secundaire bewijslast, informatie moet verstrekken over de werking van de manipulatie-instrumenten. In het bijzonder moet hij informatie verstrekken over de goedkeuringsprocedures en uitleggen waarom hij de manipulatie legaal en noodzakelijk acht. Als het bedrijf doorgaat met het indienen van geredigeerde documenten, zal de Senaat dit in het nadeel van Daimler interpreteren. Bovendien heeft het hof in zijn voorlopige juridische oordeel aangegeven dat het de procureur-generaal bij het HvJ-EU volgt inzake de kwestie van \u201cuitzonderingen op het verbod op manipulatie-instrumenten\u201d.<\/p>\n\n\n<div class=\"wp-block-columns header__gradient_blog ghostkit-custom-xNr4Y is-layout-flex wp-container-core-columns-is-layout-28f84493 wp-block-columns-is-layout-flex\">\n<div class=\"wp-block-column is-vertically-aligned-top is-layout-flow wp-block-column-is-layout-flow\" style=\"flex-basis:20%\">\n<figure class=\"wp-block-image size-large zitat\"><img decoding=\"async\" src=\"https:\/\/www.rogertulbrich.de\/wp\/wp-content\/uploads\/2020\/07\/marco_rogert_handy-2.jpg\" alt=\"\" class=\"wp-image-749\" \/><\/figure>\n<\/div>\n\n\n\n<div class=\"wp-block-column is-vertically-aligned-center ghostkit-custom-1SOwj2 is-layout-flow wp-block-column-is-layout-flow\" style=\"flex-basis:80%\">\n<p>\u201cLange tijd leek het erop dat Daimler succes had met zijn doofpotaffaire. Na het verzoek van de procureur-generaal bij het Hof van Justitie van de Europese Unie en de uitspraken van het Federale Hof van Justitie en de Hogere Regionale Rechtbank van Stuttgart komt het bedrijf hier echter niet meer mee weg. Daimler moet nu de kaarten op tafel leggen en verantwoordelijkheid nemen voor zijn emissietrucs. De vergelijking met de VS zal de consumentvriendelijke trend in de jurisprudentie verder versnellen. Wij adviseren alle Daimler-kopers die schade hebben geleden, om nu een deskundige advocaat te raadplegen en hun schadeclaims in te dienen. De kans op gerechtigheid is nog nooit zo groot geweest als nu.\u201d<\/p>\n\n\n\n<p class=\"has-text-align-left\">Partner Dr. Marco Rogert <\/p>\n<\/div>\n<\/div>\n\n\n\n<section class=\"wp-block-uagb-columns uagb-columns__wrap uagb-columns__background-undefined uagb-columns__stack-mobile uagb-columns__valign-undefined uagb-columns__gap-10 alignundefined uagb-block-a63b8d4d contrast blog_beitraege\"><div class=\"uagb-columns__overlay\"><\/div><div class=\"uagb-columns__inner-wrap uagb-columns__columns-1\">\n<div class=\"wp-block-uagb-column uagb-column__wrap uagb-column__background-undefined uagb-block-6e00ddba\"><div class=\"uagb-column__overlay\"><\/div><div class=\"uagb-column__inner-wrap\">\n<h3 class=\"wp-block-heading\" id=\"das-konnte-sie-auch-interessieren\">Misschien bent u ook ge\u00efnteresseerd in:<\/h3>\n\n\n\n\t\t\t<div class=\"wp-block-uagb-post-grid uagb-post-grid  uagb-post__image-position-top uagb-post__image-enabled uagb-block-ff875f2e     uagb-post__items uagb-post__columns-3 is-grid uagb-post__columns-tablet-2 uagb-post__columns-mobile-1 uagb-post__equal-height\" data-total=\"3\" style=\"\">\n\n\t\t\t\t\t\t\t\t\t\t\t\t<article class=\"uagb-post__inner-wrap\">\t\t\t\t\t\t\t\t<div class='uagb-post__image'>\n\t\t\t\t\t\t\t\t\t<a href=\"https:\/\/ru.law\/nl\/diesel-ueberholt-benzinpreis-jetzt-erst-recht\/\" target=\"_self\" rel=\"bookmark noopener noreferrer\" class='uagb-image-ratio-inherit'><img loading=\"lazy\" decoding=\"async\" width=\"1024\" height=\"576\" src=\"https:\/\/ru.law\/wp-content\/uploads\/2022\/03\/2021-News-Header-1200x675-2972-1024x576.jpg\" class=\"attachment-large size-large\" alt=\"Rogert-Ulbrich-Rechtsanwaelte-Kanzlei-Diesel-Benzin-Preise\" srcset=\"https:\/\/ru.law\/wp-content\/uploads\/2022\/03\/2021-News-Header-1200x675-2972-1024x576.jpg 1024w, https:\/\/ru.law\/wp-content\/uploads\/2022\/03\/2021-News-Header-1200x675-2972-300x169.jpg 300w, https:\/\/ru.law\/wp-content\/uploads\/2022\/03\/2021-News-Header-1200x675-2972-768x432.jpg 768w, https:\/\/ru.law\/wp-content\/uploads\/2022\/03\/2021-News-Header-1200x675-2972.jpg 1200w\" sizes=\"auto, (max-width: 1024px) 100vw, 1024px\" \/>\t\t\t\t\t<\/a>\n\t\t\t\t\t\t\t<\/div>\n\t\t\t\t\t\t<h4 class=\"uagb-post__title uagb-post__text\">\n\t\t\t\t<a href=\"https:\/\/ru.law\/nl\/diesel-ueberholt-benzinpreis-jetzt-erst-recht\/\" target=\"_self\" rel=\"bookmark noopener noreferrer\">Recordprijzen voor diesel - Nu is het moment om uw auto terug te draaien<\/a>\n\t\t\t<\/h4>\n\t\t\t\t\t\t<div class='uagb-post__text uagb-post-grid-byline'>\n\t\t\t\t\t\t\t<\/div>\n\t\t\t\t\t\t\t<div class='uagb-post__text uagb-post__excerpt'>\n\t\t\t\t\t<p>Diesel staat in Duitsland op recordhoogte en ook benzine nadert een\u2026\t\t\t\t<\/div>\n\t\t\t\t\t\t<div class=\"uagb-post__text uagb-post__cta wp-block-button\">\n\t\t\t\t<a class=\"wp-block-button__link uagb-text-link\" style=\"\" href=\"https:\/\/ru.law\/nl\/diesel-ueberholt-benzinpreis-jetzt-erst-recht\/\" target=\"_self\" rel=\"bookmark noopener noreferrer\">Lees meer<\/a>\n\t\t\t<\/div>\n\t\t\t\n\t\t\t\t\t\t\t\t<a class=\"uagb-post__link-complete-box\" href=\"https:\/\/ru.law\/nl\/diesel-ueberholt-benzinpreis-jetzt-erst-recht\/\" target=\"_self\" rel=\"bookmark noopener noreferrer\"><\/a>\n\t\t\t\t\t\t\t<\/article>\n\t\t\t\t\t\t\t\t\t\t\t\t\t\t\t\t<article class=\"uagb-post__inner-wrap\">\t\t\t\t\t\t\t\t<div class='uagb-post__image'>\n\t\t\t\t\t\t\t\t\t<a href=\"https:\/\/ru.law\/nl\/vtdi-abgasskandal-rund-um-vw-audi-und-porsche\/\" target=\"_self\" rel=\"bookmark noopener noreferrer\" class='uagb-image-ratio-inherit'><img loading=\"lazy\" decoding=\"async\" width=\"1024\" height=\"576\" src=\"https:\/\/ru.law\/wp-content\/uploads\/2022\/01\/Rogert-Ulbrich-Rechtsanwaelte-Kanzlei-Abgasskandal-Audi-Verjaehrung-2022-1024x576.jpg\" class=\"attachment-large size-large\" alt=\"\" srcset=\"https:\/\/ru.law\/wp-content\/uploads\/2022\/01\/Rogert-Ulbrich-Rechtsanwaelte-Kanzlei-Abgasskandal-Audi-Verjaehrung-2022-1024x576.jpg 1024w, https:\/\/ru.law\/wp-content\/uploads\/2022\/01\/Rogert-Ulbrich-Rechtsanwaelte-Kanzlei-Abgasskandal-Audi-Verjaehrung-2022-300x169.jpg 300w, https:\/\/ru.law\/wp-content\/uploads\/2022\/01\/Rogert-Ulbrich-Rechtsanwaelte-Kanzlei-Abgasskandal-Audi-Verjaehrung-2022-768x432.jpg 768w, https:\/\/ru.law\/wp-content\/uploads\/2022\/01\/Rogert-Ulbrich-Rechtsanwaelte-Kanzlei-Abgasskandal-Audi-Verjaehrung-2022.jpg 1200w\" sizes=\"auto, (max-width: 1024px) 100vw, 1024px\" \/>\t\t\t\t\t<\/a>\n\t\t\t\t\t\t\t<\/div>\n\t\t\t\t\t\t<h4 class=\"uagb-post__title uagb-post__text\">\n\t\t\t\t<a href=\"https:\/\/ru.law\/nl\/vtdi-abgasskandal-rund-um-vw-audi-und-porsche\/\" target=\"_self\" rel=\"bookmark noopener noreferrer\">VTDI-emissieschandaal waarbij VW, Audi en Porsche betrokken zijn<\/a>\n\t\t\t<\/h4>\n\t\t\t\t\t\t<div class='uagb-post__text uagb-post-grid-byline'>\n\t\t\t\t\t\t\t<\/div>\n\t\t\t\t\t\t\t<div class='uagb-post__text uagb-post__excerpt'>\n\t\t\t\t\t<p>Voor veel Duitse autofabrikanten is het dieselemissieschandaal nog steeds alomtegenwoordig, ook voor de VW Groep\u2026\t\t\t\t<\/div>\n\t\t\t\t\t\t<div class=\"uagb-post__text uagb-post__cta wp-block-button\">\n\t\t\t\t<a class=\"wp-block-button__link uagb-text-link\" style=\"\" href=\"https:\/\/ru.law\/nl\/vtdi-abgasskandal-rund-um-vw-audi-und-porsche\/\" target=\"_self\" rel=\"bookmark noopener noreferrer\">Lees meer<\/a>\n\t\t\t<\/div>\n\t\t\t\n\t\t\t\t\t\t\t\t<a class=\"uagb-post__link-complete-box\" href=\"https:\/\/ru.law\/nl\/vtdi-abgasskandal-rund-um-vw-audi-und-porsche\/\" target=\"_self\" rel=\"bookmark noopener noreferrer\"><\/a>\n\t\t\t\t\t\t\t<\/article>\n\t\t\t\t\t\t\t\t\t\t\t\t\t\t\t\t<article class=\"uagb-post__inner-wrap\">\t\t\t\t\t\t\t\t<div class='uagb-post__image'>\n\t\t\t\t\t\t\t\t\t<a href=\"https:\/\/ru.law\/nl\/olg-koeln-verurteilt-audi-ag\/\" target=\"_self\" rel=\"bookmark noopener noreferrer\" class='uagb-image-ratio-inherit'><img loading=\"lazy\" decoding=\"async\" width=\"1024\" height=\"576\" src=\"https:\/\/ru.law\/wp-content\/uploads\/2021\/09\/rogert-ulbrich-rechtsanwalt-kanzlei-abgasskandal-premium-modelle-porsche-42l-1024x576.jpg\" class=\"attachment-large size-large\" alt=\"\" srcset=\"https:\/\/ru.law\/wp-content\/uploads\/2021\/09\/rogert-ulbrich-rechtsanwalt-kanzlei-abgasskandal-premium-modelle-porsche-42l-1024x576.jpg 1024w, https:\/\/ru.law\/wp-content\/uploads\/2021\/09\/rogert-ulbrich-rechtsanwalt-kanzlei-abgasskandal-premium-modelle-porsche-42l-300x169.jpg 300w, https:\/\/ru.law\/wp-content\/uploads\/2021\/09\/rogert-ulbrich-rechtsanwalt-kanzlei-abgasskandal-premium-modelle-porsche-42l-768x432.jpg 768w, https:\/\/ru.law\/wp-content\/uploads\/2021\/09\/rogert-ulbrich-rechtsanwalt-kanzlei-abgasskandal-premium-modelle-porsche-42l.jpg 1200w\" sizes=\"auto, (max-width: 1024px) 100vw, 1024px\" \/>\t\t\t\t\t<\/a>\n\t\t\t\t\t\t\t<\/div>\n\t\t\t\t\t\t<h4 class=\"uagb-post__title uagb-post__text\">\n\t\t\t\t<a href=\"https:\/\/ru.law\/nl\/olg-koeln-verurteilt-audi-ag\/\" target=\"_self\" rel=\"bookmark noopener noreferrer\">Audi AG moet Porsche Cayenne S terugnemen<\/a>\n\t\t\t<\/h4>\n\t\t\t\t\t\t<div class='uagb-post__text uagb-post-grid-byline'>\n\t\t\t\t\t\t\t<\/div>\n\t\t\t\t\t\t\t<div class='uagb-post__text uagb-post__excerpt'>\n\t\t\t\t\t<p>Audi AG kreeg van het Oberlandesgericht Keulen de opdracht een Porsche Cayenne S 4.2l terug te nemen\u2026.\t\t\t\t<\/div>\n\t\t\t\t\t\t<div class=\"uagb-post__text uagb-post__cta wp-block-button\">\n\t\t\t\t<a class=\"wp-block-button__link uagb-text-link\" style=\"\" href=\"https:\/\/ru.law\/nl\/olg-koeln-verurteilt-audi-ag\/\" target=\"_self\" rel=\"bookmark noopener noreferrer\">Lees meer<\/a>\n\t\t\t<\/div>\n\t\t\t\n\t\t\t\t\t\t\t\t<a class=\"uagb-post__link-complete-box\" href=\"https:\/\/ru.law\/nl\/olg-koeln-verurteilt-audi-ag\/\" target=\"_self\" rel=\"bookmark noopener noreferrer\"><\/a>\n\t\t\t\t\t\t\t<\/article>\n\t\t\t\t\t\t\t\t\t\t\t<\/div>\n\t\t\t\n\n\n<p><\/p>\n<\/div><\/div>\n<\/div><\/section>","protected":false},"excerpt":{"rendered":"<p>Daimler verweigert Vergleich in Deutschland, aber Gesch\u00e4digte haben gute Chancen auf R\u00fcckabwicklung. In den USA hat Daimler im Abgasskandal milliardenschwere Vergleiche mit Beh\u00f6rden und Verbrauchern [&hellip;]<\/p>\n","protected":false},"author":21,"featured_media":7514,"comment_status":"closed","ping_status":"open","sticky":false,"template":"","format":"standard","meta":{"_uag_custom_page_level_css":"","site-sidebar-layout":"default","site-content-layout":"default","ast-site-content-layout":"default","site-content-style":"default","site-sidebar-style":"default","ast-global-header-display":"","ast-banner-title-visibility":"","ast-main-header-display":"","ast-hfb-above-header-display":"","ast-hfb-below-header-display":"","ast-hfb-mobile-header-display":"","site-post-title":"","ast-breadcrumbs-content":"","ast-featured-img":"","footer-sml-layout":"","ast-disable-related-posts":"","theme-transparent-header-meta":"default","adv-header-id-meta":"","stick-header-meta":"","header-above-stick-meta":"","header-main-stick-meta":"","header-below-stick-meta":"","astra-migrate-meta-layouts":"default","ast-page-background-enabled":"default","ast-page-background-meta":{"desktop":{"background-color":"","background-image":"","background-repeat":"repeat","background-position":"center center","background-size":"auto","background-attachment":"scroll","background-type":"","background-media":"","overlay-type":"","overlay-color":"","overlay-opacity":"","overlay-gradient":""},"tablet":{"background-color":"","background-image":"","background-repeat":"repeat","background-position":"center center","background-size":"auto","background-attachment":"scroll","background-type":"","background-media":"","overlay-type":"","overlay-color":"","overlay-opacity":"","overlay-gradient":""},"mobile":{"background-color":"","background-image":"","background-repeat":"repeat","background-position":"center center","background-size":"auto","background-attachment":"scroll","background-type":"","background-media":"","overlay-type":"","overlay-color":"","overlay-opacity":"","overlay-gradient":""}},"ast-content-background-meta":{"desktop":{"background-color":"var(--ast-global-color-5)","background-image":"","background-repeat":"repeat","background-position":"center center","background-size":"auto","background-attachment":"scroll","background-type":"","background-media":"","overlay-type":"","overlay-color":"","overlay-opacity":"","overlay-gradient":""},"tablet":{"background-color":"var(--ast-global-color-5)","background-image":"","background-repeat":"repeat","background-position":"center center","background-size":"auto","background-attachment":"scroll","background-type":"","background-media":"","overlay-type":"","overlay-color":"","overlay-opacity":"","overlay-gradient":""},"mobile":{"background-color":"var(--ast-global-color-5)","background-image":"","background-repeat":"repeat","background-position":"center center","background-size":"auto","background-attachment":"scroll","background-type":"","background-media":"","overlay-type":"","overlay-color":"","overlay-opacity":"","overlay-gradient":""}},"footnotes":""},"categories":[2],"tags":[18,133],"class_list":["post-2220","post","type-post","status-publish","format-standard","has-post-thumbnail","hentry","category-abgasskandal","tag-daimler","tag-mercedes"],"yoast_head":"<!-- This site is optimized with the Yoast SEO Premium plugin v27.4 (Yoast SEO v27.4) - https:\/\/yoast.com\/product\/yoast-seo-premium-wordpress\/ -->\n<title>Milliarden-Zahlungen im Diesel-Abgasskandal in den USA - R&amp;U<\/title>\n<meta name=\"description\" content=\"In den USA leistet Daimler Milliarden-Zahlungen an Beh\u00f6rden und Verbraucher. Was bedeutet das f\u00fcr gesch\u00e4digte Mercedes-K\u00e4ufer in Deutschland?\" \/>\n<meta name=\"robots\" content=\"index, follow, max-snippet:-1, max-image-preview:large, max-video-preview:-1\" \/>\n<link rel=\"canonical\" href=\"https:\/\/ru.law\/nl\/milliarden-zahlungen-im-diesel-abgasskandal\/\" \/>\n<meta property=\"og:locale\" content=\"nl_NL\" \/>\n<meta property=\"og:type\" content=\"article\" \/>\n<meta property=\"og:title\" content=\"Milliarden-Zahlungen im Diesel-Abgasskandal in den USA\" \/>\n<meta property=\"og:description\" content=\"In den USA leistet Daimler Milliarden-Zahlungen an Beh\u00f6rden und Verbraucher. Was bedeutet das f\u00fcr gesch\u00e4digte Mercedes-K\u00e4ufer in Deutschland?\" \/>\n<meta property=\"og:url\" content=\"https:\/\/ru.law\/nl\/milliarden-zahlungen-im-diesel-abgasskandal\/\" \/>\n<meta property=\"og:site_name\" content=\"R&amp;U\" \/>\n<meta property=\"article:publisher\" content=\"https:\/\/www.facebook.com\/RogertUlbrich\/\" \/>\n<meta property=\"article:published_time\" content=\"2020-08-19T14:33:00+00:00\" \/>\n<meta property=\"article:modified_time\" content=\"2024-07-08T11:12:58+00:00\" \/>\n<meta property=\"og:image\" content=\"https:\/\/ru.law\/wp-content\/uploads\/2020\/08\/abgasskandal-daimler-mercedes-rueckruf-1.jpg\" \/>\n\t<meta property=\"og:image:width\" content=\"1200\" \/>\n\t<meta property=\"og:image:height\" content=\"675\" \/>\n\t<meta property=\"og:image:type\" content=\"image\/jpeg\" \/>\n<meta name=\"author\" content=\"Marco Rogert\" \/>\n<meta name=\"twitter:card\" content=\"summary_large_image\" \/>\n<meta name=\"twitter:creator\" content=\"@RogertUlbrich\" \/>\n<meta name=\"twitter:site\" content=\"@RogertUlbrich\" \/>\n<script type=\"application\/ld+json\" class=\"yoast-schema-graph\">{\"@context\":\"https:\\\/\\\/schema.org\",\"@graph\":[{\"@type\":\"Article\",\"@id\":\"https:\\\/\\\/ru.law\\\/milliarden-zahlungen-im-diesel-abgasskandal\\\/#article\",\"isPartOf\":{\"@id\":\"https:\\\/\\\/ru.law\\\/milliarden-zahlungen-im-diesel-abgasskandal\\\/\"},\"author\":{\"name\":\"Marco Rogert\",\"@id\":\"https:\\\/\\\/ru.law\\\/#\\\/schema\\\/person\\\/b020d506e6bbc471b4565d3a98173b87\"},\"headline\":\"Milliarden-Zahlungen im Diesel-Abgasskandal in den USA\",\"datePublished\":\"2020-08-19T14:33:00+00:00\",\"dateModified\":\"2024-07-08T11:12:58+00:00\",\"mainEntityOfPage\":{\"@id\":\"https:\\\/\\\/ru.law\\\/milliarden-zahlungen-im-diesel-abgasskandal\\\/\"},\"wordCount\":968,\"publisher\":{\"@id\":\"https:\\\/\\\/ru.law\\\/#organization\"},\"image\":{\"@id\":\"https:\\\/\\\/ru.law\\\/milliarden-zahlungen-im-diesel-abgasskandal\\\/#primaryimage\"},\"thumbnailUrl\":\"https:\\\/\\\/ru.law\\\/wp-content\\\/uploads\\\/2020\\\/08\\\/abgasskandal-daimler-mercedes-rueckruf-1.jpg\",\"keywords\":[\"Daimler\",\"Mercedes\"],\"articleSection\":[\"Abgasskandal\"],\"inLanguage\":\"nl-NL\"},{\"@type\":\"WebPage\",\"@id\":\"https:\\\/\\\/ru.law\\\/milliarden-zahlungen-im-diesel-abgasskandal\\\/\",\"url\":\"https:\\\/\\\/ru.law\\\/milliarden-zahlungen-im-diesel-abgasskandal\\\/\",\"name\":\"Milliarden-Zahlungen im Diesel-Abgasskandal in den USA - R&amp;U\",\"isPartOf\":{\"@id\":\"https:\\\/\\\/ru.law\\\/#website\"},\"primaryImageOfPage\":{\"@id\":\"https:\\\/\\\/ru.law\\\/milliarden-zahlungen-im-diesel-abgasskandal\\\/#primaryimage\"},\"image\":{\"@id\":\"https:\\\/\\\/ru.law\\\/milliarden-zahlungen-im-diesel-abgasskandal\\\/#primaryimage\"},\"thumbnailUrl\":\"https:\\\/\\\/ru.law\\\/wp-content\\\/uploads\\\/2020\\\/08\\\/abgasskandal-daimler-mercedes-rueckruf-1.jpg\",\"datePublished\":\"2020-08-19T14:33:00+00:00\",\"dateModified\":\"2024-07-08T11:12:58+00:00\",\"description\":\"In den USA leistet Daimler Milliarden-Zahlungen an Beh\u00f6rden und Verbraucher. Was bedeutet das f\u00fcr gesch\u00e4digte Mercedes-K\u00e4ufer in Deutschland?\",\"breadcrumb\":{\"@id\":\"https:\\\/\\\/ru.law\\\/milliarden-zahlungen-im-diesel-abgasskandal\\\/#breadcrumb\"},\"inLanguage\":\"nl-NL\",\"potentialAction\":[{\"@type\":\"ReadAction\",\"target\":[\"https:\\\/\\\/ru.law\\\/milliarden-zahlungen-im-diesel-abgasskandal\\\/\"]}]},{\"@type\":\"ImageObject\",\"inLanguage\":\"nl-NL\",\"@id\":\"https:\\\/\\\/ru.law\\\/milliarden-zahlungen-im-diesel-abgasskandal\\\/#primaryimage\",\"url\":\"https:\\\/\\\/ru.law\\\/wp-content\\\/uploads\\\/2020\\\/08\\\/abgasskandal-daimler-mercedes-rueckruf-1.jpg\",\"contentUrl\":\"https:\\\/\\\/ru.law\\\/wp-content\\\/uploads\\\/2020\\\/08\\\/abgasskandal-daimler-mercedes-rueckruf-1.jpg\",\"width\":1200,\"height\":675,\"caption\":\"Abgasskandal Daimler Mercedes-Rueckruf\"},{\"@type\":\"BreadcrumbList\",\"@id\":\"https:\\\/\\\/ru.law\\\/milliarden-zahlungen-im-diesel-abgasskandal\\\/#breadcrumb\",\"itemListElement\":[{\"@type\":\"ListItem\",\"position\":1,\"name\":\"Startseite\",\"item\":\"https:\\\/\\\/ru.law\\\/\"},{\"@type\":\"ListItem\",\"position\":2,\"name\":\"Milliarden-Zahlungen im Diesel-Abgasskandal in den USA\"}]},{\"@type\":\"WebSite\",\"@id\":\"https:\\\/\\\/ru.law\\\/#website\",\"url\":\"https:\\\/\\\/ru.law\\\/\",\"name\":\"R&U\",\"description\":\"Verbraucheranw\u00e4lte\",\"publisher\":{\"@id\":\"https:\\\/\\\/ru.law\\\/#organization\"},\"alternateName\":\"Rogert & Ulbrich\",\"potentialAction\":[{\"@type\":\"SearchAction\",\"target\":{\"@type\":\"EntryPoint\",\"urlTemplate\":\"https:\\\/\\\/ru.law\\\/?s={search_term_string}\"},\"query-input\":{\"@type\":\"PropertyValueSpecification\",\"valueRequired\":true,\"valueName\":\"search_term_string\"}}],\"inLanguage\":\"nl-NL\"},{\"@type\":\"Organization\",\"@id\":\"https:\\\/\\\/ru.law\\\/#organization\",\"name\":\"Kanzlei Rogert & Ulbrich\",\"url\":\"https:\\\/\\\/ru.law\\\/\",\"logo\":{\"@type\":\"ImageObject\",\"inLanguage\":\"nl-NL\",\"@id\":\"https:\\\/\\\/ru.law\\\/#\\\/schema\\\/logo\\\/image\\\/\",\"url\":\"https:\\\/\\\/ru.law\\\/wp-content\\\/uploads\\\/2020\\\/12\\\/logo-ru-law.svg\",\"contentUrl\":\"https:\\\/\\\/ru.law\\\/wp-content\\\/uploads\\\/2020\\\/12\\\/logo-ru-law.svg\",\"width\":992,\"height\":259,\"caption\":\"Kanzlei Rogert & Ulbrich\"},\"image\":{\"@id\":\"https:\\\/\\\/ru.law\\\/#\\\/schema\\\/logo\\\/image\\\/\"},\"sameAs\":[\"https:\\\/\\\/www.facebook.com\\\/RogertUlbrich\\\/\",\"https:\\\/\\\/x.com\\\/RogertUlbrich\",\"https:\\\/\\\/www.instagram.com\\\/rogertulbrich\\\/\",\"https:\\\/\\\/www.linkedin.com\\\/company\\\/rogert-ulbrich\\\/\",\"https:\\\/\\\/www.youtube.com\\\/channel\\\/UCganCgpvwpPFqMFf1vVmG2A\"]},{\"@type\":\"Person\",\"@id\":\"https:\\\/\\\/ru.law\\\/#\\\/schema\\\/person\\\/b020d506e6bbc471b4565d3a98173b87\",\"name\":\"Marco Rogert\",\"url\":\"https:\\\/\\\/ru.law\\\/nl\\\/author\\\/rogertru-law\\\/\"}]}<\/script>\n<!-- \/ Yoast SEO Premium plugin. -->","yoast_head_json":{"title":"Milliarden-Zahlungen im Diesel-Abgasskandal in den USA - R&amp;U","description":"In den USA leistet Daimler Milliarden-Zahlungen an Beh\u00f6rden und Verbraucher. Was bedeutet das f\u00fcr gesch\u00e4digte Mercedes-K\u00e4ufer in Deutschland?","robots":{"index":"index","follow":"follow","max-snippet":"max-snippet:-1","max-image-preview":"max-image-preview:large","max-video-preview":"max-video-preview:-1"},"canonical":"https:\/\/ru.law\/nl\/milliarden-zahlungen-im-diesel-abgasskandal\/","og_locale":"nl_NL","og_type":"article","og_title":"Milliarden-Zahlungen im Diesel-Abgasskandal in den USA","og_description":"In den USA leistet Daimler Milliarden-Zahlungen an Beh\u00f6rden und Verbraucher. Was bedeutet das f\u00fcr gesch\u00e4digte Mercedes-K\u00e4ufer in Deutschland?","og_url":"https:\/\/ru.law\/nl\/milliarden-zahlungen-im-diesel-abgasskandal\/","og_site_name":"R&amp;U","article_publisher":"https:\/\/www.facebook.com\/RogertUlbrich\/","article_published_time":"2020-08-19T14:33:00+00:00","article_modified_time":"2024-07-08T11:12:58+00:00","og_image":[{"width":1200,"height":675,"url":"https:\/\/ru.law\/wp-content\/uploads\/2020\/08\/abgasskandal-daimler-mercedes-rueckruf-1.jpg","type":"image\/jpeg"}],"author":"Marco Rogert","twitter_card":"summary_large_image","twitter_creator":"@RogertUlbrich","twitter_site":"@RogertUlbrich","schema":{"@context":"https:\/\/schema.org","@graph":[{"@type":"Article","@id":"https:\/\/ru.law\/milliarden-zahlungen-im-diesel-abgasskandal\/#article","isPartOf":{"@id":"https:\/\/ru.law\/milliarden-zahlungen-im-diesel-abgasskandal\/"},"author":{"name":"Marco Rogert","@id":"https:\/\/ru.law\/#\/schema\/person\/b020d506e6bbc471b4565d3a98173b87"},"headline":"Milliarden-Zahlungen im Diesel-Abgasskandal in den USA","datePublished":"2020-08-19T14:33:00+00:00","dateModified":"2024-07-08T11:12:58+00:00","mainEntityOfPage":{"@id":"https:\/\/ru.law\/milliarden-zahlungen-im-diesel-abgasskandal\/"},"wordCount":968,"publisher":{"@id":"https:\/\/ru.law\/#organization"},"image":{"@id":"https:\/\/ru.law\/milliarden-zahlungen-im-diesel-abgasskandal\/#primaryimage"},"thumbnailUrl":"https:\/\/ru.law\/wp-content\/uploads\/2020\/08\/abgasskandal-daimler-mercedes-rueckruf-1.jpg","keywords":["Daimler","Mercedes"],"articleSection":["Abgasskandal"],"inLanguage":"nl-NL"},{"@type":"WebPage","@id":"https:\/\/ru.law\/milliarden-zahlungen-im-diesel-abgasskandal\/","url":"https:\/\/ru.law\/milliarden-zahlungen-im-diesel-abgasskandal\/","name":"Milliarden-Zahlungen im Diesel-Abgasskandal in den USA - R&amp;U","isPartOf":{"@id":"https:\/\/ru.law\/#website"},"primaryImageOfPage":{"@id":"https:\/\/ru.law\/milliarden-zahlungen-im-diesel-abgasskandal\/#primaryimage"},"image":{"@id":"https:\/\/ru.law\/milliarden-zahlungen-im-diesel-abgasskandal\/#primaryimage"},"thumbnailUrl":"https:\/\/ru.law\/wp-content\/uploads\/2020\/08\/abgasskandal-daimler-mercedes-rueckruf-1.jpg","datePublished":"2020-08-19T14:33:00+00:00","dateModified":"2024-07-08T11:12:58+00:00","description":"In den USA leistet Daimler Milliarden-Zahlungen an Beh\u00f6rden und Verbraucher. Was bedeutet das f\u00fcr gesch\u00e4digte Mercedes-K\u00e4ufer in Deutschland?","breadcrumb":{"@id":"https:\/\/ru.law\/milliarden-zahlungen-im-diesel-abgasskandal\/#breadcrumb"},"inLanguage":"nl-NL","potentialAction":[{"@type":"ReadAction","target":["https:\/\/ru.law\/milliarden-zahlungen-im-diesel-abgasskandal\/"]}]},{"@type":"ImageObject","inLanguage":"nl-NL","@id":"https:\/\/ru.law\/milliarden-zahlungen-im-diesel-abgasskandal\/#primaryimage","url":"https:\/\/ru.law\/wp-content\/uploads\/2020\/08\/abgasskandal-daimler-mercedes-rueckruf-1.jpg","contentUrl":"https:\/\/ru.law\/wp-content\/uploads\/2020\/08\/abgasskandal-daimler-mercedes-rueckruf-1.jpg","width":1200,"height":675,"caption":"Abgasskandal Daimler Mercedes-Rueckruf"},{"@type":"BreadcrumbList","@id":"https:\/\/ru.law\/milliarden-zahlungen-im-diesel-abgasskandal\/#breadcrumb","itemListElement":[{"@type":"ListItem","position":1,"name":"Startseite","item":"https:\/\/ru.law\/"},{"@type":"ListItem","position":2,"name":"Milliarden-Zahlungen im Diesel-Abgasskandal in den USA"}]},{"@type":"WebSite","@id":"https:\/\/ru.law\/#website","url":"https:\/\/ru.law\/","name":"R&amp;U","description":"Consumentenadvocaten","publisher":{"@id":"https:\/\/ru.law\/#organization"},"alternateName":"Rogert & Ulbrich","potentialAction":[{"@type":"SearchAction","target":{"@type":"EntryPoint","urlTemplate":"https:\/\/ru.law\/?s={search_term_string}"},"query-input":{"@type":"PropertyValueSpecification","valueRequired":true,"valueName":"search_term_string"}}],"inLanguage":"nl-NL"},{"@type":"Organization","@id":"https:\/\/ru.law\/#organization","name":"Advocatenkantoor Rogert &amp; Ulbrich","url":"https:\/\/ru.law\/","logo":{"@type":"ImageObject","inLanguage":"nl-NL","@id":"https:\/\/ru.law\/#\/schema\/logo\/image\/","url":"https:\/\/ru.law\/wp-content\/uploads\/2020\/12\/logo-ru-law.svg","contentUrl":"https:\/\/ru.law\/wp-content\/uploads\/2020\/12\/logo-ru-law.svg","width":992,"height":259,"caption":"Kanzlei Rogert & Ulbrich"},"image":{"@id":"https:\/\/ru.law\/#\/schema\/logo\/image\/"},"sameAs":["https:\/\/www.facebook.com\/RogertUlbrich\/","https:\/\/x.com\/RogertUlbrich","https:\/\/www.instagram.com\/rogertulbrich\/","https:\/\/www.linkedin.com\/company\/rogert-ulbrich\/","https:\/\/www.youtube.com\/channel\/UCganCgpvwpPFqMFf1vVmG2A"]},{"@type":"Person","@id":"https:\/\/ru.law\/#\/schema\/person\/b020d506e6bbc471b4565d3a98173b87","name":"Marco Rogert","url":"https:\/\/ru.law\/nl\/author\/rogertru-law\/"}]}},"uagb_featured_image_src":{"full":["https:\/\/ru.law\/wp-content\/uploads\/2020\/08\/abgasskandal-daimler-mercedes-rueckruf-1.jpg",1200,675,false],"thumbnail":["https:\/\/ru.law\/wp-content\/uploads\/2020\/08\/abgasskandal-daimler-mercedes-rueckruf-1-150x150.jpg",96,96,true],"medium":["https:\/\/ru.law\/wp-content\/uploads\/2020\/08\/abgasskandal-daimler-mercedes-rueckruf-1-300x169.jpg",300,169,true],"medium_large":["https:\/\/ru.law\/wp-content\/uploads\/2020\/08\/abgasskandal-daimler-mercedes-rueckruf-1-768x432.jpg",768,432,true],"large":["https:\/\/ru.law\/wp-content\/uploads\/2020\/08\/abgasskandal-daimler-mercedes-rueckruf-1-1024x576.jpg",1024,576,true],"1536x1536":["https:\/\/ru.law\/wp-content\/uploads\/2020\/08\/abgasskandal-daimler-mercedes-rueckruf-1.jpg",1200,675,false],"2048x2048":["https:\/\/ru.law\/wp-content\/uploads\/2020\/08\/abgasskandal-daimler-mercedes-rueckruf-1.jpg",1200,675,false],"trp-custom-language-flag":["https:\/\/ru.law\/wp-content\/uploads\/2020\/08\/abgasskandal-daimler-mercedes-rueckruf-1.jpg",18,10,false]},"uagb_author_info":{"display_name":"Marco Rogert","author_link":"https:\/\/ru.law\/nl\/author\/rogertru-law\/"},"uagb_comment_info":0,"uagb_excerpt":"Daimler verweigert Vergleich in Deutschland, aber Gesch\u00e4digte haben gute Chancen auf R\u00fcckabwicklung. In den USA hat Daimler im Abgasskandal milliardenschwere Vergleiche mit Beh\u00f6rden und Verbrauchern [&hellip;]","_links":{"self":[{"href":"https:\/\/ru.law\/nl\/wp-json\/wp\/v2\/posts\/2220","targetHints":{"allow":["GET"]}}],"collection":[{"href":"https:\/\/ru.law\/nl\/wp-json\/wp\/v2\/posts"}],"about":[{"href":"https:\/\/ru.law\/nl\/wp-json\/wp\/v2\/types\/post"}],"author":[{"embeddable":true,"href":"https:\/\/ru.law\/nl\/wp-json\/wp\/v2\/users\/21"}],"replies":[{"embeddable":true,"href":"https:\/\/ru.law\/nl\/wp-json\/wp\/v2\/comments?post=2220"}],"version-history":[{"count":0,"href":"https:\/\/ru.law\/nl\/wp-json\/wp\/v2\/posts\/2220\/revisions"}],"wp:featuredmedia":[{"embeddable":true,"href":"https:\/\/ru.law\/nl\/wp-json\/wp\/v2\/media\/7514"}],"wp:attachment":[{"href":"https:\/\/ru.law\/nl\/wp-json\/wp\/v2\/media?parent=2220"}],"wp:term":[{"taxonomy":"category","embeddable":true,"href":"https:\/\/ru.law\/nl\/wp-json\/wp\/v2\/categories?post=2220"},{"taxonomy":"post_tag","embeddable":true,"href":"https:\/\/ru.law\/nl\/wp-json\/wp\/v2\/tags?post=2220"}],"curies":[{"name":"wp","href":"https:\/\/api.w.org\/{rel}","templated":true}]}}