{"id":21965,"date":"2021-10-28T09:58:53","date_gmt":"2021-10-28T07:58:53","guid":{"rendered":"https:\/\/ru.law\/?p=21965"},"modified":"2024-07-08T13:12:12","modified_gmt":"2024-07-08T11:12:12","slug":"spektakulaere-entscheidung-im-abgasskandal-abgastest-als-indiz","status":"publish","type":"post","link":"https:\/\/ru.law\/nl\/spektakulaere-entscheidung-im-abgasskandal-abgastest-als-indiz\/","title":{"rendered":"Spectaculaire beslissing in emissieschandaal: emissietest als bewijs"},"content":{"rendered":"<p>In zijn uitspraak van 12 maart 2020 (zaaknr. 3 U 55\/19) heeft het Oberlandesgericht Keulen voor het eerst de resultaten van emissietests erkend als bewijs voor de installatie van illegale manipulatie-instrumenten en daarmee volledig in het voordeel van de consument beslist. Het hof van beroep in Keulen heeft daarom opnieuw een spectaculaire uitspraak gedaan in het emissieschandaal.<\/p>\n\n\n\n<p>Voor het Landgericht Bonn heeft de eigenaar van een <a href=\"https:\/\/ru.law\/nl\/expertise\/abgasskandal\/3-liter-motoren\/#modelle\">VW Touareg<\/a> 3.0 V6 TDI 176 kW BMT met een <a href=\"https:\/\/ru.law\/nl\/expertise\/abgasskandal\/3-liter-motoren\/#motor\">dieselmotor <\/a>van verontreinigende stof klasse 5 heeft een rechtszaak aangespannen om de koop te ontbinden. Uit de uitgebreide testresultaten van de Duitse milieudienst DUH die wij u hebben gepresenteerd, blijkt dat de uitlaatemissies van dit model onder re\u00eble rijomstandigheden de waarden op de testbank vele malen overschrijden. De metingen laten een gemiddelde zien van 1.597 mg\/km. De grenswaarde bedraagt 180 mg\/km, wat betekent dat de gemeten waarde de NOx-waarde met een factor 8,9 overschrijdt. De testresultaten suggereren dus dat er een illegaal manipulatie-instrument in het voertuig is ge\u00efnstalleerd.<\/p>\n\n\n\n<p>De regionale rechtbank van Bonn had de rechtszaak in eerste instantie afgewezen: de argumenten die wij hadden aangevoerd, waren \u2018uit het niets\u2019 en rechtvaardigden geen vernietiging. <\/p>\n\n\n\n<h2 class=\"wp-block-heading\">Emissietest erkend als bewijs van illegaal manipulatie-apparaat <\/h2>\n\n\n\n<p>In de hogerberoepsprocedure oordeelde het Oberlandesgericht Keulen <a href=\"https:\/\/ru.law\/nl\/expertise\/abgasskandal\/3-liter-motoren\/#urteile\">Uitspraak <\/a>van het Landgericht Bonn is inmiddels vernietigd en de zaak is terugverwezen voor nadere verduidelijking en een nieuwe beslissing. Volgens het Hof van Justitie van Keulen kunnen testresultaten een goede indicatie zijn voor de aanwezigheid van illegale manipulatie-instrumenten. De eiseres die wij vertegenwoordigen, heeft met behulp van de openbaar beschikbare tests gefundeerde informatie over de technische uitrusting van de motorregeleenheid verstrekt. Vanwege het ontbreken van expertise en dieper inzicht in de werking van de dieselmotor kunnen geen nadere argumenten worden gevraagd. De rechtbank moet hier nu duidelijkheid over verschaffen.<\/p>\n\n\n\n<h3 class=\"wp-block-heading\" id=\"h-abgastest-als-indiz-vortragen-und-chance-nutzen\">Leg de emissietest als bewijs voor en grijp uw kans! <\/h3>\n\n\n\n<p>Bij Rogert &amp; Ulbrich adviseren wij u om uw claims te laten controleren. Ons <a href=\"https:\/\/ru.law\/nl\/expertise\/abgasskandal\/3-liter-motoren\/#erstberatung\">eerste consult <\/a>is gratis en vrijblijvend. Wij hebben al talloze vonnissen voor onze eisers gewonnen en zijn al vanaf het begin bij het dieselemissieschandaal betrokken. <a href=\"https:\/\/ru.law\/nl\/expertise\/abgasskandal\/3-liter-motoren\/#mandat\">Vraag vrijblijvend advies.  <\/a><\/p>\n\n\n\n<section class=\"wp-block-uagb-columns uagb-columns__wrap uagb-columns__background-undefined uagb-columns__stack-mobile uagb-columns__valign-undefined uagb-columns__gap-10 alignundefined uagb-block-49898429 contrast blog_beitraege\"><div class=\"uagb-columns__overlay\"><\/div><div class=\"uagb-columns__inner-wrap uagb-columns__columns-1\">\n<div class=\"wp-block-uagb-column uagb-column__wrap uagb-column__background-undefined uagb-block-2f06cc5a\"><div class=\"uagb-column__overlay\"><\/div><div class=\"uagb-column__inner-wrap\">\n<h3 class=\"wp-block-heading\" id=\"h-das-konnte-sie-auch-interessieren\">Misschien bent u ook ge\u00efnteresseerd in:<\/h3>\n\n\n\n\t\t\t<div class=\"wp-block-uagb-post-grid uagb-post-grid  uagb-post__image-position-top uagb-post__image-enabled uagb-block-08811f81     uagb-post__items uagb-post__columns-3 is-grid uagb-post__columns-tablet-2 uagb-post__columns-mobile-1 uagb-post__equal-height\" data-total=\"4\" style=\"\">\n\n\t\t\t\t\t\t\t\t\t\t\t\t<article class=\"uagb-post__inner-wrap\">\t\t\t\t\t\t\t\t<div class='uagb-post__image'>\n\t\t\t\t\t\t\t\t\t<a href=\"https:\/\/ru.law\/nl\/urteil-des-landgericht-essen-zum-vw-t5\/\" target=\"_self\" rel=\"bookmark noopener noreferrer\" class='uagb-image-ratio-inherit'><img loading=\"lazy\" decoding=\"async\" width=\"1024\" height=\"576\" src=\"https:\/\/ru.law\/wp-content\/uploads\/2020\/07\/volkswagen-diesel-motor-1-1024x576.jpg\" class=\"attachment-large size-large\" alt=\"Volkswagen Diesel-Motor\" srcset=\"https:\/\/ru.law\/wp-content\/uploads\/2020\/07\/volkswagen-diesel-motor-1-1024x576.jpg 1024w, https:\/\/ru.law\/wp-content\/uploads\/2020\/07\/volkswagen-diesel-motor-1-300x169.jpg 300w, https:\/\/ru.law\/wp-content\/uploads\/2020\/07\/volkswagen-diesel-motor-1-768x432.jpg 768w, https:\/\/ru.law\/wp-content\/uploads\/2020\/07\/volkswagen-diesel-motor-1-500x281.jpg 500w, https:\/\/ru.law\/wp-content\/uploads\/2020\/07\/volkswagen-diesel-motor-1-800x450.jpg 800w, https:\/\/ru.law\/wp-content\/uploads\/2020\/07\/volkswagen-diesel-motor-1.jpg 1200w\" sizes=\"auto, (max-width: 1024px) 100vw, 1024px\" \/>\t\t\t\t\t<\/a>\n\t\t\t\t\t\t\t<\/div>\n\t\t\t\t\t\t<h4 class=\"uagb-post__title uagb-post__text\">\n\t\t\t\t<a href=\"https:\/\/ru.law\/nl\/urteil-des-landgericht-essen-zum-vw-t5\/\" target=\"_self\" rel=\"bookmark noopener noreferrer\">Volkswagen veroordeeld voor illegale uitschakelapparaten in de Bulli<\/a>\n\t\t\t<\/h4>\n\t\t\t\t\t\t<div class='uagb-post__text uagb-post-grid-byline'>\n\t\t\t\t\t\t\t<\/div>\n\t\t\t\t\t\t\t<div class='uagb-post__text uagb-post__excerpt'>\n\t\t\t\t\t<p>Uitspraak van de Arrondissementsrechtbank Essen over de VW T5. De enige VW-diesel met de schandaalmotor EA189 zou\u2026\t\t\t\t<\/div>\n\t\t\t\n\t\t\t\t\t\t\t\t\t<\/article>\n\t\t\t\t\t\t\t\t\t\t\t\t\t\t\t\t<article class=\"uagb-post__inner-wrap\">\t\t\t\t\t\t\t\t<div class='uagb-post__image'>\n\t\t\t\t\t\t\t\t\t<a href=\"https:\/\/ru.law\/nl\/verbraucherfreundliches-urteil-zum-restschadensanspruch\/\" target=\"_self\" rel=\"bookmark noopener noreferrer\" class='uagb-image-ratio-inherit'><img loading=\"lazy\" decoding=\"async\" width=\"1024\" height=\"576\" src=\"https:\/\/ru.law\/wp-content\/uploads\/2021\/11\/Rogert-Ulbrich-Rechtsanwaelte-Kanzlei-Abgasskandal-Urteile-Restschadensanspruch-1024x576.jpg\" class=\"attachment-large size-large\" alt=\"\" srcset=\"https:\/\/ru.law\/wp-content\/uploads\/2021\/11\/Rogert-Ulbrich-Rechtsanwaelte-Kanzlei-Abgasskandal-Urteile-Restschadensanspruch-1024x576.jpg 1024w, https:\/\/ru.law\/wp-content\/uploads\/2021\/11\/Rogert-Ulbrich-Rechtsanwaelte-Kanzlei-Abgasskandal-Urteile-Restschadensanspruch-300x169.jpg 300w, https:\/\/ru.law\/wp-content\/uploads\/2021\/11\/Rogert-Ulbrich-Rechtsanwaelte-Kanzlei-Abgasskandal-Urteile-Restschadensanspruch-768x432.jpg 768w, https:\/\/ru.law\/wp-content\/uploads\/2021\/11\/Rogert-Ulbrich-Rechtsanwaelte-Kanzlei-Abgasskandal-Urteile-Restschadensanspruch.jpg 1200w\" sizes=\"auto, (max-width: 1024px) 100vw, 1024px\" \/>\t\t\t\t\t<\/a>\n\t\t\t\t\t\t\t<\/div>\n\t\t\t\t\t\t<h4 class=\"uagb-post__title uagb-post__text\">\n\t\t\t\t<a href=\"https:\/\/ru.law\/nl\/verbraucherfreundliches-urteil-zum-restschadensanspruch\/\" target=\"_self\" rel=\"bookmark noopener noreferrer\">Consumentvriendelijke uitspraak over restschadeclaim<\/a>\n\t\t\t<\/h4>\n\t\t\t\t\t\t<div class='uagb-post__text uagb-post-grid-byline'>\n\t\t\t\t\t\t\t<\/div>\n\t\t\t\t\t\t\t<div class='uagb-post__text uagb-post__excerpt'>\n\t\t\t\t\t<p>In Wolfsburg, na de eerste uitspraken van eisers die hun rechtszaak hadden aangespannen zonder voorafgaande maatregelen om te voorkomen\u2026\t\t\t\t<\/div>\n\t\t\t\n\t\t\t\t\t\t\t\t\t<\/article>\n\t\t\t\t\t\t\t\t\t\t\t\t\t\t\t\t<article class=\"uagb-post__inner-wrap\">\t\t\t\t\t\t\t\t<div class='uagb-post__image'>\n\t\t\t\t\t\t\t\t\t<a href=\"https:\/\/ru.law\/nl\/restschadensersatzanspruch-greift-auch-bei-gebrauchtwagen\/\" target=\"_self\" rel=\"bookmark noopener noreferrer\" class='uagb-image-ratio-inherit'><img loading=\"lazy\" decoding=\"async\" width=\"1024\" height=\"576\" src=\"https:\/\/ru.law\/wp-content\/uploads\/2021\/09\/Rogert-Ulbrich-Rechtsanwalt-Kanzlei-Restschadensanspruch-VW-Verjaehrung-1-1024x576.jpg\" class=\"attachment-large size-large\" alt=\"ANHANG-DETAILS Rogert-Ulbrich-Rechtsanwalt-Kanzlei-Restschadensanspruch-VW-Verjaehrung\" srcset=\"https:\/\/ru.law\/wp-content\/uploads\/2021\/09\/Rogert-Ulbrich-Rechtsanwalt-Kanzlei-Restschadensanspruch-VW-Verjaehrung-1-1024x576.jpg 1024w, https:\/\/ru.law\/wp-content\/uploads\/2021\/09\/Rogert-Ulbrich-Rechtsanwalt-Kanzlei-Restschadensanspruch-VW-Verjaehrung-1-300x169.jpg 300w, https:\/\/ru.law\/wp-content\/uploads\/2021\/09\/Rogert-Ulbrich-Rechtsanwalt-Kanzlei-Restschadensanspruch-VW-Verjaehrung-1-768x432.jpg 768w, https:\/\/ru.law\/wp-content\/uploads\/2021\/09\/Rogert-Ulbrich-Rechtsanwalt-Kanzlei-Restschadensanspruch-VW-Verjaehrung-1.jpg 1200w\" sizes=\"auto, (max-width: 1024px) 100vw, 1024px\" \/>\t\t\t\t\t<\/a>\n\t\t\t\t\t\t\t<\/div>\n\t\t\t\t\t\t<h4 class=\"uagb-post__title uagb-post__text\">\n\t\t\t\t<a href=\"https:\/\/ru.law\/nl\/restschadensersatzanspruch-greift-auch-bei-gebrauchtwagen\/\" target=\"_self\" rel=\"bookmark noopener noreferrer\">Restschadeclaim geldt ook voor gebruikte auto&#039;s<\/a>\n\t\t\t<\/h4>\n\t\t\t\t\t\t<div class='uagb-post__text uagb-post-grid-byline'>\n\t\t\t\t\t\t\t<\/div>\n\t\t\t\t\t\t\t<div class='uagb-post__text uagb-post__excerpt'>\n\t\t\t\t\t<p>Tot nu toe beslissen rechtbanken steeds vaker ten gunste van klagende consumenten van nieuwe auto\u2019s, zelfs ondanks de verjaringstermijn voor\u2026\t\t\t\t<\/div>\n\t\t\t\n\t\t\t\t\t\t\t\t\t<\/article>\n\t\t\t\t\t\t\t\t\t\t\t<\/div>\n\t\t\t<\/div><\/div>\n<\/div><\/section>","protected":false},"excerpt":{"rendered":"<p>Das Oberlandesgericht&nbsp;(OLG) K\u00f6ln&nbsp;hat erstmals&nbsp;mit Urteil vom 12.03.2020 (Az. 3 U 55\/19)&nbsp;Ergebnisse von Abgastests als Indiz f\u00fcr den Einbau illegaler Abschalteinrichtungen anerkannt und so&nbsp;ganz&nbsp;im Sinne der [&hellip;]<\/p>\n","protected":false},"author":21,"featured_media":21995,"comment_status":"closed","ping_status":"open","sticky":false,"template":"","format":"standard","meta":{"_uag_custom_page_level_css":"","site-sidebar-layout":"default","site-content-layout":"default","ast-site-content-layout":"default","site-content-style":"default","site-sidebar-style":"default","ast-global-header-display":"","ast-banner-title-visibility":"","ast-main-header-display":"","ast-hfb-above-header-display":"","ast-hfb-below-header-display":"","ast-hfb-mobile-header-display":"","site-post-title":"","ast-breadcrumbs-content":"","ast-featured-img":"","footer-sml-layout":"","ast-disable-related-posts":"","theme-transparent-header-meta":"default","adv-header-id-meta":"","stick-header-meta":"","header-above-stick-meta":"","header-main-stick-meta":"","header-below-stick-meta":"","astra-migrate-meta-layouts":"default","ast-page-background-enabled":"default","ast-page-background-meta":{"desktop":{"background-color":"","background-image":"","background-repeat":"repeat","background-position":"center center","background-size":"auto","background-attachment":"scroll","background-type":"","background-media":"","overlay-type":"","overlay-color":"","overlay-opacity":"","overlay-gradient":""},"tablet":{"background-color":"","background-image":"","background-repeat":"repeat","background-position":"center center","background-size":"auto","background-attachment":"scroll","background-type":"","background-media":"","overlay-type":"","overlay-color":"","overlay-opacity":"","overlay-gradient":""},"mobile":{"background-color":"","background-image":"","background-repeat":"repeat","background-position":"center center","background-size":"auto","background-attachment":"scroll","background-type":"","background-media":"","overlay-type":"","overlay-color":"","overlay-opacity":"","overlay-gradient":""}},"ast-content-background-meta":{"desktop":{"background-color":"var(--ast-global-color-5)","background-image":"","background-repeat":"repeat","background-position":"center center","background-size":"auto","background-attachment":"scroll","background-type":"","background-media":"","overlay-type":"","overlay-color":"","overlay-opacity":"","overlay-gradient":""},"tablet":{"background-color":"var(--ast-global-color-5)","background-image":"","background-repeat":"repeat","background-position":"center center","background-size":"auto","background-attachment":"scroll","background-type":"","background-media":"","overlay-type":"","overlay-color":"","overlay-opacity":"","overlay-gradient":""},"mobile":{"background-color":"var(--ast-global-color-5)","background-image":"","background-repeat":"repeat","background-position":"center center","background-size":"auto","background-attachment":"scroll","background-type":"","background-media":"","overlay-type":"","overlay-color":"","overlay-opacity":"","overlay-gradient":""}},"footnotes":""},"categories":[2,507],"tags":[23,37,45],"class_list":["post-21965","post","type-post","status-publish","format-standard","has-post-thumbnail","hentry","category-abgasskandal","category-urteile","tag-euro-5","tag-schadensersatz","tag-vw"],"yoast_head":"<!-- This site is optimized with the Yoast SEO Premium plugin v27.4 (Yoast SEO v27.4) - https:\/\/yoast.com\/product\/yoast-seo-premium-wordpress\/ -->\n<title>Spektakul\u00e4re Entscheidung im Abgasskandal: Abgastest als Indiz - R&amp;U<\/title>\n<meta name=\"description\" content=\"Das OLG K\u00f6ln hat erstmals Ergebnisse von Abgastests als Indiz f\u00fcr den Einbau illegaler Abschalteinrichtungen anerkannt.\" \/>\n<meta name=\"robots\" content=\"index, follow, max-snippet:-1, max-image-preview:large, max-video-preview:-1\" \/>\n<link rel=\"canonical\" href=\"https:\/\/ru.law\/nl\/spektakulaere-entscheidung-im-abgasskandal-abgastest-als-indiz\/\" \/>\n<meta property=\"og:locale\" content=\"nl_NL\" \/>\n<meta property=\"og:type\" content=\"article\" \/>\n<meta property=\"og:title\" content=\"Spektakul\u00e4re Entscheidung im Abgasskandal: Abgastest als Indiz\" \/>\n<meta property=\"og:description\" content=\"Das OLG K\u00f6ln hat erstmals Ergebnisse von Abgastests als Indiz f\u00fcr den Einbau illegaler Abschalteinrichtungen anerkannt.\" \/>\n<meta property=\"og:url\" content=\"https:\/\/ru.law\/nl\/spektakulaere-entscheidung-im-abgasskandal-abgastest-als-indiz\/\" \/>\n<meta property=\"og:site_name\" content=\"R&amp;U\" \/>\n<meta property=\"article:publisher\" content=\"https:\/\/www.facebook.com\/RogertUlbrich\/\" \/>\n<meta property=\"article:published_time\" content=\"2021-10-28T07:58:53+00:00\" \/>\n<meta property=\"article:modified_time\" content=\"2024-07-08T11:12:12+00:00\" \/>\n<meta property=\"og:image\" content=\"https:\/\/ru.law\/wp-content\/uploads\/2021\/10\/2021-News-Header-1200x675-172.jpg\" \/>\n\t<meta property=\"og:image:width\" content=\"1200\" \/>\n\t<meta property=\"og:image:height\" content=\"675\" \/>\n\t<meta property=\"og:image:type\" content=\"image\/jpeg\" \/>\n<meta name=\"author\" content=\"Marco Rogert\" \/>\n<meta name=\"twitter:card\" content=\"summary_large_image\" \/>\n<meta name=\"twitter:creator\" content=\"@RogertUlbrich\" \/>\n<meta name=\"twitter:site\" content=\"@RogertUlbrich\" \/>\n<script type=\"application\/ld+json\" class=\"yoast-schema-graph\">{\"@context\":\"https:\\\/\\\/schema.org\",\"@graph\":[{\"@type\":\"Article\",\"@id\":\"https:\\\/\\\/ru.law\\\/spektakulaere-entscheidung-im-abgasskandal-abgastest-als-indiz\\\/#article\",\"isPartOf\":{\"@id\":\"https:\\\/\\\/ru.law\\\/spektakulaere-entscheidung-im-abgasskandal-abgastest-als-indiz\\\/\"},\"author\":{\"name\":\"Marco Rogert\",\"@id\":\"https:\\\/\\\/ru.law\\\/#\\\/schema\\\/person\\\/b020d506e6bbc471b4565d3a98173b87\"},\"headline\":\"Spektakul\u00e4re Entscheidung im Abgasskandal: Abgastest als Indiz\",\"datePublished\":\"2021-10-28T07:58:53+00:00\",\"dateModified\":\"2024-07-08T11:12:12+00:00\",\"mainEntityOfPage\":{\"@id\":\"https:\\\/\\\/ru.law\\\/spektakulaere-entscheidung-im-abgasskandal-abgastest-als-indiz\\\/\"},\"wordCount\":336,\"publisher\":{\"@id\":\"https:\\\/\\\/ru.law\\\/#organization\"},\"image\":{\"@id\":\"https:\\\/\\\/ru.law\\\/spektakulaere-entscheidung-im-abgasskandal-abgastest-als-indiz\\\/#primaryimage\"},\"thumbnailUrl\":\"https:\\\/\\\/ru.law\\\/wp-content\\\/uploads\\\/2021\\\/10\\\/2021-News-Header-1200x675-172.jpg\",\"keywords\":[\"Euro-5\",\"Schadensersatz\",\"VW\"],\"articleSection\":[\"Abgasskandal\",\"Urteile\"],\"inLanguage\":\"nl-NL\"},{\"@type\":\"WebPage\",\"@id\":\"https:\\\/\\\/ru.law\\\/spektakulaere-entscheidung-im-abgasskandal-abgastest-als-indiz\\\/\",\"url\":\"https:\\\/\\\/ru.law\\\/spektakulaere-entscheidung-im-abgasskandal-abgastest-als-indiz\\\/\",\"name\":\"Spektakul\u00e4re Entscheidung im Abgasskandal: Abgastest als Indiz - R&amp;U\",\"isPartOf\":{\"@id\":\"https:\\\/\\\/ru.law\\\/#website\"},\"primaryImageOfPage\":{\"@id\":\"https:\\\/\\\/ru.law\\\/spektakulaere-entscheidung-im-abgasskandal-abgastest-als-indiz\\\/#primaryimage\"},\"image\":{\"@id\":\"https:\\\/\\\/ru.law\\\/spektakulaere-entscheidung-im-abgasskandal-abgastest-als-indiz\\\/#primaryimage\"},\"thumbnailUrl\":\"https:\\\/\\\/ru.law\\\/wp-content\\\/uploads\\\/2021\\\/10\\\/2021-News-Header-1200x675-172.jpg\",\"datePublished\":\"2021-10-28T07:58:53+00:00\",\"dateModified\":\"2024-07-08T11:12:12+00:00\",\"description\":\"Das OLG K\u00f6ln hat erstmals Ergebnisse von Abgastests als Indiz f\u00fcr den Einbau illegaler Abschalteinrichtungen anerkannt.\",\"breadcrumb\":{\"@id\":\"https:\\\/\\\/ru.law\\\/spektakulaere-entscheidung-im-abgasskandal-abgastest-als-indiz\\\/#breadcrumb\"},\"inLanguage\":\"nl-NL\",\"potentialAction\":[{\"@type\":\"ReadAction\",\"target\":[\"https:\\\/\\\/ru.law\\\/spektakulaere-entscheidung-im-abgasskandal-abgastest-als-indiz\\\/\"]}]},{\"@type\":\"ImageObject\",\"inLanguage\":\"nl-NL\",\"@id\":\"https:\\\/\\\/ru.law\\\/spektakulaere-entscheidung-im-abgasskandal-abgastest-als-indiz\\\/#primaryimage\",\"url\":\"https:\\\/\\\/ru.law\\\/wp-content\\\/uploads\\\/2021\\\/10\\\/2021-News-Header-1200x675-172.jpg\",\"contentUrl\":\"https:\\\/\\\/ru.law\\\/wp-content\\\/uploads\\\/2021\\\/10\\\/2021-News-Header-1200x675-172.jpg\",\"width\":1200,\"height\":675},{\"@type\":\"BreadcrumbList\",\"@id\":\"https:\\\/\\\/ru.law\\\/spektakulaere-entscheidung-im-abgasskandal-abgastest-als-indiz\\\/#breadcrumb\",\"itemListElement\":[{\"@type\":\"ListItem\",\"position\":1,\"name\":\"Startseite\",\"item\":\"https:\\\/\\\/ru.law\\\/\"},{\"@type\":\"ListItem\",\"position\":2,\"name\":\"Spektakul\u00e4re Entscheidung im Abgasskandal: Abgastest als Indiz\"}]},{\"@type\":\"WebSite\",\"@id\":\"https:\\\/\\\/ru.law\\\/#website\",\"url\":\"https:\\\/\\\/ru.law\\\/\",\"name\":\"R&U\",\"description\":\"Verbraucheranw\u00e4lte\",\"publisher\":{\"@id\":\"https:\\\/\\\/ru.law\\\/#organization\"},\"alternateName\":\"Rogert & Ulbrich\",\"potentialAction\":[{\"@type\":\"SearchAction\",\"target\":{\"@type\":\"EntryPoint\",\"urlTemplate\":\"https:\\\/\\\/ru.law\\\/?s={search_term_string}\"},\"query-input\":{\"@type\":\"PropertyValueSpecification\",\"valueRequired\":true,\"valueName\":\"search_term_string\"}}],\"inLanguage\":\"nl-NL\"},{\"@type\":\"Organization\",\"@id\":\"https:\\\/\\\/ru.law\\\/#organization\",\"name\":\"Kanzlei Rogert & Ulbrich\",\"url\":\"https:\\\/\\\/ru.law\\\/\",\"logo\":{\"@type\":\"ImageObject\",\"inLanguage\":\"nl-NL\",\"@id\":\"https:\\\/\\\/ru.law\\\/#\\\/schema\\\/logo\\\/image\\\/\",\"url\":\"https:\\\/\\\/ru.law\\\/wp-content\\\/uploads\\\/2020\\\/12\\\/logo-ru-law.svg\",\"contentUrl\":\"https:\\\/\\\/ru.law\\\/wp-content\\\/uploads\\\/2020\\\/12\\\/logo-ru-law.svg\",\"width\":992,\"height\":259,\"caption\":\"Kanzlei Rogert & Ulbrich\"},\"image\":{\"@id\":\"https:\\\/\\\/ru.law\\\/#\\\/schema\\\/logo\\\/image\\\/\"},\"sameAs\":[\"https:\\\/\\\/www.facebook.com\\\/RogertUlbrich\\\/\",\"https:\\\/\\\/x.com\\\/RogertUlbrich\",\"https:\\\/\\\/www.instagram.com\\\/rogertulbrich\\\/\",\"https:\\\/\\\/www.linkedin.com\\\/company\\\/rogert-ulbrich\\\/\",\"https:\\\/\\\/www.youtube.com\\\/channel\\\/UCganCgpvwpPFqMFf1vVmG2A\"]},{\"@type\":\"Person\",\"@id\":\"https:\\\/\\\/ru.law\\\/#\\\/schema\\\/person\\\/b020d506e6bbc471b4565d3a98173b87\",\"name\":\"Marco Rogert\",\"url\":\"https:\\\/\\\/ru.law\\\/nl\\\/author\\\/rogertru-law\\\/\"}]}<\/script>\n<!-- \/ Yoast SEO Premium plugin. -->","yoast_head_json":{"title":"Spektakul\u00e4re Entscheidung im Abgasskandal: Abgastest als Indiz - R&amp;U","description":"Das OLG K\u00f6ln hat erstmals Ergebnisse von Abgastests als Indiz f\u00fcr den Einbau illegaler Abschalteinrichtungen anerkannt.","robots":{"index":"index","follow":"follow","max-snippet":"max-snippet:-1","max-image-preview":"max-image-preview:large","max-video-preview":"max-video-preview:-1"},"canonical":"https:\/\/ru.law\/nl\/spektakulaere-entscheidung-im-abgasskandal-abgastest-als-indiz\/","og_locale":"nl_NL","og_type":"article","og_title":"Spektakul\u00e4re Entscheidung im Abgasskandal: Abgastest als Indiz","og_description":"Das OLG K\u00f6ln hat erstmals Ergebnisse von Abgastests als Indiz f\u00fcr den Einbau illegaler Abschalteinrichtungen anerkannt.","og_url":"https:\/\/ru.law\/nl\/spektakulaere-entscheidung-im-abgasskandal-abgastest-als-indiz\/","og_site_name":"R&amp;U","article_publisher":"https:\/\/www.facebook.com\/RogertUlbrich\/","article_published_time":"2021-10-28T07:58:53+00:00","article_modified_time":"2024-07-08T11:12:12+00:00","og_image":[{"width":1200,"height":675,"url":"https:\/\/ru.law\/wp-content\/uploads\/2021\/10\/2021-News-Header-1200x675-172.jpg","type":"image\/jpeg"}],"author":"Marco Rogert","twitter_card":"summary_large_image","twitter_creator":"@RogertUlbrich","twitter_site":"@RogertUlbrich","schema":{"@context":"https:\/\/schema.org","@graph":[{"@type":"Article","@id":"https:\/\/ru.law\/spektakulaere-entscheidung-im-abgasskandal-abgastest-als-indiz\/#article","isPartOf":{"@id":"https:\/\/ru.law\/spektakulaere-entscheidung-im-abgasskandal-abgastest-als-indiz\/"},"author":{"name":"Marco Rogert","@id":"https:\/\/ru.law\/#\/schema\/person\/b020d506e6bbc471b4565d3a98173b87"},"headline":"Spektakul\u00e4re Entscheidung im Abgasskandal: Abgastest als Indiz","datePublished":"2021-10-28T07:58:53+00:00","dateModified":"2024-07-08T11:12:12+00:00","mainEntityOfPage":{"@id":"https:\/\/ru.law\/spektakulaere-entscheidung-im-abgasskandal-abgastest-als-indiz\/"},"wordCount":336,"publisher":{"@id":"https:\/\/ru.law\/#organization"},"image":{"@id":"https:\/\/ru.law\/spektakulaere-entscheidung-im-abgasskandal-abgastest-als-indiz\/#primaryimage"},"thumbnailUrl":"https:\/\/ru.law\/wp-content\/uploads\/2021\/10\/2021-News-Header-1200x675-172.jpg","keywords":["Euro-5","Schadensersatz","VW"],"articleSection":["Abgasskandal","Urteile"],"inLanguage":"nl-NL"},{"@type":"WebPage","@id":"https:\/\/ru.law\/spektakulaere-entscheidung-im-abgasskandal-abgastest-als-indiz\/","url":"https:\/\/ru.law\/spektakulaere-entscheidung-im-abgasskandal-abgastest-als-indiz\/","name":"Spektakul\u00e4re Entscheidung im Abgasskandal: Abgastest als Indiz - R&amp;U","isPartOf":{"@id":"https:\/\/ru.law\/#website"},"primaryImageOfPage":{"@id":"https:\/\/ru.law\/spektakulaere-entscheidung-im-abgasskandal-abgastest-als-indiz\/#primaryimage"},"image":{"@id":"https:\/\/ru.law\/spektakulaere-entscheidung-im-abgasskandal-abgastest-als-indiz\/#primaryimage"},"thumbnailUrl":"https:\/\/ru.law\/wp-content\/uploads\/2021\/10\/2021-News-Header-1200x675-172.jpg","datePublished":"2021-10-28T07:58:53+00:00","dateModified":"2024-07-08T11:12:12+00:00","description":"Das OLG K\u00f6ln hat erstmals Ergebnisse von Abgastests als Indiz f\u00fcr den Einbau illegaler Abschalteinrichtungen anerkannt.","breadcrumb":{"@id":"https:\/\/ru.law\/spektakulaere-entscheidung-im-abgasskandal-abgastest-als-indiz\/#breadcrumb"},"inLanguage":"nl-NL","potentialAction":[{"@type":"ReadAction","target":["https:\/\/ru.law\/spektakulaere-entscheidung-im-abgasskandal-abgastest-als-indiz\/"]}]},{"@type":"ImageObject","inLanguage":"nl-NL","@id":"https:\/\/ru.law\/spektakulaere-entscheidung-im-abgasskandal-abgastest-als-indiz\/#primaryimage","url":"https:\/\/ru.law\/wp-content\/uploads\/2021\/10\/2021-News-Header-1200x675-172.jpg","contentUrl":"https:\/\/ru.law\/wp-content\/uploads\/2021\/10\/2021-News-Header-1200x675-172.jpg","width":1200,"height":675},{"@type":"BreadcrumbList","@id":"https:\/\/ru.law\/spektakulaere-entscheidung-im-abgasskandal-abgastest-als-indiz\/#breadcrumb","itemListElement":[{"@type":"ListItem","position":1,"name":"Startseite","item":"https:\/\/ru.law\/"},{"@type":"ListItem","position":2,"name":"Spektakul\u00e4re Entscheidung im Abgasskandal: Abgastest als Indiz"}]},{"@type":"WebSite","@id":"https:\/\/ru.law\/#website","url":"https:\/\/ru.law\/","name":"R&amp;U","description":"Consumentenadvocaten","publisher":{"@id":"https:\/\/ru.law\/#organization"},"alternateName":"Rogert & Ulbrich","potentialAction":[{"@type":"SearchAction","target":{"@type":"EntryPoint","urlTemplate":"https:\/\/ru.law\/?s={search_term_string}"},"query-input":{"@type":"PropertyValueSpecification","valueRequired":true,"valueName":"search_term_string"}}],"inLanguage":"nl-NL"},{"@type":"Organization","@id":"https:\/\/ru.law\/#organization","name":"Advocatenkantoor Rogert &amp; Ulbrich","url":"https:\/\/ru.law\/","logo":{"@type":"ImageObject","inLanguage":"nl-NL","@id":"https:\/\/ru.law\/#\/schema\/logo\/image\/","url":"https:\/\/ru.law\/wp-content\/uploads\/2020\/12\/logo-ru-law.svg","contentUrl":"https:\/\/ru.law\/wp-content\/uploads\/2020\/12\/logo-ru-law.svg","width":992,"height":259,"caption":"Kanzlei Rogert & Ulbrich"},"image":{"@id":"https:\/\/ru.law\/#\/schema\/logo\/image\/"},"sameAs":["https:\/\/www.facebook.com\/RogertUlbrich\/","https:\/\/x.com\/RogertUlbrich","https:\/\/www.instagram.com\/rogertulbrich\/","https:\/\/www.linkedin.com\/company\/rogert-ulbrich\/","https:\/\/www.youtube.com\/channel\/UCganCgpvwpPFqMFf1vVmG2A"]},{"@type":"Person","@id":"https:\/\/ru.law\/#\/schema\/person\/b020d506e6bbc471b4565d3a98173b87","name":"Marco Rogert","url":"https:\/\/ru.law\/nl\/author\/rogertru-law\/"}]}},"uagb_featured_image_src":{"full":["https:\/\/ru.law\/wp-content\/uploads\/2021\/10\/2021-News-Header-1200x675-172.jpg",1200,675,false],"thumbnail":["https:\/\/ru.law\/wp-content\/uploads\/2021\/10\/2021-News-Header-1200x675-172-150x150.jpg",96,96,true],"medium":["https:\/\/ru.law\/wp-content\/uploads\/2021\/10\/2021-News-Header-1200x675-172-300x169.jpg",300,169,true],"medium_large":["https:\/\/ru.law\/wp-content\/uploads\/2021\/10\/2021-News-Header-1200x675-172-768x432.jpg",768,432,true],"large":["https:\/\/ru.law\/wp-content\/uploads\/2021\/10\/2021-News-Header-1200x675-172-1024x576.jpg",1024,576,true],"1536x1536":["https:\/\/ru.law\/wp-content\/uploads\/2021\/10\/2021-News-Header-1200x675-172.jpg",1200,675,false],"2048x2048":["https:\/\/ru.law\/wp-content\/uploads\/2021\/10\/2021-News-Header-1200x675-172.jpg",1200,675,false],"trp-custom-language-flag":["https:\/\/ru.law\/wp-content\/uploads\/2021\/10\/2021-News-Header-1200x675-172.jpg",18,10,false]},"uagb_author_info":{"display_name":"Marco Rogert","author_link":"https:\/\/ru.law\/nl\/author\/rogertru-law\/"},"uagb_comment_info":0,"uagb_excerpt":"Das Oberlandesgericht&nbsp;(OLG) K\u00f6ln&nbsp;hat erstmals&nbsp;mit Urteil vom 12.03.2020 (Az. 3 U 55\/19)&nbsp;Ergebnisse von Abgastests als Indiz f\u00fcr den Einbau illegaler Abschalteinrichtungen anerkannt und so&nbsp;ganz&nbsp;im Sinne der [&hellip;]","_links":{"self":[{"href":"https:\/\/ru.law\/nl\/wp-json\/wp\/v2\/posts\/21965","targetHints":{"allow":["GET"]}}],"collection":[{"href":"https:\/\/ru.law\/nl\/wp-json\/wp\/v2\/posts"}],"about":[{"href":"https:\/\/ru.law\/nl\/wp-json\/wp\/v2\/types\/post"}],"author":[{"embeddable":true,"href":"https:\/\/ru.law\/nl\/wp-json\/wp\/v2\/users\/21"}],"replies":[{"embeddable":true,"href":"https:\/\/ru.law\/nl\/wp-json\/wp\/v2\/comments?post=21965"}],"version-history":[{"count":0,"href":"https:\/\/ru.law\/nl\/wp-json\/wp\/v2\/posts\/21965\/revisions"}],"wp:featuredmedia":[{"embeddable":true,"href":"https:\/\/ru.law\/nl\/wp-json\/wp\/v2\/media\/21995"}],"wp:attachment":[{"href":"https:\/\/ru.law\/nl\/wp-json\/wp\/v2\/media?parent=21965"}],"wp:term":[{"taxonomy":"category","embeddable":true,"href":"https:\/\/ru.law\/nl\/wp-json\/wp\/v2\/categories?post=21965"},{"taxonomy":"post_tag","embeddable":true,"href":"https:\/\/ru.law\/nl\/wp-json\/wp\/v2\/tags?post=21965"}],"curies":[{"name":"wp","href":"https:\/\/api.w.org\/{rel}","templated":true}]}}