{"id":21748,"date":"2021-10-04T09:08:34","date_gmt":"2021-10-04T07:08:34","guid":{"rendered":"https:\/\/ru.law\/?p=21748"},"modified":"2024-07-08T13:12:15","modified_gmt":"2024-07-08T11:12:15","slug":"rogert-ulbrich-gewinnt-in-2-instanz","status":"publish","type":"post","link":"https:\/\/ru.law\/nl\/rogert-ulbrich-gewinnt-in-2-instanz\/","title":{"rendered":"Rogert &amp; Ulbrich scoort in tweede instantie punten tegen Audi"},"content":{"rendered":"<p>Een bestuurder van een <a href=\"https:\/\/ru.law\/nl\/expertise\/abgasskandal\/audi-diesel\/#modelle\">Audi SQ5 <\/a>plus kan gelukkig zijn. De in eerste instantie afgewezen rechtszaak stond voor de Hogere Arrondissementsrechtbank van M\u00fcnchen en Audi AG werd veroordeeld om het voertuig terug te nemen en de aankoopprijs terug te betalen.<\/p>\n\n\n\n<p>Eiser heeft de auto, die is voorzien van een 3,0 liter V6 turbodieselmotor en valt in emissieklasse Euro 6, nieuw gekocht in 2016 voor circa \u20ac 57.000,-. De Bundesautomobilausstellung (KBA) heeft in januari 2018 een terugroepactie voor dit voertuigmodel uitgevaardigd. Voor de auto waar hij nu mee rondrijdt <strong>\u20ac 33.500 plus bijna \u20ac 3.000 aan rente<\/strong>.<\/p>\n\n\n\n<p>De regionale rechtbank in Ingolstadt wees de rechtszaak in eerste instantie af. Maar de 21e Senaat van het Oberlandesgericht M\u00fcnchen zag de zaak anders en gaf de <a href=\"https:\/\/ru.law\/nl\/expertise\/abgasskandal\/audi-diesel\/#urteile\">pak <\/a>in plaats van.<\/p>\n\n\n\n<h2 class=\"wp-block-heading\">Verwerpelijk <strong>de autoriteiten misleiden<\/strong><\/h2>\n\n\n\n<p>Audi heeft de verantwoordelijke goedkeuringsinstantie misleid door de motor te produceren en op de markt te brengen met gemanipuleerde motorsoftware.<\/p>\n\n\n\n<p>Door een typegoedkeuring voor een voertuig en motor aan te vragen, verklaart de fabrikant aan de autoriteiten dat het gebruik van dit voertuig in het wegverkeer zonder beperkingen is toegestaan. Hiervoor is het niet alleen noodzakelijk dat de vereiste registratie- en goedkeuringsprocedures formeel succesvol zijn afgerond, maar ook dat de voor het voertuigtype vereiste EG-typegoedkeuring niet door misleiding van de bevoegde autoriteit is verkregen. Indien dit niet het geval is, is er sprake van directe misleiding van de autokoper.<\/p>\n\n\n\n<p><strong>De rechtbank heeft bovendien herhaaldelijk geoordeeld dat het handelen van de Audi Groep immoreel, dat wil zeggen bijzonder verwerpelijk, was.<\/strong><\/p>\n\n\n\n<h3 class=\"wp-block-heading\" id=\"h-wir-kampfen-weiter-fur-ihr-recht\">Wij blijven strijden voor uw rechten<\/h3>\n\n\n\n<p>Wij zijn blij met dit succes voor onze klant<a href=\"https:\/\/ru.law\/nl\/expertise\/abgasskandal\/audi-diesel\/#erstberatung\">.<\/a> <a href=\"https:\/\/ru.law\/nl\/expertise\/abgasskandal\/audi-diesel\/#motor\">Audi moet opnieuw een vervuiler terugnemen.<\/a><br>Het is opmerkelijk hoe sto\u00efcijns Audi AG consumenten telkens weer naar de rechter dwingt, ook al is de uitkomst van de procedure in de meeste gevallen al duidelijk op het moment dat de rechtszaak wordt aangespannen: <a href=\"https:\/\/ru.law\/nl\/expertise\/abgasskandal\/audi-diesel\/#rechner\">Auto terug \u2013 geld ook.<\/a><\/p>\n\n\n\n<section class=\"wp-block-uagb-columns uagb-columns__wrap uagb-columns__background-undefined uagb-columns__stack-mobile uagb-columns__valign-undefined uagb-columns__gap-10 alignundefined uagb-block-1c65084c contrast blog_beitraege\"><div class=\"uagb-columns__overlay\"><\/div><div class=\"uagb-columns__inner-wrap uagb-columns__columns-1\">\n<div class=\"wp-block-uagb-column uagb-column__wrap uagb-column__background-undefined uagb-block-b467a644\"><div class=\"uagb-column__overlay\"><\/div><div class=\"uagb-column__inner-wrap\">\n<h3 class=\"wp-block-heading\" id=\"h-das-konnte-sie-auch-interessieren\">Misschien bent u ook ge\u00efnteresseerd in:<\/h3>\n\n\n\n\t\t\t<div class=\"wp-block-uagb-post-grid uagb-post-grid  uagb-post__image-position-top uagb-post__image-enabled uagb-block-d6baf5e3     uagb-post__items uagb-post__columns-3 is-grid uagb-post__columns-tablet-2 uagb-post__columns-mobile-1 uagb-post__equal-height\" data-total=\"12\" style=\"\">\n\n\t\t\t\t\t\t\t\t\t\t\t\t<article class=\"uagb-post__inner-wrap\">\t\t\t\t\t\t\t\t<div class='uagb-post__image'>\n\t\t\t\t\t\t\t\t\t<a href=\"https:\/\/ru.law\/nl\/zahlreiche-positive-urteile-fuer-verbraucher-am-landgericht-ingolstadt\/\" target=\"_self\" rel=\"bookmark noopener noreferrer\" class='uagb-image-ratio-inherit'><img loading=\"lazy\" decoding=\"async\" width=\"1024\" height=\"576\" src=\"https:\/\/ru.law\/wp-content\/uploads\/2021\/01\/audi-a6-1024x576.jpg\" class=\"attachment-large size-large\" alt=\"\" srcset=\"https:\/\/ru.law\/wp-content\/uploads\/2021\/01\/audi-a6-1024x576.jpg 1024w, https:\/\/ru.law\/wp-content\/uploads\/2021\/01\/audi-a6-300x169.jpg 300w, https:\/\/ru.law\/wp-content\/uploads\/2021\/01\/audi-a6-768x432.jpg 768w, https:\/\/ru.law\/wp-content\/uploads\/2021\/01\/audi-a6.jpg 1200w\" sizes=\"auto, (max-width: 1024px) 100vw, 1024px\" \/>\t\t\t\t\t<\/a>\n\t\t\t\t\t\t\t<\/div>\n\t\t\t\t\t\t<h4 class=\"uagb-post__title uagb-post__text\">\n\t\t\t\t<a href=\"https:\/\/ru.law\/nl\/zahlreiche-positive-urteile-fuer-verbraucher-am-landgericht-ingolstadt\/\" target=\"_self\" rel=\"bookmark noopener noreferrer\">Talrijke positieve uitspraken voor consumenten bij de regionale rechtbank van Ingolstadt<\/a>\n\t\t\t<\/h4>\n\t\t\t\t\t\t<div class='uagb-post__text uagb-post-grid-byline'>\n\t\t\t\t\t\t\t<\/div>\n\t\t\t\t\t\t\t<div class='uagb-post__text uagb-post__excerpt'>\n\t\t\t\t\t<p>Audi AG werd in januari 2021 meerdere malen veroordeeld tot het betalen van schadevergoeding. In een recente uitspraak van 15 januari 2021,\u2026\t\t\t\t<\/div>\n\t\t\t\n\t\t\t\t\t\t\t\t\t<\/article>\n\t\t\t\t\t\t\t\t\t\t\t\t\t\t\t\t<article class=\"uagb-post__inner-wrap\">\t\t\t\t\t\t\t\t<div class='uagb-post__image'>\n\t\t\t\t\t\t\t\t\t<a href=\"https:\/\/ru.law\/nl\/vtdi-abgasskandal-rund-um-vw-audi-und-porsche\/\" target=\"_self\" rel=\"bookmark noopener noreferrer\" class='uagb-image-ratio-inherit'><img loading=\"lazy\" decoding=\"async\" width=\"1024\" height=\"576\" src=\"https:\/\/ru.law\/wp-content\/uploads\/2022\/01\/Rogert-Ulbrich-Rechtsanwaelte-Kanzlei-Abgasskandal-Audi-Verjaehrung-2022-1024x576.jpg\" class=\"attachment-large size-large\" alt=\"\" srcset=\"https:\/\/ru.law\/wp-content\/uploads\/2022\/01\/Rogert-Ulbrich-Rechtsanwaelte-Kanzlei-Abgasskandal-Audi-Verjaehrung-2022-1024x576.jpg 1024w, https:\/\/ru.law\/wp-content\/uploads\/2022\/01\/Rogert-Ulbrich-Rechtsanwaelte-Kanzlei-Abgasskandal-Audi-Verjaehrung-2022-300x169.jpg 300w, https:\/\/ru.law\/wp-content\/uploads\/2022\/01\/Rogert-Ulbrich-Rechtsanwaelte-Kanzlei-Abgasskandal-Audi-Verjaehrung-2022-768x432.jpg 768w, https:\/\/ru.law\/wp-content\/uploads\/2022\/01\/Rogert-Ulbrich-Rechtsanwaelte-Kanzlei-Abgasskandal-Audi-Verjaehrung-2022.jpg 1200w\" sizes=\"auto, (max-width: 1024px) 100vw, 1024px\" \/>\t\t\t\t\t<\/a>\n\t\t\t\t\t\t\t<\/div>\n\t\t\t\t\t\t<h4 class=\"uagb-post__title uagb-post__text\">\n\t\t\t\t<a href=\"https:\/\/ru.law\/nl\/vtdi-abgasskandal-rund-um-vw-audi-und-porsche\/\" target=\"_self\" rel=\"bookmark noopener noreferrer\">VTDI-emissieschandaal waarbij VW, Audi en Porsche betrokken zijn<\/a>\n\t\t\t<\/h4>\n\t\t\t\t\t\t<div class='uagb-post__text uagb-post-grid-byline'>\n\t\t\t\t\t\t\t<\/div>\n\t\t\t\t\t\t\t<div class='uagb-post__text uagb-post__excerpt'>\n\t\t\t\t\t<p>Voor veel Duitse autofabrikanten is het dieselemissieschandaal nog steeds alomtegenwoordig, ook voor de VW Groep\u2026\t\t\t\t<\/div>\n\t\t\t\n\t\t\t\t\t\t\t\t\t<\/article>\n\t\t\t\t\t\t\t\t\t\t\t\t\t\t\t\t<article class=\"uagb-post__inner-wrap\">\t\t\t\t\t\t\t\t<div class='uagb-post__image'>\n\t\t\t\t\t\t\t\t\t<a href=\"https:\/\/ru.law\/nl\/verjaehrung-im-audi-abgasskandal-zum-ende-des-jahres-2021\/\" target=\"_self\" rel=\"bookmark noopener noreferrer\" class='uagb-image-ratio-inherit'><img loading=\"lazy\" decoding=\"async\" width=\"1024\" height=\"576\" src=\"https:\/\/ru.law\/wp-content\/uploads\/2021\/12\/Rogert-Ulbrich-Rechtsanwaelte-Kanzlei-Abgasskandal-Audi-Verjaehrung-3-Liter-1024x576.jpg\" class=\"attachment-large size-large\" alt=\"\" srcset=\"https:\/\/ru.law\/wp-content\/uploads\/2021\/12\/Rogert-Ulbrich-Rechtsanwaelte-Kanzlei-Abgasskandal-Audi-Verjaehrung-3-Liter-1024x576.jpg 1024w, https:\/\/ru.law\/wp-content\/uploads\/2021\/12\/Rogert-Ulbrich-Rechtsanwaelte-Kanzlei-Abgasskandal-Audi-Verjaehrung-3-Liter-300x169.jpg 300w, https:\/\/ru.law\/wp-content\/uploads\/2021\/12\/Rogert-Ulbrich-Rechtsanwaelte-Kanzlei-Abgasskandal-Audi-Verjaehrung-3-Liter-768x432.jpg 768w, https:\/\/ru.law\/wp-content\/uploads\/2021\/12\/Rogert-Ulbrich-Rechtsanwaelte-Kanzlei-Abgasskandal-Audi-Verjaehrung-3-Liter.jpg 1200w\" sizes=\"auto, (max-width: 1024px) 100vw, 1024px\" \/>\t\t\t\t\t<\/a>\n\t\t\t\t\t\t\t<\/div>\n\t\t\t\t\t\t<h4 class=\"uagb-post__title uagb-post__text\">\n\t\t\t\t<a href=\"https:\/\/ru.law\/nl\/verjaehrung-im-audi-abgasskandal-zum-ende-des-jahres-2021\/\" target=\"_self\" rel=\"bookmark noopener noreferrer\">Verjaringstermijn in het Audi-emissieschandaal eind 2021<\/a>\n\t\t\t<\/h4>\n\t\t\t\t\t\t<div class='uagb-post__text uagb-post-grid-byline'>\n\t\t\t\t\t\t\t<\/div>\n\t\t\t\t\t\t\t<div class='uagb-post__text uagb-post__excerpt'>\n\t\t\t\t\t<p>Sinds 2018 heeft de Bundesautomobilausstellung (KBA) al talrijke terugroepacties onder de terugroepcode 23X6 bevolen, omdat\u2026\t\t\t\t<\/div>\n\t\t\t\n\t\t\t\t\t\t\t\t\t<\/article>\n\t\t\t\t\t\t\t\t\t\t\t<\/div>\n\t\t\t<\/div><\/div>\n<\/div><\/section>","protected":false},"excerpt":{"rendered":"<p>Ein von uns vertretener Fahrer eines Audi SQ5 plus kann sich freuen. Vor dem OLG M\u00fcnchen hielt die zun\u00e4chst abgewiesenen Klage stand und die Audi [&hellip;]<\/p>\n","protected":false},"author":2,"featured_media":21756,"comment_status":"closed","ping_status":"open","sticky":false,"template":"","format":"standard","meta":{"_uag_custom_page_level_css":"","site-sidebar-layout":"default","site-content-layout":"default","ast-site-content-layout":"default","site-content-style":"default","site-sidebar-style":"default","ast-global-header-display":"","ast-banner-title-visibility":"","ast-main-header-display":"","ast-hfb-above-header-display":"","ast-hfb-below-header-display":"","ast-hfb-mobile-header-display":"","site-post-title":"","ast-breadcrumbs-content":"","ast-featured-img":"","footer-sml-layout":"","ast-disable-related-posts":"","theme-transparent-header-meta":"default","adv-header-id-meta":"","stick-header-meta":"","header-above-stick-meta":"","header-main-stick-meta":"","header-below-stick-meta":"","astra-migrate-meta-layouts":"default","ast-page-background-enabled":"default","ast-page-background-meta":{"desktop":{"background-color":"","background-image":"","background-repeat":"repeat","background-position":"center center","background-size":"auto","background-attachment":"scroll","background-type":"","background-media":"","overlay-type":"","overlay-color":"","overlay-opacity":"","overlay-gradient":""},"tablet":{"background-color":"","background-image":"","background-repeat":"repeat","background-position":"center center","background-size":"auto","background-attachment":"scroll","background-type":"","background-media":"","overlay-type":"","overlay-color":"","overlay-opacity":"","overlay-gradient":""},"mobile":{"background-color":"","background-image":"","background-repeat":"repeat","background-position":"center center","background-size":"auto","background-attachment":"scroll","background-type":"","background-media":"","overlay-type":"","overlay-color":"","overlay-opacity":"","overlay-gradient":""}},"ast-content-background-meta":{"desktop":{"background-color":"var(--ast-global-color-5)","background-image":"","background-repeat":"repeat","background-position":"center center","background-size":"auto","background-attachment":"scroll","background-type":"","background-media":"","overlay-type":"","overlay-color":"","overlay-opacity":"","overlay-gradient":""},"tablet":{"background-color":"var(--ast-global-color-5)","background-image":"","background-repeat":"repeat","background-position":"center center","background-size":"auto","background-attachment":"scroll","background-type":"","background-media":"","overlay-type":"","overlay-color":"","overlay-opacity":"","overlay-gradient":""},"mobile":{"background-color":"var(--ast-global-color-5)","background-image":"","background-repeat":"repeat","background-position":"center center","background-size":"auto","background-attachment":"scroll","background-type":"","background-media":"","overlay-type":"","overlay-color":"","overlay-opacity":"","overlay-gradient":""}},"footnotes":""},"categories":[2,507],"tags":[9,37],"class_list":["post-21748","post","type-post","status-publish","format-standard","has-post-thumbnail","hentry","category-abgasskandal","category-urteile","tag-audi","tag-schadensersatz"],"yoast_head":"<!-- This site is optimized with the Yoast SEO Premium plugin v27.4 (Yoast SEO v27.4) - https:\/\/yoast.com\/product\/yoast-seo-premium-wordpress\/ -->\n<title>Rogert &amp; Ulbrich punktet in zweiter Instanz gegen Audi - R&amp;U<\/title>\n<meta name=\"description\" content=\"OLG M\u00fcnchen kassiert Urteil vom LG Ingolstadt. Audi AG wurde zur R\u00fccknahme des Fahrzeugs und R\u00fcckzahlung des Kaufpreises verurteilt.\" \/>\n<meta name=\"robots\" content=\"index, follow, max-snippet:-1, max-image-preview:large, max-video-preview:-1\" \/>\n<link rel=\"canonical\" href=\"https:\/\/ru.law\/nl\/rogert-ulbrich-gewinnt-in-2-instanz\/\" \/>\n<meta property=\"og:locale\" content=\"nl_NL\" \/>\n<meta property=\"og:type\" content=\"article\" \/>\n<meta property=\"og:title\" content=\"Rogert &amp; Ulbrich punktet in zweiter Instanz gegen Audi\" \/>\n<meta property=\"og:description\" content=\"OLG M\u00fcnchen kassiert Urteil vom LG Ingolstadt. Audi AG wurde zur R\u00fccknahme des Fahrzeugs und R\u00fcckzahlung des Kaufpreises verurteilt.\" \/>\n<meta property=\"og:url\" content=\"https:\/\/ru.law\/nl\/rogert-ulbrich-gewinnt-in-2-instanz\/\" \/>\n<meta property=\"og:site_name\" content=\"R&amp;U\" \/>\n<meta property=\"article:publisher\" content=\"https:\/\/www.facebook.com\/RogertUlbrich\/\" \/>\n<meta property=\"article:published_time\" content=\"2021-10-04T07:08:34+00:00\" \/>\n<meta property=\"article:modified_time\" content=\"2024-07-08T11:12:15+00:00\" \/>\n<meta property=\"og:image\" content=\"https:\/\/ru.law\/wp-content\/uploads\/2021\/10\/Rogert-Ulbrich-Rechtsanwaelte-Kanzlei-Audi-Schadensersatz-SQ5.jpg\" \/>\n\t<meta property=\"og:image:width\" content=\"1200\" \/>\n\t<meta property=\"og:image:height\" content=\"675\" \/>\n\t<meta property=\"og:image:type\" content=\"image\/jpeg\" \/>\n<meta name=\"author\" content=\"Stefan Selge\" \/>\n<meta name=\"twitter:card\" content=\"summary_large_image\" \/>\n<meta name=\"twitter:creator\" content=\"@RogertUlbrich\" \/>\n<meta name=\"twitter:site\" content=\"@RogertUlbrich\" \/>\n<script type=\"application\/ld+json\" class=\"yoast-schema-graph\">{\"@context\":\"https:\\\/\\\/schema.org\",\"@graph\":[{\"@type\":\"Article\",\"@id\":\"https:\\\/\\\/ru.law\\\/rogert-ulbrich-gewinnt-in-2-instanz\\\/#article\",\"isPartOf\":{\"@id\":\"https:\\\/\\\/ru.law\\\/rogert-ulbrich-gewinnt-in-2-instanz\\\/\"},\"author\":{\"name\":\"Stefan Selge\",\"@id\":\"https:\\\/\\\/ru.law\\\/#\\\/schema\\\/person\\\/10e5b85e615f8a9d0bb96174432e1e1a\"},\"headline\":\"Rogert &amp; Ulbrich punktet in zweiter Instanz gegen Audi\",\"datePublished\":\"2021-10-04T07:08:34+00:00\",\"dateModified\":\"2024-07-08T11:12:15+00:00\",\"mainEntityOfPage\":{\"@id\":\"https:\\\/\\\/ru.law\\\/rogert-ulbrich-gewinnt-in-2-instanz\\\/\"},\"wordCount\":340,\"publisher\":{\"@id\":\"https:\\\/\\\/ru.law\\\/#organization\"},\"image\":{\"@id\":\"https:\\\/\\\/ru.law\\\/rogert-ulbrich-gewinnt-in-2-instanz\\\/#primaryimage\"},\"thumbnailUrl\":\"https:\\\/\\\/ru.law\\\/wp-content\\\/uploads\\\/2021\\\/10\\\/Rogert-Ulbrich-Rechtsanwaelte-Kanzlei-Audi-Schadensersatz-SQ5.jpg\",\"keywords\":[\"Audi\",\"Schadensersatz\"],\"articleSection\":[\"Abgasskandal\",\"Urteile\"],\"inLanguage\":\"nl-NL\"},{\"@type\":\"WebPage\",\"@id\":\"https:\\\/\\\/ru.law\\\/rogert-ulbrich-gewinnt-in-2-instanz\\\/\",\"url\":\"https:\\\/\\\/ru.law\\\/rogert-ulbrich-gewinnt-in-2-instanz\\\/\",\"name\":\"Rogert &amp; Ulbrich punktet in zweiter Instanz gegen Audi - R&amp;U\",\"isPartOf\":{\"@id\":\"https:\\\/\\\/ru.law\\\/#website\"},\"primaryImageOfPage\":{\"@id\":\"https:\\\/\\\/ru.law\\\/rogert-ulbrich-gewinnt-in-2-instanz\\\/#primaryimage\"},\"image\":{\"@id\":\"https:\\\/\\\/ru.law\\\/rogert-ulbrich-gewinnt-in-2-instanz\\\/#primaryimage\"},\"thumbnailUrl\":\"https:\\\/\\\/ru.law\\\/wp-content\\\/uploads\\\/2021\\\/10\\\/Rogert-Ulbrich-Rechtsanwaelte-Kanzlei-Audi-Schadensersatz-SQ5.jpg\",\"datePublished\":\"2021-10-04T07:08:34+00:00\",\"dateModified\":\"2024-07-08T11:12:15+00:00\",\"description\":\"OLG M\u00fcnchen kassiert Urteil vom LG Ingolstadt. Audi AG wurde zur R\u00fccknahme des Fahrzeugs und R\u00fcckzahlung des Kaufpreises verurteilt.\",\"breadcrumb\":{\"@id\":\"https:\\\/\\\/ru.law\\\/rogert-ulbrich-gewinnt-in-2-instanz\\\/#breadcrumb\"},\"inLanguage\":\"nl-NL\",\"potentialAction\":[{\"@type\":\"ReadAction\",\"target\":[\"https:\\\/\\\/ru.law\\\/rogert-ulbrich-gewinnt-in-2-instanz\\\/\"]}]},{\"@type\":\"ImageObject\",\"inLanguage\":\"nl-NL\",\"@id\":\"https:\\\/\\\/ru.law\\\/rogert-ulbrich-gewinnt-in-2-instanz\\\/#primaryimage\",\"url\":\"https:\\\/\\\/ru.law\\\/wp-content\\\/uploads\\\/2021\\\/10\\\/Rogert-Ulbrich-Rechtsanwaelte-Kanzlei-Audi-Schadensersatz-SQ5.jpg\",\"contentUrl\":\"https:\\\/\\\/ru.law\\\/wp-content\\\/uploads\\\/2021\\\/10\\\/Rogert-Ulbrich-Rechtsanwaelte-Kanzlei-Audi-Schadensersatz-SQ5.jpg\",\"width\":1200,\"height\":675,\"caption\":\"Rogert-Ulbrich-Rechtsanwaelte-Kanzlei-Audi-Schadensersatz-SQ5.\"},{\"@type\":\"BreadcrumbList\",\"@id\":\"https:\\\/\\\/ru.law\\\/rogert-ulbrich-gewinnt-in-2-instanz\\\/#breadcrumb\",\"itemListElement\":[{\"@type\":\"ListItem\",\"position\":1,\"name\":\"Startseite\",\"item\":\"https:\\\/\\\/ru.law\\\/\"},{\"@type\":\"ListItem\",\"position\":2,\"name\":\"Rogert &amp; Ulbrich punktet in zweiter Instanz gegen Audi\"}]},{\"@type\":\"WebSite\",\"@id\":\"https:\\\/\\\/ru.law\\\/#website\",\"url\":\"https:\\\/\\\/ru.law\\\/\",\"name\":\"R&U\",\"description\":\"Verbraucheranw\u00e4lte\",\"publisher\":{\"@id\":\"https:\\\/\\\/ru.law\\\/#organization\"},\"alternateName\":\"Rogert & Ulbrich\",\"potentialAction\":[{\"@type\":\"SearchAction\",\"target\":{\"@type\":\"EntryPoint\",\"urlTemplate\":\"https:\\\/\\\/ru.law\\\/?s={search_term_string}\"},\"query-input\":{\"@type\":\"PropertyValueSpecification\",\"valueRequired\":true,\"valueName\":\"search_term_string\"}}],\"inLanguage\":\"nl-NL\"},{\"@type\":\"Organization\",\"@id\":\"https:\\\/\\\/ru.law\\\/#organization\",\"name\":\"Kanzlei Rogert & Ulbrich\",\"url\":\"https:\\\/\\\/ru.law\\\/\",\"logo\":{\"@type\":\"ImageObject\",\"inLanguage\":\"nl-NL\",\"@id\":\"https:\\\/\\\/ru.law\\\/#\\\/schema\\\/logo\\\/image\\\/\",\"url\":\"https:\\\/\\\/ru.law\\\/wp-content\\\/uploads\\\/2020\\\/12\\\/logo-ru-law.svg\",\"contentUrl\":\"https:\\\/\\\/ru.law\\\/wp-content\\\/uploads\\\/2020\\\/12\\\/logo-ru-law.svg\",\"width\":992,\"height\":259,\"caption\":\"Kanzlei Rogert & Ulbrich\"},\"image\":{\"@id\":\"https:\\\/\\\/ru.law\\\/#\\\/schema\\\/logo\\\/image\\\/\"},\"sameAs\":[\"https:\\\/\\\/www.facebook.com\\\/RogertUlbrich\\\/\",\"https:\\\/\\\/x.com\\\/RogertUlbrich\",\"https:\\\/\\\/www.instagram.com\\\/rogertulbrich\\\/\",\"https:\\\/\\\/www.linkedin.com\\\/company\\\/rogert-ulbrich\\\/\",\"https:\\\/\\\/www.youtube.com\\\/channel\\\/UCganCgpvwpPFqMFf1vVmG2A\"]},{\"@type\":\"Person\",\"@id\":\"https:\\\/\\\/ru.law\\\/#\\\/schema\\\/person\\\/10e5b85e615f8a9d0bb96174432e1e1a\",\"name\":\"Stefan Selge\",\"url\":\"https:\\\/\\\/ru.law\\\/nl\\\/author\\\/selge\\\/\"}]}<\/script>\n<!-- \/ Yoast SEO Premium plugin. -->","yoast_head_json":{"title":"Rogert &amp; Ulbrich punktet in zweiter Instanz gegen Audi - R&amp;U","description":"OLG M\u00fcnchen kassiert Urteil vom LG Ingolstadt. Audi AG wurde zur R\u00fccknahme des Fahrzeugs und R\u00fcckzahlung des Kaufpreises verurteilt.","robots":{"index":"index","follow":"follow","max-snippet":"max-snippet:-1","max-image-preview":"max-image-preview:large","max-video-preview":"max-video-preview:-1"},"canonical":"https:\/\/ru.law\/nl\/rogert-ulbrich-gewinnt-in-2-instanz\/","og_locale":"nl_NL","og_type":"article","og_title":"Rogert &amp; Ulbrich punktet in zweiter Instanz gegen Audi","og_description":"OLG M\u00fcnchen kassiert Urteil vom LG Ingolstadt. Audi AG wurde zur R\u00fccknahme des Fahrzeugs und R\u00fcckzahlung des Kaufpreises verurteilt.","og_url":"https:\/\/ru.law\/nl\/rogert-ulbrich-gewinnt-in-2-instanz\/","og_site_name":"R&amp;U","article_publisher":"https:\/\/www.facebook.com\/RogertUlbrich\/","article_published_time":"2021-10-04T07:08:34+00:00","article_modified_time":"2024-07-08T11:12:15+00:00","og_image":[{"width":1200,"height":675,"url":"https:\/\/ru.law\/wp-content\/uploads\/2021\/10\/Rogert-Ulbrich-Rechtsanwaelte-Kanzlei-Audi-Schadensersatz-SQ5.jpg","type":"image\/jpeg"}],"author":"Stefan Selge","twitter_card":"summary_large_image","twitter_creator":"@RogertUlbrich","twitter_site":"@RogertUlbrich","schema":{"@context":"https:\/\/schema.org","@graph":[{"@type":"Article","@id":"https:\/\/ru.law\/rogert-ulbrich-gewinnt-in-2-instanz\/#article","isPartOf":{"@id":"https:\/\/ru.law\/rogert-ulbrich-gewinnt-in-2-instanz\/"},"author":{"name":"Stefan Selge","@id":"https:\/\/ru.law\/#\/schema\/person\/10e5b85e615f8a9d0bb96174432e1e1a"},"headline":"Rogert &amp; Ulbrich punktet in zweiter Instanz gegen Audi","datePublished":"2021-10-04T07:08:34+00:00","dateModified":"2024-07-08T11:12:15+00:00","mainEntityOfPage":{"@id":"https:\/\/ru.law\/rogert-ulbrich-gewinnt-in-2-instanz\/"},"wordCount":340,"publisher":{"@id":"https:\/\/ru.law\/#organization"},"image":{"@id":"https:\/\/ru.law\/rogert-ulbrich-gewinnt-in-2-instanz\/#primaryimage"},"thumbnailUrl":"https:\/\/ru.law\/wp-content\/uploads\/2021\/10\/Rogert-Ulbrich-Rechtsanwaelte-Kanzlei-Audi-Schadensersatz-SQ5.jpg","keywords":["Audi","Schadensersatz"],"articleSection":["Abgasskandal","Urteile"],"inLanguage":"nl-NL"},{"@type":"WebPage","@id":"https:\/\/ru.law\/rogert-ulbrich-gewinnt-in-2-instanz\/","url":"https:\/\/ru.law\/rogert-ulbrich-gewinnt-in-2-instanz\/","name":"Rogert &amp; Ulbrich punktet in zweiter Instanz gegen Audi - R&amp;U","isPartOf":{"@id":"https:\/\/ru.law\/#website"},"primaryImageOfPage":{"@id":"https:\/\/ru.law\/rogert-ulbrich-gewinnt-in-2-instanz\/#primaryimage"},"image":{"@id":"https:\/\/ru.law\/rogert-ulbrich-gewinnt-in-2-instanz\/#primaryimage"},"thumbnailUrl":"https:\/\/ru.law\/wp-content\/uploads\/2021\/10\/Rogert-Ulbrich-Rechtsanwaelte-Kanzlei-Audi-Schadensersatz-SQ5.jpg","datePublished":"2021-10-04T07:08:34+00:00","dateModified":"2024-07-08T11:12:15+00:00","description":"OLG M\u00fcnchen kassiert Urteil vom LG Ingolstadt. Audi AG wurde zur R\u00fccknahme des Fahrzeugs und R\u00fcckzahlung des Kaufpreises verurteilt.","breadcrumb":{"@id":"https:\/\/ru.law\/rogert-ulbrich-gewinnt-in-2-instanz\/#breadcrumb"},"inLanguage":"nl-NL","potentialAction":[{"@type":"ReadAction","target":["https:\/\/ru.law\/rogert-ulbrich-gewinnt-in-2-instanz\/"]}]},{"@type":"ImageObject","inLanguage":"nl-NL","@id":"https:\/\/ru.law\/rogert-ulbrich-gewinnt-in-2-instanz\/#primaryimage","url":"https:\/\/ru.law\/wp-content\/uploads\/2021\/10\/Rogert-Ulbrich-Rechtsanwaelte-Kanzlei-Audi-Schadensersatz-SQ5.jpg","contentUrl":"https:\/\/ru.law\/wp-content\/uploads\/2021\/10\/Rogert-Ulbrich-Rechtsanwaelte-Kanzlei-Audi-Schadensersatz-SQ5.jpg","width":1200,"height":675,"caption":"Rogert-Ulbrich-Rechtsanwaelte-Kanzlei-Audi-Schadensersatz-SQ5."},{"@type":"BreadcrumbList","@id":"https:\/\/ru.law\/rogert-ulbrich-gewinnt-in-2-instanz\/#breadcrumb","itemListElement":[{"@type":"ListItem","position":1,"name":"Startseite","item":"https:\/\/ru.law\/"},{"@type":"ListItem","position":2,"name":"Rogert &amp; Ulbrich punktet in zweiter Instanz gegen Audi"}]},{"@type":"WebSite","@id":"https:\/\/ru.law\/#website","url":"https:\/\/ru.law\/","name":"R&amp;U","description":"Consumentenadvocaten","publisher":{"@id":"https:\/\/ru.law\/#organization"},"alternateName":"Rogert & Ulbrich","potentialAction":[{"@type":"SearchAction","target":{"@type":"EntryPoint","urlTemplate":"https:\/\/ru.law\/?s={search_term_string}"},"query-input":{"@type":"PropertyValueSpecification","valueRequired":true,"valueName":"search_term_string"}}],"inLanguage":"nl-NL"},{"@type":"Organization","@id":"https:\/\/ru.law\/#organization","name":"Advocatenkantoor Rogert &amp; Ulbrich","url":"https:\/\/ru.law\/","logo":{"@type":"ImageObject","inLanguage":"nl-NL","@id":"https:\/\/ru.law\/#\/schema\/logo\/image\/","url":"https:\/\/ru.law\/wp-content\/uploads\/2020\/12\/logo-ru-law.svg","contentUrl":"https:\/\/ru.law\/wp-content\/uploads\/2020\/12\/logo-ru-law.svg","width":992,"height":259,"caption":"Kanzlei Rogert & Ulbrich"},"image":{"@id":"https:\/\/ru.law\/#\/schema\/logo\/image\/"},"sameAs":["https:\/\/www.facebook.com\/RogertUlbrich\/","https:\/\/x.com\/RogertUlbrich","https:\/\/www.instagram.com\/rogertulbrich\/","https:\/\/www.linkedin.com\/company\/rogert-ulbrich\/","https:\/\/www.youtube.com\/channel\/UCganCgpvwpPFqMFf1vVmG2A"]},{"@type":"Person","@id":"https:\/\/ru.law\/#\/schema\/person\/10e5b85e615f8a9d0bb96174432e1e1a","name":"Stefan Selge","url":"https:\/\/ru.law\/nl\/author\/selge\/"}]}},"uagb_featured_image_src":{"full":["https:\/\/ru.law\/wp-content\/uploads\/2021\/10\/Rogert-Ulbrich-Rechtsanwaelte-Kanzlei-Audi-Schadensersatz-SQ5.jpg",1200,675,false],"thumbnail":["https:\/\/ru.law\/wp-content\/uploads\/2021\/10\/Rogert-Ulbrich-Rechtsanwaelte-Kanzlei-Audi-Schadensersatz-SQ5-150x150.jpg",96,96,true],"medium":["https:\/\/ru.law\/wp-content\/uploads\/2021\/10\/Rogert-Ulbrich-Rechtsanwaelte-Kanzlei-Audi-Schadensersatz-SQ5-300x169.jpg",300,169,true],"medium_large":["https:\/\/ru.law\/wp-content\/uploads\/2021\/10\/Rogert-Ulbrich-Rechtsanwaelte-Kanzlei-Audi-Schadensersatz-SQ5-768x432.jpg",768,432,true],"large":["https:\/\/ru.law\/wp-content\/uploads\/2021\/10\/Rogert-Ulbrich-Rechtsanwaelte-Kanzlei-Audi-Schadensersatz-SQ5-1024x576.jpg",1024,576,true],"1536x1536":["https:\/\/ru.law\/wp-content\/uploads\/2021\/10\/Rogert-Ulbrich-Rechtsanwaelte-Kanzlei-Audi-Schadensersatz-SQ5.jpg",1200,675,false],"2048x2048":["https:\/\/ru.law\/wp-content\/uploads\/2021\/10\/Rogert-Ulbrich-Rechtsanwaelte-Kanzlei-Audi-Schadensersatz-SQ5.jpg",1200,675,false],"trp-custom-language-flag":["https:\/\/ru.law\/wp-content\/uploads\/2021\/10\/Rogert-Ulbrich-Rechtsanwaelte-Kanzlei-Audi-Schadensersatz-SQ5.jpg",18,10,false]},"uagb_author_info":{"display_name":"Stefan Selge","author_link":"https:\/\/ru.law\/nl\/author\/selge\/"},"uagb_comment_info":0,"uagb_excerpt":"Ein von uns vertretener Fahrer eines Audi SQ5 plus kann sich freuen. Vor dem OLG M\u00fcnchen hielt die zun\u00e4chst abgewiesenen Klage stand und die Audi [&hellip;]","_links":{"self":[{"href":"https:\/\/ru.law\/nl\/wp-json\/wp\/v2\/posts\/21748","targetHints":{"allow":["GET"]}}],"collection":[{"href":"https:\/\/ru.law\/nl\/wp-json\/wp\/v2\/posts"}],"about":[{"href":"https:\/\/ru.law\/nl\/wp-json\/wp\/v2\/types\/post"}],"author":[{"embeddable":true,"href":"https:\/\/ru.law\/nl\/wp-json\/wp\/v2\/users\/2"}],"replies":[{"embeddable":true,"href":"https:\/\/ru.law\/nl\/wp-json\/wp\/v2\/comments?post=21748"}],"version-history":[{"count":0,"href":"https:\/\/ru.law\/nl\/wp-json\/wp\/v2\/posts\/21748\/revisions"}],"wp:featuredmedia":[{"embeddable":true,"href":"https:\/\/ru.law\/nl\/wp-json\/wp\/v2\/media\/21756"}],"wp:attachment":[{"href":"https:\/\/ru.law\/nl\/wp-json\/wp\/v2\/media?parent=21748"}],"wp:term":[{"taxonomy":"category","embeddable":true,"href":"https:\/\/ru.law\/nl\/wp-json\/wp\/v2\/categories?post=21748"},{"taxonomy":"post_tag","embeddable":true,"href":"https:\/\/ru.law\/nl\/wp-json\/wp\/v2\/tags?post=21748"}],"curies":[{"name":"wp","href":"https:\/\/api.w.org\/{rel}","templated":true}]}}