{"id":21453,"date":"2021-09-17T09:48:20","date_gmt":"2021-09-17T07:48:20","guid":{"rendered":"https:\/\/ru.law\/?p=21453"},"modified":"2024-07-08T13:12:16","modified_gmt":"2024-07-08T11:12:16","slug":"wer-traegt-die-verantwortung-fuer-den-dieselabgasskandal","status":"publish","type":"post","link":"https:\/\/ru.law\/nl\/wer-traegt-die-verantwortung-fuer-den-dieselabgasskandal\/","title":{"rendered":"VW-dieselfraudeproces van start \u2013 wie is verantwoordelijk?"},"content":{"rendered":"<p>De Arrondissementsrechtbank Braunschweig (zaaknummer: 6 KLs 23\/19) probeert nu te bepalen wie persoonlijk verantwoordelijk is voor de miljoenen gevallen van manipulatie van dieselvoertuigen. De <a href=\"https:\/\/ru.law\/nl\/expertise\/abgasskandal\/vw-diesel\/#erstberatung\">dieselemissieschandaal<\/a> werd 6 jaar geleden in de VS ontdekt en nu moet er duidelijkheid komen. Vier voormalige managers worden beschuldigd, waaronder <strong>Martin Winterkorn<\/strong>, die om gezondheidsredenen in eerste instantie los van de procedure wordt beschouwd. <\/p>\n\n\n\n<p>De managers worden onder meer beschuldigd van bendefraude. Bovendien zouden ze op de hoogte zijn geweest van de dieselmanipulatie en daarmee de autoriteiten en klanten hebben misleid. De frauduleuze software zorgde ervoor dat de dieselmotoren op de testbank voldeden aan de emissienormen, maar niet onder re\u00eble rijomstandigheden, dat wil zeggen op de weg. Deze software was actief in meer dan elf miljoen voertuigen. Het Federale Hof van Justitie oordeelde zelfs dat het bedrijf zijn klanten opzettelijk en op immorele wijze had benadeeld. Met het huidige proces komen de bedrogpraktijken van Volkswagen AG voor het eerst voor een Duitse strafrechter.&nbsp;&nbsp;<\/p>\n\n\n\n<h2 class=\"wp-block-heading\">concessies door Volkswagen AG&nbsp;<\/h2>\n\n\n\n<p>VW gaf al in september 2015 toe dat de emissiewaarden van dieselmotoren miljoenen keren waren gemanipuleerd. Volkswagen AG heeft hierdoor inmiddels een schadevergoeding van ruim 32 miljard euro moeten betalen. Wij bij <a href=\"https:\/\/ru.law\/nl\/\">Rogert en Ulbrich<\/a> zijn er vanaf het begin bij en vertegenwoordigen meer dan <a href=\"https:\/\/ru.law\/nl\/expertise\/abgasskandal\/#mandat\">25.000 getroffen consumenten <\/a>en hen helpen hun rechten te verkrijgen. Wij zijn ervan overtuigd dat Volkswagen nog veel meer concessies zal doen. <\/p>\n\n\n\n<h3 class=\"wp-block-heading\">Rogert &amp; Ulbrich adviseert:<\/h3>\n\n\n\n<p>Bent u ook eigenaar van een dieselvoertuig dat onder deze regeling valt of wilt u deze laten controleren? <a href=\"https:\/\/ru.law\/nl\/expertise\/abgasskandal\/#erstberatung\">Neem geheel vrijblijvend en kosteloos contact met ons op en wij adviseren u graag<\/a>. Wij bekijken uw zaak individueel en informeren u over uw mogelijkheden en kansen op succes. <\/p>\n\n\n\n<section class=\"wp-block-uagb-columns uagb-columns__wrap uagb-columns__background-undefined uagb-columns__stack-mobile uagb-columns__valign-undefined uagb-columns__gap-10 alignundefined uagb-block-6acca3c5 contrast blog_beitraege\"><div class=\"uagb-columns__overlay\"><\/div><div class=\"uagb-columns__inner-wrap uagb-columns__columns-1\">\n<div class=\"wp-block-uagb-column uagb-column__wrap uagb-column__background-undefined uagb-block-a0048fc9\"><div class=\"uagb-column__overlay\"><\/div><div class=\"uagb-column__inner-wrap\">\n<h3 class=\"wp-block-heading\" id=\"h-das-konnte-sie-auch-interessieren\">Misschien bent u ook ge\u00efnteresseerd in:<\/h3>\n\n\n\n\t\t\t<div class=\"wp-block-uagb-post-grid uagb-post-grid  uagb-post__image-position-top uagb-post__image-enabled uagb-block-da221aa0     uagb-post__items uagb-post__columns-3 is-grid uagb-post__columns-tablet-2 uagb-post__columns-mobile-1 uagb-post__equal-height\" data-total=\"2\" style=\"\">\n\n\t\t\t\t\t\t\t\t\t\t\t\t<article class=\"uagb-post__inner-wrap\">\t\t\t\t\t\t\t\t<div class='uagb-post__image'>\n\t\t\t\t\t\t\t\t\t<a href=\"https:\/\/ru.law\/nl\/wettbewerbsstrafen-gegen-bmw-und-volkswagen-in-millionen-hoehe\/\" target=\"_self\" rel=\"bookmark noopener noreferrer\" class='uagb-image-ratio-inherit'><img loading=\"lazy\" decoding=\"async\" width=\"1024\" height=\"576\" src=\"https:\/\/ru.law\/wp-content\/uploads\/2021\/07\/Rogert-Ulbrich-Rechtsanwalt-Kanzlei-BMW-Volkswagen-AdBlue72-1024x576.jpg\" class=\"attachment-large size-large\" alt=\"\" srcset=\"https:\/\/ru.law\/wp-content\/uploads\/2021\/07\/Rogert-Ulbrich-Rechtsanwalt-Kanzlei-BMW-Volkswagen-AdBlue72-1024x576.jpg 1024w, https:\/\/ru.law\/wp-content\/uploads\/2021\/07\/Rogert-Ulbrich-Rechtsanwalt-Kanzlei-BMW-Volkswagen-AdBlue72-300x169.jpg 300w, https:\/\/ru.law\/wp-content\/uploads\/2021\/07\/Rogert-Ulbrich-Rechtsanwalt-Kanzlei-BMW-Volkswagen-AdBlue72-768x432.jpg 768w, https:\/\/ru.law\/wp-content\/uploads\/2021\/07\/Rogert-Ulbrich-Rechtsanwalt-Kanzlei-BMW-Volkswagen-AdBlue72.jpg 1200w\" sizes=\"auto, (max-width: 1024px) 100vw, 1024px\" \/>\t\t\t\t\t<\/a>\n\t\t\t\t\t\t\t<\/div>\n\t\t\t\t\t\t<h4 class=\"uagb-post__title uagb-post__text\">\n\t\t\t\t<a href=\"https:\/\/ru.law\/nl\/wettbewerbsstrafen-gegen-bmw-und-volkswagen-in-millionen-hoehe\/\" target=\"_self\" rel=\"bookmark noopener noreferrer\">Concurrentieboetes voor BMW en Volkswagen lopen op tot miljoenen<\/a>\n\t\t\t<\/h4>\n\t\t\t\t\t\t<div class='uagb-post__text uagb-post-grid-byline'>\n\t\t\t\t\t\t\t<\/div>\n\t\t\t\t\t\t\t<div class='uagb-post__text uagb-post__excerpt'>\n\t\t\t\t\t<p>BMW en Volkswagen worden ervan beschuldigd illegale afspraken te hebben gemaakt met hun concurrenten. In detail\u2026\t\t\t\t<\/div>\n\t\t\t\n\t\t\t\t\t\t\t\t\t<\/article>\n\t\t\t\t\t\t\t\t\t\t\t\t\t\t\t\t<article class=\"uagb-post__inner-wrap\">\t\t\t\t\t\t\t\t<div class='uagb-post__image'>\n\t\t\t\t\t\t\t\t\t<a href=\"https:\/\/ru.law\/nl\/olg-naumburg-erachtet-abschalteinrichtung-bei-vw-t6-mit-ea288-motor-und-eu6-zulassung-als-unzulaessig\/\" target=\"_self\" rel=\"bookmark noopener noreferrer\" class='uagb-image-ratio-inherit'><img loading=\"lazy\" decoding=\"async\" width=\"1024\" height=\"576\" src=\"https:\/\/ru.law\/wp-content\/uploads\/2021\/08\/rogert-ulbrich-rechtsanwalt-kanzlei-abgasskandal-ea288-vw-t6-1024x576.jpg\" class=\"attachment-large size-large\" alt=\"Abschalteinrichtung\" srcset=\"https:\/\/ru.law\/wp-content\/uploads\/2021\/08\/rogert-ulbrich-rechtsanwalt-kanzlei-abgasskandal-ea288-vw-t6-1024x576.jpg 1024w, https:\/\/ru.law\/wp-content\/uploads\/2021\/08\/rogert-ulbrich-rechtsanwalt-kanzlei-abgasskandal-ea288-vw-t6-300x169.jpg 300w, https:\/\/ru.law\/wp-content\/uploads\/2021\/08\/rogert-ulbrich-rechtsanwalt-kanzlei-abgasskandal-ea288-vw-t6-768x432.jpg 768w, https:\/\/ru.law\/wp-content\/uploads\/2021\/08\/rogert-ulbrich-rechtsanwalt-kanzlei-abgasskandal-ea288-vw-t6.jpg 1200w\" sizes=\"auto, (max-width: 1024px) 100vw, 1024px\" \/>\t\t\t\t\t<\/a>\n\t\t\t\t\t\t\t<\/div>\n\t\t\t\t\t\t<h4 class=\"uagb-post__title uagb-post__text\">\n\t\t\t\t<a href=\"https:\/\/ru.law\/nl\/olg-naumburg-erachtet-abschalteinrichtung-bei-vw-t6-mit-ea288-motor-und-eu6-zulassung-als-unzulaessig\/\" target=\"_self\" rel=\"bookmark noopener noreferrer\">OLG Naumburg beschouwt manipulatie-instrument in VW T6 met EA288-motor en EU6-goedkeuring als ontoelaatbaar<\/a>\n\t\t\t<\/h4>\n\t\t\t\t\t\t<div class='uagb-post__text uagb-post-grid-byline'>\n\t\t\t\t\t\t\t<\/div>\n\t\t\t\t\t\t\t<div class='uagb-post__text uagb-post__excerpt'>\n\t\t\t\t\t<p>Het Oberlandesgericht Naumburg heeft in zijn uitspraak van 19 juli 2021, ref. nr.: 8 U 11\/21,\u2026\t\t\t\t<\/div>\n\t\t\t\n\t\t\t\t\t\t\t\t\t<\/article>\n\t\t\t\t\t\t\t\t\t\t\t\t\t\t\t\t<article class=\"uagb-post__inner-wrap\">\t\t\t\t\t\t\t\t<div class='uagb-post__image'>\n\t\t\t\t\t\t\t\t\t<a href=\"https:\/\/ru.law\/nl\/olg-koeln-bestaetigt-schadensersatzanspruch-beim-vw-t5\/\" target=\"_self\" rel=\"bookmark noopener noreferrer\" class='uagb-image-ratio-inherit'><img loading=\"lazy\" decoding=\"async\" width=\"1024\" height=\"576\" src=\"https:\/\/ru.law\/wp-content\/uploads\/2021\/07\/Rogert-Ulbrich-Rechtsanwalts-kanzlei-VW-Wohnmobil-Abgasskandal-T5-1024x576.jpg\" class=\"attachment-large size-large\" alt=\"\" srcset=\"https:\/\/ru.law\/wp-content\/uploads\/2021\/07\/Rogert-Ulbrich-Rechtsanwalts-kanzlei-VW-Wohnmobil-Abgasskandal-T5-1024x576.jpg 1024w, https:\/\/ru.law\/wp-content\/uploads\/2021\/07\/Rogert-Ulbrich-Rechtsanwalts-kanzlei-VW-Wohnmobil-Abgasskandal-T5-300x169.jpg 300w, https:\/\/ru.law\/wp-content\/uploads\/2021\/07\/Rogert-Ulbrich-Rechtsanwalts-kanzlei-VW-Wohnmobil-Abgasskandal-T5-768x432.jpg 768w, https:\/\/ru.law\/wp-content\/uploads\/2021\/07\/Rogert-Ulbrich-Rechtsanwalts-kanzlei-VW-Wohnmobil-Abgasskandal-T5.jpg 1200w\" sizes=\"auto, (max-width: 1024px) 100vw, 1024px\" \/>\t\t\t\t\t<\/a>\n\t\t\t\t\t\t\t<\/div>\n\t\t\t\t\t\t<h4 class=\"uagb-post__title uagb-post__text\">\n\t\t\t\t<a href=\"https:\/\/ru.law\/nl\/olg-koeln-bestaetigt-schadensersatzanspruch-beim-vw-t5\/\" target=\"_self\" rel=\"bookmark noopener noreferrer\">Hof van Cassatie Keulen bevestigt eis tot schadevergoeding in VW T5<\/a>\n\t\t\t<\/h4>\n\t\t\t\t\t\t<div class='uagb-post__text uagb-post-grid-byline'>\n\t\t\t\t\t\t\t<\/div>\n\t\t\t\t\t\t\t<div class='uagb-post__text uagb-post__excerpt'>\n\t\t\t\t\t<p>Het Oberlandesgericht Keulen kent aan onze cli\u00ebnt (zaaknummer I-25 U 91\/20) een schadevergoeding toe van\u2026\t\t\t\t<\/div>\n\t\t\t\n\t\t\t\t\t\t\t\t\t<\/article>\n\t\t\t\t\t\t\t\t\t\t\t<\/div>\n\t\t\t<\/div><\/div>\n<\/div><\/section>","protected":false},"excerpt":{"rendered":"<p>Vor dem Landgericht Braunschweig (Az: 6 KLs 23\/19) wird jetzt gekl\u00e4rt, wer die&nbsp;pers\u00f6nliche&nbsp;Verantwortung f\u00fcr die millionenfache Manipulation von Dieselfahrzeugen tr\u00e4gt. Der Dieselabgasskandal flog vor 6 [&hellip;]<\/p>\n","protected":false},"author":21,"featured_media":21481,"comment_status":"closed","ping_status":"open","sticky":false,"template":"","format":"standard","meta":{"_uag_custom_page_level_css":"","site-sidebar-layout":"default","site-content-layout":"default","ast-site-content-layout":"default","site-content-style":"default","site-sidebar-style":"default","ast-global-header-display":"","ast-banner-title-visibility":"","ast-main-header-display":"","ast-hfb-above-header-display":"","ast-hfb-below-header-display":"","ast-hfb-mobile-header-display":"","site-post-title":"","ast-breadcrumbs-content":"","ast-featured-img":"","footer-sml-layout":"","ast-disable-related-posts":"","theme-transparent-header-meta":"default","adv-header-id-meta":"","stick-header-meta":"","header-above-stick-meta":"","header-main-stick-meta":"","header-below-stick-meta":"","astra-migrate-meta-layouts":"default","ast-page-background-enabled":"default","ast-page-background-meta":{"desktop":{"background-color":"","background-image":"","background-repeat":"repeat","background-position":"center center","background-size":"auto","background-attachment":"scroll","background-type":"","background-media":"","overlay-type":"","overlay-color":"","overlay-opacity":"","overlay-gradient":""},"tablet":{"background-color":"","background-image":"","background-repeat":"repeat","background-position":"center center","background-size":"auto","background-attachment":"scroll","background-type":"","background-media":"","overlay-type":"","overlay-color":"","overlay-opacity":"","overlay-gradient":""},"mobile":{"background-color":"","background-image":"","background-repeat":"repeat","background-position":"center center","background-size":"auto","background-attachment":"scroll","background-type":"","background-media":"","overlay-type":"","overlay-color":"","overlay-opacity":"","overlay-gradient":""}},"ast-content-background-meta":{"desktop":{"background-color":"var(--ast-global-color-5)","background-image":"","background-repeat":"repeat","background-position":"center center","background-size":"auto","background-attachment":"scroll","background-type":"","background-media":"","overlay-type":"","overlay-color":"","overlay-opacity":"","overlay-gradient":""},"tablet":{"background-color":"var(--ast-global-color-5)","background-image":"","background-repeat":"repeat","background-position":"center center","background-size":"auto","background-attachment":"scroll","background-type":"","background-media":"","overlay-type":"","overlay-color":"","overlay-opacity":"","overlay-gradient":""},"mobile":{"background-color":"var(--ast-global-color-5)","background-image":"","background-repeat":"repeat","background-position":"center center","background-size":"auto","background-attachment":"scroll","background-type":"","background-media":"","overlay-type":"","overlay-color":"","overlay-opacity":"","overlay-gradient":""}},"footnotes":""},"categories":[2],"tags":[985,40,900],"class_list":["post-21453","post","type-post","status-publish","format-standard","has-post-thumbnail","hentry","category-abgasskandal","tag-prozess","tag-software-update","tag-volkswagen"],"yoast_head":"<!-- This site is optimized with the Yoast SEO Premium plugin v27.4 (Yoast SEO v27.4) - https:\/\/yoast.com\/product\/yoast-seo-premium-wordpress\/ -->\n<title>VW-Diesel-Betrugsprozess startet - Wer tr\u00e4gt die Verantwortung? - R&amp;U<\/title>\n<meta name=\"description\" content=\"Jetzt wird gekl\u00e4rt wer die\u00a0pers\u00f6nliche\u00a0Verantwortung f\u00fcr die millionenfache Manipulation von Dieselabgasen tr\u00e4gt.\" \/>\n<meta name=\"robots\" content=\"index, follow, max-snippet:-1, max-image-preview:large, max-video-preview:-1\" \/>\n<link rel=\"canonical\" href=\"https:\/\/ru.law\/nl\/wer-traegt-die-verantwortung-fuer-den-dieselabgasskandal\/\" \/>\n<meta property=\"og:locale\" content=\"nl_NL\" \/>\n<meta property=\"og:type\" content=\"article\" \/>\n<meta property=\"og:title\" content=\"VW-Diesel-Betrugsprozess startet - Wer tr\u00e4gt die Verantwortung?\" \/>\n<meta property=\"og:description\" content=\"Jetzt wird gekl\u00e4rt wer die\u00a0pers\u00f6nliche\u00a0Verantwortung f\u00fcr die millionenfache Manipulation von Dieselabgasen tr\u00e4gt.\" \/>\n<meta property=\"og:url\" content=\"https:\/\/ru.law\/nl\/wer-traegt-die-verantwortung-fuer-den-dieselabgasskandal\/\" \/>\n<meta property=\"og:site_name\" content=\"R&amp;U\" \/>\n<meta property=\"article:publisher\" content=\"https:\/\/www.facebook.com\/RogertUlbrich\/\" \/>\n<meta property=\"article:published_time\" content=\"2021-09-17T07:48:20+00:00\" \/>\n<meta property=\"article:modified_time\" content=\"2024-07-08T11:12:16+00:00\" \/>\n<meta property=\"og:image\" content=\"https:\/\/ru.law\/wp-content\/uploads\/2021\/09\/Rogert-Ulbrich-Rechtsanwalt-Kanzlei-VW-Volkswagen-Betrugsprozess-Abgasskandal.jpg\" \/>\n\t<meta property=\"og:image:width\" content=\"1200\" \/>\n\t<meta property=\"og:image:height\" content=\"675\" \/>\n\t<meta property=\"og:image:type\" content=\"image\/jpeg\" \/>\n<meta name=\"author\" content=\"Marco Rogert\" \/>\n<meta name=\"twitter:card\" content=\"summary_large_image\" \/>\n<meta name=\"twitter:creator\" content=\"@RogertUlbrich\" \/>\n<meta name=\"twitter:site\" content=\"@RogertUlbrich\" \/>\n<script type=\"application\/ld+json\" class=\"yoast-schema-graph\">{\"@context\":\"https:\\\/\\\/schema.org\",\"@graph\":[{\"@type\":\"Article\",\"@id\":\"https:\\\/\\\/ru.law\\\/wer-traegt-die-verantwortung-fuer-den-dieselabgasskandal\\\/#article\",\"isPartOf\":{\"@id\":\"https:\\\/\\\/ru.law\\\/wer-traegt-die-verantwortung-fuer-den-dieselabgasskandal\\\/\"},\"author\":{\"name\":\"Marco Rogert\",\"@id\":\"https:\\\/\\\/ru.law\\\/#\\\/schema\\\/person\\\/b020d506e6bbc471b4565d3a98173b87\"},\"headline\":\"VW-Diesel-Betrugsprozess startet &#8211; Wer tr\u00e4gt die Verantwortung?\",\"datePublished\":\"2021-09-17T07:48:20+00:00\",\"dateModified\":\"2024-07-08T11:12:16+00:00\",\"mainEntityOfPage\":{\"@id\":\"https:\\\/\\\/ru.law\\\/wer-traegt-die-verantwortung-fuer-den-dieselabgasskandal\\\/\"},\"wordCount\":303,\"publisher\":{\"@id\":\"https:\\\/\\\/ru.law\\\/#organization\"},\"image\":{\"@id\":\"https:\\\/\\\/ru.law\\\/wer-traegt-die-verantwortung-fuer-den-dieselabgasskandal\\\/#primaryimage\"},\"thumbnailUrl\":\"https:\\\/\\\/ru.law\\\/wp-content\\\/uploads\\\/2021\\\/09\\\/Rogert-Ulbrich-Rechtsanwalt-Kanzlei-VW-Volkswagen-Betrugsprozess-Abgasskandal.jpg\",\"keywords\":[\"Prozess\",\"Software-Update\",\"Volkswagen\"],\"articleSection\":[\"Abgasskandal\"],\"inLanguage\":\"nl-NL\"},{\"@type\":\"WebPage\",\"@id\":\"https:\\\/\\\/ru.law\\\/wer-traegt-die-verantwortung-fuer-den-dieselabgasskandal\\\/\",\"url\":\"https:\\\/\\\/ru.law\\\/wer-traegt-die-verantwortung-fuer-den-dieselabgasskandal\\\/\",\"name\":\"VW-Diesel-Betrugsprozess startet - Wer tr\u00e4gt die Verantwortung? - R&amp;U\",\"isPartOf\":{\"@id\":\"https:\\\/\\\/ru.law\\\/#website\"},\"primaryImageOfPage\":{\"@id\":\"https:\\\/\\\/ru.law\\\/wer-traegt-die-verantwortung-fuer-den-dieselabgasskandal\\\/#primaryimage\"},\"image\":{\"@id\":\"https:\\\/\\\/ru.law\\\/wer-traegt-die-verantwortung-fuer-den-dieselabgasskandal\\\/#primaryimage\"},\"thumbnailUrl\":\"https:\\\/\\\/ru.law\\\/wp-content\\\/uploads\\\/2021\\\/09\\\/Rogert-Ulbrich-Rechtsanwalt-Kanzlei-VW-Volkswagen-Betrugsprozess-Abgasskandal.jpg\",\"datePublished\":\"2021-09-17T07:48:20+00:00\",\"dateModified\":\"2024-07-08T11:12:16+00:00\",\"description\":\"Jetzt wird gekl\u00e4rt wer die\u00a0pers\u00f6nliche\u00a0Verantwortung f\u00fcr die millionenfache Manipulation von Dieselabgasen tr\u00e4gt.\",\"breadcrumb\":{\"@id\":\"https:\\\/\\\/ru.law\\\/wer-traegt-die-verantwortung-fuer-den-dieselabgasskandal\\\/#breadcrumb\"},\"inLanguage\":\"nl-NL\",\"potentialAction\":[{\"@type\":\"ReadAction\",\"target\":[\"https:\\\/\\\/ru.law\\\/wer-traegt-die-verantwortung-fuer-den-dieselabgasskandal\\\/\"]}]},{\"@type\":\"ImageObject\",\"inLanguage\":\"nl-NL\",\"@id\":\"https:\\\/\\\/ru.law\\\/wer-traegt-die-verantwortung-fuer-den-dieselabgasskandal\\\/#primaryimage\",\"url\":\"https:\\\/\\\/ru.law\\\/wp-content\\\/uploads\\\/2021\\\/09\\\/Rogert-Ulbrich-Rechtsanwalt-Kanzlei-VW-Volkswagen-Betrugsprozess-Abgasskandal.jpg\",\"contentUrl\":\"https:\\\/\\\/ru.law\\\/wp-content\\\/uploads\\\/2021\\\/09\\\/Rogert-Ulbrich-Rechtsanwalt-Kanzlei-VW-Volkswagen-Betrugsprozess-Abgasskandal.jpg\",\"width\":1200,\"height\":675,\"caption\":\"Rogert-Ulbrich-Rechtsanwalt-Kanzlei-VW-Volkswagen-Betrugsprozess-Abgasskandal\"},{\"@type\":\"BreadcrumbList\",\"@id\":\"https:\\\/\\\/ru.law\\\/wer-traegt-die-verantwortung-fuer-den-dieselabgasskandal\\\/#breadcrumb\",\"itemListElement\":[{\"@type\":\"ListItem\",\"position\":1,\"name\":\"Startseite\",\"item\":\"https:\\\/\\\/ru.law\\\/\"},{\"@type\":\"ListItem\",\"position\":2,\"name\":\"VW-Diesel-Betrugsprozess startet &#8211; Wer tr\u00e4gt die Verantwortung?\"}]},{\"@type\":\"WebSite\",\"@id\":\"https:\\\/\\\/ru.law\\\/#website\",\"url\":\"https:\\\/\\\/ru.law\\\/\",\"name\":\"R&U\",\"description\":\"Verbraucheranw\u00e4lte\",\"publisher\":{\"@id\":\"https:\\\/\\\/ru.law\\\/#organization\"},\"alternateName\":\"Rogert & Ulbrich\",\"potentialAction\":[{\"@type\":\"SearchAction\",\"target\":{\"@type\":\"EntryPoint\",\"urlTemplate\":\"https:\\\/\\\/ru.law\\\/?s={search_term_string}\"},\"query-input\":{\"@type\":\"PropertyValueSpecification\",\"valueRequired\":true,\"valueName\":\"search_term_string\"}}],\"inLanguage\":\"nl-NL\"},{\"@type\":\"Organization\",\"@id\":\"https:\\\/\\\/ru.law\\\/#organization\",\"name\":\"Kanzlei Rogert & Ulbrich\",\"url\":\"https:\\\/\\\/ru.law\\\/\",\"logo\":{\"@type\":\"ImageObject\",\"inLanguage\":\"nl-NL\",\"@id\":\"https:\\\/\\\/ru.law\\\/#\\\/schema\\\/logo\\\/image\\\/\",\"url\":\"https:\\\/\\\/ru.law\\\/wp-content\\\/uploads\\\/2020\\\/12\\\/logo-ru-law.svg\",\"contentUrl\":\"https:\\\/\\\/ru.law\\\/wp-content\\\/uploads\\\/2020\\\/12\\\/logo-ru-law.svg\",\"width\":992,\"height\":259,\"caption\":\"Kanzlei Rogert & Ulbrich\"},\"image\":{\"@id\":\"https:\\\/\\\/ru.law\\\/#\\\/schema\\\/logo\\\/image\\\/\"},\"sameAs\":[\"https:\\\/\\\/www.facebook.com\\\/RogertUlbrich\\\/\",\"https:\\\/\\\/x.com\\\/RogertUlbrich\",\"https:\\\/\\\/www.instagram.com\\\/rogertulbrich\\\/\",\"https:\\\/\\\/www.linkedin.com\\\/company\\\/rogert-ulbrich\\\/\",\"https:\\\/\\\/www.youtube.com\\\/channel\\\/UCganCgpvwpPFqMFf1vVmG2A\"]},{\"@type\":\"Person\",\"@id\":\"https:\\\/\\\/ru.law\\\/#\\\/schema\\\/person\\\/b020d506e6bbc471b4565d3a98173b87\",\"name\":\"Marco Rogert\",\"url\":\"https:\\\/\\\/ru.law\\\/nl\\\/author\\\/rogertru-law\\\/\"}]}<\/script>\n<!-- \/ Yoast SEO Premium plugin. -->","yoast_head_json":{"title":"Rechtszaak over dieselemissieschandaal VW van start \u2013 Wie is verantwoordelijk? \u2013 R&amp;U","description":"Nu wordt duidelijk wie persoonlijk verantwoordelijk is voor de grootschalige manipulatie van dieseluitlaatgassen.","robots":{"index":"index","follow":"follow","max-snippet":"max-snippet:-1","max-image-preview":"max-image-preview:large","max-video-preview":"max-video-preview:-1"},"canonical":"https:\/\/ru.law\/nl\/wer-traegt-die-verantwortung-fuer-den-dieselabgasskandal\/","og_locale":"nl_NL","og_type":"article","og_title":"VW-Diesel-Betrugsprozess startet - Wer tr\u00e4gt die Verantwortung?","og_description":"Jetzt wird gekl\u00e4rt wer die\u00a0pers\u00f6nliche\u00a0Verantwortung f\u00fcr die millionenfache Manipulation von Dieselabgasen tr\u00e4gt.","og_url":"https:\/\/ru.law\/nl\/wer-traegt-die-verantwortung-fuer-den-dieselabgasskandal\/","og_site_name":"R&amp;U","article_publisher":"https:\/\/www.facebook.com\/RogertUlbrich\/","article_published_time":"2021-09-17T07:48:20+00:00","article_modified_time":"2024-07-08T11:12:16+00:00","og_image":[{"width":1200,"height":675,"url":"https:\/\/ru.law\/wp-content\/uploads\/2021\/09\/Rogert-Ulbrich-Rechtsanwalt-Kanzlei-VW-Volkswagen-Betrugsprozess-Abgasskandal.jpg","type":"image\/jpeg"}],"author":"Marco Rogert","twitter_card":"summary_large_image","twitter_creator":"@RogertUlbrich","twitter_site":"@RogertUlbrich","schema":{"@context":"https:\/\/schema.org","@graph":[{"@type":"Article","@id":"https:\/\/ru.law\/wer-traegt-die-verantwortung-fuer-den-dieselabgasskandal\/#article","isPartOf":{"@id":"https:\/\/ru.law\/wer-traegt-die-verantwortung-fuer-den-dieselabgasskandal\/"},"author":{"name":"Marco Rogert","@id":"https:\/\/ru.law\/#\/schema\/person\/b020d506e6bbc471b4565d3a98173b87"},"headline":"VW-Diesel-Betrugsprozess startet &#8211; Wer tr\u00e4gt die Verantwortung?","datePublished":"2021-09-17T07:48:20+00:00","dateModified":"2024-07-08T11:12:16+00:00","mainEntityOfPage":{"@id":"https:\/\/ru.law\/wer-traegt-die-verantwortung-fuer-den-dieselabgasskandal\/"},"wordCount":303,"publisher":{"@id":"https:\/\/ru.law\/#organization"},"image":{"@id":"https:\/\/ru.law\/wer-traegt-die-verantwortung-fuer-den-dieselabgasskandal\/#primaryimage"},"thumbnailUrl":"https:\/\/ru.law\/wp-content\/uploads\/2021\/09\/Rogert-Ulbrich-Rechtsanwalt-Kanzlei-VW-Volkswagen-Betrugsprozess-Abgasskandal.jpg","keywords":["Prozess","Software-Update","Volkswagen"],"articleSection":["Abgasskandal"],"inLanguage":"nl-NL"},{"@type":"WebPage","@id":"https:\/\/ru.law\/wer-traegt-die-verantwortung-fuer-den-dieselabgasskandal\/","url":"https:\/\/ru.law\/wer-traegt-die-verantwortung-fuer-den-dieselabgasskandal\/","name":"Rechtszaak over dieselemissieschandaal VW van start \u2013 Wie is verantwoordelijk? \u2013 R&amp;U","isPartOf":{"@id":"https:\/\/ru.law\/#website"},"primaryImageOfPage":{"@id":"https:\/\/ru.law\/wer-traegt-die-verantwortung-fuer-den-dieselabgasskandal\/#primaryimage"},"image":{"@id":"https:\/\/ru.law\/wer-traegt-die-verantwortung-fuer-den-dieselabgasskandal\/#primaryimage"},"thumbnailUrl":"https:\/\/ru.law\/wp-content\/uploads\/2021\/09\/Rogert-Ulbrich-Rechtsanwalt-Kanzlei-VW-Volkswagen-Betrugsprozess-Abgasskandal.jpg","datePublished":"2021-09-17T07:48:20+00:00","dateModified":"2024-07-08T11:12:16+00:00","description":"Nu wordt duidelijk wie persoonlijk verantwoordelijk is voor de grootschalige manipulatie van dieseluitlaatgassen.","breadcrumb":{"@id":"https:\/\/ru.law\/wer-traegt-die-verantwortung-fuer-den-dieselabgasskandal\/#breadcrumb"},"inLanguage":"nl-NL","potentialAction":[{"@type":"ReadAction","target":["https:\/\/ru.law\/wer-traegt-die-verantwortung-fuer-den-dieselabgasskandal\/"]}]},{"@type":"ImageObject","inLanguage":"nl-NL","@id":"https:\/\/ru.law\/wer-traegt-die-verantwortung-fuer-den-dieselabgasskandal\/#primaryimage","url":"https:\/\/ru.law\/wp-content\/uploads\/2021\/09\/Rogert-Ulbrich-Rechtsanwalt-Kanzlei-VW-Volkswagen-Betrugsprozess-Abgasskandal.jpg","contentUrl":"https:\/\/ru.law\/wp-content\/uploads\/2021\/09\/Rogert-Ulbrich-Rechtsanwalt-Kanzlei-VW-Volkswagen-Betrugsprozess-Abgasskandal.jpg","width":1200,"height":675,"caption":"Rogert-Ulbrich-Rechtsanwalt-Kanzlei-VW-Volkswagen-Betrugsprozess-Abgasskandal"},{"@type":"BreadcrumbList","@id":"https:\/\/ru.law\/wer-traegt-die-verantwortung-fuer-den-dieselabgasskandal\/#breadcrumb","itemListElement":[{"@type":"ListItem","position":1,"name":"Startseite","item":"https:\/\/ru.law\/"},{"@type":"ListItem","position":2,"name":"VW-Diesel-Betrugsprozess startet &#8211; Wer tr\u00e4gt die Verantwortung?"}]},{"@type":"WebSite","@id":"https:\/\/ru.law\/#website","url":"https:\/\/ru.law\/","name":"R&amp;U","description":"Consumentenadvocaten","publisher":{"@id":"https:\/\/ru.law\/#organization"},"alternateName":"Rogert & Ulbrich","potentialAction":[{"@type":"SearchAction","target":{"@type":"EntryPoint","urlTemplate":"https:\/\/ru.law\/?s={search_term_string}"},"query-input":{"@type":"PropertyValueSpecification","valueRequired":true,"valueName":"search_term_string"}}],"inLanguage":"nl-NL"},{"@type":"Organization","@id":"https:\/\/ru.law\/#organization","name":"Advocatenkantoor Rogert &amp; Ulbrich","url":"https:\/\/ru.law\/","logo":{"@type":"ImageObject","inLanguage":"nl-NL","@id":"https:\/\/ru.law\/#\/schema\/logo\/image\/","url":"https:\/\/ru.law\/wp-content\/uploads\/2020\/12\/logo-ru-law.svg","contentUrl":"https:\/\/ru.law\/wp-content\/uploads\/2020\/12\/logo-ru-law.svg","width":992,"height":259,"caption":"Kanzlei Rogert & Ulbrich"},"image":{"@id":"https:\/\/ru.law\/#\/schema\/logo\/image\/"},"sameAs":["https:\/\/www.facebook.com\/RogertUlbrich\/","https:\/\/x.com\/RogertUlbrich","https:\/\/www.instagram.com\/rogertulbrich\/","https:\/\/www.linkedin.com\/company\/rogert-ulbrich\/","https:\/\/www.youtube.com\/channel\/UCganCgpvwpPFqMFf1vVmG2A"]},{"@type":"Person","@id":"https:\/\/ru.law\/#\/schema\/person\/b020d506e6bbc471b4565d3a98173b87","name":"Marco Rogert","url":"https:\/\/ru.law\/nl\/author\/rogertru-law\/"}]}},"uagb_featured_image_src":{"full":["https:\/\/ru.law\/wp-content\/uploads\/2021\/09\/Rogert-Ulbrich-Rechtsanwalt-Kanzlei-VW-Volkswagen-Betrugsprozess-Abgasskandal.jpg",1200,675,false],"thumbnail":["https:\/\/ru.law\/wp-content\/uploads\/2021\/09\/Rogert-Ulbrich-Rechtsanwalt-Kanzlei-VW-Volkswagen-Betrugsprozess-Abgasskandal-150x150.jpg",96,96,true],"medium":["https:\/\/ru.law\/wp-content\/uploads\/2021\/09\/Rogert-Ulbrich-Rechtsanwalt-Kanzlei-VW-Volkswagen-Betrugsprozess-Abgasskandal-300x169.jpg",300,169,true],"medium_large":["https:\/\/ru.law\/wp-content\/uploads\/2021\/09\/Rogert-Ulbrich-Rechtsanwalt-Kanzlei-VW-Volkswagen-Betrugsprozess-Abgasskandal-768x432.jpg",768,432,true],"large":["https:\/\/ru.law\/wp-content\/uploads\/2021\/09\/Rogert-Ulbrich-Rechtsanwalt-Kanzlei-VW-Volkswagen-Betrugsprozess-Abgasskandal-1024x576.jpg",1024,576,true],"1536x1536":["https:\/\/ru.law\/wp-content\/uploads\/2021\/09\/Rogert-Ulbrich-Rechtsanwalt-Kanzlei-VW-Volkswagen-Betrugsprozess-Abgasskandal.jpg",1200,675,false],"2048x2048":["https:\/\/ru.law\/wp-content\/uploads\/2021\/09\/Rogert-Ulbrich-Rechtsanwalt-Kanzlei-VW-Volkswagen-Betrugsprozess-Abgasskandal.jpg",1200,675,false],"trp-custom-language-flag":["https:\/\/ru.law\/wp-content\/uploads\/2021\/09\/Rogert-Ulbrich-Rechtsanwalt-Kanzlei-VW-Volkswagen-Betrugsprozess-Abgasskandal.jpg",18,10,false]},"uagb_author_info":{"display_name":"Marco Rogert","author_link":"https:\/\/ru.law\/nl\/author\/rogertru-law\/"},"uagb_comment_info":0,"uagb_excerpt":"Vor dem Landgericht Braunschweig (Az: 6 KLs 23\/19) wird jetzt gekl\u00e4rt, wer die&nbsp;pers\u00f6nliche&nbsp;Verantwortung f\u00fcr die millionenfache Manipulation von Dieselfahrzeugen tr\u00e4gt. Der Dieselabgasskandal flog vor 6 [&hellip;]","_links":{"self":[{"href":"https:\/\/ru.law\/nl\/wp-json\/wp\/v2\/posts\/21453","targetHints":{"allow":["GET"]}}],"collection":[{"href":"https:\/\/ru.law\/nl\/wp-json\/wp\/v2\/posts"}],"about":[{"href":"https:\/\/ru.law\/nl\/wp-json\/wp\/v2\/types\/post"}],"author":[{"embeddable":true,"href":"https:\/\/ru.law\/nl\/wp-json\/wp\/v2\/users\/21"}],"replies":[{"embeddable":true,"href":"https:\/\/ru.law\/nl\/wp-json\/wp\/v2\/comments?post=21453"}],"version-history":[{"count":0,"href":"https:\/\/ru.law\/nl\/wp-json\/wp\/v2\/posts\/21453\/revisions"}],"wp:featuredmedia":[{"embeddable":true,"href":"https:\/\/ru.law\/nl\/wp-json\/wp\/v2\/media\/21481"}],"wp:attachment":[{"href":"https:\/\/ru.law\/nl\/wp-json\/wp\/v2\/media?parent=21453"}],"wp:term":[{"taxonomy":"category","embeddable":true,"href":"https:\/\/ru.law\/nl\/wp-json\/wp\/v2\/categories?post=21453"},{"taxonomy":"post_tag","embeddable":true,"href":"https:\/\/ru.law\/nl\/wp-json\/wp\/v2\/tags?post=21453"}],"curies":[{"name":"wp","href":"https:\/\/api.w.org\/{rel}","templated":true}]}}