{"id":20555,"date":"2021-08-25T16:00:37","date_gmt":"2021-08-25T14:00:37","guid":{"rendered":"https:\/\/ru.law\/?p=20555"},"modified":"2024-07-08T13:12:20","modified_gmt":"2024-07-08T11:12:20","slug":"thueringer-olg-erachtet-weitreichendere-pruefung-von-moeglichen-abschalteinrichtungen-bei-daimler-ag-als-erforderlich","status":"publish","type":"post","link":"https:\/\/ru.law\/nl\/thueringer-olg-erachtet-weitreichendere-pruefung-von-moeglichen-abschalteinrichtungen-bei-daimler-ag-als-erforderlich\/","title":{"rendered":"Het Th\u00fcringer Oberlandesgericht acht uitgebreider onderzoek naar mogelijke manipulatie-instrumenten bij Daimler AG noodzakelijk"},"content":{"rendered":"<p>Het Hof van Beroep van Th\u00fcringen (OLG) heeft tijdens de hoofdzitting van 29 juni 2021 verklaard dat vanwege vermeende verdere technische voorzieningen een nadere presentatie of, indien nodig, het afnemen van bewijs noodzakelijk lijkt. De regionale rechtbank van M\u00fchlhausen is in haar uitspraak waarbij de vordering werd afgewezen, onvoldoende op dit aspect ingegaan.&nbsp;<\/p>\n\n\n\n<p>De zaak betreft een&nbsp;<a href=\"https:\/\/ru.law\/nl\/expertise\/abgasskandal\/mercedes-benz-diesel\/\">Mercedes-Benz GLK 220 CDI&nbsp;<\/a>met het door Daimler AG ontwikkelde systeem<a href=\"https:\/\/ru.law\/nl\/expertise\/abgasskandal\/mercedes-benz-diesel\/#motor\">&nbsp;motor OM 651<\/a> met Euro 5-norm.&nbsp;<\/p>\n\n\n\n<h2 class=\"wp-block-heading\">Ge\u00efnstalleerde uitschakelapparaten moeten nauwkeuriger worden gecontroleerd <\/h2>\n\n\n\n<p>De Mercedes-Benz is uitgerust met de zogenaamde&nbsp;<a href=\"https:\/\/www.youtube.com\/watch?v=GFE5WsgAcjc\" target=\"_blank\" rel=\"noreferrer noopener\">&quot;thermo venster&quot;<\/a>&nbsp;waardoor de uitlaatgasrecirculatie bij lagere temperaturen wordt verminderd. Er zijn echter ook andere afsluitmechanismen ge\u00efnstalleerd die het emissiegedrag be\u00efnvloeden. Naast het thermische venster zijn er nog andere afsluitmechanismen, zoals een&nbsp;<a href=\"https:\/\/ru.law\/nl\/expertise\/abgasskandal\/mercedes-benz-diesel\/#arten\">&quot;koelvloeistof streeftemperatuurregeling&quot;<\/a>, een softwarefunctie die de motorbesturing be\u00efnvloedt en software die de transmissie be\u00efnvloedt. Bij regeling van de koelvloeistoftemperatuur activeert een softwarefunctie een speciale temperatuurregeling die het koelvloeistofcircuit kunstmatig kouder houdt en het opwarmen van de motorolie vertraagt. De&nbsp;<a href=\"https:\/\/ru.law\/nl\/expertise\/abgasskandal\/mercedes-benz-diesel\/\">Motorbesturingsfunctie bit 15<\/a>&nbsp;regelt de behandeling van uitlaatgassen. Dankzij al deze softwarefuncties blijven de stikstofoxidewaarden op de testbank onder de wettelijk voorgeschreven grenswaarden. In re\u00eble rijomstandigheden is deze functie echter uitgeschakeld en wordt de wettelijke grenswaarde van 180 mg\/km aanzienlijk overschreden.&nbsp;<\/p>\n\n\n\n<p>Hoewel de Hogere Regionale Rechtbank van Th\u00fcringen het gebruik van het thermische raam op zichzelf niet als opzettelijk immorele schade beschouwt, moet er ook voldoende rekening worden gehouden met andere technische voorzieningen. Er moet dus worden onderzocht of er andere technische voorzieningen zijn ge\u00efnstalleerd die aanleiding geven tot een schadeclaim. Hiervoor kan een nadere presentatie nodig zijn of, indien nodig, het verzamelen van bewijs.&nbsp;<\/p>\n\n\n\n<p>Ook&nbsp;<a href=\"https:\/\/ru.law\/nl\/der-bundesgerichtshof-entscheidet-erstmals-gegen-die-daimler-ag\/\">Het Bundesgerichtshof (BGH) heeft in zijn arrest van 13 juli 2021 (VI ZR 128\/20)<\/a>&nbsp;besloten dat een thermisch venster alleen niet voldoende was, maar dat er verdere tests moesten worden uitgevoerd. Voor het eerst heeft het Bundesgerichtshof de rechtszaak niet afgewezen, maar besloten dat het Oberlandesgericht de zaak opnieuw moest behandelen.&nbsp;<\/p>\n\n\n\n<h3 class=\"wp-block-heading\" id=\"h-rogert-ulbrich-empfiehlt-anspruche-prufen-zu-lassen\">Rogert &amp; Ulbrich adviseert om claims te laten controleren  <\/h3>\n\n\n\n<p>Omdat er steeds meer onderzoeken tegen Daimler AG worden uitgevoerd, adviseert Rogert &amp; Ulbrich <a href=\"https:\/\/ru.law\/nl\/expertise\/abgasskandal\/mercedes-benz-diesel\/\">om uw claims te laten controleren<\/a>. Het gestaag groeiende aantal <a href=\"https:\/\/ru.law\/nl\/expertise\/abgasskandal\/mercedes-benz-diesel\/#Urteile\">positieve oordelen<\/a> Tegen Daimler AG worden de kansen op succes voor de gedupeerde Mercedes-coureurs steeds groter. Laten we samen het pad bewandelen en uw rechten afdwingen.   <\/p>\n\n\n\n<section class=\"wp-block-uagb-columns uagb-columns__wrap uagb-columns__background-undefined uagb-columns__stack-mobile uagb-columns__valign-undefined uagb-columns__gap-10 alignundefined uagb-block-0a74fc6f contrast blog_beitraege\"><div class=\"uagb-columns__overlay\"><\/div><div class=\"uagb-columns__inner-wrap uagb-columns__columns-1\">\n<div class=\"wp-block-uagb-column uagb-column__wrap uagb-column__background-undefined uagb-block-11145615\"><div class=\"uagb-column__overlay\"><\/div><div class=\"uagb-column__inner-wrap\">\n<h3 class=\"wp-block-heading\" id=\"h-das-konnte-sie-auch-interessieren\">Misschien bent u ook ge\u00efnteresseerd in:<\/h3>\n\n\n\n\t\t\t<div class=\"wp-block-uagb-post-grid uagb-post-grid  uagb-post__image-position-top uagb-post__image-enabled uagb-block-5b8269eb     uagb-post__items uagb-post__columns-3 is-grid uagb-post__columns-tablet-2 uagb-post__columns-mobile-1 uagb-post__equal-height\" data-total=\"9\" style=\"\">\n\n\t\t\t\t\t\t\t\t\t\t\t\t<article class=\"uagb-post__inner-wrap\">\t\t\t\t\t\t\t\t<div class='uagb-post__image'>\n\t\t\t\t\t\t\t\t\t<a href=\"https:\/\/ru.law\/nl\/musterfeststellungsklage-gegen-die-daimler-ag\/\" target=\"_self\" rel=\"bookmark noopener noreferrer\" class='uagb-image-ratio-inherit'><img loading=\"lazy\" decoding=\"async\" width=\"1024\" height=\"576\" src=\"https:\/\/ru.law\/wp-content\/uploads\/2021\/07\/Rogert-Ulbrich-Rechtsanwalts-Kanzlei-Mercedes-Benz-Musterfestellungsklage72-1024x576.jpg\" class=\"attachment-large size-large\" alt=\"\" srcset=\"https:\/\/ru.law\/wp-content\/uploads\/2021\/07\/Rogert-Ulbrich-Rechtsanwalts-Kanzlei-Mercedes-Benz-Musterfestellungsklage72-1024x576.jpg 1024w, https:\/\/ru.law\/wp-content\/uploads\/2021\/07\/Rogert-Ulbrich-Rechtsanwalts-Kanzlei-Mercedes-Benz-Musterfestellungsklage72-300x169.jpg 300w, https:\/\/ru.law\/wp-content\/uploads\/2021\/07\/Rogert-Ulbrich-Rechtsanwalts-Kanzlei-Mercedes-Benz-Musterfestellungsklage72-768x432.jpg 768w, https:\/\/ru.law\/wp-content\/uploads\/2021\/07\/Rogert-Ulbrich-Rechtsanwalts-Kanzlei-Mercedes-Benz-Musterfestellungsklage72.jpg 1200w\" sizes=\"auto, (max-width: 1024px) 100vw, 1024px\" \/>\t\t\t\t\t<\/a>\n\t\t\t\t\t\t\t<\/div>\n\t\t\t\t\t\t<h4 class=\"uagb-post__title uagb-post__text\">\n\t\t\t\t<a href=\"https:\/\/ru.law\/nl\/musterfeststellungsklage-gegen-die-daimler-ag\/\" target=\"_self\" rel=\"bookmark noopener noreferrer\">vzbv dient opnieuw een model declaratoir verzoek in \u2013 Volkswagen wordt gevolgd door Daimler AG<\/a>\n\t\t\t<\/h4>\n\t\t\t\t\t\t<div class='uagb-post__text uagb-post-grid-byline'>\n\t\t\t\t\t\t\t<\/div>\n\t\t\t\t\t\t\t<div class='uagb-post__text uagb-post__excerpt'>\n\t\t\t\t\t<p>Slecht nieuws voor de autofabrikanten uit Stuttgart. De Federale Vereniging van Consumentenorganisaties (vzbv) wordt\u2026\t\t\t\t<\/div>\n\t\t\t\n\t\t\t\t\t\t\t\t\t<\/article>\n\t\t\t\t\t\t\t\t\t\t\t\t\t\t\t\t<article class=\"uagb-post__inner-wrap\">\t\t\t\t\t\t\t\t<div class='uagb-post__image'>\n\t\t\t\t\t\t\t\t\t<a href=\"https:\/\/ru.law\/nl\/verjaehrung-bei-mercedes-benz-zum-ende-des-jahres-2021\/\" target=\"_self\" rel=\"bookmark noopener noreferrer\" class='uagb-image-ratio-inherit'><img loading=\"lazy\" decoding=\"async\" width=\"1024\" height=\"576\" src=\"https:\/\/ru.law\/wp-content\/uploads\/2021\/10\/Rogert-Ulbrich-Rechtsanwaelte-Kanzlei-Mercedes-Vito-GLC-Marco-Polo-Euro6-1024x576.jpg\" class=\"attachment-large size-large\" alt=\"Rogert-Ulbrich-Rechtsanwaelte-Kanzlei-Mercedes-Vito-GLC-Marco-Polo-Euro6.jp\" srcset=\"https:\/\/ru.law\/wp-content\/uploads\/2021\/10\/Rogert-Ulbrich-Rechtsanwaelte-Kanzlei-Mercedes-Vito-GLC-Marco-Polo-Euro6-1024x576.jpg 1024w, https:\/\/ru.law\/wp-content\/uploads\/2021\/10\/Rogert-Ulbrich-Rechtsanwaelte-Kanzlei-Mercedes-Vito-GLC-Marco-Polo-Euro6-300x169.jpg 300w, https:\/\/ru.law\/wp-content\/uploads\/2021\/10\/Rogert-Ulbrich-Rechtsanwaelte-Kanzlei-Mercedes-Vito-GLC-Marco-Polo-Euro6-768x432.jpg 768w, https:\/\/ru.law\/wp-content\/uploads\/2021\/10\/Rogert-Ulbrich-Rechtsanwaelte-Kanzlei-Mercedes-Vito-GLC-Marco-Polo-Euro6.jpg 1200w\" sizes=\"auto, (max-width: 1024px) 100vw, 1024px\" \/>\t\t\t\t\t<\/a>\n\t\t\t\t\t\t\t<\/div>\n\t\t\t\t\t\t<h4 class=\"uagb-post__title uagb-post__text\">\n\t\t\t\t<a href=\"https:\/\/ru.law\/nl\/verjaehrung-bei-mercedes-benz-zum-ende-des-jahres-2021\/\" target=\"_self\" rel=\"bookmark noopener noreferrer\">Verjaringstermijn bij Mercedes-Benz eind 2021<\/a>\n\t\t\t<\/h4>\n\t\t\t\t\t\t<div class='uagb-post__text uagb-post-grid-byline'>\n\t\t\t\t\t\t\t<\/div>\n\t\t\t\t\t\t\t<div class='uagb-post__text uagb-post__excerpt'>\n\t\t\t\t\t<p>Rijdt u een Mercedes-Benz GLC, V-Klasse, Vito of Marco Polo? Dan moet u er rekening mee houden dat\u2026\t\t\t\t<\/div>\n\t\t\t\n\t\t\t\t\t\t\t\t\t<\/article>\n\t\t\t\t\t\t\t\t\t\t\t\t\t\t\t\t<article class=\"uagb-post__inner-wrap\">\t\t\t\t\t\t\t\t<div class='uagb-post__image'>\n\t\t\t\t\t\t\t\t\t<a href=\"https:\/\/ru.law\/nl\/urteil-gegen-daimler-ag-vorsaetzlich-sittenwidrige-schaedigung\/\" target=\"_self\" rel=\"bookmark noopener noreferrer\" class='uagb-image-ratio-inherit'><img loading=\"lazy\" decoding=\"async\" width=\"1024\" height=\"576\" src=\"https:\/\/ru.law\/wp-content\/uploads\/2022\/02\/Rogert-Ulbrich-Rechtsanwaelte-Kanzlei-Abgasskandal-Urteile-Daimler-Mercedes-Benz-1024x576.png\" class=\"attachment-large size-large\" alt=\"\" srcset=\"https:\/\/ru.law\/wp-content\/uploads\/2022\/02\/Rogert-Ulbrich-Rechtsanwaelte-Kanzlei-Abgasskandal-Urteile-Daimler-Mercedes-Benz-1024x576.png 1024w, https:\/\/ru.law\/wp-content\/uploads\/2022\/02\/Rogert-Ulbrich-Rechtsanwaelte-Kanzlei-Abgasskandal-Urteile-Daimler-Mercedes-Benz-300x169.png 300w, https:\/\/ru.law\/wp-content\/uploads\/2022\/02\/Rogert-Ulbrich-Rechtsanwaelte-Kanzlei-Abgasskandal-Urteile-Daimler-Mercedes-Benz-768x432.png 768w, https:\/\/ru.law\/wp-content\/uploads\/2022\/02\/Rogert-Ulbrich-Rechtsanwaelte-Kanzlei-Abgasskandal-Urteile-Daimler-Mercedes-Benz.png 1200w\" sizes=\"auto, (max-width: 1024px) 100vw, 1024px\" \/>\t\t\t\t\t<\/a>\n\t\t\t\t\t\t\t<\/div>\n\t\t\t\t\t\t<h4 class=\"uagb-post__title uagb-post__text\">\n\t\t\t\t<a href=\"https:\/\/ru.law\/nl\/urteil-gegen-daimler-ag-vorsaetzlich-sittenwidrige-schaedigung\/\" target=\"_self\" rel=\"bookmark noopener noreferrer\">Vonnis tegen Daimler AG \u2013 opzettelijke immorele schade<\/a>\n\t\t\t<\/h4>\n\t\t\t\t\t\t<div class='uagb-post__text uagb-post-grid-byline'>\n\t\t\t\t\t\t\t<\/div>\n\t\t\t\t\t\t\t<div class='uagb-post__text uagb-post__excerpt'>\n\t\t\t\t\t<p>In zijn vonnis van 28 januari 2022 veroordeelde de regionale rechtbank van Stuttgart (LG) Daimler AG tot\u2026\t\t\t\t<\/div>\n\t\t\t\n\t\t\t\t\t\t\t\t\t<\/article>\n\t\t\t\t\t\t\t\t\t\t\t<\/div>\n\t\t\t<\/div><\/div>\n<\/div><\/section>\n\n\n\n<p><\/p>\n\n\n\n<p><\/p>","protected":false},"excerpt":{"rendered":"<p>Das Th\u00fcringer Oberlandesgericht (OLG) lie\u00df&nbsp;in dem Haupttermin vom 29.06.2021 verlauten, dass wegen weiterer behaupteter technischer Vorrichtungen ein weiterer Vortrag oder ggf. auch eine Beweisaufnahme erforderlich [&hellip;]<\/p>\n","protected":false},"author":21,"featured_media":20560,"comment_status":"closed","ping_status":"open","sticky":false,"template":"","format":"standard","meta":{"_uag_custom_page_level_css":"","site-sidebar-layout":"default","site-content-layout":"default","ast-site-content-layout":"default","site-content-style":"default","site-sidebar-style":"default","ast-global-header-display":"","ast-banner-title-visibility":"","ast-main-header-display":"","ast-hfb-above-header-display":"","ast-hfb-below-header-display":"","ast-hfb-mobile-header-display":"","site-post-title":"","ast-breadcrumbs-content":"","ast-featured-img":"","footer-sml-layout":"","ast-disable-related-posts":"","theme-transparent-header-meta":"default","adv-header-id-meta":"","stick-header-meta":"","header-above-stick-meta":"","header-main-stick-meta":"","header-below-stick-meta":"","astra-migrate-meta-layouts":"default","ast-page-background-enabled":"default","ast-page-background-meta":{"desktop":{"background-color":"","background-image":"","background-repeat":"repeat","background-position":"center center","background-size":"auto","background-attachment":"scroll","background-type":"","background-media":"","overlay-type":"","overlay-color":"","overlay-opacity":"","overlay-gradient":""},"tablet":{"background-color":"","background-image":"","background-repeat":"repeat","background-position":"center center","background-size":"auto","background-attachment":"scroll","background-type":"","background-media":"","overlay-type":"","overlay-color":"","overlay-opacity":"","overlay-gradient":""},"mobile":{"background-color":"","background-image":"","background-repeat":"repeat","background-position":"center center","background-size":"auto","background-attachment":"scroll","background-type":"","background-media":"","overlay-type":"","overlay-color":"","overlay-opacity":"","overlay-gradient":""}},"ast-content-background-meta":{"desktop":{"background-color":"var(--ast-global-color-5)","background-image":"","background-repeat":"repeat","background-position":"center center","background-size":"auto","background-attachment":"scroll","background-type":"","background-media":"","overlay-type":"","overlay-color":"","overlay-opacity":"","overlay-gradient":""},"tablet":{"background-color":"var(--ast-global-color-5)","background-image":"","background-repeat":"repeat","background-position":"center center","background-size":"auto","background-attachment":"scroll","background-type":"","background-media":"","overlay-type":"","overlay-color":"","overlay-opacity":"","overlay-gradient":""},"mobile":{"background-color":"var(--ast-global-color-5)","background-image":"","background-repeat":"repeat","background-position":"center center","background-size":"auto","background-attachment":"scroll","background-type":"","background-media":"","overlay-type":"","overlay-color":"","overlay-opacity":"","overlay-gradient":""}},"footnotes":""},"categories":[2],"tags":[18,23,876,30],"class_list":["post-20555","post","type-post","status-publish","format-standard","has-post-thumbnail","hentry","category-abgasskandal","tag-daimler","tag-euro-5","tag-mercedes-benz","tag-om651"],"yoast_head":"<!-- This site is optimized with the Yoast SEO Premium plugin v27.4 (Yoast SEO v27.4) - https:\/\/yoast.com\/product\/yoast-seo-premium-wordpress\/ -->\n<title>Th\u00fcringer OLG erachtet weitreichendere Pr\u00fcfung von m\u00f6glichen Abschalteinrichtungen bei Daimler AG als erforderlich - R&amp;U<\/title>\n<meta name=\"description\" content=\"Das Th\u00fcringer OLG lie\u00df\u00a0verlauten, dass wegen weiterer behaupteter technischer Vorrichtungen ein weiterer Vortrag erforderlich erscheint.\" \/>\n<meta name=\"robots\" content=\"index, follow, max-snippet:-1, max-image-preview:large, max-video-preview:-1\" \/>\n<link rel=\"canonical\" href=\"https:\/\/ru.law\/nl\/thueringer-olg-erachtet-weitreichendere-pruefung-von-moeglichen-abschalteinrichtungen-bei-daimler-ag-als-erforderlich\/\" \/>\n<meta property=\"og:locale\" content=\"nl_NL\" \/>\n<meta property=\"og:type\" content=\"article\" \/>\n<meta property=\"og:title\" content=\"Th\u00fcringer OLG erachtet weitreichendere Pr\u00fcfung von m\u00f6glichen Abschalteinrichtungen bei Daimler AG als erforderlich\" \/>\n<meta property=\"og:description\" content=\"Das Th\u00fcringer OLG lie\u00df\u00a0verlauten, dass wegen weiterer behaupteter technischer Vorrichtungen ein weiterer Vortrag erforderlich erscheint.\" \/>\n<meta property=\"og:url\" content=\"https:\/\/ru.law\/nl\/thueringer-olg-erachtet-weitreichendere-pruefung-von-moeglichen-abschalteinrichtungen-bei-daimler-ag-als-erforderlich\/\" \/>\n<meta property=\"og:site_name\" content=\"R&amp;U\" \/>\n<meta property=\"article:publisher\" content=\"https:\/\/www.facebook.com\/RogertUlbrich\/\" \/>\n<meta property=\"article:published_time\" content=\"2021-08-25T14:00:37+00:00\" \/>\n<meta property=\"article:modified_time\" content=\"2024-07-08T11:12:20+00:00\" \/>\n<meta property=\"og:image\" content=\"https:\/\/ru.law\/wp-content\/uploads\/2021\/08\/Rogert-Ulbrich-Rechtsanwaelte-Kanzlei-Abgasskandal-Diesel-Daimler-Euro-5.jpg\" \/>\n\t<meta property=\"og:image:width\" content=\"1200\" \/>\n\t<meta property=\"og:image:height\" content=\"675\" \/>\n\t<meta property=\"og:image:type\" content=\"image\/jpeg\" \/>\n<meta name=\"author\" content=\"Marco Rogert\" \/>\n<meta name=\"twitter:card\" content=\"summary_large_image\" \/>\n<meta name=\"twitter:creator\" content=\"@RogertUlbrich\" \/>\n<meta name=\"twitter:site\" content=\"@RogertUlbrich\" \/>\n<script type=\"application\/ld+json\" class=\"yoast-schema-graph\">{\"@context\":\"https:\\\/\\\/schema.org\",\"@graph\":[{\"@type\":\"Article\",\"@id\":\"https:\\\/\\\/ru.law\\\/thueringer-olg-erachtet-weitreichendere-pruefung-von-moeglichen-abschalteinrichtungen-bei-daimler-ag-als-erforderlich\\\/#article\",\"isPartOf\":{\"@id\":\"https:\\\/\\\/ru.law\\\/thueringer-olg-erachtet-weitreichendere-pruefung-von-moeglichen-abschalteinrichtungen-bei-daimler-ag-als-erforderlich\\\/\"},\"author\":{\"name\":\"Marco Rogert\",\"@id\":\"https:\\\/\\\/ru.law\\\/#\\\/schema\\\/person\\\/b020d506e6bbc471b4565d3a98173b87\"},\"headline\":\"Th\u00fcringer OLG erachtet weitreichendere Pr\u00fcfung von m\u00f6glichen Abschalteinrichtungen bei Daimler AG als erforderlich\",\"datePublished\":\"2021-08-25T14:00:37+00:00\",\"dateModified\":\"2024-07-08T11:12:20+00:00\",\"mainEntityOfPage\":{\"@id\":\"https:\\\/\\\/ru.law\\\/thueringer-olg-erachtet-weitreichendere-pruefung-von-moeglichen-abschalteinrichtungen-bei-daimler-ag-als-erforderlich\\\/\"},\"wordCount\":417,\"publisher\":{\"@id\":\"https:\\\/\\\/ru.law\\\/#organization\"},\"image\":{\"@id\":\"https:\\\/\\\/ru.law\\\/thueringer-olg-erachtet-weitreichendere-pruefung-von-moeglichen-abschalteinrichtungen-bei-daimler-ag-als-erforderlich\\\/#primaryimage\"},\"thumbnailUrl\":\"https:\\\/\\\/ru.law\\\/wp-content\\\/uploads\\\/2021\\\/08\\\/Rogert-Ulbrich-Rechtsanwaelte-Kanzlei-Abgasskandal-Diesel-Daimler-Euro-5.jpg\",\"keywords\":[\"Daimler\",\"Euro-5\",\"Mercedes-Benz\",\"OM651\"],\"articleSection\":[\"Abgasskandal\"],\"inLanguage\":\"nl-NL\"},{\"@type\":\"WebPage\",\"@id\":\"https:\\\/\\\/ru.law\\\/thueringer-olg-erachtet-weitreichendere-pruefung-von-moeglichen-abschalteinrichtungen-bei-daimler-ag-als-erforderlich\\\/\",\"url\":\"https:\\\/\\\/ru.law\\\/thueringer-olg-erachtet-weitreichendere-pruefung-von-moeglichen-abschalteinrichtungen-bei-daimler-ag-als-erforderlich\\\/\",\"name\":\"Th\u00fcringer OLG erachtet weitreichendere Pr\u00fcfung von m\u00f6glichen Abschalteinrichtungen bei Daimler AG als erforderlich - R&amp;U\",\"isPartOf\":{\"@id\":\"https:\\\/\\\/ru.law\\\/#website\"},\"primaryImageOfPage\":{\"@id\":\"https:\\\/\\\/ru.law\\\/thueringer-olg-erachtet-weitreichendere-pruefung-von-moeglichen-abschalteinrichtungen-bei-daimler-ag-als-erforderlich\\\/#primaryimage\"},\"image\":{\"@id\":\"https:\\\/\\\/ru.law\\\/thueringer-olg-erachtet-weitreichendere-pruefung-von-moeglichen-abschalteinrichtungen-bei-daimler-ag-als-erforderlich\\\/#primaryimage\"},\"thumbnailUrl\":\"https:\\\/\\\/ru.law\\\/wp-content\\\/uploads\\\/2021\\\/08\\\/Rogert-Ulbrich-Rechtsanwaelte-Kanzlei-Abgasskandal-Diesel-Daimler-Euro-5.jpg\",\"datePublished\":\"2021-08-25T14:00:37+00:00\",\"dateModified\":\"2024-07-08T11:12:20+00:00\",\"description\":\"Das Th\u00fcringer OLG lie\u00df\u00a0verlauten, dass wegen weiterer behaupteter technischer Vorrichtungen ein weiterer Vortrag erforderlich erscheint.\",\"breadcrumb\":{\"@id\":\"https:\\\/\\\/ru.law\\\/thueringer-olg-erachtet-weitreichendere-pruefung-von-moeglichen-abschalteinrichtungen-bei-daimler-ag-als-erforderlich\\\/#breadcrumb\"},\"inLanguage\":\"nl-NL\",\"potentialAction\":[{\"@type\":\"ReadAction\",\"target\":[\"https:\\\/\\\/ru.law\\\/thueringer-olg-erachtet-weitreichendere-pruefung-von-moeglichen-abschalteinrichtungen-bei-daimler-ag-als-erforderlich\\\/\"]}]},{\"@type\":\"ImageObject\",\"inLanguage\":\"nl-NL\",\"@id\":\"https:\\\/\\\/ru.law\\\/thueringer-olg-erachtet-weitreichendere-pruefung-von-moeglichen-abschalteinrichtungen-bei-daimler-ag-als-erforderlich\\\/#primaryimage\",\"url\":\"https:\\\/\\\/ru.law\\\/wp-content\\\/uploads\\\/2021\\\/08\\\/Rogert-Ulbrich-Rechtsanwaelte-Kanzlei-Abgasskandal-Diesel-Daimler-Euro-5.jpg\",\"contentUrl\":\"https:\\\/\\\/ru.law\\\/wp-content\\\/uploads\\\/2021\\\/08\\\/Rogert-Ulbrich-Rechtsanwaelte-Kanzlei-Abgasskandal-Diesel-Daimler-Euro-5.jpg\",\"width\":1200,\"height\":675},{\"@type\":\"BreadcrumbList\",\"@id\":\"https:\\\/\\\/ru.law\\\/thueringer-olg-erachtet-weitreichendere-pruefung-von-moeglichen-abschalteinrichtungen-bei-daimler-ag-als-erforderlich\\\/#breadcrumb\",\"itemListElement\":[{\"@type\":\"ListItem\",\"position\":1,\"name\":\"Startseite\",\"item\":\"https:\\\/\\\/ru.law\\\/\"},{\"@type\":\"ListItem\",\"position\":2,\"name\":\"Th\u00fcringer OLG erachtet weitreichendere Pr\u00fcfung von m\u00f6glichen Abschalteinrichtungen bei Daimler AG als erforderlich\"}]},{\"@type\":\"WebSite\",\"@id\":\"https:\\\/\\\/ru.law\\\/#website\",\"url\":\"https:\\\/\\\/ru.law\\\/\",\"name\":\"R&U\",\"description\":\"Verbraucheranw\u00e4lte\",\"publisher\":{\"@id\":\"https:\\\/\\\/ru.law\\\/#organization\"},\"alternateName\":\"Rogert & Ulbrich\",\"potentialAction\":[{\"@type\":\"SearchAction\",\"target\":{\"@type\":\"EntryPoint\",\"urlTemplate\":\"https:\\\/\\\/ru.law\\\/?s={search_term_string}\"},\"query-input\":{\"@type\":\"PropertyValueSpecification\",\"valueRequired\":true,\"valueName\":\"search_term_string\"}}],\"inLanguage\":\"nl-NL\"},{\"@type\":\"Organization\",\"@id\":\"https:\\\/\\\/ru.law\\\/#organization\",\"name\":\"Kanzlei Rogert & Ulbrich\",\"url\":\"https:\\\/\\\/ru.law\\\/\",\"logo\":{\"@type\":\"ImageObject\",\"inLanguage\":\"nl-NL\",\"@id\":\"https:\\\/\\\/ru.law\\\/#\\\/schema\\\/logo\\\/image\\\/\",\"url\":\"https:\\\/\\\/ru.law\\\/wp-content\\\/uploads\\\/2020\\\/12\\\/logo-ru-law.svg\",\"contentUrl\":\"https:\\\/\\\/ru.law\\\/wp-content\\\/uploads\\\/2020\\\/12\\\/logo-ru-law.svg\",\"width\":992,\"height\":259,\"caption\":\"Kanzlei Rogert & Ulbrich\"},\"image\":{\"@id\":\"https:\\\/\\\/ru.law\\\/#\\\/schema\\\/logo\\\/image\\\/\"},\"sameAs\":[\"https:\\\/\\\/www.facebook.com\\\/RogertUlbrich\\\/\",\"https:\\\/\\\/x.com\\\/RogertUlbrich\",\"https:\\\/\\\/www.instagram.com\\\/rogertulbrich\\\/\",\"https:\\\/\\\/www.linkedin.com\\\/company\\\/rogert-ulbrich\\\/\",\"https:\\\/\\\/www.youtube.com\\\/channel\\\/UCganCgpvwpPFqMFf1vVmG2A\"]},{\"@type\":\"Person\",\"@id\":\"https:\\\/\\\/ru.law\\\/#\\\/schema\\\/person\\\/b020d506e6bbc471b4565d3a98173b87\",\"name\":\"Marco Rogert\",\"url\":\"https:\\\/\\\/ru.law\\\/nl\\\/author\\\/rogertru-law\\\/\"}]}<\/script>\n<!-- \/ Yoast SEO Premium plugin. -->","yoast_head_json":{"title":"Th\u00fcringer Hof acht uitgebreider onderzoek naar mogelijke manipulatie-instrumenten bij Daimler AG noodzakelijk - R&amp;U","description":"Het hof van beroep in Th\u00fcringen oordeelde dat een nadere overlegging noodzakelijk lijkt vanwege vermeende aanvullende technische voorzieningen.","robots":{"index":"index","follow":"follow","max-snippet":"max-snippet:-1","max-image-preview":"max-image-preview:large","max-video-preview":"max-video-preview:-1"},"canonical":"https:\/\/ru.law\/nl\/thueringer-olg-erachtet-weitreichendere-pruefung-von-moeglichen-abschalteinrichtungen-bei-daimler-ag-als-erforderlich\/","og_locale":"nl_NL","og_type":"article","og_title":"Th\u00fcringer OLG erachtet weitreichendere Pr\u00fcfung von m\u00f6glichen Abschalteinrichtungen bei Daimler AG als erforderlich","og_description":"Das Th\u00fcringer OLG lie\u00df\u00a0verlauten, dass wegen weiterer behaupteter technischer Vorrichtungen ein weiterer Vortrag erforderlich erscheint.","og_url":"https:\/\/ru.law\/nl\/thueringer-olg-erachtet-weitreichendere-pruefung-von-moeglichen-abschalteinrichtungen-bei-daimler-ag-als-erforderlich\/","og_site_name":"R&amp;U","article_publisher":"https:\/\/www.facebook.com\/RogertUlbrich\/","article_published_time":"2021-08-25T14:00:37+00:00","article_modified_time":"2024-07-08T11:12:20+00:00","og_image":[{"width":1200,"height":675,"url":"https:\/\/ru.law\/wp-content\/uploads\/2021\/08\/Rogert-Ulbrich-Rechtsanwaelte-Kanzlei-Abgasskandal-Diesel-Daimler-Euro-5.jpg","type":"image\/jpeg"}],"author":"Marco Rogert","twitter_card":"summary_large_image","twitter_creator":"@RogertUlbrich","twitter_site":"@RogertUlbrich","schema":{"@context":"https:\/\/schema.org","@graph":[{"@type":"Article","@id":"https:\/\/ru.law\/thueringer-olg-erachtet-weitreichendere-pruefung-von-moeglichen-abschalteinrichtungen-bei-daimler-ag-als-erforderlich\/#article","isPartOf":{"@id":"https:\/\/ru.law\/thueringer-olg-erachtet-weitreichendere-pruefung-von-moeglichen-abschalteinrichtungen-bei-daimler-ag-als-erforderlich\/"},"author":{"name":"Marco Rogert","@id":"https:\/\/ru.law\/#\/schema\/person\/b020d506e6bbc471b4565d3a98173b87"},"headline":"Th\u00fcringer OLG erachtet weitreichendere Pr\u00fcfung von m\u00f6glichen Abschalteinrichtungen bei Daimler AG als erforderlich","datePublished":"2021-08-25T14:00:37+00:00","dateModified":"2024-07-08T11:12:20+00:00","mainEntityOfPage":{"@id":"https:\/\/ru.law\/thueringer-olg-erachtet-weitreichendere-pruefung-von-moeglichen-abschalteinrichtungen-bei-daimler-ag-als-erforderlich\/"},"wordCount":417,"publisher":{"@id":"https:\/\/ru.law\/#organization"},"image":{"@id":"https:\/\/ru.law\/thueringer-olg-erachtet-weitreichendere-pruefung-von-moeglichen-abschalteinrichtungen-bei-daimler-ag-als-erforderlich\/#primaryimage"},"thumbnailUrl":"https:\/\/ru.law\/wp-content\/uploads\/2021\/08\/Rogert-Ulbrich-Rechtsanwaelte-Kanzlei-Abgasskandal-Diesel-Daimler-Euro-5.jpg","keywords":["Daimler","Euro-5","Mercedes-Benz","OM651"],"articleSection":["Abgasskandal"],"inLanguage":"nl-NL"},{"@type":"WebPage","@id":"https:\/\/ru.law\/thueringer-olg-erachtet-weitreichendere-pruefung-von-moeglichen-abschalteinrichtungen-bei-daimler-ag-als-erforderlich\/","url":"https:\/\/ru.law\/thueringer-olg-erachtet-weitreichendere-pruefung-von-moeglichen-abschalteinrichtungen-bei-daimler-ag-als-erforderlich\/","name":"Th\u00fcringer Hof acht uitgebreider onderzoek naar mogelijke manipulatie-instrumenten bij Daimler AG noodzakelijk - R&amp;U","isPartOf":{"@id":"https:\/\/ru.law\/#website"},"primaryImageOfPage":{"@id":"https:\/\/ru.law\/thueringer-olg-erachtet-weitreichendere-pruefung-von-moeglichen-abschalteinrichtungen-bei-daimler-ag-als-erforderlich\/#primaryimage"},"image":{"@id":"https:\/\/ru.law\/thueringer-olg-erachtet-weitreichendere-pruefung-von-moeglichen-abschalteinrichtungen-bei-daimler-ag-als-erforderlich\/#primaryimage"},"thumbnailUrl":"https:\/\/ru.law\/wp-content\/uploads\/2021\/08\/Rogert-Ulbrich-Rechtsanwaelte-Kanzlei-Abgasskandal-Diesel-Daimler-Euro-5.jpg","datePublished":"2021-08-25T14:00:37+00:00","dateModified":"2024-07-08T11:12:20+00:00","description":"Het hof van beroep in Th\u00fcringen oordeelde dat een nadere overlegging noodzakelijk lijkt vanwege vermeende aanvullende technische voorzieningen.","breadcrumb":{"@id":"https:\/\/ru.law\/thueringer-olg-erachtet-weitreichendere-pruefung-von-moeglichen-abschalteinrichtungen-bei-daimler-ag-als-erforderlich\/#breadcrumb"},"inLanguage":"nl-NL","potentialAction":[{"@type":"ReadAction","target":["https:\/\/ru.law\/thueringer-olg-erachtet-weitreichendere-pruefung-von-moeglichen-abschalteinrichtungen-bei-daimler-ag-als-erforderlich\/"]}]},{"@type":"ImageObject","inLanguage":"nl-NL","@id":"https:\/\/ru.law\/thueringer-olg-erachtet-weitreichendere-pruefung-von-moeglichen-abschalteinrichtungen-bei-daimler-ag-als-erforderlich\/#primaryimage","url":"https:\/\/ru.law\/wp-content\/uploads\/2021\/08\/Rogert-Ulbrich-Rechtsanwaelte-Kanzlei-Abgasskandal-Diesel-Daimler-Euro-5.jpg","contentUrl":"https:\/\/ru.law\/wp-content\/uploads\/2021\/08\/Rogert-Ulbrich-Rechtsanwaelte-Kanzlei-Abgasskandal-Diesel-Daimler-Euro-5.jpg","width":1200,"height":675},{"@type":"BreadcrumbList","@id":"https:\/\/ru.law\/thueringer-olg-erachtet-weitreichendere-pruefung-von-moeglichen-abschalteinrichtungen-bei-daimler-ag-als-erforderlich\/#breadcrumb","itemListElement":[{"@type":"ListItem","position":1,"name":"Startseite","item":"https:\/\/ru.law\/"},{"@type":"ListItem","position":2,"name":"Th\u00fcringer OLG erachtet weitreichendere Pr\u00fcfung von m\u00f6glichen Abschalteinrichtungen bei Daimler AG als erforderlich"}]},{"@type":"WebSite","@id":"https:\/\/ru.law\/#website","url":"https:\/\/ru.law\/","name":"R&amp;U","description":"Consumentenadvocaten","publisher":{"@id":"https:\/\/ru.law\/#organization"},"alternateName":"Rogert & Ulbrich","potentialAction":[{"@type":"SearchAction","target":{"@type":"EntryPoint","urlTemplate":"https:\/\/ru.law\/?s={search_term_string}"},"query-input":{"@type":"PropertyValueSpecification","valueRequired":true,"valueName":"search_term_string"}}],"inLanguage":"nl-NL"},{"@type":"Organization","@id":"https:\/\/ru.law\/#organization","name":"Advocatenkantoor Rogert &amp; Ulbrich","url":"https:\/\/ru.law\/","logo":{"@type":"ImageObject","inLanguage":"nl-NL","@id":"https:\/\/ru.law\/#\/schema\/logo\/image\/","url":"https:\/\/ru.law\/wp-content\/uploads\/2020\/12\/logo-ru-law.svg","contentUrl":"https:\/\/ru.law\/wp-content\/uploads\/2020\/12\/logo-ru-law.svg","width":992,"height":259,"caption":"Kanzlei Rogert & Ulbrich"},"image":{"@id":"https:\/\/ru.law\/#\/schema\/logo\/image\/"},"sameAs":["https:\/\/www.facebook.com\/RogertUlbrich\/","https:\/\/x.com\/RogertUlbrich","https:\/\/www.instagram.com\/rogertulbrich\/","https:\/\/www.linkedin.com\/company\/rogert-ulbrich\/","https:\/\/www.youtube.com\/channel\/UCganCgpvwpPFqMFf1vVmG2A"]},{"@type":"Person","@id":"https:\/\/ru.law\/#\/schema\/person\/b020d506e6bbc471b4565d3a98173b87","name":"Marco Rogert","url":"https:\/\/ru.law\/nl\/author\/rogertru-law\/"}]}},"uagb_featured_image_src":{"full":["https:\/\/ru.law\/wp-content\/uploads\/2021\/08\/Rogert-Ulbrich-Rechtsanwaelte-Kanzlei-Abgasskandal-Diesel-Daimler-Euro-5.jpg",1200,675,false],"thumbnail":["https:\/\/ru.law\/wp-content\/uploads\/2021\/08\/Rogert-Ulbrich-Rechtsanwaelte-Kanzlei-Abgasskandal-Diesel-Daimler-Euro-5-150x150.jpg",96,96,true],"medium":["https:\/\/ru.law\/wp-content\/uploads\/2021\/08\/Rogert-Ulbrich-Rechtsanwaelte-Kanzlei-Abgasskandal-Diesel-Daimler-Euro-5-300x169.jpg",300,169,true],"medium_large":["https:\/\/ru.law\/wp-content\/uploads\/2021\/08\/Rogert-Ulbrich-Rechtsanwaelte-Kanzlei-Abgasskandal-Diesel-Daimler-Euro-5-768x432.jpg",768,432,true],"large":["https:\/\/ru.law\/wp-content\/uploads\/2021\/08\/Rogert-Ulbrich-Rechtsanwaelte-Kanzlei-Abgasskandal-Diesel-Daimler-Euro-5-1024x576.jpg",1024,576,true],"1536x1536":["https:\/\/ru.law\/wp-content\/uploads\/2021\/08\/Rogert-Ulbrich-Rechtsanwaelte-Kanzlei-Abgasskandal-Diesel-Daimler-Euro-5.jpg",1200,675,false],"2048x2048":["https:\/\/ru.law\/wp-content\/uploads\/2021\/08\/Rogert-Ulbrich-Rechtsanwaelte-Kanzlei-Abgasskandal-Diesel-Daimler-Euro-5.jpg",1200,675,false],"trp-custom-language-flag":["https:\/\/ru.law\/wp-content\/uploads\/2021\/08\/Rogert-Ulbrich-Rechtsanwaelte-Kanzlei-Abgasskandal-Diesel-Daimler-Euro-5.jpg",18,10,false]},"uagb_author_info":{"display_name":"Marco Rogert","author_link":"https:\/\/ru.law\/nl\/author\/rogertru-law\/"},"uagb_comment_info":0,"uagb_excerpt":"Das Th\u00fcringer Oberlandesgericht (OLG) lie\u00df&nbsp;in dem Haupttermin vom 29.06.2021 verlauten, dass wegen weiterer behaupteter technischer Vorrichtungen ein weiterer Vortrag oder ggf. auch eine Beweisaufnahme erforderlich [&hellip;]","_links":{"self":[{"href":"https:\/\/ru.law\/nl\/wp-json\/wp\/v2\/posts\/20555","targetHints":{"allow":["GET"]}}],"collection":[{"href":"https:\/\/ru.law\/nl\/wp-json\/wp\/v2\/posts"}],"about":[{"href":"https:\/\/ru.law\/nl\/wp-json\/wp\/v2\/types\/post"}],"author":[{"embeddable":true,"href":"https:\/\/ru.law\/nl\/wp-json\/wp\/v2\/users\/21"}],"replies":[{"embeddable":true,"href":"https:\/\/ru.law\/nl\/wp-json\/wp\/v2\/comments?post=20555"}],"version-history":[{"count":0,"href":"https:\/\/ru.law\/nl\/wp-json\/wp\/v2\/posts\/20555\/revisions"}],"wp:featuredmedia":[{"embeddable":true,"href":"https:\/\/ru.law\/nl\/wp-json\/wp\/v2\/media\/20560"}],"wp:attachment":[{"href":"https:\/\/ru.law\/nl\/wp-json\/wp\/v2\/media?parent=20555"}],"wp:term":[{"taxonomy":"category","embeddable":true,"href":"https:\/\/ru.law\/nl\/wp-json\/wp\/v2\/categories?post=20555"},{"taxonomy":"post_tag","embeddable":true,"href":"https:\/\/ru.law\/nl\/wp-json\/wp\/v2\/tags?post=20555"}],"curies":[{"name":"wp","href":"https:\/\/api.w.org\/{rel}","templated":true}]}}