{"id":20337,"date":"2021-07-30T12:52:20","date_gmt":"2021-07-30T10:52:20","guid":{"rendered":"https:\/\/ru.law\/?p=20337"},"modified":"2024-07-08T13:12:23","modified_gmt":"2024-07-08T11:12:23","slug":"olg-koeln-bestaetigt-schadensersatzanspruch-beim-vw-t5","status":"publish","type":"post","link":"https:\/\/ru.law\/nl\/olg-koeln-bestaetigt-schadensersatzanspruch-beim-vw-t5\/","title":{"rendered":"Hof van Cassatie Keulen bevestigt eis tot schadevergoeding in VW T5"},"content":{"rendered":"<p>Het Oberlandesgericht Keulen heeft in het voordeel van onze cli\u00ebnt beslist (<a href=\"https:\/\/www.presseportal.de\/pm\/119896\/4978520\" target=\"_blank\" rel=\"noreferrer noopener\">Ref.nr. I-25 U 91\/20<\/a>) een schadevergoeding van \u20ac 48.000,-. Het voertuig in kwestie is een VW-camperbus. De camper van eiser is uitgerust met de schandalige EA189-motor, die \u2013 aldus de rechtbank \u2013 ook is uitgerust met een onrechtmatige uitschakelvoorziening. <\/p>\n\n\n\n<h2 class=\"wp-block-heading\" id=\"h-entschadigung-auch-ohne-offiziellen-kba-ruckruf\">Compensatie ook zonder offici\u00eble KBA-terugroepactie<\/h2>\n\n\n\n<p>Hoewel de Federale Motortransportautoriteit nooit een offici\u00eble terugroepactie heeft uitgevoerd voor de VW T5, heeft de rechtbank onze cli\u00ebnt toch een schadevergoeding toegekend. De camper is uitgerust met dezelfde motor (EA189) als andere VW-voertuigen met een offici\u00eble KBA-terugroepactie. Het voordeel: Omdat er tot nu toe geen offici\u00eble terugroepactie voor dit model is geweest, geldt er geen verjaringstermijn. \u201cIk adviseer iedereen die een T5 bezit om advies in te winnen bij een gespecialiseerde advocaat&nbsp;<a href=\"https:\/\/ru.law\/nl\/expertise\/abgasskandal\/vw-diesel\/#erstberatung\">adviseren<\/a>&nbsp;\u201com te vertrekken,\u201d zegt Dr. Marco Rogert, wiens advocatenkantoor deze zaak in Keulen behandelde.  <\/p>\n\n\n\n<h3 class=\"wp-block-heading\" id=\"h-rogert-ulbrich-empfiehlt\">Rogert &amp; Ulbrich beveelt aan<\/h3>\n\n\n\n<p>Wij zijn een gerenommeerd advocatenkantoor met bijzondere expertise op het gebied van consumentenbescherming. Wij adviseren en vertegenwoordigen autokopers in het hele land die getroffen zijn door het dieselemissieschandaal. Daarom raden wij u aan om ook <a href=\"https:\/\/ru.law\/nl\/\">schadeclaims<\/a> om het te laten controleren en bevestigen. <\/p>\n\n\n\n<section class=\"wp-block-uagb-columns uagb-columns__wrap uagb-columns__background-undefined uagb-columns__stack-mobile uagb-columns__valign-undefined uagb-columns__gap-10 alignundefined uagb-block-c4a150d3 contrast blog_beitraege\"><div class=\"uagb-columns__overlay\"><\/div><div class=\"uagb-columns__inner-wrap uagb-columns__columns-1\">\n<div class=\"wp-block-uagb-column uagb-column__wrap uagb-column__background-undefined uagb-block-713d3fd1\"><div class=\"uagb-column__overlay\"><\/div><div class=\"uagb-column__inner-wrap\">\n<h3 class=\"wp-block-heading\" id=\"h-das-konnte-sie-auch-interessieren\">Misschien bent u ook ge\u00efnteresseerd in:<\/h3>\n\n\n\n\t\t\t<div class=\"wp-block-uagb-post-grid uagb-post-grid  uagb-post__image-position-top uagb-post__image-enabled uagb-block-8c8a54b4     uagb-post__items uagb-post__columns-3 is-grid uagb-post__columns-tablet-2 uagb-post__columns-mobile-1 uagb-post__equal-height\" data-total=\"2\" style=\"\">\n\n\t\t\t\t\t\t\t\t\t\t\t\t<article class=\"uagb-post__inner-wrap\">\t\t\t\t\t\t\t\t<div class='uagb-post__image'>\n\t\t\t\t\t\t\t\t\t<a href=\"https:\/\/ru.law\/nl\/fiat-abgasskandal-abschalteinrichtungen-in-sunlight-wohnmobil\/\" target=\"_self\" rel=\"bookmark noopener noreferrer\" class='uagb-image-ratio-inherit'><img loading=\"lazy\" decoding=\"async\" width=\"1024\" height=\"576\" src=\"https:\/\/ru.law\/wp-content\/uploads\/2023\/10\/ogert-Ulbrich-Rechtsanwaelte-Kanzlei-Abgasskandal-Fiat-Wohmoil-Ducato.png\" class=\"attachment-large size-large\" alt=\"\" srcset=\"https:\/\/ru.law\/wp-content\/uploads\/2023\/10\/ogert-Ulbrich-Rechtsanwaelte-Kanzlei-Abgasskandal-Fiat-Wohmoil-Ducato.png 1024w, https:\/\/ru.law\/wp-content\/uploads\/2023\/10\/ogert-Ulbrich-Rechtsanwaelte-Kanzlei-Abgasskandal-Fiat-Wohmoil-Ducato-768x432.png 768w\" sizes=\"auto, (max-width: 1024px) 100vw, 1024px\" \/>\t\t\t\t\t<\/a>\n\t\t\t\t\t\t\t<\/div>\n\t\t\t\t\t\t<h4 class=\"uagb-post__title uagb-post__text\">\n\t\t\t\t<a href=\"https:\/\/ru.law\/nl\/fiat-abgasskandal-abschalteinrichtungen-in-sunlight-wohnmobil\/\" target=\"_self\" rel=\"bookmark noopener noreferrer\">Fiat-emissieschandaal: manipulatie-instrumenten in Sunlight-camper<\/a>\n\t\t\t<\/h4>\n\t\t\t\t\t\t<div class='uagb-post__text uagb-post-grid-byline'>\n\t\t\t\t\t\t\t<\/div>\n\t\t\t\t\t\t\t<div class='uagb-post__text uagb-post__excerpt'>\n\t\t\t\t\t<p>Het Oberlandesgericht Naumburg oordeelde op 15 september 2023 dat Stellantis, het moederbedrijf van Fiat-Chrysler,\u2026\t\t\t\t<\/div>\n\t\t\t\n\t\t\t\t\t\t\t\t\t<\/article>\n\t\t\t\t\t\t\t\t\t\t\t\t\t\t\t\t<article class=\"uagb-post__inner-wrap\">\t\t\t\t\t\t\t\t<div class='uagb-post__image'>\n\t\t\t\t\t\t\t\t\t<a href=\"https:\/\/ru.law\/nl\/fiat-abgasskandal-immer-mehr-wohnmobile-betroffen\/\" target=\"_self\" rel=\"bookmark noopener noreferrer\" class='uagb-image-ratio-inherit'><img loading=\"lazy\" decoding=\"async\" width=\"1024\" height=\"576\" src=\"https:\/\/ru.law\/wp-content\/uploads\/2022\/04\/Rogert-Ulbrich-Rechtsanwaelte-Kanzlei-Abgasskandal-Fiat-Wohmoil-Ducato-1024x576.jpg\" class=\"attachment-large size-large\" alt=\"\" srcset=\"https:\/\/ru.law\/wp-content\/uploads\/2022\/04\/Rogert-Ulbrich-Rechtsanwaelte-Kanzlei-Abgasskandal-Fiat-Wohmoil-Ducato-1024x576.jpg 1024w, https:\/\/ru.law\/wp-content\/uploads\/2022\/04\/Rogert-Ulbrich-Rechtsanwaelte-Kanzlei-Abgasskandal-Fiat-Wohmoil-Ducato-300x169.jpg 300w, https:\/\/ru.law\/wp-content\/uploads\/2022\/04\/Rogert-Ulbrich-Rechtsanwaelte-Kanzlei-Abgasskandal-Fiat-Wohmoil-Ducato-768x432.jpg 768w, https:\/\/ru.law\/wp-content\/uploads\/2022\/04\/Rogert-Ulbrich-Rechtsanwaelte-Kanzlei-Abgasskandal-Fiat-Wohmoil-Ducato.jpg 1200w\" sizes=\"auto, (max-width: 1024px) 100vw, 1024px\" \/>\t\t\t\t\t<\/a>\n\t\t\t\t\t\t\t<\/div>\n\t\t\t\t\t\t<h4 class=\"uagb-post__title uagb-post__text\">\n\t\t\t\t<a href=\"https:\/\/ru.law\/nl\/fiat-abgasskandal-immer-mehr-wohnmobile-betroffen\/\" target=\"_self\" rel=\"bookmark noopener noreferrer\">Fiat-emissieschandaal: Steeds meer campers getroffen<\/a>\n\t\t\t<\/h4>\n\t\t\t\t\t\t<div class='uagb-post__text uagb-post-grid-byline'>\n\t\t\t\t\t\t\t<\/div>\n\t\t\t\t\t\t\t<div class='uagb-post__text uagb-post__excerpt'>\n\t\t\t\t\t<p>De regionale rechtbank (LG) Dessau-Ro\u00dflau heeft FCA Italy SpA (Fiat Chrysler Automobiles) veroordeeld tot het betalen van\u2026\t\t\t\t<\/div>\n\t\t\t\n\t\t\t\t\t\t\t\t\t<\/article>\n\t\t\t\t\t\t\t\t\t\t\t\t\t\t\t\t<article class=\"uagb-post__inner-wrap\">\t\t\t\t\t\t\t\t<div class='uagb-post__image'>\n\t\t\t\t\t\t\t\t\t<a href=\"https:\/\/ru.law\/nl\/fiat-abgasskandal-chancen-fuer-verbraucher-steigen\/\" target=\"_self\" rel=\"bookmark noopener noreferrer\" class='uagb-image-ratio-inherit'><img loading=\"lazy\" decoding=\"async\" width=\"1024\" height=\"576\" src=\"https:\/\/ru.law\/wp-content\/uploads\/2022\/04\/Rogert-Ulbrich-Rechtsanwaelte-Kanzlei-Abgasskandal-Fiat-Wohnmobil-Schadensersatz-1024x576.jpg\" class=\"attachment-large size-large\" alt=\"\" srcset=\"https:\/\/ru.law\/wp-content\/uploads\/2022\/04\/Rogert-Ulbrich-Rechtsanwaelte-Kanzlei-Abgasskandal-Fiat-Wohnmobil-Schadensersatz-1024x576.jpg 1024w, https:\/\/ru.law\/wp-content\/uploads\/2022\/04\/Rogert-Ulbrich-Rechtsanwaelte-Kanzlei-Abgasskandal-Fiat-Wohnmobil-Schadensersatz-300x169.jpg 300w, https:\/\/ru.law\/wp-content\/uploads\/2022\/04\/Rogert-Ulbrich-Rechtsanwaelte-Kanzlei-Abgasskandal-Fiat-Wohnmobil-Schadensersatz-768x432.jpg 768w, https:\/\/ru.law\/wp-content\/uploads\/2022\/04\/Rogert-Ulbrich-Rechtsanwaelte-Kanzlei-Abgasskandal-Fiat-Wohnmobil-Schadensersatz.jpg 1200w\" sizes=\"auto, (max-width: 1024px) 100vw, 1024px\" \/>\t\t\t\t\t<\/a>\n\t\t\t\t\t\t\t<\/div>\n\t\t\t\t\t\t<h4 class=\"uagb-post__title uagb-post__text\">\n\t\t\t\t<a href=\"https:\/\/ru.law\/nl\/fiat-abgasskandal-chancen-fuer-verbraucher-steigen\/\" target=\"_self\" rel=\"bookmark noopener noreferrer\">Fiat-emissieschandaal: kansen voor consumenten nemen toe<\/a>\n\t\t\t<\/h4>\n\t\t\t\t\t\t<div class='uagb-post__text uagb-post-grid-byline'>\n\t\t\t\t\t\t\t<\/div>\n\t\t\t\t\t\t\t<div class='uagb-post__text uagb-post__excerpt'>\n\t\t\t\t\t<p>Het Oberlandesgericht Keulen (OLG) heeft in een uitspraak van 24 februari 2022 bekendgemaakt dat het voornemens is om\u2026\t\t\t\t<\/div>\n\t\t\t\n\t\t\t\t\t\t\t\t\t<\/article>\n\t\t\t\t\t\t\t\t\t\t\t<\/div>\n\t\t\t<\/div><\/div>\n<\/div><\/section>","protected":false},"excerpt":{"rendered":"<p>Das OLG K\u00f6ln spricht unserem Mandanten (Az. I-25 U 91\/20) einen Schadensersatz in H\u00f6he von \u20ac 48.000,- zu. Bei dem streitgegenst\u00e4ndlichen Fahrzeug handelt es sich [&hellip;]<\/p>\n","protected":false},"author":21,"featured_media":20347,"comment_status":"closed","ping_status":"open","sticky":false,"template":"","format":"standard","meta":{"_uag_custom_page_level_css":"","site-sidebar-layout":"default","site-content-layout":"default","ast-site-content-layout":"default","site-content-style":"default","site-sidebar-style":"default","ast-global-header-display":"","ast-banner-title-visibility":"","ast-main-header-display":"","ast-hfb-above-header-display":"","ast-hfb-below-header-display":"","ast-hfb-mobile-header-display":"","site-post-title":"","ast-breadcrumbs-content":"","ast-featured-img":"","footer-sml-layout":"","ast-disable-related-posts":"","theme-transparent-header-meta":"default","adv-header-id-meta":"","stick-header-meta":"","header-above-stick-meta":"","header-main-stick-meta":"","header-below-stick-meta":"","astra-migrate-meta-layouts":"default","ast-page-background-enabled":"default","ast-page-background-meta":{"desktop":{"background-color":"","background-image":"","background-repeat":"repeat","background-position":"center center","background-size":"auto","background-attachment":"scroll","background-type":"","background-media":"","overlay-type":"","overlay-color":"","overlay-opacity":"","overlay-gradient":""},"tablet":{"background-color":"","background-image":"","background-repeat":"repeat","background-position":"center center","background-size":"auto","background-attachment":"scroll","background-type":"","background-media":"","overlay-type":"","overlay-color":"","overlay-opacity":"","overlay-gradient":""},"mobile":{"background-color":"","background-image":"","background-repeat":"repeat","background-position":"center center","background-size":"auto","background-attachment":"scroll","background-type":"","background-media":"","overlay-type":"","overlay-color":"","overlay-opacity":"","overlay-gradient":""}},"ast-content-background-meta":{"desktop":{"background-color":"var(--ast-global-color-5)","background-image":"","background-repeat":"repeat","background-position":"center center","background-size":"auto","background-attachment":"scroll","background-type":"","background-media":"","overlay-type":"","overlay-color":"","overlay-opacity":"","overlay-gradient":""},"tablet":{"background-color":"var(--ast-global-color-5)","background-image":"","background-repeat":"repeat","background-position":"center center","background-size":"auto","background-attachment":"scroll","background-type":"","background-media":"","overlay-type":"","overlay-color":"","overlay-opacity":"","overlay-gradient":""},"mobile":{"background-color":"var(--ast-global-color-5)","background-image":"","background-repeat":"repeat","background-position":"center center","background-size":"auto","background-attachment":"scroll","background-type":"","background-media":"","overlay-type":"","overlay-color":"","overlay-opacity":"","overlay-gradient":""}},"footnotes":""},"categories":[2,507],"tags":[900,773],"class_list":["post-20337","post","type-post","status-publish","format-standard","has-post-thumbnail","hentry","category-abgasskandal","category-urteile","tag-volkswagen","tag-wohnmobil"],"yoast_head":"<!-- This site is optimized with the Yoast SEO Premium plugin v27.4 (Yoast SEO v27.4) - https:\/\/yoast.com\/product\/yoast-seo-premium-wordpress\/ -->\n<title>OLG K\u00f6ln best\u00e4tigt Schadensersatzanspruch beim VW T5 - R&amp;U<\/title>\n<meta name=\"description\" content=\"Das OLG K\u00f6ln spricht unserem Mandanten ( Az. I-25 U 91\/20) einen Schadensersatzanspruch in H\u00f6he von \u20ac 48.000,- zu.\" \/>\n<meta name=\"robots\" content=\"index, follow, max-snippet:-1, max-image-preview:large, max-video-preview:-1\" \/>\n<link rel=\"canonical\" href=\"https:\/\/ru.law\/nl\/olg-koeln-bestaetigt-schadensersatzanspruch-beim-vw-t5\/\" \/>\n<meta property=\"og:locale\" content=\"nl_NL\" \/>\n<meta property=\"og:type\" content=\"article\" \/>\n<meta property=\"og:title\" content=\"OLG K\u00f6ln best\u00e4tigt Schadensersatzanspruch beim VW T5\" \/>\n<meta property=\"og:description\" content=\"Das OLG K\u00f6ln spricht unserem Mandanten ( Az. I-25 U 91\/20) einen Schadensersatzanspruch in H\u00f6he von \u20ac 48.000,- zu.\" \/>\n<meta property=\"og:url\" content=\"https:\/\/ru.law\/nl\/olg-koeln-bestaetigt-schadensersatzanspruch-beim-vw-t5\/\" \/>\n<meta property=\"og:site_name\" content=\"R&amp;U\" \/>\n<meta property=\"article:publisher\" content=\"https:\/\/www.facebook.com\/RogertUlbrich\/\" \/>\n<meta property=\"article:published_time\" content=\"2021-07-30T10:52:20+00:00\" \/>\n<meta property=\"article:modified_time\" content=\"2024-07-08T11:12:23+00:00\" \/>\n<meta property=\"og:image\" content=\"https:\/\/ru.law\/wp-content\/uploads\/2021\/07\/Rogert-Ulbrich-Rechtsanwalts-kanzlei-VW-Wohnmobil-Abgasskandal-T5.jpg\" \/>\n\t<meta property=\"og:image:width\" content=\"1200\" \/>\n\t<meta property=\"og:image:height\" content=\"675\" \/>\n\t<meta property=\"og:image:type\" content=\"image\/jpeg\" \/>\n<meta name=\"author\" content=\"Marco Rogert\" \/>\n<meta name=\"twitter:card\" content=\"summary_large_image\" \/>\n<meta name=\"twitter:creator\" content=\"@RogertUlbrich\" \/>\n<meta name=\"twitter:site\" content=\"@RogertUlbrich\" \/>\n<script type=\"application\/ld+json\" class=\"yoast-schema-graph\">{\"@context\":\"https:\\\/\\\/schema.org\",\"@graph\":[{\"@type\":\"Article\",\"@id\":\"https:\\\/\\\/ru.law\\\/olg-koeln-bestaetigt-schadensersatzanspruch-beim-vw-t5\\\/#article\",\"isPartOf\":{\"@id\":\"https:\\\/\\\/ru.law\\\/olg-koeln-bestaetigt-schadensersatzanspruch-beim-vw-t5\\\/\"},\"author\":{\"name\":\"Marco Rogert\",\"@id\":\"https:\\\/\\\/ru.law\\\/#\\\/schema\\\/person\\\/b020d506e6bbc471b4565d3a98173b87\"},\"headline\":\"OLG K\u00f6ln best\u00e4tigt Schadensersatzanspruch beim VW T5\",\"datePublished\":\"2021-07-30T10:52:20+00:00\",\"dateModified\":\"2024-07-08T11:12:23+00:00\",\"mainEntityOfPage\":{\"@id\":\"https:\\\/\\\/ru.law\\\/olg-koeln-bestaetigt-schadensersatzanspruch-beim-vw-t5\\\/\"},\"wordCount\":213,\"publisher\":{\"@id\":\"https:\\\/\\\/ru.law\\\/#organization\"},\"image\":{\"@id\":\"https:\\\/\\\/ru.law\\\/olg-koeln-bestaetigt-schadensersatzanspruch-beim-vw-t5\\\/#primaryimage\"},\"thumbnailUrl\":\"https:\\\/\\\/ru.law\\\/wp-content\\\/uploads\\\/2021\\\/07\\\/Rogert-Ulbrich-Rechtsanwalts-kanzlei-VW-Wohnmobil-Abgasskandal-T5.jpg\",\"keywords\":[\"Volkswagen\",\"Wohnmobil\"],\"articleSection\":[\"Abgasskandal\",\"Urteile\"],\"inLanguage\":\"nl-NL\"},{\"@type\":\"WebPage\",\"@id\":\"https:\\\/\\\/ru.law\\\/olg-koeln-bestaetigt-schadensersatzanspruch-beim-vw-t5\\\/\",\"url\":\"https:\\\/\\\/ru.law\\\/olg-koeln-bestaetigt-schadensersatzanspruch-beim-vw-t5\\\/\",\"name\":\"OLG K\u00f6ln best\u00e4tigt Schadensersatzanspruch beim VW T5 - R&amp;U\",\"isPartOf\":{\"@id\":\"https:\\\/\\\/ru.law\\\/#website\"},\"primaryImageOfPage\":{\"@id\":\"https:\\\/\\\/ru.law\\\/olg-koeln-bestaetigt-schadensersatzanspruch-beim-vw-t5\\\/#primaryimage\"},\"image\":{\"@id\":\"https:\\\/\\\/ru.law\\\/olg-koeln-bestaetigt-schadensersatzanspruch-beim-vw-t5\\\/#primaryimage\"},\"thumbnailUrl\":\"https:\\\/\\\/ru.law\\\/wp-content\\\/uploads\\\/2021\\\/07\\\/Rogert-Ulbrich-Rechtsanwalts-kanzlei-VW-Wohnmobil-Abgasskandal-T5.jpg\",\"datePublished\":\"2021-07-30T10:52:20+00:00\",\"dateModified\":\"2024-07-08T11:12:23+00:00\",\"description\":\"Das OLG K\u00f6ln spricht unserem Mandanten ( Az. I-25 U 91\\\/20) einen Schadensersatzanspruch in H\u00f6he von \u20ac 48.000,- zu.\",\"breadcrumb\":{\"@id\":\"https:\\\/\\\/ru.law\\\/olg-koeln-bestaetigt-schadensersatzanspruch-beim-vw-t5\\\/#breadcrumb\"},\"inLanguage\":\"nl-NL\",\"potentialAction\":[{\"@type\":\"ReadAction\",\"target\":[\"https:\\\/\\\/ru.law\\\/olg-koeln-bestaetigt-schadensersatzanspruch-beim-vw-t5\\\/\"]}]},{\"@type\":\"ImageObject\",\"inLanguage\":\"nl-NL\",\"@id\":\"https:\\\/\\\/ru.law\\\/olg-koeln-bestaetigt-schadensersatzanspruch-beim-vw-t5\\\/#primaryimage\",\"url\":\"https:\\\/\\\/ru.law\\\/wp-content\\\/uploads\\\/2021\\\/07\\\/Rogert-Ulbrich-Rechtsanwalts-kanzlei-VW-Wohnmobil-Abgasskandal-T5.jpg\",\"contentUrl\":\"https:\\\/\\\/ru.law\\\/wp-content\\\/uploads\\\/2021\\\/07\\\/Rogert-Ulbrich-Rechtsanwalts-kanzlei-VW-Wohnmobil-Abgasskandal-T5.jpg\",\"width\":1200,\"height\":675},{\"@type\":\"BreadcrumbList\",\"@id\":\"https:\\\/\\\/ru.law\\\/olg-koeln-bestaetigt-schadensersatzanspruch-beim-vw-t5\\\/#breadcrumb\",\"itemListElement\":[{\"@type\":\"ListItem\",\"position\":1,\"name\":\"Startseite\",\"item\":\"https:\\\/\\\/ru.law\\\/\"},{\"@type\":\"ListItem\",\"position\":2,\"name\":\"OLG K\u00f6ln best\u00e4tigt Schadensersatzanspruch beim VW T5\"}]},{\"@type\":\"WebSite\",\"@id\":\"https:\\\/\\\/ru.law\\\/#website\",\"url\":\"https:\\\/\\\/ru.law\\\/\",\"name\":\"R&U\",\"description\":\"Verbraucheranw\u00e4lte\",\"publisher\":{\"@id\":\"https:\\\/\\\/ru.law\\\/#organization\"},\"alternateName\":\"Rogert & Ulbrich\",\"potentialAction\":[{\"@type\":\"SearchAction\",\"target\":{\"@type\":\"EntryPoint\",\"urlTemplate\":\"https:\\\/\\\/ru.law\\\/?s={search_term_string}\"},\"query-input\":{\"@type\":\"PropertyValueSpecification\",\"valueRequired\":true,\"valueName\":\"search_term_string\"}}],\"inLanguage\":\"nl-NL\"},{\"@type\":\"Organization\",\"@id\":\"https:\\\/\\\/ru.law\\\/#organization\",\"name\":\"Kanzlei Rogert & Ulbrich\",\"url\":\"https:\\\/\\\/ru.law\\\/\",\"logo\":{\"@type\":\"ImageObject\",\"inLanguage\":\"nl-NL\",\"@id\":\"https:\\\/\\\/ru.law\\\/#\\\/schema\\\/logo\\\/image\\\/\",\"url\":\"https:\\\/\\\/ru.law\\\/wp-content\\\/uploads\\\/2020\\\/12\\\/logo-ru-law.svg\",\"contentUrl\":\"https:\\\/\\\/ru.law\\\/wp-content\\\/uploads\\\/2020\\\/12\\\/logo-ru-law.svg\",\"width\":992,\"height\":259,\"caption\":\"Kanzlei Rogert & Ulbrich\"},\"image\":{\"@id\":\"https:\\\/\\\/ru.law\\\/#\\\/schema\\\/logo\\\/image\\\/\"},\"sameAs\":[\"https:\\\/\\\/www.facebook.com\\\/RogertUlbrich\\\/\",\"https:\\\/\\\/x.com\\\/RogertUlbrich\",\"https:\\\/\\\/www.instagram.com\\\/rogertulbrich\\\/\",\"https:\\\/\\\/www.linkedin.com\\\/company\\\/rogert-ulbrich\\\/\",\"https:\\\/\\\/www.youtube.com\\\/channel\\\/UCganCgpvwpPFqMFf1vVmG2A\"]},{\"@type\":\"Person\",\"@id\":\"https:\\\/\\\/ru.law\\\/#\\\/schema\\\/person\\\/b020d506e6bbc471b4565d3a98173b87\",\"name\":\"Marco Rogert\",\"url\":\"https:\\\/\\\/ru.law\\\/nl\\\/author\\\/rogertru-law\\\/\"}]}<\/script>\n<!-- \/ Yoast SEO Premium plugin. -->","yoast_head_json":{"title":"OLG K\u00f6ln best\u00e4tigt Schadensersatzanspruch beim VW T5 - R&amp;U","description":"Das OLG K\u00f6ln spricht unserem Mandanten ( Az. I-25 U 91\/20) einen Schadensersatzanspruch in H\u00f6he von \u20ac 48.000,- zu.","robots":{"index":"index","follow":"follow","max-snippet":"max-snippet:-1","max-image-preview":"max-image-preview:large","max-video-preview":"max-video-preview:-1"},"canonical":"https:\/\/ru.law\/nl\/olg-koeln-bestaetigt-schadensersatzanspruch-beim-vw-t5\/","og_locale":"nl_NL","og_type":"article","og_title":"OLG K\u00f6ln best\u00e4tigt Schadensersatzanspruch beim VW T5","og_description":"Das OLG K\u00f6ln spricht unserem Mandanten ( Az. I-25 U 91\/20) einen Schadensersatzanspruch in H\u00f6he von \u20ac 48.000,- zu.","og_url":"https:\/\/ru.law\/nl\/olg-koeln-bestaetigt-schadensersatzanspruch-beim-vw-t5\/","og_site_name":"R&amp;U","article_publisher":"https:\/\/www.facebook.com\/RogertUlbrich\/","article_published_time":"2021-07-30T10:52:20+00:00","article_modified_time":"2024-07-08T11:12:23+00:00","og_image":[{"width":1200,"height":675,"url":"https:\/\/ru.law\/wp-content\/uploads\/2021\/07\/Rogert-Ulbrich-Rechtsanwalts-kanzlei-VW-Wohnmobil-Abgasskandal-T5.jpg","type":"image\/jpeg"}],"author":"Marco Rogert","twitter_card":"summary_large_image","twitter_creator":"@RogertUlbrich","twitter_site":"@RogertUlbrich","schema":{"@context":"https:\/\/schema.org","@graph":[{"@type":"Article","@id":"https:\/\/ru.law\/olg-koeln-bestaetigt-schadensersatzanspruch-beim-vw-t5\/#article","isPartOf":{"@id":"https:\/\/ru.law\/olg-koeln-bestaetigt-schadensersatzanspruch-beim-vw-t5\/"},"author":{"name":"Marco Rogert","@id":"https:\/\/ru.law\/#\/schema\/person\/b020d506e6bbc471b4565d3a98173b87"},"headline":"OLG K\u00f6ln best\u00e4tigt Schadensersatzanspruch beim VW T5","datePublished":"2021-07-30T10:52:20+00:00","dateModified":"2024-07-08T11:12:23+00:00","mainEntityOfPage":{"@id":"https:\/\/ru.law\/olg-koeln-bestaetigt-schadensersatzanspruch-beim-vw-t5\/"},"wordCount":213,"publisher":{"@id":"https:\/\/ru.law\/#organization"},"image":{"@id":"https:\/\/ru.law\/olg-koeln-bestaetigt-schadensersatzanspruch-beim-vw-t5\/#primaryimage"},"thumbnailUrl":"https:\/\/ru.law\/wp-content\/uploads\/2021\/07\/Rogert-Ulbrich-Rechtsanwalts-kanzlei-VW-Wohnmobil-Abgasskandal-T5.jpg","keywords":["Volkswagen","Wohnmobil"],"articleSection":["Abgasskandal","Urteile"],"inLanguage":"nl-NL"},{"@type":"WebPage","@id":"https:\/\/ru.law\/olg-koeln-bestaetigt-schadensersatzanspruch-beim-vw-t5\/","url":"https:\/\/ru.law\/olg-koeln-bestaetigt-schadensersatzanspruch-beim-vw-t5\/","name":"OLG K\u00f6ln best\u00e4tigt Schadensersatzanspruch beim VW T5 - R&amp;U","isPartOf":{"@id":"https:\/\/ru.law\/#website"},"primaryImageOfPage":{"@id":"https:\/\/ru.law\/olg-koeln-bestaetigt-schadensersatzanspruch-beim-vw-t5\/#primaryimage"},"image":{"@id":"https:\/\/ru.law\/olg-koeln-bestaetigt-schadensersatzanspruch-beim-vw-t5\/#primaryimage"},"thumbnailUrl":"https:\/\/ru.law\/wp-content\/uploads\/2021\/07\/Rogert-Ulbrich-Rechtsanwalts-kanzlei-VW-Wohnmobil-Abgasskandal-T5.jpg","datePublished":"2021-07-30T10:52:20+00:00","dateModified":"2024-07-08T11:12:23+00:00","description":"Das OLG K\u00f6ln spricht unserem Mandanten ( Az. I-25 U 91\/20) einen Schadensersatzanspruch in H\u00f6he von \u20ac 48.000,- zu.","breadcrumb":{"@id":"https:\/\/ru.law\/olg-koeln-bestaetigt-schadensersatzanspruch-beim-vw-t5\/#breadcrumb"},"inLanguage":"nl-NL","potentialAction":[{"@type":"ReadAction","target":["https:\/\/ru.law\/olg-koeln-bestaetigt-schadensersatzanspruch-beim-vw-t5\/"]}]},{"@type":"ImageObject","inLanguage":"nl-NL","@id":"https:\/\/ru.law\/olg-koeln-bestaetigt-schadensersatzanspruch-beim-vw-t5\/#primaryimage","url":"https:\/\/ru.law\/wp-content\/uploads\/2021\/07\/Rogert-Ulbrich-Rechtsanwalts-kanzlei-VW-Wohnmobil-Abgasskandal-T5.jpg","contentUrl":"https:\/\/ru.law\/wp-content\/uploads\/2021\/07\/Rogert-Ulbrich-Rechtsanwalts-kanzlei-VW-Wohnmobil-Abgasskandal-T5.jpg","width":1200,"height":675},{"@type":"BreadcrumbList","@id":"https:\/\/ru.law\/olg-koeln-bestaetigt-schadensersatzanspruch-beim-vw-t5\/#breadcrumb","itemListElement":[{"@type":"ListItem","position":1,"name":"Startseite","item":"https:\/\/ru.law\/"},{"@type":"ListItem","position":2,"name":"OLG K\u00f6ln best\u00e4tigt Schadensersatzanspruch beim VW T5"}]},{"@type":"WebSite","@id":"https:\/\/ru.law\/#website","url":"https:\/\/ru.law\/","name":"R&amp;U","description":"Consumentenadvocaten","publisher":{"@id":"https:\/\/ru.law\/#organization"},"alternateName":"Rogert & Ulbrich","potentialAction":[{"@type":"SearchAction","target":{"@type":"EntryPoint","urlTemplate":"https:\/\/ru.law\/?s={search_term_string}"},"query-input":{"@type":"PropertyValueSpecification","valueRequired":true,"valueName":"search_term_string"}}],"inLanguage":"nl-NL"},{"@type":"Organization","@id":"https:\/\/ru.law\/#organization","name":"Advocatenkantoor Rogert &amp; Ulbrich","url":"https:\/\/ru.law\/","logo":{"@type":"ImageObject","inLanguage":"nl-NL","@id":"https:\/\/ru.law\/#\/schema\/logo\/image\/","url":"https:\/\/ru.law\/wp-content\/uploads\/2020\/12\/logo-ru-law.svg","contentUrl":"https:\/\/ru.law\/wp-content\/uploads\/2020\/12\/logo-ru-law.svg","width":992,"height":259,"caption":"Kanzlei Rogert & Ulbrich"},"image":{"@id":"https:\/\/ru.law\/#\/schema\/logo\/image\/"},"sameAs":["https:\/\/www.facebook.com\/RogertUlbrich\/","https:\/\/x.com\/RogertUlbrich","https:\/\/www.instagram.com\/rogertulbrich\/","https:\/\/www.linkedin.com\/company\/rogert-ulbrich\/","https:\/\/www.youtube.com\/channel\/UCganCgpvwpPFqMFf1vVmG2A"]},{"@type":"Person","@id":"https:\/\/ru.law\/#\/schema\/person\/b020d506e6bbc471b4565d3a98173b87","name":"Marco Rogert","url":"https:\/\/ru.law\/nl\/author\/rogertru-law\/"}]}},"uagb_featured_image_src":{"full":["https:\/\/ru.law\/wp-content\/uploads\/2021\/07\/Rogert-Ulbrich-Rechtsanwalts-kanzlei-VW-Wohnmobil-Abgasskandal-T5.jpg",1200,675,false],"thumbnail":["https:\/\/ru.law\/wp-content\/uploads\/2021\/07\/Rogert-Ulbrich-Rechtsanwalts-kanzlei-VW-Wohnmobil-Abgasskandal-T5-150x150.jpg",96,96,true],"medium":["https:\/\/ru.law\/wp-content\/uploads\/2021\/07\/Rogert-Ulbrich-Rechtsanwalts-kanzlei-VW-Wohnmobil-Abgasskandal-T5-300x169.jpg",300,169,true],"medium_large":["https:\/\/ru.law\/wp-content\/uploads\/2021\/07\/Rogert-Ulbrich-Rechtsanwalts-kanzlei-VW-Wohnmobil-Abgasskandal-T5-768x432.jpg",768,432,true],"large":["https:\/\/ru.law\/wp-content\/uploads\/2021\/07\/Rogert-Ulbrich-Rechtsanwalts-kanzlei-VW-Wohnmobil-Abgasskandal-T5-1024x576.jpg",1024,576,true],"1536x1536":["https:\/\/ru.law\/wp-content\/uploads\/2021\/07\/Rogert-Ulbrich-Rechtsanwalts-kanzlei-VW-Wohnmobil-Abgasskandal-T5.jpg",1200,675,false],"2048x2048":["https:\/\/ru.law\/wp-content\/uploads\/2021\/07\/Rogert-Ulbrich-Rechtsanwalts-kanzlei-VW-Wohnmobil-Abgasskandal-T5.jpg",1200,675,false],"trp-custom-language-flag":["https:\/\/ru.law\/wp-content\/uploads\/2021\/07\/Rogert-Ulbrich-Rechtsanwalts-kanzlei-VW-Wohnmobil-Abgasskandal-T5.jpg",18,10,false]},"uagb_author_info":{"display_name":"Marco Rogert","author_link":"https:\/\/ru.law\/nl\/author\/rogertru-law\/"},"uagb_comment_info":0,"uagb_excerpt":"Das OLG K\u00f6ln spricht unserem Mandanten (Az. I-25 U 91\/20) einen Schadensersatz in H\u00f6he von \u20ac 48.000,- zu. Bei dem streitgegenst\u00e4ndlichen Fahrzeug handelt es sich [&hellip;]","_links":{"self":[{"href":"https:\/\/ru.law\/nl\/wp-json\/wp\/v2\/posts\/20337","targetHints":{"allow":["GET"]}}],"collection":[{"href":"https:\/\/ru.law\/nl\/wp-json\/wp\/v2\/posts"}],"about":[{"href":"https:\/\/ru.law\/nl\/wp-json\/wp\/v2\/types\/post"}],"author":[{"embeddable":true,"href":"https:\/\/ru.law\/nl\/wp-json\/wp\/v2\/users\/21"}],"replies":[{"embeddable":true,"href":"https:\/\/ru.law\/nl\/wp-json\/wp\/v2\/comments?post=20337"}],"version-history":[{"count":0,"href":"https:\/\/ru.law\/nl\/wp-json\/wp\/v2\/posts\/20337\/revisions"}],"wp:featuredmedia":[{"embeddable":true,"href":"https:\/\/ru.law\/nl\/wp-json\/wp\/v2\/media\/20347"}],"wp:attachment":[{"href":"https:\/\/ru.law\/nl\/wp-json\/wp\/v2\/media?parent=20337"}],"wp:term":[{"taxonomy":"category","embeddable":true,"href":"https:\/\/ru.law\/nl\/wp-json\/wp\/v2\/categories?post=20337"},{"taxonomy":"post_tag","embeddable":true,"href":"https:\/\/ru.law\/nl\/wp-json\/wp\/v2\/tags?post=20337"}],"curies":[{"name":"wp","href":"https:\/\/api.w.org\/{rel}","templated":true}]}}