{"id":20283,"date":"2021-07-20T15:38:36","date_gmt":"2021-07-20T13:38:36","guid":{"rendered":"https:\/\/ru.law\/?p=20283"},"modified":"2024-07-08T13:12:25","modified_gmt":"2024-07-08T11:12:25","slug":"bgh-bestaetigt-nun-auch-differenzansprueche-nach-weiterverkauf","status":"publish","type":"post","link":"https:\/\/ru.law\/nl\/bgh-bestaetigt-nun-auch-differenzansprueche-nach-weiterverkauf\/","title":{"rendered":"BGH bevestigt nu ook verschilclaims na wederverkoop"},"content":{"rendered":"<p>Met <a href=\"https:\/\/www.bundesgerichtshof.de\/SharedDocs\/Pressemitteilungen\/DE\/2021\/2021138.html?nn=10690868\" target=\"_blank\" rel=\"noreferrer noopener\">Vonnis van 20 juli 2021, VI ZR 575\/20<\/a> Het Federale Hof van Justitie heeft geoordeeld dat er ook recht is op schadevergoeding als een voertuig dat betrokken is bij het emissieschandaal, wordt doorverkocht. Volgens de rechters in Karlsruhe is dit niet in strijd met de fundamentele vordering tot schadevergoeding. De opbrengst van de verkoop moet echter wel in mindering worden gebracht op de schadevergoeding. <\/p>\n\n\n\n<h2 class=\"wp-block-heading\" id=\"h-schadensersatzanspruch-entfallt-nicht\">Schadeclaim vervalt niet <\/h2>\n\n\n\n<p>Dit betekent dat u nog steeds een rechtszaak kunt aanspannen, zelfs als u uw voertuig al verkocht heeft. In de specifieke procedure voor het Federale Hof van Justitie heeft de eiser, voormalig eigenaar van een VW Touran met de <a href=\"https:\/\/ru.law\/nl\/expertise\/abgasskandal\/vw-diesel\/\">EA189 schandaal motor<\/a>, het betreffende voertuig tijdens de lopende procedure verkocht. Dit weerhield de rechters van het Federale Hof van Justitie er echter niet van om de eiser een schadevergoeding toe te kennen. Het enige is dat zij de verkoopprijs in mindering moet laten brengen op de schadevergoeding waar zij recht op heeft. <\/p>\n\n\n\n<h3 class=\"wp-block-heading\" id=\"h-rogert-ulbrich-rat-weiterhin-zur-klage-lassen-sie-ihre-anspruche-prufen\">Rogert &amp; Ulbrich adviseert u nog steeds om een rechtszaak aan te spannen \u2013 laat uw claims onderzoeken<\/h3>\n\n\n\n<p>Heeft u uw voertuig dat getroffen is door het emissieschandaal al verkocht? \u2013 <a href=\"https:\/\/ru.law\/nl\/expertise\/abgasskandal\/vw-diesel\/\">Laat desalniettemin uw claims controleren. <\/a>We hebben al een aantal positieve uitspraken kunnen verkrijgen, ondanks dat het voertuig verkocht is. <\/p>\n\n\n\n<section class=\"wp-block-uagb-columns uagb-columns__wrap uagb-columns__background-undefined uagb-columns__stack-mobile uagb-columns__valign-undefined uagb-columns__gap-10 alignundefined uagb-block-ad70cff6 contrast blog_beitraege\"><div class=\"uagb-columns__overlay\"><\/div><div class=\"uagb-columns__inner-wrap uagb-columns__columns-1\">\n<div class=\"wp-block-uagb-column uagb-column__wrap uagb-column__background-undefined uagb-block-bcdbd10e\"><div class=\"uagb-column__overlay\"><\/div><div class=\"uagb-column__inner-wrap\">\n<h3 class=\"wp-block-heading\" id=\"h-das-konnte-sie-auch-interessieren\">Misschien bent u ook ge\u00efnteresseerd in:<\/h3>\n\n\n\n\t\t\t<div class=\"wp-block-uagb-post-grid uagb-post-grid  uagb-post__image-position-top uagb-post__image-enabled uagb-block-4ef552f5     uagb-post__items uagb-post__columns-3 is-grid uagb-post__columns-tablet-2 uagb-post__columns-mobile-1 uagb-post__equal-height\" data-total=\"4\" style=\"\">\n\n\t\t\t\t\t\t\t\t\t\t\t\t<article class=\"uagb-post__inner-wrap\">\t\t\t\t\t\t\t\t<div class='uagb-post__image'>\n\t\t\t\t\t\t\t\t\t<a href=\"https:\/\/ru.law\/nl\/urteil-des-landgericht-essen-zum-vw-t5\/\" target=\"_self\" rel=\"bookmark noopener noreferrer\" class='uagb-image-ratio-inherit'><img loading=\"lazy\" decoding=\"async\" width=\"1024\" height=\"576\" src=\"https:\/\/ru.law\/wp-content\/uploads\/2020\/07\/volkswagen-diesel-motor-1-1024x576.jpg\" class=\"attachment-large size-large\" alt=\"Volkswagen Diesel-Motor\" srcset=\"https:\/\/ru.law\/wp-content\/uploads\/2020\/07\/volkswagen-diesel-motor-1-1024x576.jpg 1024w, https:\/\/ru.law\/wp-content\/uploads\/2020\/07\/volkswagen-diesel-motor-1-300x169.jpg 300w, https:\/\/ru.law\/wp-content\/uploads\/2020\/07\/volkswagen-diesel-motor-1-768x432.jpg 768w, https:\/\/ru.law\/wp-content\/uploads\/2020\/07\/volkswagen-diesel-motor-1-500x281.jpg 500w, https:\/\/ru.law\/wp-content\/uploads\/2020\/07\/volkswagen-diesel-motor-1-800x450.jpg 800w, https:\/\/ru.law\/wp-content\/uploads\/2020\/07\/volkswagen-diesel-motor-1.jpg 1200w\" sizes=\"auto, (max-width: 1024px) 100vw, 1024px\" \/>\t\t\t\t\t<\/a>\n\t\t\t\t\t\t\t<\/div>\n\t\t\t\t\t\t<h4 class=\"uagb-post__title uagb-post__text\">\n\t\t\t\t<a href=\"https:\/\/ru.law\/nl\/urteil-des-landgericht-essen-zum-vw-t5\/\" target=\"_self\" rel=\"bookmark noopener noreferrer\">Volkswagen veroordeeld voor illegale uitschakelapparaten in de Bulli<\/a>\n\t\t\t<\/h4>\n\t\t\t\t\t\t<div class='uagb-post__text uagb-post-grid-byline'>\n\t\t\t\t\t\t\t<\/div>\n\t\t\t\t\t\t\t<div class='uagb-post__text uagb-post__excerpt'>\n\t\t\t\t\t<p>Uitspraak van de Arrondissementsrechtbank Essen over de VW T5. De enige VW-diesel met de schandaalmotor EA189 zou\u2026\t\t\t\t<\/div>\n\t\t\t\n\t\t\t\t\t\t\t\t\t<\/article>\n\t\t\t\t\t\t\t\t\t\t\t\t\t\t\t\t<article class=\"uagb-post__inner-wrap\">\t\t\t\t\t\t\t\t<div class='uagb-post__image'>\n\t\t\t\t\t\t\t\t\t<a href=\"https:\/\/ru.law\/nl\/verbraucherfreundliches-urteil-zum-restschadensanspruch\/\" target=\"_self\" rel=\"bookmark noopener noreferrer\" class='uagb-image-ratio-inherit'><img loading=\"lazy\" decoding=\"async\" width=\"1024\" height=\"576\" src=\"https:\/\/ru.law\/wp-content\/uploads\/2021\/11\/Rogert-Ulbrich-Rechtsanwaelte-Kanzlei-Abgasskandal-Urteile-Restschadensanspruch-1024x576.jpg\" class=\"attachment-large size-large\" alt=\"\" srcset=\"https:\/\/ru.law\/wp-content\/uploads\/2021\/11\/Rogert-Ulbrich-Rechtsanwaelte-Kanzlei-Abgasskandal-Urteile-Restschadensanspruch-1024x576.jpg 1024w, https:\/\/ru.law\/wp-content\/uploads\/2021\/11\/Rogert-Ulbrich-Rechtsanwaelte-Kanzlei-Abgasskandal-Urteile-Restschadensanspruch-300x169.jpg 300w, https:\/\/ru.law\/wp-content\/uploads\/2021\/11\/Rogert-Ulbrich-Rechtsanwaelte-Kanzlei-Abgasskandal-Urteile-Restschadensanspruch-768x432.jpg 768w, https:\/\/ru.law\/wp-content\/uploads\/2021\/11\/Rogert-Ulbrich-Rechtsanwaelte-Kanzlei-Abgasskandal-Urteile-Restschadensanspruch.jpg 1200w\" sizes=\"auto, (max-width: 1024px) 100vw, 1024px\" \/>\t\t\t\t\t<\/a>\n\t\t\t\t\t\t\t<\/div>\n\t\t\t\t\t\t<h4 class=\"uagb-post__title uagb-post__text\">\n\t\t\t\t<a href=\"https:\/\/ru.law\/nl\/verbraucherfreundliches-urteil-zum-restschadensanspruch\/\" target=\"_self\" rel=\"bookmark noopener noreferrer\">Consumentvriendelijke uitspraak over restschadeclaim<\/a>\n\t\t\t<\/h4>\n\t\t\t\t\t\t<div class='uagb-post__text uagb-post-grid-byline'>\n\t\t\t\t\t\t\t<\/div>\n\t\t\t\t\t\t\t<div class='uagb-post__text uagb-post__excerpt'>\n\t\t\t\t\t<p>In Wolfsburg, na de eerste uitspraken van eisers die hun rechtszaak hadden aangespannen zonder voorafgaande maatregelen om te voorkomen\u2026\t\t\t\t<\/div>\n\t\t\t\n\t\t\t\t\t\t\t\t\t<\/article>\n\t\t\t\t\t\t\t\t\t\t\t\t\t\t\t\t<article class=\"uagb-post__inner-wrap\">\t\t\t\t\t\t\t\t<div class='uagb-post__image'>\n\t\t\t\t\t\t\t\t\t<a href=\"https:\/\/ru.law\/nl\/restschadensersatzanspruch-greift-auch-bei-gebrauchtwagen\/\" target=\"_self\" rel=\"bookmark noopener noreferrer\" class='uagb-image-ratio-inherit'><img loading=\"lazy\" decoding=\"async\" width=\"1024\" height=\"576\" src=\"https:\/\/ru.law\/wp-content\/uploads\/2021\/09\/Rogert-Ulbrich-Rechtsanwalt-Kanzlei-Restschadensanspruch-VW-Verjaehrung-1-1024x576.jpg\" class=\"attachment-large size-large\" alt=\"ANHANG-DETAILS Rogert-Ulbrich-Rechtsanwalt-Kanzlei-Restschadensanspruch-VW-Verjaehrung\" srcset=\"https:\/\/ru.law\/wp-content\/uploads\/2021\/09\/Rogert-Ulbrich-Rechtsanwalt-Kanzlei-Restschadensanspruch-VW-Verjaehrung-1-1024x576.jpg 1024w, https:\/\/ru.law\/wp-content\/uploads\/2021\/09\/Rogert-Ulbrich-Rechtsanwalt-Kanzlei-Restschadensanspruch-VW-Verjaehrung-1-300x169.jpg 300w, https:\/\/ru.law\/wp-content\/uploads\/2021\/09\/Rogert-Ulbrich-Rechtsanwalt-Kanzlei-Restschadensanspruch-VW-Verjaehrung-1-768x432.jpg 768w, https:\/\/ru.law\/wp-content\/uploads\/2021\/09\/Rogert-Ulbrich-Rechtsanwalt-Kanzlei-Restschadensanspruch-VW-Verjaehrung-1.jpg 1200w\" sizes=\"auto, (max-width: 1024px) 100vw, 1024px\" \/>\t\t\t\t\t<\/a>\n\t\t\t\t\t\t\t<\/div>\n\t\t\t\t\t\t<h4 class=\"uagb-post__title uagb-post__text\">\n\t\t\t\t<a href=\"https:\/\/ru.law\/nl\/restschadensersatzanspruch-greift-auch-bei-gebrauchtwagen\/\" target=\"_self\" rel=\"bookmark noopener noreferrer\">Restschadeclaim geldt ook voor gebruikte auto&#039;s<\/a>\n\t\t\t<\/h4>\n\t\t\t\t\t\t<div class='uagb-post__text uagb-post-grid-byline'>\n\t\t\t\t\t\t\t<\/div>\n\t\t\t\t\t\t\t<div class='uagb-post__text uagb-post__excerpt'>\n\t\t\t\t\t<p>Tot nu toe beslissen rechtbanken steeds vaker ten gunste van klagende consumenten van nieuwe auto\u2019s, zelfs ondanks de verjaringstermijn voor\u2026\t\t\t\t<\/div>\n\t\t\t\n\t\t\t\t\t\t\t\t\t<\/article>\n\t\t\t\t\t\t\t\t\t\t\t<\/div>\n\t\t\t<\/div><\/div>\n<\/div><\/section>","protected":false},"excerpt":{"rendered":"<p>Mit Urteil vom 20. Juli 2021, VI ZR 575\/20 entschied der BGH, dass auch bei Weiterverkauf eines vom Abgasskandal betroffenen Fahrzeuges ein Schadensersatzanspruch besteht. Nach [&hellip;]<\/p>\n","protected":false},"author":21,"featured_media":20293,"comment_status":"closed","ping_status":"open","sticky":false,"template":"","format":"standard","meta":{"_uag_custom_page_level_css":"","site-sidebar-layout":"default","site-content-layout":"default","ast-site-content-layout":"default","site-content-style":"default","site-sidebar-style":"default","ast-global-header-display":"","ast-banner-title-visibility":"","ast-main-header-display":"","ast-hfb-above-header-display":"","ast-hfb-below-header-display":"","ast-hfb-mobile-header-display":"","site-post-title":"","ast-breadcrumbs-content":"","ast-featured-img":"","footer-sml-layout":"","ast-disable-related-posts":"","theme-transparent-header-meta":"default","adv-header-id-meta":"","stick-header-meta":"","header-above-stick-meta":"","header-main-stick-meta":"","header-below-stick-meta":"","astra-migrate-meta-layouts":"default","ast-page-background-enabled":"default","ast-page-background-meta":{"desktop":{"background-color":"","background-image":"","background-repeat":"repeat","background-position":"center center","background-size":"auto","background-attachment":"scroll","background-type":"","background-media":"","overlay-type":"","overlay-color":"","overlay-opacity":"","overlay-gradient":""},"tablet":{"background-color":"","background-image":"","background-repeat":"repeat","background-position":"center center","background-size":"auto","background-attachment":"scroll","background-type":"","background-media":"","overlay-type":"","overlay-color":"","overlay-opacity":"","overlay-gradient":""},"mobile":{"background-color":"","background-image":"","background-repeat":"repeat","background-position":"center center","background-size":"auto","background-attachment":"scroll","background-type":"","background-media":"","overlay-type":"","overlay-color":"","overlay-opacity":"","overlay-gradient":""}},"ast-content-background-meta":{"desktop":{"background-color":"var(--ast-global-color-5)","background-image":"","background-repeat":"repeat","background-position":"center center","background-size":"auto","background-attachment":"scroll","background-type":"","background-media":"","overlay-type":"","overlay-color":"","overlay-opacity":"","overlay-gradient":""},"tablet":{"background-color":"var(--ast-global-color-5)","background-image":"","background-repeat":"repeat","background-position":"center center","background-size":"auto","background-attachment":"scroll","background-type":"","background-media":"","overlay-type":"","overlay-color":"","overlay-opacity":"","overlay-gradient":""},"mobile":{"background-color":"var(--ast-global-color-5)","background-image":"","background-repeat":"repeat","background-position":"center center","background-size":"auto","background-attachment":"scroll","background-type":"","background-media":"","overlay-type":"","overlay-color":"","overlay-opacity":"","overlay-gradient":""}},"footnotes":""},"categories":[2,507],"tags":[14,19,900],"class_list":["post-20283","post","type-post","status-publish","format-standard","has-post-thumbnail","hentry","category-abgasskandal","category-urteile","tag-bgh","tag-ea189","tag-volkswagen"],"yoast_head":"<!-- This site is optimized with the Yoast SEO Premium plugin v27.4 (Yoast SEO v27.4) - https:\/\/yoast.com\/product\/yoast-seo-premium-wordpress\/ -->\n<title>BGH best\u00e4tigt nun auch Differenzanspr\u00fcche nach Weiterverkauf - R&amp;U<\/title>\n<meta name=\"description\" content=\"BGH best\u00e4tigt: Schadensersatzanspruch entf\u00e4llt nicht. Sie k\u00f6nnen klagen, obwohl Sie Ihr Fahrzeug bereits verkauft haben.\" \/>\n<meta name=\"robots\" content=\"index, follow, max-snippet:-1, max-image-preview:large, max-video-preview:-1\" \/>\n<link rel=\"canonical\" href=\"https:\/\/ru.law\/nl\/bgh-bestaetigt-nun-auch-differenzansprueche-nach-weiterverkauf\/\" \/>\n<meta property=\"og:locale\" content=\"nl_NL\" \/>\n<meta property=\"og:type\" content=\"article\" \/>\n<meta property=\"og:title\" content=\"BGH best\u00e4tigt nun auch Differenzanspr\u00fcche nach Weiterverkauf\" \/>\n<meta property=\"og:description\" content=\"BGH best\u00e4tigt: Schadensersatzanspruch entf\u00e4llt nicht. Sie k\u00f6nnen klagen, obwohl Sie Ihr Fahrzeug bereits verkauft haben.\" \/>\n<meta property=\"og:url\" content=\"https:\/\/ru.law\/nl\/bgh-bestaetigt-nun-auch-differenzansprueche-nach-weiterverkauf\/\" \/>\n<meta property=\"og:site_name\" content=\"R&amp;U\" \/>\n<meta property=\"article:publisher\" content=\"https:\/\/www.facebook.com\/RogertUlbrich\/\" \/>\n<meta property=\"article:published_time\" content=\"2021-07-20T13:38:36+00:00\" \/>\n<meta property=\"article:modified_time\" content=\"2024-07-08T11:12:25+00:00\" \/>\n<meta property=\"og:image\" content=\"https:\/\/ru.law\/wp-content\/uploads\/2021\/07\/Rogert-Ulbrich-Rechtsanwaelte-Kanzlei-VW-EA189-BGH.jpg\" \/>\n\t<meta property=\"og:image:width\" content=\"1200\" \/>\n\t<meta property=\"og:image:height\" content=\"675\" \/>\n\t<meta property=\"og:image:type\" content=\"image\/jpeg\" \/>\n<meta name=\"author\" content=\"Marco Rogert\" \/>\n<meta name=\"twitter:card\" content=\"summary_large_image\" \/>\n<meta name=\"twitter:creator\" content=\"@RogertUlbrich\" \/>\n<meta name=\"twitter:site\" content=\"@RogertUlbrich\" \/>\n<script type=\"application\/ld+json\" class=\"yoast-schema-graph\">{\"@context\":\"https:\\\/\\\/schema.org\",\"@graph\":[{\"@type\":\"Article\",\"@id\":\"https:\\\/\\\/ru.law\\\/bgh-bestaetigt-nun-auch-differenzansprueche-nach-weiterverkauf\\\/#article\",\"isPartOf\":{\"@id\":\"https:\\\/\\\/ru.law\\\/bgh-bestaetigt-nun-auch-differenzansprueche-nach-weiterverkauf\\\/\"},\"author\":{\"name\":\"Marco Rogert\",\"@id\":\"https:\\\/\\\/ru.law\\\/#\\\/schema\\\/person\\\/b020d506e6bbc471b4565d3a98173b87\"},\"headline\":\"BGH best\u00e4tigt nun auch Differenzanspr\u00fcche nach Weiterverkauf\",\"datePublished\":\"2021-07-20T13:38:36+00:00\",\"dateModified\":\"2024-07-08T11:12:25+00:00\",\"mainEntityOfPage\":{\"@id\":\"https:\\\/\\\/ru.law\\\/bgh-bestaetigt-nun-auch-differenzansprueche-nach-weiterverkauf\\\/\"},\"wordCount\":186,\"publisher\":{\"@id\":\"https:\\\/\\\/ru.law\\\/#organization\"},\"image\":{\"@id\":\"https:\\\/\\\/ru.law\\\/bgh-bestaetigt-nun-auch-differenzansprueche-nach-weiterverkauf\\\/#primaryimage\"},\"thumbnailUrl\":\"https:\\\/\\\/ru.law\\\/wp-content\\\/uploads\\\/2021\\\/07\\\/Rogert-Ulbrich-Rechtsanwaelte-Kanzlei-VW-EA189-BGH.jpg\",\"keywords\":[\"BGH\",\"EA189\",\"Volkswagen\"],\"articleSection\":[\"Abgasskandal\",\"Urteile\"],\"inLanguage\":\"nl-NL\"},{\"@type\":\"WebPage\",\"@id\":\"https:\\\/\\\/ru.law\\\/bgh-bestaetigt-nun-auch-differenzansprueche-nach-weiterverkauf\\\/\",\"url\":\"https:\\\/\\\/ru.law\\\/bgh-bestaetigt-nun-auch-differenzansprueche-nach-weiterverkauf\\\/\",\"name\":\"BGH best\u00e4tigt nun auch Differenzanspr\u00fcche nach Weiterverkauf - R&amp;U\",\"isPartOf\":{\"@id\":\"https:\\\/\\\/ru.law\\\/#website\"},\"primaryImageOfPage\":{\"@id\":\"https:\\\/\\\/ru.law\\\/bgh-bestaetigt-nun-auch-differenzansprueche-nach-weiterverkauf\\\/#primaryimage\"},\"image\":{\"@id\":\"https:\\\/\\\/ru.law\\\/bgh-bestaetigt-nun-auch-differenzansprueche-nach-weiterverkauf\\\/#primaryimage\"},\"thumbnailUrl\":\"https:\\\/\\\/ru.law\\\/wp-content\\\/uploads\\\/2021\\\/07\\\/Rogert-Ulbrich-Rechtsanwaelte-Kanzlei-VW-EA189-BGH.jpg\",\"datePublished\":\"2021-07-20T13:38:36+00:00\",\"dateModified\":\"2024-07-08T11:12:25+00:00\",\"description\":\"BGH best\u00e4tigt: Schadensersatzanspruch entf\u00e4llt nicht. Sie k\u00f6nnen klagen, obwohl Sie Ihr Fahrzeug bereits verkauft haben.\",\"breadcrumb\":{\"@id\":\"https:\\\/\\\/ru.law\\\/bgh-bestaetigt-nun-auch-differenzansprueche-nach-weiterverkauf\\\/#breadcrumb\"},\"inLanguage\":\"nl-NL\",\"potentialAction\":[{\"@type\":\"ReadAction\",\"target\":[\"https:\\\/\\\/ru.law\\\/bgh-bestaetigt-nun-auch-differenzansprueche-nach-weiterverkauf\\\/\"]}]},{\"@type\":\"ImageObject\",\"inLanguage\":\"nl-NL\",\"@id\":\"https:\\\/\\\/ru.law\\\/bgh-bestaetigt-nun-auch-differenzansprueche-nach-weiterverkauf\\\/#primaryimage\",\"url\":\"https:\\\/\\\/ru.law\\\/wp-content\\\/uploads\\\/2021\\\/07\\\/Rogert-Ulbrich-Rechtsanwaelte-Kanzlei-VW-EA189-BGH.jpg\",\"contentUrl\":\"https:\\\/\\\/ru.law\\\/wp-content\\\/uploads\\\/2021\\\/07\\\/Rogert-Ulbrich-Rechtsanwaelte-Kanzlei-VW-EA189-BGH.jpg\",\"width\":1200,\"height\":675,\"caption\":\"Differenzanspr\u00fcche nach Weiterverkauf\"},{\"@type\":\"BreadcrumbList\",\"@id\":\"https:\\\/\\\/ru.law\\\/bgh-bestaetigt-nun-auch-differenzansprueche-nach-weiterverkauf\\\/#breadcrumb\",\"itemListElement\":[{\"@type\":\"ListItem\",\"position\":1,\"name\":\"Startseite\",\"item\":\"https:\\\/\\\/ru.law\\\/\"},{\"@type\":\"ListItem\",\"position\":2,\"name\":\"BGH best\u00e4tigt nun auch Differenzanspr\u00fcche nach Weiterverkauf\"}]},{\"@type\":\"WebSite\",\"@id\":\"https:\\\/\\\/ru.law\\\/#website\",\"url\":\"https:\\\/\\\/ru.law\\\/\",\"name\":\"R&U\",\"description\":\"Verbraucheranw\u00e4lte\",\"publisher\":{\"@id\":\"https:\\\/\\\/ru.law\\\/#organization\"},\"alternateName\":\"Rogert & Ulbrich\",\"potentialAction\":[{\"@type\":\"SearchAction\",\"target\":{\"@type\":\"EntryPoint\",\"urlTemplate\":\"https:\\\/\\\/ru.law\\\/?s={search_term_string}\"},\"query-input\":{\"@type\":\"PropertyValueSpecification\",\"valueRequired\":true,\"valueName\":\"search_term_string\"}}],\"inLanguage\":\"nl-NL\"},{\"@type\":\"Organization\",\"@id\":\"https:\\\/\\\/ru.law\\\/#organization\",\"name\":\"Kanzlei Rogert & Ulbrich\",\"url\":\"https:\\\/\\\/ru.law\\\/\",\"logo\":{\"@type\":\"ImageObject\",\"inLanguage\":\"nl-NL\",\"@id\":\"https:\\\/\\\/ru.law\\\/#\\\/schema\\\/logo\\\/image\\\/\",\"url\":\"https:\\\/\\\/ru.law\\\/wp-content\\\/uploads\\\/2020\\\/12\\\/logo-ru-law.svg\",\"contentUrl\":\"https:\\\/\\\/ru.law\\\/wp-content\\\/uploads\\\/2020\\\/12\\\/logo-ru-law.svg\",\"width\":992,\"height\":259,\"caption\":\"Kanzlei Rogert & Ulbrich\"},\"image\":{\"@id\":\"https:\\\/\\\/ru.law\\\/#\\\/schema\\\/logo\\\/image\\\/\"},\"sameAs\":[\"https:\\\/\\\/www.facebook.com\\\/RogertUlbrich\\\/\",\"https:\\\/\\\/x.com\\\/RogertUlbrich\",\"https:\\\/\\\/www.instagram.com\\\/rogertulbrich\\\/\",\"https:\\\/\\\/www.linkedin.com\\\/company\\\/rogert-ulbrich\\\/\",\"https:\\\/\\\/www.youtube.com\\\/channel\\\/UCganCgpvwpPFqMFf1vVmG2A\"]},{\"@type\":\"Person\",\"@id\":\"https:\\\/\\\/ru.law\\\/#\\\/schema\\\/person\\\/b020d506e6bbc471b4565d3a98173b87\",\"name\":\"Marco Rogert\",\"url\":\"https:\\\/\\\/ru.law\\\/nl\\\/author\\\/rogertru-law\\\/\"}]}<\/script>\n<!-- \/ Yoast SEO Premium plugin. -->","yoast_head_json":{"title":"Federale Hof van Justitie bevestigt nu ook claims voor verschil na wederverkoop - R&amp;U","description":"Het Federale Hof van Justitie (BGH) heeft bevestigd dat het recht op schadevergoeding niet is vervallen. U kunt een rechtszaak aanspannen, zelfs als u uw voertuig al heeft verkocht.","robots":{"index":"index","follow":"follow","max-snippet":"max-snippet:-1","max-image-preview":"max-image-preview:large","max-video-preview":"max-video-preview:-1"},"canonical":"https:\/\/ru.law\/nl\/bgh-bestaetigt-nun-auch-differenzansprueche-nach-weiterverkauf\/","og_locale":"nl_NL","og_type":"article","og_title":"BGH best\u00e4tigt nun auch Differenzanspr\u00fcche nach Weiterverkauf","og_description":"BGH best\u00e4tigt: Schadensersatzanspruch entf\u00e4llt nicht. Sie k\u00f6nnen klagen, obwohl Sie Ihr Fahrzeug bereits verkauft haben.","og_url":"https:\/\/ru.law\/nl\/bgh-bestaetigt-nun-auch-differenzansprueche-nach-weiterverkauf\/","og_site_name":"R&amp;U","article_publisher":"https:\/\/www.facebook.com\/RogertUlbrich\/","article_published_time":"2021-07-20T13:38:36+00:00","article_modified_time":"2024-07-08T11:12:25+00:00","og_image":[{"width":1200,"height":675,"url":"https:\/\/ru.law\/wp-content\/uploads\/2021\/07\/Rogert-Ulbrich-Rechtsanwaelte-Kanzlei-VW-EA189-BGH.jpg","type":"image\/jpeg"}],"author":"Marco Rogert","twitter_card":"summary_large_image","twitter_creator":"@RogertUlbrich","twitter_site":"@RogertUlbrich","schema":{"@context":"https:\/\/schema.org","@graph":[{"@type":"Article","@id":"https:\/\/ru.law\/bgh-bestaetigt-nun-auch-differenzansprueche-nach-weiterverkauf\/#article","isPartOf":{"@id":"https:\/\/ru.law\/bgh-bestaetigt-nun-auch-differenzansprueche-nach-weiterverkauf\/"},"author":{"name":"Marco Rogert","@id":"https:\/\/ru.law\/#\/schema\/person\/b020d506e6bbc471b4565d3a98173b87"},"headline":"BGH best\u00e4tigt nun auch Differenzanspr\u00fcche nach Weiterverkauf","datePublished":"2021-07-20T13:38:36+00:00","dateModified":"2024-07-08T11:12:25+00:00","mainEntityOfPage":{"@id":"https:\/\/ru.law\/bgh-bestaetigt-nun-auch-differenzansprueche-nach-weiterverkauf\/"},"wordCount":186,"publisher":{"@id":"https:\/\/ru.law\/#organization"},"image":{"@id":"https:\/\/ru.law\/bgh-bestaetigt-nun-auch-differenzansprueche-nach-weiterverkauf\/#primaryimage"},"thumbnailUrl":"https:\/\/ru.law\/wp-content\/uploads\/2021\/07\/Rogert-Ulbrich-Rechtsanwaelte-Kanzlei-VW-EA189-BGH.jpg","keywords":["BGH","EA189","Volkswagen"],"articleSection":["Abgasskandal","Urteile"],"inLanguage":"nl-NL"},{"@type":"WebPage","@id":"https:\/\/ru.law\/bgh-bestaetigt-nun-auch-differenzansprueche-nach-weiterverkauf\/","url":"https:\/\/ru.law\/bgh-bestaetigt-nun-auch-differenzansprueche-nach-weiterverkauf\/","name":"Federale Hof van Justitie bevestigt nu ook claims voor verschil na wederverkoop - R&amp;U","isPartOf":{"@id":"https:\/\/ru.law\/#website"},"primaryImageOfPage":{"@id":"https:\/\/ru.law\/bgh-bestaetigt-nun-auch-differenzansprueche-nach-weiterverkauf\/#primaryimage"},"image":{"@id":"https:\/\/ru.law\/bgh-bestaetigt-nun-auch-differenzansprueche-nach-weiterverkauf\/#primaryimage"},"thumbnailUrl":"https:\/\/ru.law\/wp-content\/uploads\/2021\/07\/Rogert-Ulbrich-Rechtsanwaelte-Kanzlei-VW-EA189-BGH.jpg","datePublished":"2021-07-20T13:38:36+00:00","dateModified":"2024-07-08T11:12:25+00:00","description":"Het Federale Hof van Justitie (BGH) heeft bevestigd dat het recht op schadevergoeding niet is vervallen. U kunt een rechtszaak aanspannen, zelfs als u uw voertuig al heeft verkocht.","breadcrumb":{"@id":"https:\/\/ru.law\/bgh-bestaetigt-nun-auch-differenzansprueche-nach-weiterverkauf\/#breadcrumb"},"inLanguage":"nl-NL","potentialAction":[{"@type":"ReadAction","target":["https:\/\/ru.law\/bgh-bestaetigt-nun-auch-differenzansprueche-nach-weiterverkauf\/"]}]},{"@type":"ImageObject","inLanguage":"nl-NL","@id":"https:\/\/ru.law\/bgh-bestaetigt-nun-auch-differenzansprueche-nach-weiterverkauf\/#primaryimage","url":"https:\/\/ru.law\/wp-content\/uploads\/2021\/07\/Rogert-Ulbrich-Rechtsanwaelte-Kanzlei-VW-EA189-BGH.jpg","contentUrl":"https:\/\/ru.law\/wp-content\/uploads\/2021\/07\/Rogert-Ulbrich-Rechtsanwaelte-Kanzlei-VW-EA189-BGH.jpg","width":1200,"height":675,"caption":"Differenzanspr\u00fcche nach Weiterverkauf"},{"@type":"BreadcrumbList","@id":"https:\/\/ru.law\/bgh-bestaetigt-nun-auch-differenzansprueche-nach-weiterverkauf\/#breadcrumb","itemListElement":[{"@type":"ListItem","position":1,"name":"Startseite","item":"https:\/\/ru.law\/"},{"@type":"ListItem","position":2,"name":"BGH best\u00e4tigt nun auch Differenzanspr\u00fcche nach Weiterverkauf"}]},{"@type":"WebSite","@id":"https:\/\/ru.law\/#website","url":"https:\/\/ru.law\/","name":"R&amp;U","description":"Consumentenadvocaten","publisher":{"@id":"https:\/\/ru.law\/#organization"},"alternateName":"Rogert & Ulbrich","potentialAction":[{"@type":"SearchAction","target":{"@type":"EntryPoint","urlTemplate":"https:\/\/ru.law\/?s={search_term_string}"},"query-input":{"@type":"PropertyValueSpecification","valueRequired":true,"valueName":"search_term_string"}}],"inLanguage":"nl-NL"},{"@type":"Organization","@id":"https:\/\/ru.law\/#organization","name":"Advocatenkantoor Rogert &amp; Ulbrich","url":"https:\/\/ru.law\/","logo":{"@type":"ImageObject","inLanguage":"nl-NL","@id":"https:\/\/ru.law\/#\/schema\/logo\/image\/","url":"https:\/\/ru.law\/wp-content\/uploads\/2020\/12\/logo-ru-law.svg","contentUrl":"https:\/\/ru.law\/wp-content\/uploads\/2020\/12\/logo-ru-law.svg","width":992,"height":259,"caption":"Kanzlei Rogert & Ulbrich"},"image":{"@id":"https:\/\/ru.law\/#\/schema\/logo\/image\/"},"sameAs":["https:\/\/www.facebook.com\/RogertUlbrich\/","https:\/\/x.com\/RogertUlbrich","https:\/\/www.instagram.com\/rogertulbrich\/","https:\/\/www.linkedin.com\/company\/rogert-ulbrich\/","https:\/\/www.youtube.com\/channel\/UCganCgpvwpPFqMFf1vVmG2A"]},{"@type":"Person","@id":"https:\/\/ru.law\/#\/schema\/person\/b020d506e6bbc471b4565d3a98173b87","name":"Marco Rogert","url":"https:\/\/ru.law\/nl\/author\/rogertru-law\/"}]}},"uagb_featured_image_src":{"full":["https:\/\/ru.law\/wp-content\/uploads\/2021\/07\/Rogert-Ulbrich-Rechtsanwaelte-Kanzlei-VW-EA189-BGH.jpg",1200,675,false],"thumbnail":["https:\/\/ru.law\/wp-content\/uploads\/2021\/07\/Rogert-Ulbrich-Rechtsanwaelte-Kanzlei-VW-EA189-BGH-150x150.jpg",96,96,true],"medium":["https:\/\/ru.law\/wp-content\/uploads\/2021\/07\/Rogert-Ulbrich-Rechtsanwaelte-Kanzlei-VW-EA189-BGH-300x169.jpg",300,169,true],"medium_large":["https:\/\/ru.law\/wp-content\/uploads\/2021\/07\/Rogert-Ulbrich-Rechtsanwaelte-Kanzlei-VW-EA189-BGH-768x432.jpg",768,432,true],"large":["https:\/\/ru.law\/wp-content\/uploads\/2021\/07\/Rogert-Ulbrich-Rechtsanwaelte-Kanzlei-VW-EA189-BGH-1024x576.jpg",1024,576,true],"1536x1536":["https:\/\/ru.law\/wp-content\/uploads\/2021\/07\/Rogert-Ulbrich-Rechtsanwaelte-Kanzlei-VW-EA189-BGH.jpg",1200,675,false],"2048x2048":["https:\/\/ru.law\/wp-content\/uploads\/2021\/07\/Rogert-Ulbrich-Rechtsanwaelte-Kanzlei-VW-EA189-BGH.jpg",1200,675,false],"trp-custom-language-flag":["https:\/\/ru.law\/wp-content\/uploads\/2021\/07\/Rogert-Ulbrich-Rechtsanwaelte-Kanzlei-VW-EA189-BGH.jpg",18,10,false]},"uagb_author_info":{"display_name":"Marco Rogert","author_link":"https:\/\/ru.law\/nl\/author\/rogertru-law\/"},"uagb_comment_info":0,"uagb_excerpt":"Mit Urteil vom 20. Juli 2021, VI ZR 575\/20 entschied der BGH, dass auch bei Weiterverkauf eines vom Abgasskandal betroffenen Fahrzeuges ein Schadensersatzanspruch besteht. Nach [&hellip;]","_links":{"self":[{"href":"https:\/\/ru.law\/nl\/wp-json\/wp\/v2\/posts\/20283","targetHints":{"allow":["GET"]}}],"collection":[{"href":"https:\/\/ru.law\/nl\/wp-json\/wp\/v2\/posts"}],"about":[{"href":"https:\/\/ru.law\/nl\/wp-json\/wp\/v2\/types\/post"}],"author":[{"embeddable":true,"href":"https:\/\/ru.law\/nl\/wp-json\/wp\/v2\/users\/21"}],"replies":[{"embeddable":true,"href":"https:\/\/ru.law\/nl\/wp-json\/wp\/v2\/comments?post=20283"}],"version-history":[{"count":0,"href":"https:\/\/ru.law\/nl\/wp-json\/wp\/v2\/posts\/20283\/revisions"}],"wp:featuredmedia":[{"embeddable":true,"href":"https:\/\/ru.law\/nl\/wp-json\/wp\/v2\/media\/20293"}],"wp:attachment":[{"href":"https:\/\/ru.law\/nl\/wp-json\/wp\/v2\/media?parent=20283"}],"wp:term":[{"taxonomy":"category","embeddable":true,"href":"https:\/\/ru.law\/nl\/wp-json\/wp\/v2\/categories?post=20283"},{"taxonomy":"post_tag","embeddable":true,"href":"https:\/\/ru.law\/nl\/wp-json\/wp\/v2\/tags?post=20283"}],"curies":[{"name":"wp","href":"https:\/\/api.w.org\/{rel}","templated":true}]}}