{"id":15845,"date":"2021-05-20T16:19:11","date_gmt":"2021-05-20T14:19:11","guid":{"rendered":"https:\/\/ru.law\/?p=15845"},"modified":"2024-07-08T13:12:32","modified_gmt":"2024-07-08T11:12:32","slug":"landgericht-moenchengladbach-schafft-klare-verhaeltnisse","status":"publish","type":"post","link":"https:\/\/ru.law\/nl\/landgericht-moenchengladbach-schafft-klare-verhaeltnisse\/","title":{"rendered":"Arrondissementsrechtbank M\u00f6nchengladbach schept duidelijkheid"},"content":{"rendered":"<p>De rechtbank van M\u00f6nchengladbach heeft de rechtszaak tegen de Daimler-groep gegrond verklaard en deze bevolen een verzoek tot intrekking in te dienen. <a href=\"https:\/\/ru.law\/nl\/expertise\/abgasskandal\/mercedes-benz-diesel\/#modelle\">Mercedes-Benz V-Klasse 250d 4M<\/a> (LG M\u00f6nchengladbach, arrest van 12 mei 2021, ref. 6 O 78\/19). Dit model is uitgerust met een motor met de naam <a href=\"https:\/\/ru.law\/nl\/expertise\/abgasskandal\/mercedes-benz-diesel\/#motor\">OM651<\/a> en werd teruggeroepen door de KBA.<\/p>\n\n\n\n<p>De rechtbank maakte duidelijk dat de Mercedes-Benz bestelwagen die in juni 2018 voor \u20ac 69.900 werd verkocht, niet vrij was van materi\u00eble gebreken, omdat deze niet de kwaliteit had die gebruikelijk en te verwachten is bij dergelijke aankopen. Met andere woorden: het voertuig is gebrekkig en de koper heeft daarom het recht om de koopovereenkomst te ontbinden \u2013 zonder voorafgaande kennisgeving van een termijn voor herstel!<\/p>\n\n\n\n<h2 class=\"wp-block-heading\" id=\"h-mercedes-v-klasse-verfugt-uber-unzulassige-abschalteinrichtung\">Mercedes V-Klasse heeft een illegaal uitschakelmechanisme<\/h2>\n\n\n\n<p>In zijn vonnis volgde de rechtbank de stellingen van de eisers en stelde vast dat in het voertuig verschillende inrichtingen waren aangebracht die, wat betreft de uitlaatgasreiniging, onderscheid maakten tussen een situatie op de testbank en een situatie buiten de testbank en alleen zorgden voor een reiniging van de uitlaatgassen binnen de wettelijke grenzen op de testbank; De auto is daarom uitgerust met een uitschakelvoorziening.<\/p>\n\n\n\n<p>De redelijke gemiddelde koper verwacht dat het betreffende voertuig wettelijk is geregistreerd of kan worden geregistreerd en gaat ervan uit dat het voertuig voldoet aan de technische en wettelijke vereisten voor registratie. Vereisten waaraan de V-Klasse niet voldoet.<\/p>\n\n\n\n<h3 class=\"wp-block-heading\" id=\"h-frist-zur-nachbesserung-nicht-erforderlich\">Deadline voor rectificatie niet vereist<\/h3>\n\n\n\n<p>In dit geval hoefde er geen termijn te worden gesteld voor het verhelpen of wegnemen van het gebrek, omdat de bedrieglijke misleiding jegens de koper - maar ook jegens de instantie die verantwoordelijk is voor de registratie van het voertuig - de vertrouwensrelatie tussen de koper en de verkoper zodanig had verstoord dat een dergelijke termijn niet nodig was. Voor de rechtbank was het niet relevant of het gebrek kon worden verholpen door het installeren van de software-update. Het feit dat een gebrek achteraf kan worden verholpen, verandert niets aan het feit dat het gekochte goed op het moment van de risico-overgang al met dit gebrek kampte en dat de koper met betrekking tot dit gebrek misleid werd. Anders zou degene die de verbeteringen moet doorvoeren en die reeds bedrog jegens de overheid heeft gepleegd, kunnen beweren dat hij wordt gecontroleerd door dezelfde overheid die reeds is bedrogen. Gelet hierop is het niet redelijk om van eiser te verwachten dat hij met een verdere verbetering zal instemmen.<\/p>\n\n\n\n<p>De rechtbank berekende hier voor de gereden 41.349 km een kleine \u20ac 11.800,- als <a href=\"https:\/\/ru.law\/nl\/expertise\/abgasskandal\/mercedes-benz-diesel\/#rechner\">compensatie voor gebruik<\/a> op de aankoopprijs. Eisers hebben derhalve recht op een bedrag van circa \u20ac 57.200,-.<\/p>\n\n\n\n<section class=\"wp-block-uagb-columns uagb-columns__wrap uagb-columns__background-undefined uagb-columns__stack-mobile uagb-columns__valign-undefined uagb-columns__gap-10 alignundefined uagb-block-489a864e contrast blog_beitraege\"><div class=\"uagb-columns__overlay\"><\/div><div class=\"uagb-columns__inner-wrap uagb-columns__columns-1\">\n<div class=\"wp-block-uagb-column uagb-column__wrap uagb-column__background-undefined uagb-block-e032061c\"><div class=\"uagb-column__overlay\"><\/div><div class=\"uagb-column__inner-wrap\">\n<h3 class=\"wp-block-heading\" id=\"h-das-konnte-sie-auch-interessieren\">Misschien bent u ook ge\u00efnteresseerd in:<\/h3>\n\n\n\n\t\t\t<div class=\"wp-block-uagb-post-grid uagb-post-grid  uagb-post__image-position-top uagb-post__image-enabled uagb-block-d59deacf     uagb-post__items uagb-post__columns-3 is-grid uagb-post__columns-tablet-2 uagb-post__columns-mobile-1 uagb-post__equal-height\" data-total=\"4\" style=\"\">\n\n\t\t\t\t\t\t\t\t\t\t\t\t<article class=\"uagb-post__inner-wrap\">\t\t\t\t\t\t\t\t<div class='uagb-post__image'>\n\t\t\t\t\t\t\t\t\t<a href=\"https:\/\/ru.law\/nl\/neue-beweisbeschluesse-in-verfahren-gegen-mercedes-benz\/\" target=\"_self\" rel=\"bookmark noopener noreferrer\" class='uagb-image-ratio-inherit'><img loading=\"lazy\" decoding=\"async\" width=\"1024\" height=\"576\" src=\"https:\/\/ru.law\/wp-content\/uploads\/2020\/09\/daimler-abgasskandal-motor-om-651-1024x576.jpg\" class=\"attachment-large size-large\" alt=\"Daimler Abgasskandal-Motor OM651\" srcset=\"https:\/\/ru.law\/wp-content\/uploads\/2020\/09\/daimler-abgasskandal-motor-om-651-1024x576.jpg 1024w, https:\/\/ru.law\/wp-content\/uploads\/2020\/09\/daimler-abgasskandal-motor-om-651-300x169.jpg 300w, https:\/\/ru.law\/wp-content\/uploads\/2020\/09\/daimler-abgasskandal-motor-om-651-768x432.jpg 768w, https:\/\/ru.law\/wp-content\/uploads\/2020\/09\/daimler-abgasskandal-motor-om-651-500x281.jpg 500w, https:\/\/ru.law\/wp-content\/uploads\/2020\/09\/daimler-abgasskandal-motor-om-651-800x450.jpg 800w, https:\/\/ru.law\/wp-content\/uploads\/2020\/09\/daimler-abgasskandal-motor-om-651.jpg 1200w\" sizes=\"auto, (max-width: 1024px) 100vw, 1024px\" \/>\t\t\t\t\t<\/a>\n\t\t\t\t\t\t\t<\/div>\n\t\t\t\t\t\t<h4 class=\"uagb-post__title uagb-post__text\">\n\t\t\t\t<a href=\"https:\/\/ru.law\/nl\/neue-beweisbeschluesse-in-verfahren-gegen-mercedes-benz\/\" target=\"_self\" rel=\"bookmark noopener noreferrer\">Nieuwe bewijsopdrachten in procedure tegen Mercedes Benz<\/a>\n\t\t\t<\/h4>\n\t\t\t\t\t\t<div class='uagb-post__text uagb-post-grid-byline'>\n\t\t\t\t\t\t\t<\/div>\n\t\t\t\t\t\t\t<div class='uagb-post__text uagb-post__excerpt'>\n\t\t\t\t\t<p>Illegale uitschakelmechanismen in de OM 651-motor. In twee onderzoeken met de\u2026\t\t\t\t<\/div>\n\t\t\t\n\t\t\t\t\t\t\t\t\t<\/article>\n\t\t\t\t\t\t\t\t\t\t\t\t\t\t\t\t<article class=\"uagb-post__inner-wrap\">\t\t\t\t\t\t\t\t<div class='uagb-post__image'>\n\t\t\t\t\t\t\t\t\t<a href=\"https:\/\/ru.law\/nl\/milliarden-zahlungen-im-diesel-abgasskandal\/\" target=\"_self\" rel=\"bookmark noopener noreferrer\" class='uagb-image-ratio-inherit'><img loading=\"lazy\" decoding=\"async\" width=\"1024\" height=\"576\" src=\"https:\/\/ru.law\/wp-content\/uploads\/2020\/08\/abgasskandal-daimler-mercedes-rueckruf-1-1024x576.jpg\" class=\"attachment-large size-large\" alt=\"Abgasskandal Daimler Mercedes-Rueckruf\" srcset=\"https:\/\/ru.law\/wp-content\/uploads\/2020\/08\/abgasskandal-daimler-mercedes-rueckruf-1-1024x576.jpg 1024w, https:\/\/ru.law\/wp-content\/uploads\/2020\/08\/abgasskandal-daimler-mercedes-rueckruf-1-300x169.jpg 300w, https:\/\/ru.law\/wp-content\/uploads\/2020\/08\/abgasskandal-daimler-mercedes-rueckruf-1-768x432.jpg 768w, https:\/\/ru.law\/wp-content\/uploads\/2020\/08\/abgasskandal-daimler-mercedes-rueckruf-1-500x281.jpg 500w, https:\/\/ru.law\/wp-content\/uploads\/2020\/08\/abgasskandal-daimler-mercedes-rueckruf-1-800x450.jpg 800w, https:\/\/ru.law\/wp-content\/uploads\/2020\/08\/abgasskandal-daimler-mercedes-rueckruf-1.jpg 1200w\" sizes=\"auto, (max-width: 1024px) 100vw, 1024px\" \/>\t\t\t\t\t<\/a>\n\t\t\t\t\t\t\t<\/div>\n\t\t\t\t\t\t<h4 class=\"uagb-post__title uagb-post__text\">\n\t\t\t\t<a href=\"https:\/\/ru.law\/nl\/milliarden-zahlungen-im-diesel-abgasskandal\/\" target=\"_self\" rel=\"bookmark noopener noreferrer\">Miljarden aan betalingen in het dieselemissieschandaal in de VS<\/a>\n\t\t\t<\/h4>\n\t\t\t\t\t\t<div class='uagb-post__text uagb-post-grid-byline'>\n\t\t\t\t\t\t\t<\/div>\n\t\t\t\t\t\t\t<div class='uagb-post__text uagb-post__excerpt'>\n\t\t\t\t\t<p>Daimler weigert zich in Duitsland te vestigen, maar de kans is groot dat slachtoffers de deal ongedaan kunnen maken. In de VS\u2026\t\t\t\t<\/div>\n\t\t\t\n\t\t\t\t\t\t\t\t\t<\/article>\n\t\t\t\t\t\t\t\t\t\t\t\t\t\t\t\t<article class=\"uagb-post__inner-wrap\">\t\t\t\t\t\t\t\t<div class='uagb-post__image'>\n\t\t\t\t\t\t\t\t\t<a href=\"https:\/\/ru.law\/nl\/mercedes-rueckrufe-im-abgasskandal\/\" target=\"_self\" rel=\"bookmark noopener noreferrer\" class='uagb-image-ratio-inherit'><img loading=\"lazy\" decoding=\"async\" width=\"1024\" height=\"576\" src=\"https:\/\/ru.law\/wp-content\/uploads\/2020\/06\/abgasskandal-mercedes-fahrzeugdetail-1-1024x576.jpg\" class=\"attachment-large size-large\" alt=\"Abgasskandal Mercedes Fahrzeugdetail\" srcset=\"https:\/\/ru.law\/wp-content\/uploads\/2020\/06\/abgasskandal-mercedes-fahrzeugdetail-1-1024x576.jpg 1024w, https:\/\/ru.law\/wp-content\/uploads\/2020\/06\/abgasskandal-mercedes-fahrzeugdetail-1-300x169.jpg 300w, https:\/\/ru.law\/wp-content\/uploads\/2020\/06\/abgasskandal-mercedes-fahrzeugdetail-1-768x432.jpg 768w, https:\/\/ru.law\/wp-content\/uploads\/2020\/06\/abgasskandal-mercedes-fahrzeugdetail-1-500x281.jpg 500w, https:\/\/ru.law\/wp-content\/uploads\/2020\/06\/abgasskandal-mercedes-fahrzeugdetail-1-800x450.jpg 800w, https:\/\/ru.law\/wp-content\/uploads\/2020\/06\/abgasskandal-mercedes-fahrzeugdetail-1.jpg 1200w\" sizes=\"auto, (max-width: 1024px) 100vw, 1024px\" \/>\t\t\t\t\t<\/a>\n\t\t\t\t\t\t\t<\/div>\n\t\t\t\t\t\t<h4 class=\"uagb-post__title uagb-post__text\">\n\t\t\t\t<a href=\"https:\/\/ru.law\/nl\/mercedes-rueckrufe-im-abgasskandal\/\" target=\"_self\" rel=\"bookmark noopener noreferrer\">Mercedes roept auto&#039;s terug in emissieschandaal<\/a>\n\t\t\t<\/h4>\n\t\t\t\t\t\t<div class='uagb-post__text uagb-post-grid-byline'>\n\t\t\t\t\t\t\t<\/div>\n\t\t\t\t\t\t\t<div class='uagb-post__text uagb-post__excerpt'>\n\t\t\t\t\t<p>Waarom Daimler-klanten nu actie moeten ondernemen. Ook voor Daimler is het emissieschandaal een eindeloos verhaal geworden. Voor de\u2026\t\t\t\t<\/div>\n\t\t\t\n\t\t\t\t\t\t\t\t\t<\/article>\n\t\t\t\t\t\t\t\t\t\t\t<\/div>\n\t\t\t<\/div><\/div>\n<\/div><\/section>","protected":false},"excerpt":{"rendered":"<p>Das Landgericht M\u00f6nchengladbach hat der Klage gegen den Daimler-Konzern stattgegeben und verurteilte diesen zur R\u00fccknahme einer Mercedes-Benz V-Klasse 250d 4M (LG M\u00f6nchengladbach, Urteil vom 12.05.2021, [&hellip;]<\/p>\n","protected":false},"author":21,"featured_media":15854,"comment_status":"closed","ping_status":"open","sticky":false,"template":"","format":"standard","meta":{"_uag_custom_page_level_css":"","site-sidebar-layout":"default","site-content-layout":"default","ast-site-content-layout":"default","site-content-style":"default","site-sidebar-style":"default","ast-global-header-display":"","ast-banner-title-visibility":"","ast-main-header-display":"","ast-hfb-above-header-display":"","ast-hfb-below-header-display":"","ast-hfb-mobile-header-display":"","site-post-title":"","ast-breadcrumbs-content":"","ast-featured-img":"","footer-sml-layout":"","ast-disable-related-posts":"","theme-transparent-header-meta":"default","adv-header-id-meta":"","stick-header-meta":"","header-above-stick-meta":"","header-main-stick-meta":"","header-below-stick-meta":"","astra-migrate-meta-layouts":"default","ast-page-background-enabled":"default","ast-page-background-meta":{"desktop":{"background-color":"","background-image":"","background-repeat":"repeat","background-position":"center center","background-size":"auto","background-attachment":"scroll","background-type":"","background-media":"","overlay-type":"","overlay-color":"","overlay-opacity":"","overlay-gradient":""},"tablet":{"background-color":"","background-image":"","background-repeat":"repeat","background-position":"center center","background-size":"auto","background-attachment":"scroll","background-type":"","background-media":"","overlay-type":"","overlay-color":"","overlay-opacity":"","overlay-gradient":""},"mobile":{"background-color":"","background-image":"","background-repeat":"repeat","background-position":"center center","background-size":"auto","background-attachment":"scroll","background-type":"","background-media":"","overlay-type":"","overlay-color":"","overlay-opacity":"","overlay-gradient":""}},"ast-content-background-meta":{"desktop":{"background-color":"var(--ast-global-color-5)","background-image":"","background-repeat":"repeat","background-position":"center center","background-size":"auto","background-attachment":"scroll","background-type":"","background-media":"","overlay-type":"","overlay-color":"","overlay-opacity":"","overlay-gradient":""},"tablet":{"background-color":"var(--ast-global-color-5)","background-image":"","background-repeat":"repeat","background-position":"center center","background-size":"auto","background-attachment":"scroll","background-type":"","background-media":"","overlay-type":"","overlay-color":"","overlay-opacity":"","overlay-gradient":""},"mobile":{"background-color":"var(--ast-global-color-5)","background-image":"","background-repeat":"repeat","background-position":"center center","background-size":"auto","background-attachment":"scroll","background-type":"","background-media":"","overlay-type":"","overlay-color":"","overlay-opacity":"","overlay-gradient":""}},"footnotes":""},"categories":[2,507],"tags":[697,876,30],"class_list":["post-15845","post","type-post","status-publish","format-standard","has-post-thumbnail","hentry","category-abgasskandal","category-urteile","tag-kba","tag-mercedes-benz","tag-om651"],"yoast_head":"<!-- This site is optimized with the Yoast SEO Premium plugin v27.4 (Yoast SEO v27.4) - https:\/\/yoast.com\/product\/yoast-seo-premium-wordpress\/ -->\n<title>Landgericht M\u00f6nchengladbach schafft klare Verh\u00e4ltnisse - R&amp;U<\/title>\n<meta name=\"description\" content=\"Das Landgericht M\u00f6nchengladbach hat der Klage gegen den Daimler-Konzern stattgegeben und verurteilte diesen zur R\u00fccknahme einer Mercedes-Benz V-Klasse 250d 4M (LG M\u00f6nchengladbach, Urteil vom 12.05.2021, Az. 6 O 78\/19)\" \/>\n<meta name=\"robots\" content=\"index, follow, max-snippet:-1, max-image-preview:large, max-video-preview:-1\" \/>\n<link rel=\"canonical\" href=\"https:\/\/ru.law\/nl\/landgericht-moenchengladbach-schafft-klare-verhaeltnisse\/\" \/>\n<meta property=\"og:locale\" content=\"nl_NL\" \/>\n<meta property=\"og:type\" content=\"article\" \/>\n<meta property=\"og:title\" content=\"Landgericht M\u00f6nchengladbach schafft klare Verh\u00e4ltnisse\" \/>\n<meta property=\"og:description\" content=\"Das Landgericht M\u00f6nchengladbach hat der Klage gegen den Daimler-Konzern stattgegeben und verurteilte diesen zur R\u00fccknahme einer Mercedes-Benz V-Klasse 250d 4M (LG M\u00f6nchengladbach, Urteil vom 12.05.2021, Az. 6 O 78\/19)\" \/>\n<meta property=\"og:url\" content=\"https:\/\/ru.law\/nl\/landgericht-moenchengladbach-schafft-klare-verhaeltnisse\/\" \/>\n<meta property=\"og:site_name\" content=\"R&amp;U\" \/>\n<meta property=\"article:publisher\" content=\"https:\/\/www.facebook.com\/RogertUlbrich\/\" \/>\n<meta property=\"article:published_time\" content=\"2021-05-20T14:19:11+00:00\" \/>\n<meta property=\"article:modified_time\" content=\"2024-07-08T11:12:32+00:00\" \/>\n<meta property=\"og:image\" content=\"https:\/\/ru.law\/wp-content\/uploads\/2021\/05\/rogert-ulbrich.rechtsanwalt-kanzlei-abgasskandal-mercedes-benz.jpg\" \/>\n\t<meta property=\"og:image:width\" content=\"1200\" \/>\n\t<meta property=\"og:image:height\" content=\"675\" \/>\n\t<meta property=\"og:image:type\" content=\"image\/jpeg\" \/>\n<meta name=\"author\" content=\"Marco Rogert\" \/>\n<meta name=\"twitter:card\" content=\"summary_large_image\" \/>\n<meta name=\"twitter:creator\" content=\"@RogertUlbrich\" \/>\n<meta name=\"twitter:site\" content=\"@RogertUlbrich\" \/>\n<script type=\"application\/ld+json\" class=\"yoast-schema-graph\">{\"@context\":\"https:\\\/\\\/schema.org\",\"@graph\":[{\"@type\":\"Article\",\"@id\":\"https:\\\/\\\/ru.law\\\/landgericht-moenchengladbach-schafft-klare-verhaeltnisse\\\/#article\",\"isPartOf\":{\"@id\":\"https:\\\/\\\/ru.law\\\/landgericht-moenchengladbach-schafft-klare-verhaeltnisse\\\/\"},\"author\":{\"name\":\"Marco Rogert\",\"@id\":\"https:\\\/\\\/ru.law\\\/#\\\/schema\\\/person\\\/b020d506e6bbc471b4565d3a98173b87\"},\"headline\":\"Landgericht M\u00f6nchengladbach schafft klare Verh\u00e4ltnisse\",\"datePublished\":\"2021-05-20T14:19:11+00:00\",\"dateModified\":\"2024-07-08T11:12:32+00:00\",\"mainEntityOfPage\":{\"@id\":\"https:\\\/\\\/ru.law\\\/landgericht-moenchengladbach-schafft-klare-verhaeltnisse\\\/\"},\"wordCount\":432,\"publisher\":{\"@id\":\"https:\\\/\\\/ru.law\\\/#organization\"},\"image\":{\"@id\":\"https:\\\/\\\/ru.law\\\/landgericht-moenchengladbach-schafft-klare-verhaeltnisse\\\/#primaryimage\"},\"thumbnailUrl\":\"https:\\\/\\\/ru.law\\\/wp-content\\\/uploads\\\/2021\\\/05\\\/rogert-ulbrich.rechtsanwalt-kanzlei-abgasskandal-mercedes-benz.jpg\",\"keywords\":[\"KBA\",\"Mercedes-Benz\",\"OM651\"],\"articleSection\":[\"Abgasskandal\",\"Urteile\"],\"inLanguage\":\"nl-NL\"},{\"@type\":\"WebPage\",\"@id\":\"https:\\\/\\\/ru.law\\\/landgericht-moenchengladbach-schafft-klare-verhaeltnisse\\\/\",\"url\":\"https:\\\/\\\/ru.law\\\/landgericht-moenchengladbach-schafft-klare-verhaeltnisse\\\/\",\"name\":\"Landgericht M\u00f6nchengladbach schafft klare Verh\u00e4ltnisse - R&amp;U\",\"isPartOf\":{\"@id\":\"https:\\\/\\\/ru.law\\\/#website\"},\"primaryImageOfPage\":{\"@id\":\"https:\\\/\\\/ru.law\\\/landgericht-moenchengladbach-schafft-klare-verhaeltnisse\\\/#primaryimage\"},\"image\":{\"@id\":\"https:\\\/\\\/ru.law\\\/landgericht-moenchengladbach-schafft-klare-verhaeltnisse\\\/#primaryimage\"},\"thumbnailUrl\":\"https:\\\/\\\/ru.law\\\/wp-content\\\/uploads\\\/2021\\\/05\\\/rogert-ulbrich.rechtsanwalt-kanzlei-abgasskandal-mercedes-benz.jpg\",\"datePublished\":\"2021-05-20T14:19:11+00:00\",\"dateModified\":\"2024-07-08T11:12:32+00:00\",\"description\":\"Das Landgericht M\u00f6nchengladbach hat der Klage gegen den Daimler-Konzern stattgegeben und verurteilte diesen zur R\u00fccknahme einer Mercedes-Benz V-Klasse 250d 4M (LG M\u00f6nchengladbach, Urteil vom 12.05.2021, Az. 6 O 78\\\/19)\",\"breadcrumb\":{\"@id\":\"https:\\\/\\\/ru.law\\\/landgericht-moenchengladbach-schafft-klare-verhaeltnisse\\\/#breadcrumb\"},\"inLanguage\":\"nl-NL\",\"potentialAction\":[{\"@type\":\"ReadAction\",\"target\":[\"https:\\\/\\\/ru.law\\\/landgericht-moenchengladbach-schafft-klare-verhaeltnisse\\\/\"]}]},{\"@type\":\"ImageObject\",\"inLanguage\":\"nl-NL\",\"@id\":\"https:\\\/\\\/ru.law\\\/landgericht-moenchengladbach-schafft-klare-verhaeltnisse\\\/#primaryimage\",\"url\":\"https:\\\/\\\/ru.law\\\/wp-content\\\/uploads\\\/2021\\\/05\\\/rogert-ulbrich.rechtsanwalt-kanzlei-abgasskandal-mercedes-benz.jpg\",\"contentUrl\":\"https:\\\/\\\/ru.law\\\/wp-content\\\/uploads\\\/2021\\\/05\\\/rogert-ulbrich.rechtsanwalt-kanzlei-abgasskandal-mercedes-benz.jpg\",\"width\":1200,\"height\":675},{\"@type\":\"BreadcrumbList\",\"@id\":\"https:\\\/\\\/ru.law\\\/landgericht-moenchengladbach-schafft-klare-verhaeltnisse\\\/#breadcrumb\",\"itemListElement\":[{\"@type\":\"ListItem\",\"position\":1,\"name\":\"Startseite\",\"item\":\"https:\\\/\\\/ru.law\\\/\"},{\"@type\":\"ListItem\",\"position\":2,\"name\":\"Landgericht M\u00f6nchengladbach schafft klare Verh\u00e4ltnisse\"}]},{\"@type\":\"WebSite\",\"@id\":\"https:\\\/\\\/ru.law\\\/#website\",\"url\":\"https:\\\/\\\/ru.law\\\/\",\"name\":\"R&U\",\"description\":\"Verbraucheranw\u00e4lte\",\"publisher\":{\"@id\":\"https:\\\/\\\/ru.law\\\/#organization\"},\"alternateName\":\"Rogert & Ulbrich\",\"potentialAction\":[{\"@type\":\"SearchAction\",\"target\":{\"@type\":\"EntryPoint\",\"urlTemplate\":\"https:\\\/\\\/ru.law\\\/?s={search_term_string}\"},\"query-input\":{\"@type\":\"PropertyValueSpecification\",\"valueRequired\":true,\"valueName\":\"search_term_string\"}}],\"inLanguage\":\"nl-NL\"},{\"@type\":\"Organization\",\"@id\":\"https:\\\/\\\/ru.law\\\/#organization\",\"name\":\"Kanzlei Rogert & Ulbrich\",\"url\":\"https:\\\/\\\/ru.law\\\/\",\"logo\":{\"@type\":\"ImageObject\",\"inLanguage\":\"nl-NL\",\"@id\":\"https:\\\/\\\/ru.law\\\/#\\\/schema\\\/logo\\\/image\\\/\",\"url\":\"https:\\\/\\\/ru.law\\\/wp-content\\\/uploads\\\/2020\\\/12\\\/logo-ru-law.svg\",\"contentUrl\":\"https:\\\/\\\/ru.law\\\/wp-content\\\/uploads\\\/2020\\\/12\\\/logo-ru-law.svg\",\"width\":992,\"height\":259,\"caption\":\"Kanzlei Rogert & Ulbrich\"},\"image\":{\"@id\":\"https:\\\/\\\/ru.law\\\/#\\\/schema\\\/logo\\\/image\\\/\"},\"sameAs\":[\"https:\\\/\\\/www.facebook.com\\\/RogertUlbrich\\\/\",\"https:\\\/\\\/x.com\\\/RogertUlbrich\",\"https:\\\/\\\/www.instagram.com\\\/rogertulbrich\\\/\",\"https:\\\/\\\/www.linkedin.com\\\/company\\\/rogert-ulbrich\\\/\",\"https:\\\/\\\/www.youtube.com\\\/channel\\\/UCganCgpvwpPFqMFf1vVmG2A\"]},{\"@type\":\"Person\",\"@id\":\"https:\\\/\\\/ru.law\\\/#\\\/schema\\\/person\\\/b020d506e6bbc471b4565d3a98173b87\",\"name\":\"Marco Rogert\",\"url\":\"https:\\\/\\\/ru.law\\\/nl\\\/author\\\/rogertru-law\\\/\"}]}<\/script>\n<!-- \/ Yoast SEO Premium plugin. -->","yoast_head_json":{"title":"Arrondissementsrechtbank M\u00f6nchengladbach stelt duidelijke voorwaarden vast - R&amp;U","description":"De Arrondissementsrechtbank M\u00f6nchengladbach heeft de rechtszaak tegen de Daimler Group toegewezen en gelast dat deze een Mercedes-Benz V-Klasse 250d 4M terugneemt (Arrondissementsrechtbank M\u00f6nchengladbach, vonnis van 12 mei 2021, zaaknr. 6 O 78\/19).","robots":{"index":"index","follow":"follow","max-snippet":"max-snippet:-1","max-image-preview":"max-image-preview:large","max-video-preview":"max-video-preview:-1"},"canonical":"https:\/\/ru.law\/nl\/landgericht-moenchengladbach-schafft-klare-verhaeltnisse\/","og_locale":"nl_NL","og_type":"article","og_title":"Landgericht M\u00f6nchengladbach schafft klare Verh\u00e4ltnisse","og_description":"Das Landgericht M\u00f6nchengladbach hat der Klage gegen den Daimler-Konzern stattgegeben und verurteilte diesen zur R\u00fccknahme einer Mercedes-Benz V-Klasse 250d 4M (LG M\u00f6nchengladbach, Urteil vom 12.05.2021, Az. 6 O 78\/19)","og_url":"https:\/\/ru.law\/nl\/landgericht-moenchengladbach-schafft-klare-verhaeltnisse\/","og_site_name":"R&amp;U","article_publisher":"https:\/\/www.facebook.com\/RogertUlbrich\/","article_published_time":"2021-05-20T14:19:11+00:00","article_modified_time":"2024-07-08T11:12:32+00:00","og_image":[{"width":1200,"height":675,"url":"https:\/\/ru.law\/wp-content\/uploads\/2021\/05\/rogert-ulbrich.rechtsanwalt-kanzlei-abgasskandal-mercedes-benz.jpg","type":"image\/jpeg"}],"author":"Marco Rogert","twitter_card":"summary_large_image","twitter_creator":"@RogertUlbrich","twitter_site":"@RogertUlbrich","schema":{"@context":"https:\/\/schema.org","@graph":[{"@type":"Article","@id":"https:\/\/ru.law\/landgericht-moenchengladbach-schafft-klare-verhaeltnisse\/#article","isPartOf":{"@id":"https:\/\/ru.law\/landgericht-moenchengladbach-schafft-klare-verhaeltnisse\/"},"author":{"name":"Marco Rogert","@id":"https:\/\/ru.law\/#\/schema\/person\/b020d506e6bbc471b4565d3a98173b87"},"headline":"Landgericht M\u00f6nchengladbach schafft klare Verh\u00e4ltnisse","datePublished":"2021-05-20T14:19:11+00:00","dateModified":"2024-07-08T11:12:32+00:00","mainEntityOfPage":{"@id":"https:\/\/ru.law\/landgericht-moenchengladbach-schafft-klare-verhaeltnisse\/"},"wordCount":432,"publisher":{"@id":"https:\/\/ru.law\/#organization"},"image":{"@id":"https:\/\/ru.law\/landgericht-moenchengladbach-schafft-klare-verhaeltnisse\/#primaryimage"},"thumbnailUrl":"https:\/\/ru.law\/wp-content\/uploads\/2021\/05\/rogert-ulbrich.rechtsanwalt-kanzlei-abgasskandal-mercedes-benz.jpg","keywords":["KBA","Mercedes-Benz","OM651"],"articleSection":["Abgasskandal","Urteile"],"inLanguage":"nl-NL"},{"@type":"WebPage","@id":"https:\/\/ru.law\/landgericht-moenchengladbach-schafft-klare-verhaeltnisse\/","url":"https:\/\/ru.law\/landgericht-moenchengladbach-schafft-klare-verhaeltnisse\/","name":"Arrondissementsrechtbank M\u00f6nchengladbach stelt duidelijke voorwaarden vast - R&amp;U","isPartOf":{"@id":"https:\/\/ru.law\/#website"},"primaryImageOfPage":{"@id":"https:\/\/ru.law\/landgericht-moenchengladbach-schafft-klare-verhaeltnisse\/#primaryimage"},"image":{"@id":"https:\/\/ru.law\/landgericht-moenchengladbach-schafft-klare-verhaeltnisse\/#primaryimage"},"thumbnailUrl":"https:\/\/ru.law\/wp-content\/uploads\/2021\/05\/rogert-ulbrich.rechtsanwalt-kanzlei-abgasskandal-mercedes-benz.jpg","datePublished":"2021-05-20T14:19:11+00:00","dateModified":"2024-07-08T11:12:32+00:00","description":"De Arrondissementsrechtbank M\u00f6nchengladbach heeft de rechtszaak tegen de Daimler Group toegewezen en gelast dat deze een Mercedes-Benz V-Klasse 250d 4M terugneemt (Arrondissementsrechtbank M\u00f6nchengladbach, vonnis van 12 mei 2021, zaaknr. 6 O 78\/19).","breadcrumb":{"@id":"https:\/\/ru.law\/landgericht-moenchengladbach-schafft-klare-verhaeltnisse\/#breadcrumb"},"inLanguage":"nl-NL","potentialAction":[{"@type":"ReadAction","target":["https:\/\/ru.law\/landgericht-moenchengladbach-schafft-klare-verhaeltnisse\/"]}]},{"@type":"ImageObject","inLanguage":"nl-NL","@id":"https:\/\/ru.law\/landgericht-moenchengladbach-schafft-klare-verhaeltnisse\/#primaryimage","url":"https:\/\/ru.law\/wp-content\/uploads\/2021\/05\/rogert-ulbrich.rechtsanwalt-kanzlei-abgasskandal-mercedes-benz.jpg","contentUrl":"https:\/\/ru.law\/wp-content\/uploads\/2021\/05\/rogert-ulbrich.rechtsanwalt-kanzlei-abgasskandal-mercedes-benz.jpg","width":1200,"height":675},{"@type":"BreadcrumbList","@id":"https:\/\/ru.law\/landgericht-moenchengladbach-schafft-klare-verhaeltnisse\/#breadcrumb","itemListElement":[{"@type":"ListItem","position":1,"name":"Startseite","item":"https:\/\/ru.law\/"},{"@type":"ListItem","position":2,"name":"Landgericht M\u00f6nchengladbach schafft klare Verh\u00e4ltnisse"}]},{"@type":"WebSite","@id":"https:\/\/ru.law\/#website","url":"https:\/\/ru.law\/","name":"R&amp;U","description":"Consumentenadvocaten","publisher":{"@id":"https:\/\/ru.law\/#organization"},"alternateName":"Rogert & Ulbrich","potentialAction":[{"@type":"SearchAction","target":{"@type":"EntryPoint","urlTemplate":"https:\/\/ru.law\/?s={search_term_string}"},"query-input":{"@type":"PropertyValueSpecification","valueRequired":true,"valueName":"search_term_string"}}],"inLanguage":"nl-NL"},{"@type":"Organization","@id":"https:\/\/ru.law\/#organization","name":"Advocatenkantoor Rogert &amp; Ulbrich","url":"https:\/\/ru.law\/","logo":{"@type":"ImageObject","inLanguage":"nl-NL","@id":"https:\/\/ru.law\/#\/schema\/logo\/image\/","url":"https:\/\/ru.law\/wp-content\/uploads\/2020\/12\/logo-ru-law.svg","contentUrl":"https:\/\/ru.law\/wp-content\/uploads\/2020\/12\/logo-ru-law.svg","width":992,"height":259,"caption":"Kanzlei Rogert & Ulbrich"},"image":{"@id":"https:\/\/ru.law\/#\/schema\/logo\/image\/"},"sameAs":["https:\/\/www.facebook.com\/RogertUlbrich\/","https:\/\/x.com\/RogertUlbrich","https:\/\/www.instagram.com\/rogertulbrich\/","https:\/\/www.linkedin.com\/company\/rogert-ulbrich\/","https:\/\/www.youtube.com\/channel\/UCganCgpvwpPFqMFf1vVmG2A"]},{"@type":"Person","@id":"https:\/\/ru.law\/#\/schema\/person\/b020d506e6bbc471b4565d3a98173b87","name":"Marco Rogert","url":"https:\/\/ru.law\/nl\/author\/rogertru-law\/"}]}},"uagb_featured_image_src":{"full":["https:\/\/ru.law\/wp-content\/uploads\/2021\/05\/rogert-ulbrich.rechtsanwalt-kanzlei-abgasskandal-mercedes-benz.jpg",1200,675,false],"thumbnail":["https:\/\/ru.law\/wp-content\/uploads\/2021\/05\/rogert-ulbrich.rechtsanwalt-kanzlei-abgasskandal-mercedes-benz-150x150.jpg",96,96,true],"medium":["https:\/\/ru.law\/wp-content\/uploads\/2021\/05\/rogert-ulbrich.rechtsanwalt-kanzlei-abgasskandal-mercedes-benz-300x169.jpg",300,169,true],"medium_large":["https:\/\/ru.law\/wp-content\/uploads\/2021\/05\/rogert-ulbrich.rechtsanwalt-kanzlei-abgasskandal-mercedes-benz-768x432.jpg",768,432,true],"large":["https:\/\/ru.law\/wp-content\/uploads\/2021\/05\/rogert-ulbrich.rechtsanwalt-kanzlei-abgasskandal-mercedes-benz-1024x576.jpg",1024,576,true],"1536x1536":["https:\/\/ru.law\/wp-content\/uploads\/2021\/05\/rogert-ulbrich.rechtsanwalt-kanzlei-abgasskandal-mercedes-benz.jpg",1200,675,false],"2048x2048":["https:\/\/ru.law\/wp-content\/uploads\/2021\/05\/rogert-ulbrich.rechtsanwalt-kanzlei-abgasskandal-mercedes-benz.jpg",1200,675,false],"trp-custom-language-flag":["https:\/\/ru.law\/wp-content\/uploads\/2021\/05\/rogert-ulbrich.rechtsanwalt-kanzlei-abgasskandal-mercedes-benz.jpg",18,10,false]},"uagb_author_info":{"display_name":"Marco Rogert","author_link":"https:\/\/ru.law\/nl\/author\/rogertru-law\/"},"uagb_comment_info":0,"uagb_excerpt":"Das Landgericht M\u00f6nchengladbach hat der Klage gegen den Daimler-Konzern stattgegeben und verurteilte diesen zur R\u00fccknahme einer Mercedes-Benz V-Klasse 250d 4M (LG M\u00f6nchengladbach, Urteil vom 12.05.2021, [&hellip;]","_links":{"self":[{"href":"https:\/\/ru.law\/nl\/wp-json\/wp\/v2\/posts\/15845","targetHints":{"allow":["GET"]}}],"collection":[{"href":"https:\/\/ru.law\/nl\/wp-json\/wp\/v2\/posts"}],"about":[{"href":"https:\/\/ru.law\/nl\/wp-json\/wp\/v2\/types\/post"}],"author":[{"embeddable":true,"href":"https:\/\/ru.law\/nl\/wp-json\/wp\/v2\/users\/21"}],"replies":[{"embeddable":true,"href":"https:\/\/ru.law\/nl\/wp-json\/wp\/v2\/comments?post=15845"}],"version-history":[{"count":0,"href":"https:\/\/ru.law\/nl\/wp-json\/wp\/v2\/posts\/15845\/revisions"}],"wp:featuredmedia":[{"embeddable":true,"href":"https:\/\/ru.law\/nl\/wp-json\/wp\/v2\/media\/15854"}],"wp:attachment":[{"href":"https:\/\/ru.law\/nl\/wp-json\/wp\/v2\/media?parent=15845"}],"wp:term":[{"taxonomy":"category","embeddable":true,"href":"https:\/\/ru.law\/nl\/wp-json\/wp\/v2\/categories?post=15845"},{"taxonomy":"post_tag","embeddable":true,"href":"https:\/\/ru.law\/nl\/wp-json\/wp\/v2\/tags?post=15845"}],"curies":[{"name":"wp","href":"https:\/\/api.w.org\/{rel}","templated":true}]}}