{"id":15583,"date":"2021-05-10T16:08:56","date_gmt":"2021-05-10T14:08:56","guid":{"rendered":"https:\/\/ru.law\/?p=15583"},"modified":"2024-07-08T13:12:33","modified_gmt":"2024-07-08T11:12:33","slug":"audi-ag-muss-porsche-fahrzeug-zuruecknehmen","status":"publish","type":"post","link":"https:\/\/ru.law\/nl\/audi-ag-muss-porsche-fahrzeug-zuruecknehmen\/","title":{"rendered":"Audi AG moet Porsche-voertuig terugnemen"},"content":{"rendered":"<p>De Arrondissementsrechtbank M\u00fcnchen I heeft Audi AG bevolen een Porsche Macan S Diesel terug te nemen (vonnis van 4 mei 2021, zaaknummer 41 O 9400\/20). Aan de eiser, die de auto in 2013 voor ongeveer \u20ac 80.000,- had gekocht en op het moment van de zitting bijna 78.000 km had gereden, werd de koopprijs minus een schadevergoeding voor het gebruik van de auto toegekend in ruil voor het inleveren van de auto. Hij ontving dus een bedrag van \u20ac 55.187,49,- voor zijn 8 jaar oude auto.<\/p>\n\n\n\n<h2 class=\"wp-block-heading\" id=\"h-entwicklung-und-produktion-des-motors-durch-audi-ag\">Ontwikkeling en productie van de motor door Audi AG<\/h2>\n\n\n\n<p>Het interessante aan deze zaak: Audi \u2013 en niet Porsche \u2013 werd veroordeeld tot het betalen van schadevergoeding voor de aankoop van een <a href=\"https:\/\/ru.law\/nl\/expertise\/abgasskandal\/porsche-diesel\/#modelle\">Porsche Macan S Diesel<\/a> veroordeeld.<\/p>\n\n\n\n<p>In de procedure ging de rechtbank ervan uit dat Porsche weliswaar de motor in het voertuig had ingebouwd, maar dat de ontwikkeling van de motor door Audi was uitgevoerd en dat de immateri\u00eble schade derhalve ook daar was begaan. Bovendien heeft Audi nagelaten om enige verduidelijking en openbaarmaking van de omstandigheden te verschaffen, zodat de rechtbank de presentatie en argumentatie van de eiseres heeft gevolgd.<\/p>\n\n\n\n<p>Ook nadat de rechtbank Audi hierom had verzocht, heeft Audi de resultaten van het onderzoek naar de verantwoordelijkheid van de Audi-leidinggevenden niet bekendgemaakt. Tegelijkertijd leveren de verklaringen van de eiser voldoende bewijs op dat de raad van bestuur kennis had van de zaak, aldus het vonnis. Dit wordt met name ondersteund door het feit dat het gebruik van een ontoelaatbaar manipulatie-instrument een besluit was dat aanzienlijke risico&#039;s voor het bedrijf met zich meebracht, maar ook persoonlijke aansprakelijkheidsrisico&#039;s voor de personen die het besluit namen.<\/p>\n\n\n\n<h3 class=\"wp-block-heading\" id=\"h-sittenwidriges-inverkehrbringen-eines-motors-mit-unzulassiger-software\">Het immoreel op de markt brengen van een motor met ongeoorloofde software<\/h3>\n\n\n\n<p>In de zaak zelf oordeelde de Kamer dat de programmering en installatie van dergelijke software in strijd waren met de minimumvereisten voor juridische en commerci\u00eble transacties op de markt voor motorvoertuigen, en wel in die mate dat compensatie voor de veroorzaakte financi\u00eble verliezen vereist was. Vooral als een koper geen concreet idee heeft over de rechtsgeldigheid van de typegoedkeuring en de naleving van de wettelijke emissiegrenswaarden, is het op de markt brengen van de motor immoreel en komt het neer op regelrechte misleiding van de koper.<\/p>\n\n\n\n<section class=\"wp-block-uagb-columns uagb-columns__wrap uagb-columns__background-undefined uagb-columns__stack-mobile uagb-columns__valign-undefined uagb-columns__gap-10 alignundefined uagb-block-34c158b0 contrast blog_beitraege\"><div class=\"uagb-columns__overlay\"><\/div><div class=\"uagb-columns__inner-wrap uagb-columns__columns-1\">\n<div class=\"wp-block-uagb-column uagb-column__wrap uagb-column__background-undefined uagb-block-994f47d4\"><div class=\"uagb-column__overlay\"><\/div><div class=\"uagb-column__inner-wrap\">\n<h3 class=\"wp-block-heading\" id=\"h-das-konnte-sie-auch-interessieren\">Misschien bent u ook ge\u00efnteresseerd in:<\/h3>\n\n\n\n\t\t\t<div class=\"wp-block-uagb-post-grid uagb-post-grid  uagb-post__image-position-top uagb-post__image-enabled uagb-block-a4106fc1     uagb-post__items uagb-post__columns-3 is-grid uagb-post__columns-tablet-2 uagb-post__columns-mobile-1 uagb-post__equal-height\" data-total=\"2\" style=\"\">\n\n\t\t\t\t\t\t\t\t\t\t\t\t<article class=\"uagb-post__inner-wrap\">\t\t\t\t\t\t\t\t<div class='uagb-post__image'>\n\t\t\t\t\t\t\t\t\t<a href=\"https:\/\/ru.law\/nl\/diesel-ueberholt-benzinpreis-jetzt-erst-recht\/\" target=\"_self\" rel=\"bookmark noopener noreferrer\" class='uagb-image-ratio-inherit'><img loading=\"lazy\" decoding=\"async\" width=\"1024\" height=\"576\" src=\"https:\/\/ru.law\/wp-content\/uploads\/2022\/03\/2021-News-Header-1200x675-2972-1024x576.jpg\" class=\"attachment-large size-large\" alt=\"Rogert-Ulbrich-Rechtsanwaelte-Kanzlei-Diesel-Benzin-Preise\" srcset=\"https:\/\/ru.law\/wp-content\/uploads\/2022\/03\/2021-News-Header-1200x675-2972-1024x576.jpg 1024w, https:\/\/ru.law\/wp-content\/uploads\/2022\/03\/2021-News-Header-1200x675-2972-300x169.jpg 300w, https:\/\/ru.law\/wp-content\/uploads\/2022\/03\/2021-News-Header-1200x675-2972-768x432.jpg 768w, https:\/\/ru.law\/wp-content\/uploads\/2022\/03\/2021-News-Header-1200x675-2972.jpg 1200w\" sizes=\"auto, (max-width: 1024px) 100vw, 1024px\" \/>\t\t\t\t\t<\/a>\n\t\t\t\t\t\t\t<\/div>\n\t\t\t\t\t\t<h4 class=\"uagb-post__title uagb-post__text\">\n\t\t\t\t<a href=\"https:\/\/ru.law\/nl\/diesel-ueberholt-benzinpreis-jetzt-erst-recht\/\" target=\"_self\" rel=\"bookmark noopener noreferrer\">Recordprijzen voor diesel - Nu is het moment om uw auto terug te draaien<\/a>\n\t\t\t<\/h4>\n\t\t\t\t\t\t<div class='uagb-post__text uagb-post-grid-byline'>\n\t\t\t\t\t\t\t<\/div>\n\t\t\t\t\t\t\t<div class='uagb-post__text uagb-post__excerpt'>\n\t\t\t\t\t<p>Diesel staat in Duitsland op recordhoogte en ook benzine nadert een\u2026\t\t\t\t<\/div>\n\t\t\t\n\t\t\t\t\t\t\t\t\t<\/article>\n\t\t\t\t\t\t\t\t\t\t\t\t\t\t\t\t<article class=\"uagb-post__inner-wrap\">\t\t\t\t\t\t\t\t<div class='uagb-post__image'>\n\t\t\t\t\t\t\t\t\t<a href=\"https:\/\/ru.law\/nl\/vtdi-abgasskandal-rund-um-vw-audi-und-porsche\/\" target=\"_self\" rel=\"bookmark noopener noreferrer\" class='uagb-image-ratio-inherit'><img loading=\"lazy\" decoding=\"async\" width=\"1024\" height=\"576\" src=\"https:\/\/ru.law\/wp-content\/uploads\/2022\/01\/Rogert-Ulbrich-Rechtsanwaelte-Kanzlei-Abgasskandal-Audi-Verjaehrung-2022-1024x576.jpg\" class=\"attachment-large size-large\" alt=\"\" srcset=\"https:\/\/ru.law\/wp-content\/uploads\/2022\/01\/Rogert-Ulbrich-Rechtsanwaelte-Kanzlei-Abgasskandal-Audi-Verjaehrung-2022-1024x576.jpg 1024w, https:\/\/ru.law\/wp-content\/uploads\/2022\/01\/Rogert-Ulbrich-Rechtsanwaelte-Kanzlei-Abgasskandal-Audi-Verjaehrung-2022-300x169.jpg 300w, https:\/\/ru.law\/wp-content\/uploads\/2022\/01\/Rogert-Ulbrich-Rechtsanwaelte-Kanzlei-Abgasskandal-Audi-Verjaehrung-2022-768x432.jpg 768w, https:\/\/ru.law\/wp-content\/uploads\/2022\/01\/Rogert-Ulbrich-Rechtsanwaelte-Kanzlei-Abgasskandal-Audi-Verjaehrung-2022.jpg 1200w\" sizes=\"auto, (max-width: 1024px) 100vw, 1024px\" \/>\t\t\t\t\t<\/a>\n\t\t\t\t\t\t\t<\/div>\n\t\t\t\t\t\t<h4 class=\"uagb-post__title uagb-post__text\">\n\t\t\t\t<a href=\"https:\/\/ru.law\/nl\/vtdi-abgasskandal-rund-um-vw-audi-und-porsche\/\" target=\"_self\" rel=\"bookmark noopener noreferrer\">VTDI-emissieschandaal waarbij VW, Audi en Porsche betrokken zijn<\/a>\n\t\t\t<\/h4>\n\t\t\t\t\t\t<div class='uagb-post__text uagb-post-grid-byline'>\n\t\t\t\t\t\t\t<\/div>\n\t\t\t\t\t\t\t<div class='uagb-post__text uagb-post__excerpt'>\n\t\t\t\t\t<p>Voor veel Duitse autofabrikanten is het dieselemissieschandaal nog steeds alomtegenwoordig, ook voor de VW Groep\u2026\t\t\t\t<\/div>\n\t\t\t\n\t\t\t\t\t\t\t\t\t<\/article>\n\t\t\t\t\t\t\t\t\t\t\t\t\t\t\t\t<article class=\"uagb-post__inner-wrap\">\t\t\t\t\t\t\t\t<div class='uagb-post__image'>\n\t\t\t\t\t\t\t\t\t<a href=\"https:\/\/ru.law\/nl\/olg-koeln-verurteilt-audi-ag\/\" target=\"_self\" rel=\"bookmark noopener noreferrer\" class='uagb-image-ratio-inherit'><img loading=\"lazy\" decoding=\"async\" width=\"1024\" height=\"576\" src=\"https:\/\/ru.law\/wp-content\/uploads\/2021\/09\/rogert-ulbrich-rechtsanwalt-kanzlei-abgasskandal-premium-modelle-porsche-42l-1024x576.jpg\" class=\"attachment-large size-large\" alt=\"\" srcset=\"https:\/\/ru.law\/wp-content\/uploads\/2021\/09\/rogert-ulbrich-rechtsanwalt-kanzlei-abgasskandal-premium-modelle-porsche-42l-1024x576.jpg 1024w, https:\/\/ru.law\/wp-content\/uploads\/2021\/09\/rogert-ulbrich-rechtsanwalt-kanzlei-abgasskandal-premium-modelle-porsche-42l-300x169.jpg 300w, https:\/\/ru.law\/wp-content\/uploads\/2021\/09\/rogert-ulbrich-rechtsanwalt-kanzlei-abgasskandal-premium-modelle-porsche-42l-768x432.jpg 768w, https:\/\/ru.law\/wp-content\/uploads\/2021\/09\/rogert-ulbrich-rechtsanwalt-kanzlei-abgasskandal-premium-modelle-porsche-42l.jpg 1200w\" sizes=\"auto, (max-width: 1024px) 100vw, 1024px\" \/>\t\t\t\t\t<\/a>\n\t\t\t\t\t\t\t<\/div>\n\t\t\t\t\t\t<h4 class=\"uagb-post__title uagb-post__text\">\n\t\t\t\t<a href=\"https:\/\/ru.law\/nl\/olg-koeln-verurteilt-audi-ag\/\" target=\"_self\" rel=\"bookmark noopener noreferrer\">Audi AG moet Porsche Cayenne S terugnemen<\/a>\n\t\t\t<\/h4>\n\t\t\t\t\t\t<div class='uagb-post__text uagb-post-grid-byline'>\n\t\t\t\t\t\t\t<\/div>\n\t\t\t\t\t\t\t<div class='uagb-post__text uagb-post__excerpt'>\n\t\t\t\t\t<p>Audi AG kreeg van het Oberlandesgericht Keulen de opdracht een Porsche Cayenne S 4.2l terug te nemen\u2026.\t\t\t\t<\/div>\n\t\t\t\n\t\t\t\t\t\t\t\t\t<\/article>\n\t\t\t\t\t\t\t\t\t\t\t<\/div>\n\t\t\t<\/div><\/div>\n<\/div><\/section>","protected":false},"excerpt":{"rendered":"<p>Das Landgericht M\u00fcnchen I verurteilte die Audi AG zur R\u00fccknahme eines Porsche Macan S Diesel (Urteil vom 04.05.2021, Az. 41 O 9400\/20). Der Kl\u00e4ger, der [&hellip;]<\/p>\n","protected":false},"author":21,"featured_media":15585,"comment_status":"closed","ping_status":"open","sticky":false,"template":"","format":"standard","meta":{"_uag_custom_page_level_css":"","site-sidebar-layout":"default","site-content-layout":"default","ast-site-content-layout":"default","site-content-style":"default","site-sidebar-style":"default","ast-global-header-display":"","ast-banner-title-visibility":"","ast-main-header-display":"","ast-hfb-above-header-display":"","ast-hfb-below-header-display":"","ast-hfb-mobile-header-display":"","site-post-title":"","ast-breadcrumbs-content":"","ast-featured-img":"","footer-sml-layout":"","ast-disable-related-posts":"","theme-transparent-header-meta":"default","adv-header-id-meta":"","stick-header-meta":"","header-above-stick-meta":"","header-main-stick-meta":"","header-below-stick-meta":"","astra-migrate-meta-layouts":"default","ast-page-background-enabled":"default","ast-page-background-meta":{"desktop":{"background-color":"","background-image":"","background-repeat":"repeat","background-position":"center center","background-size":"auto","background-attachment":"scroll","background-type":"","background-media":"","overlay-type":"","overlay-color":"","overlay-opacity":"","overlay-gradient":""},"tablet":{"background-color":"","background-image":"","background-repeat":"repeat","background-position":"center center","background-size":"auto","background-attachment":"scroll","background-type":"","background-media":"","overlay-type":"","overlay-color":"","overlay-opacity":"","overlay-gradient":""},"mobile":{"background-color":"","background-image":"","background-repeat":"repeat","background-position":"center center","background-size":"auto","background-attachment":"scroll","background-type":"","background-media":"","overlay-type":"","overlay-color":"","overlay-opacity":"","overlay-gradient":""}},"ast-content-background-meta":{"desktop":{"background-color":"var(--ast-global-color-5)","background-image":"","background-repeat":"repeat","background-position":"center center","background-size":"auto","background-attachment":"scroll","background-type":"","background-media":"","overlay-type":"","overlay-color":"","overlay-opacity":"","overlay-gradient":""},"tablet":{"background-color":"var(--ast-global-color-5)","background-image":"","background-repeat":"repeat","background-position":"center center","background-size":"auto","background-attachment":"scroll","background-type":"","background-media":"","overlay-type":"","overlay-color":"","overlay-opacity":"","overlay-gradient":""},"mobile":{"background-color":"var(--ast-global-color-5)","background-image":"","background-repeat":"repeat","background-position":"center center","background-size":"auto","background-attachment":"scroll","background-type":"","background-media":"","overlay-type":"","overlay-color":"","overlay-opacity":"","overlay-gradient":""}},"footnotes":""},"categories":[2,507],"tags":[9,31],"class_list":["post-15583","post","type-post","status-publish","format-standard","has-post-thumbnail","hentry","category-abgasskandal","category-urteile","tag-audi","tag-porsche"],"yoast_head":"<!-- This site is optimized with the Yoast SEO Premium plugin v27.4 (Yoast SEO v27.4) - https:\/\/yoast.com\/product\/yoast-seo-premium-wordpress\/ -->\n<title>Audi AG muss Porsche-Fahrzeug zur\u00fccknehmen - R&amp;U<\/title>\n<meta name=\"description\" content=\"Das Landgericht M\u00fcnchen I verurteilte die Audi AG zur R\u00fccknahme eines Porsche Macan S Diesel (Urteil vom 04.05.2021, Az. 41 O 9400\/20).\" \/>\n<meta name=\"robots\" content=\"index, follow, max-snippet:-1, max-image-preview:large, max-video-preview:-1\" \/>\n<link rel=\"canonical\" href=\"https:\/\/ru.law\/nl\/audi-ag-muss-porsche-fahrzeug-zuruecknehmen\/\" \/>\n<meta property=\"og:locale\" content=\"nl_NL\" \/>\n<meta property=\"og:type\" content=\"article\" \/>\n<meta property=\"og:title\" content=\"Audi AG muss Porsche-Fahrzeug zur\u00fccknehmen\" \/>\n<meta property=\"og:description\" content=\"Das Landgericht M\u00fcnchen I verurteilte die Audi AG zur R\u00fccknahme eines Porsche Macan S Diesel (Urteil vom 04.05.2021, Az. 41 O 9400\/20).\" \/>\n<meta property=\"og:url\" content=\"https:\/\/ru.law\/nl\/audi-ag-muss-porsche-fahrzeug-zuruecknehmen\/\" \/>\n<meta property=\"og:site_name\" content=\"R&amp;U\" \/>\n<meta property=\"article:publisher\" content=\"https:\/\/www.facebook.com\/RogertUlbrich\/\" \/>\n<meta property=\"article:published_time\" content=\"2021-05-10T14:08:56+00:00\" \/>\n<meta property=\"article:modified_time\" content=\"2024-07-08T11:12:33+00:00\" \/>\n<meta property=\"og:image\" content=\"https:\/\/ru.law\/wp-content\/uploads\/2021\/05\/rogert-ulbrich-rechtsanwalt-kanzlei-abgasskandal-porsche-macan-ruecknahme.jpg\" \/>\n\t<meta property=\"og:image:width\" content=\"1200\" \/>\n\t<meta property=\"og:image:height\" content=\"675\" \/>\n\t<meta property=\"og:image:type\" content=\"image\/jpeg\" \/>\n<meta name=\"author\" content=\"Marco Rogert\" \/>\n<meta name=\"twitter:card\" content=\"summary_large_image\" \/>\n<meta name=\"twitter:creator\" content=\"@RogertUlbrich\" \/>\n<meta name=\"twitter:site\" content=\"@RogertUlbrich\" \/>\n<script type=\"application\/ld+json\" class=\"yoast-schema-graph\">{\"@context\":\"https:\\\/\\\/schema.org\",\"@graph\":[{\"@type\":\"Article\",\"@id\":\"https:\\\/\\\/ru.law\\\/audi-ag-muss-porsche-fahrzeug-zuruecknehmen\\\/#article\",\"isPartOf\":{\"@id\":\"https:\\\/\\\/ru.law\\\/audi-ag-muss-porsche-fahrzeug-zuruecknehmen\\\/\"},\"author\":{\"name\":\"Marco Rogert\",\"@id\":\"https:\\\/\\\/ru.law\\\/#\\\/schema\\\/person\\\/b020d506e6bbc471b4565d3a98173b87\"},\"headline\":\"Audi AG muss Porsche-Fahrzeug zur\u00fccknehmen\",\"datePublished\":\"2021-05-10T14:08:56+00:00\",\"dateModified\":\"2024-07-08T11:12:33+00:00\",\"mainEntityOfPage\":{\"@id\":\"https:\\\/\\\/ru.law\\\/audi-ag-muss-porsche-fahrzeug-zuruecknehmen\\\/\"},\"wordCount\":358,\"publisher\":{\"@id\":\"https:\\\/\\\/ru.law\\\/#organization\"},\"image\":{\"@id\":\"https:\\\/\\\/ru.law\\\/audi-ag-muss-porsche-fahrzeug-zuruecknehmen\\\/#primaryimage\"},\"thumbnailUrl\":\"https:\\\/\\\/ru.law\\\/wp-content\\\/uploads\\\/2021\\\/05\\\/rogert-ulbrich-rechtsanwalt-kanzlei-abgasskandal-porsche-macan-ruecknahme.jpg\",\"keywords\":[\"Audi\",\"Porsche\"],\"articleSection\":[\"Abgasskandal\",\"Urteile\"],\"inLanguage\":\"nl-NL\"},{\"@type\":\"WebPage\",\"@id\":\"https:\\\/\\\/ru.law\\\/audi-ag-muss-porsche-fahrzeug-zuruecknehmen\\\/\",\"url\":\"https:\\\/\\\/ru.law\\\/audi-ag-muss-porsche-fahrzeug-zuruecknehmen\\\/\",\"name\":\"Audi AG muss Porsche-Fahrzeug zur\u00fccknehmen - R&amp;U\",\"isPartOf\":{\"@id\":\"https:\\\/\\\/ru.law\\\/#website\"},\"primaryImageOfPage\":{\"@id\":\"https:\\\/\\\/ru.law\\\/audi-ag-muss-porsche-fahrzeug-zuruecknehmen\\\/#primaryimage\"},\"image\":{\"@id\":\"https:\\\/\\\/ru.law\\\/audi-ag-muss-porsche-fahrzeug-zuruecknehmen\\\/#primaryimage\"},\"thumbnailUrl\":\"https:\\\/\\\/ru.law\\\/wp-content\\\/uploads\\\/2021\\\/05\\\/rogert-ulbrich-rechtsanwalt-kanzlei-abgasskandal-porsche-macan-ruecknahme.jpg\",\"datePublished\":\"2021-05-10T14:08:56+00:00\",\"dateModified\":\"2024-07-08T11:12:33+00:00\",\"description\":\"Das Landgericht M\u00fcnchen I verurteilte die Audi AG zur R\u00fccknahme eines Porsche Macan S Diesel (Urteil vom 04.05.2021, Az. 41 O 9400\\\/20).\",\"breadcrumb\":{\"@id\":\"https:\\\/\\\/ru.law\\\/audi-ag-muss-porsche-fahrzeug-zuruecknehmen\\\/#breadcrumb\"},\"inLanguage\":\"nl-NL\",\"potentialAction\":[{\"@type\":\"ReadAction\",\"target\":[\"https:\\\/\\\/ru.law\\\/audi-ag-muss-porsche-fahrzeug-zuruecknehmen\\\/\"]}]},{\"@type\":\"ImageObject\",\"inLanguage\":\"nl-NL\",\"@id\":\"https:\\\/\\\/ru.law\\\/audi-ag-muss-porsche-fahrzeug-zuruecknehmen\\\/#primaryimage\",\"url\":\"https:\\\/\\\/ru.law\\\/wp-content\\\/uploads\\\/2021\\\/05\\\/rogert-ulbrich-rechtsanwalt-kanzlei-abgasskandal-porsche-macan-ruecknahme.jpg\",\"contentUrl\":\"https:\\\/\\\/ru.law\\\/wp-content\\\/uploads\\\/2021\\\/05\\\/rogert-ulbrich-rechtsanwalt-kanzlei-abgasskandal-porsche-macan-ruecknahme.jpg\",\"width\":1200,\"height\":675},{\"@type\":\"BreadcrumbList\",\"@id\":\"https:\\\/\\\/ru.law\\\/audi-ag-muss-porsche-fahrzeug-zuruecknehmen\\\/#breadcrumb\",\"itemListElement\":[{\"@type\":\"ListItem\",\"position\":1,\"name\":\"Startseite\",\"item\":\"https:\\\/\\\/ru.law\\\/\"},{\"@type\":\"ListItem\",\"position\":2,\"name\":\"Audi AG muss Porsche-Fahrzeug zur\u00fccknehmen\"}]},{\"@type\":\"WebSite\",\"@id\":\"https:\\\/\\\/ru.law\\\/#website\",\"url\":\"https:\\\/\\\/ru.law\\\/\",\"name\":\"R&U\",\"description\":\"Verbraucheranw\u00e4lte\",\"publisher\":{\"@id\":\"https:\\\/\\\/ru.law\\\/#organization\"},\"alternateName\":\"Rogert & Ulbrich\",\"potentialAction\":[{\"@type\":\"SearchAction\",\"target\":{\"@type\":\"EntryPoint\",\"urlTemplate\":\"https:\\\/\\\/ru.law\\\/?s={search_term_string}\"},\"query-input\":{\"@type\":\"PropertyValueSpecification\",\"valueRequired\":true,\"valueName\":\"search_term_string\"}}],\"inLanguage\":\"nl-NL\"},{\"@type\":\"Organization\",\"@id\":\"https:\\\/\\\/ru.law\\\/#organization\",\"name\":\"Kanzlei Rogert & Ulbrich\",\"url\":\"https:\\\/\\\/ru.law\\\/\",\"logo\":{\"@type\":\"ImageObject\",\"inLanguage\":\"nl-NL\",\"@id\":\"https:\\\/\\\/ru.law\\\/#\\\/schema\\\/logo\\\/image\\\/\",\"url\":\"https:\\\/\\\/ru.law\\\/wp-content\\\/uploads\\\/2020\\\/12\\\/logo-ru-law.svg\",\"contentUrl\":\"https:\\\/\\\/ru.law\\\/wp-content\\\/uploads\\\/2020\\\/12\\\/logo-ru-law.svg\",\"width\":992,\"height\":259,\"caption\":\"Kanzlei Rogert & Ulbrich\"},\"image\":{\"@id\":\"https:\\\/\\\/ru.law\\\/#\\\/schema\\\/logo\\\/image\\\/\"},\"sameAs\":[\"https:\\\/\\\/www.facebook.com\\\/RogertUlbrich\\\/\",\"https:\\\/\\\/x.com\\\/RogertUlbrich\",\"https:\\\/\\\/www.instagram.com\\\/rogertulbrich\\\/\",\"https:\\\/\\\/www.linkedin.com\\\/company\\\/rogert-ulbrich\\\/\",\"https:\\\/\\\/www.youtube.com\\\/channel\\\/UCganCgpvwpPFqMFf1vVmG2A\"]},{\"@type\":\"Person\",\"@id\":\"https:\\\/\\\/ru.law\\\/#\\\/schema\\\/person\\\/b020d506e6bbc471b4565d3a98173b87\",\"name\":\"Marco Rogert\",\"url\":\"https:\\\/\\\/ru.law\\\/nl\\\/author\\\/rogertru-law\\\/\"}]}<\/script>\n<!-- \/ Yoast SEO Premium plugin. -->","yoast_head_json":{"title":"Audi AG moet Porsche-voertuig terugnemen - R&amp;U","description":"De Arrondissementsrechtbank M\u00fcnchen I heeft Audi AG bevolen een Porsche Macan S Diesel terug te nemen (arrest van 04.05.2021, zaaknr. 41 O 9400\/20).","robots":{"index":"index","follow":"follow","max-snippet":"max-snippet:-1","max-image-preview":"max-image-preview:large","max-video-preview":"max-video-preview:-1"},"canonical":"https:\/\/ru.law\/nl\/audi-ag-muss-porsche-fahrzeug-zuruecknehmen\/","og_locale":"nl_NL","og_type":"article","og_title":"Audi AG muss Porsche-Fahrzeug zur\u00fccknehmen","og_description":"Das Landgericht M\u00fcnchen I verurteilte die Audi AG zur R\u00fccknahme eines Porsche Macan S Diesel (Urteil vom 04.05.2021, Az. 41 O 9400\/20).","og_url":"https:\/\/ru.law\/nl\/audi-ag-muss-porsche-fahrzeug-zuruecknehmen\/","og_site_name":"R&amp;U","article_publisher":"https:\/\/www.facebook.com\/RogertUlbrich\/","article_published_time":"2021-05-10T14:08:56+00:00","article_modified_time":"2024-07-08T11:12:33+00:00","og_image":[{"width":1200,"height":675,"url":"https:\/\/ru.law\/wp-content\/uploads\/2021\/05\/rogert-ulbrich-rechtsanwalt-kanzlei-abgasskandal-porsche-macan-ruecknahme.jpg","type":"image\/jpeg"}],"author":"Marco Rogert","twitter_card":"summary_large_image","twitter_creator":"@RogertUlbrich","twitter_site":"@RogertUlbrich","schema":{"@context":"https:\/\/schema.org","@graph":[{"@type":"Article","@id":"https:\/\/ru.law\/audi-ag-muss-porsche-fahrzeug-zuruecknehmen\/#article","isPartOf":{"@id":"https:\/\/ru.law\/audi-ag-muss-porsche-fahrzeug-zuruecknehmen\/"},"author":{"name":"Marco Rogert","@id":"https:\/\/ru.law\/#\/schema\/person\/b020d506e6bbc471b4565d3a98173b87"},"headline":"Audi AG muss Porsche-Fahrzeug zur\u00fccknehmen","datePublished":"2021-05-10T14:08:56+00:00","dateModified":"2024-07-08T11:12:33+00:00","mainEntityOfPage":{"@id":"https:\/\/ru.law\/audi-ag-muss-porsche-fahrzeug-zuruecknehmen\/"},"wordCount":358,"publisher":{"@id":"https:\/\/ru.law\/#organization"},"image":{"@id":"https:\/\/ru.law\/audi-ag-muss-porsche-fahrzeug-zuruecknehmen\/#primaryimage"},"thumbnailUrl":"https:\/\/ru.law\/wp-content\/uploads\/2021\/05\/rogert-ulbrich-rechtsanwalt-kanzlei-abgasskandal-porsche-macan-ruecknahme.jpg","keywords":["Audi","Porsche"],"articleSection":["Abgasskandal","Urteile"],"inLanguage":"nl-NL"},{"@type":"WebPage","@id":"https:\/\/ru.law\/audi-ag-muss-porsche-fahrzeug-zuruecknehmen\/","url":"https:\/\/ru.law\/audi-ag-muss-porsche-fahrzeug-zuruecknehmen\/","name":"Audi AG moet Porsche-voertuig terugnemen - R&amp;U","isPartOf":{"@id":"https:\/\/ru.law\/#website"},"primaryImageOfPage":{"@id":"https:\/\/ru.law\/audi-ag-muss-porsche-fahrzeug-zuruecknehmen\/#primaryimage"},"image":{"@id":"https:\/\/ru.law\/audi-ag-muss-porsche-fahrzeug-zuruecknehmen\/#primaryimage"},"thumbnailUrl":"https:\/\/ru.law\/wp-content\/uploads\/2021\/05\/rogert-ulbrich-rechtsanwalt-kanzlei-abgasskandal-porsche-macan-ruecknahme.jpg","datePublished":"2021-05-10T14:08:56+00:00","dateModified":"2024-07-08T11:12:33+00:00","description":"De Arrondissementsrechtbank M\u00fcnchen I heeft Audi AG bevolen een Porsche Macan S Diesel terug te nemen (arrest van 04.05.2021, zaaknr. 41 O 9400\/20).","breadcrumb":{"@id":"https:\/\/ru.law\/audi-ag-muss-porsche-fahrzeug-zuruecknehmen\/#breadcrumb"},"inLanguage":"nl-NL","potentialAction":[{"@type":"ReadAction","target":["https:\/\/ru.law\/audi-ag-muss-porsche-fahrzeug-zuruecknehmen\/"]}]},{"@type":"ImageObject","inLanguage":"nl-NL","@id":"https:\/\/ru.law\/audi-ag-muss-porsche-fahrzeug-zuruecknehmen\/#primaryimage","url":"https:\/\/ru.law\/wp-content\/uploads\/2021\/05\/rogert-ulbrich-rechtsanwalt-kanzlei-abgasskandal-porsche-macan-ruecknahme.jpg","contentUrl":"https:\/\/ru.law\/wp-content\/uploads\/2021\/05\/rogert-ulbrich-rechtsanwalt-kanzlei-abgasskandal-porsche-macan-ruecknahme.jpg","width":1200,"height":675},{"@type":"BreadcrumbList","@id":"https:\/\/ru.law\/audi-ag-muss-porsche-fahrzeug-zuruecknehmen\/#breadcrumb","itemListElement":[{"@type":"ListItem","position":1,"name":"Startseite","item":"https:\/\/ru.law\/"},{"@type":"ListItem","position":2,"name":"Audi AG muss Porsche-Fahrzeug zur\u00fccknehmen"}]},{"@type":"WebSite","@id":"https:\/\/ru.law\/#website","url":"https:\/\/ru.law\/","name":"R&amp;U","description":"Consumentenadvocaten","publisher":{"@id":"https:\/\/ru.law\/#organization"},"alternateName":"Rogert & Ulbrich","potentialAction":[{"@type":"SearchAction","target":{"@type":"EntryPoint","urlTemplate":"https:\/\/ru.law\/?s={search_term_string}"},"query-input":{"@type":"PropertyValueSpecification","valueRequired":true,"valueName":"search_term_string"}}],"inLanguage":"nl-NL"},{"@type":"Organization","@id":"https:\/\/ru.law\/#organization","name":"Advocatenkantoor Rogert &amp; Ulbrich","url":"https:\/\/ru.law\/","logo":{"@type":"ImageObject","inLanguage":"nl-NL","@id":"https:\/\/ru.law\/#\/schema\/logo\/image\/","url":"https:\/\/ru.law\/wp-content\/uploads\/2020\/12\/logo-ru-law.svg","contentUrl":"https:\/\/ru.law\/wp-content\/uploads\/2020\/12\/logo-ru-law.svg","width":992,"height":259,"caption":"Kanzlei Rogert & Ulbrich"},"image":{"@id":"https:\/\/ru.law\/#\/schema\/logo\/image\/"},"sameAs":["https:\/\/www.facebook.com\/RogertUlbrich\/","https:\/\/x.com\/RogertUlbrich","https:\/\/www.instagram.com\/rogertulbrich\/","https:\/\/www.linkedin.com\/company\/rogert-ulbrich\/","https:\/\/www.youtube.com\/channel\/UCganCgpvwpPFqMFf1vVmG2A"]},{"@type":"Person","@id":"https:\/\/ru.law\/#\/schema\/person\/b020d506e6bbc471b4565d3a98173b87","name":"Marco Rogert","url":"https:\/\/ru.law\/nl\/author\/rogertru-law\/"}]}},"uagb_featured_image_src":{"full":["https:\/\/ru.law\/wp-content\/uploads\/2021\/05\/rogert-ulbrich-rechtsanwalt-kanzlei-abgasskandal-porsche-macan-ruecknahme.jpg",1200,675,false],"thumbnail":["https:\/\/ru.law\/wp-content\/uploads\/2021\/05\/rogert-ulbrich-rechtsanwalt-kanzlei-abgasskandal-porsche-macan-ruecknahme-150x150.jpg",96,96,true],"medium":["https:\/\/ru.law\/wp-content\/uploads\/2021\/05\/rogert-ulbrich-rechtsanwalt-kanzlei-abgasskandal-porsche-macan-ruecknahme-300x169.jpg",300,169,true],"medium_large":["https:\/\/ru.law\/wp-content\/uploads\/2021\/05\/rogert-ulbrich-rechtsanwalt-kanzlei-abgasskandal-porsche-macan-ruecknahme-768x432.jpg",768,432,true],"large":["https:\/\/ru.law\/wp-content\/uploads\/2021\/05\/rogert-ulbrich-rechtsanwalt-kanzlei-abgasskandal-porsche-macan-ruecknahme-1024x576.jpg",1024,576,true],"1536x1536":["https:\/\/ru.law\/wp-content\/uploads\/2021\/05\/rogert-ulbrich-rechtsanwalt-kanzlei-abgasskandal-porsche-macan-ruecknahme.jpg",1200,675,false],"2048x2048":["https:\/\/ru.law\/wp-content\/uploads\/2021\/05\/rogert-ulbrich-rechtsanwalt-kanzlei-abgasskandal-porsche-macan-ruecknahme.jpg",1200,675,false],"trp-custom-language-flag":["https:\/\/ru.law\/wp-content\/uploads\/2021\/05\/rogert-ulbrich-rechtsanwalt-kanzlei-abgasskandal-porsche-macan-ruecknahme.jpg",18,10,false]},"uagb_author_info":{"display_name":"Marco Rogert","author_link":"https:\/\/ru.law\/nl\/author\/rogertru-law\/"},"uagb_comment_info":0,"uagb_excerpt":"Das Landgericht M\u00fcnchen I verurteilte die Audi AG zur R\u00fccknahme eines Porsche Macan S Diesel (Urteil vom 04.05.2021, Az. 41 O 9400\/20). Der Kl\u00e4ger, der [&hellip;]","_links":{"self":[{"href":"https:\/\/ru.law\/nl\/wp-json\/wp\/v2\/posts\/15583","targetHints":{"allow":["GET"]}}],"collection":[{"href":"https:\/\/ru.law\/nl\/wp-json\/wp\/v2\/posts"}],"about":[{"href":"https:\/\/ru.law\/nl\/wp-json\/wp\/v2\/types\/post"}],"author":[{"embeddable":true,"href":"https:\/\/ru.law\/nl\/wp-json\/wp\/v2\/users\/21"}],"replies":[{"embeddable":true,"href":"https:\/\/ru.law\/nl\/wp-json\/wp\/v2\/comments?post=15583"}],"version-history":[{"count":0,"href":"https:\/\/ru.law\/nl\/wp-json\/wp\/v2\/posts\/15583\/revisions"}],"wp:featuredmedia":[{"embeddable":true,"href":"https:\/\/ru.law\/nl\/wp-json\/wp\/v2\/media\/15585"}],"wp:attachment":[{"href":"https:\/\/ru.law\/nl\/wp-json\/wp\/v2\/media?parent=15583"}],"wp:term":[{"taxonomy":"category","embeddable":true,"href":"https:\/\/ru.law\/nl\/wp-json\/wp\/v2\/categories?post=15583"},{"taxonomy":"post_tag","embeddable":true,"href":"https:\/\/ru.law\/nl\/wp-json\/wp\/v2\/tags?post=15583"}],"curies":[{"name":"wp","href":"https:\/\/api.w.org\/{rel}","templated":true}]}}