{"id":12863,"date":"2021-01-11T11:00:12","date_gmt":"2021-01-11T10:00:12","guid":{"rendered":"https:\/\/ru.law\/?p=12863"},"modified":"2024-07-08T13:12:39","modified_gmt":"2024-07-08T11:12:39","slug":"abgasskandal-kauf-nach-ad-hoc-meldung-jedoch-mit-software-update","status":"publish","type":"post","link":"https:\/\/ru.law\/nl\/abgasskandal-kauf-nach-ad-hoc-meldung-jedoch-mit-software-update\/","title":{"rendered":"Hoop opnieuw op zogenaamde aankoop na kennisprocedure"},"content":{"rendered":"<h2 class=\"wp-block-heading\" id=\"h-spektakulares-urteil-des-olg-koln\"><strong>Spectaculair vonnis van het Oberlandesgericht Keulen<\/strong>. <\/h2>\n\n\n\n<p>De 20e Senaat van het Oberlandesgericht Keulen (OLG Keulen van 18 december 2020, zaaknummer 20 U 288\/19) heeft kopers van 2-liter dieselvoertuigen van VW, Seat, Audi en Skoda die de auto pas na de herfst van 2015 kochten, opnieuw hoop gegeven.<\/p>\n\n\n\n<p>Het Oberlandesgericht Keulen volgde de eiser en verwierp, ondanks de uitspraak van het Bundesgerichtshof van 30 juli 2015 \u2013 VI ZR 5\/20, het beroep van Volkswagen AG, dat in eerste aanleg had verloren. Deze zaak betrof de rechtszaak van een Tiguan-rijder die zijn auto had gekocht na de zogenaamde ad hoc-aankondiging van VW in september 2015, maar in december 2016 al een software-update had ge\u00efnstalleerd.<\/p>\n\n\n\n<div class=\"wp-block-columns header__gradient_blog ghostkit-custom-xNr4Y is-layout-flex wp-container-core-columns-is-layout-28f84493 wp-block-columns-is-layout-flex\">\n<div class=\"wp-block-column is-vertically-aligned-top is-layout-flow wp-block-column-is-layout-flow\" style=\"flex-basis:20%\">\n<figure class=\"wp-block-image size-large zitat\"><img loading=\"lazy\" decoding=\"async\" width=\"800\" height=\"800\" src=\"https:\/\/ru.law\/wp-content\/uploads\/2020\/09\/marco_rogert.jpg\" alt=\"\" class=\"wp-image-7473\" srcset=\"https:\/\/ru.law\/wp-content\/uploads\/2020\/09\/marco_rogert.jpg 800w, https:\/\/ru.law\/wp-content\/uploads\/2020\/09\/marco_rogert-300x300.jpg 300w, https:\/\/ru.law\/wp-content\/uploads\/2020\/09\/marco_rogert-150x150.jpg 150w, https:\/\/ru.law\/wp-content\/uploads\/2020\/09\/marco_rogert-768x768.jpg 768w, https:\/\/ru.law\/wp-content\/uploads\/2020\/09\/marco_rogert-500x500.jpg 500w\" sizes=\"auto, (max-width: 800px) 100vw, 800px\" \/><\/figure>\n<\/div>\n\n\n\n<div class=\"wp-block-column is-vertically-aligned-center ghostkit-custom-1SOwj2 is-layout-flow wp-block-column-is-layout-flow\" style=\"flex-basis:80%\">\n<p>\u201cVorig jaar leek het Federale Hof van Justitie de deur te hebben gesloten voor claims van late kopers die hun voertuig na 22 september 2015 kochten. Gelukkig heeft het Oberlandesgericht Keulen nu ten gunste van de eiser beslist, in tegenstelling tot de algemene tendens van de hogere rechtbanken om blindelings de rechtspraak van het BGH over te nemen, d.w.z. zonder rekening te houden met de specifieke argumenten in het desbetreffende individuele geval. Dit moet een precedent scheppen, omdat de uitspraak van het BGH gebaseerd is op feiten die in veel gevallen niet van toepassing zijn en daarom niet overdraagbaar zijn. Daarom blijven we strijden voor de rechten van de getroffenen - nu eindelijk met succes!&quot;<\/p>\n\n\n\n<p class=\"has-text-align-left\"><em>Partner Dr. Marco Rogert <\/em><\/p>\n<\/div>\n<\/div>\n\n\n\n<h2 class=\"wp-block-heading\" id=\"h-olg-koln-gibt-spatkaufern-also-kaufern-die-ihr-dieselfahrzeug-erst-nach-herbst-2015-erworben-haben-wieder-hoffnung\">Het Hof van Beroep in Keulen geeft hoop aan late kopers, dat wil zeggen kopers die hun dieselvoertuig pas na de herfst van 2015 hebben gekocht<\/h2>\n\n\n\n<p>In juli 2020 ging het Bundesgerichtshof er nog van uit dat VW met deze ad-hocaankondiging schoon schip had gemaakt en dat kopers van 2-litervoertuigen met de Euro 5-norm na deze aankondiging niet langer argeloos waren en dat er dus geen sprake meer was van immoreel gedrag van VW, wat een voorwaarde is om schadevergoeding te kunnen eisen.<\/p>\n\n\n\n<p><strong>Dokter Roger:<\/strong> \u201cHet hof van beroep in Keulen ziet de zaken nu anders. De 20e Senaat stelt in zijn oordeel dat de software-update <em>niet<\/em> leidde tot een wettelijk conforme toestand van het voertuig en Volkswagen AG probeerde dit te verhullen door het \u201cOn Board Diagnostic System\u201d verder te manipuleren. Daarom moet het gedrag van VW nog steeds als immoreel worden beschouwd en moet er nog steeds een claim voor schadevergoeding worden ingediend.&quot;<\/p>\n\n\n\n<h3 class=\"wp-block-heading\" id=\"h-software-update-beseitigt-die-mangel-am-fahrzeug-nicht-und-fuhrt-nicht-zu-gesetzmassigem-zustand\">Software-update lost de gebreken in het voertuig niet op en leidt niet tot juridische problemen<\/h3>\n\n\n\n<p>En de rechters van het Hof van Beroep in Keulen zijn nog duidelijker: in de algehele context van het gedrag van Volkswagen was de communicatie in september 2015 er juist op gericht om zoveel mogelijk van die onschuld (bij de kopers) te behouden, dat wil zeggen om hen te blijven misleiden over de manipulatie van de voertuigen en - met andere woorden - om hen dom te blijven houden door een door de KBA goedgekeurde update te beloven die alle gebreken zou verhelpen.<\/p>\n\n\n\n<p>Ook de tweede zin van de ad hoc aankondiging, \u201cDe nieuwe EU 6 dieselauto\u2019s van de Volkswagen Groep die momenteel in de Europese Unie worden aangeboden, voldoen aan de wettelijke eisen en milieunormen,\u201d lijkt achteraf gezien minder geloofwaardig.<\/p>\n\n\n\n<p>Sterker nog, vrijwel alle 3,0 liter dieselmodellen van de merken VW, Audi en Porsche, in de emissieklasse Euro 6, zijn door de KBA al teruggeroepen vanwege verboden uitschakelvoorzieningen. Er worden momenteel nog meer terugroepacties afgekondigd voor de 3,0 liter-modellen van de Euro 5-emissieklasse. Dr. Rogert: <em>En zelfs daar zijn we nog lang niet aan het eind van de rit. Er zijn ook terechte twijfels of de opvolger van de schandalige EA189-motor - de EA 288 - van de 2,0-liter dieselmodellen van de groep wel schoon is. Ook hier hebben we al 15 regionale rechtbanken die VW in eerste aanleg tot schadevergoeding hebben veroordeeld.<\/em><\/p>\n\n\n\n<p>Het dieselemissieschandaal zorgt steeds weer voor nieuwe wendingen, maar het is nog lang niet voorbij. Vraag advies aan een van onze advocaten.<\/p>\n\n\n\n<section class=\"wp-block-uagb-columns uagb-columns__wrap uagb-columns__background-undefined uagb-columns__stack-mobile uagb-columns__valign-undefined uagb-columns__gap-10 alignundefined uagb-block-a63b8d4d contrast blog_beitraege\"><div class=\"uagb-columns__overlay\"><\/div><div class=\"uagb-columns__inner-wrap uagb-columns__columns-1\">\n<div class=\"wp-block-uagb-column uagb-column__wrap uagb-column__background-undefined uagb-block-6e00ddba\"><div class=\"uagb-column__overlay\"><\/div><div class=\"uagb-column__inner-wrap\">\n<h3 class=\"wp-block-heading\" id=\"das-konnte-sie-auch-interessieren\">Misschien bent u ook ge\u00efnteresseerd in:<\/h3>\n\n\n\n\t\t\t<div class=\"wp-block-uagb-post-grid uagb-post-grid  uagb-post__image-position-top uagb-post__image-enabled uagb-block-ff875f2e     uagb-post__items uagb-post__columns-3 is-grid uagb-post__columns-tablet-2 uagb-post__columns-mobile-1 uagb-post__equal-height\" data-total=\"3\" style=\"\">\n\n\t\t\t\t\t\t\t\t\t\t\t\t<article class=\"uagb-post__inner-wrap\">\t\t\t\t\t\t\t\t<div class='uagb-post__image'>\n\t\t\t\t\t\t\t\t\t<a href=\"https:\/\/ru.law\/nl\/diesel-ueberholt-benzinpreis-jetzt-erst-recht\/\" target=\"_self\" rel=\"bookmark noopener noreferrer\" class='uagb-image-ratio-inherit'><img loading=\"lazy\" decoding=\"async\" width=\"1024\" height=\"576\" src=\"https:\/\/ru.law\/wp-content\/uploads\/2022\/03\/2021-News-Header-1200x675-2972-1024x576.jpg\" class=\"attachment-large size-large\" alt=\"Rogert-Ulbrich-Rechtsanwaelte-Kanzlei-Diesel-Benzin-Preise\" srcset=\"https:\/\/ru.law\/wp-content\/uploads\/2022\/03\/2021-News-Header-1200x675-2972-1024x576.jpg 1024w, https:\/\/ru.law\/wp-content\/uploads\/2022\/03\/2021-News-Header-1200x675-2972-300x169.jpg 300w, https:\/\/ru.law\/wp-content\/uploads\/2022\/03\/2021-News-Header-1200x675-2972-768x432.jpg 768w, https:\/\/ru.law\/wp-content\/uploads\/2022\/03\/2021-News-Header-1200x675-2972.jpg 1200w\" sizes=\"auto, (max-width: 1024px) 100vw, 1024px\" \/>\t\t\t\t\t<\/a>\n\t\t\t\t\t\t\t<\/div>\n\t\t\t\t\t\t<h4 class=\"uagb-post__title uagb-post__text\">\n\t\t\t\t<a href=\"https:\/\/ru.law\/nl\/diesel-ueberholt-benzinpreis-jetzt-erst-recht\/\" target=\"_self\" rel=\"bookmark noopener noreferrer\">Recordprijzen voor diesel - Nu is het moment om uw auto terug te draaien<\/a>\n\t\t\t<\/h4>\n\t\t\t\t\t\t<div class='uagb-post__text uagb-post-grid-byline'>\n\t\t\t\t\t\t\t<\/div>\n\t\t\t\t\t\t\t<div class='uagb-post__text uagb-post__excerpt'>\n\t\t\t\t\t<p>Diesel staat in Duitsland op recordhoogte en ook benzine nadert een\u2026\t\t\t\t<\/div>\n\t\t\t\t\t\t<div class=\"uagb-post__text uagb-post__cta wp-block-button\">\n\t\t\t\t<a class=\"wp-block-button__link uagb-text-link\" style=\"\" href=\"https:\/\/ru.law\/nl\/diesel-ueberholt-benzinpreis-jetzt-erst-recht\/\" target=\"_self\" rel=\"bookmark noopener noreferrer\">Lees meer<\/a>\n\t\t\t<\/div>\n\t\t\t\n\t\t\t\t\t\t\t\t<a class=\"uagb-post__link-complete-box\" href=\"https:\/\/ru.law\/nl\/diesel-ueberholt-benzinpreis-jetzt-erst-recht\/\" target=\"_self\" rel=\"bookmark noopener noreferrer\"><\/a>\n\t\t\t\t\t\t\t<\/article>\n\t\t\t\t\t\t\t\t\t\t\t\t\t\t\t\t<article class=\"uagb-post__inner-wrap\">\t\t\t\t\t\t\t\t<div class='uagb-post__image'>\n\t\t\t\t\t\t\t\t\t<a href=\"https:\/\/ru.law\/nl\/vtdi-abgasskandal-rund-um-vw-audi-und-porsche\/\" target=\"_self\" rel=\"bookmark noopener noreferrer\" class='uagb-image-ratio-inherit'><img loading=\"lazy\" decoding=\"async\" width=\"1024\" height=\"576\" src=\"https:\/\/ru.law\/wp-content\/uploads\/2022\/01\/Rogert-Ulbrich-Rechtsanwaelte-Kanzlei-Abgasskandal-Audi-Verjaehrung-2022-1024x576.jpg\" class=\"attachment-large size-large\" alt=\"\" srcset=\"https:\/\/ru.law\/wp-content\/uploads\/2022\/01\/Rogert-Ulbrich-Rechtsanwaelte-Kanzlei-Abgasskandal-Audi-Verjaehrung-2022-1024x576.jpg 1024w, https:\/\/ru.law\/wp-content\/uploads\/2022\/01\/Rogert-Ulbrich-Rechtsanwaelte-Kanzlei-Abgasskandal-Audi-Verjaehrung-2022-300x169.jpg 300w, https:\/\/ru.law\/wp-content\/uploads\/2022\/01\/Rogert-Ulbrich-Rechtsanwaelte-Kanzlei-Abgasskandal-Audi-Verjaehrung-2022-768x432.jpg 768w, https:\/\/ru.law\/wp-content\/uploads\/2022\/01\/Rogert-Ulbrich-Rechtsanwaelte-Kanzlei-Abgasskandal-Audi-Verjaehrung-2022.jpg 1200w\" sizes=\"auto, (max-width: 1024px) 100vw, 1024px\" \/>\t\t\t\t\t<\/a>\n\t\t\t\t\t\t\t<\/div>\n\t\t\t\t\t\t<h4 class=\"uagb-post__title uagb-post__text\">\n\t\t\t\t<a href=\"https:\/\/ru.law\/nl\/vtdi-abgasskandal-rund-um-vw-audi-und-porsche\/\" target=\"_self\" rel=\"bookmark noopener noreferrer\">VTDI-emissieschandaal waarbij VW, Audi en Porsche betrokken zijn<\/a>\n\t\t\t<\/h4>\n\t\t\t\t\t\t<div class='uagb-post__text uagb-post-grid-byline'>\n\t\t\t\t\t\t\t<\/div>\n\t\t\t\t\t\t\t<div class='uagb-post__text uagb-post__excerpt'>\n\t\t\t\t\t<p>Voor veel Duitse autofabrikanten is het dieselemissieschandaal nog steeds alomtegenwoordig, ook voor de VW Groep\u2026\t\t\t\t<\/div>\n\t\t\t\t\t\t<div class=\"uagb-post__text uagb-post__cta wp-block-button\">\n\t\t\t\t<a class=\"wp-block-button__link uagb-text-link\" style=\"\" href=\"https:\/\/ru.law\/nl\/vtdi-abgasskandal-rund-um-vw-audi-und-porsche\/\" target=\"_self\" rel=\"bookmark noopener noreferrer\">Lees meer<\/a>\n\t\t\t<\/div>\n\t\t\t\n\t\t\t\t\t\t\t\t<a class=\"uagb-post__link-complete-box\" href=\"https:\/\/ru.law\/nl\/vtdi-abgasskandal-rund-um-vw-audi-und-porsche\/\" target=\"_self\" rel=\"bookmark noopener noreferrer\"><\/a>\n\t\t\t\t\t\t\t<\/article>\n\t\t\t\t\t\t\t\t\t\t\t\t\t\t\t\t<article class=\"uagb-post__inner-wrap\">\t\t\t\t\t\t\t\t<div class='uagb-post__image'>\n\t\t\t\t\t\t\t\t\t<a href=\"https:\/\/ru.law\/nl\/olg-koeln-verurteilt-audi-ag\/\" target=\"_self\" rel=\"bookmark noopener noreferrer\" class='uagb-image-ratio-inherit'><img loading=\"lazy\" decoding=\"async\" width=\"1024\" height=\"576\" src=\"https:\/\/ru.law\/wp-content\/uploads\/2021\/09\/rogert-ulbrich-rechtsanwalt-kanzlei-abgasskandal-premium-modelle-porsche-42l-1024x576.jpg\" class=\"attachment-large size-large\" alt=\"\" srcset=\"https:\/\/ru.law\/wp-content\/uploads\/2021\/09\/rogert-ulbrich-rechtsanwalt-kanzlei-abgasskandal-premium-modelle-porsche-42l-1024x576.jpg 1024w, https:\/\/ru.law\/wp-content\/uploads\/2021\/09\/rogert-ulbrich-rechtsanwalt-kanzlei-abgasskandal-premium-modelle-porsche-42l-300x169.jpg 300w, https:\/\/ru.law\/wp-content\/uploads\/2021\/09\/rogert-ulbrich-rechtsanwalt-kanzlei-abgasskandal-premium-modelle-porsche-42l-768x432.jpg 768w, https:\/\/ru.law\/wp-content\/uploads\/2021\/09\/rogert-ulbrich-rechtsanwalt-kanzlei-abgasskandal-premium-modelle-porsche-42l.jpg 1200w\" sizes=\"auto, (max-width: 1024px) 100vw, 1024px\" \/>\t\t\t\t\t<\/a>\n\t\t\t\t\t\t\t<\/div>\n\t\t\t\t\t\t<h4 class=\"uagb-post__title uagb-post__text\">\n\t\t\t\t<a href=\"https:\/\/ru.law\/nl\/olg-koeln-verurteilt-audi-ag\/\" target=\"_self\" rel=\"bookmark noopener noreferrer\">Audi AG moet Porsche Cayenne S terugnemen<\/a>\n\t\t\t<\/h4>\n\t\t\t\t\t\t<div class='uagb-post__text uagb-post-grid-byline'>\n\t\t\t\t\t\t\t<\/div>\n\t\t\t\t\t\t\t<div class='uagb-post__text uagb-post__excerpt'>\n\t\t\t\t\t<p>Audi AG kreeg van het Oberlandesgericht Keulen de opdracht een Porsche Cayenne S 4.2l terug te nemen\u2026.\t\t\t\t<\/div>\n\t\t\t\t\t\t<div class=\"uagb-post__text uagb-post__cta wp-block-button\">\n\t\t\t\t<a class=\"wp-block-button__link uagb-text-link\" style=\"\" href=\"https:\/\/ru.law\/nl\/olg-koeln-verurteilt-audi-ag\/\" target=\"_self\" rel=\"bookmark noopener noreferrer\">Lees meer<\/a>\n\t\t\t<\/div>\n\t\t\t\n\t\t\t\t\t\t\t\t<a class=\"uagb-post__link-complete-box\" href=\"https:\/\/ru.law\/nl\/olg-koeln-verurteilt-audi-ag\/\" target=\"_self\" rel=\"bookmark noopener noreferrer\"><\/a>\n\t\t\t\t\t\t\t<\/article>\n\t\t\t\t\t\t\t\t\t\t\t<\/div>\n\t\t\t\n\n\n<p><\/p>\n<\/div><\/div>\n<\/div><\/section>","protected":false},"excerpt":{"rendered":"<p>Spektakul\u00e4res Urteil des OLG K\u00f6ln. Der 20. Senat des Oberlandesgerichts K\u00f6ln (OLG K\u00f6ln vom 18.12.2020, Az. 20 U 288\/19) gibt K\u00e4ufern von 2 Liter VW, [&hellip;]<\/p>\n","protected":false},"author":21,"featured_media":12867,"comment_status":"closed","ping_status":"open","sticky":false,"template":"","format":"standard","meta":{"_uag_custom_page_level_css":"","site-sidebar-layout":"default","site-content-layout":"default","ast-site-content-layout":"default","site-content-style":"default","site-sidebar-style":"default","ast-global-header-display":"","ast-banner-title-visibility":"","ast-main-header-display":"","ast-hfb-above-header-display":"","ast-hfb-below-header-display":"","ast-hfb-mobile-header-display":"","site-post-title":"","ast-breadcrumbs-content":"","ast-featured-img":"","footer-sml-layout":"","ast-disable-related-posts":"","theme-transparent-header-meta":"default","adv-header-id-meta":"","stick-header-meta":"","header-above-stick-meta":"","header-main-stick-meta":"","header-below-stick-meta":"","astra-migrate-meta-layouts":"default","ast-page-background-enabled":"default","ast-page-background-meta":{"desktop":{"background-color":"","background-image":"","background-repeat":"repeat","background-position":"center center","background-size":"auto","background-attachment":"scroll","background-type":"","background-media":"","overlay-type":"","overlay-color":"","overlay-opacity":"","overlay-gradient":""},"tablet":{"background-color":"","background-image":"","background-repeat":"repeat","background-position":"center center","background-size":"auto","background-attachment":"scroll","background-type":"","background-media":"","overlay-type":"","overlay-color":"","overlay-opacity":"","overlay-gradient":""},"mobile":{"background-color":"","background-image":"","background-repeat":"repeat","background-position":"center center","background-size":"auto","background-attachment":"scroll","background-type":"","background-media":"","overlay-type":"","overlay-color":"","overlay-opacity":"","overlay-gradient":""}},"ast-content-background-meta":{"desktop":{"background-color":"var(--ast-global-color-5)","background-image":"","background-repeat":"repeat","background-position":"center center","background-size":"auto","background-attachment":"scroll","background-type":"","background-media":"","overlay-type":"","overlay-color":"","overlay-opacity":"","overlay-gradient":""},"tablet":{"background-color":"var(--ast-global-color-5)","background-image":"","background-repeat":"repeat","background-position":"center center","background-size":"auto","background-attachment":"scroll","background-type":"","background-media":"","overlay-type":"","overlay-color":"","overlay-opacity":"","overlay-gradient":""},"mobile":{"background-color":"var(--ast-global-color-5)","background-image":"","background-repeat":"repeat","background-position":"center center","background-size":"auto","background-attachment":"scroll","background-type":"","background-media":"","overlay-type":"","overlay-color":"","overlay-opacity":"","overlay-gradient":""}},"footnotes":""},"categories":[2,507],"tags":[14,45],"class_list":["post-12863","post","type-post","status-publish","format-standard","has-post-thumbnail","hentry","category-abgasskandal","category-urteile","tag-bgh","tag-vw"],"yoast_head":"<!-- This site is optimized with the Yoast SEO Premium plugin v27.4 (Yoast SEO v27.4) - https:\/\/yoast.com\/product\/yoast-seo-premium-wordpress\/ -->\n<title>Wieder Hoffnung in sogenannten Kauf nach Kenntnis Verfahren - R&amp;U<\/title>\n<meta name=\"robots\" content=\"index, follow, max-snippet:-1, max-image-preview:large, max-video-preview:-1\" \/>\n<link rel=\"canonical\" href=\"https:\/\/ru.law\/nl\/abgasskandal-kauf-nach-ad-hoc-meldung-jedoch-mit-software-update\/\" \/>\n<meta property=\"og:locale\" content=\"nl_NL\" \/>\n<meta property=\"og:type\" content=\"article\" \/>\n<meta property=\"og:title\" content=\"Wieder Hoffnung in sogenannten Kauf nach Kenntnis Verfahren\" \/>\n<meta property=\"og:description\" content=\"Spektakul\u00e4res Urteil des OLG K\u00f6ln. Der 20. Senat des Oberlandesgerichts K\u00f6ln (OLG K\u00f6ln vom 18.12.2020, Az. 20 U 288\/19) gibt K\u00e4ufern von 2 Liter VW, [&hellip;]\" \/>\n<meta property=\"og:url\" content=\"https:\/\/ru.law\/nl\/abgasskandal-kauf-nach-ad-hoc-meldung-jedoch-mit-software-update\/\" \/>\n<meta property=\"og:site_name\" content=\"R&amp;U\" \/>\n<meta property=\"article:publisher\" content=\"https:\/\/www.facebook.com\/RogertUlbrich\/\" \/>\n<meta property=\"article:published_time\" content=\"2021-01-11T10:00:12+00:00\" \/>\n<meta property=\"article:modified_time\" content=\"2024-07-08T11:12:39+00:00\" \/>\n<meta property=\"og:image\" content=\"https:\/\/ru.law\/wp-content\/uploads\/2020\/12\/vw-diesel-fahrzeug-logo.jpg\" \/>\n\t<meta property=\"og:image:width\" content=\"1200\" \/>\n\t<meta property=\"og:image:height\" content=\"675\" \/>\n\t<meta property=\"og:image:type\" content=\"image\/jpeg\" \/>\n<meta name=\"author\" content=\"Marco Rogert\" \/>\n<meta name=\"twitter:card\" content=\"summary_large_image\" \/>\n<meta name=\"twitter:creator\" content=\"@RogertUlbrich\" \/>\n<meta name=\"twitter:site\" content=\"@RogertUlbrich\" \/>\n<script type=\"application\/ld+json\" class=\"yoast-schema-graph\">{\"@context\":\"https:\\\/\\\/schema.org\",\"@graph\":[{\"@type\":\"Article\",\"@id\":\"https:\\\/\\\/ru.law\\\/abgasskandal-kauf-nach-ad-hoc-meldung-jedoch-mit-software-update\\\/#article\",\"isPartOf\":{\"@id\":\"https:\\\/\\\/ru.law\\\/abgasskandal-kauf-nach-ad-hoc-meldung-jedoch-mit-software-update\\\/\"},\"author\":{\"name\":\"Marco Rogert\",\"@id\":\"https:\\\/\\\/ru.law\\\/#\\\/schema\\\/person\\\/b020d506e6bbc471b4565d3a98173b87\"},\"headline\":\"Wieder Hoffnung in sogenannten Kauf nach Kenntnis Verfahren\",\"datePublished\":\"2021-01-11T10:00:12+00:00\",\"dateModified\":\"2024-07-08T11:12:39+00:00\",\"mainEntityOfPage\":{\"@id\":\"https:\\\/\\\/ru.law\\\/abgasskandal-kauf-nach-ad-hoc-meldung-jedoch-mit-software-update\\\/\"},\"wordCount\":598,\"publisher\":{\"@id\":\"https:\\\/\\\/ru.law\\\/#organization\"},\"image\":{\"@id\":\"https:\\\/\\\/ru.law\\\/abgasskandal-kauf-nach-ad-hoc-meldung-jedoch-mit-software-update\\\/#primaryimage\"},\"thumbnailUrl\":\"https:\\\/\\\/ru.law\\\/wp-content\\\/uploads\\\/2020\\\/12\\\/vw-diesel-fahrzeug-logo.jpg\",\"keywords\":[\"BGH\",\"VW\"],\"articleSection\":[\"Abgasskandal\",\"Urteile\"],\"inLanguage\":\"nl-NL\"},{\"@type\":\"WebPage\",\"@id\":\"https:\\\/\\\/ru.law\\\/abgasskandal-kauf-nach-ad-hoc-meldung-jedoch-mit-software-update\\\/\",\"url\":\"https:\\\/\\\/ru.law\\\/abgasskandal-kauf-nach-ad-hoc-meldung-jedoch-mit-software-update\\\/\",\"name\":\"Wieder Hoffnung in sogenannten Kauf nach Kenntnis Verfahren - R&amp;U\",\"isPartOf\":{\"@id\":\"https:\\\/\\\/ru.law\\\/#website\"},\"primaryImageOfPage\":{\"@id\":\"https:\\\/\\\/ru.law\\\/abgasskandal-kauf-nach-ad-hoc-meldung-jedoch-mit-software-update\\\/#primaryimage\"},\"image\":{\"@id\":\"https:\\\/\\\/ru.law\\\/abgasskandal-kauf-nach-ad-hoc-meldung-jedoch-mit-software-update\\\/#primaryimage\"},\"thumbnailUrl\":\"https:\\\/\\\/ru.law\\\/wp-content\\\/uploads\\\/2020\\\/12\\\/vw-diesel-fahrzeug-logo.jpg\",\"datePublished\":\"2021-01-11T10:00:12+00:00\",\"dateModified\":\"2024-07-08T11:12:39+00:00\",\"breadcrumb\":{\"@id\":\"https:\\\/\\\/ru.law\\\/abgasskandal-kauf-nach-ad-hoc-meldung-jedoch-mit-software-update\\\/#breadcrumb\"},\"inLanguage\":\"nl-NL\",\"potentialAction\":[{\"@type\":\"ReadAction\",\"target\":[\"https:\\\/\\\/ru.law\\\/abgasskandal-kauf-nach-ad-hoc-meldung-jedoch-mit-software-update\\\/\"]}]},{\"@type\":\"ImageObject\",\"inLanguage\":\"nl-NL\",\"@id\":\"https:\\\/\\\/ru.law\\\/abgasskandal-kauf-nach-ad-hoc-meldung-jedoch-mit-software-update\\\/#primaryimage\",\"url\":\"https:\\\/\\\/ru.law\\\/wp-content\\\/uploads\\\/2020\\\/12\\\/vw-diesel-fahrzeug-logo.jpg\",\"contentUrl\":\"https:\\\/\\\/ru.law\\\/wp-content\\\/uploads\\\/2020\\\/12\\\/vw-diesel-fahrzeug-logo.jpg\",\"width\":1200,\"height\":675},{\"@type\":\"BreadcrumbList\",\"@id\":\"https:\\\/\\\/ru.law\\\/abgasskandal-kauf-nach-ad-hoc-meldung-jedoch-mit-software-update\\\/#breadcrumb\",\"itemListElement\":[{\"@type\":\"ListItem\",\"position\":1,\"name\":\"Startseite\",\"item\":\"https:\\\/\\\/ru.law\\\/\"},{\"@type\":\"ListItem\",\"position\":2,\"name\":\"Wieder Hoffnung in sogenannten Kauf nach Kenntnis Verfahren\"}]},{\"@type\":\"WebSite\",\"@id\":\"https:\\\/\\\/ru.law\\\/#website\",\"url\":\"https:\\\/\\\/ru.law\\\/\",\"name\":\"R&U\",\"description\":\"Verbraucheranw\u00e4lte\",\"publisher\":{\"@id\":\"https:\\\/\\\/ru.law\\\/#organization\"},\"alternateName\":\"Rogert & Ulbrich\",\"potentialAction\":[{\"@type\":\"SearchAction\",\"target\":{\"@type\":\"EntryPoint\",\"urlTemplate\":\"https:\\\/\\\/ru.law\\\/?s={search_term_string}\"},\"query-input\":{\"@type\":\"PropertyValueSpecification\",\"valueRequired\":true,\"valueName\":\"search_term_string\"}}],\"inLanguage\":\"nl-NL\"},{\"@type\":\"Organization\",\"@id\":\"https:\\\/\\\/ru.law\\\/#organization\",\"name\":\"Kanzlei Rogert & Ulbrich\",\"url\":\"https:\\\/\\\/ru.law\\\/\",\"logo\":{\"@type\":\"ImageObject\",\"inLanguage\":\"nl-NL\",\"@id\":\"https:\\\/\\\/ru.law\\\/#\\\/schema\\\/logo\\\/image\\\/\",\"url\":\"https:\\\/\\\/ru.law\\\/wp-content\\\/uploads\\\/2020\\\/12\\\/logo-ru-law.svg\",\"contentUrl\":\"https:\\\/\\\/ru.law\\\/wp-content\\\/uploads\\\/2020\\\/12\\\/logo-ru-law.svg\",\"width\":992,\"height\":259,\"caption\":\"Kanzlei Rogert & Ulbrich\"},\"image\":{\"@id\":\"https:\\\/\\\/ru.law\\\/#\\\/schema\\\/logo\\\/image\\\/\"},\"sameAs\":[\"https:\\\/\\\/www.facebook.com\\\/RogertUlbrich\\\/\",\"https:\\\/\\\/x.com\\\/RogertUlbrich\",\"https:\\\/\\\/www.instagram.com\\\/rogertulbrich\\\/\",\"https:\\\/\\\/www.linkedin.com\\\/company\\\/rogert-ulbrich\\\/\",\"https:\\\/\\\/www.youtube.com\\\/channel\\\/UCganCgpvwpPFqMFf1vVmG2A\"]},{\"@type\":\"Person\",\"@id\":\"https:\\\/\\\/ru.law\\\/#\\\/schema\\\/person\\\/b020d506e6bbc471b4565d3a98173b87\",\"name\":\"Marco Rogert\",\"url\":\"https:\\\/\\\/ru.law\\\/nl\\\/author\\\/rogertru-law\\\/\"}]}<\/script>\n<!-- \/ Yoast SEO Premium plugin. -->","yoast_head_json":{"title":"Hernieuwde hoop op zogenaamde kennisgebaseerde inkoopprocedures - R&amp;U","robots":{"index":"index","follow":"follow","max-snippet":"max-snippet:-1","max-image-preview":"max-image-preview:large","max-video-preview":"max-video-preview:-1"},"canonical":"https:\/\/ru.law\/nl\/abgasskandal-kauf-nach-ad-hoc-meldung-jedoch-mit-software-update\/","og_locale":"nl_NL","og_type":"article","og_title":"Wieder Hoffnung in sogenannten Kauf nach Kenntnis Verfahren","og_description":"Spektakul\u00e4res Urteil des OLG K\u00f6ln. Der 20. Senat des Oberlandesgerichts K\u00f6ln (OLG K\u00f6ln vom 18.12.2020, Az. 20 U 288\/19) gibt K\u00e4ufern von 2 Liter VW, [&hellip;]","og_url":"https:\/\/ru.law\/nl\/abgasskandal-kauf-nach-ad-hoc-meldung-jedoch-mit-software-update\/","og_site_name":"R&amp;U","article_publisher":"https:\/\/www.facebook.com\/RogertUlbrich\/","article_published_time":"2021-01-11T10:00:12+00:00","article_modified_time":"2024-07-08T11:12:39+00:00","og_image":[{"width":1200,"height":675,"url":"https:\/\/ru.law\/wp-content\/uploads\/2020\/12\/vw-diesel-fahrzeug-logo.jpg","type":"image\/jpeg"}],"author":"Marco Rogert","twitter_card":"summary_large_image","twitter_creator":"@RogertUlbrich","twitter_site":"@RogertUlbrich","schema":{"@context":"https:\/\/schema.org","@graph":[{"@type":"Article","@id":"https:\/\/ru.law\/abgasskandal-kauf-nach-ad-hoc-meldung-jedoch-mit-software-update\/#article","isPartOf":{"@id":"https:\/\/ru.law\/abgasskandal-kauf-nach-ad-hoc-meldung-jedoch-mit-software-update\/"},"author":{"name":"Marco Rogert","@id":"https:\/\/ru.law\/#\/schema\/person\/b020d506e6bbc471b4565d3a98173b87"},"headline":"Wieder Hoffnung in sogenannten Kauf nach Kenntnis Verfahren","datePublished":"2021-01-11T10:00:12+00:00","dateModified":"2024-07-08T11:12:39+00:00","mainEntityOfPage":{"@id":"https:\/\/ru.law\/abgasskandal-kauf-nach-ad-hoc-meldung-jedoch-mit-software-update\/"},"wordCount":598,"publisher":{"@id":"https:\/\/ru.law\/#organization"},"image":{"@id":"https:\/\/ru.law\/abgasskandal-kauf-nach-ad-hoc-meldung-jedoch-mit-software-update\/#primaryimage"},"thumbnailUrl":"https:\/\/ru.law\/wp-content\/uploads\/2020\/12\/vw-diesel-fahrzeug-logo.jpg","keywords":["BGH","VW"],"articleSection":["Abgasskandal","Urteile"],"inLanguage":"nl-NL"},{"@type":"WebPage","@id":"https:\/\/ru.law\/abgasskandal-kauf-nach-ad-hoc-meldung-jedoch-mit-software-update\/","url":"https:\/\/ru.law\/abgasskandal-kauf-nach-ad-hoc-meldung-jedoch-mit-software-update\/","name":"Hernieuwde hoop op zogenaamde kennisgebaseerde inkoopprocedures - R&amp;U","isPartOf":{"@id":"https:\/\/ru.law\/#website"},"primaryImageOfPage":{"@id":"https:\/\/ru.law\/abgasskandal-kauf-nach-ad-hoc-meldung-jedoch-mit-software-update\/#primaryimage"},"image":{"@id":"https:\/\/ru.law\/abgasskandal-kauf-nach-ad-hoc-meldung-jedoch-mit-software-update\/#primaryimage"},"thumbnailUrl":"https:\/\/ru.law\/wp-content\/uploads\/2020\/12\/vw-diesel-fahrzeug-logo.jpg","datePublished":"2021-01-11T10:00:12+00:00","dateModified":"2024-07-08T11:12:39+00:00","breadcrumb":{"@id":"https:\/\/ru.law\/abgasskandal-kauf-nach-ad-hoc-meldung-jedoch-mit-software-update\/#breadcrumb"},"inLanguage":"nl-NL","potentialAction":[{"@type":"ReadAction","target":["https:\/\/ru.law\/abgasskandal-kauf-nach-ad-hoc-meldung-jedoch-mit-software-update\/"]}]},{"@type":"ImageObject","inLanguage":"nl-NL","@id":"https:\/\/ru.law\/abgasskandal-kauf-nach-ad-hoc-meldung-jedoch-mit-software-update\/#primaryimage","url":"https:\/\/ru.law\/wp-content\/uploads\/2020\/12\/vw-diesel-fahrzeug-logo.jpg","contentUrl":"https:\/\/ru.law\/wp-content\/uploads\/2020\/12\/vw-diesel-fahrzeug-logo.jpg","width":1200,"height":675},{"@type":"BreadcrumbList","@id":"https:\/\/ru.law\/abgasskandal-kauf-nach-ad-hoc-meldung-jedoch-mit-software-update\/#breadcrumb","itemListElement":[{"@type":"ListItem","position":1,"name":"Startseite","item":"https:\/\/ru.law\/"},{"@type":"ListItem","position":2,"name":"Wieder Hoffnung in sogenannten Kauf nach Kenntnis Verfahren"}]},{"@type":"WebSite","@id":"https:\/\/ru.law\/#website","url":"https:\/\/ru.law\/","name":"R&amp;U","description":"Consumentenadvocaten","publisher":{"@id":"https:\/\/ru.law\/#organization"},"alternateName":"Rogert & Ulbrich","potentialAction":[{"@type":"SearchAction","target":{"@type":"EntryPoint","urlTemplate":"https:\/\/ru.law\/?s={search_term_string}"},"query-input":{"@type":"PropertyValueSpecification","valueRequired":true,"valueName":"search_term_string"}}],"inLanguage":"nl-NL"},{"@type":"Organization","@id":"https:\/\/ru.law\/#organization","name":"Advocatenkantoor Rogert &amp; Ulbrich","url":"https:\/\/ru.law\/","logo":{"@type":"ImageObject","inLanguage":"nl-NL","@id":"https:\/\/ru.law\/#\/schema\/logo\/image\/","url":"https:\/\/ru.law\/wp-content\/uploads\/2020\/12\/logo-ru-law.svg","contentUrl":"https:\/\/ru.law\/wp-content\/uploads\/2020\/12\/logo-ru-law.svg","width":992,"height":259,"caption":"Kanzlei Rogert & Ulbrich"},"image":{"@id":"https:\/\/ru.law\/#\/schema\/logo\/image\/"},"sameAs":["https:\/\/www.facebook.com\/RogertUlbrich\/","https:\/\/x.com\/RogertUlbrich","https:\/\/www.instagram.com\/rogertulbrich\/","https:\/\/www.linkedin.com\/company\/rogert-ulbrich\/","https:\/\/www.youtube.com\/channel\/UCganCgpvwpPFqMFf1vVmG2A"]},{"@type":"Person","@id":"https:\/\/ru.law\/#\/schema\/person\/b020d506e6bbc471b4565d3a98173b87","name":"Marco Rogert","url":"https:\/\/ru.law\/nl\/author\/rogertru-law\/"}]}},"uagb_featured_image_src":{"full":["https:\/\/ru.law\/wp-content\/uploads\/2020\/12\/vw-diesel-fahrzeug-logo.jpg",1200,675,false],"thumbnail":["https:\/\/ru.law\/wp-content\/uploads\/2020\/12\/vw-diesel-fahrzeug-logo-150x150.jpg",96,96,true],"medium":["https:\/\/ru.law\/wp-content\/uploads\/2020\/12\/vw-diesel-fahrzeug-logo-300x169.jpg",300,169,true],"medium_large":["https:\/\/ru.law\/wp-content\/uploads\/2020\/12\/vw-diesel-fahrzeug-logo-768x432.jpg",768,432,true],"large":["https:\/\/ru.law\/wp-content\/uploads\/2020\/12\/vw-diesel-fahrzeug-logo-1024x576.jpg",1024,576,true],"1536x1536":["https:\/\/ru.law\/wp-content\/uploads\/2020\/12\/vw-diesel-fahrzeug-logo.jpg",1200,675,false],"2048x2048":["https:\/\/ru.law\/wp-content\/uploads\/2020\/12\/vw-diesel-fahrzeug-logo.jpg",1200,675,false],"trp-custom-language-flag":["https:\/\/ru.law\/wp-content\/uploads\/2020\/12\/vw-diesel-fahrzeug-logo.jpg",18,10,false]},"uagb_author_info":{"display_name":"Marco Rogert","author_link":"https:\/\/ru.law\/nl\/author\/rogertru-law\/"},"uagb_comment_info":0,"uagb_excerpt":"Spektakul\u00e4res Urteil des OLG K\u00f6ln. Der 20. Senat des Oberlandesgerichts K\u00f6ln (OLG K\u00f6ln vom 18.12.2020, Az. 20 U 288\/19) gibt K\u00e4ufern von 2 Liter VW, [&hellip;]","_links":{"self":[{"href":"https:\/\/ru.law\/nl\/wp-json\/wp\/v2\/posts\/12863","targetHints":{"allow":["GET"]}}],"collection":[{"href":"https:\/\/ru.law\/nl\/wp-json\/wp\/v2\/posts"}],"about":[{"href":"https:\/\/ru.law\/nl\/wp-json\/wp\/v2\/types\/post"}],"author":[{"embeddable":true,"href":"https:\/\/ru.law\/nl\/wp-json\/wp\/v2\/users\/21"}],"replies":[{"embeddable":true,"href":"https:\/\/ru.law\/nl\/wp-json\/wp\/v2\/comments?post=12863"}],"version-history":[{"count":0,"href":"https:\/\/ru.law\/nl\/wp-json\/wp\/v2\/posts\/12863\/revisions"}],"wp:featuredmedia":[{"embeddable":true,"href":"https:\/\/ru.law\/nl\/wp-json\/wp\/v2\/media\/12867"}],"wp:attachment":[{"href":"https:\/\/ru.law\/nl\/wp-json\/wp\/v2\/media?parent=12863"}],"wp:term":[{"taxonomy":"category","embeddable":true,"href":"https:\/\/ru.law\/nl\/wp-json\/wp\/v2\/categories?post=12863"},{"taxonomy":"post_tag","embeddable":true,"href":"https:\/\/ru.law\/nl\/wp-json\/wp\/v2\/tags?post=12863"}],"curies":[{"name":"wp","href":"https:\/\/api.w.org\/{rel}","templated":true}]}}