{"id":12372,"date":"2020-12-02T14:11:11","date_gmt":"2020-12-02T13:11:11","guid":{"rendered":"https:\/\/ru.law\/?p=12372"},"modified":"2024-07-08T13:12:43","modified_gmt":"2024-07-08T11:12:43","slug":"das-thermofenster-abschalteinrichtung-im-wohnmobil","status":"publish","type":"post","link":"https:\/\/ru.law\/nl\/das-thermofenster-abschalteinrichtung-im-wohnmobil\/","title":{"rendered":"Het thermische venster: Ongeautoriseerde uitschakelinrichting in de camper"},"content":{"rendered":"<h2 class=\"wp-block-heading\" id=\"h-volkswagen-muss-t5-zurucknehmen\"><strong>Volkswagen moet T5 terugnemen<\/strong><\/h2>\n\n\n\n<p>In een zaak die wij hebben gevoerd, heeft de Arrondissementsrechtbank Keulen Volkswagen AG veroordeeld tot betaling van een schadevergoeding: Eiser kan rekenen op een bedrag van \u20ac 47.991,64 en kan de camper, uitgerust met de frauduleuze EA189-motor, teruggeven aan de Volkswagen Groep (LG Keulen van 19 november 2020, zaaknummer 24 O 167\/20).<\/p>\n\n\n\n<p>De eiser had de <a href=\"https:\/\/ru.law\/nl\/landgericht-verurteilt-volkswagen-zur-ruecknahme-eines-vw-t5\/\">Volkswagen T5 Californi\u00eb<\/a> 2.0l TDI van de Euro 5-emissieklasse in maart 2015. In januari 2020 publiceerde de KBA een <a href=\"https:\/\/ru.law\/nl\/neuer-ueberwachter-vw-rueckruf-vom-kraftfahrt-bundesamt\/\">herinneren<\/a> voor dit model.<\/p>\n\n\n\n<p>Het voertuig heeft ontegenzeggelijk een <a href=\"https:\/\/ru.law\/nl\/zykluserkennung-thermofenster-co\/\">thermisch venster<\/a>, aldus de jury. De gedaagde Volkswagen AG heeft niet weersproken dat het thermische venster leidt tot een afsluiting of een aanzienlijke vermindering van de uitlaatgasrecirculatie. Over het algemeen leek de informatie van VW ontwijkend en niet erg specifiek.<\/p>\n\n\n\n<h3 class=\"wp-block-heading\" id=\"h-das-thermofenster-in-seiner-ausgestaltung-nicht-zulassig\"><strong>Het thermische raam is in zijn ontwerp niet toegestaan<\/strong><\/h3>\n\n\n\n<p>De <a href=\"https:\/\/ru.law\/nl\/expertise\/abgasskandal\/vw-diesel\/\">Volkswagen AG<\/a> aarzelend tot uitdrukking gebracht dat de uitlaatgasrecirculatie alleen plaatsvindt afhankelijk van de omgevingstemperatuur in een temperatuurbereik van ongeveer 3 graden Celsius tot ruim 35 graden Celsius. Ze ging hier echter niet verder op in.<\/p>\n\n\n\n<p>In plaats daarvan besloot de autofabrikant zich te beperken tot algemene uitspraken over de functie en noodzaak van het thermische raam. De rechtbank oordeelde dan ook dat de uitlaatgasrecirculatie die nodig is om aan de emissienormen te voldoen, ook in dat temperatuurbereik niet volledig werd uitgevoerd.<\/p>\n\n\n\n<p>Het thermische raam is in de specifieke uitvoering niet toegestaan. Het uitschakelmechanisme dient ook niet ter bescherming van de motor. De Europese wettelijke norm heeft duidelijk tot doel om directe risico&#039;s die de betrouwbaarheid van de motor be\u00efnvloeden en een gevaar vormen voor het besturen van het voertuig, te accepteren als reden om af te wijken van de norm. Dit geldt echter niet als u slijtage of vervuiling van de motor wilt voorkomen.<\/p>\n\n\n\n<p>Anders zou de uitzondering de regel worden.<\/p>\n\n\n\n<section class=\"wp-block-uagb-columns uagb-columns__wrap uagb-columns__background-undefined uagb-columns__stack-mobile uagb-columns__valign-undefined uagb-columns__gap-10 alignundefined uagb-block-949b667c contrast blog_beitraege\"><div class=\"uagb-columns__overlay\"><\/div><div class=\"uagb-columns__inner-wrap uagb-columns__columns-1\">\n<div class=\"wp-block-uagb-column uagb-column__wrap uagb-column__background-undefined uagb-block-fc4e40ef\"><div class=\"uagb-column__overlay\"><\/div><div class=\"uagb-column__inner-wrap\">\n<h3 class=\"wp-block-heading\" id=\"h-das-konnte-sie-auch-interessieren\">Misschien bent u ook ge\u00efnteresseerd in:<\/h3>\n\n\n\n\t\t\t<div class=\"wp-block-uagb-post-grid uagb-post-grid  uagb-post__image-position-top uagb-post__image-enabled uagb-block-2624b1b0     uagb-post__items uagb-post__columns-3 is-grid uagb-post__columns-tablet-2 uagb-post__columns-mobile-1 uagb-post__equal-height\" data-total=\"2\" style=\"\">\n\n\t\t\t\t\t\t\t\t\t\t\t\t<article class=\"uagb-post__inner-wrap\">\t\t\t\t\t\t\t\t<div class='uagb-post__image'>\n\t\t\t\t\t\t\t\t\t<a href=\"https:\/\/ru.law\/nl\/fiat-abgasskandal-abschalteinrichtungen-in-sunlight-wohnmobil\/\" target=\"_self\" rel=\"bookmark noopener noreferrer\" class='uagb-image-ratio-inherit'><img loading=\"lazy\" decoding=\"async\" width=\"1024\" height=\"576\" src=\"https:\/\/ru.law\/wp-content\/uploads\/2023\/10\/ogert-Ulbrich-Rechtsanwaelte-Kanzlei-Abgasskandal-Fiat-Wohmoil-Ducato.png\" class=\"attachment-large size-large\" alt=\"\" srcset=\"https:\/\/ru.law\/wp-content\/uploads\/2023\/10\/ogert-Ulbrich-Rechtsanwaelte-Kanzlei-Abgasskandal-Fiat-Wohmoil-Ducato.png 1024w, https:\/\/ru.law\/wp-content\/uploads\/2023\/10\/ogert-Ulbrich-Rechtsanwaelte-Kanzlei-Abgasskandal-Fiat-Wohmoil-Ducato-768x432.png 768w\" sizes=\"auto, (max-width: 1024px) 100vw, 1024px\" \/>\t\t\t\t\t<\/a>\n\t\t\t\t\t\t\t<\/div>\n\t\t\t\t\t\t<h4 class=\"uagb-post__title uagb-post__text\">\n\t\t\t\t<a href=\"https:\/\/ru.law\/nl\/fiat-abgasskandal-abschalteinrichtungen-in-sunlight-wohnmobil\/\" target=\"_self\" rel=\"bookmark noopener noreferrer\">Fiat-emissieschandaal: manipulatie-instrumenten in Sunlight-camper<\/a>\n\t\t\t<\/h4>\n\t\t\t\t\t\t<div class='uagb-post__text uagb-post-grid-byline'>\n\t\t\t\t\t\t\t<\/div>\n\t\t\t\t\t\t\t<div class='uagb-post__text uagb-post__excerpt'>\n\t\t\t\t\t<p>Het Oberlandesgericht Naumburg oordeelde op 15 september 2023 dat Stellantis, het moederbedrijf van Fiat-Chrysler,\u2026\t\t\t\t<\/div>\n\t\t\t\n\t\t\t\t\t\t\t\t\t<\/article>\n\t\t\t\t\t\t\t\t\t\t\t\t\t\t\t\t<article class=\"uagb-post__inner-wrap\">\t\t\t\t\t\t\t\t<div class='uagb-post__image'>\n\t\t\t\t\t\t\t\t\t<a href=\"https:\/\/ru.law\/nl\/fiat-abgasskandal-immer-mehr-wohnmobile-betroffen\/\" target=\"_self\" rel=\"bookmark noopener noreferrer\" class='uagb-image-ratio-inherit'><img loading=\"lazy\" decoding=\"async\" width=\"1024\" height=\"576\" src=\"https:\/\/ru.law\/wp-content\/uploads\/2022\/04\/Rogert-Ulbrich-Rechtsanwaelte-Kanzlei-Abgasskandal-Fiat-Wohmoil-Ducato-1024x576.jpg\" class=\"attachment-large size-large\" alt=\"\" srcset=\"https:\/\/ru.law\/wp-content\/uploads\/2022\/04\/Rogert-Ulbrich-Rechtsanwaelte-Kanzlei-Abgasskandal-Fiat-Wohmoil-Ducato-1024x576.jpg 1024w, https:\/\/ru.law\/wp-content\/uploads\/2022\/04\/Rogert-Ulbrich-Rechtsanwaelte-Kanzlei-Abgasskandal-Fiat-Wohmoil-Ducato-300x169.jpg 300w, https:\/\/ru.law\/wp-content\/uploads\/2022\/04\/Rogert-Ulbrich-Rechtsanwaelte-Kanzlei-Abgasskandal-Fiat-Wohmoil-Ducato-768x432.jpg 768w, https:\/\/ru.law\/wp-content\/uploads\/2022\/04\/Rogert-Ulbrich-Rechtsanwaelte-Kanzlei-Abgasskandal-Fiat-Wohmoil-Ducato.jpg 1200w\" sizes=\"auto, (max-width: 1024px) 100vw, 1024px\" \/>\t\t\t\t\t<\/a>\n\t\t\t\t\t\t\t<\/div>\n\t\t\t\t\t\t<h4 class=\"uagb-post__title uagb-post__text\">\n\t\t\t\t<a href=\"https:\/\/ru.law\/nl\/fiat-abgasskandal-immer-mehr-wohnmobile-betroffen\/\" target=\"_self\" rel=\"bookmark noopener noreferrer\">Fiat-emissieschandaal: Steeds meer campers getroffen<\/a>\n\t\t\t<\/h4>\n\t\t\t\t\t\t<div class='uagb-post__text uagb-post-grid-byline'>\n\t\t\t\t\t\t\t<\/div>\n\t\t\t\t\t\t\t<div class='uagb-post__text uagb-post__excerpt'>\n\t\t\t\t\t<p>De regionale rechtbank (LG) Dessau-Ro\u00dflau heeft FCA Italy SpA (Fiat Chrysler Automobiles) veroordeeld tot het betalen van\u2026\t\t\t\t<\/div>\n\t\t\t\n\t\t\t\t\t\t\t\t\t<\/article>\n\t\t\t\t\t\t\t\t\t\t\t\t\t\t\t\t<article class=\"uagb-post__inner-wrap\">\t\t\t\t\t\t\t\t<div class='uagb-post__image'>\n\t\t\t\t\t\t\t\t\t<a href=\"https:\/\/ru.law\/nl\/fiat-abgasskandal-chancen-fuer-verbraucher-steigen\/\" target=\"_self\" rel=\"bookmark noopener noreferrer\" class='uagb-image-ratio-inherit'><img loading=\"lazy\" decoding=\"async\" width=\"1024\" height=\"576\" src=\"https:\/\/ru.law\/wp-content\/uploads\/2022\/04\/Rogert-Ulbrich-Rechtsanwaelte-Kanzlei-Abgasskandal-Fiat-Wohnmobil-Schadensersatz-1024x576.jpg\" class=\"attachment-large size-large\" alt=\"\" srcset=\"https:\/\/ru.law\/wp-content\/uploads\/2022\/04\/Rogert-Ulbrich-Rechtsanwaelte-Kanzlei-Abgasskandal-Fiat-Wohnmobil-Schadensersatz-1024x576.jpg 1024w, https:\/\/ru.law\/wp-content\/uploads\/2022\/04\/Rogert-Ulbrich-Rechtsanwaelte-Kanzlei-Abgasskandal-Fiat-Wohnmobil-Schadensersatz-300x169.jpg 300w, https:\/\/ru.law\/wp-content\/uploads\/2022\/04\/Rogert-Ulbrich-Rechtsanwaelte-Kanzlei-Abgasskandal-Fiat-Wohnmobil-Schadensersatz-768x432.jpg 768w, https:\/\/ru.law\/wp-content\/uploads\/2022\/04\/Rogert-Ulbrich-Rechtsanwaelte-Kanzlei-Abgasskandal-Fiat-Wohnmobil-Schadensersatz.jpg 1200w\" sizes=\"auto, (max-width: 1024px) 100vw, 1024px\" \/>\t\t\t\t\t<\/a>\n\t\t\t\t\t\t\t<\/div>\n\t\t\t\t\t\t<h4 class=\"uagb-post__title uagb-post__text\">\n\t\t\t\t<a href=\"https:\/\/ru.law\/nl\/fiat-abgasskandal-chancen-fuer-verbraucher-steigen\/\" target=\"_self\" rel=\"bookmark noopener noreferrer\">Fiat-emissieschandaal: kansen voor consumenten nemen toe<\/a>\n\t\t\t<\/h4>\n\t\t\t\t\t\t<div class='uagb-post__text uagb-post-grid-byline'>\n\t\t\t\t\t\t\t<\/div>\n\t\t\t\t\t\t\t<div class='uagb-post__text uagb-post__excerpt'>\n\t\t\t\t\t<p>Het Oberlandesgericht Keulen (OLG) heeft in een uitspraak van 24 februari 2022 bekendgemaakt dat het voornemens is om\u2026\t\t\t\t<\/div>\n\t\t\t\n\t\t\t\t\t\t\t\t\t<\/article>\n\t\t\t\t\t\t\t\t\t\t\t<\/div>\n\t\t\t<\/div><\/div>\n<\/div><\/section>","protected":false},"excerpt":{"rendered":"<p>Volkswagen muss T5 zur\u00fccknehmen In einem von uns gef\u00fchrten Verfahren verurteilte das Landgericht K\u00f6ln die Volkswagen AG zur Zahlung von Schadensersatz: Der Kl\u00e4ger kann sich [&hellip;]<\/p>\n","protected":false},"author":21,"featured_media":12373,"comment_status":"closed","ping_status":"open","sticky":false,"template":"","format":"standard","meta":{"_uag_custom_page_level_css":"","site-sidebar-layout":"default","site-content-layout":"default","ast-site-content-layout":"default","site-content-style":"default","site-sidebar-style":"default","ast-global-header-display":"","ast-banner-title-visibility":"","ast-main-header-display":"","ast-hfb-above-header-display":"","ast-hfb-below-header-display":"","ast-hfb-mobile-header-display":"","site-post-title":"","ast-breadcrumbs-content":"","ast-featured-img":"","footer-sml-layout":"","ast-disable-related-posts":"","theme-transparent-header-meta":"default","adv-header-id-meta":"","stick-header-meta":"","header-above-stick-meta":"","header-main-stick-meta":"","header-below-stick-meta":"","astra-migrate-meta-layouts":"default","ast-page-background-enabled":"default","ast-page-background-meta":{"desktop":{"background-color":"","background-image":"","background-repeat":"repeat","background-position":"center center","background-size":"auto","background-attachment":"scroll","background-type":"","background-media":"","overlay-type":"","overlay-color":"","overlay-opacity":"","overlay-gradient":""},"tablet":{"background-color":"","background-image":"","background-repeat":"repeat","background-position":"center center","background-size":"auto","background-attachment":"scroll","background-type":"","background-media":"","overlay-type":"","overlay-color":"","overlay-opacity":"","overlay-gradient":""},"mobile":{"background-color":"","background-image":"","background-repeat":"repeat","background-position":"center center","background-size":"auto","background-attachment":"scroll","background-type":"","background-media":"","overlay-type":"","overlay-color":"","overlay-opacity":"","overlay-gradient":""}},"ast-content-background-meta":{"desktop":{"background-color":"var(--ast-global-color-5)","background-image":"","background-repeat":"repeat","background-position":"center center","background-size":"auto","background-attachment":"scroll","background-type":"","background-media":"","overlay-type":"","overlay-color":"","overlay-opacity":"","overlay-gradient":""},"tablet":{"background-color":"var(--ast-global-color-5)","background-image":"","background-repeat":"repeat","background-position":"center center","background-size":"auto","background-attachment":"scroll","background-type":"","background-media":"","overlay-type":"","overlay-color":"","overlay-opacity":"","overlay-gradient":""},"mobile":{"background-color":"var(--ast-global-color-5)","background-image":"","background-repeat":"repeat","background-position":"center center","background-size":"auto","background-attachment":"scroll","background-type":"","background-media":"","overlay-type":"","overlay-color":"","overlay-opacity":"","overlay-gradient":""}},"footnotes":""},"categories":[2,507],"tags":[41,45,773],"class_list":["post-12372","post","type-post","status-publish","format-standard","has-post-thumbnail","hentry","category-abgasskandal","category-urteile","tag-thermofenster","tag-vw","tag-wohnmobil"],"yoast_head":"<!-- This site is optimized with the Yoast SEO Premium plugin v27.4 (Yoast SEO v27.4) - https:\/\/yoast.com\/product\/yoast-seo-premium-wordpress\/ -->\n<title>Das Thermofenster: Unzul\u00e4ssige Abschalteinrichtung im Wohnmobil - R&amp;U<\/title>\n<meta name=\"description\" content=\"Landgericht K\u00f6ln verurteilt die Volkswagen AG zur Zahlung von Schadensersatz: Der Wohnmobil-Besitzer kann sich \u00fcber 47.991,64 EUR freuen.\" \/>\n<meta name=\"robots\" content=\"index, follow, max-snippet:-1, max-image-preview:large, max-video-preview:-1\" \/>\n<link rel=\"canonical\" href=\"https:\/\/ru.law\/nl\/das-thermofenster-abschalteinrichtung-im-wohnmobil\/\" \/>\n<meta property=\"og:locale\" content=\"nl_NL\" \/>\n<meta property=\"og:type\" content=\"article\" \/>\n<meta property=\"og:title\" content=\"Das Thermofenster: Unzul\u00e4ssige Abschalteinrichtung im Wohnmobil\" \/>\n<meta property=\"og:description\" content=\"Landgericht K\u00f6ln verurteilt die Volkswagen AG zur Zahlung von Schadensersatz: Der Wohnmobil-Besitzer kann sich \u00fcber 47.991,64 EUR freuen.\" \/>\n<meta property=\"og:url\" content=\"https:\/\/ru.law\/nl\/das-thermofenster-abschalteinrichtung-im-wohnmobil\/\" \/>\n<meta property=\"og:site_name\" content=\"R&amp;U\" \/>\n<meta property=\"article:publisher\" content=\"https:\/\/www.facebook.com\/RogertUlbrich\/\" \/>\n<meta property=\"article:published_time\" content=\"2020-12-02T13:11:11+00:00\" \/>\n<meta property=\"article:modified_time\" content=\"2024-07-08T11:12:43+00:00\" \/>\n<meta property=\"og:image\" content=\"https:\/\/ru.law\/wp-content\/uploads\/2020\/12\/volkswagen-t5-wohnmobil.jpg\" \/>\n\t<meta property=\"og:image:width\" content=\"1200\" \/>\n\t<meta property=\"og:image:height\" content=\"675\" \/>\n\t<meta property=\"og:image:type\" content=\"image\/jpeg\" \/>\n<meta name=\"author\" content=\"Marco Rogert\" \/>\n<meta name=\"twitter:card\" content=\"summary_large_image\" \/>\n<meta name=\"twitter:creator\" content=\"@RogertUlbrich\" \/>\n<meta name=\"twitter:site\" content=\"@RogertUlbrich\" \/>\n<script type=\"application\/ld+json\" class=\"yoast-schema-graph\">{\"@context\":\"https:\\\/\\\/schema.org\",\"@graph\":[{\"@type\":\"Article\",\"@id\":\"https:\\\/\\\/ru.law\\\/das-thermofenster-abschalteinrichtung-im-wohnmobil\\\/#article\",\"isPartOf\":{\"@id\":\"https:\\\/\\\/ru.law\\\/das-thermofenster-abschalteinrichtung-im-wohnmobil\\\/\"},\"author\":{\"name\":\"Marco Rogert\",\"@id\":\"https:\\\/\\\/ru.law\\\/#\\\/schema\\\/person\\\/b020d506e6bbc471b4565d3a98173b87\"},\"headline\":\"Das Thermofenster: Unzul\u00e4ssige Abschalteinrichtung im Wohnmobil\",\"datePublished\":\"2020-12-02T13:11:11+00:00\",\"dateModified\":\"2024-07-08T11:12:43+00:00\",\"mainEntityOfPage\":{\"@id\":\"https:\\\/\\\/ru.law\\\/das-thermofenster-abschalteinrichtung-im-wohnmobil\\\/\"},\"wordCount\":306,\"publisher\":{\"@id\":\"https:\\\/\\\/ru.law\\\/#organization\"},\"image\":{\"@id\":\"https:\\\/\\\/ru.law\\\/das-thermofenster-abschalteinrichtung-im-wohnmobil\\\/#primaryimage\"},\"thumbnailUrl\":\"https:\\\/\\\/ru.law\\\/wp-content\\\/uploads\\\/2020\\\/12\\\/volkswagen-t5-wohnmobil.jpg\",\"keywords\":[\"Thermofenster\",\"VW\",\"Wohnmobil\"],\"articleSection\":[\"Abgasskandal\",\"Urteile\"],\"inLanguage\":\"nl-NL\"},{\"@type\":\"WebPage\",\"@id\":\"https:\\\/\\\/ru.law\\\/das-thermofenster-abschalteinrichtung-im-wohnmobil\\\/\",\"url\":\"https:\\\/\\\/ru.law\\\/das-thermofenster-abschalteinrichtung-im-wohnmobil\\\/\",\"name\":\"Das Thermofenster: Unzul\u00e4ssige Abschalteinrichtung im Wohnmobil - R&amp;U\",\"isPartOf\":{\"@id\":\"https:\\\/\\\/ru.law\\\/#website\"},\"primaryImageOfPage\":{\"@id\":\"https:\\\/\\\/ru.law\\\/das-thermofenster-abschalteinrichtung-im-wohnmobil\\\/#primaryimage\"},\"image\":{\"@id\":\"https:\\\/\\\/ru.law\\\/das-thermofenster-abschalteinrichtung-im-wohnmobil\\\/#primaryimage\"},\"thumbnailUrl\":\"https:\\\/\\\/ru.law\\\/wp-content\\\/uploads\\\/2020\\\/12\\\/volkswagen-t5-wohnmobil.jpg\",\"datePublished\":\"2020-12-02T13:11:11+00:00\",\"dateModified\":\"2024-07-08T11:12:43+00:00\",\"description\":\"Landgericht K\u00f6ln verurteilt die Volkswagen AG zur Zahlung von Schadensersatz: Der Wohnmobil-Besitzer kann sich \u00fcber 47.991,64 EUR freuen.\",\"breadcrumb\":{\"@id\":\"https:\\\/\\\/ru.law\\\/das-thermofenster-abschalteinrichtung-im-wohnmobil\\\/#breadcrumb\"},\"inLanguage\":\"nl-NL\",\"potentialAction\":[{\"@type\":\"ReadAction\",\"target\":[\"https:\\\/\\\/ru.law\\\/das-thermofenster-abschalteinrichtung-im-wohnmobil\\\/\"]}]},{\"@type\":\"ImageObject\",\"inLanguage\":\"nl-NL\",\"@id\":\"https:\\\/\\\/ru.law\\\/das-thermofenster-abschalteinrichtung-im-wohnmobil\\\/#primaryimage\",\"url\":\"https:\\\/\\\/ru.law\\\/wp-content\\\/uploads\\\/2020\\\/12\\\/volkswagen-t5-wohnmobil.jpg\",\"contentUrl\":\"https:\\\/\\\/ru.law\\\/wp-content\\\/uploads\\\/2020\\\/12\\\/volkswagen-t5-wohnmobil.jpg\",\"width\":1200,\"height\":675,\"caption\":\"Volkswagen T5 Wohnmobil\"},{\"@type\":\"BreadcrumbList\",\"@id\":\"https:\\\/\\\/ru.law\\\/das-thermofenster-abschalteinrichtung-im-wohnmobil\\\/#breadcrumb\",\"itemListElement\":[{\"@type\":\"ListItem\",\"position\":1,\"name\":\"Startseite\",\"item\":\"https:\\\/\\\/ru.law\\\/\"},{\"@type\":\"ListItem\",\"position\":2,\"name\":\"Das Thermofenster: Unzul\u00e4ssige Abschalteinrichtung im Wohnmobil\"}]},{\"@type\":\"WebSite\",\"@id\":\"https:\\\/\\\/ru.law\\\/#website\",\"url\":\"https:\\\/\\\/ru.law\\\/\",\"name\":\"R&U\",\"description\":\"Verbraucheranw\u00e4lte\",\"publisher\":{\"@id\":\"https:\\\/\\\/ru.law\\\/#organization\"},\"alternateName\":\"Rogert & Ulbrich\",\"potentialAction\":[{\"@type\":\"SearchAction\",\"target\":{\"@type\":\"EntryPoint\",\"urlTemplate\":\"https:\\\/\\\/ru.law\\\/?s={search_term_string}\"},\"query-input\":{\"@type\":\"PropertyValueSpecification\",\"valueRequired\":true,\"valueName\":\"search_term_string\"}}],\"inLanguage\":\"nl-NL\"},{\"@type\":\"Organization\",\"@id\":\"https:\\\/\\\/ru.law\\\/#organization\",\"name\":\"Kanzlei Rogert & Ulbrich\",\"url\":\"https:\\\/\\\/ru.law\\\/\",\"logo\":{\"@type\":\"ImageObject\",\"inLanguage\":\"nl-NL\",\"@id\":\"https:\\\/\\\/ru.law\\\/#\\\/schema\\\/logo\\\/image\\\/\",\"url\":\"https:\\\/\\\/ru.law\\\/wp-content\\\/uploads\\\/2020\\\/12\\\/logo-ru-law.svg\",\"contentUrl\":\"https:\\\/\\\/ru.law\\\/wp-content\\\/uploads\\\/2020\\\/12\\\/logo-ru-law.svg\",\"width\":992,\"height\":259,\"caption\":\"Kanzlei Rogert & Ulbrich\"},\"image\":{\"@id\":\"https:\\\/\\\/ru.law\\\/#\\\/schema\\\/logo\\\/image\\\/\"},\"sameAs\":[\"https:\\\/\\\/www.facebook.com\\\/RogertUlbrich\\\/\",\"https:\\\/\\\/x.com\\\/RogertUlbrich\",\"https:\\\/\\\/www.instagram.com\\\/rogertulbrich\\\/\",\"https:\\\/\\\/www.linkedin.com\\\/company\\\/rogert-ulbrich\\\/\",\"https:\\\/\\\/www.youtube.com\\\/channel\\\/UCganCgpvwpPFqMFf1vVmG2A\"]},{\"@type\":\"Person\",\"@id\":\"https:\\\/\\\/ru.law\\\/#\\\/schema\\\/person\\\/b020d506e6bbc471b4565d3a98173b87\",\"name\":\"Marco Rogert\",\"url\":\"https:\\\/\\\/ru.law\\\/nl\\\/author\\\/rogertru-law\\\/\"}]}<\/script>\n<!-- \/ Yoast SEO Premium plugin. -->","yoast_head_json":{"title":"Das Thermofenster: Unzul\u00e4ssige Abschalteinrichtung im Wohnmobil - R&amp;U","description":"Landgericht K\u00f6ln verurteilt die Volkswagen AG zur Zahlung von Schadensersatz: Der Wohnmobil-Besitzer kann sich \u00fcber 47.991,64 EUR freuen.","robots":{"index":"index","follow":"follow","max-snippet":"max-snippet:-1","max-image-preview":"max-image-preview:large","max-video-preview":"max-video-preview:-1"},"canonical":"https:\/\/ru.law\/nl\/das-thermofenster-abschalteinrichtung-im-wohnmobil\/","og_locale":"nl_NL","og_type":"article","og_title":"Das Thermofenster: Unzul\u00e4ssige Abschalteinrichtung im Wohnmobil","og_description":"Landgericht K\u00f6ln verurteilt die Volkswagen AG zur Zahlung von Schadensersatz: Der Wohnmobil-Besitzer kann sich \u00fcber 47.991,64 EUR freuen.","og_url":"https:\/\/ru.law\/nl\/das-thermofenster-abschalteinrichtung-im-wohnmobil\/","og_site_name":"R&amp;U","article_publisher":"https:\/\/www.facebook.com\/RogertUlbrich\/","article_published_time":"2020-12-02T13:11:11+00:00","article_modified_time":"2024-07-08T11:12:43+00:00","og_image":[{"width":1200,"height":675,"url":"https:\/\/ru.law\/wp-content\/uploads\/2020\/12\/volkswagen-t5-wohnmobil.jpg","type":"image\/jpeg"}],"author":"Marco Rogert","twitter_card":"summary_large_image","twitter_creator":"@RogertUlbrich","twitter_site":"@RogertUlbrich","schema":{"@context":"https:\/\/schema.org","@graph":[{"@type":"Article","@id":"https:\/\/ru.law\/das-thermofenster-abschalteinrichtung-im-wohnmobil\/#article","isPartOf":{"@id":"https:\/\/ru.law\/das-thermofenster-abschalteinrichtung-im-wohnmobil\/"},"author":{"name":"Marco Rogert","@id":"https:\/\/ru.law\/#\/schema\/person\/b020d506e6bbc471b4565d3a98173b87"},"headline":"Das Thermofenster: Unzul\u00e4ssige Abschalteinrichtung im Wohnmobil","datePublished":"2020-12-02T13:11:11+00:00","dateModified":"2024-07-08T11:12:43+00:00","mainEntityOfPage":{"@id":"https:\/\/ru.law\/das-thermofenster-abschalteinrichtung-im-wohnmobil\/"},"wordCount":306,"publisher":{"@id":"https:\/\/ru.law\/#organization"},"image":{"@id":"https:\/\/ru.law\/das-thermofenster-abschalteinrichtung-im-wohnmobil\/#primaryimage"},"thumbnailUrl":"https:\/\/ru.law\/wp-content\/uploads\/2020\/12\/volkswagen-t5-wohnmobil.jpg","keywords":["Thermofenster","VW","Wohnmobil"],"articleSection":["Abgasskandal","Urteile"],"inLanguage":"nl-NL"},{"@type":"WebPage","@id":"https:\/\/ru.law\/das-thermofenster-abschalteinrichtung-im-wohnmobil\/","url":"https:\/\/ru.law\/das-thermofenster-abschalteinrichtung-im-wohnmobil\/","name":"Das Thermofenster: Unzul\u00e4ssige Abschalteinrichtung im Wohnmobil - R&amp;U","isPartOf":{"@id":"https:\/\/ru.law\/#website"},"primaryImageOfPage":{"@id":"https:\/\/ru.law\/das-thermofenster-abschalteinrichtung-im-wohnmobil\/#primaryimage"},"image":{"@id":"https:\/\/ru.law\/das-thermofenster-abschalteinrichtung-im-wohnmobil\/#primaryimage"},"thumbnailUrl":"https:\/\/ru.law\/wp-content\/uploads\/2020\/12\/volkswagen-t5-wohnmobil.jpg","datePublished":"2020-12-02T13:11:11+00:00","dateModified":"2024-07-08T11:12:43+00:00","description":"Landgericht K\u00f6ln verurteilt die Volkswagen AG zur Zahlung von Schadensersatz: Der Wohnmobil-Besitzer kann sich \u00fcber 47.991,64 EUR freuen.","breadcrumb":{"@id":"https:\/\/ru.law\/das-thermofenster-abschalteinrichtung-im-wohnmobil\/#breadcrumb"},"inLanguage":"nl-NL","potentialAction":[{"@type":"ReadAction","target":["https:\/\/ru.law\/das-thermofenster-abschalteinrichtung-im-wohnmobil\/"]}]},{"@type":"ImageObject","inLanguage":"nl-NL","@id":"https:\/\/ru.law\/das-thermofenster-abschalteinrichtung-im-wohnmobil\/#primaryimage","url":"https:\/\/ru.law\/wp-content\/uploads\/2020\/12\/volkswagen-t5-wohnmobil.jpg","contentUrl":"https:\/\/ru.law\/wp-content\/uploads\/2020\/12\/volkswagen-t5-wohnmobil.jpg","width":1200,"height":675,"caption":"Volkswagen T5 Wohnmobil"},{"@type":"BreadcrumbList","@id":"https:\/\/ru.law\/das-thermofenster-abschalteinrichtung-im-wohnmobil\/#breadcrumb","itemListElement":[{"@type":"ListItem","position":1,"name":"Startseite","item":"https:\/\/ru.law\/"},{"@type":"ListItem","position":2,"name":"Das Thermofenster: Unzul\u00e4ssige Abschalteinrichtung im Wohnmobil"}]},{"@type":"WebSite","@id":"https:\/\/ru.law\/#website","url":"https:\/\/ru.law\/","name":"R&amp;U","description":"Consumentenadvocaten","publisher":{"@id":"https:\/\/ru.law\/#organization"},"alternateName":"Rogert & Ulbrich","potentialAction":[{"@type":"SearchAction","target":{"@type":"EntryPoint","urlTemplate":"https:\/\/ru.law\/?s={search_term_string}"},"query-input":{"@type":"PropertyValueSpecification","valueRequired":true,"valueName":"search_term_string"}}],"inLanguage":"nl-NL"},{"@type":"Organization","@id":"https:\/\/ru.law\/#organization","name":"Advocatenkantoor Rogert &amp; Ulbrich","url":"https:\/\/ru.law\/","logo":{"@type":"ImageObject","inLanguage":"nl-NL","@id":"https:\/\/ru.law\/#\/schema\/logo\/image\/","url":"https:\/\/ru.law\/wp-content\/uploads\/2020\/12\/logo-ru-law.svg","contentUrl":"https:\/\/ru.law\/wp-content\/uploads\/2020\/12\/logo-ru-law.svg","width":992,"height":259,"caption":"Kanzlei Rogert & Ulbrich"},"image":{"@id":"https:\/\/ru.law\/#\/schema\/logo\/image\/"},"sameAs":["https:\/\/www.facebook.com\/RogertUlbrich\/","https:\/\/x.com\/RogertUlbrich","https:\/\/www.instagram.com\/rogertulbrich\/","https:\/\/www.linkedin.com\/company\/rogert-ulbrich\/","https:\/\/www.youtube.com\/channel\/UCganCgpvwpPFqMFf1vVmG2A"]},{"@type":"Person","@id":"https:\/\/ru.law\/#\/schema\/person\/b020d506e6bbc471b4565d3a98173b87","name":"Marco Rogert","url":"https:\/\/ru.law\/nl\/author\/rogertru-law\/"}]}},"uagb_featured_image_src":{"full":["https:\/\/ru.law\/wp-content\/uploads\/2020\/12\/volkswagen-t5-wohnmobil.jpg",1200,675,false],"thumbnail":["https:\/\/ru.law\/wp-content\/uploads\/2020\/12\/volkswagen-t5-wohnmobil-150x150.jpg",96,96,true],"medium":["https:\/\/ru.law\/wp-content\/uploads\/2020\/12\/volkswagen-t5-wohnmobil-300x169.jpg",300,169,true],"medium_large":["https:\/\/ru.law\/wp-content\/uploads\/2020\/12\/volkswagen-t5-wohnmobil-768x432.jpg",768,432,true],"large":["https:\/\/ru.law\/wp-content\/uploads\/2020\/12\/volkswagen-t5-wohnmobil-1024x576.jpg",1024,576,true],"1536x1536":["https:\/\/ru.law\/wp-content\/uploads\/2020\/12\/volkswagen-t5-wohnmobil.jpg",1200,675,false],"2048x2048":["https:\/\/ru.law\/wp-content\/uploads\/2020\/12\/volkswagen-t5-wohnmobil.jpg",1200,675,false],"trp-custom-language-flag":["https:\/\/ru.law\/wp-content\/uploads\/2020\/12\/volkswagen-t5-wohnmobil.jpg",18,10,false]},"uagb_author_info":{"display_name":"Marco Rogert","author_link":"https:\/\/ru.law\/nl\/author\/rogertru-law\/"},"uagb_comment_info":0,"uagb_excerpt":"Volkswagen muss T5 zur\u00fccknehmen In einem von uns gef\u00fchrten Verfahren verurteilte das Landgericht K\u00f6ln die Volkswagen AG zur Zahlung von Schadensersatz: Der Kl\u00e4ger kann sich [&hellip;]","_links":{"self":[{"href":"https:\/\/ru.law\/nl\/wp-json\/wp\/v2\/posts\/12372","targetHints":{"allow":["GET"]}}],"collection":[{"href":"https:\/\/ru.law\/nl\/wp-json\/wp\/v2\/posts"}],"about":[{"href":"https:\/\/ru.law\/nl\/wp-json\/wp\/v2\/types\/post"}],"author":[{"embeddable":true,"href":"https:\/\/ru.law\/nl\/wp-json\/wp\/v2\/users\/21"}],"replies":[{"embeddable":true,"href":"https:\/\/ru.law\/nl\/wp-json\/wp\/v2\/comments?post=12372"}],"version-history":[{"count":0,"href":"https:\/\/ru.law\/nl\/wp-json\/wp\/v2\/posts\/12372\/revisions"}],"wp:featuredmedia":[{"embeddable":true,"href":"https:\/\/ru.law\/nl\/wp-json\/wp\/v2\/media\/12373"}],"wp:attachment":[{"href":"https:\/\/ru.law\/nl\/wp-json\/wp\/v2\/media?parent=12372"}],"wp:term":[{"taxonomy":"category","embeddable":true,"href":"https:\/\/ru.law\/nl\/wp-json\/wp\/v2\/categories?post=12372"},{"taxonomy":"post_tag","embeddable":true,"href":"https:\/\/ru.law\/nl\/wp-json\/wp\/v2\/tags?post=12372"}],"curies":[{"name":"wp","href":"https:\/\/api.w.org\/{rel}","templated":true}]}}