{"id":12345,"date":"2020-12-01T13:47:20","date_gmt":"2020-12-01T12:47:20","guid":{"rendered":"https:\/\/ru.law\/?p=12345"},"modified":"2024-07-08T13:12:43","modified_gmt":"2024-07-08T11:12:43","slug":"audi-haftet-fuer-volkswagen-motoren","status":"publish","type":"post","link":"https:\/\/ru.law\/nl\/audi-haftet-fuer-volkswagen-motoren\/","title":{"rendered":"OLG M\u00fcnchen: Audi ook aansprakelijk voor gemanipuleerde motoren van Volkswagen"},"content":{"rendered":"<h2 class=\"wp-block-heading\" id=\"h-21-000-eur-schadensersatz-fur-den-fahrzeug-halter\"><strong>21.000+ EUR schadevergoeding voor de eigenaar van het voertuig<\/strong>.<\/h2>\n\n\n\n<p>Ons advocatenkantoor heeft een groot succes kunnen behalen bij de Hogere Regionale Rechtbank van M\u00fcnchen en <a href=\"https:\/\/ru.law\/nl\/expertise\/abgasskandal\/audi-diesel\/\">Audi<\/a> aansprakelijk voor de inbouw van een door Volkswagen AG ontwikkelde motor.<\/p>\n\n\n\n<p>Eiser kocht de Audi A4 in 2012 voor een kleine 25.500 euro. De dan in gevallen van <a href=\"https:\/\/ru.law\/nl\/expertise\/abgasskandal\/\">emissieschandaal<\/a> De sowieso al niet bepaald consumentvriendelijke rechtbank van Memmingen wees de zaak in eerste aanleg af.<\/p>\n\n\n\n<p>Het Oberlandesgericht M\u00fcnchen zag het anders en veroordeelde Audi AG tot betaling van 21.600 euro schadevergoeding en tot terugname van de auto (Oberlandesgericht M\u00fcnchen van 27 november 2020, zaaknummer 24 U 6567\/19).<\/p>\n\n\n\n<h3 class=\"wp-block-heading\" id=\"h-hat-audi-den-manipulierten-volkswagen-motor-blind-verbaut\"><strong>Heeft Audi de gemanipuleerde Volkswagen-motor \u2018blind\u2019 ingebouwd?<\/strong><\/h3>\n\n\n\n<p>Op basis van de argumentatie twijfelde de Senaat er niet aan dat instanties en\/of vertegenwoordigers bij Audi ook kennis hadden van de motoren met gemanipuleerde emissies. Ze namen de fundamentele strategische beslissing om motoren te installeren die door het moederbedrijf werden geproduceerd. De voertuigen met dit gebrek werden in het verkeer gebracht door de Federal Motor Transport Authority te misleiden.<\/p>\n\n\n\n<p>De motor is het hart van het voertuig. Bovendien is het gebruik van ongeoorloofde <a href=\"https:\/\/ru.law\/nl\/zykluserkennung-thermofenster-co\/\">uitschakelapparaat<\/a> een fundamentele strategische beslissing die betrekking heeft op een groot aantal voertuigen. Dit brengt aanzienlijke persoonlijke aansprakelijkheidsrisico&#039;s voor de besluitvormers met zich mee. Het belang van wettelijke limieten is ook cruciaal voor de bedrijfsactiviteiten van een autofabrikant. Uiteindelijk moeten deze technisch en economisch haalbaar en kosteneffectief zijn.<\/p>\n\n\n\n<p>Audi AG gaf tijdens de rechtszaak toe dat het zelf ook dieselmotoren ontwikkelt. Zij waren ge\u00efnteresseerd in de manier waarop het moederbedrijf, Volkswagen AG, erin slaagde om aan de strenge limieten te voldoen. De Senaat achtte het onmogelijk dat Audi de door Volkswagen ontwikkelde motor \u2018blind\u2019 in zijn eigen voertuigen had ingebouwd zonder zelf tests uit te voeren en verzekerde vervolgens de EG-typegoedkeuringsinstantie dat deze aan de grenswaarden had voldaan.<\/p>\n\n\n\n<h3 class=\"wp-block-heading\" id=\"h-manipulations-software-flachendeckend-in-unzahligen-audi-fahrzeugen-eingesetzt\"><strong>Manipulatiesoftware die op grote schaal wordt gebruikt in talloze Audi-voertuigen<\/strong>.<\/h3>\n\n\n\n<p>Het is duidelijk dat er minstens \u00e9\u00e9n waarnemend vertegenwoordiger van Audi betrokken was bij de beslissing over het gebruik van het manipulatie-instrument. De manipulatiesoftware wordt op grote schaal gebruikt in talloze voertuigen.<\/p>\n\n\n\n<p>De motor is het hart van een motorvoertuig. De fabrikant moet een eigen verklaring over de motor indienen bij de Bundesautorit\u00e4tsautorit\u00e4t als EG-typegoedkeuringsinstantie. De motor had dus door Audi AG gecontroleerd moeten worden op wettelijke conformiteit.<\/p>\n\n\n\n<p>Audi mocht zich niet uitsluitend baseren op de operationele technische ervaring van haar moedermaatschappij Volkswagen AG en de door haar uitgevoerde tests (zie ook het arrest van het Oberlandesgericht M\u00fcnchen van 8 juni 2020, zaaknr. 21 U 4760\/19).<\/p>\n\n\n\n<section class=\"wp-block-uagb-columns uagb-columns__wrap uagb-columns__background-undefined uagb-columns__stack-mobile uagb-columns__valign-undefined uagb-columns__gap-10 alignundefined uagb-block-a63b8d4d contrast blog_beitraege\"><div class=\"uagb-columns__overlay\"><\/div><div class=\"uagb-columns__inner-wrap uagb-columns__columns-1\">\n<div class=\"wp-block-uagb-column uagb-column__wrap uagb-column__background-undefined uagb-block-6e00ddba\"><div class=\"uagb-column__overlay\"><\/div><div class=\"uagb-column__inner-wrap\">\n<h3 class=\"wp-block-heading\" id=\"das-konnte-sie-auch-interessieren\">Misschien bent u ook ge\u00efnteresseerd in:<\/h3>\n\n\n\n\t\t\t<div class=\"wp-block-uagb-post-grid uagb-post-grid  uagb-post__image-position-top uagb-post__image-enabled uagb-block-ff875f2e     uagb-post__items uagb-post__columns-3 is-grid uagb-post__columns-tablet-2 uagb-post__columns-mobile-1 uagb-post__equal-height\" data-total=\"3\" style=\"\">\n\n\t\t\t\t\t\t\t\t\t\t\t\t<article class=\"uagb-post__inner-wrap\">\t\t\t\t\t\t\t\t<div class='uagb-post__image'>\n\t\t\t\t\t\t\t\t\t<a href=\"https:\/\/ru.law\/nl\/diesel-ueberholt-benzinpreis-jetzt-erst-recht\/\" target=\"_self\" rel=\"bookmark noopener noreferrer\" class='uagb-image-ratio-inherit'><img loading=\"lazy\" decoding=\"async\" width=\"1024\" height=\"576\" src=\"https:\/\/ru.law\/wp-content\/uploads\/2022\/03\/2021-News-Header-1200x675-2972-1024x576.jpg\" class=\"attachment-large size-large\" alt=\"Rogert-Ulbrich-Rechtsanwaelte-Kanzlei-Diesel-Benzin-Preise\" srcset=\"https:\/\/ru.law\/wp-content\/uploads\/2022\/03\/2021-News-Header-1200x675-2972-1024x576.jpg 1024w, https:\/\/ru.law\/wp-content\/uploads\/2022\/03\/2021-News-Header-1200x675-2972-300x169.jpg 300w, https:\/\/ru.law\/wp-content\/uploads\/2022\/03\/2021-News-Header-1200x675-2972-768x432.jpg 768w, https:\/\/ru.law\/wp-content\/uploads\/2022\/03\/2021-News-Header-1200x675-2972.jpg 1200w\" sizes=\"auto, (max-width: 1024px) 100vw, 1024px\" \/>\t\t\t\t\t<\/a>\n\t\t\t\t\t\t\t<\/div>\n\t\t\t\t\t\t<h4 class=\"uagb-post__title uagb-post__text\">\n\t\t\t\t<a href=\"https:\/\/ru.law\/nl\/diesel-ueberholt-benzinpreis-jetzt-erst-recht\/\" target=\"_self\" rel=\"bookmark noopener noreferrer\">Recordprijzen voor diesel - Nu is het moment om uw auto terug te draaien<\/a>\n\t\t\t<\/h4>\n\t\t\t\t\t\t<div class='uagb-post__text uagb-post-grid-byline'>\n\t\t\t\t\t\t\t<\/div>\n\t\t\t\t\t\t\t<div class='uagb-post__text uagb-post__excerpt'>\n\t\t\t\t\t<p>Diesel staat in Duitsland op recordhoogte en ook benzine nadert een\u2026\t\t\t\t<\/div>\n\t\t\t\t\t\t<div class=\"uagb-post__text uagb-post__cta wp-block-button\">\n\t\t\t\t<a class=\"wp-block-button__link uagb-text-link\" style=\"\" href=\"https:\/\/ru.law\/nl\/diesel-ueberholt-benzinpreis-jetzt-erst-recht\/\" target=\"_self\" rel=\"bookmark noopener noreferrer\">Lees meer<\/a>\n\t\t\t<\/div>\n\t\t\t\n\t\t\t\t\t\t\t\t<a class=\"uagb-post__link-complete-box\" href=\"https:\/\/ru.law\/nl\/diesel-ueberholt-benzinpreis-jetzt-erst-recht\/\" target=\"_self\" rel=\"bookmark noopener noreferrer\"><\/a>\n\t\t\t\t\t\t\t<\/article>\n\t\t\t\t\t\t\t\t\t\t\t\t\t\t\t\t<article class=\"uagb-post__inner-wrap\">\t\t\t\t\t\t\t\t<div class='uagb-post__image'>\n\t\t\t\t\t\t\t\t\t<a href=\"https:\/\/ru.law\/nl\/vtdi-abgasskandal-rund-um-vw-audi-und-porsche\/\" target=\"_self\" rel=\"bookmark noopener noreferrer\" class='uagb-image-ratio-inherit'><img loading=\"lazy\" decoding=\"async\" width=\"1024\" height=\"576\" src=\"https:\/\/ru.law\/wp-content\/uploads\/2022\/01\/Rogert-Ulbrich-Rechtsanwaelte-Kanzlei-Abgasskandal-Audi-Verjaehrung-2022-1024x576.jpg\" class=\"attachment-large size-large\" alt=\"\" srcset=\"https:\/\/ru.law\/wp-content\/uploads\/2022\/01\/Rogert-Ulbrich-Rechtsanwaelte-Kanzlei-Abgasskandal-Audi-Verjaehrung-2022-1024x576.jpg 1024w, https:\/\/ru.law\/wp-content\/uploads\/2022\/01\/Rogert-Ulbrich-Rechtsanwaelte-Kanzlei-Abgasskandal-Audi-Verjaehrung-2022-300x169.jpg 300w, https:\/\/ru.law\/wp-content\/uploads\/2022\/01\/Rogert-Ulbrich-Rechtsanwaelte-Kanzlei-Abgasskandal-Audi-Verjaehrung-2022-768x432.jpg 768w, https:\/\/ru.law\/wp-content\/uploads\/2022\/01\/Rogert-Ulbrich-Rechtsanwaelte-Kanzlei-Abgasskandal-Audi-Verjaehrung-2022.jpg 1200w\" sizes=\"auto, (max-width: 1024px) 100vw, 1024px\" \/>\t\t\t\t\t<\/a>\n\t\t\t\t\t\t\t<\/div>\n\t\t\t\t\t\t<h4 class=\"uagb-post__title uagb-post__text\">\n\t\t\t\t<a href=\"https:\/\/ru.law\/nl\/vtdi-abgasskandal-rund-um-vw-audi-und-porsche\/\" target=\"_self\" rel=\"bookmark noopener noreferrer\">VTDI-emissieschandaal waarbij VW, Audi en Porsche betrokken zijn<\/a>\n\t\t\t<\/h4>\n\t\t\t\t\t\t<div class='uagb-post__text uagb-post-grid-byline'>\n\t\t\t\t\t\t\t<\/div>\n\t\t\t\t\t\t\t<div class='uagb-post__text uagb-post__excerpt'>\n\t\t\t\t\t<p>Voor veel Duitse autofabrikanten is het dieselemissieschandaal nog steeds alomtegenwoordig, ook voor de VW Groep\u2026\t\t\t\t<\/div>\n\t\t\t\t\t\t<div class=\"uagb-post__text uagb-post__cta wp-block-button\">\n\t\t\t\t<a class=\"wp-block-button__link uagb-text-link\" style=\"\" href=\"https:\/\/ru.law\/nl\/vtdi-abgasskandal-rund-um-vw-audi-und-porsche\/\" target=\"_self\" rel=\"bookmark noopener noreferrer\">Lees meer<\/a>\n\t\t\t<\/div>\n\t\t\t\n\t\t\t\t\t\t\t\t<a class=\"uagb-post__link-complete-box\" href=\"https:\/\/ru.law\/nl\/vtdi-abgasskandal-rund-um-vw-audi-und-porsche\/\" target=\"_self\" rel=\"bookmark noopener noreferrer\"><\/a>\n\t\t\t\t\t\t\t<\/article>\n\t\t\t\t\t\t\t\t\t\t\t\t\t\t\t\t<article class=\"uagb-post__inner-wrap\">\t\t\t\t\t\t\t\t<div class='uagb-post__image'>\n\t\t\t\t\t\t\t\t\t<a href=\"https:\/\/ru.law\/nl\/olg-koeln-verurteilt-audi-ag\/\" target=\"_self\" rel=\"bookmark noopener noreferrer\" class='uagb-image-ratio-inherit'><img loading=\"lazy\" decoding=\"async\" width=\"1024\" height=\"576\" src=\"https:\/\/ru.law\/wp-content\/uploads\/2021\/09\/rogert-ulbrich-rechtsanwalt-kanzlei-abgasskandal-premium-modelle-porsche-42l-1024x576.jpg\" class=\"attachment-large size-large\" alt=\"\" srcset=\"https:\/\/ru.law\/wp-content\/uploads\/2021\/09\/rogert-ulbrich-rechtsanwalt-kanzlei-abgasskandal-premium-modelle-porsche-42l-1024x576.jpg 1024w, https:\/\/ru.law\/wp-content\/uploads\/2021\/09\/rogert-ulbrich-rechtsanwalt-kanzlei-abgasskandal-premium-modelle-porsche-42l-300x169.jpg 300w, https:\/\/ru.law\/wp-content\/uploads\/2021\/09\/rogert-ulbrich-rechtsanwalt-kanzlei-abgasskandal-premium-modelle-porsche-42l-768x432.jpg 768w, https:\/\/ru.law\/wp-content\/uploads\/2021\/09\/rogert-ulbrich-rechtsanwalt-kanzlei-abgasskandal-premium-modelle-porsche-42l.jpg 1200w\" sizes=\"auto, (max-width: 1024px) 100vw, 1024px\" \/>\t\t\t\t\t<\/a>\n\t\t\t\t\t\t\t<\/div>\n\t\t\t\t\t\t<h4 class=\"uagb-post__title uagb-post__text\">\n\t\t\t\t<a href=\"https:\/\/ru.law\/nl\/olg-koeln-verurteilt-audi-ag\/\" target=\"_self\" rel=\"bookmark noopener noreferrer\">Audi AG moet Porsche Cayenne S terugnemen<\/a>\n\t\t\t<\/h4>\n\t\t\t\t\t\t<div class='uagb-post__text uagb-post-grid-byline'>\n\t\t\t\t\t\t\t<\/div>\n\t\t\t\t\t\t\t<div class='uagb-post__text uagb-post__excerpt'>\n\t\t\t\t\t<p>Audi AG kreeg van het Oberlandesgericht Keulen de opdracht een Porsche Cayenne S 4.2l terug te nemen\u2026.\t\t\t\t<\/div>\n\t\t\t\t\t\t<div class=\"uagb-post__text uagb-post__cta wp-block-button\">\n\t\t\t\t<a class=\"wp-block-button__link uagb-text-link\" style=\"\" href=\"https:\/\/ru.law\/nl\/olg-koeln-verurteilt-audi-ag\/\" target=\"_self\" rel=\"bookmark noopener noreferrer\">Lees meer<\/a>\n\t\t\t<\/div>\n\t\t\t\n\t\t\t\t\t\t\t\t<a class=\"uagb-post__link-complete-box\" href=\"https:\/\/ru.law\/nl\/olg-koeln-verurteilt-audi-ag\/\" target=\"_self\" rel=\"bookmark noopener noreferrer\"><\/a>\n\t\t\t\t\t\t\t<\/article>\n\t\t\t\t\t\t\t\t\t\t\t<\/div>\n\t\t\t\n\n\n<p><\/p>\n<\/div><\/div>\n<\/div><\/section>","protected":false},"excerpt":{"rendered":"<p>21.000+ EUR Schadensersatz f\u00fcr den Fahrzeug-Halter. Unsere Kanzlei konnte am OLG M\u00fcnchen einen gro\u00dfen Erfolg erringen und Audi f\u00fcr den Einbau eines von der Volkswagen [&hellip;]<\/p>\n","protected":false},"author":21,"featured_media":12346,"comment_status":"closed","ping_status":"open","sticky":false,"template":"","format":"standard","meta":{"_uag_custom_page_level_css":"","site-sidebar-layout":"default","site-content-layout":"default","ast-site-content-layout":"default","site-content-style":"default","site-sidebar-style":"default","ast-global-header-display":"","ast-banner-title-visibility":"","ast-main-header-display":"","ast-hfb-above-header-display":"","ast-hfb-below-header-display":"","ast-hfb-mobile-header-display":"","site-post-title":"","ast-breadcrumbs-content":"","ast-featured-img":"","footer-sml-layout":"","ast-disable-related-posts":"","theme-transparent-header-meta":"default","adv-header-id-meta":"","stick-header-meta":"","header-above-stick-meta":"","header-main-stick-meta":"","header-below-stick-meta":"","astra-migrate-meta-layouts":"default","ast-page-background-enabled":"default","ast-page-background-meta":{"desktop":{"background-color":"","background-image":"","background-repeat":"repeat","background-position":"center center","background-size":"auto","background-attachment":"scroll","background-type":"","background-media":"","overlay-type":"","overlay-color":"","overlay-opacity":"","overlay-gradient":""},"tablet":{"background-color":"","background-image":"","background-repeat":"repeat","background-position":"center center","background-size":"auto","background-attachment":"scroll","background-type":"","background-media":"","overlay-type":"","overlay-color":"","overlay-opacity":"","overlay-gradient":""},"mobile":{"background-color":"","background-image":"","background-repeat":"repeat","background-position":"center center","background-size":"auto","background-attachment":"scroll","background-type":"","background-media":"","overlay-type":"","overlay-color":"","overlay-opacity":"","overlay-gradient":""}},"ast-content-background-meta":{"desktop":{"background-color":"var(--ast-global-color-5)","background-image":"","background-repeat":"repeat","background-position":"center center","background-size":"auto","background-attachment":"scroll","background-type":"","background-media":"","overlay-type":"","overlay-color":"","overlay-opacity":"","overlay-gradient":""},"tablet":{"background-color":"var(--ast-global-color-5)","background-image":"","background-repeat":"repeat","background-position":"center center","background-size":"auto","background-attachment":"scroll","background-type":"","background-media":"","overlay-type":"","overlay-color":"","overlay-opacity":"","overlay-gradient":""},"mobile":{"background-color":"var(--ast-global-color-5)","background-image":"","background-repeat":"repeat","background-position":"center center","background-size":"auto","background-attachment":"scroll","background-type":"","background-media":"","overlay-type":"","overlay-color":"","overlay-opacity":"","overlay-gradient":""}},"footnotes":""},"categories":[2,507],"tags":[9,45],"class_list":["post-12345","post","type-post","status-publish","format-standard","has-post-thumbnail","hentry","category-abgasskandal","category-urteile","tag-audi","tag-vw"],"yoast_head":"<!-- This site is optimized with the Yoast SEO Premium plugin v27.4 (Yoast SEO v27.4) - https:\/\/yoast.com\/product\/yoast-seo-premium-wordpress\/ -->\n<title>Audi haftet auch f\u00fcr manipilierte Volkswagen Motoren! - R&amp;U<\/title>\n<meta name=\"description\" content=\"Das OLG M\u00fcnchen verurteilte die Audi AG zur Zahlung von 21.600 Euro Schadensersatz und R\u00fccknahme des Wagens. Erfahren Sie mehr!\" \/>\n<meta name=\"robots\" content=\"index, follow, max-snippet:-1, max-image-preview:large, max-video-preview:-1\" \/>\n<link rel=\"canonical\" href=\"https:\/\/ru.law\/nl\/audi-haftet-fuer-volkswagen-motoren\/\" \/>\n<meta property=\"og:locale\" content=\"nl_NL\" \/>\n<meta property=\"og:type\" content=\"article\" \/>\n<meta property=\"og:title\" content=\"OLG M\u00fcnchen: Audi haftet auch f\u00fcr manipulierte Motoren von Volkswagen\" \/>\n<meta property=\"og:description\" content=\"Das OLG M\u00fcnchen verurteilte die Audi AG zur Zahlung von 21.600 Euro Schadensersatz und R\u00fccknahme des Wagens. Erfahren Sie mehr!\" \/>\n<meta property=\"og:url\" content=\"https:\/\/ru.law\/nl\/audi-haftet-fuer-volkswagen-motoren\/\" \/>\n<meta property=\"og:site_name\" content=\"R&amp;U\" \/>\n<meta property=\"article:publisher\" content=\"https:\/\/www.facebook.com\/RogertUlbrich\/\" \/>\n<meta property=\"article:published_time\" content=\"2020-12-01T12:47:20+00:00\" \/>\n<meta property=\"article:modified_time\" content=\"2024-07-08T11:12:43+00:00\" \/>\n<meta property=\"og:image\" content=\"https:\/\/ru.law\/wp-content\/uploads\/2020\/12\/audi-a4-mit-vw-motor.jpg\" \/>\n\t<meta property=\"og:image:width\" content=\"1200\" \/>\n\t<meta property=\"og:image:height\" content=\"677\" \/>\n\t<meta property=\"og:image:type\" content=\"image\/jpeg\" \/>\n<meta name=\"author\" content=\"Marco Rogert\" \/>\n<meta name=\"twitter:card\" content=\"summary_large_image\" \/>\n<meta name=\"twitter:creator\" content=\"@RogertUlbrich\" \/>\n<meta name=\"twitter:site\" content=\"@RogertUlbrich\" \/>\n<script type=\"application\/ld+json\" class=\"yoast-schema-graph\">{\"@context\":\"https:\\\/\\\/schema.org\",\"@graph\":[{\"@type\":\"Article\",\"@id\":\"https:\\\/\\\/ru.law\\\/audi-haftet-fuer-volkswagen-motoren\\\/#article\",\"isPartOf\":{\"@id\":\"https:\\\/\\\/ru.law\\\/audi-haftet-fuer-volkswagen-motoren\\\/\"},\"author\":{\"name\":\"Marco Rogert\",\"@id\":\"https:\\\/\\\/ru.law\\\/#\\\/schema\\\/person\\\/b020d506e6bbc471b4565d3a98173b87\"},\"headline\":\"OLG M\u00fcnchen: Audi haftet auch f\u00fcr manipulierte Motoren von Volkswagen\",\"datePublished\":\"2020-12-01T12:47:20+00:00\",\"dateModified\":\"2024-07-08T11:12:43+00:00\",\"mainEntityOfPage\":{\"@id\":\"https:\\\/\\\/ru.law\\\/audi-haftet-fuer-volkswagen-motoren\\\/\"},\"wordCount\":437,\"publisher\":{\"@id\":\"https:\\\/\\\/ru.law\\\/#organization\"},\"image\":{\"@id\":\"https:\\\/\\\/ru.law\\\/audi-haftet-fuer-volkswagen-motoren\\\/#primaryimage\"},\"thumbnailUrl\":\"https:\\\/\\\/ru.law\\\/wp-content\\\/uploads\\\/2020\\\/12\\\/audi-a4-mit-vw-motor.jpg\",\"keywords\":[\"Audi\",\"VW\"],\"articleSection\":[\"Abgasskandal\",\"Urteile\"],\"inLanguage\":\"nl-NL\"},{\"@type\":\"WebPage\",\"@id\":\"https:\\\/\\\/ru.law\\\/audi-haftet-fuer-volkswagen-motoren\\\/\",\"url\":\"https:\\\/\\\/ru.law\\\/audi-haftet-fuer-volkswagen-motoren\\\/\",\"name\":\"Audi haftet auch f\u00fcr manipilierte Volkswagen Motoren! - R&amp;U\",\"isPartOf\":{\"@id\":\"https:\\\/\\\/ru.law\\\/#website\"},\"primaryImageOfPage\":{\"@id\":\"https:\\\/\\\/ru.law\\\/audi-haftet-fuer-volkswagen-motoren\\\/#primaryimage\"},\"image\":{\"@id\":\"https:\\\/\\\/ru.law\\\/audi-haftet-fuer-volkswagen-motoren\\\/#primaryimage\"},\"thumbnailUrl\":\"https:\\\/\\\/ru.law\\\/wp-content\\\/uploads\\\/2020\\\/12\\\/audi-a4-mit-vw-motor.jpg\",\"datePublished\":\"2020-12-01T12:47:20+00:00\",\"dateModified\":\"2024-07-08T11:12:43+00:00\",\"description\":\"Das OLG M\u00fcnchen verurteilte die Audi AG zur Zahlung von 21.600 Euro Schadensersatz und R\u00fccknahme des Wagens. Erfahren Sie mehr!\",\"breadcrumb\":{\"@id\":\"https:\\\/\\\/ru.law\\\/audi-haftet-fuer-volkswagen-motoren\\\/#breadcrumb\"},\"inLanguage\":\"nl-NL\",\"potentialAction\":[{\"@type\":\"ReadAction\",\"target\":[\"https:\\\/\\\/ru.law\\\/audi-haftet-fuer-volkswagen-motoren\\\/\"]}]},{\"@type\":\"ImageObject\",\"inLanguage\":\"nl-NL\",\"@id\":\"https:\\\/\\\/ru.law\\\/audi-haftet-fuer-volkswagen-motoren\\\/#primaryimage\",\"url\":\"https:\\\/\\\/ru.law\\\/wp-content\\\/uploads\\\/2020\\\/12\\\/audi-a4-mit-vw-motor.jpg\",\"contentUrl\":\"https:\\\/\\\/ru.law\\\/wp-content\\\/uploads\\\/2020\\\/12\\\/audi-a4-mit-vw-motor.jpg\",\"width\":1200,\"height\":677,\"caption\":\"Audi A4 mit VW Motor\"},{\"@type\":\"BreadcrumbList\",\"@id\":\"https:\\\/\\\/ru.law\\\/audi-haftet-fuer-volkswagen-motoren\\\/#breadcrumb\",\"itemListElement\":[{\"@type\":\"ListItem\",\"position\":1,\"name\":\"Startseite\",\"item\":\"https:\\\/\\\/ru.law\\\/\"},{\"@type\":\"ListItem\",\"position\":2,\"name\":\"OLG M\u00fcnchen: Audi haftet auch f\u00fcr manipulierte Motoren von Volkswagen\"}]},{\"@type\":\"WebSite\",\"@id\":\"https:\\\/\\\/ru.law\\\/#website\",\"url\":\"https:\\\/\\\/ru.law\\\/\",\"name\":\"R&U\",\"description\":\"Verbraucheranw\u00e4lte\",\"publisher\":{\"@id\":\"https:\\\/\\\/ru.law\\\/#organization\"},\"alternateName\":\"Rogert & Ulbrich\",\"potentialAction\":[{\"@type\":\"SearchAction\",\"target\":{\"@type\":\"EntryPoint\",\"urlTemplate\":\"https:\\\/\\\/ru.law\\\/?s={search_term_string}\"},\"query-input\":{\"@type\":\"PropertyValueSpecification\",\"valueRequired\":true,\"valueName\":\"search_term_string\"}}],\"inLanguage\":\"nl-NL\"},{\"@type\":\"Organization\",\"@id\":\"https:\\\/\\\/ru.law\\\/#organization\",\"name\":\"Kanzlei Rogert & Ulbrich\",\"url\":\"https:\\\/\\\/ru.law\\\/\",\"logo\":{\"@type\":\"ImageObject\",\"inLanguage\":\"nl-NL\",\"@id\":\"https:\\\/\\\/ru.law\\\/#\\\/schema\\\/logo\\\/image\\\/\",\"url\":\"https:\\\/\\\/ru.law\\\/wp-content\\\/uploads\\\/2020\\\/12\\\/logo-ru-law.svg\",\"contentUrl\":\"https:\\\/\\\/ru.law\\\/wp-content\\\/uploads\\\/2020\\\/12\\\/logo-ru-law.svg\",\"width\":992,\"height\":259,\"caption\":\"Kanzlei Rogert & Ulbrich\"},\"image\":{\"@id\":\"https:\\\/\\\/ru.law\\\/#\\\/schema\\\/logo\\\/image\\\/\"},\"sameAs\":[\"https:\\\/\\\/www.facebook.com\\\/RogertUlbrich\\\/\",\"https:\\\/\\\/x.com\\\/RogertUlbrich\",\"https:\\\/\\\/www.instagram.com\\\/rogertulbrich\\\/\",\"https:\\\/\\\/www.linkedin.com\\\/company\\\/rogert-ulbrich\\\/\",\"https:\\\/\\\/www.youtube.com\\\/channel\\\/UCganCgpvwpPFqMFf1vVmG2A\"]},{\"@type\":\"Person\",\"@id\":\"https:\\\/\\\/ru.law\\\/#\\\/schema\\\/person\\\/b020d506e6bbc471b4565d3a98173b87\",\"name\":\"Marco Rogert\",\"url\":\"https:\\\/\\\/ru.law\\\/nl\\\/author\\\/rogertru-law\\\/\"}]}<\/script>\n<!-- \/ Yoast SEO Premium plugin. -->","yoast_head_json":{"title":"Audi haftet auch f\u00fcr manipilierte Volkswagen Motoren! - R&amp;U","description":"Das OLG M\u00fcnchen verurteilte die Audi AG zur Zahlung von 21.600 Euro Schadensersatz und R\u00fccknahme des Wagens. Erfahren Sie mehr!","robots":{"index":"index","follow":"follow","max-snippet":"max-snippet:-1","max-image-preview":"max-image-preview:large","max-video-preview":"max-video-preview:-1"},"canonical":"https:\/\/ru.law\/nl\/audi-haftet-fuer-volkswagen-motoren\/","og_locale":"nl_NL","og_type":"article","og_title":"OLG M\u00fcnchen: Audi haftet auch f\u00fcr manipulierte Motoren von Volkswagen","og_description":"Das OLG M\u00fcnchen verurteilte die Audi AG zur Zahlung von 21.600 Euro Schadensersatz und R\u00fccknahme des Wagens. Erfahren Sie mehr!","og_url":"https:\/\/ru.law\/nl\/audi-haftet-fuer-volkswagen-motoren\/","og_site_name":"R&amp;U","article_publisher":"https:\/\/www.facebook.com\/RogertUlbrich\/","article_published_time":"2020-12-01T12:47:20+00:00","article_modified_time":"2024-07-08T11:12:43+00:00","og_image":[{"width":1200,"height":677,"url":"https:\/\/ru.law\/wp-content\/uploads\/2020\/12\/audi-a4-mit-vw-motor.jpg","type":"image\/jpeg"}],"author":"Marco Rogert","twitter_card":"summary_large_image","twitter_creator":"@RogertUlbrich","twitter_site":"@RogertUlbrich","schema":{"@context":"https:\/\/schema.org","@graph":[{"@type":"Article","@id":"https:\/\/ru.law\/audi-haftet-fuer-volkswagen-motoren\/#article","isPartOf":{"@id":"https:\/\/ru.law\/audi-haftet-fuer-volkswagen-motoren\/"},"author":{"name":"Marco Rogert","@id":"https:\/\/ru.law\/#\/schema\/person\/b020d506e6bbc471b4565d3a98173b87"},"headline":"OLG M\u00fcnchen: Audi haftet auch f\u00fcr manipulierte Motoren von Volkswagen","datePublished":"2020-12-01T12:47:20+00:00","dateModified":"2024-07-08T11:12:43+00:00","mainEntityOfPage":{"@id":"https:\/\/ru.law\/audi-haftet-fuer-volkswagen-motoren\/"},"wordCount":437,"publisher":{"@id":"https:\/\/ru.law\/#organization"},"image":{"@id":"https:\/\/ru.law\/audi-haftet-fuer-volkswagen-motoren\/#primaryimage"},"thumbnailUrl":"https:\/\/ru.law\/wp-content\/uploads\/2020\/12\/audi-a4-mit-vw-motor.jpg","keywords":["Audi","VW"],"articleSection":["Abgasskandal","Urteile"],"inLanguage":"nl-NL"},{"@type":"WebPage","@id":"https:\/\/ru.law\/audi-haftet-fuer-volkswagen-motoren\/","url":"https:\/\/ru.law\/audi-haftet-fuer-volkswagen-motoren\/","name":"Audi haftet auch f\u00fcr manipilierte Volkswagen Motoren! - R&amp;U","isPartOf":{"@id":"https:\/\/ru.law\/#website"},"primaryImageOfPage":{"@id":"https:\/\/ru.law\/audi-haftet-fuer-volkswagen-motoren\/#primaryimage"},"image":{"@id":"https:\/\/ru.law\/audi-haftet-fuer-volkswagen-motoren\/#primaryimage"},"thumbnailUrl":"https:\/\/ru.law\/wp-content\/uploads\/2020\/12\/audi-a4-mit-vw-motor.jpg","datePublished":"2020-12-01T12:47:20+00:00","dateModified":"2024-07-08T11:12:43+00:00","description":"Das OLG M\u00fcnchen verurteilte die Audi AG zur Zahlung von 21.600 Euro Schadensersatz und R\u00fccknahme des Wagens. Erfahren Sie mehr!","breadcrumb":{"@id":"https:\/\/ru.law\/audi-haftet-fuer-volkswagen-motoren\/#breadcrumb"},"inLanguage":"nl-NL","potentialAction":[{"@type":"ReadAction","target":["https:\/\/ru.law\/audi-haftet-fuer-volkswagen-motoren\/"]}]},{"@type":"ImageObject","inLanguage":"nl-NL","@id":"https:\/\/ru.law\/audi-haftet-fuer-volkswagen-motoren\/#primaryimage","url":"https:\/\/ru.law\/wp-content\/uploads\/2020\/12\/audi-a4-mit-vw-motor.jpg","contentUrl":"https:\/\/ru.law\/wp-content\/uploads\/2020\/12\/audi-a4-mit-vw-motor.jpg","width":1200,"height":677,"caption":"Audi A4 mit VW Motor"},{"@type":"BreadcrumbList","@id":"https:\/\/ru.law\/audi-haftet-fuer-volkswagen-motoren\/#breadcrumb","itemListElement":[{"@type":"ListItem","position":1,"name":"Startseite","item":"https:\/\/ru.law\/"},{"@type":"ListItem","position":2,"name":"OLG M\u00fcnchen: Audi haftet auch f\u00fcr manipulierte Motoren von Volkswagen"}]},{"@type":"WebSite","@id":"https:\/\/ru.law\/#website","url":"https:\/\/ru.law\/","name":"R&amp;U","description":"Consumentenadvocaten","publisher":{"@id":"https:\/\/ru.law\/#organization"},"alternateName":"Rogert & Ulbrich","potentialAction":[{"@type":"SearchAction","target":{"@type":"EntryPoint","urlTemplate":"https:\/\/ru.law\/?s={search_term_string}"},"query-input":{"@type":"PropertyValueSpecification","valueRequired":true,"valueName":"search_term_string"}}],"inLanguage":"nl-NL"},{"@type":"Organization","@id":"https:\/\/ru.law\/#organization","name":"Advocatenkantoor Rogert &amp; Ulbrich","url":"https:\/\/ru.law\/","logo":{"@type":"ImageObject","inLanguage":"nl-NL","@id":"https:\/\/ru.law\/#\/schema\/logo\/image\/","url":"https:\/\/ru.law\/wp-content\/uploads\/2020\/12\/logo-ru-law.svg","contentUrl":"https:\/\/ru.law\/wp-content\/uploads\/2020\/12\/logo-ru-law.svg","width":992,"height":259,"caption":"Kanzlei Rogert & Ulbrich"},"image":{"@id":"https:\/\/ru.law\/#\/schema\/logo\/image\/"},"sameAs":["https:\/\/www.facebook.com\/RogertUlbrich\/","https:\/\/x.com\/RogertUlbrich","https:\/\/www.instagram.com\/rogertulbrich\/","https:\/\/www.linkedin.com\/company\/rogert-ulbrich\/","https:\/\/www.youtube.com\/channel\/UCganCgpvwpPFqMFf1vVmG2A"]},{"@type":"Person","@id":"https:\/\/ru.law\/#\/schema\/person\/b020d506e6bbc471b4565d3a98173b87","name":"Marco Rogert","url":"https:\/\/ru.law\/nl\/author\/rogertru-law\/"}]}},"uagb_featured_image_src":{"full":["https:\/\/ru.law\/wp-content\/uploads\/2020\/12\/audi-a4-mit-vw-motor.jpg",1200,677,false],"thumbnail":["https:\/\/ru.law\/wp-content\/uploads\/2020\/12\/audi-a4-mit-vw-motor-150x150.jpg",96,96,true],"medium":["https:\/\/ru.law\/wp-content\/uploads\/2020\/12\/audi-a4-mit-vw-motor-300x169.jpg",300,169,true],"medium_large":["https:\/\/ru.law\/wp-content\/uploads\/2020\/12\/audi-a4-mit-vw-motor-768x433.jpg",768,433,true],"large":["https:\/\/ru.law\/wp-content\/uploads\/2020\/12\/audi-a4-mit-vw-motor-1024x578.jpg",1024,578,true],"1536x1536":["https:\/\/ru.law\/wp-content\/uploads\/2020\/12\/audi-a4-mit-vw-motor.jpg",1200,677,false],"2048x2048":["https:\/\/ru.law\/wp-content\/uploads\/2020\/12\/audi-a4-mit-vw-motor.jpg",1200,677,false],"trp-custom-language-flag":["https:\/\/ru.law\/wp-content\/uploads\/2020\/12\/audi-a4-mit-vw-motor.jpg",18,10,false]},"uagb_author_info":{"display_name":"Marco Rogert","author_link":"https:\/\/ru.law\/nl\/author\/rogertru-law\/"},"uagb_comment_info":0,"uagb_excerpt":"21.000+ EUR Schadensersatz f\u00fcr den Fahrzeug-Halter. Unsere Kanzlei konnte am OLG M\u00fcnchen einen gro\u00dfen Erfolg erringen und Audi f\u00fcr den Einbau eines von der Volkswagen [&hellip;]","_links":{"self":[{"href":"https:\/\/ru.law\/nl\/wp-json\/wp\/v2\/posts\/12345","targetHints":{"allow":["GET"]}}],"collection":[{"href":"https:\/\/ru.law\/nl\/wp-json\/wp\/v2\/posts"}],"about":[{"href":"https:\/\/ru.law\/nl\/wp-json\/wp\/v2\/types\/post"}],"author":[{"embeddable":true,"href":"https:\/\/ru.law\/nl\/wp-json\/wp\/v2\/users\/21"}],"replies":[{"embeddable":true,"href":"https:\/\/ru.law\/nl\/wp-json\/wp\/v2\/comments?post=12345"}],"version-history":[{"count":0,"href":"https:\/\/ru.law\/nl\/wp-json\/wp\/v2\/posts\/12345\/revisions"}],"wp:featuredmedia":[{"embeddable":true,"href":"https:\/\/ru.law\/nl\/wp-json\/wp\/v2\/media\/12346"}],"wp:attachment":[{"href":"https:\/\/ru.law\/nl\/wp-json\/wp\/v2\/media?parent=12345"}],"wp:term":[{"taxonomy":"category","embeddable":true,"href":"https:\/\/ru.law\/nl\/wp-json\/wp\/v2\/categories?post=12345"},{"taxonomy":"post_tag","embeddable":true,"href":"https:\/\/ru.law\/nl\/wp-json\/wp\/v2\/tags?post=12345"}],"curies":[{"name":"wp","href":"https:\/\/api.w.org\/{rel}","templated":true}]}}